{"id":1071,"date":"2012-02-19T21:29:29","date_gmt":"2012-02-19T19:29:29","guid":{"rendered":"http:\/\/www.manquepierda.com\/futbolandia\/?p=1071"},"modified":"2013-07-07T19:02:29","modified_gmt":"2013-07-07T17:02:29","slug":"la-copa-africa-al-detalle-la-gran-final-por-roberto-m-romero","status":"publish","type":"post","link":"https:\/\/www.manquepierda.com\/futbolandia\/la-copa-africa-al-detalle-la-gran-final-por-roberto-m-romero\/","title":{"rendered":"La Copa \u00c1frica al detalle: La gran final"},"content":{"rendered":"<p style=\"text-align: justify\">Durante estos d\u00edas hemos estado repasando todo lo que ha dado esta \u00faltima edici\u00f3n de la copa de \u00c1frica. Hoy, como colof\u00f3n y para terminar el serial de art\u00edculos del que estos d\u00edas hemos podido disfrutar, tenemos ante nosotros el an\u00e1lisis de la gran final del torneo. Una final que ha pasado a la historia gracias a un bloque de jugadores que, sin tener ninguna estrella destacada, puso en cada partido toda la garra e ilusi\u00f3n para imponerse ante los m\u00e1s grandes. Y es que, Zambia fue el h\u00e9roe encargado de derrotar a todos los colosos, primero fue Senegal, luego Ghana y por \u00faltimo, Costa de Marfil, en una final que pasar\u00e1 la historia como la revelaci\u00f3n del modesto. Sin m\u00e1s dilaciones, vamos ya con el partido.<\/p>\n<p style=\"text-align: justify\">La t\u00e1ctica y la posesi\u00f3n del bal\u00f3n fueron la nota predominante en una primera parte de much\u00edsimo tanteo. Ambos equipos atacaban pero sin dejar de defender, como si estuvieran m\u00e1s preocupados de no encajar que de adelantarse en el marcador. Las idas y venidas se iban sucediendo pero ninguno de los dos tomaba el control del partido. Cierto es que los costa marfile\u00f1os pon\u00edan m\u00e1s \u00edmpetu en sus ocasiones, pero tanto Mweene como Barry Copa no tuvieron demasiados problemas bajo los palos. La primera ocasi\u00f3n seria del partido la tuvo Sinkala a la salida de un c\u00f3rner, pero Copa se las apa\u00f1\u00f3 bien para despejar el bal\u00f3n aunque con alguna que otra dificultad. De nuevo, un rev\u00e9s se impuso en el camino de los Chipolopolos, ya que Joseph Musonda tuvo que retirarse lesionado al poco de empezar la 1\u00ba parte. El jugador abandon\u00f3 el campo entre l\u00e1grimas de impotencia, que horas m\u00e1s tarde se convertir\u00edan en l\u00e1grimas de la alegr\u00eda m\u00e1s absoluta, pero eso \u00e9l todav\u00eda no lo sab\u00eda. Posteriormente, los elefantes empezaron a crear las primeras ocasiones de peligro, pero se lleg\u00f3 al descanso con el marcador empatado a cero.<\/p>\n<div style=\"text-align: justify\">\n<figure style=\"width: 600px\" class=\"wp-caption aligncenter\"><img data-recalc-dims=\"1\" loading=\"lazy\" decoding=\"async\" alt=\"\" src=\"https:\/\/i0.wp.com\/euro.mediotiempo.com\/media\/2012\/02\/12\/zambia.jpg?resize=600%2C400\" width=\"600\" height=\"400\" \/><figcaption class=\"wp-caption-text\">Foto: Mediotiempo.net<\/figcaption><\/figure>\n<dl>\n<dt><\/dt>\n<dd><\/dd>\n<\/dl>\n<\/div>\n<p style=\"text-align: justify\">Algo similar fue el transcurso de la 2\u00ba mitad, aunque aqu\u00ed Zambia se lo empez\u00f3 a creer un poco m\u00e1s. Al igual que ante Ghana, el descanso le sirvi\u00f3 para soltar un poco toda la presi\u00f3n que llevaban encima y por momentos se vio superior a costa de Marfil. Mayuka y Katongo atra\u00edan toda la atenci\u00f3n de la defensa costa marfile\u00f1a, al igual que Drogba y Gervinho atra\u00edan la zambiana. Era un partido de 50%, en el que nadie se atrev\u00eda a dar una voz m\u00e1s alta que otra. Pero como siempre, los cracks aparecen cuando menos lo esperas, y una jugada de Gervinho en la que el \u00e1rbitro apunt\u00f3 al punto de penalti pudo cambiar el trancurso del partido. Drogba ten\u00eda ante si la posibilidad de adelantar a su equipo desde los 11 metros, y viendo la solidez defensiva de Costa de Marfil durante todo el torneo, en el que no hab\u00eda encajado ning\u00fan gol, podr\u00edamos haber hablado de un hecho casi definitivo. Pero el destino es caprichoso, y m\u00e1s a\u00fan con los grandes en los momentos claves. El delantero del Chelsea mand\u00f3 el bal\u00f3n a las nubes ante su incr\u00e9dula mirada, no se lo pod\u00eda creer, ni \u00e9l, ni sus compa\u00f1eros, ni mucho menos sus rivales. El l\u00edder indiscutible de esta selecci\u00f3n hab\u00eda desaprovechado la oportunidad m\u00e1s clara de hacer campe\u00f3n a su equipo, y con todo esto, se lleg\u00f3 al final de los 90 minutos.<\/p>\n<div style=\"text-align: justify\">\n<figure style=\"width: 600px\" class=\"wp-caption aligncenter\"><img data-recalc-dims=\"1\" loading=\"lazy\" decoding=\"async\" class=\" \" alt=\"\" src=\"https:\/\/i0.wp.com\/www.vavel.com\/files\/mayuka_220889063.jpg?resize=600%2C400\" width=\"600\" height=\"400\" \/><figcaption class=\"wp-caption-text\">Foto: Vavel.com<\/figcaption><\/figure>\n<dl>\n<dt><\/dt>\n<dd><\/dd>\n<\/dl>\n<\/div>\n<p style=\"text-align: justify\">\u00c1frica iba a quedar paralizada al menos media hora m\u00e1s, llegaba la pr\u00f3rroga. Esta no fue muy distinta del partido, fue una prorroga de mucho desgaste f\u00edsico y con pocas pinceladas t\u00e9cnicas, sin embargo Zambia iba a disponer de una gran ocasi\u00f3n para ponerse por delante por medio de Chris Katongo, pero el bal\u00f3n se fue al palo. Con esto se acaba tambi\u00e9n la pr\u00f3rroga, 120 minutos y ni un solo gol por parte de ambos, pero ahora s\u00ed, la tensi\u00f3n era m\u00e1s que nunca palpable en ambos. Y llegamos a los penaltis, ese momento donde los cracks y los jugadores de segundo nivel se nivelan para dar paso a la suerte, la suerte m\u00e1s bella para uno y la m\u00e1s tr\u00e1gica para los otros. De ella no vamos a hablar, es mejor que la ve\u00e1is con vuestros propios ojos porque si ya la loter\u00eda de los penaltis es algo maravilloso para los aficionados, esta lo fue aun m\u00e1s. La historia nos depar\u00f3 lo siguiente:<\/p>\n<p style=\"text-align: justify\"><\/p>\n<p style=\"text-align: justify\">Lo que ocurri\u00f3 posteriormente os lo pod\u00e9is imaginar, los festejos y celebraciones de los zambianos contradec\u00edan las caras de fracaso y amargura que mostraban los costa marfile\u00f1os. La historia esta vez fue justa con Zambia, justo en el lugar donde hac\u00eda 12 a\u00f1os un avi\u00f3n con integrantes del mismo combinado se estrell\u00f3 en el mar acabando con la vida de 18 jugadores del plantel. Los chicos de Herve Renard hab\u00edan hecho historia, convirtiendo al pa\u00eds m\u00e1s pobre en el pa\u00eds con mayor \u00edndice de sonrisas en el mundo. Fue, en definitiva, una de esas gestas inolvidables e hist\u00f3ricas que hacen de este deporte una de las maravillas del mundo.<\/p>\n<p style=\"text-align: justify\">Y por \u00faltimo, me gustar\u00eda dejaros con una imagen grandiosa, la imagen que refleja a la perfecci\u00f3n la uni\u00f3n del vestuario zambiano con su entrenador, la imagen del h\u00e9roe escoltando a uno de sus pupilos para reunirlo junto a sus compa\u00f1eros. \u00a1Enhorabuena Chipolopolos!<\/p>\n<p style=\"text-align: justify\"><\/p>\n<p style=\"text-align: justify\">Roberto M. Romero<\/p>\n<p style=\"text-align: justify\">@RobertoMromero<\/p>\n","protected":false},"excerpt":{"rendered":"<p>Durante estos d\u00edas hemos estado repasando todo lo que ha dado esta \u00faltima edici\u00f3n de la copa de \u00c1frica. Hoy, como colof\u00f3n y para terminar el serial de art\u00edculos del que estos d\u00edas hemos podido disfrutar, tenemos ante nosotros el an\u00e1lisis de la gran final del torneo. Una final que ha pasado a la historia&#8230;<\/p>\n","protected":false},"author":100,"featured_media":872,"comment_status":"open","ping_status":"open","sticky":false,"template":"","format":"standard","meta":{"_kad_post_transparent":"","_kad_post_title":"","_kad_post_layout":"","_kad_post_sidebar_id":"","_kad_post_content_style":"","_kad_post_vertical_padding":"","_kad_post_feature":"","_kad_post_feature_position":"","_kad_post_header":false,"_kad_post_footer":false,"_kad_post_classname":"","_jetpack_memberships_contains_paid_content":false,"footnotes":"","jetpack_publicize_message":"","jetpack_publicize_feature_enabled":true,"jetpack_social_post_already_shared":false,"jetpack_social_options":{"image_generator_settings":{"template":"highway","default_image_id":0,"font":"","enabled":false},"version":2}},"categories":[3,10],"tags":[451,442,450,480],"class_list":["post-1071","post","type-post","status-publish","format-standard","has-post-thumbnail","hentry","category-mas-futbol","category-portada","tag-africa","tag-analisis","tag-copa","tag-final"],"yoast_head":"<!-- This site is optimized with the Yoast SEO plugin v27.5 - https:\/\/yoast.com\/product\/yoast-seo-wordpress\/ -->\n<title>La Copa \u00c1frica al detalle: La gran final &#8211; Futbolandia<\/title>\n<meta name=\"robots\" content=\"index, follow, max-snippet:-1, max-image-preview:large, max-video-preview:-1\" \/>\n<link rel=\"canonical\" href=\"https:\/\/www.manquepierda.com\/futbolandia\/la-copa-africa-al-detalle-la-gran-final-por-roberto-m-romero\/\" \/>\n<meta property=\"og:locale\" content=\"es_ES\" \/>\n<meta property=\"og:type\" content=\"article\" \/>\n<meta property=\"og:title\" content=\"La Copa \u00c1frica al detalle: La gran final &#8211; Futbolandia\" \/>\n<meta property=\"og:description\" content=\"Durante estos d\u00edas hemos estado repasando todo lo que ha dado esta \u00faltima edici\u00f3n de la copa de \u00c1frica. Hoy, como colof\u00f3n y para terminar el serial de art\u00edculos del que estos d\u00edas hemos podido disfrutar, tenemos ante nosotros el an\u00e1lisis de la gran final del torneo. Una final que ha pasado a la historia...\" \/>\n<meta property=\"og:url\" content=\"https:\/\/www.manquepierda.com\/futbolandia\/la-copa-africa-al-detalle-la-gran-final-por-roberto-m-romero\/\" \/>\n<meta property=\"og:site_name\" content=\"Futbolandia\" \/>\n<meta property=\"article:published_time\" content=\"2012-02-19T19:29:29+00:00\" \/>\n<meta property=\"article:modified_time\" content=\"2013-07-07T17:02:29+00:00\" \/>\n<meta property=\"og:image\" content=\"https:\/\/i1.wp.com\/www.manquepierda.com\/futbolandia\/files\/2012\/02\/Copa-Africana-de-Naciones-01.jpg?fit=733%2C410&ssl=1\" \/>\n\t<meta property=\"og:image:width\" content=\"733\" \/>\n\t<meta property=\"og:image:height\" content=\"410\" \/>\n\t<meta property=\"og:image:type\" content=\"image\/jpeg\" \/>\n<meta name=\"author\" content=\"Adri\u00e1n Bedia Puerto\" \/>\n<meta name=\"twitter:label1\" content=\"Escrito por\" \/>\n\t<meta name=\"twitter:data1\" content=\"Adri\u00e1n Bedia Puerto\" \/>\n\t<meta name=\"twitter:label2\" content=\"Tiempo de lectura\" \/>\n\t<meta name=\"twitter:data2\" content=\"5 minutos\" \/>\n<script type=\"application\/ld+json\" class=\"yoast-schema-graph\">{\"@context\":\"https:\\\/\\\/schema.org\",\"@graph\":[{\"@type\":\"Article\",\"@id\":\"https:\\\/\\\/www.manquepierda.com\\\/futbolandia\\\/la-copa-africa-al-detalle-la-gran-final-por-roberto-m-romero\\\/#article\",\"isPartOf\":{\"@id\":\"https:\\\/\\\/www.manquepierda.com\\\/futbolandia\\\/la-copa-africa-al-detalle-la-gran-final-por-roberto-m-romero\\\/\"},\"author\":{\"name\":\"Adri\u00e1n Bedia Puerto\",\"@id\":\"https:\\\/\\\/www.manquepierda.com\\\/futbolandia\\\/#\\\/schema\\\/person\\\/f2133132be9857df14a26e2f116bbe94\"},\"headline\":\"La Copa \u00c1frica al detalle: La gran final\",\"datePublished\":\"2012-02-19T19:29:29+00:00\",\"dateModified\":\"2013-07-07T17:02:29+00:00\",\"mainEntityOfPage\":{\"@id\":\"https:\\\/\\\/www.manquepierda.com\\\/futbolandia\\\/la-copa-africa-al-detalle-la-gran-final-por-roberto-m-romero\\\/\"},\"wordCount\":1008,\"commentCount\":0,\"image\":{\"@id\":\"https:\\\/\\\/www.manquepierda.com\\\/futbolandia\\\/la-copa-africa-al-detalle-la-gran-final-por-roberto-m-romero\\\/#primaryimage\"},\"thumbnailUrl\":\"https:\\\/\\\/i0.wp.com\\\/www.manquepierda.com\\\/futbolandia\\\/files\\\/2012\\\/02\\\/Copa-Africana-de-Naciones-01.jpg?fit=733%2C410&ssl=1\",\"keywords\":[\"Africa\",\"Analisis\",\"Copa\",\"Final\"],\"articleSection\":[\"Mas f\u00fatbol\",\"Portada\"],\"inLanguage\":\"es\",\"potentialAction\":[{\"@type\":\"CommentAction\",\"name\":\"Comment\",\"target\":[\"https:\\\/\\\/www.manquepierda.com\\\/futbolandia\\\/la-copa-africa-al-detalle-la-gran-final-por-roberto-m-romero\\\/#respond\"]}]},{\"@type\":\"WebPage\",\"@id\":\"https:\\\/\\\/www.manquepierda.com\\\/futbolandia\\\/la-copa-africa-al-detalle-la-gran-final-por-roberto-m-romero\\\/\",\"url\":\"https:\\\/\\\/www.manquepierda.com\\\/futbolandia\\\/la-copa-africa-al-detalle-la-gran-final-por-roberto-m-romero\\\/\",\"name\":\"La Copa \u00c1frica al detalle: La gran final &#8211; Futbolandia\",\"isPartOf\":{\"@id\":\"https:\\\/\\\/www.manquepierda.com\\\/futbolandia\\\/#website\"},\"primaryImageOfPage\":{\"@id\":\"https:\\\/\\\/www.manquepierda.com\\\/futbolandia\\\/la-copa-africa-al-detalle-la-gran-final-por-roberto-m-romero\\\/#primaryimage\"},\"image\":{\"@id\":\"https:\\\/\\\/www.manquepierda.com\\\/futbolandia\\\/la-copa-africa-al-detalle-la-gran-final-por-roberto-m-romero\\\/#primaryimage\"},\"thumbnailUrl\":\"https:\\\/\\\/i0.wp.com\\\/www.manquepierda.com\\\/futbolandia\\\/files\\\/2012\\\/02\\\/Copa-Africana-de-Naciones-01.jpg?fit=733%2C410&ssl=1\",\"datePublished\":\"2012-02-19T19:29:29+00:00\",\"dateModified\":\"2013-07-07T17:02:29+00:00\",\"author\":{\"@id\":\"https:\\\/\\\/www.manquepierda.com\\\/futbolandia\\\/#\\\/schema\\\/person\\\/f2133132be9857df14a26e2f116bbe94\"},\"breadcrumb\":{\"@id\":\"https:\\\/\\\/www.manquepierda.com\\\/futbolandia\\\/la-copa-africa-al-detalle-la-gran-final-por-roberto-m-romero\\\/#breadcrumb\"},\"inLanguage\":\"es\",\"potentialAction\":[{\"@type\":\"ReadAction\",\"target\":[\"https:\\\/\\\/www.manquepierda.com\\\/futbolandia\\\/la-copa-africa-al-detalle-la-gran-final-por-roberto-m-romero\\\/\"]}]},{\"@type\":\"ImageObject\",\"inLanguage\":\"es\",\"@id\":\"https:\\\/\\\/www.manquepierda.com\\\/futbolandia\\\/la-copa-africa-al-detalle-la-gran-final-por-roberto-m-romero\\\/#primaryimage\",\"url\":\"https:\\\/\\\/i0.wp.com\\\/www.manquepierda.com\\\/futbolandia\\\/files\\\/2012\\\/02\\\/Copa-Africana-de-Naciones-01.jpg?fit=733%2C410&ssl=1\",\"contentUrl\":\"https:\\\/\\\/i0.wp.com\\\/www.manquepierda.com\\\/futbolandia\\\/files\\\/2012\\\/02\\\/Copa-Africana-de-Naciones-01.jpg?fit=733%2C410&ssl=1\",\"width\":\"733\",\"height\":\"410\",\"caption\":\"Foto: Ecured.cubava.cu\"},{\"@type\":\"BreadcrumbList\",\"@id\":\"https:\\\/\\\/www.manquepierda.com\\\/futbolandia\\\/la-copa-africa-al-detalle-la-gran-final-por-roberto-m-romero\\\/#breadcrumb\",\"itemListElement\":[{\"@type\":\"ListItem\",\"position\":1,\"name\":\"Portada\",\"item\":\"https:\\\/\\\/www.manquepierda.com\\\/futbolandia\\\/\"},{\"@type\":\"ListItem\",\"position\":2,\"name\":\"La Copa \u00c1frica al detalle: La gran final\"}]},{\"@type\":\"WebSite\",\"@id\":\"https:\\\/\\\/www.manquepierda.com\\\/futbolandia\\\/#website\",\"url\":\"https:\\\/\\\/www.manquepierda.com\\\/futbolandia\\\/\",\"name\":\"Futbolandia\",\"description\":\"Reportajes e informaci\u00f3n sobre f\u00fatbol mundial y j\u00f3venes promesas\",\"potentialAction\":[{\"@type\":\"SearchAction\",\"target\":{\"@type\":\"EntryPoint\",\"urlTemplate\":\"https:\\\/\\\/www.manquepierda.com\\\/futbolandia\\\/?s={search_term_string}\"},\"query-input\":{\"@type\":\"PropertyValueSpecification\",\"valueRequired\":true,\"valueName\":\"search_term_string\"}}],\"inLanguage\":\"es\"},{\"@type\":\"Person\",\"@id\":\"https:\\\/\\\/www.manquepierda.com\\\/futbolandia\\\/#\\\/schema\\\/person\\\/f2133132be9857df14a26e2f116bbe94\",\"name\":\"Adri\u00e1n Bedia Puerto\",\"image\":{\"@type\":\"ImageObject\",\"inLanguage\":\"es\",\"@id\":\"https:\\\/\\\/secure.gravatar.com\\\/avatar\\\/dea43547063ac034552de9ba24b2ce5dd1cf7bf2de4f05263cfbf331d51d3c5c?s=96&d=mm&r=g\",\"url\":\"https:\\\/\\\/secure.gravatar.com\\\/avatar\\\/dea43547063ac034552de9ba24b2ce5dd1cf7bf2de4f05263cfbf331d51d3c5c?s=96&d=mm&r=g\",\"contentUrl\":\"https:\\\/\\\/secure.gravatar.com\\\/avatar\\\/dea43547063ac034552de9ba24b2ce5dd1cf7bf2de4f05263cfbf331d51d3c5c?s=96&d=mm&r=g\",\"caption\":\"Adri\u00e1n Bedia Puerto\"},\"sameAs\":[\"http:\\\/\\\/minimessisyzidanes.blogspot.com\",\"https:\\\/\\\/x.com\\\/http:\\\/\\\/twitter.com\\\/Abp1993\"],\"url\":\"https:\\\/\\\/www.manquepierda.com\\\/futbolandia\\\/author\\\/abp1993\\\/\"}]}<\/script>\n<!-- \/ Yoast SEO plugin. -->","yoast_head_json":{"title":"La Copa \u00c1frica al detalle: La gran final &#8211; Futbolandia","robots":{"index":"index","follow":"follow","max-snippet":"max-snippet:-1","max-image-preview":"max-image-preview:large","max-video-preview":"max-video-preview:-1"},"canonical":"https:\/\/www.manquepierda.com\/futbolandia\/la-copa-africa-al-detalle-la-gran-final-por-roberto-m-romero\/","og_locale":"es_ES","og_type":"article","og_title":"La Copa \u00c1frica al detalle: La gran final &#8211; Futbolandia","og_description":"Durante estos d\u00edas hemos estado repasando todo lo que ha dado esta \u00faltima edici\u00f3n de la copa de \u00c1frica. Hoy, como colof\u00f3n y para terminar el serial de art\u00edculos del que estos d\u00edas hemos podido disfrutar, tenemos ante nosotros el an\u00e1lisis de la gran final del torneo. Una final que ha pasado a la historia...","og_url":"https:\/\/www.manquepierda.com\/futbolandia\/la-copa-africa-al-detalle-la-gran-final-por-roberto-m-romero\/","og_site_name":"Futbolandia","article_published_time":"2012-02-19T19:29:29+00:00","article_modified_time":"2013-07-07T17:02:29+00:00","og_image":[{"width":733,"height":410,"url":"https:\/\/i1.wp.com\/www.manquepierda.com\/futbolandia\/files\/2012\/02\/Copa-Africana-de-Naciones-01.jpg?fit=733%2C410&ssl=1","type":"image\/jpeg"}],"author":"Adri\u00e1n Bedia Puerto","twitter_misc":{"Escrito por":"Adri\u00e1n Bedia Puerto","Tiempo de lectura":"5 minutos"},"schema":{"@context":"https:\/\/schema.org","@graph":[{"@type":"Article","@id":"https:\/\/www.manquepierda.com\/futbolandia\/la-copa-africa-al-detalle-la-gran-final-por-roberto-m-romero\/#article","isPartOf":{"@id":"https:\/\/www.manquepierda.com\/futbolandia\/la-copa-africa-al-detalle-la-gran-final-por-roberto-m-romero\/"},"author":{"name":"Adri\u00e1n Bedia Puerto","@id":"https:\/\/www.manquepierda.com\/futbolandia\/#\/schema\/person\/f2133132be9857df14a26e2f116bbe94"},"headline":"La Copa \u00c1frica al detalle: La gran final","datePublished":"2012-02-19T19:29:29+00:00","dateModified":"2013-07-07T17:02:29+00:00","mainEntityOfPage":{"@id":"https:\/\/www.manquepierda.com\/futbolandia\/la-copa-africa-al-detalle-la-gran-final-por-roberto-m-romero\/"},"wordCount":1008,"commentCount":0,"image":{"@id":"https:\/\/www.manquepierda.com\/futbolandia\/la-copa-africa-al-detalle-la-gran-final-por-roberto-m-romero\/#primaryimage"},"thumbnailUrl":"https:\/\/i0.wp.com\/www.manquepierda.com\/futbolandia\/files\/2012\/02\/Copa-Africana-de-Naciones-01.jpg?fit=733%2C410&ssl=1","keywords":["Africa","Analisis","Copa","Final"],"articleSection":["Mas f\u00fatbol","Portada"],"inLanguage":"es","potentialAction":[{"@type":"CommentAction","name":"Comment","target":["https:\/\/www.manquepierda.com\/futbolandia\/la-copa-africa-al-detalle-la-gran-final-por-roberto-m-romero\/#respond"]}]},{"@type":"WebPage","@id":"https:\/\/www.manquepierda.com\/futbolandia\/la-copa-africa-al-detalle-la-gran-final-por-roberto-m-romero\/","url":"https:\/\/www.manquepierda.com\/futbolandia\/la-copa-africa-al-detalle-la-gran-final-por-roberto-m-romero\/","name":"La Copa \u00c1frica al detalle: La gran final &#8211; Futbolandia","isPartOf":{"@id":"https:\/\/www.manquepierda.com\/futbolandia\/#website"},"primaryImageOfPage":{"@id":"https:\/\/www.manquepierda.com\/futbolandia\/la-copa-africa-al-detalle-la-gran-final-por-roberto-m-romero\/#primaryimage"},"image":{"@id":"https:\/\/www.manquepierda.com\/futbolandia\/la-copa-africa-al-detalle-la-gran-final-por-roberto-m-romero\/#primaryimage"},"thumbnailUrl":"https:\/\/i0.wp.com\/www.manquepierda.com\/futbolandia\/files\/2012\/02\/Copa-Africana-de-Naciones-01.jpg?fit=733%2C410&ssl=1","datePublished":"2012-02-19T19:29:29+00:00","dateModified":"2013-07-07T17:02:29+00:00","author":{"@id":"https:\/\/www.manquepierda.com\/futbolandia\/#\/schema\/person\/f2133132be9857df14a26e2f116bbe94"},"breadcrumb":{"@id":"https:\/\/www.manquepierda.com\/futbolandia\/la-copa-africa-al-detalle-la-gran-final-por-roberto-m-romero\/#breadcrumb"},"inLanguage":"es","potentialAction":[{"@type":"ReadAction","target":["https:\/\/www.manquepierda.com\/futbolandia\/la-copa-africa-al-detalle-la-gran-final-por-roberto-m-romero\/"]}]},{"@type":"ImageObject","inLanguage":"es","@id":"https:\/\/www.manquepierda.com\/futbolandia\/la-copa-africa-al-detalle-la-gran-final-por-roberto-m-romero\/#primaryimage","url":"https:\/\/i0.wp.com\/www.manquepierda.com\/futbolandia\/files\/2012\/02\/Copa-Africana-de-Naciones-01.jpg?fit=733%2C410&ssl=1","contentUrl":"https:\/\/i0.wp.com\/www.manquepierda.com\/futbolandia\/files\/2012\/02\/Copa-Africana-de-Naciones-01.jpg?fit=733%2C410&ssl=1","width":"733","height":"410","caption":"Foto: Ecured.cubava.cu"},{"@type":"BreadcrumbList","@id":"https:\/\/www.manquepierda.com\/futbolandia\/la-copa-africa-al-detalle-la-gran-final-por-roberto-m-romero\/#breadcrumb","itemListElement":[{"@type":"ListItem","position":1,"name":"Portada","item":"https:\/\/www.manquepierda.com\/futbolandia\/"},{"@type":"ListItem","position":2,"name":"La Copa \u00c1frica al detalle: La gran final"}]},{"@type":"WebSite","@id":"https:\/\/www.manquepierda.com\/futbolandia\/#website","url":"https:\/\/www.manquepierda.com\/futbolandia\/","name":"Futbolandia","description":"Reportajes e informaci\u00f3n sobre f\u00fatbol mundial y j\u00f3venes promesas","potentialAction":[{"@type":"SearchAction","target":{"@type":"EntryPoint","urlTemplate":"https:\/\/www.manquepierda.com\/futbolandia\/?s={search_term_string}"},"query-input":{"@type":"PropertyValueSpecification","valueRequired":true,"valueName":"search_term_string"}}],"inLanguage":"es"},{"@type":"Person","@id":"https:\/\/www.manquepierda.com\/futbolandia\/#\/schema\/person\/f2133132be9857df14a26e2f116bbe94","name":"Adri\u00e1n Bedia Puerto","image":{"@type":"ImageObject","inLanguage":"es","@id":"https:\/\/secure.gravatar.com\/avatar\/dea43547063ac034552de9ba24b2ce5dd1cf7bf2de4f05263cfbf331d51d3c5c?s=96&d=mm&r=g","url":"https:\/\/secure.gravatar.com\/avatar\/dea43547063ac034552de9ba24b2ce5dd1cf7bf2de4f05263cfbf331d51d3c5c?s=96&d=mm&r=g","contentUrl":"https:\/\/secure.gravatar.com\/avatar\/dea43547063ac034552de9ba24b2ce5dd1cf7bf2de4f05263cfbf331d51d3c5c?s=96&d=mm&r=g","caption":"Adri\u00e1n Bedia Puerto"},"sameAs":["http:\/\/minimessisyzidanes.blogspot.com","https:\/\/x.com\/http:\/\/twitter.com\/Abp1993"],"url":"https:\/\/www.manquepierda.com\/futbolandia\/author\/abp1993\/"}]}},"jetpack_publicize_connections":[],"jetpack_featured_media_url":"https:\/\/i0.wp.com\/www.manquepierda.com\/futbolandia\/files\/2012\/02\/Copa-Africana-de-Naciones-01.jpg?fit=733%2C410&ssl=1","jetpack_shortlink":"https:\/\/wp.me\/p1THIg-hh","jetpack_sharing_enabled":true,"_links":{"self":[{"href":"https:\/\/www.manquepierda.com\/futbolandia\/wp-json\/wp\/v2\/posts\/1071","targetHints":{"allow":["GET"]}}],"collection":[{"href":"https:\/\/www.manquepierda.com\/futbolandia\/wp-json\/wp\/v2\/posts"}],"about":[{"href":"https:\/\/www.manquepierda.com\/futbolandia\/wp-json\/wp\/v2\/types\/post"}],"author":[{"embeddable":true,"href":"https:\/\/www.manquepierda.com\/futbolandia\/wp-json\/wp\/v2\/users\/100"}],"replies":[{"embeddable":true,"href":"https:\/\/www.manquepierda.com\/futbolandia\/wp-json\/wp\/v2\/comments?post=1071"}],"version-history":[{"count":0,"href":"https:\/\/www.manquepierda.com\/futbolandia\/wp-json\/wp\/v2\/posts\/1071\/revisions"}],"wp:featuredmedia":[{"embeddable":true,"href":"https:\/\/www.manquepierda.com\/futbolandia\/wp-json\/wp\/v2\/media\/872"}],"wp:attachment":[{"href":"https:\/\/www.manquepierda.com\/futbolandia\/wp-json\/wp\/v2\/media?parent=1071"}],"wp:term":[{"taxonomy":"category","embeddable":true,"href":"https:\/\/www.manquepierda.com\/futbolandia\/wp-json\/wp\/v2\/categories?post=1071"},{"taxonomy":"post_tag","embeddable":true,"href":"https:\/\/www.manquepierda.com\/futbolandia\/wp-json\/wp\/v2\/tags?post=1071"}],"curies":[{"name":"wp","href":"https:\/\/api.w.org\/{rel}","templated":true}]}}