{"id":1188,"date":"2012-02-28T22:01:21","date_gmt":"2012-02-28T20:01:21","guid":{"rendered":"http:\/\/www.manquepierda.com\/futbolandia\/?p=1188"},"modified":"2013-07-07T14:02:58","modified_gmt":"2013-07-07T12:02:58","slug":"analisis-liga-zon-sagres-portuguesa-jornada-20-por-juanal-martinez","status":"publish","type":"post","link":"https:\/\/www.manquepierda.com\/futbolandia\/analisis-liga-zon-sagres-portuguesa-jornada-20-por-juanal-martinez\/","title":{"rendered":"An\u00e1lisis Liga Zon Sagres Portuguesa: Jornada 20"},"content":{"rendered":"<p style=\"text-align: justify\">Semana tras semana la <strong>Liga Zon Sagres<\/strong> va incrementando su competitividad. No existe ning\u00fan rival sencillo y las sorpresas se van sucediendo aunque no siempre en la misma direcci\u00f3n\u2026<\/p>\n<p style=\"text-align: justify\">Este fin de semana se celebraba la vig\u00e9simo jornada en Portugal con gran cantidad de partidos interesantes y con varias preguntas en la mente de los aficionados: \u00bfSer\u00eda capaz el Benfica de superar la derrota de la semana pasada y seguir al frente de la clasificaci\u00f3n? \u00bfAprovechar\u00eda el Oporto el bache de resultados de <em>las \u00e1guilas<\/em> para seguir acerc\u00e1ndose? \u00bfQu\u00e9 equipo ser\u00e1 capaz de romper la hist\u00f3rica racha del Sporting de Braga? \u00bfQu\u00e9 equipos copar\u00edan esta semana los puestos de descenso?<\/p>\n<p style=\"text-align: justify\">Cuatro d\u00edas y ocho partidos despu\u00e9s, muchas de estas preguntas siguen sin respuesta. Eso se debe, sin duda, a que nos encontramos ante uno de los campeonatos m\u00e1s igualados de los \u00faltimos tiempos.<\/p>\n<p style=\"text-align: justify\" align=\"CENTER\"><span style=\"text-decoration: underline\"><strong>Resumen Liga Zon Sagres (Jornada 20)<\/strong><\/span><\/p>\n<p style=\"text-align: justify\"><span style=\"text-decoration: underline\"><strong>MARITIMO 1 \u2013 0 UNI\u00c3O LEIRIA <\/strong><\/span><\/p>\n<p style=\"text-align: justify\">Partido a priori sencillo para los locales, que se enfrentaban a uno de los peores conjuntos de la categor\u00eda a domicilio, que adem\u00e1s lleva varias semanas en puestos de descenso. Un Uni\u00e3o Leiria que no levanta cabeza, pero que puso en serias dificultades al conjunto de Madeira. La primera parte fue de claro color visitante. El conjunto dirigido por Pedro Caixinha gozaba de las mejores ocasiones pero la profundidad y escaso acierto de cara a puerta fueron determinantes para llegar al descanso con empate a cero.<\/p>\n<figure style=\"width: 600px\" class=\"wp-caption aligncenter\"><img data-recalc-dims=\"1\" loading=\"lazy\" decoding=\"async\" class=\" \" alt=\"\" src=\"https:\/\/i0.wp.com\/sicnoticias.sapo.pt\/incoming\/2012\/02\/25\/maritimo.jpg\/ALTERNATES\/w960\/Maritimo.jpg?resize=600%2C400\" width=\"600\" height=\"400\" \/><figcaption class=\"wp-caption-text\">Foto: Sicnoticias.sapo.pt<\/figcaption><\/figure>\n<p style=\"text-align: justify\">La segunda mitad fue m\u00e1s igualada aunque un error defensivo conden\u00f3 al equipo visitante y dio un premio demasiado grande a los locales. El gol de Roberto (ex. de Celta y Salamanca) fue definitivo y coloca a los de Pedro Martins, tras tres victorias consecutivas, en el quinto puesto, que da acceso a la UEFA Europa League. Uni\u00e3o Leiria se coloca como colista y mucho tienen que cambiar las cosas para que se mantenga una temporada m\u00e1s en la m\u00e1xima divisi\u00f3n del f\u00fatbol portugu\u00e9s.<\/p>\n<p style=\"text-align: justify\"><span style=\"text-decoration: underline\"><strong>ACAD\u00c9MICA 0 \u2013 0 BENFICA<\/strong><\/span><\/p>\n<p style=\"text-align: justify\">Era uno de los partidos que mayor inter\u00e9s despertaba en esta jornada, ya que se quer\u00eda ver la reacci\u00f3n del Benfica tras su primera derrota de la temporada. El rival no era el id\u00f3neo, un Acad\u00e9mica que suele dar bastante guerra, situado en la zona tranquila de la clasificaci\u00f3n a pesar de vivir una racha de resultados bastante negativa.<\/p>\n<figure style=\"width: 600px\" class=\"wp-caption aligncenter\"><img data-recalc-dims=\"1\" loading=\"lazy\" decoding=\"async\" class=\" \" alt=\"\" src=\"https:\/\/i0.wp.com\/media.elnuevoherald.com\/smedia\/2012\/02\/25\/18\/29\/4ioRU.St.84.JPG?resize=600%2C400\" width=\"600\" height=\"400\" \/><figcaption class=\"wp-caption-text\">Foto: Elnuevoherald.com\/<\/figcaption><\/figure>\n<p style=\"text-align: justify\">El conjunto lisboeta, pese a la baja de Rodrigo por precauci\u00f3n, fue due\u00f1o y se\u00f1or del partido durante la mayor parte del mismo. Desde el principio se sucedieron las ocasiones para las \u00e1guilas pero, bien el escaso acierto de cara a puerta de Nelson Oliveira o bien la gran actuaci\u00f3n del guardameta de Acad\u00e9mica, R.Peiser, impidieron que se moviera el marcador, pese a que el Benfica termino encerrando a los locales en su \u00e1rea y jugando con todo lo disponible (Nolito, Cardozo\u2026). Segundo partido consecutivo sin ganar (una derrota y un empate) que supone la p\u00e9rdida del liderato en beneficio del Oporto. El duelo en la zona alta de la tabla se pone interesante\u2026<\/p>\n<p style=\"text-align: justify\"><span style=\"text-decoration: underline\"><strong>PA\u00c7OS DE FERREIRA 0 \u2013 2 NACIONAL<\/strong><\/span><\/p>\n<p style=\"text-align: justify\">El partido que se disput\u00f3 en el estadio \u201cMata Real\u201d fue el t\u00edpico que evade la justicia y en el que los puntos se los lleva el equipo que menos ha propuesto y que menos m\u00e9ritos ha hecho para ello. Los locales llevaron el peso del partido fueron los \u00fanicos que intentaron abrir el marcador, mientras el conjunto visitante esperaba agazapado atr\u00e1s una ocasi\u00f3n que le permitiese jugar a sus anchas. Eso fue lo que ocurri\u00f3 ya que en la \u00fanica ocasi\u00f3n que tuvieron en los primeros 45 minutos se pusieron por delante, gracias a un gran gol de Candeias (ex. Recreativo de Huelva).<\/p>\n<figure style=\"width: 600px\" class=\"wp-caption aligncenter\"><img data-recalc-dims=\"1\" loading=\"lazy\" decoding=\"async\" class=\" \" alt=\"\" src=\"https:\/\/i0.wp.com\/www.record.xl.pt\/storage\/ng4E661F37-D4BC-4257-923C-CA0C58E26243.jpg?resize=600%2C400\" width=\"600\" height=\"400\" \/><figcaption class=\"wp-caption-text\">Foto: Record.xl.pt<\/figcaption><\/figure>\n<p style=\"text-align: justify\">La segunda mitad fue diferente ya que con Pa\u00e7os volcado en busca del empate, Nacional comenzaba a inquietar la meta defendida por Cassio, principalmente a la contra. En los \u00faltimos minutos, un penalti transformado por Claudemir pon\u00eda el definitivo 0.2 en el marcador. Resultado injusto vista la propuesta futbol\u00edstica realizada por ambos conjuntos, que se encuentran en situaciones opuestas en la Liga. Pa\u00e7os de Ferreira, tras dos derrotas consecutivas, se mete de lleno en la lucha por la permanencia pese a que hace pocas semanas so\u00f1aba con ocupar puestos europeos, Nacional, por otro lado, se coloca con 25 puntos en la zona tranquila de la clasificaci\u00f3n.<\/p>\n<p style=\"text-align: justify\"><span style=\"text-decoration: underline\"><strong>BEIRA MAR 2 \u2013 3 VITORIA DE SET\u00daBAL<\/strong><\/span><\/p>\n<p style=\"text-align: justify\">El partido, disputado en el estadio Municipal de Aveiro, estuvo marcado por la escasa asistencia de p\u00fablico. Apenas 2.800 aficionados que de todos modos, pudieron disfrutar del partido m\u00e1s interesante de la jornada.El conjunto visitante, con n\u00fameros m\u00e1s propios de otra\u00a0 categor\u00eda, llegaba con el cartel de cenicienta, un invitado id\u00f3neo para que el conjunto local celebrase una victoria en casa despu\u00e9s de mucho tiempo y pusiese tierra de por medio con la zona de descenso. Pero la teor\u00eda no siempre se cumple y el conjunto visitante empez\u00f3 dominando el partido, poniendo tierra de por medio y coloc\u00e1ndose pronto por delante en el marcador (0.2 en el minuto 30, con goles de Targino y Bruno Amaro).<\/p>\n<figure style=\"width: 600px\" class=\"wp-caption aligncenter\"><img data-recalc-dims=\"1\" loading=\"lazy\" decoding=\"async\" class=\" \" alt=\"\" src=\"https:\/\/i0.wp.com\/www.abola.pt\/img\/fotos\/setubal\/2011\/ney1.jpg?resize=600%2C400\" width=\"600\" height=\"400\" \/><figcaption class=\"wp-caption-text\">Foto: Abola.pt<\/figcaption><\/figure>\n<p style=\"text-align: justify\">El partido parec\u00eda visto para sentencia pero la expulsi\u00f3n de Jorge Gon\u00e7alves, al filo del descanso lo cambio todo. El control del partido pas\u00f3 a los locales que comenzaron a gozar de las mejores ocasiones aunque fue Ney Santos quien en una contra colocaba el 0.3 en el marcador. Cuando todo parec\u00eda perdido Beira Mar recortaba distancias, gracias a un gol de Balboa (ex. Real Madrid, entre otros) en el 74 y otro de Zhang en el 85. El partido muri\u00f3 ah\u00ed y pese al intento de los locales no di tiempo para m\u00e1s. Primera victoria del Vitoria de Set\u00fabal desde el 30 de Noviembre de 2011 que le permite salir de puestos de descenso despu\u00e9s de mucho tiempo. La zona baja de la clasificaci\u00f3n se aprieta cada d\u00eda m\u00e1s.<\/p>\n<p style=\"text-align: justify\"><span style=\"text-decoration: underline\"><strong>OLHANENSE 0 \u2013 0 GIL VICENTE<\/strong><\/span><\/p>\n<p style=\"text-align: justify\">Partido marcado por el fuerte dominio del conjunto local aunque la falta de punter\u00eda fue su condena y el hecho que impidi\u00f3 que se moviera el marcador. A pesar de todo fue el Gil Vicente el equipo que gozo de la mejor ocasi\u00f3n, un penalti en los instantes finales del encuentro que el guardameta local, Fabiano, detuvo de manera magistral. Un empate que, realmente, viene bien a ambos conjuntos que una semana m\u00e1s contin\u00faan igualados, en la zona m\u00e1s tranquila de la tabla.<\/p>\n<p style=\"text-align: justify\"><span style=\"text-decoration: underline\"><strong>SPORTING DE PORTUGAL 1 \u2013 0 RIO AVE<\/strong><\/span><\/p>\n<p style=\"text-align: justify\">Tercera victoria consecutiva del cuadro verdiblanco (dos en el campeonato nacional de Liga y una en Europa League) del cuadro dirigido por S\u00e1 Pinto, aunque cabe destacar que todas ellas han llegado por la m\u00ednima. Un equipo que ha aprendido sufrir y consigue llevar el peso del encuentro la mayor parte del tiempo, aunque debe mejorar para \u201cmatar\u201d antes los partidos y no sufrir tanto.<\/p>\n<figure style=\"width: 600px\" class=\"wp-caption aligncenter\"><img data-recalc-dims=\"1\" loading=\"lazy\" decoding=\"async\" class=\" \" alt=\"\" src=\"https:\/\/i0.wp.com\/d.yimg.com\/i\/ng\/sp\/reuters\/20110919\/21\/1155986844-19092011215811.jpg?resize=600%2C400\" width=\"600\" height=\"400\" \/><figcaption class=\"wp-caption-text\">Foto: Yimg.com<\/figcaption><\/figure>\n<p style=\"text-align: justify\">El \u00fanico gol, mejor dicho golazo, del encuentro lleg\u00f3 en el minuto 35 y fue obra de Izmailov, un jugador anta\u00f1o desahuciado y que en la actualidad es uno de los m\u00e1s importantes del quinto clasificado en Portugal. Gran aportaci\u00f3n tambi\u00e9n de un Diego Capel al que si respetan las lesiones tiene mucho que aportar al conjunto lisboeta y de El\u00edas (ex. del Atl\u00e9tico de Madrid) que d\u00eda a d\u00eda va a m\u00e1s y ofrece muchas mejores sensaciones que en su paso por Espa\u00f1a. Bonito duelo el que mantendr\u00e1n lo que resta de temporada Sporting de Portugal y Mar\u00edtimo, por hacerse con la cuarta plaza de la clasificaci\u00f3n, el \u00fanico objetivo que les queda ya que la zona alta de la clasificaci\u00f3n es una quimera.<\/p>\n<p style=\"text-align: justify\"><span style=\"text-decoration: underline\"><strong>OPORTO 2 \u2013 0 FEIRENSE<\/strong><\/span><\/p>\n<p style=\"text-align: justify\">El Oporto afrontaba el partido ante el Feirense con la oportunidad de ponerse l\u00edder, tras el inesperado tropiezo del Benfica en Coimbra. El partido sigui\u00f3 el gui\u00f3n esperado, el conjunto local apretaba e intentaba adelantarse en el marcador, pero los visitantes aguantaban bien las embestidas de <em>los dragones<\/em>.<\/p>\n<figure style=\"width: 600px\" class=\"wp-caption aligncenter\"><img data-recalc-dims=\"1\" loading=\"lazy\" decoding=\"async\" class=\" \" alt=\"\" src=\"https:\/\/i0.wp.com\/utils.lainformacion.com\/images\/IMGS_CMS\/el-oporto-recupera-el-liderato\/2012_2_26_AKUUQ0tvRmK5WxKk0Mvqn3.jpg?resize=600%2C400\" width=\"600\" height=\"400\" \/><figcaption class=\"wp-caption-text\">Foto: Lainformacion.com<\/figcaption><\/figure>\n<p style=\"text-align: justify\">La resistencia aguanto hasta que el Feirense se quedo con uno menos, por la expulsi\u00f3n de Luciano que cometi\u00f3 penalti sobre Janko. Hulk no aprovecho esa oportunidad, pero a partir de ese momento el acoso fue cada vez mayor. Gran importancia tuvo en el desarrollo del encuentro la salida al terreno de juego de James Rodr\u00edguez, aut\u00e9ntico protagonista del partido. El colombiano particip\u00f3 en los dos goles, anotando uno y dando una magistral asistencia a Varela. Todo esfuerzo tiene su recompensa y con este 2.0 el Oporto recupera el liderato de la <em><strong>Liga Zon Sagres<\/strong><\/em>, aunque est\u00e1 empatado a puntos con Benfica. Se\u00f1ores, hay Liga\u2026<\/p>\n<p style=\"text-align: justify\"><span style=\"text-decoration: underline\"><strong>SPORTING DE BRAGA 4 \u2013 0 VITORIA DE GUIMAR\u00c3ES<\/strong><\/span><\/p>\n<p style=\"text-align: justify\">Enorme, incre\u00edble, la verdad es que la racha ganadora del Sporting de Braga en el actual campeonato de Liga se queda sin calificativos. Tras un comienzo de temporada bastante irregular, con mucha incertidumbre originada principalmente por la marcha de su t\u00e9cnico Domingo Paci\u00eancia, el conjunto rojiblanco suma nueve victorias consecutivas que le mantiene en la parte alta de la clasificaci\u00f3n y, porque no, so\u00f1ando con el t\u00edtulo si Oporto o Benfica siguen fallando.<\/p>\n<figure style=\"width: 600px\" class=\"wp-caption aligncenter\"><img data-recalc-dims=\"1\" loading=\"lazy\" decoding=\"async\" class=\" \" alt=\"\" src=\"https:\/\/i0.wp.com\/www.marcajeindividual.com\/wp-content\/uploads\/2012\/02\/braga-vitoria-lima-2012.jpg?resize=600%2C400\" width=\"600\" height=\"400\" \/><figcaption class=\"wp-caption-text\">Foto: Marcajeindividual.com\/<\/figcaption><\/figure>\n<p style=\"text-align: justify\">El partido se presentaba complicado, ante un conjunto que esta temporada tiene una buena marca, pero desde el principio del encuentro el Sporting de Braga mostro sus credenciales y demostr\u00f3 porque a\u00fan sigue invicto en su campo. Los goles anotados por Echijile (min. 4), Cust\u00f3dio (min. 19), Lima (min. 77) y Ukra (min. 85) certificaron la victoria de los locales que, literalmente, aplastaron al conjunto de Guimar\u00e3es.Una racha que parece no tener fin, fundamentada en un conjunto s\u00f3lido con Lima, m\u00e1ximo goleador de la competici\u00f3n, a la cabeza. El Sporting de Braga debe seguir so\u00f1ando.<\/p>\n<p style=\"text-align: justify\" align=\"CENTER\"><span style=\"text-decoration: underline\"><strong>Protagonistas Jornada 20<\/strong><\/span><\/p>\n<p style=\"text-align: justify\"><strong>ORO <\/strong><strong>\u2192<\/strong><strong> James Rodr\u00edguez. <\/strong> Fue el revulsivo que necesitaba el Oporto para imponerse al Feirense en casa. Su salida revitalizo el juego de <em>los dragones <\/em> y fue pieza fundamental en el resultado definitivo, con un gol y una asistencia. Hay jugador para rato.<\/p>\n<p style=\"text-align: justify\"><strong>PLATA <\/strong><strong>\u2192<\/strong><strong> Fabiano. <\/strong>Solvent\u00f3 con seguridad todo el trabajo que tuvo pero su momento \u00e1lgido fue el penalti detenido en las postrimer\u00edas del encuentro que salv\u00f3 un punto para el Olhanense, que no obstante mereci\u00f3 m\u00e1s.<\/p>\n<p style=\"text-align: justify\"><strong>BRONCE <\/strong><strong>\u2192<\/strong><strong> Izmailov. <\/strong>Gran gol que da la victoria al Sporting de Portugal pero no ha sido incluido en el p\u00f3dium semanal solo por eso\u2026 Ejemplo de constancia y superaci\u00f3n, ha pasado del ostracismo al absoluto primer plano. El milagro de S\u00e1 Pinto\u2026<\/p>\n<p style=\"text-align: justify\"><strong>VAYA D\u00cdA <\/strong><strong>\u2192<\/strong><strong> Nilson. <\/strong>Cierto que el momento de forma del Braga es enorme, cierto que la victoria fue sencilla y no es el \u00fanico culpable del Guimar\u00e3es, que jug\u00f3 m\u00e1s de una hora con 10, pero sus errores en los dos primeros goles son dif\u00edciles de digerir. Fallo en la salida y permiti\u00f3 remates sencillos de cabeza en posiciones muy ventajosas para los rojiblancos. Adem\u00e1s pudo hacer algo m\u00e1s en el \u00faltimo gol del partido\u2026<\/p>\n<p style=\"text-align: justify\">Juanal Martinez<\/p>\n<p style=\"text-align: justify\">@JLoko7<\/p>\n","protected":false},"excerpt":{"rendered":"<p>Semana tras semana la Liga Zon Sagres va incrementando su competitividad. No existe ning\u00fan rival sencillo y las sorpresas se van sucediendo aunque no siempre en la misma direcci\u00f3n\u2026 Este fin de semana se celebraba la vig\u00e9simo jornada en Portugal con gran cantidad de partidos interesantes y con varias preguntas en la mente de los&#8230;<\/p>\n","protected":false},"author":100,"featured_media":822,"comment_status":"open","ping_status":"open","sticky":false,"template":"","format":"standard","meta":{"_kad_post_transparent":"","_kad_post_title":"","_kad_post_layout":"","_kad_post_sidebar_id":"","_kad_post_content_style":"","_kad_post_vertical_padding":"","_kad_post_feature":"","_kad_post_feature_position":"","_kad_post_header":false,"_kad_post_footer":false,"_kad_post_classname":"","_jetpack_memberships_contains_paid_content":false,"footnotes":"","jetpack_publicize_message":"","jetpack_publicize_feature_enabled":true,"jetpack_social_post_already_shared":false,"jetpack_social_options":{"image_generator_settings":{"template":"highway","default_image_id":0,"font":"","enabled":false},"version":2}},"categories":[3,10],"tags":[504,442,90,444,445],"class_list":["post-1188","post","type-post","status-publish","format-standard","has-post-thumbnail","hentry","category-mas-futbol","category-portada","tag-504","tag-analisis","tag-jornada","tag-liga","tag-portuguesa"],"yoast_head":"<!-- This site is optimized with the Yoast SEO plugin v27.5 - https:\/\/yoast.com\/product\/yoast-seo-wordpress\/ -->\n<title>An\u00e1lisis Liga Zon Sagres Portuguesa: Jornada 20 &#8211; Futbolandia<\/title>\n<meta name=\"robots\" content=\"index, follow, max-snippet:-1, max-image-preview:large, max-video-preview:-1\" \/>\n<link rel=\"canonical\" href=\"https:\/\/www.manquepierda.com\/futbolandia\/analisis-liga-zon-sagres-portuguesa-jornada-20-por-juanal-martinez\/\" \/>\n<meta property=\"og:locale\" content=\"es_ES\" \/>\n<meta property=\"og:type\" content=\"article\" \/>\n<meta property=\"og:title\" content=\"An\u00e1lisis Liga Zon Sagres Portuguesa: Jornada 20 &#8211; Futbolandia\" \/>\n<meta property=\"og:description\" content=\"Semana tras semana la Liga Zon Sagres va incrementando su competitividad. No existe ning\u00fan rival sencillo y las sorpresas se van sucediendo aunque no siempre en la misma direcci\u00f3n\u2026 Este fin de semana se celebraba la vig\u00e9simo jornada en Portugal con gran cantidad de partidos interesantes y con varias preguntas en la mente de los...\" \/>\n<meta property=\"og:url\" content=\"https:\/\/www.manquepierda.com\/futbolandia\/analisis-liga-zon-sagres-portuguesa-jornada-20-por-juanal-martinez\/\" \/>\n<meta property=\"og:site_name\" content=\"Futbolandia\" \/>\n<meta property=\"article:published_time\" content=\"2012-02-28T20:01:21+00:00\" \/>\n<meta property=\"article:modified_time\" content=\"2013-07-07T12:02:58+00:00\" \/>\n<meta property=\"og:image\" content=\"https:\/\/i0.wp.com\/www.manquepierda.com\/futbolandia\/files\/2012\/02\/liga_zon_sagres.jpg?fit=480%2C272&ssl=1\" \/>\n\t<meta property=\"og:image:width\" content=\"480\" \/>\n\t<meta property=\"og:image:height\" content=\"272\" \/>\n\t<meta property=\"og:image:type\" content=\"image\/jpeg\" \/>\n<meta name=\"author\" content=\"Adri\u00e1n Bedia Puerto\" \/>\n<meta name=\"twitter:label1\" content=\"Escrito por\" \/>\n\t<meta name=\"twitter:data1\" content=\"Adri\u00e1n Bedia Puerto\" \/>\n\t<meta name=\"twitter:label2\" content=\"Tiempo de lectura\" \/>\n\t<meta name=\"twitter:data2\" content=\"10 minutos\" \/>\n<script type=\"application\/ld+json\" class=\"yoast-schema-graph\">{\"@context\":\"https:\\\/\\\/schema.org\",\"@graph\":[{\"@type\":\"Article\",\"@id\":\"https:\\\/\\\/www.manquepierda.com\\\/futbolandia\\\/analisis-liga-zon-sagres-portuguesa-jornada-20-por-juanal-martinez\\\/#article\",\"isPartOf\":{\"@id\":\"https:\\\/\\\/www.manquepierda.com\\\/futbolandia\\\/analisis-liga-zon-sagres-portuguesa-jornada-20-por-juanal-martinez\\\/\"},\"author\":{\"name\":\"Adri\u00e1n Bedia Puerto\",\"@id\":\"https:\\\/\\\/www.manquepierda.com\\\/futbolandia\\\/#\\\/schema\\\/person\\\/f2133132be9857df14a26e2f116bbe94\"},\"headline\":\"An\u00e1lisis Liga Zon Sagres Portuguesa: Jornada 20\",\"datePublished\":\"2012-02-28T20:01:21+00:00\",\"dateModified\":\"2013-07-07T12:02:58+00:00\",\"mainEntityOfPage\":{\"@id\":\"https:\\\/\\\/www.manquepierda.com\\\/futbolandia\\\/analisis-liga-zon-sagres-portuguesa-jornada-20-por-juanal-martinez\\\/\"},\"wordCount\":1946,\"commentCount\":0,\"image\":{\"@id\":\"https:\\\/\\\/www.manquepierda.com\\\/futbolandia\\\/analisis-liga-zon-sagres-portuguesa-jornada-20-por-juanal-martinez\\\/#primaryimage\"},\"thumbnailUrl\":\"https:\\\/\\\/i0.wp.com\\\/www.manquepierda.com\\\/futbolandia\\\/files\\\/2012\\\/02\\\/liga_zon_sagres.jpg?fit=480%2C272&ssl=1\",\"keywords\":[\"20\",\"Analisis\",\"jornada\",\"Liga\",\"Portuguesa\"],\"articleSection\":[\"Mas f\u00fatbol\",\"Portada\"],\"inLanguage\":\"es\",\"potentialAction\":[{\"@type\":\"CommentAction\",\"name\":\"Comment\",\"target\":[\"https:\\\/\\\/www.manquepierda.com\\\/futbolandia\\\/analisis-liga-zon-sagres-portuguesa-jornada-20-por-juanal-martinez\\\/#respond\"]}]},{\"@type\":\"WebPage\",\"@id\":\"https:\\\/\\\/www.manquepierda.com\\\/futbolandia\\\/analisis-liga-zon-sagres-portuguesa-jornada-20-por-juanal-martinez\\\/\",\"url\":\"https:\\\/\\\/www.manquepierda.com\\\/futbolandia\\\/analisis-liga-zon-sagres-portuguesa-jornada-20-por-juanal-martinez\\\/\",\"name\":\"An\u00e1lisis Liga Zon Sagres Portuguesa: Jornada 20 &#8211; Futbolandia\",\"isPartOf\":{\"@id\":\"https:\\\/\\\/www.manquepierda.com\\\/futbolandia\\\/#website\"},\"primaryImageOfPage\":{\"@id\":\"https:\\\/\\\/www.manquepierda.com\\\/futbolandia\\\/analisis-liga-zon-sagres-portuguesa-jornada-20-por-juanal-martinez\\\/#primaryimage\"},\"image\":{\"@id\":\"https:\\\/\\\/www.manquepierda.com\\\/futbolandia\\\/analisis-liga-zon-sagres-portuguesa-jornada-20-por-juanal-martinez\\\/#primaryimage\"},\"thumbnailUrl\":\"https:\\\/\\\/i0.wp.com\\\/www.manquepierda.com\\\/futbolandia\\\/files\\\/2012\\\/02\\\/liga_zon_sagres.jpg?fit=480%2C272&ssl=1\",\"datePublished\":\"2012-02-28T20:01:21+00:00\",\"dateModified\":\"2013-07-07T12:02:58+00:00\",\"author\":{\"@id\":\"https:\\\/\\\/www.manquepierda.com\\\/futbolandia\\\/#\\\/schema\\\/person\\\/f2133132be9857df14a26e2f116bbe94\"},\"breadcrumb\":{\"@id\":\"https:\\\/\\\/www.manquepierda.com\\\/futbolandia\\\/analisis-liga-zon-sagres-portuguesa-jornada-20-por-juanal-martinez\\\/#breadcrumb\"},\"inLanguage\":\"es\",\"potentialAction\":[{\"@type\":\"ReadAction\",\"target\":[\"https:\\\/\\\/www.manquepierda.com\\\/futbolandia\\\/analisis-liga-zon-sagres-portuguesa-jornada-20-por-juanal-martinez\\\/\"]}]},{\"@type\":\"ImageObject\",\"inLanguage\":\"es\",\"@id\":\"https:\\\/\\\/www.manquepierda.com\\\/futbolandia\\\/analisis-liga-zon-sagres-portuguesa-jornada-20-por-juanal-martinez\\\/#primaryimage\",\"url\":\"https:\\\/\\\/i0.wp.com\\\/www.manquepierda.com\\\/futbolandia\\\/files\\\/2012\\\/02\\\/liga_zon_sagres.jpg?fit=480%2C272&ssl=1\",\"contentUrl\":\"https:\\\/\\\/i0.wp.com\\\/www.manquepierda.com\\\/futbolandia\\\/files\\\/2012\\\/02\\\/liga_zon_sagres.jpg?fit=480%2C272&ssl=1\",\"width\":\"480\",\"height\":\"272\",\"caption\":\"Foto: Ligasagres.com\"},{\"@type\":\"BreadcrumbList\",\"@id\":\"https:\\\/\\\/www.manquepierda.com\\\/futbolandia\\\/analisis-liga-zon-sagres-portuguesa-jornada-20-por-juanal-martinez\\\/#breadcrumb\",\"itemListElement\":[{\"@type\":\"ListItem\",\"position\":1,\"name\":\"Portada\",\"item\":\"https:\\\/\\\/www.manquepierda.com\\\/futbolandia\\\/\"},{\"@type\":\"ListItem\",\"position\":2,\"name\":\"An\u00e1lisis Liga Zon Sagres Portuguesa: Jornada 20\"}]},{\"@type\":\"WebSite\",\"@id\":\"https:\\\/\\\/www.manquepierda.com\\\/futbolandia\\\/#website\",\"url\":\"https:\\\/\\\/www.manquepierda.com\\\/futbolandia\\\/\",\"name\":\"Futbolandia\",\"description\":\"Reportajes e informaci\u00f3n sobre f\u00fatbol mundial y j\u00f3venes promesas\",\"potentialAction\":[{\"@type\":\"SearchAction\",\"target\":{\"@type\":\"EntryPoint\",\"urlTemplate\":\"https:\\\/\\\/www.manquepierda.com\\\/futbolandia\\\/?s={search_term_string}\"},\"query-input\":{\"@type\":\"PropertyValueSpecification\",\"valueRequired\":true,\"valueName\":\"search_term_string\"}}],\"inLanguage\":\"es\"},{\"@type\":\"Person\",\"@id\":\"https:\\\/\\\/www.manquepierda.com\\\/futbolandia\\\/#\\\/schema\\\/person\\\/f2133132be9857df14a26e2f116bbe94\",\"name\":\"Adri\u00e1n Bedia Puerto\",\"image\":{\"@type\":\"ImageObject\",\"inLanguage\":\"es\",\"@id\":\"https:\\\/\\\/secure.gravatar.com\\\/avatar\\\/dea43547063ac034552de9ba24b2ce5dd1cf7bf2de4f05263cfbf331d51d3c5c?s=96&d=mm&r=g\",\"url\":\"https:\\\/\\\/secure.gravatar.com\\\/avatar\\\/dea43547063ac034552de9ba24b2ce5dd1cf7bf2de4f05263cfbf331d51d3c5c?s=96&d=mm&r=g\",\"contentUrl\":\"https:\\\/\\\/secure.gravatar.com\\\/avatar\\\/dea43547063ac034552de9ba24b2ce5dd1cf7bf2de4f05263cfbf331d51d3c5c?s=96&d=mm&r=g\",\"caption\":\"Adri\u00e1n Bedia Puerto\"},\"sameAs\":[\"http:\\\/\\\/minimessisyzidanes.blogspot.com\",\"https:\\\/\\\/x.com\\\/http:\\\/\\\/twitter.com\\\/Abp1993\"],\"url\":\"https:\\\/\\\/www.manquepierda.com\\\/futbolandia\\\/author\\\/abp1993\\\/\"}]}<\/script>\n<!-- \/ Yoast SEO plugin. -->","yoast_head_json":{"title":"An\u00e1lisis Liga Zon Sagres Portuguesa: Jornada 20 &#8211; Futbolandia","robots":{"index":"index","follow":"follow","max-snippet":"max-snippet:-1","max-image-preview":"max-image-preview:large","max-video-preview":"max-video-preview:-1"},"canonical":"https:\/\/www.manquepierda.com\/futbolandia\/analisis-liga-zon-sagres-portuguesa-jornada-20-por-juanal-martinez\/","og_locale":"es_ES","og_type":"article","og_title":"An\u00e1lisis Liga Zon Sagres Portuguesa: Jornada 20 &#8211; Futbolandia","og_description":"Semana tras semana la Liga Zon Sagres va incrementando su competitividad. No existe ning\u00fan rival sencillo y las sorpresas se van sucediendo aunque no siempre en la misma direcci\u00f3n\u2026 Este fin de semana se celebraba la vig\u00e9simo jornada en Portugal con gran cantidad de partidos interesantes y con varias preguntas en la mente de los...","og_url":"https:\/\/www.manquepierda.com\/futbolandia\/analisis-liga-zon-sagres-portuguesa-jornada-20-por-juanal-martinez\/","og_site_name":"Futbolandia","article_published_time":"2012-02-28T20:01:21+00:00","article_modified_time":"2013-07-07T12:02:58+00:00","og_image":[{"width":480,"height":272,"url":"https:\/\/i0.wp.com\/www.manquepierda.com\/futbolandia\/files\/2012\/02\/liga_zon_sagres.jpg?fit=480%2C272&ssl=1","type":"image\/jpeg"}],"author":"Adri\u00e1n Bedia Puerto","twitter_misc":{"Escrito por":"Adri\u00e1n Bedia Puerto","Tiempo de lectura":"10 minutos"},"schema":{"@context":"https:\/\/schema.org","@graph":[{"@type":"Article","@id":"https:\/\/www.manquepierda.com\/futbolandia\/analisis-liga-zon-sagres-portuguesa-jornada-20-por-juanal-martinez\/#article","isPartOf":{"@id":"https:\/\/www.manquepierda.com\/futbolandia\/analisis-liga-zon-sagres-portuguesa-jornada-20-por-juanal-martinez\/"},"author":{"name":"Adri\u00e1n Bedia Puerto","@id":"https:\/\/www.manquepierda.com\/futbolandia\/#\/schema\/person\/f2133132be9857df14a26e2f116bbe94"},"headline":"An\u00e1lisis Liga Zon Sagres Portuguesa: Jornada 20","datePublished":"2012-02-28T20:01:21+00:00","dateModified":"2013-07-07T12:02:58+00:00","mainEntityOfPage":{"@id":"https:\/\/www.manquepierda.com\/futbolandia\/analisis-liga-zon-sagres-portuguesa-jornada-20-por-juanal-martinez\/"},"wordCount":1946,"commentCount":0,"image":{"@id":"https:\/\/www.manquepierda.com\/futbolandia\/analisis-liga-zon-sagres-portuguesa-jornada-20-por-juanal-martinez\/#primaryimage"},"thumbnailUrl":"https:\/\/i0.wp.com\/www.manquepierda.com\/futbolandia\/files\/2012\/02\/liga_zon_sagres.jpg?fit=480%2C272&ssl=1","keywords":["20","Analisis","jornada","Liga","Portuguesa"],"articleSection":["Mas f\u00fatbol","Portada"],"inLanguage":"es","potentialAction":[{"@type":"CommentAction","name":"Comment","target":["https:\/\/www.manquepierda.com\/futbolandia\/analisis-liga-zon-sagres-portuguesa-jornada-20-por-juanal-martinez\/#respond"]}]},{"@type":"WebPage","@id":"https:\/\/www.manquepierda.com\/futbolandia\/analisis-liga-zon-sagres-portuguesa-jornada-20-por-juanal-martinez\/","url":"https:\/\/www.manquepierda.com\/futbolandia\/analisis-liga-zon-sagres-portuguesa-jornada-20-por-juanal-martinez\/","name":"An\u00e1lisis Liga Zon Sagres Portuguesa: Jornada 20 &#8211; Futbolandia","isPartOf":{"@id":"https:\/\/www.manquepierda.com\/futbolandia\/#website"},"primaryImageOfPage":{"@id":"https:\/\/www.manquepierda.com\/futbolandia\/analisis-liga-zon-sagres-portuguesa-jornada-20-por-juanal-martinez\/#primaryimage"},"image":{"@id":"https:\/\/www.manquepierda.com\/futbolandia\/analisis-liga-zon-sagres-portuguesa-jornada-20-por-juanal-martinez\/#primaryimage"},"thumbnailUrl":"https:\/\/i0.wp.com\/www.manquepierda.com\/futbolandia\/files\/2012\/02\/liga_zon_sagres.jpg?fit=480%2C272&ssl=1","datePublished":"2012-02-28T20:01:21+00:00","dateModified":"2013-07-07T12:02:58+00:00","author":{"@id":"https:\/\/www.manquepierda.com\/futbolandia\/#\/schema\/person\/f2133132be9857df14a26e2f116bbe94"},"breadcrumb":{"@id":"https:\/\/www.manquepierda.com\/futbolandia\/analisis-liga-zon-sagres-portuguesa-jornada-20-por-juanal-martinez\/#breadcrumb"},"inLanguage":"es","potentialAction":[{"@type":"ReadAction","target":["https:\/\/www.manquepierda.com\/futbolandia\/analisis-liga-zon-sagres-portuguesa-jornada-20-por-juanal-martinez\/"]}]},{"@type":"ImageObject","inLanguage":"es","@id":"https:\/\/www.manquepierda.com\/futbolandia\/analisis-liga-zon-sagres-portuguesa-jornada-20-por-juanal-martinez\/#primaryimage","url":"https:\/\/i0.wp.com\/www.manquepierda.com\/futbolandia\/files\/2012\/02\/liga_zon_sagres.jpg?fit=480%2C272&ssl=1","contentUrl":"https:\/\/i0.wp.com\/www.manquepierda.com\/futbolandia\/files\/2012\/02\/liga_zon_sagres.jpg?fit=480%2C272&ssl=1","width":"480","height":"272","caption":"Foto: Ligasagres.com"},{"@type":"BreadcrumbList","@id":"https:\/\/www.manquepierda.com\/futbolandia\/analisis-liga-zon-sagres-portuguesa-jornada-20-por-juanal-martinez\/#breadcrumb","itemListElement":[{"@type":"ListItem","position":1,"name":"Portada","item":"https:\/\/www.manquepierda.com\/futbolandia\/"},{"@type":"ListItem","position":2,"name":"An\u00e1lisis Liga Zon Sagres Portuguesa: Jornada 20"}]},{"@type":"WebSite","@id":"https:\/\/www.manquepierda.com\/futbolandia\/#website","url":"https:\/\/www.manquepierda.com\/futbolandia\/","name":"Futbolandia","description":"Reportajes e informaci\u00f3n sobre f\u00fatbol mundial y j\u00f3venes promesas","potentialAction":[{"@type":"SearchAction","target":{"@type":"EntryPoint","urlTemplate":"https:\/\/www.manquepierda.com\/futbolandia\/?s={search_term_string}"},"query-input":{"@type":"PropertyValueSpecification","valueRequired":true,"valueName":"search_term_string"}}],"inLanguage":"es"},{"@type":"Person","@id":"https:\/\/www.manquepierda.com\/futbolandia\/#\/schema\/person\/f2133132be9857df14a26e2f116bbe94","name":"Adri\u00e1n Bedia Puerto","image":{"@type":"ImageObject","inLanguage":"es","@id":"https:\/\/secure.gravatar.com\/avatar\/dea43547063ac034552de9ba24b2ce5dd1cf7bf2de4f05263cfbf331d51d3c5c?s=96&d=mm&r=g","url":"https:\/\/secure.gravatar.com\/avatar\/dea43547063ac034552de9ba24b2ce5dd1cf7bf2de4f05263cfbf331d51d3c5c?s=96&d=mm&r=g","contentUrl":"https:\/\/secure.gravatar.com\/avatar\/dea43547063ac034552de9ba24b2ce5dd1cf7bf2de4f05263cfbf331d51d3c5c?s=96&d=mm&r=g","caption":"Adri\u00e1n Bedia Puerto"},"sameAs":["http:\/\/minimessisyzidanes.blogspot.com","https:\/\/x.com\/http:\/\/twitter.com\/Abp1993"],"url":"https:\/\/www.manquepierda.com\/futbolandia\/author\/abp1993\/"}]}},"jetpack_publicize_connections":[],"jetpack_featured_media_url":"https:\/\/i0.wp.com\/www.manquepierda.com\/futbolandia\/files\/2012\/02\/liga_zon_sagres.jpg?fit=480%2C272&ssl=1","jetpack_shortlink":"https:\/\/wp.me\/p1THIg-ja","jetpack_sharing_enabled":true,"_links":{"self":[{"href":"https:\/\/www.manquepierda.com\/futbolandia\/wp-json\/wp\/v2\/posts\/1188","targetHints":{"allow":["GET"]}}],"collection":[{"href":"https:\/\/www.manquepierda.com\/futbolandia\/wp-json\/wp\/v2\/posts"}],"about":[{"href":"https:\/\/www.manquepierda.com\/futbolandia\/wp-json\/wp\/v2\/types\/post"}],"author":[{"embeddable":true,"href":"https:\/\/www.manquepierda.com\/futbolandia\/wp-json\/wp\/v2\/users\/100"}],"replies":[{"embeddable":true,"href":"https:\/\/www.manquepierda.com\/futbolandia\/wp-json\/wp\/v2\/comments?post=1188"}],"version-history":[{"count":0,"href":"https:\/\/www.manquepierda.com\/futbolandia\/wp-json\/wp\/v2\/posts\/1188\/revisions"}],"wp:featuredmedia":[{"embeddable":true,"href":"https:\/\/www.manquepierda.com\/futbolandia\/wp-json\/wp\/v2\/media\/822"}],"wp:attachment":[{"href":"https:\/\/www.manquepierda.com\/futbolandia\/wp-json\/wp\/v2\/media?parent=1188"}],"wp:term":[{"taxonomy":"category","embeddable":true,"href":"https:\/\/www.manquepierda.com\/futbolandia\/wp-json\/wp\/v2\/categories?post=1188"},{"taxonomy":"post_tag","embeddable":true,"href":"https:\/\/www.manquepierda.com\/futbolandia\/wp-json\/wp\/v2\/tags?post=1188"}],"curies":[{"name":"wp","href":"https:\/\/api.w.org\/{rel}","templated":true}]}}