{"id":1199,"date":"2012-02-29T12:52:43","date_gmt":"2012-02-29T10:52:43","guid":{"rendered":"http:\/\/www.manquepierda.com\/futbolandia\/?p=1199"},"modified":"2013-07-07T18:56:40","modified_gmt":"2013-07-07T16:56:40","slug":"analisis-liga-austriaca-jornada-22-por-antonio-aragoneses","status":"publish","type":"post","link":"https:\/\/www.manquepierda.com\/futbolandia\/analisis-liga-austriaca-jornada-22-por-antonio-aragoneses\/","title":{"rendered":"An\u00e1lisis Liga Austriaca: Jornada 22"},"content":{"rendered":"<p style=\"text-align: justify\"><strong>Admira 0 Mattersburg 1<\/strong><\/p>\n<p style=\"text-align: justify\"><strong><br \/>\n<\/strong><\/p>\n<p style=\"text-align: justify\">El partido que abri\u00f3 la jornada acab\u00f3 con sorpresa. El equipo de Lederer se impuso a domicilio a un Admira que no demostr\u00f3 nada en todo el partido y para colmo se lesion\u00f3 el capit\u00e1n Dibon, que ser\u00e1 baja para el partido de la sub21 de entre semana. El gol lleg\u00f3 en el minuto 9 por medio de Seidl en un contragolpe bien llevado por todo el equipo que culmin\u00f3 bien el austriaco tras un buen pase de Naumoski que le dej\u00f3 delante de Tischler y Seidl no perdon\u00f3.\u00a0 En la primera parte Schawb pudo empatar, pero el Mattersburg no se qued\u00f3 quieto y en la misma jugada Naumoski y Potzmann pudieron meter el 0-2 para los visitantes. La segunda parte fue un quiero y no puedo del Admira, donde ni siquiera Hosiner pudo marcar y amargar el triunfo del Mattersburg.<\/p>\n<p style=\"text-align: justify\"><strong>Sturm Graz 0 Rapid Viena 0<\/strong><\/p>\n<p style=\"text-align: justify\"><strong><br \/>\n<\/strong><\/p>\n<p style=\"text-align: justify\">Empate a cero entre el actual campe\u00f3n y el actual lider de la Liga en el UPC-Arena de Graz. El partido fue muy igualado y no sirvi\u00f3 para ver mucho juego ni demasiadas ocasiones, eso si, sirvi\u00f3 para que el Rapid siga con su buena racha fuera y el Sturm Graz sume ya catorce partidos en casa sin caer derrotado. Las mejores ocasiones de la primera parte fueron del Rapid que estuvo a punto de romper el empate a cero en tres ocasiones con ocasiones de Burgstaller, Tronhofer y Trimmel. Mientras que el Sturm Graz no tuvo ninguna ocasi\u00f3n clara en este per\u00edodo. En la segunda parte las fuerzas tambi\u00e9n estuvieron niveladas y solamente un par de ocasiones por cada equipo y un gol (para mi mal anulado) al Rapid fueron lo m\u00e1s destacados.<\/p>\n<p style=\"text-align: justify\"><strong>Wiener Neustad 0 Wacker Innsbruck 0<\/strong><\/p>\n<p style=\"text-align: justify\">Otro empate a cero el que se vio en el Sportstadion Wr. Neustadt entre dos equipos que son muy parejos en calidad y esfuerzo. Poca historia tuvo el partido y pocas ocasiones, as\u00ed que poco hay que decir de este encuentro en el que todo estuvo igualado incluso la posesi\u00f3n que estuvo 45% a 55%.<\/p>\n<p style=\"text-align: justify\"><strong>Austria Viena 0 Superfund Kapfenberg 1<\/strong><\/p>\n<p style=\"text-align: justify\"><strong><br \/>\n<\/strong><\/p>\n<p style=\"text-align: justify\">Gran sorpresa en el Generalli Arena donde el colista se impuso al equipo de Ivica Vastic que ven\u00eda de empatar la jornada pasada en el derbi de Viena. Vastic sorprendi\u00f3 dejando en el banquillo a Gorgon y a Kienast y dando entrada a Tadic y Jun en la parte de arriba. Tambi\u00e9n por fin pudimos ver de\u00a0titular\u00a0a Simkovic en la banda izquierda. El equipo de Von Heesen sorprendi\u00f3 con un 4-1-4-1, con Babangida en la banda derecha y Elsneg en la izquierda y con el debutante Nathan Junior como\u00a0\u00fanico\u00a0referente arriba. Ya desde el principio se vio que los visitantes no hab\u00edan ido a pasar el tramite a Viena y Babangida dio el primer susto a la meta de Lindner. El Austria Viena s\u00f3lo caus\u00f3 algo de peligro en los balones parados sacados por Simkovic, que ha tomado el testigo de Junuzovic en esas jugadas. Antes de terminar la primera parte una incursi\u00f3n por la banda derecha de Pitter acab\u00f3 en penalti tras una mano de Margreitter. El penalti lo transform\u00f3 Junior que tuvo que repetirlo puesto que sus compa\u00f1eros se metieron dentro del \u00e1rea antes de lanzar. Justo antes de finalizar la primera parte Haruna Babangida fue expulsado por segunda tarjeta amarilla y dej\u00f3 al equipo con uno menos durante toda la segunda parte. En la segunda parte el \u00e1rbitro anul\u00f3 un gol legal a Gr\u00fcnwald por presunto fuera de juego, pero por detr\u00e1s del jugador del Austria Viena hab\u00eda dos jugadores. En este tiempo fue un autentico acoso y derribo por parte de los hombres de Vastic con muchas ocasiones pero ninguna acab\u00f3 en buen puerto y el resultado no se movi\u00f3.<\/p>\n<p style=\"text-align: justify\"><strong>Ried 0 Reb Bull Salzburgo 1<\/strong><\/p>\n<p style=\"text-align: justify\"><strong><br \/>\n<\/strong><\/p>\n<p style=\"text-align: justify\">Los de Moniz ganaron\u00a0despu\u00e9s\u00a0del rid\u00edculo europeo ante el Metalist en Ucrania y se acercaron al l\u00edder y ya est\u00e1n segundos con un partido menos. Fue muy superior el Salzburgo durante la primera parte, donde Leonardo demostr\u00f3 que tiene esa calidad que se le presupone. Jantscher tambi\u00e9n estuvo bien por la banda derecha. Moniz sorprendi\u00f3 con un 4-2-3-1 con Maierhofer en punta y el espa\u00f1ol Soriano en la mediapunta. El Ried form\u00f3 con un 3-5-1-1 o un 5-3-1-1 ya que los dos laterales (Basala-Mazana y Schreiner) suben la banda como si fueran unos atacantes m\u00e1s. Una buena jugada de Leonardo que encar\u00f3 en el borde del \u00e1rea a los rivales, dio un pase a Soriano que con una asistencia espectacular dej\u00f3 solo a Svento y este anot\u00f3 el \u00fanico gol del partido. La segunda parte fue muy aburrida con pocas ocasiones sobretodo porque empez\u00f3 a nevar sobre Ried y eso dificult\u00f3 el juego de ambos equipos.<\/p>\n<p style=\"text-align: justify\"><strong>CLASIFICACI\u00d3N<\/strong><\/p>\n<figure style=\"width: 458px\" class=\"wp-caption aligncenter\"><img data-recalc-dims=\"1\" loading=\"lazy\" decoding=\"async\" alt=\"\" src=\"https:\/\/i0.wp.com\/1.bp.blogspot.com\/-U01Kq_M9jpM\/T0uwgUI8bcI\/AAAAAAAAAUE\/gdu2MHrpjWE\/s1600\/CLAS.jpg?resize=458%2C211\" width=\"458\" height=\"211\" \/><figcaption class=\"wp-caption-text\">Foto: Pundonoraustriaco.blogspot.com\/<\/figcaption><\/figure>\n<p>&nbsp;<\/p>\n<p>Antonio Aragoneses<\/p>\n<p>@Torres13aac<\/p>\n","protected":false},"excerpt":{"rendered":"<p>Admira 0 Mattersburg 1 El partido que abri\u00f3 la jornada acab\u00f3 con sorpresa. El equipo de Lederer se impuso a domicilio a un Admira que no demostr\u00f3 nada en todo el partido y para colmo se lesion\u00f3 el capit\u00e1n Dibon, que ser\u00e1 baja para el partido de la sub21 de entre semana. El gol lleg\u00f3&#8230;<\/p>\n","protected":false},"author":100,"featured_media":1200,"comment_status":"open","ping_status":"open","sticky":false,"template":"","format":"standard","meta":{"_kad_post_transparent":"","_kad_post_title":"","_kad_post_layout":"","_kad_post_sidebar_id":"","_kad_post_content_style":"","_kad_post_vertical_padding":"","_kad_post_feature":"","_kad_post_feature_position":"","_kad_post_header":false,"_kad_post_footer":false,"_kad_post_classname":"","_jetpack_memberships_contains_paid_content":false,"footnotes":"","jetpack_publicize_message":"","jetpack_publicize_feature_enabled":true,"jetpack_social_post_already_shared":false,"jetpack_social_options":{"image_generator_settings":{"template":"highway","default_image_id":0,"font":"","enabled":false},"version":2}},"categories":[10],"tags":[510,442,509,90,444],"class_list":["post-1199","post","type-post","status-publish","format-standard","has-post-thumbnail","hentry","category-portada","tag-510","tag-analisis","tag-austriaca","tag-jornada","tag-liga"],"yoast_head":"<!-- This site is optimized with the Yoast SEO plugin v27.5 - https:\/\/yoast.com\/product\/yoast-seo-wordpress\/ -->\n<title>An\u00e1lisis Liga Austriaca: Jornada 22 &#8211; Futbolandia<\/title>\n<meta name=\"robots\" content=\"index, follow, max-snippet:-1, max-image-preview:large, max-video-preview:-1\" \/>\n<link rel=\"canonical\" href=\"https:\/\/www.manquepierda.com\/futbolandia\/analisis-liga-austriaca-jornada-22-por-antonio-aragoneses\/\" \/>\n<meta property=\"og:locale\" content=\"es_ES\" \/>\n<meta property=\"og:type\" content=\"article\" \/>\n<meta property=\"og:title\" content=\"An\u00e1lisis Liga Austriaca: Jornada 22 &#8211; Futbolandia\" \/>\n<meta property=\"og:description\" content=\"Admira 0 Mattersburg 1 El partido que abri\u00f3 la jornada acab\u00f3 con sorpresa. El equipo de Lederer se impuso a domicilio a un Admira que no demostr\u00f3 nada en todo el partido y para colmo se lesion\u00f3 el capit\u00e1n Dibon, que ser\u00e1 baja para el partido de la sub21 de entre semana. El gol lleg\u00f3...\" \/>\n<meta property=\"og:url\" content=\"https:\/\/www.manquepierda.com\/futbolandia\/analisis-liga-austriaca-jornada-22-por-antonio-aragoneses\/\" \/>\n<meta property=\"og:site_name\" content=\"Futbolandia\" \/>\n<meta property=\"article:published_time\" content=\"2012-02-29T10:52:43+00:00\" \/>\n<meta property=\"article:modified_time\" content=\"2013-07-07T16:56:40+00:00\" \/>\n<meta property=\"og:image\" content=\"https:\/\/i0.wp.com\/www.manquepierda.com\/futbolandia\/files\/2012\/02\/Austria-Erste-Ligalive-stream.jpg?fit=632%2C356&ssl=1\" \/>\n\t<meta property=\"og:image:width\" content=\"632\" \/>\n\t<meta property=\"og:image:height\" content=\"356\" \/>\n\t<meta property=\"og:image:type\" content=\"image\/jpeg\" \/>\n<meta name=\"author\" content=\"Adri\u00e1n Bedia Puerto\" \/>\n<meta name=\"twitter:label1\" content=\"Escrito por\" \/>\n\t<meta name=\"twitter:data1\" content=\"Adri\u00e1n Bedia Puerto\" \/>\n\t<meta name=\"twitter:label2\" content=\"Tiempo de lectura\" \/>\n\t<meta name=\"twitter:data2\" content=\"4 minutos\" \/>\n<script type=\"application\/ld+json\" class=\"yoast-schema-graph\">{\"@context\":\"https:\\\/\\\/schema.org\",\"@graph\":[{\"@type\":\"Article\",\"@id\":\"https:\\\/\\\/www.manquepierda.com\\\/futbolandia\\\/analisis-liga-austriaca-jornada-22-por-antonio-aragoneses\\\/#article\",\"isPartOf\":{\"@id\":\"https:\\\/\\\/www.manquepierda.com\\\/futbolandia\\\/analisis-liga-austriaca-jornada-22-por-antonio-aragoneses\\\/\"},\"author\":{\"name\":\"Adri\u00e1n Bedia Puerto\",\"@id\":\"https:\\\/\\\/www.manquepierda.com\\\/futbolandia\\\/#\\\/schema\\\/person\\\/f2133132be9857df14a26e2f116bbe94\"},\"headline\":\"An\u00e1lisis Liga Austriaca: Jornada 22\",\"datePublished\":\"2012-02-29T10:52:43+00:00\",\"dateModified\":\"2013-07-07T16:56:40+00:00\",\"mainEntityOfPage\":{\"@id\":\"https:\\\/\\\/www.manquepierda.com\\\/futbolandia\\\/analisis-liga-austriaca-jornada-22-por-antonio-aragoneses\\\/\"},\"wordCount\":832,\"commentCount\":0,\"image\":{\"@id\":\"https:\\\/\\\/www.manquepierda.com\\\/futbolandia\\\/analisis-liga-austriaca-jornada-22-por-antonio-aragoneses\\\/#primaryimage\"},\"thumbnailUrl\":\"https:\\\/\\\/i0.wp.com\\\/www.manquepierda.com\\\/futbolandia\\\/files\\\/2012\\\/02\\\/Austria-Erste-Ligalive-stream.jpg?fit=632%2C356&ssl=1\",\"keywords\":[\"22\",\"Analisis\",\"Austriaca\",\"jornada\",\"Liga\"],\"articleSection\":[\"Portada\"],\"inLanguage\":\"es\",\"potentialAction\":[{\"@type\":\"CommentAction\",\"name\":\"Comment\",\"target\":[\"https:\\\/\\\/www.manquepierda.com\\\/futbolandia\\\/analisis-liga-austriaca-jornada-22-por-antonio-aragoneses\\\/#respond\"]}]},{\"@type\":\"WebPage\",\"@id\":\"https:\\\/\\\/www.manquepierda.com\\\/futbolandia\\\/analisis-liga-austriaca-jornada-22-por-antonio-aragoneses\\\/\",\"url\":\"https:\\\/\\\/www.manquepierda.com\\\/futbolandia\\\/analisis-liga-austriaca-jornada-22-por-antonio-aragoneses\\\/\",\"name\":\"An\u00e1lisis Liga Austriaca: Jornada 22 &#8211; Futbolandia\",\"isPartOf\":{\"@id\":\"https:\\\/\\\/www.manquepierda.com\\\/futbolandia\\\/#website\"},\"primaryImageOfPage\":{\"@id\":\"https:\\\/\\\/www.manquepierda.com\\\/futbolandia\\\/analisis-liga-austriaca-jornada-22-por-antonio-aragoneses\\\/#primaryimage\"},\"image\":{\"@id\":\"https:\\\/\\\/www.manquepierda.com\\\/futbolandia\\\/analisis-liga-austriaca-jornada-22-por-antonio-aragoneses\\\/#primaryimage\"},\"thumbnailUrl\":\"https:\\\/\\\/i0.wp.com\\\/www.manquepierda.com\\\/futbolandia\\\/files\\\/2012\\\/02\\\/Austria-Erste-Ligalive-stream.jpg?fit=632%2C356&ssl=1\",\"datePublished\":\"2012-02-29T10:52:43+00:00\",\"dateModified\":\"2013-07-07T16:56:40+00:00\",\"author\":{\"@id\":\"https:\\\/\\\/www.manquepierda.com\\\/futbolandia\\\/#\\\/schema\\\/person\\\/f2133132be9857df14a26e2f116bbe94\"},\"breadcrumb\":{\"@id\":\"https:\\\/\\\/www.manquepierda.com\\\/futbolandia\\\/analisis-liga-austriaca-jornada-22-por-antonio-aragoneses\\\/#breadcrumb\"},\"inLanguage\":\"es\",\"potentialAction\":[{\"@type\":\"ReadAction\",\"target\":[\"https:\\\/\\\/www.manquepierda.com\\\/futbolandia\\\/analisis-liga-austriaca-jornada-22-por-antonio-aragoneses\\\/\"]}]},{\"@type\":\"ImageObject\",\"inLanguage\":\"es\",\"@id\":\"https:\\\/\\\/www.manquepierda.com\\\/futbolandia\\\/analisis-liga-austriaca-jornada-22-por-antonio-aragoneses\\\/#primaryimage\",\"url\":\"https:\\\/\\\/i0.wp.com\\\/www.manquepierda.com\\\/futbolandia\\\/files\\\/2012\\\/02\\\/Austria-Erste-Ligalive-stream.jpg?fit=632%2C356&ssl=1\",\"contentUrl\":\"https:\\\/\\\/i0.wp.com\\\/www.manquepierda.com\\\/futbolandia\\\/files\\\/2012\\\/02\\\/Austria-Erste-Ligalive-stream.jpg?fit=632%2C356&ssl=1\",\"width\":\"632\",\"height\":\"356\"},{\"@type\":\"BreadcrumbList\",\"@id\":\"https:\\\/\\\/www.manquepierda.com\\\/futbolandia\\\/analisis-liga-austriaca-jornada-22-por-antonio-aragoneses\\\/#breadcrumb\",\"itemListElement\":[{\"@type\":\"ListItem\",\"position\":1,\"name\":\"Portada\",\"item\":\"https:\\\/\\\/www.manquepierda.com\\\/futbolandia\\\/\"},{\"@type\":\"ListItem\",\"position\":2,\"name\":\"An\u00e1lisis Liga Austriaca: Jornada 22\"}]},{\"@type\":\"WebSite\",\"@id\":\"https:\\\/\\\/www.manquepierda.com\\\/futbolandia\\\/#website\",\"url\":\"https:\\\/\\\/www.manquepierda.com\\\/futbolandia\\\/\",\"name\":\"Futbolandia\",\"description\":\"Reportajes e informaci\u00f3n sobre f\u00fatbol mundial y j\u00f3venes promesas\",\"potentialAction\":[{\"@type\":\"SearchAction\",\"target\":{\"@type\":\"EntryPoint\",\"urlTemplate\":\"https:\\\/\\\/www.manquepierda.com\\\/futbolandia\\\/?s={search_term_string}\"},\"query-input\":{\"@type\":\"PropertyValueSpecification\",\"valueRequired\":true,\"valueName\":\"search_term_string\"}}],\"inLanguage\":\"es\"},{\"@type\":\"Person\",\"@id\":\"https:\\\/\\\/www.manquepierda.com\\\/futbolandia\\\/#\\\/schema\\\/person\\\/f2133132be9857df14a26e2f116bbe94\",\"name\":\"Adri\u00e1n Bedia Puerto\",\"image\":{\"@type\":\"ImageObject\",\"inLanguage\":\"es\",\"@id\":\"https:\\\/\\\/secure.gravatar.com\\\/avatar\\\/dea43547063ac034552de9ba24b2ce5dd1cf7bf2de4f05263cfbf331d51d3c5c?s=96&d=mm&r=g\",\"url\":\"https:\\\/\\\/secure.gravatar.com\\\/avatar\\\/dea43547063ac034552de9ba24b2ce5dd1cf7bf2de4f05263cfbf331d51d3c5c?s=96&d=mm&r=g\",\"contentUrl\":\"https:\\\/\\\/secure.gravatar.com\\\/avatar\\\/dea43547063ac034552de9ba24b2ce5dd1cf7bf2de4f05263cfbf331d51d3c5c?s=96&d=mm&r=g\",\"caption\":\"Adri\u00e1n Bedia Puerto\"},\"sameAs\":[\"http:\\\/\\\/minimessisyzidanes.blogspot.com\",\"https:\\\/\\\/x.com\\\/http:\\\/\\\/twitter.com\\\/Abp1993\"],\"url\":\"https:\\\/\\\/www.manquepierda.com\\\/futbolandia\\\/author\\\/abp1993\\\/\"}]}<\/script>\n<!-- \/ Yoast SEO plugin. -->","yoast_head_json":{"title":"An\u00e1lisis Liga Austriaca: Jornada 22 &#8211; Futbolandia","robots":{"index":"index","follow":"follow","max-snippet":"max-snippet:-1","max-image-preview":"max-image-preview:large","max-video-preview":"max-video-preview:-1"},"canonical":"https:\/\/www.manquepierda.com\/futbolandia\/analisis-liga-austriaca-jornada-22-por-antonio-aragoneses\/","og_locale":"es_ES","og_type":"article","og_title":"An\u00e1lisis Liga Austriaca: Jornada 22 &#8211; Futbolandia","og_description":"Admira 0 Mattersburg 1 El partido que abri\u00f3 la jornada acab\u00f3 con sorpresa. El equipo de Lederer se impuso a domicilio a un Admira que no demostr\u00f3 nada en todo el partido y para colmo se lesion\u00f3 el capit\u00e1n Dibon, que ser\u00e1 baja para el partido de la sub21 de entre semana. El gol lleg\u00f3...","og_url":"https:\/\/www.manquepierda.com\/futbolandia\/analisis-liga-austriaca-jornada-22-por-antonio-aragoneses\/","og_site_name":"Futbolandia","article_published_time":"2012-02-29T10:52:43+00:00","article_modified_time":"2013-07-07T16:56:40+00:00","og_image":[{"width":632,"height":356,"url":"https:\/\/i0.wp.com\/www.manquepierda.com\/futbolandia\/files\/2012\/02\/Austria-Erste-Ligalive-stream.jpg?fit=632%2C356&ssl=1","type":"image\/jpeg"}],"author":"Adri\u00e1n Bedia Puerto","twitter_misc":{"Escrito por":"Adri\u00e1n Bedia Puerto","Tiempo de lectura":"4 minutos"},"schema":{"@context":"https:\/\/schema.org","@graph":[{"@type":"Article","@id":"https:\/\/www.manquepierda.com\/futbolandia\/analisis-liga-austriaca-jornada-22-por-antonio-aragoneses\/#article","isPartOf":{"@id":"https:\/\/www.manquepierda.com\/futbolandia\/analisis-liga-austriaca-jornada-22-por-antonio-aragoneses\/"},"author":{"name":"Adri\u00e1n Bedia Puerto","@id":"https:\/\/www.manquepierda.com\/futbolandia\/#\/schema\/person\/f2133132be9857df14a26e2f116bbe94"},"headline":"An\u00e1lisis Liga Austriaca: Jornada 22","datePublished":"2012-02-29T10:52:43+00:00","dateModified":"2013-07-07T16:56:40+00:00","mainEntityOfPage":{"@id":"https:\/\/www.manquepierda.com\/futbolandia\/analisis-liga-austriaca-jornada-22-por-antonio-aragoneses\/"},"wordCount":832,"commentCount":0,"image":{"@id":"https:\/\/www.manquepierda.com\/futbolandia\/analisis-liga-austriaca-jornada-22-por-antonio-aragoneses\/#primaryimage"},"thumbnailUrl":"https:\/\/i0.wp.com\/www.manquepierda.com\/futbolandia\/files\/2012\/02\/Austria-Erste-Ligalive-stream.jpg?fit=632%2C356&ssl=1","keywords":["22","Analisis","Austriaca","jornada","Liga"],"articleSection":["Portada"],"inLanguage":"es","potentialAction":[{"@type":"CommentAction","name":"Comment","target":["https:\/\/www.manquepierda.com\/futbolandia\/analisis-liga-austriaca-jornada-22-por-antonio-aragoneses\/#respond"]}]},{"@type":"WebPage","@id":"https:\/\/www.manquepierda.com\/futbolandia\/analisis-liga-austriaca-jornada-22-por-antonio-aragoneses\/","url":"https:\/\/www.manquepierda.com\/futbolandia\/analisis-liga-austriaca-jornada-22-por-antonio-aragoneses\/","name":"An\u00e1lisis Liga Austriaca: Jornada 22 &#8211; Futbolandia","isPartOf":{"@id":"https:\/\/www.manquepierda.com\/futbolandia\/#website"},"primaryImageOfPage":{"@id":"https:\/\/www.manquepierda.com\/futbolandia\/analisis-liga-austriaca-jornada-22-por-antonio-aragoneses\/#primaryimage"},"image":{"@id":"https:\/\/www.manquepierda.com\/futbolandia\/analisis-liga-austriaca-jornada-22-por-antonio-aragoneses\/#primaryimage"},"thumbnailUrl":"https:\/\/i0.wp.com\/www.manquepierda.com\/futbolandia\/files\/2012\/02\/Austria-Erste-Ligalive-stream.jpg?fit=632%2C356&ssl=1","datePublished":"2012-02-29T10:52:43+00:00","dateModified":"2013-07-07T16:56:40+00:00","author":{"@id":"https:\/\/www.manquepierda.com\/futbolandia\/#\/schema\/person\/f2133132be9857df14a26e2f116bbe94"},"breadcrumb":{"@id":"https:\/\/www.manquepierda.com\/futbolandia\/analisis-liga-austriaca-jornada-22-por-antonio-aragoneses\/#breadcrumb"},"inLanguage":"es","potentialAction":[{"@type":"ReadAction","target":["https:\/\/www.manquepierda.com\/futbolandia\/analisis-liga-austriaca-jornada-22-por-antonio-aragoneses\/"]}]},{"@type":"ImageObject","inLanguage":"es","@id":"https:\/\/www.manquepierda.com\/futbolandia\/analisis-liga-austriaca-jornada-22-por-antonio-aragoneses\/#primaryimage","url":"https:\/\/i0.wp.com\/www.manquepierda.com\/futbolandia\/files\/2012\/02\/Austria-Erste-Ligalive-stream.jpg?fit=632%2C356&ssl=1","contentUrl":"https:\/\/i0.wp.com\/www.manquepierda.com\/futbolandia\/files\/2012\/02\/Austria-Erste-Ligalive-stream.jpg?fit=632%2C356&ssl=1","width":"632","height":"356"},{"@type":"BreadcrumbList","@id":"https:\/\/www.manquepierda.com\/futbolandia\/analisis-liga-austriaca-jornada-22-por-antonio-aragoneses\/#breadcrumb","itemListElement":[{"@type":"ListItem","position":1,"name":"Portada","item":"https:\/\/www.manquepierda.com\/futbolandia\/"},{"@type":"ListItem","position":2,"name":"An\u00e1lisis Liga Austriaca: Jornada 22"}]},{"@type":"WebSite","@id":"https:\/\/www.manquepierda.com\/futbolandia\/#website","url":"https:\/\/www.manquepierda.com\/futbolandia\/","name":"Futbolandia","description":"Reportajes e informaci\u00f3n sobre f\u00fatbol mundial y j\u00f3venes promesas","potentialAction":[{"@type":"SearchAction","target":{"@type":"EntryPoint","urlTemplate":"https:\/\/www.manquepierda.com\/futbolandia\/?s={search_term_string}"},"query-input":{"@type":"PropertyValueSpecification","valueRequired":true,"valueName":"search_term_string"}}],"inLanguage":"es"},{"@type":"Person","@id":"https:\/\/www.manquepierda.com\/futbolandia\/#\/schema\/person\/f2133132be9857df14a26e2f116bbe94","name":"Adri\u00e1n Bedia Puerto","image":{"@type":"ImageObject","inLanguage":"es","@id":"https:\/\/secure.gravatar.com\/avatar\/dea43547063ac034552de9ba24b2ce5dd1cf7bf2de4f05263cfbf331d51d3c5c?s=96&d=mm&r=g","url":"https:\/\/secure.gravatar.com\/avatar\/dea43547063ac034552de9ba24b2ce5dd1cf7bf2de4f05263cfbf331d51d3c5c?s=96&d=mm&r=g","contentUrl":"https:\/\/secure.gravatar.com\/avatar\/dea43547063ac034552de9ba24b2ce5dd1cf7bf2de4f05263cfbf331d51d3c5c?s=96&d=mm&r=g","caption":"Adri\u00e1n Bedia Puerto"},"sameAs":["http:\/\/minimessisyzidanes.blogspot.com","https:\/\/x.com\/http:\/\/twitter.com\/Abp1993"],"url":"https:\/\/www.manquepierda.com\/futbolandia\/author\/abp1993\/"}]}},"jetpack_publicize_connections":[],"jetpack_featured_media_url":"https:\/\/i0.wp.com\/www.manquepierda.com\/futbolandia\/files\/2012\/02\/Austria-Erste-Ligalive-stream.jpg?fit=632%2C356&ssl=1","jetpack_shortlink":"https:\/\/wp.me\/p1THIg-jl","jetpack_sharing_enabled":true,"_links":{"self":[{"href":"https:\/\/www.manquepierda.com\/futbolandia\/wp-json\/wp\/v2\/posts\/1199","targetHints":{"allow":["GET"]}}],"collection":[{"href":"https:\/\/www.manquepierda.com\/futbolandia\/wp-json\/wp\/v2\/posts"}],"about":[{"href":"https:\/\/www.manquepierda.com\/futbolandia\/wp-json\/wp\/v2\/types\/post"}],"author":[{"embeddable":true,"href":"https:\/\/www.manquepierda.com\/futbolandia\/wp-json\/wp\/v2\/users\/100"}],"replies":[{"embeddable":true,"href":"https:\/\/www.manquepierda.com\/futbolandia\/wp-json\/wp\/v2\/comments?post=1199"}],"version-history":[{"count":0,"href":"https:\/\/www.manquepierda.com\/futbolandia\/wp-json\/wp\/v2\/posts\/1199\/revisions"}],"wp:featuredmedia":[{"embeddable":true,"href":"https:\/\/www.manquepierda.com\/futbolandia\/wp-json\/wp\/v2\/media\/1200"}],"wp:attachment":[{"href":"https:\/\/www.manquepierda.com\/futbolandia\/wp-json\/wp\/v2\/media?parent=1199"}],"wp:term":[{"taxonomy":"category","embeddable":true,"href":"https:\/\/www.manquepierda.com\/futbolandia\/wp-json\/wp\/v2\/categories?post=1199"},{"taxonomy":"post_tag","embeddable":true,"href":"https:\/\/www.manquepierda.com\/futbolandia\/wp-json\/wp\/v2\/tags?post=1199"}],"curies":[{"name":"wp","href":"https:\/\/api.w.org\/{rel}","templated":true}]}}