{"id":1287,"date":"2012-03-10T14:56:40","date_gmt":"2012-03-10T12:56:40","guid":{"rendered":"http:\/\/www.manquepierda.com\/futbolandia\/?p=1287"},"modified":"2012-03-10T14:56:40","modified_gmt":"2012-03-10T12:56:40","slug":"estrellas-por-el-mundo-europa-arjen-robben-el-genio-de-la-lampara-de-cristal","status":"publish","type":"post","link":"https:\/\/www.manquepierda.com\/futbolandia\/estrellas-por-el-mundo-europa-arjen-robben-el-genio-de-la-lampara-de-cristal\/","title":{"rendered":"Estrellas por el mundo: Europa. Arjen Robben, el genio de la l\u00e1mpara de cristal."},"content":{"rendered":"<p style=\"text-align: justify\">Como con el art\u00edculo de Silva, os aviso de antemano, de que volver\u00e9 a escribir sobre otra de mis debilidades, junto con Ibrahimovic y el propio Silva, por lo que es posible que sea un tanto subjetiva.<\/p>\n<p style=\"text-align: justify\">Arjen naci\u00f3 en Bedum, Groninga, en Holanda, y m\u00e1s concretamente el 23 de enero de 1984. Arjen comenz\u00f3 a dar sus primeras patadas al bal\u00f3n en el equipo de su ciudad natal, el\u00a0V.V. Bedum. Pero poco tiempo pudo retenerlo este modesto club, ya que la proyecci\u00f3n de Robben no pasaba desapercibida para nadie. Por lo que el FC Groningen (s\u00ed el mismo equipo en el que debutaron \u00a0se anticip\u00f3 a Ajax o PSV y lo firm\u00f3. No tard\u00f3 nada (Robben) en demostrar una insultante superioridad sobre el resto de chicos de su edad.<\/p>\n<p style=\"text-align: justify\">Por eso, gracias a ese enorme potencial, no tard\u00f3 en debutar. Este importante y b\u00e1sico suceso en la trayectoria deportiva de Arjen, sucedi\u00f3 el 3 de diciembre del 2000, en un partido contra al RKC Waalwijk. Su primer a\u00f1o, fue bastante aceptable para un jugador que estaba acababa de debutar y que apenas contaba con 18 a\u00f1os, jugando casi 20 partidos de Liga, pr\u00e1cticamente cont\u00f3 para todos los partidos desde que debut\u00f3, adem\u00e1s de lograr marcar dos goles. La clasificaci\u00f3n del equipo fue la normal para un equipo de media tabla, adem\u00e1s de caer pronto en competici\u00f3n copera. Lo que hac\u00eda que el club y Robben viesen intereses distintos con miras al horizonte. El Groningen\u00a0 se le quedaba peque\u00f1o, y toda Holanda lo contemplaba como una de las m\u00e1s firmes promesas del pa\u00eds, por lo que no tard\u00f3 un grande en hacerse con sus servicios, este fue concretamente, el PSV, que pagar\u00eda 4 millones de euros por su traspaso, una cifra bastante elevada, ya que los clubes holandeses tiene una pol\u00edtica de fichajes m\u00e1s \u00abdiscreta\u00b4\u00b4, adem\u00e1s al ser una simple (pero prometedora) promesa.<\/p>\n<p style=\"text-align: justify\"><img data-recalc-dims=\"1\" decoding=\"async\" src=\"https:\/\/i0.wp.com\/www.fcgroningen.nl\/typo3temp\/pics\/A_150b1752e7.jpg?w=1290\" alt=\"\" \/><\/p>\n<p style=\"text-align: justify\">A\u00fan as\u00ed, el PSV, tras petici\u00f3n expresa del jugador, decidi\u00f3 dejarle una temporada m\u00e1s en el Groningen. La siguiente temporada, solo sirvi\u00f3 para confirmar a\u00fan m\u00e1s, el acierto del PSV al apostar por Arjen, ya que se consolid\u00f3 como uno de los mejores extremos del pa\u00eds. Los resultados fueron similares a la temporada de su debut, aunque jug\u00f3 m\u00e1s partidos y lograron llegar m\u00e1s alto en Copa.<\/p>\n<p style=\"text-align: justify\">No tard\u00f3 Robben en disputar su primer t\u00edtulo, lo disput\u00f3 frente a los eternos rivales, AFC Ajax, en la Supercopa de Holanda (cuyo nombre oficial es Johan Cruijff-Schal, en honor al m\u00edtico jugador holand\u00e9s), que la disputaba el PSV como campe\u00f3n de Copa, pero por desgracia Arjen no pudo alzarse con este t\u00edtulo, ya que caer\u00edan por 3 goles a 1.<\/p>\n<p style=\"text-align: justify\">Pese a eso, la temporada se podr\u00eda calificar de exitosa a nivel de t\u00edtulos, ya que ser\u00eda una pieza importante en la consecuci\u00f3n de la Eridivisie y adem\u00e1s ser otro jugador destacado del partido que les acreditar\u00eda como Supercampeones de Holanda, esta vez s\u00ed lograr\u00edan imponerse, aunque en esta ocasi\u00f3n ser\u00eda frente al Utrecht, que curiosamente fueron sus verdugos en Copa esa misma temporada. A nivel individual tambi\u00e9n fue un gran a\u00f1o, ya que lograr\u00eda jugar pr\u00e1cticamente todos los partidos de la temporada, y marcar\u00eda 12 goles, una muy aceptable cifra para un delantero (que se entend\u00eda muy bien con el delantero titular, Kezman, apodados como \u00abBatman y Robben\u00b4\u00b4). Tambi\u00e9n ser\u00eda nombrado talento del a\u00f1o.<\/p>\n<p style=\"text-align: justify\"><img data-recalc-dims=\"1\" decoding=\"async\" src=\"http:\/\/proevolutionfm.files.wordpress.com\/2010\/04\/robben_psv.jpg?w=1290\" alt=\"\" \/><\/p>\n<p style=\"text-align: justify\">El rendimiento de Robben no pas\u00f3 desapercibido para los grandes clubes de Europa, pero ser\u00eda el Chelsea, un equipo que por aquel entonces se comenzaba a labrar un nombre, adem\u00e1s de ganarse cierta fama al ser uno de los primeros clubes comprados por un jeque. A mediados de temporada, Roman Abramovich consegu\u00eda hacerse con los servicios del crack holand\u00e9s. Aunque quiz\u00e1s v\u00edctima de un exceso de relajaci\u00f3n y las lesiones, le impidieron acabar la temporada como todos nos esper\u00e1bamos.<\/p>\n<p style=\"text-align: justify\">Cuando por fin llega al Chelsea, tendr\u00eda que esperar para debutar, ya que sufrir\u00eda una lesi\u00f3n en pretemporada. A\u00fan as\u00ed, su rendimiento fue inmediatamente excelente, llegando a ser nombrado \u00abJugador del Mes de la Premier League\u00b4\u00b4. Pero las lesiones le impidieron tener continuidad, aunque cuando ten\u00eda la oportunidad de demostrar su talento, lo demostraba. Pero con todos y eso, Arjen logr\u00f3 sobreponerse a sus problemas f\u00edsicos, y marcar 7 goles, en apenas 18 partidos, adem\u00e1s\u00a0 de lograr dejar una buena impresi\u00f3n en Stamford Bridge, y todo esto contando con apenas 21 a\u00f1os. A nivel colectivo fue un gran a\u00f1o, llegando a semis de Champions, adem\u00e1s ganar\u00edan la Premier, FA Community Shield y League Cup, su rendimiento, en apenas 20 partidos, bast\u00f3 para ser nominado (aunque no gan\u00f3) al jugador joven de la temporada.<\/p>\n<p style=\"text-align: justify\"><img data-recalc-dims=\"1\" decoding=\"async\" src=\"https:\/\/i0.wp.com\/1.bp.blogspot.com\/_Erynnu0DkS4\/TDEJ-2Le0oI\/AAAAAAAABFU\/NaPeN3Tcs-I\/s1600\/PRO_321579_RobbenJuichtChelseaThuis.jpg?w=1290\" alt=\"\" \/><\/p>\n<p style=\"text-align: justify\">La siguiente temporada ser\u00eda m\u00e1s regular y constante, ya que pudo participar en 30 partidos y lograr ganar de nuevo la Premier League. Aunque no pudo hacerse con ning\u00fan otro t\u00edtulo que completase o redondease su temporada. Con la finalizaci\u00f3n de la temporada, llegar\u00edan al equipo Shevchenko, Cole y Ballack, todos ellos jugadores de gran renombre y que obviamente llegaban para ser titulares, lo que oblig\u00f3 a Mourinho a cambiar su sistema en detrimento de Robben, que pasar\u00eda a ocupar un lugar en el banquillo. La suerte fue justa e injusta para Robben, ya que al lesionarse su compa\u00f1ero Joe Cole, Arjen tuvo una nueva oportunidad para demostrar su val\u00eda, y la demostr\u00f3, hasta que una nueva lesi\u00f3n interrumpi\u00f3 su trayectoria. A\u00fan as\u00ed le dio tiempo para llegar a tiempo a la final de Curling Cup, que ganar\u00edan (2-1 al Arsenal). Pero se volver\u00eda a lesionar, en el menisco de su rodilla, que le mantendr\u00eda un mes lejos de los terrenos de juego. Volvi\u00f3 para jugar contra el Liverpool las semifinales de Champions, pero de nada servir\u00eda ya que caer\u00edan eliminados.<\/p>\n<p style=\"text-align: justify\">En agosto del 2007 el Real Madrid empieza a negociar su fichaje. Ram\u00f3n Calder\u00f3n (presidente del club madridista en esos momentos, prometi\u00f3 al crack neerland\u00e9s en la campa\u00f1a preelectoral). Tras unas duras negociaciones, Ram\u00f3n Calder\u00f3n anuncia el fichaje de Arjen por 36 millones de euros.<\/p>\n<p style=\"text-align: justify\">Su primer partido con el club madridista fue frente al Werder Bremen, en el que jugar\u00eda los llamados \u00abminutos de la basura\u00b4\u00b4, ya que sal\u00eda de una lesi\u00f3n. Su primer partido en Liga fue frente al Valladolid, partido que acabar\u00eda con un empate a unos. Su primer gol de blanco se lo endosar\u00eda al Alicante en Copa. Como dato anecd\u00f3tico est\u00e1 bien decir que su primer gol en Liga se lo marc\u00f3 al Valladolid, primer equipo contra el que jug\u00f3 en Liga. Esa temporada la finaliz\u00f3 con 21 partidos y 4 goles, siendo una aportaci\u00f3n destacada para lograr el campeonato liguero.<\/p>\n<p style=\"text-align: justify\">A principios de la siguiente temporada, la 2008-2009, logr\u00f3 salir victorioso en el duelo con el Valencia en la Supercopa de Espa\u00f1a, con un global de 6-5. Esa temporada tambi\u00e9n se ir\u00eda Robinho, por lo que Robben adquirir\u00eda aun m\u00e1s importancia. Aunque este a\u00f1o el Real Madrid destac\u00f3 m\u00e1s por aspectos extradeportivos que los meramente futbol\u00edsticos, esc\u00e1ndalos de ama\u00f1os en las elecciones, destituciones de entrenadores, etc\u2026<\/p>\n<p style=\"text-align: justify\"><img data-recalc-dims=\"1\" decoding=\"async\" src=\"https:\/\/i0.wp.com\/www.corazonblanco.com\/media\/galeria\/44\/4\/5\/5\/1\/o_real_madrid_arjen_robben-221554.jpg?w=1290\" alt=\"\" \/><\/p>\n<p style=\"text-align: justify\">Por todo esto, el Real Madrid necesitaba un cambio de direcci\u00f3n en todos los aspectos, lo que propici\u00f3 la vuelta de Florentino P\u00e9rez a la presidenta, lo que conlleva fichajes de gran renombre, como Cristiano Ronaldo y Kaka\u2019, a pesar de las reiteradas declaraciones de Robben y Pellegrini, en los que ambos concordaban y deseaban seguir en el club. El gran desembolso de Florentino y las continuas lesiones de Robben (una media de una lesi\u00f3n cada 5 jornadas, lo que hac\u00eda que se perdiese el 40% de los partidos), propici\u00f3 el desembarco de Arjen en el Bayern de M\u00fcnich por 25 millones de euros, seg\u00fan palabras de Valdano, fue Robben el que pidi\u00f3 irse, para poder acumular minutos de cara al Mundial.<\/p>\n<p style=\"text-align: justify\">Su debut en el Bayern no pudo ser m\u00e1s satisfactorio, entrar\u00eda en la segunda mitad, y lograr\u00eda dos de los tres goles que dar\u00edan la victoria a su equipo, frente al Wolfsburgo, por 3-2. Otro de sus partidos m\u00e1s destacados fue frente a la Fiore, en octavos de Champions, marcando en ambos partidos (ida y vuelta), y marcando el gol decisivo para el Bayern, bueno gol no, obra de arte. Tambi\u00e9n marcar\u00eda otra aut\u00e9ntico golazo frente al Schalke, (de hecho fue seleccionado para el gol del a\u00f1o, el premio Puskas) que met\u00eda al Bayern en la Final de Copa de Alemania. Tambi\u00e9n marcar\u00eda el gol frente al Lyon que significaba el pase a semis. El 1 de mayo el Bayern se proclamaba como campe\u00f3n de la Bundesliga al ganar al Bochum, dos semanas m\u00e1s tarde tambi\u00e9n ganaban la Copa de Alemania, al imponerse 4-0 al Werder Bremen, Robben marcaba el 1\u00ba gol del partido.<\/p>\n<p style=\"text-align: justify\">Con la posibilidad de hacer triplete en el aire, llegaban a la final de Champions frente al Inter, de su compatriota, ex-compa\u00f1ero y amigo, Wesley Sneijder, curiosamente el destino quiso enfrentarlos en un campo del que ambos guardan recuerdos, el Santiago Bern\u00e1beu. El partido y el torneo se lo llevar\u00eda el Inter de Milan, que ganar\u00eda 2-0, ambos goles de Diego Milito. El Inter tambi\u00e9n lograba el triplete, pues hab\u00edan ganado el \u00abCalcio\u00b4\u00b4 y la Copa italiana. A\u00fan as\u00ed, esta es de lejos la mejor temporada de Robben.<\/p>\n<p style=\"text-align: justify\"><img data-recalc-dims=\"1\" decoding=\"async\" src=\"https:\/\/i0.wp.com\/euro.mediotiempo.com\/media\/2010\/03\/13\/arjen-robben.jpg?w=1290\" alt=\"\" \/><\/p>\n<p style=\"text-align: justify\">La siguiente temporada 2010\/2011, fue un tanto mala para Robben, volv\u00edan sus problemas de lesiones, que el a\u00f1o pasado no le hab\u00edan interrumpido, adem\u00e1s el Bayern cae en Champions frente al Inter (s\u00ed, de nuevo), y en la Bundesliga se quedan a 10 puntos del campe\u00f3n (Borussia Dortmund). A\u00fan as\u00ed acaba entre los 10 m\u00e1ximos goleadores de la Bundesliga, promediando casi 1 gol por partido.<\/p>\n<p style=\"text-align: justify\">SELECCI\u00d3N HOLANDESA:<\/p>\n<p style=\"text-align: justify\">Su debut con la selecci\u00f3n neerlandesa se produce el 30 de abril de 2003, en un amistoso frente a Portugal, en el estadio donde deslumbr\u00f3 a Europa, en el Philips Stadion de Eindhoven, entrando en el 77\u2019 sustituyendo a Overmars.<\/p>\n<p style=\"text-align: justify\">Su debut oficial se produce frente a Austria, en un encuentro para la clasificaci\u00f3n de la Euro 2004 de Portugal. Para dicho torneo, Arjen tambi\u00e9n fue convocado, realizando grandes partidos, como el que hizo contra la Republica Checa, donde fue el m\u00e1s destacado, pero tambi\u00e9n fue sustituido, y gracias a esa maniobra, acabar\u00edan perdiendo el partido, lo que le cost\u00f3 varias cr\u00edticas a Dick Advocaat. Pero caer\u00edan en semis ante los anfitriones<\/p>\n<p style=\"text-align: justify\">En el Mundial 2006 de Alemania, Robben es uno de los m\u00e1s destacados de su selecci\u00f3n, consiguiendo dos MVP, aunque volver\u00edan a caer ante Portugal en octavos.<\/p>\n<p style=\"text-align: justify\">En la Euro del 2008, Robben no pudo hacer nada por salvar a su selecci\u00f3n, ya que llegaba muy forzado, pese a que en los dos partidos que jug\u00f3 lo hizo muy bien, dando varias asistencias y anotando un gran gol.<\/p>\n<p style=\"text-align: justify\">Sin duda el subcampeonato del mundo, logrado en el Mundial de Sud\u00e1frica 2010, es el mejor resultado cosechado por el genio holand\u00e9s. Aunque muchas dudaban de su presencia en el once titular, ya que muchas incluso pon\u00edan en duda el estado f\u00edsico con el que llegar\u00eda a la cita mundialista. Pero sin embargo en octavos ya dej\u00f3 patente que en forma, es el jugador m\u00e1s importante que tiene Holanda, marcando un gol frente a Eslovaquia. En cuartos propici\u00f3 la expulsi\u00f3n de Felipe Melo, suceso clave que permiti\u00f3 a Holanda acceder a semis, donde marc\u00f3 tambi\u00e9n el 3\u00ba gol de su equipo, el gol que val\u00eda un pase a la final de nada m\u00e1s y nada menos que una final del Mundial.<\/p>\n<p style=\"text-align: justify\"><img data-recalc-dims=\"1\" decoding=\"async\" src=\"https:\/\/i0.wp.com\/img.emol.com\/2011\/03\/20\/File_2011320123731.jpg?w=1290\" alt=\"\" \/><\/p>\n<p style=\"text-align: justify\">En la final, frente a Espa\u00f1a, no tuvo la misma suerte, ya que en este partido err\u00f3 un mano a mano, con el marcador a 0-0, lo que supondr\u00eda una importante ventaja. El partido acabar\u00eda decant\u00e1ndose de nuestro lado, gracias a un gol que todos recordaremos, el firmado por Andr\u00e9s Iniesta a apenas 5 minutos de los penaltis.<\/p>\n<p style=\"text-align: justify\">CARACTER\u00cdSTICAS:<\/p>\n<p style=\"text-align: justify\">Ahora mismo s\u00ed me preguntasen cual ser\u00eda la palabra que mejor definir\u00eda a Robben, dir\u00eda que el desequilibrio que aporta en todas y cada una de sus jugadas, s\u00ed, desequilibrio es la palabra.<\/p>\n<p style=\"text-align: justify\">Es el cl\u00e1sico extremo, que tiene una velocidad endiablada, y una velocidad con el bal\u00f3n a\u00fan m\u00e1s r\u00e1pida, y s\u00ed a eso le sumamos una capacidad casi inhumana para conducir el esf\u00e9rico tan pegado al pie que hace imposible arrebat\u00e1rselo. Adem\u00e1s cuenta con un peligros\u00edsimo disparo, fuerte y preciso, y aunque es una faceta que no decide sacar mucho a relucir, cuenta con una visi\u00f3n de juego excelente, como\u00a0 buen holand\u00e9s que es.<\/p>\n<p style=\"text-align: justify\">Opini\u00f3n personal:<\/p>\n<p style=\"text-align: justify\">Este apartado no es muy com\u00fan en mis art\u00edculos, pero como mi opini\u00f3n est\u00e1 tan condicionada por lo endiosado y admirado que tengo, creo necesario dejar claro que es una opini\u00f3n de lo m\u00e1s subjetiva, este apartado est\u00e1 reservado para Ibrahimovic, Silva y Robben. Lo que quer\u00eda comentar es que s\u00ed el Real Madrid pudiese contar con la mejor versi\u00f3n de este super-crack, el fichaje de Cristiano, me parecer\u00eda hasta innecesario, ya que ambos, a su nivel medio sin lesiones, me parece que el holand\u00e9s es m\u00e1s decisivo, por su capacidad para revolucionar los partidos en apenas 5 metros, su habilidad y velocidad con el bal\u00f3n en espacios cortos es de lo m\u00e1s peligroso del mundo, m\u00e1s que la potencia f\u00edsica que desempe\u00f1a Cristiano en sus acciones, el holand\u00e9s con menos espacio es m\u00e1s peligroso, y al menos como extremo me parece que tiene mejores condiciones. De hecho lo considero el 2\u00ba jugador m\u00e1s decisivo del mundo, solo por detr\u00e1s de Leo Messi.<\/p>\n<p style=\"text-align: justify\">Mart\u00edn Garc\u00eda Rodriguez<\/p>\n<p style=\"text-align: justify\">@MLalin21<\/p>\n<p style=\"text-align: justify\">\n<p>&nbsp;<\/p>\n","protected":false},"excerpt":{"rendered":"<p>Como con el art\u00edculo de Silva, os aviso de antemano, de que volver\u00e9 a escribir sobre otra de mis debilidades, junto con Ibrahimovic y el propio Silva, por lo que es posible que sea un tanto subjetiva. Arjen naci\u00f3 en Bedum, Groninga, en Holanda, y m\u00e1s concretamente el 23 de enero de 1984. Arjen comenz\u00f3&#8230;<\/p>\n","protected":false},"author":102,"featured_media":1315,"comment_status":"open","ping_status":"open","sticky":false,"template":"","format":"standard","meta":{"_kad_post_transparent":"","_kad_post_title":"","_kad_post_layout":"","_kad_post_sidebar_id":"","_kad_post_content_style":"","_kad_post_vertical_padding":"","_kad_post_feature":"","_kad_post_feature_position":"","_kad_post_header":false,"_kad_post_footer":false,"_kad_post_classname":"","_jetpack_memberships_contains_paid_content":false,"footnotes":"","jetpack_publicize_message":"","jetpack_publicize_feature_enabled":true,"jetpack_social_post_already_shared":false,"jetpack_social_options":{"image_generator_settings":{"template":"highway","default_image_id":0,"font":"","enabled":false},"version":2}},"categories":[1,3,10],"tags":[526,494,492,495,493,211],"class_list":["post-1287","post","type-post","status-publish","format-standard","has-post-thumbnail","hentry","category-liga-bbva-futbol-espanol","category-mas-futbol","category-portada","tag-arjen","tag-el","tag-estrellas","tag-mundo","tag-por","tag-robben"],"yoast_head":"<!-- This site is optimized with the Yoast SEO plugin v27.5 - https:\/\/yoast.com\/product\/yoast-seo-wordpress\/ -->\n<title>Estrellas por el mundo: Europa. Arjen Robben, el genio de la l\u00e1mpara de cristal. &#8211; Futbolandia<\/title>\n<meta name=\"robots\" content=\"index, follow, max-snippet:-1, max-image-preview:large, max-video-preview:-1\" \/>\n<link rel=\"canonical\" href=\"https:\/\/www.manquepierda.com\/futbolandia\/estrellas-por-el-mundo-europa-arjen-robben-el-genio-de-la-lampara-de-cristal\/\" \/>\n<meta property=\"og:locale\" content=\"es_ES\" \/>\n<meta property=\"og:type\" content=\"article\" \/>\n<meta property=\"og:title\" content=\"Estrellas por el mundo: Europa. Arjen Robben, el genio de la l\u00e1mpara de cristal. &#8211; Futbolandia\" \/>\n<meta property=\"og:description\" content=\"Como con el art\u00edculo de Silva, os aviso de antemano, de que volver\u00e9 a escribir sobre otra de mis debilidades, junto con Ibrahimovic y el propio Silva, por lo que es posible que sea un tanto subjetiva. Arjen naci\u00f3 en Bedum, Groninga, en Holanda, y m\u00e1s concretamente el 23 de enero de 1984. Arjen comenz\u00f3...\" \/>\n<meta property=\"og:url\" content=\"https:\/\/www.manquepierda.com\/futbolandia\/estrellas-por-el-mundo-europa-arjen-robben-el-genio-de-la-lampara-de-cristal\/\" \/>\n<meta property=\"og:site_name\" content=\"Futbolandia\" \/>\n<meta property=\"article:published_time\" content=\"2012-03-10T12:56:40+00:00\" \/>\n<meta property=\"og:image\" content=\"https:\/\/i0.wp.com\/www.manquepierda.com\/futbolandia\/files\/2012\/03\/Arjen-Robben.jpg?fit=620%2C412&ssl=1\" \/>\n\t<meta property=\"og:image:width\" content=\"620\" \/>\n\t<meta property=\"og:image:height\" content=\"412\" \/>\n\t<meta property=\"og:image:type\" content=\"image\/jpeg\" \/>\n<meta name=\"author\" content=\"Martin Garc\u00eda Rodriguez\" \/>\n<meta name=\"twitter:label1\" content=\"Escrito por\" \/>\n\t<meta name=\"twitter:data1\" content=\"Martin Garc\u00eda Rodriguez\" \/>\n\t<meta name=\"twitter:label2\" content=\"Tiempo de lectura\" \/>\n\t<meta name=\"twitter:data2\" content=\"12 minutos\" \/>\n<script type=\"application\/ld+json\" class=\"yoast-schema-graph\">{\"@context\":\"https:\\\/\\\/schema.org\",\"@graph\":[{\"@type\":\"Article\",\"@id\":\"https:\\\/\\\/www.manquepierda.com\\\/futbolandia\\\/estrellas-por-el-mundo-europa-arjen-robben-el-genio-de-la-lampara-de-cristal\\\/#article\",\"isPartOf\":{\"@id\":\"https:\\\/\\\/www.manquepierda.com\\\/futbolandia\\\/estrellas-por-el-mundo-europa-arjen-robben-el-genio-de-la-lampara-de-cristal\\\/\"},\"author\":{\"name\":\"Martin Garc\u00eda Rodriguez\",\"@id\":\"https:\\\/\\\/www.manquepierda.com\\\/futbolandia\\\/#\\\/schema\\\/person\\\/67cba3caaddbef631b915b0c921bd86d\"},\"headline\":\"Estrellas por el mundo: Europa. Arjen Robben, el genio de la l\u00e1mpara de cristal.\",\"datePublished\":\"2012-03-10T12:56:40+00:00\",\"mainEntityOfPage\":{\"@id\":\"https:\\\/\\\/www.manquepierda.com\\\/futbolandia\\\/estrellas-por-el-mundo-europa-arjen-robben-el-genio-de-la-lampara-de-cristal\\\/\"},\"wordCount\":2417,\"commentCount\":0,\"image\":{\"@id\":\"https:\\\/\\\/www.manquepierda.com\\\/futbolandia\\\/estrellas-por-el-mundo-europa-arjen-robben-el-genio-de-la-lampara-de-cristal\\\/#primaryimage\"},\"thumbnailUrl\":\"https:\\\/\\\/i0.wp.com\\\/www.manquepierda.com\\\/futbolandia\\\/files\\\/2012\\\/03\\\/Arjen-Robben.jpg?fit=620%2C412&ssl=1\",\"keywords\":[\"Arjen\",\"el\",\"Estrellas\",\"mundo\",\"por\",\"Robben\"],\"articleSection\":[\"Liga BBVA - F\u00fatbol Espa\u00f1ol\",\"Mas f\u00fatbol\",\"Portada\"],\"inLanguage\":\"es\",\"potentialAction\":[{\"@type\":\"CommentAction\",\"name\":\"Comment\",\"target\":[\"https:\\\/\\\/www.manquepierda.com\\\/futbolandia\\\/estrellas-por-el-mundo-europa-arjen-robben-el-genio-de-la-lampara-de-cristal\\\/#respond\"]}]},{\"@type\":\"WebPage\",\"@id\":\"https:\\\/\\\/www.manquepierda.com\\\/futbolandia\\\/estrellas-por-el-mundo-europa-arjen-robben-el-genio-de-la-lampara-de-cristal\\\/\",\"url\":\"https:\\\/\\\/www.manquepierda.com\\\/futbolandia\\\/estrellas-por-el-mundo-europa-arjen-robben-el-genio-de-la-lampara-de-cristal\\\/\",\"name\":\"Estrellas por el mundo: Europa. Arjen Robben, el genio de la l\u00e1mpara de cristal. &#8211; Futbolandia\",\"isPartOf\":{\"@id\":\"https:\\\/\\\/www.manquepierda.com\\\/futbolandia\\\/#website\"},\"primaryImageOfPage\":{\"@id\":\"https:\\\/\\\/www.manquepierda.com\\\/futbolandia\\\/estrellas-por-el-mundo-europa-arjen-robben-el-genio-de-la-lampara-de-cristal\\\/#primaryimage\"},\"image\":{\"@id\":\"https:\\\/\\\/www.manquepierda.com\\\/futbolandia\\\/estrellas-por-el-mundo-europa-arjen-robben-el-genio-de-la-lampara-de-cristal\\\/#primaryimage\"},\"thumbnailUrl\":\"https:\\\/\\\/i0.wp.com\\\/www.manquepierda.com\\\/futbolandia\\\/files\\\/2012\\\/03\\\/Arjen-Robben.jpg?fit=620%2C412&ssl=1\",\"datePublished\":\"2012-03-10T12:56:40+00:00\",\"author\":{\"@id\":\"https:\\\/\\\/www.manquepierda.com\\\/futbolandia\\\/#\\\/schema\\\/person\\\/67cba3caaddbef631b915b0c921bd86d\"},\"breadcrumb\":{\"@id\":\"https:\\\/\\\/www.manquepierda.com\\\/futbolandia\\\/estrellas-por-el-mundo-europa-arjen-robben-el-genio-de-la-lampara-de-cristal\\\/#breadcrumb\"},\"inLanguage\":\"es\",\"potentialAction\":[{\"@type\":\"ReadAction\",\"target\":[\"https:\\\/\\\/www.manquepierda.com\\\/futbolandia\\\/estrellas-por-el-mundo-europa-arjen-robben-el-genio-de-la-lampara-de-cristal\\\/\"]}]},{\"@type\":\"ImageObject\",\"inLanguage\":\"es\",\"@id\":\"https:\\\/\\\/www.manquepierda.com\\\/futbolandia\\\/estrellas-por-el-mundo-europa-arjen-robben-el-genio-de-la-lampara-de-cristal\\\/#primaryimage\",\"url\":\"https:\\\/\\\/i0.wp.com\\\/www.manquepierda.com\\\/futbolandia\\\/files\\\/2012\\\/03\\\/Arjen-Robben.jpg?fit=620%2C412&ssl=1\",\"contentUrl\":\"https:\\\/\\\/i0.wp.com\\\/www.manquepierda.com\\\/futbolandia\\\/files\\\/2012\\\/03\\\/Arjen-Robben.jpg?fit=620%2C412&ssl=1\",\"width\":\"620\",\"height\":\"412\"},{\"@type\":\"BreadcrumbList\",\"@id\":\"https:\\\/\\\/www.manquepierda.com\\\/futbolandia\\\/estrellas-por-el-mundo-europa-arjen-robben-el-genio-de-la-lampara-de-cristal\\\/#breadcrumb\",\"itemListElement\":[{\"@type\":\"ListItem\",\"position\":1,\"name\":\"Portada\",\"item\":\"https:\\\/\\\/www.manquepierda.com\\\/futbolandia\\\/\"},{\"@type\":\"ListItem\",\"position\":2,\"name\":\"Estrellas por el mundo: Europa. Arjen Robben, el genio de la l\u00e1mpara de cristal.\"}]},{\"@type\":\"WebSite\",\"@id\":\"https:\\\/\\\/www.manquepierda.com\\\/futbolandia\\\/#website\",\"url\":\"https:\\\/\\\/www.manquepierda.com\\\/futbolandia\\\/\",\"name\":\"Futbolandia\",\"description\":\"Reportajes e informaci\u00f3n sobre f\u00fatbol mundial y j\u00f3venes promesas\",\"potentialAction\":[{\"@type\":\"SearchAction\",\"target\":{\"@type\":\"EntryPoint\",\"urlTemplate\":\"https:\\\/\\\/www.manquepierda.com\\\/futbolandia\\\/?s={search_term_string}\"},\"query-input\":{\"@type\":\"PropertyValueSpecification\",\"valueRequired\":true,\"valueName\":\"search_term_string\"}}],\"inLanguage\":\"es\"},{\"@type\":\"Person\",\"@id\":\"https:\\\/\\\/www.manquepierda.com\\\/futbolandia\\\/#\\\/schema\\\/person\\\/67cba3caaddbef631b915b0c921bd86d\",\"name\":\"Martin Garc\u00eda Rodriguez\",\"image\":{\"@type\":\"ImageObject\",\"inLanguage\":\"es\",\"@id\":\"https:\\\/\\\/secure.gravatar.com\\\/avatar\\\/96145d0337a1783b28e8425e11b5fe57169ce03a39d035f4d025685fb7cc315c?s=96&d=mm&r=g\",\"url\":\"https:\\\/\\\/secure.gravatar.com\\\/avatar\\\/96145d0337a1783b28e8425e11b5fe57169ce03a39d035f4d025685fb7cc315c?s=96&d=mm&r=g\",\"contentUrl\":\"https:\\\/\\\/secure.gravatar.com\\\/avatar\\\/96145d0337a1783b28e8425e11b5fe57169ce03a39d035f4d025685fb7cc315c?s=96&d=mm&r=g\",\"caption\":\"Martin Garc\u00eda Rodriguez\"},\"url\":\"https:\\\/\\\/www.manquepierda.com\\\/futbolandia\\\/author\\\/martin\\\/\"}]}<\/script>\n<!-- \/ Yoast SEO plugin. -->","yoast_head_json":{"title":"Estrellas por el mundo: Europa. Arjen Robben, el genio de la l\u00e1mpara de cristal. &#8211; Futbolandia","robots":{"index":"index","follow":"follow","max-snippet":"max-snippet:-1","max-image-preview":"max-image-preview:large","max-video-preview":"max-video-preview:-1"},"canonical":"https:\/\/www.manquepierda.com\/futbolandia\/estrellas-por-el-mundo-europa-arjen-robben-el-genio-de-la-lampara-de-cristal\/","og_locale":"es_ES","og_type":"article","og_title":"Estrellas por el mundo: Europa. Arjen Robben, el genio de la l\u00e1mpara de cristal. &#8211; Futbolandia","og_description":"Como con el art\u00edculo de Silva, os aviso de antemano, de que volver\u00e9 a escribir sobre otra de mis debilidades, junto con Ibrahimovic y el propio Silva, por lo que es posible que sea un tanto subjetiva. Arjen naci\u00f3 en Bedum, Groninga, en Holanda, y m\u00e1s concretamente el 23 de enero de 1984. Arjen comenz\u00f3...","og_url":"https:\/\/www.manquepierda.com\/futbolandia\/estrellas-por-el-mundo-europa-arjen-robben-el-genio-de-la-lampara-de-cristal\/","og_site_name":"Futbolandia","article_published_time":"2012-03-10T12:56:40+00:00","og_image":[{"width":620,"height":412,"url":"https:\/\/i0.wp.com\/www.manquepierda.com\/futbolandia\/files\/2012\/03\/Arjen-Robben.jpg?fit=620%2C412&ssl=1","type":"image\/jpeg"}],"author":"Martin Garc\u00eda Rodriguez","twitter_misc":{"Escrito por":"Martin Garc\u00eda Rodriguez","Tiempo de lectura":"12 minutos"},"schema":{"@context":"https:\/\/schema.org","@graph":[{"@type":"Article","@id":"https:\/\/www.manquepierda.com\/futbolandia\/estrellas-por-el-mundo-europa-arjen-robben-el-genio-de-la-lampara-de-cristal\/#article","isPartOf":{"@id":"https:\/\/www.manquepierda.com\/futbolandia\/estrellas-por-el-mundo-europa-arjen-robben-el-genio-de-la-lampara-de-cristal\/"},"author":{"name":"Martin Garc\u00eda Rodriguez","@id":"https:\/\/www.manquepierda.com\/futbolandia\/#\/schema\/person\/67cba3caaddbef631b915b0c921bd86d"},"headline":"Estrellas por el mundo: Europa. Arjen Robben, el genio de la l\u00e1mpara de cristal.","datePublished":"2012-03-10T12:56:40+00:00","mainEntityOfPage":{"@id":"https:\/\/www.manquepierda.com\/futbolandia\/estrellas-por-el-mundo-europa-arjen-robben-el-genio-de-la-lampara-de-cristal\/"},"wordCount":2417,"commentCount":0,"image":{"@id":"https:\/\/www.manquepierda.com\/futbolandia\/estrellas-por-el-mundo-europa-arjen-robben-el-genio-de-la-lampara-de-cristal\/#primaryimage"},"thumbnailUrl":"https:\/\/i0.wp.com\/www.manquepierda.com\/futbolandia\/files\/2012\/03\/Arjen-Robben.jpg?fit=620%2C412&ssl=1","keywords":["Arjen","el","Estrellas","mundo","por","Robben"],"articleSection":["Liga BBVA - F\u00fatbol Espa\u00f1ol","Mas f\u00fatbol","Portada"],"inLanguage":"es","potentialAction":[{"@type":"CommentAction","name":"Comment","target":["https:\/\/www.manquepierda.com\/futbolandia\/estrellas-por-el-mundo-europa-arjen-robben-el-genio-de-la-lampara-de-cristal\/#respond"]}]},{"@type":"WebPage","@id":"https:\/\/www.manquepierda.com\/futbolandia\/estrellas-por-el-mundo-europa-arjen-robben-el-genio-de-la-lampara-de-cristal\/","url":"https:\/\/www.manquepierda.com\/futbolandia\/estrellas-por-el-mundo-europa-arjen-robben-el-genio-de-la-lampara-de-cristal\/","name":"Estrellas por el mundo: Europa. Arjen Robben, el genio de la l\u00e1mpara de cristal. &#8211; Futbolandia","isPartOf":{"@id":"https:\/\/www.manquepierda.com\/futbolandia\/#website"},"primaryImageOfPage":{"@id":"https:\/\/www.manquepierda.com\/futbolandia\/estrellas-por-el-mundo-europa-arjen-robben-el-genio-de-la-lampara-de-cristal\/#primaryimage"},"image":{"@id":"https:\/\/www.manquepierda.com\/futbolandia\/estrellas-por-el-mundo-europa-arjen-robben-el-genio-de-la-lampara-de-cristal\/#primaryimage"},"thumbnailUrl":"https:\/\/i0.wp.com\/www.manquepierda.com\/futbolandia\/files\/2012\/03\/Arjen-Robben.jpg?fit=620%2C412&ssl=1","datePublished":"2012-03-10T12:56:40+00:00","author":{"@id":"https:\/\/www.manquepierda.com\/futbolandia\/#\/schema\/person\/67cba3caaddbef631b915b0c921bd86d"},"breadcrumb":{"@id":"https:\/\/www.manquepierda.com\/futbolandia\/estrellas-por-el-mundo-europa-arjen-robben-el-genio-de-la-lampara-de-cristal\/#breadcrumb"},"inLanguage":"es","potentialAction":[{"@type":"ReadAction","target":["https:\/\/www.manquepierda.com\/futbolandia\/estrellas-por-el-mundo-europa-arjen-robben-el-genio-de-la-lampara-de-cristal\/"]}]},{"@type":"ImageObject","inLanguage":"es","@id":"https:\/\/www.manquepierda.com\/futbolandia\/estrellas-por-el-mundo-europa-arjen-robben-el-genio-de-la-lampara-de-cristal\/#primaryimage","url":"https:\/\/i0.wp.com\/www.manquepierda.com\/futbolandia\/files\/2012\/03\/Arjen-Robben.jpg?fit=620%2C412&ssl=1","contentUrl":"https:\/\/i0.wp.com\/www.manquepierda.com\/futbolandia\/files\/2012\/03\/Arjen-Robben.jpg?fit=620%2C412&ssl=1","width":"620","height":"412"},{"@type":"BreadcrumbList","@id":"https:\/\/www.manquepierda.com\/futbolandia\/estrellas-por-el-mundo-europa-arjen-robben-el-genio-de-la-lampara-de-cristal\/#breadcrumb","itemListElement":[{"@type":"ListItem","position":1,"name":"Portada","item":"https:\/\/www.manquepierda.com\/futbolandia\/"},{"@type":"ListItem","position":2,"name":"Estrellas por el mundo: Europa. Arjen Robben, el genio de la l\u00e1mpara de cristal."}]},{"@type":"WebSite","@id":"https:\/\/www.manquepierda.com\/futbolandia\/#website","url":"https:\/\/www.manquepierda.com\/futbolandia\/","name":"Futbolandia","description":"Reportajes e informaci\u00f3n sobre f\u00fatbol mundial y j\u00f3venes promesas","potentialAction":[{"@type":"SearchAction","target":{"@type":"EntryPoint","urlTemplate":"https:\/\/www.manquepierda.com\/futbolandia\/?s={search_term_string}"},"query-input":{"@type":"PropertyValueSpecification","valueRequired":true,"valueName":"search_term_string"}}],"inLanguage":"es"},{"@type":"Person","@id":"https:\/\/www.manquepierda.com\/futbolandia\/#\/schema\/person\/67cba3caaddbef631b915b0c921bd86d","name":"Martin Garc\u00eda Rodriguez","image":{"@type":"ImageObject","inLanguage":"es","@id":"https:\/\/secure.gravatar.com\/avatar\/96145d0337a1783b28e8425e11b5fe57169ce03a39d035f4d025685fb7cc315c?s=96&d=mm&r=g","url":"https:\/\/secure.gravatar.com\/avatar\/96145d0337a1783b28e8425e11b5fe57169ce03a39d035f4d025685fb7cc315c?s=96&d=mm&r=g","contentUrl":"https:\/\/secure.gravatar.com\/avatar\/96145d0337a1783b28e8425e11b5fe57169ce03a39d035f4d025685fb7cc315c?s=96&d=mm&r=g","caption":"Martin Garc\u00eda Rodriguez"},"url":"https:\/\/www.manquepierda.com\/futbolandia\/author\/martin\/"}]}},"jetpack_publicize_connections":[],"jetpack_featured_media_url":"https:\/\/i0.wp.com\/www.manquepierda.com\/futbolandia\/files\/2012\/03\/Arjen-Robben.jpg?fit=620%2C412&ssl=1","jetpack_shortlink":"https:\/\/wp.me\/p1THIg-kL","jetpack_sharing_enabled":true,"_links":{"self":[{"href":"https:\/\/www.manquepierda.com\/futbolandia\/wp-json\/wp\/v2\/posts\/1287","targetHints":{"allow":["GET"]}}],"collection":[{"href":"https:\/\/www.manquepierda.com\/futbolandia\/wp-json\/wp\/v2\/posts"}],"about":[{"href":"https:\/\/www.manquepierda.com\/futbolandia\/wp-json\/wp\/v2\/types\/post"}],"author":[{"embeddable":true,"href":"https:\/\/www.manquepierda.com\/futbolandia\/wp-json\/wp\/v2\/users\/102"}],"replies":[{"embeddable":true,"href":"https:\/\/www.manquepierda.com\/futbolandia\/wp-json\/wp\/v2\/comments?post=1287"}],"version-history":[{"count":0,"href":"https:\/\/www.manquepierda.com\/futbolandia\/wp-json\/wp\/v2\/posts\/1287\/revisions"}],"wp:featuredmedia":[{"embeddable":true,"href":"https:\/\/www.manquepierda.com\/futbolandia\/wp-json\/wp\/v2\/media\/1315"}],"wp:attachment":[{"href":"https:\/\/www.manquepierda.com\/futbolandia\/wp-json\/wp\/v2\/media?parent=1287"}],"wp:term":[{"taxonomy":"category","embeddable":true,"href":"https:\/\/www.manquepierda.com\/futbolandia\/wp-json\/wp\/v2\/categories?post=1287"},{"taxonomy":"post_tag","embeddable":true,"href":"https:\/\/www.manquepierda.com\/futbolandia\/wp-json\/wp\/v2\/tags?post=1287"}],"curies":[{"name":"wp","href":"https:\/\/api.w.org\/{rel}","templated":true}]}}