{"id":1303,"date":"2012-03-09T22:29:31","date_gmt":"2012-03-09T20:29:31","guid":{"rendered":"http:\/\/www.manquepierda.com\/futbolandia\/?p=1303"},"modified":"2012-03-09T22:29:31","modified_gmt":"2012-03-09T20:29:31","slug":"futbol-brasileno-copa-do-brasil","status":"publish","type":"post","link":"https:\/\/www.manquepierda.com\/futbolandia\/futbol-brasileno-copa-do-brasil\/","title":{"rendered":"Futbol Brasile\u00f1o: Copa do Brasil."},"content":{"rendered":"<p style=\"text-align: justify\">Comenz\u00f3 la <strong>Copa<\/strong><strong> do Brasil<\/strong>! Algunos de los clubes de primera divisi\u00f3n de Brasil debutaron a mediados de semana por la mayor competencia nacional del f\u00fatbol brasile\u00f1o.\u00a0Sin embargo, no todos los clubes ten\u00edan el poder de eliminar \u00a0a sus rivales sin que trascendiera el partido de vuelta.<\/p>\n<p><strong>Gurupi 0x1 Atl\u00e9tico-GO<\/strong><\/p>\n<p>El Atl\u00e9tico se fue a Resend\u00e3o y, a pesar de dominar gran parte del juego, s\u00f3lo logr\u00f3 un \u00a0triunfo por la m\u00ednima en Tocantins.\u00a0Pese a estar la presencia de Leonardo, Pituca y Ernanes,<strong> Drag\u00e3o<\/strong> fue el que cre\u00f3 m\u00e1s ocasiones en la primera parte.\u00a0En la mejor ocasi\u00f3n del equipo local, dirigido Thiago Campos llev\u00f3 peligro a la puerta de Marcio. En la segunda mitad, los visitantes llegaron con el tempranero gol del volante Mariano, que comenz\u00f3 en el c\u00edrculo central y, en el interior del area, impact\u00f3 um pelotazo para asegurar la victoria.\u00a0Los equipos se enfrentan de nuevo el pr\u00f3ximo jueves.<\/p>\n<p><strong>Cuiab\u00e1 1&#215;1 Portuguesa<\/strong><\/p>\n<p>En el Medio Oeste del pa\u00eds, la <strong>Portuguesa<\/strong> mostr\u00f3 signos de que pod\u00eda ganar con facilidad, lo que lleva desde el principio sucediendo, es que estos partidos corren en peligro de acabar Luis Ricardo.\u00a0Tanta presi\u00f3n dio sus frutos y el gol lleg\u00f3 a los 18 minutos por m\u00e9dio de \u00a0<strong>Lusa<\/strong>. Despu\u00e9s, mediante un saque de esquina, <strong>Ricardo Jesus<\/strong> se elev\u00f3 m\u00e1s que \u00a0el defensa central para poner la pelota en el \u00e1ngulo de <strong>Gatti<\/strong>. Tras el gol, el equipo de preferente aposto por contra-ataques, dando as\u00ed m\u00e1s espacio para el Cuiab\u00e1.\u00a0Y el empate pudo haber llegado en la primera mitad, pero el \u00e1rbitro no registro um penalti del \u00a0portero <strong>Weverton<\/strong> sobre <strong>Fernando<\/strong> para el disgusto de los aficionados locales. Tras el descanso los anfitriones volvieron m\u00e1s ofensivos, con la esperanza de un empate, pero la recompensa s\u00f3lo \u00a0lleg\u00f3 a nueve minutos del final, cuando <strong>Renato<\/strong> derroc\u00f3 <strong>Fernando<\/strong> al \u00e1rea de la pena, que Fernando bati\u00f3 \u00a0a \u00a0weverton, dejando\u00a0todo em tablas.\u00a0Como resultado, la <strong>Portuguesa<\/strong> juega para un empate sin goles el mi\u00e9rcoles para garantizar el pase.<\/p>\n<p><strong>Auto Esporte 0x3 Bahia<\/strong><\/p>\n<p>El ataque m\u00e1s productivo de inicio de la temporada en Brasil, el Bah\u00eda no tuvo problemas en su clasificaci\u00f3n antes de la Para\u00edba, un equipo d\u00e9bil anticipado.\u00a0La primera ocasi\u00f3n de gol fue para el <strong>Auto Esporte<\/strong> en el saque de <strong>Romarinho<\/strong>, pero fue el equipo visitante quien abri\u00f3 el marcador a los 23 minutos, con el defensa <strong>Rafael Donato<\/strong> de cabeza. El juego gan\u00f3 en emoci\u00f3n tras el primer gol y el equipo de casa casi opt\u00f3 por un \u00a0juego m\u00e1s ofensivo en la etapa final, dando espacio a \u00a0<strong>Bahia<\/strong>, lo que demuestra la eficiencia para asegurar la victoria, anotando dos veces m\u00e1s.\u00a0A los 22 minutos,<strong> Souza<\/strong> recibi\u00f3 de <strong>William Matheu<\/strong><strong>s<\/strong> y se deshizo de la marca antes de llegar a la salida del portero.\u00a0Seis minutos despu\u00e9s, lleg\u00f3 el momento del atacante de servir a<strong> Gabriel<\/strong>, quien asegur\u00f3 el pase.\u00a0El <strong>tricolor<\/strong> ahora espera al ganador de <strong>Remo &#8211; BP y Real &#8211; PR<\/strong> para conocer la siguiente fase.<\/p>\n<p><strong>Independente 0x1 Sao Paulo<\/strong><\/p>\n<p>En ese partido marc\u00f3 el regreso de Luis Fabiano, el <strong>S\u00e3o Paulo<\/strong> visit\u00f3 la <strong>Independente<\/strong>, e incluso sin jugar bien, a la izquierda del Par\u00e1, con una sola victoria.\u00a0El <strong>Independente<\/strong> podr\u00eda tener mejor suerte en el partido, pero el \u00e1rbitro anul\u00f3 un gol err\u00f3neamente <strong>Tiago Floriano<\/strong> despu\u00e9s de s\u00f3lo dos minutos.\u00a0La respuesta de <strong>S\u00e3o Paulo<\/strong> pronto sigui\u00f3 con <strong>Lucas<\/strong>, que vio el defensor <strong>Alessandro Recife<\/strong> evitar el gol sobre la l\u00ednea. El \u00fanico gol del partido lleg\u00f3 despu\u00e9s del juego individual de <strong>C\u00edcero<\/strong>.\u00a0A los 14 minutos, el delantero cruz\u00f3 la mitad de la canci\u00f3n antes de dar patadas en la esquina izquierda de <strong>Dida<\/strong> para abrir el marcador.\u00a0<strong>Denilson<\/strong> tenido la oportunidad de ampliar la ventaja a 33, tiro libre que rompi\u00f3 el travesa\u00f1o. En la segunda mitad, el <strong>Tricolor Paulista<\/strong> volvi\u00f3 mejor, pero pec\u00f3 en las presentaciones de <strong>Lucas, Luis Fabiano y Casemiro; El Independente<\/strong>, en cambio, no ten\u00eda fuerzas para luchar y tard\u00f3 casi ning\u00fan peligro para el arquero Denis.Los equipos juegan de nuevo en Sao Paulo el pr\u00f3ximo mi\u00e9rcoles.<\/p>\n<p><strong>Rio Branco \u2013 AC 0x6 Cruzeiro<\/strong><\/p>\n<p>Aunque desprovisto de <strong>Montillo<\/strong>, el nombre principal del equipo, el <strong>Cruzeiro<\/strong> demostr\u00f3 muy superior a golear <strong>Rio Branco, en Acre<\/strong>.\u00a0El primer gol lleg\u00f3 despu\u00e9s de s\u00f3lo seis minutos en el culo de <strong>Wallyson<\/strong> despu\u00e9s de un centro desde la derecha de <strong>Walter.<\/strong>\u00a0A los 38 a\u00f1os de la primera etapa, la <strong>Raposa<\/strong> lleg\u00f3 a la segunda <strong>Anselmo Ramon<\/strong> en contacto con la salida del portero despu\u00e9s de otro viaje de <strong>Walter<\/strong>. El <strong>Cruzeiro<\/strong> de dominio continu\u00f3 en la segunda etapa y con tan s\u00f3lo cuatro minutos, <strong>Wallyson<\/strong> marc\u00f3 el tercero tras otro pase de<strong> Walter.<\/strong>\u00a0A pesar de la derrota consagrado, el crucero todav\u00eda segu\u00eda llegando con facilidad y anot\u00f3 el cuarto gol en el minuto 23 con defensor de <strong>L\u00e9o<\/strong> despu\u00e9s de tiro de esquina.Nueve minutos m\u00e1s tarde, <strong>Wallyson<\/strong> sirve <strong>Rudnei<\/strong> que el borde del \u00e1rea marc\u00f3 el quinto. Y todav\u00eda tuvo tiempo para marcar los visitantes <strong>Wallyson<\/strong> sexto y para asegurarle el triunfo m\u00e1s grande de tercero esta edici\u00f3n de la Copa de Brasil hasta el momento.\u00a0El <strong>Cruzeiro<\/strong> enfrentar\u00e1 al ganador de <strong>S\u00e3o Matheus \u2013 ES y Chapecoense \u2013 SC<\/strong> en la pr\u00f3xima fase.<\/p>\n<p><strong>River Plate &#8211; SE 2&#215;3 Gremio<\/strong><\/p>\n<p>Estaba cerca, pero el <strong>Gremio<\/strong> fue capaz de evitar una verg\u00fcenza en <strong>Sergipe.<\/strong>\u00a0El equipo visitante apenas se cre\u00f3 en la primera etapa y volvi\u00f3 al vestuario con un marcador desfavorable.\u00a0Todo porque, a los 42 minutos, Almir Sergipe gambete\u00f3 <strong>Naldo<\/strong> y pate\u00f3 cruzado la entrada a la zona para poner a los anfitriones por delante. En la segunda mitad, las cosas parec\u00edan empeorar para <strong>Gremio<\/strong>, que sufri\u00f3 s\u00f3lo un gol m\u00e1s en la reanudaci\u00f3n del juego con <strong>Jonathan<\/strong> tras el fracaso de <strong>Naldo<\/strong>.Aunque desorganizado, el tricolor podr\u00eda descuento gaucho, cuando <strong>Marco Antonio<\/strong> cruz\u00f3 en la zona media y <strong>Fernando Bel\u00e9m<\/strong> jug\u00f3 en contra de sus propias redes. El panorama del partido comenz\u00f3 a cambiar en el minuto 31, cuando <strong>Bebeto<\/strong> hizo ensuciar el lado del campo y recibi\u00f3 su segunda tarjeta amarilla, dejando a <strong>River<\/strong> con un jugador menos.\u00a0A partir de entonces, el <strong>Gremio<\/strong> fue todo en busca del empate, que lleg\u00f3 en tiempo de descuento.\u00a0A los 46 a\u00f1os, <strong>Facundo Bertoglio<\/strong> centro raso y <strong>Kleber<\/strong> esfutfou oponerse a las redes. Y cuando todo parec\u00eda decidido, el <strong>Gremio<\/strong> de encontrar la boca de gol un minuto despu\u00e9s con <strong>Bertoglio<\/strong>, despu\u00e9s de rebotar pelota que explot\u00f3 en el tablero.\u00a0El resultado permite que el Gremio que perder por una diferencia de goles en el partido de vuelta, que se celebrar\u00e1 no pr\u00f3ximo dia 21.<\/p>\n<p style=\"text-align: justify\">En las dos primeras fases de la <strong>Copa<\/strong><strong> do Brasil<\/strong>, un equipo visitante que gana por dos o m\u00e1s goles de diferencia clasifica autom\u00e1ticamente para la siguiente ronda.<\/p>\n<p>Echa un vistazo a los otros resultados de esta semana:<\/p>\n<p style=\"text-align: justify\">\n<p style=\"text-align: justify\"><strong>Boa Vista \u2013 RJ 0x0 Am\u00e9rica \u2013 MG <\/strong><\/p>\n<p style=\"text-align: justify\"><strong>Gama 0x2 Cear\u00e1 <\/strong><\/p>\n<p style=\"text-align: justify\"><strong>Real 0x0 Remo<\/strong><\/p>\n<p style=\"text-align: justify\"><strong>Aquindauense \u2013 MS 1&#215;0 Bahia de Feira<\/strong><\/p>\n<p style=\"text-align: justify\"><strong>Real Noroeste 0x2 Ipatinga<\/strong><\/p>\n<p style=\"text-align: justify\"><strong>Espig\u00e3o 1&#215;3 Paysandu<\/strong><\/p>\n<p style=\"text-align: justify\"><strong>Luverdense 2&#215;2 Paran\u00e1<\/strong><\/p>\n<p style=\"text-align: justify\"><strong>Oper\u00e1rio 0x4 Juventude<\/strong><\/p>\n<p style=\"text-align: justify\"><strong>Trem 0x5 ABC<\/strong><\/p>\n<p style=\"text-align: justify\"><strong>Brasiliense 2&#215;0 Guarani<\/strong><\/p>\n<p style=\"text-align: justify\"><strong>Horizonte 2&#215;0 Am\u00e9rica \u2013 RN <\/strong><\/p>\n<p style=\"text-align: justify\"><strong>Sampaio Correia 2&#215;1 Atl\u00e9tico \u2013 PR <\/strong><\/p>\n<p style=\"text-align: justify\"><strong>Comercial \u2013 PI 2&#215;3 Fortaleza<\/strong><\/p>\n<p style=\"text-align: justify\"><strong>Pe\u00f1arol \u2013 AM 1&#215;2 Santa Cruz <\/strong><\/p>\n<p style=\"text-align: justify\"><strong>Paulista 2&#215;3 Goi\u00e1s<\/strong><\/p>\n<p style=\"text-align: justify\"><strong>S\u00e3o Domingos 0x0 Vit\u00f3ria<\/strong><\/p>\n<p style=\"text-align: justify\">\n<h1><\/h1>\n<p>@LucasLeyte<\/p>\n<p>Lucas Leite<\/p>\n","protected":false},"excerpt":{"rendered":"<p>Comenz\u00f3 la Copa do Brasil! Algunos de los clubes de primera divisi\u00f3n de Brasil debutaron a mediados de semana por la mayor competencia nacional del f\u00fatbol brasile\u00f1o.\u00a0Sin embargo, no todos los clubes ten\u00edan el poder de eliminar \u00a0a sus rivales sin que trascendiera el partido de vuelta. Gurupi 0x1 Atl\u00e9tico-GO El Atl\u00e9tico se fue a&#8230;<\/p>\n","protected":false},"author":100,"featured_media":1305,"comment_status":"open","ping_status":"open","sticky":false,"template":"","format":"standard","meta":{"_kad_post_transparent":"","_kad_post_title":"","_kad_post_layout":"","_kad_post_sidebar_id":"","_kad_post_content_style":"","_kad_post_vertical_padding":"","_kad_post_feature":"","_kad_post_feature_position":"","_kad_post_header":false,"_kad_post_footer":false,"_kad_post_classname":"","_jetpack_memberships_contains_paid_content":false,"footnotes":"","jetpack_publicize_message":"","jetpack_publicize_feature_enabled":true,"jetpack_social_post_already_shared":false,"jetpack_social_options":{"image_generator_settings":{"template":"highway","default_image_id":0,"font":"","enabled":false},"version":2}},"categories":[10],"tags":[336,524,450,525,427],"class_list":["post-1303","post","type-post","status-publish","format-standard","has-post-thumbnail","hentry","category-portada","tag-brasil","tag-brasileno","tag-copa","tag-do","tag-futbol"],"yoast_head":"<!-- This site is optimized with the Yoast SEO plugin v27.5 - https:\/\/yoast.com\/product\/yoast-seo-wordpress\/ -->\n<title>Futbol Brasile\u00f1o: Copa do Brasil. &#8211; Futbolandia<\/title>\n<meta name=\"robots\" content=\"index, follow, max-snippet:-1, max-image-preview:large, max-video-preview:-1\" \/>\n<link rel=\"canonical\" href=\"https:\/\/www.manquepierda.com\/futbolandia\/futbol-brasileno-copa-do-brasil\/\" \/>\n<meta property=\"og:locale\" content=\"es_ES\" \/>\n<meta property=\"og:type\" content=\"article\" \/>\n<meta property=\"og:title\" content=\"Futbol Brasile\u00f1o: Copa do Brasil. &#8211; Futbolandia\" \/>\n<meta property=\"og:description\" content=\"Comenz\u00f3 la Copa do Brasil! Algunos de los clubes de primera divisi\u00f3n de Brasil debutaron a mediados de semana por la mayor competencia nacional del f\u00fatbol brasile\u00f1o.\u00a0Sin embargo, no todos los clubes ten\u00edan el poder de eliminar \u00a0a sus rivales sin que trascendiera el partido de vuelta. Gurupi 0x1 Atl\u00e9tico-GO El Atl\u00e9tico se fue a...\" \/>\n<meta property=\"og:url\" content=\"https:\/\/www.manquepierda.com\/futbolandia\/futbol-brasileno-copa-do-brasil\/\" \/>\n<meta property=\"og:site_name\" content=\"Futbolandia\" \/>\n<meta property=\"article:published_time\" content=\"2012-03-09T20:29:31+00:00\" \/>\n<meta property=\"og:image\" content=\"https:\/\/i1.wp.com\/www.manquepierda.com\/futbolandia\/files\/2012\/03\/abfadb.jpg?fit=558%2C398&ssl=1\" \/>\n\t<meta property=\"og:image:width\" content=\"558\" \/>\n\t<meta property=\"og:image:height\" content=\"398\" \/>\n\t<meta property=\"og:image:type\" content=\"image\/jpeg\" \/>\n<meta name=\"author\" content=\"Adri\u00e1n Bedia Puerto\" \/>\n<meta name=\"twitter:label1\" content=\"Escrito por\" \/>\n\t<meta name=\"twitter:data1\" content=\"Adri\u00e1n Bedia Puerto\" \/>\n\t<meta name=\"twitter:label2\" content=\"Tiempo de lectura\" \/>\n\t<meta name=\"twitter:data2\" content=\"6 minutos\" \/>\n<script type=\"application\/ld+json\" class=\"yoast-schema-graph\">{\"@context\":\"https:\\\/\\\/schema.org\",\"@graph\":[{\"@type\":\"Article\",\"@id\":\"https:\\\/\\\/www.manquepierda.com\\\/futbolandia\\\/futbol-brasileno-copa-do-brasil\\\/#article\",\"isPartOf\":{\"@id\":\"https:\\\/\\\/www.manquepierda.com\\\/futbolandia\\\/futbol-brasileno-copa-do-brasil\\\/\"},\"author\":{\"name\":\"Adri\u00e1n Bedia Puerto\",\"@id\":\"https:\\\/\\\/www.manquepierda.com\\\/futbolandia\\\/#\\\/schema\\\/person\\\/f2133132be9857df14a26e2f116bbe94\"},\"headline\":\"Futbol Brasile\u00f1o: Copa do Brasil.\",\"datePublished\":\"2012-03-09T20:29:31+00:00\",\"mainEntityOfPage\":{\"@id\":\"https:\\\/\\\/www.manquepierda.com\\\/futbolandia\\\/futbol-brasileno-copa-do-brasil\\\/\"},\"wordCount\":1294,\"commentCount\":0,\"image\":{\"@id\":\"https:\\\/\\\/www.manquepierda.com\\\/futbolandia\\\/futbol-brasileno-copa-do-brasil\\\/#primaryimage\"},\"thumbnailUrl\":\"https:\\\/\\\/i0.wp.com\\\/www.manquepierda.com\\\/futbolandia\\\/files\\\/2012\\\/03\\\/abfadb.jpg?fit=558%2C398&ssl=1\",\"keywords\":[\"Brasil\",\"Brasile\u00f1o\",\"Copa\",\"Do\",\"futbol\"],\"articleSection\":[\"Portada\"],\"inLanguage\":\"es\",\"potentialAction\":[{\"@type\":\"CommentAction\",\"name\":\"Comment\",\"target\":[\"https:\\\/\\\/www.manquepierda.com\\\/futbolandia\\\/futbol-brasileno-copa-do-brasil\\\/#respond\"]}]},{\"@type\":\"WebPage\",\"@id\":\"https:\\\/\\\/www.manquepierda.com\\\/futbolandia\\\/futbol-brasileno-copa-do-brasil\\\/\",\"url\":\"https:\\\/\\\/www.manquepierda.com\\\/futbolandia\\\/futbol-brasileno-copa-do-brasil\\\/\",\"name\":\"Futbol Brasile\u00f1o: Copa do Brasil. &#8211; Futbolandia\",\"isPartOf\":{\"@id\":\"https:\\\/\\\/www.manquepierda.com\\\/futbolandia\\\/#website\"},\"primaryImageOfPage\":{\"@id\":\"https:\\\/\\\/www.manquepierda.com\\\/futbolandia\\\/futbol-brasileno-copa-do-brasil\\\/#primaryimage\"},\"image\":{\"@id\":\"https:\\\/\\\/www.manquepierda.com\\\/futbolandia\\\/futbol-brasileno-copa-do-brasil\\\/#primaryimage\"},\"thumbnailUrl\":\"https:\\\/\\\/i0.wp.com\\\/www.manquepierda.com\\\/futbolandia\\\/files\\\/2012\\\/03\\\/abfadb.jpg?fit=558%2C398&ssl=1\",\"datePublished\":\"2012-03-09T20:29:31+00:00\",\"author\":{\"@id\":\"https:\\\/\\\/www.manquepierda.com\\\/futbolandia\\\/#\\\/schema\\\/person\\\/f2133132be9857df14a26e2f116bbe94\"},\"breadcrumb\":{\"@id\":\"https:\\\/\\\/www.manquepierda.com\\\/futbolandia\\\/futbol-brasileno-copa-do-brasil\\\/#breadcrumb\"},\"inLanguage\":\"es\",\"potentialAction\":[{\"@type\":\"ReadAction\",\"target\":[\"https:\\\/\\\/www.manquepierda.com\\\/futbolandia\\\/futbol-brasileno-copa-do-brasil\\\/\"]}]},{\"@type\":\"ImageObject\",\"inLanguage\":\"es\",\"@id\":\"https:\\\/\\\/www.manquepierda.com\\\/futbolandia\\\/futbol-brasileno-copa-do-brasil\\\/#primaryimage\",\"url\":\"https:\\\/\\\/i0.wp.com\\\/www.manquepierda.com\\\/futbolandia\\\/files\\\/2012\\\/03\\\/abfadb.jpg?fit=558%2C398&ssl=1\",\"contentUrl\":\"https:\\\/\\\/i0.wp.com\\\/www.manquepierda.com\\\/futbolandia\\\/files\\\/2012\\\/03\\\/abfadb.jpg?fit=558%2C398&ssl=1\",\"width\":\"558\",\"height\":\"398\"},{\"@type\":\"BreadcrumbList\",\"@id\":\"https:\\\/\\\/www.manquepierda.com\\\/futbolandia\\\/futbol-brasileno-copa-do-brasil\\\/#breadcrumb\",\"itemListElement\":[{\"@type\":\"ListItem\",\"position\":1,\"name\":\"Portada\",\"item\":\"https:\\\/\\\/www.manquepierda.com\\\/futbolandia\\\/\"},{\"@type\":\"ListItem\",\"position\":2,\"name\":\"Futbol Brasile\u00f1o: Copa do Brasil.\"}]},{\"@type\":\"WebSite\",\"@id\":\"https:\\\/\\\/www.manquepierda.com\\\/futbolandia\\\/#website\",\"url\":\"https:\\\/\\\/www.manquepierda.com\\\/futbolandia\\\/\",\"name\":\"Futbolandia\",\"description\":\"Reportajes e informaci\u00f3n sobre f\u00fatbol mundial y j\u00f3venes promesas\",\"potentialAction\":[{\"@type\":\"SearchAction\",\"target\":{\"@type\":\"EntryPoint\",\"urlTemplate\":\"https:\\\/\\\/www.manquepierda.com\\\/futbolandia\\\/?s={search_term_string}\"},\"query-input\":{\"@type\":\"PropertyValueSpecification\",\"valueRequired\":true,\"valueName\":\"search_term_string\"}}],\"inLanguage\":\"es\"},{\"@type\":\"Person\",\"@id\":\"https:\\\/\\\/www.manquepierda.com\\\/futbolandia\\\/#\\\/schema\\\/person\\\/f2133132be9857df14a26e2f116bbe94\",\"name\":\"Adri\u00e1n Bedia Puerto\",\"image\":{\"@type\":\"ImageObject\",\"inLanguage\":\"es\",\"@id\":\"https:\\\/\\\/secure.gravatar.com\\\/avatar\\\/dea43547063ac034552de9ba24b2ce5dd1cf7bf2de4f05263cfbf331d51d3c5c?s=96&d=mm&r=g\",\"url\":\"https:\\\/\\\/secure.gravatar.com\\\/avatar\\\/dea43547063ac034552de9ba24b2ce5dd1cf7bf2de4f05263cfbf331d51d3c5c?s=96&d=mm&r=g\",\"contentUrl\":\"https:\\\/\\\/secure.gravatar.com\\\/avatar\\\/dea43547063ac034552de9ba24b2ce5dd1cf7bf2de4f05263cfbf331d51d3c5c?s=96&d=mm&r=g\",\"caption\":\"Adri\u00e1n Bedia Puerto\"},\"sameAs\":[\"http:\\\/\\\/minimessisyzidanes.blogspot.com\",\"https:\\\/\\\/x.com\\\/http:\\\/\\\/twitter.com\\\/Abp1993\"],\"url\":\"https:\\\/\\\/www.manquepierda.com\\\/futbolandia\\\/author\\\/abp1993\\\/\"}]}<\/script>\n<!-- \/ Yoast SEO plugin. -->","yoast_head_json":{"title":"Futbol Brasile\u00f1o: Copa do Brasil. &#8211; Futbolandia","robots":{"index":"index","follow":"follow","max-snippet":"max-snippet:-1","max-image-preview":"max-image-preview:large","max-video-preview":"max-video-preview:-1"},"canonical":"https:\/\/www.manquepierda.com\/futbolandia\/futbol-brasileno-copa-do-brasil\/","og_locale":"es_ES","og_type":"article","og_title":"Futbol Brasile\u00f1o: Copa do Brasil. &#8211; Futbolandia","og_description":"Comenz\u00f3 la Copa do Brasil! Algunos de los clubes de primera divisi\u00f3n de Brasil debutaron a mediados de semana por la mayor competencia nacional del f\u00fatbol brasile\u00f1o.\u00a0Sin embargo, no todos los clubes ten\u00edan el poder de eliminar \u00a0a sus rivales sin que trascendiera el partido de vuelta. Gurupi 0x1 Atl\u00e9tico-GO El Atl\u00e9tico se fue a...","og_url":"https:\/\/www.manquepierda.com\/futbolandia\/futbol-brasileno-copa-do-brasil\/","og_site_name":"Futbolandia","article_published_time":"2012-03-09T20:29:31+00:00","og_image":[{"width":558,"height":398,"url":"https:\/\/i1.wp.com\/www.manquepierda.com\/futbolandia\/files\/2012\/03\/abfadb.jpg?fit=558%2C398&ssl=1","type":"image\/jpeg"}],"author":"Adri\u00e1n Bedia Puerto","twitter_misc":{"Escrito por":"Adri\u00e1n Bedia Puerto","Tiempo de lectura":"6 minutos"},"schema":{"@context":"https:\/\/schema.org","@graph":[{"@type":"Article","@id":"https:\/\/www.manquepierda.com\/futbolandia\/futbol-brasileno-copa-do-brasil\/#article","isPartOf":{"@id":"https:\/\/www.manquepierda.com\/futbolandia\/futbol-brasileno-copa-do-brasil\/"},"author":{"name":"Adri\u00e1n Bedia Puerto","@id":"https:\/\/www.manquepierda.com\/futbolandia\/#\/schema\/person\/f2133132be9857df14a26e2f116bbe94"},"headline":"Futbol Brasile\u00f1o: Copa do Brasil.","datePublished":"2012-03-09T20:29:31+00:00","mainEntityOfPage":{"@id":"https:\/\/www.manquepierda.com\/futbolandia\/futbol-brasileno-copa-do-brasil\/"},"wordCount":1294,"commentCount":0,"image":{"@id":"https:\/\/www.manquepierda.com\/futbolandia\/futbol-brasileno-copa-do-brasil\/#primaryimage"},"thumbnailUrl":"https:\/\/i0.wp.com\/www.manquepierda.com\/futbolandia\/files\/2012\/03\/abfadb.jpg?fit=558%2C398&ssl=1","keywords":["Brasil","Brasile\u00f1o","Copa","Do","futbol"],"articleSection":["Portada"],"inLanguage":"es","potentialAction":[{"@type":"CommentAction","name":"Comment","target":["https:\/\/www.manquepierda.com\/futbolandia\/futbol-brasileno-copa-do-brasil\/#respond"]}]},{"@type":"WebPage","@id":"https:\/\/www.manquepierda.com\/futbolandia\/futbol-brasileno-copa-do-brasil\/","url":"https:\/\/www.manquepierda.com\/futbolandia\/futbol-brasileno-copa-do-brasil\/","name":"Futbol Brasile\u00f1o: Copa do Brasil. &#8211; Futbolandia","isPartOf":{"@id":"https:\/\/www.manquepierda.com\/futbolandia\/#website"},"primaryImageOfPage":{"@id":"https:\/\/www.manquepierda.com\/futbolandia\/futbol-brasileno-copa-do-brasil\/#primaryimage"},"image":{"@id":"https:\/\/www.manquepierda.com\/futbolandia\/futbol-brasileno-copa-do-brasil\/#primaryimage"},"thumbnailUrl":"https:\/\/i0.wp.com\/www.manquepierda.com\/futbolandia\/files\/2012\/03\/abfadb.jpg?fit=558%2C398&ssl=1","datePublished":"2012-03-09T20:29:31+00:00","author":{"@id":"https:\/\/www.manquepierda.com\/futbolandia\/#\/schema\/person\/f2133132be9857df14a26e2f116bbe94"},"breadcrumb":{"@id":"https:\/\/www.manquepierda.com\/futbolandia\/futbol-brasileno-copa-do-brasil\/#breadcrumb"},"inLanguage":"es","potentialAction":[{"@type":"ReadAction","target":["https:\/\/www.manquepierda.com\/futbolandia\/futbol-brasileno-copa-do-brasil\/"]}]},{"@type":"ImageObject","inLanguage":"es","@id":"https:\/\/www.manquepierda.com\/futbolandia\/futbol-brasileno-copa-do-brasil\/#primaryimage","url":"https:\/\/i0.wp.com\/www.manquepierda.com\/futbolandia\/files\/2012\/03\/abfadb.jpg?fit=558%2C398&ssl=1","contentUrl":"https:\/\/i0.wp.com\/www.manquepierda.com\/futbolandia\/files\/2012\/03\/abfadb.jpg?fit=558%2C398&ssl=1","width":"558","height":"398"},{"@type":"BreadcrumbList","@id":"https:\/\/www.manquepierda.com\/futbolandia\/futbol-brasileno-copa-do-brasil\/#breadcrumb","itemListElement":[{"@type":"ListItem","position":1,"name":"Portada","item":"https:\/\/www.manquepierda.com\/futbolandia\/"},{"@type":"ListItem","position":2,"name":"Futbol Brasile\u00f1o: Copa do Brasil."}]},{"@type":"WebSite","@id":"https:\/\/www.manquepierda.com\/futbolandia\/#website","url":"https:\/\/www.manquepierda.com\/futbolandia\/","name":"Futbolandia","description":"Reportajes e informaci\u00f3n sobre f\u00fatbol mundial y j\u00f3venes promesas","potentialAction":[{"@type":"SearchAction","target":{"@type":"EntryPoint","urlTemplate":"https:\/\/www.manquepierda.com\/futbolandia\/?s={search_term_string}"},"query-input":{"@type":"PropertyValueSpecification","valueRequired":true,"valueName":"search_term_string"}}],"inLanguage":"es"},{"@type":"Person","@id":"https:\/\/www.manquepierda.com\/futbolandia\/#\/schema\/person\/f2133132be9857df14a26e2f116bbe94","name":"Adri\u00e1n Bedia Puerto","image":{"@type":"ImageObject","inLanguage":"es","@id":"https:\/\/secure.gravatar.com\/avatar\/dea43547063ac034552de9ba24b2ce5dd1cf7bf2de4f05263cfbf331d51d3c5c?s=96&d=mm&r=g","url":"https:\/\/secure.gravatar.com\/avatar\/dea43547063ac034552de9ba24b2ce5dd1cf7bf2de4f05263cfbf331d51d3c5c?s=96&d=mm&r=g","contentUrl":"https:\/\/secure.gravatar.com\/avatar\/dea43547063ac034552de9ba24b2ce5dd1cf7bf2de4f05263cfbf331d51d3c5c?s=96&d=mm&r=g","caption":"Adri\u00e1n Bedia Puerto"},"sameAs":["http:\/\/minimessisyzidanes.blogspot.com","https:\/\/x.com\/http:\/\/twitter.com\/Abp1993"],"url":"https:\/\/www.manquepierda.com\/futbolandia\/author\/abp1993\/"}]}},"jetpack_publicize_connections":[],"jetpack_featured_media_url":"https:\/\/i0.wp.com\/www.manquepierda.com\/futbolandia\/files\/2012\/03\/abfadb.jpg?fit=558%2C398&ssl=1","jetpack_shortlink":"https:\/\/wp.me\/p1THIg-l1","jetpack_sharing_enabled":true,"_links":{"self":[{"href":"https:\/\/www.manquepierda.com\/futbolandia\/wp-json\/wp\/v2\/posts\/1303","targetHints":{"allow":["GET"]}}],"collection":[{"href":"https:\/\/www.manquepierda.com\/futbolandia\/wp-json\/wp\/v2\/posts"}],"about":[{"href":"https:\/\/www.manquepierda.com\/futbolandia\/wp-json\/wp\/v2\/types\/post"}],"author":[{"embeddable":true,"href":"https:\/\/www.manquepierda.com\/futbolandia\/wp-json\/wp\/v2\/users\/100"}],"replies":[{"embeddable":true,"href":"https:\/\/www.manquepierda.com\/futbolandia\/wp-json\/wp\/v2\/comments?post=1303"}],"version-history":[{"count":0,"href":"https:\/\/www.manquepierda.com\/futbolandia\/wp-json\/wp\/v2\/posts\/1303\/revisions"}],"wp:featuredmedia":[{"embeddable":true,"href":"https:\/\/www.manquepierda.com\/futbolandia\/wp-json\/wp\/v2\/media\/1305"}],"wp:attachment":[{"href":"https:\/\/www.manquepierda.com\/futbolandia\/wp-json\/wp\/v2\/media?parent=1303"}],"wp:term":[{"taxonomy":"category","embeddable":true,"href":"https:\/\/www.manquepierda.com\/futbolandia\/wp-json\/wp\/v2\/categories?post=1303"},{"taxonomy":"post_tag","embeddable":true,"href":"https:\/\/www.manquepierda.com\/futbolandia\/wp-json\/wp\/v2\/tags?post=1303"}],"curies":[{"name":"wp","href":"https:\/\/api.w.org\/{rel}","templated":true}]}}