{"id":1322,"date":"2012-03-11T15:02:27","date_gmt":"2012-03-11T13:02:27","guid":{"rendered":"http:\/\/www.manquepierda.com\/futbolandia\/?p=1322"},"modified":"2013-07-07T14:00:43","modified_gmt":"2013-07-07T12:00:43","slug":"el-loco-y-su-estilo-por-adrian-bedia","status":"publish","type":"post","link":"https:\/\/www.manquepierda.com\/futbolandia\/el-loco-y-su-estilo-por-adrian-bedia\/","title":{"rendered":"El \u00abLoco\u00bb y su estilo"},"content":{"rendered":"<p align=\"JUSTIFY\">D\u00edas despu\u00e9s de la gran victoria del Athletic Club de Bilbao frente al todopoderoso Manchester United es justo y necesario la redacci\u00f3n de este articulo. Porque no solo ha ganado un equipo, espa\u00f1ol pese a quien le pese, tambi\u00e9n ha ganado el triunfo de un estilo.<\/p>\n<p align=\"JUSTIFY\">Y es que cuando el \u201cLoco\u201d Marcelo Bielsa aterrizo en Bilbao la inc\u00f3gnita peso desde el minuto 1 por diversos motivos. El primero y mas importante era su estilo de juego, radicalmente opuesto al tradicional de San Mames, un estilo que ha servido de inspiraci\u00f3n al propio Pep Guardiola, paradigma del mejor f\u00fatbol de mundo y uno de los mejores entrenadores del panorama actual. Adecuar ese grupo de jugadores al estilo de Bielsa era tarea dif\u00edcil, aunque mas sencilla si en medio esta involucrado un enfermo del f\u00fatbol como el argentino. Mimbres no le faltaban, y es aqu\u00ed donde hay que poner en su sitio al otrora entrenador del Athletic Joaquin Caparros, que supo sacar jugadores de la cantera y dar oportunidad a jugadores j\u00f3venes, el caso mas flagrante ha sido el de Iker Muniain, por ello los seguidores del Ahtletic deben estarle agradecidos, cosa que creo que estar\u00e1n<\/p>\n<p align=\"JUSTIFY\">El triunfo hace varios d\u00edas culminaba quiz\u00e1s una temporada incre\u00edble, temporada que por otra parte no ha terminado, pero que ya ha dejado varias recompensas a estas alturas de competici\u00f3n La primera ha sido la clasificaci\u00f3n autom\u00e1tica para la pr\u00f3xima Europa League, la segunda ganarle al segundo clasificado de la Premier League, liga que algunos futboleros consideran la mejor del mundo. La lecci\u00f3n de f\u00fatbol que dieron los pupilos de Bielsa a los de Ferguson en Old Trafford fue para poner el video a grabar y deleitarse: partido competido, de toma y daca, que termino con el resultado mas justo, aunque con una ventaja corta. Javi Martinez, Aurtenetxe, De Marcos, Muniain, Ander, Llorente y me dejo algunos fuera son los pilares de un Athletic que quiere hacer grandes cosa. \u00bfQuien se esperaba al inicio de temporada que este equipo, comandado por un entrenador como Marcelo Bielsa, estar\u00eda haciendo las cosas que esta haciendo?<\/p>\n<p align=\"JUSTIFY\">Atl\u00e9tico de Madrid, Valencia (en menor medida) y Manchester City son los favoritos en mi opini\u00f3n para ganar la actual Europa League, en esta terna entrara el vencedor de la eliminatoria entre Ahtletic y Manchester United, y ojo, si finalmente el primero consigue pasar de ronda para mi estamos ante uno de los m\u00e1ximos favoritos, si no el m\u00e1ximo Este estatus deportivo se lo han ganado a pulso donde tienen que hacerlo, en el terreno de juego, y todo gracias a un \u201cLoco\u201d muy cuerdo, que quiz\u00e1s no ha triunfado en exceso como entrenador de club a nivel de trofeos pero que se entrega cien por cien al club al que pertenece. Bien es cierto que la constelaci\u00f3n de jugadores con la que cuenta facilita el trabajo, pero no es menos cierto que con el estilo tradicional del Athletic de Bilbao no estar\u00edan probablemente donde est\u00e1n Solo queda disfrutar de este equipo y su juego si no eres hincha del club, y si lo eres disfruta doblemente porque lo mereces.<\/p>\n<p align=\"JUSTIFY\">Adri\u00e1n Bedia Puerto<\/p>\n<p align=\"JUSTIFY\">@Abp1993<\/p>\n","protected":false},"excerpt":{"rendered":"<p>D\u00edas despu\u00e9s de la gran victoria del Athletic Club de Bilbao frente al todopoderoso Manchester United es justo y necesario la redacci\u00f3n de este articulo. Porque no solo ha ganado un equipo, espa\u00f1ol pese a quien le pese, tambi\u00e9n ha ganado el triunfo de un estilo. Y es que cuando el \u201cLoco\u201d Marcelo Bielsa aterrizo&#8230;<\/p>\n","protected":false},"author":100,"featured_media":1323,"comment_status":"open","ping_status":"open","sticky":false,"template":"","format":"standard","meta":{"_kad_post_transparent":"","_kad_post_title":"","_kad_post_layout":"","_kad_post_sidebar_id":"","_kad_post_content_style":"","_kad_post_vertical_padding":"","_kad_post_feature":"","_kad_post_feature_position":"","_kad_post_header":false,"_kad_post_footer":false,"_kad_post_classname":"","_jetpack_memberships_contains_paid_content":false,"footnotes":"","jetpack_publicize_message":"","jetpack_publicize_feature_enabled":true,"jetpack_social_post_already_shared":false,"jetpack_social_options":{"image_generator_settings":{"template":"highway","default_image_id":0,"font":"","enabled":false},"version":2}},"categories":[1,7,10],"tags":[455],"class_list":["post-1322","post","type-post","status-publish","format-standard","has-post-thumbnail","hentry","category-liga-bbva-futbol-espanol","category-opinion","category-portada","tag-opinion-2"],"yoast_head":"<!-- This site is optimized with the Yoast SEO plugin v27.5 - https:\/\/yoast.com\/product\/yoast-seo-wordpress\/ -->\n<title>El &quot;Loco&quot; y su estilo &#8211; Futbolandia<\/title>\n<meta name=\"robots\" content=\"index, follow, max-snippet:-1, max-image-preview:large, max-video-preview:-1\" \/>\n<link rel=\"canonical\" href=\"https:\/\/www.manquepierda.com\/futbolandia\/el-loco-y-su-estilo-por-adrian-bedia\/\" \/>\n<meta property=\"og:locale\" content=\"es_ES\" \/>\n<meta property=\"og:type\" content=\"article\" \/>\n<meta property=\"og:title\" content=\"El &quot;Loco&quot; y su estilo &#8211; Futbolandia\" \/>\n<meta property=\"og:description\" content=\"D\u00edas despu\u00e9s de la gran victoria del Athletic Club de Bilbao frente al todopoderoso Manchester United es justo y necesario la redacci\u00f3n de este articulo. Porque no solo ha ganado un equipo, espa\u00f1ol pese a quien le pese, tambi\u00e9n ha ganado el triunfo de un estilo. Y es que cuando el \u201cLoco\u201d Marcelo Bielsa aterrizo...\" \/>\n<meta property=\"og:url\" content=\"https:\/\/www.manquepierda.com\/futbolandia\/el-loco-y-su-estilo-por-adrian-bedia\/\" \/>\n<meta property=\"og:site_name\" content=\"Futbolandia\" \/>\n<meta property=\"article:published_time\" content=\"2012-03-11T13:02:27+00:00\" \/>\n<meta property=\"article:modified_time\" content=\"2013-07-07T12:00:43+00:00\" \/>\n<meta property=\"og:image\" content=\"https:\/\/i0.wp.com\/www.manquepierda.com\/futbolandia\/files\/2012\/03\/marcelo-bielsa_2730625.jpg?fit=660%2C350&ssl=1\" \/>\n\t<meta property=\"og:image:width\" content=\"660\" \/>\n\t<meta property=\"og:image:height\" content=\"350\" \/>\n\t<meta property=\"og:image:type\" content=\"image\/jpeg\" \/>\n<meta name=\"author\" content=\"Adri\u00e1n Bedia Puerto\" \/>\n<meta name=\"twitter:label1\" content=\"Escrito por\" \/>\n\t<meta name=\"twitter:data1\" content=\"Adri\u00e1n Bedia Puerto\" \/>\n\t<meta name=\"twitter:label2\" content=\"Tiempo de lectura\" \/>\n\t<meta name=\"twitter:data2\" content=\"3 minutos\" \/>\n<script type=\"application\/ld+json\" class=\"yoast-schema-graph\">{\"@context\":\"https:\\\/\\\/schema.org\",\"@graph\":[{\"@type\":\"Article\",\"@id\":\"https:\\\/\\\/www.manquepierda.com\\\/futbolandia\\\/el-loco-y-su-estilo-por-adrian-bedia\\\/#article\",\"isPartOf\":{\"@id\":\"https:\\\/\\\/www.manquepierda.com\\\/futbolandia\\\/el-loco-y-su-estilo-por-adrian-bedia\\\/\"},\"author\":{\"name\":\"Adri\u00e1n Bedia Puerto\",\"@id\":\"https:\\\/\\\/www.manquepierda.com\\\/futbolandia\\\/#\\\/schema\\\/person\\\/f2133132be9857df14a26e2f116bbe94\"},\"headline\":\"El \u00abLoco\u00bb y su estilo\",\"datePublished\":\"2012-03-11T13:02:27+00:00\",\"dateModified\":\"2013-07-07T12:00:43+00:00\",\"mainEntityOfPage\":{\"@id\":\"https:\\\/\\\/www.manquepierda.com\\\/futbolandia\\\/el-loco-y-su-estilo-por-adrian-bedia\\\/\"},\"wordCount\":557,\"commentCount\":2,\"image\":{\"@id\":\"https:\\\/\\\/www.manquepierda.com\\\/futbolandia\\\/el-loco-y-su-estilo-por-adrian-bedia\\\/#primaryimage\"},\"thumbnailUrl\":\"https:\\\/\\\/i0.wp.com\\\/www.manquepierda.com\\\/futbolandia\\\/files\\\/2012\\\/03\\\/marcelo-bielsa_2730625.jpg?fit=660%2C350&ssl=1\",\"keywords\":[\"Opinion\"],\"articleSection\":[\"Liga BBVA - F\u00fatbol Espa\u00f1ol\",\"Opini\u00f3n\",\"Portada\"],\"inLanguage\":\"es\",\"potentialAction\":[{\"@type\":\"CommentAction\",\"name\":\"Comment\",\"target\":[\"https:\\\/\\\/www.manquepierda.com\\\/futbolandia\\\/el-loco-y-su-estilo-por-adrian-bedia\\\/#respond\"]}]},{\"@type\":\"WebPage\",\"@id\":\"https:\\\/\\\/www.manquepierda.com\\\/futbolandia\\\/el-loco-y-su-estilo-por-adrian-bedia\\\/\",\"url\":\"https:\\\/\\\/www.manquepierda.com\\\/futbolandia\\\/el-loco-y-su-estilo-por-adrian-bedia\\\/\",\"name\":\"El \\\"Loco\\\" y su estilo &#8211; Futbolandia\",\"isPartOf\":{\"@id\":\"https:\\\/\\\/www.manquepierda.com\\\/futbolandia\\\/#website\"},\"primaryImageOfPage\":{\"@id\":\"https:\\\/\\\/www.manquepierda.com\\\/futbolandia\\\/el-loco-y-su-estilo-por-adrian-bedia\\\/#primaryimage\"},\"image\":{\"@id\":\"https:\\\/\\\/www.manquepierda.com\\\/futbolandia\\\/el-loco-y-su-estilo-por-adrian-bedia\\\/#primaryimage\"},\"thumbnailUrl\":\"https:\\\/\\\/i0.wp.com\\\/www.manquepierda.com\\\/futbolandia\\\/files\\\/2012\\\/03\\\/marcelo-bielsa_2730625.jpg?fit=660%2C350&ssl=1\",\"datePublished\":\"2012-03-11T13:02:27+00:00\",\"dateModified\":\"2013-07-07T12:00:43+00:00\",\"author\":{\"@id\":\"https:\\\/\\\/www.manquepierda.com\\\/futbolandia\\\/#\\\/schema\\\/person\\\/f2133132be9857df14a26e2f116bbe94\"},\"breadcrumb\":{\"@id\":\"https:\\\/\\\/www.manquepierda.com\\\/futbolandia\\\/el-loco-y-su-estilo-por-adrian-bedia\\\/#breadcrumb\"},\"inLanguage\":\"es\",\"potentialAction\":[{\"@type\":\"ReadAction\",\"target\":[\"https:\\\/\\\/www.manquepierda.com\\\/futbolandia\\\/el-loco-y-su-estilo-por-adrian-bedia\\\/\"]}]},{\"@type\":\"ImageObject\",\"inLanguage\":\"es\",\"@id\":\"https:\\\/\\\/www.manquepierda.com\\\/futbolandia\\\/el-loco-y-su-estilo-por-adrian-bedia\\\/#primaryimage\",\"url\":\"https:\\\/\\\/i0.wp.com\\\/www.manquepierda.com\\\/futbolandia\\\/files\\\/2012\\\/03\\\/marcelo-bielsa_2730625.jpg?fit=660%2C350&ssl=1\",\"contentUrl\":\"https:\\\/\\\/i0.wp.com\\\/www.manquepierda.com\\\/futbolandia\\\/files\\\/2012\\\/03\\\/marcelo-bielsa_2730625.jpg?fit=660%2C350&ssl=1\",\"width\":\"660\",\"height\":\"350\"},{\"@type\":\"BreadcrumbList\",\"@id\":\"https:\\\/\\\/www.manquepierda.com\\\/futbolandia\\\/el-loco-y-su-estilo-por-adrian-bedia\\\/#breadcrumb\",\"itemListElement\":[{\"@type\":\"ListItem\",\"position\":1,\"name\":\"Portada\",\"item\":\"https:\\\/\\\/www.manquepierda.com\\\/futbolandia\\\/\"},{\"@type\":\"ListItem\",\"position\":2,\"name\":\"El \u00abLoco\u00bb y su estilo\"}]},{\"@type\":\"WebSite\",\"@id\":\"https:\\\/\\\/www.manquepierda.com\\\/futbolandia\\\/#website\",\"url\":\"https:\\\/\\\/www.manquepierda.com\\\/futbolandia\\\/\",\"name\":\"Futbolandia\",\"description\":\"Reportajes e informaci\u00f3n sobre f\u00fatbol mundial y j\u00f3venes promesas\",\"potentialAction\":[{\"@type\":\"SearchAction\",\"target\":{\"@type\":\"EntryPoint\",\"urlTemplate\":\"https:\\\/\\\/www.manquepierda.com\\\/futbolandia\\\/?s={search_term_string}\"},\"query-input\":{\"@type\":\"PropertyValueSpecification\",\"valueRequired\":true,\"valueName\":\"search_term_string\"}}],\"inLanguage\":\"es\"},{\"@type\":\"Person\",\"@id\":\"https:\\\/\\\/www.manquepierda.com\\\/futbolandia\\\/#\\\/schema\\\/person\\\/f2133132be9857df14a26e2f116bbe94\",\"name\":\"Adri\u00e1n Bedia Puerto\",\"image\":{\"@type\":\"ImageObject\",\"inLanguage\":\"es\",\"@id\":\"https:\\\/\\\/secure.gravatar.com\\\/avatar\\\/dea43547063ac034552de9ba24b2ce5dd1cf7bf2de4f05263cfbf331d51d3c5c?s=96&d=mm&r=g\",\"url\":\"https:\\\/\\\/secure.gravatar.com\\\/avatar\\\/dea43547063ac034552de9ba24b2ce5dd1cf7bf2de4f05263cfbf331d51d3c5c?s=96&d=mm&r=g\",\"contentUrl\":\"https:\\\/\\\/secure.gravatar.com\\\/avatar\\\/dea43547063ac034552de9ba24b2ce5dd1cf7bf2de4f05263cfbf331d51d3c5c?s=96&d=mm&r=g\",\"caption\":\"Adri\u00e1n Bedia Puerto\"},\"sameAs\":[\"http:\\\/\\\/minimessisyzidanes.blogspot.com\",\"https:\\\/\\\/x.com\\\/http:\\\/\\\/twitter.com\\\/Abp1993\"],\"url\":\"https:\\\/\\\/www.manquepierda.com\\\/futbolandia\\\/author\\\/abp1993\\\/\"}]}<\/script>\n<!-- \/ Yoast SEO plugin. -->","yoast_head_json":{"title":"El \"Loco\" y su estilo &#8211; Futbolandia","robots":{"index":"index","follow":"follow","max-snippet":"max-snippet:-1","max-image-preview":"max-image-preview:large","max-video-preview":"max-video-preview:-1"},"canonical":"https:\/\/www.manquepierda.com\/futbolandia\/el-loco-y-su-estilo-por-adrian-bedia\/","og_locale":"es_ES","og_type":"article","og_title":"El \"Loco\" y su estilo &#8211; Futbolandia","og_description":"D\u00edas despu\u00e9s de la gran victoria del Athletic Club de Bilbao frente al todopoderoso Manchester United es justo y necesario la redacci\u00f3n de este articulo. Porque no solo ha ganado un equipo, espa\u00f1ol pese a quien le pese, tambi\u00e9n ha ganado el triunfo de un estilo. Y es que cuando el \u201cLoco\u201d Marcelo Bielsa aterrizo...","og_url":"https:\/\/www.manquepierda.com\/futbolandia\/el-loco-y-su-estilo-por-adrian-bedia\/","og_site_name":"Futbolandia","article_published_time":"2012-03-11T13:02:27+00:00","article_modified_time":"2013-07-07T12:00:43+00:00","og_image":[{"width":660,"height":350,"url":"https:\/\/i0.wp.com\/www.manquepierda.com\/futbolandia\/files\/2012\/03\/marcelo-bielsa_2730625.jpg?fit=660%2C350&ssl=1","type":"image\/jpeg"}],"author":"Adri\u00e1n Bedia Puerto","twitter_misc":{"Escrito por":"Adri\u00e1n Bedia Puerto","Tiempo de lectura":"3 minutos"},"schema":{"@context":"https:\/\/schema.org","@graph":[{"@type":"Article","@id":"https:\/\/www.manquepierda.com\/futbolandia\/el-loco-y-su-estilo-por-adrian-bedia\/#article","isPartOf":{"@id":"https:\/\/www.manquepierda.com\/futbolandia\/el-loco-y-su-estilo-por-adrian-bedia\/"},"author":{"name":"Adri\u00e1n Bedia Puerto","@id":"https:\/\/www.manquepierda.com\/futbolandia\/#\/schema\/person\/f2133132be9857df14a26e2f116bbe94"},"headline":"El \u00abLoco\u00bb y su estilo","datePublished":"2012-03-11T13:02:27+00:00","dateModified":"2013-07-07T12:00:43+00:00","mainEntityOfPage":{"@id":"https:\/\/www.manquepierda.com\/futbolandia\/el-loco-y-su-estilo-por-adrian-bedia\/"},"wordCount":557,"commentCount":2,"image":{"@id":"https:\/\/www.manquepierda.com\/futbolandia\/el-loco-y-su-estilo-por-adrian-bedia\/#primaryimage"},"thumbnailUrl":"https:\/\/i0.wp.com\/www.manquepierda.com\/futbolandia\/files\/2012\/03\/marcelo-bielsa_2730625.jpg?fit=660%2C350&ssl=1","keywords":["Opinion"],"articleSection":["Liga BBVA - F\u00fatbol Espa\u00f1ol","Opini\u00f3n","Portada"],"inLanguage":"es","potentialAction":[{"@type":"CommentAction","name":"Comment","target":["https:\/\/www.manquepierda.com\/futbolandia\/el-loco-y-su-estilo-por-adrian-bedia\/#respond"]}]},{"@type":"WebPage","@id":"https:\/\/www.manquepierda.com\/futbolandia\/el-loco-y-su-estilo-por-adrian-bedia\/","url":"https:\/\/www.manquepierda.com\/futbolandia\/el-loco-y-su-estilo-por-adrian-bedia\/","name":"El \"Loco\" y su estilo &#8211; Futbolandia","isPartOf":{"@id":"https:\/\/www.manquepierda.com\/futbolandia\/#website"},"primaryImageOfPage":{"@id":"https:\/\/www.manquepierda.com\/futbolandia\/el-loco-y-su-estilo-por-adrian-bedia\/#primaryimage"},"image":{"@id":"https:\/\/www.manquepierda.com\/futbolandia\/el-loco-y-su-estilo-por-adrian-bedia\/#primaryimage"},"thumbnailUrl":"https:\/\/i0.wp.com\/www.manquepierda.com\/futbolandia\/files\/2012\/03\/marcelo-bielsa_2730625.jpg?fit=660%2C350&ssl=1","datePublished":"2012-03-11T13:02:27+00:00","dateModified":"2013-07-07T12:00:43+00:00","author":{"@id":"https:\/\/www.manquepierda.com\/futbolandia\/#\/schema\/person\/f2133132be9857df14a26e2f116bbe94"},"breadcrumb":{"@id":"https:\/\/www.manquepierda.com\/futbolandia\/el-loco-y-su-estilo-por-adrian-bedia\/#breadcrumb"},"inLanguage":"es","potentialAction":[{"@type":"ReadAction","target":["https:\/\/www.manquepierda.com\/futbolandia\/el-loco-y-su-estilo-por-adrian-bedia\/"]}]},{"@type":"ImageObject","inLanguage":"es","@id":"https:\/\/www.manquepierda.com\/futbolandia\/el-loco-y-su-estilo-por-adrian-bedia\/#primaryimage","url":"https:\/\/i0.wp.com\/www.manquepierda.com\/futbolandia\/files\/2012\/03\/marcelo-bielsa_2730625.jpg?fit=660%2C350&ssl=1","contentUrl":"https:\/\/i0.wp.com\/www.manquepierda.com\/futbolandia\/files\/2012\/03\/marcelo-bielsa_2730625.jpg?fit=660%2C350&ssl=1","width":"660","height":"350"},{"@type":"BreadcrumbList","@id":"https:\/\/www.manquepierda.com\/futbolandia\/el-loco-y-su-estilo-por-adrian-bedia\/#breadcrumb","itemListElement":[{"@type":"ListItem","position":1,"name":"Portada","item":"https:\/\/www.manquepierda.com\/futbolandia\/"},{"@type":"ListItem","position":2,"name":"El \u00abLoco\u00bb y su estilo"}]},{"@type":"WebSite","@id":"https:\/\/www.manquepierda.com\/futbolandia\/#website","url":"https:\/\/www.manquepierda.com\/futbolandia\/","name":"Futbolandia","description":"Reportajes e informaci\u00f3n sobre f\u00fatbol mundial y j\u00f3venes promesas","potentialAction":[{"@type":"SearchAction","target":{"@type":"EntryPoint","urlTemplate":"https:\/\/www.manquepierda.com\/futbolandia\/?s={search_term_string}"},"query-input":{"@type":"PropertyValueSpecification","valueRequired":true,"valueName":"search_term_string"}}],"inLanguage":"es"},{"@type":"Person","@id":"https:\/\/www.manquepierda.com\/futbolandia\/#\/schema\/person\/f2133132be9857df14a26e2f116bbe94","name":"Adri\u00e1n Bedia Puerto","image":{"@type":"ImageObject","inLanguage":"es","@id":"https:\/\/secure.gravatar.com\/avatar\/dea43547063ac034552de9ba24b2ce5dd1cf7bf2de4f05263cfbf331d51d3c5c?s=96&d=mm&r=g","url":"https:\/\/secure.gravatar.com\/avatar\/dea43547063ac034552de9ba24b2ce5dd1cf7bf2de4f05263cfbf331d51d3c5c?s=96&d=mm&r=g","contentUrl":"https:\/\/secure.gravatar.com\/avatar\/dea43547063ac034552de9ba24b2ce5dd1cf7bf2de4f05263cfbf331d51d3c5c?s=96&d=mm&r=g","caption":"Adri\u00e1n Bedia Puerto"},"sameAs":["http:\/\/minimessisyzidanes.blogspot.com","https:\/\/x.com\/http:\/\/twitter.com\/Abp1993"],"url":"https:\/\/www.manquepierda.com\/futbolandia\/author\/abp1993\/"}]}},"jetpack_publicize_connections":[],"jetpack_featured_media_url":"https:\/\/i0.wp.com\/www.manquepierda.com\/futbolandia\/files\/2012\/03\/marcelo-bielsa_2730625.jpg?fit=660%2C350&ssl=1","jetpack_shortlink":"https:\/\/wp.me\/p1THIg-lk","jetpack_sharing_enabled":true,"_links":{"self":[{"href":"https:\/\/www.manquepierda.com\/futbolandia\/wp-json\/wp\/v2\/posts\/1322","targetHints":{"allow":["GET"]}}],"collection":[{"href":"https:\/\/www.manquepierda.com\/futbolandia\/wp-json\/wp\/v2\/posts"}],"about":[{"href":"https:\/\/www.manquepierda.com\/futbolandia\/wp-json\/wp\/v2\/types\/post"}],"author":[{"embeddable":true,"href":"https:\/\/www.manquepierda.com\/futbolandia\/wp-json\/wp\/v2\/users\/100"}],"replies":[{"embeddable":true,"href":"https:\/\/www.manquepierda.com\/futbolandia\/wp-json\/wp\/v2\/comments?post=1322"}],"version-history":[{"count":0,"href":"https:\/\/www.manquepierda.com\/futbolandia\/wp-json\/wp\/v2\/posts\/1322\/revisions"}],"wp:featuredmedia":[{"embeddable":true,"href":"https:\/\/www.manquepierda.com\/futbolandia\/wp-json\/wp\/v2\/media\/1323"}],"wp:attachment":[{"href":"https:\/\/www.manquepierda.com\/futbolandia\/wp-json\/wp\/v2\/media?parent=1322"}],"wp:term":[{"taxonomy":"category","embeddable":true,"href":"https:\/\/www.manquepierda.com\/futbolandia\/wp-json\/wp\/v2\/categories?post=1322"},{"taxonomy":"post_tag","embeddable":true,"href":"https:\/\/www.manquepierda.com\/futbolandia\/wp-json\/wp\/v2\/tags?post=1322"}],"curies":[{"name":"wp","href":"https:\/\/api.w.org\/{rel}","templated":true}]}}