{"id":1340,"date":"2012-03-14T15:07:24","date_gmt":"2012-03-14T13:07:24","guid":{"rendered":"http:\/\/www.manquepierda.com\/futbolandia\/?p=1340"},"modified":"2013-07-07T14:00:36","modified_gmt":"2013-07-07T12:00:36","slug":"que-fue-de-finidi-por-juanal-martinez","status":"publish","type":"post","link":"https:\/\/www.manquepierda.com\/futbolandia\/que-fue-de-finidi-por-juanal-martinez\/","title":{"rendered":"Qu\u00e9 fue de\u2026.? Finidi"},"content":{"rendered":"<div style=\"text-align: justify\">Hoy es el turno de los aficionados verdiblancos, de que disfruten, ya que recordamos a uno de los jugadores m\u00e1s respetados e idolatrados del beticismo en la d\u00e9cada de los noventa. Hoy en <strong>\u201cQu\u00e9 fue de\u2026?\u201d<\/strong> recordamos a <strong>Finidi <\/strong>George.<\/div>\n<div style=\"text-align: justify\"><\/div>\n<div style=\"text-align: justify\">\n<figure style=\"width: 500px\" class=\"wp-caption aligncenter\"><img data-recalc-dims=\"1\" loading=\"lazy\" decoding=\"async\" alt=\"\" src=\"https:\/\/i0.wp.com\/4.bp.blogspot.com\/_wDq71A02MBs\/StMGH3L3nxI\/AAAAAAAAAE0\/rTmAU1haW_w\/s1600\/finidi37.jpg?resize=500%2C374\" width=\"500\" height=\"374\" \/><figcaption class=\"wp-caption-text\">Foto: Betisweb.com<\/figcaption><\/figure>\n<\/div>\n<div style=\"text-align: justify\"><\/div>\n<div style=\"text-align: justify\">Nacido el 15 de abril de 1971 fue uno de los futbolistas nigerianos m\u00e1s destacados de la d\u00e9cada de los 90, formando parte de una de las selecciones nigerianas m\u00e1s exitosas y de mayor calidad, junto a jugadores como Okocha, Ikpeba, Amunike\u2026 La situaci\u00f3n econ\u00f3mica en Nigeria no era positiva y, como tantos otros ni\u00f1os, Finidi pasaba las horas muertas jugando a la pelota. Dio sus primeros pasos profesionales en peque\u00f1os clubes de su pa\u00eds como el Calabar Rovers (1989), Iwanyanwu y el Skarks. Cuatro a\u00f1os donde, pese a su juventud, ya daba muestras de las caracter\u00edsticas que le hicieron grande, una <em>velocidad endiablada<\/em> y una <em>calidad<\/em> incre\u00edble. Su estancia, futbol\u00edsticamente hablando, en su pa\u00eds de origen fue corta. Su calidad hac\u00eda que la competici\u00f3n que disputaba, los rivales que se encontraba se le fueran quedando peque\u00f1os.<\/div>\n<div style=\"text-align: justify\"><\/div>\n<div style=\"text-align: justify\">El salto a Europa era irremediable y el m\u00e1s inteligente fue Louis Van Gaal&#8230; En aquel momento, el entrenador holand\u00e9s se encontraba sentando las bases de un Ajax espectacular que ser\u00eda la envidia de Holanda y Europa en los a\u00f1os venideros. Louis no dudo un instante y cerro el fichaje de Finidi para el equipo de Amsterdam, donde comparti\u00f3 vestuario con jugadores tan conocidos como Van der Sar, Overmars, Litmanen, Seedorf\u2026<\/div>\n<div style=\"text-align: justify\">Los \u00e9xitos no se hicieron esperar.. Con un estilo de juego que era envidiado en toda Europa el Ajax dominaba con pu\u00f1o de hierro su campeonato, aunque el mayor logro fue la UEFA Champions League que conquist\u00f3 el a\u00f1o 1995. Tras tres a\u00f1os siendo pieza clave en el esquema de Van Gaal, en el Ajax, no le faltaron ofertas y se produjo su fichaje por el Real Betis Balompi\u00e9, etapa por la que la mayor\u00eda le recordaremos. Su car\u00e1cter le convirti\u00f3 en un tipo muy querido en Sevilla. Pero a eso hay que sumarle su rendimiento dentro del terreno de juego: velocidad, regate, desborde&#8230;<\/div>\n<div style=\"text-align: justify\"><\/div>\n<div style=\"text-align: justify\">El a\u00f1o de su llegada el Betis realiz\u00f3 una de las mejores temporadas de su historia, terminando en cuarta posici\u00f3n el campeonato dom\u00e9stico y llegando a la final de Copa del Rey. Cuatro a\u00f1os exitosos en Sevilla, donde el conjunto verdiblanco gozo de gran regularidad y disput\u00f3 en varias ocasiones la Copa de la UEFA. Todo llego a su fin en el a\u00f1o 2000, cuando abandono Sevilla. Tras su marcha del Betis terminaron sus mejores a\u00f1os de f\u00fatbol. Mallorca, Inglaterra (Ipswich Town) y de nuevo Mallorca fueron sus posteriores destinos, antes de retirarse en el a\u00f1o 2004, a los 33 a\u00f1os de edad.Jugador <em><strong>r\u00e1pido<\/strong><\/em> y <em><strong>t\u00e9cnico<\/strong><\/em> que goizaba de gran olfato de gol. Sin duda, uno de los mejores extremos que se recuerdan en nuestro pa\u00eds, especialmente en el Betis. <strong>M\u00edtico<\/strong>.<\/div>\n<div style=\"text-align: justify\"><\/div>\n<div style=\"text-align: justify\"><span style=\"text-decoration: underline\"><strong>PALMARES<\/strong><\/span><\/div>\n<div style=\"text-align: justify\"><\/div>\n<div style=\"text-align: justify\"><strong>Ajax de Amsterdam:<\/strong><\/div>\n<div style=\"text-align: justify\"><\/div>\n<div style=\"text-align: justify\">&#8211; 3 <em><strong>Eredivise<\/strong><\/em> (Liga de Holanda): 1993-1994, 1994-1995, 1995-1996.<\/div>\n<div style=\"text-align: justify\"><strong>&#8211; <\/strong>2 Supercopas de Holanda: 1994, 1995.<\/div>\n<div style=\"text-align: justify\">&#8211; UEFA <em><strong>Champions League<\/strong><\/em>: 1994-1995.<\/div>\n<div style=\"text-align: justify\">&#8211; Copa Intercontinental: 1995.<\/div>\n<div style=\"text-align: justify\">&#8211; Supercopa de Europa: 1995.<\/div>\n<div style=\"text-align: justify\"><\/div>\n<div style=\"text-align: justify\"><strong>Nigeria:<\/strong><\/div>\n<div style=\"text-align: justify\"><\/div>\n<div style=\"text-align: justify\">&#8211; Copa de \u00c1frica de 1994.<strong> <\/strong><\/div>\n<div style=\"text-align: justify\"><\/div>\n<div style=\"text-align: justify\"><span style=\"text-decoration: underline\"><strong>CURIOSIDADES<\/strong><\/span><\/div>\n<div style=\"text-align: justify\"><\/div>\n<div style=\"text-align: justify\">&#8211; Era apodado <em><strong>gacela<\/strong><\/em> por su endiablada velocidad.<\/div>\n<div style=\"text-align: justify\">&#8211; Hab\u00eda controvers\u00eda con su verdadero nombre. Algunos pensaban que era George Finidi y otros Finidi George.<\/div>\n<div style=\"text-align: justify\">&#8211; Recordado por su forma de celebrar los goles en el Betis, donde los aficionados le lanzaban un sombrero cordob\u00e9s cada vez que anotaba.<\/div>\n<div style=\"text-align: justify\">&#8211; Fue nombrado <em><strong>director de f\u00fatbol internacional <\/strong><\/em>del Betis en 2010, puesto del que fue relegado en 2011.<\/div>\n<div style=\"text-align: justify\"><\/div>\n<div style=\"text-align: justify\">Juanal Martinez Ruiz<\/div>\n<div style=\"text-align: justify\">@JLoko7<\/div>\n","protected":false},"excerpt":{"rendered":"<p>Hoy es el turno de los aficionados verdiblancos, de que disfruten, ya que recordamos a uno de los jugadores m\u00e1s respetados e idolatrados del beticismo en la d\u00e9cada de los noventa. Hoy en \u201cQu\u00e9 fue de\u2026?\u201d recordamos a Finidi George. Nacido el 15 de abril de 1971 fue uno de los futbolistas nigerianos m\u00e1s destacados&#8230;<\/p>\n","protected":false},"author":100,"featured_media":1341,"comment_status":"open","ping_status":"open","sticky":false,"template":"","format":"standard","meta":{"_kad_post_transparent":"","_kad_post_title":"","_kad_post_layout":"","_kad_post_sidebar_id":"","_kad_post_content_style":"","_kad_post_vertical_padding":"","_kad_post_feature":"","_kad_post_feature_position":"","_kad_post_header":false,"_kad_post_footer":false,"_kad_post_classname":"","_jetpack_memberships_contains_paid_content":false,"footnotes":"","jetpack_publicize_message":"","jetpack_publicize_feature_enabled":true,"jetpack_social_post_already_shared":false,"jetpack_social_options":{"image_generator_settings":{"template":"highway","default_image_id":0,"font":"","enabled":false},"version":2}},"categories":[1,10],"tags":[577,463,532,462,533,461],"class_list":["post-1340","post","type-post","status-publish","format-standard","has-post-thumbnail","hentry","category-liga-bbva-futbol-espanol","category-portada","tag-577","tag-de","tag-finidi","tag-fue","tag-george","tag-que"],"yoast_head":"<!-- This site is optimized with the Yoast SEO plugin v27.5 - https:\/\/yoast.com\/product\/yoast-seo-wordpress\/ -->\n<title>Qu\u00e9 fue de\u2026.? Finidi &#8211; Futbolandia<\/title>\n<meta name=\"robots\" content=\"index, follow, max-snippet:-1, max-image-preview:large, max-video-preview:-1\" \/>\n<link rel=\"canonical\" href=\"https:\/\/www.manquepierda.com\/futbolandia\/que-fue-de-finidi-por-juanal-martinez\/\" \/>\n<meta property=\"og:locale\" content=\"es_ES\" \/>\n<meta property=\"og:type\" content=\"article\" \/>\n<meta property=\"og:title\" content=\"Qu\u00e9 fue de\u2026.? Finidi &#8211; Futbolandia\" \/>\n<meta property=\"og:description\" content=\"Hoy es el turno de los aficionados verdiblancos, de que disfruten, ya que recordamos a uno de los jugadores m\u00e1s respetados e idolatrados del beticismo en la d\u00e9cada de los noventa. Hoy en \u201cQu\u00e9 fue de\u2026?\u201d recordamos a Finidi George. Nacido el 15 de abril de 1971 fue uno de los futbolistas nigerianos m\u00e1s destacados...\" \/>\n<meta property=\"og:url\" content=\"https:\/\/www.manquepierda.com\/futbolandia\/que-fue-de-finidi-por-juanal-martinez\/\" \/>\n<meta property=\"og:site_name\" content=\"Futbolandia\" \/>\n<meta property=\"article:published_time\" content=\"2012-03-14T13:07:24+00:00\" \/>\n<meta property=\"article:modified_time\" content=\"2013-07-07T12:00:36+00:00\" \/>\n<meta property=\"og:image\" content=\"https:\/\/i2.wp.com\/www.manquepierda.com\/futbolandia\/files\/2012\/03\/finidi-644x362.jpg?fit=644%2C362&ssl=1\" \/>\n\t<meta property=\"og:image:width\" content=\"644\" \/>\n\t<meta property=\"og:image:height\" content=\"362\" \/>\n\t<meta property=\"og:image:type\" content=\"image\/jpeg\" \/>\n<meta name=\"author\" content=\"Adri\u00e1n Bedia Puerto\" \/>\n<meta name=\"twitter:label1\" content=\"Escrito por\" \/>\n\t<meta name=\"twitter:data1\" content=\"Adri\u00e1n Bedia Puerto\" \/>\n\t<meta name=\"twitter:label2\" content=\"Tiempo de lectura\" \/>\n\t<meta name=\"twitter:data2\" content=\"3 minutos\" \/>\n<script type=\"application\/ld+json\" class=\"yoast-schema-graph\">{\"@context\":\"https:\\\/\\\/schema.org\",\"@graph\":[{\"@type\":\"Article\",\"@id\":\"https:\\\/\\\/www.manquepierda.com\\\/futbolandia\\\/que-fue-de-finidi-por-juanal-martinez\\\/#article\",\"isPartOf\":{\"@id\":\"https:\\\/\\\/www.manquepierda.com\\\/futbolandia\\\/que-fue-de-finidi-por-juanal-martinez\\\/\"},\"author\":{\"name\":\"Adri\u00e1n Bedia Puerto\",\"@id\":\"https:\\\/\\\/www.manquepierda.com\\\/futbolandia\\\/#\\\/schema\\\/person\\\/f2133132be9857df14a26e2f116bbe94\"},\"headline\":\"Qu\u00e9 fue de\u2026.? Finidi\",\"datePublished\":\"2012-03-14T13:07:24+00:00\",\"dateModified\":\"2013-07-07T12:00:36+00:00\",\"mainEntityOfPage\":{\"@id\":\"https:\\\/\\\/www.manquepierda.com\\\/futbolandia\\\/que-fue-de-finidi-por-juanal-martinez\\\/\"},\"wordCount\":637,\"commentCount\":0,\"image\":{\"@id\":\"https:\\\/\\\/www.manquepierda.com\\\/futbolandia\\\/que-fue-de-finidi-por-juanal-martinez\\\/#primaryimage\"},\"thumbnailUrl\":\"https:\\\/\\\/i0.wp.com\\\/www.manquepierda.com\\\/futbolandia\\\/files\\\/2012\\\/03\\\/finidi-644x362.jpg?fit=644%2C362&ssl=1\",\"keywords\":[\"?\",\"de\",\"Finidi\",\"fue\",\"George\",\"Que\"],\"articleSection\":[\"Liga BBVA - F\u00fatbol Espa\u00f1ol\",\"Portada\"],\"inLanguage\":\"es\",\"potentialAction\":[{\"@type\":\"CommentAction\",\"name\":\"Comment\",\"target\":[\"https:\\\/\\\/www.manquepierda.com\\\/futbolandia\\\/que-fue-de-finidi-por-juanal-martinez\\\/#respond\"]}]},{\"@type\":\"WebPage\",\"@id\":\"https:\\\/\\\/www.manquepierda.com\\\/futbolandia\\\/que-fue-de-finidi-por-juanal-martinez\\\/\",\"url\":\"https:\\\/\\\/www.manquepierda.com\\\/futbolandia\\\/que-fue-de-finidi-por-juanal-martinez\\\/\",\"name\":\"Qu\u00e9 fue de\u2026.? Finidi &#8211; Futbolandia\",\"isPartOf\":{\"@id\":\"https:\\\/\\\/www.manquepierda.com\\\/futbolandia\\\/#website\"},\"primaryImageOfPage\":{\"@id\":\"https:\\\/\\\/www.manquepierda.com\\\/futbolandia\\\/que-fue-de-finidi-por-juanal-martinez\\\/#primaryimage\"},\"image\":{\"@id\":\"https:\\\/\\\/www.manquepierda.com\\\/futbolandia\\\/que-fue-de-finidi-por-juanal-martinez\\\/#primaryimage\"},\"thumbnailUrl\":\"https:\\\/\\\/i0.wp.com\\\/www.manquepierda.com\\\/futbolandia\\\/files\\\/2012\\\/03\\\/finidi-644x362.jpg?fit=644%2C362&ssl=1\",\"datePublished\":\"2012-03-14T13:07:24+00:00\",\"dateModified\":\"2013-07-07T12:00:36+00:00\",\"author\":{\"@id\":\"https:\\\/\\\/www.manquepierda.com\\\/futbolandia\\\/#\\\/schema\\\/person\\\/f2133132be9857df14a26e2f116bbe94\"},\"breadcrumb\":{\"@id\":\"https:\\\/\\\/www.manquepierda.com\\\/futbolandia\\\/que-fue-de-finidi-por-juanal-martinez\\\/#breadcrumb\"},\"inLanguage\":\"es\",\"potentialAction\":[{\"@type\":\"ReadAction\",\"target\":[\"https:\\\/\\\/www.manquepierda.com\\\/futbolandia\\\/que-fue-de-finidi-por-juanal-martinez\\\/\"]}]},{\"@type\":\"ImageObject\",\"inLanguage\":\"es\",\"@id\":\"https:\\\/\\\/www.manquepierda.com\\\/futbolandia\\\/que-fue-de-finidi-por-juanal-martinez\\\/#primaryimage\",\"url\":\"https:\\\/\\\/i0.wp.com\\\/www.manquepierda.com\\\/futbolandia\\\/files\\\/2012\\\/03\\\/finidi-644x362.jpg?fit=644%2C362&ssl=1\",\"contentUrl\":\"https:\\\/\\\/i0.wp.com\\\/www.manquepierda.com\\\/futbolandia\\\/files\\\/2012\\\/03\\\/finidi-644x362.jpg?fit=644%2C362&ssl=1\",\"width\":\"644\",\"height\":\"362\"},{\"@type\":\"BreadcrumbList\",\"@id\":\"https:\\\/\\\/www.manquepierda.com\\\/futbolandia\\\/que-fue-de-finidi-por-juanal-martinez\\\/#breadcrumb\",\"itemListElement\":[{\"@type\":\"ListItem\",\"position\":1,\"name\":\"Portada\",\"item\":\"https:\\\/\\\/www.manquepierda.com\\\/futbolandia\\\/\"},{\"@type\":\"ListItem\",\"position\":2,\"name\":\"Qu\u00e9 fue de\u2026.? Finidi\"}]},{\"@type\":\"WebSite\",\"@id\":\"https:\\\/\\\/www.manquepierda.com\\\/futbolandia\\\/#website\",\"url\":\"https:\\\/\\\/www.manquepierda.com\\\/futbolandia\\\/\",\"name\":\"Futbolandia\",\"description\":\"Reportajes e informaci\u00f3n sobre f\u00fatbol mundial y j\u00f3venes promesas\",\"potentialAction\":[{\"@type\":\"SearchAction\",\"target\":{\"@type\":\"EntryPoint\",\"urlTemplate\":\"https:\\\/\\\/www.manquepierda.com\\\/futbolandia\\\/?s={search_term_string}\"},\"query-input\":{\"@type\":\"PropertyValueSpecification\",\"valueRequired\":true,\"valueName\":\"search_term_string\"}}],\"inLanguage\":\"es\"},{\"@type\":\"Person\",\"@id\":\"https:\\\/\\\/www.manquepierda.com\\\/futbolandia\\\/#\\\/schema\\\/person\\\/f2133132be9857df14a26e2f116bbe94\",\"name\":\"Adri\u00e1n Bedia Puerto\",\"image\":{\"@type\":\"ImageObject\",\"inLanguage\":\"es\",\"@id\":\"https:\\\/\\\/secure.gravatar.com\\\/avatar\\\/dea43547063ac034552de9ba24b2ce5dd1cf7bf2de4f05263cfbf331d51d3c5c?s=96&d=mm&r=g\",\"url\":\"https:\\\/\\\/secure.gravatar.com\\\/avatar\\\/dea43547063ac034552de9ba24b2ce5dd1cf7bf2de4f05263cfbf331d51d3c5c?s=96&d=mm&r=g\",\"contentUrl\":\"https:\\\/\\\/secure.gravatar.com\\\/avatar\\\/dea43547063ac034552de9ba24b2ce5dd1cf7bf2de4f05263cfbf331d51d3c5c?s=96&d=mm&r=g\",\"caption\":\"Adri\u00e1n Bedia Puerto\"},\"sameAs\":[\"http:\\\/\\\/minimessisyzidanes.blogspot.com\",\"https:\\\/\\\/x.com\\\/http:\\\/\\\/twitter.com\\\/Abp1993\"],\"url\":\"https:\\\/\\\/www.manquepierda.com\\\/futbolandia\\\/author\\\/abp1993\\\/\"}]}<\/script>\n<!-- \/ Yoast SEO plugin. -->","yoast_head_json":{"title":"Qu\u00e9 fue de\u2026.? Finidi &#8211; Futbolandia","robots":{"index":"index","follow":"follow","max-snippet":"max-snippet:-1","max-image-preview":"max-image-preview:large","max-video-preview":"max-video-preview:-1"},"canonical":"https:\/\/www.manquepierda.com\/futbolandia\/que-fue-de-finidi-por-juanal-martinez\/","og_locale":"es_ES","og_type":"article","og_title":"Qu\u00e9 fue de\u2026.? Finidi &#8211; Futbolandia","og_description":"Hoy es el turno de los aficionados verdiblancos, de que disfruten, ya que recordamos a uno de los jugadores m\u00e1s respetados e idolatrados del beticismo en la d\u00e9cada de los noventa. Hoy en \u201cQu\u00e9 fue de\u2026?\u201d recordamos a Finidi George. Nacido el 15 de abril de 1971 fue uno de los futbolistas nigerianos m\u00e1s destacados...","og_url":"https:\/\/www.manquepierda.com\/futbolandia\/que-fue-de-finidi-por-juanal-martinez\/","og_site_name":"Futbolandia","article_published_time":"2012-03-14T13:07:24+00:00","article_modified_time":"2013-07-07T12:00:36+00:00","og_image":[{"width":644,"height":362,"url":"https:\/\/i2.wp.com\/www.manquepierda.com\/futbolandia\/files\/2012\/03\/finidi-644x362.jpg?fit=644%2C362&ssl=1","type":"image\/jpeg"}],"author":"Adri\u00e1n Bedia Puerto","twitter_misc":{"Escrito por":"Adri\u00e1n Bedia Puerto","Tiempo de lectura":"3 minutos"},"schema":{"@context":"https:\/\/schema.org","@graph":[{"@type":"Article","@id":"https:\/\/www.manquepierda.com\/futbolandia\/que-fue-de-finidi-por-juanal-martinez\/#article","isPartOf":{"@id":"https:\/\/www.manquepierda.com\/futbolandia\/que-fue-de-finidi-por-juanal-martinez\/"},"author":{"name":"Adri\u00e1n Bedia Puerto","@id":"https:\/\/www.manquepierda.com\/futbolandia\/#\/schema\/person\/f2133132be9857df14a26e2f116bbe94"},"headline":"Qu\u00e9 fue de\u2026.? Finidi","datePublished":"2012-03-14T13:07:24+00:00","dateModified":"2013-07-07T12:00:36+00:00","mainEntityOfPage":{"@id":"https:\/\/www.manquepierda.com\/futbolandia\/que-fue-de-finidi-por-juanal-martinez\/"},"wordCount":637,"commentCount":0,"image":{"@id":"https:\/\/www.manquepierda.com\/futbolandia\/que-fue-de-finidi-por-juanal-martinez\/#primaryimage"},"thumbnailUrl":"https:\/\/i0.wp.com\/www.manquepierda.com\/futbolandia\/files\/2012\/03\/finidi-644x362.jpg?fit=644%2C362&ssl=1","keywords":["?","de","Finidi","fue","George","Que"],"articleSection":["Liga BBVA - F\u00fatbol Espa\u00f1ol","Portada"],"inLanguage":"es","potentialAction":[{"@type":"CommentAction","name":"Comment","target":["https:\/\/www.manquepierda.com\/futbolandia\/que-fue-de-finidi-por-juanal-martinez\/#respond"]}]},{"@type":"WebPage","@id":"https:\/\/www.manquepierda.com\/futbolandia\/que-fue-de-finidi-por-juanal-martinez\/","url":"https:\/\/www.manquepierda.com\/futbolandia\/que-fue-de-finidi-por-juanal-martinez\/","name":"Qu\u00e9 fue de\u2026.? Finidi &#8211; Futbolandia","isPartOf":{"@id":"https:\/\/www.manquepierda.com\/futbolandia\/#website"},"primaryImageOfPage":{"@id":"https:\/\/www.manquepierda.com\/futbolandia\/que-fue-de-finidi-por-juanal-martinez\/#primaryimage"},"image":{"@id":"https:\/\/www.manquepierda.com\/futbolandia\/que-fue-de-finidi-por-juanal-martinez\/#primaryimage"},"thumbnailUrl":"https:\/\/i0.wp.com\/www.manquepierda.com\/futbolandia\/files\/2012\/03\/finidi-644x362.jpg?fit=644%2C362&ssl=1","datePublished":"2012-03-14T13:07:24+00:00","dateModified":"2013-07-07T12:00:36+00:00","author":{"@id":"https:\/\/www.manquepierda.com\/futbolandia\/#\/schema\/person\/f2133132be9857df14a26e2f116bbe94"},"breadcrumb":{"@id":"https:\/\/www.manquepierda.com\/futbolandia\/que-fue-de-finidi-por-juanal-martinez\/#breadcrumb"},"inLanguage":"es","potentialAction":[{"@type":"ReadAction","target":["https:\/\/www.manquepierda.com\/futbolandia\/que-fue-de-finidi-por-juanal-martinez\/"]}]},{"@type":"ImageObject","inLanguage":"es","@id":"https:\/\/www.manquepierda.com\/futbolandia\/que-fue-de-finidi-por-juanal-martinez\/#primaryimage","url":"https:\/\/i0.wp.com\/www.manquepierda.com\/futbolandia\/files\/2012\/03\/finidi-644x362.jpg?fit=644%2C362&ssl=1","contentUrl":"https:\/\/i0.wp.com\/www.manquepierda.com\/futbolandia\/files\/2012\/03\/finidi-644x362.jpg?fit=644%2C362&ssl=1","width":"644","height":"362"},{"@type":"BreadcrumbList","@id":"https:\/\/www.manquepierda.com\/futbolandia\/que-fue-de-finidi-por-juanal-martinez\/#breadcrumb","itemListElement":[{"@type":"ListItem","position":1,"name":"Portada","item":"https:\/\/www.manquepierda.com\/futbolandia\/"},{"@type":"ListItem","position":2,"name":"Qu\u00e9 fue de\u2026.? Finidi"}]},{"@type":"WebSite","@id":"https:\/\/www.manquepierda.com\/futbolandia\/#website","url":"https:\/\/www.manquepierda.com\/futbolandia\/","name":"Futbolandia","description":"Reportajes e informaci\u00f3n sobre f\u00fatbol mundial y j\u00f3venes promesas","potentialAction":[{"@type":"SearchAction","target":{"@type":"EntryPoint","urlTemplate":"https:\/\/www.manquepierda.com\/futbolandia\/?s={search_term_string}"},"query-input":{"@type":"PropertyValueSpecification","valueRequired":true,"valueName":"search_term_string"}}],"inLanguage":"es"},{"@type":"Person","@id":"https:\/\/www.manquepierda.com\/futbolandia\/#\/schema\/person\/f2133132be9857df14a26e2f116bbe94","name":"Adri\u00e1n Bedia Puerto","image":{"@type":"ImageObject","inLanguage":"es","@id":"https:\/\/secure.gravatar.com\/avatar\/dea43547063ac034552de9ba24b2ce5dd1cf7bf2de4f05263cfbf331d51d3c5c?s=96&d=mm&r=g","url":"https:\/\/secure.gravatar.com\/avatar\/dea43547063ac034552de9ba24b2ce5dd1cf7bf2de4f05263cfbf331d51d3c5c?s=96&d=mm&r=g","contentUrl":"https:\/\/secure.gravatar.com\/avatar\/dea43547063ac034552de9ba24b2ce5dd1cf7bf2de4f05263cfbf331d51d3c5c?s=96&d=mm&r=g","caption":"Adri\u00e1n Bedia Puerto"},"sameAs":["http:\/\/minimessisyzidanes.blogspot.com","https:\/\/x.com\/http:\/\/twitter.com\/Abp1993"],"url":"https:\/\/www.manquepierda.com\/futbolandia\/author\/abp1993\/"}]}},"jetpack_publicize_connections":[],"jetpack_featured_media_url":"https:\/\/i0.wp.com\/www.manquepierda.com\/futbolandia\/files\/2012\/03\/finidi-644x362.jpg?fit=644%2C362&ssl=1","jetpack_shortlink":"https:\/\/wp.me\/p1THIg-lC","jetpack_sharing_enabled":true,"_links":{"self":[{"href":"https:\/\/www.manquepierda.com\/futbolandia\/wp-json\/wp\/v2\/posts\/1340","targetHints":{"allow":["GET"]}}],"collection":[{"href":"https:\/\/www.manquepierda.com\/futbolandia\/wp-json\/wp\/v2\/posts"}],"about":[{"href":"https:\/\/www.manquepierda.com\/futbolandia\/wp-json\/wp\/v2\/types\/post"}],"author":[{"embeddable":true,"href":"https:\/\/www.manquepierda.com\/futbolandia\/wp-json\/wp\/v2\/users\/100"}],"replies":[{"embeddable":true,"href":"https:\/\/www.manquepierda.com\/futbolandia\/wp-json\/wp\/v2\/comments?post=1340"}],"version-history":[{"count":0,"href":"https:\/\/www.manquepierda.com\/futbolandia\/wp-json\/wp\/v2\/posts\/1340\/revisions"}],"wp:featuredmedia":[{"embeddable":true,"href":"https:\/\/www.manquepierda.com\/futbolandia\/wp-json\/wp\/v2\/media\/1341"}],"wp:attachment":[{"href":"https:\/\/www.manquepierda.com\/futbolandia\/wp-json\/wp\/v2\/media?parent=1340"}],"wp:term":[{"taxonomy":"category","embeddable":true,"href":"https:\/\/www.manquepierda.com\/futbolandia\/wp-json\/wp\/v2\/categories?post=1340"},{"taxonomy":"post_tag","embeddable":true,"href":"https:\/\/www.manquepierda.com\/futbolandia\/wp-json\/wp\/v2\/tags?post=1340"}],"curies":[{"name":"wp","href":"https:\/\/api.w.org\/{rel}","templated":true}]}}