{"id":1468,"date":"2012-04-08T13:37:11","date_gmt":"2012-04-08T11:37:11","guid":{"rendered":"http:\/\/www.manquepierda.com\/futbolandia\/?p=1468"},"modified":"2013-07-07T13:56:56","modified_gmt":"2013-07-07T11:56:56","slug":"triunfos-y-derrotas-y-si-nos-quitamos-la-venda-de-los-ojos-por-miguel-soto","status":"publish","type":"post","link":"https:\/\/www.manquepierda.com\/futbolandia\/triunfos-y-derrotas-y-si-nos-quitamos-la-venda-de-los-ojos-por-miguel-soto\/","title":{"rendered":"Triunfos y derrotas: \u00bfY si nos quitamos la venda de los ojos?"},"content":{"rendered":"<p align=\"JUSTIFY\"><strong><\/strong>Ante todo, me gustar\u00eda empezar dando la enhorabuena a los equipos espa\u00f1oles en competiciones europeas, ya sea en Champions, donde puede darse uno de los cl\u00e1sicos m\u00e1s vividos de la LFP. No hay que olvidar la Europa League, en esta \u00faltima s\u00ed o s\u00ed tendremos finalista espa\u00f1ol. \u00a1Y QUE FINALISTAS!<\/p>\n<p align=\"JUSTIFY\">Por lo tanto, se puede hablar de \u00e9xito de nuestro f\u00fatbol -de los de nuestra liga-. No obstante, \u00bfse puede afirmar que es la mejor liga del mundo?<\/p>\n<p align=\"JUSTIFY\">L\u00f3gicamente, las opiniones son diversas, a menudo desde los medios, los comentaristas dicen, \u201cese conocido\u201d: <em>porque esta es la mejor liga del mundo<\/em>. Se escudan ahora en los semi-\u00e9xitos de los equipos en competici\u00f3n europea.<\/p>\n<p align=\"JUSTIFY\">Craso error, en mi opini\u00f3n, pues no debe confundirse mejores equipos con la mejor Liga del Mundo. \u00bfQu\u00e9 es para m\u00ed la mejor liga del mundo? Ofreciendo unas pocas palabras al lector, dir\u00e9 que para m\u00ed significa, competitividad, igualdad, clubes saneados, as\u00ed como una instituci\u00f3n eficiente, grandes jugadores\/entrenadores etc..<\/p>\n<p align=\"JUSTIFY\">S\u00ed que es cierto, que algunos requisitos se cumplen, pero como competici\u00f3n liguera, sabemos que s\u00f3lo hay dos equipos que pueden conquistarla. Con lo cual, la competici\u00f3n de la Liga es una utop\u00eda para los otros 18 equipos restantes. S\u00f3lo hay que observar la actual clasificaci\u00f3n, y la diferencia entre los dos primeros (Madrid y Bar\u00e7a) en relaci\u00f3n con el tercero (Valencia) es estratosf\u00e9rica. Si no eres del Bar\u00e7a o Madrid, s\u00f3lo puedes mirar a Europa o tener suerte de no mirar al descenso, es as\u00ed de simple.<\/p>\n<p align=\"JUSTIFY\">No todo es malo en esta liga, a nivel de juego, a no ser que te guste el \u201ccatenaccio\u201d (Calcio) o m\u00e1s el juego directo (Premier), como dice el refr\u00e1n \u201cpara gustos hay colores\u201d. A nivel general, la LFP goza de un nivel de juego \u00f3ptimo, vistoso y bonito, algo de agradecer como espectadores, para m\u00ed sin duda alguna el mejor f\u00fatbol se desarrolla en la liga espa\u00f1ola. Los \u201cbajitos\u201d Xavi, Iniesta, Mata, Silva, Cazorla son esos jugadores que han demostrado que este deporte no se basa s\u00f3lo en lo f\u00edsico, de ah\u00ed la exportaci\u00f3n de futbolistas espa\u00f1oles y la evoluci\u00f3n que se est\u00e1 experimentando en otras ligas. Hace bien poco la Premier basaba su juego en centros y m\u00e1s centros a un delantero de dos metros de altura, y un juego f\u00edsico, ejemplo claro el del Manchester United de Ferguson \u201cperro viejo\u201d \u00a1Vaya evoluci\u00f3n! Es digna de elogio.<\/p>\n<p align=\"JUSTIFY\">\u00bfMejores equipos? Por su puesto, la competitividad que han demostrado en los \u00faltimos a\u00f1os es incuestionable, s\u00f3lo hay que ver los triunfos de Atl\u00e9tico, FC Barcelona, entre otros. No obstante, con un modelo parecido a la burbuja inmobiliaria, deudas y m\u00e1s deudas, que a veces uno se pregunta \u00bfc\u00f3mo este o aquel equipo tiene esta deuda? Y lo peor de todo, siguen gastando. \u00bfC\u00f3mo se concibe eso?<\/p>\n<p align=\"JUSTIFY\">S\u00f3lo la Bundesliga y la Ligue 1, tienen un balance positivo a final de a\u00f1o. En Francia por ejemplo, existe un organismo de control recogido en el c\u00f3digo del deporte, que se encarga precisamente de que los clubes realicen actividades econ\u00f3micas conforme a sus posibilidades reales. Y es que todav\u00eda nos queda mucho que aprender para ser la mejor liga del mundo.<\/p>\n<p align=\"JUSTIFY\">Que no nos cieguen los triunfos, eso no es todo. Sus derrotas de hoy, pueden ser sus victorias del ma\u00f1ana.<\/p>\n<p align=\"JUSTIFY\">Miguel Soto L\u00f3pez<\/p>\n<p align=\"JUSTIFY\">@Miguel_Soto89<\/p>\n","protected":false},"excerpt":{"rendered":"<p>Ante todo, me gustar\u00eda empezar dando la enhorabuena a los equipos espa\u00f1oles en competiciones europeas, ya sea en Champions, donde puede darse uno de los cl\u00e1sicos m\u00e1s vividos de la LFP. No hay que olvidar la Europa League, en esta \u00faltima s\u00ed o s\u00ed tendremos finalista espa\u00f1ol. \u00a1Y QUE FINALISTAS! Por lo tanto, se puede&#8230;<\/p>\n","protected":false},"author":100,"featured_media":950,"comment_status":"open","ping_status":"open","sticky":false,"template":"","format":"standard","meta":{"_kad_post_transparent":"","_kad_post_title":"","_kad_post_layout":"","_kad_post_sidebar_id":"","_kad_post_content_style":"","_kad_post_vertical_padding":"","_kad_post_feature":"","_kad_post_feature_position":"","_kad_post_header":false,"_kad_post_footer":false,"_kad_post_classname":"","_jetpack_memberships_contains_paid_content":false,"footnotes":"","jetpack_publicize_message":"","jetpack_publicize_feature_enabled":true,"jetpack_social_post_already_shared":false,"jetpack_social_options":{"image_generator_settings":{"template":"highway","default_image_id":0,"font":"","enabled":false},"version":2}},"categories":[1,7,10],"tags":[455],"class_list":["post-1468","post","type-post","status-publish","format-standard","has-post-thumbnail","hentry","category-liga-bbva-futbol-espanol","category-opinion","category-portada","tag-opinion-2"],"yoast_head":"<!-- This site is optimized with the Yoast SEO plugin v27.5 - https:\/\/yoast.com\/product\/yoast-seo-wordpress\/ -->\n<title>Triunfos y derrotas: \u00bfY si nos quitamos la venda de los ojos? &#8211; Futbolandia<\/title>\n<meta name=\"robots\" content=\"index, follow, max-snippet:-1, max-image-preview:large, max-video-preview:-1\" \/>\n<link rel=\"canonical\" href=\"https:\/\/www.manquepierda.com\/futbolandia\/triunfos-y-derrotas-y-si-nos-quitamos-la-venda-de-los-ojos-por-miguel-soto\/\" \/>\n<meta property=\"og:locale\" content=\"es_ES\" \/>\n<meta property=\"og:type\" content=\"article\" \/>\n<meta property=\"og:title\" content=\"Triunfos y derrotas: \u00bfY si nos quitamos la venda de los ojos? &#8211; Futbolandia\" \/>\n<meta property=\"og:description\" content=\"Ante todo, me gustar\u00eda empezar dando la enhorabuena a los equipos espa\u00f1oles en competiciones europeas, ya sea en Champions, donde puede darse uno de los cl\u00e1sicos m\u00e1s vividos de la LFP. No hay que olvidar la Europa League, en esta \u00faltima s\u00ed o s\u00ed tendremos finalista espa\u00f1ol. \u00a1Y QUE FINALISTAS! Por lo tanto, se puede...\" \/>\n<meta property=\"og:url\" content=\"https:\/\/www.manquepierda.com\/futbolandia\/triunfos-y-derrotas-y-si-nos-quitamos-la-venda-de-los-ojos-por-miguel-soto\/\" \/>\n<meta property=\"og:site_name\" content=\"Futbolandia\" \/>\n<meta property=\"article:published_time\" content=\"2012-04-08T11:37:11+00:00\" \/>\n<meta property=\"article:modified_time\" content=\"2013-07-07T11:56:56+00:00\" \/>\n<meta property=\"og:image\" content=\"https:\/\/i1.wp.com\/www.manquepierda.com\/futbolandia\/files\/2012\/02\/liga-bbva1.jpg?fit=400%2C300&ssl=1\" \/>\n\t<meta property=\"og:image:width\" content=\"400\" \/>\n\t<meta property=\"og:image:height\" content=\"300\" \/>\n\t<meta property=\"og:image:type\" content=\"image\/jpeg\" \/>\n<meta name=\"author\" content=\"Adri\u00e1n Bedia Puerto\" \/>\n<meta name=\"twitter:label1\" content=\"Escrito por\" \/>\n\t<meta name=\"twitter:data1\" content=\"Adri\u00e1n Bedia Puerto\" \/>\n\t<meta name=\"twitter:label2\" content=\"Tiempo de lectura\" \/>\n\t<meta name=\"twitter:data2\" content=\"3 minutos\" \/>\n<script type=\"application\/ld+json\" class=\"yoast-schema-graph\">{\"@context\":\"https:\\\/\\\/schema.org\",\"@graph\":[{\"@type\":\"Article\",\"@id\":\"https:\\\/\\\/www.manquepierda.com\\\/futbolandia\\\/triunfos-y-derrotas-y-si-nos-quitamos-la-venda-de-los-ojos-por-miguel-soto\\\/#article\",\"isPartOf\":{\"@id\":\"https:\\\/\\\/www.manquepierda.com\\\/futbolandia\\\/triunfos-y-derrotas-y-si-nos-quitamos-la-venda-de-los-ojos-por-miguel-soto\\\/\"},\"author\":{\"name\":\"Adri\u00e1n Bedia Puerto\",\"@id\":\"https:\\\/\\\/www.manquepierda.com\\\/futbolandia\\\/#\\\/schema\\\/person\\\/f2133132be9857df14a26e2f116bbe94\"},\"headline\":\"Triunfos y derrotas: \u00bfY si nos quitamos la venda de los ojos?\",\"datePublished\":\"2012-04-08T11:37:11+00:00\",\"dateModified\":\"2013-07-07T11:56:56+00:00\",\"mainEntityOfPage\":{\"@id\":\"https:\\\/\\\/www.manquepierda.com\\\/futbolandia\\\/triunfos-y-derrotas-y-si-nos-quitamos-la-venda-de-los-ojos-por-miguel-soto\\\/\"},\"wordCount\":611,\"commentCount\":0,\"image\":{\"@id\":\"https:\\\/\\\/www.manquepierda.com\\\/futbolandia\\\/triunfos-y-derrotas-y-si-nos-quitamos-la-venda-de-los-ojos-por-miguel-soto\\\/#primaryimage\"},\"thumbnailUrl\":\"https:\\\/\\\/i0.wp.com\\\/www.manquepierda.com\\\/futbolandia\\\/files\\\/2012\\\/02\\\/liga-bbva1.jpg?fit=400%2C300&ssl=1\",\"keywords\":[\"Opinion\"],\"articleSection\":[\"Liga BBVA - F\u00fatbol Espa\u00f1ol\",\"Opini\u00f3n\",\"Portada\"],\"inLanguage\":\"es\",\"potentialAction\":[{\"@type\":\"CommentAction\",\"name\":\"Comment\",\"target\":[\"https:\\\/\\\/www.manquepierda.com\\\/futbolandia\\\/triunfos-y-derrotas-y-si-nos-quitamos-la-venda-de-los-ojos-por-miguel-soto\\\/#respond\"]}]},{\"@type\":\"WebPage\",\"@id\":\"https:\\\/\\\/www.manquepierda.com\\\/futbolandia\\\/triunfos-y-derrotas-y-si-nos-quitamos-la-venda-de-los-ojos-por-miguel-soto\\\/\",\"url\":\"https:\\\/\\\/www.manquepierda.com\\\/futbolandia\\\/triunfos-y-derrotas-y-si-nos-quitamos-la-venda-de-los-ojos-por-miguel-soto\\\/\",\"name\":\"Triunfos y derrotas: \u00bfY si nos quitamos la venda de los ojos? &#8211; Futbolandia\",\"isPartOf\":{\"@id\":\"https:\\\/\\\/www.manquepierda.com\\\/futbolandia\\\/#website\"},\"primaryImageOfPage\":{\"@id\":\"https:\\\/\\\/www.manquepierda.com\\\/futbolandia\\\/triunfos-y-derrotas-y-si-nos-quitamos-la-venda-de-los-ojos-por-miguel-soto\\\/#primaryimage\"},\"image\":{\"@id\":\"https:\\\/\\\/www.manquepierda.com\\\/futbolandia\\\/triunfos-y-derrotas-y-si-nos-quitamos-la-venda-de-los-ojos-por-miguel-soto\\\/#primaryimage\"},\"thumbnailUrl\":\"https:\\\/\\\/i0.wp.com\\\/www.manquepierda.com\\\/futbolandia\\\/files\\\/2012\\\/02\\\/liga-bbva1.jpg?fit=400%2C300&ssl=1\",\"datePublished\":\"2012-04-08T11:37:11+00:00\",\"dateModified\":\"2013-07-07T11:56:56+00:00\",\"author\":{\"@id\":\"https:\\\/\\\/www.manquepierda.com\\\/futbolandia\\\/#\\\/schema\\\/person\\\/f2133132be9857df14a26e2f116bbe94\"},\"breadcrumb\":{\"@id\":\"https:\\\/\\\/www.manquepierda.com\\\/futbolandia\\\/triunfos-y-derrotas-y-si-nos-quitamos-la-venda-de-los-ojos-por-miguel-soto\\\/#breadcrumb\"},\"inLanguage\":\"es\",\"potentialAction\":[{\"@type\":\"ReadAction\",\"target\":[\"https:\\\/\\\/www.manquepierda.com\\\/futbolandia\\\/triunfos-y-derrotas-y-si-nos-quitamos-la-venda-de-los-ojos-por-miguel-soto\\\/\"]}]},{\"@type\":\"ImageObject\",\"inLanguage\":\"es\",\"@id\":\"https:\\\/\\\/www.manquepierda.com\\\/futbolandia\\\/triunfos-y-derrotas-y-si-nos-quitamos-la-venda-de-los-ojos-por-miguel-soto\\\/#primaryimage\",\"url\":\"https:\\\/\\\/i0.wp.com\\\/www.manquepierda.com\\\/futbolandia\\\/files\\\/2012\\\/02\\\/liga-bbva1.jpg?fit=400%2C300&ssl=1\",\"contentUrl\":\"https:\\\/\\\/i0.wp.com\\\/www.manquepierda.com\\\/futbolandia\\\/files\\\/2012\\\/02\\\/liga-bbva1.jpg?fit=400%2C300&ssl=1\",\"width\":\"400\",\"height\":\"300\"},{\"@type\":\"BreadcrumbList\",\"@id\":\"https:\\\/\\\/www.manquepierda.com\\\/futbolandia\\\/triunfos-y-derrotas-y-si-nos-quitamos-la-venda-de-los-ojos-por-miguel-soto\\\/#breadcrumb\",\"itemListElement\":[{\"@type\":\"ListItem\",\"position\":1,\"name\":\"Portada\",\"item\":\"https:\\\/\\\/www.manquepierda.com\\\/futbolandia\\\/\"},{\"@type\":\"ListItem\",\"position\":2,\"name\":\"Triunfos y derrotas: \u00bfY si nos quitamos la venda de los ojos?\"}]},{\"@type\":\"WebSite\",\"@id\":\"https:\\\/\\\/www.manquepierda.com\\\/futbolandia\\\/#website\",\"url\":\"https:\\\/\\\/www.manquepierda.com\\\/futbolandia\\\/\",\"name\":\"Futbolandia\",\"description\":\"Reportajes e informaci\u00f3n sobre f\u00fatbol mundial y j\u00f3venes promesas\",\"potentialAction\":[{\"@type\":\"SearchAction\",\"target\":{\"@type\":\"EntryPoint\",\"urlTemplate\":\"https:\\\/\\\/www.manquepierda.com\\\/futbolandia\\\/?s={search_term_string}\"},\"query-input\":{\"@type\":\"PropertyValueSpecification\",\"valueRequired\":true,\"valueName\":\"search_term_string\"}}],\"inLanguage\":\"es\"},{\"@type\":\"Person\",\"@id\":\"https:\\\/\\\/www.manquepierda.com\\\/futbolandia\\\/#\\\/schema\\\/person\\\/f2133132be9857df14a26e2f116bbe94\",\"name\":\"Adri\u00e1n Bedia Puerto\",\"image\":{\"@type\":\"ImageObject\",\"inLanguage\":\"es\",\"@id\":\"https:\\\/\\\/secure.gravatar.com\\\/avatar\\\/dea43547063ac034552de9ba24b2ce5dd1cf7bf2de4f05263cfbf331d51d3c5c?s=96&d=mm&r=g\",\"url\":\"https:\\\/\\\/secure.gravatar.com\\\/avatar\\\/dea43547063ac034552de9ba24b2ce5dd1cf7bf2de4f05263cfbf331d51d3c5c?s=96&d=mm&r=g\",\"contentUrl\":\"https:\\\/\\\/secure.gravatar.com\\\/avatar\\\/dea43547063ac034552de9ba24b2ce5dd1cf7bf2de4f05263cfbf331d51d3c5c?s=96&d=mm&r=g\",\"caption\":\"Adri\u00e1n Bedia Puerto\"},\"sameAs\":[\"http:\\\/\\\/minimessisyzidanes.blogspot.com\",\"https:\\\/\\\/x.com\\\/http:\\\/\\\/twitter.com\\\/Abp1993\"],\"url\":\"https:\\\/\\\/www.manquepierda.com\\\/futbolandia\\\/author\\\/abp1993\\\/\"}]}<\/script>\n<!-- \/ Yoast SEO plugin. -->","yoast_head_json":{"title":"Triunfos y derrotas: \u00bfY si nos quitamos la venda de los ojos? &#8211; Futbolandia","robots":{"index":"index","follow":"follow","max-snippet":"max-snippet:-1","max-image-preview":"max-image-preview:large","max-video-preview":"max-video-preview:-1"},"canonical":"https:\/\/www.manquepierda.com\/futbolandia\/triunfos-y-derrotas-y-si-nos-quitamos-la-venda-de-los-ojos-por-miguel-soto\/","og_locale":"es_ES","og_type":"article","og_title":"Triunfos y derrotas: \u00bfY si nos quitamos la venda de los ojos? &#8211; Futbolandia","og_description":"Ante todo, me gustar\u00eda empezar dando la enhorabuena a los equipos espa\u00f1oles en competiciones europeas, ya sea en Champions, donde puede darse uno de los cl\u00e1sicos m\u00e1s vividos de la LFP. No hay que olvidar la Europa League, en esta \u00faltima s\u00ed o s\u00ed tendremos finalista espa\u00f1ol. \u00a1Y QUE FINALISTAS! Por lo tanto, se puede...","og_url":"https:\/\/www.manquepierda.com\/futbolandia\/triunfos-y-derrotas-y-si-nos-quitamos-la-venda-de-los-ojos-por-miguel-soto\/","og_site_name":"Futbolandia","article_published_time":"2012-04-08T11:37:11+00:00","article_modified_time":"2013-07-07T11:56:56+00:00","og_image":[{"width":400,"height":300,"url":"https:\/\/i1.wp.com\/www.manquepierda.com\/futbolandia\/files\/2012\/02\/liga-bbva1.jpg?fit=400%2C300&ssl=1","type":"image\/jpeg"}],"author":"Adri\u00e1n Bedia Puerto","twitter_misc":{"Escrito por":"Adri\u00e1n Bedia Puerto","Tiempo de lectura":"3 minutos"},"schema":{"@context":"https:\/\/schema.org","@graph":[{"@type":"Article","@id":"https:\/\/www.manquepierda.com\/futbolandia\/triunfos-y-derrotas-y-si-nos-quitamos-la-venda-de-los-ojos-por-miguel-soto\/#article","isPartOf":{"@id":"https:\/\/www.manquepierda.com\/futbolandia\/triunfos-y-derrotas-y-si-nos-quitamos-la-venda-de-los-ojos-por-miguel-soto\/"},"author":{"name":"Adri\u00e1n Bedia Puerto","@id":"https:\/\/www.manquepierda.com\/futbolandia\/#\/schema\/person\/f2133132be9857df14a26e2f116bbe94"},"headline":"Triunfos y derrotas: \u00bfY si nos quitamos la venda de los ojos?","datePublished":"2012-04-08T11:37:11+00:00","dateModified":"2013-07-07T11:56:56+00:00","mainEntityOfPage":{"@id":"https:\/\/www.manquepierda.com\/futbolandia\/triunfos-y-derrotas-y-si-nos-quitamos-la-venda-de-los-ojos-por-miguel-soto\/"},"wordCount":611,"commentCount":0,"image":{"@id":"https:\/\/www.manquepierda.com\/futbolandia\/triunfos-y-derrotas-y-si-nos-quitamos-la-venda-de-los-ojos-por-miguel-soto\/#primaryimage"},"thumbnailUrl":"https:\/\/i0.wp.com\/www.manquepierda.com\/futbolandia\/files\/2012\/02\/liga-bbva1.jpg?fit=400%2C300&ssl=1","keywords":["Opinion"],"articleSection":["Liga BBVA - F\u00fatbol Espa\u00f1ol","Opini\u00f3n","Portada"],"inLanguage":"es","potentialAction":[{"@type":"CommentAction","name":"Comment","target":["https:\/\/www.manquepierda.com\/futbolandia\/triunfos-y-derrotas-y-si-nos-quitamos-la-venda-de-los-ojos-por-miguel-soto\/#respond"]}]},{"@type":"WebPage","@id":"https:\/\/www.manquepierda.com\/futbolandia\/triunfos-y-derrotas-y-si-nos-quitamos-la-venda-de-los-ojos-por-miguel-soto\/","url":"https:\/\/www.manquepierda.com\/futbolandia\/triunfos-y-derrotas-y-si-nos-quitamos-la-venda-de-los-ojos-por-miguel-soto\/","name":"Triunfos y derrotas: \u00bfY si nos quitamos la venda de los ojos? &#8211; Futbolandia","isPartOf":{"@id":"https:\/\/www.manquepierda.com\/futbolandia\/#website"},"primaryImageOfPage":{"@id":"https:\/\/www.manquepierda.com\/futbolandia\/triunfos-y-derrotas-y-si-nos-quitamos-la-venda-de-los-ojos-por-miguel-soto\/#primaryimage"},"image":{"@id":"https:\/\/www.manquepierda.com\/futbolandia\/triunfos-y-derrotas-y-si-nos-quitamos-la-venda-de-los-ojos-por-miguel-soto\/#primaryimage"},"thumbnailUrl":"https:\/\/i0.wp.com\/www.manquepierda.com\/futbolandia\/files\/2012\/02\/liga-bbva1.jpg?fit=400%2C300&ssl=1","datePublished":"2012-04-08T11:37:11+00:00","dateModified":"2013-07-07T11:56:56+00:00","author":{"@id":"https:\/\/www.manquepierda.com\/futbolandia\/#\/schema\/person\/f2133132be9857df14a26e2f116bbe94"},"breadcrumb":{"@id":"https:\/\/www.manquepierda.com\/futbolandia\/triunfos-y-derrotas-y-si-nos-quitamos-la-venda-de-los-ojos-por-miguel-soto\/#breadcrumb"},"inLanguage":"es","potentialAction":[{"@type":"ReadAction","target":["https:\/\/www.manquepierda.com\/futbolandia\/triunfos-y-derrotas-y-si-nos-quitamos-la-venda-de-los-ojos-por-miguel-soto\/"]}]},{"@type":"ImageObject","inLanguage":"es","@id":"https:\/\/www.manquepierda.com\/futbolandia\/triunfos-y-derrotas-y-si-nos-quitamos-la-venda-de-los-ojos-por-miguel-soto\/#primaryimage","url":"https:\/\/i0.wp.com\/www.manquepierda.com\/futbolandia\/files\/2012\/02\/liga-bbva1.jpg?fit=400%2C300&ssl=1","contentUrl":"https:\/\/i0.wp.com\/www.manquepierda.com\/futbolandia\/files\/2012\/02\/liga-bbva1.jpg?fit=400%2C300&ssl=1","width":"400","height":"300"},{"@type":"BreadcrumbList","@id":"https:\/\/www.manquepierda.com\/futbolandia\/triunfos-y-derrotas-y-si-nos-quitamos-la-venda-de-los-ojos-por-miguel-soto\/#breadcrumb","itemListElement":[{"@type":"ListItem","position":1,"name":"Portada","item":"https:\/\/www.manquepierda.com\/futbolandia\/"},{"@type":"ListItem","position":2,"name":"Triunfos y derrotas: \u00bfY si nos quitamos la venda de los ojos?"}]},{"@type":"WebSite","@id":"https:\/\/www.manquepierda.com\/futbolandia\/#website","url":"https:\/\/www.manquepierda.com\/futbolandia\/","name":"Futbolandia","description":"Reportajes e informaci\u00f3n sobre f\u00fatbol mundial y j\u00f3venes promesas","potentialAction":[{"@type":"SearchAction","target":{"@type":"EntryPoint","urlTemplate":"https:\/\/www.manquepierda.com\/futbolandia\/?s={search_term_string}"},"query-input":{"@type":"PropertyValueSpecification","valueRequired":true,"valueName":"search_term_string"}}],"inLanguage":"es"},{"@type":"Person","@id":"https:\/\/www.manquepierda.com\/futbolandia\/#\/schema\/person\/f2133132be9857df14a26e2f116bbe94","name":"Adri\u00e1n Bedia Puerto","image":{"@type":"ImageObject","inLanguage":"es","@id":"https:\/\/secure.gravatar.com\/avatar\/dea43547063ac034552de9ba24b2ce5dd1cf7bf2de4f05263cfbf331d51d3c5c?s=96&d=mm&r=g","url":"https:\/\/secure.gravatar.com\/avatar\/dea43547063ac034552de9ba24b2ce5dd1cf7bf2de4f05263cfbf331d51d3c5c?s=96&d=mm&r=g","contentUrl":"https:\/\/secure.gravatar.com\/avatar\/dea43547063ac034552de9ba24b2ce5dd1cf7bf2de4f05263cfbf331d51d3c5c?s=96&d=mm&r=g","caption":"Adri\u00e1n Bedia Puerto"},"sameAs":["http:\/\/minimessisyzidanes.blogspot.com","https:\/\/x.com\/http:\/\/twitter.com\/Abp1993"],"url":"https:\/\/www.manquepierda.com\/futbolandia\/author\/abp1993\/"}]}},"jetpack_publicize_connections":[],"jetpack_featured_media_url":"https:\/\/i0.wp.com\/www.manquepierda.com\/futbolandia\/files\/2012\/02\/liga-bbva1.jpg?fit=400%2C300&ssl=1","jetpack_shortlink":"https:\/\/wp.me\/p1THIg-nG","jetpack_sharing_enabled":true,"_links":{"self":[{"href":"https:\/\/www.manquepierda.com\/futbolandia\/wp-json\/wp\/v2\/posts\/1468","targetHints":{"allow":["GET"]}}],"collection":[{"href":"https:\/\/www.manquepierda.com\/futbolandia\/wp-json\/wp\/v2\/posts"}],"about":[{"href":"https:\/\/www.manquepierda.com\/futbolandia\/wp-json\/wp\/v2\/types\/post"}],"author":[{"embeddable":true,"href":"https:\/\/www.manquepierda.com\/futbolandia\/wp-json\/wp\/v2\/users\/100"}],"replies":[{"embeddable":true,"href":"https:\/\/www.manquepierda.com\/futbolandia\/wp-json\/wp\/v2\/comments?post=1468"}],"version-history":[{"count":0,"href":"https:\/\/www.manquepierda.com\/futbolandia\/wp-json\/wp\/v2\/posts\/1468\/revisions"}],"wp:featuredmedia":[{"embeddable":true,"href":"https:\/\/www.manquepierda.com\/futbolandia\/wp-json\/wp\/v2\/media\/950"}],"wp:attachment":[{"href":"https:\/\/www.manquepierda.com\/futbolandia\/wp-json\/wp\/v2\/media?parent=1468"}],"wp:term":[{"taxonomy":"category","embeddable":true,"href":"https:\/\/www.manquepierda.com\/futbolandia\/wp-json\/wp\/v2\/categories?post=1468"},{"taxonomy":"post_tag","embeddable":true,"href":"https:\/\/www.manquepierda.com\/futbolandia\/wp-json\/wp\/v2\/tags?post=1468"}],"curies":[{"name":"wp","href":"https:\/\/api.w.org\/{rel}","templated":true}]}}