{"id":1656,"date":"2013-07-08T11:01:44","date_gmt":"2013-07-08T09:01:44","guid":{"rendered":"http:\/\/www.manquepierda.com\/futbolandia\/?p=1656"},"modified":"2013-07-08T11:01:44","modified_gmt":"2013-07-08T09:01:44","slug":"mundial-sub20-y-llego-la-fiesta-del-futbol-asiatico","status":"publish","type":"post","link":"https:\/\/www.manquepierda.com\/futbolandia\/mundial-sub20-y-llego-la-fiesta-del-futbol-asiatico\/","title":{"rendered":"Mundial Sub&#8217;20 &#8211; Y lleg\u00f3 la fiesta del f\u00fatbol asi\u00e1tico"},"content":{"rendered":"<figure id=\"attachment_1761\" aria-describedby=\"caption-attachment-1761\" style=\"width: 384px\" class=\"wp-caption alignleft\"><a href=\"https:\/\/i0.wp.com\/www.manquepierda.com\/futbolandia\/files\/2013\/07\/farhan-shakor-iraq.jpg\"><img data-recalc-dims=\"1\" loading=\"lazy\" decoding=\"async\" data-attachment-id=\"1761\" data-permalink=\"https:\/\/www.manquepierda.com\/futbolandia\/mundial-sub20-y-llego-la-fiesta-del-futbol-asiatico\/farhan-shakor-iraq\/\" data-orig-file=\"https:\/\/i0.wp.com\/www.manquepierda.com\/futbolandia\/files\/2013\/07\/farhan-shakor-iraq.jpg?fit=640%2C480&amp;ssl=1\" data-orig-size=\"640,480\" data-comments-opened=\"1\" data-image-meta=\"{&quot;aperture&quot;:&quot;0&quot;,&quot;credit&quot;:&quot;&quot;,&quot;camera&quot;:&quot;&quot;,&quot;caption&quot;:&quot;&quot;,&quot;created_timestamp&quot;:&quot;0&quot;,&quot;copyright&quot;:&quot;&quot;,&quot;focal_length&quot;:&quot;0&quot;,&quot;iso&quot;:&quot;0&quot;,&quot;shutter_speed&quot;:&quot;0&quot;,&quot;title&quot;:&quot;&quot;}\" data-image-title=\"farhan-shakor-iraq\" data-image-description=\"&lt;p&gt;Irak, Corea del Sur y Uzbekist\u00e1n hacen historia en el Mundial Sub&amp;#8217;20&lt;\/p&gt;\n\" data-image-caption=\"&lt;p&gt;Irak, Corea del Sur y Uzbekist\u00e1n hacen historia en el Mundial Sub&amp;#8217;20&lt;\/p&gt;\n\" data-large-file=\"https:\/\/i0.wp.com\/www.manquepierda.com\/futbolandia\/files\/2013\/07\/farhan-shakor-iraq.jpg?fit=640%2C480&amp;ssl=1\" class=\" wp-image-1761 \" alt=\"Irak, Corea del Sur y Uzbekist\u00e1n hacen historia en el Mundial Sub'20\" src=\"https:\/\/i0.wp.com\/www.manquepierda.com\/futbolandia\/files\/2013\/07\/farhan-shakor-iraq.jpg?resize=384%2C288\" width=\"384\" height=\"288\" srcset=\"https:\/\/i0.wp.com\/www.manquepierda.com\/futbolandia\/files\/2013\/07\/farhan-shakor-iraq.jpg?w=640&amp;ssl=1 640w, https:\/\/i0.wp.com\/www.manquepierda.com\/futbolandia\/files\/2013\/07\/farhan-shakor-iraq.jpg?resize=300%2C225&amp;ssl=1 300w, https:\/\/i0.wp.com\/www.manquepierda.com\/futbolandia\/files\/2013\/07\/farhan-shakor-iraq.jpg?resize=75%2C55&amp;ssl=1 75w\" sizes=\"auto, (max-width: 384px) 100vw, 384px\" \/><\/a><figcaption id=\"caption-attachment-1761\" class=\"wp-caption-text\">Irak, Corea del Sur y Uzbekist\u00e1n hacen historia en el Mundial Sub&#8217;20<\/figcaption><\/figure>\n<p>Es curioso pero este Mundial Sub&#8217;20 de Turqu\u00eda, adem\u00e1s de descubrirnos a grandes jugadores que sin duda ser\u00e1n parte del futuro del balompi\u00e9 internacional, ha tenido un claro protagonista m\u00e1s all\u00e1 de los propios futbolistas, y no ha sido otro que el f\u00fatbol asi\u00e1tico.<\/p>\n<p><strong>Acostumbrados a caer a las primeras de cambio salvo honrosas excepciones y a no poder no poder competir al m\u00e1ximo nivel con sus selecciones absolutas casi nunca, este campeonato repleto de j\u00f3venes valores ha permitido que el mundo conozca a las hornadas de jugadores que vienen desde Asia<\/strong>, un mercado cada vez m\u00e1s aprovechado en Europa.<\/p>\n<p>Y es que de los ocho equipos que alcanzaron los cuartos de final, hay tres equipos procedentes del continente oriental, convirti\u00e9ndolo en el m\u00e1s representado: Corea del Sur, Uzbekist\u00e1n e Irak. Llegan acompa\u00f1ados de dos equipos sudamericanos, Uruguay y Chile, otros dos europeos, Espa\u00f1a y Francia y un africano, Ghana. Incluso con este logro no han pasado a ser favoritos en sus cruces, pero si se han ganado el respeto del panorama futbol\u00edstico internacional.<\/p>\n<p><strong>La Uzbekist\u00e1n de\u00a0Abbosbek Makhstaliev, Igor Sergeev o Sardor Rahkmanov cay\u00f3 definitivamente en cuartos ante una de las m\u00e1ximas favoritas para hacerse con el torneo<\/strong>, la Francia de Paul Pogba, Kondogbia, Bahebeck o Sanogo y acab\u00f3 con su sue\u00f1o de alcanzar la semifinal. Pocas veces el f\u00fatbol uzbeko se ha encontrado en esa situaci\u00f3n pero, m\u00e1s all\u00e1 de haber ca\u00eddo a un paso de una semifinales hist\u00f3ricas, est\u00e1n contentos por los futbolistas que conforman el conjunto y que podr\u00edan tener futuro en ligas importantes.<\/p>\n<p>Tambi\u00e9n Corea del Sur e Irak alcanzaron los cuartos de final, aunque en esta ocasi\u00f3n lo hicieron para enfrentarse entre s\u00ed mismos. <strong>Corea del Sur fue de menos a m\u00e1s en el torneo, consiguiendo meritorios resultados como el empate a dos ante Portugal en la fase de grupos e incluso apeando del torneo a una de las principales favoritas, Colombia.<\/strong> Un f\u00fatbol ordenado como es ya habitual en el pa\u00eds con recursos ofensivos basados en el juego colectivo como las subidas de los laterales Sim Sangmin o Kim Yonghwan y un centro del campo trabajador y talentoso con hombres como Ryu Seungwoo.<\/p>\n<p><strong>Irak por otra parte ha cumplido de sobra con las expectativas de una selecci\u00f3n que tiene m\u00e1s talento del que parece, gracias a hombres como el h\u00e1bil zurdo Ali Adnan, el imaginativo Humam Tareq y Mohammed Hameed en la porter\u00eda,<\/strong> que se ha destapado como uno de los mejores porteros del campeonato. Un Mundial hist\u00f3rico para Asia en un f\u00fatbol que aunque parezca que siempre ganan los mismos, no pasa de cambiar.<\/p>\n<p>&nbsp;<\/p>\n","protected":false},"excerpt":{"rendered":"<p>Es curioso pero este Mundial Sub&#8217;20 de Turqu\u00eda, adem\u00e1s de descubrirnos a grandes jugadores que sin duda ser\u00e1n parte del futuro del balompi\u00e9 internacional, ha tenido un claro protagonista m\u00e1s all\u00e1 de los propios futbolistas, y no ha sido otro que el f\u00fatbol asi\u00e1tico. Acostumbrados a caer a las primeras de cambio salvo honrosas excepciones&#8230;<\/p>\n","protected":false},"author":93,"featured_media":1761,"comment_status":"open","ping_status":"open","sticky":false,"template":"","format":"standard","meta":{"_kad_post_transparent":"","_kad_post_title":"","_kad_post_layout":"","_kad_post_sidebar_id":"","_kad_post_content_style":"","_kad_post_vertical_padding":"","_kad_post_feature":"","_kad_post_feature_position":"","_kad_post_header":false,"_kad_post_footer":false,"_kad_post_classname":"","_jetpack_memberships_contains_paid_content":false,"footnotes":"","jetpack_publicize_message":"","jetpack_publicize_feature_enabled":true,"jetpack_social_post_already_shared":true,"jetpack_social_options":{"image_generator_settings":{"template":"highway","default_image_id":0,"font":"","enabled":false},"version":2}},"categories":[10],"tags":[504,580,578,581,582,407,579],"class_list":["post-1656","post","type-post","status-publish","format-standard","has-post-thumbnail","hentry","category-portada","tag-504","tag-corea","tag-irak","tag-mundial","tag-sub20","tag-turquia","tag-uzbekistan"],"yoast_head":"<!-- This site is optimized with the Yoast SEO plugin v27.4 - https:\/\/yoast.com\/product\/yoast-seo-wordpress\/ -->\n<title>Mundial Sub&#039;20 - Y lleg\u00f3 la fiesta del f\u00fatbol asi\u00e1tico &#8211; Futbolandia<\/title>\n<meta name=\"robots\" content=\"index, follow, max-snippet:-1, max-image-preview:large, max-video-preview:-1\" \/>\n<link rel=\"canonical\" href=\"https:\/\/www.manquepierda.com\/futbolandia\/mundial-sub20-y-llego-la-fiesta-del-futbol-asiatico\/\" \/>\n<meta property=\"og:locale\" content=\"es_ES\" \/>\n<meta property=\"og:type\" content=\"article\" \/>\n<meta property=\"og:title\" content=\"Mundial Sub&#039;20 - Y lleg\u00f3 la fiesta del f\u00fatbol asi\u00e1tico &#8211; Futbolandia\" \/>\n<meta property=\"og:description\" content=\"Es curioso pero este Mundial Sub&#8217;20 de Turqu\u00eda, adem\u00e1s de descubrirnos a grandes jugadores que sin duda ser\u00e1n parte del futuro del balompi\u00e9 internacional, ha tenido un claro protagonista m\u00e1s all\u00e1 de los propios futbolistas, y no ha sido otro que el f\u00fatbol asi\u00e1tico. Acostumbrados a caer a las primeras de cambio salvo honrosas excepciones...\" \/>\n<meta property=\"og:url\" content=\"https:\/\/www.manquepierda.com\/futbolandia\/mundial-sub20-y-llego-la-fiesta-del-futbol-asiatico\/\" \/>\n<meta property=\"og:site_name\" content=\"Futbolandia\" \/>\n<meta property=\"article:published_time\" content=\"2013-07-08T09:01:44+00:00\" \/>\n<meta property=\"og:image\" content=\"https:\/\/i1.wp.com\/www.manquepierda.com\/futbolandia\/files\/2013\/07\/farhan-shakor-iraq.jpg?fit=640%2C480&ssl=1\" \/>\n\t<meta property=\"og:image:width\" content=\"640\" \/>\n\t<meta property=\"og:image:height\" content=\"480\" \/>\n\t<meta property=\"og:image:type\" content=\"image\/jpeg\" \/>\n<meta name=\"author\" content=\"Jorge M. Gonz\u00e1lez\" \/>\n<meta name=\"twitter:label1\" content=\"Escrito por\" \/>\n\t<meta name=\"twitter:data1\" content=\"Jorge M. Gonz\u00e1lez\" \/>\n\t<meta name=\"twitter:label2\" content=\"Tiempo de lectura\" \/>\n\t<meta name=\"twitter:data2\" content=\"2 minutos\" \/>\n<script type=\"application\/ld+json\" class=\"yoast-schema-graph\">{\"@context\":\"https:\\\/\\\/schema.org\",\"@graph\":[{\"@type\":\"Article\",\"@id\":\"https:\\\/\\\/www.manquepierda.com\\\/futbolandia\\\/mundial-sub20-y-llego-la-fiesta-del-futbol-asiatico\\\/#article\",\"isPartOf\":{\"@id\":\"https:\\\/\\\/www.manquepierda.com\\\/futbolandia\\\/mundial-sub20-y-llego-la-fiesta-del-futbol-asiatico\\\/\"},\"author\":{\"name\":\"Jorge M. Gonz\u00e1lez\",\"@id\":\"https:\\\/\\\/www.manquepierda.com\\\/futbolandia\\\/#\\\/schema\\\/person\\\/fdb4eabc3c2e0e717a790a4ce10cd2b3\"},\"headline\":\"Mundial Sub&#8217;20 &#8211; Y lleg\u00f3 la fiesta del f\u00fatbol asi\u00e1tico\",\"datePublished\":\"2013-07-08T09:01:44+00:00\",\"mainEntityOfPage\":{\"@id\":\"https:\\\/\\\/www.manquepierda.com\\\/futbolandia\\\/mundial-sub20-y-llego-la-fiesta-del-futbol-asiatico\\\/\"},\"wordCount\":501,\"commentCount\":0,\"image\":{\"@id\":\"https:\\\/\\\/www.manquepierda.com\\\/futbolandia\\\/mundial-sub20-y-llego-la-fiesta-del-futbol-asiatico\\\/#primaryimage\"},\"thumbnailUrl\":\"https:\\\/\\\/i0.wp.com\\\/www.manquepierda.com\\\/futbolandia\\\/files\\\/2013\\\/07\\\/farhan-shakor-iraq.jpg?fit=640%2C480&ssl=1\",\"keywords\":[\"20\",\"corea\",\"irak\",\"mundial\",\"sub20\",\"Turquia\",\"uzbekistan\"],\"articleSection\":[\"Portada\"],\"inLanguage\":\"es\",\"potentialAction\":[{\"@type\":\"CommentAction\",\"name\":\"Comment\",\"target\":[\"https:\\\/\\\/www.manquepierda.com\\\/futbolandia\\\/mundial-sub20-y-llego-la-fiesta-del-futbol-asiatico\\\/#respond\"]}]},{\"@type\":\"WebPage\",\"@id\":\"https:\\\/\\\/www.manquepierda.com\\\/futbolandia\\\/mundial-sub20-y-llego-la-fiesta-del-futbol-asiatico\\\/\",\"url\":\"https:\\\/\\\/www.manquepierda.com\\\/futbolandia\\\/mundial-sub20-y-llego-la-fiesta-del-futbol-asiatico\\\/\",\"name\":\"Mundial Sub'20 - Y lleg\u00f3 la fiesta del f\u00fatbol asi\u00e1tico &#8211; Futbolandia\",\"isPartOf\":{\"@id\":\"https:\\\/\\\/www.manquepierda.com\\\/futbolandia\\\/#website\"},\"primaryImageOfPage\":{\"@id\":\"https:\\\/\\\/www.manquepierda.com\\\/futbolandia\\\/mundial-sub20-y-llego-la-fiesta-del-futbol-asiatico\\\/#primaryimage\"},\"image\":{\"@id\":\"https:\\\/\\\/www.manquepierda.com\\\/futbolandia\\\/mundial-sub20-y-llego-la-fiesta-del-futbol-asiatico\\\/#primaryimage\"},\"thumbnailUrl\":\"https:\\\/\\\/i0.wp.com\\\/www.manquepierda.com\\\/futbolandia\\\/files\\\/2013\\\/07\\\/farhan-shakor-iraq.jpg?fit=640%2C480&ssl=1\",\"datePublished\":\"2013-07-08T09:01:44+00:00\",\"author\":{\"@id\":\"https:\\\/\\\/www.manquepierda.com\\\/futbolandia\\\/#\\\/schema\\\/person\\\/fdb4eabc3c2e0e717a790a4ce10cd2b3\"},\"breadcrumb\":{\"@id\":\"https:\\\/\\\/www.manquepierda.com\\\/futbolandia\\\/mundial-sub20-y-llego-la-fiesta-del-futbol-asiatico\\\/#breadcrumb\"},\"inLanguage\":\"es\",\"potentialAction\":[{\"@type\":\"ReadAction\",\"target\":[\"https:\\\/\\\/www.manquepierda.com\\\/futbolandia\\\/mundial-sub20-y-llego-la-fiesta-del-futbol-asiatico\\\/\"]}]},{\"@type\":\"ImageObject\",\"inLanguage\":\"es\",\"@id\":\"https:\\\/\\\/www.manquepierda.com\\\/futbolandia\\\/mundial-sub20-y-llego-la-fiesta-del-futbol-asiatico\\\/#primaryimage\",\"url\":\"https:\\\/\\\/i0.wp.com\\\/www.manquepierda.com\\\/futbolandia\\\/files\\\/2013\\\/07\\\/farhan-shakor-iraq.jpg?fit=640%2C480&ssl=1\",\"contentUrl\":\"https:\\\/\\\/i0.wp.com\\\/www.manquepierda.com\\\/futbolandia\\\/files\\\/2013\\\/07\\\/farhan-shakor-iraq.jpg?fit=640%2C480&ssl=1\",\"width\":640,\"height\":480,\"caption\":\"Irak, Corea del Sur y Uzbekist\u00e1n hacen historia en el Mundial Sub'20\"},{\"@type\":\"BreadcrumbList\",\"@id\":\"https:\\\/\\\/www.manquepierda.com\\\/futbolandia\\\/mundial-sub20-y-llego-la-fiesta-del-futbol-asiatico\\\/#breadcrumb\",\"itemListElement\":[{\"@type\":\"ListItem\",\"position\":1,\"name\":\"Portada\",\"item\":\"https:\\\/\\\/www.manquepierda.com\\\/futbolandia\\\/\"},{\"@type\":\"ListItem\",\"position\":2,\"name\":\"Mundial Sub&#8217;20 &#8211; Y lleg\u00f3 la fiesta del f\u00fatbol asi\u00e1tico\"}]},{\"@type\":\"WebSite\",\"@id\":\"https:\\\/\\\/www.manquepierda.com\\\/futbolandia\\\/#website\",\"url\":\"https:\\\/\\\/www.manquepierda.com\\\/futbolandia\\\/\",\"name\":\"Futbolandia\",\"description\":\"Reportajes e informaci\u00f3n sobre f\u00fatbol mundial y j\u00f3venes promesas\",\"potentialAction\":[{\"@type\":\"SearchAction\",\"target\":{\"@type\":\"EntryPoint\",\"urlTemplate\":\"https:\\\/\\\/www.manquepierda.com\\\/futbolandia\\\/?s={search_term_string}\"},\"query-input\":{\"@type\":\"PropertyValueSpecification\",\"valueRequired\":true,\"valueName\":\"search_term_string\"}}],\"inLanguage\":\"es\"},{\"@type\":\"Person\",\"@id\":\"https:\\\/\\\/www.manquepierda.com\\\/futbolandia\\\/#\\\/schema\\\/person\\\/fdb4eabc3c2e0e717a790a4ce10cd2b3\",\"name\":\"Jorge M. Gonz\u00e1lez\",\"image\":{\"@type\":\"ImageObject\",\"inLanguage\":\"es\",\"@id\":\"https:\\\/\\\/secure.gravatar.com\\\/avatar\\\/40fe62083e523c4134f75fb1d06ea73b4503d9162f3c6e89800e90f1bbd7f262?s=96&d=mm&r=g\",\"url\":\"https:\\\/\\\/secure.gravatar.com\\\/avatar\\\/40fe62083e523c4134f75fb1d06ea73b4503d9162f3c6e89800e90f1bbd7f262?s=96&d=mm&r=g\",\"contentUrl\":\"https:\\\/\\\/secure.gravatar.com\\\/avatar\\\/40fe62083e523c4134f75fb1d06ea73b4503d9162f3c6e89800e90f1bbd7f262?s=96&d=mm&r=g\",\"caption\":\"Jorge M. Gonz\u00e1lez\"},\"description\":\"Apasionado del f\u00fatbol internacional y Social Media Manager. Me gusta seguir ligas extranjeras y a las j\u00f3venes promesas de todo el mundo. S\u00edgueme en twitter para compartir afici\u00f3n: @jorgegonex\",\"sameAs\":[\"http:\\\/\\\/manquepierda.com\\\/\",\"https:\\\/\\\/x.com\\\/https:\\\/\\\/twitter.com\\\/jorgegonex\",\"https:\\\/\\\/www.youtube.com\\\/user\\\/FutbolandiaMQP\"],\"url\":\"https:\\\/\\\/www.manquepierda.com\\\/futbolandia\\\/author\\\/jorgegonzalez\\\/\"}]}<\/script>\n<!-- \/ Yoast SEO plugin. -->","yoast_head_json":{"title":"Mundial Sub'20 - Y lleg\u00f3 la fiesta del f\u00fatbol asi\u00e1tico &#8211; Futbolandia","robots":{"index":"index","follow":"follow","max-snippet":"max-snippet:-1","max-image-preview":"max-image-preview:large","max-video-preview":"max-video-preview:-1"},"canonical":"https:\/\/www.manquepierda.com\/futbolandia\/mundial-sub20-y-llego-la-fiesta-del-futbol-asiatico\/","og_locale":"es_ES","og_type":"article","og_title":"Mundial Sub'20 - Y lleg\u00f3 la fiesta del f\u00fatbol asi\u00e1tico &#8211; Futbolandia","og_description":"Es curioso pero este Mundial Sub&#8217;20 de Turqu\u00eda, adem\u00e1s de descubrirnos a grandes jugadores que sin duda ser\u00e1n parte del futuro del balompi\u00e9 internacional, ha tenido un claro protagonista m\u00e1s all\u00e1 de los propios futbolistas, y no ha sido otro que el f\u00fatbol asi\u00e1tico. Acostumbrados a caer a las primeras de cambio salvo honrosas excepciones...","og_url":"https:\/\/www.manquepierda.com\/futbolandia\/mundial-sub20-y-llego-la-fiesta-del-futbol-asiatico\/","og_site_name":"Futbolandia","article_published_time":"2013-07-08T09:01:44+00:00","og_image":[{"width":640,"height":480,"url":"https:\/\/i1.wp.com\/www.manquepierda.com\/futbolandia\/files\/2013\/07\/farhan-shakor-iraq.jpg?fit=640%2C480&ssl=1","type":"image\/jpeg"}],"author":"Jorge M. Gonz\u00e1lez","twitter_misc":{"Escrito por":"Jorge M. Gonz\u00e1lez","Tiempo de lectura":"2 minutos"},"schema":{"@context":"https:\/\/schema.org","@graph":[{"@type":"Article","@id":"https:\/\/www.manquepierda.com\/futbolandia\/mundial-sub20-y-llego-la-fiesta-del-futbol-asiatico\/#article","isPartOf":{"@id":"https:\/\/www.manquepierda.com\/futbolandia\/mundial-sub20-y-llego-la-fiesta-del-futbol-asiatico\/"},"author":{"name":"Jorge M. Gonz\u00e1lez","@id":"https:\/\/www.manquepierda.com\/futbolandia\/#\/schema\/person\/fdb4eabc3c2e0e717a790a4ce10cd2b3"},"headline":"Mundial Sub&#8217;20 &#8211; Y lleg\u00f3 la fiesta del f\u00fatbol asi\u00e1tico","datePublished":"2013-07-08T09:01:44+00:00","mainEntityOfPage":{"@id":"https:\/\/www.manquepierda.com\/futbolandia\/mundial-sub20-y-llego-la-fiesta-del-futbol-asiatico\/"},"wordCount":501,"commentCount":0,"image":{"@id":"https:\/\/www.manquepierda.com\/futbolandia\/mundial-sub20-y-llego-la-fiesta-del-futbol-asiatico\/#primaryimage"},"thumbnailUrl":"https:\/\/i0.wp.com\/www.manquepierda.com\/futbolandia\/files\/2013\/07\/farhan-shakor-iraq.jpg?fit=640%2C480&ssl=1","keywords":["20","corea","irak","mundial","sub20","Turquia","uzbekistan"],"articleSection":["Portada"],"inLanguage":"es","potentialAction":[{"@type":"CommentAction","name":"Comment","target":["https:\/\/www.manquepierda.com\/futbolandia\/mundial-sub20-y-llego-la-fiesta-del-futbol-asiatico\/#respond"]}]},{"@type":"WebPage","@id":"https:\/\/www.manquepierda.com\/futbolandia\/mundial-sub20-y-llego-la-fiesta-del-futbol-asiatico\/","url":"https:\/\/www.manquepierda.com\/futbolandia\/mundial-sub20-y-llego-la-fiesta-del-futbol-asiatico\/","name":"Mundial Sub'20 - Y lleg\u00f3 la fiesta del f\u00fatbol asi\u00e1tico &#8211; Futbolandia","isPartOf":{"@id":"https:\/\/www.manquepierda.com\/futbolandia\/#website"},"primaryImageOfPage":{"@id":"https:\/\/www.manquepierda.com\/futbolandia\/mundial-sub20-y-llego-la-fiesta-del-futbol-asiatico\/#primaryimage"},"image":{"@id":"https:\/\/www.manquepierda.com\/futbolandia\/mundial-sub20-y-llego-la-fiesta-del-futbol-asiatico\/#primaryimage"},"thumbnailUrl":"https:\/\/i0.wp.com\/www.manquepierda.com\/futbolandia\/files\/2013\/07\/farhan-shakor-iraq.jpg?fit=640%2C480&ssl=1","datePublished":"2013-07-08T09:01:44+00:00","author":{"@id":"https:\/\/www.manquepierda.com\/futbolandia\/#\/schema\/person\/fdb4eabc3c2e0e717a790a4ce10cd2b3"},"breadcrumb":{"@id":"https:\/\/www.manquepierda.com\/futbolandia\/mundial-sub20-y-llego-la-fiesta-del-futbol-asiatico\/#breadcrumb"},"inLanguage":"es","potentialAction":[{"@type":"ReadAction","target":["https:\/\/www.manquepierda.com\/futbolandia\/mundial-sub20-y-llego-la-fiesta-del-futbol-asiatico\/"]}]},{"@type":"ImageObject","inLanguage":"es","@id":"https:\/\/www.manquepierda.com\/futbolandia\/mundial-sub20-y-llego-la-fiesta-del-futbol-asiatico\/#primaryimage","url":"https:\/\/i0.wp.com\/www.manquepierda.com\/futbolandia\/files\/2013\/07\/farhan-shakor-iraq.jpg?fit=640%2C480&ssl=1","contentUrl":"https:\/\/i0.wp.com\/www.manquepierda.com\/futbolandia\/files\/2013\/07\/farhan-shakor-iraq.jpg?fit=640%2C480&ssl=1","width":640,"height":480,"caption":"Irak, Corea del Sur y Uzbekist\u00e1n hacen historia en el Mundial Sub'20"},{"@type":"BreadcrumbList","@id":"https:\/\/www.manquepierda.com\/futbolandia\/mundial-sub20-y-llego-la-fiesta-del-futbol-asiatico\/#breadcrumb","itemListElement":[{"@type":"ListItem","position":1,"name":"Portada","item":"https:\/\/www.manquepierda.com\/futbolandia\/"},{"@type":"ListItem","position":2,"name":"Mundial Sub&#8217;20 &#8211; Y lleg\u00f3 la fiesta del f\u00fatbol asi\u00e1tico"}]},{"@type":"WebSite","@id":"https:\/\/www.manquepierda.com\/futbolandia\/#website","url":"https:\/\/www.manquepierda.com\/futbolandia\/","name":"Futbolandia","description":"Reportajes e informaci\u00f3n sobre f\u00fatbol mundial y j\u00f3venes promesas","potentialAction":[{"@type":"SearchAction","target":{"@type":"EntryPoint","urlTemplate":"https:\/\/www.manquepierda.com\/futbolandia\/?s={search_term_string}"},"query-input":{"@type":"PropertyValueSpecification","valueRequired":true,"valueName":"search_term_string"}}],"inLanguage":"es"},{"@type":"Person","@id":"https:\/\/www.manquepierda.com\/futbolandia\/#\/schema\/person\/fdb4eabc3c2e0e717a790a4ce10cd2b3","name":"Jorge M. Gonz\u00e1lez","image":{"@type":"ImageObject","inLanguage":"es","@id":"https:\/\/secure.gravatar.com\/avatar\/40fe62083e523c4134f75fb1d06ea73b4503d9162f3c6e89800e90f1bbd7f262?s=96&d=mm&r=g","url":"https:\/\/secure.gravatar.com\/avatar\/40fe62083e523c4134f75fb1d06ea73b4503d9162f3c6e89800e90f1bbd7f262?s=96&d=mm&r=g","contentUrl":"https:\/\/secure.gravatar.com\/avatar\/40fe62083e523c4134f75fb1d06ea73b4503d9162f3c6e89800e90f1bbd7f262?s=96&d=mm&r=g","caption":"Jorge M. Gonz\u00e1lez"},"description":"Apasionado del f\u00fatbol internacional y Social Media Manager. Me gusta seguir ligas extranjeras y a las j\u00f3venes promesas de todo el mundo. S\u00edgueme en twitter para compartir afici\u00f3n: @jorgegonex","sameAs":["http:\/\/manquepierda.com\/","https:\/\/x.com\/https:\/\/twitter.com\/jorgegonex","https:\/\/www.youtube.com\/user\/FutbolandiaMQP"],"url":"https:\/\/www.manquepierda.com\/futbolandia\/author\/jorgegonzalez\/"}]}},"jetpack_publicize_connections":[],"jetpack_featured_media_url":"https:\/\/i0.wp.com\/www.manquepierda.com\/futbolandia\/files\/2013\/07\/farhan-shakor-iraq.jpg?fit=640%2C480&ssl=1","jetpack_shortlink":"https:\/\/wp.me\/p1THIg-qI","jetpack_sharing_enabled":true,"_links":{"self":[{"href":"https:\/\/www.manquepierda.com\/futbolandia\/wp-json\/wp\/v2\/posts\/1656","targetHints":{"allow":["GET"]}}],"collection":[{"href":"https:\/\/www.manquepierda.com\/futbolandia\/wp-json\/wp\/v2\/posts"}],"about":[{"href":"https:\/\/www.manquepierda.com\/futbolandia\/wp-json\/wp\/v2\/types\/post"}],"author":[{"embeddable":true,"href":"https:\/\/www.manquepierda.com\/futbolandia\/wp-json\/wp\/v2\/users\/93"}],"replies":[{"embeddable":true,"href":"https:\/\/www.manquepierda.com\/futbolandia\/wp-json\/wp\/v2\/comments?post=1656"}],"version-history":[{"count":0,"href":"https:\/\/www.manquepierda.com\/futbolandia\/wp-json\/wp\/v2\/posts\/1656\/revisions"}],"wp:featuredmedia":[{"embeddable":true,"href":"https:\/\/www.manquepierda.com\/futbolandia\/wp-json\/wp\/v2\/media\/1761"}],"wp:attachment":[{"href":"https:\/\/www.manquepierda.com\/futbolandia\/wp-json\/wp\/v2\/media?parent=1656"}],"wp:term":[{"taxonomy":"category","embeddable":true,"href":"https:\/\/www.manquepierda.com\/futbolandia\/wp-json\/wp\/v2\/categories?post=1656"},{"taxonomy":"post_tag","embeddable":true,"href":"https:\/\/www.manquepierda.com\/futbolandia\/wp-json\/wp\/v2\/tags?post=1656"}],"curies":[{"name":"wp","href":"https:\/\/api.w.org\/{rel}","templated":true}]}}