{"id":1807,"date":"2013-07-10T20:58:06","date_gmt":"2013-07-10T18:58:06","guid":{"rendered":"http:\/\/www.manquepierda.com\/futbolandia\/?p=1807"},"modified":"2013-07-10T20:58:06","modified_gmt":"2013-07-10T18:58:06","slug":"el-norwich-ficha-a-un-portero-que-no-juega-desde-2004","status":"publish","type":"post","link":"https:\/\/www.manquepierda.com\/futbolandia\/el-norwich-ficha-a-un-portero-que-no-juega-desde-2004\/","title":{"rendered":"El Norwich ficha a un portero que no juega desde 2004"},"content":{"rendered":"<figure id=\"attachment_1809\" aria-describedby=\"caption-attachment-1809\" style=\"width: 300px\" class=\"wp-caption alignleft\"><a href=\"https:\/\/i0.wp.com\/www.manquepierda.com\/futbolandia\/files\/2013\/07\/Carlo-Nash.jpg\"><img data-recalc-dims=\"1\" loading=\"lazy\" decoding=\"async\" data-attachment-id=\"1809\" data-permalink=\"https:\/\/www.manquepierda.com\/futbolandia\/el-norwich-ficha-a-un-portero-que-no-juega-desde-2004\/carlo-nash\/\" data-orig-file=\"https:\/\/i0.wp.com\/www.manquepierda.com\/futbolandia\/files\/2013\/07\/Carlo-Nash.jpg?fit=624%2C351&amp;ssl=1\" data-orig-size=\"624,351\" data-comments-opened=\"1\" data-image-meta=\"{&quot;aperture&quot;:&quot;0&quot;,&quot;credit&quot;:&quot;&quot;,&quot;camera&quot;:&quot;&quot;,&quot;caption&quot;:&quot;&quot;,&quot;created_timestamp&quot;:&quot;0&quot;,&quot;copyright&quot;:&quot;&quot;,&quot;focal_length&quot;:&quot;0&quot;,&quot;iso&quot;:&quot;0&quot;,&quot;shutter_speed&quot;:&quot;0&quot;,&quot;title&quot;:&quot;&quot;}\" data-image-title=\"Carlo Nash\" data-image-description=\"\" data-image-caption=\"&lt;p&gt;Nash ha jugado un partido en las tres \u00faltimas temporadas&lt;\/p&gt;\n\" data-large-file=\"https:\/\/i0.wp.com\/www.manquepierda.com\/futbolandia\/files\/2013\/07\/Carlo-Nash.jpg?fit=624%2C351&amp;ssl=1\" class=\"size-medium wp-image-1809\" alt=\"Nash ha jugado un partido en las tres \u00faltimas temporadas\" src=\"https:\/\/i0.wp.com\/www.manquepierda.com\/futbolandia\/files\/2013\/07\/Carlo-Nash.jpg?resize=300%2C168\" width=\"300\" height=\"168\" srcset=\"https:\/\/i0.wp.com\/www.manquepierda.com\/futbolandia\/files\/2013\/07\/Carlo-Nash.jpg?resize=300%2C168&amp;ssl=1 300w, https:\/\/i0.wp.com\/www.manquepierda.com\/futbolandia\/files\/2013\/07\/Carlo-Nash.jpg?w=624&amp;ssl=1 624w\" sizes=\"auto, (max-width: 300px) 100vw, 300px\" \/><\/a><figcaption id=\"caption-attachment-1809\" class=\"wp-caption-text\">Nash ha jugado un partido en las tres \u00faltimas temporadas<\/figcaption><\/figure>\n<p>El veterano portero Carlo Nash (39 a\u00f1os) ha firmado un contrato por una temporada con el Norwich City<em>,<\/em>\u00a0que ya tiene a Bunn (28) y a Ruddy (26), por quien el club de Carrow Road lleg\u00f3 a rechazar hasta tres ofertas del Chelsea.<\/p>\n<p>Nash, que qued\u00f3 libre del Stoke City en junio, no juega un partido oficial en la Premier League desde la 2004-05, cuando particip\u00f3 en cuatro encuentros con el Middlesbrough. Con regularidad, no lo hace desde la 2006-07, cuando apareci\u00f3 en 31 ocasiones con el Preston North End en Championship. Con el Stoke ha jugado 11 partidos en cuatro temporadas. La primera, en la 2007-08, salt\u00f3 al verde en 10 ocasiones y lleg\u00f3 cedido del Wigan. El Stoke, por aquel entonces, estaba en Championship y los\u00a0<em>latics\u00a0<\/em>en Premier. El partido restante fue en la campa\u00f1a 2010-11, en la Copa de la Liga.<\/p>\n<p>Nash ha jugado 18 partidos de Premier League en 10 temporadas en la m\u00e1xima categor\u00eda del f\u00fatbol ingl\u00e9s. Ha pasado por Crystal Palace (Championship), Stockport County (Championship), Wolverhampton (Championship), Manchester City (Premier League y Championship), Middlesbrough (Premier League), Preston North End (Championship), Wigan (Premier League), Everton (Premier League) y Stoke (Premier League y Championship). Ahora, se abarca en la que probablemente sea su \u00faltima aventura en el mundo del f\u00fatbol\u2026y no parece que vaya a jugar demasiado.<\/p>\n","protected":false},"excerpt":{"rendered":"<p>El veterano portero Carlo Nash (39 a\u00f1os) ha firmado un contrato por una temporada con el Norwich City,\u00a0que ya tiene a Bunn (28) y a Ruddy (26), por quien el club de Carrow Road lleg\u00f3 a rechazar hasta tres ofertas del Chelsea. Nash, que qued\u00f3 libre del Stoke City en junio, no juega un partido&#8230;<\/p>\n","protected":false},"author":101,"featured_media":1809,"comment_status":"open","ping_status":"open","sticky":false,"template":"","format":"standard","meta":{"_kad_post_transparent":"","_kad_post_title":"","_kad_post_layout":"","_kad_post_sidebar_id":"","_kad_post_content_style":"","_kad_post_vertical_padding":"","_kad_post_feature":"","_kad_post_feature_position":"","_kad_post_header":false,"_kad_post_footer":false,"_kad_post_classname":"","_jetpack_memberships_contains_paid_content":false,"footnotes":"","jetpack_publicize_message":"","jetpack_publicize_feature_enabled":true,"jetpack_social_post_already_shared":true,"jetpack_social_options":{"image_generator_settings":{"template":"highway","default_image_id":0,"font":"","enabled":false},"version":2}},"categories":[3,10],"tags":[284,443],"class_list":["post-1807","post","type-post","status-publish","format-standard","has-post-thumbnail","hentry","category-mas-futbol","category-portada","tag-norwich","tag-premier"],"yoast_head":"<!-- This site is optimized with the Yoast SEO plugin v27.5 - https:\/\/yoast.com\/product\/yoast-seo-wordpress\/ -->\n<title>El Norwich ficha a un portero que no juega desde 2004 &#8211; Futbolandia<\/title>\n<meta name=\"robots\" content=\"index, follow, max-snippet:-1, max-image-preview:large, max-video-preview:-1\" \/>\n<link rel=\"canonical\" href=\"https:\/\/www.manquepierda.com\/futbolandia\/el-norwich-ficha-a-un-portero-que-no-juega-desde-2004\/\" \/>\n<meta property=\"og:locale\" content=\"es_ES\" \/>\n<meta property=\"og:type\" content=\"article\" \/>\n<meta property=\"og:title\" content=\"El Norwich ficha a un portero que no juega desde 2004 &#8211; Futbolandia\" \/>\n<meta property=\"og:description\" content=\"El veterano portero Carlo Nash (39 a\u00f1os) ha firmado un contrato por una temporada con el Norwich City,\u00a0que ya tiene a Bunn (28) y a Ruddy (26), por quien el club de Carrow Road lleg\u00f3 a rechazar hasta tres ofertas del Chelsea. Nash, que qued\u00f3 libre del Stoke City en junio, no juega un partido...\" \/>\n<meta property=\"og:url\" content=\"https:\/\/www.manquepierda.com\/futbolandia\/el-norwich-ficha-a-un-portero-que-no-juega-desde-2004\/\" \/>\n<meta property=\"og:site_name\" content=\"Futbolandia\" \/>\n<meta property=\"article:published_time\" content=\"2013-07-10T18:58:06+00:00\" \/>\n<meta property=\"og:image\" content=\"https:\/\/i0.wp.com\/www.manquepierda.com\/futbolandia\/files\/2013\/07\/Carlo-Nash.jpg?fit=624%2C351&ssl=1\" \/>\n\t<meta property=\"og:image:width\" content=\"624\" \/>\n\t<meta property=\"og:image:height\" content=\"351\" \/>\n\t<meta property=\"og:image:type\" content=\"image\/jpeg\" \/>\n<meta name=\"author\" content=\"Jes\u00fas Navarro Mayone\" \/>\n<meta name=\"twitter:label1\" content=\"Escrito por\" \/>\n\t<meta name=\"twitter:data1\" content=\"Jes\u00fas Navarro Mayone\" \/>\n\t<meta name=\"twitter:label2\" content=\"Tiempo de lectura\" \/>\n\t<meta name=\"twitter:data2\" content=\"1 minuto\" \/>\n<script type=\"application\/ld+json\" class=\"yoast-schema-graph\">{\"@context\":\"https:\\\/\\\/schema.org\",\"@graph\":[{\"@type\":\"Article\",\"@id\":\"https:\\\/\\\/www.manquepierda.com\\\/futbolandia\\\/el-norwich-ficha-a-un-portero-que-no-juega-desde-2004\\\/#article\",\"isPartOf\":{\"@id\":\"https:\\\/\\\/www.manquepierda.com\\\/futbolandia\\\/el-norwich-ficha-a-un-portero-que-no-juega-desde-2004\\\/\"},\"author\":{\"name\":\"Jes\u00fas Navarro Mayone\",\"@id\":\"https:\\\/\\\/www.manquepierda.com\\\/futbolandia\\\/#\\\/schema\\\/person\\\/7510ca26e398816c7d1853015c168c9a\"},\"headline\":\"El Norwich ficha a un portero que no juega desde 2004\",\"datePublished\":\"2013-07-10T18:58:06+00:00\",\"mainEntityOfPage\":{\"@id\":\"https:\\\/\\\/www.manquepierda.com\\\/futbolandia\\\/el-norwich-ficha-a-un-portero-que-no-juega-desde-2004\\\/\"},\"wordCount\":249,\"commentCount\":0,\"image\":{\"@id\":\"https:\\\/\\\/www.manquepierda.com\\\/futbolandia\\\/el-norwich-ficha-a-un-portero-que-no-juega-desde-2004\\\/#primaryimage\"},\"thumbnailUrl\":\"https:\\\/\\\/i0.wp.com\\\/www.manquepierda.com\\\/futbolandia\\\/files\\\/2013\\\/07\\\/Carlo-Nash.jpg?fit=624%2C351&ssl=1\",\"keywords\":[\"norwich\",\"Premier\"],\"articleSection\":[\"Mas f\u00fatbol\",\"Portada\"],\"inLanguage\":\"es\",\"potentialAction\":[{\"@type\":\"CommentAction\",\"name\":\"Comment\",\"target\":[\"https:\\\/\\\/www.manquepierda.com\\\/futbolandia\\\/el-norwich-ficha-a-un-portero-que-no-juega-desde-2004\\\/#respond\"]}]},{\"@type\":\"WebPage\",\"@id\":\"https:\\\/\\\/www.manquepierda.com\\\/futbolandia\\\/el-norwich-ficha-a-un-portero-que-no-juega-desde-2004\\\/\",\"url\":\"https:\\\/\\\/www.manquepierda.com\\\/futbolandia\\\/el-norwich-ficha-a-un-portero-que-no-juega-desde-2004\\\/\",\"name\":\"El Norwich ficha a un portero que no juega desde 2004 &#8211; Futbolandia\",\"isPartOf\":{\"@id\":\"https:\\\/\\\/www.manquepierda.com\\\/futbolandia\\\/#website\"},\"primaryImageOfPage\":{\"@id\":\"https:\\\/\\\/www.manquepierda.com\\\/futbolandia\\\/el-norwich-ficha-a-un-portero-que-no-juega-desde-2004\\\/#primaryimage\"},\"image\":{\"@id\":\"https:\\\/\\\/www.manquepierda.com\\\/futbolandia\\\/el-norwich-ficha-a-un-portero-que-no-juega-desde-2004\\\/#primaryimage\"},\"thumbnailUrl\":\"https:\\\/\\\/i0.wp.com\\\/www.manquepierda.com\\\/futbolandia\\\/files\\\/2013\\\/07\\\/Carlo-Nash.jpg?fit=624%2C351&ssl=1\",\"datePublished\":\"2013-07-10T18:58:06+00:00\",\"author\":{\"@id\":\"https:\\\/\\\/www.manquepierda.com\\\/futbolandia\\\/#\\\/schema\\\/person\\\/7510ca26e398816c7d1853015c168c9a\"},\"breadcrumb\":{\"@id\":\"https:\\\/\\\/www.manquepierda.com\\\/futbolandia\\\/el-norwich-ficha-a-un-portero-que-no-juega-desde-2004\\\/#breadcrumb\"},\"inLanguage\":\"es\",\"potentialAction\":[{\"@type\":\"ReadAction\",\"target\":[\"https:\\\/\\\/www.manquepierda.com\\\/futbolandia\\\/el-norwich-ficha-a-un-portero-que-no-juega-desde-2004\\\/\"]}]},{\"@type\":\"ImageObject\",\"inLanguage\":\"es\",\"@id\":\"https:\\\/\\\/www.manquepierda.com\\\/futbolandia\\\/el-norwich-ficha-a-un-portero-que-no-juega-desde-2004\\\/#primaryimage\",\"url\":\"https:\\\/\\\/i0.wp.com\\\/www.manquepierda.com\\\/futbolandia\\\/files\\\/2013\\\/07\\\/Carlo-Nash.jpg?fit=624%2C351&ssl=1\",\"contentUrl\":\"https:\\\/\\\/i0.wp.com\\\/www.manquepierda.com\\\/futbolandia\\\/files\\\/2013\\\/07\\\/Carlo-Nash.jpg?fit=624%2C351&ssl=1\",\"width\":624,\"height\":351,\"caption\":\"Nash ha jugado un partido en las tres \u00faltimas temporadas\"},{\"@type\":\"BreadcrumbList\",\"@id\":\"https:\\\/\\\/www.manquepierda.com\\\/futbolandia\\\/el-norwich-ficha-a-un-portero-que-no-juega-desde-2004\\\/#breadcrumb\",\"itemListElement\":[{\"@type\":\"ListItem\",\"position\":1,\"name\":\"Portada\",\"item\":\"https:\\\/\\\/www.manquepierda.com\\\/futbolandia\\\/\"},{\"@type\":\"ListItem\",\"position\":2,\"name\":\"El Norwich ficha a un portero que no juega desde 2004\"}]},{\"@type\":\"WebSite\",\"@id\":\"https:\\\/\\\/www.manquepierda.com\\\/futbolandia\\\/#website\",\"url\":\"https:\\\/\\\/www.manquepierda.com\\\/futbolandia\\\/\",\"name\":\"Futbolandia\",\"description\":\"Reportajes e informaci\u00f3n sobre f\u00fatbol mundial y j\u00f3venes promesas\",\"potentialAction\":[{\"@type\":\"SearchAction\",\"target\":{\"@type\":\"EntryPoint\",\"urlTemplate\":\"https:\\\/\\\/www.manquepierda.com\\\/futbolandia\\\/?s={search_term_string}\"},\"query-input\":{\"@type\":\"PropertyValueSpecification\",\"valueRequired\":true,\"valueName\":\"search_term_string\"}}],\"inLanguage\":\"es\"},{\"@type\":\"Person\",\"@id\":\"https:\\\/\\\/www.manquepierda.com\\\/futbolandia\\\/#\\\/schema\\\/person\\\/7510ca26e398816c7d1853015c168c9a\",\"name\":\"Jes\u00fas Navarro Mayone\",\"image\":{\"@type\":\"ImageObject\",\"inLanguage\":\"es\",\"@id\":\"https:\\\/\\\/secure.gravatar.com\\\/avatar\\\/1708b900c76cc7d38e7c29a416e482a7727846442c1adb21713059b50a33f63b?s=96&d=mm&r=g\",\"url\":\"https:\\\/\\\/secure.gravatar.com\\\/avatar\\\/1708b900c76cc7d38e7c29a416e482a7727846442c1adb21713059b50a33f63b?s=96&d=mm&r=g\",\"contentUrl\":\"https:\\\/\\\/secure.gravatar.com\\\/avatar\\\/1708b900c76cc7d38e7c29a416e482a7727846442c1adb21713059b50a33f63b?s=96&d=mm&r=g\",\"caption\":\"Jes\u00fas Navarro Mayone\"},\"description\":\"Crec\u00ed viendo a Inzaghi hacer goles. A Nesta cortando balones y a Mak\u00e9l\u00e9l\u00e9 barrer jugadas. A Caf\u00fa subiendo la banda y a Palermo rematando. Ahora intento escribir todo eso. Tambi\u00e9n en Twitter: @JesusNavarroM.\",\"url\":\"https:\\\/\\\/www.manquepierda.com\\\/futbolandia\\\/author\\\/jesusnavarro\\\/\"}]}<\/script>\n<!-- \/ Yoast SEO plugin. -->","yoast_head_json":{"title":"El Norwich ficha a un portero que no juega desde 2004 &#8211; Futbolandia","robots":{"index":"index","follow":"follow","max-snippet":"max-snippet:-1","max-image-preview":"max-image-preview:large","max-video-preview":"max-video-preview:-1"},"canonical":"https:\/\/www.manquepierda.com\/futbolandia\/el-norwich-ficha-a-un-portero-que-no-juega-desde-2004\/","og_locale":"es_ES","og_type":"article","og_title":"El Norwich ficha a un portero que no juega desde 2004 &#8211; Futbolandia","og_description":"El veterano portero Carlo Nash (39 a\u00f1os) ha firmado un contrato por una temporada con el Norwich City,\u00a0que ya tiene a Bunn (28) y a Ruddy (26), por quien el club de Carrow Road lleg\u00f3 a rechazar hasta tres ofertas del Chelsea. Nash, que qued\u00f3 libre del Stoke City en junio, no juega un partido...","og_url":"https:\/\/www.manquepierda.com\/futbolandia\/el-norwich-ficha-a-un-portero-que-no-juega-desde-2004\/","og_site_name":"Futbolandia","article_published_time":"2013-07-10T18:58:06+00:00","og_image":[{"width":624,"height":351,"url":"https:\/\/i0.wp.com\/www.manquepierda.com\/futbolandia\/files\/2013\/07\/Carlo-Nash.jpg?fit=624%2C351&ssl=1","type":"image\/jpeg"}],"author":"Jes\u00fas Navarro Mayone","twitter_misc":{"Escrito por":"Jes\u00fas Navarro Mayone","Tiempo de lectura":"1 minuto"},"schema":{"@context":"https:\/\/schema.org","@graph":[{"@type":"Article","@id":"https:\/\/www.manquepierda.com\/futbolandia\/el-norwich-ficha-a-un-portero-que-no-juega-desde-2004\/#article","isPartOf":{"@id":"https:\/\/www.manquepierda.com\/futbolandia\/el-norwich-ficha-a-un-portero-que-no-juega-desde-2004\/"},"author":{"name":"Jes\u00fas Navarro Mayone","@id":"https:\/\/www.manquepierda.com\/futbolandia\/#\/schema\/person\/7510ca26e398816c7d1853015c168c9a"},"headline":"El Norwich ficha a un portero que no juega desde 2004","datePublished":"2013-07-10T18:58:06+00:00","mainEntityOfPage":{"@id":"https:\/\/www.manquepierda.com\/futbolandia\/el-norwich-ficha-a-un-portero-que-no-juega-desde-2004\/"},"wordCount":249,"commentCount":0,"image":{"@id":"https:\/\/www.manquepierda.com\/futbolandia\/el-norwich-ficha-a-un-portero-que-no-juega-desde-2004\/#primaryimage"},"thumbnailUrl":"https:\/\/i0.wp.com\/www.manquepierda.com\/futbolandia\/files\/2013\/07\/Carlo-Nash.jpg?fit=624%2C351&ssl=1","keywords":["norwich","Premier"],"articleSection":["Mas f\u00fatbol","Portada"],"inLanguage":"es","potentialAction":[{"@type":"CommentAction","name":"Comment","target":["https:\/\/www.manquepierda.com\/futbolandia\/el-norwich-ficha-a-un-portero-que-no-juega-desde-2004\/#respond"]}]},{"@type":"WebPage","@id":"https:\/\/www.manquepierda.com\/futbolandia\/el-norwich-ficha-a-un-portero-que-no-juega-desde-2004\/","url":"https:\/\/www.manquepierda.com\/futbolandia\/el-norwich-ficha-a-un-portero-que-no-juega-desde-2004\/","name":"El Norwich ficha a un portero que no juega desde 2004 &#8211; Futbolandia","isPartOf":{"@id":"https:\/\/www.manquepierda.com\/futbolandia\/#website"},"primaryImageOfPage":{"@id":"https:\/\/www.manquepierda.com\/futbolandia\/el-norwich-ficha-a-un-portero-que-no-juega-desde-2004\/#primaryimage"},"image":{"@id":"https:\/\/www.manquepierda.com\/futbolandia\/el-norwich-ficha-a-un-portero-que-no-juega-desde-2004\/#primaryimage"},"thumbnailUrl":"https:\/\/i0.wp.com\/www.manquepierda.com\/futbolandia\/files\/2013\/07\/Carlo-Nash.jpg?fit=624%2C351&ssl=1","datePublished":"2013-07-10T18:58:06+00:00","author":{"@id":"https:\/\/www.manquepierda.com\/futbolandia\/#\/schema\/person\/7510ca26e398816c7d1853015c168c9a"},"breadcrumb":{"@id":"https:\/\/www.manquepierda.com\/futbolandia\/el-norwich-ficha-a-un-portero-que-no-juega-desde-2004\/#breadcrumb"},"inLanguage":"es","potentialAction":[{"@type":"ReadAction","target":["https:\/\/www.manquepierda.com\/futbolandia\/el-norwich-ficha-a-un-portero-que-no-juega-desde-2004\/"]}]},{"@type":"ImageObject","inLanguage":"es","@id":"https:\/\/www.manquepierda.com\/futbolandia\/el-norwich-ficha-a-un-portero-que-no-juega-desde-2004\/#primaryimage","url":"https:\/\/i0.wp.com\/www.manquepierda.com\/futbolandia\/files\/2013\/07\/Carlo-Nash.jpg?fit=624%2C351&ssl=1","contentUrl":"https:\/\/i0.wp.com\/www.manquepierda.com\/futbolandia\/files\/2013\/07\/Carlo-Nash.jpg?fit=624%2C351&ssl=1","width":624,"height":351,"caption":"Nash ha jugado un partido en las tres \u00faltimas temporadas"},{"@type":"BreadcrumbList","@id":"https:\/\/www.manquepierda.com\/futbolandia\/el-norwich-ficha-a-un-portero-que-no-juega-desde-2004\/#breadcrumb","itemListElement":[{"@type":"ListItem","position":1,"name":"Portada","item":"https:\/\/www.manquepierda.com\/futbolandia\/"},{"@type":"ListItem","position":2,"name":"El Norwich ficha a un portero que no juega desde 2004"}]},{"@type":"WebSite","@id":"https:\/\/www.manquepierda.com\/futbolandia\/#website","url":"https:\/\/www.manquepierda.com\/futbolandia\/","name":"Futbolandia","description":"Reportajes e informaci\u00f3n sobre f\u00fatbol mundial y j\u00f3venes promesas","potentialAction":[{"@type":"SearchAction","target":{"@type":"EntryPoint","urlTemplate":"https:\/\/www.manquepierda.com\/futbolandia\/?s={search_term_string}"},"query-input":{"@type":"PropertyValueSpecification","valueRequired":true,"valueName":"search_term_string"}}],"inLanguage":"es"},{"@type":"Person","@id":"https:\/\/www.manquepierda.com\/futbolandia\/#\/schema\/person\/7510ca26e398816c7d1853015c168c9a","name":"Jes\u00fas Navarro Mayone","image":{"@type":"ImageObject","inLanguage":"es","@id":"https:\/\/secure.gravatar.com\/avatar\/1708b900c76cc7d38e7c29a416e482a7727846442c1adb21713059b50a33f63b?s=96&d=mm&r=g","url":"https:\/\/secure.gravatar.com\/avatar\/1708b900c76cc7d38e7c29a416e482a7727846442c1adb21713059b50a33f63b?s=96&d=mm&r=g","contentUrl":"https:\/\/secure.gravatar.com\/avatar\/1708b900c76cc7d38e7c29a416e482a7727846442c1adb21713059b50a33f63b?s=96&d=mm&r=g","caption":"Jes\u00fas Navarro Mayone"},"description":"Crec\u00ed viendo a Inzaghi hacer goles. A Nesta cortando balones y a Mak\u00e9l\u00e9l\u00e9 barrer jugadas. A Caf\u00fa subiendo la banda y a Palermo rematando. Ahora intento escribir todo eso. Tambi\u00e9n en Twitter: @JesusNavarroM.","url":"https:\/\/www.manquepierda.com\/futbolandia\/author\/jesusnavarro\/"}]}},"jetpack_publicize_connections":[],"jetpack_featured_media_url":"https:\/\/i0.wp.com\/www.manquepierda.com\/futbolandia\/files\/2013\/07\/Carlo-Nash.jpg?fit=624%2C351&ssl=1","jetpack_shortlink":"https:\/\/wp.me\/p1THIg-t9","jetpack_sharing_enabled":true,"_links":{"self":[{"href":"https:\/\/www.manquepierda.com\/futbolandia\/wp-json\/wp\/v2\/posts\/1807","targetHints":{"allow":["GET"]}}],"collection":[{"href":"https:\/\/www.manquepierda.com\/futbolandia\/wp-json\/wp\/v2\/posts"}],"about":[{"href":"https:\/\/www.manquepierda.com\/futbolandia\/wp-json\/wp\/v2\/types\/post"}],"author":[{"embeddable":true,"href":"https:\/\/www.manquepierda.com\/futbolandia\/wp-json\/wp\/v2\/users\/101"}],"replies":[{"embeddable":true,"href":"https:\/\/www.manquepierda.com\/futbolandia\/wp-json\/wp\/v2\/comments?post=1807"}],"version-history":[{"count":0,"href":"https:\/\/www.manquepierda.com\/futbolandia\/wp-json\/wp\/v2\/posts\/1807\/revisions"}],"wp:featuredmedia":[{"embeddable":true,"href":"https:\/\/www.manquepierda.com\/futbolandia\/wp-json\/wp\/v2\/media\/1809"}],"wp:attachment":[{"href":"https:\/\/www.manquepierda.com\/futbolandia\/wp-json\/wp\/v2\/media?parent=1807"}],"wp:term":[{"taxonomy":"category","embeddable":true,"href":"https:\/\/www.manquepierda.com\/futbolandia\/wp-json\/wp\/v2\/categories?post=1807"},{"taxonomy":"post_tag","embeddable":true,"href":"https:\/\/www.manquepierda.com\/futbolandia\/wp-json\/wp\/v2\/tags?post=1807"}],"curies":[{"name":"wp","href":"https:\/\/api.w.org\/{rel}","templated":true}]}}