{"id":1822,"date":"2013-07-11T09:00:35","date_gmt":"2013-07-11T07:00:35","guid":{"rendered":"http:\/\/www.manquepierda.com\/futbolandia\/?p=1822"},"modified":"2013-07-11T13:08:23","modified_gmt":"2013-07-11T11:08:23","slug":"el-real-madrid-se-pasa-a-la-moda-premier-y-consumira-producto-nacional","status":"publish","type":"post","link":"https:\/\/www.manquepierda.com\/futbolandia\/el-real-madrid-se-pasa-a-la-moda-premier-y-consumira-producto-nacional\/","title":{"rendered":"El Real Madrid se pasa a la moda Premier y consumir\u00e1 producto nacional"},"content":{"rendered":"<figure id=\"attachment_1823\" aria-describedby=\"caption-attachment-1823\" style=\"width: 441px\" class=\"wp-caption alignleft\"><a href=\"https:\/\/i0.wp.com\/www.manquepierda.com\/futbolandia\/files\/2013\/07\/isco.jpg\"><img data-recalc-dims=\"1\" loading=\"lazy\" decoding=\"async\" data-attachment-id=\"1823\" data-permalink=\"https:\/\/www.manquepierda.com\/futbolandia\/el-real-madrid-se-pasa-a-la-moda-premier-y-consumira-producto-nacional\/isco\/\" data-orig-file=\"https:\/\/i0.wp.com\/www.manquepierda.com\/futbolandia\/files\/2013\/07\/isco.jpg?fit=630%2C354&amp;ssl=1\" data-orig-size=\"630,354\" data-comments-opened=\"1\" data-image-meta=\"{&quot;aperture&quot;:&quot;0&quot;,&quot;credit&quot;:&quot;&quot;,&quot;camera&quot;:&quot;&quot;,&quot;caption&quot;:&quot;&quot;,&quot;created_timestamp&quot;:&quot;0&quot;,&quot;copyright&quot;:&quot;&quot;,&quot;focal_length&quot;:&quot;0&quot;,&quot;iso&quot;:&quot;0&quot;,&quot;shutter_speed&quot;:&quot;0&quot;,&quot;title&quot;:&quot;&quot;}\" data-image-title=\"isco\" data-image-description=\"&lt;p&gt;Isco celebra un gol con la camiseta de la selecci\u00f3n&lt;\/p&gt;\n\" data-image-caption=\"&lt;p&gt;Isco celebra un gol con la camiseta de la selecci\u00f3n&lt;br \/&gt;\nFoto: eurosport&lt;\/p&gt;\n\" data-large-file=\"https:\/\/i0.wp.com\/www.manquepierda.com\/futbolandia\/files\/2013\/07\/isco.jpg?fit=630%2C354&amp;ssl=1\" class=\" wp-image-1823 \" alt=\"Isco celebra un gol con la camiseta de la selecci\u00f3n\" src=\"https:\/\/i0.wp.com\/www.manquepierda.com\/futbolandia\/files\/2013\/07\/isco.jpg?resize=441%2C248\" width=\"441\" height=\"248\" srcset=\"https:\/\/i0.wp.com\/www.manquepierda.com\/futbolandia\/files\/2013\/07\/isco.jpg?w=630&amp;ssl=1 630w, https:\/\/i0.wp.com\/www.manquepierda.com\/futbolandia\/files\/2013\/07\/isco.jpg?resize=300%2C168&amp;ssl=1 300w\" sizes=\"auto, (max-width: 441px) 100vw, 441px\" \/><\/a><figcaption id=\"caption-attachment-1823\" class=\"wp-caption-text\">Isco celebra un gol con la camiseta de la selecci\u00f3n<br \/>Foto: eurosport<\/figcaption><\/figure>\n<p>Es curioso, muy curioso, como las dudas hacen que en el f\u00fatbol te lo replantees todo y acabes buscando justo lo contrario a lo que no te funcion\u00f3. La 2012\/2013 comenzaba con dos filosof\u00edas totalmente contrapuestas entre los clubes m\u00e1s grandes de Espa\u00f1a. Por un lado estaba el FC Barcelona, con una apuesta totalmente enfocada a la cantera y con la Mas\u00eda como n\u00facleo del proyecto. Los prometedores Tello, Cuenca, Thiago y compa\u00f1\u00eda promet\u00edan d\u00edas de gloria a \u00abcoste cero\u00bb en can bar\u00e7a. <strong>En el otro extremos estaba el Real Madrid de Mourinho, que solo miraba a la cantera de reojo y en pretemporada, basando su proyecto en el talonario<\/strong> y buscando jugadores en el extranjero, con fichajes como Coentrao o Modric.<\/p>\n<p>Mientras tantos, el a\u00f1o pasado en Inglaterra, animados por el rendimiento de jugadores como David Silva, Fernando Torres, Juan Mata o Mikel Arteta, volv\u00edan a probar suerte en el mercado espa\u00f1ol con fichajes como el de Santi Cazorla, De Gea, Michu o m\u00e1s tarde Monreal. Acciones que este a\u00f1o han llegado a su m\u00e1xima extensi\u00f3n. El f\u00fatbol espa\u00f1ol est\u00e1 de enhorabuena en categor\u00edas inferiores y goza de buena salud, como demuestra el \u00faltimo Europeo Sub&#8217;21 conquistado o la llegada a cuartos del Mundial Sub&#8217;20 de la rojita. <strong>Los equipos ingleses se han apresurado a fichar en Espa\u00f1a y es por eso que los fichajes de jugadores espa\u00f1oles por equipos de la Premier League ha crecido ostensiblemente.<\/strong> Hemos visto la llegada a Gran Breta\u00f1a de Marc Muniesa &#8211;<a href=\"http:\/\/www.manquepierda.com\/futbolandia\/entrevista-a-marc-muniesa\/\" target=\"_blank\"><strong>a qui\u00e9n entrevistamos ayer en futbolandia<\/strong><\/a>-, Gerard Deulofeu, Adri\u00e1n, Ca\u00f1as o Pozuelo del Betis, Iago Aspas del Celta o Jes\u00fas Navas y quiz\u00e1s Negredo del Sevilla entre otros.<\/p>\n<p>El FC Barcelona recibi\u00f3 un serio correctivo en Champions League ante el Bayern de M\u00fcnich y<a href=\"http:\/\/www.manquepierda.com\/futbolandia\/la-masia-se-difumina\/\" target=\"_blank\"><strong> esa pol\u00edtica de cantera ha quedado en agua de borrajas<\/strong>.<\/a> Los refuerzos ahora pasan por hacer importantes desembolsos y los canteranos han dejado de tener hueco en el primer equipo. En el Real Madrid ha pasado lo contrario. Sigue aprovechando su potencial econ\u00f3mico para fichar a grandes futbolistas pero ha cambiado el punto de mira, y al igual que hacen en la Premier, miran ahora hacia el producto nacional adem\u00e1s de mirar m\u00e1s detenidamente las opciones que tiene en la cantera.<\/p>\n<p><strong>De esta forma el enfoque, aunque siguen sonando contrastados jugadores como Gareth Bale o Luis Su\u00e1rez, cambia y ahora el objetivo es hacerse con el futuro del f\u00fatbol espa\u00f1ol.<\/strong> Fruto de ello se ha hecho ya con dos campeones del pasado Europeo Sub&#8217;21, Isco, fichaje estrella hasta el momento, y Carvajal, un hijo pr\u00f3digo que vuelve a casa. Adem\u00e1s el pr\u00f3ximo gran fichaje ser\u00e1 otra perla nacional, m\u00e1s concretamente Asier Illarramendi, pilar b\u00e1sico en la rojita que sali\u00f3 campeona en Israel y en esta Real Sociedad de Champions League.<\/p>\n<p>Por si esto fuera poco, el equipo de Ancelotti promete, al menos en principio, contar m\u00e1s con los jugadores del Real Madrid Castilla con proyecci\u00f3n, tales como Nacho, que ya lleva a\u00f1os pidiendo la oportunidad, Morata, que ha mostrado un gran nivel, Jes\u00e9 Rodr\u00edguez que es una de las mayores perlas de la cantera blanca o Casemiro, que lleg\u00f3 procedente del Sao Paulo en el mercado invernal.<\/p>\n<p>Ahora solo nos queda saber si esa declaraci\u00f3n de intenciones se traduce en confianza o solo es un gesto de cara a la galer\u00eda que queda en nada de la mano de Carlo Ancelotti. <strong>Este Real Madrid promete, somos muchos los que pedimos m\u00e1s confianza en el mercado nacional y lo mejor es que el proyecto es claramente pensando en el futuro. \u00bfQu\u00e9 te parece este cambio de mentalidad?<\/strong><\/p>\n<p>&nbsp;<\/p>\n","protected":false},"excerpt":{"rendered":"<p>Es curioso, muy curioso, como las dudas hacen que en el f\u00fatbol te lo replantees todo y acabes buscando justo lo contrario a lo que no te funcion\u00f3. La 2012\/2013 comenzaba con dos filosof\u00edas totalmente contrapuestas entre los clubes m\u00e1s grandes de Espa\u00f1a. Por un lado estaba el FC Barcelona, con una apuesta totalmente enfocada&#8230;<\/p>\n","protected":false},"author":93,"featured_media":1823,"comment_status":"open","ping_status":"open","sticky":false,"template":"","format":"standard","meta":{"_kad_post_transparent":"","_kad_post_title":"","_kad_post_layout":"","_kad_post_sidebar_id":"","_kad_post_content_style":"","_kad_post_vertical_padding":"","_kad_post_feature":"","_kad_post_feature_position":"","_kad_post_header":false,"_kad_post_footer":false,"_kad_post_classname":"","_jetpack_memberships_contains_paid_content":false,"footnotes":"","jetpack_publicize_message":"","jetpack_publicize_feature_enabled":true,"jetpack_social_post_already_shared":true,"jetpack_social_options":{"image_generator_settings":{"template":"highway","default_image_id":0,"font":"","enabled":false},"version":2}},"categories":[1,10],"tags":[613,564,610,609,612,611],"class_list":["post-1822","post","type-post","status-publish","format-standard","has-post-thumbnail","hentry","category-liga-bbva-futbol-espanol","category-portada","tag-cantera","tag-fichajes","tag-illarramendi","tag-isco","tag-madrid","tag-real"],"yoast_head":"<!-- This site is optimized with the Yoast SEO plugin v27.5 - https:\/\/yoast.com\/product\/yoast-seo-wordpress\/ -->\n<title>El Real Madrid se pasa a la moda Premier y consumir\u00e1 producto nacional &#8211; Futbolandia<\/title>\n<meta name=\"robots\" content=\"index, follow, max-snippet:-1, max-image-preview:large, max-video-preview:-1\" \/>\n<link rel=\"canonical\" href=\"https:\/\/www.manquepierda.com\/futbolandia\/el-real-madrid-se-pasa-a-la-moda-premier-y-consumira-producto-nacional\/\" \/>\n<meta property=\"og:locale\" content=\"es_ES\" \/>\n<meta property=\"og:type\" content=\"article\" \/>\n<meta property=\"og:title\" content=\"El Real Madrid se pasa a la moda Premier y consumir\u00e1 producto nacional &#8211; Futbolandia\" \/>\n<meta property=\"og:description\" content=\"Es curioso, muy curioso, como las dudas hacen que en el f\u00fatbol te lo replantees todo y acabes buscando justo lo contrario a lo que no te funcion\u00f3. La 2012\/2013 comenzaba con dos filosof\u00edas totalmente contrapuestas entre los clubes m\u00e1s grandes de Espa\u00f1a. Por un lado estaba el FC Barcelona, con una apuesta totalmente enfocada...\" \/>\n<meta property=\"og:url\" content=\"https:\/\/www.manquepierda.com\/futbolandia\/el-real-madrid-se-pasa-a-la-moda-premier-y-consumira-producto-nacional\/\" \/>\n<meta property=\"og:site_name\" content=\"Futbolandia\" \/>\n<meta property=\"article:published_time\" content=\"2013-07-11T07:00:35+00:00\" \/>\n<meta property=\"article:modified_time\" content=\"2013-07-11T11:08:23+00:00\" \/>\n<meta property=\"og:image\" content=\"https:\/\/i0.wp.com\/www.manquepierda.com\/futbolandia\/files\/2013\/07\/isco.jpg?fit=630%2C354&ssl=1\" \/>\n\t<meta property=\"og:image:width\" content=\"630\" \/>\n\t<meta property=\"og:image:height\" content=\"354\" \/>\n\t<meta property=\"og:image:type\" content=\"image\/jpeg\" \/>\n<meta name=\"author\" content=\"Jorge M. Gonz\u00e1lez\" \/>\n<meta name=\"twitter:label1\" content=\"Escrito por\" \/>\n\t<meta name=\"twitter:data1\" content=\"Jorge M. Gonz\u00e1lez\" \/>\n\t<meta name=\"twitter:label2\" content=\"Tiempo de lectura\" \/>\n\t<meta name=\"twitter:data2\" content=\"3 minutos\" \/>\n<script type=\"application\/ld+json\" class=\"yoast-schema-graph\">{\"@context\":\"https:\\\/\\\/schema.org\",\"@graph\":[{\"@type\":\"Article\",\"@id\":\"https:\\\/\\\/www.manquepierda.com\\\/futbolandia\\\/el-real-madrid-se-pasa-a-la-moda-premier-y-consumira-producto-nacional\\\/#article\",\"isPartOf\":{\"@id\":\"https:\\\/\\\/www.manquepierda.com\\\/futbolandia\\\/el-real-madrid-se-pasa-a-la-moda-premier-y-consumira-producto-nacional\\\/\"},\"author\":{\"name\":\"Jorge M. Gonz\u00e1lez\",\"@id\":\"https:\\\/\\\/www.manquepierda.com\\\/futbolandia\\\/#\\\/schema\\\/person\\\/fdb4eabc3c2e0e717a790a4ce10cd2b3\"},\"headline\":\"El Real Madrid se pasa a la moda Premier y consumir\u00e1 producto nacional\",\"datePublished\":\"2013-07-11T07:00:35+00:00\",\"dateModified\":\"2013-07-11T11:08:23+00:00\",\"mainEntityOfPage\":{\"@id\":\"https:\\\/\\\/www.manquepierda.com\\\/futbolandia\\\/el-real-madrid-se-pasa-a-la-moda-premier-y-consumira-producto-nacional\\\/\"},\"wordCount\":680,\"commentCount\":0,\"image\":{\"@id\":\"https:\\\/\\\/www.manquepierda.com\\\/futbolandia\\\/el-real-madrid-se-pasa-a-la-moda-premier-y-consumira-producto-nacional\\\/#primaryimage\"},\"thumbnailUrl\":\"https:\\\/\\\/i0.wp.com\\\/www.manquepierda.com\\\/futbolandia\\\/files\\\/2013\\\/07\\\/isco.jpg?fit=630%2C354&ssl=1\",\"keywords\":[\"cantera\",\"fichajes\",\"illarramendi\",\"isco\",\"madrid\",\"real\"],\"articleSection\":[\"Liga BBVA - F\u00fatbol Espa\u00f1ol\",\"Portada\"],\"inLanguage\":\"es\",\"potentialAction\":[{\"@type\":\"CommentAction\",\"name\":\"Comment\",\"target\":[\"https:\\\/\\\/www.manquepierda.com\\\/futbolandia\\\/el-real-madrid-se-pasa-a-la-moda-premier-y-consumira-producto-nacional\\\/#respond\"]}]},{\"@type\":\"WebPage\",\"@id\":\"https:\\\/\\\/www.manquepierda.com\\\/futbolandia\\\/el-real-madrid-se-pasa-a-la-moda-premier-y-consumira-producto-nacional\\\/\",\"url\":\"https:\\\/\\\/www.manquepierda.com\\\/futbolandia\\\/el-real-madrid-se-pasa-a-la-moda-premier-y-consumira-producto-nacional\\\/\",\"name\":\"El Real Madrid se pasa a la moda Premier y consumir\u00e1 producto nacional &#8211; Futbolandia\",\"isPartOf\":{\"@id\":\"https:\\\/\\\/www.manquepierda.com\\\/futbolandia\\\/#website\"},\"primaryImageOfPage\":{\"@id\":\"https:\\\/\\\/www.manquepierda.com\\\/futbolandia\\\/el-real-madrid-se-pasa-a-la-moda-premier-y-consumira-producto-nacional\\\/#primaryimage\"},\"image\":{\"@id\":\"https:\\\/\\\/www.manquepierda.com\\\/futbolandia\\\/el-real-madrid-se-pasa-a-la-moda-premier-y-consumira-producto-nacional\\\/#primaryimage\"},\"thumbnailUrl\":\"https:\\\/\\\/i0.wp.com\\\/www.manquepierda.com\\\/futbolandia\\\/files\\\/2013\\\/07\\\/isco.jpg?fit=630%2C354&ssl=1\",\"datePublished\":\"2013-07-11T07:00:35+00:00\",\"dateModified\":\"2013-07-11T11:08:23+00:00\",\"author\":{\"@id\":\"https:\\\/\\\/www.manquepierda.com\\\/futbolandia\\\/#\\\/schema\\\/person\\\/fdb4eabc3c2e0e717a790a4ce10cd2b3\"},\"breadcrumb\":{\"@id\":\"https:\\\/\\\/www.manquepierda.com\\\/futbolandia\\\/el-real-madrid-se-pasa-a-la-moda-premier-y-consumira-producto-nacional\\\/#breadcrumb\"},\"inLanguage\":\"es\",\"potentialAction\":[{\"@type\":\"ReadAction\",\"target\":[\"https:\\\/\\\/www.manquepierda.com\\\/futbolandia\\\/el-real-madrid-se-pasa-a-la-moda-premier-y-consumira-producto-nacional\\\/\"]}]},{\"@type\":\"ImageObject\",\"inLanguage\":\"es\",\"@id\":\"https:\\\/\\\/www.manquepierda.com\\\/futbolandia\\\/el-real-madrid-se-pasa-a-la-moda-premier-y-consumira-producto-nacional\\\/#primaryimage\",\"url\":\"https:\\\/\\\/i0.wp.com\\\/www.manquepierda.com\\\/futbolandia\\\/files\\\/2013\\\/07\\\/isco.jpg?fit=630%2C354&ssl=1\",\"contentUrl\":\"https:\\\/\\\/i0.wp.com\\\/www.manquepierda.com\\\/futbolandia\\\/files\\\/2013\\\/07\\\/isco.jpg?fit=630%2C354&ssl=1\",\"width\":630,\"height\":354,\"caption\":\"Isco celebra un gol con la camiseta de la selecci\u00f3n Foto: eurosport\"},{\"@type\":\"BreadcrumbList\",\"@id\":\"https:\\\/\\\/www.manquepierda.com\\\/futbolandia\\\/el-real-madrid-se-pasa-a-la-moda-premier-y-consumira-producto-nacional\\\/#breadcrumb\",\"itemListElement\":[{\"@type\":\"ListItem\",\"position\":1,\"name\":\"Portada\",\"item\":\"https:\\\/\\\/www.manquepierda.com\\\/futbolandia\\\/\"},{\"@type\":\"ListItem\",\"position\":2,\"name\":\"El Real Madrid se pasa a la moda Premier y consumir\u00e1 producto nacional\"}]},{\"@type\":\"WebSite\",\"@id\":\"https:\\\/\\\/www.manquepierda.com\\\/futbolandia\\\/#website\",\"url\":\"https:\\\/\\\/www.manquepierda.com\\\/futbolandia\\\/\",\"name\":\"Futbolandia\",\"description\":\"Reportajes e informaci\u00f3n sobre f\u00fatbol mundial y j\u00f3venes promesas\",\"potentialAction\":[{\"@type\":\"SearchAction\",\"target\":{\"@type\":\"EntryPoint\",\"urlTemplate\":\"https:\\\/\\\/www.manquepierda.com\\\/futbolandia\\\/?s={search_term_string}\"},\"query-input\":{\"@type\":\"PropertyValueSpecification\",\"valueRequired\":true,\"valueName\":\"search_term_string\"}}],\"inLanguage\":\"es\"},{\"@type\":\"Person\",\"@id\":\"https:\\\/\\\/www.manquepierda.com\\\/futbolandia\\\/#\\\/schema\\\/person\\\/fdb4eabc3c2e0e717a790a4ce10cd2b3\",\"name\":\"Jorge M. Gonz\u00e1lez\",\"image\":{\"@type\":\"ImageObject\",\"inLanguage\":\"es\",\"@id\":\"https:\\\/\\\/secure.gravatar.com\\\/avatar\\\/40fe62083e523c4134f75fb1d06ea73b4503d9162f3c6e89800e90f1bbd7f262?s=96&d=mm&r=g\",\"url\":\"https:\\\/\\\/secure.gravatar.com\\\/avatar\\\/40fe62083e523c4134f75fb1d06ea73b4503d9162f3c6e89800e90f1bbd7f262?s=96&d=mm&r=g\",\"contentUrl\":\"https:\\\/\\\/secure.gravatar.com\\\/avatar\\\/40fe62083e523c4134f75fb1d06ea73b4503d9162f3c6e89800e90f1bbd7f262?s=96&d=mm&r=g\",\"caption\":\"Jorge M. Gonz\u00e1lez\"},\"description\":\"Apasionado del f\u00fatbol internacional y Social Media Manager. Me gusta seguir ligas extranjeras y a las j\u00f3venes promesas de todo el mundo. S\u00edgueme en twitter para compartir afici\u00f3n: @jorgegonex\",\"sameAs\":[\"http:\\\/\\\/manquepierda.com\\\/\",\"https:\\\/\\\/x.com\\\/https:\\\/\\\/twitter.com\\\/jorgegonex\",\"https:\\\/\\\/www.youtube.com\\\/user\\\/FutbolandiaMQP\"],\"url\":\"https:\\\/\\\/www.manquepierda.com\\\/futbolandia\\\/author\\\/jorgegonzalez\\\/\"}]}<\/script>\n<!-- \/ Yoast SEO plugin. -->","yoast_head_json":{"title":"El Real Madrid se pasa a la moda Premier y consumir\u00e1 producto nacional &#8211; Futbolandia","robots":{"index":"index","follow":"follow","max-snippet":"max-snippet:-1","max-image-preview":"max-image-preview:large","max-video-preview":"max-video-preview:-1"},"canonical":"https:\/\/www.manquepierda.com\/futbolandia\/el-real-madrid-se-pasa-a-la-moda-premier-y-consumira-producto-nacional\/","og_locale":"es_ES","og_type":"article","og_title":"El Real Madrid se pasa a la moda Premier y consumir\u00e1 producto nacional &#8211; Futbolandia","og_description":"Es curioso, muy curioso, como las dudas hacen que en el f\u00fatbol te lo replantees todo y acabes buscando justo lo contrario a lo que no te funcion\u00f3. La 2012\/2013 comenzaba con dos filosof\u00edas totalmente contrapuestas entre los clubes m\u00e1s grandes de Espa\u00f1a. Por un lado estaba el FC Barcelona, con una apuesta totalmente enfocada...","og_url":"https:\/\/www.manquepierda.com\/futbolandia\/el-real-madrid-se-pasa-a-la-moda-premier-y-consumira-producto-nacional\/","og_site_name":"Futbolandia","article_published_time":"2013-07-11T07:00:35+00:00","article_modified_time":"2013-07-11T11:08:23+00:00","og_image":[{"width":630,"height":354,"url":"https:\/\/i0.wp.com\/www.manquepierda.com\/futbolandia\/files\/2013\/07\/isco.jpg?fit=630%2C354&ssl=1","type":"image\/jpeg"}],"author":"Jorge M. Gonz\u00e1lez","twitter_misc":{"Escrito por":"Jorge M. Gonz\u00e1lez","Tiempo de lectura":"3 minutos"},"schema":{"@context":"https:\/\/schema.org","@graph":[{"@type":"Article","@id":"https:\/\/www.manquepierda.com\/futbolandia\/el-real-madrid-se-pasa-a-la-moda-premier-y-consumira-producto-nacional\/#article","isPartOf":{"@id":"https:\/\/www.manquepierda.com\/futbolandia\/el-real-madrid-se-pasa-a-la-moda-premier-y-consumira-producto-nacional\/"},"author":{"name":"Jorge M. Gonz\u00e1lez","@id":"https:\/\/www.manquepierda.com\/futbolandia\/#\/schema\/person\/fdb4eabc3c2e0e717a790a4ce10cd2b3"},"headline":"El Real Madrid se pasa a la moda Premier y consumir\u00e1 producto nacional","datePublished":"2013-07-11T07:00:35+00:00","dateModified":"2013-07-11T11:08:23+00:00","mainEntityOfPage":{"@id":"https:\/\/www.manquepierda.com\/futbolandia\/el-real-madrid-se-pasa-a-la-moda-premier-y-consumira-producto-nacional\/"},"wordCount":680,"commentCount":0,"image":{"@id":"https:\/\/www.manquepierda.com\/futbolandia\/el-real-madrid-se-pasa-a-la-moda-premier-y-consumira-producto-nacional\/#primaryimage"},"thumbnailUrl":"https:\/\/i0.wp.com\/www.manquepierda.com\/futbolandia\/files\/2013\/07\/isco.jpg?fit=630%2C354&ssl=1","keywords":["cantera","fichajes","illarramendi","isco","madrid","real"],"articleSection":["Liga BBVA - F\u00fatbol Espa\u00f1ol","Portada"],"inLanguage":"es","potentialAction":[{"@type":"CommentAction","name":"Comment","target":["https:\/\/www.manquepierda.com\/futbolandia\/el-real-madrid-se-pasa-a-la-moda-premier-y-consumira-producto-nacional\/#respond"]}]},{"@type":"WebPage","@id":"https:\/\/www.manquepierda.com\/futbolandia\/el-real-madrid-se-pasa-a-la-moda-premier-y-consumira-producto-nacional\/","url":"https:\/\/www.manquepierda.com\/futbolandia\/el-real-madrid-se-pasa-a-la-moda-premier-y-consumira-producto-nacional\/","name":"El Real Madrid se pasa a la moda Premier y consumir\u00e1 producto nacional &#8211; Futbolandia","isPartOf":{"@id":"https:\/\/www.manquepierda.com\/futbolandia\/#website"},"primaryImageOfPage":{"@id":"https:\/\/www.manquepierda.com\/futbolandia\/el-real-madrid-se-pasa-a-la-moda-premier-y-consumira-producto-nacional\/#primaryimage"},"image":{"@id":"https:\/\/www.manquepierda.com\/futbolandia\/el-real-madrid-se-pasa-a-la-moda-premier-y-consumira-producto-nacional\/#primaryimage"},"thumbnailUrl":"https:\/\/i0.wp.com\/www.manquepierda.com\/futbolandia\/files\/2013\/07\/isco.jpg?fit=630%2C354&ssl=1","datePublished":"2013-07-11T07:00:35+00:00","dateModified":"2013-07-11T11:08:23+00:00","author":{"@id":"https:\/\/www.manquepierda.com\/futbolandia\/#\/schema\/person\/fdb4eabc3c2e0e717a790a4ce10cd2b3"},"breadcrumb":{"@id":"https:\/\/www.manquepierda.com\/futbolandia\/el-real-madrid-se-pasa-a-la-moda-premier-y-consumira-producto-nacional\/#breadcrumb"},"inLanguage":"es","potentialAction":[{"@type":"ReadAction","target":["https:\/\/www.manquepierda.com\/futbolandia\/el-real-madrid-se-pasa-a-la-moda-premier-y-consumira-producto-nacional\/"]}]},{"@type":"ImageObject","inLanguage":"es","@id":"https:\/\/www.manquepierda.com\/futbolandia\/el-real-madrid-se-pasa-a-la-moda-premier-y-consumira-producto-nacional\/#primaryimage","url":"https:\/\/i0.wp.com\/www.manquepierda.com\/futbolandia\/files\/2013\/07\/isco.jpg?fit=630%2C354&ssl=1","contentUrl":"https:\/\/i0.wp.com\/www.manquepierda.com\/futbolandia\/files\/2013\/07\/isco.jpg?fit=630%2C354&ssl=1","width":630,"height":354,"caption":"Isco celebra un gol con la camiseta de la selecci\u00f3n Foto: eurosport"},{"@type":"BreadcrumbList","@id":"https:\/\/www.manquepierda.com\/futbolandia\/el-real-madrid-se-pasa-a-la-moda-premier-y-consumira-producto-nacional\/#breadcrumb","itemListElement":[{"@type":"ListItem","position":1,"name":"Portada","item":"https:\/\/www.manquepierda.com\/futbolandia\/"},{"@type":"ListItem","position":2,"name":"El Real Madrid se pasa a la moda Premier y consumir\u00e1 producto nacional"}]},{"@type":"WebSite","@id":"https:\/\/www.manquepierda.com\/futbolandia\/#website","url":"https:\/\/www.manquepierda.com\/futbolandia\/","name":"Futbolandia","description":"Reportajes e informaci\u00f3n sobre f\u00fatbol mundial y j\u00f3venes promesas","potentialAction":[{"@type":"SearchAction","target":{"@type":"EntryPoint","urlTemplate":"https:\/\/www.manquepierda.com\/futbolandia\/?s={search_term_string}"},"query-input":{"@type":"PropertyValueSpecification","valueRequired":true,"valueName":"search_term_string"}}],"inLanguage":"es"},{"@type":"Person","@id":"https:\/\/www.manquepierda.com\/futbolandia\/#\/schema\/person\/fdb4eabc3c2e0e717a790a4ce10cd2b3","name":"Jorge M. Gonz\u00e1lez","image":{"@type":"ImageObject","inLanguage":"es","@id":"https:\/\/secure.gravatar.com\/avatar\/40fe62083e523c4134f75fb1d06ea73b4503d9162f3c6e89800e90f1bbd7f262?s=96&d=mm&r=g","url":"https:\/\/secure.gravatar.com\/avatar\/40fe62083e523c4134f75fb1d06ea73b4503d9162f3c6e89800e90f1bbd7f262?s=96&d=mm&r=g","contentUrl":"https:\/\/secure.gravatar.com\/avatar\/40fe62083e523c4134f75fb1d06ea73b4503d9162f3c6e89800e90f1bbd7f262?s=96&d=mm&r=g","caption":"Jorge M. Gonz\u00e1lez"},"description":"Apasionado del f\u00fatbol internacional y Social Media Manager. Me gusta seguir ligas extranjeras y a las j\u00f3venes promesas de todo el mundo. S\u00edgueme en twitter para compartir afici\u00f3n: @jorgegonex","sameAs":["http:\/\/manquepierda.com\/","https:\/\/x.com\/https:\/\/twitter.com\/jorgegonex","https:\/\/www.youtube.com\/user\/FutbolandiaMQP"],"url":"https:\/\/www.manquepierda.com\/futbolandia\/author\/jorgegonzalez\/"}]}},"jetpack_publicize_connections":[],"jetpack_featured_media_url":"https:\/\/i0.wp.com\/www.manquepierda.com\/futbolandia\/files\/2013\/07\/isco.jpg?fit=630%2C354&ssl=1","jetpack_shortlink":"https:\/\/wp.me\/p1THIg-to","jetpack_sharing_enabled":true,"_links":{"self":[{"href":"https:\/\/www.manquepierda.com\/futbolandia\/wp-json\/wp\/v2\/posts\/1822","targetHints":{"allow":["GET"]}}],"collection":[{"href":"https:\/\/www.manquepierda.com\/futbolandia\/wp-json\/wp\/v2\/posts"}],"about":[{"href":"https:\/\/www.manquepierda.com\/futbolandia\/wp-json\/wp\/v2\/types\/post"}],"author":[{"embeddable":true,"href":"https:\/\/www.manquepierda.com\/futbolandia\/wp-json\/wp\/v2\/users\/93"}],"replies":[{"embeddable":true,"href":"https:\/\/www.manquepierda.com\/futbolandia\/wp-json\/wp\/v2\/comments?post=1822"}],"version-history":[{"count":0,"href":"https:\/\/www.manquepierda.com\/futbolandia\/wp-json\/wp\/v2\/posts\/1822\/revisions"}],"wp:featuredmedia":[{"embeddable":true,"href":"https:\/\/www.manquepierda.com\/futbolandia\/wp-json\/wp\/v2\/media\/1823"}],"wp:attachment":[{"href":"https:\/\/www.manquepierda.com\/futbolandia\/wp-json\/wp\/v2\/media?parent=1822"}],"wp:term":[{"taxonomy":"category","embeddable":true,"href":"https:\/\/www.manquepierda.com\/futbolandia\/wp-json\/wp\/v2\/categories?post=1822"},{"taxonomy":"post_tag","embeddable":true,"href":"https:\/\/www.manquepierda.com\/futbolandia\/wp-json\/wp\/v2\/tags?post=1822"}],"curies":[{"name":"wp","href":"https:\/\/api.w.org\/{rel}","templated":true}]}}