{"id":1862,"date":"2013-07-15T11:46:27","date_gmt":"2013-07-15T09:46:27","guid":{"rendered":"http:\/\/www.manquepierda.com\/futbolandia\/?p=1862"},"modified":"2013-07-15T11:46:27","modified_gmt":"2013-07-15T09:46:27","slug":"mundial-sub20-este-es-el-once-ideal-del-torneo-para-futbolandia","status":"publish","type":"post","link":"https:\/\/www.manquepierda.com\/futbolandia\/mundial-sub20-este-es-el-once-ideal-del-torneo-para-futbolandia\/","title":{"rendered":"Mundial Sub&#8217;20 &#8211; Este es el once ideal del torneo para Futbolandia"},"content":{"rendered":"<div>\n<p>Termina el campeonato del mundo de categor\u00eda Sub&#8217;20 celebrado en Turqu\u00eda, que nos ha dejado un gran espect\u00e1culo y nos ha mostrado \u00a0jugadores que se han presentado internacionalmente para mucha gente. <strong>Tras ver el campeonato, donde casi todos los favoritos fueron cayendo salvo Francia, donde sorprendieron selecciones como Ghana, Irak o Uzbekist\u00e1n y en la que asistimos al oficio de selecciones como Uruguay, hemos realizado la dif\u00edcil labor de elegir nuestro once ideal del torneo.<\/strong> Os lo contamos y os damos nuestros motivos de por qu\u00e9 elegimos estos jugadores en Redacci\u00f3n. \u00bfY el tuyo? \u00bfCual ser\u00eda tu once ideal?<\/p>\n<figure id=\"attachment_1884\" aria-describedby=\"caption-attachment-1884\" style=\"width: 310px\" class=\"wp-caption aligncenter\"><a href=\"https:\/\/i0.wp.com\/www.manquepierda.com\/futbolandia\/files\/2013\/07\/Once-MundialSUb20.jpg\"><img data-recalc-dims=\"1\" loading=\"lazy\" decoding=\"async\" data-attachment-id=\"1884\" data-permalink=\"https:\/\/www.manquepierda.com\/futbolandia\/mundial-sub20-este-es-el-once-ideal-del-torneo-para-futbolandia\/once-mundialsub20\/\" data-orig-file=\"https:\/\/i0.wp.com\/www.manquepierda.com\/futbolandia\/files\/2013\/07\/Once-MundialSUb20.jpg?fit=310%2C498&amp;ssl=1\" data-orig-size=\"310,498\" data-comments-opened=\"1\" data-image-meta=\"{&quot;aperture&quot;:&quot;0&quot;,&quot;credit&quot;:&quot;&quot;,&quot;camera&quot;:&quot;&quot;,&quot;caption&quot;:&quot;&quot;,&quot;created_timestamp&quot;:&quot;0&quot;,&quot;copyright&quot;:&quot;&quot;,&quot;focal_length&quot;:&quot;0&quot;,&quot;iso&quot;:&quot;0&quot;,&quot;shutter_speed&quot;:&quot;0&quot;,&quot;title&quot;:&quot;&quot;}\" data-image-title=\"Once MundialSUb20\" data-image-description=\"\" data-image-caption=\"&lt;p&gt;Este ser\u00eda nuestro once del Mundial Sub&amp;#8217;20 de Turqu\u00eda&lt;\/p&gt;\n\" data-large-file=\"https:\/\/i0.wp.com\/www.manquepierda.com\/futbolandia\/files\/2013\/07\/Once-MundialSUb20.jpg?fit=310%2C498&amp;ssl=1\" class=\"size-full wp-image-1884\" alt=\"Este ser\u00eda nuestro once del Mundial Sub'20 de Turqu\u00eda\" src=\"https:\/\/i0.wp.com\/www.manquepierda.com\/futbolandia\/files\/2013\/07\/Once-MundialSUb20.jpg?resize=310%2C498\" width=\"310\" height=\"498\" srcset=\"https:\/\/i0.wp.com\/www.manquepierda.com\/futbolandia\/files\/2013\/07\/Once-MundialSUb20.jpg?w=310&amp;ssl=1 310w, https:\/\/i0.wp.com\/www.manquepierda.com\/futbolandia\/files\/2013\/07\/Once-MundialSUb20.jpg?resize=186%2C300&amp;ssl=1 186w\" sizes=\"auto, (max-width: 310px) 100vw, 310px\" \/><\/a><figcaption id=\"caption-attachment-1884\" class=\"wp-caption-text\">Este ser\u00eda nuestro once del Mundial Sub&#8217;20 de Turqu\u00eda<\/figcaption><\/figure>\n<p>&nbsp;<\/p>\n<\/div>\n<div>\n<p>A pesar de tener un once definido, hay jugadores que podr\u00edan completar un banquillo de lujo o que incluso podr\u00edan sustituir a alguno de los titulares como son los casos de Mohammed Hameed, portero de Irak, Abdul Rahman Baba, lateral zurdo de Ghana y Frank Acheampong, su compa\u00f1ero en la izquierda, Igor Lichnovsky de Chile, Abdul Ajagun, h\u00e1bil mediapunta nigeriano, el cerebro espa\u00f1ol Oliver Torres o los delanteros Nico L\u00f3pez, de la fiable selecci\u00f3n uruguaya y el atacante portugu\u00e9s Bruma que tambi\u00e9n ha tenido facilidad para encontrar el gol.<\/p>\n<p>A continuaci\u00f3n te detallamos el por qu\u00e9 de nuestro once inicial y sus principales cualidades.<\/p>\n<p><strong>Alphonse Areola<\/strong><\/p>\n<p>[quote align=\u00bbcenter\u00bb color=\u00bb#999999&#8243;]<strong>@jorgegonex<\/strong>\u00a0&#8211; Seguro y sobrio durante todo el torneo, siempre bien colocado. Aport\u00f3 seguridad a la zaga y sum\u00f3 acciones de m\u00e9rito con buenas estiradas e intervenciones[\/quote]<\/p>\n<p>[quote align=\u00bbcenter\u00bb color=\u00bb#999999&#8243;]<strong>@JesusNavarroM &#8211;\u00a0<\/strong>El mejor portero del campeonato, con diferencia. Salv\u00f3 a Francia en semifinales y par\u00f3 dos penaltis en la tanda contra Uruguay. H\u00e1bil como pocos y con unos reflejos que hacen de \u00e9l una realidad, m\u00e1s que una promesa.[\/quote]<\/p>\n<p>&nbsp;<\/p>\n<p><strong>Javier Manquillo<\/strong><\/p>\n<p>[quote align=\u00bbcenter\u00bb color=\u00bb#999999&#8243;]<strong>@jorgegonex<\/strong> &#8211; Su velocidad fue un a\u00f1adido extra al ataque de Espa\u00f1a. Un pu\u00f1al que rompi\u00f3 defensas rivales. Su llegada a l\u00ednea de fondo y su aplicaci\u00f3n defensiva le convirti\u00f3 en uno de los jugadores m\u00e1s destacados de la rojita[\/quote]<\/p>\n<p>[quote align=\u00bbcenter\u00bb color=\u00bb#999999&#8243;]<strong>@JesusNavarroM &#8211;\u00a0<\/strong>El tapado de Espa\u00f1a. Sorprendi\u00f3 a todos subiendo la banda con tremenda facilidad para incorporar un hombre m\u00e1s al ataque. Perfil caracter\u00edstico de los j\u00f3venes de la Selecci\u00f3n espa\u00f1ola: velocidad, desborde y sacrificio. Como Carvajal. Como Montoya.[\/quote]<\/p>\n<p>&nbsp;<\/p>\n<p><strong>Samuel Umtiti<\/strong><\/p>\n<p>[quote align=\u00bbcenter\u00bb color=\u00bb#999999&#8243;]<strong>@jorgegonex<\/strong> &#8211; Aunque pienso que su nivel es a\u00fan mejor en el lateral zurdo, como viene jugando en Lyon, ha hecho un gran campeonato como central. Fuerte, aplicado, siempre seguro al corte, ha formado una gran pareja con Zouma[\/quote]<\/p>\n<p>[quote align=\u00bbcenter\u00bb color=\u00bb#999999&#8243;]<strong>@JesusNavarroM &#8211;\u00a0<\/strong>De la zaga francesa era, quiz\u00e1s, el m\u00e1s conocido por sus minutos en el Lyon. Siempre corrige bien y, el hecho de ser lateral zurdo en Ligue 1, le otorga un punto de velocidad extra cuando juega de central.[\/quote]<br \/>\n<strong>Jos\u00e9 Gimenez<\/strong><\/p>\n<p>[quote align=\u00bbcenter\u00bb color=\u00bb#999999&#8243;]<strong>@jorgegonex<\/strong> &#8211; El nuevo fichaje del Atl\u00e9tico de Madrid ha sido de lo mejor de su selecci\u00f3n y ha encandilado a los colchoneros que lo disfrutaran en el Calder\u00f3n. Buena salida del bal\u00f3n, bien al corte y mucha seguridad, formando una de las mejores defensas del campeonato y llevando a Uruguay hasta el subcampeonato[\/quote]<\/p>\n<p>[quote align=\u00bbcenter\u00bb color=\u00bb#999999&#8243;]<strong>@JesusNavarroM &#8211;\u00a0<\/strong>El mejor, con diferencia, de la defensa de Uruguay. L\u00edder innato y capit\u00e1n de los charr\u00faas. R\u00e1pido, expeditivo, seguro atr\u00e1s, va bien por arriba y posee una buena salida de bal\u00f3n. El Atl\u00e9tico de Madrid ha fichado a una joya.[\/quote]<br \/>\n<strong>Ali Adnan<\/strong><\/p>\n<p>[quote align=\u00bbcenter\u00bb color=\u00bb#999999&#8243;]<strong>@jorgegonex<\/strong> &#8211; El mejor lateral zurdo del campeonato con permiso de Digne o Baba. Sus centros desde la banda un peligro constante, siempre encarando, con personalidad ech\u00e1ndose el equipo a la espalda. Adem\u00e1s ha encontrado el camino del gol desde su posici\u00f3n. Tiene que corregir tanto car\u00e1cter pero su actuaci\u00f3n ha sido de diez[\/quote]<\/p>\n<p>[quote align=\u00bbcenter\u00bb color=\u00bb#999999&#8243;]<strong>@JesusNavarroM &#8211;\u00a0<\/strong>El m\u00e1s parecido a Bale que he visto desde que el gal\u00e9s es atacante. Recuerda al Gareth Bale del Southampton. Ha jugado sobrado el Mundial sub20: r\u00e1pido, sorprendente, con clase y, adem\u00e1s, con un golpeo de bal\u00f3n prodigioso. Acabar\u00e1 jugando en el ataque.[\/quote]<\/p>\n<p><strong>Geoffrey Kondogbia<\/strong><\/p>\n<p>[quote align=\u00bbcenter\u00bb color=\u00bb#999999&#8243;]<strong>@jorgegonex<\/strong> &#8211; Con m\u00e1s libertad para sumarse al ataque que esta temporada en el Sevilla FC, ha formado junto a Pogba la mejor l\u00ednea de Francia. Bien en la creaci\u00f3n y elaboraci\u00f3n, algo m\u00e1s discreto en la contenci\u00f3n, pero ha brillado a gran nivel y ha sido uno de los futbolistas m\u00e1s regulares del torneo.[\/quote]<\/p>\n<p>[quote align=\u00bbcenter\u00bb color=\u00bb#999999&#8243;]<strong>@JesusNavarroM &#8211;\u00a0<\/strong>El jugador que otorga de equilibrio a la campeona del mundo sub20 nunca puede ser malo. Kondogbia no lo es. Su f\u00edsico le ha permitido jugar, en la mayor\u00eda de ocasiones, con una marcha menos. Su experiencia en la Liga BBVA le ha valido para parar el partido cuando conven\u00eda. Debe mejorar (mucho) su car\u00e1cter.[\/quote]<br \/>\n<strong>Paul Pogba<\/strong><\/p>\n<p>[quote align=\u00bbcenter\u00bb color=\u00bb#999999&#8243;]<strong>@jorgegonex<\/strong> &#8211; Era el futbolista de m\u00e1s cach\u00e9 del campeonato. El mediocentro de la Juve ha demostrado estar uno o dos pasos por delante de los dem\u00e1s en muchas ocasiones. Como dir\u00eda Mourinho, es un futbolista TOP, un lujo. Poco m\u00e1s que decir de \u00e9l[\/quote]<\/p>\n<p>[quote align=\u00bbcenter\u00bb color=\u00bb#999999&#8243;]<strong>@JesusNavarroM &#8211;\u00a0<\/strong>Por nombre, el mejor del torneo. Pero apenas se ha esforzado. Para sacarse a tres rivales de encima, le bastaba con dar la mitad de lo que da en la Juventus. No es una promesa, es una realidad. Pogba est\u00e1 triunfando, y su f\u00edsico le permite dar mucho m\u00e1s.[\/quote]<br \/>\n<strong>Jorge Espericueta<\/strong><\/p>\n<p>[quote align=\u00bbcenter\u00bb color=\u00bb#999999&#8243;]<strong>@jorgegonex<\/strong> &#8211; M\u00e9xico no ha conseguido llegar al nivel que se esperaba de ella, pero si hay un futbolista que ha aprovechado el Mundial para presentarse al mundo, ese es Jorge Espericueta. Su zurda de oro ha sido un espect\u00e1culo en libres directos y su visi\u00f3n de juego, un aval para la joven tricolor[\/quote]<\/p>\n<p>[quote align=\u00bbcenter\u00bb color=\u00bb#999999&#8243;]<strong>@JesusNavarroM &#8211;\u00a0<\/strong>Se esperaba mucho de \u00e9l. Y no ha decepcionado. Comenz\u00f3 el torneo marcando de falta directa ante Grecia y, en el mejor partido de su equipo (contra Espa\u00f1a) tambi\u00e9n apareci\u00f3. Zurdo con t\u00e9cnica, calidad y un prodigioso golpeo de bal\u00f3n. Saldr\u00e1 m\u00e1s pronto que tarde de Tigres UANL.[\/quote]<br \/>\n<strong>Juan Fernando Quintero<\/strong><\/p>\n<p>[quote align=\u00bbcenter\u00bb color=\u00bb#999999&#8243;]<strong>@jorgegonex<\/strong> &#8211; Otro de los jugadores que llegaban con cartel al Mundial tras el Sudamericano de la categor\u00eda a pesar de su discreto a\u00f1o en el Pescara. Se ha echado a la espaldas a Colombia en varias ocasiones y ha conseguido goles decisivos. Su zurda, de los mayores atractivos del torneo.[\/quote]<\/p>\n<p>[quote align=\u00bbcenter\u00bb color=\u00bb#999999&#8243;]<strong>@JesusNavarroM &#8211;\u00a0<\/strong>Quintero ha fichado por el FC Porto. Poco m\u00e1s se puede decir. El mejor de Colombia en el Mundial sub20. Ya brill\u00f3 en el Sudamericano de enero, pero lo ha vuelto a hacer en Turqu\u00eda. Posee un desborde colosal y tiene un magn\u00edfico golpeo de bal\u00f3n. Brillar\u00e1 en Portugal.[\/quote]<\/p>\n<p><strong>Jean-Christophe Bahebeck<\/strong><\/p>\n<p>[quote align=\u00bbcenter\u00bb color=\u00bb#999999&#8243;]<strong>@jorgegonex<\/strong> &#8211; Ha ido de menos a m\u00e1s en el campeonato. La principal baza en ataque al inicio del campeonato parec\u00eda ser Sanogo pero Bahebeck y Thauvin se convirtieron en los principales recursos galos. Cualquiera de los dos hubiese merecido estar en el once y es el que m\u00e1s gol ha encontrado[\/quote]<\/p>\n<p>[quote align=\u00bbcenter\u00bb color=\u00bb#999999&#8243;]<strong>@JesusNavarroM &#8211;\u00a0<\/strong>No ha sido todo lo regular que se esperaba de \u00e9l, pero ha crecido en el torneo. Clase, regate y desborde hacen de \u00e9l una promesa que habr\u00e1 que vigilar de cerca. Francia lo ha agradecido en el Mundial.[\/quote]<br \/>\n<strong>Nicol\u00e1s Castillo<\/strong><\/p>\n<p>[quote align=\u00bbcenter\u00bb color=\u00bb#999999&#8243;]<strong>@jorgegonex<\/strong> &#8211; Entre los delanteros destacados, Nico ha sido el elegido por sus goles y actuaciones. Fortaleza f\u00edsica, un potente disparo y presencia en el \u00e1rea han sido sus principales cualidades. Le ha faltado algo de calma en algunas ocasiones pero con la tranquilidad que da la experiencia, ser\u00e1 un gran delantero en el futuro.[\/quote]<\/p>\n<p>[quote align=\u00bbcenter\u00bb color=\u00bb#999999&#8243;]<strong>@JesusNavarroM &#8211;\u00a0<\/strong>Es, con diferencia, el mejor de Chile. Tiene gol, es r\u00e1pido y adem\u00e1s posee desborde. No llegar\u00e1 a Top mundial, pero acabar\u00e1 jugando en un grande de Europa.[\/quote]<\/p>\n<p>&nbsp;<\/p>\n<\/div>\n","protected":false},"excerpt":{"rendered":"<p>Termina el campeonato del mundo de categor\u00eda Sub&#8217;20 celebrado en Turqu\u00eda, que nos ha dejado un gran espect\u00e1culo y nos ha mostrado \u00a0jugadores que se han presentado internacionalmente para mucha gente. Tras ver el campeonato, donde casi todos los favoritos fueron cayendo salvo Francia, donde sorprendieron selecciones como Ghana, Irak o Uzbekist\u00e1n y en la&#8230;<\/p>\n","protected":false},"author":101,"featured_media":1886,"comment_status":"open","ping_status":"open","sticky":false,"template":"","format":"standard","meta":{"_kad_post_transparent":"","_kad_post_title":"","_kad_post_layout":"","_kad_post_sidebar_id":"","_kad_post_content_style":"","_kad_post_vertical_padding":"","_kad_post_feature":"","_kad_post_feature_position":"","_kad_post_header":false,"_kad_post_footer":false,"_kad_post_classname":"","_jetpack_memberships_contains_paid_content":false,"footnotes":"","jetpack_publicize_message":"","jetpack_publicize_feature_enabled":true,"jetpack_social_post_already_shared":true,"jetpack_social_options":{"image_generator_settings":{"template":"highway","default_image_id":0,"font":"","enabled":false},"version":2}},"categories":[10],"tags":[626,625,581,624,582,407],"class_list":["post-1862","post","type-post","status-publish","format-standard","has-post-thumbnail","hentry","category-portada","tag-destacados","tag-jugadores","tag-mundial","tag-once","tag-sub20","tag-turquia"],"yoast_head":"<!-- This site is optimized with the Yoast SEO plugin v27.5 - https:\/\/yoast.com\/product\/yoast-seo-wordpress\/ -->\n<title>Mundial Sub&#039;20 - Este es el once ideal del torneo para Futbolandia &#8211; Futbolandia<\/title>\n<meta name=\"robots\" content=\"index, follow, max-snippet:-1, max-image-preview:large, max-video-preview:-1\" \/>\n<link rel=\"canonical\" href=\"https:\/\/www.manquepierda.com\/futbolandia\/mundial-sub20-este-es-el-once-ideal-del-torneo-para-futbolandia\/\" \/>\n<meta property=\"og:locale\" content=\"es_ES\" \/>\n<meta property=\"og:type\" content=\"article\" \/>\n<meta property=\"og:title\" content=\"Mundial Sub&#039;20 - Este es el once ideal del torneo para Futbolandia &#8211; Futbolandia\" \/>\n<meta property=\"og:description\" content=\"Termina el campeonato del mundo de categor\u00eda Sub&#8217;20 celebrado en Turqu\u00eda, que nos ha dejado un gran espect\u00e1culo y nos ha mostrado \u00a0jugadores que se han presentado internacionalmente para mucha gente. Tras ver el campeonato, donde casi todos los favoritos fueron cayendo salvo Francia, donde sorprendieron selecciones como Ghana, Irak o Uzbekist\u00e1n y en la...\" \/>\n<meta property=\"og:url\" content=\"https:\/\/www.manquepierda.com\/futbolandia\/mundial-sub20-este-es-el-once-ideal-del-torneo-para-futbolandia\/\" \/>\n<meta property=\"og:site_name\" content=\"Futbolandia\" \/>\n<meta property=\"article:published_time\" content=\"2013-07-15T09:46:27+00:00\" \/>\n<meta property=\"og:image\" content=\"https:\/\/i0.wp.com\/www.manquepierda.com\/futbolandia\/files\/2013\/07\/paul-pogba.jpg?fit=1000%2C650&ssl=1\" \/>\n\t<meta property=\"og:image:width\" content=\"1000\" \/>\n\t<meta property=\"og:image:height\" content=\"650\" \/>\n\t<meta property=\"og:image:type\" content=\"image\/jpeg\" \/>\n<meta name=\"author\" content=\"Jes\u00fas Navarro Mayone\" \/>\n<meta name=\"twitter:label1\" content=\"Escrito por\" \/>\n\t<meta name=\"twitter:data1\" content=\"Jes\u00fas Navarro Mayone\" \/>\n\t<meta name=\"twitter:label2\" content=\"Tiempo de lectura\" \/>\n\t<meta name=\"twitter:data2\" content=\"7 minutos\" \/>\n<script type=\"application\/ld+json\" class=\"yoast-schema-graph\">{\"@context\":\"https:\\\/\\\/schema.org\",\"@graph\":[{\"@type\":\"Article\",\"@id\":\"https:\\\/\\\/www.manquepierda.com\\\/futbolandia\\\/mundial-sub20-este-es-el-once-ideal-del-torneo-para-futbolandia\\\/#article\",\"isPartOf\":{\"@id\":\"https:\\\/\\\/www.manquepierda.com\\\/futbolandia\\\/mundial-sub20-este-es-el-once-ideal-del-torneo-para-futbolandia\\\/\"},\"author\":{\"name\":\"Jes\u00fas Navarro Mayone\",\"@id\":\"https:\\\/\\\/www.manquepierda.com\\\/futbolandia\\\/#\\\/schema\\\/person\\\/7510ca26e398816c7d1853015c168c9a\"},\"headline\":\"Mundial Sub&#8217;20 &#8211; Este es el once ideal del torneo para Futbolandia\",\"datePublished\":\"2013-07-15T09:46:27+00:00\",\"mainEntityOfPage\":{\"@id\":\"https:\\\/\\\/www.manquepierda.com\\\/futbolandia\\\/mundial-sub20-este-es-el-once-ideal-del-torneo-para-futbolandia\\\/\"},\"wordCount\":1476,\"commentCount\":0,\"image\":{\"@id\":\"https:\\\/\\\/www.manquepierda.com\\\/futbolandia\\\/mundial-sub20-este-es-el-once-ideal-del-torneo-para-futbolandia\\\/#primaryimage\"},\"thumbnailUrl\":\"https:\\\/\\\/i0.wp.com\\\/www.manquepierda.com\\\/futbolandia\\\/files\\\/2013\\\/07\\\/paul-pogba.jpg?fit=1000%2C650&ssl=1\",\"keywords\":[\"destacados\",\"jugadores\",\"mundial\",\"once\",\"sub20\",\"Turquia\"],\"articleSection\":[\"Portada\"],\"inLanguage\":\"es\",\"potentialAction\":[{\"@type\":\"CommentAction\",\"name\":\"Comment\",\"target\":[\"https:\\\/\\\/www.manquepierda.com\\\/futbolandia\\\/mundial-sub20-este-es-el-once-ideal-del-torneo-para-futbolandia\\\/#respond\"]}]},{\"@type\":\"WebPage\",\"@id\":\"https:\\\/\\\/www.manquepierda.com\\\/futbolandia\\\/mundial-sub20-este-es-el-once-ideal-del-torneo-para-futbolandia\\\/\",\"url\":\"https:\\\/\\\/www.manquepierda.com\\\/futbolandia\\\/mundial-sub20-este-es-el-once-ideal-del-torneo-para-futbolandia\\\/\",\"name\":\"Mundial Sub'20 - Este es el once ideal del torneo para Futbolandia &#8211; Futbolandia\",\"isPartOf\":{\"@id\":\"https:\\\/\\\/www.manquepierda.com\\\/futbolandia\\\/#website\"},\"primaryImageOfPage\":{\"@id\":\"https:\\\/\\\/www.manquepierda.com\\\/futbolandia\\\/mundial-sub20-este-es-el-once-ideal-del-torneo-para-futbolandia\\\/#primaryimage\"},\"image\":{\"@id\":\"https:\\\/\\\/www.manquepierda.com\\\/futbolandia\\\/mundial-sub20-este-es-el-once-ideal-del-torneo-para-futbolandia\\\/#primaryimage\"},\"thumbnailUrl\":\"https:\\\/\\\/i0.wp.com\\\/www.manquepierda.com\\\/futbolandia\\\/files\\\/2013\\\/07\\\/paul-pogba.jpg?fit=1000%2C650&ssl=1\",\"datePublished\":\"2013-07-15T09:46:27+00:00\",\"author\":{\"@id\":\"https:\\\/\\\/www.manquepierda.com\\\/futbolandia\\\/#\\\/schema\\\/person\\\/7510ca26e398816c7d1853015c168c9a\"},\"breadcrumb\":{\"@id\":\"https:\\\/\\\/www.manquepierda.com\\\/futbolandia\\\/mundial-sub20-este-es-el-once-ideal-del-torneo-para-futbolandia\\\/#breadcrumb\"},\"inLanguage\":\"es\",\"potentialAction\":[{\"@type\":\"ReadAction\",\"target\":[\"https:\\\/\\\/www.manquepierda.com\\\/futbolandia\\\/mundial-sub20-este-es-el-once-ideal-del-torneo-para-futbolandia\\\/\"]}]},{\"@type\":\"ImageObject\",\"inLanguage\":\"es\",\"@id\":\"https:\\\/\\\/www.manquepierda.com\\\/futbolandia\\\/mundial-sub20-este-es-el-once-ideal-del-torneo-para-futbolandia\\\/#primaryimage\",\"url\":\"https:\\\/\\\/i0.wp.com\\\/www.manquepierda.com\\\/futbolandia\\\/files\\\/2013\\\/07\\\/paul-pogba.jpg?fit=1000%2C650&ssl=1\",\"contentUrl\":\"https:\\\/\\\/i0.wp.com\\\/www.manquepierda.com\\\/futbolandia\\\/files\\\/2013\\\/07\\\/paul-pogba.jpg?fit=1000%2C650&ssl=1\",\"width\":1000,\"height\":650,\"caption\":\"Pogba lider\u00f3 a la SUb'20 de Francia durante todo el torneo Foto: futbolargentino.com\"},{\"@type\":\"BreadcrumbList\",\"@id\":\"https:\\\/\\\/www.manquepierda.com\\\/futbolandia\\\/mundial-sub20-este-es-el-once-ideal-del-torneo-para-futbolandia\\\/#breadcrumb\",\"itemListElement\":[{\"@type\":\"ListItem\",\"position\":1,\"name\":\"Portada\",\"item\":\"https:\\\/\\\/www.manquepierda.com\\\/futbolandia\\\/\"},{\"@type\":\"ListItem\",\"position\":2,\"name\":\"Mundial Sub&#8217;20 &#8211; Este es el once ideal del torneo para Futbolandia\"}]},{\"@type\":\"WebSite\",\"@id\":\"https:\\\/\\\/www.manquepierda.com\\\/futbolandia\\\/#website\",\"url\":\"https:\\\/\\\/www.manquepierda.com\\\/futbolandia\\\/\",\"name\":\"Futbolandia\",\"description\":\"Reportajes e informaci\u00f3n sobre f\u00fatbol mundial y j\u00f3venes promesas\",\"potentialAction\":[{\"@type\":\"SearchAction\",\"target\":{\"@type\":\"EntryPoint\",\"urlTemplate\":\"https:\\\/\\\/www.manquepierda.com\\\/futbolandia\\\/?s={search_term_string}\"},\"query-input\":{\"@type\":\"PropertyValueSpecification\",\"valueRequired\":true,\"valueName\":\"search_term_string\"}}],\"inLanguage\":\"es\"},{\"@type\":\"Person\",\"@id\":\"https:\\\/\\\/www.manquepierda.com\\\/futbolandia\\\/#\\\/schema\\\/person\\\/7510ca26e398816c7d1853015c168c9a\",\"name\":\"Jes\u00fas Navarro Mayone\",\"image\":{\"@type\":\"ImageObject\",\"inLanguage\":\"es\",\"@id\":\"https:\\\/\\\/secure.gravatar.com\\\/avatar\\\/1708b900c76cc7d38e7c29a416e482a7727846442c1adb21713059b50a33f63b?s=96&d=mm&r=g\",\"url\":\"https:\\\/\\\/secure.gravatar.com\\\/avatar\\\/1708b900c76cc7d38e7c29a416e482a7727846442c1adb21713059b50a33f63b?s=96&d=mm&r=g\",\"contentUrl\":\"https:\\\/\\\/secure.gravatar.com\\\/avatar\\\/1708b900c76cc7d38e7c29a416e482a7727846442c1adb21713059b50a33f63b?s=96&d=mm&r=g\",\"caption\":\"Jes\u00fas Navarro Mayone\"},\"description\":\"Crec\u00ed viendo a Inzaghi hacer goles. A Nesta cortando balones y a Mak\u00e9l\u00e9l\u00e9 barrer jugadas. A Caf\u00fa subiendo la banda y a Palermo rematando. Ahora intento escribir todo eso. Tambi\u00e9n en Twitter: @JesusNavarroM.\",\"url\":\"https:\\\/\\\/www.manquepierda.com\\\/futbolandia\\\/author\\\/jesusnavarro\\\/\"}]}<\/script>\n<!-- \/ Yoast SEO plugin. -->","yoast_head_json":{"title":"Mundial Sub'20 - Este es el once ideal del torneo para Futbolandia &#8211; Futbolandia","robots":{"index":"index","follow":"follow","max-snippet":"max-snippet:-1","max-image-preview":"max-image-preview:large","max-video-preview":"max-video-preview:-1"},"canonical":"https:\/\/www.manquepierda.com\/futbolandia\/mundial-sub20-este-es-el-once-ideal-del-torneo-para-futbolandia\/","og_locale":"es_ES","og_type":"article","og_title":"Mundial Sub'20 - Este es el once ideal del torneo para Futbolandia &#8211; Futbolandia","og_description":"Termina el campeonato del mundo de categor\u00eda Sub&#8217;20 celebrado en Turqu\u00eda, que nos ha dejado un gran espect\u00e1culo y nos ha mostrado \u00a0jugadores que se han presentado internacionalmente para mucha gente. Tras ver el campeonato, donde casi todos los favoritos fueron cayendo salvo Francia, donde sorprendieron selecciones como Ghana, Irak o Uzbekist\u00e1n y en la...","og_url":"https:\/\/www.manquepierda.com\/futbolandia\/mundial-sub20-este-es-el-once-ideal-del-torneo-para-futbolandia\/","og_site_name":"Futbolandia","article_published_time":"2013-07-15T09:46:27+00:00","og_image":[{"width":1000,"height":650,"url":"https:\/\/i0.wp.com\/www.manquepierda.com\/futbolandia\/files\/2013\/07\/paul-pogba.jpg?fit=1000%2C650&ssl=1","type":"image\/jpeg"}],"author":"Jes\u00fas Navarro Mayone","twitter_misc":{"Escrito por":"Jes\u00fas Navarro Mayone","Tiempo de lectura":"7 minutos"},"schema":{"@context":"https:\/\/schema.org","@graph":[{"@type":"Article","@id":"https:\/\/www.manquepierda.com\/futbolandia\/mundial-sub20-este-es-el-once-ideal-del-torneo-para-futbolandia\/#article","isPartOf":{"@id":"https:\/\/www.manquepierda.com\/futbolandia\/mundial-sub20-este-es-el-once-ideal-del-torneo-para-futbolandia\/"},"author":{"name":"Jes\u00fas Navarro Mayone","@id":"https:\/\/www.manquepierda.com\/futbolandia\/#\/schema\/person\/7510ca26e398816c7d1853015c168c9a"},"headline":"Mundial Sub&#8217;20 &#8211; Este es el once ideal del torneo para Futbolandia","datePublished":"2013-07-15T09:46:27+00:00","mainEntityOfPage":{"@id":"https:\/\/www.manquepierda.com\/futbolandia\/mundial-sub20-este-es-el-once-ideal-del-torneo-para-futbolandia\/"},"wordCount":1476,"commentCount":0,"image":{"@id":"https:\/\/www.manquepierda.com\/futbolandia\/mundial-sub20-este-es-el-once-ideal-del-torneo-para-futbolandia\/#primaryimage"},"thumbnailUrl":"https:\/\/i0.wp.com\/www.manquepierda.com\/futbolandia\/files\/2013\/07\/paul-pogba.jpg?fit=1000%2C650&ssl=1","keywords":["destacados","jugadores","mundial","once","sub20","Turquia"],"articleSection":["Portada"],"inLanguage":"es","potentialAction":[{"@type":"CommentAction","name":"Comment","target":["https:\/\/www.manquepierda.com\/futbolandia\/mundial-sub20-este-es-el-once-ideal-del-torneo-para-futbolandia\/#respond"]}]},{"@type":"WebPage","@id":"https:\/\/www.manquepierda.com\/futbolandia\/mundial-sub20-este-es-el-once-ideal-del-torneo-para-futbolandia\/","url":"https:\/\/www.manquepierda.com\/futbolandia\/mundial-sub20-este-es-el-once-ideal-del-torneo-para-futbolandia\/","name":"Mundial Sub'20 - Este es el once ideal del torneo para Futbolandia &#8211; Futbolandia","isPartOf":{"@id":"https:\/\/www.manquepierda.com\/futbolandia\/#website"},"primaryImageOfPage":{"@id":"https:\/\/www.manquepierda.com\/futbolandia\/mundial-sub20-este-es-el-once-ideal-del-torneo-para-futbolandia\/#primaryimage"},"image":{"@id":"https:\/\/www.manquepierda.com\/futbolandia\/mundial-sub20-este-es-el-once-ideal-del-torneo-para-futbolandia\/#primaryimage"},"thumbnailUrl":"https:\/\/i0.wp.com\/www.manquepierda.com\/futbolandia\/files\/2013\/07\/paul-pogba.jpg?fit=1000%2C650&ssl=1","datePublished":"2013-07-15T09:46:27+00:00","author":{"@id":"https:\/\/www.manquepierda.com\/futbolandia\/#\/schema\/person\/7510ca26e398816c7d1853015c168c9a"},"breadcrumb":{"@id":"https:\/\/www.manquepierda.com\/futbolandia\/mundial-sub20-este-es-el-once-ideal-del-torneo-para-futbolandia\/#breadcrumb"},"inLanguage":"es","potentialAction":[{"@type":"ReadAction","target":["https:\/\/www.manquepierda.com\/futbolandia\/mundial-sub20-este-es-el-once-ideal-del-torneo-para-futbolandia\/"]}]},{"@type":"ImageObject","inLanguage":"es","@id":"https:\/\/www.manquepierda.com\/futbolandia\/mundial-sub20-este-es-el-once-ideal-del-torneo-para-futbolandia\/#primaryimage","url":"https:\/\/i0.wp.com\/www.manquepierda.com\/futbolandia\/files\/2013\/07\/paul-pogba.jpg?fit=1000%2C650&ssl=1","contentUrl":"https:\/\/i0.wp.com\/www.manquepierda.com\/futbolandia\/files\/2013\/07\/paul-pogba.jpg?fit=1000%2C650&ssl=1","width":1000,"height":650,"caption":"Pogba lider\u00f3 a la SUb'20 de Francia durante todo el torneo Foto: futbolargentino.com"},{"@type":"BreadcrumbList","@id":"https:\/\/www.manquepierda.com\/futbolandia\/mundial-sub20-este-es-el-once-ideal-del-torneo-para-futbolandia\/#breadcrumb","itemListElement":[{"@type":"ListItem","position":1,"name":"Portada","item":"https:\/\/www.manquepierda.com\/futbolandia\/"},{"@type":"ListItem","position":2,"name":"Mundial Sub&#8217;20 &#8211; Este es el once ideal del torneo para Futbolandia"}]},{"@type":"WebSite","@id":"https:\/\/www.manquepierda.com\/futbolandia\/#website","url":"https:\/\/www.manquepierda.com\/futbolandia\/","name":"Futbolandia","description":"Reportajes e informaci\u00f3n sobre f\u00fatbol mundial y j\u00f3venes promesas","potentialAction":[{"@type":"SearchAction","target":{"@type":"EntryPoint","urlTemplate":"https:\/\/www.manquepierda.com\/futbolandia\/?s={search_term_string}"},"query-input":{"@type":"PropertyValueSpecification","valueRequired":true,"valueName":"search_term_string"}}],"inLanguage":"es"},{"@type":"Person","@id":"https:\/\/www.manquepierda.com\/futbolandia\/#\/schema\/person\/7510ca26e398816c7d1853015c168c9a","name":"Jes\u00fas Navarro Mayone","image":{"@type":"ImageObject","inLanguage":"es","@id":"https:\/\/secure.gravatar.com\/avatar\/1708b900c76cc7d38e7c29a416e482a7727846442c1adb21713059b50a33f63b?s=96&d=mm&r=g","url":"https:\/\/secure.gravatar.com\/avatar\/1708b900c76cc7d38e7c29a416e482a7727846442c1adb21713059b50a33f63b?s=96&d=mm&r=g","contentUrl":"https:\/\/secure.gravatar.com\/avatar\/1708b900c76cc7d38e7c29a416e482a7727846442c1adb21713059b50a33f63b?s=96&d=mm&r=g","caption":"Jes\u00fas Navarro Mayone"},"description":"Crec\u00ed viendo a Inzaghi hacer goles. A Nesta cortando balones y a Mak\u00e9l\u00e9l\u00e9 barrer jugadas. A Caf\u00fa subiendo la banda y a Palermo rematando. Ahora intento escribir todo eso. Tambi\u00e9n en Twitter: @JesusNavarroM.","url":"https:\/\/www.manquepierda.com\/futbolandia\/author\/jesusnavarro\/"}]}},"jetpack_publicize_connections":[],"jetpack_featured_media_url":"https:\/\/i0.wp.com\/www.manquepierda.com\/futbolandia\/files\/2013\/07\/paul-pogba.jpg?fit=1000%2C650&ssl=1","jetpack_shortlink":"https:\/\/wp.me\/p1THIg-u2","jetpack_sharing_enabled":true,"_links":{"self":[{"href":"https:\/\/www.manquepierda.com\/futbolandia\/wp-json\/wp\/v2\/posts\/1862","targetHints":{"allow":["GET"]}}],"collection":[{"href":"https:\/\/www.manquepierda.com\/futbolandia\/wp-json\/wp\/v2\/posts"}],"about":[{"href":"https:\/\/www.manquepierda.com\/futbolandia\/wp-json\/wp\/v2\/types\/post"}],"author":[{"embeddable":true,"href":"https:\/\/www.manquepierda.com\/futbolandia\/wp-json\/wp\/v2\/users\/101"}],"replies":[{"embeddable":true,"href":"https:\/\/www.manquepierda.com\/futbolandia\/wp-json\/wp\/v2\/comments?post=1862"}],"version-history":[{"count":0,"href":"https:\/\/www.manquepierda.com\/futbolandia\/wp-json\/wp\/v2\/posts\/1862\/revisions"}],"wp:featuredmedia":[{"embeddable":true,"href":"https:\/\/www.manquepierda.com\/futbolandia\/wp-json\/wp\/v2\/media\/1886"}],"wp:attachment":[{"href":"https:\/\/www.manquepierda.com\/futbolandia\/wp-json\/wp\/v2\/media?parent=1862"}],"wp:term":[{"taxonomy":"category","embeddable":true,"href":"https:\/\/www.manquepierda.com\/futbolandia\/wp-json\/wp\/v2\/categories?post=1862"},{"taxonomy":"post_tag","embeddable":true,"href":"https:\/\/www.manquepierda.com\/futbolandia\/wp-json\/wp\/v2\/tags?post=1862"}],"curies":[{"name":"wp","href":"https:\/\/api.w.org\/{rel}","templated":true}]}}