{"id":1864,"date":"2013-07-15T18:56:28","date_gmt":"2013-07-15T16:56:28","guid":{"rendered":"http:\/\/www.manquepierda.com\/futbolandia\/?p=1864"},"modified":"2013-08-27T02:40:22","modified_gmt":"2013-08-27T00:40:22","slug":"jovenes-valores-ali-adnan","status":"publish","type":"post","link":"https:\/\/www.manquepierda.com\/futbolandia\/jovenes-valores-ali-adnan\/","title":{"rendered":"Ali Adnan, el mejor zurdo del Mundial Sub&#8217;20"},"content":{"rendered":"<figure id=\"attachment_1865\" aria-describedby=\"caption-attachment-1865\" style=\"width: 300px\" class=\"wp-caption alignleft\"><a href=\"https:\/\/i0.wp.com\/www.manquepierda.com\/futbolandia\/files\/2013\/07\/Ali-Adnan-Foto-tribundergi.com_.jpg\"><img data-recalc-dims=\"1\" loading=\"lazy\" decoding=\"async\" data-attachment-id=\"1865\" data-permalink=\"https:\/\/www.manquepierda.com\/futbolandia\/jovenes-valores-ali-adnan\/ali-adnan-foto-tribundergi-com\/\" data-orig-file=\"https:\/\/i0.wp.com\/www.manquepierda.com\/futbolandia\/files\/2013\/07\/Ali-Adnan-Foto-tribundergi.com_.jpg?fit=650%2C325&amp;ssl=1\" data-orig-size=\"650,325\" data-comments-opened=\"1\" data-image-meta=\"{&quot;aperture&quot;:&quot;0&quot;,&quot;credit&quot;:&quot;&quot;,&quot;camera&quot;:&quot;&quot;,&quot;caption&quot;:&quot;&quot;,&quot;created_timestamp&quot;:&quot;0&quot;,&quot;copyright&quot;:&quot;&quot;,&quot;focal_length&quot;:&quot;0&quot;,&quot;iso&quot;:&quot;0&quot;,&quot;shutter_speed&quot;:&quot;0&quot;,&quot;title&quot;:&quot;&quot;}\" data-image-title=\"Ali Adnan\" data-image-description=\"\" data-image-caption=\"&lt;p&gt;Ali Adnan es la mayor promesa del f\u00fatbol iraqu\u00ed(Foto: tribundergi.com)&lt;\/p&gt;\n\" data-large-file=\"https:\/\/i0.wp.com\/www.manquepierda.com\/futbolandia\/files\/2013\/07\/Ali-Adnan-Foto-tribundergi.com_.jpg?fit=650%2C325&amp;ssl=1\" class=\"size-medium wp-image-1865\" alt=\"Ali Adnan es la mayor promesa del f\u00fatbol iraqu\u00ed(Foto: tribundergi.com)\" src=\"https:\/\/i0.wp.com\/www.manquepierda.com\/futbolandia\/files\/2013\/07\/Ali-Adnan-Foto-tribundergi.com_.jpg?resize=300%2C150\" width=\"300\" height=\"150\" srcset=\"https:\/\/i0.wp.com\/www.manquepierda.com\/futbolandia\/files\/2013\/07\/Ali-Adnan-Foto-tribundergi.com_.jpg?resize=300%2C150&amp;ssl=1 300w, https:\/\/i0.wp.com\/www.manquepierda.com\/futbolandia\/files\/2013\/07\/Ali-Adnan-Foto-tribundergi.com_.jpg?w=650&amp;ssl=1 650w\" sizes=\"auto, (max-width: 300px) 100vw, 300px\" \/><\/a><figcaption id=\"caption-attachment-1865\" class=\"wp-caption-text\">Ali Adnan es la mayor promesa del f\u00fatbol iraqu\u00ed (Foto: tribundergi.com)<\/figcaption><\/figure>\n<p>Ali Adnan (Bagdag, 1993) es un joven lateral izquierdo que desempe\u00f1a su carrera en el Baghdag FC de su tierra natal, Iraq. Este equipo juega en la Primera Divisi\u00f3n de pa\u00eds desde 2008, a\u00f1o en el que ascendi\u00f3.<\/p>\n<p><em>La est\u00e1 rompiendo\u00a0<\/em>en el Mundial sub20 que se est\u00e1 celebrando en Turqu\u00eda. Ha colaborado, de una manera esencial, a que su Selecci\u00f3n llegue a las semifinales de un Campeonato del Mundo. Primera vez que lo hace -en cualquier categor\u00eda-. Adnan destaca, sobre todo, por su velocidad y una t\u00e9cnica depurada.<\/p>\n<p>Pero no quedan ah\u00ed los encantos del joven jugador. La garra y el compromiso que demuestra cuando salta al campo est\u00e1 fuera de toda duda. Es el hombre que lanza cualquier jugada a bal\u00f3n parado y, adem\u00e1s, se incorpora con una facilidad pasmosa al ataque.<\/p>\n<p>Posee una zurda prodigiosa y t\u00e1cticamente es brillante. Quiz\u00e1s, abusa demasiado de la fase ofensiva y, en ocasiones,\u00a0<em>se le olvida\u00a0<\/em>bajar a defender. Nada que no se corrija con a\u00f1os y una buena pareja de centrales.<\/p>\n<p>Adnan se ha destapado en este Mundial sub20 de Turqu\u00eda. Ha jugado los 630 minutos que Iraq ha disputado hasta la fecha y la final de consolaci\u00f3n hace apenas un par de d\u00edas. Evidentemente, Ali fue titular. 630 minutos: tres partidos de la fase de grupos, el de octavos (con pr\u00f3rroga), el de cuartos (con pr\u00f3rroga y penaltis) y las semifinales (con pr\u00f3rroga y penaltis). Adnan siempre estuvo. Adem\u00e1s, en el partido de cuartos de final, lanz\u00f3 y anot\u00f3 su penalti en la tanda. Igual que en semifinales.<\/p>\n<p>[youtube height=\u00bbHEIGHT\u00bb width=\u00bbWIDTH\u00bb]http:\/\/youtu.be\/6qsL0mxUVWg[\/youtube]<\/p>\n<p>&nbsp;<\/p>\n","protected":false},"excerpt":{"rendered":"<p>Ali Adnan (Bagdag, 1993) es un joven lateral izquierdo que desempe\u00f1a su carrera en el Baghdag FC de su tierra natal, Iraq. Este equipo juega en la Primera Divisi\u00f3n de pa\u00eds desde 2008, a\u00f1o en el que ascendi\u00f3. La est\u00e1 rompiendo\u00a0en el Mundial sub20 que se est\u00e1 celebrando en Turqu\u00eda. Ha colaborado, de una manera&#8230;<\/p>\n","protected":false},"author":101,"featured_media":1865,"comment_status":"open","ping_status":"open","sticky":false,"template":"","format":"standard","meta":{"_kad_post_transparent":"","_kad_post_title":"","_kad_post_layout":"","_kad_post_sidebar_id":"","_kad_post_content_style":"","_kad_post_vertical_padding":"","_kad_post_feature":"","_kad_post_feature_position":"","_kad_post_header":false,"_kad_post_footer":false,"_kad_post_classname":"","_jetpack_memberships_contains_paid_content":false,"footnotes":"","jetpack_publicize_message":"","jetpack_publicize_feature_enabled":true,"jetpack_social_post_already_shared":true,"jetpack_social_options":{"image_generator_settings":{"template":"highway","default_image_id":0,"font":"","enabled":false},"version":2}},"categories":[4,10],"tags":[632,631,633,578,634,335,447],"class_list":["post-1864","post","type-post","status-publish","format-standard","has-post-thumbnail","hentry","category-jovenes-valores","category-portada","tag-adnan","tag-ali","tag-baghdad","tag-irak","tag-lateral","tag-promesa","tag-valores"],"yoast_head":"<!-- This site is optimized with the Yoast SEO plugin v27.5 - https:\/\/yoast.com\/product\/yoast-seo-wordpress\/ -->\n<title>Ali Adnan, el mejor zurdo del Mundial Sub&#039;20 &#8211; Futbolandia<\/title>\n<meta name=\"robots\" content=\"index, follow, max-snippet:-1, max-image-preview:large, max-video-preview:-1\" \/>\n<link rel=\"canonical\" href=\"https:\/\/www.manquepierda.com\/futbolandia\/jovenes-valores-ali-adnan\/\" \/>\n<meta property=\"og:locale\" content=\"es_ES\" \/>\n<meta property=\"og:type\" content=\"article\" \/>\n<meta property=\"og:title\" content=\"Ali Adnan, el mejor zurdo del Mundial Sub&#039;20 &#8211; Futbolandia\" \/>\n<meta property=\"og:description\" content=\"Ali Adnan (Bagdag, 1993) es un joven lateral izquierdo que desempe\u00f1a su carrera en el Baghdag FC de su tierra natal, Iraq. Este equipo juega en la Primera Divisi\u00f3n de pa\u00eds desde 2008, a\u00f1o en el que ascendi\u00f3. La est\u00e1 rompiendo\u00a0en el Mundial sub20 que se est\u00e1 celebrando en Turqu\u00eda. Ha colaborado, de una manera...\" \/>\n<meta property=\"og:url\" content=\"https:\/\/www.manquepierda.com\/futbolandia\/jovenes-valores-ali-adnan\/\" \/>\n<meta property=\"og:site_name\" content=\"Futbolandia\" \/>\n<meta property=\"article:published_time\" content=\"2013-07-15T16:56:28+00:00\" \/>\n<meta property=\"article:modified_time\" content=\"2013-08-27T00:40:22+00:00\" \/>\n<meta property=\"og:image\" content=\"https:\/\/i1.wp.com\/www.manquepierda.com\/futbolandia\/files\/2013\/07\/Ali-Adnan-Foto-tribundergi.com_.jpg?fit=650%2C325&ssl=1\" \/>\n\t<meta property=\"og:image:width\" content=\"650\" \/>\n\t<meta property=\"og:image:height\" content=\"325\" \/>\n\t<meta property=\"og:image:type\" content=\"image\/jpeg\" \/>\n<meta name=\"author\" content=\"Jes\u00fas Navarro Mayone\" \/>\n<meta name=\"twitter:label1\" content=\"Escrito por\" \/>\n\t<meta name=\"twitter:data1\" content=\"Jes\u00fas Navarro Mayone\" \/>\n\t<meta name=\"twitter:label2\" content=\"Tiempo de lectura\" \/>\n\t<meta name=\"twitter:data2\" content=\"2 minutos\" \/>\n<script type=\"application\/ld+json\" class=\"yoast-schema-graph\">{\"@context\":\"https:\\\/\\\/schema.org\",\"@graph\":[{\"@type\":\"Article\",\"@id\":\"https:\\\/\\\/www.manquepierda.com\\\/futbolandia\\\/jovenes-valores-ali-adnan\\\/#article\",\"isPartOf\":{\"@id\":\"https:\\\/\\\/www.manquepierda.com\\\/futbolandia\\\/jovenes-valores-ali-adnan\\\/\"},\"author\":{\"name\":\"Jes\u00fas Navarro Mayone\",\"@id\":\"https:\\\/\\\/www.manquepierda.com\\\/futbolandia\\\/#\\\/schema\\\/person\\\/7510ca26e398816c7d1853015c168c9a\"},\"headline\":\"Ali Adnan, el mejor zurdo del Mundial Sub&#8217;20\",\"datePublished\":\"2013-07-15T16:56:28+00:00\",\"dateModified\":\"2013-08-27T00:40:22+00:00\",\"mainEntityOfPage\":{\"@id\":\"https:\\\/\\\/www.manquepierda.com\\\/futbolandia\\\/jovenes-valores-ali-adnan\\\/\"},\"wordCount\":315,\"commentCount\":0,\"image\":{\"@id\":\"https:\\\/\\\/www.manquepierda.com\\\/futbolandia\\\/jovenes-valores-ali-adnan\\\/#primaryimage\"},\"thumbnailUrl\":\"https:\\\/\\\/i0.wp.com\\\/www.manquepierda.com\\\/futbolandia\\\/files\\\/2013\\\/07\\\/Ali-Adnan-Foto-tribundergi.com_.jpg?fit=650%2C325&ssl=1\",\"keywords\":[\"adnan\",\"ali\",\"Baghdad\",\"irak\",\"lateral\",\"Promesa\",\"Valores\"],\"articleSection\":[\"J\u00f3venes Valores\",\"Portada\"],\"inLanguage\":\"es\",\"potentialAction\":[{\"@type\":\"CommentAction\",\"name\":\"Comment\",\"target\":[\"https:\\\/\\\/www.manquepierda.com\\\/futbolandia\\\/jovenes-valores-ali-adnan\\\/#respond\"]}]},{\"@type\":\"WebPage\",\"@id\":\"https:\\\/\\\/www.manquepierda.com\\\/futbolandia\\\/jovenes-valores-ali-adnan\\\/\",\"url\":\"https:\\\/\\\/www.manquepierda.com\\\/futbolandia\\\/jovenes-valores-ali-adnan\\\/\",\"name\":\"Ali Adnan, el mejor zurdo del Mundial Sub'20 &#8211; Futbolandia\",\"isPartOf\":{\"@id\":\"https:\\\/\\\/www.manquepierda.com\\\/futbolandia\\\/#website\"},\"primaryImageOfPage\":{\"@id\":\"https:\\\/\\\/www.manquepierda.com\\\/futbolandia\\\/jovenes-valores-ali-adnan\\\/#primaryimage\"},\"image\":{\"@id\":\"https:\\\/\\\/www.manquepierda.com\\\/futbolandia\\\/jovenes-valores-ali-adnan\\\/#primaryimage\"},\"thumbnailUrl\":\"https:\\\/\\\/i0.wp.com\\\/www.manquepierda.com\\\/futbolandia\\\/files\\\/2013\\\/07\\\/Ali-Adnan-Foto-tribundergi.com_.jpg?fit=650%2C325&ssl=1\",\"datePublished\":\"2013-07-15T16:56:28+00:00\",\"dateModified\":\"2013-08-27T00:40:22+00:00\",\"author\":{\"@id\":\"https:\\\/\\\/www.manquepierda.com\\\/futbolandia\\\/#\\\/schema\\\/person\\\/7510ca26e398816c7d1853015c168c9a\"},\"breadcrumb\":{\"@id\":\"https:\\\/\\\/www.manquepierda.com\\\/futbolandia\\\/jovenes-valores-ali-adnan\\\/#breadcrumb\"},\"inLanguage\":\"es\",\"potentialAction\":[{\"@type\":\"ReadAction\",\"target\":[\"https:\\\/\\\/www.manquepierda.com\\\/futbolandia\\\/jovenes-valores-ali-adnan\\\/\"]}]},{\"@type\":\"ImageObject\",\"inLanguage\":\"es\",\"@id\":\"https:\\\/\\\/www.manquepierda.com\\\/futbolandia\\\/jovenes-valores-ali-adnan\\\/#primaryimage\",\"url\":\"https:\\\/\\\/i0.wp.com\\\/www.manquepierda.com\\\/futbolandia\\\/files\\\/2013\\\/07\\\/Ali-Adnan-Foto-tribundergi.com_.jpg?fit=650%2C325&ssl=1\",\"contentUrl\":\"https:\\\/\\\/i0.wp.com\\\/www.manquepierda.com\\\/futbolandia\\\/files\\\/2013\\\/07\\\/Ali-Adnan-Foto-tribundergi.com_.jpg?fit=650%2C325&ssl=1\",\"width\":650,\"height\":325,\"caption\":\"Ali Adnan es la mayor promesa del f\u00fatbol iraqu\u00ed(Foto: tribundergi.com)\"},{\"@type\":\"BreadcrumbList\",\"@id\":\"https:\\\/\\\/www.manquepierda.com\\\/futbolandia\\\/jovenes-valores-ali-adnan\\\/#breadcrumb\",\"itemListElement\":[{\"@type\":\"ListItem\",\"position\":1,\"name\":\"Portada\",\"item\":\"https:\\\/\\\/www.manquepierda.com\\\/futbolandia\\\/\"},{\"@type\":\"ListItem\",\"position\":2,\"name\":\"Ali Adnan, el mejor zurdo del Mundial Sub&#8217;20\"}]},{\"@type\":\"WebSite\",\"@id\":\"https:\\\/\\\/www.manquepierda.com\\\/futbolandia\\\/#website\",\"url\":\"https:\\\/\\\/www.manquepierda.com\\\/futbolandia\\\/\",\"name\":\"Futbolandia\",\"description\":\"Reportajes e informaci\u00f3n sobre f\u00fatbol mundial y j\u00f3venes promesas\",\"potentialAction\":[{\"@type\":\"SearchAction\",\"target\":{\"@type\":\"EntryPoint\",\"urlTemplate\":\"https:\\\/\\\/www.manquepierda.com\\\/futbolandia\\\/?s={search_term_string}\"},\"query-input\":{\"@type\":\"PropertyValueSpecification\",\"valueRequired\":true,\"valueName\":\"search_term_string\"}}],\"inLanguage\":\"es\"},{\"@type\":\"Person\",\"@id\":\"https:\\\/\\\/www.manquepierda.com\\\/futbolandia\\\/#\\\/schema\\\/person\\\/7510ca26e398816c7d1853015c168c9a\",\"name\":\"Jes\u00fas Navarro Mayone\",\"image\":{\"@type\":\"ImageObject\",\"inLanguage\":\"es\",\"@id\":\"https:\\\/\\\/secure.gravatar.com\\\/avatar\\\/1708b900c76cc7d38e7c29a416e482a7727846442c1adb21713059b50a33f63b?s=96&d=mm&r=g\",\"url\":\"https:\\\/\\\/secure.gravatar.com\\\/avatar\\\/1708b900c76cc7d38e7c29a416e482a7727846442c1adb21713059b50a33f63b?s=96&d=mm&r=g\",\"contentUrl\":\"https:\\\/\\\/secure.gravatar.com\\\/avatar\\\/1708b900c76cc7d38e7c29a416e482a7727846442c1adb21713059b50a33f63b?s=96&d=mm&r=g\",\"caption\":\"Jes\u00fas Navarro Mayone\"},\"description\":\"Crec\u00ed viendo a Inzaghi hacer goles. A Nesta cortando balones y a Mak\u00e9l\u00e9l\u00e9 barrer jugadas. A Caf\u00fa subiendo la banda y a Palermo rematando. Ahora intento escribir todo eso. Tambi\u00e9n en Twitter: @JesusNavarroM.\",\"url\":\"https:\\\/\\\/www.manquepierda.com\\\/futbolandia\\\/author\\\/jesusnavarro\\\/\"}]}<\/script>\n<!-- \/ Yoast SEO plugin. -->","yoast_head_json":{"title":"Ali Adnan, el mejor zurdo del Mundial Sub'20 &#8211; Futbolandia","robots":{"index":"index","follow":"follow","max-snippet":"max-snippet:-1","max-image-preview":"max-image-preview:large","max-video-preview":"max-video-preview:-1"},"canonical":"https:\/\/www.manquepierda.com\/futbolandia\/jovenes-valores-ali-adnan\/","og_locale":"es_ES","og_type":"article","og_title":"Ali Adnan, el mejor zurdo del Mundial Sub'20 &#8211; Futbolandia","og_description":"Ali Adnan (Bagdag, 1993) es un joven lateral izquierdo que desempe\u00f1a su carrera en el Baghdag FC de su tierra natal, Iraq. Este equipo juega en la Primera Divisi\u00f3n de pa\u00eds desde 2008, a\u00f1o en el que ascendi\u00f3. La est\u00e1 rompiendo\u00a0en el Mundial sub20 que se est\u00e1 celebrando en Turqu\u00eda. Ha colaborado, de una manera...","og_url":"https:\/\/www.manquepierda.com\/futbolandia\/jovenes-valores-ali-adnan\/","og_site_name":"Futbolandia","article_published_time":"2013-07-15T16:56:28+00:00","article_modified_time":"2013-08-27T00:40:22+00:00","og_image":[{"width":650,"height":325,"url":"https:\/\/i1.wp.com\/www.manquepierda.com\/futbolandia\/files\/2013\/07\/Ali-Adnan-Foto-tribundergi.com_.jpg?fit=650%2C325&ssl=1","type":"image\/jpeg"}],"author":"Jes\u00fas Navarro Mayone","twitter_misc":{"Escrito por":"Jes\u00fas Navarro Mayone","Tiempo de lectura":"2 minutos"},"schema":{"@context":"https:\/\/schema.org","@graph":[{"@type":"Article","@id":"https:\/\/www.manquepierda.com\/futbolandia\/jovenes-valores-ali-adnan\/#article","isPartOf":{"@id":"https:\/\/www.manquepierda.com\/futbolandia\/jovenes-valores-ali-adnan\/"},"author":{"name":"Jes\u00fas Navarro Mayone","@id":"https:\/\/www.manquepierda.com\/futbolandia\/#\/schema\/person\/7510ca26e398816c7d1853015c168c9a"},"headline":"Ali Adnan, el mejor zurdo del Mundial Sub&#8217;20","datePublished":"2013-07-15T16:56:28+00:00","dateModified":"2013-08-27T00:40:22+00:00","mainEntityOfPage":{"@id":"https:\/\/www.manquepierda.com\/futbolandia\/jovenes-valores-ali-adnan\/"},"wordCount":315,"commentCount":0,"image":{"@id":"https:\/\/www.manquepierda.com\/futbolandia\/jovenes-valores-ali-adnan\/#primaryimage"},"thumbnailUrl":"https:\/\/i0.wp.com\/www.manquepierda.com\/futbolandia\/files\/2013\/07\/Ali-Adnan-Foto-tribundergi.com_.jpg?fit=650%2C325&ssl=1","keywords":["adnan","ali","Baghdad","irak","lateral","Promesa","Valores"],"articleSection":["J\u00f3venes Valores","Portada"],"inLanguage":"es","potentialAction":[{"@type":"CommentAction","name":"Comment","target":["https:\/\/www.manquepierda.com\/futbolandia\/jovenes-valores-ali-adnan\/#respond"]}]},{"@type":"WebPage","@id":"https:\/\/www.manquepierda.com\/futbolandia\/jovenes-valores-ali-adnan\/","url":"https:\/\/www.manquepierda.com\/futbolandia\/jovenes-valores-ali-adnan\/","name":"Ali Adnan, el mejor zurdo del Mundial Sub'20 &#8211; Futbolandia","isPartOf":{"@id":"https:\/\/www.manquepierda.com\/futbolandia\/#website"},"primaryImageOfPage":{"@id":"https:\/\/www.manquepierda.com\/futbolandia\/jovenes-valores-ali-adnan\/#primaryimage"},"image":{"@id":"https:\/\/www.manquepierda.com\/futbolandia\/jovenes-valores-ali-adnan\/#primaryimage"},"thumbnailUrl":"https:\/\/i0.wp.com\/www.manquepierda.com\/futbolandia\/files\/2013\/07\/Ali-Adnan-Foto-tribundergi.com_.jpg?fit=650%2C325&ssl=1","datePublished":"2013-07-15T16:56:28+00:00","dateModified":"2013-08-27T00:40:22+00:00","author":{"@id":"https:\/\/www.manquepierda.com\/futbolandia\/#\/schema\/person\/7510ca26e398816c7d1853015c168c9a"},"breadcrumb":{"@id":"https:\/\/www.manquepierda.com\/futbolandia\/jovenes-valores-ali-adnan\/#breadcrumb"},"inLanguage":"es","potentialAction":[{"@type":"ReadAction","target":["https:\/\/www.manquepierda.com\/futbolandia\/jovenes-valores-ali-adnan\/"]}]},{"@type":"ImageObject","inLanguage":"es","@id":"https:\/\/www.manquepierda.com\/futbolandia\/jovenes-valores-ali-adnan\/#primaryimage","url":"https:\/\/i0.wp.com\/www.manquepierda.com\/futbolandia\/files\/2013\/07\/Ali-Adnan-Foto-tribundergi.com_.jpg?fit=650%2C325&ssl=1","contentUrl":"https:\/\/i0.wp.com\/www.manquepierda.com\/futbolandia\/files\/2013\/07\/Ali-Adnan-Foto-tribundergi.com_.jpg?fit=650%2C325&ssl=1","width":650,"height":325,"caption":"Ali Adnan es la mayor promesa del f\u00fatbol iraqu\u00ed(Foto: tribundergi.com)"},{"@type":"BreadcrumbList","@id":"https:\/\/www.manquepierda.com\/futbolandia\/jovenes-valores-ali-adnan\/#breadcrumb","itemListElement":[{"@type":"ListItem","position":1,"name":"Portada","item":"https:\/\/www.manquepierda.com\/futbolandia\/"},{"@type":"ListItem","position":2,"name":"Ali Adnan, el mejor zurdo del Mundial Sub&#8217;20"}]},{"@type":"WebSite","@id":"https:\/\/www.manquepierda.com\/futbolandia\/#website","url":"https:\/\/www.manquepierda.com\/futbolandia\/","name":"Futbolandia","description":"Reportajes e informaci\u00f3n sobre f\u00fatbol mundial y j\u00f3venes promesas","potentialAction":[{"@type":"SearchAction","target":{"@type":"EntryPoint","urlTemplate":"https:\/\/www.manquepierda.com\/futbolandia\/?s={search_term_string}"},"query-input":{"@type":"PropertyValueSpecification","valueRequired":true,"valueName":"search_term_string"}}],"inLanguage":"es"},{"@type":"Person","@id":"https:\/\/www.manquepierda.com\/futbolandia\/#\/schema\/person\/7510ca26e398816c7d1853015c168c9a","name":"Jes\u00fas Navarro Mayone","image":{"@type":"ImageObject","inLanguage":"es","@id":"https:\/\/secure.gravatar.com\/avatar\/1708b900c76cc7d38e7c29a416e482a7727846442c1adb21713059b50a33f63b?s=96&d=mm&r=g","url":"https:\/\/secure.gravatar.com\/avatar\/1708b900c76cc7d38e7c29a416e482a7727846442c1adb21713059b50a33f63b?s=96&d=mm&r=g","contentUrl":"https:\/\/secure.gravatar.com\/avatar\/1708b900c76cc7d38e7c29a416e482a7727846442c1adb21713059b50a33f63b?s=96&d=mm&r=g","caption":"Jes\u00fas Navarro Mayone"},"description":"Crec\u00ed viendo a Inzaghi hacer goles. A Nesta cortando balones y a Mak\u00e9l\u00e9l\u00e9 barrer jugadas. A Caf\u00fa subiendo la banda y a Palermo rematando. Ahora intento escribir todo eso. Tambi\u00e9n en Twitter: @JesusNavarroM.","url":"https:\/\/www.manquepierda.com\/futbolandia\/author\/jesusnavarro\/"}]}},"jetpack_publicize_connections":[],"jetpack_featured_media_url":"https:\/\/i0.wp.com\/www.manquepierda.com\/futbolandia\/files\/2013\/07\/Ali-Adnan-Foto-tribundergi.com_.jpg?fit=650%2C325&ssl=1","jetpack_shortlink":"https:\/\/wp.me\/p1THIg-u4","jetpack_sharing_enabled":true,"_links":{"self":[{"href":"https:\/\/www.manquepierda.com\/futbolandia\/wp-json\/wp\/v2\/posts\/1864","targetHints":{"allow":["GET"]}}],"collection":[{"href":"https:\/\/www.manquepierda.com\/futbolandia\/wp-json\/wp\/v2\/posts"}],"about":[{"href":"https:\/\/www.manquepierda.com\/futbolandia\/wp-json\/wp\/v2\/types\/post"}],"author":[{"embeddable":true,"href":"https:\/\/www.manquepierda.com\/futbolandia\/wp-json\/wp\/v2\/users\/101"}],"replies":[{"embeddable":true,"href":"https:\/\/www.manquepierda.com\/futbolandia\/wp-json\/wp\/v2\/comments?post=1864"}],"version-history":[{"count":0,"href":"https:\/\/www.manquepierda.com\/futbolandia\/wp-json\/wp\/v2\/posts\/1864\/revisions"}],"wp:featuredmedia":[{"embeddable":true,"href":"https:\/\/www.manquepierda.com\/futbolandia\/wp-json\/wp\/v2\/media\/1865"}],"wp:attachment":[{"href":"https:\/\/www.manquepierda.com\/futbolandia\/wp-json\/wp\/v2\/media?parent=1864"}],"wp:term":[{"taxonomy":"category","embeddable":true,"href":"https:\/\/www.manquepierda.com\/futbolandia\/wp-json\/wp\/v2\/categories?post=1864"},{"taxonomy":"post_tag","embeddable":true,"href":"https:\/\/www.manquepierda.com\/futbolandia\/wp-json\/wp\/v2\/tags?post=1864"}],"curies":[{"name":"wp","href":"https:\/\/api.w.org\/{rel}","templated":true}]}}