{"id":1920,"date":"2013-07-18T21:37:35","date_gmt":"2013-07-18T19:37:35","guid":{"rendered":"http:\/\/www.manquepierda.com\/futbolandia\/?p=1920"},"modified":"2013-07-18T21:37:35","modified_gmt":"2013-07-18T19:37:35","slug":"te-presentamos-a-algunas-de-las-joyas-del-europeo-sub19-de-lituania-2013","status":"publish","type":"post","link":"https:\/\/www.manquepierda.com\/futbolandia\/te-presentamos-a-algunas-de-las-joyas-del-europeo-sub19-de-lituania-2013\/","title":{"rendered":"Te presentamos a algunas de las joyas del Europeo Sub&#8217;19 de Lituania 2013"},"content":{"rendered":"<figure id=\"attachment_1925\" aria-describedby=\"caption-attachment-1925\" style=\"width: 459px\" class=\"wp-caption alignleft\"><a href=\"https:\/\/i0.wp.com\/www.manquepierda.com\/futbolandia\/files\/2013\/07\/copa-euro-lituania.jpg\"><img data-recalc-dims=\"1\" loading=\"lazy\" decoding=\"async\" data-attachment-id=\"1925\" data-permalink=\"https:\/\/www.manquepierda.com\/futbolandia\/te-presentamos-a-algunas-de-las-joyas-del-europeo-sub19-de-lituania-2013\/copa-euro-lituania\/\" data-orig-file=\"https:\/\/i0.wp.com\/www.manquepierda.com\/futbolandia\/files\/2013\/07\/copa-euro-lituania.jpg?fit=656%2C369&amp;ssl=1\" data-orig-size=\"656,369\" data-comments-opened=\"1\" data-image-meta=\"{&quot;aperture&quot;:&quot;0&quot;,&quot;credit&quot;:&quot;&quot;,&quot;camera&quot;:&quot;&quot;,&quot;caption&quot;:&quot;&quot;,&quot;created_timestamp&quot;:&quot;0&quot;,&quot;copyright&quot;:&quot;&quot;,&quot;focal_length&quot;:&quot;0&quot;,&quot;iso&quot;:&quot;0&quot;,&quot;shutter_speed&quot;:&quot;0&quot;,&quot;title&quot;:&quot;&quot;}\" data-image-title=\"copa euro sub 19 lituania\" data-image-description=\"\" data-image-caption=\"&lt;p&gt;Foto: Uefa.com&lt;\/p&gt;\n\" data-large-file=\"https:\/\/i0.wp.com\/www.manquepierda.com\/futbolandia\/files\/2013\/07\/copa-euro-lituania.jpg?fit=656%2C369&amp;ssl=1\" class=\" wp-image-1925 \" alt=\"Foto: Uefa.com\" src=\"https:\/\/i0.wp.com\/www.manquepierda.com\/futbolandia\/files\/2013\/07\/copa-euro-lituania.jpg?resize=459%2C258\" width=\"459\" height=\"258\" srcset=\"https:\/\/i0.wp.com\/www.manquepierda.com\/futbolandia\/files\/2013\/07\/copa-euro-lituania.jpg?w=656&amp;ssl=1 656w, https:\/\/i0.wp.com\/www.manquepierda.com\/futbolandia\/files\/2013\/07\/copa-euro-lituania.jpg?resize=300%2C168&amp;ssl=1 300w\" sizes=\"auto, (max-width: 459px) 100vw, 459px\" \/><\/a><figcaption id=\"caption-attachment-1925\" class=\"wp-caption-text\">Foto: Uefa.com<\/figcaption><\/figure>\n<p>En apenas un par de d\u00edas, s\u00e1bado 20 de julio, dar\u00e1 comienzo el Europeo Sub&#8217;19 de Estonia.<\/p>\n<p>Casi no hemos tenido tiempo de digerir el Mundial Sub&#8217;20 con Francia como campeona del torneo, y ya tenemos un nuevo campeonato internacional de j\u00f3venes promesas que disfrutar. Ser\u00e1n ocho equipos los participantes: Espa\u00f1a, Francia, Holanda, Lituania, Georgia, Portugal, Serbia y Turqu\u00eda.<\/p>\n<p>Y por supuesto con motivo del campeonato, que cuenta con Espa\u00f1a como vigente campeona, os hemos recopilado algunos de los jugadores m\u00e1s llamativos que podremos disfrutar durante el torneo. Aqu\u00ed os dejamos con la lista de algunos de los futbolistas m\u00e1s atractivos del torneo, que si bien son muy j\u00f3venes y tienen que seguir evolucionando en su f\u00fatbol, guardan una proyecci\u00f3n asombrosa.<\/p>\n<p>&nbsp;<\/p>\n<p><strong>Bruno Varela &#8211; 18 a\u00f1os &#8211; Portugal Sub&#8217;19<\/strong><\/p>\n<p>El portero luso del Benfica ha recibido un solo gol en los cinco partidos que ha disputado en la fase de clasificaci\u00f3n y promete no poner nada f\u00e1cil que el bal\u00f3n bese las mallas que defiende. Es uno de los guardametas que m\u00e1s prometen del torneo.<\/p>\n<p>&nbsp;<\/p>\n<p><strong>Lucas Rougeaux &#8211; 19 a\u00f1os &#8211; Francia Sub&#8217;19<\/strong><\/p>\n<p>Este defensa central que juega en las categor\u00edas inferiores del Niza y que incluso debut\u00f3 ya con el primer equipo este a\u00f1o ante el Evian, ha sido uno de los fijos en la fase de clasificaci\u00f3n de su selecci\u00f3n. Lo ha jugado todo e incluso ha conseguido anotar dos goles aprovechando su buena presencia, 1.86. Ser\u00e1 uno de los pilares b\u00e1sicos de la escuadra gala.<\/p>\n<p>&nbsp;<\/p>\n<p><strong>Terence Kongolo &#8211; 19 a\u00f1os &#8211; Holanda Sub&#8217;19<\/strong><\/p>\n<p>Defensa central que formar\u00e1 en la zaga holandesa y que juega en el Feyenoord. Puede jugar de central y en ocasiones como lateral izquierdo. Este zurdo es un jugador con buen poder\u00edo a\u00e9reo gracias a su 1.83 y buen salto. Ser\u00e1 uno de los encargados de poner orden en la defensa tulip\u00e1n.<\/p>\n<p>&nbsp;<\/p>\n<p><strong>H\u00e9ctor Beller\u00edn &#8211; 18 a\u00f1os &#8211; Espa\u00f1a Sub&#8217;19<\/strong><\/p>\n<p>El lateral derecho de las categor\u00edas inferiores del Arsenal es un futbolista con proyecci\u00f3n, muy correcto y aplicado en defensa y que guarda un gran potencial para sorprender tambi\u00e9n en el ataque por su banda. Es un arma inesperada al ataque y sus aportaciones e incursiones ser\u00e1n importantes en el futuro gunner.<\/p>\n<p>&nbsp;<\/p>\n<figure id=\"attachment_1926\" aria-describedby=\"caption-attachment-1926\" style=\"width: 227px\" class=\"wp-caption alignright\"><a href=\"https:\/\/i0.wp.com\/www.manquepierda.com\/futbolandia\/files\/2013\/07\/Joao-Teixeira.jpg\"><img data-recalc-dims=\"1\" loading=\"lazy\" decoding=\"async\" data-attachment-id=\"1926\" data-permalink=\"https:\/\/www.manquepierda.com\/futbolandia\/te-presentamos-a-algunas-de-las-joyas-del-europeo-sub19-de-lituania-2013\/joao-teixeira\/\" data-orig-file=\"https:\/\/i0.wp.com\/www.manquepierda.com\/futbolandia\/files\/2013\/07\/Joao-Teixeira.jpg?fit=227%2C296&amp;ssl=1\" data-orig-size=\"227,296\" data-comments-opened=\"1\" data-image-meta=\"{&quot;aperture&quot;:&quot;4&quot;,&quot;credit&quot;:&quot;&quot;,&quot;camera&quot;:&quot;Canon EOS 7D&quot;,&quot;caption&quot;:&quot;&quot;,&quot;created_timestamp&quot;:&quot;1358615314&quot;,&quot;copyright&quot;:&quot;&quot;,&quot;focal_length&quot;:&quot;300&quot;,&quot;iso&quot;:&quot;640&quot;,&quot;shutter_speed&quot;:&quot;0.00025&quot;,&quot;title&quot;:&quot;&quot;}\" data-image-title=\"Joao Teixeira\" data-image-description=\"\" data-image-caption=\"&lt;p&gt;Joao Teixeira controla un bal\u00f3n con la camiseta del Benfica&lt;br \/&gt;\nFoto: aovivo.slbenfica.pt &lt;\/p&gt;\n\" data-large-file=\"https:\/\/i0.wp.com\/www.manquepierda.com\/futbolandia\/files\/2013\/07\/Joao-Teixeira.jpg?fit=227%2C296&amp;ssl=1\" class=\"size-full wp-image-1926\" alt=\"Joao Teixeira controla un bal\u00f3n con la camiseta del Benfica Foto: aovivo.slbenfica.pt \" src=\"https:\/\/i0.wp.com\/www.manquepierda.com\/futbolandia\/files\/2013\/07\/Joao-Teixeira.jpg?resize=227%2C296\" width=\"227\" height=\"296\" \/><\/a><figcaption id=\"caption-attachment-1926\" class=\"wp-caption-text\">Joao Teixeira controla un bal\u00f3n con la camiseta del Benfica<br \/>Foto: aovivo.slbenfica.pt<\/figcaption><\/figure>\n<p><strong>Joao Teixeira &#8211; 19 a\u00f1os &#8211; Portugal Sub&#8217;19<\/strong><\/p>\n<p>Mediocentro defensivo y jugador del Benfica. Se trata de un buen recuperador, que adem\u00e1s tiene muy buena salida del bal\u00f3n. Es el encargado de otorgar equilibrio a la buena selecci\u00f3n de Portugal y comenzar con la presi\u00f3n intensa y marcaje al rival.<\/p>\n<p>&nbsp;<\/p>\n<p><strong>Adrien Hunou &#8211; 19 a\u00f1os &#8211; Francia Sub&#8217;19<\/strong><\/p>\n<p>Hunou es un joven mediapunta franc\u00e9s muy ofensivo de la cantera del Stade Rennes. Lo ha jugado todo en la fase de clasificaci\u00f3n y consigui\u00f3 dos importantes goles ante Suecia para sentenciar la clasificaci\u00f3n de su selecci\u00f3n. Su labor durante el torneo ser\u00e1 la de apoyar el ataque y conectar con la delantera, especialmente con la estrella gala, Yassine Benzia.<\/p>\n<p>&nbsp;<\/p>\n<p><strong>Guram Samushia &#8211; 18 a\u00f1os &#8211; Georgia Sub&#8217;19<\/strong><\/p>\n<p>Uno de los futbolistas m\u00e1s t\u00e9cnicos de la selecci\u00f3n georgiana y autor de un golazo ante B\u00e9lgica que sentenci\u00f3 la clasificaci\u00f3n para el Europeo. Este futbolista del FC Zestafoni intentar\u00e1 conseguir un hito hist\u00f3rico con su selecci\u00f3n despu\u00e9s de haber realizado una buena fase de clasificaci\u00f3n. Si a Georgia le van bien las cosas, ser\u00e1n muchos los que queden sorprendidos con su buen golpeo de bal\u00f3n y el puede ser la figura de esta selecci\u00f3n.<\/p>\n<p>&nbsp;<\/p>\n<p><strong>Kyle Ebecilio &#8211; 19 a\u00f1os &#8211; Holanda Sub&#8217;19<\/strong><\/p>\n<p>Mediocentro del FC Twente y el alma de esta selecci\u00f3n. Es el encargado de coger el bal\u00f3n y dar sentido al juego de la orange, ya sea conduciendo, llegando desde segunda linea o combinando con la linea de ataque. Debe coger galones y convertirse en un hombre importante para Holanda durante el campeonato.<\/p>\n<p>&nbsp;<\/p>\n<p><strong>Salih U\u00e7an &#8211; 19 a\u00f1os &#8211; Turqu\u00eda Sub&#8217;19<\/strong><\/p>\n<p>El mediocentro del Fenerbah\u00e7e es un jugador con una t\u00e9cnica exquisita. Visi\u00f3n de juego y buenos movimientos con y sin bal\u00f3n, con la calidad suficiente para desequilibrar al rival con un regate o un control orientado y con la habilidad de hacer jugar a los compa\u00f1eros. Uno de los grandes alicientes de Turqu\u00eda que ha dem\u00e1s ya ha jugado y marcado con la camiseta de su club.<\/p>\n<p>&nbsp;<\/p>\n<figure id=\"attachment_1927\" aria-describedby=\"caption-attachment-1927\" style=\"width: 211px\" class=\"wp-caption alignleft\"><a href=\"https:\/\/i0.wp.com\/www.manquepierda.com\/futbolandia\/files\/2013\/07\/Fede-Vico.jpg\"><img data-recalc-dims=\"1\" loading=\"lazy\" decoding=\"async\" data-attachment-id=\"1927\" data-permalink=\"https:\/\/www.manquepierda.com\/futbolandia\/te-presentamos-a-algunas-de-las-joyas-del-europeo-sub19-de-lituania-2013\/fede-vico\/\" data-orig-file=\"https:\/\/i0.wp.com\/www.manquepierda.com\/futbolandia\/files\/2013\/07\/Fede-Vico.jpg?fit=302%2C482&amp;ssl=1\" data-orig-size=\"302,482\" data-comments-opened=\"1\" data-image-meta=\"{&quot;aperture&quot;:&quot;0&quot;,&quot;credit&quot;:&quot;&quot;,&quot;camera&quot;:&quot;&quot;,&quot;caption&quot;:&quot;&quot;,&quot;created_timestamp&quot;:&quot;0&quot;,&quot;copyright&quot;:&quot;&quot;,&quot;focal_length&quot;:&quot;0&quot;,&quot;iso&quot;:&quot;0&quot;,&quot;shutter_speed&quot;:&quot;0&quot;,&quot;title&quot;:&quot;&quot;}\" data-image-title=\"Fede Vico\" data-image-description=\"\" data-image-caption=\"&lt;p&gt;El nuevo jugador de el Anderlecht es una de las perlas de Espa\u00f1a&lt;br \/&gt;\nFoto: lainformacion.com&lt;\/p&gt;\n\" data-large-file=\"https:\/\/i0.wp.com\/www.manquepierda.com\/futbolandia\/files\/2013\/07\/Fede-Vico.jpg?fit=302%2C482&amp;ssl=1\" class=\" wp-image-1927 \" alt=\"El nuevo jugador de el Anderlecht es una de las perlas de Espa\u00f1a Foto: lainformacion.com\" src=\"https:\/\/i0.wp.com\/www.manquepierda.com\/futbolandia\/files\/2013\/07\/Fede-Vico.jpg?resize=211%2C337\" width=\"211\" height=\"337\" srcset=\"https:\/\/i0.wp.com\/www.manquepierda.com\/futbolandia\/files\/2013\/07\/Fede-Vico.jpg?w=302&amp;ssl=1 302w, https:\/\/i0.wp.com\/www.manquepierda.com\/futbolandia\/files\/2013\/07\/Fede-Vico.jpg?resize=187%2C300&amp;ssl=1 187w\" sizes=\"auto, (max-width: 211px) 100vw, 211px\" \/><\/a><figcaption id=\"caption-attachment-1927\" class=\"wp-caption-text\">El nuevo jugador de el Anderlecht es una de las perlas de Espa\u00f1a<br \/>Foto: lainformacion.com<\/figcaption><\/figure>\n<p><strong>Fede Vico &#8211; 18 a\u00f1os &#8211; Espa\u00f1a Sub&#8217;19<\/strong><\/p>\n<p>El canterano del C\u00f3rdoba llega al torneo tas haberse convertido en nuevo futbolista del Anderletch belga. Este zurdo es muy habilidoso y no duda rondar el \u00e1rea para buscar el disparo. Su \u00faltima temporada en el equipo albiverde lo ha hecho crecer mucho y ahora debe seguir su evoluci\u00f3n.<\/p>\n<p>&nbsp;<\/p>\n<p><strong>Marcos Lopes &#8211; 19 a\u00f1os &#8211; Portugal Sub&#8217;19<\/strong><\/p>\n<p>Mediapunta del Manchester City que puede jugar escorado a banda. Su habilidad con el bal\u00f3n en los pies y sus condiciones para desequilibrar contrarios deber\u00e1n hacer olvidar la importante ausencia de Bruma, goleador de esta selecci\u00f3n pero que se ausentar\u00e1 al haber disputado el Mundial Sub&#8217;20 de Turqu\u00eda. Su zurda ser\u00e1 uno de los grandes alicientes de Portugal.<\/p>\n<p>&nbsp;<\/p>\n<p><strong>Adrien Rabiot &#8211; 18 a\u00f1os &#8211; Francia Sub&#8217;19<\/strong><\/p>\n<p>Mediocentro de calidad, bien en el movimiento del bal\u00f3n y en el regate a pesar de ser bastante alto (1.89). Le ha venido muy bien su cesi\u00f3n al Toulouse para adquirir experiencia y minutos en la Ligue 1. Ha sido un fijo con la Sub&#8217;19 francesa e incluso ha encontrado el camino del gol. Ser\u00e1 el encargado de mover el bal\u00f3n y organizar el juego franc\u00e9s.<\/p>\n<p>&nbsp;<\/p>\n<p><strong>Hakan \u00c7alhano\u011flu &#8211; 19 a\u00f1os &#8211; Turqu\u00eda Sub&#8217;19<\/strong><\/p>\n<p>Este mediapunta es otro de los jugadores a seguir en la prometedora Turqu\u00eda. Tiene una pierna derecha fabulosa y mucha calidad. Adem\u00e1s de su descaro y su visi\u00f3n de juego, este futbolista destaca por su excelente lanzamiento de libres directos, penaltis y corners, haciendo de cada jugada a bal\u00f3n parado un peligro constante.<\/p>\n<p>&nbsp;<\/p>\n<p><strong>Uros Djurdjevic &#8211; 18 a\u00f1os &#8211; Serbia Sub&#8217;19<\/strong><\/p>\n<p>Djurdjevic es un delantero h\u00e1bil y con buen golpeo de bal\u00f3n que suele jugar escorado a banda. Suele buscar encarar y mover el bal\u00f3n desde una posici\u00f3n cercana a la cal. Ser\u00e1 un futbolista \u00fatil para Serbia y que le otorgar\u00e1 distintos recursos en la zona de vanguardia.<\/p>\n<p>&nbsp;<\/p>\n<p><strong>Bachana Arabuli &#8211; 19 a\u00f1os &#8211; Georgia Sub&#8217;19<\/strong><\/p>\n<p>Formar\u00e1 la delantera de Georgia junto a Giorgi Pantsulaia. Tal vez no sean las figuras del torneo pero los destacamos porque ser\u00e1n la referencia arriba de su selecci\u00f3n y el encargado de finalizar sus jugadas. Zurdo, le gusta m\u00e1s descolgarse hacia atr\u00e1s que ser la referencia arriba y fijar a los centrales. Deben mostrar su mejor nivel.<\/p>\n<p>&nbsp;<\/p>\n<p><strong>Anass Achahbar &#8211; 19 a\u00f1os &#8211; Holanda Sub&#8217;19<\/strong><\/p>\n<p>Ojito con este nombre porque es uno de mis futbolistas preferidos para el campeonato. Tiene ese algo diferente, ese algo distinto para ser un gran futbolista. Exquisito t\u00e9cnicamente, con fantas\u00eda, imaginaci\u00f3n y cualidades para llevar a cabo lo que se le ocurre. Este delantero de ascendencia marroqu\u00ed puede dar mucho que hablar en este campeonato y darse a conocer internacionalmente aunque ya se est\u00e1 dando a conocer en el primer equipo del Feyenoord.<\/p>\n<p>&nbsp;<\/p>\n<figure id=\"attachment_1928\" aria-describedby=\"caption-attachment-1928\" style=\"width: 371px\" class=\"wp-caption alignright\"><a href=\"https:\/\/i0.wp.com\/www.manquepierda.com\/futbolandia\/files\/2013\/07\/Benzia.jpg\"><img data-recalc-dims=\"1\" loading=\"lazy\" decoding=\"async\" data-attachment-id=\"1928\" data-permalink=\"https:\/\/www.manquepierda.com\/futbolandia\/te-presentamos-a-algunas-de-las-joyas-del-europeo-sub19-de-lituania-2013\/benzia\/\" data-orig-file=\"https:\/\/i0.wp.com\/www.manquepierda.com\/futbolandia\/files\/2013\/07\/Benzia.jpg?fit=619%2C464&amp;ssl=1\" data-orig-size=\"619,464\" data-comments-opened=\"1\" data-image-meta=\"{&quot;aperture&quot;:&quot;0&quot;,&quot;credit&quot;:&quot;JORGE MARTINEZ&quot;,&quot;camera&quot;:&quot;&quot;,&quot;caption&quot;:&quot;SOCCER\/FUTBOL\\nMUNDIAL FIFA SUB 17 MEXICO 2011\\nFRANCIA VS ARGENTINA\\nAction photo of Yassine Benzia of FRance celebrating a goal, during the game of Mundial sub 17 2011, celebrate at Monterrey.\/Foto de accion de Yassine Benzia de FRancia celebrando un gol, durante juego de la Copa del Mundo sub 17 2011, celebrado en Monterey. 18 June 2011. MEXSPORT\/JORGE MARTINEZ&quot;,&quot;created_timestamp&quot;:&quot;0&quot;,&quot;copyright&quot;:&quot;MEXSPORT&quot;,&quot;focal_length&quot;:&quot;0&quot;,&quot;iso&quot;:&quot;0&quot;,&quot;shutter_speed&quot;:&quot;0&quot;,&quot;title&quot;:&quot;&quot;}\" data-image-title=\"Yassine Benzia\" data-image-description=\"\" data-image-caption=\"&lt;p&gt;Yassine Benzia, delantero del Lyon es el goleador de Francia&lt;br \/&gt;\nFoto: media.terra.com.br&lt;\/p&gt;\n\" data-large-file=\"https:\/\/i0.wp.com\/www.manquepierda.com\/futbolandia\/files\/2013\/07\/Benzia.jpg?fit=619%2C464&amp;ssl=1\" class=\" wp-image-1928 \" alt=\"Yassine Benzia, delantero del Lyon es el goleador de Francia Foto: media.terra.com.br\" src=\"https:\/\/i0.wp.com\/www.manquepierda.com\/futbolandia\/files\/2013\/07\/Benzia.jpg?resize=371%2C278\" width=\"371\" height=\"278\" srcset=\"https:\/\/i0.wp.com\/www.manquepierda.com\/futbolandia\/files\/2013\/07\/Benzia.jpg?w=619&amp;ssl=1 619w, https:\/\/i0.wp.com\/www.manquepierda.com\/futbolandia\/files\/2013\/07\/Benzia.jpg?resize=300%2C224&amp;ssl=1 300w\" sizes=\"auto, (max-width: 371px) 100vw, 371px\" \/><\/a><figcaption id=\"caption-attachment-1928\" class=\"wp-caption-text\">Yassine Benzia, delantero del Lyon es el goleador de Francia<br \/>Foto: media.terra.com.br<\/figcaption><\/figure>\n<p><strong>Yassine Benzia &#8211; 18 a\u00f1os &#8211; Francia Sub&#8217;19<\/strong><\/p>\n<p>El delantero es una de las j\u00f3venes perlas del Olympique de Lyon, un futbolista con gran futuro que puede actuar tanto en el puesto de delantero centro como escorado a ambas bandas. Ha sido el m\u00e1ximo goleador de la selecci\u00f3n francesa en las rondas clasificatorias y ser\u00e1 el referente durante el Europeo. Uno de los mayores atractivos del torneo poder verle jugar.<\/p>\n<p>&nbsp;<\/p>\n<p><strong>Aleksandr Mitrovic &#8211; 18 a\u00f1os &#8211; Serbia Sub&#8217;19<\/strong><\/p>\n<p>Se trata de un delantero de grandes cualidades, muy completo y con muy buenas cifras goleadoras. Va muy bien al remate de cabeza y tiene calidad para desbordar o asistir. Ser\u00e1 el ariete de Serbia este campeonato y de \u00e9l depender\u00e1 mucho el ataque de su selecci\u00f3n.<\/p>\n<p>&nbsp;<\/p>\n<p><strong>\u00c1lvaro Vadillo &#8211; 18 a\u00f1os &#8211; Espa\u00f1a Sub&#8217;19<\/strong><\/p>\n<p>El jugador del Real Betis es un pu\u00f1al tanto por la banda izquierda como por la derecha, aunque en Espa\u00f1a lo veremos seguramente en la diestra. Tiene una habilidad incre\u00edble para el regate, cambio de ritmo y la imaginaci\u00f3n para desequilibrar a sus defensores. Ser\u00e1 una de las principales armas de la rojita para desestabilizar las defensas contrarias.<\/p>\n<p>&nbsp;<\/p>\n<p><strong>Ibrahim Yilmaz \u00a0&#8211; 19 a\u00f1os &#8211; Truqu\u00eda Sub&#8217;19<\/strong><\/p>\n<p>Tras haber disputado el Mundial Sub&#8217;20, el delantero turco que ya marcase en la fase de clasificaci\u00f3n varios goles con la Sub&#8217;19 volver\u00e1 a ser la referencia arriba y su hombre gol. Deber\u00e1 aprovechar todos los balones que le lleguen, que no ser\u00e1n pocos dada la calidad de la medular en el equipo otomano.<\/p>\n<p>&nbsp;<\/p>\n","protected":false},"excerpt":{"rendered":"<p>En apenas un par de d\u00edas, s\u00e1bado 20 de julio, dar\u00e1 comienzo el Europeo Sub&#8217;19 de Estonia. Casi no hemos tenido tiempo de digerir el Mundial Sub&#8217;20 con Francia como campeona del torneo, y ya tenemos un nuevo campeonato internacional de j\u00f3venes promesas que disfrutar. Ser\u00e1n ocho equipos los participantes: Espa\u00f1a, Francia, Holanda, Lituania, Georgia,&#8230;<\/p>\n","protected":false},"author":93,"featured_media":1925,"comment_status":"open","ping_status":"open","sticky":false,"template":"","format":"standard","meta":{"_kad_post_transparent":"","_kad_post_title":"","_kad_post_layout":"","_kad_post_sidebar_id":"","_kad_post_content_style":"","_kad_post_vertical_padding":"","_kad_post_feature":"","_kad_post_feature_position":"","_kad_post_header":false,"_kad_post_footer":false,"_kad_post_classname":"","_jetpack_memberships_contains_paid_content":false,"footnotes":"","jetpack_publicize_message":"","jetpack_publicize_feature_enabled":true,"jetpack_social_post_already_shared":true,"jetpack_social_options":{"image_generator_settings":{"template":"highway","default_image_id":0,"font":"","enabled":false},"version":2}},"categories":[10],"tags":[639,637,625,640,641,642,638],"class_list":["post-1920","post","type-post","status-publish","format-standard","has-post-thumbnail","hentry","category-portada","tag-639","tag-europeo","tag-jugadores","tag-lituania","tag-perlas","tag-promesas","tag-sub19"],"yoast_head":"<!-- This site is optimized with the Yoast SEO plugin v27.5 - https:\/\/yoast.com\/product\/yoast-seo-wordpress\/ -->\n<title>Te presentamos a algunas de las joyas del Europeo Sub&#039;19 de Lituania 2013 &#8211; Futbolandia<\/title>\n<meta name=\"robots\" content=\"index, follow, max-snippet:-1, max-image-preview:large, max-video-preview:-1\" \/>\n<link rel=\"canonical\" href=\"https:\/\/www.manquepierda.com\/futbolandia\/te-presentamos-a-algunas-de-las-joyas-del-europeo-sub19-de-lituania-2013\/\" \/>\n<meta property=\"og:locale\" content=\"es_ES\" \/>\n<meta property=\"og:type\" content=\"article\" \/>\n<meta property=\"og:title\" content=\"Te presentamos a algunas de las joyas del Europeo Sub&#039;19 de Lituania 2013 &#8211; Futbolandia\" \/>\n<meta property=\"og:description\" content=\"En apenas un par de d\u00edas, s\u00e1bado 20 de julio, dar\u00e1 comienzo el Europeo Sub&#8217;19 de Estonia. Casi no hemos tenido tiempo de digerir el Mundial Sub&#8217;20 con Francia como campeona del torneo, y ya tenemos un nuevo campeonato internacional de j\u00f3venes promesas que disfrutar. Ser\u00e1n ocho equipos los participantes: Espa\u00f1a, Francia, Holanda, Lituania, Georgia,...\" \/>\n<meta property=\"og:url\" content=\"https:\/\/www.manquepierda.com\/futbolandia\/te-presentamos-a-algunas-de-las-joyas-del-europeo-sub19-de-lituania-2013\/\" \/>\n<meta property=\"og:site_name\" content=\"Futbolandia\" \/>\n<meta property=\"article:published_time\" content=\"2013-07-18T19:37:35+00:00\" \/>\n<meta property=\"og:image\" content=\"https:\/\/i0.wp.com\/www.manquepierda.com\/futbolandia\/files\/2013\/07\/copa-euro-lituania.jpg?fit=656%2C369&ssl=1\" \/>\n\t<meta property=\"og:image:width\" content=\"656\" \/>\n\t<meta property=\"og:image:height\" content=\"369\" \/>\n\t<meta property=\"og:image:type\" content=\"image\/jpeg\" \/>\n<meta name=\"author\" content=\"Jorge M. Gonz\u00e1lez\" \/>\n<meta name=\"twitter:label1\" content=\"Escrito por\" \/>\n\t<meta name=\"twitter:data1\" content=\"Jorge M. Gonz\u00e1lez\" \/>\n\t<meta name=\"twitter:label2\" content=\"Tiempo de lectura\" \/>\n\t<meta name=\"twitter:data2\" content=\"8 minutos\" \/>\n<script type=\"application\/ld+json\" class=\"yoast-schema-graph\">{\"@context\":\"https:\\\/\\\/schema.org\",\"@graph\":[{\"@type\":\"Article\",\"@id\":\"https:\\\/\\\/www.manquepierda.com\\\/futbolandia\\\/te-presentamos-a-algunas-de-las-joyas-del-europeo-sub19-de-lituania-2013\\\/#article\",\"isPartOf\":{\"@id\":\"https:\\\/\\\/www.manquepierda.com\\\/futbolandia\\\/te-presentamos-a-algunas-de-las-joyas-del-europeo-sub19-de-lituania-2013\\\/\"},\"author\":{\"name\":\"Jorge M. Gonz\u00e1lez\",\"@id\":\"https:\\\/\\\/www.manquepierda.com\\\/futbolandia\\\/#\\\/schema\\\/person\\\/fdb4eabc3c2e0e717a790a4ce10cd2b3\"},\"headline\":\"Te presentamos a algunas de las joyas del Europeo Sub&#8217;19 de Lituania 2013\",\"datePublished\":\"2013-07-18T19:37:35+00:00\",\"mainEntityOfPage\":{\"@id\":\"https:\\\/\\\/www.manquepierda.com\\\/futbolandia\\\/te-presentamos-a-algunas-de-las-joyas-del-europeo-sub19-de-lituania-2013\\\/\"},\"wordCount\":1623,\"commentCount\":2,\"image\":{\"@id\":\"https:\\\/\\\/www.manquepierda.com\\\/futbolandia\\\/te-presentamos-a-algunas-de-las-joyas-del-europeo-sub19-de-lituania-2013\\\/#primaryimage\"},\"thumbnailUrl\":\"https:\\\/\\\/i0.wp.com\\\/www.manquepierda.com\\\/futbolandia\\\/files\\\/2013\\\/07\\\/copa-euro-lituania.jpg?fit=656%2C369&ssl=1\",\"keywords\":[\"19\",\"europeo\",\"jugadores\",\"lituania\",\"perlas\",\"promesas\",\"sub19\"],\"articleSection\":[\"Portada\"],\"inLanguage\":\"es\",\"potentialAction\":[{\"@type\":\"CommentAction\",\"name\":\"Comment\",\"target\":[\"https:\\\/\\\/www.manquepierda.com\\\/futbolandia\\\/te-presentamos-a-algunas-de-las-joyas-del-europeo-sub19-de-lituania-2013\\\/#respond\"]}]},{\"@type\":\"WebPage\",\"@id\":\"https:\\\/\\\/www.manquepierda.com\\\/futbolandia\\\/te-presentamos-a-algunas-de-las-joyas-del-europeo-sub19-de-lituania-2013\\\/\",\"url\":\"https:\\\/\\\/www.manquepierda.com\\\/futbolandia\\\/te-presentamos-a-algunas-de-las-joyas-del-europeo-sub19-de-lituania-2013\\\/\",\"name\":\"Te presentamos a algunas de las joyas del Europeo Sub'19 de Lituania 2013 &#8211; Futbolandia\",\"isPartOf\":{\"@id\":\"https:\\\/\\\/www.manquepierda.com\\\/futbolandia\\\/#website\"},\"primaryImageOfPage\":{\"@id\":\"https:\\\/\\\/www.manquepierda.com\\\/futbolandia\\\/te-presentamos-a-algunas-de-las-joyas-del-europeo-sub19-de-lituania-2013\\\/#primaryimage\"},\"image\":{\"@id\":\"https:\\\/\\\/www.manquepierda.com\\\/futbolandia\\\/te-presentamos-a-algunas-de-las-joyas-del-europeo-sub19-de-lituania-2013\\\/#primaryimage\"},\"thumbnailUrl\":\"https:\\\/\\\/i0.wp.com\\\/www.manquepierda.com\\\/futbolandia\\\/files\\\/2013\\\/07\\\/copa-euro-lituania.jpg?fit=656%2C369&ssl=1\",\"datePublished\":\"2013-07-18T19:37:35+00:00\",\"author\":{\"@id\":\"https:\\\/\\\/www.manquepierda.com\\\/futbolandia\\\/#\\\/schema\\\/person\\\/fdb4eabc3c2e0e717a790a4ce10cd2b3\"},\"breadcrumb\":{\"@id\":\"https:\\\/\\\/www.manquepierda.com\\\/futbolandia\\\/te-presentamos-a-algunas-de-las-joyas-del-europeo-sub19-de-lituania-2013\\\/#breadcrumb\"},\"inLanguage\":\"es\",\"potentialAction\":[{\"@type\":\"ReadAction\",\"target\":[\"https:\\\/\\\/www.manquepierda.com\\\/futbolandia\\\/te-presentamos-a-algunas-de-las-joyas-del-europeo-sub19-de-lituania-2013\\\/\"]}]},{\"@type\":\"ImageObject\",\"inLanguage\":\"es\",\"@id\":\"https:\\\/\\\/www.manquepierda.com\\\/futbolandia\\\/te-presentamos-a-algunas-de-las-joyas-del-europeo-sub19-de-lituania-2013\\\/#primaryimage\",\"url\":\"https:\\\/\\\/i0.wp.com\\\/www.manquepierda.com\\\/futbolandia\\\/files\\\/2013\\\/07\\\/copa-euro-lituania.jpg?fit=656%2C369&ssl=1\",\"contentUrl\":\"https:\\\/\\\/i0.wp.com\\\/www.manquepierda.com\\\/futbolandia\\\/files\\\/2013\\\/07\\\/copa-euro-lituania.jpg?fit=656%2C369&ssl=1\",\"width\":656,\"height\":369,\"caption\":\"Foto: Uefa.com\"},{\"@type\":\"BreadcrumbList\",\"@id\":\"https:\\\/\\\/www.manquepierda.com\\\/futbolandia\\\/te-presentamos-a-algunas-de-las-joyas-del-europeo-sub19-de-lituania-2013\\\/#breadcrumb\",\"itemListElement\":[{\"@type\":\"ListItem\",\"position\":1,\"name\":\"Portada\",\"item\":\"https:\\\/\\\/www.manquepierda.com\\\/futbolandia\\\/\"},{\"@type\":\"ListItem\",\"position\":2,\"name\":\"Te presentamos a algunas de las joyas del Europeo Sub&#8217;19 de Lituania 2013\"}]},{\"@type\":\"WebSite\",\"@id\":\"https:\\\/\\\/www.manquepierda.com\\\/futbolandia\\\/#website\",\"url\":\"https:\\\/\\\/www.manquepierda.com\\\/futbolandia\\\/\",\"name\":\"Futbolandia\",\"description\":\"Reportajes e informaci\u00f3n sobre f\u00fatbol mundial y j\u00f3venes promesas\",\"potentialAction\":[{\"@type\":\"SearchAction\",\"target\":{\"@type\":\"EntryPoint\",\"urlTemplate\":\"https:\\\/\\\/www.manquepierda.com\\\/futbolandia\\\/?s={search_term_string}\"},\"query-input\":{\"@type\":\"PropertyValueSpecification\",\"valueRequired\":true,\"valueName\":\"search_term_string\"}}],\"inLanguage\":\"es\"},{\"@type\":\"Person\",\"@id\":\"https:\\\/\\\/www.manquepierda.com\\\/futbolandia\\\/#\\\/schema\\\/person\\\/fdb4eabc3c2e0e717a790a4ce10cd2b3\",\"name\":\"Jorge M. Gonz\u00e1lez\",\"image\":{\"@type\":\"ImageObject\",\"inLanguage\":\"es\",\"@id\":\"https:\\\/\\\/secure.gravatar.com\\\/avatar\\\/40fe62083e523c4134f75fb1d06ea73b4503d9162f3c6e89800e90f1bbd7f262?s=96&d=mm&r=g\",\"url\":\"https:\\\/\\\/secure.gravatar.com\\\/avatar\\\/40fe62083e523c4134f75fb1d06ea73b4503d9162f3c6e89800e90f1bbd7f262?s=96&d=mm&r=g\",\"contentUrl\":\"https:\\\/\\\/secure.gravatar.com\\\/avatar\\\/40fe62083e523c4134f75fb1d06ea73b4503d9162f3c6e89800e90f1bbd7f262?s=96&d=mm&r=g\",\"caption\":\"Jorge M. Gonz\u00e1lez\"},\"description\":\"Apasionado del f\u00fatbol internacional y Social Media Manager. Me gusta seguir ligas extranjeras y a las j\u00f3venes promesas de todo el mundo. S\u00edgueme en twitter para compartir afici\u00f3n: @jorgegonex\",\"sameAs\":[\"http:\\\/\\\/manquepierda.com\\\/\",\"https:\\\/\\\/x.com\\\/https:\\\/\\\/twitter.com\\\/jorgegonex\",\"https:\\\/\\\/www.youtube.com\\\/user\\\/FutbolandiaMQP\"],\"url\":\"https:\\\/\\\/www.manquepierda.com\\\/futbolandia\\\/author\\\/jorgegonzalez\\\/\"}]}<\/script>\n<!-- \/ Yoast SEO plugin. -->","yoast_head_json":{"title":"Te presentamos a algunas de las joyas del Europeo Sub'19 de Lituania 2013 &#8211; Futbolandia","robots":{"index":"index","follow":"follow","max-snippet":"max-snippet:-1","max-image-preview":"max-image-preview:large","max-video-preview":"max-video-preview:-1"},"canonical":"https:\/\/www.manquepierda.com\/futbolandia\/te-presentamos-a-algunas-de-las-joyas-del-europeo-sub19-de-lituania-2013\/","og_locale":"es_ES","og_type":"article","og_title":"Te presentamos a algunas de las joyas del Europeo Sub'19 de Lituania 2013 &#8211; Futbolandia","og_description":"En apenas un par de d\u00edas, s\u00e1bado 20 de julio, dar\u00e1 comienzo el Europeo Sub&#8217;19 de Estonia. Casi no hemos tenido tiempo de digerir el Mundial Sub&#8217;20 con Francia como campeona del torneo, y ya tenemos un nuevo campeonato internacional de j\u00f3venes promesas que disfrutar. Ser\u00e1n ocho equipos los participantes: Espa\u00f1a, Francia, Holanda, Lituania, Georgia,...","og_url":"https:\/\/www.manquepierda.com\/futbolandia\/te-presentamos-a-algunas-de-las-joyas-del-europeo-sub19-de-lituania-2013\/","og_site_name":"Futbolandia","article_published_time":"2013-07-18T19:37:35+00:00","og_image":[{"width":656,"height":369,"url":"https:\/\/i0.wp.com\/www.manquepierda.com\/futbolandia\/files\/2013\/07\/copa-euro-lituania.jpg?fit=656%2C369&ssl=1","type":"image\/jpeg"}],"author":"Jorge M. Gonz\u00e1lez","twitter_misc":{"Escrito por":"Jorge M. Gonz\u00e1lez","Tiempo de lectura":"8 minutos"},"schema":{"@context":"https:\/\/schema.org","@graph":[{"@type":"Article","@id":"https:\/\/www.manquepierda.com\/futbolandia\/te-presentamos-a-algunas-de-las-joyas-del-europeo-sub19-de-lituania-2013\/#article","isPartOf":{"@id":"https:\/\/www.manquepierda.com\/futbolandia\/te-presentamos-a-algunas-de-las-joyas-del-europeo-sub19-de-lituania-2013\/"},"author":{"name":"Jorge M. Gonz\u00e1lez","@id":"https:\/\/www.manquepierda.com\/futbolandia\/#\/schema\/person\/fdb4eabc3c2e0e717a790a4ce10cd2b3"},"headline":"Te presentamos a algunas de las joyas del Europeo Sub&#8217;19 de Lituania 2013","datePublished":"2013-07-18T19:37:35+00:00","mainEntityOfPage":{"@id":"https:\/\/www.manquepierda.com\/futbolandia\/te-presentamos-a-algunas-de-las-joyas-del-europeo-sub19-de-lituania-2013\/"},"wordCount":1623,"commentCount":2,"image":{"@id":"https:\/\/www.manquepierda.com\/futbolandia\/te-presentamos-a-algunas-de-las-joyas-del-europeo-sub19-de-lituania-2013\/#primaryimage"},"thumbnailUrl":"https:\/\/i0.wp.com\/www.manquepierda.com\/futbolandia\/files\/2013\/07\/copa-euro-lituania.jpg?fit=656%2C369&ssl=1","keywords":["19","europeo","jugadores","lituania","perlas","promesas","sub19"],"articleSection":["Portada"],"inLanguage":"es","potentialAction":[{"@type":"CommentAction","name":"Comment","target":["https:\/\/www.manquepierda.com\/futbolandia\/te-presentamos-a-algunas-de-las-joyas-del-europeo-sub19-de-lituania-2013\/#respond"]}]},{"@type":"WebPage","@id":"https:\/\/www.manquepierda.com\/futbolandia\/te-presentamos-a-algunas-de-las-joyas-del-europeo-sub19-de-lituania-2013\/","url":"https:\/\/www.manquepierda.com\/futbolandia\/te-presentamos-a-algunas-de-las-joyas-del-europeo-sub19-de-lituania-2013\/","name":"Te presentamos a algunas de las joyas del Europeo Sub'19 de Lituania 2013 &#8211; Futbolandia","isPartOf":{"@id":"https:\/\/www.manquepierda.com\/futbolandia\/#website"},"primaryImageOfPage":{"@id":"https:\/\/www.manquepierda.com\/futbolandia\/te-presentamos-a-algunas-de-las-joyas-del-europeo-sub19-de-lituania-2013\/#primaryimage"},"image":{"@id":"https:\/\/www.manquepierda.com\/futbolandia\/te-presentamos-a-algunas-de-las-joyas-del-europeo-sub19-de-lituania-2013\/#primaryimage"},"thumbnailUrl":"https:\/\/i0.wp.com\/www.manquepierda.com\/futbolandia\/files\/2013\/07\/copa-euro-lituania.jpg?fit=656%2C369&ssl=1","datePublished":"2013-07-18T19:37:35+00:00","author":{"@id":"https:\/\/www.manquepierda.com\/futbolandia\/#\/schema\/person\/fdb4eabc3c2e0e717a790a4ce10cd2b3"},"breadcrumb":{"@id":"https:\/\/www.manquepierda.com\/futbolandia\/te-presentamos-a-algunas-de-las-joyas-del-europeo-sub19-de-lituania-2013\/#breadcrumb"},"inLanguage":"es","potentialAction":[{"@type":"ReadAction","target":["https:\/\/www.manquepierda.com\/futbolandia\/te-presentamos-a-algunas-de-las-joyas-del-europeo-sub19-de-lituania-2013\/"]}]},{"@type":"ImageObject","inLanguage":"es","@id":"https:\/\/www.manquepierda.com\/futbolandia\/te-presentamos-a-algunas-de-las-joyas-del-europeo-sub19-de-lituania-2013\/#primaryimage","url":"https:\/\/i0.wp.com\/www.manquepierda.com\/futbolandia\/files\/2013\/07\/copa-euro-lituania.jpg?fit=656%2C369&ssl=1","contentUrl":"https:\/\/i0.wp.com\/www.manquepierda.com\/futbolandia\/files\/2013\/07\/copa-euro-lituania.jpg?fit=656%2C369&ssl=1","width":656,"height":369,"caption":"Foto: Uefa.com"},{"@type":"BreadcrumbList","@id":"https:\/\/www.manquepierda.com\/futbolandia\/te-presentamos-a-algunas-de-las-joyas-del-europeo-sub19-de-lituania-2013\/#breadcrumb","itemListElement":[{"@type":"ListItem","position":1,"name":"Portada","item":"https:\/\/www.manquepierda.com\/futbolandia\/"},{"@type":"ListItem","position":2,"name":"Te presentamos a algunas de las joyas del Europeo Sub&#8217;19 de Lituania 2013"}]},{"@type":"WebSite","@id":"https:\/\/www.manquepierda.com\/futbolandia\/#website","url":"https:\/\/www.manquepierda.com\/futbolandia\/","name":"Futbolandia","description":"Reportajes e informaci\u00f3n sobre f\u00fatbol mundial y j\u00f3venes promesas","potentialAction":[{"@type":"SearchAction","target":{"@type":"EntryPoint","urlTemplate":"https:\/\/www.manquepierda.com\/futbolandia\/?s={search_term_string}"},"query-input":{"@type":"PropertyValueSpecification","valueRequired":true,"valueName":"search_term_string"}}],"inLanguage":"es"},{"@type":"Person","@id":"https:\/\/www.manquepierda.com\/futbolandia\/#\/schema\/person\/fdb4eabc3c2e0e717a790a4ce10cd2b3","name":"Jorge M. Gonz\u00e1lez","image":{"@type":"ImageObject","inLanguage":"es","@id":"https:\/\/secure.gravatar.com\/avatar\/40fe62083e523c4134f75fb1d06ea73b4503d9162f3c6e89800e90f1bbd7f262?s=96&d=mm&r=g","url":"https:\/\/secure.gravatar.com\/avatar\/40fe62083e523c4134f75fb1d06ea73b4503d9162f3c6e89800e90f1bbd7f262?s=96&d=mm&r=g","contentUrl":"https:\/\/secure.gravatar.com\/avatar\/40fe62083e523c4134f75fb1d06ea73b4503d9162f3c6e89800e90f1bbd7f262?s=96&d=mm&r=g","caption":"Jorge M. Gonz\u00e1lez"},"description":"Apasionado del f\u00fatbol internacional y Social Media Manager. Me gusta seguir ligas extranjeras y a las j\u00f3venes promesas de todo el mundo. S\u00edgueme en twitter para compartir afici\u00f3n: @jorgegonex","sameAs":["http:\/\/manquepierda.com\/","https:\/\/x.com\/https:\/\/twitter.com\/jorgegonex","https:\/\/www.youtube.com\/user\/FutbolandiaMQP"],"url":"https:\/\/www.manquepierda.com\/futbolandia\/author\/jorgegonzalez\/"}]}},"jetpack_publicize_connections":[],"jetpack_featured_media_url":"https:\/\/i0.wp.com\/www.manquepierda.com\/futbolandia\/files\/2013\/07\/copa-euro-lituania.jpg?fit=656%2C369&ssl=1","jetpack_shortlink":"https:\/\/wp.me\/p1THIg-uY","jetpack_sharing_enabled":true,"_links":{"self":[{"href":"https:\/\/www.manquepierda.com\/futbolandia\/wp-json\/wp\/v2\/posts\/1920","targetHints":{"allow":["GET"]}}],"collection":[{"href":"https:\/\/www.manquepierda.com\/futbolandia\/wp-json\/wp\/v2\/posts"}],"about":[{"href":"https:\/\/www.manquepierda.com\/futbolandia\/wp-json\/wp\/v2\/types\/post"}],"author":[{"embeddable":true,"href":"https:\/\/www.manquepierda.com\/futbolandia\/wp-json\/wp\/v2\/users\/93"}],"replies":[{"embeddable":true,"href":"https:\/\/www.manquepierda.com\/futbolandia\/wp-json\/wp\/v2\/comments?post=1920"}],"version-history":[{"count":0,"href":"https:\/\/www.manquepierda.com\/futbolandia\/wp-json\/wp\/v2\/posts\/1920\/revisions"}],"wp:featuredmedia":[{"embeddable":true,"href":"https:\/\/www.manquepierda.com\/futbolandia\/wp-json\/wp\/v2\/media\/1925"}],"wp:attachment":[{"href":"https:\/\/www.manquepierda.com\/futbolandia\/wp-json\/wp\/v2\/media?parent=1920"}],"wp:term":[{"taxonomy":"category","embeddable":true,"href":"https:\/\/www.manquepierda.com\/futbolandia\/wp-json\/wp\/v2\/categories?post=1920"},{"taxonomy":"post_tag","embeddable":true,"href":"https:\/\/www.manquepierda.com\/futbolandia\/wp-json\/wp\/v2\/tags?post=1920"}],"curies":[{"name":"wp","href":"https:\/\/api.w.org\/{rel}","templated":true}]}}