{"id":2017,"date":"2013-07-28T22:01:41","date_gmt":"2013-07-28T20:01:41","guid":{"rendered":"http:\/\/www.manquepierda.com\/futbolandia\/?p=2017"},"modified":"2013-07-29T14:53:03","modified_gmt":"2013-07-29T12:53:03","slug":"sd-eibar-regresa-un-historico-de-la-segunda-division-espanola","status":"publish","type":"post","link":"https:\/\/www.manquepierda.com\/futbolandia\/sd-eibar-regresa-un-historico-de-la-segunda-division-espanola\/","title":{"rendered":"SD \u00c9ibar, regresa un hist\u00f3rico de la Segunda Divisi\u00f3n espa\u00f1ola"},"content":{"rendered":"<figure id=\"attachment_2018\" aria-describedby=\"caption-attachment-2018\" style=\"width: 448px\" class=\"wp-caption alignleft\"><a href=\"https:\/\/i0.wp.com\/www.manquepierda.com\/futbolandia\/files\/2013\/07\/eibar.jpg\"><img data-recalc-dims=\"1\" loading=\"lazy\" decoding=\"async\" data-attachment-id=\"2018\" data-permalink=\"https:\/\/www.manquepierda.com\/futbolandia\/sd-eibar-regresa-un-historico-de-la-segunda-division-espanola\/eibar\/\" data-orig-file=\"https:\/\/i0.wp.com\/www.manquepierda.com\/futbolandia\/files\/2013\/07\/eibar.jpg?fit=560%2C383&amp;ssl=1\" data-orig-size=\"560,383\" data-comments-opened=\"1\" data-image-meta=\"{&quot;aperture&quot;:&quot;0&quot;,&quot;credit&quot;:&quot;&quot;,&quot;camera&quot;:&quot;&quot;,&quot;caption&quot;:&quot;&quot;,&quot;created_timestamp&quot;:&quot;0&quot;,&quot;copyright&quot;:&quot;&quot;,&quot;focal_length&quot;:&quot;0&quot;,&quot;iso&quot;:&quot;0&quot;,&quot;shutter_speed&quot;:&quot;0&quot;,&quot;title&quot;:&quot;&quot;}\" data-image-title=\"Jugadores de la SD \u00c9ibar\" data-image-description=\"\" data-image-caption=\"&lt;p&gt;Los jugadores celebran el gol del Eibar&lt;br \/&gt;\nFoto: ccaa.elpais.com&lt;\/p&gt;\n\" data-large-file=\"https:\/\/i0.wp.com\/www.manquepierda.com\/futbolandia\/files\/2013\/07\/eibar.jpg?fit=560%2C383&amp;ssl=1\" class=\" wp-image-2018 \" alt=\"Los jugadores celebran el gol del Eibar Foto: ccaa.elpais.com\" src=\"https:\/\/i0.wp.com\/www.manquepierda.com\/futbolandia\/files\/2013\/07\/eibar.jpg?resize=448%2C306\" width=\"448\" height=\"306\" srcset=\"https:\/\/i0.wp.com\/www.manquepierda.com\/futbolandia\/files\/2013\/07\/eibar.jpg?w=560&amp;ssl=1 560w, https:\/\/i0.wp.com\/www.manquepierda.com\/futbolandia\/files\/2013\/07\/eibar.jpg?resize=300%2C205&amp;ssl=1 300w\" sizes=\"auto, (max-width: 448px) 100vw, 448px\" \/><\/a><figcaption id=\"caption-attachment-2018\" class=\"wp-caption-text\">Los jugadores celebran el gol del Eibar<br \/>Foto: ccaa.elpais.com<\/figcaption><\/figure>\n<p>La historia de la Sociedad Deportiva \u00c9ibar est\u00e1 ligada a la Divisi\u00f3n de Plata espa\u00f1ola. De hecho, todav\u00eda posee el r\u00e9cord de permanencia consecutiva en la Liga Adelante, llegando a pertenecer a \u00e9sta durante 18 temporadas seguidas. <strong>Tras un periodo de cuatro a\u00f1os vagando por los campos de Segunda Divisi\u00f3n B, \u00e9ste hist\u00f3rico equipo ha logrado por fin volver al f\u00fatbol profesional.<\/strong><\/p>\n<p>Consigui\u00f3 el segundo puesto en el grupo II de la Segunda Divisi\u00f3n B tras una magn\u00edfica temporada, s\u00f3lo superado por un inexpugnable Deportivo Alav\u00e9s que, junto a la SD \u00c9ibar, ha conseguido tambi\u00e9n el ascenso. Con s\u00f3lo 7 partidos perdidos en toda la temporada, 2 de ellos en su terreno de juego, Ipur\u00faa, la SD \u00c9ibar ha basado su juego en la solidez defensiva, siendo el segundo equipo menos goleado con 28 tantos encajados. Rese\u00f1able la importancia del estadio Ipur\u00faa para la SD \u00c9ibar, ya que a nivel nacional es conocido como uno de los terrenos de juego en el que es m\u00e1s complicado sacar algo positivo, debido a sus reducidas dimensiones y a la lucha y garra que pone el cuadro eibarr\u00e9s en cada encuentro.<\/p>\n<p>Para terminar de conseguir el ascenso, la SD \u00c9ibar ha tenido que enfrentarse a tres rivales. La primera eliminatoria, les enfrent\u00f3 al Club Deportivo Alcoyano, en el que quiz\u00e1s fue el enfrentamiento m\u00e1s complicado que ha tenido en esta fase de ascenso. Tras empatar a 2 en la ida de la eliminatoria en el Collao, la vuelta se presentaba muy abierta en tierras vascas. All\u00ed, y tras el 1 a 1 final, la SD \u00c9ibar lograba acceder al segundo de los enfrentamientos en el camino a la Liga Adelante.<\/p>\n<figure id=\"attachment_2019\" aria-describedby=\"caption-attachment-2019\" style=\"width: 430px\" class=\"wp-caption alignright\"><a href=\"https:\/\/i0.wp.com\/www.manquepierda.com\/futbolandia\/files\/2013\/07\/garitano.jpg\"><img data-recalc-dims=\"1\" loading=\"lazy\" decoding=\"async\" data-attachment-id=\"2019\" data-permalink=\"https:\/\/www.manquepierda.com\/futbolandia\/sd-eibar-regresa-un-historico-de-la-segunda-division-espanola\/garitano\/\" data-orig-file=\"https:\/\/i0.wp.com\/www.manquepierda.com\/futbolandia\/files\/2013\/07\/garitano.jpg?fit=614%2C346&amp;ssl=1\" data-orig-size=\"614,346\" data-comments-opened=\"1\" data-image-meta=\"{&quot;aperture&quot;:&quot;0&quot;,&quot;credit&quot;:&quot;&quot;,&quot;camera&quot;:&quot;&quot;,&quot;caption&quot;:&quot;&quot;,&quot;created_timestamp&quot;:&quot;0&quot;,&quot;copyright&quot;:&quot;&quot;,&quot;focal_length&quot;:&quot;0&quot;,&quot;iso&quot;:&quot;0&quot;,&quot;shutter_speed&quot;:&quot;0&quot;,&quot;title&quot;:&quot;&quot;}\" data-image-title=\"Gaika Garitano manteado\" data-image-description=\"\" data-image-caption=\"&lt;p&gt;Manteo a Gaizka Garitano&lt;br \/&gt;\nFoto: www.deia.com&lt;\/p&gt;\n\" data-large-file=\"https:\/\/i0.wp.com\/www.manquepierda.com\/futbolandia\/files\/2013\/07\/garitano.jpg?fit=614%2C346&amp;ssl=1\" class=\" wp-image-2019 \" alt=\"Manteo a Gaizka Garitano Foto: www.deia.com\" src=\"https:\/\/i0.wp.com\/www.manquepierda.com\/futbolandia\/files\/2013\/07\/garitano.jpg?resize=430%2C242\" width=\"430\" height=\"242\" srcset=\"https:\/\/i0.wp.com\/www.manquepierda.com\/futbolandia\/files\/2013\/07\/garitano.jpg?w=614&amp;ssl=1 614w, https:\/\/i0.wp.com\/www.manquepierda.com\/futbolandia\/files\/2013\/07\/garitano.jpg?resize=300%2C169&amp;ssl=1 300w\" sizes=\"auto, (max-width: 430px) 100vw, 430px\" \/><\/a><figcaption id=\"caption-attachment-2019\" class=\"wp-caption-text\">Manteo a Gaizka Garitano<br \/>Foto: www.deia.com<\/figcaption><\/figure>\n<p>La segunda eliminatoria les enfrentar\u00eda a todo un hist\u00f3rico, el Real Oviedo, equipo hecho para ascender, y un enfrentamiento muy complicado para el cuadro vasco. El primer partido en el Carlos Tartiere acab\u00f3 1 a 2 tras una gran remontada de la SD \u00c9ibar, dejando la eliminatoria encarrilada para rematarla en Ipur\u00faa. El partido de vuelta termin\u00f3 con 1 a 0 para la SD \u00c9ibar, logrando as\u00ed el acceso a la ronda final para conseguir el ascenso.<\/p>\n<p>La \u00faltima de las eliminatorias les llevar\u00eda a enfrentarse al Centre d\u2019Esports L\u2019Hospitalet, conjunto que ven\u00eda de ser primero en el grupo III de la Segunda Divisi\u00f3n B. Esta vez la ida fue en Ipur\u00faa, y el cuadro local dej\u00f3 muy encaminada la eliminatoria al conseguir una clara victoria por 3 a 0. En el partido de vuelta, la SD \u00c9ibar volvi\u00f3 a conseguir el triunfo, \u00e9sta vez por 0 a 1, desatando la alegr\u00eda en los cerca de 500 eibarreses desplazados a tierras catalanas.<\/p>\n<p><strong>Por tanto, el cuadro del t\u00e9cnico vizca\u00edno Gaizka Garitano, tiene como objetivo para la temporada 2013\/2014 la permanencia en la categor\u00eda de plata del f\u00fatbol espa\u00f1ol, y a partir de ah\u00ed, luchar como siempre cada partido sin descanso, esp\u00edritu innegable de un equipo querido en todo el territorio nacional, que recupera el sitio que jam\u00e1s debi\u00f3 de abandonar.<\/strong> Nunca ha militado en Primera Divisi\u00f3n, pero dicen que so\u00f1ar es gratis, as\u00ed que sue\u00f1en eibarreses, sue\u00f1en\u2026<\/p>\n<p>&nbsp;<\/p>\n","protected":false},"excerpt":{"rendered":"<p>La historia de la Sociedad Deportiva \u00c9ibar est\u00e1 ligada a la Divisi\u00f3n de Plata espa\u00f1ola. De hecho, todav\u00eda posee el r\u00e9cord de permanencia consecutiva en la Liga Adelante, llegando a pertenecer a \u00e9sta durante 18 temporadas seguidas. Tras un periodo de cuatro a\u00f1os vagando por los campos de Segunda Divisi\u00f3n B, \u00e9ste hist\u00f3rico equipo ha&#8230;<\/p>\n","protected":false},"author":316,"featured_media":2019,"comment_status":"open","ping_status":"open","sticky":false,"template":"","format":"standard","meta":{"_kad_post_transparent":"","_kad_post_title":"","_kad_post_layout":"","_kad_post_sidebar_id":"","_kad_post_content_style":"","_kad_post_vertical_padding":"","_kad_post_feature":"","_kad_post_feature_position":"","_kad_post_header":false,"_kad_post_footer":false,"_kad_post_classname":"","_jetpack_memberships_contains_paid_content":false,"footnotes":"","jetpack_publicize_message":"","jetpack_publicize_feature_enabled":true,"jetpack_social_post_already_shared":true,"jetpack_social_options":{"image_generator_settings":{"template":"highway","default_image_id":0,"font":"","enabled":false},"version":2}},"categories":[1,10],"tags":[498,654,683,444],"class_list":["post-2017","post","type-post","status-publish","format-standard","has-post-thumbnail","hentry","category-liga-bbva-futbol-espanol","category-portada","tag-adelante","tag-ascenso","tag-eibar","tag-liga"],"yoast_head":"<!-- This site is optimized with the Yoast SEO plugin v27.5 - https:\/\/yoast.com\/product\/yoast-seo-wordpress\/ -->\n<title>SD \u00c9ibar, regresa un hist\u00f3rico de la Segunda Divisi\u00f3n espa\u00f1ola &#8211; Futbolandia<\/title>\n<meta name=\"robots\" content=\"index, follow, max-snippet:-1, max-image-preview:large, max-video-preview:-1\" \/>\n<link rel=\"canonical\" href=\"https:\/\/www.manquepierda.com\/futbolandia\/sd-eibar-regresa-un-historico-de-la-segunda-division-espanola\/\" \/>\n<meta property=\"og:locale\" content=\"es_ES\" \/>\n<meta property=\"og:type\" content=\"article\" \/>\n<meta property=\"og:title\" content=\"SD \u00c9ibar, regresa un hist\u00f3rico de la Segunda Divisi\u00f3n espa\u00f1ola &#8211; Futbolandia\" \/>\n<meta property=\"og:description\" content=\"La historia de la Sociedad Deportiva \u00c9ibar est\u00e1 ligada a la Divisi\u00f3n de Plata espa\u00f1ola. De hecho, todav\u00eda posee el r\u00e9cord de permanencia consecutiva en la Liga Adelante, llegando a pertenecer a \u00e9sta durante 18 temporadas seguidas. Tras un periodo de cuatro a\u00f1os vagando por los campos de Segunda Divisi\u00f3n B, \u00e9ste hist\u00f3rico equipo ha...\" \/>\n<meta property=\"og:url\" content=\"https:\/\/www.manquepierda.com\/futbolandia\/sd-eibar-regresa-un-historico-de-la-segunda-division-espanola\/\" \/>\n<meta property=\"og:site_name\" content=\"Futbolandia\" \/>\n<meta property=\"article:published_time\" content=\"2013-07-28T20:01:41+00:00\" \/>\n<meta property=\"article:modified_time\" content=\"2013-07-29T12:53:03+00:00\" \/>\n<meta property=\"og:image\" content=\"https:\/\/i2.wp.com\/www.manquepierda.com\/futbolandia\/files\/2013\/07\/garitano.jpg?fit=614%2C346&ssl=1\" \/>\n\t<meta property=\"og:image:width\" content=\"614\" \/>\n\t<meta property=\"og:image:height\" content=\"346\" \/>\n\t<meta property=\"og:image:type\" content=\"image\/jpeg\" \/>\n<meta name=\"author\" content=\"Javier Jim\u00e9nez Gonz\u00e1lez\" \/>\n<meta name=\"twitter:label1\" content=\"Escrito por\" \/>\n\t<meta name=\"twitter:data1\" content=\"Javier Jim\u00e9nez Gonz\u00e1lez\" \/>\n\t<meta name=\"twitter:label2\" content=\"Tiempo de lectura\" \/>\n\t<meta name=\"twitter:data2\" content=\"3 minutos\" \/>\n<script type=\"application\/ld+json\" class=\"yoast-schema-graph\">{\"@context\":\"https:\\\/\\\/schema.org\",\"@graph\":[{\"@type\":\"Article\",\"@id\":\"https:\\\/\\\/www.manquepierda.com\\\/futbolandia\\\/sd-eibar-regresa-un-historico-de-la-segunda-division-espanola\\\/#article\",\"isPartOf\":{\"@id\":\"https:\\\/\\\/www.manquepierda.com\\\/futbolandia\\\/sd-eibar-regresa-un-historico-de-la-segunda-division-espanola\\\/\"},\"author\":{\"name\":\"Javier Jim\u00e9nez Gonz\u00e1lez\",\"@id\":\"https:\\\/\\\/www.manquepierda.com\\\/futbolandia\\\/#\\\/schema\\\/person\\\/7d1919c41c8b68669270acc71035541e\"},\"headline\":\"SD \u00c9ibar, regresa un hist\u00f3rico de la Segunda Divisi\u00f3n espa\u00f1ola\",\"datePublished\":\"2013-07-28T20:01:41+00:00\",\"dateModified\":\"2013-07-29T12:53:03+00:00\",\"mainEntityOfPage\":{\"@id\":\"https:\\\/\\\/www.manquepierda.com\\\/futbolandia\\\/sd-eibar-regresa-un-historico-de-la-segunda-division-espanola\\\/\"},\"wordCount\":584,\"commentCount\":0,\"image\":{\"@id\":\"https:\\\/\\\/www.manquepierda.com\\\/futbolandia\\\/sd-eibar-regresa-un-historico-de-la-segunda-division-espanola\\\/#primaryimage\"},\"thumbnailUrl\":\"https:\\\/\\\/i0.wp.com\\\/www.manquepierda.com\\\/futbolandia\\\/files\\\/2013\\\/07\\\/garitano.jpg?fit=614%2C346&ssl=1\",\"keywords\":[\"Adelante\",\"ascenso\",\"Eibar\",\"Liga\"],\"articleSection\":[\"Liga BBVA - F\u00fatbol Espa\u00f1ol\",\"Portada\"],\"inLanguage\":\"es\",\"potentialAction\":[{\"@type\":\"CommentAction\",\"name\":\"Comment\",\"target\":[\"https:\\\/\\\/www.manquepierda.com\\\/futbolandia\\\/sd-eibar-regresa-un-historico-de-la-segunda-division-espanola\\\/#respond\"]}]},{\"@type\":\"WebPage\",\"@id\":\"https:\\\/\\\/www.manquepierda.com\\\/futbolandia\\\/sd-eibar-regresa-un-historico-de-la-segunda-division-espanola\\\/\",\"url\":\"https:\\\/\\\/www.manquepierda.com\\\/futbolandia\\\/sd-eibar-regresa-un-historico-de-la-segunda-division-espanola\\\/\",\"name\":\"SD \u00c9ibar, regresa un hist\u00f3rico de la Segunda Divisi\u00f3n espa\u00f1ola &#8211; Futbolandia\",\"isPartOf\":{\"@id\":\"https:\\\/\\\/www.manquepierda.com\\\/futbolandia\\\/#website\"},\"primaryImageOfPage\":{\"@id\":\"https:\\\/\\\/www.manquepierda.com\\\/futbolandia\\\/sd-eibar-regresa-un-historico-de-la-segunda-division-espanola\\\/#primaryimage\"},\"image\":{\"@id\":\"https:\\\/\\\/www.manquepierda.com\\\/futbolandia\\\/sd-eibar-regresa-un-historico-de-la-segunda-division-espanola\\\/#primaryimage\"},\"thumbnailUrl\":\"https:\\\/\\\/i0.wp.com\\\/www.manquepierda.com\\\/futbolandia\\\/files\\\/2013\\\/07\\\/garitano.jpg?fit=614%2C346&ssl=1\",\"datePublished\":\"2013-07-28T20:01:41+00:00\",\"dateModified\":\"2013-07-29T12:53:03+00:00\",\"author\":{\"@id\":\"https:\\\/\\\/www.manquepierda.com\\\/futbolandia\\\/#\\\/schema\\\/person\\\/7d1919c41c8b68669270acc71035541e\"},\"breadcrumb\":{\"@id\":\"https:\\\/\\\/www.manquepierda.com\\\/futbolandia\\\/sd-eibar-regresa-un-historico-de-la-segunda-division-espanola\\\/#breadcrumb\"},\"inLanguage\":\"es\",\"potentialAction\":[{\"@type\":\"ReadAction\",\"target\":[\"https:\\\/\\\/www.manquepierda.com\\\/futbolandia\\\/sd-eibar-regresa-un-historico-de-la-segunda-division-espanola\\\/\"]}]},{\"@type\":\"ImageObject\",\"inLanguage\":\"es\",\"@id\":\"https:\\\/\\\/www.manquepierda.com\\\/futbolandia\\\/sd-eibar-regresa-un-historico-de-la-segunda-division-espanola\\\/#primaryimage\",\"url\":\"https:\\\/\\\/i0.wp.com\\\/www.manquepierda.com\\\/futbolandia\\\/files\\\/2013\\\/07\\\/garitano.jpg?fit=614%2C346&ssl=1\",\"contentUrl\":\"https:\\\/\\\/i0.wp.com\\\/www.manquepierda.com\\\/futbolandia\\\/files\\\/2013\\\/07\\\/garitano.jpg?fit=614%2C346&ssl=1\",\"width\":614,\"height\":346,\"caption\":\"Manteo a Gaizka Garitano Foto: www.deia.com\"},{\"@type\":\"BreadcrumbList\",\"@id\":\"https:\\\/\\\/www.manquepierda.com\\\/futbolandia\\\/sd-eibar-regresa-un-historico-de-la-segunda-division-espanola\\\/#breadcrumb\",\"itemListElement\":[{\"@type\":\"ListItem\",\"position\":1,\"name\":\"Portada\",\"item\":\"https:\\\/\\\/www.manquepierda.com\\\/futbolandia\\\/\"},{\"@type\":\"ListItem\",\"position\":2,\"name\":\"SD \u00c9ibar, regresa un hist\u00f3rico de la Segunda Divisi\u00f3n espa\u00f1ola\"}]},{\"@type\":\"WebSite\",\"@id\":\"https:\\\/\\\/www.manquepierda.com\\\/futbolandia\\\/#website\",\"url\":\"https:\\\/\\\/www.manquepierda.com\\\/futbolandia\\\/\",\"name\":\"Futbolandia\",\"description\":\"Reportajes e informaci\u00f3n sobre f\u00fatbol mundial y j\u00f3venes promesas\",\"potentialAction\":[{\"@type\":\"SearchAction\",\"target\":{\"@type\":\"EntryPoint\",\"urlTemplate\":\"https:\\\/\\\/www.manquepierda.com\\\/futbolandia\\\/?s={search_term_string}\"},\"query-input\":{\"@type\":\"PropertyValueSpecification\",\"valueRequired\":true,\"valueName\":\"search_term_string\"}}],\"inLanguage\":\"es\"},{\"@type\":\"Person\",\"@id\":\"https:\\\/\\\/www.manquepierda.com\\\/futbolandia\\\/#\\\/schema\\\/person\\\/7d1919c41c8b68669270acc71035541e\",\"name\":\"Javier Jim\u00e9nez Gonz\u00e1lez\",\"image\":{\"@type\":\"ImageObject\",\"inLanguage\":\"es\",\"@id\":\"https:\\\/\\\/secure.gravatar.com\\\/avatar\\\/e9e2e595d0f8ea34ef5829df6418a07d3f61e0c480fd102ff6743ae48574e867?s=96&d=mm&r=g\",\"url\":\"https:\\\/\\\/secure.gravatar.com\\\/avatar\\\/e9e2e595d0f8ea34ef5829df6418a07d3f61e0c480fd102ff6743ae48574e867?s=96&d=mm&r=g\",\"contentUrl\":\"https:\\\/\\\/secure.gravatar.com\\\/avatar\\\/e9e2e595d0f8ea34ef5829df6418a07d3f61e0c480fd102ff6743ae48574e867?s=96&d=mm&r=g\",\"caption\":\"Javier Jim\u00e9nez Gonz\u00e1lez\"},\"description\":\"B\u00e9tico amante de las cosas peque\u00f1as de la vida. Me gusta escribir y, si te gusta lo que escribo, puedes seguirme en mi twitter @karpintxuoak\",\"url\":\"https:\\\/\\\/www.manquepierda.com\\\/futbolandia\\\/author\\\/javitxu\\\/\"}]}<\/script>\n<!-- \/ Yoast SEO plugin. -->","yoast_head_json":{"title":"SD \u00c9ibar, regresa un hist\u00f3rico de la Segunda Divisi\u00f3n espa\u00f1ola &#8211; Futbolandia","robots":{"index":"index","follow":"follow","max-snippet":"max-snippet:-1","max-image-preview":"max-image-preview:large","max-video-preview":"max-video-preview:-1"},"canonical":"https:\/\/www.manquepierda.com\/futbolandia\/sd-eibar-regresa-un-historico-de-la-segunda-division-espanola\/","og_locale":"es_ES","og_type":"article","og_title":"SD \u00c9ibar, regresa un hist\u00f3rico de la Segunda Divisi\u00f3n espa\u00f1ola &#8211; Futbolandia","og_description":"La historia de la Sociedad Deportiva \u00c9ibar est\u00e1 ligada a la Divisi\u00f3n de Plata espa\u00f1ola. De hecho, todav\u00eda posee el r\u00e9cord de permanencia consecutiva en la Liga Adelante, llegando a pertenecer a \u00e9sta durante 18 temporadas seguidas. Tras un periodo de cuatro a\u00f1os vagando por los campos de Segunda Divisi\u00f3n B, \u00e9ste hist\u00f3rico equipo ha...","og_url":"https:\/\/www.manquepierda.com\/futbolandia\/sd-eibar-regresa-un-historico-de-la-segunda-division-espanola\/","og_site_name":"Futbolandia","article_published_time":"2013-07-28T20:01:41+00:00","article_modified_time":"2013-07-29T12:53:03+00:00","og_image":[{"width":614,"height":346,"url":"https:\/\/i2.wp.com\/www.manquepierda.com\/futbolandia\/files\/2013\/07\/garitano.jpg?fit=614%2C346&ssl=1","type":"image\/jpeg"}],"author":"Javier Jim\u00e9nez Gonz\u00e1lez","twitter_misc":{"Escrito por":"Javier Jim\u00e9nez Gonz\u00e1lez","Tiempo de lectura":"3 minutos"},"schema":{"@context":"https:\/\/schema.org","@graph":[{"@type":"Article","@id":"https:\/\/www.manquepierda.com\/futbolandia\/sd-eibar-regresa-un-historico-de-la-segunda-division-espanola\/#article","isPartOf":{"@id":"https:\/\/www.manquepierda.com\/futbolandia\/sd-eibar-regresa-un-historico-de-la-segunda-division-espanola\/"},"author":{"name":"Javier Jim\u00e9nez Gonz\u00e1lez","@id":"https:\/\/www.manquepierda.com\/futbolandia\/#\/schema\/person\/7d1919c41c8b68669270acc71035541e"},"headline":"SD \u00c9ibar, regresa un hist\u00f3rico de la Segunda Divisi\u00f3n espa\u00f1ola","datePublished":"2013-07-28T20:01:41+00:00","dateModified":"2013-07-29T12:53:03+00:00","mainEntityOfPage":{"@id":"https:\/\/www.manquepierda.com\/futbolandia\/sd-eibar-regresa-un-historico-de-la-segunda-division-espanola\/"},"wordCount":584,"commentCount":0,"image":{"@id":"https:\/\/www.manquepierda.com\/futbolandia\/sd-eibar-regresa-un-historico-de-la-segunda-division-espanola\/#primaryimage"},"thumbnailUrl":"https:\/\/i0.wp.com\/www.manquepierda.com\/futbolandia\/files\/2013\/07\/garitano.jpg?fit=614%2C346&ssl=1","keywords":["Adelante","ascenso","Eibar","Liga"],"articleSection":["Liga BBVA - F\u00fatbol Espa\u00f1ol","Portada"],"inLanguage":"es","potentialAction":[{"@type":"CommentAction","name":"Comment","target":["https:\/\/www.manquepierda.com\/futbolandia\/sd-eibar-regresa-un-historico-de-la-segunda-division-espanola\/#respond"]}]},{"@type":"WebPage","@id":"https:\/\/www.manquepierda.com\/futbolandia\/sd-eibar-regresa-un-historico-de-la-segunda-division-espanola\/","url":"https:\/\/www.manquepierda.com\/futbolandia\/sd-eibar-regresa-un-historico-de-la-segunda-division-espanola\/","name":"SD \u00c9ibar, regresa un hist\u00f3rico de la Segunda Divisi\u00f3n espa\u00f1ola &#8211; Futbolandia","isPartOf":{"@id":"https:\/\/www.manquepierda.com\/futbolandia\/#website"},"primaryImageOfPage":{"@id":"https:\/\/www.manquepierda.com\/futbolandia\/sd-eibar-regresa-un-historico-de-la-segunda-division-espanola\/#primaryimage"},"image":{"@id":"https:\/\/www.manquepierda.com\/futbolandia\/sd-eibar-regresa-un-historico-de-la-segunda-division-espanola\/#primaryimage"},"thumbnailUrl":"https:\/\/i0.wp.com\/www.manquepierda.com\/futbolandia\/files\/2013\/07\/garitano.jpg?fit=614%2C346&ssl=1","datePublished":"2013-07-28T20:01:41+00:00","dateModified":"2013-07-29T12:53:03+00:00","author":{"@id":"https:\/\/www.manquepierda.com\/futbolandia\/#\/schema\/person\/7d1919c41c8b68669270acc71035541e"},"breadcrumb":{"@id":"https:\/\/www.manquepierda.com\/futbolandia\/sd-eibar-regresa-un-historico-de-la-segunda-division-espanola\/#breadcrumb"},"inLanguage":"es","potentialAction":[{"@type":"ReadAction","target":["https:\/\/www.manquepierda.com\/futbolandia\/sd-eibar-regresa-un-historico-de-la-segunda-division-espanola\/"]}]},{"@type":"ImageObject","inLanguage":"es","@id":"https:\/\/www.manquepierda.com\/futbolandia\/sd-eibar-regresa-un-historico-de-la-segunda-division-espanola\/#primaryimage","url":"https:\/\/i0.wp.com\/www.manquepierda.com\/futbolandia\/files\/2013\/07\/garitano.jpg?fit=614%2C346&ssl=1","contentUrl":"https:\/\/i0.wp.com\/www.manquepierda.com\/futbolandia\/files\/2013\/07\/garitano.jpg?fit=614%2C346&ssl=1","width":614,"height":346,"caption":"Manteo a Gaizka Garitano Foto: www.deia.com"},{"@type":"BreadcrumbList","@id":"https:\/\/www.manquepierda.com\/futbolandia\/sd-eibar-regresa-un-historico-de-la-segunda-division-espanola\/#breadcrumb","itemListElement":[{"@type":"ListItem","position":1,"name":"Portada","item":"https:\/\/www.manquepierda.com\/futbolandia\/"},{"@type":"ListItem","position":2,"name":"SD \u00c9ibar, regresa un hist\u00f3rico de la Segunda Divisi\u00f3n espa\u00f1ola"}]},{"@type":"WebSite","@id":"https:\/\/www.manquepierda.com\/futbolandia\/#website","url":"https:\/\/www.manquepierda.com\/futbolandia\/","name":"Futbolandia","description":"Reportajes e informaci\u00f3n sobre f\u00fatbol mundial y j\u00f3venes promesas","potentialAction":[{"@type":"SearchAction","target":{"@type":"EntryPoint","urlTemplate":"https:\/\/www.manquepierda.com\/futbolandia\/?s={search_term_string}"},"query-input":{"@type":"PropertyValueSpecification","valueRequired":true,"valueName":"search_term_string"}}],"inLanguage":"es"},{"@type":"Person","@id":"https:\/\/www.manquepierda.com\/futbolandia\/#\/schema\/person\/7d1919c41c8b68669270acc71035541e","name":"Javier Jim\u00e9nez Gonz\u00e1lez","image":{"@type":"ImageObject","inLanguage":"es","@id":"https:\/\/secure.gravatar.com\/avatar\/e9e2e595d0f8ea34ef5829df6418a07d3f61e0c480fd102ff6743ae48574e867?s=96&d=mm&r=g","url":"https:\/\/secure.gravatar.com\/avatar\/e9e2e595d0f8ea34ef5829df6418a07d3f61e0c480fd102ff6743ae48574e867?s=96&d=mm&r=g","contentUrl":"https:\/\/secure.gravatar.com\/avatar\/e9e2e595d0f8ea34ef5829df6418a07d3f61e0c480fd102ff6743ae48574e867?s=96&d=mm&r=g","caption":"Javier Jim\u00e9nez Gonz\u00e1lez"},"description":"B\u00e9tico amante de las cosas peque\u00f1as de la vida. Me gusta escribir y, si te gusta lo que escribo, puedes seguirme en mi twitter @karpintxuoak","url":"https:\/\/www.manquepierda.com\/futbolandia\/author\/javitxu\/"}]}},"jetpack_publicize_connections":[],"jetpack_featured_media_url":"https:\/\/i0.wp.com\/www.manquepierda.com\/futbolandia\/files\/2013\/07\/garitano.jpg?fit=614%2C346&ssl=1","jetpack_shortlink":"https:\/\/wp.me\/p1THIg-wx","jetpack_sharing_enabled":true,"_links":{"self":[{"href":"https:\/\/www.manquepierda.com\/futbolandia\/wp-json\/wp\/v2\/posts\/2017","targetHints":{"allow":["GET"]}}],"collection":[{"href":"https:\/\/www.manquepierda.com\/futbolandia\/wp-json\/wp\/v2\/posts"}],"about":[{"href":"https:\/\/www.manquepierda.com\/futbolandia\/wp-json\/wp\/v2\/types\/post"}],"author":[{"embeddable":true,"href":"https:\/\/www.manquepierda.com\/futbolandia\/wp-json\/wp\/v2\/users\/316"}],"replies":[{"embeddable":true,"href":"https:\/\/www.manquepierda.com\/futbolandia\/wp-json\/wp\/v2\/comments?post=2017"}],"version-history":[{"count":0,"href":"https:\/\/www.manquepierda.com\/futbolandia\/wp-json\/wp\/v2\/posts\/2017\/revisions"}],"wp:featuredmedia":[{"embeddable":true,"href":"https:\/\/www.manquepierda.com\/futbolandia\/wp-json\/wp\/v2\/media\/2019"}],"wp:attachment":[{"href":"https:\/\/www.manquepierda.com\/futbolandia\/wp-json\/wp\/v2\/media?parent=2017"}],"wp:term":[{"taxonomy":"category","embeddable":true,"href":"https:\/\/www.manquepierda.com\/futbolandia\/wp-json\/wp\/v2\/categories?post=2017"},{"taxonomy":"post_tag","embeddable":true,"href":"https:\/\/www.manquepierda.com\/futbolandia\/wp-json\/wp\/v2\/tags?post=2017"}],"curies":[{"name":"wp","href":"https:\/\/api.w.org\/{rel}","templated":true}]}}