{"id":2031,"date":"2013-07-30T12:59:33","date_gmt":"2013-07-30T10:59:33","guid":{"rendered":"http:\/\/www.manquepierda.com\/futbolandia\/?p=2031"},"modified":"2013-07-30T12:59:33","modified_gmt":"2013-07-30T10:59:33","slug":"europeo-sub19-los-penaltis-derriban-a-portugal-y-continuan-el-sueno-serbio","status":"publish","type":"post","link":"https:\/\/www.manquepierda.com\/futbolandia\/europeo-sub19-los-penaltis-derriban-a-portugal-y-continuan-el-sueno-serbio\/","title":{"rendered":"Europeo Sub&#8217;19: Los penaltis derriban a Portugal y contin\u00faan el sue\u00f1o serbio"},"content":{"rendered":"<figure id=\"attachment_2034\" aria-describedby=\"caption-attachment-2034\" style=\"width: 459px\" class=\"wp-caption alignleft\"><a href=\"https:\/\/i0.wp.com\/www.manquepierda.com\/futbolandia\/files\/2013\/07\/Portugal-Serbia.jpg\"><img data-recalc-dims=\"1\" loading=\"lazy\" decoding=\"async\" data-attachment-id=\"2034\" data-permalink=\"https:\/\/www.manquepierda.com\/futbolandia\/europeo-sub19-los-penaltis-derriban-a-portugal-y-continuan-el-sueno-serbio\/portugal-serbia\/\" data-orig-file=\"https:\/\/i0.wp.com\/www.manquepierda.com\/futbolandia\/files\/2013\/07\/Portugal-Serbia.jpg?fit=656%2C369&amp;ssl=1\" data-orig-size=\"656,369\" data-comments-opened=\"1\" data-image-meta=\"{&quot;aperture&quot;:&quot;0&quot;,&quot;credit&quot;:&quot;&quot;,&quot;camera&quot;:&quot;&quot;,&quot;caption&quot;:&quot;&quot;,&quot;created_timestamp&quot;:&quot;0&quot;,&quot;copyright&quot;:&quot;&quot;,&quot;focal_length&quot;:&quot;0&quot;,&quot;iso&quot;:&quot;0&quot;,&quot;shutter_speed&quot;:&quot;0&quot;,&quot;title&quot;:&quot;&quot;}\" data-image-title=\"Portugal-Serbia\" data-image-description=\"\" data-image-caption=\"&lt;p&gt;Portugal y Serbia tuvieron que esperar a la tanda de penaltis para decidir el pase&lt;br \/&gt;\nFoto: uefa.com&lt;\/p&gt;\n\" data-large-file=\"https:\/\/i0.wp.com\/www.manquepierda.com\/futbolandia\/files\/2013\/07\/Portugal-Serbia.jpg?fit=656%2C369&amp;ssl=1\" class=\" wp-image-2034 \" alt=\"Portugal y Serbia tuvieron que esperar a la tanda de penaltis para decidir el pase Foto: uefa.com\" src=\"https:\/\/i0.wp.com\/www.manquepierda.com\/futbolandia\/files\/2013\/07\/Portugal-Serbia.jpg?resize=459%2C258\" width=\"459\" height=\"258\" srcset=\"https:\/\/i0.wp.com\/www.manquepierda.com\/futbolandia\/files\/2013\/07\/Portugal-Serbia.jpg?w=656&amp;ssl=1 656w, https:\/\/i0.wp.com\/www.manquepierda.com\/futbolandia\/files\/2013\/07\/Portugal-Serbia.jpg?resize=300%2C168&amp;ssl=1 300w\" sizes=\"auto, (max-width: 459px) 100vw, 459px\" \/><\/a><figcaption id=\"caption-attachment-2034\" class=\"wp-caption-text\">Portugal y Serbia tuvieron que esperar a la tanda de penaltis para decidir el pase<br \/>Foto: uefa.com<\/figcaption><\/figure>\n<p>Gran campeonato el que est\u00e1 haciendo Serbia, que m\u00e1s all\u00e1 de los resultados est\u00e1 resultando ser un equipo con grandes cualidades, mucha solidez y el suficiente oficio para sacar resultados cuando parece poco probable sacarlos. <strong>Ayer se impusieron en el camino hacia la final, a una Portugal que se ha repuesto muy bien de la baja de Bruma,<\/strong> que encontr\u00f3 en Alexandre Guedes ese gol que parec\u00eda no poder encontrar en la primera jornada y que ha ido de menos a m\u00e1s en el campeonato.<\/p>\n<p>El partido de semifinales entre ambos fue trepidante, y lo fue desde el primer minuto. No tuvimos que esperar mucho para que llegasen los goles porque Djurjevic, <a href=\"http:\/\/www.manquepierda.com\/futbolandia\/te-presentamos-a-algunas-de-las-joyas-del-europeo-sub19-de-lituania-2013\/\"><strong>del que ya os hablamos cuando os nombramos a algunas de las joyas de este campeonato<\/strong><\/a>, ya en el minuto seis hab\u00eda convertido el tanto a favor de Serbia .<\/p>\n<p>Aguant\u00f3 bien Serbia, haciendo honor al f\u00fatbol que ha venido practicando durante el campeonato. Muy s\u00f3lido, no dej\u00f3 que Portugal convirtiese ninguna de sus acometidas. <strong>O al menos lo intent\u00f3 hasta que ya en la segunda parte, el h\u00e1bil Bernardo Silva, mediapunta con mucha llegada que ha hecho un torneo excepcional, consiguiera empatar el partido y dar esperanzas al cuadro luso.<\/strong><\/p>\n<p>El encuentro se convirti\u00f3 en un toma y daca constante. Los dos equipos buscaban el gol de la victoria pero con respeto al rival. Se notaba el nerviosismo y el miedo a perder pero apareci\u00f3 Alexandre Guedes, punta portugu\u00e9s, para conseguir rematar a gol un bal\u00f3n a falta de diez minutos del final. Portugal se ve\u00eda ya con pie y medio en la final, sab\u00eda que ten\u00eda que aguantar el marcador como fuese pero a falta de cinco minutos,\u00a0Ga\u010dinovi\u0107 hizo justicia y volvi\u00f3 a colocar las tablas en el marcador.<strong> Tras la pr\u00f3rroga, llegamos a la tanda de penaltis, y destac\u00f3 sobre el resto el nombre de\u00a0Predrag Rajkovi\u0107, portero serbio que detuvo dos penas m\u00e1ximas.<\/strong>\u00a0Aleksandar Mitrovi\u0107, estrella del combinado serbio y del que tambi\u00e9n os hablamos en el enlace anterior antes del torneo, transform\u00f3 el \u00faltimo lanzamiento y Serbia sell\u00f3 su pase a la final, donde se jugar\u00e1 el t\u00edtulo ante Francia.<\/p>\n<p>&nbsp;<\/p>\n","protected":false},"excerpt":{"rendered":"<p>Gran campeonato el que est\u00e1 haciendo Serbia, que m\u00e1s all\u00e1 de los resultados est\u00e1 resultando ser un equipo con grandes cualidades, mucha solidez y el suficiente oficio para sacar resultados cuando parece poco probable sacarlos. Ayer se impusieron en el camino hacia la final, a una Portugal que se ha repuesto muy bien de la&#8230;<\/p>\n","protected":false},"author":93,"featured_media":2034,"comment_status":"open","ping_status":"open","sticky":false,"template":"","format":"standard","meta":{"_kad_post_transparent":"","_kad_post_title":"","_kad_post_layout":"","_kad_post_sidebar_id":"","_kad_post_content_style":"","_kad_post_vertical_padding":"","_kad_post_feature":"","_kad_post_feature_position":"","_kad_post_header":false,"_kad_post_footer":false,"_kad_post_classname":"","_jetpack_memberships_contains_paid_content":false,"footnotes":"","jetpack_publicize_message":"","jetpack_publicize_feature_enabled":true,"jetpack_social_post_already_shared":true,"jetpack_social_options":{"image_generator_settings":{"template":"highway","default_image_id":0,"font":"","enabled":false},"version":2}},"categories":[10],"tags":[639,687,684,637,686,685,673,688,338,199,689],"class_list":["post-2031","post","type-post","status-publish","format-standard","has-post-thumbnail","hentry","category-portada","tag-639","tag-bernardo","tag-djurjevic","tag-europeo","tag-guedes","tag-mitrovic","tag-portugal","tag-rajkovic","tag-serbia","tag-silva","tag-sub"],"yoast_head":"<!-- This site is optimized with the Yoast SEO plugin v27.5 - https:\/\/yoast.com\/product\/yoast-seo-wordpress\/ -->\n<title>Europeo Sub&#039;19: Los penaltis derriban a Portugal y contin\u00faan el sue\u00f1o serbio &#8211; Futbolandia<\/title>\n<meta name=\"robots\" content=\"index, follow, max-snippet:-1, max-image-preview:large, max-video-preview:-1\" \/>\n<link rel=\"canonical\" href=\"https:\/\/www.manquepierda.com\/futbolandia\/europeo-sub19-los-penaltis-derriban-a-portugal-y-continuan-el-sueno-serbio\/\" \/>\n<meta property=\"og:locale\" content=\"es_ES\" \/>\n<meta property=\"og:type\" content=\"article\" \/>\n<meta property=\"og:title\" content=\"Europeo Sub&#039;19: Los penaltis derriban a Portugal y contin\u00faan el sue\u00f1o serbio &#8211; Futbolandia\" \/>\n<meta property=\"og:description\" content=\"Gran campeonato el que est\u00e1 haciendo Serbia, que m\u00e1s all\u00e1 de los resultados est\u00e1 resultando ser un equipo con grandes cualidades, mucha solidez y el suficiente oficio para sacar resultados cuando parece poco probable sacarlos. Ayer se impusieron en el camino hacia la final, a una Portugal que se ha repuesto muy bien de la...\" \/>\n<meta property=\"og:url\" content=\"https:\/\/www.manquepierda.com\/futbolandia\/europeo-sub19-los-penaltis-derriban-a-portugal-y-continuan-el-sueno-serbio\/\" \/>\n<meta property=\"og:site_name\" content=\"Futbolandia\" \/>\n<meta property=\"article:published_time\" content=\"2013-07-30T10:59:33+00:00\" \/>\n<meta property=\"og:image\" content=\"https:\/\/i1.wp.com\/www.manquepierda.com\/futbolandia\/files\/2013\/07\/Portugal-Serbia.jpg?fit=656%2C369&ssl=1\" \/>\n\t<meta property=\"og:image:width\" content=\"656\" \/>\n\t<meta property=\"og:image:height\" content=\"369\" \/>\n\t<meta property=\"og:image:type\" content=\"image\/jpeg\" \/>\n<meta name=\"author\" content=\"Jorge M. Gonz\u00e1lez\" \/>\n<meta name=\"twitter:label1\" content=\"Escrito por\" \/>\n\t<meta name=\"twitter:data1\" content=\"Jorge M. Gonz\u00e1lez\" \/>\n\t<meta name=\"twitter:label2\" content=\"Tiempo de lectura\" \/>\n\t<meta name=\"twitter:data2\" content=\"2 minutos\" \/>\n<script type=\"application\/ld+json\" class=\"yoast-schema-graph\">{\"@context\":\"https:\\\/\\\/schema.org\",\"@graph\":[{\"@type\":\"Article\",\"@id\":\"https:\\\/\\\/www.manquepierda.com\\\/futbolandia\\\/europeo-sub19-los-penaltis-derriban-a-portugal-y-continuan-el-sueno-serbio\\\/#article\",\"isPartOf\":{\"@id\":\"https:\\\/\\\/www.manquepierda.com\\\/futbolandia\\\/europeo-sub19-los-penaltis-derriban-a-portugal-y-continuan-el-sueno-serbio\\\/\"},\"author\":{\"name\":\"Jorge M. Gonz\u00e1lez\",\"@id\":\"https:\\\/\\\/www.manquepierda.com\\\/futbolandia\\\/#\\\/schema\\\/person\\\/fdb4eabc3c2e0e717a790a4ce10cd2b3\"},\"headline\":\"Europeo Sub&#8217;19: Los penaltis derriban a Portugal y contin\u00faan el sue\u00f1o serbio\",\"datePublished\":\"2013-07-30T10:59:33+00:00\",\"mainEntityOfPage\":{\"@id\":\"https:\\\/\\\/www.manquepierda.com\\\/futbolandia\\\/europeo-sub19-los-penaltis-derriban-a-portugal-y-continuan-el-sueno-serbio\\\/\"},\"wordCount\":413,\"commentCount\":0,\"image\":{\"@id\":\"https:\\\/\\\/www.manquepierda.com\\\/futbolandia\\\/europeo-sub19-los-penaltis-derriban-a-portugal-y-continuan-el-sueno-serbio\\\/#primaryimage\"},\"thumbnailUrl\":\"https:\\\/\\\/i0.wp.com\\\/www.manquepierda.com\\\/futbolandia\\\/files\\\/2013\\\/07\\\/Portugal-Serbia.jpg?fit=656%2C369&ssl=1\",\"keywords\":[\"19\",\"bernardo\",\"djurjevic\",\"europeo\",\"guedes\",\"mitrovic\",\"portugal\",\"rajkovic\",\"Serbia\",\"silva\",\"sub\"],\"articleSection\":[\"Portada\"],\"inLanguage\":\"es\",\"potentialAction\":[{\"@type\":\"CommentAction\",\"name\":\"Comment\",\"target\":[\"https:\\\/\\\/www.manquepierda.com\\\/futbolandia\\\/europeo-sub19-los-penaltis-derriban-a-portugal-y-continuan-el-sueno-serbio\\\/#respond\"]}]},{\"@type\":\"WebPage\",\"@id\":\"https:\\\/\\\/www.manquepierda.com\\\/futbolandia\\\/europeo-sub19-los-penaltis-derriban-a-portugal-y-continuan-el-sueno-serbio\\\/\",\"url\":\"https:\\\/\\\/www.manquepierda.com\\\/futbolandia\\\/europeo-sub19-los-penaltis-derriban-a-portugal-y-continuan-el-sueno-serbio\\\/\",\"name\":\"Europeo Sub'19: Los penaltis derriban a Portugal y contin\u00faan el sue\u00f1o serbio &#8211; Futbolandia\",\"isPartOf\":{\"@id\":\"https:\\\/\\\/www.manquepierda.com\\\/futbolandia\\\/#website\"},\"primaryImageOfPage\":{\"@id\":\"https:\\\/\\\/www.manquepierda.com\\\/futbolandia\\\/europeo-sub19-los-penaltis-derriban-a-portugal-y-continuan-el-sueno-serbio\\\/#primaryimage\"},\"image\":{\"@id\":\"https:\\\/\\\/www.manquepierda.com\\\/futbolandia\\\/europeo-sub19-los-penaltis-derriban-a-portugal-y-continuan-el-sueno-serbio\\\/#primaryimage\"},\"thumbnailUrl\":\"https:\\\/\\\/i0.wp.com\\\/www.manquepierda.com\\\/futbolandia\\\/files\\\/2013\\\/07\\\/Portugal-Serbia.jpg?fit=656%2C369&ssl=1\",\"datePublished\":\"2013-07-30T10:59:33+00:00\",\"author\":{\"@id\":\"https:\\\/\\\/www.manquepierda.com\\\/futbolandia\\\/#\\\/schema\\\/person\\\/fdb4eabc3c2e0e717a790a4ce10cd2b3\"},\"breadcrumb\":{\"@id\":\"https:\\\/\\\/www.manquepierda.com\\\/futbolandia\\\/europeo-sub19-los-penaltis-derriban-a-portugal-y-continuan-el-sueno-serbio\\\/#breadcrumb\"},\"inLanguage\":\"es\",\"potentialAction\":[{\"@type\":\"ReadAction\",\"target\":[\"https:\\\/\\\/www.manquepierda.com\\\/futbolandia\\\/europeo-sub19-los-penaltis-derriban-a-portugal-y-continuan-el-sueno-serbio\\\/\"]}]},{\"@type\":\"ImageObject\",\"inLanguage\":\"es\",\"@id\":\"https:\\\/\\\/www.manquepierda.com\\\/futbolandia\\\/europeo-sub19-los-penaltis-derriban-a-portugal-y-continuan-el-sueno-serbio\\\/#primaryimage\",\"url\":\"https:\\\/\\\/i0.wp.com\\\/www.manquepierda.com\\\/futbolandia\\\/files\\\/2013\\\/07\\\/Portugal-Serbia.jpg?fit=656%2C369&ssl=1\",\"contentUrl\":\"https:\\\/\\\/i0.wp.com\\\/www.manquepierda.com\\\/futbolandia\\\/files\\\/2013\\\/07\\\/Portugal-Serbia.jpg?fit=656%2C369&ssl=1\",\"width\":656,\"height\":369,\"caption\":\"Portugal y Serbia tuvieron que esperar a la tanda de penaltis para decidir el pase Foto: uefa.com\"},{\"@type\":\"BreadcrumbList\",\"@id\":\"https:\\\/\\\/www.manquepierda.com\\\/futbolandia\\\/europeo-sub19-los-penaltis-derriban-a-portugal-y-continuan-el-sueno-serbio\\\/#breadcrumb\",\"itemListElement\":[{\"@type\":\"ListItem\",\"position\":1,\"name\":\"Portada\",\"item\":\"https:\\\/\\\/www.manquepierda.com\\\/futbolandia\\\/\"},{\"@type\":\"ListItem\",\"position\":2,\"name\":\"Europeo Sub&#8217;19: Los penaltis derriban a Portugal y contin\u00faan el sue\u00f1o serbio\"}]},{\"@type\":\"WebSite\",\"@id\":\"https:\\\/\\\/www.manquepierda.com\\\/futbolandia\\\/#website\",\"url\":\"https:\\\/\\\/www.manquepierda.com\\\/futbolandia\\\/\",\"name\":\"Futbolandia\",\"description\":\"Reportajes e informaci\u00f3n sobre f\u00fatbol mundial y j\u00f3venes promesas\",\"potentialAction\":[{\"@type\":\"SearchAction\",\"target\":{\"@type\":\"EntryPoint\",\"urlTemplate\":\"https:\\\/\\\/www.manquepierda.com\\\/futbolandia\\\/?s={search_term_string}\"},\"query-input\":{\"@type\":\"PropertyValueSpecification\",\"valueRequired\":true,\"valueName\":\"search_term_string\"}}],\"inLanguage\":\"es\"},{\"@type\":\"Person\",\"@id\":\"https:\\\/\\\/www.manquepierda.com\\\/futbolandia\\\/#\\\/schema\\\/person\\\/fdb4eabc3c2e0e717a790a4ce10cd2b3\",\"name\":\"Jorge M. Gonz\u00e1lez\",\"image\":{\"@type\":\"ImageObject\",\"inLanguage\":\"es\",\"@id\":\"https:\\\/\\\/secure.gravatar.com\\\/avatar\\\/40fe62083e523c4134f75fb1d06ea73b4503d9162f3c6e89800e90f1bbd7f262?s=96&d=mm&r=g\",\"url\":\"https:\\\/\\\/secure.gravatar.com\\\/avatar\\\/40fe62083e523c4134f75fb1d06ea73b4503d9162f3c6e89800e90f1bbd7f262?s=96&d=mm&r=g\",\"contentUrl\":\"https:\\\/\\\/secure.gravatar.com\\\/avatar\\\/40fe62083e523c4134f75fb1d06ea73b4503d9162f3c6e89800e90f1bbd7f262?s=96&d=mm&r=g\",\"caption\":\"Jorge M. Gonz\u00e1lez\"},\"description\":\"Apasionado del f\u00fatbol internacional y Social Media Manager. Me gusta seguir ligas extranjeras y a las j\u00f3venes promesas de todo el mundo. S\u00edgueme en twitter para compartir afici\u00f3n: @jorgegonex\",\"sameAs\":[\"http:\\\/\\\/manquepierda.com\\\/\",\"https:\\\/\\\/x.com\\\/https:\\\/\\\/twitter.com\\\/jorgegonex\",\"https:\\\/\\\/www.youtube.com\\\/user\\\/FutbolandiaMQP\"],\"url\":\"https:\\\/\\\/www.manquepierda.com\\\/futbolandia\\\/author\\\/jorgegonzalez\\\/\"}]}<\/script>\n<!-- \/ Yoast SEO plugin. -->","yoast_head_json":{"title":"Europeo Sub'19: Los penaltis derriban a Portugal y contin\u00faan el sue\u00f1o serbio &#8211; Futbolandia","robots":{"index":"index","follow":"follow","max-snippet":"max-snippet:-1","max-image-preview":"max-image-preview:large","max-video-preview":"max-video-preview:-1"},"canonical":"https:\/\/www.manquepierda.com\/futbolandia\/europeo-sub19-los-penaltis-derriban-a-portugal-y-continuan-el-sueno-serbio\/","og_locale":"es_ES","og_type":"article","og_title":"Europeo Sub'19: Los penaltis derriban a Portugal y contin\u00faan el sue\u00f1o serbio &#8211; Futbolandia","og_description":"Gran campeonato el que est\u00e1 haciendo Serbia, que m\u00e1s all\u00e1 de los resultados est\u00e1 resultando ser un equipo con grandes cualidades, mucha solidez y el suficiente oficio para sacar resultados cuando parece poco probable sacarlos. Ayer se impusieron en el camino hacia la final, a una Portugal que se ha repuesto muy bien de la...","og_url":"https:\/\/www.manquepierda.com\/futbolandia\/europeo-sub19-los-penaltis-derriban-a-portugal-y-continuan-el-sueno-serbio\/","og_site_name":"Futbolandia","article_published_time":"2013-07-30T10:59:33+00:00","og_image":[{"width":656,"height":369,"url":"https:\/\/i1.wp.com\/www.manquepierda.com\/futbolandia\/files\/2013\/07\/Portugal-Serbia.jpg?fit=656%2C369&ssl=1","type":"image\/jpeg"}],"author":"Jorge M. Gonz\u00e1lez","twitter_misc":{"Escrito por":"Jorge M. Gonz\u00e1lez","Tiempo de lectura":"2 minutos"},"schema":{"@context":"https:\/\/schema.org","@graph":[{"@type":"Article","@id":"https:\/\/www.manquepierda.com\/futbolandia\/europeo-sub19-los-penaltis-derriban-a-portugal-y-continuan-el-sueno-serbio\/#article","isPartOf":{"@id":"https:\/\/www.manquepierda.com\/futbolandia\/europeo-sub19-los-penaltis-derriban-a-portugal-y-continuan-el-sueno-serbio\/"},"author":{"name":"Jorge M. Gonz\u00e1lez","@id":"https:\/\/www.manquepierda.com\/futbolandia\/#\/schema\/person\/fdb4eabc3c2e0e717a790a4ce10cd2b3"},"headline":"Europeo Sub&#8217;19: Los penaltis derriban a Portugal y contin\u00faan el sue\u00f1o serbio","datePublished":"2013-07-30T10:59:33+00:00","mainEntityOfPage":{"@id":"https:\/\/www.manquepierda.com\/futbolandia\/europeo-sub19-los-penaltis-derriban-a-portugal-y-continuan-el-sueno-serbio\/"},"wordCount":413,"commentCount":0,"image":{"@id":"https:\/\/www.manquepierda.com\/futbolandia\/europeo-sub19-los-penaltis-derriban-a-portugal-y-continuan-el-sueno-serbio\/#primaryimage"},"thumbnailUrl":"https:\/\/i0.wp.com\/www.manquepierda.com\/futbolandia\/files\/2013\/07\/Portugal-Serbia.jpg?fit=656%2C369&ssl=1","keywords":["19","bernardo","djurjevic","europeo","guedes","mitrovic","portugal","rajkovic","Serbia","silva","sub"],"articleSection":["Portada"],"inLanguage":"es","potentialAction":[{"@type":"CommentAction","name":"Comment","target":["https:\/\/www.manquepierda.com\/futbolandia\/europeo-sub19-los-penaltis-derriban-a-portugal-y-continuan-el-sueno-serbio\/#respond"]}]},{"@type":"WebPage","@id":"https:\/\/www.manquepierda.com\/futbolandia\/europeo-sub19-los-penaltis-derriban-a-portugal-y-continuan-el-sueno-serbio\/","url":"https:\/\/www.manquepierda.com\/futbolandia\/europeo-sub19-los-penaltis-derriban-a-portugal-y-continuan-el-sueno-serbio\/","name":"Europeo Sub'19: Los penaltis derriban a Portugal y contin\u00faan el sue\u00f1o serbio &#8211; Futbolandia","isPartOf":{"@id":"https:\/\/www.manquepierda.com\/futbolandia\/#website"},"primaryImageOfPage":{"@id":"https:\/\/www.manquepierda.com\/futbolandia\/europeo-sub19-los-penaltis-derriban-a-portugal-y-continuan-el-sueno-serbio\/#primaryimage"},"image":{"@id":"https:\/\/www.manquepierda.com\/futbolandia\/europeo-sub19-los-penaltis-derriban-a-portugal-y-continuan-el-sueno-serbio\/#primaryimage"},"thumbnailUrl":"https:\/\/i0.wp.com\/www.manquepierda.com\/futbolandia\/files\/2013\/07\/Portugal-Serbia.jpg?fit=656%2C369&ssl=1","datePublished":"2013-07-30T10:59:33+00:00","author":{"@id":"https:\/\/www.manquepierda.com\/futbolandia\/#\/schema\/person\/fdb4eabc3c2e0e717a790a4ce10cd2b3"},"breadcrumb":{"@id":"https:\/\/www.manquepierda.com\/futbolandia\/europeo-sub19-los-penaltis-derriban-a-portugal-y-continuan-el-sueno-serbio\/#breadcrumb"},"inLanguage":"es","potentialAction":[{"@type":"ReadAction","target":["https:\/\/www.manquepierda.com\/futbolandia\/europeo-sub19-los-penaltis-derriban-a-portugal-y-continuan-el-sueno-serbio\/"]}]},{"@type":"ImageObject","inLanguage":"es","@id":"https:\/\/www.manquepierda.com\/futbolandia\/europeo-sub19-los-penaltis-derriban-a-portugal-y-continuan-el-sueno-serbio\/#primaryimage","url":"https:\/\/i0.wp.com\/www.manquepierda.com\/futbolandia\/files\/2013\/07\/Portugal-Serbia.jpg?fit=656%2C369&ssl=1","contentUrl":"https:\/\/i0.wp.com\/www.manquepierda.com\/futbolandia\/files\/2013\/07\/Portugal-Serbia.jpg?fit=656%2C369&ssl=1","width":656,"height":369,"caption":"Portugal y Serbia tuvieron que esperar a la tanda de penaltis para decidir el pase Foto: uefa.com"},{"@type":"BreadcrumbList","@id":"https:\/\/www.manquepierda.com\/futbolandia\/europeo-sub19-los-penaltis-derriban-a-portugal-y-continuan-el-sueno-serbio\/#breadcrumb","itemListElement":[{"@type":"ListItem","position":1,"name":"Portada","item":"https:\/\/www.manquepierda.com\/futbolandia\/"},{"@type":"ListItem","position":2,"name":"Europeo Sub&#8217;19: Los penaltis derriban a Portugal y contin\u00faan el sue\u00f1o serbio"}]},{"@type":"WebSite","@id":"https:\/\/www.manquepierda.com\/futbolandia\/#website","url":"https:\/\/www.manquepierda.com\/futbolandia\/","name":"Futbolandia","description":"Reportajes e informaci\u00f3n sobre f\u00fatbol mundial y j\u00f3venes promesas","potentialAction":[{"@type":"SearchAction","target":{"@type":"EntryPoint","urlTemplate":"https:\/\/www.manquepierda.com\/futbolandia\/?s={search_term_string}"},"query-input":{"@type":"PropertyValueSpecification","valueRequired":true,"valueName":"search_term_string"}}],"inLanguage":"es"},{"@type":"Person","@id":"https:\/\/www.manquepierda.com\/futbolandia\/#\/schema\/person\/fdb4eabc3c2e0e717a790a4ce10cd2b3","name":"Jorge M. Gonz\u00e1lez","image":{"@type":"ImageObject","inLanguage":"es","@id":"https:\/\/secure.gravatar.com\/avatar\/40fe62083e523c4134f75fb1d06ea73b4503d9162f3c6e89800e90f1bbd7f262?s=96&d=mm&r=g","url":"https:\/\/secure.gravatar.com\/avatar\/40fe62083e523c4134f75fb1d06ea73b4503d9162f3c6e89800e90f1bbd7f262?s=96&d=mm&r=g","contentUrl":"https:\/\/secure.gravatar.com\/avatar\/40fe62083e523c4134f75fb1d06ea73b4503d9162f3c6e89800e90f1bbd7f262?s=96&d=mm&r=g","caption":"Jorge M. Gonz\u00e1lez"},"description":"Apasionado del f\u00fatbol internacional y Social Media Manager. Me gusta seguir ligas extranjeras y a las j\u00f3venes promesas de todo el mundo. S\u00edgueme en twitter para compartir afici\u00f3n: @jorgegonex","sameAs":["http:\/\/manquepierda.com\/","https:\/\/x.com\/https:\/\/twitter.com\/jorgegonex","https:\/\/www.youtube.com\/user\/FutbolandiaMQP"],"url":"https:\/\/www.manquepierda.com\/futbolandia\/author\/jorgegonzalez\/"}]}},"jetpack_publicize_connections":[],"jetpack_featured_media_url":"https:\/\/i0.wp.com\/www.manquepierda.com\/futbolandia\/files\/2013\/07\/Portugal-Serbia.jpg?fit=656%2C369&ssl=1","jetpack_shortlink":"https:\/\/wp.me\/p1THIg-wL","jetpack_sharing_enabled":true,"_links":{"self":[{"href":"https:\/\/www.manquepierda.com\/futbolandia\/wp-json\/wp\/v2\/posts\/2031","targetHints":{"allow":["GET"]}}],"collection":[{"href":"https:\/\/www.manquepierda.com\/futbolandia\/wp-json\/wp\/v2\/posts"}],"about":[{"href":"https:\/\/www.manquepierda.com\/futbolandia\/wp-json\/wp\/v2\/types\/post"}],"author":[{"embeddable":true,"href":"https:\/\/www.manquepierda.com\/futbolandia\/wp-json\/wp\/v2\/users\/93"}],"replies":[{"embeddable":true,"href":"https:\/\/www.manquepierda.com\/futbolandia\/wp-json\/wp\/v2\/comments?post=2031"}],"version-history":[{"count":0,"href":"https:\/\/www.manquepierda.com\/futbolandia\/wp-json\/wp\/v2\/posts\/2031\/revisions"}],"wp:featuredmedia":[{"embeddable":true,"href":"https:\/\/www.manquepierda.com\/futbolandia\/wp-json\/wp\/v2\/media\/2034"}],"wp:attachment":[{"href":"https:\/\/www.manquepierda.com\/futbolandia\/wp-json\/wp\/v2\/media?parent=2031"}],"wp:term":[{"taxonomy":"category","embeddable":true,"href":"https:\/\/www.manquepierda.com\/futbolandia\/wp-json\/wp\/v2\/categories?post=2031"},{"taxonomy":"post_tag","embeddable":true,"href":"https:\/\/www.manquepierda.com\/futbolandia\/wp-json\/wp\/v2\/tags?post=2031"}],"curies":[{"name":"wp","href":"https:\/\/api.w.org\/{rel}","templated":true}]}}