{"id":2102,"date":"2013-08-02T12:11:20","date_gmt":"2013-08-02T10:11:20","guid":{"rendered":"http:\/\/www.manquepierda.com\/futbolandia\/?p=2102"},"modified":"2013-08-02T12:11:20","modified_gmt":"2013-08-02T10:11:20","slug":"centrales-zurdos-un-perfil-de-futbolista-poco-comun","status":"publish","type":"post","link":"https:\/\/www.manquepierda.com\/futbolandia\/centrales-zurdos-un-perfil-de-futbolista-poco-comun\/","title":{"rendered":"Centrales zurdos: un perfil de futbolista poco com\u00fan"},"content":{"rendered":"<div>\n<p>&nbsp;<\/p>\n<figure id=\"attachment_2162\" aria-describedby=\"caption-attachment-2162\" style=\"width: 425px\" class=\"wp-caption alignleft\"><a href=\"https:\/\/i0.wp.com\/www.manquepierda.com\/futbolandia\/files\/2013\/07\/Samuel-Umtiti.jpg\"><img data-recalc-dims=\"1\" loading=\"lazy\" decoding=\"async\" data-attachment-id=\"2162\" data-permalink=\"https:\/\/www.manquepierda.com\/futbolandia\/centrales-zurdos-un-perfil-de-futbolista-poco-comun\/samuel-umtiti\/\" data-orig-file=\"https:\/\/i0.wp.com\/www.manquepierda.com\/futbolandia\/files\/2013\/07\/Samuel-Umtiti.jpg?fit=425%2C265&amp;ssl=1\" data-orig-size=\"425,265\" data-comments-opened=\"1\" data-image-meta=\"{&quot;aperture&quot;:&quot;5&quot;,&quot;credit&quot;:&quot;&quot;,&quot;camera&quot;:&quot;NIKON D3&quot;,&quot;caption&quot;:&quot;Samuel UMTITI -&quot;,&quot;created_timestamp&quot;:&quot;1328973006&quot;,&quot;copyright&quot;:&quot;&quot;,&quot;focal_length&quot;:&quot;400&quot;,&quot;iso&quot;:&quot;1000&quot;,&quot;shutter_speed&quot;:&quot;0.001&quot;,&quot;title&quot;:&quot;Samuel UMTITI&quot;}\" data-image-title=\"Samuel UMTITI\" data-image-description=\"&lt;p&gt;Samuel UMTITI &amp;#8211;&lt;\/p&gt;\n\" data-image-caption=\"&lt;p&gt;Samuel Umtiti es uno de los j\u00f3venes centrales zurdos con mayor proyecci\u00f3n&lt;br \/&gt;\nFoto: footballmanagerstory.com&lt;\/p&gt;\n\" data-large-file=\"https:\/\/i0.wp.com\/www.manquepierda.com\/futbolandia\/files\/2013\/07\/Samuel-Umtiti.jpg?fit=425%2C265&amp;ssl=1\" class=\"size-full wp-image-2162\" alt=\"Samuel Umtiti es uno de los j\u00f3venes centrales zurdos con mayor proyecci\u00f3n Foto: footballmanagerstory.com\" src=\"https:\/\/i0.wp.com\/www.manquepierda.com\/futbolandia\/files\/2013\/07\/Samuel-Umtiti.jpg?resize=425%2C265\" width=\"425\" height=\"265\" srcset=\"https:\/\/i0.wp.com\/www.manquepierda.com\/futbolandia\/files\/2013\/07\/Samuel-Umtiti.jpg?w=425&amp;ssl=1 425w, https:\/\/i0.wp.com\/www.manquepierda.com\/futbolandia\/files\/2013\/07\/Samuel-Umtiti.jpg?resize=300%2C187&amp;ssl=1 300w, https:\/\/i0.wp.com\/www.manquepierda.com\/futbolandia\/files\/2013\/07\/Samuel-Umtiti.jpg?resize=400%2C250&amp;ssl=1 400w\" sizes=\"auto, (max-width: 425px) 100vw, 425px\" \/><\/a><figcaption id=\"caption-attachment-2162\" class=\"wp-caption-text\">Samuel Umtiti es uno de los j\u00f3venes centrales zurdos con mayor proyecci\u00f3n<br \/>Foto: footballmanagerstory.com<\/figcaption><\/figure>\n<p><span style=\"font-family: Verdana, sans-serif\">Quien tiene un central zurdo tiene un tesoro, y el equipo que cuenta en sus filas con dos&#8230; En este nuevo art\u00edculo os presento una lista con una serie de jugadores de diferentes ligas y distintas nacionalidades con la caracter\u00edstica com\u00fan de que todos ellos desempe\u00f1an en el campo la posici\u00f3n de central izquierdo.<\/span><\/p>\n<p><span style=\"font-family: Verdana, sans-serif\">Caracter\u00edsticas singulares de este perfil de futbolista son las siguientes que paso a enumerar a continuaci\u00f3n:<\/span><\/p>\n<\/div>\n<div>\n<ul>\n<li><span style=\"font-family: Verdana, sans-serif\">Naturalmente zurdos, aunque alguno de ellos pueda desenvolverse tambi\u00e9n con la derecha no siendo completamente zurdo cerrado. Por ejemplo: Eliaquim Mangala (Oporto).<\/span><\/li>\n<li><span style=\"font-family: Verdana, sans-serif\">Todos ellos gozan de una gran envergadura, ninguno est\u00e1 por debajo de 1&#8217;80m de altura. El m\u00e1s bajo es Marc Muniesa (Stoke City) con esa marca de estatura.<\/span><\/li>\n<li><span style=\"font-family: Verdana, sans-serif\">La mayor\u00eda capaces de realizar las veces de lateral o viceversa, son laterales zurdos reconvertidos a centrales. Por ejemplo: Jeremy Mathieu (Valencia).<\/span><\/li>\n<li><span style=\"font-family: Verdana, sans-serif\">Adem\u00e1s, se presume una mayor salida de bal\u00f3n desde atr\u00e1s a sus equipos, dado que normalmente los defensas diestros que desempe\u00f1an en el lado izquierdo deben perfilarse siempre a su pie bueno restando oportunidades en el juego defensivo.<\/span><\/li>\n<\/ul>\n<p><span style=\"font-family: Verdana, sans-serif\">Est\u00e1n ordenados por su valor de mercado (meramente orientativo), seg\u00fan la base de datos Transfermarkt, en orden ascendente y comprendidos en un margen de edad entre mayores de 18 a\u00f1os e inferiores a 30, quedando fuera del listado jugadores como Weligton (M\u00e1laga) o Dorado (Villarreal).<\/span><\/p>\n<div>\n<p><span style=\"font-family: Verdana, sans-serif\">Decir que no es una lista completa ni mucho menos, hay m\u00e1s nombres como Jordi Figueras,\u00a0<\/span><span style=\"font-family: Verdana, sans-serif\">Amorebieta, Leandro Cast\u00e1n, Lucas Mendes, Lautoa&#8230;\u00a0<\/span><span style=\"font-family: Verdana, sans-serif\">y otros por descubrir!!<\/span><\/p>\n<ul>\n<li><span style=\"font-family: Verdana, sans-serif\">Ignasi Miquel (Arsenal<\/span><span style=\"font-family: Verdana, sans-serif\">)\u00a0<\/span><span style=\"font-family: Verdana, sans-serif\">Zurdo, 20 a\u00f1os, 1&#8217;83m, Espa\u00f1a &#8211;\u00a0<\/span><span style=\"font-family: Verdana, sans-serif\">Perfil\u00a0<a href=\"http:\/\/www.transfermarkt.de\/en\/ignasi-miquel\/profil\/spieler_70245.html\">Transfermarkt<\/a>\u00a0<\/span><span style=\"font-family: Verdana, sans-serif\">VM: &#8211; \u20ac<\/span><\/li>\n<li><span style=\"font-family: Verdana, sans-serif\">Gast\u00f3n Silva\u00a0(Defensor)\u00a0<\/span><span style=\"font-family: Verdana, sans-serif\">Zurdo, 19 a\u00f1os, 1&#8217;85m, Uruguay &#8211;\u00a0<\/span><span style=\"font-family: Verdana, sans-serif\">Perfil\u00a0<a href=\"http:\/\/www.transfermarkt.de\/en\/gaston-silva\/profil\/spieler_189452.html\">Transfermarkt<\/a>\u00a0<\/span><span style=\"font-family: Verdana, sans-serif\">VM: 125.000 \u20ac<\/span><\/li>\n<li><span style=\"font-family: Verdana, sans-serif\">Tiago Ferreira (Oporto)\u00a0<\/span><span style=\"font-family: Verdana, sans-serif\">Zurdo, 20 a\u00f1os, 1&#8217;83m, Portugal &#8211;\u00a0<\/span><span style=\"font-family: Verdana, sans-serif\">Perfil\u00a0<a href=\"http:\/\/www.transfermarkt.de\/en\/tiago-ferreira\/profil\/spieler_149721.html\">Transfermarkt<\/a>\u00a0<\/span><span style=\"font-family: Verdana, sans-serif\">VM: 600.000 \u20ac<\/span><\/li>\n<li><span style=\"font-family: Verdana, sans-serif\">Borja L\u00f3pez (Sporting Gij\u00f3n)\u00a0<\/span><span style=\"font-family: Verdana, sans-serif\">Zurdo, 19 a\u00f1os, 1&#8217;92m, Espa\u00f1a &#8211;\u00a0<\/span><span style=\"font-family: Verdana, sans-serif\">Perfil\u00a0<a href=\"http:\/\/www.transfermarkt.de\/en\/borja-lopez\/profil\/spieler_214770.html\">Transfermarkt<\/a>\u00a0<\/span><span style=\"font-family: Verdana, sans-serif\">VM: 900.000 \u20ac<\/span><\/li>\n<li><span style=\"font-family: Verdana, sans-serif\">Yohan Benalouane (Parma)\u00a0<\/span><span style=\"font-family: Verdana, sans-serif\">Zurdo, 26 a\u00f1os, 1&#8217;85m, T\u00fanez &#8211;\u00a0<\/span><span style=\"font-family: Verdana, sans-serif\">Perfil\u00a0<a href=\"http:\/\/www.transfermarkt.de\/en\/yohan-benalouane\/leistungsdaten-detail\/spieler_50477.html\">Transfermarkt<\/a>\u00a0<\/span><span style=\"font-family: Verdana, sans-serif\">VM: 1 mill.\u20ac<\/span><\/li>\n<li><span style=\"font-family: Verdana, sans-serif\">Stefan Strandberg (Rosenborg)\u00a0<\/span><span style=\"font-family: Verdana, sans-serif\">Zurdo, 22 a\u00f1os, 1&#8217;89m, Noruega &#8211;\u00a0<\/span><span style=\"font-family: Verdana, sans-serif\">Perfil\u00a0<a href=\"http:\/\/www.transfermarkt.de\/en\/stefan-strandberg\/profil\/spieler_50617.html\">Transfermarkt<\/a>\u00a0<\/span><span style=\"font-family: Verdana, sans-serif\">VM: 1.3 mill.\u20ac<\/span><\/li>\n<li><span style=\"font-family: Verdana, sans-serif\">Liassine Cadamuro\u00a0(Real Sociedad)\u00a0<\/span><span style=\"font-family: Verdana, sans-serif\">Zurdo, 25 a\u00f1os, 1&#8217;88m, Argelia &#8211; P<\/span><span style=\"font-family: Verdana, sans-serif\">erfil\u00a0<a href=\"http:\/\/www.transfermarkt.de\/en\/liassine-cadamuro\/profil\/spieler_89325.html\">Transfermarkt<\/a>\u00a0<\/span><span style=\"font-family: Verdana, sans-serif\">VM: 1.4\u00a0mill.\u20ac<\/span><\/li>\n<li><span style=\"font-family: Verdana, sans-serif\">Danny Wilson (Heart of Midlothian)\u00a0<\/span><span style=\"font-family: Verdana, sans-serif\">Zurdo, 21 a\u00f1os, 1&#8217;87m, Escocia &#8211;\u00a0<\/span><span style=\"font-family: Verdana, sans-serif\">Perfil\u00a0<a href=\"http:\/\/www.transfermarkt.de\/en\/danny-wilson\/profil\/spieler_103819.html\">Transfermarkt<\/a>\u00a0<\/span><span style=\"font-family: Verdana, sans-serif\">VM: 1.5 mill.\u20ac<\/span><span style=\"font-family: Verdana, sans-serif\">\u00a0<\/span><\/li>\n<li><span style=\"font-family: Verdana, sans-serif\">Andreu Font\u00e1s (Celta de Vigo)\u00a0<\/span><span style=\"font-family: Verdana, sans-serif\">Zurdo, 23 a\u00f1os, 1&#8217;86m, Espa\u00f1a &#8211;\u00a0<\/span><span style=\"font-family: Verdana, sans-serif\">Perfil\u00a0<a href=\"http:\/\/www.transfermarkt.de\/en\/andreu-fonts\/profil\/spieler_65237.html\">Transfermarkt<\/a>\u00a0<\/span><span style=\"font-family: Verdana, sans-serif\">VM: 1.5\u00a0mill.\u20ac<\/span><\/li>\n<li><span style=\"font-family: Verdana, sans-serif\">\u00c9der \u00c1lvarez Balanta (River Plate)\u00a0<\/span><span style=\"font-family: Verdana, sans-serif\">Zurdo, 20 a\u00f1os, 1&#8217;81m, Colombia &#8211;\u00a0<\/span><span style=\"font-family: Verdana, sans-serif\">Perfil\u00a0<a href=\"http:\/\/www.transfermarkt.de\/en\/der-lvarez-balanta\/profil\/spieler_265127.html\">Transfermarkt<\/a>\u00a0<\/span><span style=\"font-family: Verdana, sans-serif\">VM: 1.5 mill.\u20ac<\/span><\/li>\n<li><span style=\"font-family: Verdana, sans-serif\">Marc Muniesa (Stoke City)\u00a0<\/span><span style=\"font-family: Verdana, sans-serif\">Zurdo, 21 a\u00f1os, 1&#8217;80m, Espa\u00f1a &#8211; P<\/span><span style=\"font-family: Verdana, sans-serif\">erfil\u00a0<a href=\"http:\/\/www.transfermarkt.de\/en\/marc-muniesa\/profil\/spieler_74228.html\">Transfermarkt<\/a>\u00a0<\/span><span style=\"font-family: Verdana, sans-serif\">VM: 2\u00a0mill.\u20ac<\/span><\/li>\n<li><span style=\"font-family: Verdana, sans-serif\">Aymeric Laporte\u00a0(Athletic Bilbao)\u00a0<\/span><span style=\"font-family: Verdana, sans-serif\">Zurdo, 19 a\u00f1os, 1&#8217;89m, Francia &#8211;\u00a0<\/span><span style=\"font-family: Verdana, sans-serif\">Perfil\u00a0<a href=\"http:\/\/www.transfermarkt.de\/en\/aymeric-laporte\/profil\/spieler_176553.html\">Transfermarkt<\/a>\u00a0<\/span><span style=\"font-family: Verdana, sans-serif\">VM: 2 mill.\u20ac<\/span><\/li>\n<li><span style=\"font-family: Verdana, sans-serif\">Mat\u00edas Cahais (Racing Avellaneda)\u00a0<\/span><span style=\"font-family: Verdana, sans-serif\">Zurdo, 25 a\u00f1os, 1&#8217;86m, Argentina &#8211;\u00a0<\/span><span style=\"font-family: Verdana, sans-serif\">Perfil\u00a0<a href=\"http:\/\/www.transfermarkt.de\/en\/matias-cahais\/profil\/spieler_45310.html\">Transfermarkt<\/a>\u00a0<\/span><span style=\"font-family: Verdana, sans-serif\">VM: 2 mill.\u20ac<\/span><\/li>\n<li><span style=\"font-family: Verdana, sans-serif\">Slobodan Rajkovic (Hamburgo)\u00a0<\/span><span style=\"font-family: Verdana, sans-serif\">Zurdo, 24 a\u00f1os, 1&#8217;91m, Serbia &#8211;\u00a0<\/span><span style=\"font-family: Verdana, sans-serif\">Perfil\u00a0<a href=\"http:\/\/www.transfermarkt.de\/en\/slobodan-rajkovic\/profil\/spieler_35934.html\">Transfermarkt<\/a>\u00a0<\/span><span style=\"font-family: Verdana, sans-serif\">VM: 2\u00a0mill.\u20ac<\/span><\/li>\n<li><span style=\"font-family: Verdana, sans-serif\">Karim Rekik (PSV)\u00a0<\/span><span style=\"font-family: Verdana, sans-serif\">Zurdo, 18 a\u00f1os, 1&#8217;86m, Holanda &#8211;\u00a0<\/span><span style=\"font-family: Verdana, sans-serif\">Perfil\u00a0<a href=\"http:\/\/www.transfermarkt.de\/en\/karim-rekik\/profil\/spieler_182579.html\">Transfermarkt<\/a>\u00a0<\/span><span style=\"font-family: Verdana, sans-serif\">VM: 2\u00a0mill.\u20ac<\/span><\/li>\n<li><span style=\"font-family: Verdana, sans-serif\">Doria (Botafogo)\u00a0<\/span><span style=\"font-family: Verdana, sans-serif\">Zurdo, 18 a\u00f1os, 1&#8217;88m, Brasil &#8211;\u00a0<\/span><span style=\"font-family: Verdana, sans-serif\">Perfil\u00a0<a href=\"http:\/\/www.transfermarkt.de\/en\/doria\/profil\/spieler_213841.html\">Transfermarkt<\/a>\u00a0<\/span><span style=\"font-family: Verdana, sans-serif\">VM: 2\u00a0mill.\u20ac<\/span><\/li>\n<li><span style=\"font-family: Verdana, sans-serif\">Abdelhamid El Kaoutari (Montpellier)\u00a0<\/span><span style=\"font-family: Verdana, sans-serif\">Zurdo, 23 a\u00f1os, 1&#8217;80m, Marruecos &#8211;\u00a0<\/span><span style=\"font-family: Verdana, sans-serif\">Perfil\u00a0<a href=\"http:\/\/www.transfermarkt.de\/en\/abdelhamid-el-kaoutari\/profil\/spieler_74615.html\">Transfermarkt<\/a>\u00a0<\/span><span style=\"font-family: Verdana, sans-serif\">VM: 2.5 mill.\u20ac<\/span><\/li>\n<li><span style=\"font-family: Verdana, sans-serif\">Ivan Ivanov<\/span><span style=\"font-family: Verdana, sans-serif\">\u00a0(Partizan)\u00a0<\/span><span style=\"font-family: Verdana, sans-serif\">Zurdo, 25 a\u00f1os, 1&#8217;86m, Bulgaria &#8211;\u00a0<\/span><span style=\"font-family: Verdana, sans-serif\">Perfil\u00a0<a href=\"http:\/\/www.transfermarkt.de\/en\/ivan-ivanov\/profil\/spieler_38305.html\">Transfermarkt<\/a>\u00a0<\/span><span style=\"font-family: Verdana, sans-serif\">VM: 3\u00a0mill.\u20ac<\/span><\/li>\n<li><span style=\"font-family: Verdana, sans-serif\">Luca Caldirola<\/span><span style=\"font-family: Verdana, sans-serif\">\u00a0(Werder Bremen)\u00a0<\/span><span style=\"font-family: Verdana, sans-serif\">Zurdo, 22 a\u00f1os, 1&#8217;89m, Italia &#8211;\u00a0<\/span><span style=\"font-family: Verdana, sans-serif\">Perfil\u00a0<a href=\"http:\/\/www.transfermarkt.de\/en\/luca-caldirola\/profil\/spieler_88680.html\">Transfermarkt<\/a>\u00a0<\/span><span style=\"font-family: Verdana, sans-serif\">VM: 3\u00a0mill.\u20ac<\/span><\/li>\n<li><span style=\"font-family: Verdana, sans-serif\">Vegard Forren (Molde)\u00a0<\/span><span style=\"font-family: Verdana, sans-serif\">Zurdo, 25 a\u00f1os, 1&#8217;86m, Noruega &#8211;\u00a0<\/span><span style=\"font-family: Verdana, sans-serif\">Perfil\u00a0<a href=\"http:\/\/www.transfermarkt.de\/en\/vegard-forren\/profil\/spieler_62054.html\">Transfermarkt<\/a>\u00a0<\/span><span style=\"font-family: Verdana, sans-serif\">VM: 3.5\u00a0mill.\u20ac<\/span><\/li>\n<li><span style=\"font-family: Verdana, sans-serif\">Jos\u00e9 Mar\u00eda Basanta (Monterrey)\u00a0<\/span><span style=\"font-family: Verdana, sans-serif\">Zurdo, 29 a\u00f1os, 1&#8217;88m, Argentina &#8211;\u00a0<\/span><span style=\"font-family: Verdana, sans-serif\">Perfil\u00a0<a href=\"http:\/\/www.transfermarkt.de\/en\/jose-maria-basanta\/profil\/spieler_55997.html\">Transfermarkt<\/a>\u00a0<\/span><span style=\"font-family: Verdana, sans-serif\">VM: 3.5 mill.\u20ac<\/span><span style=\"font-family: Verdana, sans-serif\">\u00a0<\/span><\/li>\n<li><span style=\"font-family: Verdana, sans-serif\">Iv\u00e1n Marcano (Rubin Kazan<\/span><span style=\"font-family: Verdana, sans-serif\">)\u00a0<\/span><span style=\"font-family: Verdana, sans-serif\">Zurdo, 26 a\u00f1os, 1&#8217;89m, Espa\u00f1a &#8211;\u00a0<\/span><span style=\"font-family: Verdana, sans-serif\">Perfil\u00a0<a href=\"http:\/\/www.transfermarkt.de\/en\/ivan-marcano\/profil\/spieler_57723.html\">Transfermarkt<\/a>\u00a0<\/span><span style=\"font-family: Verdana, sans-serif\">VM: 4\u00a0mill.\u20ac<\/span><\/li>\n<li><span style=\"font-family: Verdana, sans-serif\">Marco Torsiglieri (Metalist Kharkiv<\/span><span style=\"font-family: Verdana, sans-serif\">)\u00a0<\/span><span style=\"font-family: Verdana, sans-serif\">Zurdo, 25 a\u00f1os, 1&#8217;90m, Argentina &#8211;\u00a0<\/span><span style=\"font-family: Verdana, sans-serif\">Perfil\u00a0<a href=\"http:\/\/www.transfermarkt.de\/en\/marco-torsiglieri\/profil\/spieler_53523.html\">Transfermarkt<\/a>\u00a0<\/span><span style=\"font-family: Verdana, sans-serif\">VM: 4 mill.\u20ac<\/span><\/li>\n<li><span style=\"font-family: Verdana, sans-serif\">Nick Viergever (AZ)\u00a0<\/span><span style=\"font-family: Verdana, sans-serif\">Zurdo, 23 a\u00f1os, 1&#8217;82m, Holanda &#8211;\u00a0<\/span><span style=\"font-family: Verdana, sans-serif\">Perfil\u00a0<a href=\"http:\/\/www.transfermarkt.de\/en\/nick-viergever\/profil\/spieler_93081.html\">Transfermarkt<\/a>\u00a0<\/span><span style=\"font-family: Verdana, sans-serif\">VM: 4\u00a0mill.\u20ac<\/span><span style=\"font-family: Verdana, sans-serif\"><br \/>\n<\/span><\/li>\n<li><span style=\"font-family: Verdana, sans-serif\">S\u00e9bastien Bassong\u00a0(Norwich City)\u00a0<\/span><span style=\"font-family: Verdana, sans-serif\">Zurdo, 27 a\u00f1os, 1&#8217;87m, Camer\u00fan &#8211;\u00a0<\/span><span style=\"font-family: Verdana, sans-serif\">Perfil\u00a0<a href=\"http:\/\/www.transfermarkt.de\/en\/sebastien-bassong\/profil\/spieler_33951.html\">Transfermarkt<\/a>\u00a0<\/span><span style=\"font-family: Verdana, sans-serif\">VM: 4.5\u00a0mill.\u20ac<\/span><span style=\"font-family: Verdana, sans-serif\">\u00a0<\/span><\/li>\n<li><span style=\"font-family: Verdana, sans-serif\">V\u00edctor Ruiz\u00a0(Valencia)\u00a0<\/span><span style=\"font-family: Verdana, sans-serif\">Zurdo, 24 a\u00f1os, 1&#8217;85m, Espa\u00f1a &#8211;\u00a0<\/span><span style=\"font-family: Verdana, sans-serif\">Perfil\u00a0<a href=\"http:\/\/www.transfermarkt.de\/en\/bram-nuytinck\/profil\/spieler_104597.html\">Transfermarkt<\/a>\u00a0<\/span><span style=\"font-family: Verdana, sans-serif\">VM: 5\u00a0mill.\u20ac<\/span><span style=\"font-family: Verdana, sans-serif\">\u00a0<\/span><\/li>\n<li><span style=\"font-family: Verdana, sans-serif\">Bram Nuytinck (Anderlecht)\u00a0<\/span><span style=\"font-family: Verdana, sans-serif\">Zurdo, 23 a\u00f1os, 1&#8217;89m, Holanda &#8211;\u00a0<\/span><span style=\"font-family: Verdana, sans-serif\">Perfil\u00a0<a href=\"http:\/\/www.transfermarkt.de\/en\/victor-ruiz\/profil\/spieler_62920.html\">Transfermarkt<\/a>\u00a0<\/span><span style=\"font-family: Verdana, sans-serif\">VM: 5 mill.\u20ac<\/span><\/li>\n<li><span style=\"font-family: Verdana, sans-serif\">Bruno Martins Indi (Feyenoord)\u00a0<\/span><span style=\"font-family: Verdana, sans-serif\">Zurdo, 21 a\u00f1os, 1&#8217;84m, Holanda &#8211;\u00a0<\/span><span style=\"font-family: Verdana, sans-serif\">Perfil\u00a0<a href=\"http:\/\/www.transfermarkt.de\/en\/bruno-martins-indi\/profil\/spieler_112052.html\">Transfermarkt<\/a>\u00a0<\/span><span style=\"font-family: Verdana, sans-serif\">VM: 5\u00a0mill.\u20ac<\/span><span style=\"font-family: Verdana, sans-serif\">\u00a0<\/span><\/li>\n<li><span style=\"font-family: Verdana, sans-serif\">Marcos Rojo (Sporting Lisboa)\u00a0<\/span><span style=\"font-family: Verdana, sans-serif\">Zurdo, 23 a\u00f1os, 1&#8217;84m, Argentina &#8211;\u00a0<\/span><span style=\"font-family: Verdana, sans-serif\">Perfil\u00a0<a href=\"http:\/\/www.transfermarkt.de\/en\/marcos-rojo\/profil\/spieler_93176.html\">Transfermarkt<\/a>\u00a0<\/span><span style=\"font-family: Verdana, sans-serif\">VM: 5.5\u00a0mill.\u20ac<\/span><span style=\"font-family: Verdana, sans-serif\">\u00a0<\/span><\/li>\n<li><span style=\"font-family: Verdana, sans-serif\">Miguel Britos (N\u00e1poles)\u00a0<\/span><span style=\"font-family: Verdana, sans-serif\">Zurdo, 28 a\u00f1os, 1&#8217;88m, Uruguay &#8211;\u00a0<\/span><span style=\"font-family: Verdana, sans-serif\">Perfil\u00a0<a href=\"http:\/\/www.transfermarkt.de\/en\/miguel-britos\/profil\/spieler_76799.html\">Transfermarkt<\/a>\u00a0<\/span><span style=\"font-family: Verdana, sans-serif\">VM: 6\u00a0mill.\u20ac<\/span><span style=\"font-family: Verdana, sans-serif\"><br \/>\n<\/span><\/li>\n<li><span style=\"font-family: Verdana, sans-serif\">Aymen Abdennour (Toulouse)\u00a0<\/span><span style=\"font-family: Verdana, sans-serif\">Zurdo, 23 a\u00f1os, 1&#8217;87m, T\u00fanez &#8211;\u00a0<\/span><span style=\"font-family: Verdana, sans-serif\">Perfil\u00a0<a href=\"http:\/\/www.transfermarkt.de\/en\/aymen-abdennour\/profil\/spieler_108830.html\">Transfermarkt<\/a>\u00a0<\/span><span style=\"font-family: Verdana, sans-serif\">VM: 6\u00a0mill.\u20ac<\/span><span style=\"font-family: Verdana, sans-serif\">\u00a0<\/span><\/li>\n<li><span style=\"font-family: Verdana, sans-serif\">H\u00e9ctor Moreno\u00a0(Espanyol)\u00a0<\/span><span style=\"font-family: Verdana, sans-serif\">Zurdo, 25 a\u00f1os, 1&#8217;84m, M\u00e9xico &#8211;\u00a0<\/span><span style=\"font-family: Verdana, sans-serif\">Perfil\u00a0<a href=\"http:\/\/www.transfermarkt.de\/en\/hector-moreno\/profil\/spieler_51046.html\">Transfermarkt<\/a>\u00a0<\/span><span style=\"font-family: Verdana, sans-serif\">VM: 7\u00a0mill.\u20ac<\/span><span style=\"font-family: Verdana, sans-serif\">\u00a0<\/span><\/li>\n<li><span style=\"font-family: Verdana, sans-serif\">Lisandro L\u00f3pez (Benfica)\u00a0<\/span><span style=\"font-family: Verdana, sans-serif\">Zurdo, 23 a\u00f1os, 1&#8217;87m, Argentina &#8211;\u00a0<\/span><span style=\"font-family: Verdana, sans-serif\">Perfil\u00a0<a href=\"http:\/\/www.transfermarkt.de\/en\/lisandro-lopez\/profil\/spieler_125019.html\">Transfermarkt<\/a>\u00a0<\/span><span style=\"font-family: Verdana, sans-serif\">VM: 7 mill.\u20ac<\/span><span style=\"font-family: Verdana, sans-serif\">\u00a0<\/span><\/li>\n<li><span style=\"font-family: Verdana, sans-serif\">Samuel Umtiti (Ol. Lyon)\u00a0<\/span><span style=\"font-family: Verdana, sans-serif\">Zurdo, 19 a\u00f1os, 1&#8217;81m, Francia &#8211;\u00a0<\/span><span style=\"font-family: Verdana, sans-serif\">Perfil\u00a0<a href=\"http:\/\/www.transfermarkt.de\/en\/samuel-umtiti\/profil\/spieler_126540.html\">Transfermarkt<\/a>\u00a0<\/span><span style=\"font-family: Verdana, sans-serif\">VM: 8 mill.\u20ac<\/span><span style=\"font-family: Verdana, sans-serif\">\u00a0<\/span><\/li>\n<li><span style=\"font-family: Verdana, sans-serif\">J\u00e9r\u00e9my Mathieu (Valencia)\u00a0<\/span><span style=\"font-family: Verdana, sans-serif\">Zurdo, 29 a\u00f1os, 1&#8217;90m, Francia &#8211;\u00a0<\/span><span style=\"font-family: Verdana, sans-serif\">Perfil\u00a0<a href=\"http:\/\/www.transfermarkt.de\/en\/jeremy-mathieu\/profil\/spieler_5404.html\">Transfermarkt<\/a>\u00a0<\/span><span style=\"font-family: Verdana, sans-serif\">VM: 9 mill.\u20ac\u00a0<\/span><span style=\"font-family: Verdana, sans-serif\">\u00a0<\/span><\/li>\n<li><span style=\"font-family: Verdana, sans-serif\">\u00c1lvaro Dom\u00ednguez (Borussia Monchengladbach)\u00a0<\/span><span style=\"font-family: Verdana, sans-serif\">Zurdo, 24 a\u00f1os, 1&#8217;89m, Espa\u00f1a &#8211;\u00a0<\/span><span style=\"font-family: Verdana, sans-serif\">Perfil\u00a0<a href=\"http:\/\/www.transfermarkt.de\/en\/lvaro-dominguez\/profil\/spieler_62915.html\">Transfermarkt<\/a>\u00a0<\/span><span style=\"font-family: Verdana, sans-serif\">VM: 10 mill.\u20ac<\/span><\/li>\n<li><span style=\"font-family: Verdana, sans-serif\">Nicolas Lombaerts (Zenit)\u00a0<\/span><span style=\"font-family: Verdana, sans-serif\">Zurdo, 28 a\u00f1os, 1&#8217;88m, B\u00e9lgica &#8211;\u00a0<\/span><span style=\"font-family: Verdana, sans-serif\">Perfil\u00a0<a href=\"http:\/\/www.transfermarkt.de\/en\/nicolas-lombaerts\/profil\/spieler_20587.html\">Transfermarkt<\/a>\u00a0<\/span><span style=\"font-family: Verdana, sans-serif\">VM: 10\u00a0mill.\u20ac<\/span><\/li>\n<li><span style=\"font-family: Verdana, sans-serif\">Juan Jes\u00fas (Inter Mila<\/span><span style=\"font-family: Verdana, sans-serif\">n)\u00a0<\/span><span style=\"font-family: Verdana, sans-serif\">Zurdo, 22 a\u00f1os, 1&#8217;85m, Brasil &#8211;\u00a0<\/span><span style=\"font-family: Verdana, sans-serif\">Perfil\u00a0<a href=\"http:\/\/www.transfermarkt.de\/en\/juan-jesus\/profil\/spieler_121985.html\">Transfermarkt<\/a>\u00a0<\/span><span style=\"font-family: Verdana, sans-serif\">VM: 11 mill.\u20ac\u00a0<\/span><span style=\"font-family: Verdana, sans-serif\">\u00a0<\/span><\/li>\n<li><span style=\"font-family: Verdana, sans-serif\">Davide Astori (Cagliari<\/span><span style=\"font-family: Verdana, sans-serif\">)\u00a0<\/span><span style=\"font-family: Verdana, sans-serif\">Zurdo, 26 a\u00f1os, 1&#8217;88m, Italia &#8211;\u00a0<\/span><span style=\"font-family: Verdana, sans-serif\">Perfil\u00a0<a href=\"http:\/\/www.transfermarkt.de\/en\/davide-astori\/profil\/spieler_87210.html\">Transfermarkt<\/a>\u00a0<\/span><span style=\"font-family: Verdana, sans-serif\">VM: 11\u00a0mill.\u20ac<\/span><span style=\"font-family: Verdana, sans-serif\"><br \/>\n<\/span><\/li>\n<li><span style=\"font-family: Verdana, sans-serif\">Yaroslav Rakitsky (<\/span><span style=\"font-family: Verdana, sans-serif\">Shakhtar Donetsk<\/span><span style=\"font-family: Verdana, sans-serif\">)\u00a0<\/span><span style=\"font-family: Verdana, sans-serif\">Zurdo, 23 a\u00f1os, 1&#8217;80m, Ucrania &#8211;\u00a0<\/span><span style=\"font-family: Verdana, sans-serif\">Perfil\u00a0<a href=\"http:\/\/www.transfermarkt.de\/en\/yaroslav-rakitsky\/profil\/spieler_89222.html\">Transfermarkt<\/a>\u00a0<\/span><span style=\"font-family: Verdana, sans-serif\">VM: 12\u00a0mill.\u20ac<\/span><span style=\"font-family: Verdana, sans-serif\"><br \/>\n<\/span><\/li>\n<li><span style=\"font-family: Verdana, sans-serif\">Angelo Ogbonna (Juventus)\u00a0<\/span><span style=\"font-family: Verdana, sans-serif\">Zurdo, 25 a\u00f1os, 1&#8217;89m, Italia &#8211;\u00a0<\/span><span style=\"font-family: Verdana, sans-serif\">Perfil\u00a0<a href=\"http:\/\/www.transfermarkt.de\/en\/angelo-ogbonna\/profil\/spieler_48002.html\">Transfermarkt<\/a>\u00a0<\/span><span style=\"font-family: Verdana, sans-serif\">VM: 12\u00a0mill.\u20ac<\/span><span style=\"font-family: Verdana, sans-serif\"><br \/>\n<\/span><\/li>\n<li><span style=\"font-family: Verdana, sans-serif\">Salvatore Bocchetti (Spartak Mosc\u00fa)\u00a0<\/span><span style=\"font-family: Verdana, sans-serif\">Zurdo, 26 a\u00f1os, 1&#8217;86m, Italia &#8211;\u00a0<\/span><span style=\"font-family: Verdana, sans-serif\">Perfil\u00a0<a href=\"http:\/\/www.transfermarkt.de\/en\/salvatore-bocchetti\/profil\/spieler_42678.html\">Transfermarkt<\/a>\u00a0<\/span><span style=\"font-family: Verdana, sans-serif\">VM: 14\u00a0mill.\u20ac<\/span><span style=\"font-family: Verdana, sans-serif\"><br \/>\n<\/span><\/li>\n<li><span style=\"font-family: Verdana, sans-serif\">Mamadou Sakho (PSG)\u00a0<\/span><span style=\"font-family: Verdana, sans-serif\">Zurdo, 23 a\u00f1os, 1&#8217;87m, Francia &#8211;<\/span><span style=\"font-family: Verdana, sans-serif\">Perfil\u00a0<a href=\"http:\/\/www.transfermarkt.de\/en\/mamadou-sakho\/profil\/spieler_47713.html\">Transfermarkt<\/a>\u00a0<\/span><span style=\"font-family: Verdana, sans-serif\">VM: 15\u00a0mill.\u20ac<\/span><\/li>\n<\/ul>\n<p>&nbsp;<\/p>\n<p><span style=\"font-family: Verdana, sans-serif\">Adem\u00e1s de otros muchos como Nastasic, Vertonghen, Vermaelen, Agger, Chiellini, Dante, Badstuber, \u00cd\u00f1igo Mart\u00ednez, Mangala y un largo etc\u00e9tera que tendr\u00edan un valor mucho m\u00e1s alto en el marcado.\u00a0<\/span><\/p>\n<\/div>\n<\/div>\n","protected":false},"excerpt":{"rendered":"<p>&nbsp; Quien tiene un central zurdo tiene un tesoro, y el equipo que cuenta en sus filas con dos&#8230; En este nuevo art\u00edculo os presento una lista con una serie de jugadores de diferentes ligas y distintas nacionalidades con la caracter\u00edstica com\u00fan de que todos ellos desempe\u00f1an en el campo la posici\u00f3n de central izquierdo&#8230;.<\/p>\n","protected":false},"author":318,"featured_media":2162,"comment_status":"open","ping_status":"open","sticky":false,"template":"","format":"standard","meta":{"_kad_post_transparent":"","_kad_post_title":"","_kad_post_layout":"","_kad_post_sidebar_id":"","_kad_post_content_style":"","_kad_post_vertical_padding":"","_kad_post_feature":"","_kad_post_feature_position":"","_kad_post_header":false,"_kad_post_footer":false,"_kad_post_classname":"","_jetpack_memberships_contains_paid_content":false,"footnotes":"","jetpack_publicize_message":"","jetpack_publicize_feature_enabled":true,"jetpack_social_post_already_shared":true,"jetpack_social_options":{"image_generator_settings":{"template":"highway","default_image_id":0,"font":"","enabled":false},"version":2}},"categories":[4,10],"tags":[715,427,717,716],"class_list":["post-2102","post","type-post","status-publish","format-standard","has-post-thumbnail","hentry","category-jovenes-valores","category-portada","tag-central","tag-futbol","tag-joven","tag-zurdo"],"yoast_head":"<!-- This site is optimized with the Yoast SEO plugin v27.5 - https:\/\/yoast.com\/product\/yoast-seo-wordpress\/ -->\n<title>Centrales zurdos: un perfil de futbolista poco com\u00fan &#8211; Futbolandia<\/title>\n<meta name=\"robots\" content=\"index, follow, max-snippet:-1, max-image-preview:large, max-video-preview:-1\" \/>\n<link rel=\"canonical\" href=\"https:\/\/www.manquepierda.com\/futbolandia\/centrales-zurdos-un-perfil-de-futbolista-poco-comun\/\" \/>\n<meta property=\"og:locale\" content=\"es_ES\" \/>\n<meta property=\"og:type\" content=\"article\" \/>\n<meta property=\"og:title\" content=\"Centrales zurdos: un perfil de futbolista poco com\u00fan &#8211; Futbolandia\" \/>\n<meta property=\"og:description\" content=\"&nbsp; Quien tiene un central zurdo tiene un tesoro, y el equipo que cuenta en sus filas con dos&#8230; En este nuevo art\u00edculo os presento una lista con una serie de jugadores de diferentes ligas y distintas nacionalidades con la caracter\u00edstica com\u00fan de que todos ellos desempe\u00f1an en el campo la posici\u00f3n de central izquierdo....\" \/>\n<meta property=\"og:url\" content=\"https:\/\/www.manquepierda.com\/futbolandia\/centrales-zurdos-un-perfil-de-futbolista-poco-comun\/\" \/>\n<meta property=\"og:site_name\" content=\"Futbolandia\" \/>\n<meta property=\"article:published_time\" content=\"2013-08-02T10:11:20+00:00\" \/>\n<meta property=\"og:image\" content=\"https:\/\/i2.wp.com\/www.manquepierda.com\/futbolandia\/files\/2013\/07\/Samuel-Umtiti.jpg?fit=425%2C265&ssl=1\" \/>\n\t<meta property=\"og:image:width\" content=\"425\" \/>\n\t<meta property=\"og:image:height\" content=\"265\" \/>\n\t<meta property=\"og:image:type\" content=\"image\/jpeg\" \/>\n<meta name=\"author\" content=\"Rio - El Ojeador Ciego\" \/>\n<meta name=\"twitter:label1\" content=\"Escrito por\" \/>\n\t<meta name=\"twitter:data1\" content=\"Rio - El Ojeador Ciego\" \/>\n\t<meta name=\"twitter:label2\" content=\"Tiempo de lectura\" \/>\n\t<meta name=\"twitter:data2\" content=\"5 minutos\" \/>\n<script type=\"application\/ld+json\" class=\"yoast-schema-graph\">{\"@context\":\"https:\\\/\\\/schema.org\",\"@graph\":[{\"@type\":\"Article\",\"@id\":\"https:\\\/\\\/www.manquepierda.com\\\/futbolandia\\\/centrales-zurdos-un-perfil-de-futbolista-poco-comun\\\/#article\",\"isPartOf\":{\"@id\":\"https:\\\/\\\/www.manquepierda.com\\\/futbolandia\\\/centrales-zurdos-un-perfil-de-futbolista-poco-comun\\\/\"},\"author\":{\"name\":\"Rio - El Ojeador Ciego\",\"@id\":\"https:\\\/\\\/www.manquepierda.com\\\/futbolandia\\\/#\\\/schema\\\/person\\\/7f2d2cf169c529dcdfbac139686c3648\"},\"headline\":\"Centrales zurdos: un perfil de futbolista poco com\u00fan\",\"datePublished\":\"2013-08-02T10:11:20+00:00\",\"mainEntityOfPage\":{\"@id\":\"https:\\\/\\\/www.manquepierda.com\\\/futbolandia\\\/centrales-zurdos-un-perfil-de-futbolista-poco-comun\\\/\"},\"wordCount\":947,\"commentCount\":0,\"image\":{\"@id\":\"https:\\\/\\\/www.manquepierda.com\\\/futbolandia\\\/centrales-zurdos-un-perfil-de-futbolista-poco-comun\\\/#primaryimage\"},\"thumbnailUrl\":\"https:\\\/\\\/i0.wp.com\\\/www.manquepierda.com\\\/futbolandia\\\/files\\\/2013\\\/07\\\/Samuel-Umtiti.jpg?fit=425%2C265&ssl=1\",\"keywords\":[\"central\",\"futbol\",\"joven\",\"zurdo\"],\"articleSection\":[\"J\u00f3venes Valores\",\"Portada\"],\"inLanguage\":\"es\",\"potentialAction\":[{\"@type\":\"CommentAction\",\"name\":\"Comment\",\"target\":[\"https:\\\/\\\/www.manquepierda.com\\\/futbolandia\\\/centrales-zurdos-un-perfil-de-futbolista-poco-comun\\\/#respond\"]}]},{\"@type\":\"WebPage\",\"@id\":\"https:\\\/\\\/www.manquepierda.com\\\/futbolandia\\\/centrales-zurdos-un-perfil-de-futbolista-poco-comun\\\/\",\"url\":\"https:\\\/\\\/www.manquepierda.com\\\/futbolandia\\\/centrales-zurdos-un-perfil-de-futbolista-poco-comun\\\/\",\"name\":\"Centrales zurdos: un perfil de futbolista poco com\u00fan &#8211; Futbolandia\",\"isPartOf\":{\"@id\":\"https:\\\/\\\/www.manquepierda.com\\\/futbolandia\\\/#website\"},\"primaryImageOfPage\":{\"@id\":\"https:\\\/\\\/www.manquepierda.com\\\/futbolandia\\\/centrales-zurdos-un-perfil-de-futbolista-poco-comun\\\/#primaryimage\"},\"image\":{\"@id\":\"https:\\\/\\\/www.manquepierda.com\\\/futbolandia\\\/centrales-zurdos-un-perfil-de-futbolista-poco-comun\\\/#primaryimage\"},\"thumbnailUrl\":\"https:\\\/\\\/i0.wp.com\\\/www.manquepierda.com\\\/futbolandia\\\/files\\\/2013\\\/07\\\/Samuel-Umtiti.jpg?fit=425%2C265&ssl=1\",\"datePublished\":\"2013-08-02T10:11:20+00:00\",\"author\":{\"@id\":\"https:\\\/\\\/www.manquepierda.com\\\/futbolandia\\\/#\\\/schema\\\/person\\\/7f2d2cf169c529dcdfbac139686c3648\"},\"breadcrumb\":{\"@id\":\"https:\\\/\\\/www.manquepierda.com\\\/futbolandia\\\/centrales-zurdos-un-perfil-de-futbolista-poco-comun\\\/#breadcrumb\"},\"inLanguage\":\"es\",\"potentialAction\":[{\"@type\":\"ReadAction\",\"target\":[\"https:\\\/\\\/www.manquepierda.com\\\/futbolandia\\\/centrales-zurdos-un-perfil-de-futbolista-poco-comun\\\/\"]}]},{\"@type\":\"ImageObject\",\"inLanguage\":\"es\",\"@id\":\"https:\\\/\\\/www.manquepierda.com\\\/futbolandia\\\/centrales-zurdos-un-perfil-de-futbolista-poco-comun\\\/#primaryimage\",\"url\":\"https:\\\/\\\/i0.wp.com\\\/www.manquepierda.com\\\/futbolandia\\\/files\\\/2013\\\/07\\\/Samuel-Umtiti.jpg?fit=425%2C265&ssl=1\",\"contentUrl\":\"https:\\\/\\\/i0.wp.com\\\/www.manquepierda.com\\\/futbolandia\\\/files\\\/2013\\\/07\\\/Samuel-Umtiti.jpg?fit=425%2C265&ssl=1\",\"width\":425,\"height\":265,\"caption\":\"Samuel Umtiti es uno de los j\u00f3venes centrales zurdos con mayor proyecci\u00f3n Foto: footballmanagerstory.com\"},{\"@type\":\"BreadcrumbList\",\"@id\":\"https:\\\/\\\/www.manquepierda.com\\\/futbolandia\\\/centrales-zurdos-un-perfil-de-futbolista-poco-comun\\\/#breadcrumb\",\"itemListElement\":[{\"@type\":\"ListItem\",\"position\":1,\"name\":\"Portada\",\"item\":\"https:\\\/\\\/www.manquepierda.com\\\/futbolandia\\\/\"},{\"@type\":\"ListItem\",\"position\":2,\"name\":\"Centrales zurdos: un perfil de futbolista poco com\u00fan\"}]},{\"@type\":\"WebSite\",\"@id\":\"https:\\\/\\\/www.manquepierda.com\\\/futbolandia\\\/#website\",\"url\":\"https:\\\/\\\/www.manquepierda.com\\\/futbolandia\\\/\",\"name\":\"Futbolandia\",\"description\":\"Reportajes e informaci\u00f3n sobre f\u00fatbol mundial y j\u00f3venes promesas\",\"potentialAction\":[{\"@type\":\"SearchAction\",\"target\":{\"@type\":\"EntryPoint\",\"urlTemplate\":\"https:\\\/\\\/www.manquepierda.com\\\/futbolandia\\\/?s={search_term_string}\"},\"query-input\":{\"@type\":\"PropertyValueSpecification\",\"valueRequired\":true,\"valueName\":\"search_term_string\"}}],\"inLanguage\":\"es\"},{\"@type\":\"Person\",\"@id\":\"https:\\\/\\\/www.manquepierda.com\\\/futbolandia\\\/#\\\/schema\\\/person\\\/7f2d2cf169c529dcdfbac139686c3648\",\"name\":\"Rio - El Ojeador Ciego\",\"image\":{\"@type\":\"ImageObject\",\"inLanguage\":\"es\",\"@id\":\"https:\\\/\\\/secure.gravatar.com\\\/avatar\\\/5c1ca2bae8dab2dc5727279b9fb0e64e4cb3f3c06b6ff787b4c48bee0dbfff00?s=96&d=mm&r=g\",\"url\":\"https:\\\/\\\/secure.gravatar.com\\\/avatar\\\/5c1ca2bae8dab2dc5727279b9fb0e64e4cb3f3c06b6ff787b4c48bee0dbfff00?s=96&d=mm&r=g\",\"contentUrl\":\"https:\\\/\\\/secure.gravatar.com\\\/avatar\\\/5c1ca2bae8dab2dc5727279b9fb0e64e4cb3f3c06b6ff787b4c48bee0dbfff00?s=96&d=mm&r=g\",\"caption\":\"Rio - El Ojeador Ciego\"},\"description\":\"Rio - El Ojeador Ciego Blog: elojeadorciego.blogspot.com.es Twitter: @elojeadorciego email: el_ojeador_ciego@hotmail.es\",\"sameAs\":[\"http:\\\/\\\/elojeadorciego.blogspot.com.es\"],\"url\":\"https:\\\/\\\/www.manquepierda.com\\\/futbolandia\\\/author\\\/elojeadorciego\\\/\"}]}<\/script>\n<!-- \/ Yoast SEO plugin. -->","yoast_head_json":{"title":"Centrales zurdos: un perfil de futbolista poco com\u00fan &#8211; Futbolandia","robots":{"index":"index","follow":"follow","max-snippet":"max-snippet:-1","max-image-preview":"max-image-preview:large","max-video-preview":"max-video-preview:-1"},"canonical":"https:\/\/www.manquepierda.com\/futbolandia\/centrales-zurdos-un-perfil-de-futbolista-poco-comun\/","og_locale":"es_ES","og_type":"article","og_title":"Centrales zurdos: un perfil de futbolista poco com\u00fan &#8211; Futbolandia","og_description":"&nbsp; Quien tiene un central zurdo tiene un tesoro, y el equipo que cuenta en sus filas con dos&#8230; En este nuevo art\u00edculo os presento una lista con una serie de jugadores de diferentes ligas y distintas nacionalidades con la caracter\u00edstica com\u00fan de que todos ellos desempe\u00f1an en el campo la posici\u00f3n de central izquierdo....","og_url":"https:\/\/www.manquepierda.com\/futbolandia\/centrales-zurdos-un-perfil-de-futbolista-poco-comun\/","og_site_name":"Futbolandia","article_published_time":"2013-08-02T10:11:20+00:00","og_image":[{"width":425,"height":265,"url":"https:\/\/i2.wp.com\/www.manquepierda.com\/futbolandia\/files\/2013\/07\/Samuel-Umtiti.jpg?fit=425%2C265&ssl=1","type":"image\/jpeg"}],"author":"Rio - El Ojeador Ciego","twitter_misc":{"Escrito por":"Rio - El Ojeador Ciego","Tiempo de lectura":"5 minutos"},"schema":{"@context":"https:\/\/schema.org","@graph":[{"@type":"Article","@id":"https:\/\/www.manquepierda.com\/futbolandia\/centrales-zurdos-un-perfil-de-futbolista-poco-comun\/#article","isPartOf":{"@id":"https:\/\/www.manquepierda.com\/futbolandia\/centrales-zurdos-un-perfil-de-futbolista-poco-comun\/"},"author":{"name":"Rio - El Ojeador Ciego","@id":"https:\/\/www.manquepierda.com\/futbolandia\/#\/schema\/person\/7f2d2cf169c529dcdfbac139686c3648"},"headline":"Centrales zurdos: un perfil de futbolista poco com\u00fan","datePublished":"2013-08-02T10:11:20+00:00","mainEntityOfPage":{"@id":"https:\/\/www.manquepierda.com\/futbolandia\/centrales-zurdos-un-perfil-de-futbolista-poco-comun\/"},"wordCount":947,"commentCount":0,"image":{"@id":"https:\/\/www.manquepierda.com\/futbolandia\/centrales-zurdos-un-perfil-de-futbolista-poco-comun\/#primaryimage"},"thumbnailUrl":"https:\/\/i0.wp.com\/www.manquepierda.com\/futbolandia\/files\/2013\/07\/Samuel-Umtiti.jpg?fit=425%2C265&ssl=1","keywords":["central","futbol","joven","zurdo"],"articleSection":["J\u00f3venes Valores","Portada"],"inLanguage":"es","potentialAction":[{"@type":"CommentAction","name":"Comment","target":["https:\/\/www.manquepierda.com\/futbolandia\/centrales-zurdos-un-perfil-de-futbolista-poco-comun\/#respond"]}]},{"@type":"WebPage","@id":"https:\/\/www.manquepierda.com\/futbolandia\/centrales-zurdos-un-perfil-de-futbolista-poco-comun\/","url":"https:\/\/www.manquepierda.com\/futbolandia\/centrales-zurdos-un-perfil-de-futbolista-poco-comun\/","name":"Centrales zurdos: un perfil de futbolista poco com\u00fan &#8211; Futbolandia","isPartOf":{"@id":"https:\/\/www.manquepierda.com\/futbolandia\/#website"},"primaryImageOfPage":{"@id":"https:\/\/www.manquepierda.com\/futbolandia\/centrales-zurdos-un-perfil-de-futbolista-poco-comun\/#primaryimage"},"image":{"@id":"https:\/\/www.manquepierda.com\/futbolandia\/centrales-zurdos-un-perfil-de-futbolista-poco-comun\/#primaryimage"},"thumbnailUrl":"https:\/\/i0.wp.com\/www.manquepierda.com\/futbolandia\/files\/2013\/07\/Samuel-Umtiti.jpg?fit=425%2C265&ssl=1","datePublished":"2013-08-02T10:11:20+00:00","author":{"@id":"https:\/\/www.manquepierda.com\/futbolandia\/#\/schema\/person\/7f2d2cf169c529dcdfbac139686c3648"},"breadcrumb":{"@id":"https:\/\/www.manquepierda.com\/futbolandia\/centrales-zurdos-un-perfil-de-futbolista-poco-comun\/#breadcrumb"},"inLanguage":"es","potentialAction":[{"@type":"ReadAction","target":["https:\/\/www.manquepierda.com\/futbolandia\/centrales-zurdos-un-perfil-de-futbolista-poco-comun\/"]}]},{"@type":"ImageObject","inLanguage":"es","@id":"https:\/\/www.manquepierda.com\/futbolandia\/centrales-zurdos-un-perfil-de-futbolista-poco-comun\/#primaryimage","url":"https:\/\/i0.wp.com\/www.manquepierda.com\/futbolandia\/files\/2013\/07\/Samuel-Umtiti.jpg?fit=425%2C265&ssl=1","contentUrl":"https:\/\/i0.wp.com\/www.manquepierda.com\/futbolandia\/files\/2013\/07\/Samuel-Umtiti.jpg?fit=425%2C265&ssl=1","width":425,"height":265,"caption":"Samuel Umtiti es uno de los j\u00f3venes centrales zurdos con mayor proyecci\u00f3n Foto: footballmanagerstory.com"},{"@type":"BreadcrumbList","@id":"https:\/\/www.manquepierda.com\/futbolandia\/centrales-zurdos-un-perfil-de-futbolista-poco-comun\/#breadcrumb","itemListElement":[{"@type":"ListItem","position":1,"name":"Portada","item":"https:\/\/www.manquepierda.com\/futbolandia\/"},{"@type":"ListItem","position":2,"name":"Centrales zurdos: un perfil de futbolista poco com\u00fan"}]},{"@type":"WebSite","@id":"https:\/\/www.manquepierda.com\/futbolandia\/#website","url":"https:\/\/www.manquepierda.com\/futbolandia\/","name":"Futbolandia","description":"Reportajes e informaci\u00f3n sobre f\u00fatbol mundial y j\u00f3venes promesas","potentialAction":[{"@type":"SearchAction","target":{"@type":"EntryPoint","urlTemplate":"https:\/\/www.manquepierda.com\/futbolandia\/?s={search_term_string}"},"query-input":{"@type":"PropertyValueSpecification","valueRequired":true,"valueName":"search_term_string"}}],"inLanguage":"es"},{"@type":"Person","@id":"https:\/\/www.manquepierda.com\/futbolandia\/#\/schema\/person\/7f2d2cf169c529dcdfbac139686c3648","name":"Rio - El Ojeador Ciego","image":{"@type":"ImageObject","inLanguage":"es","@id":"https:\/\/secure.gravatar.com\/avatar\/5c1ca2bae8dab2dc5727279b9fb0e64e4cb3f3c06b6ff787b4c48bee0dbfff00?s=96&d=mm&r=g","url":"https:\/\/secure.gravatar.com\/avatar\/5c1ca2bae8dab2dc5727279b9fb0e64e4cb3f3c06b6ff787b4c48bee0dbfff00?s=96&d=mm&r=g","contentUrl":"https:\/\/secure.gravatar.com\/avatar\/5c1ca2bae8dab2dc5727279b9fb0e64e4cb3f3c06b6ff787b4c48bee0dbfff00?s=96&d=mm&r=g","caption":"Rio - El Ojeador Ciego"},"description":"Rio - El Ojeador Ciego Blog: elojeadorciego.blogspot.com.es Twitter: @elojeadorciego email: el_ojeador_ciego@hotmail.es","sameAs":["http:\/\/elojeadorciego.blogspot.com.es"],"url":"https:\/\/www.manquepierda.com\/futbolandia\/author\/elojeadorciego\/"}]}},"jetpack_publicize_connections":[],"jetpack_featured_media_url":"https:\/\/i0.wp.com\/www.manquepierda.com\/futbolandia\/files\/2013\/07\/Samuel-Umtiti.jpg?fit=425%2C265&ssl=1","jetpack_shortlink":"https:\/\/wp.me\/p1THIg-xU","jetpack_sharing_enabled":true,"_links":{"self":[{"href":"https:\/\/www.manquepierda.com\/futbolandia\/wp-json\/wp\/v2\/posts\/2102","targetHints":{"allow":["GET"]}}],"collection":[{"href":"https:\/\/www.manquepierda.com\/futbolandia\/wp-json\/wp\/v2\/posts"}],"about":[{"href":"https:\/\/www.manquepierda.com\/futbolandia\/wp-json\/wp\/v2\/types\/post"}],"author":[{"embeddable":true,"href":"https:\/\/www.manquepierda.com\/futbolandia\/wp-json\/wp\/v2\/users\/318"}],"replies":[{"embeddable":true,"href":"https:\/\/www.manquepierda.com\/futbolandia\/wp-json\/wp\/v2\/comments?post=2102"}],"version-history":[{"count":0,"href":"https:\/\/www.manquepierda.com\/futbolandia\/wp-json\/wp\/v2\/posts\/2102\/revisions"}],"wp:featuredmedia":[{"embeddable":true,"href":"https:\/\/www.manquepierda.com\/futbolandia\/wp-json\/wp\/v2\/media\/2162"}],"wp:attachment":[{"href":"https:\/\/www.manquepierda.com\/futbolandia\/wp-json\/wp\/v2\/media?parent=2102"}],"wp:term":[{"taxonomy":"category","embeddable":true,"href":"https:\/\/www.manquepierda.com\/futbolandia\/wp-json\/wp\/v2\/categories?post=2102"},{"taxonomy":"post_tag","embeddable":true,"href":"https:\/\/www.manquepierda.com\/futbolandia\/wp-json\/wp\/v2\/tags?post=2102"}],"curies":[{"name":"wp","href":"https:\/\/api.w.org\/{rel}","templated":true}]}}