{"id":2301,"date":"2013-08-26T11:35:44","date_gmt":"2013-08-26T09:35:44","guid":{"rendered":"http:\/\/www.manquepierda.com\/futbolandia\/?p=2301"},"modified":"2013-08-26T11:35:44","modified_gmt":"2013-08-26T09:35:44","slug":"el-joven-equipo-de-hughes","status":"publish","type":"post","link":"https:\/\/www.manquepierda.com\/futbolandia\/el-joven-equipo-de-hughes\/","title":{"rendered":"El joven equipo de Hughes"},"content":{"rendered":"<figure id=\"attachment_2302\" aria-describedby=\"caption-attachment-2302\" style=\"width: 300px\" class=\"wp-caption alignleft\"><a href=\"https:\/\/i0.wp.com\/www.manquepierda.com\/futbolandia\/files\/2013\/08\/Mark-Hughes-entre-la-espada-y-_54355021900_54115221152_960_640.jpg\"><img data-recalc-dims=\"1\" loading=\"lazy\" decoding=\"async\" data-attachment-id=\"2302\" data-permalink=\"https:\/\/www.manquepierda.com\/futbolandia\/el-joven-equipo-de-hughes\/mark-hughes-entre-la-espada-y-_54355021900_54115221152_960_640\/\" data-orig-file=\"https:\/\/i0.wp.com\/www.manquepierda.com\/futbolandia\/files\/2013\/08\/Mark-Hughes-entre-la-espada-y-_54355021900_54115221152_960_640.jpg?fit=960%2C640&amp;ssl=1\" data-orig-size=\"960,640\" data-comments-opened=\"1\" data-image-meta=\"{&quot;aperture&quot;:&quot;0&quot;,&quot;credit&quot;:&quot;&quot;,&quot;camera&quot;:&quot;&quot;,&quot;caption&quot;:&quot;&quot;,&quot;created_timestamp&quot;:&quot;0&quot;,&quot;copyright&quot;:&quot;&quot;,&quot;focal_length&quot;:&quot;0&quot;,&quot;iso&quot;:&quot;0&quot;,&quot;shutter_speed&quot;:&quot;0&quot;,&quot;title&quot;:&quot;&quot;}\" data-image-title=\"Mark-Hughes-entre-la-espada-y-_54355021900_54115221152_960_640\" data-image-description=\"\" data-image-caption=\"&lt;p&gt;Hughes pretende rejuvenecer el Stoke (Foto: mundodeportivo.com)&lt;\/p&gt;\n\" data-large-file=\"https:\/\/i0.wp.com\/www.manquepierda.com\/futbolandia\/files\/2013\/08\/Mark-Hughes-entre-la-espada-y-_54355021900_54115221152_960_640.jpg?fit=960%2C640&amp;ssl=1\" class=\"size-medium wp-image-2302\" alt=\"Hughes pretende rejuvenecer el Stoke (Foto: mundodeportivo.com)\" src=\"https:\/\/i0.wp.com\/www.manquepierda.com\/futbolandia\/files\/2013\/08\/Mark-Hughes-entre-la-espada-y-_54355021900_54115221152_960_640.jpg?resize=300%2C200\" width=\"300\" height=\"200\" srcset=\"https:\/\/i0.wp.com\/www.manquepierda.com\/futbolandia\/files\/2013\/08\/Mark-Hughes-entre-la-espada-y-_54355021900_54115221152_960_640.jpg?resize=300%2C200&amp;ssl=1 300w, https:\/\/i0.wp.com\/www.manquepierda.com\/futbolandia\/files\/2013\/08\/Mark-Hughes-entre-la-espada-y-_54355021900_54115221152_960_640.jpg?w=960&amp;ssl=1 960w\" sizes=\"auto, (max-width: 300px) 100vw, 300px\" \/><\/a><figcaption id=\"caption-attachment-2302\" class=\"wp-caption-text\">Hughes pretende rejuvenecer el Stoke (Foto: mundodeportivo.com)<\/figcaption><\/figure>\n<p>Tres temporadas consecutivas acumula el Stoke City sin poner de inicio a un jugador ingl\u00e9s menor de 21 a\u00f1os. Esta temporada no parece que vaya a resolverse el problema&#8230;al menos de momento, pero Hughes ya dej\u00f3 claro que quiere <i>modernizar <\/i>el club y, adem\u00e1s, darle oportunidades a futbolistas m\u00e1s j\u00f3venes que los Crouch, Sorensen o Etherington.<\/p>\n<p>En las \u00faltimas horas el mercado se est\u00e1 agitando en el Britannia. Tras la victoria de los <i>potters <\/i>frente al Crystal Palace, el entrenador gal\u00e9s dijo que pretenden firmar a un par de futbolistas m\u00e1s, adem\u00e1s de confirmar que tambi\u00e9n habr\u00e1 bajas en el club.<\/p>\n<p>Juan Agudelo, que acumula siete goles en la Major League Soccer con New England Revolution, llegar\u00e1 al Stoke en enero. Es un delantero colombiano de tan s\u00f3lo 20 a\u00f1os&#8230;y deber\u00eda ser titular. En defensa ya fich\u00f3 a Muniesa (21 a\u00f1os) y Tony Pulis se hizo con los servicios de Jack Butland, el portero m\u00e1s prometedor del f\u00fatbol ingl\u00e9s. Jugaba en el Birmingham de Championship y tambi\u00e9n tiene 20 a\u00f1os.<\/p>\n<p>Pero el fichaje que m\u00e1s ha ilusionado en el Britannia es la probable llegada de John Guidetti, delantero sueco de 21 a\u00f1os del Manchester City. Es internacional absoluto con Suecia y en la \u00a02011\/12, la \u00faltima temporada en la que estuvo cedido, marc\u00f3 20 goles y dio 8 asistencias en 23 partidos con el Feyenoord. Manuel Pellegrini no cuenta con \u00e9l (tiene a Negredo, Dzeko y Jovetic) y en el Etihad buscan darle salida. Hughes ha preguntado por su situaci\u00f3n y ha lanzado una oferta que rondar\u00eda los 8.000.000\u20ac.<\/p>\n<p>As\u00ed las cosas, el once de gala de los <i>potters <\/i>pasar\u00eda de una media de edad de 27,5 a\u00f1os a una de (teniendo en cuenta el fichaje de Guidetti) 24,5, por lo que rebajar\u00eda en tres a\u00f1os la edad de un equipo, para Hughes, desfasado, tanto por edad como por estilo de juego.<\/p>\n<p>Adem\u00e1s, el entrenador gal\u00e9s se ha fijado en Oussama Assaidi, extremo marroqu\u00ed de 25 a\u00f1os del Liverpool (estuvo en el palco del Britannia en el Stoke &#8211; Crystal Palace) y en Peter Odemwingie (19 goles en el West Bromwich Albion en las tres \u00faltimas temporadas), al que no quieren en The Hawthorns despu\u00e9s de la pol\u00e9mica surgida el a\u00f1o pasado cuando se frustr\u00f3 su fichaje por el Queens Park Rangers.<\/p>\n<p>Hughes ha asegurado que la pr\u00f3xima semana quiere tener varias caras nuevas en el equipo, aunque no cierra la puerta a esperar hasta el \u00faltimo minuto de mercado para encontrar algo que sacie las necesidades del Stoke, en las quinielas de muchos aficionados para descender esta temporada.<\/p>\n","protected":false},"excerpt":{"rendered":"<p>Tres temporadas consecutivas acumula el Stoke City sin poner de inicio a un jugador ingl\u00e9s menor de 21 a\u00f1os. Esta temporada no parece que vaya a resolverse el problema&#8230;al menos de momento, pero Hughes ya dej\u00f3 claro que quiere modernizar el club y, adem\u00e1s, darle oportunidades a futbolistas m\u00e1s j\u00f3venes que los Crouch, Sorensen o&#8230;<\/p>\n","protected":false},"author":101,"featured_media":2302,"comment_status":"open","ping_status":"open","sticky":false,"template":"","format":"standard","meta":{"_kad_post_transparent":"","_kad_post_title":"","_kad_post_layout":"","_kad_post_sidebar_id":"","_kad_post_content_style":"","_kad_post_vertical_padding":"","_kad_post_feature":"","_kad_post_feature_position":"","_kad_post_header":false,"_kad_post_footer":false,"_kad_post_classname":"","_jetpack_memberships_contains_paid_content":false,"footnotes":"","jetpack_publicize_message":"","jetpack_publicize_feature_enabled":true,"jetpack_social_post_already_shared":true,"jetpack_social_options":{"image_generator_settings":{"template":"highway","default_image_id":0,"font":"","enabled":false},"version":2}},"categories":[3,10],"tags":[442,443,785],"class_list":["post-2301","post","type-post","status-publish","format-standard","has-post-thumbnail","hentry","category-mas-futbol","category-portada","tag-analisis","tag-premier","tag-stoke"],"yoast_head":"<!-- This site is optimized with the Yoast SEO plugin v27.5 - https:\/\/yoast.com\/product\/yoast-seo-wordpress\/ -->\n<title>El joven equipo de Hughes &#8211; Futbolandia<\/title>\n<meta name=\"robots\" content=\"index, follow, max-snippet:-1, max-image-preview:large, max-video-preview:-1\" \/>\n<link rel=\"canonical\" href=\"https:\/\/www.manquepierda.com\/futbolandia\/el-joven-equipo-de-hughes\/\" \/>\n<meta property=\"og:locale\" content=\"es_ES\" \/>\n<meta property=\"og:type\" content=\"article\" \/>\n<meta property=\"og:title\" content=\"El joven equipo de Hughes &#8211; Futbolandia\" \/>\n<meta property=\"og:description\" content=\"Tres temporadas consecutivas acumula el Stoke City sin poner de inicio a un jugador ingl\u00e9s menor de 21 a\u00f1os. Esta temporada no parece que vaya a resolverse el problema&#8230;al menos de momento, pero Hughes ya dej\u00f3 claro que quiere modernizar el club y, adem\u00e1s, darle oportunidades a futbolistas m\u00e1s j\u00f3venes que los Crouch, Sorensen o...\" \/>\n<meta property=\"og:url\" content=\"https:\/\/www.manquepierda.com\/futbolandia\/el-joven-equipo-de-hughes\/\" \/>\n<meta property=\"og:site_name\" content=\"Futbolandia\" \/>\n<meta property=\"article:published_time\" content=\"2013-08-26T09:35:44+00:00\" \/>\n<meta property=\"og:image\" content=\"https:\/\/i2.wp.com\/www.manquepierda.com\/futbolandia\/files\/2013\/08\/Mark-Hughes-entre-la-espada-y-_54355021900_54115221152_960_640.jpg?fit=960%2C640&ssl=1\" \/>\n\t<meta property=\"og:image:width\" content=\"960\" \/>\n\t<meta property=\"og:image:height\" content=\"640\" \/>\n\t<meta property=\"og:image:type\" content=\"image\/jpeg\" \/>\n<meta name=\"author\" content=\"Jes\u00fas Navarro Mayone\" \/>\n<meta name=\"twitter:label1\" content=\"Escrito por\" \/>\n\t<meta name=\"twitter:data1\" content=\"Jes\u00fas Navarro Mayone\" \/>\n\t<meta name=\"twitter:label2\" content=\"Tiempo de lectura\" \/>\n\t<meta name=\"twitter:data2\" content=\"2 minutos\" \/>\n<script type=\"application\/ld+json\" class=\"yoast-schema-graph\">{\"@context\":\"https:\\\/\\\/schema.org\",\"@graph\":[{\"@type\":\"Article\",\"@id\":\"https:\\\/\\\/www.manquepierda.com\\\/futbolandia\\\/el-joven-equipo-de-hughes\\\/#article\",\"isPartOf\":{\"@id\":\"https:\\\/\\\/www.manquepierda.com\\\/futbolandia\\\/el-joven-equipo-de-hughes\\\/\"},\"author\":{\"name\":\"Jes\u00fas Navarro Mayone\",\"@id\":\"https:\\\/\\\/www.manquepierda.com\\\/futbolandia\\\/#\\\/schema\\\/person\\\/7510ca26e398816c7d1853015c168c9a\"},\"headline\":\"El joven equipo de Hughes\",\"datePublished\":\"2013-08-26T09:35:44+00:00\",\"mainEntityOfPage\":{\"@id\":\"https:\\\/\\\/www.manquepierda.com\\\/futbolandia\\\/el-joven-equipo-de-hughes\\\/\"},\"wordCount\":470,\"commentCount\":0,\"image\":{\"@id\":\"https:\\\/\\\/www.manquepierda.com\\\/futbolandia\\\/el-joven-equipo-de-hughes\\\/#primaryimage\"},\"thumbnailUrl\":\"https:\\\/\\\/i0.wp.com\\\/www.manquepierda.com\\\/futbolandia\\\/files\\\/2013\\\/08\\\/Mark-Hughes-entre-la-espada-y-_54355021900_54115221152_960_640.jpg?fit=960%2C640&ssl=1\",\"keywords\":[\"Analisis\",\"Premier\",\"Stoke\"],\"articleSection\":[\"Mas f\u00fatbol\",\"Portada\"],\"inLanguage\":\"es\",\"potentialAction\":[{\"@type\":\"CommentAction\",\"name\":\"Comment\",\"target\":[\"https:\\\/\\\/www.manquepierda.com\\\/futbolandia\\\/el-joven-equipo-de-hughes\\\/#respond\"]}]},{\"@type\":\"WebPage\",\"@id\":\"https:\\\/\\\/www.manquepierda.com\\\/futbolandia\\\/el-joven-equipo-de-hughes\\\/\",\"url\":\"https:\\\/\\\/www.manquepierda.com\\\/futbolandia\\\/el-joven-equipo-de-hughes\\\/\",\"name\":\"El joven equipo de Hughes &#8211; Futbolandia\",\"isPartOf\":{\"@id\":\"https:\\\/\\\/www.manquepierda.com\\\/futbolandia\\\/#website\"},\"primaryImageOfPage\":{\"@id\":\"https:\\\/\\\/www.manquepierda.com\\\/futbolandia\\\/el-joven-equipo-de-hughes\\\/#primaryimage\"},\"image\":{\"@id\":\"https:\\\/\\\/www.manquepierda.com\\\/futbolandia\\\/el-joven-equipo-de-hughes\\\/#primaryimage\"},\"thumbnailUrl\":\"https:\\\/\\\/i0.wp.com\\\/www.manquepierda.com\\\/futbolandia\\\/files\\\/2013\\\/08\\\/Mark-Hughes-entre-la-espada-y-_54355021900_54115221152_960_640.jpg?fit=960%2C640&ssl=1\",\"datePublished\":\"2013-08-26T09:35:44+00:00\",\"author\":{\"@id\":\"https:\\\/\\\/www.manquepierda.com\\\/futbolandia\\\/#\\\/schema\\\/person\\\/7510ca26e398816c7d1853015c168c9a\"},\"breadcrumb\":{\"@id\":\"https:\\\/\\\/www.manquepierda.com\\\/futbolandia\\\/el-joven-equipo-de-hughes\\\/#breadcrumb\"},\"inLanguage\":\"es\",\"potentialAction\":[{\"@type\":\"ReadAction\",\"target\":[\"https:\\\/\\\/www.manquepierda.com\\\/futbolandia\\\/el-joven-equipo-de-hughes\\\/\"]}]},{\"@type\":\"ImageObject\",\"inLanguage\":\"es\",\"@id\":\"https:\\\/\\\/www.manquepierda.com\\\/futbolandia\\\/el-joven-equipo-de-hughes\\\/#primaryimage\",\"url\":\"https:\\\/\\\/i0.wp.com\\\/www.manquepierda.com\\\/futbolandia\\\/files\\\/2013\\\/08\\\/Mark-Hughes-entre-la-espada-y-_54355021900_54115221152_960_640.jpg?fit=960%2C640&ssl=1\",\"contentUrl\":\"https:\\\/\\\/i0.wp.com\\\/www.manquepierda.com\\\/futbolandia\\\/files\\\/2013\\\/08\\\/Mark-Hughes-entre-la-espada-y-_54355021900_54115221152_960_640.jpg?fit=960%2C640&ssl=1\",\"width\":960,\"height\":640,\"caption\":\"Hughes pretende rejuvenecer el Stoke (Foto: mundodeportivo.com)\"},{\"@type\":\"BreadcrumbList\",\"@id\":\"https:\\\/\\\/www.manquepierda.com\\\/futbolandia\\\/el-joven-equipo-de-hughes\\\/#breadcrumb\",\"itemListElement\":[{\"@type\":\"ListItem\",\"position\":1,\"name\":\"Portada\",\"item\":\"https:\\\/\\\/www.manquepierda.com\\\/futbolandia\\\/\"},{\"@type\":\"ListItem\",\"position\":2,\"name\":\"El joven equipo de Hughes\"}]},{\"@type\":\"WebSite\",\"@id\":\"https:\\\/\\\/www.manquepierda.com\\\/futbolandia\\\/#website\",\"url\":\"https:\\\/\\\/www.manquepierda.com\\\/futbolandia\\\/\",\"name\":\"Futbolandia\",\"description\":\"Reportajes e informaci\u00f3n sobre f\u00fatbol mundial y j\u00f3venes promesas\",\"potentialAction\":[{\"@type\":\"SearchAction\",\"target\":{\"@type\":\"EntryPoint\",\"urlTemplate\":\"https:\\\/\\\/www.manquepierda.com\\\/futbolandia\\\/?s={search_term_string}\"},\"query-input\":{\"@type\":\"PropertyValueSpecification\",\"valueRequired\":true,\"valueName\":\"search_term_string\"}}],\"inLanguage\":\"es\"},{\"@type\":\"Person\",\"@id\":\"https:\\\/\\\/www.manquepierda.com\\\/futbolandia\\\/#\\\/schema\\\/person\\\/7510ca26e398816c7d1853015c168c9a\",\"name\":\"Jes\u00fas Navarro Mayone\",\"image\":{\"@type\":\"ImageObject\",\"inLanguage\":\"es\",\"@id\":\"https:\\\/\\\/secure.gravatar.com\\\/avatar\\\/1708b900c76cc7d38e7c29a416e482a7727846442c1adb21713059b50a33f63b?s=96&d=mm&r=g\",\"url\":\"https:\\\/\\\/secure.gravatar.com\\\/avatar\\\/1708b900c76cc7d38e7c29a416e482a7727846442c1adb21713059b50a33f63b?s=96&d=mm&r=g\",\"contentUrl\":\"https:\\\/\\\/secure.gravatar.com\\\/avatar\\\/1708b900c76cc7d38e7c29a416e482a7727846442c1adb21713059b50a33f63b?s=96&d=mm&r=g\",\"caption\":\"Jes\u00fas Navarro Mayone\"},\"description\":\"Crec\u00ed viendo a Inzaghi hacer goles. A Nesta cortando balones y a Mak\u00e9l\u00e9l\u00e9 barrer jugadas. A Caf\u00fa subiendo la banda y a Palermo rematando. Ahora intento escribir todo eso. Tambi\u00e9n en Twitter: @JesusNavarroM.\",\"url\":\"https:\\\/\\\/www.manquepierda.com\\\/futbolandia\\\/author\\\/jesusnavarro\\\/\"}]}<\/script>\n<!-- \/ Yoast SEO plugin. -->","yoast_head_json":{"title":"El joven equipo de Hughes &#8211; Futbolandia","robots":{"index":"index","follow":"follow","max-snippet":"max-snippet:-1","max-image-preview":"max-image-preview:large","max-video-preview":"max-video-preview:-1"},"canonical":"https:\/\/www.manquepierda.com\/futbolandia\/el-joven-equipo-de-hughes\/","og_locale":"es_ES","og_type":"article","og_title":"El joven equipo de Hughes &#8211; Futbolandia","og_description":"Tres temporadas consecutivas acumula el Stoke City sin poner de inicio a un jugador ingl\u00e9s menor de 21 a\u00f1os. Esta temporada no parece que vaya a resolverse el problema&#8230;al menos de momento, pero Hughes ya dej\u00f3 claro que quiere modernizar el club y, adem\u00e1s, darle oportunidades a futbolistas m\u00e1s j\u00f3venes que los Crouch, Sorensen o...","og_url":"https:\/\/www.manquepierda.com\/futbolandia\/el-joven-equipo-de-hughes\/","og_site_name":"Futbolandia","article_published_time":"2013-08-26T09:35:44+00:00","og_image":[{"width":960,"height":640,"url":"https:\/\/i2.wp.com\/www.manquepierda.com\/futbolandia\/files\/2013\/08\/Mark-Hughes-entre-la-espada-y-_54355021900_54115221152_960_640.jpg?fit=960%2C640&ssl=1","type":"image\/jpeg"}],"author":"Jes\u00fas Navarro Mayone","twitter_misc":{"Escrito por":"Jes\u00fas Navarro Mayone","Tiempo de lectura":"2 minutos"},"schema":{"@context":"https:\/\/schema.org","@graph":[{"@type":"Article","@id":"https:\/\/www.manquepierda.com\/futbolandia\/el-joven-equipo-de-hughes\/#article","isPartOf":{"@id":"https:\/\/www.manquepierda.com\/futbolandia\/el-joven-equipo-de-hughes\/"},"author":{"name":"Jes\u00fas Navarro Mayone","@id":"https:\/\/www.manquepierda.com\/futbolandia\/#\/schema\/person\/7510ca26e398816c7d1853015c168c9a"},"headline":"El joven equipo de Hughes","datePublished":"2013-08-26T09:35:44+00:00","mainEntityOfPage":{"@id":"https:\/\/www.manquepierda.com\/futbolandia\/el-joven-equipo-de-hughes\/"},"wordCount":470,"commentCount":0,"image":{"@id":"https:\/\/www.manquepierda.com\/futbolandia\/el-joven-equipo-de-hughes\/#primaryimage"},"thumbnailUrl":"https:\/\/i0.wp.com\/www.manquepierda.com\/futbolandia\/files\/2013\/08\/Mark-Hughes-entre-la-espada-y-_54355021900_54115221152_960_640.jpg?fit=960%2C640&ssl=1","keywords":["Analisis","Premier","Stoke"],"articleSection":["Mas f\u00fatbol","Portada"],"inLanguage":"es","potentialAction":[{"@type":"CommentAction","name":"Comment","target":["https:\/\/www.manquepierda.com\/futbolandia\/el-joven-equipo-de-hughes\/#respond"]}]},{"@type":"WebPage","@id":"https:\/\/www.manquepierda.com\/futbolandia\/el-joven-equipo-de-hughes\/","url":"https:\/\/www.manquepierda.com\/futbolandia\/el-joven-equipo-de-hughes\/","name":"El joven equipo de Hughes &#8211; Futbolandia","isPartOf":{"@id":"https:\/\/www.manquepierda.com\/futbolandia\/#website"},"primaryImageOfPage":{"@id":"https:\/\/www.manquepierda.com\/futbolandia\/el-joven-equipo-de-hughes\/#primaryimage"},"image":{"@id":"https:\/\/www.manquepierda.com\/futbolandia\/el-joven-equipo-de-hughes\/#primaryimage"},"thumbnailUrl":"https:\/\/i0.wp.com\/www.manquepierda.com\/futbolandia\/files\/2013\/08\/Mark-Hughes-entre-la-espada-y-_54355021900_54115221152_960_640.jpg?fit=960%2C640&ssl=1","datePublished":"2013-08-26T09:35:44+00:00","author":{"@id":"https:\/\/www.manquepierda.com\/futbolandia\/#\/schema\/person\/7510ca26e398816c7d1853015c168c9a"},"breadcrumb":{"@id":"https:\/\/www.manquepierda.com\/futbolandia\/el-joven-equipo-de-hughes\/#breadcrumb"},"inLanguage":"es","potentialAction":[{"@type":"ReadAction","target":["https:\/\/www.manquepierda.com\/futbolandia\/el-joven-equipo-de-hughes\/"]}]},{"@type":"ImageObject","inLanguage":"es","@id":"https:\/\/www.manquepierda.com\/futbolandia\/el-joven-equipo-de-hughes\/#primaryimage","url":"https:\/\/i0.wp.com\/www.manquepierda.com\/futbolandia\/files\/2013\/08\/Mark-Hughes-entre-la-espada-y-_54355021900_54115221152_960_640.jpg?fit=960%2C640&ssl=1","contentUrl":"https:\/\/i0.wp.com\/www.manquepierda.com\/futbolandia\/files\/2013\/08\/Mark-Hughes-entre-la-espada-y-_54355021900_54115221152_960_640.jpg?fit=960%2C640&ssl=1","width":960,"height":640,"caption":"Hughes pretende rejuvenecer el Stoke (Foto: mundodeportivo.com)"},{"@type":"BreadcrumbList","@id":"https:\/\/www.manquepierda.com\/futbolandia\/el-joven-equipo-de-hughes\/#breadcrumb","itemListElement":[{"@type":"ListItem","position":1,"name":"Portada","item":"https:\/\/www.manquepierda.com\/futbolandia\/"},{"@type":"ListItem","position":2,"name":"El joven equipo de Hughes"}]},{"@type":"WebSite","@id":"https:\/\/www.manquepierda.com\/futbolandia\/#website","url":"https:\/\/www.manquepierda.com\/futbolandia\/","name":"Futbolandia","description":"Reportajes e informaci\u00f3n sobre f\u00fatbol mundial y j\u00f3venes promesas","potentialAction":[{"@type":"SearchAction","target":{"@type":"EntryPoint","urlTemplate":"https:\/\/www.manquepierda.com\/futbolandia\/?s={search_term_string}"},"query-input":{"@type":"PropertyValueSpecification","valueRequired":true,"valueName":"search_term_string"}}],"inLanguage":"es"},{"@type":"Person","@id":"https:\/\/www.manquepierda.com\/futbolandia\/#\/schema\/person\/7510ca26e398816c7d1853015c168c9a","name":"Jes\u00fas Navarro Mayone","image":{"@type":"ImageObject","inLanguage":"es","@id":"https:\/\/secure.gravatar.com\/avatar\/1708b900c76cc7d38e7c29a416e482a7727846442c1adb21713059b50a33f63b?s=96&d=mm&r=g","url":"https:\/\/secure.gravatar.com\/avatar\/1708b900c76cc7d38e7c29a416e482a7727846442c1adb21713059b50a33f63b?s=96&d=mm&r=g","contentUrl":"https:\/\/secure.gravatar.com\/avatar\/1708b900c76cc7d38e7c29a416e482a7727846442c1adb21713059b50a33f63b?s=96&d=mm&r=g","caption":"Jes\u00fas Navarro Mayone"},"description":"Crec\u00ed viendo a Inzaghi hacer goles. A Nesta cortando balones y a Mak\u00e9l\u00e9l\u00e9 barrer jugadas. A Caf\u00fa subiendo la banda y a Palermo rematando. Ahora intento escribir todo eso. Tambi\u00e9n en Twitter: @JesusNavarroM.","url":"https:\/\/www.manquepierda.com\/futbolandia\/author\/jesusnavarro\/"}]}},"jetpack_publicize_connections":[],"jetpack_featured_media_url":"https:\/\/i0.wp.com\/www.manquepierda.com\/futbolandia\/files\/2013\/08\/Mark-Hughes-entre-la-espada-y-_54355021900_54115221152_960_640.jpg?fit=960%2C640&ssl=1","jetpack_shortlink":"https:\/\/wp.me\/p1THIg-B7","jetpack_sharing_enabled":true,"_links":{"self":[{"href":"https:\/\/www.manquepierda.com\/futbolandia\/wp-json\/wp\/v2\/posts\/2301","targetHints":{"allow":["GET"]}}],"collection":[{"href":"https:\/\/www.manquepierda.com\/futbolandia\/wp-json\/wp\/v2\/posts"}],"about":[{"href":"https:\/\/www.manquepierda.com\/futbolandia\/wp-json\/wp\/v2\/types\/post"}],"author":[{"embeddable":true,"href":"https:\/\/www.manquepierda.com\/futbolandia\/wp-json\/wp\/v2\/users\/101"}],"replies":[{"embeddable":true,"href":"https:\/\/www.manquepierda.com\/futbolandia\/wp-json\/wp\/v2\/comments?post=2301"}],"version-history":[{"count":0,"href":"https:\/\/www.manquepierda.com\/futbolandia\/wp-json\/wp\/v2\/posts\/2301\/revisions"}],"wp:featuredmedia":[{"embeddable":true,"href":"https:\/\/www.manquepierda.com\/futbolandia\/wp-json\/wp\/v2\/media\/2302"}],"wp:attachment":[{"href":"https:\/\/www.manquepierda.com\/futbolandia\/wp-json\/wp\/v2\/media?parent=2301"}],"wp:term":[{"taxonomy":"category","embeddable":true,"href":"https:\/\/www.manquepierda.com\/futbolandia\/wp-json\/wp\/v2\/categories?post=2301"},{"taxonomy":"post_tag","embeddable":true,"href":"https:\/\/www.manquepierda.com\/futbolandia\/wp-json\/wp\/v2\/tags?post=2301"}],"curies":[{"name":"wp","href":"https:\/\/api.w.org\/{rel}","templated":true}]}}