{"id":2386,"date":"2013-09-01T21:09:53","date_gmt":"2013-09-01T19:09:53","guid":{"rendered":"http:\/\/www.manquepierda.com\/futbolandia\/?p=2386"},"modified":"2013-09-01T21:09:53","modified_gmt":"2013-09-01T19:09:53","slug":"vincent-tan-el-nuevo-estratega-del-cardiff-city","status":"publish","type":"post","link":"https:\/\/www.manquepierda.com\/futbolandia\/vincent-tan-el-nuevo-estratega-del-cardiff-city\/","title":{"rendered":"Vincent Tan, el nuevo &#8216;estratega&#8217; del Cardiff City"},"content":{"rendered":"<figure id=\"attachment_2387\" aria-describedby=\"caption-attachment-2387\" style=\"width: 431px\" class=\"wp-caption alignleft\"><a href=\"https:\/\/i0.wp.com\/www.manquepierda.com\/futbolandia\/files\/2013\/09\/tan-2709584.jpg\"><img data-recalc-dims=\"1\" loading=\"lazy\" decoding=\"async\" data-attachment-id=\"2387\" data-permalink=\"https:\/\/www.manquepierda.com\/futbolandia\/vincent-tan-el-nuevo-estratega-del-cardiff-city\/tan-2709584\/\" data-orig-file=\"https:\/\/i0.wp.com\/www.manquepierda.com\/futbolandia\/files\/2013\/09\/tan-2709584.jpg?fit=615%2C409&amp;ssl=1\" data-orig-size=\"615,409\" data-comments-opened=\"1\" data-image-meta=\"{&quot;aperture&quot;:&quot;0&quot;,&quot;credit&quot;:&quot;&quot;,&quot;camera&quot;:&quot;&quot;,&quot;caption&quot;:&quot;&quot;,&quot;created_timestamp&quot;:&quot;0&quot;,&quot;copyright&quot;:&quot;&quot;,&quot;focal_length&quot;:&quot;0&quot;,&quot;iso&quot;:&quot;0&quot;,&quot;shutter_speed&quot;:&quot;0&quot;,&quot;title&quot;:&quot;&quot;}\" data-image-title=\"Vincent Tan\" data-image-description=\"\" data-image-caption=\"&lt;p&gt;Nuevo magnate propietario del Cardiff City&lt;br \/&gt;\nFoto: walesonline.co.uk&lt;\/p&gt;\n\" data-large-file=\"https:\/\/i0.wp.com\/www.manquepierda.com\/futbolandia\/files\/2013\/09\/tan-2709584.jpg?fit=615%2C409&amp;ssl=1\" class=\" wp-image-2387 \" alt=\"Nuevo magnate propietario del Cardiff City Foto: walesonline.co.uk\" src=\"https:\/\/i0.wp.com\/www.manquepierda.com\/futbolandia\/files\/2013\/09\/tan-2709584.jpg?resize=431%2C286\" width=\"431\" height=\"286\" srcset=\"https:\/\/i0.wp.com\/www.manquepierda.com\/futbolandia\/files\/2013\/09\/tan-2709584.jpg?w=615&amp;ssl=1 615w, https:\/\/i0.wp.com\/www.manquepierda.com\/futbolandia\/files\/2013\/09\/tan-2709584.jpg?resize=300%2C199&amp;ssl=1 300w\" sizes=\"auto, (max-width: 431px) 100vw, 431px\" \/><\/a><figcaption id=\"caption-attachment-2387\" class=\"wp-caption-text\">Nuevo magnate propietario del Cardiff City<br \/>Foto: walesonline.co.uk<\/figcaption><\/figure>\n<p>Hagamos un ejercicio de imaginaci\u00f3n.<\/p>\n<p>Imaginemos que tras el desfalco de los anteriores dirigentes del Betis, de cuyo nombre no quiero acordarme, en vez de entrar en la famosa Ley Concursal y ser dirigidos por Bosch, Gordillo, Huidobro y el difunto Porr\u00faa, hubiese entrado en acci\u00f3n un magnate de estos que est\u00e1n tan de moda.<\/p>\n<p>No ser\u00eda ni el primero ni el \u00faltimo que desembarque en el mundo del f\u00fatbol con el \u00fanico prop\u00f3sito de conseguir entretenimiento personal sin atender a los requisitos que sus aficionados y la historia de sus clubes exigen. Tras los conocidos casos de Manchester City, Paris-Saint Germain o M\u00e1laga entre otros, entra en escena el caso del <strong>Cardiff City<\/strong>.<\/p>\n<p>En tierras galesas ha desembarcado un magnate de Malaysia llamado <b>Vincent Tan Chee Yioun,<\/b> qui\u00e9n relev\u00f3 en el cargo a su compatriota <strong>Chan Tien Ghee<\/strong>, el cu\u00e1l estuvo como directivo del Cardiff City dese 2009 y como Presidente del club desde 2010. Chan Tien Ghee, conocido com\u00fanmente por TG, era un gran apasionado del f\u00fatbol y del club. Aparec\u00eda constantemente ante los aficionados y jugadores con un trato cercano y agradable. Tras los problemas econ\u00f3micos que estaba atravesando el Cardiff City, con una deuda total de 83,1 millones de libras, decidi\u00f3 buscar en su \u00absocio\u00bb Vincent Tan un aliado que se hiciera cargo del club gal\u00e9s. As\u00ed se hizo y poco despu\u00e9s relev\u00f3 a TG como presidente, mientras que este \u00faltimo decidi\u00f3 abandonar el club \u00abpara enfocar y relanzar su vida pol\u00edtica en Malaysia\u00bb seg\u00fan confes\u00f3 a algunos medios.<\/p>\n<p>Bien, sigamos con el ejercicio de imaginaci\u00f3n. Imaginemos que el magnate malayo hubiera desembarcado en el Betis en las circunstancias antes expuestas. Pues ahora pensemos que pasar\u00eda si lo primero que se decida fuera cambiar el color verde y blanco de sus barras por negras y blancas, principalmente con efectos de marketing. No s\u00f3lo eso\u00a0 si no que se plantea cambiar el nombre del club a \u00abReal Betis Monteciencias\u00bb para relanzar al equipo de rugby de la ciudad. Indignante, como poco.<\/p>\n<p>Pues Vincent Tan, respaldado en su mayor\u00eda absoluta y sus millones invertidos en fichar a Gary Medel, Andreas Cornelius o Th\u00e9ophile-Catherine, decide cambiar el color azul por el rojo en su camiseta de un plumazo. Su declaraci\u00f3n ante ello fue \u00ab<em>Creo que este cambio es para mejor. Si t\u00fa pones mucho dinero, tienes derecho a decir qu\u00e9 cosas crees que ser\u00e1n mejor. Si no tienes derecho a decir nada, \u00bfpor qu\u00e9 demonios quieres poner tanto dinero?<\/em>\u00ab.<\/p>\n<p>Dentro de la afici\u00f3n hay varias corrientes acerca de este cambio aunque la que predomina es la del enfado por no tener en cuenta de que el color del club hist\u00f3ricamente siempre fue el azul y que el rojo no les representa, aunque tambi\u00e9n hay quienes piensan que si con estas decisiones se consigue reducir la deuda del club en poco tiempo, adelante sea.<\/p>\n<p>Otra de las ideas que Vincent Tan tiene en mente es cambiar el nombre de Cardiff City por el de Cardiff Dragons y as\u00ed unificar el nombre al del equipo de rugby de la ciudad; y ya de paso justificar el cambio al color rojo de la camiseta. Los aficionados del Cardiff pasar\u00edan de ser los \u00abBluebirds\u00bb a ser \u00abDragons\u00bb.<\/p>\n<p>En mi opini\u00f3n personal, no todo vale cuando uno pone dinero en algo, y menos cuando se trata de un club con historia y numerosos aficionados. As\u00ed que si para ser un club potente en el mundo del f\u00fatbol, es necesario traicionar a las tradiciones y los sentimientos, preferir\u00eda ser un \u00abmodesto\u00bb pero de grandeza interior.<\/p>\n<p>&nbsp;<\/p>\n<p>[social type=\u00bbtwitter\u00bb opacity=\u00bbdark\u00bb]https:\/\/twitter.com\/EzequielCarNav[\/social]<\/p>\n","protected":false},"excerpt":{"rendered":"<p>Hagamos un ejercicio de imaginaci\u00f3n. Imaginemos que tras el desfalco de los anteriores dirigentes del Betis, de cuyo nombre no quiero acordarme, en vez de entrar en la famosa Ley Concursal y ser dirigidos por Bosch, Gordillo, Huidobro y el difunto Porr\u00faa, hubiese entrado en acci\u00f3n un magnate de estos que est\u00e1n tan de moda&#8230;.<\/p>\n","protected":false},"author":326,"featured_media":2387,"comment_status":"open","ping_status":"open","sticky":false,"template":"","format":"standard","meta":{"_kad_post_transparent":"","_kad_post_title":"","_kad_post_layout":"","_kad_post_sidebar_id":"","_kad_post_content_style":"","_kad_post_vertical_padding":"","_kad_post_feature":"","_kad_post_feature_position":"","_kad_post_header":false,"_kad_post_footer":false,"_kad_post_classname":"","_jetpack_memberships_contains_paid_content":false,"footnotes":"","jetpack_publicize_message":"","jetpack_publicize_feature_enabled":true,"jetpack_social_post_already_shared":true,"jetpack_social_options":{"image_generator_settings":{"template":"highway","default_image_id":0,"font":"","enabled":false},"version":2}},"categories":[3,7,10],"tags":[807,801,806,802,805,85,804,803],"class_list":["post-2386","post","type-post","status-publish","format-standard","has-post-thumbnail","hentry","category-mas-futbol","category-opinion","category-portada","tag-bluebirds","tag-cardiff","tag-dragons","tag-gales","tag-magnate","tag-premier-league","tag-tien-ghee","tag-vincent-tan"],"yoast_head":"<!-- This site is optimized with the Yoast SEO plugin v27.5 - https:\/\/yoast.com\/product\/yoast-seo-wordpress\/ -->\n<title>Vincent Tan, el nuevo &#039;estratega&#039; del Cardiff City &#8211; Futbolandia<\/title>\n<meta name=\"robots\" content=\"index, follow, max-snippet:-1, max-image-preview:large, max-video-preview:-1\" \/>\n<link rel=\"canonical\" href=\"https:\/\/www.manquepierda.com\/futbolandia\/vincent-tan-el-nuevo-estratega-del-cardiff-city\/\" \/>\n<meta property=\"og:locale\" content=\"es_ES\" \/>\n<meta property=\"og:type\" content=\"article\" \/>\n<meta property=\"og:title\" content=\"Vincent Tan, el nuevo &#039;estratega&#039; del Cardiff City &#8211; Futbolandia\" \/>\n<meta property=\"og:description\" content=\"Hagamos un ejercicio de imaginaci\u00f3n. Imaginemos que tras el desfalco de los anteriores dirigentes del Betis, de cuyo nombre no quiero acordarme, en vez de entrar en la famosa Ley Concursal y ser dirigidos por Bosch, Gordillo, Huidobro y el difunto Porr\u00faa, hubiese entrado en acci\u00f3n un magnate de estos que est\u00e1n tan de moda....\" \/>\n<meta property=\"og:url\" content=\"https:\/\/www.manquepierda.com\/futbolandia\/vincent-tan-el-nuevo-estratega-del-cardiff-city\/\" \/>\n<meta property=\"og:site_name\" content=\"Futbolandia\" \/>\n<meta property=\"article:published_time\" content=\"2013-09-01T19:09:53+00:00\" \/>\n<meta property=\"og:image\" content=\"https:\/\/i1.wp.com\/www.manquepierda.com\/futbolandia\/files\/2013\/09\/tan-2709584.jpg?fit=615%2C409&ssl=1\" \/>\n\t<meta property=\"og:image:width\" content=\"615\" \/>\n\t<meta property=\"og:image:height\" content=\"409\" \/>\n\t<meta property=\"og:image:type\" content=\"image\/jpeg\" \/>\n<meta name=\"author\" content=\"Ezequiel Carrasco Navarro\" \/>\n<meta name=\"twitter:label1\" content=\"Escrito por\" \/>\n\t<meta name=\"twitter:data1\" content=\"Ezequiel Carrasco Navarro\" \/>\n\t<meta name=\"twitter:label2\" content=\"Tiempo de lectura\" \/>\n\t<meta name=\"twitter:data2\" content=\"3 minutos\" \/>\n<script type=\"application\/ld+json\" class=\"yoast-schema-graph\">{\"@context\":\"https:\\\/\\\/schema.org\",\"@graph\":[{\"@type\":\"Article\",\"@id\":\"https:\\\/\\\/www.manquepierda.com\\\/futbolandia\\\/vincent-tan-el-nuevo-estratega-del-cardiff-city\\\/#article\",\"isPartOf\":{\"@id\":\"https:\\\/\\\/www.manquepierda.com\\\/futbolandia\\\/vincent-tan-el-nuevo-estratega-del-cardiff-city\\\/\"},\"author\":{\"name\":\"Ezequiel Carrasco Navarro\",\"@id\":\"https:\\\/\\\/www.manquepierda.com\\\/futbolandia\\\/#\\\/schema\\\/person\\\/d0ffcaeee88a75229f29f23833b2caaf\"},\"headline\":\"Vincent Tan, el nuevo &#8216;estratega&#8217; del Cardiff City\",\"datePublished\":\"2013-09-01T19:09:53+00:00\",\"mainEntityOfPage\":{\"@id\":\"https:\\\/\\\/www.manquepierda.com\\\/futbolandia\\\/vincent-tan-el-nuevo-estratega-del-cardiff-city\\\/\"},\"wordCount\":654,\"commentCount\":0,\"image\":{\"@id\":\"https:\\\/\\\/www.manquepierda.com\\\/futbolandia\\\/vincent-tan-el-nuevo-estratega-del-cardiff-city\\\/#primaryimage\"},\"thumbnailUrl\":\"https:\\\/\\\/i0.wp.com\\\/www.manquepierda.com\\\/futbolandia\\\/files\\\/2013\\\/09\\\/tan-2709584.jpg?fit=615%2C409&ssl=1\",\"keywords\":[\"Bluebirds\",\"Cardiff\",\"Dragons\",\"Gales\",\"magnate\",\"premier league\",\"Tien Ghee\",\"Vincent Tan\"],\"articleSection\":[\"Mas f\u00fatbol\",\"Opini\u00f3n\",\"Portada\"],\"inLanguage\":\"es\",\"potentialAction\":[{\"@type\":\"CommentAction\",\"name\":\"Comment\",\"target\":[\"https:\\\/\\\/www.manquepierda.com\\\/futbolandia\\\/vincent-tan-el-nuevo-estratega-del-cardiff-city\\\/#respond\"]}]},{\"@type\":\"WebPage\",\"@id\":\"https:\\\/\\\/www.manquepierda.com\\\/futbolandia\\\/vincent-tan-el-nuevo-estratega-del-cardiff-city\\\/\",\"url\":\"https:\\\/\\\/www.manquepierda.com\\\/futbolandia\\\/vincent-tan-el-nuevo-estratega-del-cardiff-city\\\/\",\"name\":\"Vincent Tan, el nuevo 'estratega' del Cardiff City &#8211; Futbolandia\",\"isPartOf\":{\"@id\":\"https:\\\/\\\/www.manquepierda.com\\\/futbolandia\\\/#website\"},\"primaryImageOfPage\":{\"@id\":\"https:\\\/\\\/www.manquepierda.com\\\/futbolandia\\\/vincent-tan-el-nuevo-estratega-del-cardiff-city\\\/#primaryimage\"},\"image\":{\"@id\":\"https:\\\/\\\/www.manquepierda.com\\\/futbolandia\\\/vincent-tan-el-nuevo-estratega-del-cardiff-city\\\/#primaryimage\"},\"thumbnailUrl\":\"https:\\\/\\\/i0.wp.com\\\/www.manquepierda.com\\\/futbolandia\\\/files\\\/2013\\\/09\\\/tan-2709584.jpg?fit=615%2C409&ssl=1\",\"datePublished\":\"2013-09-01T19:09:53+00:00\",\"author\":{\"@id\":\"https:\\\/\\\/www.manquepierda.com\\\/futbolandia\\\/#\\\/schema\\\/person\\\/d0ffcaeee88a75229f29f23833b2caaf\"},\"breadcrumb\":{\"@id\":\"https:\\\/\\\/www.manquepierda.com\\\/futbolandia\\\/vincent-tan-el-nuevo-estratega-del-cardiff-city\\\/#breadcrumb\"},\"inLanguage\":\"es\",\"potentialAction\":[{\"@type\":\"ReadAction\",\"target\":[\"https:\\\/\\\/www.manquepierda.com\\\/futbolandia\\\/vincent-tan-el-nuevo-estratega-del-cardiff-city\\\/\"]}]},{\"@type\":\"ImageObject\",\"inLanguage\":\"es\",\"@id\":\"https:\\\/\\\/www.manquepierda.com\\\/futbolandia\\\/vincent-tan-el-nuevo-estratega-del-cardiff-city\\\/#primaryimage\",\"url\":\"https:\\\/\\\/i0.wp.com\\\/www.manquepierda.com\\\/futbolandia\\\/files\\\/2013\\\/09\\\/tan-2709584.jpg?fit=615%2C409&ssl=1\",\"contentUrl\":\"https:\\\/\\\/i0.wp.com\\\/www.manquepierda.com\\\/futbolandia\\\/files\\\/2013\\\/09\\\/tan-2709584.jpg?fit=615%2C409&ssl=1\",\"width\":615,\"height\":409,\"caption\":\"Nuevo magnate propietario del Cardiff City Foto: walesonline.co.uk\"},{\"@type\":\"BreadcrumbList\",\"@id\":\"https:\\\/\\\/www.manquepierda.com\\\/futbolandia\\\/vincent-tan-el-nuevo-estratega-del-cardiff-city\\\/#breadcrumb\",\"itemListElement\":[{\"@type\":\"ListItem\",\"position\":1,\"name\":\"Portada\",\"item\":\"https:\\\/\\\/www.manquepierda.com\\\/futbolandia\\\/\"},{\"@type\":\"ListItem\",\"position\":2,\"name\":\"Vincent Tan, el nuevo &#8216;estratega&#8217; del Cardiff City\"}]},{\"@type\":\"WebSite\",\"@id\":\"https:\\\/\\\/www.manquepierda.com\\\/futbolandia\\\/#website\",\"url\":\"https:\\\/\\\/www.manquepierda.com\\\/futbolandia\\\/\",\"name\":\"Futbolandia\",\"description\":\"Reportajes e informaci\u00f3n sobre f\u00fatbol mundial y j\u00f3venes promesas\",\"potentialAction\":[{\"@type\":\"SearchAction\",\"target\":{\"@type\":\"EntryPoint\",\"urlTemplate\":\"https:\\\/\\\/www.manquepierda.com\\\/futbolandia\\\/?s={search_term_string}\"},\"query-input\":{\"@type\":\"PropertyValueSpecification\",\"valueRequired\":true,\"valueName\":\"search_term_string\"}}],\"inLanguage\":\"es\"},{\"@type\":\"Person\",\"@id\":\"https:\\\/\\\/www.manquepierda.com\\\/futbolandia\\\/#\\\/schema\\\/person\\\/d0ffcaeee88a75229f29f23833b2caaf\",\"name\":\"Ezequiel Carrasco Navarro\",\"image\":{\"@type\":\"ImageObject\",\"inLanguage\":\"es\",\"@id\":\"https:\\\/\\\/secure.gravatar.com\\\/avatar\\\/49e207b3ab6355686c1da2932e4f7462715c8680c8e9ae12c2872439d3a8c92d?s=96&d=mm&r=g\",\"url\":\"https:\\\/\\\/secure.gravatar.com\\\/avatar\\\/49e207b3ab6355686c1da2932e4f7462715c8680c8e9ae12c2872439d3a8c92d?s=96&d=mm&r=g\",\"contentUrl\":\"https:\\\/\\\/secure.gravatar.com\\\/avatar\\\/49e207b3ab6355686c1da2932e4f7462715c8680c8e9ae12c2872439d3a8c92d?s=96&d=mm&r=g\",\"caption\":\"Ezequiel Carrasco Navarro\"},\"description\":\"Natural de Arahal aunque residente en la ciudad de M\u00e1laga. Fiel al Real Betis. Apasionado del deporte y de las j\u00f3venes promesas del f\u00fatbol internacional. Podeis seguirme y contactar conmigo en Twitter: @EzequielCarNav\",\"url\":\"https:\\\/\\\/www.manquepierda.com\\\/futbolandia\\\/author\\\/ezequielcarnav\\\/\"}]}<\/script>\n<!-- \/ Yoast SEO plugin. -->","yoast_head_json":{"title":"Vincent Tan, el nuevo 'estratega' del Cardiff City &#8211; Futbolandia","robots":{"index":"index","follow":"follow","max-snippet":"max-snippet:-1","max-image-preview":"max-image-preview:large","max-video-preview":"max-video-preview:-1"},"canonical":"https:\/\/www.manquepierda.com\/futbolandia\/vincent-tan-el-nuevo-estratega-del-cardiff-city\/","og_locale":"es_ES","og_type":"article","og_title":"Vincent Tan, el nuevo 'estratega' del Cardiff City &#8211; Futbolandia","og_description":"Hagamos un ejercicio de imaginaci\u00f3n. Imaginemos que tras el desfalco de los anteriores dirigentes del Betis, de cuyo nombre no quiero acordarme, en vez de entrar en la famosa Ley Concursal y ser dirigidos por Bosch, Gordillo, Huidobro y el difunto Porr\u00faa, hubiese entrado en acci\u00f3n un magnate de estos que est\u00e1n tan de moda....","og_url":"https:\/\/www.manquepierda.com\/futbolandia\/vincent-tan-el-nuevo-estratega-del-cardiff-city\/","og_site_name":"Futbolandia","article_published_time":"2013-09-01T19:09:53+00:00","og_image":[{"width":615,"height":409,"url":"https:\/\/i1.wp.com\/www.manquepierda.com\/futbolandia\/files\/2013\/09\/tan-2709584.jpg?fit=615%2C409&ssl=1","type":"image\/jpeg"}],"author":"Ezequiel Carrasco Navarro","twitter_misc":{"Escrito por":"Ezequiel Carrasco Navarro","Tiempo de lectura":"3 minutos"},"schema":{"@context":"https:\/\/schema.org","@graph":[{"@type":"Article","@id":"https:\/\/www.manquepierda.com\/futbolandia\/vincent-tan-el-nuevo-estratega-del-cardiff-city\/#article","isPartOf":{"@id":"https:\/\/www.manquepierda.com\/futbolandia\/vincent-tan-el-nuevo-estratega-del-cardiff-city\/"},"author":{"name":"Ezequiel Carrasco Navarro","@id":"https:\/\/www.manquepierda.com\/futbolandia\/#\/schema\/person\/d0ffcaeee88a75229f29f23833b2caaf"},"headline":"Vincent Tan, el nuevo &#8216;estratega&#8217; del Cardiff City","datePublished":"2013-09-01T19:09:53+00:00","mainEntityOfPage":{"@id":"https:\/\/www.manquepierda.com\/futbolandia\/vincent-tan-el-nuevo-estratega-del-cardiff-city\/"},"wordCount":654,"commentCount":0,"image":{"@id":"https:\/\/www.manquepierda.com\/futbolandia\/vincent-tan-el-nuevo-estratega-del-cardiff-city\/#primaryimage"},"thumbnailUrl":"https:\/\/i0.wp.com\/www.manquepierda.com\/futbolandia\/files\/2013\/09\/tan-2709584.jpg?fit=615%2C409&ssl=1","keywords":["Bluebirds","Cardiff","Dragons","Gales","magnate","premier league","Tien Ghee","Vincent Tan"],"articleSection":["Mas f\u00fatbol","Opini\u00f3n","Portada"],"inLanguage":"es","potentialAction":[{"@type":"CommentAction","name":"Comment","target":["https:\/\/www.manquepierda.com\/futbolandia\/vincent-tan-el-nuevo-estratega-del-cardiff-city\/#respond"]}]},{"@type":"WebPage","@id":"https:\/\/www.manquepierda.com\/futbolandia\/vincent-tan-el-nuevo-estratega-del-cardiff-city\/","url":"https:\/\/www.manquepierda.com\/futbolandia\/vincent-tan-el-nuevo-estratega-del-cardiff-city\/","name":"Vincent Tan, el nuevo 'estratega' del Cardiff City &#8211; Futbolandia","isPartOf":{"@id":"https:\/\/www.manquepierda.com\/futbolandia\/#website"},"primaryImageOfPage":{"@id":"https:\/\/www.manquepierda.com\/futbolandia\/vincent-tan-el-nuevo-estratega-del-cardiff-city\/#primaryimage"},"image":{"@id":"https:\/\/www.manquepierda.com\/futbolandia\/vincent-tan-el-nuevo-estratega-del-cardiff-city\/#primaryimage"},"thumbnailUrl":"https:\/\/i0.wp.com\/www.manquepierda.com\/futbolandia\/files\/2013\/09\/tan-2709584.jpg?fit=615%2C409&ssl=1","datePublished":"2013-09-01T19:09:53+00:00","author":{"@id":"https:\/\/www.manquepierda.com\/futbolandia\/#\/schema\/person\/d0ffcaeee88a75229f29f23833b2caaf"},"breadcrumb":{"@id":"https:\/\/www.manquepierda.com\/futbolandia\/vincent-tan-el-nuevo-estratega-del-cardiff-city\/#breadcrumb"},"inLanguage":"es","potentialAction":[{"@type":"ReadAction","target":["https:\/\/www.manquepierda.com\/futbolandia\/vincent-tan-el-nuevo-estratega-del-cardiff-city\/"]}]},{"@type":"ImageObject","inLanguage":"es","@id":"https:\/\/www.manquepierda.com\/futbolandia\/vincent-tan-el-nuevo-estratega-del-cardiff-city\/#primaryimage","url":"https:\/\/i0.wp.com\/www.manquepierda.com\/futbolandia\/files\/2013\/09\/tan-2709584.jpg?fit=615%2C409&ssl=1","contentUrl":"https:\/\/i0.wp.com\/www.manquepierda.com\/futbolandia\/files\/2013\/09\/tan-2709584.jpg?fit=615%2C409&ssl=1","width":615,"height":409,"caption":"Nuevo magnate propietario del Cardiff City Foto: walesonline.co.uk"},{"@type":"BreadcrumbList","@id":"https:\/\/www.manquepierda.com\/futbolandia\/vincent-tan-el-nuevo-estratega-del-cardiff-city\/#breadcrumb","itemListElement":[{"@type":"ListItem","position":1,"name":"Portada","item":"https:\/\/www.manquepierda.com\/futbolandia\/"},{"@type":"ListItem","position":2,"name":"Vincent Tan, el nuevo &#8216;estratega&#8217; del Cardiff City"}]},{"@type":"WebSite","@id":"https:\/\/www.manquepierda.com\/futbolandia\/#website","url":"https:\/\/www.manquepierda.com\/futbolandia\/","name":"Futbolandia","description":"Reportajes e informaci\u00f3n sobre f\u00fatbol mundial y j\u00f3venes promesas","potentialAction":[{"@type":"SearchAction","target":{"@type":"EntryPoint","urlTemplate":"https:\/\/www.manquepierda.com\/futbolandia\/?s={search_term_string}"},"query-input":{"@type":"PropertyValueSpecification","valueRequired":true,"valueName":"search_term_string"}}],"inLanguage":"es"},{"@type":"Person","@id":"https:\/\/www.manquepierda.com\/futbolandia\/#\/schema\/person\/d0ffcaeee88a75229f29f23833b2caaf","name":"Ezequiel Carrasco Navarro","image":{"@type":"ImageObject","inLanguage":"es","@id":"https:\/\/secure.gravatar.com\/avatar\/49e207b3ab6355686c1da2932e4f7462715c8680c8e9ae12c2872439d3a8c92d?s=96&d=mm&r=g","url":"https:\/\/secure.gravatar.com\/avatar\/49e207b3ab6355686c1da2932e4f7462715c8680c8e9ae12c2872439d3a8c92d?s=96&d=mm&r=g","contentUrl":"https:\/\/secure.gravatar.com\/avatar\/49e207b3ab6355686c1da2932e4f7462715c8680c8e9ae12c2872439d3a8c92d?s=96&d=mm&r=g","caption":"Ezequiel Carrasco Navarro"},"description":"Natural de Arahal aunque residente en la ciudad de M\u00e1laga. Fiel al Real Betis. Apasionado del deporte y de las j\u00f3venes promesas del f\u00fatbol internacional. Podeis seguirme y contactar conmigo en Twitter: @EzequielCarNav","url":"https:\/\/www.manquepierda.com\/futbolandia\/author\/ezequielcarnav\/"}]}},"jetpack_publicize_connections":[],"jetpack_featured_media_url":"https:\/\/i0.wp.com\/www.manquepierda.com\/futbolandia\/files\/2013\/09\/tan-2709584.jpg?fit=615%2C409&ssl=1","jetpack_shortlink":"https:\/\/wp.me\/p1THIg-Cu","jetpack_sharing_enabled":true,"_links":{"self":[{"href":"https:\/\/www.manquepierda.com\/futbolandia\/wp-json\/wp\/v2\/posts\/2386","targetHints":{"allow":["GET"]}}],"collection":[{"href":"https:\/\/www.manquepierda.com\/futbolandia\/wp-json\/wp\/v2\/posts"}],"about":[{"href":"https:\/\/www.manquepierda.com\/futbolandia\/wp-json\/wp\/v2\/types\/post"}],"author":[{"embeddable":true,"href":"https:\/\/www.manquepierda.com\/futbolandia\/wp-json\/wp\/v2\/users\/326"}],"replies":[{"embeddable":true,"href":"https:\/\/www.manquepierda.com\/futbolandia\/wp-json\/wp\/v2\/comments?post=2386"}],"version-history":[{"count":0,"href":"https:\/\/www.manquepierda.com\/futbolandia\/wp-json\/wp\/v2\/posts\/2386\/revisions"}],"wp:featuredmedia":[{"embeddable":true,"href":"https:\/\/www.manquepierda.com\/futbolandia\/wp-json\/wp\/v2\/media\/2387"}],"wp:attachment":[{"href":"https:\/\/www.manquepierda.com\/futbolandia\/wp-json\/wp\/v2\/media?parent=2386"}],"wp:term":[{"taxonomy":"category","embeddable":true,"href":"https:\/\/www.manquepierda.com\/futbolandia\/wp-json\/wp\/v2\/categories?post=2386"},{"taxonomy":"post_tag","embeddable":true,"href":"https:\/\/www.manquepierda.com\/futbolandia\/wp-json\/wp\/v2\/tags?post=2386"}],"curies":[{"name":"wp","href":"https:\/\/api.w.org\/{rel}","templated":true}]}}