{"id":2413,"date":"2013-09-04T09:30:27","date_gmt":"2013-09-04T07:30:27","guid":{"rendered":"http:\/\/www.manquepierda.com\/futbolandia\/?p=2413"},"modified":"2013-09-04T03:44:32","modified_gmt":"2013-09-04T01:44:32","slug":"el-manchester-united-no-necesitaba-a-fellaini","status":"publish","type":"post","link":"https:\/\/www.manquepierda.com\/futbolandia\/el-manchester-united-no-necesitaba-a-fellaini\/","title":{"rendered":"El Manchester United no necesitaba a Fellaini"},"content":{"rendered":"<figure id=\"attachment_2416\" aria-describedby=\"caption-attachment-2416\" style=\"width: 448px\" class=\"wp-caption alignleft\"><a href=\"https:\/\/i0.wp.com\/www.manquepierda.com\/futbolandia\/files\/2013\/09\/Marouane-Fellaini.jpeg\"><img data-recalc-dims=\"1\" loading=\"lazy\" decoding=\"async\" data-attachment-id=\"2416\" data-permalink=\"https:\/\/www.manquepierda.com\/futbolandia\/el-manchester-united-no-necesitaba-a-fellaini\/marouane-fellaini\/\" data-orig-file=\"https:\/\/i0.wp.com\/www.manquepierda.com\/futbolandia\/files\/2013\/09\/Marouane-Fellaini.jpeg?fit=640%2C384&amp;ssl=1\" data-orig-size=\"640,384\" data-comments-opened=\"1\" data-image-meta=\"{&quot;aperture&quot;:&quot;0&quot;,&quot;credit&quot;:&quot;&quot;,&quot;camera&quot;:&quot;&quot;,&quot;caption&quot;:&quot;&quot;,&quot;created_timestamp&quot;:&quot;0&quot;,&quot;copyright&quot;:&quot;&quot;,&quot;focal_length&quot;:&quot;0&quot;,&quot;iso&quot;:&quot;0&quot;,&quot;shutter_speed&quot;:&quot;0&quot;,&quot;title&quot;:&quot;&quot;}\" data-image-title=\"Marouane-Fellaini\" data-image-description=\"\" data-image-caption=\"&lt;p&gt;Marouane Fellaini es el nuevo fichaje estrella del Manchester United&lt;br \/&gt;\nFoto: mercadodepases.net&lt;\/p&gt;\n\" data-large-file=\"https:\/\/i0.wp.com\/www.manquepierda.com\/futbolandia\/files\/2013\/09\/Marouane-Fellaini.jpeg?fit=640%2C384&amp;ssl=1\" class=\" wp-image-2416 \" alt=\"Marouane Fellaini es el nuevo fichaje estrella del Manchester United Foto: mercadodepases.net\" src=\"https:\/\/i0.wp.com\/www.manquepierda.com\/futbolandia\/files\/2013\/09\/Marouane-Fellaini.jpeg?resize=448%2C269\" width=\"448\" height=\"269\" srcset=\"https:\/\/i0.wp.com\/www.manquepierda.com\/futbolandia\/files\/2013\/09\/Marouane-Fellaini.jpeg?w=640&amp;ssl=1 640w, https:\/\/i0.wp.com\/www.manquepierda.com\/futbolandia\/files\/2013\/09\/Marouane-Fellaini.jpeg?resize=300%2C180&amp;ssl=1 300w\" sizes=\"auto, (max-width: 448px) 100vw, 448px\" \/><\/a><figcaption id=\"caption-attachment-2416\" class=\"wp-caption-text\">Marouane Fellaini es el nuevo fichaje estrella del Manchester United<br \/>Foto: mercadodepases.net<\/figcaption><\/figure>\n<p>A nadie se le escapa que una de las opciones m\u00e1s perseguidas y buscadas en el mercado de fichajes, m\u00e1s all\u00e1 del interminable fichaje de Gareth Bale o la eterna b\u00fasqueda de delantero del Arsenal, <strong>ha sido el de un futbolista que refuerce y suba el nivel en mediocampo del nuevo Manchester United de David Moyes.<\/strong><\/p>\n<p>El primer jugador que entr\u00f3 en escena fue Thiago Alc\u00e1ntara. El hispano-brasile\u00f1o estuvo tan cerca de recalar en los diablos rojos, que el mismo cancerbero del equipo, De Gea, se apresur\u00f3 en darle la bienvenida. Fue tras ganar en junio el Europeo Sub&#8217;21. Thiago fue elegido MVP de la final tras sus dos goles y sus compa\u00f1eros de equipo le firmaron ese bal\u00f3n hist\u00f3rico.<strong> La dedicatoria del portero rezaba algo parecido a esto: <em>\u00abEnhorabuena. Nos vemos en Manchester\u00bb<\/em>.<\/strong><\/p>\n<p>Un detalle que hac\u00eda presagiar que Old Trafford ser\u00eda tarde o temprano el destino del talentoso futbolista. Aunque esto fue antes de que el nuevo Bayern de Munich de Pep Guardiola, flamante campe\u00f3n de Europa, seduciera al jugador con sus cantos de sirena. Estaba claro que el equipo ingl\u00e9s, tras la era Ferguson, buscaba un centrocampista talentoso de tres cuartos hacia delante, con cierta visi\u00f3n de juego, llegada y buen manejo del bal\u00f3n.<\/p>\n<p><strong>Los otros dos nombres propios para el Manchester United este verano han sido Cesc y Fellaini.<\/strong> Ambos atra\u00edan la atenci\u00f3n de David Moyes pero la calidad y el papel secundario que en teor\u00eda iba a asumir Cesc en el FC Barcelona le hizo pujar fuerte por el espa\u00f1ol. Todo esto por supuesto, sin perder de vista a Fellaini.\u00a0La negativa del FC Barcelona a desprenderse de Cesc, hizo que el Manchester se centrara en el Everton para fichar a Fellaini y Baines, pero ha tenido que esperar al \u00faltimo d\u00eda y a \u00faltima hora para conseguir la incorporaci\u00f3n del centrocampista belga.<\/p>\n<p>Est\u00e1 claro que Fellaini es un buen jugador. Ha rendido muy bien en el Everton, convirti\u00e9ndose en uno de sus mejores futbolistas y muy probablemente rendir\u00e1 en Manchester. Sin embargo, su f\u00fatbol no es quiz\u00e1s el m\u00e1s apropiado para el juego que pretende hacer el cuadro ingl\u00e9s. Y es que mientras que el estilo del Everton invitaba a un juego directo muy cl\u00e1sico en Gran Breta\u00f1a, con balones a Fellaini para que cree una segunda jugada con su altura o utilice su corpulencia y zancada para aguantar el bal\u00f3n, <strong>el nuevo Manchester United de Moyes ha estado apostando por la posesi\u00f3n del bal\u00f3n sin excesos, por circulaciones r\u00e1pidas, incluso al primer toque.<\/strong><\/p>\n<p>Fellaini no es el perfil de futbolista con visi\u00f3n de juego al que respond\u00edan Thiago o Cesc, aunque si tiene bastante llegada. \u00bfCambiar\u00e1 ahora su estilo el equipo para adaptarse a su nuevo jugador o nos descubrir\u00e1 Fellaini una nueva faceta, dejando a un lado ese protagonismo que ten\u00eda en el Everton dando un paso atr\u00e1s para beneficio de Rooney y Van Persie? Las pr\u00f3ximas jornadas en la Premier League nos sacar\u00e1n de dudas aunque sin duda Fellaini rendir\u00e1 en un equipo con tanto potencial.<\/p>\n<p>[social type=\u00bbtwitter\u00bb opacity=\u00bbdark\u00bb]https:\/\/www.twitter.com\/jorgegonex[\/social]<\/p>\n","protected":false},"excerpt":{"rendered":"<p>A nadie se le escapa que una de las opciones m\u00e1s perseguidas y buscadas en el mercado de fichajes, m\u00e1s all\u00e1 del interminable fichaje de Gareth Bale o la eterna b\u00fasqueda de delantero del Arsenal, ha sido el de un futbolista que refuerce y suba el nivel en mediocampo del nuevo Manchester United de David&#8230;<\/p>\n","protected":false},"author":93,"featured_media":2416,"comment_status":"open","ping_status":"open","sticky":false,"template":"","format":"standard","meta":{"_kad_post_transparent":"","_kad_post_title":"","_kad_post_layout":"","_kad_post_sidebar_id":"","_kad_post_content_style":"","_kad_post_vertical_padding":"","_kad_post_feature":"","_kad_post_feature_position":"","_kad_post_header":false,"_kad_post_footer":false,"_kad_post_classname":"","_jetpack_memberships_contains_paid_content":false,"footnotes":"","jetpack_publicize_message":"","jetpack_publicize_feature_enabled":true,"jetpack_social_post_already_shared":true,"jetpack_social_options":{"image_generator_settings":{"template":"highway","default_image_id":0,"font":"","enabled":false},"version":2}},"categories":[3,7,10],"tags":[341,73,300,814,589,815,591,325,590],"class_list":["post-2413","post","type-post","status-publish","format-standard","has-post-thumbnail","hentry","category-mas-futbol","category-opinion","category-portada","tag-belgica","tag-cesc","tag-everton","tag-fellaini","tag-manchester","tag-marouane","tag-moyes","tag-thiago","tag-united"],"yoast_head":"<!-- This site is optimized with the Yoast SEO plugin v27.5 - https:\/\/yoast.com\/product\/yoast-seo-wordpress\/ -->\n<title>El Manchester United no necesitaba a Fellaini &#8211; Futbolandia<\/title>\n<meta name=\"robots\" content=\"index, follow, max-snippet:-1, max-image-preview:large, max-video-preview:-1\" \/>\n<link rel=\"canonical\" href=\"https:\/\/www.manquepierda.com\/futbolandia\/el-manchester-united-no-necesitaba-a-fellaini\/\" \/>\n<meta property=\"og:locale\" content=\"es_ES\" \/>\n<meta property=\"og:type\" content=\"article\" \/>\n<meta property=\"og:title\" content=\"El Manchester United no necesitaba a Fellaini &#8211; Futbolandia\" \/>\n<meta property=\"og:description\" content=\"A nadie se le escapa que una de las opciones m\u00e1s perseguidas y buscadas en el mercado de fichajes, m\u00e1s all\u00e1 del interminable fichaje de Gareth Bale o la eterna b\u00fasqueda de delantero del Arsenal, ha sido el de un futbolista que refuerce y suba el nivel en mediocampo del nuevo Manchester United de David...\" \/>\n<meta property=\"og:url\" content=\"https:\/\/www.manquepierda.com\/futbolandia\/el-manchester-united-no-necesitaba-a-fellaini\/\" \/>\n<meta property=\"og:site_name\" content=\"Futbolandia\" \/>\n<meta property=\"article:published_time\" content=\"2013-09-04T07:30:27+00:00\" \/>\n<meta property=\"og:image\" content=\"https:\/\/i1.wp.com\/www.manquepierda.com\/futbolandia\/files\/2013\/09\/Marouane-Fellaini.jpeg?fit=640%2C384&ssl=1\" \/>\n\t<meta property=\"og:image:width\" content=\"640\" \/>\n\t<meta property=\"og:image:height\" content=\"384\" \/>\n\t<meta property=\"og:image:type\" content=\"image\/jpeg\" \/>\n<meta name=\"author\" content=\"Jorge M. Gonz\u00e1lez\" \/>\n<meta name=\"twitter:label1\" content=\"Escrito por\" \/>\n\t<meta name=\"twitter:data1\" content=\"Jorge M. Gonz\u00e1lez\" \/>\n\t<meta name=\"twitter:label2\" content=\"Tiempo de lectura\" \/>\n\t<meta name=\"twitter:data2\" content=\"3 minutos\" \/>\n<script type=\"application\/ld+json\" class=\"yoast-schema-graph\">{\"@context\":\"https:\\\/\\\/schema.org\",\"@graph\":[{\"@type\":\"Article\",\"@id\":\"https:\\\/\\\/www.manquepierda.com\\\/futbolandia\\\/el-manchester-united-no-necesitaba-a-fellaini\\\/#article\",\"isPartOf\":{\"@id\":\"https:\\\/\\\/www.manquepierda.com\\\/futbolandia\\\/el-manchester-united-no-necesitaba-a-fellaini\\\/\"},\"author\":{\"name\":\"Jorge M. Gonz\u00e1lez\",\"@id\":\"https:\\\/\\\/www.manquepierda.com\\\/futbolandia\\\/#\\\/schema\\\/person\\\/fdb4eabc3c2e0e717a790a4ce10cd2b3\"},\"headline\":\"El Manchester United no necesitaba a Fellaini\",\"datePublished\":\"2013-09-04T07:30:27+00:00\",\"mainEntityOfPage\":{\"@id\":\"https:\\\/\\\/www.manquepierda.com\\\/futbolandia\\\/el-manchester-united-no-necesitaba-a-fellaini\\\/\"},\"wordCount\":579,\"commentCount\":0,\"image\":{\"@id\":\"https:\\\/\\\/www.manquepierda.com\\\/futbolandia\\\/el-manchester-united-no-necesitaba-a-fellaini\\\/#primaryimage\"},\"thumbnailUrl\":\"https:\\\/\\\/i0.wp.com\\\/www.manquepierda.com\\\/futbolandia\\\/files\\\/2013\\\/09\\\/Marouane-Fellaini.jpeg?fit=640%2C384&ssl=1\",\"keywords\":[\"Belgica\",\"Cesc\",\"everton\",\"fellaini\",\"manchester\",\"marouane\",\"moyes\",\"thiago\",\"united\"],\"articleSection\":[\"Mas f\u00fatbol\",\"Opini\u00f3n\",\"Portada\"],\"inLanguage\":\"es\",\"potentialAction\":[{\"@type\":\"CommentAction\",\"name\":\"Comment\",\"target\":[\"https:\\\/\\\/www.manquepierda.com\\\/futbolandia\\\/el-manchester-united-no-necesitaba-a-fellaini\\\/#respond\"]}]},{\"@type\":\"WebPage\",\"@id\":\"https:\\\/\\\/www.manquepierda.com\\\/futbolandia\\\/el-manchester-united-no-necesitaba-a-fellaini\\\/\",\"url\":\"https:\\\/\\\/www.manquepierda.com\\\/futbolandia\\\/el-manchester-united-no-necesitaba-a-fellaini\\\/\",\"name\":\"El Manchester United no necesitaba a Fellaini &#8211; Futbolandia\",\"isPartOf\":{\"@id\":\"https:\\\/\\\/www.manquepierda.com\\\/futbolandia\\\/#website\"},\"primaryImageOfPage\":{\"@id\":\"https:\\\/\\\/www.manquepierda.com\\\/futbolandia\\\/el-manchester-united-no-necesitaba-a-fellaini\\\/#primaryimage\"},\"image\":{\"@id\":\"https:\\\/\\\/www.manquepierda.com\\\/futbolandia\\\/el-manchester-united-no-necesitaba-a-fellaini\\\/#primaryimage\"},\"thumbnailUrl\":\"https:\\\/\\\/i0.wp.com\\\/www.manquepierda.com\\\/futbolandia\\\/files\\\/2013\\\/09\\\/Marouane-Fellaini.jpeg?fit=640%2C384&ssl=1\",\"datePublished\":\"2013-09-04T07:30:27+00:00\",\"author\":{\"@id\":\"https:\\\/\\\/www.manquepierda.com\\\/futbolandia\\\/#\\\/schema\\\/person\\\/fdb4eabc3c2e0e717a790a4ce10cd2b3\"},\"breadcrumb\":{\"@id\":\"https:\\\/\\\/www.manquepierda.com\\\/futbolandia\\\/el-manchester-united-no-necesitaba-a-fellaini\\\/#breadcrumb\"},\"inLanguage\":\"es\",\"potentialAction\":[{\"@type\":\"ReadAction\",\"target\":[\"https:\\\/\\\/www.manquepierda.com\\\/futbolandia\\\/el-manchester-united-no-necesitaba-a-fellaini\\\/\"]}]},{\"@type\":\"ImageObject\",\"inLanguage\":\"es\",\"@id\":\"https:\\\/\\\/www.manquepierda.com\\\/futbolandia\\\/el-manchester-united-no-necesitaba-a-fellaini\\\/#primaryimage\",\"url\":\"https:\\\/\\\/i0.wp.com\\\/www.manquepierda.com\\\/futbolandia\\\/files\\\/2013\\\/09\\\/Marouane-Fellaini.jpeg?fit=640%2C384&ssl=1\",\"contentUrl\":\"https:\\\/\\\/i0.wp.com\\\/www.manquepierda.com\\\/futbolandia\\\/files\\\/2013\\\/09\\\/Marouane-Fellaini.jpeg?fit=640%2C384&ssl=1\",\"width\":640,\"height\":384,\"caption\":\"Marouane Fellaini es el nuevo fichaje estrella del Manchester United Foto: mercadodepases.net\"},{\"@type\":\"BreadcrumbList\",\"@id\":\"https:\\\/\\\/www.manquepierda.com\\\/futbolandia\\\/el-manchester-united-no-necesitaba-a-fellaini\\\/#breadcrumb\",\"itemListElement\":[{\"@type\":\"ListItem\",\"position\":1,\"name\":\"Portada\",\"item\":\"https:\\\/\\\/www.manquepierda.com\\\/futbolandia\\\/\"},{\"@type\":\"ListItem\",\"position\":2,\"name\":\"El Manchester United no necesitaba a Fellaini\"}]},{\"@type\":\"WebSite\",\"@id\":\"https:\\\/\\\/www.manquepierda.com\\\/futbolandia\\\/#website\",\"url\":\"https:\\\/\\\/www.manquepierda.com\\\/futbolandia\\\/\",\"name\":\"Futbolandia\",\"description\":\"Reportajes e informaci\u00f3n sobre f\u00fatbol mundial y j\u00f3venes promesas\",\"potentialAction\":[{\"@type\":\"SearchAction\",\"target\":{\"@type\":\"EntryPoint\",\"urlTemplate\":\"https:\\\/\\\/www.manquepierda.com\\\/futbolandia\\\/?s={search_term_string}\"},\"query-input\":{\"@type\":\"PropertyValueSpecification\",\"valueRequired\":true,\"valueName\":\"search_term_string\"}}],\"inLanguage\":\"es\"},{\"@type\":\"Person\",\"@id\":\"https:\\\/\\\/www.manquepierda.com\\\/futbolandia\\\/#\\\/schema\\\/person\\\/fdb4eabc3c2e0e717a790a4ce10cd2b3\",\"name\":\"Jorge M. Gonz\u00e1lez\",\"image\":{\"@type\":\"ImageObject\",\"inLanguage\":\"es\",\"@id\":\"https:\\\/\\\/secure.gravatar.com\\\/avatar\\\/40fe62083e523c4134f75fb1d06ea73b4503d9162f3c6e89800e90f1bbd7f262?s=96&d=mm&r=g\",\"url\":\"https:\\\/\\\/secure.gravatar.com\\\/avatar\\\/40fe62083e523c4134f75fb1d06ea73b4503d9162f3c6e89800e90f1bbd7f262?s=96&d=mm&r=g\",\"contentUrl\":\"https:\\\/\\\/secure.gravatar.com\\\/avatar\\\/40fe62083e523c4134f75fb1d06ea73b4503d9162f3c6e89800e90f1bbd7f262?s=96&d=mm&r=g\",\"caption\":\"Jorge M. Gonz\u00e1lez\"},\"description\":\"Apasionado del f\u00fatbol internacional y Social Media Manager. Me gusta seguir ligas extranjeras y a las j\u00f3venes promesas de todo el mundo. S\u00edgueme en twitter para compartir afici\u00f3n: @jorgegonex\",\"sameAs\":[\"http:\\\/\\\/manquepierda.com\\\/\",\"https:\\\/\\\/x.com\\\/https:\\\/\\\/twitter.com\\\/jorgegonex\",\"https:\\\/\\\/www.youtube.com\\\/user\\\/FutbolandiaMQP\"],\"url\":\"https:\\\/\\\/www.manquepierda.com\\\/futbolandia\\\/author\\\/jorgegonzalez\\\/\"}]}<\/script>\n<!-- \/ Yoast SEO plugin. -->","yoast_head_json":{"title":"El Manchester United no necesitaba a Fellaini &#8211; Futbolandia","robots":{"index":"index","follow":"follow","max-snippet":"max-snippet:-1","max-image-preview":"max-image-preview:large","max-video-preview":"max-video-preview:-1"},"canonical":"https:\/\/www.manquepierda.com\/futbolandia\/el-manchester-united-no-necesitaba-a-fellaini\/","og_locale":"es_ES","og_type":"article","og_title":"El Manchester United no necesitaba a Fellaini &#8211; Futbolandia","og_description":"A nadie se le escapa que una de las opciones m\u00e1s perseguidas y buscadas en el mercado de fichajes, m\u00e1s all\u00e1 del interminable fichaje de Gareth Bale o la eterna b\u00fasqueda de delantero del Arsenal, ha sido el de un futbolista que refuerce y suba el nivel en mediocampo del nuevo Manchester United de David...","og_url":"https:\/\/www.manquepierda.com\/futbolandia\/el-manchester-united-no-necesitaba-a-fellaini\/","og_site_name":"Futbolandia","article_published_time":"2013-09-04T07:30:27+00:00","og_image":[{"width":640,"height":384,"url":"https:\/\/i1.wp.com\/www.manquepierda.com\/futbolandia\/files\/2013\/09\/Marouane-Fellaini.jpeg?fit=640%2C384&ssl=1","type":"image\/jpeg"}],"author":"Jorge M. Gonz\u00e1lez","twitter_misc":{"Escrito por":"Jorge M. Gonz\u00e1lez","Tiempo de lectura":"3 minutos"},"schema":{"@context":"https:\/\/schema.org","@graph":[{"@type":"Article","@id":"https:\/\/www.manquepierda.com\/futbolandia\/el-manchester-united-no-necesitaba-a-fellaini\/#article","isPartOf":{"@id":"https:\/\/www.manquepierda.com\/futbolandia\/el-manchester-united-no-necesitaba-a-fellaini\/"},"author":{"name":"Jorge M. Gonz\u00e1lez","@id":"https:\/\/www.manquepierda.com\/futbolandia\/#\/schema\/person\/fdb4eabc3c2e0e717a790a4ce10cd2b3"},"headline":"El Manchester United no necesitaba a Fellaini","datePublished":"2013-09-04T07:30:27+00:00","mainEntityOfPage":{"@id":"https:\/\/www.manquepierda.com\/futbolandia\/el-manchester-united-no-necesitaba-a-fellaini\/"},"wordCount":579,"commentCount":0,"image":{"@id":"https:\/\/www.manquepierda.com\/futbolandia\/el-manchester-united-no-necesitaba-a-fellaini\/#primaryimage"},"thumbnailUrl":"https:\/\/i0.wp.com\/www.manquepierda.com\/futbolandia\/files\/2013\/09\/Marouane-Fellaini.jpeg?fit=640%2C384&ssl=1","keywords":["Belgica","Cesc","everton","fellaini","manchester","marouane","moyes","thiago","united"],"articleSection":["Mas f\u00fatbol","Opini\u00f3n","Portada"],"inLanguage":"es","potentialAction":[{"@type":"CommentAction","name":"Comment","target":["https:\/\/www.manquepierda.com\/futbolandia\/el-manchester-united-no-necesitaba-a-fellaini\/#respond"]}]},{"@type":"WebPage","@id":"https:\/\/www.manquepierda.com\/futbolandia\/el-manchester-united-no-necesitaba-a-fellaini\/","url":"https:\/\/www.manquepierda.com\/futbolandia\/el-manchester-united-no-necesitaba-a-fellaini\/","name":"El Manchester United no necesitaba a Fellaini &#8211; Futbolandia","isPartOf":{"@id":"https:\/\/www.manquepierda.com\/futbolandia\/#website"},"primaryImageOfPage":{"@id":"https:\/\/www.manquepierda.com\/futbolandia\/el-manchester-united-no-necesitaba-a-fellaini\/#primaryimage"},"image":{"@id":"https:\/\/www.manquepierda.com\/futbolandia\/el-manchester-united-no-necesitaba-a-fellaini\/#primaryimage"},"thumbnailUrl":"https:\/\/i0.wp.com\/www.manquepierda.com\/futbolandia\/files\/2013\/09\/Marouane-Fellaini.jpeg?fit=640%2C384&ssl=1","datePublished":"2013-09-04T07:30:27+00:00","author":{"@id":"https:\/\/www.manquepierda.com\/futbolandia\/#\/schema\/person\/fdb4eabc3c2e0e717a790a4ce10cd2b3"},"breadcrumb":{"@id":"https:\/\/www.manquepierda.com\/futbolandia\/el-manchester-united-no-necesitaba-a-fellaini\/#breadcrumb"},"inLanguage":"es","potentialAction":[{"@type":"ReadAction","target":["https:\/\/www.manquepierda.com\/futbolandia\/el-manchester-united-no-necesitaba-a-fellaini\/"]}]},{"@type":"ImageObject","inLanguage":"es","@id":"https:\/\/www.manquepierda.com\/futbolandia\/el-manchester-united-no-necesitaba-a-fellaini\/#primaryimage","url":"https:\/\/i0.wp.com\/www.manquepierda.com\/futbolandia\/files\/2013\/09\/Marouane-Fellaini.jpeg?fit=640%2C384&ssl=1","contentUrl":"https:\/\/i0.wp.com\/www.manquepierda.com\/futbolandia\/files\/2013\/09\/Marouane-Fellaini.jpeg?fit=640%2C384&ssl=1","width":640,"height":384,"caption":"Marouane Fellaini es el nuevo fichaje estrella del Manchester United Foto: mercadodepases.net"},{"@type":"BreadcrumbList","@id":"https:\/\/www.manquepierda.com\/futbolandia\/el-manchester-united-no-necesitaba-a-fellaini\/#breadcrumb","itemListElement":[{"@type":"ListItem","position":1,"name":"Portada","item":"https:\/\/www.manquepierda.com\/futbolandia\/"},{"@type":"ListItem","position":2,"name":"El Manchester United no necesitaba a Fellaini"}]},{"@type":"WebSite","@id":"https:\/\/www.manquepierda.com\/futbolandia\/#website","url":"https:\/\/www.manquepierda.com\/futbolandia\/","name":"Futbolandia","description":"Reportajes e informaci\u00f3n sobre f\u00fatbol mundial y j\u00f3venes promesas","potentialAction":[{"@type":"SearchAction","target":{"@type":"EntryPoint","urlTemplate":"https:\/\/www.manquepierda.com\/futbolandia\/?s={search_term_string}"},"query-input":{"@type":"PropertyValueSpecification","valueRequired":true,"valueName":"search_term_string"}}],"inLanguage":"es"},{"@type":"Person","@id":"https:\/\/www.manquepierda.com\/futbolandia\/#\/schema\/person\/fdb4eabc3c2e0e717a790a4ce10cd2b3","name":"Jorge M. Gonz\u00e1lez","image":{"@type":"ImageObject","inLanguage":"es","@id":"https:\/\/secure.gravatar.com\/avatar\/40fe62083e523c4134f75fb1d06ea73b4503d9162f3c6e89800e90f1bbd7f262?s=96&d=mm&r=g","url":"https:\/\/secure.gravatar.com\/avatar\/40fe62083e523c4134f75fb1d06ea73b4503d9162f3c6e89800e90f1bbd7f262?s=96&d=mm&r=g","contentUrl":"https:\/\/secure.gravatar.com\/avatar\/40fe62083e523c4134f75fb1d06ea73b4503d9162f3c6e89800e90f1bbd7f262?s=96&d=mm&r=g","caption":"Jorge M. Gonz\u00e1lez"},"description":"Apasionado del f\u00fatbol internacional y Social Media Manager. Me gusta seguir ligas extranjeras y a las j\u00f3venes promesas de todo el mundo. S\u00edgueme en twitter para compartir afici\u00f3n: @jorgegonex","sameAs":["http:\/\/manquepierda.com\/","https:\/\/x.com\/https:\/\/twitter.com\/jorgegonex","https:\/\/www.youtube.com\/user\/FutbolandiaMQP"],"url":"https:\/\/www.manquepierda.com\/futbolandia\/author\/jorgegonzalez\/"}]}},"jetpack_publicize_connections":[],"jetpack_featured_media_url":"https:\/\/i0.wp.com\/www.manquepierda.com\/futbolandia\/files\/2013\/09\/Marouane-Fellaini.jpeg?fit=640%2C384&ssl=1","jetpack_shortlink":"https:\/\/wp.me\/p1THIg-CV","jetpack_sharing_enabled":true,"_links":{"self":[{"href":"https:\/\/www.manquepierda.com\/futbolandia\/wp-json\/wp\/v2\/posts\/2413","targetHints":{"allow":["GET"]}}],"collection":[{"href":"https:\/\/www.manquepierda.com\/futbolandia\/wp-json\/wp\/v2\/posts"}],"about":[{"href":"https:\/\/www.manquepierda.com\/futbolandia\/wp-json\/wp\/v2\/types\/post"}],"author":[{"embeddable":true,"href":"https:\/\/www.manquepierda.com\/futbolandia\/wp-json\/wp\/v2\/users\/93"}],"replies":[{"embeddable":true,"href":"https:\/\/www.manquepierda.com\/futbolandia\/wp-json\/wp\/v2\/comments?post=2413"}],"version-history":[{"count":0,"href":"https:\/\/www.manquepierda.com\/futbolandia\/wp-json\/wp\/v2\/posts\/2413\/revisions"}],"wp:featuredmedia":[{"embeddable":true,"href":"https:\/\/www.manquepierda.com\/futbolandia\/wp-json\/wp\/v2\/media\/2416"}],"wp:attachment":[{"href":"https:\/\/www.manquepierda.com\/futbolandia\/wp-json\/wp\/v2\/media?parent=2413"}],"wp:term":[{"taxonomy":"category","embeddable":true,"href":"https:\/\/www.manquepierda.com\/futbolandia\/wp-json\/wp\/v2\/categories?post=2413"},{"taxonomy":"post_tag","embeddable":true,"href":"https:\/\/www.manquepierda.com\/futbolandia\/wp-json\/wp\/v2\/tags?post=2413"}],"curies":[{"name":"wp","href":"https:\/\/api.w.org\/{rel}","templated":true}]}}