{"id":2449,"date":"2013-09-07T11:01:59","date_gmt":"2013-09-07T09:01:59","guid":{"rendered":"http:\/\/www.manquepierda.com\/futbolandia\/?p=2449"},"modified":"2015-07-09T10:32:11","modified_gmt":"2015-07-09T08:32:11","slug":"el-despertar-del-talento-belga","status":"publish","type":"post","link":"https:\/\/www.manquepierda.com\/futbolandia\/el-despertar-del-talento-belga\/","title":{"rendered":"El despertar del talento belga"},"content":{"rendered":"<figure id=\"attachment_2452\" aria-describedby=\"caption-attachment-2452\" style=\"width: 450px\" class=\"wp-caption alignleft\"><a href=\"https:\/\/i0.wp.com\/www.manquepierda.com\/futbolandia\/files\/2013\/09\/belgica-once-de-gala.jpg\"><img data-recalc-dims=\"1\" loading=\"lazy\" decoding=\"async\" data-attachment-id=\"2452\" data-permalink=\"https:\/\/www.manquepierda.com\/futbolandia\/el-despertar-del-talento-belga\/belgica-once-de-gala\/\" data-orig-file=\"https:\/\/i0.wp.com\/www.manquepierda.com\/futbolandia\/files\/2013\/09\/belgica-once-de-gala.jpg?fit=500%2C300&amp;ssl=1\" data-orig-size=\"500,300\" data-comments-opened=\"1\" data-image-meta=\"{&quot;aperture&quot;:&quot;0&quot;,&quot;credit&quot;:&quot;&quot;,&quot;camera&quot;:&quot;&quot;,&quot;caption&quot;:&quot;&quot;,&quot;created_timestamp&quot;:&quot;0&quot;,&quot;copyright&quot;:&quot;&quot;,&quot;focal_length&quot;:&quot;0&quot;,&quot;iso&quot;:&quot;0&quot;,&quot;shutter_speed&quot;:&quot;0&quot;,&quot;title&quot;:&quot;&quot;}\" data-image-title=\"belgica once de gala\" data-image-description=\"\" data-image-caption=\"&lt;p&gt;Uno de los onces que puede presentar hoy el combinado belga&lt;br \/&gt;\nFoto: elfutbolesinjusto.com&lt;\/p&gt;\n\" data-large-file=\"https:\/\/i0.wp.com\/www.manquepierda.com\/futbolandia\/files\/2013\/09\/belgica-once-de-gala.jpg?fit=500%2C300&amp;ssl=1\" class=\" wp-image-2452 \" alt=\"Uno de los onces que puede presentar hoy el combinado belga Foto: elfutbolesinjusto.com\" src=\"https:\/\/i0.wp.com\/www.manquepierda.com\/futbolandia\/files\/2013\/09\/belgica-once-de-gala.jpg?resize=450%2C270\" width=\"450\" height=\"270\" srcset=\"https:\/\/i0.wp.com\/www.manquepierda.com\/futbolandia\/files\/2013\/09\/belgica-once-de-gala.jpg?w=500&amp;ssl=1 500w, https:\/\/i0.wp.com\/www.manquepierda.com\/futbolandia\/files\/2013\/09\/belgica-once-de-gala.jpg?resize=300%2C180&amp;ssl=1 300w\" sizes=\"auto, (max-width: 450px) 100vw, 450px\" \/><\/a><figcaption id=\"caption-attachment-2452\" class=\"wp-caption-text\">Uno de los onces que puede presentar hoy el combinado belga<br \/>Foto: elfutbolesinjusto.com<\/figcaption><\/figure>\n<p><strong>No es ning\u00fan secreto o sorpresa que B\u00e9lgica est\u00e1 experimentando un momento dulce pero, sobre todo, est\u00e1 sembrando en tierra f\u00e9rtil un futuro esperanzador.<\/strong> Se lleva augurando ya desde hace varios a\u00f1os, que el poder\u00edo futbol\u00edstico belga se encuentra en pleno crecimiento. Esto viene por algunos buenos resultados cosechados en categor\u00edas inferiores, que han tra\u00eddo la ilusi\u00f3n a la afici\u00f3n flamenca y que han despertado muchas esperanzas en esta hornada de jugadores que llegan y que deslumbran a Europa con su talento.\u00a0Y es que, aunque algunos de estos jugadores mantienen su f\u00fatbol en la liga dom\u00e9stica belga, la mayor\u00eda se encuentran desperdigados por Europa en m\u00faltiples ligas demostrando su val\u00eda y adquiriendo experiencia, form\u00e1ndose como jugadores para llevar a su pa\u00eds e incluso a su selecci\u00f3n nacional un paso m\u00e1s all\u00e1 en lo que al f\u00fatbol se refiere.<\/p>\n<p>Un paso m\u00e1s all\u00e1 del que estuvieron cerca en el Mundial de M\u00e9xico&#8217;86, cuando fueron apeados de la competici\u00f3n por Argentina en semifinales. Una Argentina que acabar\u00eda conquistando un Mundial marcado por aquel famoso gol de Maradona a los ingleses y por aquella p\u00edcara acci\u00f3n bautizada como \u00abla mano de Dios\u00bb. B\u00e9lgica se qued\u00f3 a una victoria de la final tras apear entre otras a Espa\u00f1a de la competici\u00f3n. Y no fue la \u00fanica vez en la que los <em>Diablos Rojos<\/em> se quedaron con la miel en los labios. Seis a\u00f1os antes, de nuevo con victoria a Espa\u00f1a mediante, B\u00e9lgica lleg\u00f3 a la final de la Eurocopa celebrada en Italia, pero cay\u00f3 sin remedio ante Alemania.<\/p>\n<p>Una selecci\u00f3n que el mayor \u00e9xito que conoce es la medalla de oro conseguida en los Juegos Ol\u00edmpicos de 1920. Pero <strong>cuando parec\u00eda que era imposible el resurgir de una generaci\u00f3n que hiciera renacer la esperanza y les permitiera so\u00f1ar con algo m\u00e1s, han aparecido en el panorama internacional una serie de jugadores que hoy por hoy forman parte de algunos de los grandes de Europa<\/strong> y que pondr\u00e1n su talento al servicio de su pa\u00eds en el pr\u00f3ximo Mundial de Brasil 2014.<\/p>\n<p><strong>Una generaci\u00f3n de gran talento liderada por el jovenc\u00edsimo Eden Hazard<\/strong> (22 a\u00f1os). El futbolista del Chelsea es pura magia, talento en estado puro y posee una calidad impresionante para desequilibrar al rival y librarse f\u00e1cilmente de los contrarios con un sorprendente cambio de ritmo. Con mucha personalidad en el campo, Hazard es capaz de decidir un partido en un par de arrancadas. Ya lo hizo en el Lille y ahora contin\u00faa maravillando a la Premier. Pero Eden no estar\u00e1 solo.<\/p>\n<p>En B\u00e9lgica llevan apareciendo j\u00f3venes talentos durante varios a\u00f1os y<strong> ahora, m\u00e1s maduros, con una mayor experiencia, ser\u00e1n m\u00e1s \u00fatiles a su selecci\u00f3n. Es el caso de Moussa Dembel\u00e9 (26) y Marouane Fellaini (25).<\/strong> El primero dej\u00f3 el Fulham para poner su zurda en la mediapunta del Tottenham. Este a\u00f1o tendr\u00e1 mucha m\u00e1s competencia en su club pero su calidad no es nada despreciable e incluso son\u00f3 para reforzar al Real Madrid, si bien le est\u00e1 costando mucho volver a encontrar la llegada a gol que si mostr\u00f3 en Holanda. Por otra parte el imponente Marouane Fellaini ha dejado el Everton para incorporarse a las filas del Manchester United en uno de los movimientos destacados del mercado. Un cambio arriesgado el a\u00f1o antes al Mundial, pero todo apunta a que ser\u00e1 importante para David Moyes.<\/p>\n<p>Todo esto, respaldado por zagueros con una amplia experiencia internacional que otorga seguridad a la zaga de los diablos rojos, aunque no todos ellos suelen acudir a la llamada nacional,<strong> con Vincent Kompany (27 | Manchester City), Thomas Vermaelen (27 | Arsenal), Jan Verthonghen (26 | Tottenham) o el prometedor nuevo fichaje del Atl\u00e9tico de Madrid Toby Alderweireld (24)<\/strong>. Jugadores con experiencia internacional, seguros, contundentes e imponentes f\u00edsicamente pues casi todos rozan el 1&#8217;90 de estatura.<\/p>\n<p>Adem\u00e1s no estar\u00e1n solos, pues cuentan con centrocampistas como Nacer Chadli (24 | Tottenham), Driess Mertens (26 | N\u00e1poles), Axel Witsel (24), por el que el Zenit pag\u00f3 una millonada al Benfica el a\u00f1o pasado o el r\u00e1pido delantero del Everton, Kevin Mirallas (25).<\/p>\n<figure id=\"attachment_2453\" aria-describedby=\"caption-attachment-2453\" style=\"width: 360px\" class=\"wp-caption alignright\"><a href=\"https:\/\/i0.wp.com\/www.manquepierda.com\/futbolandia\/files\/2013\/09\/belgica-hazard-benteke-fellaini.jpg\"><img data-recalc-dims=\"1\" loading=\"lazy\" decoding=\"async\" data-attachment-id=\"2453\" data-permalink=\"https:\/\/www.manquepierda.com\/futbolandia\/el-despertar-del-talento-belga\/belgica-hazard-benteke-fellaini\/\" data-orig-file=\"https:\/\/i0.wp.com\/www.manquepierda.com\/futbolandia\/files\/2013\/09\/belgica-hazard-benteke-fellaini.jpg?fit=600%2C800&amp;ssl=1\" data-orig-size=\"600,800\" data-comments-opened=\"1\" data-image-meta=\"{&quot;aperture&quot;:&quot;0&quot;,&quot;credit&quot;:&quot;&quot;,&quot;camera&quot;:&quot;&quot;,&quot;caption&quot;:&quot;&quot;,&quot;created_timestamp&quot;:&quot;0&quot;,&quot;copyright&quot;:&quot;&quot;,&quot;focal_length&quot;:&quot;0&quot;,&quot;iso&quot;:&quot;0&quot;,&quot;shutter_speed&quot;:&quot;0&quot;,&quot;title&quot;:&quot;&quot;}\" data-image-title=\"belgica hazard benteke fellaini\" data-image-description=\"\" data-image-caption=\"&lt;p&gt;Benteke, Hazard y Fellaini tres de las estrellas de esta selecci\u00f3n&lt;br \/&gt;\nFoto: soccersouls.com&lt;\/p&gt;\n\" data-large-file=\"https:\/\/i0.wp.com\/www.manquepierda.com\/futbolandia\/files\/2013\/09\/belgica-hazard-benteke-fellaini.jpg?fit=600%2C800&amp;ssl=1\" class=\" wp-image-2453 \" alt=\"Benteke, Hazard y Fellaini tres de las estrellas de esta selecci\u00f3n Foto: soccersouls.com\" src=\"https:\/\/i0.wp.com\/www.manquepierda.com\/futbolandia\/files\/2013\/09\/belgica-hazard-benteke-fellaini.jpg?resize=360%2C480\" width=\"360\" height=\"480\" srcset=\"https:\/\/i0.wp.com\/www.manquepierda.com\/futbolandia\/files\/2013\/09\/belgica-hazard-benteke-fellaini.jpg?w=600&amp;ssl=1 600w, https:\/\/i0.wp.com\/www.manquepierda.com\/futbolandia\/files\/2013\/09\/belgica-hazard-benteke-fellaini.jpg?resize=225%2C300&amp;ssl=1 225w\" sizes=\"auto, (max-width: 360px) 100vw, 360px\" \/><\/a><figcaption id=\"caption-attachment-2453\" class=\"wp-caption-text\">Benteke, Hazard y Fellaini tres de las estrellas de esta selecci\u00f3n<br \/>Foto: soccersouls.com<\/figcaption><\/figure>\n<p>Sin embargo, el potencial de B\u00e9lgica no reside solo en estos jugadores de equipos importantes y calidad contrastada. El talento que llega con la juventud a la selecci\u00f3n es infinito y la cantidad de jugadores Sub&#8217;23 que llegan y que incluso queman etapas velozmente para llegar a la selecci\u00f3n absoluta es abrumadora. B\u00e9lgica est\u00e1 en este momento l\u00edder en el Grupo A de clasificaci\u00f3n para el Mundial de Brasil, a tres puntos de Croacia y ganando todos sus enfrentamientos salvo un empate concedido precisamente ante los croatas. No podemos descartar que esta misma temporada y ante el ingente talento belga que emanan sus j\u00f3venes desde las ligas de media Europa, aparezcan algunas j\u00f3venes promesas que buscan tener cabida en la cita mundialista.<\/p>\n<p><strong>La pasada temporada ya apareci\u00f3 un gran Christian Benteke que se ha ganado el puesto en la delantera de la selecci\u00f3n.<\/strong> Sus n\u00fameros son espectaculares, con 19 goles en la Premier League y tres en tres partidos este a\u00f1o. Ha sido todo un logro para <em>los villanos<\/em> mantenerlo y no ha perdido un \u00e1pice de su olfato goleador de una temporada a otra. Y todo con solo 22 a\u00f1os.<\/p>\n<p><strong>Otro delantero que asegura goles y que igual que Benteke es todo un portento f\u00edsico es Romelu Lukaku (20)<\/strong>, que no se queda atr\u00e1s con sus cifras goleadoras. El a\u00f1o pasado sali\u00f3 cedido del Chelsea al West Bromwich y consigui\u00f3 anotar la friolera de 17 goles completando \u00fanicamente los noventa minutos en cinco partidos. Este a\u00f1o ha vuelto a salir cedido ante las pocas posibilidades de jugar con el equipo de Mourinho y ha llegado al Everton para gozar de minutos y no perderse el Mundial.<\/p>\n<p>El que si que se ha quedado en la disciplina <em>blue<\/em> es <strong>Kevin De Bruyne (22), que la temporada pasada estuvo cedido en la Bundesliga y dej\u00f3 grandes destellos de calidad<\/strong>, refrendado por su gran llegada desde la segunda l\u00ednea y diez goles para todos los gustos. Veremos si muestra su calidad en el Chelsea y cuenta con minutos ante la competencia de Mata para llegar en buena forma al Mundial.<\/p>\n<p>Y por supuesto <strong>no podemos obviar las temporadas que llega Thibaut Courtois en el Atl\u00e9tico de Madrid<\/strong>. Lleg\u00f3 ante la marcha de De Gea al Manchester cedido por el Chelsea y se hizo indiscutible en la meta rojiblanca. Su fabuloso estado de forma ha hecho que cancerberos como Sergio Asenjo o Joel tuvieran que marcharse para buscar minutos y todo hace presagiar que ser\u00e1 el guardameta belga en el campeonato del mundo de la FIFA. Su crecimiento es espectacular y sus condiciones, siempre sorprendentes.<\/p>\n<p><strong>Y la \u00faltima joya de la corona que ha llegado a la selecci\u00f3n, el futbolista joven que m\u00e1s est\u00e1 deslumbrando en las primeras jornadas de la Eredivisie, Zakaria Bakkali (17)<\/strong>. El talentoso atacante del PSV est\u00e1 destacando en el equipo de Eindhoven a pesar de su juventud y est\u00e1 volviendo loca a los zagueros de media Holanda con sus amagos y su fant\u00e1stico golpeo de bal\u00f3n. Tanto que en B\u00e9lgica ya lo ven como su nueva estrella y en el cuadro del Philips Stadion se frotan las manos con sus tres goles en las tres jornadas que se llevan disputadas.<\/p>\n<p>Pero si crees que el talento belga acaba aqu\u00ed, est\u00e1is muy equivocados. Desde abajo vienen pujando fuerte jugadores como <strong>Maxime Lestienne (21), que est\u00e1 enamorando en el Brujas con sus goles y asistencias<\/strong> ratificando las buenas sensaciones que dej\u00f3 la campa\u00f1a pasada, en la que consigui\u00f3 marcar m\u00e1s de 18 goles con la escuadra negriazul. De momento forma parte de la Sub&#8217;21 pero si sigue a ese nivel, qui\u00e9n sabe. <strong>Tambi\u00e9n podemos destacar a Jelle Vossen<\/strong>, que aunque no es tan joven como Lestienne -tiene 24 a\u00f1os-, lleva ya tres a\u00f1os superando la veintena de goles en B\u00e9lgica. Un delantero con un instinto siempre a tener en cuenta.<\/p>\n<p><strong>En el Standard de Liege se encuentran Imoh Ezekiel (19), que aunque es nigeriano tiene la intenci\u00f3n de jugar con la selecci\u00f3n belga, y Michy Batshuayi (19)<\/strong>. Dos delanteros con cualidades diferentes, la velocidad del primero y la imaginaci\u00f3n del segundo, pero que, aunque son quiz\u00e1s demasiado j\u00f3venes para ir al Mundial de Brasil, vienen demostrando mucha calidad y tienen l\u00edder al Standard. El a\u00f1o pasado alcanzaron entre los dos la treintena de goles y prometen mucho. Al igual que su compa\u00f1ero de equipo y compatriota <strong>M&#8217;Poku (21), un futbolista con un gran golpeo de bal\u00f3n, que se especializa por repartir asistencias desde ambas bandas pero que no descarta nunca la llegada a porter\u00eda<\/strong> y fruto de ello roz\u00f3 la campa\u00f1a anterior la decena de tantos.<\/p>\n<p>Y todo esto por no hablar de Ilombe Mboyo (26), del Genk, que consigui\u00f3 superar la veintena de goles en el Gent el a\u00f1o anterior. O Junior Malanda (19), medio defensivo del Zulte Waregem que enamor\u00f3 en la gran temporada de su equipo la pasada temporada. Y no podemos olvidarnos del talentoso Ferreira-Carrasco (20), uno de los j\u00f3venes valores del poderoso y millonario M\u00f3naco de Rainieri y Rybolovlev. En definitiva, una fuente inagotable de talento que ha destacado en categor\u00edas inferiores y que ahora pretende llevar el talento a la selecci\u00f3n absoluta. <strong>El talento belga a despertado y sus j\u00f3venes promesas deslumbran en Europa. \u00bfTendr\u00e1 este talento mayor premio que en el pasado? Saberlo es solo cuesti\u00f3n de tiempo.<\/strong><\/p>\n<p>[social type=\u00bbtwitter\u00bb opacity=\u00bbdark\u00bb]https:\/\/www.twitter.com\/jorgegonex[\/social]<\/p>\n","protected":false},"excerpt":{"rendered":"<p>No es ning\u00fan secreto o sorpresa que B\u00e9lgica est\u00e1 experimentando un momento dulce pero, sobre todo, est\u00e1 sembrando en tierra f\u00e9rtil un futuro esperanzador. Se lleva augurando ya desde hace varios a\u00f1os, que el poder\u00edo futbol\u00edstico belga se encuentra en pleno crecimiento. Esto viene por algunos buenos resultados cosechados en categor\u00edas inferiores, que han tra\u00eddo&#8230;<\/p>\n","protected":false},"author":93,"featured_media":2452,"comment_status":"open","ping_status":"open","sticky":false,"template":"","format":"standard","meta":{"_kad_post_transparent":"","_kad_post_title":"","_kad_post_layout":"","_kad_post_sidebar_id":"","_kad_post_content_style":"","_kad_post_vertical_padding":"","_kad_post_feature":"","_kad_post_feature_position":"","_kad_post_header":false,"_kad_post_footer":false,"_kad_post_classname":"","_jetpack_memberships_contains_paid_content":false,"footnotes":"","jetpack_publicize_message":"","jetpack_publicize_feature_enabled":true,"jetpack_social_post_already_shared":true,"jetpack_social_options":{"image_generator_settings":{"template":"highway","default_image_id":0,"font":"","enabled":false},"version":2}},"categories":[10,2015],"tags":[760,839,834,341,836,360,837,595,835,446,838,340,840,642,833],"class_list":["post-2449","post","type-post","status-publish","format-standard","has-post-thumbnail","hentry","category-portada","category-selecciones-combinados-nacionales","tag-bakkali","tag-batshuayi","tag-belga","tag-belgica","tag-benteke","tag-courtois","tag-de-bruyne","tag-ezekiel","tag-hazard","tag-jovenes","tag-lestienne","tag-lukaku","tag-mboyo","tag-promesas","tag-seleccion"],"yoast_head":"<!-- This site is optimized with the Yoast SEO plugin v27.5 - https:\/\/yoast.com\/product\/yoast-seo-wordpress\/ -->\n<title>El despertar del talento belga &#8211; Futbolandia<\/title>\n<meta name=\"robots\" content=\"index, follow, max-snippet:-1, max-image-preview:large, max-video-preview:-1\" \/>\n<link rel=\"canonical\" href=\"https:\/\/www.manquepierda.com\/futbolandia\/el-despertar-del-talento-belga\/\" \/>\n<meta property=\"og:locale\" content=\"es_ES\" \/>\n<meta property=\"og:type\" content=\"article\" \/>\n<meta property=\"og:title\" content=\"El despertar del talento belga &#8211; Futbolandia\" \/>\n<meta property=\"og:description\" content=\"No es ning\u00fan secreto o sorpresa que B\u00e9lgica est\u00e1 experimentando un momento dulce pero, sobre todo, est\u00e1 sembrando en tierra f\u00e9rtil un futuro esperanzador. Se lleva augurando ya desde hace varios a\u00f1os, que el poder\u00edo futbol\u00edstico belga se encuentra en pleno crecimiento. Esto viene por algunos buenos resultados cosechados en categor\u00edas inferiores, que han tra\u00eddo...\" \/>\n<meta property=\"og:url\" content=\"https:\/\/www.manquepierda.com\/futbolandia\/el-despertar-del-talento-belga\/\" \/>\n<meta property=\"og:site_name\" content=\"Futbolandia\" \/>\n<meta property=\"article:published_time\" content=\"2013-09-07T09:01:59+00:00\" \/>\n<meta property=\"article:modified_time\" content=\"2015-07-09T08:32:11+00:00\" \/>\n<meta property=\"og:image\" content=\"https:\/\/i1.wp.com\/www.manquepierda.com\/futbolandia\/files\/2013\/09\/belgica-once-de-gala.jpg?fit=500%2C300&ssl=1\" \/>\n\t<meta property=\"og:image:width\" content=\"500\" \/>\n\t<meta property=\"og:image:height\" content=\"300\" \/>\n\t<meta property=\"og:image:type\" content=\"image\/jpeg\" \/>\n<meta name=\"author\" content=\"Jorge M. Gonz\u00e1lez\" \/>\n<meta name=\"twitter:label1\" content=\"Escrito por\" \/>\n\t<meta name=\"twitter:data1\" content=\"Jorge M. Gonz\u00e1lez\" \/>\n\t<meta name=\"twitter:label2\" content=\"Tiempo de lectura\" \/>\n\t<meta name=\"twitter:data2\" content=\"8 minutos\" \/>\n<script type=\"application\/ld+json\" class=\"yoast-schema-graph\">{\"@context\":\"https:\\\/\\\/schema.org\",\"@graph\":[{\"@type\":\"Article\",\"@id\":\"https:\\\/\\\/www.manquepierda.com\\\/futbolandia\\\/el-despertar-del-talento-belga\\\/#article\",\"isPartOf\":{\"@id\":\"https:\\\/\\\/www.manquepierda.com\\\/futbolandia\\\/el-despertar-del-talento-belga\\\/\"},\"author\":{\"name\":\"Jorge M. Gonz\u00e1lez\",\"@id\":\"https:\\\/\\\/www.manquepierda.com\\\/futbolandia\\\/#\\\/schema\\\/person\\\/fdb4eabc3c2e0e717a790a4ce10cd2b3\"},\"headline\":\"El despertar del talento belga\",\"datePublished\":\"2013-09-07T09:01:59+00:00\",\"dateModified\":\"2015-07-09T08:32:11+00:00\",\"mainEntityOfPage\":{\"@id\":\"https:\\\/\\\/www.manquepierda.com\\\/futbolandia\\\/el-despertar-del-talento-belga\\\/\"},\"wordCount\":1695,\"commentCount\":0,\"image\":{\"@id\":\"https:\\\/\\\/www.manquepierda.com\\\/futbolandia\\\/el-despertar-del-talento-belga\\\/#primaryimage\"},\"thumbnailUrl\":\"https:\\\/\\\/i0.wp.com\\\/www.manquepierda.com\\\/futbolandia\\\/files\\\/2013\\\/09\\\/belgica-once-de-gala.jpg?fit=500%2C300&ssl=1\",\"keywords\":[\"bakkali\",\"batshuayi\",\"belga\",\"Belgica\",\"benteke\",\"courtois\",\"de bruyne\",\"ezekiel\",\"hazard\",\"Jovenes\",\"lestienne\",\"Lukaku\",\"Mboyo\",\"promesas\",\"seleccion\"],\"articleSection\":[\"Portada\",\"Selecciones y combinados nacionales\"],\"inLanguage\":\"es\",\"potentialAction\":[{\"@type\":\"CommentAction\",\"name\":\"Comment\",\"target\":[\"https:\\\/\\\/www.manquepierda.com\\\/futbolandia\\\/el-despertar-del-talento-belga\\\/#respond\"]}]},{\"@type\":\"WebPage\",\"@id\":\"https:\\\/\\\/www.manquepierda.com\\\/futbolandia\\\/el-despertar-del-talento-belga\\\/\",\"url\":\"https:\\\/\\\/www.manquepierda.com\\\/futbolandia\\\/el-despertar-del-talento-belga\\\/\",\"name\":\"El despertar del talento belga &#8211; Futbolandia\",\"isPartOf\":{\"@id\":\"https:\\\/\\\/www.manquepierda.com\\\/futbolandia\\\/#website\"},\"primaryImageOfPage\":{\"@id\":\"https:\\\/\\\/www.manquepierda.com\\\/futbolandia\\\/el-despertar-del-talento-belga\\\/#primaryimage\"},\"image\":{\"@id\":\"https:\\\/\\\/www.manquepierda.com\\\/futbolandia\\\/el-despertar-del-talento-belga\\\/#primaryimage\"},\"thumbnailUrl\":\"https:\\\/\\\/i0.wp.com\\\/www.manquepierda.com\\\/futbolandia\\\/files\\\/2013\\\/09\\\/belgica-once-de-gala.jpg?fit=500%2C300&ssl=1\",\"datePublished\":\"2013-09-07T09:01:59+00:00\",\"dateModified\":\"2015-07-09T08:32:11+00:00\",\"author\":{\"@id\":\"https:\\\/\\\/www.manquepierda.com\\\/futbolandia\\\/#\\\/schema\\\/person\\\/fdb4eabc3c2e0e717a790a4ce10cd2b3\"},\"breadcrumb\":{\"@id\":\"https:\\\/\\\/www.manquepierda.com\\\/futbolandia\\\/el-despertar-del-talento-belga\\\/#breadcrumb\"},\"inLanguage\":\"es\",\"potentialAction\":[{\"@type\":\"ReadAction\",\"target\":[\"https:\\\/\\\/www.manquepierda.com\\\/futbolandia\\\/el-despertar-del-talento-belga\\\/\"]}]},{\"@type\":\"ImageObject\",\"inLanguage\":\"es\",\"@id\":\"https:\\\/\\\/www.manquepierda.com\\\/futbolandia\\\/el-despertar-del-talento-belga\\\/#primaryimage\",\"url\":\"https:\\\/\\\/i0.wp.com\\\/www.manquepierda.com\\\/futbolandia\\\/files\\\/2013\\\/09\\\/belgica-once-de-gala.jpg?fit=500%2C300&ssl=1\",\"contentUrl\":\"https:\\\/\\\/i0.wp.com\\\/www.manquepierda.com\\\/futbolandia\\\/files\\\/2013\\\/09\\\/belgica-once-de-gala.jpg?fit=500%2C300&ssl=1\",\"width\":500,\"height\":300,\"caption\":\"Uno de los onces que puede presentar hoy el combinado belga Foto: elfutbolesinjusto.com\"},{\"@type\":\"BreadcrumbList\",\"@id\":\"https:\\\/\\\/www.manquepierda.com\\\/futbolandia\\\/el-despertar-del-talento-belga\\\/#breadcrumb\",\"itemListElement\":[{\"@type\":\"ListItem\",\"position\":1,\"name\":\"Portada\",\"item\":\"https:\\\/\\\/www.manquepierda.com\\\/futbolandia\\\/\"},{\"@type\":\"ListItem\",\"position\":2,\"name\":\"El despertar del talento belga\"}]},{\"@type\":\"WebSite\",\"@id\":\"https:\\\/\\\/www.manquepierda.com\\\/futbolandia\\\/#website\",\"url\":\"https:\\\/\\\/www.manquepierda.com\\\/futbolandia\\\/\",\"name\":\"Futbolandia\",\"description\":\"Reportajes e informaci\u00f3n sobre f\u00fatbol mundial y j\u00f3venes promesas\",\"potentialAction\":[{\"@type\":\"SearchAction\",\"target\":{\"@type\":\"EntryPoint\",\"urlTemplate\":\"https:\\\/\\\/www.manquepierda.com\\\/futbolandia\\\/?s={search_term_string}\"},\"query-input\":{\"@type\":\"PropertyValueSpecification\",\"valueRequired\":true,\"valueName\":\"search_term_string\"}}],\"inLanguage\":\"es\"},{\"@type\":\"Person\",\"@id\":\"https:\\\/\\\/www.manquepierda.com\\\/futbolandia\\\/#\\\/schema\\\/person\\\/fdb4eabc3c2e0e717a790a4ce10cd2b3\",\"name\":\"Jorge M. Gonz\u00e1lez\",\"image\":{\"@type\":\"ImageObject\",\"inLanguage\":\"es\",\"@id\":\"https:\\\/\\\/secure.gravatar.com\\\/avatar\\\/40fe62083e523c4134f75fb1d06ea73b4503d9162f3c6e89800e90f1bbd7f262?s=96&d=mm&r=g\",\"url\":\"https:\\\/\\\/secure.gravatar.com\\\/avatar\\\/40fe62083e523c4134f75fb1d06ea73b4503d9162f3c6e89800e90f1bbd7f262?s=96&d=mm&r=g\",\"contentUrl\":\"https:\\\/\\\/secure.gravatar.com\\\/avatar\\\/40fe62083e523c4134f75fb1d06ea73b4503d9162f3c6e89800e90f1bbd7f262?s=96&d=mm&r=g\",\"caption\":\"Jorge M. Gonz\u00e1lez\"},\"description\":\"Apasionado del f\u00fatbol internacional y Social Media Manager. Me gusta seguir ligas extranjeras y a las j\u00f3venes promesas de todo el mundo. S\u00edgueme en twitter para compartir afici\u00f3n: @jorgegonex\",\"sameAs\":[\"http:\\\/\\\/manquepierda.com\\\/\",\"https:\\\/\\\/x.com\\\/https:\\\/\\\/twitter.com\\\/jorgegonex\",\"https:\\\/\\\/www.youtube.com\\\/user\\\/FutbolandiaMQP\"],\"url\":\"https:\\\/\\\/www.manquepierda.com\\\/futbolandia\\\/author\\\/jorgegonzalez\\\/\"}]}<\/script>\n<!-- \/ Yoast SEO plugin. -->","yoast_head_json":{"title":"El despertar del talento belga &#8211; Futbolandia","robots":{"index":"index","follow":"follow","max-snippet":"max-snippet:-1","max-image-preview":"max-image-preview:large","max-video-preview":"max-video-preview:-1"},"canonical":"https:\/\/www.manquepierda.com\/futbolandia\/el-despertar-del-talento-belga\/","og_locale":"es_ES","og_type":"article","og_title":"El despertar del talento belga &#8211; Futbolandia","og_description":"No es ning\u00fan secreto o sorpresa que B\u00e9lgica est\u00e1 experimentando un momento dulce pero, sobre todo, est\u00e1 sembrando en tierra f\u00e9rtil un futuro esperanzador. Se lleva augurando ya desde hace varios a\u00f1os, que el poder\u00edo futbol\u00edstico belga se encuentra en pleno crecimiento. Esto viene por algunos buenos resultados cosechados en categor\u00edas inferiores, que han tra\u00eddo...","og_url":"https:\/\/www.manquepierda.com\/futbolandia\/el-despertar-del-talento-belga\/","og_site_name":"Futbolandia","article_published_time":"2013-09-07T09:01:59+00:00","article_modified_time":"2015-07-09T08:32:11+00:00","og_image":[{"width":500,"height":300,"url":"https:\/\/i1.wp.com\/www.manquepierda.com\/futbolandia\/files\/2013\/09\/belgica-once-de-gala.jpg?fit=500%2C300&ssl=1","type":"image\/jpeg"}],"author":"Jorge M. Gonz\u00e1lez","twitter_misc":{"Escrito por":"Jorge M. Gonz\u00e1lez","Tiempo de lectura":"8 minutos"},"schema":{"@context":"https:\/\/schema.org","@graph":[{"@type":"Article","@id":"https:\/\/www.manquepierda.com\/futbolandia\/el-despertar-del-talento-belga\/#article","isPartOf":{"@id":"https:\/\/www.manquepierda.com\/futbolandia\/el-despertar-del-talento-belga\/"},"author":{"name":"Jorge M. Gonz\u00e1lez","@id":"https:\/\/www.manquepierda.com\/futbolandia\/#\/schema\/person\/fdb4eabc3c2e0e717a790a4ce10cd2b3"},"headline":"El despertar del talento belga","datePublished":"2013-09-07T09:01:59+00:00","dateModified":"2015-07-09T08:32:11+00:00","mainEntityOfPage":{"@id":"https:\/\/www.manquepierda.com\/futbolandia\/el-despertar-del-talento-belga\/"},"wordCount":1695,"commentCount":0,"image":{"@id":"https:\/\/www.manquepierda.com\/futbolandia\/el-despertar-del-talento-belga\/#primaryimage"},"thumbnailUrl":"https:\/\/i0.wp.com\/www.manquepierda.com\/futbolandia\/files\/2013\/09\/belgica-once-de-gala.jpg?fit=500%2C300&ssl=1","keywords":["bakkali","batshuayi","belga","Belgica","benteke","courtois","de bruyne","ezekiel","hazard","Jovenes","lestienne","Lukaku","Mboyo","promesas","seleccion"],"articleSection":["Portada","Selecciones y combinados nacionales"],"inLanguage":"es","potentialAction":[{"@type":"CommentAction","name":"Comment","target":["https:\/\/www.manquepierda.com\/futbolandia\/el-despertar-del-talento-belga\/#respond"]}]},{"@type":"WebPage","@id":"https:\/\/www.manquepierda.com\/futbolandia\/el-despertar-del-talento-belga\/","url":"https:\/\/www.manquepierda.com\/futbolandia\/el-despertar-del-talento-belga\/","name":"El despertar del talento belga &#8211; Futbolandia","isPartOf":{"@id":"https:\/\/www.manquepierda.com\/futbolandia\/#website"},"primaryImageOfPage":{"@id":"https:\/\/www.manquepierda.com\/futbolandia\/el-despertar-del-talento-belga\/#primaryimage"},"image":{"@id":"https:\/\/www.manquepierda.com\/futbolandia\/el-despertar-del-talento-belga\/#primaryimage"},"thumbnailUrl":"https:\/\/i0.wp.com\/www.manquepierda.com\/futbolandia\/files\/2013\/09\/belgica-once-de-gala.jpg?fit=500%2C300&ssl=1","datePublished":"2013-09-07T09:01:59+00:00","dateModified":"2015-07-09T08:32:11+00:00","author":{"@id":"https:\/\/www.manquepierda.com\/futbolandia\/#\/schema\/person\/fdb4eabc3c2e0e717a790a4ce10cd2b3"},"breadcrumb":{"@id":"https:\/\/www.manquepierda.com\/futbolandia\/el-despertar-del-talento-belga\/#breadcrumb"},"inLanguage":"es","potentialAction":[{"@type":"ReadAction","target":["https:\/\/www.manquepierda.com\/futbolandia\/el-despertar-del-talento-belga\/"]}]},{"@type":"ImageObject","inLanguage":"es","@id":"https:\/\/www.manquepierda.com\/futbolandia\/el-despertar-del-talento-belga\/#primaryimage","url":"https:\/\/i0.wp.com\/www.manquepierda.com\/futbolandia\/files\/2013\/09\/belgica-once-de-gala.jpg?fit=500%2C300&ssl=1","contentUrl":"https:\/\/i0.wp.com\/www.manquepierda.com\/futbolandia\/files\/2013\/09\/belgica-once-de-gala.jpg?fit=500%2C300&ssl=1","width":500,"height":300,"caption":"Uno de los onces que puede presentar hoy el combinado belga Foto: elfutbolesinjusto.com"},{"@type":"BreadcrumbList","@id":"https:\/\/www.manquepierda.com\/futbolandia\/el-despertar-del-talento-belga\/#breadcrumb","itemListElement":[{"@type":"ListItem","position":1,"name":"Portada","item":"https:\/\/www.manquepierda.com\/futbolandia\/"},{"@type":"ListItem","position":2,"name":"El despertar del talento belga"}]},{"@type":"WebSite","@id":"https:\/\/www.manquepierda.com\/futbolandia\/#website","url":"https:\/\/www.manquepierda.com\/futbolandia\/","name":"Futbolandia","description":"Reportajes e informaci\u00f3n sobre f\u00fatbol mundial y j\u00f3venes promesas","potentialAction":[{"@type":"SearchAction","target":{"@type":"EntryPoint","urlTemplate":"https:\/\/www.manquepierda.com\/futbolandia\/?s={search_term_string}"},"query-input":{"@type":"PropertyValueSpecification","valueRequired":true,"valueName":"search_term_string"}}],"inLanguage":"es"},{"@type":"Person","@id":"https:\/\/www.manquepierda.com\/futbolandia\/#\/schema\/person\/fdb4eabc3c2e0e717a790a4ce10cd2b3","name":"Jorge M. Gonz\u00e1lez","image":{"@type":"ImageObject","inLanguage":"es","@id":"https:\/\/secure.gravatar.com\/avatar\/40fe62083e523c4134f75fb1d06ea73b4503d9162f3c6e89800e90f1bbd7f262?s=96&d=mm&r=g","url":"https:\/\/secure.gravatar.com\/avatar\/40fe62083e523c4134f75fb1d06ea73b4503d9162f3c6e89800e90f1bbd7f262?s=96&d=mm&r=g","contentUrl":"https:\/\/secure.gravatar.com\/avatar\/40fe62083e523c4134f75fb1d06ea73b4503d9162f3c6e89800e90f1bbd7f262?s=96&d=mm&r=g","caption":"Jorge M. Gonz\u00e1lez"},"description":"Apasionado del f\u00fatbol internacional y Social Media Manager. Me gusta seguir ligas extranjeras y a las j\u00f3venes promesas de todo el mundo. S\u00edgueme en twitter para compartir afici\u00f3n: @jorgegonex","sameAs":["http:\/\/manquepierda.com\/","https:\/\/x.com\/https:\/\/twitter.com\/jorgegonex","https:\/\/www.youtube.com\/user\/FutbolandiaMQP"],"url":"https:\/\/www.manquepierda.com\/futbolandia\/author\/jorgegonzalez\/"}]}},"jetpack_publicize_connections":[],"jetpack_featured_media_url":"https:\/\/i0.wp.com\/www.manquepierda.com\/futbolandia\/files\/2013\/09\/belgica-once-de-gala.jpg?fit=500%2C300&ssl=1","jetpack_shortlink":"https:\/\/wp.me\/p1THIg-Dv","jetpack_sharing_enabled":true,"_links":{"self":[{"href":"https:\/\/www.manquepierda.com\/futbolandia\/wp-json\/wp\/v2\/posts\/2449","targetHints":{"allow":["GET"]}}],"collection":[{"href":"https:\/\/www.manquepierda.com\/futbolandia\/wp-json\/wp\/v2\/posts"}],"about":[{"href":"https:\/\/www.manquepierda.com\/futbolandia\/wp-json\/wp\/v2\/types\/post"}],"author":[{"embeddable":true,"href":"https:\/\/www.manquepierda.com\/futbolandia\/wp-json\/wp\/v2\/users\/93"}],"replies":[{"embeddable":true,"href":"https:\/\/www.manquepierda.com\/futbolandia\/wp-json\/wp\/v2\/comments?post=2449"}],"version-history":[{"count":0,"href":"https:\/\/www.manquepierda.com\/futbolandia\/wp-json\/wp\/v2\/posts\/2449\/revisions"}],"wp:featuredmedia":[{"embeddable":true,"href":"https:\/\/www.manquepierda.com\/futbolandia\/wp-json\/wp\/v2\/media\/2452"}],"wp:attachment":[{"href":"https:\/\/www.manquepierda.com\/futbolandia\/wp-json\/wp\/v2\/media?parent=2449"}],"wp:term":[{"taxonomy":"category","embeddable":true,"href":"https:\/\/www.manquepierda.com\/futbolandia\/wp-json\/wp\/v2\/categories?post=2449"},{"taxonomy":"post_tag","embeddable":true,"href":"https:\/\/www.manquepierda.com\/futbolandia\/wp-json\/wp\/v2\/tags?post=2449"}],"curies":[{"name":"wp","href":"https:\/\/api.w.org\/{rel}","templated":true}]}}