{"id":2510,"date":"2013-09-17T13:29:04","date_gmt":"2013-09-17T11:29:04","guid":{"rendered":"http:\/\/www.manquepierda.com\/futbolandia\/?p=2510"},"modified":"2015-07-09T10:31:33","modified_gmt":"2015-07-09T08:31:33","slug":"seis-anos-sin-perder-en-el-debut","status":"publish","type":"post","link":"https:\/\/www.manquepierda.com\/futbolandia\/seis-anos-sin-perder-en-el-debut\/","title":{"rendered":"Seis a\u00f1os sin perder en el debut"},"content":{"rendered":"<figure id=\"attachment_2511\" aria-describedby=\"caption-attachment-2511\" style=\"width: 300px\" class=\"wp-caption alignleft\"><a href=\"https:\/\/i0.wp.com\/www.manquepierda.com\/futbolandia\/files\/2013\/09\/cristiano-ronaldo-656-second-goal-in-galatasaray-3-2-real-madrid-in-2013.jpg\"><img data-recalc-dims=\"1\" loading=\"lazy\" decoding=\"async\" data-attachment-id=\"2511\" data-permalink=\"https:\/\/www.manquepierda.com\/futbolandia\/seis-anos-sin-perder-en-el-debut\/cristiano-ronaldo-656-second-goal-in-galatasaray-3-2-real-madrid-in-2013\/\" data-orig-file=\"https:\/\/i0.wp.com\/www.manquepierda.com\/futbolandia\/files\/2013\/09\/cristiano-ronaldo-656-second-goal-in-galatasaray-3-2-real-madrid-in-2013.jpg?fit=490%2C314&amp;ssl=1\" data-orig-size=\"490,314\" data-comments-opened=\"1\" data-image-meta=\"{&quot;aperture&quot;:&quot;0&quot;,&quot;credit&quot;:&quot;&quot;,&quot;camera&quot;:&quot;&quot;,&quot;caption&quot;:&quot;&quot;,&quot;created_timestamp&quot;:&quot;0&quot;,&quot;copyright&quot;:&quot;&quot;,&quot;focal_length&quot;:&quot;0&quot;,&quot;iso&quot;:&quot;0&quot;,&quot;shutter_speed&quot;:&quot;0&quot;,&quot;title&quot;:&quot;&quot;}\" data-image-title=\"cristiano-ronaldo-656-second-goal-in-galatasaray-3-2-real-madrid-in-2013\" data-image-description=\"\" data-image-caption=\"&lt;p&gt;El Real Madrid cay\u00f3 en cuartos de final la temporada  pasada (UEFA.com)&lt;\/p&gt;\n\" data-large-file=\"https:\/\/i0.wp.com\/www.manquepierda.com\/futbolandia\/files\/2013\/09\/cristiano-ronaldo-656-second-goal-in-galatasaray-3-2-real-madrid-in-2013.jpg?fit=490%2C314&amp;ssl=1\" class=\"size-medium wp-image-2511\" alt=\"El Real Madrid cay\u00f3 en cuartos de final la temporada  pasada (UEFA.com)\" src=\"https:\/\/i0.wp.com\/www.manquepierda.com\/futbolandia\/files\/2013\/09\/cristiano-ronaldo-656-second-goal-in-galatasaray-3-2-real-madrid-in-2013.jpg?resize=300%2C192\" width=\"300\" height=\"192\" srcset=\"https:\/\/i0.wp.com\/www.manquepierda.com\/futbolandia\/files\/2013\/09\/cristiano-ronaldo-656-second-goal-in-galatasaray-3-2-real-madrid-in-2013.jpg?resize=300%2C192&amp;ssl=1 300w, https:\/\/i0.wp.com\/www.manquepierda.com\/futbolandia\/files\/2013\/09\/cristiano-ronaldo-656-second-goal-in-galatasaray-3-2-real-madrid-in-2013.jpg?resize=235%2C150&amp;ssl=1 235w, https:\/\/i0.wp.com\/www.manquepierda.com\/futbolandia\/files\/2013\/09\/cristiano-ronaldo-656-second-goal-in-galatasaray-3-2-real-madrid-in-2013.jpg?w=490&amp;ssl=1 490w\" sizes=\"auto, (max-width: 300px) 100vw, 300px\" \/><\/a><figcaption id=\"caption-attachment-2511\" class=\"wp-caption-text\">El Real Madrid cay\u00f3 en cuartos de final la temporada pasada (UEFA.com)<\/figcaption><\/figure>\n<p>Vuelve la Champions para el Real Madrid&#8230;y lo hace en Turqu\u00eda. En el Ali Sami Yen, estadio que el conjunto blanco conoce bien,\u00a0 perdi\u00f3 el equipo por aquel entonces dirigido por Jos\u00e9 Mourinho 3-2 en los cuartos de final de la edici\u00f3n anterior de la m\u00e1xima competici\u00f3n europea. Fue el 9 de abril y el amplio resultado de la ida (3-0) supuso un colch\u00f3n (de uso inesperado) en caso de que los de Fatih Terim consiguieran anotar en tres ocasiones, como as\u00ed sucedi\u00f3.<\/p>\n<p>Ya no est\u00e1 el luso, ni Mesut \u00d6zil. Tampoco est\u00e1 Higua\u00edn, ni Callej\u00f3n. Pero est\u00e1 Carlo Ancelotti. Y Bale, Isco, Illarramendi. Y el mejor Diego L\u00f3pez, aunque en la Champions jugar\u00e1 Casillas (en otro tiempo no ser\u00eda noticia).<\/p>\n<p>El equipo es bueno, pero las estad\u00edsticas son mejores. El Real Madrid no cae en el primer partido de la fase de grupos de la Champions desde hace 6 a\u00f1os. Fue en Gerland ante la bestia negra: el Olympique de Lyon. En aquella ocasi\u00f3n el entrenador merengue era Capello. Y los pilares Ra\u00fal, Van Nistelrooy&#8230;y Casillas. Diego L\u00f3pez, qu\u00e9 casualidad, estaba en el banquillo. Seis partidos. Seis <i>debuts <\/i>en Champions con victoria: cuatro en casa y dos fuera.<\/p>\n<p>\u00bb<i>Ma\u00f1ana ser\u00e1 un buen test\u00bb<\/i>, dijo <i>Carletto <\/i>en la previa del partido. No es para menos. El estadio estambulita puede ser el lugar de Europa donde el Real Madrid va a encontrar m\u00e1s hostilidad a d\u00eda de hoy. Adem\u00e1s, Terim tiene como pupilos a Altintop, Bruma, Inan, Drogba, Yilmaz, Sneijder&#8230; Un equipo pensado para arrasar en Turqu\u00eda y hacerse un hueco entre los grandes de Europa.<\/p>\n<p>Habr\u00e1 lleno en el Ali Sami Yen de cara a uno de los grandes partidos de la primera jornada en la fase de grupos: 52.652 voces alentando al conjunto de Fatih Terim, que es, a su vez, seleccionador turco.<\/p>\n<p>El equipo local llega al debut en Champions habiendo ganado, para sorpresa de media Europa, un partido de los cuatro que ya ha jugado. Tiene 6 puntos (1 victoria y 3 empates) y ya ve como uno de sus vecinos, el Besiktas, le dobla en puntaje. En casa venci\u00f3 en la primera jornada al Gaziantepspor (colista) y en la cuarta jornada empat\u00f3 sin goles ante el Antalyaspor. Como curiosidad, el Galatasaray se enfrentar\u00e1 al actual l\u00edder de la S\u00fcper Lig el pr\u00f3ximo fin de semana, por lo que estos cinco d\u00edas son vitales de cara a las aspiraciones el actual campe\u00f3n otomano.<\/p>\n<p>En el Real Madrid, a pesar de haber vencido en tres de los cuatro partidos, las sensaciones no son del todo positivas. En la \u00faltima jornada no supo conservar la remontada ante el Villarreal y acab\u00f3 cediendo un empate en El Madrigal. Diego L\u00f3pez, suplente en Turqu\u00eda, fue el mejor de los blancos, que se vieron superados en n\u00famero de ocasiones.<\/p>\n<p><strong>La Real sonr\u00ede 10 a\u00f1os despu\u00e9s<\/strong><\/p>\n<p>Una d\u00e9cada acumulaba el club donostiarra sin escuchar el himno de la m\u00e1xima competici\u00f3n europea. Ma\u00f1ana volver\u00e1 a sonar en Anoeta tras superar, c\u00f3modamente, la eliminatoria ante el Olympique de Lyon. Enfrente estar\u00e1 el Shakhtar Donetsk de Mircea Lucescu, que en nueve jornadas acumula 19 puntos y marcha sexto. Es un equipo muy diferente al comandado por Willian, Mkhitaryan y Fernandinho. Aun as\u00ed, el bloque formado por H\u00fcbschman, Alex Teixeira y Rakitskiy siempre es peligroso. Sobre todo tras el fichaje de Bernard, joven brasile\u00f1o de 21 a\u00f1os procedente de Atl\u00e9tico Mineiro y que brill\u00f3 en la Copa Confederaciones.<\/p>\n","protected":false},"excerpt":{"rendered":"<p>Vuelve la Champions para el Real Madrid&#8230;y lo hace en Turqu\u00eda. En el Ali Sami Yen, estadio que el conjunto blanco conoce bien,\u00a0 perdi\u00f3 el equipo por aquel entonces dirigido por Jos\u00e9 Mourinho 3-2 en los cuartos de final de la edici\u00f3n anterior de la m\u00e1xima competici\u00f3n europea. Fue el 9 de abril y el&#8230;<\/p>\n","protected":false},"author":101,"featured_media":2511,"comment_status":"open","ping_status":"open","sticky":false,"template":"","format":"standard","meta":{"_kad_post_transparent":"","_kad_post_title":"","_kad_post_layout":"","_kad_post_sidebar_id":"","_kad_post_content_style":"","_kad_post_vertical_padding":"","_kad_post_feature":"","_kad_post_feature_position":"","_kad_post_header":false,"_kad_post_footer":false,"_kad_post_classname":"","_jetpack_memberships_contains_paid_content":false,"footnotes":"","jetpack_publicize_message":"","jetpack_publicize_feature_enabled":true,"jetpack_social_post_already_shared":true,"jetpack_social_options":{"image_generator_settings":{"template":"highway","default_image_id":0,"font":"","enabled":false},"version":2}},"categories":[1394,10],"tags":[398,871,24,79],"class_list":["post-2510","post","type-post","status-publish","format-standard","has-post-thumbnail","hentry","category-champions-league-2014-2015","category-portada","tag-champions","tag-galatasaray","tag-real-madrid","tag-real-sociedad"],"yoast_head":"<!-- This site is optimized with the Yoast SEO plugin v27.5 - https:\/\/yoast.com\/product\/yoast-seo-wordpress\/ -->\n<title>Seis a\u00f1os sin perder en el debut &#8211; Futbolandia<\/title>\n<meta name=\"robots\" content=\"index, follow, max-snippet:-1, max-image-preview:large, max-video-preview:-1\" \/>\n<link rel=\"canonical\" href=\"https:\/\/www.manquepierda.com\/futbolandia\/seis-anos-sin-perder-en-el-debut\/\" \/>\n<meta property=\"og:locale\" content=\"es_ES\" \/>\n<meta property=\"og:type\" content=\"article\" \/>\n<meta property=\"og:title\" content=\"Seis a\u00f1os sin perder en el debut &#8211; Futbolandia\" \/>\n<meta property=\"og:description\" content=\"Vuelve la Champions para el Real Madrid&#8230;y lo hace en Turqu\u00eda. En el Ali Sami Yen, estadio que el conjunto blanco conoce bien,\u00a0 perdi\u00f3 el equipo por aquel entonces dirigido por Jos\u00e9 Mourinho 3-2 en los cuartos de final de la edici\u00f3n anterior de la m\u00e1xima competici\u00f3n europea. Fue el 9 de abril y el...\" \/>\n<meta property=\"og:url\" content=\"https:\/\/www.manquepierda.com\/futbolandia\/seis-anos-sin-perder-en-el-debut\/\" \/>\n<meta property=\"og:site_name\" content=\"Futbolandia\" \/>\n<meta property=\"article:published_time\" content=\"2013-09-17T11:29:04+00:00\" \/>\n<meta property=\"article:modified_time\" content=\"2015-07-09T08:31:33+00:00\" \/>\n<meta property=\"og:image\" content=\"https:\/\/i0.wp.com\/www.manquepierda.com\/futbolandia\/files\/2013\/09\/cristiano-ronaldo-656-second-goal-in-galatasaray-3-2-real-madrid-in-2013.jpg?fit=490%2C314&ssl=1\" \/>\n\t<meta property=\"og:image:width\" content=\"490\" \/>\n\t<meta property=\"og:image:height\" content=\"314\" \/>\n\t<meta property=\"og:image:type\" content=\"image\/jpeg\" \/>\n<meta name=\"author\" content=\"Jes\u00fas Navarro Mayone\" \/>\n<meta name=\"twitter:label1\" content=\"Escrito por\" \/>\n\t<meta name=\"twitter:data1\" content=\"Jes\u00fas Navarro Mayone\" \/>\n\t<meta name=\"twitter:label2\" content=\"Tiempo de lectura\" \/>\n\t<meta name=\"twitter:data2\" content=\"3 minutos\" \/>\n<script type=\"application\/ld+json\" class=\"yoast-schema-graph\">{\"@context\":\"https:\\\/\\\/schema.org\",\"@graph\":[{\"@type\":\"Article\",\"@id\":\"https:\\\/\\\/www.manquepierda.com\\\/futbolandia\\\/seis-anos-sin-perder-en-el-debut\\\/#article\",\"isPartOf\":{\"@id\":\"https:\\\/\\\/www.manquepierda.com\\\/futbolandia\\\/seis-anos-sin-perder-en-el-debut\\\/\"},\"author\":{\"name\":\"Jes\u00fas Navarro Mayone\",\"@id\":\"https:\\\/\\\/www.manquepierda.com\\\/futbolandia\\\/#\\\/schema\\\/person\\\/7510ca26e398816c7d1853015c168c9a\"},\"headline\":\"Seis a\u00f1os sin perder en el debut\",\"datePublished\":\"2013-09-17T11:29:04+00:00\",\"dateModified\":\"2015-07-09T08:31:33+00:00\",\"mainEntityOfPage\":{\"@id\":\"https:\\\/\\\/www.manquepierda.com\\\/futbolandia\\\/seis-anos-sin-perder-en-el-debut\\\/\"},\"wordCount\":631,\"commentCount\":0,\"image\":{\"@id\":\"https:\\\/\\\/www.manquepierda.com\\\/futbolandia\\\/seis-anos-sin-perder-en-el-debut\\\/#primaryimage\"},\"thumbnailUrl\":\"https:\\\/\\\/i0.wp.com\\\/www.manquepierda.com\\\/futbolandia\\\/files\\\/2013\\\/09\\\/cristiano-ronaldo-656-second-goal-in-galatasaray-3-2-real-madrid-in-2013.jpg?fit=490%2C314&ssl=1\",\"keywords\":[\"Champions\",\"Galatasaray\",\"Real Madrid\",\"real sociedad\"],\"articleSection\":[\"Champions League 2014\\\/15\",\"Portada\"],\"inLanguage\":\"es\",\"potentialAction\":[{\"@type\":\"CommentAction\",\"name\":\"Comment\",\"target\":[\"https:\\\/\\\/www.manquepierda.com\\\/futbolandia\\\/seis-anos-sin-perder-en-el-debut\\\/#respond\"]}]},{\"@type\":\"WebPage\",\"@id\":\"https:\\\/\\\/www.manquepierda.com\\\/futbolandia\\\/seis-anos-sin-perder-en-el-debut\\\/\",\"url\":\"https:\\\/\\\/www.manquepierda.com\\\/futbolandia\\\/seis-anos-sin-perder-en-el-debut\\\/\",\"name\":\"Seis a\u00f1os sin perder en el debut &#8211; Futbolandia\",\"isPartOf\":{\"@id\":\"https:\\\/\\\/www.manquepierda.com\\\/futbolandia\\\/#website\"},\"primaryImageOfPage\":{\"@id\":\"https:\\\/\\\/www.manquepierda.com\\\/futbolandia\\\/seis-anos-sin-perder-en-el-debut\\\/#primaryimage\"},\"image\":{\"@id\":\"https:\\\/\\\/www.manquepierda.com\\\/futbolandia\\\/seis-anos-sin-perder-en-el-debut\\\/#primaryimage\"},\"thumbnailUrl\":\"https:\\\/\\\/i0.wp.com\\\/www.manquepierda.com\\\/futbolandia\\\/files\\\/2013\\\/09\\\/cristiano-ronaldo-656-second-goal-in-galatasaray-3-2-real-madrid-in-2013.jpg?fit=490%2C314&ssl=1\",\"datePublished\":\"2013-09-17T11:29:04+00:00\",\"dateModified\":\"2015-07-09T08:31:33+00:00\",\"author\":{\"@id\":\"https:\\\/\\\/www.manquepierda.com\\\/futbolandia\\\/#\\\/schema\\\/person\\\/7510ca26e398816c7d1853015c168c9a\"},\"breadcrumb\":{\"@id\":\"https:\\\/\\\/www.manquepierda.com\\\/futbolandia\\\/seis-anos-sin-perder-en-el-debut\\\/#breadcrumb\"},\"inLanguage\":\"es\",\"potentialAction\":[{\"@type\":\"ReadAction\",\"target\":[\"https:\\\/\\\/www.manquepierda.com\\\/futbolandia\\\/seis-anos-sin-perder-en-el-debut\\\/\"]}]},{\"@type\":\"ImageObject\",\"inLanguage\":\"es\",\"@id\":\"https:\\\/\\\/www.manquepierda.com\\\/futbolandia\\\/seis-anos-sin-perder-en-el-debut\\\/#primaryimage\",\"url\":\"https:\\\/\\\/i0.wp.com\\\/www.manquepierda.com\\\/futbolandia\\\/files\\\/2013\\\/09\\\/cristiano-ronaldo-656-second-goal-in-galatasaray-3-2-real-madrid-in-2013.jpg?fit=490%2C314&ssl=1\",\"contentUrl\":\"https:\\\/\\\/i0.wp.com\\\/www.manquepierda.com\\\/futbolandia\\\/files\\\/2013\\\/09\\\/cristiano-ronaldo-656-second-goal-in-galatasaray-3-2-real-madrid-in-2013.jpg?fit=490%2C314&ssl=1\",\"width\":490,\"height\":314,\"caption\":\"El Real Madrid cay\u00f3 en cuartos de final la temporada pasada (UEFA.com)\"},{\"@type\":\"BreadcrumbList\",\"@id\":\"https:\\\/\\\/www.manquepierda.com\\\/futbolandia\\\/seis-anos-sin-perder-en-el-debut\\\/#breadcrumb\",\"itemListElement\":[{\"@type\":\"ListItem\",\"position\":1,\"name\":\"Portada\",\"item\":\"https:\\\/\\\/www.manquepierda.com\\\/futbolandia\\\/\"},{\"@type\":\"ListItem\",\"position\":2,\"name\":\"Seis a\u00f1os sin perder en el debut\"}]},{\"@type\":\"WebSite\",\"@id\":\"https:\\\/\\\/www.manquepierda.com\\\/futbolandia\\\/#website\",\"url\":\"https:\\\/\\\/www.manquepierda.com\\\/futbolandia\\\/\",\"name\":\"Futbolandia\",\"description\":\"Reportajes e informaci\u00f3n sobre f\u00fatbol mundial y j\u00f3venes promesas\",\"potentialAction\":[{\"@type\":\"SearchAction\",\"target\":{\"@type\":\"EntryPoint\",\"urlTemplate\":\"https:\\\/\\\/www.manquepierda.com\\\/futbolandia\\\/?s={search_term_string}\"},\"query-input\":{\"@type\":\"PropertyValueSpecification\",\"valueRequired\":true,\"valueName\":\"search_term_string\"}}],\"inLanguage\":\"es\"},{\"@type\":\"Person\",\"@id\":\"https:\\\/\\\/www.manquepierda.com\\\/futbolandia\\\/#\\\/schema\\\/person\\\/7510ca26e398816c7d1853015c168c9a\",\"name\":\"Jes\u00fas Navarro Mayone\",\"image\":{\"@type\":\"ImageObject\",\"inLanguage\":\"es\",\"@id\":\"https:\\\/\\\/secure.gravatar.com\\\/avatar\\\/1708b900c76cc7d38e7c29a416e482a7727846442c1adb21713059b50a33f63b?s=96&d=mm&r=g\",\"url\":\"https:\\\/\\\/secure.gravatar.com\\\/avatar\\\/1708b900c76cc7d38e7c29a416e482a7727846442c1adb21713059b50a33f63b?s=96&d=mm&r=g\",\"contentUrl\":\"https:\\\/\\\/secure.gravatar.com\\\/avatar\\\/1708b900c76cc7d38e7c29a416e482a7727846442c1adb21713059b50a33f63b?s=96&d=mm&r=g\",\"caption\":\"Jes\u00fas Navarro Mayone\"},\"description\":\"Crec\u00ed viendo a Inzaghi hacer goles. A Nesta cortando balones y a Mak\u00e9l\u00e9l\u00e9 barrer jugadas. A Caf\u00fa subiendo la banda y a Palermo rematando. Ahora intento escribir todo eso. Tambi\u00e9n en Twitter: @JesusNavarroM.\",\"url\":\"https:\\\/\\\/www.manquepierda.com\\\/futbolandia\\\/author\\\/jesusnavarro\\\/\"}]}<\/script>\n<!-- \/ Yoast SEO plugin. -->","yoast_head_json":{"title":"Seis a\u00f1os sin perder en el debut &#8211; Futbolandia","robots":{"index":"index","follow":"follow","max-snippet":"max-snippet:-1","max-image-preview":"max-image-preview:large","max-video-preview":"max-video-preview:-1"},"canonical":"https:\/\/www.manquepierda.com\/futbolandia\/seis-anos-sin-perder-en-el-debut\/","og_locale":"es_ES","og_type":"article","og_title":"Seis a\u00f1os sin perder en el debut &#8211; Futbolandia","og_description":"Vuelve la Champions para el Real Madrid&#8230;y lo hace en Turqu\u00eda. En el Ali Sami Yen, estadio que el conjunto blanco conoce bien,\u00a0 perdi\u00f3 el equipo por aquel entonces dirigido por Jos\u00e9 Mourinho 3-2 en los cuartos de final de la edici\u00f3n anterior de la m\u00e1xima competici\u00f3n europea. Fue el 9 de abril y el...","og_url":"https:\/\/www.manquepierda.com\/futbolandia\/seis-anos-sin-perder-en-el-debut\/","og_site_name":"Futbolandia","article_published_time":"2013-09-17T11:29:04+00:00","article_modified_time":"2015-07-09T08:31:33+00:00","og_image":[{"width":490,"height":314,"url":"https:\/\/i0.wp.com\/www.manquepierda.com\/futbolandia\/files\/2013\/09\/cristiano-ronaldo-656-second-goal-in-galatasaray-3-2-real-madrid-in-2013.jpg?fit=490%2C314&ssl=1","type":"image\/jpeg"}],"author":"Jes\u00fas Navarro Mayone","twitter_misc":{"Escrito por":"Jes\u00fas Navarro Mayone","Tiempo de lectura":"3 minutos"},"schema":{"@context":"https:\/\/schema.org","@graph":[{"@type":"Article","@id":"https:\/\/www.manquepierda.com\/futbolandia\/seis-anos-sin-perder-en-el-debut\/#article","isPartOf":{"@id":"https:\/\/www.manquepierda.com\/futbolandia\/seis-anos-sin-perder-en-el-debut\/"},"author":{"name":"Jes\u00fas Navarro Mayone","@id":"https:\/\/www.manquepierda.com\/futbolandia\/#\/schema\/person\/7510ca26e398816c7d1853015c168c9a"},"headline":"Seis a\u00f1os sin perder en el debut","datePublished":"2013-09-17T11:29:04+00:00","dateModified":"2015-07-09T08:31:33+00:00","mainEntityOfPage":{"@id":"https:\/\/www.manquepierda.com\/futbolandia\/seis-anos-sin-perder-en-el-debut\/"},"wordCount":631,"commentCount":0,"image":{"@id":"https:\/\/www.manquepierda.com\/futbolandia\/seis-anos-sin-perder-en-el-debut\/#primaryimage"},"thumbnailUrl":"https:\/\/i0.wp.com\/www.manquepierda.com\/futbolandia\/files\/2013\/09\/cristiano-ronaldo-656-second-goal-in-galatasaray-3-2-real-madrid-in-2013.jpg?fit=490%2C314&ssl=1","keywords":["Champions","Galatasaray","Real Madrid","real sociedad"],"articleSection":["Champions League 2014\/15","Portada"],"inLanguage":"es","potentialAction":[{"@type":"CommentAction","name":"Comment","target":["https:\/\/www.manquepierda.com\/futbolandia\/seis-anos-sin-perder-en-el-debut\/#respond"]}]},{"@type":"WebPage","@id":"https:\/\/www.manquepierda.com\/futbolandia\/seis-anos-sin-perder-en-el-debut\/","url":"https:\/\/www.manquepierda.com\/futbolandia\/seis-anos-sin-perder-en-el-debut\/","name":"Seis a\u00f1os sin perder en el debut &#8211; Futbolandia","isPartOf":{"@id":"https:\/\/www.manquepierda.com\/futbolandia\/#website"},"primaryImageOfPage":{"@id":"https:\/\/www.manquepierda.com\/futbolandia\/seis-anos-sin-perder-en-el-debut\/#primaryimage"},"image":{"@id":"https:\/\/www.manquepierda.com\/futbolandia\/seis-anos-sin-perder-en-el-debut\/#primaryimage"},"thumbnailUrl":"https:\/\/i0.wp.com\/www.manquepierda.com\/futbolandia\/files\/2013\/09\/cristiano-ronaldo-656-second-goal-in-galatasaray-3-2-real-madrid-in-2013.jpg?fit=490%2C314&ssl=1","datePublished":"2013-09-17T11:29:04+00:00","dateModified":"2015-07-09T08:31:33+00:00","author":{"@id":"https:\/\/www.manquepierda.com\/futbolandia\/#\/schema\/person\/7510ca26e398816c7d1853015c168c9a"},"breadcrumb":{"@id":"https:\/\/www.manquepierda.com\/futbolandia\/seis-anos-sin-perder-en-el-debut\/#breadcrumb"},"inLanguage":"es","potentialAction":[{"@type":"ReadAction","target":["https:\/\/www.manquepierda.com\/futbolandia\/seis-anos-sin-perder-en-el-debut\/"]}]},{"@type":"ImageObject","inLanguage":"es","@id":"https:\/\/www.manquepierda.com\/futbolandia\/seis-anos-sin-perder-en-el-debut\/#primaryimage","url":"https:\/\/i0.wp.com\/www.manquepierda.com\/futbolandia\/files\/2013\/09\/cristiano-ronaldo-656-second-goal-in-galatasaray-3-2-real-madrid-in-2013.jpg?fit=490%2C314&ssl=1","contentUrl":"https:\/\/i0.wp.com\/www.manquepierda.com\/futbolandia\/files\/2013\/09\/cristiano-ronaldo-656-second-goal-in-galatasaray-3-2-real-madrid-in-2013.jpg?fit=490%2C314&ssl=1","width":490,"height":314,"caption":"El Real Madrid cay\u00f3 en cuartos de final la temporada pasada (UEFA.com)"},{"@type":"BreadcrumbList","@id":"https:\/\/www.manquepierda.com\/futbolandia\/seis-anos-sin-perder-en-el-debut\/#breadcrumb","itemListElement":[{"@type":"ListItem","position":1,"name":"Portada","item":"https:\/\/www.manquepierda.com\/futbolandia\/"},{"@type":"ListItem","position":2,"name":"Seis a\u00f1os sin perder en el debut"}]},{"@type":"WebSite","@id":"https:\/\/www.manquepierda.com\/futbolandia\/#website","url":"https:\/\/www.manquepierda.com\/futbolandia\/","name":"Futbolandia","description":"Reportajes e informaci\u00f3n sobre f\u00fatbol mundial y j\u00f3venes promesas","potentialAction":[{"@type":"SearchAction","target":{"@type":"EntryPoint","urlTemplate":"https:\/\/www.manquepierda.com\/futbolandia\/?s={search_term_string}"},"query-input":{"@type":"PropertyValueSpecification","valueRequired":true,"valueName":"search_term_string"}}],"inLanguage":"es"},{"@type":"Person","@id":"https:\/\/www.manquepierda.com\/futbolandia\/#\/schema\/person\/7510ca26e398816c7d1853015c168c9a","name":"Jes\u00fas Navarro Mayone","image":{"@type":"ImageObject","inLanguage":"es","@id":"https:\/\/secure.gravatar.com\/avatar\/1708b900c76cc7d38e7c29a416e482a7727846442c1adb21713059b50a33f63b?s=96&d=mm&r=g","url":"https:\/\/secure.gravatar.com\/avatar\/1708b900c76cc7d38e7c29a416e482a7727846442c1adb21713059b50a33f63b?s=96&d=mm&r=g","contentUrl":"https:\/\/secure.gravatar.com\/avatar\/1708b900c76cc7d38e7c29a416e482a7727846442c1adb21713059b50a33f63b?s=96&d=mm&r=g","caption":"Jes\u00fas Navarro Mayone"},"description":"Crec\u00ed viendo a Inzaghi hacer goles. A Nesta cortando balones y a Mak\u00e9l\u00e9l\u00e9 barrer jugadas. A Caf\u00fa subiendo la banda y a Palermo rematando. Ahora intento escribir todo eso. Tambi\u00e9n en Twitter: @JesusNavarroM.","url":"https:\/\/www.manquepierda.com\/futbolandia\/author\/jesusnavarro\/"}]}},"jetpack_publicize_connections":[],"jetpack_featured_media_url":"https:\/\/i0.wp.com\/www.manquepierda.com\/futbolandia\/files\/2013\/09\/cristiano-ronaldo-656-second-goal-in-galatasaray-3-2-real-madrid-in-2013.jpg?fit=490%2C314&ssl=1","jetpack_shortlink":"https:\/\/wp.me\/p1THIg-Eu","jetpack_sharing_enabled":true,"_links":{"self":[{"href":"https:\/\/www.manquepierda.com\/futbolandia\/wp-json\/wp\/v2\/posts\/2510","targetHints":{"allow":["GET"]}}],"collection":[{"href":"https:\/\/www.manquepierda.com\/futbolandia\/wp-json\/wp\/v2\/posts"}],"about":[{"href":"https:\/\/www.manquepierda.com\/futbolandia\/wp-json\/wp\/v2\/types\/post"}],"author":[{"embeddable":true,"href":"https:\/\/www.manquepierda.com\/futbolandia\/wp-json\/wp\/v2\/users\/101"}],"replies":[{"embeddable":true,"href":"https:\/\/www.manquepierda.com\/futbolandia\/wp-json\/wp\/v2\/comments?post=2510"}],"version-history":[{"count":0,"href":"https:\/\/www.manquepierda.com\/futbolandia\/wp-json\/wp\/v2\/posts\/2510\/revisions"}],"wp:featuredmedia":[{"embeddable":true,"href":"https:\/\/www.manquepierda.com\/futbolandia\/wp-json\/wp\/v2\/media\/2511"}],"wp:attachment":[{"href":"https:\/\/www.manquepierda.com\/futbolandia\/wp-json\/wp\/v2\/media?parent=2510"}],"wp:term":[{"taxonomy":"category","embeddable":true,"href":"https:\/\/www.manquepierda.com\/futbolandia\/wp-json\/wp\/v2\/categories?post=2510"},{"taxonomy":"post_tag","embeddable":true,"href":"https:\/\/www.manquepierda.com\/futbolandia\/wp-json\/wp\/v2\/tags?post=2510"}],"curies":[{"name":"wp","href":"https:\/\/api.w.org\/{rel}","templated":true}]}}