{"id":2515,"date":"2013-09-19T09:00:50","date_gmt":"2013-09-19T07:00:50","guid":{"rendered":"http:\/\/www.manquepierda.com\/futbolandia\/?p=2515"},"modified":"2015-07-09T10:31:14","modified_gmt":"2015-07-09T08:31:14","slug":"pec-zwolle-el-inicio-sonado","status":"publish","type":"post","link":"https:\/\/www.manquepierda.com\/futbolandia\/pec-zwolle-el-inicio-sonado\/","title":{"rendered":"PEC Zwolle, el inicio so\u00f1ado"},"content":{"rendered":"<figure id=\"attachment_2516\" aria-describedby=\"caption-attachment-2516\" style=\"width: 384px\" class=\"wp-caption alignleft\"><a href=\"https:\/\/i0.wp.com\/www.manquepierda.com\/futbolandia\/files\/2013\/09\/PEC-Zwolle.jpg\"><img data-recalc-dims=\"1\" loading=\"lazy\" decoding=\"async\" data-attachment-id=\"2516\" data-permalink=\"https:\/\/www.manquepierda.com\/futbolandia\/pec-zwolle-el-inicio-sonado\/pec-zwolle\/\" data-orig-file=\"https:\/\/i0.wp.com\/www.manquepierda.com\/futbolandia\/files\/2013\/09\/PEC-Zwolle.jpg?fit=640%2C480&amp;ssl=1\" data-orig-size=\"640,480\" data-comments-opened=\"1\" data-image-meta=\"{&quot;aperture&quot;:&quot;0&quot;,&quot;credit&quot;:&quot;&quot;,&quot;camera&quot;:&quot;&quot;,&quot;caption&quot;:&quot;&quot;,&quot;created_timestamp&quot;:&quot;0&quot;,&quot;copyright&quot;:&quot;&quot;,&quot;focal_length&quot;:&quot;0&quot;,&quot;iso&quot;:&quot;0&quot;,&quot;shutter_speed&quot;:&quot;0&quot;,&quot;title&quot;:&quot;&quot;}\" data-image-title=\"PEC Zwolle\" data-image-description=\"\" data-image-caption=\"&lt;p&gt;Fred Benson es el nueve de la revelaci\u00f3n holandesa&lt;br \/&gt;\nFoto: nu.nl&lt;\/p&gt;\n\" data-large-file=\"https:\/\/i0.wp.com\/www.manquepierda.com\/futbolandia\/files\/2013\/09\/PEC-Zwolle.jpg?fit=640%2C480&amp;ssl=1\" class=\" wp-image-2516 \" alt=\"Fred Benson es el nueve de la revelaci\u00f3n holandesa Foto: nu.nl\" src=\"https:\/\/i0.wp.com\/www.manquepierda.com\/futbolandia\/files\/2013\/09\/PEC-Zwolle.jpg?resize=384%2C288\" width=\"384\" height=\"288\" srcset=\"https:\/\/i0.wp.com\/www.manquepierda.com\/futbolandia\/files\/2013\/09\/PEC-Zwolle.jpg?w=640&amp;ssl=1 640w, https:\/\/i0.wp.com\/www.manquepierda.com\/futbolandia\/files\/2013\/09\/PEC-Zwolle.jpg?resize=300%2C225&amp;ssl=1 300w, https:\/\/i0.wp.com\/www.manquepierda.com\/futbolandia\/files\/2013\/09\/PEC-Zwolle.jpg?resize=75%2C55&amp;ssl=1 75w\" sizes=\"auto, (max-width: 384px) 100vw, 384px\" \/><\/a><figcaption id=\"caption-attachment-2516\" class=\"wp-caption-text\">Fred Benson es el nueve de la revelaci\u00f3n holandesa<br \/>Foto: nu.nl<\/figcaption><\/figure>\n<p>Como siempre, aqu\u00ed estamos para hablaros de f\u00fatbol internacional, y no solo de los equipos m\u00e1s grandes y conocidos del continente. Si hace poco <a href=\"http:\/\/www.manquepierda.com\/futbolandia\/la-sorpresa-danesa\/\"><strong>analiz\u00e1bamos el juego del Midtjylland<\/strong><\/a>, l\u00edder de la liga danesa, hoy nos vamos hasta los Paises Bajos, a la Eredivisie para hablaros del <strong>PEC Zwolle, un modesto equipo holand\u00e9s que est\u00e1 pasando por un momento dulce en este comienzo de liga y al que solo el Ajax ha podido frenar en este inicio de temporada.<\/strong><\/p>\n<p>La verdad es que solo llevamos seis jornadas en la liga holandesa, pero el PEC Zwolle es l\u00edder en solitario tras mostrar un f\u00fatbol atractivo y sorprendente. Cuando venci\u00f3 al Feyenoord en la primera jornada, pareci\u00f3 un resultado sorprendente, pero cuando tres jornadas m\u00e1s tarde hab\u00eda goleado como visitante a NEC y Heracles, sumado a la victoria en casa ante el SC Cambuur, el p\u00fablico comenz\u00f3 a ver el logro de este modesto equipo. Y es que este club, que solo ha jugado trece temporadas en primera y cuyo mejor puesto conseguido es una octava posici\u00f3n hace m\u00e1s de treinta a\u00f1os, no est\u00e1 acostumbrado obviamente a ocupar esa actual primera plaza. Sin duda los aficionados que disfrutan de este inicio de campa\u00f1a en el IJsseldelta Stadion, en la ciudad de Zwolle, est\u00e1n gozando de su equipo y so\u00f1ando con poder obtener un buen puesto en liga aun con los pies en la tierra por ser solo el comienzo.<\/p>\n<p><strong>Los secretos de este Zwolle no est\u00e1 en grandes estrellas y jugadores decisivos, sino en el f\u00fatbol colectivo.<\/strong> Su t\u00e9cnico, Ron Jans, si algo inculc\u00f3 en sus jugadores es ese car\u00e1cter de buscar siempre la victoria, no rendirse y, fiel a sus posibilidades y virtudes, destacar al contragolpe para decidir partidos. A\u00fan as\u00ed, el PEC Zwolle no se siente inc\u00f3modo teniendo el bal\u00f3n, con un f\u00fatbol de toque que suele buscar sus r\u00e1pidos extremos o un mediapunta entre l\u00edneas que d\u00e9 el \u00faltimo pase a sus veloces delanteros. Por contra, el lunar del equipo est\u00e1 en defensa donde m\u00e1s all\u00e1 de las ganas los errores est\u00e1n a la orden del d\u00eda y a veces pecan de poca contundencia.<\/p>\n<p>No obstante, aunque el equipo no contiene grandes estrellas, si que cuenta con futbolistas de cierta calidad que lo mantienen en esa zona privilegiada de la Eredivisie en esta sexta jornada. <strong>Su hombre de m\u00e1s clase es quiz\u00e1s Stef Nijland (25)<\/strong>, que tras pasar por PSV o Willem II principalmente, prob\u00f3 fortuna el a\u00f1o pasado en la A-League australiana para volver este a\u00f1o a la liga holandesa. Mucha calidad en el golpeo y gran t\u00e9cnica para llegar desde la segunda l\u00ednea son sus credenciales en el once del Zwolle. <strong>Tambi\u00e9n habr\u00eda que destacar en el centro del campo a K. Mokotjo (22).<\/strong> El joven futbolista sudafricano es uno de los hombres de m\u00e1s talento y mejor toque del equipo a pesar de ser mediocentro defensivo, lo que se nota especialmente a la hora de salir con el bal\u00f3n jugado o en los pases interiores. Adem\u00e1s buen f\u00edsico y llegada a gol para definir, un a\u00f1adido que le ha permitido marcar dos goles en este inicio de temporada. Es el motor del centro del campo junto a la presencia del joven Mateusz Klich (23), internacional con Polonia y uno de los fijos en el esquema de Jans.<\/p>\n<p><strong>En el ataque la tripleta es la formada por Saymak (20), Benson (29) y Guyon Fern\u00e1ndez (27).<\/strong> El primero es uno de los j\u00f3venes talentos surgidos del club. Benson r\u00e1pido y oportunista como siempre. Es su segunda temporada en el PEC Zwolle tras probar por ligas como la china y la polaca, aunque los resultados verdaderamente buenos los dio siempre en la Eredivisie y m\u00e1s concretamente en el RKC Waalwijk. Este tr\u00edo ofensivo lo cierra Guyon Fern\u00e1ndez, que tras mostrar un buen nivel en el Excelsior prob\u00f3 suerte en el Feyenoord para sustituir la ausencia en la delantera de John Guidetti pero tras una aceptable primera temporada no goz\u00f3 de minutos en la segunda. Ahora busca volver a destacar y este sorprendente Zwolle es su oportunidad.<\/p>\n<p>Los \u00faltimos dos partidos no se les ha dado bien con el empate ante el Utrech y la primera derrota de la temporada ante el Ajax, pero la ilusi\u00f3n sigue intacta y consiguen mantener el primer puesto en la clasificaci\u00f3n. \u00bfSer\u00e1n capaces de mantener este ritmo?<\/p>\n<p>&nbsp;<\/p>\n","protected":false},"excerpt":{"rendered":"<p>Como siempre, aqu\u00ed estamos para hablaros de f\u00fatbol internacional, y no solo de los equipos m\u00e1s grandes y conocidos del continente. Si hace poco analiz\u00e1bamos el juego del Midtjylland, l\u00edder de la liga danesa, hoy nos vamos hasta los Paises Bajos, a la Eredivisie para hablaros del PEC Zwolle, un modesto equipo holand\u00e9s que est\u00e1&#8230;<\/p>\n","protected":false},"author":93,"featured_media":2516,"comment_status":"open","ping_status":"open","sticky":false,"template":"","format":"standard","meta":{"_kad_post_transparent":"","_kad_post_title":"","_kad_post_layout":"","_kad_post_sidebar_id":"","_kad_post_content_style":"","_kad_post_vertical_padding":"","_kad_post_feature":"","_kad_post_feature_position":"","_kad_post_header":false,"_kad_post_footer":false,"_kad_post_classname":"","_jetpack_memberships_contains_paid_content":false,"footnotes":"","jetpack_publicize_message":"","jetpack_publicize_feature_enabled":true,"jetpack_social_post_already_shared":true,"jetpack_social_options":{"image_generator_settings":{"template":"highway","default_image_id":0,"font":"","enabled":false},"version":2}},"categories":[1392,10],"tags":[874,878,877,879,876,880,872,875,873],"class_list":["post-2515","post","type-post","status-publish","format-standard","has-post-thumbnail","hentry","category-otras-ligas","category-portada","tag-benson","tag-fernandez","tag-guyon","tag-klich","tag-motodjo","tag-nijland","tag-pec","tag-saymak","tag-zwolle"],"yoast_head":"<!-- This site is optimized with the Yoast SEO plugin v27.5 - https:\/\/yoast.com\/product\/yoast-seo-wordpress\/ -->\n<title>PEC Zwolle, el inicio so\u00f1ado &#8211; Futbolandia<\/title>\n<meta name=\"robots\" content=\"index, follow, max-snippet:-1, max-image-preview:large, max-video-preview:-1\" \/>\n<link rel=\"canonical\" href=\"https:\/\/www.manquepierda.com\/futbolandia\/pec-zwolle-el-inicio-sonado\/\" \/>\n<meta property=\"og:locale\" content=\"es_ES\" \/>\n<meta property=\"og:type\" content=\"article\" \/>\n<meta property=\"og:title\" content=\"PEC Zwolle, el inicio so\u00f1ado &#8211; Futbolandia\" \/>\n<meta property=\"og:description\" content=\"Como siempre, aqu\u00ed estamos para hablaros de f\u00fatbol internacional, y no solo de los equipos m\u00e1s grandes y conocidos del continente. Si hace poco analiz\u00e1bamos el juego del Midtjylland, l\u00edder de la liga danesa, hoy nos vamos hasta los Paises Bajos, a la Eredivisie para hablaros del PEC Zwolle, un modesto equipo holand\u00e9s que est\u00e1...\" \/>\n<meta property=\"og:url\" content=\"https:\/\/www.manquepierda.com\/futbolandia\/pec-zwolle-el-inicio-sonado\/\" \/>\n<meta property=\"og:site_name\" content=\"Futbolandia\" \/>\n<meta property=\"article:published_time\" content=\"2013-09-19T07:00:50+00:00\" \/>\n<meta property=\"article:modified_time\" content=\"2015-07-09T08:31:14+00:00\" \/>\n<meta property=\"og:image\" content=\"https:\/\/i0.wp.com\/www.manquepierda.com\/futbolandia\/files\/2013\/09\/PEC-Zwolle.jpg?fit=640%2C480&ssl=1\" \/>\n\t<meta property=\"og:image:width\" content=\"640\" \/>\n\t<meta property=\"og:image:height\" content=\"480\" \/>\n\t<meta property=\"og:image:type\" content=\"image\/jpeg\" \/>\n<meta name=\"author\" content=\"Jorge M. Gonz\u00e1lez\" \/>\n<meta name=\"twitter:label1\" content=\"Escrito por\" \/>\n\t<meta name=\"twitter:data1\" content=\"Jorge M. Gonz\u00e1lez\" \/>\n\t<meta name=\"twitter:label2\" content=\"Tiempo de lectura\" \/>\n\t<meta name=\"twitter:data2\" content=\"4 minutos\" \/>\n<script type=\"application\/ld+json\" class=\"yoast-schema-graph\">{\"@context\":\"https:\\\/\\\/schema.org\",\"@graph\":[{\"@type\":\"Article\",\"@id\":\"https:\\\/\\\/www.manquepierda.com\\\/futbolandia\\\/pec-zwolle-el-inicio-sonado\\\/#article\",\"isPartOf\":{\"@id\":\"https:\\\/\\\/www.manquepierda.com\\\/futbolandia\\\/pec-zwolle-el-inicio-sonado\\\/\"},\"author\":{\"name\":\"Jorge M. Gonz\u00e1lez\",\"@id\":\"https:\\\/\\\/www.manquepierda.com\\\/futbolandia\\\/#\\\/schema\\\/person\\\/fdb4eabc3c2e0e717a790a4ce10cd2b3\"},\"headline\":\"PEC Zwolle, el inicio so\u00f1ado\",\"datePublished\":\"2013-09-19T07:00:50+00:00\",\"dateModified\":\"2015-07-09T08:31:14+00:00\",\"mainEntityOfPage\":{\"@id\":\"https:\\\/\\\/www.manquepierda.com\\\/futbolandia\\\/pec-zwolle-el-inicio-sonado\\\/\"},\"wordCount\":793,\"commentCount\":0,\"image\":{\"@id\":\"https:\\\/\\\/www.manquepierda.com\\\/futbolandia\\\/pec-zwolle-el-inicio-sonado\\\/#primaryimage\"},\"thumbnailUrl\":\"https:\\\/\\\/i0.wp.com\\\/www.manquepierda.com\\\/futbolandia\\\/files\\\/2013\\\/09\\\/PEC-Zwolle.jpg?fit=640%2C480&ssl=1\",\"keywords\":[\"benson\",\"fernandez\",\"guyon\",\"klich\",\"motodjo\",\"nijland\",\"pec\",\"saymak\",\"zwolle\"],\"articleSection\":[\"Otras ligas\",\"Portada\"],\"inLanguage\":\"es\",\"potentialAction\":[{\"@type\":\"CommentAction\",\"name\":\"Comment\",\"target\":[\"https:\\\/\\\/www.manquepierda.com\\\/futbolandia\\\/pec-zwolle-el-inicio-sonado\\\/#respond\"]}]},{\"@type\":\"WebPage\",\"@id\":\"https:\\\/\\\/www.manquepierda.com\\\/futbolandia\\\/pec-zwolle-el-inicio-sonado\\\/\",\"url\":\"https:\\\/\\\/www.manquepierda.com\\\/futbolandia\\\/pec-zwolle-el-inicio-sonado\\\/\",\"name\":\"PEC Zwolle, el inicio so\u00f1ado &#8211; Futbolandia\",\"isPartOf\":{\"@id\":\"https:\\\/\\\/www.manquepierda.com\\\/futbolandia\\\/#website\"},\"primaryImageOfPage\":{\"@id\":\"https:\\\/\\\/www.manquepierda.com\\\/futbolandia\\\/pec-zwolle-el-inicio-sonado\\\/#primaryimage\"},\"image\":{\"@id\":\"https:\\\/\\\/www.manquepierda.com\\\/futbolandia\\\/pec-zwolle-el-inicio-sonado\\\/#primaryimage\"},\"thumbnailUrl\":\"https:\\\/\\\/i0.wp.com\\\/www.manquepierda.com\\\/futbolandia\\\/files\\\/2013\\\/09\\\/PEC-Zwolle.jpg?fit=640%2C480&ssl=1\",\"datePublished\":\"2013-09-19T07:00:50+00:00\",\"dateModified\":\"2015-07-09T08:31:14+00:00\",\"author\":{\"@id\":\"https:\\\/\\\/www.manquepierda.com\\\/futbolandia\\\/#\\\/schema\\\/person\\\/fdb4eabc3c2e0e717a790a4ce10cd2b3\"},\"breadcrumb\":{\"@id\":\"https:\\\/\\\/www.manquepierda.com\\\/futbolandia\\\/pec-zwolle-el-inicio-sonado\\\/#breadcrumb\"},\"inLanguage\":\"es\",\"potentialAction\":[{\"@type\":\"ReadAction\",\"target\":[\"https:\\\/\\\/www.manquepierda.com\\\/futbolandia\\\/pec-zwolle-el-inicio-sonado\\\/\"]}]},{\"@type\":\"ImageObject\",\"inLanguage\":\"es\",\"@id\":\"https:\\\/\\\/www.manquepierda.com\\\/futbolandia\\\/pec-zwolle-el-inicio-sonado\\\/#primaryimage\",\"url\":\"https:\\\/\\\/i0.wp.com\\\/www.manquepierda.com\\\/futbolandia\\\/files\\\/2013\\\/09\\\/PEC-Zwolle.jpg?fit=640%2C480&ssl=1\",\"contentUrl\":\"https:\\\/\\\/i0.wp.com\\\/www.manquepierda.com\\\/futbolandia\\\/files\\\/2013\\\/09\\\/PEC-Zwolle.jpg?fit=640%2C480&ssl=1\",\"width\":640,\"height\":480,\"caption\":\"Fred Benson es el nueve de la revelaci\u00f3n holandesa Foto: nu.nl\"},{\"@type\":\"BreadcrumbList\",\"@id\":\"https:\\\/\\\/www.manquepierda.com\\\/futbolandia\\\/pec-zwolle-el-inicio-sonado\\\/#breadcrumb\",\"itemListElement\":[{\"@type\":\"ListItem\",\"position\":1,\"name\":\"Portada\",\"item\":\"https:\\\/\\\/www.manquepierda.com\\\/futbolandia\\\/\"},{\"@type\":\"ListItem\",\"position\":2,\"name\":\"PEC Zwolle, el inicio so\u00f1ado\"}]},{\"@type\":\"WebSite\",\"@id\":\"https:\\\/\\\/www.manquepierda.com\\\/futbolandia\\\/#website\",\"url\":\"https:\\\/\\\/www.manquepierda.com\\\/futbolandia\\\/\",\"name\":\"Futbolandia\",\"description\":\"Reportajes e informaci\u00f3n sobre f\u00fatbol mundial y j\u00f3venes promesas\",\"potentialAction\":[{\"@type\":\"SearchAction\",\"target\":{\"@type\":\"EntryPoint\",\"urlTemplate\":\"https:\\\/\\\/www.manquepierda.com\\\/futbolandia\\\/?s={search_term_string}\"},\"query-input\":{\"@type\":\"PropertyValueSpecification\",\"valueRequired\":true,\"valueName\":\"search_term_string\"}}],\"inLanguage\":\"es\"},{\"@type\":\"Person\",\"@id\":\"https:\\\/\\\/www.manquepierda.com\\\/futbolandia\\\/#\\\/schema\\\/person\\\/fdb4eabc3c2e0e717a790a4ce10cd2b3\",\"name\":\"Jorge M. Gonz\u00e1lez\",\"image\":{\"@type\":\"ImageObject\",\"inLanguage\":\"es\",\"@id\":\"https:\\\/\\\/secure.gravatar.com\\\/avatar\\\/40fe62083e523c4134f75fb1d06ea73b4503d9162f3c6e89800e90f1bbd7f262?s=96&d=mm&r=g\",\"url\":\"https:\\\/\\\/secure.gravatar.com\\\/avatar\\\/40fe62083e523c4134f75fb1d06ea73b4503d9162f3c6e89800e90f1bbd7f262?s=96&d=mm&r=g\",\"contentUrl\":\"https:\\\/\\\/secure.gravatar.com\\\/avatar\\\/40fe62083e523c4134f75fb1d06ea73b4503d9162f3c6e89800e90f1bbd7f262?s=96&d=mm&r=g\",\"caption\":\"Jorge M. Gonz\u00e1lez\"},\"description\":\"Apasionado del f\u00fatbol internacional y Social Media Manager. Me gusta seguir ligas extranjeras y a las j\u00f3venes promesas de todo el mundo. S\u00edgueme en twitter para compartir afici\u00f3n: @jorgegonex\",\"sameAs\":[\"http:\\\/\\\/manquepierda.com\\\/\",\"https:\\\/\\\/x.com\\\/https:\\\/\\\/twitter.com\\\/jorgegonex\",\"https:\\\/\\\/www.youtube.com\\\/user\\\/FutbolandiaMQP\"],\"url\":\"https:\\\/\\\/www.manquepierda.com\\\/futbolandia\\\/author\\\/jorgegonzalez\\\/\"}]}<\/script>\n<!-- \/ Yoast SEO plugin. -->","yoast_head_json":{"title":"PEC Zwolle, el inicio so\u00f1ado &#8211; Futbolandia","robots":{"index":"index","follow":"follow","max-snippet":"max-snippet:-1","max-image-preview":"max-image-preview:large","max-video-preview":"max-video-preview:-1"},"canonical":"https:\/\/www.manquepierda.com\/futbolandia\/pec-zwolle-el-inicio-sonado\/","og_locale":"es_ES","og_type":"article","og_title":"PEC Zwolle, el inicio so\u00f1ado &#8211; Futbolandia","og_description":"Como siempre, aqu\u00ed estamos para hablaros de f\u00fatbol internacional, y no solo de los equipos m\u00e1s grandes y conocidos del continente. Si hace poco analiz\u00e1bamos el juego del Midtjylland, l\u00edder de la liga danesa, hoy nos vamos hasta los Paises Bajos, a la Eredivisie para hablaros del PEC Zwolle, un modesto equipo holand\u00e9s que est\u00e1...","og_url":"https:\/\/www.manquepierda.com\/futbolandia\/pec-zwolle-el-inicio-sonado\/","og_site_name":"Futbolandia","article_published_time":"2013-09-19T07:00:50+00:00","article_modified_time":"2015-07-09T08:31:14+00:00","og_image":[{"width":640,"height":480,"url":"https:\/\/i0.wp.com\/www.manquepierda.com\/futbolandia\/files\/2013\/09\/PEC-Zwolle.jpg?fit=640%2C480&ssl=1","type":"image\/jpeg"}],"author":"Jorge M. Gonz\u00e1lez","twitter_misc":{"Escrito por":"Jorge M. Gonz\u00e1lez","Tiempo de lectura":"4 minutos"},"schema":{"@context":"https:\/\/schema.org","@graph":[{"@type":"Article","@id":"https:\/\/www.manquepierda.com\/futbolandia\/pec-zwolle-el-inicio-sonado\/#article","isPartOf":{"@id":"https:\/\/www.manquepierda.com\/futbolandia\/pec-zwolle-el-inicio-sonado\/"},"author":{"name":"Jorge M. Gonz\u00e1lez","@id":"https:\/\/www.manquepierda.com\/futbolandia\/#\/schema\/person\/fdb4eabc3c2e0e717a790a4ce10cd2b3"},"headline":"PEC Zwolle, el inicio so\u00f1ado","datePublished":"2013-09-19T07:00:50+00:00","dateModified":"2015-07-09T08:31:14+00:00","mainEntityOfPage":{"@id":"https:\/\/www.manquepierda.com\/futbolandia\/pec-zwolle-el-inicio-sonado\/"},"wordCount":793,"commentCount":0,"image":{"@id":"https:\/\/www.manquepierda.com\/futbolandia\/pec-zwolle-el-inicio-sonado\/#primaryimage"},"thumbnailUrl":"https:\/\/i0.wp.com\/www.manquepierda.com\/futbolandia\/files\/2013\/09\/PEC-Zwolle.jpg?fit=640%2C480&ssl=1","keywords":["benson","fernandez","guyon","klich","motodjo","nijland","pec","saymak","zwolle"],"articleSection":["Otras ligas","Portada"],"inLanguage":"es","potentialAction":[{"@type":"CommentAction","name":"Comment","target":["https:\/\/www.manquepierda.com\/futbolandia\/pec-zwolle-el-inicio-sonado\/#respond"]}]},{"@type":"WebPage","@id":"https:\/\/www.manquepierda.com\/futbolandia\/pec-zwolle-el-inicio-sonado\/","url":"https:\/\/www.manquepierda.com\/futbolandia\/pec-zwolle-el-inicio-sonado\/","name":"PEC Zwolle, el inicio so\u00f1ado &#8211; Futbolandia","isPartOf":{"@id":"https:\/\/www.manquepierda.com\/futbolandia\/#website"},"primaryImageOfPage":{"@id":"https:\/\/www.manquepierda.com\/futbolandia\/pec-zwolle-el-inicio-sonado\/#primaryimage"},"image":{"@id":"https:\/\/www.manquepierda.com\/futbolandia\/pec-zwolle-el-inicio-sonado\/#primaryimage"},"thumbnailUrl":"https:\/\/i0.wp.com\/www.manquepierda.com\/futbolandia\/files\/2013\/09\/PEC-Zwolle.jpg?fit=640%2C480&ssl=1","datePublished":"2013-09-19T07:00:50+00:00","dateModified":"2015-07-09T08:31:14+00:00","author":{"@id":"https:\/\/www.manquepierda.com\/futbolandia\/#\/schema\/person\/fdb4eabc3c2e0e717a790a4ce10cd2b3"},"breadcrumb":{"@id":"https:\/\/www.manquepierda.com\/futbolandia\/pec-zwolle-el-inicio-sonado\/#breadcrumb"},"inLanguage":"es","potentialAction":[{"@type":"ReadAction","target":["https:\/\/www.manquepierda.com\/futbolandia\/pec-zwolle-el-inicio-sonado\/"]}]},{"@type":"ImageObject","inLanguage":"es","@id":"https:\/\/www.manquepierda.com\/futbolandia\/pec-zwolle-el-inicio-sonado\/#primaryimage","url":"https:\/\/i0.wp.com\/www.manquepierda.com\/futbolandia\/files\/2013\/09\/PEC-Zwolle.jpg?fit=640%2C480&ssl=1","contentUrl":"https:\/\/i0.wp.com\/www.manquepierda.com\/futbolandia\/files\/2013\/09\/PEC-Zwolle.jpg?fit=640%2C480&ssl=1","width":640,"height":480,"caption":"Fred Benson es el nueve de la revelaci\u00f3n holandesa Foto: nu.nl"},{"@type":"BreadcrumbList","@id":"https:\/\/www.manquepierda.com\/futbolandia\/pec-zwolle-el-inicio-sonado\/#breadcrumb","itemListElement":[{"@type":"ListItem","position":1,"name":"Portada","item":"https:\/\/www.manquepierda.com\/futbolandia\/"},{"@type":"ListItem","position":2,"name":"PEC Zwolle, el inicio so\u00f1ado"}]},{"@type":"WebSite","@id":"https:\/\/www.manquepierda.com\/futbolandia\/#website","url":"https:\/\/www.manquepierda.com\/futbolandia\/","name":"Futbolandia","description":"Reportajes e informaci\u00f3n sobre f\u00fatbol mundial y j\u00f3venes promesas","potentialAction":[{"@type":"SearchAction","target":{"@type":"EntryPoint","urlTemplate":"https:\/\/www.manquepierda.com\/futbolandia\/?s={search_term_string}"},"query-input":{"@type":"PropertyValueSpecification","valueRequired":true,"valueName":"search_term_string"}}],"inLanguage":"es"},{"@type":"Person","@id":"https:\/\/www.manquepierda.com\/futbolandia\/#\/schema\/person\/fdb4eabc3c2e0e717a790a4ce10cd2b3","name":"Jorge M. Gonz\u00e1lez","image":{"@type":"ImageObject","inLanguage":"es","@id":"https:\/\/secure.gravatar.com\/avatar\/40fe62083e523c4134f75fb1d06ea73b4503d9162f3c6e89800e90f1bbd7f262?s=96&d=mm&r=g","url":"https:\/\/secure.gravatar.com\/avatar\/40fe62083e523c4134f75fb1d06ea73b4503d9162f3c6e89800e90f1bbd7f262?s=96&d=mm&r=g","contentUrl":"https:\/\/secure.gravatar.com\/avatar\/40fe62083e523c4134f75fb1d06ea73b4503d9162f3c6e89800e90f1bbd7f262?s=96&d=mm&r=g","caption":"Jorge M. Gonz\u00e1lez"},"description":"Apasionado del f\u00fatbol internacional y Social Media Manager. Me gusta seguir ligas extranjeras y a las j\u00f3venes promesas de todo el mundo. S\u00edgueme en twitter para compartir afici\u00f3n: @jorgegonex","sameAs":["http:\/\/manquepierda.com\/","https:\/\/x.com\/https:\/\/twitter.com\/jorgegonex","https:\/\/www.youtube.com\/user\/FutbolandiaMQP"],"url":"https:\/\/www.manquepierda.com\/futbolandia\/author\/jorgegonzalez\/"}]}},"jetpack_publicize_connections":[],"jetpack_featured_media_url":"https:\/\/i0.wp.com\/www.manquepierda.com\/futbolandia\/files\/2013\/09\/PEC-Zwolle.jpg?fit=640%2C480&ssl=1","jetpack_shortlink":"https:\/\/wp.me\/p1THIg-Ez","jetpack_sharing_enabled":true,"_links":{"self":[{"href":"https:\/\/www.manquepierda.com\/futbolandia\/wp-json\/wp\/v2\/posts\/2515","targetHints":{"allow":["GET"]}}],"collection":[{"href":"https:\/\/www.manquepierda.com\/futbolandia\/wp-json\/wp\/v2\/posts"}],"about":[{"href":"https:\/\/www.manquepierda.com\/futbolandia\/wp-json\/wp\/v2\/types\/post"}],"author":[{"embeddable":true,"href":"https:\/\/www.manquepierda.com\/futbolandia\/wp-json\/wp\/v2\/users\/93"}],"replies":[{"embeddable":true,"href":"https:\/\/www.manquepierda.com\/futbolandia\/wp-json\/wp\/v2\/comments?post=2515"}],"version-history":[{"count":0,"href":"https:\/\/www.manquepierda.com\/futbolandia\/wp-json\/wp\/v2\/posts\/2515\/revisions"}],"wp:featuredmedia":[{"embeddable":true,"href":"https:\/\/www.manquepierda.com\/futbolandia\/wp-json\/wp\/v2\/media\/2516"}],"wp:attachment":[{"href":"https:\/\/www.manquepierda.com\/futbolandia\/wp-json\/wp\/v2\/media?parent=2515"}],"wp:term":[{"taxonomy":"category","embeddable":true,"href":"https:\/\/www.manquepierda.com\/futbolandia\/wp-json\/wp\/v2\/categories?post=2515"},{"taxonomy":"post_tag","embeddable":true,"href":"https:\/\/www.manquepierda.com\/futbolandia\/wp-json\/wp\/v2\/tags?post=2515"}],"curies":[{"name":"wp","href":"https:\/\/api.w.org\/{rel}","templated":true}]}}