{"id":2541,"date":"2013-09-26T10:00:34","date_gmt":"2013-09-26T08:00:34","guid":{"rendered":"http:\/\/www.manquepierda.com\/futbolandia\/?p=2541"},"modified":"2015-07-09T10:30:37","modified_gmt":"2015-07-09T08:30:37","slug":"la-dupla-fari-se-basta-para-liderar-francia","status":"publish","type":"post","link":"https:\/\/www.manquepierda.com\/futbolandia\/la-dupla-fari-se-basta-para-liderar-francia\/","title":{"rendered":"La dupla FaRi se basta para liderar Francia"},"content":{"rendered":"<figure id=\"attachment_2542\" aria-describedby=\"caption-attachment-2542\" style=\"width: 395px\" class=\"wp-caption alignleft\"><a href=\"https:\/\/i0.wp.com\/www.manquepierda.com\/futbolandia\/files\/2013\/09\/Riviere-Falcao-Monaco.jpg\"><img data-recalc-dims=\"1\" loading=\"lazy\" decoding=\"async\" data-attachment-id=\"2542\" data-permalink=\"https:\/\/www.manquepierda.com\/futbolandia\/la-dupla-fari-se-basta-para-liderar-francia\/leicester-city-v-monaco-pre-season-friendly\/\" data-orig-file=\"https:\/\/i0.wp.com\/www.manquepierda.com\/futbolandia\/files\/2013\/09\/Riviere-Falcao-Monaco.jpg?fit=659%2C350&amp;ssl=1\" data-orig-size=\"659,350\" data-comments-opened=\"1\" data-image-meta=\"{&quot;aperture&quot;:&quot;3.5&quot;,&quot;credit&quot;:&quot;Michael Regan&quot;,&quot;camera&quot;:&quot;NIKON D3S&quot;,&quot;caption&quot;:&quot;during the the pre season friendly match between Leicester City and Monaco at The King Power Stadium on July 27, 2013 in Leicester, England.&quot;,&quot;created_timestamp&quot;:&quot;1374947720&quot;,&quot;copyright&quot;:&quot;2013 Getty Images&quot;,&quot;focal_length&quot;:&quot;400&quot;,&quot;iso&quot;:&quot;400&quot;,&quot;shutter_speed&quot;:&quot;0.000625&quot;,&quot;title&quot;:&quot;Leicester City v Monaco - Pre Season Friendly&quot;}\" data-image-title=\"Monaco Riviere Falcao\" data-image-description=\"&lt;p&gt;during the the pre season friendly match between Leicester City and Monaco at The King Power Stadium on July 27, 2013 in Leicester, England.&lt;\/p&gt;\n\" data-image-caption=\"&lt;p&gt;Falcao y Riviere son el gol de este millonario M\u00f3naco&lt;br \/&gt;\nFoto: radiofootballcomment.bligoo.es&lt;\/p&gt;\n\" data-large-file=\"https:\/\/i0.wp.com\/www.manquepierda.com\/futbolandia\/files\/2013\/09\/Riviere-Falcao-Monaco.jpg?fit=659%2C350&amp;ssl=1\" class=\" wp-image-2542 \" alt=\"Falcao y Riviere son el gol de este millonario M\u00f3naco Foto: radiofootballcomment.bligoo.es\" src=\"https:\/\/i0.wp.com\/www.manquepierda.com\/futbolandia\/files\/2013\/09\/Riviere-Falcao-Monaco.jpg?resize=395%2C210\" width=\"395\" height=\"210\" srcset=\"https:\/\/i0.wp.com\/www.manquepierda.com\/futbolandia\/files\/2013\/09\/Riviere-Falcao-Monaco.jpg?w=659&amp;ssl=1 659w, https:\/\/i0.wp.com\/www.manquepierda.com\/futbolandia\/files\/2013\/09\/Riviere-Falcao-Monaco.jpg?resize=300%2C159&amp;ssl=1 300w\" sizes=\"auto, (max-width: 395px) 100vw, 395px\" \/><\/a><figcaption id=\"caption-attachment-2542\" class=\"wp-caption-text\">Falcao y Riviere son el gol de este millonario M\u00f3naco<br \/>Foto: radiofootballcomment.bligoo.es<\/figcaption><\/figure>\n<p>La jornada de ayer nos deja al M\u00f3naco como l\u00edder en solitario de la Ligue 1 tras vencer por 3-0 al Bastia. Lo cierto es que no sorprende. La fuerte inversi\u00f3n realizada por la escuadra monegasca, que ya os contamos en pretemporada, est\u00e1 dando resultado y el equipo se muestra intratable.<\/p>\n<p>Sin embargo, dentro de un conjunto plagado de estrellas, llama la atenci\u00f3n que tras siete jornadas de f\u00fatbol, victorias y goles, tras encajar \u00fanicamente tres goles en contra y haber endosado trece a sus rivales, <strong>solo dos jugadores del equipo del principado han conseguido ver puerta.<\/strong> Y uno de ellos ni siquiera ha llegado en esta espiral de abrumadoras inversiones del equipo de Rybolovlev, pues ya aportaba el a\u00f1o pasado en Ligue 2.<\/p>\n<p><strong>Se trata de la dupla FaRi tomando la primera s\u00edlaba de los goleadores-, formada por Falcao y Riviere que son el gol del equipo en este inicio de temporada.<\/strong> De los trece goles el tigre y ex jugador del Atl\u00e9tico de Madrid ha metido siete contando los dos anotados ante el Bastia, mientras que los seis restantes los ha metido todos Riviere. Curiosamente el franc\u00e9s ya lleva anotados dos goles m\u00e1s de los que hizo el a\u00f1o pasado en Ligue 2 y llamar\u00e1, de seguir a este nivel, a las puertas de la selecci\u00f3n francesa ante la sequ\u00eda de Benzema y la proximidad de Brasil 2014. Un futbolista que promet\u00eda mucho cuando vest\u00eda la camiseta del Saint Etienne pero que parec\u00eda haberse estancado algo tras su fichaje por el Toulouse. A sus 23 a\u00f1os ahora est\u00e1 en un momento dulce y a pesar de todos los fichajes de relumbr\u00f3n que ha el equipo dirigida por Claudio Ranieri, se ha convertido en parte importante del equipo. Cada vez que marca, gana el M\u00f3naco.<\/p>\n<p>A Falcao no vamos a descubrirlo ahora. Con siete goles en siete partidos, mantiene las cifras goleadoras de lo que es, uno de los mejores delanteros centro del mundo. <strong>Una delantera temible, que ya hace temblar defensas en Francia y que promete una apasionante lucha por el t\u00edtulo ante Olympique de Marsella y sobre todo, con el poderoso PSG.<\/strong><\/p>\n","protected":false},"excerpt":{"rendered":"<p>La jornada de ayer nos deja al M\u00f3naco como l\u00edder en solitario de la Ligue 1 tras vencer por 3-0 al Bastia. Lo cierto es que no sorprende. La fuerte inversi\u00f3n realizada por la escuadra monegasca, que ya os contamos en pretemporada, est\u00e1 dando resultado y el equipo se muestra intratable. Sin embargo, dentro de&#8230;<\/p>\n","protected":false},"author":93,"featured_media":2542,"comment_status":"open","ping_status":"open","sticky":false,"template":"","format":"standard","meta":{"_kad_post_transparent":"","_kad_post_title":"","_kad_post_layout":"","_kad_post_sidebar_id":"","_kad_post_content_style":"","_kad_post_vertical_padding":"","_kad_post_feature":"","_kad_post_feature_position":"","_kad_post_header":false,"_kad_post_footer":false,"_kad_post_classname":"","_jetpack_memberships_contains_paid_content":false,"footnotes":"","jetpack_publicize_message":"","jetpack_publicize_feature_enabled":true,"jetpack_social_post_already_shared":true,"jetpack_social_options":{"image_generator_settings":{"template":"highway","default_image_id":0,"font":"","enabled":false},"version":2}},"categories":[1392,10],"tags":[113,420,43,102,400,896],"class_list":["post-2541","post","type-post","status-publish","format-standard","has-post-thumbnail","hentry","category-otras-ligas","category-portada","tag-falcao","tag-francia","tag-goles","tag-ligue-1","tag-monaco","tag-riviere"],"yoast_head":"<!-- This site is optimized with the Yoast SEO plugin v27.5 - https:\/\/yoast.com\/product\/yoast-seo-wordpress\/ -->\n<title>La dupla FaRi se basta para liderar Francia &#8211; Futbolandia<\/title>\n<meta name=\"robots\" content=\"index, follow, max-snippet:-1, max-image-preview:large, max-video-preview:-1\" \/>\n<link rel=\"canonical\" href=\"https:\/\/www.manquepierda.com\/futbolandia\/la-dupla-fari-se-basta-para-liderar-francia\/\" \/>\n<meta property=\"og:locale\" content=\"es_ES\" \/>\n<meta property=\"og:type\" content=\"article\" \/>\n<meta property=\"og:title\" content=\"La dupla FaRi se basta para liderar Francia &#8211; Futbolandia\" \/>\n<meta property=\"og:description\" content=\"La jornada de ayer nos deja al M\u00f3naco como l\u00edder en solitario de la Ligue 1 tras vencer por 3-0 al Bastia. Lo cierto es que no sorprende. La fuerte inversi\u00f3n realizada por la escuadra monegasca, que ya os contamos en pretemporada, est\u00e1 dando resultado y el equipo se muestra intratable. Sin embargo, dentro de...\" \/>\n<meta property=\"og:url\" content=\"https:\/\/www.manquepierda.com\/futbolandia\/la-dupla-fari-se-basta-para-liderar-francia\/\" \/>\n<meta property=\"og:site_name\" content=\"Futbolandia\" \/>\n<meta property=\"article:published_time\" content=\"2013-09-26T08:00:34+00:00\" \/>\n<meta property=\"article:modified_time\" content=\"2015-07-09T08:30:37+00:00\" \/>\n<meta property=\"og:image\" content=\"https:\/\/i1.wp.com\/www.manquepierda.com\/futbolandia\/files\/2013\/09\/Riviere-Falcao-Monaco.jpg?fit=659%2C350&ssl=1\" \/>\n\t<meta property=\"og:image:width\" content=\"659\" \/>\n\t<meta property=\"og:image:height\" content=\"350\" \/>\n\t<meta property=\"og:image:type\" content=\"image\/jpeg\" \/>\n<meta name=\"author\" content=\"Jorge M. Gonz\u00e1lez\" \/>\n<meta name=\"twitter:label1\" content=\"Escrito por\" \/>\n\t<meta name=\"twitter:data1\" content=\"Jorge M. Gonz\u00e1lez\" \/>\n\t<meta name=\"twitter:label2\" content=\"Tiempo de lectura\" \/>\n\t<meta name=\"twitter:data2\" content=\"2 minutos\" \/>\n<script type=\"application\/ld+json\" class=\"yoast-schema-graph\">{\"@context\":\"https:\\\/\\\/schema.org\",\"@graph\":[{\"@type\":\"Article\",\"@id\":\"https:\\\/\\\/www.manquepierda.com\\\/futbolandia\\\/la-dupla-fari-se-basta-para-liderar-francia\\\/#article\",\"isPartOf\":{\"@id\":\"https:\\\/\\\/www.manquepierda.com\\\/futbolandia\\\/la-dupla-fari-se-basta-para-liderar-francia\\\/\"},\"author\":{\"name\":\"Jorge M. Gonz\u00e1lez\",\"@id\":\"https:\\\/\\\/www.manquepierda.com\\\/futbolandia\\\/#\\\/schema\\\/person\\\/fdb4eabc3c2e0e717a790a4ce10cd2b3\"},\"headline\":\"La dupla FaRi se basta para liderar Francia\",\"datePublished\":\"2013-09-26T08:00:34+00:00\",\"dateModified\":\"2015-07-09T08:30:37+00:00\",\"mainEntityOfPage\":{\"@id\":\"https:\\\/\\\/www.manquepierda.com\\\/futbolandia\\\/la-dupla-fari-se-basta-para-liderar-francia\\\/\"},\"wordCount\":399,\"commentCount\":0,\"image\":{\"@id\":\"https:\\\/\\\/www.manquepierda.com\\\/futbolandia\\\/la-dupla-fari-se-basta-para-liderar-francia\\\/#primaryimage\"},\"thumbnailUrl\":\"https:\\\/\\\/i0.wp.com\\\/www.manquepierda.com\\\/futbolandia\\\/files\\\/2013\\\/09\\\/Riviere-Falcao-Monaco.jpg?fit=659%2C350&ssl=1\",\"keywords\":[\"Falcao\",\"Francia\",\"goles\",\"Ligue 1\",\"monaco\",\"riviere\"],\"articleSection\":[\"Otras ligas\",\"Portada\"],\"inLanguage\":\"es\",\"potentialAction\":[{\"@type\":\"CommentAction\",\"name\":\"Comment\",\"target\":[\"https:\\\/\\\/www.manquepierda.com\\\/futbolandia\\\/la-dupla-fari-se-basta-para-liderar-francia\\\/#respond\"]}]},{\"@type\":\"WebPage\",\"@id\":\"https:\\\/\\\/www.manquepierda.com\\\/futbolandia\\\/la-dupla-fari-se-basta-para-liderar-francia\\\/\",\"url\":\"https:\\\/\\\/www.manquepierda.com\\\/futbolandia\\\/la-dupla-fari-se-basta-para-liderar-francia\\\/\",\"name\":\"La dupla FaRi se basta para liderar Francia &#8211; Futbolandia\",\"isPartOf\":{\"@id\":\"https:\\\/\\\/www.manquepierda.com\\\/futbolandia\\\/#website\"},\"primaryImageOfPage\":{\"@id\":\"https:\\\/\\\/www.manquepierda.com\\\/futbolandia\\\/la-dupla-fari-se-basta-para-liderar-francia\\\/#primaryimage\"},\"image\":{\"@id\":\"https:\\\/\\\/www.manquepierda.com\\\/futbolandia\\\/la-dupla-fari-se-basta-para-liderar-francia\\\/#primaryimage\"},\"thumbnailUrl\":\"https:\\\/\\\/i0.wp.com\\\/www.manquepierda.com\\\/futbolandia\\\/files\\\/2013\\\/09\\\/Riviere-Falcao-Monaco.jpg?fit=659%2C350&ssl=1\",\"datePublished\":\"2013-09-26T08:00:34+00:00\",\"dateModified\":\"2015-07-09T08:30:37+00:00\",\"author\":{\"@id\":\"https:\\\/\\\/www.manquepierda.com\\\/futbolandia\\\/#\\\/schema\\\/person\\\/fdb4eabc3c2e0e717a790a4ce10cd2b3\"},\"breadcrumb\":{\"@id\":\"https:\\\/\\\/www.manquepierda.com\\\/futbolandia\\\/la-dupla-fari-se-basta-para-liderar-francia\\\/#breadcrumb\"},\"inLanguage\":\"es\",\"potentialAction\":[{\"@type\":\"ReadAction\",\"target\":[\"https:\\\/\\\/www.manquepierda.com\\\/futbolandia\\\/la-dupla-fari-se-basta-para-liderar-francia\\\/\"]}]},{\"@type\":\"ImageObject\",\"inLanguage\":\"es\",\"@id\":\"https:\\\/\\\/www.manquepierda.com\\\/futbolandia\\\/la-dupla-fari-se-basta-para-liderar-francia\\\/#primaryimage\",\"url\":\"https:\\\/\\\/i0.wp.com\\\/www.manquepierda.com\\\/futbolandia\\\/files\\\/2013\\\/09\\\/Riviere-Falcao-Monaco.jpg?fit=659%2C350&ssl=1\",\"contentUrl\":\"https:\\\/\\\/i0.wp.com\\\/www.manquepierda.com\\\/futbolandia\\\/files\\\/2013\\\/09\\\/Riviere-Falcao-Monaco.jpg?fit=659%2C350&ssl=1\",\"width\":659,\"height\":350,\"caption\":\"Falcao y Riviere son el gol de este millonario M\u00f3naco Foto: radiofootballcomment.bligoo.es\"},{\"@type\":\"BreadcrumbList\",\"@id\":\"https:\\\/\\\/www.manquepierda.com\\\/futbolandia\\\/la-dupla-fari-se-basta-para-liderar-francia\\\/#breadcrumb\",\"itemListElement\":[{\"@type\":\"ListItem\",\"position\":1,\"name\":\"Portada\",\"item\":\"https:\\\/\\\/www.manquepierda.com\\\/futbolandia\\\/\"},{\"@type\":\"ListItem\",\"position\":2,\"name\":\"La dupla FaRi se basta para liderar Francia\"}]},{\"@type\":\"WebSite\",\"@id\":\"https:\\\/\\\/www.manquepierda.com\\\/futbolandia\\\/#website\",\"url\":\"https:\\\/\\\/www.manquepierda.com\\\/futbolandia\\\/\",\"name\":\"Futbolandia\",\"description\":\"Reportajes e informaci\u00f3n sobre f\u00fatbol mundial y j\u00f3venes promesas\",\"potentialAction\":[{\"@type\":\"SearchAction\",\"target\":{\"@type\":\"EntryPoint\",\"urlTemplate\":\"https:\\\/\\\/www.manquepierda.com\\\/futbolandia\\\/?s={search_term_string}\"},\"query-input\":{\"@type\":\"PropertyValueSpecification\",\"valueRequired\":true,\"valueName\":\"search_term_string\"}}],\"inLanguage\":\"es\"},{\"@type\":\"Person\",\"@id\":\"https:\\\/\\\/www.manquepierda.com\\\/futbolandia\\\/#\\\/schema\\\/person\\\/fdb4eabc3c2e0e717a790a4ce10cd2b3\",\"name\":\"Jorge M. Gonz\u00e1lez\",\"image\":{\"@type\":\"ImageObject\",\"inLanguage\":\"es\",\"@id\":\"https:\\\/\\\/secure.gravatar.com\\\/avatar\\\/40fe62083e523c4134f75fb1d06ea73b4503d9162f3c6e89800e90f1bbd7f262?s=96&d=mm&r=g\",\"url\":\"https:\\\/\\\/secure.gravatar.com\\\/avatar\\\/40fe62083e523c4134f75fb1d06ea73b4503d9162f3c6e89800e90f1bbd7f262?s=96&d=mm&r=g\",\"contentUrl\":\"https:\\\/\\\/secure.gravatar.com\\\/avatar\\\/40fe62083e523c4134f75fb1d06ea73b4503d9162f3c6e89800e90f1bbd7f262?s=96&d=mm&r=g\",\"caption\":\"Jorge M. Gonz\u00e1lez\"},\"description\":\"Apasionado del f\u00fatbol internacional y Social Media Manager. Me gusta seguir ligas extranjeras y a las j\u00f3venes promesas de todo el mundo. S\u00edgueme en twitter para compartir afici\u00f3n: @jorgegonex\",\"sameAs\":[\"http:\\\/\\\/manquepierda.com\\\/\",\"https:\\\/\\\/x.com\\\/https:\\\/\\\/twitter.com\\\/jorgegonex\",\"https:\\\/\\\/www.youtube.com\\\/user\\\/FutbolandiaMQP\"],\"url\":\"https:\\\/\\\/www.manquepierda.com\\\/futbolandia\\\/author\\\/jorgegonzalez\\\/\"}]}<\/script>\n<!-- \/ Yoast SEO plugin. -->","yoast_head_json":{"title":"La dupla FaRi se basta para liderar Francia &#8211; Futbolandia","robots":{"index":"index","follow":"follow","max-snippet":"max-snippet:-1","max-image-preview":"max-image-preview:large","max-video-preview":"max-video-preview:-1"},"canonical":"https:\/\/www.manquepierda.com\/futbolandia\/la-dupla-fari-se-basta-para-liderar-francia\/","og_locale":"es_ES","og_type":"article","og_title":"La dupla FaRi se basta para liderar Francia &#8211; Futbolandia","og_description":"La jornada de ayer nos deja al M\u00f3naco como l\u00edder en solitario de la Ligue 1 tras vencer por 3-0 al Bastia. Lo cierto es que no sorprende. La fuerte inversi\u00f3n realizada por la escuadra monegasca, que ya os contamos en pretemporada, est\u00e1 dando resultado y el equipo se muestra intratable. Sin embargo, dentro de...","og_url":"https:\/\/www.manquepierda.com\/futbolandia\/la-dupla-fari-se-basta-para-liderar-francia\/","og_site_name":"Futbolandia","article_published_time":"2013-09-26T08:00:34+00:00","article_modified_time":"2015-07-09T08:30:37+00:00","og_image":[{"width":659,"height":350,"url":"https:\/\/i1.wp.com\/www.manquepierda.com\/futbolandia\/files\/2013\/09\/Riviere-Falcao-Monaco.jpg?fit=659%2C350&ssl=1","type":"image\/jpeg"}],"author":"Jorge M. Gonz\u00e1lez","twitter_misc":{"Escrito por":"Jorge M. Gonz\u00e1lez","Tiempo de lectura":"2 minutos"},"schema":{"@context":"https:\/\/schema.org","@graph":[{"@type":"Article","@id":"https:\/\/www.manquepierda.com\/futbolandia\/la-dupla-fari-se-basta-para-liderar-francia\/#article","isPartOf":{"@id":"https:\/\/www.manquepierda.com\/futbolandia\/la-dupla-fari-se-basta-para-liderar-francia\/"},"author":{"name":"Jorge M. Gonz\u00e1lez","@id":"https:\/\/www.manquepierda.com\/futbolandia\/#\/schema\/person\/fdb4eabc3c2e0e717a790a4ce10cd2b3"},"headline":"La dupla FaRi se basta para liderar Francia","datePublished":"2013-09-26T08:00:34+00:00","dateModified":"2015-07-09T08:30:37+00:00","mainEntityOfPage":{"@id":"https:\/\/www.manquepierda.com\/futbolandia\/la-dupla-fari-se-basta-para-liderar-francia\/"},"wordCount":399,"commentCount":0,"image":{"@id":"https:\/\/www.manquepierda.com\/futbolandia\/la-dupla-fari-se-basta-para-liderar-francia\/#primaryimage"},"thumbnailUrl":"https:\/\/i0.wp.com\/www.manquepierda.com\/futbolandia\/files\/2013\/09\/Riviere-Falcao-Monaco.jpg?fit=659%2C350&ssl=1","keywords":["Falcao","Francia","goles","Ligue 1","monaco","riviere"],"articleSection":["Otras ligas","Portada"],"inLanguage":"es","potentialAction":[{"@type":"CommentAction","name":"Comment","target":["https:\/\/www.manquepierda.com\/futbolandia\/la-dupla-fari-se-basta-para-liderar-francia\/#respond"]}]},{"@type":"WebPage","@id":"https:\/\/www.manquepierda.com\/futbolandia\/la-dupla-fari-se-basta-para-liderar-francia\/","url":"https:\/\/www.manquepierda.com\/futbolandia\/la-dupla-fari-se-basta-para-liderar-francia\/","name":"La dupla FaRi se basta para liderar Francia &#8211; Futbolandia","isPartOf":{"@id":"https:\/\/www.manquepierda.com\/futbolandia\/#website"},"primaryImageOfPage":{"@id":"https:\/\/www.manquepierda.com\/futbolandia\/la-dupla-fari-se-basta-para-liderar-francia\/#primaryimage"},"image":{"@id":"https:\/\/www.manquepierda.com\/futbolandia\/la-dupla-fari-se-basta-para-liderar-francia\/#primaryimage"},"thumbnailUrl":"https:\/\/i0.wp.com\/www.manquepierda.com\/futbolandia\/files\/2013\/09\/Riviere-Falcao-Monaco.jpg?fit=659%2C350&ssl=1","datePublished":"2013-09-26T08:00:34+00:00","dateModified":"2015-07-09T08:30:37+00:00","author":{"@id":"https:\/\/www.manquepierda.com\/futbolandia\/#\/schema\/person\/fdb4eabc3c2e0e717a790a4ce10cd2b3"},"breadcrumb":{"@id":"https:\/\/www.manquepierda.com\/futbolandia\/la-dupla-fari-se-basta-para-liderar-francia\/#breadcrumb"},"inLanguage":"es","potentialAction":[{"@type":"ReadAction","target":["https:\/\/www.manquepierda.com\/futbolandia\/la-dupla-fari-se-basta-para-liderar-francia\/"]}]},{"@type":"ImageObject","inLanguage":"es","@id":"https:\/\/www.manquepierda.com\/futbolandia\/la-dupla-fari-se-basta-para-liderar-francia\/#primaryimage","url":"https:\/\/i0.wp.com\/www.manquepierda.com\/futbolandia\/files\/2013\/09\/Riviere-Falcao-Monaco.jpg?fit=659%2C350&ssl=1","contentUrl":"https:\/\/i0.wp.com\/www.manquepierda.com\/futbolandia\/files\/2013\/09\/Riviere-Falcao-Monaco.jpg?fit=659%2C350&ssl=1","width":659,"height":350,"caption":"Falcao y Riviere son el gol de este millonario M\u00f3naco Foto: radiofootballcomment.bligoo.es"},{"@type":"BreadcrumbList","@id":"https:\/\/www.manquepierda.com\/futbolandia\/la-dupla-fari-se-basta-para-liderar-francia\/#breadcrumb","itemListElement":[{"@type":"ListItem","position":1,"name":"Portada","item":"https:\/\/www.manquepierda.com\/futbolandia\/"},{"@type":"ListItem","position":2,"name":"La dupla FaRi se basta para liderar Francia"}]},{"@type":"WebSite","@id":"https:\/\/www.manquepierda.com\/futbolandia\/#website","url":"https:\/\/www.manquepierda.com\/futbolandia\/","name":"Futbolandia","description":"Reportajes e informaci\u00f3n sobre f\u00fatbol mundial y j\u00f3venes promesas","potentialAction":[{"@type":"SearchAction","target":{"@type":"EntryPoint","urlTemplate":"https:\/\/www.manquepierda.com\/futbolandia\/?s={search_term_string}"},"query-input":{"@type":"PropertyValueSpecification","valueRequired":true,"valueName":"search_term_string"}}],"inLanguage":"es"},{"@type":"Person","@id":"https:\/\/www.manquepierda.com\/futbolandia\/#\/schema\/person\/fdb4eabc3c2e0e717a790a4ce10cd2b3","name":"Jorge M. Gonz\u00e1lez","image":{"@type":"ImageObject","inLanguage":"es","@id":"https:\/\/secure.gravatar.com\/avatar\/40fe62083e523c4134f75fb1d06ea73b4503d9162f3c6e89800e90f1bbd7f262?s=96&d=mm&r=g","url":"https:\/\/secure.gravatar.com\/avatar\/40fe62083e523c4134f75fb1d06ea73b4503d9162f3c6e89800e90f1bbd7f262?s=96&d=mm&r=g","contentUrl":"https:\/\/secure.gravatar.com\/avatar\/40fe62083e523c4134f75fb1d06ea73b4503d9162f3c6e89800e90f1bbd7f262?s=96&d=mm&r=g","caption":"Jorge M. Gonz\u00e1lez"},"description":"Apasionado del f\u00fatbol internacional y Social Media Manager. Me gusta seguir ligas extranjeras y a las j\u00f3venes promesas de todo el mundo. S\u00edgueme en twitter para compartir afici\u00f3n: @jorgegonex","sameAs":["http:\/\/manquepierda.com\/","https:\/\/x.com\/https:\/\/twitter.com\/jorgegonex","https:\/\/www.youtube.com\/user\/FutbolandiaMQP"],"url":"https:\/\/www.manquepierda.com\/futbolandia\/author\/jorgegonzalez\/"}]}},"jetpack_publicize_connections":[],"jetpack_featured_media_url":"https:\/\/i0.wp.com\/www.manquepierda.com\/futbolandia\/files\/2013\/09\/Riviere-Falcao-Monaco.jpg?fit=659%2C350&ssl=1","jetpack_shortlink":"https:\/\/wp.me\/p1THIg-EZ","jetpack_sharing_enabled":true,"_links":{"self":[{"href":"https:\/\/www.manquepierda.com\/futbolandia\/wp-json\/wp\/v2\/posts\/2541","targetHints":{"allow":["GET"]}}],"collection":[{"href":"https:\/\/www.manquepierda.com\/futbolandia\/wp-json\/wp\/v2\/posts"}],"about":[{"href":"https:\/\/www.manquepierda.com\/futbolandia\/wp-json\/wp\/v2\/types\/post"}],"author":[{"embeddable":true,"href":"https:\/\/www.manquepierda.com\/futbolandia\/wp-json\/wp\/v2\/users\/93"}],"replies":[{"embeddable":true,"href":"https:\/\/www.manquepierda.com\/futbolandia\/wp-json\/wp\/v2\/comments?post=2541"}],"version-history":[{"count":0,"href":"https:\/\/www.manquepierda.com\/futbolandia\/wp-json\/wp\/v2\/posts\/2541\/revisions"}],"wp:featuredmedia":[{"embeddable":true,"href":"https:\/\/www.manquepierda.com\/futbolandia\/wp-json\/wp\/v2\/media\/2542"}],"wp:attachment":[{"href":"https:\/\/www.manquepierda.com\/futbolandia\/wp-json\/wp\/v2\/media?parent=2541"}],"wp:term":[{"taxonomy":"category","embeddable":true,"href":"https:\/\/www.manquepierda.com\/futbolandia\/wp-json\/wp\/v2\/categories?post=2541"},{"taxonomy":"post_tag","embeddable":true,"href":"https:\/\/www.manquepierda.com\/futbolandia\/wp-json\/wp\/v2\/tags?post=2541"}],"curies":[{"name":"wp","href":"https:\/\/api.w.org\/{rel}","templated":true}]}}