{"id":2640,"date":"2013-10-02T23:15:43","date_gmt":"2013-10-02T21:15:43","guid":{"rendered":"http:\/\/www.manquepierda.com\/futbolandia\/?p=2640"},"modified":"2015-07-09T10:21:22","modified_gmt":"2015-07-09T08:21:22","slug":"lista-de-italia-para-el-mundial-sub17-de-eau","status":"publish","type":"post","link":"https:\/\/www.manquepierda.com\/futbolandia\/lista-de-italia-para-el-mundial-sub17-de-eau\/","title":{"rendered":"Lista de Italia para el Mundial Sub&#8217;17 de EAU"},"content":{"rendered":"<p><strong>PORTEROS<\/strong><\/p>\n<p>&#8211; Emil Audero (Juventus),<\/p>\n<p>&#8211; Lorenzo Ferrari (Milan)<\/p>\n<p>&#8211; Simone Scuffet (Udinese)<\/p>\n<p><strong>DEFENSAS<\/strong><\/p>\n<p>&#8211; Arturo Calabresi (Roma)<\/p>\n<p>&#8211; Davide Calabria (Milan)<\/p>\n<p>&#8211; Elio Capradossi (Roma),<\/p>\n<p>&#8211; Francesco De Santis (Milan)<\/p>\n<p>&#8211; Federico Dimarco (Inter)<\/p>\n<p>&#8211; Matteo Lomolino (Modena)<\/p>\n<p>&#8211; Roberto Pirrello (Palermo)<\/p>\n<p><strong>CENTROCAMPISTAS<\/strong><\/p>\n<p>&#8211; Enrico Baldini (Inter)<\/p>\n<p>&#8211; Andrea Palazzi (Inter)<\/p>\n<p>&#8211; Vittorio Parigini (Juve Stabia)<\/p>\n<p>&#8211; Mario Pugliese (Atalanta)<\/p>\n<p>&#8211; Antonio Romano (Napoli)<\/p>\n<p>&#8211; Demetrio Steff\u00e8 (Chievo Verona)<\/p>\n<p>&#8211; Alberto Tibolla (Chievo Verona)<\/p>\n<p>&#8211; Genaro Tutino (Napoli)<\/p>\n<p><strong>DELANTEROS<\/strong><\/p>\n<p>&#8211; Alberto Cerri (Parma)<\/p>\n<p>&#8211; Michael Fabbro (Milan)<\/p>\n<p>&#8211; Luca Vido (Milan)<\/p>\n","protected":false},"excerpt":{"rendered":"<p>PORTEROS &#8211; Emil Audero (Juventus), &#8211; Lorenzo Ferrari (Milan) &#8211; Simone Scuffet (Udinese) DEFENSAS &#8211; Arturo Calabresi (Roma) &#8211; Davide Calabria (Milan) &#8211; Elio Capradossi (Roma), &#8211; Francesco De Santis (Milan) &#8211; Federico Dimarco (Inter) &#8211; Matteo Lomolino (Modena) &#8211; Roberto Pirrello (Palermo) CENTROCAMPISTAS &#8211; Enrico Baldini (Inter) &#8211; Andrea Palazzi (Inter) &#8211; Vittorio Parigini&#8230;<\/p>\n","protected":false},"author":326,"featured_media":2642,"comment_status":"open","ping_status":"open","sticky":false,"template":"","format":"standard","meta":{"_kad_post_transparent":"","_kad_post_title":"","_kad_post_layout":"","_kad_post_sidebar_id":"","_kad_post_content_style":"","_kad_post_vertical_padding":"","_kad_post_feature":"","_kad_post_feature_position":"","_kad_post_header":false,"_kad_post_footer":false,"_kad_post_classname":"","_jetpack_memberships_contains_paid_content":false,"footnotes":"","jetpack_publicize_message":"","jetpack_publicize_feature_enabled":true,"jetpack_social_post_already_shared":true,"jetpack_social_options":{"image_generator_settings":{"template":"highway","default_image_id":0,"font":"","enabled":false},"version":2}},"categories":[10,2015],"tags":[903,902,904,651,581,661,900],"class_list":["post-2640","post","type-post","status-publish","format-standard","has-post-thumbnail","hentry","category-portada","category-selecciones-combinados-nacionales","tag-eau","tag-emiratos","tag-fifa","tag-italia","tag-mundial","tag-sub17","tag-u17"],"yoast_head":"<!-- This site is optimized with the Yoast SEO plugin v27.5 - https:\/\/yoast.com\/product\/yoast-seo-wordpress\/ -->\n<title>Lista de Italia para el Mundial Sub&#039;17 de EAU &#8211; Futbolandia<\/title>\n<meta name=\"robots\" content=\"index, follow, max-snippet:-1, max-image-preview:large, max-video-preview:-1\" \/>\n<link rel=\"canonical\" href=\"https:\/\/www.manquepierda.com\/futbolandia\/lista-de-italia-para-el-mundial-sub17-de-eau\/\" \/>\n<meta property=\"og:locale\" content=\"es_ES\" \/>\n<meta property=\"og:type\" content=\"article\" \/>\n<meta property=\"og:title\" content=\"Lista de Italia para el Mundial Sub&#039;17 de EAU &#8211; Futbolandia\" \/>\n<meta property=\"og:description\" content=\"PORTEROS &#8211; Emil Audero (Juventus), &#8211; Lorenzo Ferrari (Milan) &#8211; Simone Scuffet (Udinese) DEFENSAS &#8211; Arturo Calabresi (Roma) &#8211; Davide Calabria (Milan) &#8211; Elio Capradossi (Roma), &#8211; Francesco De Santis (Milan) &#8211; Federico Dimarco (Inter) &#8211; Matteo Lomolino (Modena) &#8211; Roberto Pirrello (Palermo) CENTROCAMPISTAS &#8211; Enrico Baldini (Inter) &#8211; Andrea Palazzi (Inter) &#8211; Vittorio Parigini...\" \/>\n<meta property=\"og:url\" content=\"https:\/\/www.manquepierda.com\/futbolandia\/lista-de-italia-para-el-mundial-sub17-de-eau\/\" \/>\n<meta property=\"og:site_name\" content=\"Futbolandia\" \/>\n<meta property=\"article:published_time\" content=\"2013-10-02T21:15:43+00:00\" \/>\n<meta property=\"article:modified_time\" content=\"2015-07-09T08:21:22+00:00\" \/>\n<meta property=\"og:image\" content=\"https:\/\/i1.wp.com\/www.manquepierda.com\/futbolandia\/files\/2013\/10\/eb99c7e1e0_figc-federazione-italiana-giuoco-calcio.jpg?fit=540%2C320&ssl=1\" \/>\n\t<meta property=\"og:image:width\" content=\"540\" \/>\n\t<meta property=\"og:image:height\" content=\"320\" \/>\n\t<meta property=\"og:image:type\" content=\"image\/jpeg\" \/>\n<meta name=\"author\" content=\"Ezequiel Carrasco Navarro\" \/>\n<meta name=\"twitter:label1\" content=\"Escrito por\" \/>\n\t<meta name=\"twitter:data1\" content=\"Ezequiel Carrasco Navarro\" \/>\n<script type=\"application\/ld+json\" class=\"yoast-schema-graph\">{\"@context\":\"https:\\\/\\\/schema.org\",\"@graph\":[{\"@type\":\"Article\",\"@id\":\"https:\\\/\\\/www.manquepierda.com\\\/futbolandia\\\/lista-de-italia-para-el-mundial-sub17-de-eau\\\/#article\",\"isPartOf\":{\"@id\":\"https:\\\/\\\/www.manquepierda.com\\\/futbolandia\\\/lista-de-italia-para-el-mundial-sub17-de-eau\\\/\"},\"author\":{\"name\":\"Ezequiel Carrasco Navarro\",\"@id\":\"https:\\\/\\\/www.manquepierda.com\\\/futbolandia\\\/#\\\/schema\\\/person\\\/d0ffcaeee88a75229f29f23833b2caaf\"},\"headline\":\"Lista de Italia para el Mundial Sub&#8217;17 de EAU\",\"datePublished\":\"2013-10-02T21:15:43+00:00\",\"dateModified\":\"2015-07-09T08:21:22+00:00\",\"mainEntityOfPage\":{\"@id\":\"https:\\\/\\\/www.manquepierda.com\\\/futbolandia\\\/lista-de-italia-para-el-mundial-sub17-de-eau\\\/\"},\"wordCount\":101,\"commentCount\":0,\"image\":{\"@id\":\"https:\\\/\\\/www.manquepierda.com\\\/futbolandia\\\/lista-de-italia-para-el-mundial-sub17-de-eau\\\/#primaryimage\"},\"thumbnailUrl\":\"https:\\\/\\\/i0.wp.com\\\/www.manquepierda.com\\\/futbolandia\\\/files\\\/2013\\\/10\\\/eb99c7e1e0_figc-federazione-italiana-giuoco-calcio.jpg?fit=540%2C320&ssl=1\",\"keywords\":[\"EAU\",\"Emiratos\",\"FIFA\",\"italia\",\"mundial\",\"sub17\",\"u17\"],\"articleSection\":[\"Portada\",\"Selecciones y combinados nacionales\"],\"inLanguage\":\"es\",\"potentialAction\":[{\"@type\":\"CommentAction\",\"name\":\"Comment\",\"target\":[\"https:\\\/\\\/www.manquepierda.com\\\/futbolandia\\\/lista-de-italia-para-el-mundial-sub17-de-eau\\\/#respond\"]}]},{\"@type\":\"WebPage\",\"@id\":\"https:\\\/\\\/www.manquepierda.com\\\/futbolandia\\\/lista-de-italia-para-el-mundial-sub17-de-eau\\\/\",\"url\":\"https:\\\/\\\/www.manquepierda.com\\\/futbolandia\\\/lista-de-italia-para-el-mundial-sub17-de-eau\\\/\",\"name\":\"Lista de Italia para el Mundial Sub'17 de EAU &#8211; Futbolandia\",\"isPartOf\":{\"@id\":\"https:\\\/\\\/www.manquepierda.com\\\/futbolandia\\\/#website\"},\"primaryImageOfPage\":{\"@id\":\"https:\\\/\\\/www.manquepierda.com\\\/futbolandia\\\/lista-de-italia-para-el-mundial-sub17-de-eau\\\/#primaryimage\"},\"image\":{\"@id\":\"https:\\\/\\\/www.manquepierda.com\\\/futbolandia\\\/lista-de-italia-para-el-mundial-sub17-de-eau\\\/#primaryimage\"},\"thumbnailUrl\":\"https:\\\/\\\/i0.wp.com\\\/www.manquepierda.com\\\/futbolandia\\\/files\\\/2013\\\/10\\\/eb99c7e1e0_figc-federazione-italiana-giuoco-calcio.jpg?fit=540%2C320&ssl=1\",\"datePublished\":\"2013-10-02T21:15:43+00:00\",\"dateModified\":\"2015-07-09T08:21:22+00:00\",\"author\":{\"@id\":\"https:\\\/\\\/www.manquepierda.com\\\/futbolandia\\\/#\\\/schema\\\/person\\\/d0ffcaeee88a75229f29f23833b2caaf\"},\"breadcrumb\":{\"@id\":\"https:\\\/\\\/www.manquepierda.com\\\/futbolandia\\\/lista-de-italia-para-el-mundial-sub17-de-eau\\\/#breadcrumb\"},\"inLanguage\":\"es\",\"potentialAction\":[{\"@type\":\"ReadAction\",\"target\":[\"https:\\\/\\\/www.manquepierda.com\\\/futbolandia\\\/lista-de-italia-para-el-mundial-sub17-de-eau\\\/\"]}]},{\"@type\":\"ImageObject\",\"inLanguage\":\"es\",\"@id\":\"https:\\\/\\\/www.manquepierda.com\\\/futbolandia\\\/lista-de-italia-para-el-mundial-sub17-de-eau\\\/#primaryimage\",\"url\":\"https:\\\/\\\/i0.wp.com\\\/www.manquepierda.com\\\/futbolandia\\\/files\\\/2013\\\/10\\\/eb99c7e1e0_figc-federazione-italiana-giuoco-calcio.jpg?fit=540%2C320&ssl=1\",\"contentUrl\":\"https:\\\/\\\/i0.wp.com\\\/www.manquepierda.com\\\/futbolandia\\\/files\\\/2013\\\/10\\\/eb99c7e1e0_figc-federazione-italiana-giuoco-calcio.jpg?fit=540%2C320&ssl=1\",\"width\":540,\"height\":320},{\"@type\":\"BreadcrumbList\",\"@id\":\"https:\\\/\\\/www.manquepierda.com\\\/futbolandia\\\/lista-de-italia-para-el-mundial-sub17-de-eau\\\/#breadcrumb\",\"itemListElement\":[{\"@type\":\"ListItem\",\"position\":1,\"name\":\"Portada\",\"item\":\"https:\\\/\\\/www.manquepierda.com\\\/futbolandia\\\/\"},{\"@type\":\"ListItem\",\"position\":2,\"name\":\"Lista de Italia para el Mundial Sub&#8217;17 de EAU\"}]},{\"@type\":\"WebSite\",\"@id\":\"https:\\\/\\\/www.manquepierda.com\\\/futbolandia\\\/#website\",\"url\":\"https:\\\/\\\/www.manquepierda.com\\\/futbolandia\\\/\",\"name\":\"Futbolandia\",\"description\":\"Reportajes e informaci\u00f3n sobre f\u00fatbol mundial y j\u00f3venes promesas\",\"potentialAction\":[{\"@type\":\"SearchAction\",\"target\":{\"@type\":\"EntryPoint\",\"urlTemplate\":\"https:\\\/\\\/www.manquepierda.com\\\/futbolandia\\\/?s={search_term_string}\"},\"query-input\":{\"@type\":\"PropertyValueSpecification\",\"valueRequired\":true,\"valueName\":\"search_term_string\"}}],\"inLanguage\":\"es\"},{\"@type\":\"Person\",\"@id\":\"https:\\\/\\\/www.manquepierda.com\\\/futbolandia\\\/#\\\/schema\\\/person\\\/d0ffcaeee88a75229f29f23833b2caaf\",\"name\":\"Ezequiel Carrasco Navarro\",\"image\":{\"@type\":\"ImageObject\",\"inLanguage\":\"es\",\"@id\":\"https:\\\/\\\/secure.gravatar.com\\\/avatar\\\/49e207b3ab6355686c1da2932e4f7462715c8680c8e9ae12c2872439d3a8c92d?s=96&d=mm&r=g\",\"url\":\"https:\\\/\\\/secure.gravatar.com\\\/avatar\\\/49e207b3ab6355686c1da2932e4f7462715c8680c8e9ae12c2872439d3a8c92d?s=96&d=mm&r=g\",\"contentUrl\":\"https:\\\/\\\/secure.gravatar.com\\\/avatar\\\/49e207b3ab6355686c1da2932e4f7462715c8680c8e9ae12c2872439d3a8c92d?s=96&d=mm&r=g\",\"caption\":\"Ezequiel Carrasco Navarro\"},\"description\":\"Natural de Arahal aunque residente en la ciudad de M\u00e1laga. Fiel al Real Betis. Apasionado del deporte y de las j\u00f3venes promesas del f\u00fatbol internacional. Podeis seguirme y contactar conmigo en Twitter: @EzequielCarNav\",\"url\":\"https:\\\/\\\/www.manquepierda.com\\\/futbolandia\\\/author\\\/ezequielcarnav\\\/\"}]}<\/script>\n<!-- \/ Yoast SEO plugin. -->","yoast_head_json":{"title":"Lista de Italia para el Mundial Sub'17 de EAU &#8211; Futbolandia","robots":{"index":"index","follow":"follow","max-snippet":"max-snippet:-1","max-image-preview":"max-image-preview:large","max-video-preview":"max-video-preview:-1"},"canonical":"https:\/\/www.manquepierda.com\/futbolandia\/lista-de-italia-para-el-mundial-sub17-de-eau\/","og_locale":"es_ES","og_type":"article","og_title":"Lista de Italia para el Mundial Sub'17 de EAU &#8211; Futbolandia","og_description":"PORTEROS &#8211; Emil Audero (Juventus), &#8211; Lorenzo Ferrari (Milan) &#8211; Simone Scuffet (Udinese) DEFENSAS &#8211; Arturo Calabresi (Roma) &#8211; Davide Calabria (Milan) &#8211; Elio Capradossi (Roma), &#8211; Francesco De Santis (Milan) &#8211; Federico Dimarco (Inter) &#8211; Matteo Lomolino (Modena) &#8211; Roberto Pirrello (Palermo) CENTROCAMPISTAS &#8211; Enrico Baldini (Inter) &#8211; Andrea Palazzi (Inter) &#8211; Vittorio Parigini...","og_url":"https:\/\/www.manquepierda.com\/futbolandia\/lista-de-italia-para-el-mundial-sub17-de-eau\/","og_site_name":"Futbolandia","article_published_time":"2013-10-02T21:15:43+00:00","article_modified_time":"2015-07-09T08:21:22+00:00","og_image":[{"width":540,"height":320,"url":"https:\/\/i1.wp.com\/www.manquepierda.com\/futbolandia\/files\/2013\/10\/eb99c7e1e0_figc-federazione-italiana-giuoco-calcio.jpg?fit=540%2C320&ssl=1","type":"image\/jpeg"}],"author":"Ezequiel Carrasco Navarro","twitter_misc":{"Escrito por":"Ezequiel Carrasco Navarro"},"schema":{"@context":"https:\/\/schema.org","@graph":[{"@type":"Article","@id":"https:\/\/www.manquepierda.com\/futbolandia\/lista-de-italia-para-el-mundial-sub17-de-eau\/#article","isPartOf":{"@id":"https:\/\/www.manquepierda.com\/futbolandia\/lista-de-italia-para-el-mundial-sub17-de-eau\/"},"author":{"name":"Ezequiel Carrasco Navarro","@id":"https:\/\/www.manquepierda.com\/futbolandia\/#\/schema\/person\/d0ffcaeee88a75229f29f23833b2caaf"},"headline":"Lista de Italia para el Mundial Sub&#8217;17 de EAU","datePublished":"2013-10-02T21:15:43+00:00","dateModified":"2015-07-09T08:21:22+00:00","mainEntityOfPage":{"@id":"https:\/\/www.manquepierda.com\/futbolandia\/lista-de-italia-para-el-mundial-sub17-de-eau\/"},"wordCount":101,"commentCount":0,"image":{"@id":"https:\/\/www.manquepierda.com\/futbolandia\/lista-de-italia-para-el-mundial-sub17-de-eau\/#primaryimage"},"thumbnailUrl":"https:\/\/i0.wp.com\/www.manquepierda.com\/futbolandia\/files\/2013\/10\/eb99c7e1e0_figc-federazione-italiana-giuoco-calcio.jpg?fit=540%2C320&ssl=1","keywords":["EAU","Emiratos","FIFA","italia","mundial","sub17","u17"],"articleSection":["Portada","Selecciones y combinados nacionales"],"inLanguage":"es","potentialAction":[{"@type":"CommentAction","name":"Comment","target":["https:\/\/www.manquepierda.com\/futbolandia\/lista-de-italia-para-el-mundial-sub17-de-eau\/#respond"]}]},{"@type":"WebPage","@id":"https:\/\/www.manquepierda.com\/futbolandia\/lista-de-italia-para-el-mundial-sub17-de-eau\/","url":"https:\/\/www.manquepierda.com\/futbolandia\/lista-de-italia-para-el-mundial-sub17-de-eau\/","name":"Lista de Italia para el Mundial Sub'17 de EAU &#8211; Futbolandia","isPartOf":{"@id":"https:\/\/www.manquepierda.com\/futbolandia\/#website"},"primaryImageOfPage":{"@id":"https:\/\/www.manquepierda.com\/futbolandia\/lista-de-italia-para-el-mundial-sub17-de-eau\/#primaryimage"},"image":{"@id":"https:\/\/www.manquepierda.com\/futbolandia\/lista-de-italia-para-el-mundial-sub17-de-eau\/#primaryimage"},"thumbnailUrl":"https:\/\/i0.wp.com\/www.manquepierda.com\/futbolandia\/files\/2013\/10\/eb99c7e1e0_figc-federazione-italiana-giuoco-calcio.jpg?fit=540%2C320&ssl=1","datePublished":"2013-10-02T21:15:43+00:00","dateModified":"2015-07-09T08:21:22+00:00","author":{"@id":"https:\/\/www.manquepierda.com\/futbolandia\/#\/schema\/person\/d0ffcaeee88a75229f29f23833b2caaf"},"breadcrumb":{"@id":"https:\/\/www.manquepierda.com\/futbolandia\/lista-de-italia-para-el-mundial-sub17-de-eau\/#breadcrumb"},"inLanguage":"es","potentialAction":[{"@type":"ReadAction","target":["https:\/\/www.manquepierda.com\/futbolandia\/lista-de-italia-para-el-mundial-sub17-de-eau\/"]}]},{"@type":"ImageObject","inLanguage":"es","@id":"https:\/\/www.manquepierda.com\/futbolandia\/lista-de-italia-para-el-mundial-sub17-de-eau\/#primaryimage","url":"https:\/\/i0.wp.com\/www.manquepierda.com\/futbolandia\/files\/2013\/10\/eb99c7e1e0_figc-federazione-italiana-giuoco-calcio.jpg?fit=540%2C320&ssl=1","contentUrl":"https:\/\/i0.wp.com\/www.manquepierda.com\/futbolandia\/files\/2013\/10\/eb99c7e1e0_figc-federazione-italiana-giuoco-calcio.jpg?fit=540%2C320&ssl=1","width":540,"height":320},{"@type":"BreadcrumbList","@id":"https:\/\/www.manquepierda.com\/futbolandia\/lista-de-italia-para-el-mundial-sub17-de-eau\/#breadcrumb","itemListElement":[{"@type":"ListItem","position":1,"name":"Portada","item":"https:\/\/www.manquepierda.com\/futbolandia\/"},{"@type":"ListItem","position":2,"name":"Lista de Italia para el Mundial Sub&#8217;17 de EAU"}]},{"@type":"WebSite","@id":"https:\/\/www.manquepierda.com\/futbolandia\/#website","url":"https:\/\/www.manquepierda.com\/futbolandia\/","name":"Futbolandia","description":"Reportajes e informaci\u00f3n sobre f\u00fatbol mundial y j\u00f3venes promesas","potentialAction":[{"@type":"SearchAction","target":{"@type":"EntryPoint","urlTemplate":"https:\/\/www.manquepierda.com\/futbolandia\/?s={search_term_string}"},"query-input":{"@type":"PropertyValueSpecification","valueRequired":true,"valueName":"search_term_string"}}],"inLanguage":"es"},{"@type":"Person","@id":"https:\/\/www.manquepierda.com\/futbolandia\/#\/schema\/person\/d0ffcaeee88a75229f29f23833b2caaf","name":"Ezequiel Carrasco Navarro","image":{"@type":"ImageObject","inLanguage":"es","@id":"https:\/\/secure.gravatar.com\/avatar\/49e207b3ab6355686c1da2932e4f7462715c8680c8e9ae12c2872439d3a8c92d?s=96&d=mm&r=g","url":"https:\/\/secure.gravatar.com\/avatar\/49e207b3ab6355686c1da2932e4f7462715c8680c8e9ae12c2872439d3a8c92d?s=96&d=mm&r=g","contentUrl":"https:\/\/secure.gravatar.com\/avatar\/49e207b3ab6355686c1da2932e4f7462715c8680c8e9ae12c2872439d3a8c92d?s=96&d=mm&r=g","caption":"Ezequiel Carrasco Navarro"},"description":"Natural de Arahal aunque residente en la ciudad de M\u00e1laga. Fiel al Real Betis. Apasionado del deporte y de las j\u00f3venes promesas del f\u00fatbol internacional. Podeis seguirme y contactar conmigo en Twitter: @EzequielCarNav","url":"https:\/\/www.manquepierda.com\/futbolandia\/author\/ezequielcarnav\/"}]}},"jetpack_publicize_connections":[],"jetpack_featured_media_url":"https:\/\/i0.wp.com\/www.manquepierda.com\/futbolandia\/files\/2013\/10\/eb99c7e1e0_figc-federazione-italiana-giuoco-calcio.jpg?fit=540%2C320&ssl=1","jetpack_shortlink":"https:\/\/wp.me\/p1THIg-GA","jetpack_sharing_enabled":true,"_links":{"self":[{"href":"https:\/\/www.manquepierda.com\/futbolandia\/wp-json\/wp\/v2\/posts\/2640","targetHints":{"allow":["GET"]}}],"collection":[{"href":"https:\/\/www.manquepierda.com\/futbolandia\/wp-json\/wp\/v2\/posts"}],"about":[{"href":"https:\/\/www.manquepierda.com\/futbolandia\/wp-json\/wp\/v2\/types\/post"}],"author":[{"embeddable":true,"href":"https:\/\/www.manquepierda.com\/futbolandia\/wp-json\/wp\/v2\/users\/326"}],"replies":[{"embeddable":true,"href":"https:\/\/www.manquepierda.com\/futbolandia\/wp-json\/wp\/v2\/comments?post=2640"}],"version-history":[{"count":0,"href":"https:\/\/www.manquepierda.com\/futbolandia\/wp-json\/wp\/v2\/posts\/2640\/revisions"}],"wp:featuredmedia":[{"embeddable":true,"href":"https:\/\/www.manquepierda.com\/futbolandia\/wp-json\/wp\/v2\/media\/2642"}],"wp:attachment":[{"href":"https:\/\/www.manquepierda.com\/futbolandia\/wp-json\/wp\/v2\/media?parent=2640"}],"wp:term":[{"taxonomy":"category","embeddable":true,"href":"https:\/\/www.manquepierda.com\/futbolandia\/wp-json\/wp\/v2\/categories?post=2640"},{"taxonomy":"post_tag","embeddable":true,"href":"https:\/\/www.manquepierda.com\/futbolandia\/wp-json\/wp\/v2\/tags?post=2640"}],"curies":[{"name":"wp","href":"https:\/\/api.w.org\/{rel}","templated":true}]}}