{"id":2712,"date":"2013-10-16T22:39:03","date_gmt":"2013-10-16T20:39:03","guid":{"rendered":"http:\/\/www.manquepierda.com\/futbolandia\/?p=2712"},"modified":"2015-07-09T09:42:58","modified_gmt":"2015-07-09T07:42:58","slug":"lista-de-venezuela-para-el-mundial-sub17-de-eau","status":"publish","type":"post","link":"https:\/\/www.manquepierda.com\/futbolandia\/lista-de-venezuela-para-el-mundial-sub17-de-eau\/","title":{"rendered":"Lista de Venezuela para el Mundial Sub&#8217;17 de EAU"},"content":{"rendered":"<p><strong>PORTEROS<\/strong><\/p>\n<p>1 &#8211; Enmis Rodr\u00edguez (Carabobo FC)<\/p>\n<p>12 &#8211; Beycker Vel\u00e1squez (Caracas FC)<\/p>\n<p>21 &#8211; Pedro Ramos (Caracas FC)<\/p>\n<p><strong>DEFENSAS<\/strong><\/p>\n<p>2 &#8211; Juan Tineo (Atl\u00e9tico Venezuela CF)<\/p>\n<p>3 &#8211; Jorge Ruiz (Deportivo La Guaira)<\/p>\n<p>4 &#8211; Jos\u00e9 Marrufo (Caracas FC)<\/p>\n<p>6 &#8211; Franko D\u00edaz (CD Lara)<\/p>\n<p>19 &#8211; Diego Os\u00edo (Carabobo FC)<\/p>\n<p><strong>CENTROCAMPISTAS<\/strong><\/p>\n<p>5 &#8211; Andr\u00e9s Ben\u00edtez (Trujillanos FC)<\/p>\n<p>8 &#8211; Eduardo Maceira (Deportivo La Guaira)<\/p>\n<p>10 &#8211; David Zalzman (Deportivo Anzoategui SC)<\/p>\n<p>11 &#8211; Luis Rodr\u00edguez (Pachuca FC)<\/p>\n<p>13 &#8211; Jos\u00e9 Hern\u00e1ndez (Caracas FC)<\/p>\n<p>14 &#8211; Francisco La Mantia (Estudiantes de M\u00e9rida FC)<\/p>\n<p>16 &#8211; Samuel Marquina (CD Gulima FC)<\/p>\n<p>17 &#8211; Carlos Victoria (Carabobo FC)<\/p>\n<p>18 &#8211; Leomar Pinto (Caracas FC)<\/p>\n<p><strong>DELANTEROS<\/strong><\/p>\n<p>7 &#8211; Andris Herrera (Caracas FC)<\/p>\n<p>9 &#8211; Jos\u00e9 M\u00e1rquez (Aragua FC)<\/p>\n<p>15 &#8211; Jos\u00e9 Caraballo (Caracas FC)<\/p>\n<p>20 &#8211; Hector Cantele (Caracas FC)<\/p>\n","protected":false},"excerpt":{"rendered":"<p>PORTEROS 1 &#8211; Enmis Rodr\u00edguez (Carabobo FC) 12 &#8211; Beycker Vel\u00e1squez (Caracas FC) 21 &#8211; Pedro Ramos (Caracas FC) DEFENSAS 2 &#8211; Juan Tineo (Atl\u00e9tico Venezuela CF) 3 &#8211; Jorge Ruiz (Deportivo La Guaira) 4 &#8211; Jos\u00e9 Marrufo (Caracas FC) 6 &#8211; Franko D\u00edaz (CD Lara) 19 &#8211; Diego Os\u00edo (Carabobo FC) CENTROCAMPISTAS 5 &#8211;&#8230;<\/p>\n","protected":false},"author":326,"featured_media":2713,"comment_status":"open","ping_status":"open","sticky":false,"template":"","format":"standard","meta":{"_kad_post_transparent":"","_kad_post_title":"","_kad_post_layout":"","_kad_post_sidebar_id":"","_kad_post_content_style":"","_kad_post_vertical_padding":"","_kad_post_feature":"","_kad_post_feature_position":"","_kad_post_header":false,"_kad_post_footer":false,"_kad_post_classname":"","_jetpack_memberships_contains_paid_content":false,"footnotes":"","jetpack_publicize_message":"","jetpack_publicize_feature_enabled":true,"jetpack_social_post_already_shared":true,"jetpack_social_options":{"image_generator_settings":{"template":"highway","default_image_id":0,"font":"","enabled":false},"version":2}},"categories":[10,2015],"tags":[903,902,904,581,661,900,822,823],"class_list":["post-2712","post","type-post","status-publish","format-standard","has-post-thumbnail","hentry","category-portada","category-selecciones-combinados-nacionales","tag-eau","tag-emiratos","tag-fifa","tag-mundial","tag-sub17","tag-u17","tag-venezuela","tag-vinotinto"],"yoast_head":"<!-- This site is optimized with the Yoast SEO plugin v27.5 - https:\/\/yoast.com\/product\/yoast-seo-wordpress\/ -->\n<title>Lista de Venezuela para el Mundial Sub&#039;17 de EAU &#8211; Futbolandia<\/title>\n<meta name=\"robots\" content=\"index, follow, max-snippet:-1, max-image-preview:large, max-video-preview:-1\" \/>\n<link rel=\"canonical\" href=\"https:\/\/www.manquepierda.com\/futbolandia\/lista-de-venezuela-para-el-mundial-sub17-de-eau\/\" \/>\n<meta property=\"og:locale\" content=\"es_ES\" \/>\n<meta property=\"og:type\" content=\"article\" \/>\n<meta property=\"og:title\" content=\"Lista de Venezuela para el Mundial Sub&#039;17 de EAU &#8211; Futbolandia\" \/>\n<meta property=\"og:description\" content=\"PORTEROS 1 &#8211; Enmis Rodr\u00edguez (Carabobo FC) 12 &#8211; Beycker Vel\u00e1squez (Caracas FC) 21 &#8211; Pedro Ramos (Caracas FC) DEFENSAS 2 &#8211; Juan Tineo (Atl\u00e9tico Venezuela CF) 3 &#8211; Jorge Ruiz (Deportivo La Guaira) 4 &#8211; Jos\u00e9 Marrufo (Caracas FC) 6 &#8211; Franko D\u00edaz (CD Lara) 19 &#8211; Diego Os\u00edo (Carabobo FC) CENTROCAMPISTAS 5 &#8211;...\" \/>\n<meta property=\"og:url\" content=\"https:\/\/www.manquepierda.com\/futbolandia\/lista-de-venezuela-para-el-mundial-sub17-de-eau\/\" \/>\n<meta property=\"og:site_name\" content=\"Futbolandia\" \/>\n<meta property=\"article:published_time\" content=\"2013-10-16T20:39:03+00:00\" \/>\n<meta property=\"article:modified_time\" content=\"2015-07-09T07:42:58+00:00\" \/>\n<meta property=\"og:image\" content=\"https:\/\/i2.wp.com\/www.manquepierda.com\/futbolandia\/files\/2013\/10\/fvf-logo.jpg?fit=495%2C225&ssl=1\" \/>\n\t<meta property=\"og:image:width\" content=\"495\" \/>\n\t<meta property=\"og:image:height\" content=\"225\" \/>\n\t<meta property=\"og:image:type\" content=\"image\/jpeg\" \/>\n<meta name=\"author\" content=\"Ezequiel Carrasco Navarro\" \/>\n<meta name=\"twitter:label1\" content=\"Escrito por\" \/>\n\t<meta name=\"twitter:data1\" content=\"Ezequiel Carrasco Navarro\" \/>\n\t<meta name=\"twitter:label2\" content=\"Tiempo de lectura\" \/>\n\t<meta name=\"twitter:data2\" content=\"1 minuto\" \/>\n<script type=\"application\/ld+json\" class=\"yoast-schema-graph\">{\"@context\":\"https:\\\/\\\/schema.org\",\"@graph\":[{\"@type\":\"Article\",\"@id\":\"https:\\\/\\\/www.manquepierda.com\\\/futbolandia\\\/lista-de-venezuela-para-el-mundial-sub17-de-eau\\\/#article\",\"isPartOf\":{\"@id\":\"https:\\\/\\\/www.manquepierda.com\\\/futbolandia\\\/lista-de-venezuela-para-el-mundial-sub17-de-eau\\\/\"},\"author\":{\"name\":\"Ezequiel Carrasco Navarro\",\"@id\":\"https:\\\/\\\/www.manquepierda.com\\\/futbolandia\\\/#\\\/schema\\\/person\\\/d0ffcaeee88a75229f29f23833b2caaf\"},\"headline\":\"Lista de Venezuela para el Mundial Sub&#8217;17 de EAU\",\"datePublished\":\"2013-10-16T20:39:03+00:00\",\"dateModified\":\"2015-07-09T07:42:58+00:00\",\"mainEntityOfPage\":{\"@id\":\"https:\\\/\\\/www.manquepierda.com\\\/futbolandia\\\/lista-de-venezuela-para-el-mundial-sub17-de-eau\\\/\"},\"wordCount\":137,\"commentCount\":0,\"image\":{\"@id\":\"https:\\\/\\\/www.manquepierda.com\\\/futbolandia\\\/lista-de-venezuela-para-el-mundial-sub17-de-eau\\\/#primaryimage\"},\"thumbnailUrl\":\"https:\\\/\\\/i0.wp.com\\\/www.manquepierda.com\\\/futbolandia\\\/files\\\/2013\\\/10\\\/fvf-logo.jpg?fit=495%2C225&ssl=1\",\"keywords\":[\"EAU\",\"Emiratos\",\"FIFA\",\"mundial\",\"sub17\",\"u17\",\"Venezuela\",\"vinotinto\"],\"articleSection\":[\"Portada\",\"Selecciones y combinados nacionales\"],\"inLanguage\":\"es\",\"potentialAction\":[{\"@type\":\"CommentAction\",\"name\":\"Comment\",\"target\":[\"https:\\\/\\\/www.manquepierda.com\\\/futbolandia\\\/lista-de-venezuela-para-el-mundial-sub17-de-eau\\\/#respond\"]}]},{\"@type\":\"WebPage\",\"@id\":\"https:\\\/\\\/www.manquepierda.com\\\/futbolandia\\\/lista-de-venezuela-para-el-mundial-sub17-de-eau\\\/\",\"url\":\"https:\\\/\\\/www.manquepierda.com\\\/futbolandia\\\/lista-de-venezuela-para-el-mundial-sub17-de-eau\\\/\",\"name\":\"Lista de Venezuela para el Mundial Sub'17 de EAU &#8211; Futbolandia\",\"isPartOf\":{\"@id\":\"https:\\\/\\\/www.manquepierda.com\\\/futbolandia\\\/#website\"},\"primaryImageOfPage\":{\"@id\":\"https:\\\/\\\/www.manquepierda.com\\\/futbolandia\\\/lista-de-venezuela-para-el-mundial-sub17-de-eau\\\/#primaryimage\"},\"image\":{\"@id\":\"https:\\\/\\\/www.manquepierda.com\\\/futbolandia\\\/lista-de-venezuela-para-el-mundial-sub17-de-eau\\\/#primaryimage\"},\"thumbnailUrl\":\"https:\\\/\\\/i0.wp.com\\\/www.manquepierda.com\\\/futbolandia\\\/files\\\/2013\\\/10\\\/fvf-logo.jpg?fit=495%2C225&ssl=1\",\"datePublished\":\"2013-10-16T20:39:03+00:00\",\"dateModified\":\"2015-07-09T07:42:58+00:00\",\"author\":{\"@id\":\"https:\\\/\\\/www.manquepierda.com\\\/futbolandia\\\/#\\\/schema\\\/person\\\/d0ffcaeee88a75229f29f23833b2caaf\"},\"breadcrumb\":{\"@id\":\"https:\\\/\\\/www.manquepierda.com\\\/futbolandia\\\/lista-de-venezuela-para-el-mundial-sub17-de-eau\\\/#breadcrumb\"},\"inLanguage\":\"es\",\"potentialAction\":[{\"@type\":\"ReadAction\",\"target\":[\"https:\\\/\\\/www.manquepierda.com\\\/futbolandia\\\/lista-de-venezuela-para-el-mundial-sub17-de-eau\\\/\"]}]},{\"@type\":\"ImageObject\",\"inLanguage\":\"es\",\"@id\":\"https:\\\/\\\/www.manquepierda.com\\\/futbolandia\\\/lista-de-venezuela-para-el-mundial-sub17-de-eau\\\/#primaryimage\",\"url\":\"https:\\\/\\\/i0.wp.com\\\/www.manquepierda.com\\\/futbolandia\\\/files\\\/2013\\\/10\\\/fvf-logo.jpg?fit=495%2C225&ssl=1\",\"contentUrl\":\"https:\\\/\\\/i0.wp.com\\\/www.manquepierda.com\\\/futbolandia\\\/files\\\/2013\\\/10\\\/fvf-logo.jpg?fit=495%2C225&ssl=1\",\"width\":495,\"height\":225},{\"@type\":\"BreadcrumbList\",\"@id\":\"https:\\\/\\\/www.manquepierda.com\\\/futbolandia\\\/lista-de-venezuela-para-el-mundial-sub17-de-eau\\\/#breadcrumb\",\"itemListElement\":[{\"@type\":\"ListItem\",\"position\":1,\"name\":\"Portada\",\"item\":\"https:\\\/\\\/www.manquepierda.com\\\/futbolandia\\\/\"},{\"@type\":\"ListItem\",\"position\":2,\"name\":\"Lista de Venezuela para el Mundial Sub&#8217;17 de EAU\"}]},{\"@type\":\"WebSite\",\"@id\":\"https:\\\/\\\/www.manquepierda.com\\\/futbolandia\\\/#website\",\"url\":\"https:\\\/\\\/www.manquepierda.com\\\/futbolandia\\\/\",\"name\":\"Futbolandia\",\"description\":\"Reportajes e informaci\u00f3n sobre f\u00fatbol mundial y j\u00f3venes promesas\",\"potentialAction\":[{\"@type\":\"SearchAction\",\"target\":{\"@type\":\"EntryPoint\",\"urlTemplate\":\"https:\\\/\\\/www.manquepierda.com\\\/futbolandia\\\/?s={search_term_string}\"},\"query-input\":{\"@type\":\"PropertyValueSpecification\",\"valueRequired\":true,\"valueName\":\"search_term_string\"}}],\"inLanguage\":\"es\"},{\"@type\":\"Person\",\"@id\":\"https:\\\/\\\/www.manquepierda.com\\\/futbolandia\\\/#\\\/schema\\\/person\\\/d0ffcaeee88a75229f29f23833b2caaf\",\"name\":\"Ezequiel Carrasco Navarro\",\"image\":{\"@type\":\"ImageObject\",\"inLanguage\":\"es\",\"@id\":\"https:\\\/\\\/secure.gravatar.com\\\/avatar\\\/49e207b3ab6355686c1da2932e4f7462715c8680c8e9ae12c2872439d3a8c92d?s=96&d=mm&r=g\",\"url\":\"https:\\\/\\\/secure.gravatar.com\\\/avatar\\\/49e207b3ab6355686c1da2932e4f7462715c8680c8e9ae12c2872439d3a8c92d?s=96&d=mm&r=g\",\"contentUrl\":\"https:\\\/\\\/secure.gravatar.com\\\/avatar\\\/49e207b3ab6355686c1da2932e4f7462715c8680c8e9ae12c2872439d3a8c92d?s=96&d=mm&r=g\",\"caption\":\"Ezequiel Carrasco Navarro\"},\"description\":\"Natural de Arahal aunque residente en la ciudad de M\u00e1laga. Fiel al Real Betis. Apasionado del deporte y de las j\u00f3venes promesas del f\u00fatbol internacional. Podeis seguirme y contactar conmigo en Twitter: @EzequielCarNav\",\"url\":\"https:\\\/\\\/www.manquepierda.com\\\/futbolandia\\\/author\\\/ezequielcarnav\\\/\"}]}<\/script>\n<!-- \/ Yoast SEO plugin. -->","yoast_head_json":{"title":"Lista de Venezuela para el Mundial Sub'17 de EAU &#8211; Futbolandia","robots":{"index":"index","follow":"follow","max-snippet":"max-snippet:-1","max-image-preview":"max-image-preview:large","max-video-preview":"max-video-preview:-1"},"canonical":"https:\/\/www.manquepierda.com\/futbolandia\/lista-de-venezuela-para-el-mundial-sub17-de-eau\/","og_locale":"es_ES","og_type":"article","og_title":"Lista de Venezuela para el Mundial Sub'17 de EAU &#8211; Futbolandia","og_description":"PORTEROS 1 &#8211; Enmis Rodr\u00edguez (Carabobo FC) 12 &#8211; Beycker Vel\u00e1squez (Caracas FC) 21 &#8211; Pedro Ramos (Caracas FC) DEFENSAS 2 &#8211; Juan Tineo (Atl\u00e9tico Venezuela CF) 3 &#8211; Jorge Ruiz (Deportivo La Guaira) 4 &#8211; Jos\u00e9 Marrufo (Caracas FC) 6 &#8211; Franko D\u00edaz (CD Lara) 19 &#8211; Diego Os\u00edo (Carabobo FC) CENTROCAMPISTAS 5 &#8211;...","og_url":"https:\/\/www.manquepierda.com\/futbolandia\/lista-de-venezuela-para-el-mundial-sub17-de-eau\/","og_site_name":"Futbolandia","article_published_time":"2013-10-16T20:39:03+00:00","article_modified_time":"2015-07-09T07:42:58+00:00","og_image":[{"width":495,"height":225,"url":"https:\/\/i2.wp.com\/www.manquepierda.com\/futbolandia\/files\/2013\/10\/fvf-logo.jpg?fit=495%2C225&ssl=1","type":"image\/jpeg"}],"author":"Ezequiel Carrasco Navarro","twitter_misc":{"Escrito por":"Ezequiel Carrasco Navarro","Tiempo de lectura":"1 minuto"},"schema":{"@context":"https:\/\/schema.org","@graph":[{"@type":"Article","@id":"https:\/\/www.manquepierda.com\/futbolandia\/lista-de-venezuela-para-el-mundial-sub17-de-eau\/#article","isPartOf":{"@id":"https:\/\/www.manquepierda.com\/futbolandia\/lista-de-venezuela-para-el-mundial-sub17-de-eau\/"},"author":{"name":"Ezequiel Carrasco Navarro","@id":"https:\/\/www.manquepierda.com\/futbolandia\/#\/schema\/person\/d0ffcaeee88a75229f29f23833b2caaf"},"headline":"Lista de Venezuela para el Mundial Sub&#8217;17 de EAU","datePublished":"2013-10-16T20:39:03+00:00","dateModified":"2015-07-09T07:42:58+00:00","mainEntityOfPage":{"@id":"https:\/\/www.manquepierda.com\/futbolandia\/lista-de-venezuela-para-el-mundial-sub17-de-eau\/"},"wordCount":137,"commentCount":0,"image":{"@id":"https:\/\/www.manquepierda.com\/futbolandia\/lista-de-venezuela-para-el-mundial-sub17-de-eau\/#primaryimage"},"thumbnailUrl":"https:\/\/i0.wp.com\/www.manquepierda.com\/futbolandia\/files\/2013\/10\/fvf-logo.jpg?fit=495%2C225&ssl=1","keywords":["EAU","Emiratos","FIFA","mundial","sub17","u17","Venezuela","vinotinto"],"articleSection":["Portada","Selecciones y combinados nacionales"],"inLanguage":"es","potentialAction":[{"@type":"CommentAction","name":"Comment","target":["https:\/\/www.manquepierda.com\/futbolandia\/lista-de-venezuela-para-el-mundial-sub17-de-eau\/#respond"]}]},{"@type":"WebPage","@id":"https:\/\/www.manquepierda.com\/futbolandia\/lista-de-venezuela-para-el-mundial-sub17-de-eau\/","url":"https:\/\/www.manquepierda.com\/futbolandia\/lista-de-venezuela-para-el-mundial-sub17-de-eau\/","name":"Lista de Venezuela para el Mundial Sub'17 de EAU &#8211; Futbolandia","isPartOf":{"@id":"https:\/\/www.manquepierda.com\/futbolandia\/#website"},"primaryImageOfPage":{"@id":"https:\/\/www.manquepierda.com\/futbolandia\/lista-de-venezuela-para-el-mundial-sub17-de-eau\/#primaryimage"},"image":{"@id":"https:\/\/www.manquepierda.com\/futbolandia\/lista-de-venezuela-para-el-mundial-sub17-de-eau\/#primaryimage"},"thumbnailUrl":"https:\/\/i0.wp.com\/www.manquepierda.com\/futbolandia\/files\/2013\/10\/fvf-logo.jpg?fit=495%2C225&ssl=1","datePublished":"2013-10-16T20:39:03+00:00","dateModified":"2015-07-09T07:42:58+00:00","author":{"@id":"https:\/\/www.manquepierda.com\/futbolandia\/#\/schema\/person\/d0ffcaeee88a75229f29f23833b2caaf"},"breadcrumb":{"@id":"https:\/\/www.manquepierda.com\/futbolandia\/lista-de-venezuela-para-el-mundial-sub17-de-eau\/#breadcrumb"},"inLanguage":"es","potentialAction":[{"@type":"ReadAction","target":["https:\/\/www.manquepierda.com\/futbolandia\/lista-de-venezuela-para-el-mundial-sub17-de-eau\/"]}]},{"@type":"ImageObject","inLanguage":"es","@id":"https:\/\/www.manquepierda.com\/futbolandia\/lista-de-venezuela-para-el-mundial-sub17-de-eau\/#primaryimage","url":"https:\/\/i0.wp.com\/www.manquepierda.com\/futbolandia\/files\/2013\/10\/fvf-logo.jpg?fit=495%2C225&ssl=1","contentUrl":"https:\/\/i0.wp.com\/www.manquepierda.com\/futbolandia\/files\/2013\/10\/fvf-logo.jpg?fit=495%2C225&ssl=1","width":495,"height":225},{"@type":"BreadcrumbList","@id":"https:\/\/www.manquepierda.com\/futbolandia\/lista-de-venezuela-para-el-mundial-sub17-de-eau\/#breadcrumb","itemListElement":[{"@type":"ListItem","position":1,"name":"Portada","item":"https:\/\/www.manquepierda.com\/futbolandia\/"},{"@type":"ListItem","position":2,"name":"Lista de Venezuela para el Mundial Sub&#8217;17 de EAU"}]},{"@type":"WebSite","@id":"https:\/\/www.manquepierda.com\/futbolandia\/#website","url":"https:\/\/www.manquepierda.com\/futbolandia\/","name":"Futbolandia","description":"Reportajes e informaci\u00f3n sobre f\u00fatbol mundial y j\u00f3venes promesas","potentialAction":[{"@type":"SearchAction","target":{"@type":"EntryPoint","urlTemplate":"https:\/\/www.manquepierda.com\/futbolandia\/?s={search_term_string}"},"query-input":{"@type":"PropertyValueSpecification","valueRequired":true,"valueName":"search_term_string"}}],"inLanguage":"es"},{"@type":"Person","@id":"https:\/\/www.manquepierda.com\/futbolandia\/#\/schema\/person\/d0ffcaeee88a75229f29f23833b2caaf","name":"Ezequiel Carrasco Navarro","image":{"@type":"ImageObject","inLanguage":"es","@id":"https:\/\/secure.gravatar.com\/avatar\/49e207b3ab6355686c1da2932e4f7462715c8680c8e9ae12c2872439d3a8c92d?s=96&d=mm&r=g","url":"https:\/\/secure.gravatar.com\/avatar\/49e207b3ab6355686c1da2932e4f7462715c8680c8e9ae12c2872439d3a8c92d?s=96&d=mm&r=g","contentUrl":"https:\/\/secure.gravatar.com\/avatar\/49e207b3ab6355686c1da2932e4f7462715c8680c8e9ae12c2872439d3a8c92d?s=96&d=mm&r=g","caption":"Ezequiel Carrasco Navarro"},"description":"Natural de Arahal aunque residente en la ciudad de M\u00e1laga. Fiel al Real Betis. Apasionado del deporte y de las j\u00f3venes promesas del f\u00fatbol internacional. Podeis seguirme y contactar conmigo en Twitter: @EzequielCarNav","url":"https:\/\/www.manquepierda.com\/futbolandia\/author\/ezequielcarnav\/"}]}},"jetpack_publicize_connections":[],"jetpack_featured_media_url":"https:\/\/i0.wp.com\/www.manquepierda.com\/futbolandia\/files\/2013\/10\/fvf-logo.jpg?fit=495%2C225&ssl=1","jetpack_shortlink":"https:\/\/wp.me\/p1THIg-HK","jetpack_sharing_enabled":true,"_links":{"self":[{"href":"https:\/\/www.manquepierda.com\/futbolandia\/wp-json\/wp\/v2\/posts\/2712","targetHints":{"allow":["GET"]}}],"collection":[{"href":"https:\/\/www.manquepierda.com\/futbolandia\/wp-json\/wp\/v2\/posts"}],"about":[{"href":"https:\/\/www.manquepierda.com\/futbolandia\/wp-json\/wp\/v2\/types\/post"}],"author":[{"embeddable":true,"href":"https:\/\/www.manquepierda.com\/futbolandia\/wp-json\/wp\/v2\/users\/326"}],"replies":[{"embeddable":true,"href":"https:\/\/www.manquepierda.com\/futbolandia\/wp-json\/wp\/v2\/comments?post=2712"}],"version-history":[{"count":0,"href":"https:\/\/www.manquepierda.com\/futbolandia\/wp-json\/wp\/v2\/posts\/2712\/revisions"}],"wp:featuredmedia":[{"embeddable":true,"href":"https:\/\/www.manquepierda.com\/futbolandia\/wp-json\/wp\/v2\/media\/2713"}],"wp:attachment":[{"href":"https:\/\/www.manquepierda.com\/futbolandia\/wp-json\/wp\/v2\/media?parent=2712"}],"wp:term":[{"taxonomy":"category","embeddable":true,"href":"https:\/\/www.manquepierda.com\/futbolandia\/wp-json\/wp\/v2\/categories?post=2712"},{"taxonomy":"post_tag","embeddable":true,"href":"https:\/\/www.manquepierda.com\/futbolandia\/wp-json\/wp\/v2\/tags?post=2712"}],"curies":[{"name":"wp","href":"https:\/\/api.w.org\/{rel}","templated":true}]}}