{"id":2721,"date":"2013-10-17T22:48:30","date_gmt":"2013-10-17T20:48:30","guid":{"rendered":"http:\/\/www.manquepierda.com\/futbolandia\/?p=2721"},"modified":"2015-07-09T09:42:36","modified_gmt":"2015-07-09T07:42:36","slug":"resumen-de-la-1a-jornada-del-mundial-sub17","status":"publish","type":"post","link":"https:\/\/www.manquepierda.com\/futbolandia\/resumen-de-la-1a-jornada-del-mundial-sub17\/","title":{"rendered":"Resumen de la 1\u00aa Jornada del Mundial Sub&#8217;17"},"content":{"rendered":"<p>Hoy comenz\u00f3 el Mundial Sub&#8217;17 y se disputaron 4 partidos pertenecientes al Grupo A y al Grupo B con la suerte de tener una gran cantidad de goles entre ellos.<\/p>\n<figure id=\"attachment_2730\" aria-describedby=\"caption-attachment-2730\" style=\"width: 300px\" class=\"wp-caption alignright\"><a href=\"https:\/\/i0.wp.com\/www.manquepierda.com\/futbolandia\/files\/2013\/10\/mosquitoboschilia.png\"><img data-recalc-dims=\"1\" loading=\"lazy\" decoding=\"async\" data-attachment-id=\"2730\" data-permalink=\"https:\/\/www.manquepierda.com\/futbolandia\/resumen-de-la-1a-jornada-del-mundial-sub17\/mosquitoboschilia\/\" data-orig-file=\"https:\/\/i0.wp.com\/www.manquepierda.com\/futbolandia\/files\/2013\/10\/mosquitoboschilia.png?fit=617%2C512&amp;ssl=1\" data-orig-size=\"617,512\" data-comments-opened=\"1\" data-image-meta=\"{&quot;aperture&quot;:&quot;0&quot;,&quot;credit&quot;:&quot;&quot;,&quot;camera&quot;:&quot;&quot;,&quot;caption&quot;:&quot;&quot;,&quot;created_timestamp&quot;:&quot;0&quot;,&quot;copyright&quot;:&quot;&quot;,&quot;focal_length&quot;:&quot;0&quot;,&quot;iso&quot;:&quot;0&quot;,&quot;shutter_speed&quot;:&quot;0&quot;,&quot;title&quot;:&quot;&quot;}\" data-image-title=\"mosquitoboschilia\" data-image-description=\"\" data-image-caption=\"&lt;p&gt;Mosquito celebra un gol junto a Boschilia (Foto: FIFA.com)&lt;\/p&gt;\n\" data-large-file=\"https:\/\/i0.wp.com\/www.manquepierda.com\/futbolandia\/files\/2013\/10\/mosquitoboschilia.png?fit=617%2C512&amp;ssl=1\" class=\"size-medium wp-image-2730\" alt=\"Mosquito celebra un gol junto a Boschilia (Foto: FIFA.com)\" src=\"https:\/\/i0.wp.com\/www.manquepierda.com\/futbolandia\/files\/2013\/10\/mosquitoboschilia.png?resize=300%2C248\" width=\"300\" height=\"248\" srcset=\"https:\/\/i0.wp.com\/www.manquepierda.com\/futbolandia\/files\/2013\/10\/mosquitoboschilia.png?resize=300%2C248&amp;ssl=1 300w, https:\/\/i0.wp.com\/www.manquepierda.com\/futbolandia\/files\/2013\/10\/mosquitoboschilia.png?w=617&amp;ssl=1 617w\" sizes=\"auto, (max-width: 300px) 100vw, 300px\" \/><\/a><figcaption id=\"caption-attachment-2730\" class=\"wp-caption-text\">Mosquito celebra un gol junto a Boschilia (Foto: FIFA.com)<\/figcaption><\/figure>\n<p>En el Grupo A, la gran favorita, <a title=\"Lista de Brasil para el Mundial Sub\u201917 de EAU\" href=\"http:\/\/www.manquepierda.com\/futbolandia\/lista-de-brasil-para-el-mundial-sub17-de-eau\/\">Brasil<\/a>, se di\u00f3 un fest\u00edn de goles a costa de una pobre selecci\u00f3n de <a title=\"Lista de Eslovaquia para el Mundial Sub\u201917 de EAU\" href=\"http:\/\/www.manquepierda.com\/futbolandia\/lista-de-eslovaquia-para-el-mundial-sub17-de-eau\/\">Eslovaquia<\/a> a la que gan\u00f3 por un abultado resultado de 6-1. El gran protagonista del partido fue Mosquito marcando un Hat-Trick aunque su compa\u00f1ero de equipo Nathan fue quien deslumbr\u00f3 con sus movimientos y sus dos goles anotados. Caio fue el autor de un aut\u00e9ntico golazo para Brasil cuando desde la esquina derecha del area eslovaca lanz\u00f3 un derechazo imparabe hacia la escuadra de Junas. Vavro marc\u00f3 el gol del honor y maquillaba el resultado para Eslovaquia, que ya espera la siguiente fecha de partido para intentar inaugurar su casillero de puntos.<\/p>\n<p>El otro partido del Grupo A lo disputaban <a title=\"Lista de Emiratos \u00c1rabes Unidos para el Mundial Sub\u201917\" href=\"http:\/\/www.manquepierda.com\/futbolandia\/lista-de-emiratos-arabes-unidos-para-el-mundial-sub17\/\">Emir\u00e1tos \u00c1rabes Unidos<\/a> y <a title=\"Lista de Honduras para el Mundial Sub\u201917 de EAU\" href=\"http:\/\/www.manquepierda.com\/futbolandia\/lista-de-honduras-para-el-mundial-sub17-de-eau\/\">Honduras<\/a> en un partido vibrante que no se decant\u00f3 de parte de ninguno hasta ya llegando al final del encuentro. Los locales empezaron bastante mejor, teniendo incluso la oportunidad de adelantarse en el marcador con un mano a mano que salv\u00f3 Christian Hern\u00e1ndez, portero de Honduras. Sin embargo, no fall\u00f3 Fredy Medina para los <em>catrachos<\/em> y pudo anotar el 0-1 en el minuto 20 definiendo con precisi\u00f3n por bajo. Trece minutos m\u00e1s tarde, Khaled Khalfan empataba el partido y desataba la alegr\u00eda en las gradas locales confiando en la remontada. Nada m\u00e1s lejos de lo que ocurrir\u00eda, ya que con un jugador menos, Honduras fue bastante superior a su rival y en el minuto 87 consigui\u00f3 poner el 1-2 que, a la postre, fue el resultado final dando los tres puntos al equipo centroamericano.<\/p>\n<figure id=\"attachment_2736\" aria-describedby=\"caption-attachment-2736\" style=\"width: 285px\" class=\"wp-caption alignleft\"><a href=\"https:\/\/i0.wp.com\/www.manquepierda.com\/futbolandia\/files\/2013\/10\/otormin.png\"><img data-recalc-dims=\"1\" loading=\"lazy\" decoding=\"async\" data-attachment-id=\"2736\" data-permalink=\"https:\/\/www.manquepierda.com\/futbolandia\/resumen-de-la-1a-jornada-del-mundial-sub17\/otormin\/\" data-orig-file=\"https:\/\/i0.wp.com\/www.manquepierda.com\/futbolandia\/files\/2013\/10\/otormin.png?fit=489%2C514&amp;ssl=1\" data-orig-size=\"489,514\" data-comments-opened=\"1\" data-image-meta=\"{&quot;aperture&quot;:&quot;0&quot;,&quot;credit&quot;:&quot;&quot;,&quot;camera&quot;:&quot;&quot;,&quot;caption&quot;:&quot;&quot;,&quot;created_timestamp&quot;:&quot;0&quot;,&quot;copyright&quot;:&quot;&quot;,&quot;focal_length&quot;:&quot;0&quot;,&quot;iso&quot;:&quot;0&quot;,&quot;shutter_speed&quot;:&quot;0&quot;,&quot;title&quot;:&quot;&quot;}\" data-image-title=\"otormin\" data-image-description=\"\" data-image-caption=\"&lt;p&gt;Leandro Otorm\u00edn define ante el portero neozeland\u00e9s (Foto: FIFA.com)&lt;\/p&gt;\n\" data-large-file=\"https:\/\/i0.wp.com\/www.manquepierda.com\/futbolandia\/files\/2013\/10\/otormin.png?fit=489%2C514&amp;ssl=1\" class=\"size-medium wp-image-2736\" alt=\"Leandro Otorm\u00edn define ante el portero neozeland\u00e9s (Foto: FIFA.com)\" src=\"https:\/\/i0.wp.com\/www.manquepierda.com\/futbolandia\/files\/2013\/10\/otormin.png?resize=285%2C300\" width=\"285\" height=\"300\" srcset=\"https:\/\/i0.wp.com\/www.manquepierda.com\/futbolandia\/files\/2013\/10\/otormin.png?resize=285%2C300&amp;ssl=1 285w, https:\/\/i0.wp.com\/www.manquepierda.com\/futbolandia\/files\/2013\/10\/otormin.png?w=489&amp;ssl=1 489w\" sizes=\"auto, (max-width: 285px) 100vw, 285px\" \/><\/a><figcaption id=\"caption-attachment-2736\" class=\"wp-caption-text\">Leandro Otorm\u00edn define ante el portero neozeland\u00e9s (Foto: FIFA.com)<\/figcaption><\/figure>\n<p>En el Grupo B, <a title=\"Lista de Uruguay para el Mundial Sub\u201917 de EAU\" href=\"http:\/\/www.manquepierda.com\/futbolandia\/lista-de-uruguay-para-el-mundial-sub17-de-eau\/\">Uruguay <\/a>fue el gran beneficiado cuando pudo ganar 7-0 a la selecci\u00f3n de<a title=\"Grupos y favoritos en el Mundial Sub\u201917 EAU\" href=\"http:\/\/www.manquepierda.com\/futbolandia\/grupos-y-favoritos-en-el-mundial-sub17-eau\/\"> Nueva Zelanda<\/a>, pudiendo ser bastante mayor la goleada si los <em>charr\u00faas\u00a0<\/em>hubiesen estado m\u00e1s acertados en los 28 disparos a porter\u00eda de los que goz\u00f3 en el encuentro. La goleada empez\u00f3 en el minuto 3 cuando Kevin M\u00e9ndez, deseado por equipos como el FC Barcelona, abri\u00f3 la lata con una volea dentro del area y mandando el bal\u00f3n a la red neozelandesa. Kevin M\u00e9ndez fue una pieza clave en la abultada victoria uruguaya con sus internadas por banda izquierda y sus asistencias. El resto de goles fueron anotados por Leandor Otorm\u00edn y Franco Acosta por partida doble, adem\u00e1s de los tantos de Ospitaleche y Pizzichillo. Mala tarde para el conjunto oce\u00e1nico que espera a Italia en el siguiente partido con la esperanza de conseguir un resultado positivo ante un rival siempre complicado.<\/p>\n<p>Precisamente <a title=\"Lista de Italia para el Mundial Sub\u201917 de EAU\" href=\"http:\/\/www.manquepierda.com\/futbolandia\/lista-de-italia-para-el-mundial-sub17-de-eau\/\">Italia<\/a>, tambi\u00e9n consigui\u00f3 la victoria tras ganar por 0-1 ante una rocosa selecci\u00f3n de Costa de Marfil. No fue un partido demasiado vistoso para el espectador neutral y resulto ser Costa de Marfil quien dispuso de las primeras oportunidades tras los nervios iniciales de los primeros minutos del encuentro que pillaron desconcentrada a la defensa italiana. El gol se produjo justo al comienzo de la segunda parte, cuando un mal despeje de Ismael Diallo, cay\u00f3 en los pies de Luca Vido y mand\u00f3 un gran disparo desde la frontal colocando la pelota en la base del poste izquierdo y entrando a porter\u00eda. M\u00e1s tarde, Costa de Marfil pudo empatar con un remate que acab\u00f3 en el larguero tras ser desviado por un defensor italiano. Desgraciadamente para el conjunto africano, no se movi\u00f3 el marcador y tendr\u00e1 que pelear con Uruguay para conseguir sus primeros puntos en el torneo.<\/p>\n<p>As\u00ed entonces quedar\u00edan Brasil y Uruguay como l\u00edderes de sus respectivos grupos y arrancan de la mejor manera el campeonato elevando la moral de sus jugadores y aficionados con goles y buen juego.<\/p>\n<p style=\"text-align: right\">[social type=\u00bbtwitter\u00bb opacity=\u00bbdark\u00bb]https:\/\/twitter.com\/EzequielCarNav[\/social]<\/p>\n<table class=\"groupstandings normal \" summary=\"Grupo Group A\">\n<caption>Grupo A<\/caption>\n<thead>\n<tr>\n<th class=\"l\">Equipo<\/th>\n<th><abbr title=\"Partidos jugados\">PJ<\/abbr><\/th>\n<th><abbr title=\"Ganados\">G<\/abbr><\/th>\n<th class=\"d\"><abbr title=\"Empatados\">E<\/abbr><\/th>\n<th><abbr title=\"Perdidos\">P<\/abbr><\/th>\n<th><abbr title=\"Goles a favor\">GF<\/abbr><\/th>\n<th><abbr title=\"Goles en contra\">GC<\/abbr><\/th>\n<th><abbr title=\"Puntos\">Pts.<\/abbr><\/th>\n<\/tr>\n<\/thead>\n<tbody>\n<tr class=\"odd\">\n<td class=\"l\"><a href=\"http:\/\/es.fifa.com\/u17worldcup\/teams\/team=1882401\/index.html\">Brasil<\/a><\/td>\n<td class=\"c\">1<\/td>\n<td class=\"c\">1<\/td>\n<td class=\"c\">0<\/td>\n<td class=\"c\">0<\/td>\n<td class=\"c\">6<\/td>\n<td class=\"c\">1<\/td>\n<td class=\"c\">3<\/td>\n<\/tr>\n<tr class=\"even\">\n<td class=\"l\"><a href=\"http:\/\/es.fifa.com\/u17worldcup\/teams\/team=1889606\/index.html\">Honduras<\/a><\/td>\n<td class=\"c\">1<\/td>\n<td class=\"c\">1<\/td>\n<td class=\"c\">0<\/td>\n<td class=\"c\">0<\/td>\n<td class=\"c\">2<\/td>\n<td class=\"c\">1<\/td>\n<td class=\"c\">3<\/td>\n<\/tr>\n<tr class=\"odd\">\n<td class=\"l\"><a href=\"http:\/\/es.fifa.com\/u17worldcup\/teams\/team=1888960\/index.html\">Emiratos \u00c1rabes Unidos<\/a><\/td>\n<td class=\"c\">1<\/td>\n<td class=\"c\">0<\/td>\n<td class=\"c\">0<\/td>\n<td class=\"c\">1<\/td>\n<td class=\"c\">1<\/td>\n<td class=\"c\">2<\/td>\n<td class=\"c\">0<\/td>\n<\/tr>\n<tr class=\"even\">\n<td class=\"l\"><a href=\"http:\/\/es.fifa.com\/u17worldcup\/teams\/team=1889674\/index.html\">Eslovaquia<\/a><\/td>\n<td class=\"c\">1<\/td>\n<td class=\"c\">0<\/td>\n<td class=\"c\">0<\/td>\n<td class=\"c\">1<\/td>\n<td class=\"c\">1<\/td>\n<td class=\"c\">6<\/td>\n<td class=\"c\">0<\/td>\n<\/tr>\n<\/tbody>\n<\/table>\n<p>&nbsp;<\/p>\n<table summary=\"Grupo Group B\">\n<caption>Grupo B<\/caption>\n<thead>\n<tr>\n<th>Equipo<\/th>\n<th><abbr title=\"Partidos jugados\">PJ<\/abbr><\/th>\n<th><abbr title=\"Ganados\">G<\/abbr><\/th>\n<th><abbr title=\"Empatados\">E<\/abbr><\/th>\n<th><abbr title=\"Perdidos\">P<\/abbr><\/th>\n<th><abbr title=\"Goles a favor\">GF<\/abbr><\/th>\n<th><abbr title=\"Goles en contra\">GC<\/abbr><\/th>\n<th><abbr title=\"Puntos\">Pts.<\/abbr><\/th>\n<\/tr>\n<\/thead>\n<tbody>\n<tr>\n<td><a href=\"http:\/\/es.fifa.com\/u17worldcup\/teams\/team=1882395\/index.html\">Uruguay<\/a><\/td>\n<td>1<\/td>\n<td>1<\/td>\n<td>0<\/td>\n<td>0<\/td>\n<td>7<\/td>\n<td>0<\/td>\n<td>3<\/td>\n<\/tr>\n<tr>\n<td><a href=\"http:\/\/es.fifa.com\/u17worldcup\/teams\/team=1888305\/index.html\">Italia<\/a><\/td>\n<td>1<\/td>\n<td>1<\/td>\n<td>0<\/td>\n<td>0<\/td>\n<td>1<\/td>\n<td>0<\/td>\n<td>3<\/td>\n<\/tr>\n<tr>\n<td><a href=\"http:\/\/es.fifa.com\/u17worldcup\/teams\/team=1888272\/index.html\">Costa de Marfil<\/a><\/td>\n<td>1<\/td>\n<td>0<\/td>\n<td>0<\/td>\n<td>1<\/td>\n<td>0<\/td>\n<td>1<\/td>\n<td>0<\/td>\n<\/tr>\n<tr>\n<td><a href=\"http:\/\/es.fifa.com\/u17worldcup\/teams\/team=1882393\/index.html\">Nueva Zelanda<\/a><\/td>\n<td>1<\/td>\n<td>0<\/td>\n<td>0<\/td>\n<td>1<\/td>\n<td>0<\/td>\n<td>7<\/td>\n<td>0<\/td>\n<\/tr>\n<\/tbody>\n<\/table>\n","protected":false},"excerpt":{"rendered":"<p>Hoy comenz\u00f3 el Mundial Sub&#8217;17 y se disputaron 4 partidos pertenecientes al Grupo A y al Grupo B con la suerte de tener una gran cantidad de goles entre ellos. En el Grupo A, la gran favorita, Brasil, se di\u00f3 un fest\u00edn de goles a costa de una pobre selecci\u00f3n de Eslovaquia a la que&#8230;<\/p>\n","protected":false},"author":326,"featured_media":2729,"comment_status":"open","ping_status":"open","sticky":false,"template":"","format":"standard","meta":{"_kad_post_transparent":"","_kad_post_title":"","_kad_post_layout":"","_kad_post_sidebar_id":"","_kad_post_content_style":"","_kad_post_vertical_padding":"","_kad_post_feature":"","_kad_post_feature_position":"","_kad_post_header":false,"_kad_post_footer":false,"_kad_post_classname":"","_jetpack_memberships_contains_paid_content":false,"footnotes":"","jetpack_publicize_message":"","jetpack_publicize_feature_enabled":true,"jetpack_social_post_already_shared":true,"jetpack_social_options":{"image_generator_settings":{"template":"highway","default_image_id":0,"font":"","enabled":false},"version":2}},"categories":[10,2015],"tags":[336,953,948,949,903,902,927,904,907,651,581,923,922,928,661,900,917],"class_list":["post-2721","post","type-post","status-publish","format-standard","has-post-thumbnail","hentry","category-portada","category-selecciones-combinados-nacionales","tag-brasil","tag-brazil","tag-costa-de-marfil","tag-cote-divoire","tag-eau","tag-emiratos","tag-eslovaquia","tag-fifa","tag-honduras","tag-italia","tag-mundial","tag-new-zealand","tag-nueva-zelanda","tag-slovakia","tag-sub17","tag-u17","tag-uruguay"],"yoast_head":"<!-- This site is optimized with the Yoast SEO plugin v27.5 - https:\/\/yoast.com\/product\/yoast-seo-wordpress\/ -->\n<title>Resumen de la 1\u00aa Jornada del Mundial Sub&#039;17 &#8211; Futbolandia<\/title>\n<meta name=\"robots\" content=\"index, follow, max-snippet:-1, max-image-preview:large, max-video-preview:-1\" \/>\n<link rel=\"canonical\" href=\"https:\/\/www.manquepierda.com\/futbolandia\/resumen-de-la-1a-jornada-del-mundial-sub17\/\" \/>\n<meta property=\"og:locale\" content=\"es_ES\" \/>\n<meta property=\"og:type\" content=\"article\" \/>\n<meta property=\"og:title\" content=\"Resumen de la 1\u00aa Jornada del Mundial Sub&#039;17 &#8211; Futbolandia\" \/>\n<meta property=\"og:description\" content=\"Hoy comenz\u00f3 el Mundial Sub&#8217;17 y se disputaron 4 partidos pertenecientes al Grupo A y al Grupo B con la suerte de tener una gran cantidad de goles entre ellos. En el Grupo A, la gran favorita, Brasil, se di\u00f3 un fest\u00edn de goles a costa de una pobre selecci\u00f3n de Eslovaquia a la que...\" \/>\n<meta property=\"og:url\" content=\"https:\/\/www.manquepierda.com\/futbolandia\/resumen-de-la-1a-jornada-del-mundial-sub17\/\" \/>\n<meta property=\"og:site_name\" content=\"Futbolandia\" \/>\n<meta property=\"article:published_time\" content=\"2013-10-17T20:48:30+00:00\" \/>\n<meta property=\"article:modified_time\" content=\"2015-07-09T07:42:36+00:00\" \/>\n<meta property=\"og:image\" content=\"https:\/\/i2.wp.com\/www.manquepierda.com\/futbolandia\/files\/2013\/10\/cfa94a10e2.jpg?fit=690%2C388&ssl=1\" \/>\n\t<meta property=\"og:image:width\" content=\"690\" \/>\n\t<meta property=\"og:image:height\" content=\"388\" \/>\n\t<meta property=\"og:image:type\" content=\"image\/jpeg\" \/>\n<meta name=\"author\" content=\"Ezequiel Carrasco Navarro\" \/>\n<meta name=\"twitter:label1\" content=\"Escrito por\" \/>\n\t<meta name=\"twitter:data1\" content=\"Ezequiel Carrasco Navarro\" \/>\n\t<meta name=\"twitter:label2\" content=\"Tiempo de lectura\" \/>\n\t<meta name=\"twitter:data2\" content=\"4 minutos\" \/>\n<script type=\"application\/ld+json\" class=\"yoast-schema-graph\">{\"@context\":\"https:\\\/\\\/schema.org\",\"@graph\":[{\"@type\":\"Article\",\"@id\":\"https:\\\/\\\/www.manquepierda.com\\\/futbolandia\\\/resumen-de-la-1a-jornada-del-mundial-sub17\\\/#article\",\"isPartOf\":{\"@id\":\"https:\\\/\\\/www.manquepierda.com\\\/futbolandia\\\/resumen-de-la-1a-jornada-del-mundial-sub17\\\/\"},\"author\":{\"name\":\"Ezequiel Carrasco Navarro\",\"@id\":\"https:\\\/\\\/www.manquepierda.com\\\/futbolandia\\\/#\\\/schema\\\/person\\\/d0ffcaeee88a75229f29f23833b2caaf\"},\"headline\":\"Resumen de la 1\u00aa Jornada del Mundial Sub&#8217;17\",\"datePublished\":\"2013-10-17T20:48:30+00:00\",\"dateModified\":\"2015-07-09T07:42:36+00:00\",\"mainEntityOfPage\":{\"@id\":\"https:\\\/\\\/www.manquepierda.com\\\/futbolandia\\\/resumen-de-la-1a-jornada-del-mundial-sub17\\\/\"},\"wordCount\":729,\"commentCount\":0,\"image\":{\"@id\":\"https:\\\/\\\/www.manquepierda.com\\\/futbolandia\\\/resumen-de-la-1a-jornada-del-mundial-sub17\\\/#primaryimage\"},\"thumbnailUrl\":\"https:\\\/\\\/i0.wp.com\\\/www.manquepierda.com\\\/futbolandia\\\/files\\\/2013\\\/10\\\/cfa94a10e2.jpg?fit=690%2C388&ssl=1\",\"keywords\":[\"Brasil\",\"Brazil\",\"Costa de Marfil\",\"Cote D'ivoire\",\"EAU\",\"Emiratos\",\"Eslovaquia\",\"FIFA\",\"Honduras\",\"italia\",\"mundial\",\"New Zealand\",\"Nueva Zelanda\",\"Slovakia\",\"sub17\",\"u17\",\"Uruguay\"],\"articleSection\":[\"Portada\",\"Selecciones y combinados nacionales\"],\"inLanguage\":\"es\",\"potentialAction\":[{\"@type\":\"CommentAction\",\"name\":\"Comment\",\"target\":[\"https:\\\/\\\/www.manquepierda.com\\\/futbolandia\\\/resumen-de-la-1a-jornada-del-mundial-sub17\\\/#respond\"]}]},{\"@type\":\"WebPage\",\"@id\":\"https:\\\/\\\/www.manquepierda.com\\\/futbolandia\\\/resumen-de-la-1a-jornada-del-mundial-sub17\\\/\",\"url\":\"https:\\\/\\\/www.manquepierda.com\\\/futbolandia\\\/resumen-de-la-1a-jornada-del-mundial-sub17\\\/\",\"name\":\"Resumen de la 1\u00aa Jornada del Mundial Sub'17 &#8211; Futbolandia\",\"isPartOf\":{\"@id\":\"https:\\\/\\\/www.manquepierda.com\\\/futbolandia\\\/#website\"},\"primaryImageOfPage\":{\"@id\":\"https:\\\/\\\/www.manquepierda.com\\\/futbolandia\\\/resumen-de-la-1a-jornada-del-mundial-sub17\\\/#primaryimage\"},\"image\":{\"@id\":\"https:\\\/\\\/www.manquepierda.com\\\/futbolandia\\\/resumen-de-la-1a-jornada-del-mundial-sub17\\\/#primaryimage\"},\"thumbnailUrl\":\"https:\\\/\\\/i0.wp.com\\\/www.manquepierda.com\\\/futbolandia\\\/files\\\/2013\\\/10\\\/cfa94a10e2.jpg?fit=690%2C388&ssl=1\",\"datePublished\":\"2013-10-17T20:48:30+00:00\",\"dateModified\":\"2015-07-09T07:42:36+00:00\",\"author\":{\"@id\":\"https:\\\/\\\/www.manquepierda.com\\\/futbolandia\\\/#\\\/schema\\\/person\\\/d0ffcaeee88a75229f29f23833b2caaf\"},\"breadcrumb\":{\"@id\":\"https:\\\/\\\/www.manquepierda.com\\\/futbolandia\\\/resumen-de-la-1a-jornada-del-mundial-sub17\\\/#breadcrumb\"},\"inLanguage\":\"es\",\"potentialAction\":[{\"@type\":\"ReadAction\",\"target\":[\"https:\\\/\\\/www.manquepierda.com\\\/futbolandia\\\/resumen-de-la-1a-jornada-del-mundial-sub17\\\/\"]}]},{\"@type\":\"ImageObject\",\"inLanguage\":\"es\",\"@id\":\"https:\\\/\\\/www.manquepierda.com\\\/futbolandia\\\/resumen-de-la-1a-jornada-del-mundial-sub17\\\/#primaryimage\",\"url\":\"https:\\\/\\\/i0.wp.com\\\/www.manquepierda.com\\\/futbolandia\\\/files\\\/2013\\\/10\\\/cfa94a10e2.jpg?fit=690%2C388&ssl=1\",\"contentUrl\":\"https:\\\/\\\/i0.wp.com\\\/www.manquepierda.com\\\/futbolandia\\\/files\\\/2013\\\/10\\\/cfa94a10e2.jpg?fit=690%2C388&ssl=1\",\"width\":690,\"height\":388},{\"@type\":\"BreadcrumbList\",\"@id\":\"https:\\\/\\\/www.manquepierda.com\\\/futbolandia\\\/resumen-de-la-1a-jornada-del-mundial-sub17\\\/#breadcrumb\",\"itemListElement\":[{\"@type\":\"ListItem\",\"position\":1,\"name\":\"Portada\",\"item\":\"https:\\\/\\\/www.manquepierda.com\\\/futbolandia\\\/\"},{\"@type\":\"ListItem\",\"position\":2,\"name\":\"Resumen de la 1\u00aa Jornada del Mundial Sub&#8217;17\"}]},{\"@type\":\"WebSite\",\"@id\":\"https:\\\/\\\/www.manquepierda.com\\\/futbolandia\\\/#website\",\"url\":\"https:\\\/\\\/www.manquepierda.com\\\/futbolandia\\\/\",\"name\":\"Futbolandia\",\"description\":\"Reportajes e informaci\u00f3n sobre f\u00fatbol mundial y j\u00f3venes promesas\",\"potentialAction\":[{\"@type\":\"SearchAction\",\"target\":{\"@type\":\"EntryPoint\",\"urlTemplate\":\"https:\\\/\\\/www.manquepierda.com\\\/futbolandia\\\/?s={search_term_string}\"},\"query-input\":{\"@type\":\"PropertyValueSpecification\",\"valueRequired\":true,\"valueName\":\"search_term_string\"}}],\"inLanguage\":\"es\"},{\"@type\":\"Person\",\"@id\":\"https:\\\/\\\/www.manquepierda.com\\\/futbolandia\\\/#\\\/schema\\\/person\\\/d0ffcaeee88a75229f29f23833b2caaf\",\"name\":\"Ezequiel Carrasco Navarro\",\"image\":{\"@type\":\"ImageObject\",\"inLanguage\":\"es\",\"@id\":\"https:\\\/\\\/secure.gravatar.com\\\/avatar\\\/49e207b3ab6355686c1da2932e4f7462715c8680c8e9ae12c2872439d3a8c92d?s=96&d=mm&r=g\",\"url\":\"https:\\\/\\\/secure.gravatar.com\\\/avatar\\\/49e207b3ab6355686c1da2932e4f7462715c8680c8e9ae12c2872439d3a8c92d?s=96&d=mm&r=g\",\"contentUrl\":\"https:\\\/\\\/secure.gravatar.com\\\/avatar\\\/49e207b3ab6355686c1da2932e4f7462715c8680c8e9ae12c2872439d3a8c92d?s=96&d=mm&r=g\",\"caption\":\"Ezequiel Carrasco Navarro\"},\"description\":\"Natural de Arahal aunque residente en la ciudad de M\u00e1laga. Fiel al Real Betis. Apasionado del deporte y de las j\u00f3venes promesas del f\u00fatbol internacional. Podeis seguirme y contactar conmigo en Twitter: @EzequielCarNav\",\"url\":\"https:\\\/\\\/www.manquepierda.com\\\/futbolandia\\\/author\\\/ezequielcarnav\\\/\"}]}<\/script>\n<!-- \/ Yoast SEO plugin. -->","yoast_head_json":{"title":"Resumen de la 1\u00aa Jornada del Mundial Sub'17 &#8211; Futbolandia","robots":{"index":"index","follow":"follow","max-snippet":"max-snippet:-1","max-image-preview":"max-image-preview:large","max-video-preview":"max-video-preview:-1"},"canonical":"https:\/\/www.manquepierda.com\/futbolandia\/resumen-de-la-1a-jornada-del-mundial-sub17\/","og_locale":"es_ES","og_type":"article","og_title":"Resumen de la 1\u00aa Jornada del Mundial Sub'17 &#8211; Futbolandia","og_description":"Hoy comenz\u00f3 el Mundial Sub&#8217;17 y se disputaron 4 partidos pertenecientes al Grupo A y al Grupo B con la suerte de tener una gran cantidad de goles entre ellos. En el Grupo A, la gran favorita, Brasil, se di\u00f3 un fest\u00edn de goles a costa de una pobre selecci\u00f3n de Eslovaquia a la que...","og_url":"https:\/\/www.manquepierda.com\/futbolandia\/resumen-de-la-1a-jornada-del-mundial-sub17\/","og_site_name":"Futbolandia","article_published_time":"2013-10-17T20:48:30+00:00","article_modified_time":"2015-07-09T07:42:36+00:00","og_image":[{"width":690,"height":388,"url":"https:\/\/i2.wp.com\/www.manquepierda.com\/futbolandia\/files\/2013\/10\/cfa94a10e2.jpg?fit=690%2C388&ssl=1","type":"image\/jpeg"}],"author":"Ezequiel Carrasco Navarro","twitter_misc":{"Escrito por":"Ezequiel Carrasco Navarro","Tiempo de lectura":"4 minutos"},"schema":{"@context":"https:\/\/schema.org","@graph":[{"@type":"Article","@id":"https:\/\/www.manquepierda.com\/futbolandia\/resumen-de-la-1a-jornada-del-mundial-sub17\/#article","isPartOf":{"@id":"https:\/\/www.manquepierda.com\/futbolandia\/resumen-de-la-1a-jornada-del-mundial-sub17\/"},"author":{"name":"Ezequiel Carrasco Navarro","@id":"https:\/\/www.manquepierda.com\/futbolandia\/#\/schema\/person\/d0ffcaeee88a75229f29f23833b2caaf"},"headline":"Resumen de la 1\u00aa Jornada del Mundial Sub&#8217;17","datePublished":"2013-10-17T20:48:30+00:00","dateModified":"2015-07-09T07:42:36+00:00","mainEntityOfPage":{"@id":"https:\/\/www.manquepierda.com\/futbolandia\/resumen-de-la-1a-jornada-del-mundial-sub17\/"},"wordCount":729,"commentCount":0,"image":{"@id":"https:\/\/www.manquepierda.com\/futbolandia\/resumen-de-la-1a-jornada-del-mundial-sub17\/#primaryimage"},"thumbnailUrl":"https:\/\/i0.wp.com\/www.manquepierda.com\/futbolandia\/files\/2013\/10\/cfa94a10e2.jpg?fit=690%2C388&ssl=1","keywords":["Brasil","Brazil","Costa de Marfil","Cote D'ivoire","EAU","Emiratos","Eslovaquia","FIFA","Honduras","italia","mundial","New Zealand","Nueva Zelanda","Slovakia","sub17","u17","Uruguay"],"articleSection":["Portada","Selecciones y combinados nacionales"],"inLanguage":"es","potentialAction":[{"@type":"CommentAction","name":"Comment","target":["https:\/\/www.manquepierda.com\/futbolandia\/resumen-de-la-1a-jornada-del-mundial-sub17\/#respond"]}]},{"@type":"WebPage","@id":"https:\/\/www.manquepierda.com\/futbolandia\/resumen-de-la-1a-jornada-del-mundial-sub17\/","url":"https:\/\/www.manquepierda.com\/futbolandia\/resumen-de-la-1a-jornada-del-mundial-sub17\/","name":"Resumen de la 1\u00aa Jornada del Mundial Sub'17 &#8211; Futbolandia","isPartOf":{"@id":"https:\/\/www.manquepierda.com\/futbolandia\/#website"},"primaryImageOfPage":{"@id":"https:\/\/www.manquepierda.com\/futbolandia\/resumen-de-la-1a-jornada-del-mundial-sub17\/#primaryimage"},"image":{"@id":"https:\/\/www.manquepierda.com\/futbolandia\/resumen-de-la-1a-jornada-del-mundial-sub17\/#primaryimage"},"thumbnailUrl":"https:\/\/i0.wp.com\/www.manquepierda.com\/futbolandia\/files\/2013\/10\/cfa94a10e2.jpg?fit=690%2C388&ssl=1","datePublished":"2013-10-17T20:48:30+00:00","dateModified":"2015-07-09T07:42:36+00:00","author":{"@id":"https:\/\/www.manquepierda.com\/futbolandia\/#\/schema\/person\/d0ffcaeee88a75229f29f23833b2caaf"},"breadcrumb":{"@id":"https:\/\/www.manquepierda.com\/futbolandia\/resumen-de-la-1a-jornada-del-mundial-sub17\/#breadcrumb"},"inLanguage":"es","potentialAction":[{"@type":"ReadAction","target":["https:\/\/www.manquepierda.com\/futbolandia\/resumen-de-la-1a-jornada-del-mundial-sub17\/"]}]},{"@type":"ImageObject","inLanguage":"es","@id":"https:\/\/www.manquepierda.com\/futbolandia\/resumen-de-la-1a-jornada-del-mundial-sub17\/#primaryimage","url":"https:\/\/i0.wp.com\/www.manquepierda.com\/futbolandia\/files\/2013\/10\/cfa94a10e2.jpg?fit=690%2C388&ssl=1","contentUrl":"https:\/\/i0.wp.com\/www.manquepierda.com\/futbolandia\/files\/2013\/10\/cfa94a10e2.jpg?fit=690%2C388&ssl=1","width":690,"height":388},{"@type":"BreadcrumbList","@id":"https:\/\/www.manquepierda.com\/futbolandia\/resumen-de-la-1a-jornada-del-mundial-sub17\/#breadcrumb","itemListElement":[{"@type":"ListItem","position":1,"name":"Portada","item":"https:\/\/www.manquepierda.com\/futbolandia\/"},{"@type":"ListItem","position":2,"name":"Resumen de la 1\u00aa Jornada del Mundial Sub&#8217;17"}]},{"@type":"WebSite","@id":"https:\/\/www.manquepierda.com\/futbolandia\/#website","url":"https:\/\/www.manquepierda.com\/futbolandia\/","name":"Futbolandia","description":"Reportajes e informaci\u00f3n sobre f\u00fatbol mundial y j\u00f3venes promesas","potentialAction":[{"@type":"SearchAction","target":{"@type":"EntryPoint","urlTemplate":"https:\/\/www.manquepierda.com\/futbolandia\/?s={search_term_string}"},"query-input":{"@type":"PropertyValueSpecification","valueRequired":true,"valueName":"search_term_string"}}],"inLanguage":"es"},{"@type":"Person","@id":"https:\/\/www.manquepierda.com\/futbolandia\/#\/schema\/person\/d0ffcaeee88a75229f29f23833b2caaf","name":"Ezequiel Carrasco Navarro","image":{"@type":"ImageObject","inLanguage":"es","@id":"https:\/\/secure.gravatar.com\/avatar\/49e207b3ab6355686c1da2932e4f7462715c8680c8e9ae12c2872439d3a8c92d?s=96&d=mm&r=g","url":"https:\/\/secure.gravatar.com\/avatar\/49e207b3ab6355686c1da2932e4f7462715c8680c8e9ae12c2872439d3a8c92d?s=96&d=mm&r=g","contentUrl":"https:\/\/secure.gravatar.com\/avatar\/49e207b3ab6355686c1da2932e4f7462715c8680c8e9ae12c2872439d3a8c92d?s=96&d=mm&r=g","caption":"Ezequiel Carrasco Navarro"},"description":"Natural de Arahal aunque residente en la ciudad de M\u00e1laga. Fiel al Real Betis. Apasionado del deporte y de las j\u00f3venes promesas del f\u00fatbol internacional. Podeis seguirme y contactar conmigo en Twitter: @EzequielCarNav","url":"https:\/\/www.manquepierda.com\/futbolandia\/author\/ezequielcarnav\/"}]}},"jetpack_publicize_connections":[],"jetpack_featured_media_url":"https:\/\/i0.wp.com\/www.manquepierda.com\/futbolandia\/files\/2013\/10\/cfa94a10e2.jpg?fit=690%2C388&ssl=1","jetpack_shortlink":"https:\/\/wp.me\/p1THIg-HT","jetpack_sharing_enabled":true,"_links":{"self":[{"href":"https:\/\/www.manquepierda.com\/futbolandia\/wp-json\/wp\/v2\/posts\/2721","targetHints":{"allow":["GET"]}}],"collection":[{"href":"https:\/\/www.manquepierda.com\/futbolandia\/wp-json\/wp\/v2\/posts"}],"about":[{"href":"https:\/\/www.manquepierda.com\/futbolandia\/wp-json\/wp\/v2\/types\/post"}],"author":[{"embeddable":true,"href":"https:\/\/www.manquepierda.com\/futbolandia\/wp-json\/wp\/v2\/users\/326"}],"replies":[{"embeddable":true,"href":"https:\/\/www.manquepierda.com\/futbolandia\/wp-json\/wp\/v2\/comments?post=2721"}],"version-history":[{"count":0,"href":"https:\/\/www.manquepierda.com\/futbolandia\/wp-json\/wp\/v2\/posts\/2721\/revisions"}],"wp:featuredmedia":[{"embeddable":true,"href":"https:\/\/www.manquepierda.com\/futbolandia\/wp-json\/wp\/v2\/media\/2729"}],"wp:attachment":[{"href":"https:\/\/www.manquepierda.com\/futbolandia\/wp-json\/wp\/v2\/media?parent=2721"}],"wp:term":[{"taxonomy":"category","embeddable":true,"href":"https:\/\/www.manquepierda.com\/futbolandia\/wp-json\/wp\/v2\/categories?post=2721"},{"taxonomy":"post_tag","embeddable":true,"href":"https:\/\/www.manquepierda.com\/futbolandia\/wp-json\/wp\/v2\/tags?post=2721"}],"curies":[{"name":"wp","href":"https:\/\/api.w.org\/{rel}","templated":true}]}}