{"id":2851,"date":"2013-10-25T00:04:49","date_gmt":"2013-10-24T22:04:49","guid":{"rendered":"http:\/\/www.manquepierda.com\/futbolandia\/?p=2851"},"modified":"2015-07-09T09:41:11","modified_gmt":"2015-07-09T07:41:11","slug":"resumen-de-la-jornada-final-de-los-grupos-c-y-d-en-el-mundial-sub17","status":"publish","type":"post","link":"https:\/\/www.manquepierda.com\/futbolandia\/resumen-de-la-jornada-final-de-los-grupos-c-y-d-en-el-mundial-sub17\/","title":{"rendered":"Resumen de la Jornada Final de los Grupos C y D en el Mundial Sub&#8217;17"},"content":{"rendered":"<p><strong>GRUPO C<\/strong><\/p>\n<p>La selecci\u00f3n de Uzbekist\u00e1n ha protagonizado la sorpresa en el Mundial. Junto a Marruecos, queda clasificada para jugar la siguiente ronda despu\u00e9s de ganar a Croacia por 3-1. Los croatas quedan en la tercera posici\u00f3n solamente con los tres puntos obtenidos frente a Panam\u00e1. El conjunto centroamericano se queda sin puntuar en la competici\u00f3n tras volver a perder, esta vez frente a Marruecos por un resultado de 4-2.<\/p>\n<p><strong>UZBEKIST\u00c1N 2-1 CROACIA<\/strong><\/p>\n<figure id=\"attachment_2852\" aria-describedby=\"caption-attachment-2852\" style=\"width: 300px\" class=\"wp-caption alignright\"><img data-recalc-dims=\"1\" loading=\"lazy\" decoding=\"async\" data-attachment-id=\"2852\" data-permalink=\"https:\/\/www.manquepierda.com\/futbolandia\/resumen-de-la-jornada-final-de-los-grupos-c-y-d-en-el-mundial-sub17\/halilovic\/\" data-orig-file=\"https:\/\/i0.wp.com\/www.manquepierda.com\/futbolandia\/files\/2013\/10\/halilovic.png?fit=499%2C487&amp;ssl=1\" data-orig-size=\"499,487\" data-comments-opened=\"1\" data-image-meta=\"{&quot;aperture&quot;:&quot;0&quot;,&quot;credit&quot;:&quot;&quot;,&quot;camera&quot;:&quot;&quot;,&quot;caption&quot;:&quot;&quot;,&quot;created_timestamp&quot;:&quot;0&quot;,&quot;copyright&quot;:&quot;&quot;,&quot;focal_length&quot;:&quot;0&quot;,&quot;iso&quot;:&quot;0&quot;,&quot;shutter_speed&quot;:&quot;0&quot;,&quot;title&quot;:&quot;&quot;}\" data-image-title=\"halilovic\" data-image-description=\"\" data-image-caption=\"&lt;p&gt;La estrella de Croacia, Alen Halilovic, decepcionado por la derrota.&lt;\/p&gt;\n\" data-large-file=\"https:\/\/i0.wp.com\/www.manquepierda.com\/futbolandia\/files\/2013\/10\/halilovic.png?fit=499%2C487&amp;ssl=1\" class=\"size-medium wp-image-2852 \" alt=\"La estrella de Croacia, Alen Halilovic, decepcionado por la derrota.\" src=\"https:\/\/i0.wp.com\/www.manquepierda.com\/futbolandia\/files\/2013\/10\/halilovic.png?resize=300%2C292\" width=\"300\" height=\"292\" srcset=\"https:\/\/i0.wp.com\/www.manquepierda.com\/futbolandia\/files\/2013\/10\/halilovic.png?resize=300%2C292&amp;ssl=1 300w, https:\/\/i0.wp.com\/www.manquepierda.com\/futbolandia\/files\/2013\/10\/halilovic.png?w=499&amp;ssl=1 499w\" sizes=\"auto, (max-width: 300px) 100vw, 300px\" \/><figcaption id=\"caption-attachment-2852\" class=\"wp-caption-text\">La estrella de Croacia, Alen Halilovic, decepcionado por la derrota. (Foto: FIFA.com)<\/figcaption><\/figure>\n<p>El partido depar\u00f3 la primera de las sorpresas en el torneo. La selecci\u00f3n de Uzbekist\u00e1n consigue meritoriamente su pase a Octavos de Final tras conseguir la victoria ante <a title=\"Lista de Croacia para el Mundial Sub\u201917 de EAU\" href=\"http:\/\/www.manquepierda.com\/futbolandia\/lista-de-croacia-para-el-mundial-sub17-de-eau\/\">Croacia<\/a>. El marcador se abri\u00f3 en el minuto 14 tras un lanzamiento de falta por parte de Uzbekist\u00e1n. El croata <strong>Caleta-Car<\/strong> mand\u00f3 torpemente a gol en su porter\u00eda debido a un fallo de entendimiento entre jugador y portero. El equipo de Croacia sigui\u00f3 en busca del gol que le acercara a la remontada y en una magn\u00edfica jugada individual del talentoso <strong>Alen Halilovic<\/strong>, consigui\u00f3 poner el 1-1 en el marcador. Poco m\u00e1s tarde, <strong>Ante Roguljic<\/strong> pudo adelantar de nuevo a Croacia pero su disparo por bajo fue atrapado por el portero uzbeko <strong>Sarvar Karimov<\/strong>. Despu\u00e9s del descanso, Croacia sigui\u00f3 intent\u00e1ndolo pero el partido baj\u00f3 en ritmo e intensidad y cuando se llegaba al tramo final, <strong>Boltaboev<\/strong> se sac\u00f3 un gran disparo desde la frontal del \u00e1rea que hac\u00eda imposible la buena estirada de <strong>Marko Maric<\/strong>. Los uzbekos se pon\u00edan 2-1 y clasificaban para octavos con 7 puntos obtenidos. Por su parte, Croacia queda con tres puntos unicamente a la espera de saber si clasifica como una de las mejores terceras de grupo.<\/p>\n<p><strong>MARRUECOS 4-2 PANAM\u00c1<\/strong><\/p>\n<figure id=\"attachment_2855\" aria-describedby=\"caption-attachment-2855\" style=\"width: 289px\" class=\"wp-caption alignleft\"><a href=\"https:\/\/i0.wp.com\/www.manquepierda.com\/futbolandia\/files\/2013\/10\/bnou_marzouk.png\"><img data-recalc-dims=\"1\" loading=\"lazy\" decoding=\"async\" data-attachment-id=\"2855\" data-permalink=\"https:\/\/www.manquepierda.com\/futbolandia\/resumen-de-la-jornada-final-de-los-grupos-c-y-d-en-el-mundial-sub17\/bnou_marzouk\/\" data-orig-file=\"https:\/\/i0.wp.com\/www.manquepierda.com\/futbolandia\/files\/2013\/10\/bnou_marzouk.png?fit=405%2C419&amp;ssl=1\" data-orig-size=\"405,419\" data-comments-opened=\"1\" data-image-meta=\"{&quot;aperture&quot;:&quot;0&quot;,&quot;credit&quot;:&quot;&quot;,&quot;camera&quot;:&quot;&quot;,&quot;caption&quot;:&quot;&quot;,&quot;created_timestamp&quot;:&quot;0&quot;,&quot;copyright&quot;:&quot;&quot;,&quot;focal_length&quot;:&quot;0&quot;,&quot;iso&quot;:&quot;0&quot;,&quot;shutter_speed&quot;:&quot;0&quot;,&quot;title&quot;:&quot;&quot;}\" data-image-title=\"bnou_marzouk\" data-image-description=\"\" data-image-caption=\"&lt;p&gt;Bnou Marzouk, delantero de la Juventus, hizo undoblete en la victoria ante Panam\u00e1. (Foto: FIFA.com)&lt;\/p&gt;\n\" data-large-file=\"https:\/\/i0.wp.com\/www.manquepierda.com\/futbolandia\/files\/2013\/10\/bnou_marzouk.png?fit=405%2C419&amp;ssl=1\" class=\"size-medium wp-image-2855\" alt=\"Bnou Marzouk, delantero de la Juventus, hizo undoblete en la victoria ante Panam\u00e1. (Foto: FIFA.com)\" src=\"https:\/\/i0.wp.com\/www.manquepierda.com\/futbolandia\/files\/2013\/10\/bnou_marzouk.png?resize=289%2C300\" width=\"289\" height=\"300\" srcset=\"https:\/\/i0.wp.com\/www.manquepierda.com\/futbolandia\/files\/2013\/10\/bnou_marzouk.png?resize=289%2C300&amp;ssl=1 289w, https:\/\/i0.wp.com\/www.manquepierda.com\/futbolandia\/files\/2013\/10\/bnou_marzouk.png?w=405&amp;ssl=1 405w\" sizes=\"auto, (max-width: 289px) 100vw, 289px\" \/><\/a><figcaption id=\"caption-attachment-2855\" class=\"wp-caption-text\">Bnou Marzouk, delantero de la Juventus, hizo undoblete en la victoria ante Panam\u00e1. (Foto: FIFA.com)<\/figcaption><\/figure>\n<p><a title=\"Lista de Marruecos para el Mundial Sub\u201917 de EAU\" href=\"http:\/\/www.manquepierda.com\/futbolandia\/lista-de-marruecos-para-el-mundial-sub17-de-eau\/\">Marruecos<\/a> complet\u00f3 un muy buenpartido en el cierre del Grupo C con su victoria contundente por 4-2 ante <a title=\"Lista de Panam\u00e1 para el Mundial Sub\u201917 de EAU\" href=\"http:\/\/www.manquepierda.com\/futbolandia\/lista-de-panama-para-el-mundial-sub17-de-eau\/\">Panam\u00e1<\/a>, que apuraba sus \u00faltimas opciones de clasificar a la siguiente ronda. De hecho, el equipo de Dely Vald\u00e9s consigui\u00f3 adelantarse con un tanto de <strong>Werner Wald<\/strong> en el minuto 20 de partido. El paname\u00f1o aprovech\u00f3 un bal\u00f3n suelto en el \u00e1rea tras una falta que rechazaba la barrera marroqu\u00ed. Algunos minutos despu\u00e9s, en el &#8217;30, el jugador de la Juventus, <strong>Bnou Marzouk<\/strong>, en una arrancada que dejaba atr\u00e1s a su defensor y cruzando el bal\u00f3n cuando quedaba frente a <strong>Jaime De Gracia<\/strong>. Cuando estaba por acabar la primera parte, el mismo Bnou Marzouk marcaba el 2-1 con un potente disparo entrando s\u00f3lo desde atr\u00e1s cuando recib\u00eda un bal\u00f3n desde la l\u00ednea de fondo. Nada m\u00e1s comenzar la segunda parte, un mal despeje en defensa en el minuto 49 propici\u00f3 un bonito gol de <strong>Hamza Sakhi<\/strong>. Un duro golpe para los centroamericanos que perd\u00edan casi toda esperanza de pasar de fase. No hubo m\u00e1s goles hasta que el encuentro llegaba a su fin. En el minuto 85, <strong>Karim Achahbar<\/strong> consegu\u00eda marcar el 4-1 despu\u00e9s de que el portero paname\u00f1o realizara un penoso despeje a disparo de <strong>Nabil Jaadi<\/strong>. Poco despu\u00e9s, <strong>Ervin Zorrila<\/strong> pon\u00eda en el marcador el definitivo 4-2 convirtiendo a placer en una buena jugada individual de <strong>Ismael D\u00edaz<\/strong>. La selecci\u00f3n de Marruecos queda primera de grupo con 7 puntos empatado con Uzbekist\u00e1n mientras que Panam\u00e1 se va del torneo sin obtener ning\u00fan punto.<\/p>\n<p><strong>GRUPO D<\/strong><\/p>\n<p>En este grupo, Jap\u00f3n consigue pleno de victorias y con 9 puntos pasa de ronda como primera clasificada.Un buen juego desplegado durante sus tres partidos le hacen valedera como aspirante al torneo, am\u00e9n de selecciones como Brasil. La selecci\u00f3n de T\u00fanez tendr\u00e1 que conformarse con la segunda plaza despu\u00e9s de la derrota ante el conjunto nip\u00f3n. Nada mal para una selecci\u00f3n que apriori no formaba parte de los favoritos dentro del grupo. Venezuela y Rusia disputaban entre s\u00ed un encuentro vital para ambos. El duelo podr\u00eda llevar a uno de ellos a la siguiente fase de quedar como uno de los cuatro mejores combinados en tercera posici\u00f3n. Finalmente ser\u00e1 Rusia gracias a un amplio resultado de 4-0 que deja a Venezuela con la moral por los suelos y sin ning\u00fan punto que llevarse de vuelta a casa.<\/p>\n<p><strong>JAP\u00d3N 2-1 T\u00daNEZ<\/strong><\/p>\n<figure id=\"attachment_2857\" aria-describedby=\"caption-attachment-2857\" style=\"width: 297px\" class=\"wp-caption alignright\"><a href=\"https:\/\/i0.wp.com\/www.manquepierda.com\/futbolandia\/files\/2013\/10\/watanabe.png\"><img data-recalc-dims=\"1\" loading=\"lazy\" decoding=\"async\" data-attachment-id=\"2857\" data-permalink=\"https:\/\/www.manquepierda.com\/futbolandia\/resumen-de-la-jornada-final-de-los-grupos-c-y-d-en-el-mundial-sub17\/watanabe\/\" data-orig-file=\"https:\/\/i0.wp.com\/www.manquepierda.com\/futbolandia\/files\/2013\/10\/watanabe.png?fit=539%2C543&amp;ssl=1\" data-orig-size=\"539,543\" data-comments-opened=\"1\" data-image-meta=\"{&quot;aperture&quot;:&quot;0&quot;,&quot;credit&quot;:&quot;&quot;,&quot;camera&quot;:&quot;&quot;,&quot;caption&quot;:&quot;&quot;,&quot;created_timestamp&quot;:&quot;0&quot;,&quot;copyright&quot;:&quot;&quot;,&quot;focal_length&quot;:&quot;0&quot;,&quot;iso&quot;:&quot;0&quot;,&quot;shutter_speed&quot;:&quot;0&quot;,&quot;title&quot;:&quot;&quot;}\" data-image-title=\"watanabe\" data-image-description=\"\" data-image-caption=\"&lt;p&gt;Ryoma Watanabe desataba la euforia en la selecci\u00f3n de Jap\u00f3n tras marcar el gol de la victoria en el descuento (Foto: FIFA.com)&lt;\/p&gt;\n\" data-large-file=\"https:\/\/i0.wp.com\/www.manquepierda.com\/futbolandia\/files\/2013\/10\/watanabe.png?fit=539%2C543&amp;ssl=1\" class=\"size-medium wp-image-2857\" alt=\"Ryoma Watanabe desataba la euforia en la selecci\u00f3n de Jap\u00f3n tras marcar el gol de la victoria en el descuento (Foto: FIFA.com)\" src=\"https:\/\/i0.wp.com\/www.manquepierda.com\/futbolandia\/files\/2013\/10\/watanabe.png?resize=297%2C300\" width=\"297\" height=\"300\" srcset=\"https:\/\/i0.wp.com\/www.manquepierda.com\/futbolandia\/files\/2013\/10\/watanabe.png?resize=297%2C300&amp;ssl=1 297w, https:\/\/i0.wp.com\/www.manquepierda.com\/futbolandia\/files\/2013\/10\/watanabe.png?w=539&amp;ssl=1 539w\" sizes=\"auto, (max-width: 297px) 100vw, 297px\" \/><\/a><figcaption id=\"caption-attachment-2857\" class=\"wp-caption-text\">Ryoma Watanabe desataba la euforia en la selecci\u00f3n de Jap\u00f3n tras marcar el gol de la victoria en el descuento (Foto: FIFA.com)<\/figcaption><\/figure>\n<p>Duelo entre selecciones que ven\u00edan de ganar sus dos anteriores partidos y que disputaban as\u00ed la primera posici\u00f3n del grupo. El equipo japon\u00e9s intent\u00f3 llevar el peligro en el partido con su juego de toque y posesi\u00f3n pero los tunecinos y su veloz contraataque consegu\u00edan hacer temer el gol. Pero el gol no lleg\u00f3 hasta el descuento de la primera parte, en un potent\u00edsimo disparo de <strong>Mohamed Dr\u00e4ger<\/strong> despu\u00e9s de una muy buena dejada de <strong>Haj Hassen<\/strong>. Con resultado de 0-1 los norteafricanos se iban al descanso con la primera posici\u00f3n del grupo. Tras el tiempo de descanso, los japoneses no se dieron por vencido y buscaron hacerse con el partido. Pudieron empatar con un magn\u00edfico lanzamiento desde la frontal del \u00e1rea de <strong>Sugimoto<\/strong>, pero el bal\u00f3n golpe\u00f3 en la cruceta llevando el descontento en los jugadores japoneses. Despu\u00e9s de estar todo la segunda parte sin conseguir el empate, vinieron los mejores momentos de <a title=\"Lista de Jap\u00f3n para el Mundial Sub\u201917 de EAU\" href=\"http:\/\/www.manquepierda.com\/futbolandia\/lista-de-japon-para-el-mundial-sub17-de-eau\/\">Jap\u00f3n<\/a> y consiguieron remotar en espacio de 5 minutos- En el minuto 87, Jap\u00f3n empataba el partido despu\u00e9s de que <strong>Rached Arfaoui<\/strong> pifiara un despeje acosado por <strong>Sakai<\/strong> y el bal\u00f3n acab\u00f3 entrando en su propia porter\u00eda. La alegr\u00eda de Jap\u00f3n se vi\u00f3 aumentada en el descuento del partido con un gol de <strong>Watanabe<\/strong> rematando a placer una asistencia de <strong>Mizutani<\/strong>. Pleno de victorias del conjunto asi\u00e1tico que afronta los Octavos de Final llenos de moral y conocedores de que su juego les otorga buenos resultados.<\/p>\n<p><strong>VENEZUELA 0-4 RUSIA<\/strong><\/p>\n<figure id=\"attachment_2859\" aria-describedby=\"caption-attachment-2859\" style=\"width: 300px\" class=\"wp-caption alignleft\"><a href=\"https:\/\/i0.wp.com\/www.manquepierda.com\/futbolandia\/files\/2013\/10\/zalzman_beycker.png\"><img data-recalc-dims=\"1\" loading=\"lazy\" decoding=\"async\" data-attachment-id=\"2859\" data-permalink=\"https:\/\/www.manquepierda.com\/futbolandia\/resumen-de-la-jornada-final-de-los-grupos-c-y-d-en-el-mundial-sub17\/zalzman_beycker\/\" data-orig-file=\"https:\/\/i0.wp.com\/www.manquepierda.com\/futbolandia\/files\/2013\/10\/zalzman_beycker.png?fit=431%2C421&amp;ssl=1\" data-orig-size=\"431,421\" data-comments-opened=\"1\" data-image-meta=\"{&quot;aperture&quot;:&quot;0&quot;,&quot;credit&quot;:&quot;&quot;,&quot;camera&quot;:&quot;&quot;,&quot;caption&quot;:&quot;&quot;,&quot;created_timestamp&quot;:&quot;0&quot;,&quot;copyright&quot;:&quot;&quot;,&quot;focal_length&quot;:&quot;0&quot;,&quot;iso&quot;:&quot;0&quot;,&quot;shutter_speed&quot;:&quot;0&quot;,&quot;title&quot;:&quot;&quot;}\" data-image-title=\"zalzman_beycker\" data-image-description=\"\" data-image-caption=\"&lt;p&gt;David Zalzman y Beycker Vel\u00e1squez desolados despu\u00e9s del partido ante Rusia (Foto: FIFA.com)&lt;\/p&gt;\n\" data-large-file=\"https:\/\/i0.wp.com\/www.manquepierda.com\/futbolandia\/files\/2013\/10\/zalzman_beycker.png?fit=431%2C421&amp;ssl=1\" class=\"size-medium wp-image-2859\" alt=\"David Zalzman y Beycker Vel\u00e1squez desolados despu\u00e9s del partido ante Rusia (Foto: FIFA.com)\" src=\"https:\/\/i0.wp.com\/www.manquepierda.com\/futbolandia\/files\/2013\/10\/zalzman_beycker.png?resize=300%2C293\" width=\"300\" height=\"293\" srcset=\"https:\/\/i0.wp.com\/www.manquepierda.com\/futbolandia\/files\/2013\/10\/zalzman_beycker.png?resize=300%2C293&amp;ssl=1 300w, https:\/\/i0.wp.com\/www.manquepierda.com\/futbolandia\/files\/2013\/10\/zalzman_beycker.png?w=431&amp;ssl=1 431w\" sizes=\"auto, (max-width: 300px) 100vw, 300px\" \/><\/a><figcaption id=\"caption-attachment-2859\" class=\"wp-caption-text\">David Zalzman y Beycker Vel\u00e1squez desolados despu\u00e9s del partido ante Rusia (Foto: FIFA.com)<\/figcaption><\/figure>\n<p>Era la \u00faltima oportunidad para ambas selecciones de permanecer vivos en el Mundial. Los dos equipos saltaron al terreno de juego con la idea de conseguir un buen resulta y esperar a que todos los grupos esten finalizados y saber si clasifican como tercero. El primer gol lleg\u00f3 en una contra r\u00e1pida de <a title=\"Lista de Rusia para el Mundial Sub\u201917 de EAU\" href=\"http:\/\/www.manquepierda.com\/futbolandia\/lista-de-rusia-para-el-mundial-sub17-de-eau\/\">Rusia<\/a> que <strong>Aleksandr Makarov<\/strong> aprovechaba el desajuste defensivo para rematar s\u00f3lo y poner el primero de la tarde. Poco despu\u00e9s, <strong>Guliev<\/strong> hizo esforzarse a <strong>Beycker Vel\u00e1squez<\/strong> que desvi\u00f3 a c\u00f3rner un disparo dur\u00edsimo desde duera del \u00e1rea. Donde no pudo hacer nada el portero vinotinto fue en la contra llevada entre <strong>Golovin<\/strong> y <strong>Sheidaev<\/strong>, quien termin\u00f3 cruzando y poniendo el 0-2 favorable a los rusos. Poco antes de acabar la primera parte, una falta al borde del \u00e1rea le sirvi\u00f3 a Golovin para anotar un gran gol ajustando el bal\u00f3n al palo izquierdo de Vel\u00e1squez. Con 0-3 al descanso, los chicos de <a title=\"Lista de Venezuela para el Mundial Sub\u201917 de EAU\" href=\"http:\/\/www.manquepierda.com\/futbolandia\/lista-de-venezuela-para-el-mundial-sub17-de-eau\/\">Venezuela<\/a> vieron reducidas a cero sus opciones de seguir en el torneo. El gol que puso el resultado final lleg\u00f3 en el minuto 85 obra de Sheidaev que cont\u00f3con la colaboraci\u00f3n de la defensa de Venezuela que entre <strong>Franko D\u00edaz<\/strong> y <strong>Marrufo<\/strong> no pudieron evitar que rematara cerca del \u00e1rea peque\u00f1a. Muchos desajustes defensivos y una mala gesti\u00f3n desde el banquillo fueron los grandes culpables de que la selecci\u00f3n de Venezuela se vuelva a casa con tres derrotas en el Mundial.<\/p>\n<p>&nbsp;<\/p>\n<table summary=\"Grupo Group C\">\n<caption>Grupo C<\/caption>\n<thead>\n<tr>\n<th>Equipo<\/th>\n<th><abbr title=\"Partidos jugados\">PJ<\/abbr><\/th>\n<th><abbr title=\"Ganados\">G<\/abbr><\/th>\n<th><abbr title=\"Empatados\">E<\/abbr><\/th>\n<th><abbr title=\"Perdidos\">P<\/abbr><\/th>\n<th><abbr title=\"Goles a favor\">GF<\/abbr><\/th>\n<th><abbr title=\"Goles en contra\">GC<\/abbr><\/th>\n<th><abbr title=\"Puntos\">Pts.<\/abbr><\/th>\n<\/tr>\n<\/thead>\n<tbody>\n<tr>\n<td><a href=\"http:\/\/es.fifa.com\/u17worldcup\/teams\/team=1889641\/index.html\">Marruecos<\/a><\/td>\n<td>3<\/td>\n<td>2<\/td>\n<td>1<\/td>\n<td>0<\/td>\n<td>7<\/td>\n<td>3<\/td>\n<td>7<\/td>\n<\/tr>\n<tr>\n<td><a href=\"http:\/\/es.fifa.com\/u17worldcup\/teams\/team=1889699\/index.html\">Uzbekist\u00e1n<\/a><\/td>\n<td>3<\/td>\n<td>2<\/td>\n<td>1<\/td>\n<td>0<\/td>\n<td>4<\/td>\n<td>1<\/td>\n<td>7<\/td>\n<\/tr>\n<tr>\n<td><a href=\"http:\/\/es.fifa.com\/u17worldcup\/teams\/team=1889580\/index.html\">Croacia<\/a><\/td>\n<td>3<\/td>\n<td>1<\/td>\n<td>0<\/td>\n<td>2<\/td>\n<td>3<\/td>\n<td>5<\/td>\n<td>3<\/td>\n<\/tr>\n<tr>\n<td><a href=\"http:\/\/es.fifa.com\/u17worldcup\/teams\/team=1889659\/index.html\">Panam\u00e1<\/a><\/td>\n<td>3<\/td>\n<td>0<\/td>\n<td>0<\/td>\n<td>3<\/td>\n<td>2<\/td>\n<td>7<\/td>\n<td>0<\/td>\n<\/tr>\n<\/tbody>\n<\/table>\n<p>&nbsp;<\/p>\n<table summary=\"Grupo Group D\">\n<caption>Grupo D<\/caption>\n<thead>\n<tr>\n<th>Equipo<\/th>\n<th><abbr title=\"Partidos jugados\">PJ<\/abbr><\/th>\n<th><abbr title=\"Ganados\">G<\/abbr><\/th>\n<th><abbr title=\"Empatados\">E<\/abbr><\/th>\n<th><abbr title=\"Perdidos\">P<\/abbr><\/th>\n<th><abbr title=\"Goles a favor\">GF<\/abbr><\/th>\n<th><abbr title=\"Goles en contra\">GC<\/abbr><\/th>\n<th><abbr title=\"Puntos\">Pts.<\/abbr><\/th>\n<\/tr>\n<\/thead>\n<tbody>\n<tr>\n<td><a href=\"http:\/\/es.fifa.com\/u17worldcup\/teams\/team=1888308\/index.html\">Jap\u00f3n<\/a><\/td>\n<td>3<\/td>\n<td>3<\/td>\n<td>0<\/td>\n<td>0<\/td>\n<td>6<\/td>\n<td>2<\/td>\n<td>9<\/td>\n<\/tr>\n<tr>\n<td><a href=\"http:\/\/es.fifa.com\/u17worldcup\/teams\/team=1888331\/index.html\">T\u00fanez<\/a><\/td>\n<td>3<\/td>\n<td>2<\/td>\n<td>0<\/td>\n<td>1<\/td>\n<td>4<\/td>\n<td>3<\/td>\n<td>6<\/td>\n<\/tr>\n<tr>\n<td><a href=\"http:\/\/es.fifa.com\/u17worldcup\/teams\/team=1889665\/index.html\">Rusia<\/a><\/td>\n<td>3<\/td>\n<td>1<\/td>\n<td>0<\/td>\n<td>2<\/td>\n<td>4<\/td>\n<td>2<\/td>\n<td>3<\/td>\n<\/tr>\n<tr>\n<td><a href=\"http:\/\/es.fifa.com\/u17worldcup\/teams\/team=1889701\/index.html\">Venezuela<\/a><\/td>\n<td>3<\/td>\n<td>0<\/td>\n<td>0<\/td>\n<td>3<\/td>\n<td>2<\/td>\n<td>9<\/td>\n<td>0<\/td>\n<\/tr>\n<\/tbody>\n<\/table>\n","protected":false},"excerpt":{"rendered":"<p>GRUPO C La selecci\u00f3n de Uzbekist\u00e1n ha protagonizado la sorpresa en el Mundial. Junto a Marruecos, queda clasificada para jugar la siguiente ronda despu\u00e9s de ganar a Croacia por 3-1. Los croatas quedan en la tercera posici\u00f3n solamente con los tres puntos obtenidos frente a Panam\u00e1. El conjunto centroamericano se queda sin puntuar en la&#8230;<\/p>\n","protected":false},"author":326,"featured_media":2729,"comment_status":"open","ping_status":"open","sticky":false,"template":"","format":"standard","meta":{"_kad_post_transparent":"","_kad_post_title":"","_kad_post_layout":"","_kad_post_sidebar_id":"","_kad_post_content_style":"","_kad_post_vertical_padding":"","_kad_post_feature":"","_kad_post_feature_position":"","_kad_post_header":false,"_kad_post_footer":false,"_kad_post_classname":"","_jetpack_memberships_contains_paid_content":false,"footnotes":"","jetpack_publicize_message":"","jetpack_publicize_feature_enabled":true,"jetpack_social_post_already_shared":true,"jetpack_social_options":{"image_generator_settings":{"template":"highway","default_image_id":0,"font":"","enabled":false},"version":2}},"categories":[10,2015],"tags":[1057,1056,1079,1063,1060,1055,931,1068,904,1081,966,1078,1071,1058,1065,1069,1064,436,1066,1077,1061,812,1082,1076,1070,581,1067,911,1073,934,1074,1059,1080,661,1072,913,900,579,822,823,1075,1062],"class_list":["post-2851","post","type-post","status-publish","format-standard","has-post-thumbnail","hentry","category-portada","category-selecciones-combinados-nacionales","tag-alen-halilovic","tag-ante-roguljic","tag-beycker-velasquez","tag-bnou-marzouk","tag-boltaboev","tag-caleta-car","tag-croacia","tag-ervin-zorrilla","tag-fifa","tag-franko-diaz","tag-golovin","tag-guliev","tag-haj-hassen","tag-halilovic","tag-hamza-sakhi","tag-ismael-diaz","tag-jaime-de-gracia","tag-japon","tag-karim-achahbar","tag-makarov","tag-marko-maric","tag-marruecos","tag-marrufo","tag-mizutani","tag-mohamed-drager","tag-mundial","tag-nabil-jaadi","tag-panama","tag-rached-arfaoui","tag-rusia","tag-sakai","tag-sarvar-karimov","tag-sheidaev","tag-sub17","tag-sugimoto","tag-tunez","tag-u17","tag-uzbekistan","tag-venezuela","tag-vinotinto","tag-watanabe","tag-werner-wald"],"yoast_head":"<!-- This site is optimized with the Yoast SEO plugin v27.5 - https:\/\/yoast.com\/product\/yoast-seo-wordpress\/ -->\n<title>Resumen de la Jornada Final de los Grupos C y D en el Mundial Sub&#039;17 &#8211; Futbolandia<\/title>\n<meta name=\"robots\" content=\"index, follow, max-snippet:-1, max-image-preview:large, max-video-preview:-1\" \/>\n<link rel=\"canonical\" href=\"https:\/\/www.manquepierda.com\/futbolandia\/resumen-de-la-jornada-final-de-los-grupos-c-y-d-en-el-mundial-sub17\/\" \/>\n<meta property=\"og:locale\" content=\"es_ES\" \/>\n<meta property=\"og:type\" content=\"article\" \/>\n<meta property=\"og:title\" content=\"Resumen de la Jornada Final de los Grupos C y D en el Mundial Sub&#039;17 &#8211; Futbolandia\" \/>\n<meta property=\"og:description\" content=\"GRUPO C La selecci\u00f3n de Uzbekist\u00e1n ha protagonizado la sorpresa en el Mundial. Junto a Marruecos, queda clasificada para jugar la siguiente ronda despu\u00e9s de ganar a Croacia por 3-1. Los croatas quedan en la tercera posici\u00f3n solamente con los tres puntos obtenidos frente a Panam\u00e1. El conjunto centroamericano se queda sin puntuar en la...\" \/>\n<meta property=\"og:url\" content=\"https:\/\/www.manquepierda.com\/futbolandia\/resumen-de-la-jornada-final-de-los-grupos-c-y-d-en-el-mundial-sub17\/\" \/>\n<meta property=\"og:site_name\" content=\"Futbolandia\" \/>\n<meta property=\"article:published_time\" content=\"2013-10-24T22:04:49+00:00\" \/>\n<meta property=\"article:modified_time\" content=\"2015-07-09T07:41:11+00:00\" \/>\n<meta property=\"og:image\" content=\"https:\/\/i2.wp.com\/www.manquepierda.com\/futbolandia\/files\/2013\/10\/cfa94a10e2.jpg?fit=690%2C388&ssl=1\" \/>\n\t<meta property=\"og:image:width\" content=\"690\" \/>\n\t<meta property=\"og:image:height\" content=\"388\" \/>\n\t<meta property=\"og:image:type\" content=\"image\/jpeg\" \/>\n<meta name=\"author\" content=\"Ezequiel Carrasco Navarro\" \/>\n<meta name=\"twitter:label1\" content=\"Escrito por\" \/>\n\t<meta name=\"twitter:data1\" content=\"Ezequiel Carrasco Navarro\" \/>\n\t<meta name=\"twitter:label2\" content=\"Tiempo de lectura\" \/>\n\t<meta name=\"twitter:data2\" content=\"7 minutos\" \/>\n<script type=\"application\/ld+json\" class=\"yoast-schema-graph\">{\"@context\":\"https:\\\/\\\/schema.org\",\"@graph\":[{\"@type\":\"Article\",\"@id\":\"https:\\\/\\\/www.manquepierda.com\\\/futbolandia\\\/resumen-de-la-jornada-final-de-los-grupos-c-y-d-en-el-mundial-sub17\\\/#article\",\"isPartOf\":{\"@id\":\"https:\\\/\\\/www.manquepierda.com\\\/futbolandia\\\/resumen-de-la-jornada-final-de-los-grupos-c-y-d-en-el-mundial-sub17\\\/\"},\"author\":{\"name\":\"Ezequiel Carrasco Navarro\",\"@id\":\"https:\\\/\\\/www.manquepierda.com\\\/futbolandia\\\/#\\\/schema\\\/person\\\/d0ffcaeee88a75229f29f23833b2caaf\"},\"headline\":\"Resumen de la Jornada Final de los Grupos C y D en el Mundial Sub&#8217;17\",\"datePublished\":\"2013-10-24T22:04:49+00:00\",\"dateModified\":\"2015-07-09T07:41:11+00:00\",\"mainEntityOfPage\":{\"@id\":\"https:\\\/\\\/www.manquepierda.com\\\/futbolandia\\\/resumen-de-la-jornada-final-de-los-grupos-c-y-d-en-el-mundial-sub17\\\/\"},\"wordCount\":1371,\"commentCount\":0,\"image\":{\"@id\":\"https:\\\/\\\/www.manquepierda.com\\\/futbolandia\\\/resumen-de-la-jornada-final-de-los-grupos-c-y-d-en-el-mundial-sub17\\\/#primaryimage\"},\"thumbnailUrl\":\"https:\\\/\\\/i0.wp.com\\\/www.manquepierda.com\\\/futbolandia\\\/files\\\/2013\\\/10\\\/cfa94a10e2.jpg?fit=690%2C388&ssl=1\",\"keywords\":[\"alen halilovic\",\"ante roguljic\",\"beycker vel\u00e1squez\",\"bnou marzouk\",\"boltaboev\",\"caleta-car\",\"Croacia\",\"ervin zorrilla\",\"FIFA\",\"franko d\u00edaz\",\"golovin\",\"guliev\",\"haj hassen\",\"halilovic\",\"hamza sakhi\",\"ismael d\u00edaz\",\"jaime de gracia\",\"Japon\",\"karim achahbar\",\"makarov\",\"Marko Maric\",\"marruecos\",\"marrufo\",\"mizutani\",\"mohamed dr\u00e4ger\",\"mundial\",\"nabil jaadi\",\"Panam\u00e1\",\"rached arfaoui\",\"Rusia\",\"sakai\",\"sarvar karimov\",\"sheidaev\",\"sub17\",\"sugimoto\",\"T\u00fanez\",\"u17\",\"uzbekistan\",\"Venezuela\",\"vinotinto\",\"watanabe\",\"werner wald\"],\"articleSection\":[\"Portada\",\"Selecciones y combinados nacionales\"],\"inLanguage\":\"es\",\"potentialAction\":[{\"@type\":\"CommentAction\",\"name\":\"Comment\",\"target\":[\"https:\\\/\\\/www.manquepierda.com\\\/futbolandia\\\/resumen-de-la-jornada-final-de-los-grupos-c-y-d-en-el-mundial-sub17\\\/#respond\"]}]},{\"@type\":\"WebPage\",\"@id\":\"https:\\\/\\\/www.manquepierda.com\\\/futbolandia\\\/resumen-de-la-jornada-final-de-los-grupos-c-y-d-en-el-mundial-sub17\\\/\",\"url\":\"https:\\\/\\\/www.manquepierda.com\\\/futbolandia\\\/resumen-de-la-jornada-final-de-los-grupos-c-y-d-en-el-mundial-sub17\\\/\",\"name\":\"Resumen de la Jornada Final de los Grupos C y D en el Mundial Sub'17 &#8211; Futbolandia\",\"isPartOf\":{\"@id\":\"https:\\\/\\\/www.manquepierda.com\\\/futbolandia\\\/#website\"},\"primaryImageOfPage\":{\"@id\":\"https:\\\/\\\/www.manquepierda.com\\\/futbolandia\\\/resumen-de-la-jornada-final-de-los-grupos-c-y-d-en-el-mundial-sub17\\\/#primaryimage\"},\"image\":{\"@id\":\"https:\\\/\\\/www.manquepierda.com\\\/futbolandia\\\/resumen-de-la-jornada-final-de-los-grupos-c-y-d-en-el-mundial-sub17\\\/#primaryimage\"},\"thumbnailUrl\":\"https:\\\/\\\/i0.wp.com\\\/www.manquepierda.com\\\/futbolandia\\\/files\\\/2013\\\/10\\\/cfa94a10e2.jpg?fit=690%2C388&ssl=1\",\"datePublished\":\"2013-10-24T22:04:49+00:00\",\"dateModified\":\"2015-07-09T07:41:11+00:00\",\"author\":{\"@id\":\"https:\\\/\\\/www.manquepierda.com\\\/futbolandia\\\/#\\\/schema\\\/person\\\/d0ffcaeee88a75229f29f23833b2caaf\"},\"breadcrumb\":{\"@id\":\"https:\\\/\\\/www.manquepierda.com\\\/futbolandia\\\/resumen-de-la-jornada-final-de-los-grupos-c-y-d-en-el-mundial-sub17\\\/#breadcrumb\"},\"inLanguage\":\"es\",\"potentialAction\":[{\"@type\":\"ReadAction\",\"target\":[\"https:\\\/\\\/www.manquepierda.com\\\/futbolandia\\\/resumen-de-la-jornada-final-de-los-grupos-c-y-d-en-el-mundial-sub17\\\/\"]}]},{\"@type\":\"ImageObject\",\"inLanguage\":\"es\",\"@id\":\"https:\\\/\\\/www.manquepierda.com\\\/futbolandia\\\/resumen-de-la-jornada-final-de-los-grupos-c-y-d-en-el-mundial-sub17\\\/#primaryimage\",\"url\":\"https:\\\/\\\/i0.wp.com\\\/www.manquepierda.com\\\/futbolandia\\\/files\\\/2013\\\/10\\\/cfa94a10e2.jpg?fit=690%2C388&ssl=1\",\"contentUrl\":\"https:\\\/\\\/i0.wp.com\\\/www.manquepierda.com\\\/futbolandia\\\/files\\\/2013\\\/10\\\/cfa94a10e2.jpg?fit=690%2C388&ssl=1\",\"width\":690,\"height\":388},{\"@type\":\"BreadcrumbList\",\"@id\":\"https:\\\/\\\/www.manquepierda.com\\\/futbolandia\\\/resumen-de-la-jornada-final-de-los-grupos-c-y-d-en-el-mundial-sub17\\\/#breadcrumb\",\"itemListElement\":[{\"@type\":\"ListItem\",\"position\":1,\"name\":\"Portada\",\"item\":\"https:\\\/\\\/www.manquepierda.com\\\/futbolandia\\\/\"},{\"@type\":\"ListItem\",\"position\":2,\"name\":\"Resumen de la Jornada Final de los Grupos C y D en el Mundial Sub&#8217;17\"}]},{\"@type\":\"WebSite\",\"@id\":\"https:\\\/\\\/www.manquepierda.com\\\/futbolandia\\\/#website\",\"url\":\"https:\\\/\\\/www.manquepierda.com\\\/futbolandia\\\/\",\"name\":\"Futbolandia\",\"description\":\"Reportajes e informaci\u00f3n sobre f\u00fatbol mundial y j\u00f3venes promesas\",\"potentialAction\":[{\"@type\":\"SearchAction\",\"target\":{\"@type\":\"EntryPoint\",\"urlTemplate\":\"https:\\\/\\\/www.manquepierda.com\\\/futbolandia\\\/?s={search_term_string}\"},\"query-input\":{\"@type\":\"PropertyValueSpecification\",\"valueRequired\":true,\"valueName\":\"search_term_string\"}}],\"inLanguage\":\"es\"},{\"@type\":\"Person\",\"@id\":\"https:\\\/\\\/www.manquepierda.com\\\/futbolandia\\\/#\\\/schema\\\/person\\\/d0ffcaeee88a75229f29f23833b2caaf\",\"name\":\"Ezequiel Carrasco Navarro\",\"image\":{\"@type\":\"ImageObject\",\"inLanguage\":\"es\",\"@id\":\"https:\\\/\\\/secure.gravatar.com\\\/avatar\\\/49e207b3ab6355686c1da2932e4f7462715c8680c8e9ae12c2872439d3a8c92d?s=96&d=mm&r=g\",\"url\":\"https:\\\/\\\/secure.gravatar.com\\\/avatar\\\/49e207b3ab6355686c1da2932e4f7462715c8680c8e9ae12c2872439d3a8c92d?s=96&d=mm&r=g\",\"contentUrl\":\"https:\\\/\\\/secure.gravatar.com\\\/avatar\\\/49e207b3ab6355686c1da2932e4f7462715c8680c8e9ae12c2872439d3a8c92d?s=96&d=mm&r=g\",\"caption\":\"Ezequiel Carrasco Navarro\"},\"description\":\"Natural de Arahal aunque residente en la ciudad de M\u00e1laga. Fiel al Real Betis. Apasionado del deporte y de las j\u00f3venes promesas del f\u00fatbol internacional. Podeis seguirme y contactar conmigo en Twitter: @EzequielCarNav\",\"url\":\"https:\\\/\\\/www.manquepierda.com\\\/futbolandia\\\/author\\\/ezequielcarnav\\\/\"}]}<\/script>\n<!-- \/ Yoast SEO plugin. -->","yoast_head_json":{"title":"Resumen de la Jornada Final de los Grupos C y D en el Mundial Sub'17 &#8211; Futbolandia","robots":{"index":"index","follow":"follow","max-snippet":"max-snippet:-1","max-image-preview":"max-image-preview:large","max-video-preview":"max-video-preview:-1"},"canonical":"https:\/\/www.manquepierda.com\/futbolandia\/resumen-de-la-jornada-final-de-los-grupos-c-y-d-en-el-mundial-sub17\/","og_locale":"es_ES","og_type":"article","og_title":"Resumen de la Jornada Final de los Grupos C y D en el Mundial Sub'17 &#8211; Futbolandia","og_description":"GRUPO C La selecci\u00f3n de Uzbekist\u00e1n ha protagonizado la sorpresa en el Mundial. Junto a Marruecos, queda clasificada para jugar la siguiente ronda despu\u00e9s de ganar a Croacia por 3-1. Los croatas quedan en la tercera posici\u00f3n solamente con los tres puntos obtenidos frente a Panam\u00e1. El conjunto centroamericano se queda sin puntuar en la...","og_url":"https:\/\/www.manquepierda.com\/futbolandia\/resumen-de-la-jornada-final-de-los-grupos-c-y-d-en-el-mundial-sub17\/","og_site_name":"Futbolandia","article_published_time":"2013-10-24T22:04:49+00:00","article_modified_time":"2015-07-09T07:41:11+00:00","og_image":[{"width":690,"height":388,"url":"https:\/\/i2.wp.com\/www.manquepierda.com\/futbolandia\/files\/2013\/10\/cfa94a10e2.jpg?fit=690%2C388&ssl=1","type":"image\/jpeg"}],"author":"Ezequiel Carrasco Navarro","twitter_misc":{"Escrito por":"Ezequiel Carrasco Navarro","Tiempo de lectura":"7 minutos"},"schema":{"@context":"https:\/\/schema.org","@graph":[{"@type":"Article","@id":"https:\/\/www.manquepierda.com\/futbolandia\/resumen-de-la-jornada-final-de-los-grupos-c-y-d-en-el-mundial-sub17\/#article","isPartOf":{"@id":"https:\/\/www.manquepierda.com\/futbolandia\/resumen-de-la-jornada-final-de-los-grupos-c-y-d-en-el-mundial-sub17\/"},"author":{"name":"Ezequiel Carrasco Navarro","@id":"https:\/\/www.manquepierda.com\/futbolandia\/#\/schema\/person\/d0ffcaeee88a75229f29f23833b2caaf"},"headline":"Resumen de la Jornada Final de los Grupos C y D en el Mundial Sub&#8217;17","datePublished":"2013-10-24T22:04:49+00:00","dateModified":"2015-07-09T07:41:11+00:00","mainEntityOfPage":{"@id":"https:\/\/www.manquepierda.com\/futbolandia\/resumen-de-la-jornada-final-de-los-grupos-c-y-d-en-el-mundial-sub17\/"},"wordCount":1371,"commentCount":0,"image":{"@id":"https:\/\/www.manquepierda.com\/futbolandia\/resumen-de-la-jornada-final-de-los-grupos-c-y-d-en-el-mundial-sub17\/#primaryimage"},"thumbnailUrl":"https:\/\/i0.wp.com\/www.manquepierda.com\/futbolandia\/files\/2013\/10\/cfa94a10e2.jpg?fit=690%2C388&ssl=1","keywords":["alen halilovic","ante roguljic","beycker vel\u00e1squez","bnou marzouk","boltaboev","caleta-car","Croacia","ervin zorrilla","FIFA","franko d\u00edaz","golovin","guliev","haj hassen","halilovic","hamza sakhi","ismael d\u00edaz","jaime de gracia","Japon","karim achahbar","makarov","Marko Maric","marruecos","marrufo","mizutani","mohamed dr\u00e4ger","mundial","nabil jaadi","Panam\u00e1","rached arfaoui","Rusia","sakai","sarvar karimov","sheidaev","sub17","sugimoto","T\u00fanez","u17","uzbekistan","Venezuela","vinotinto","watanabe","werner wald"],"articleSection":["Portada","Selecciones y combinados nacionales"],"inLanguage":"es","potentialAction":[{"@type":"CommentAction","name":"Comment","target":["https:\/\/www.manquepierda.com\/futbolandia\/resumen-de-la-jornada-final-de-los-grupos-c-y-d-en-el-mundial-sub17\/#respond"]}]},{"@type":"WebPage","@id":"https:\/\/www.manquepierda.com\/futbolandia\/resumen-de-la-jornada-final-de-los-grupos-c-y-d-en-el-mundial-sub17\/","url":"https:\/\/www.manquepierda.com\/futbolandia\/resumen-de-la-jornada-final-de-los-grupos-c-y-d-en-el-mundial-sub17\/","name":"Resumen de la Jornada Final de los Grupos C y D en el Mundial Sub'17 &#8211; Futbolandia","isPartOf":{"@id":"https:\/\/www.manquepierda.com\/futbolandia\/#website"},"primaryImageOfPage":{"@id":"https:\/\/www.manquepierda.com\/futbolandia\/resumen-de-la-jornada-final-de-los-grupos-c-y-d-en-el-mundial-sub17\/#primaryimage"},"image":{"@id":"https:\/\/www.manquepierda.com\/futbolandia\/resumen-de-la-jornada-final-de-los-grupos-c-y-d-en-el-mundial-sub17\/#primaryimage"},"thumbnailUrl":"https:\/\/i0.wp.com\/www.manquepierda.com\/futbolandia\/files\/2013\/10\/cfa94a10e2.jpg?fit=690%2C388&ssl=1","datePublished":"2013-10-24T22:04:49+00:00","dateModified":"2015-07-09T07:41:11+00:00","author":{"@id":"https:\/\/www.manquepierda.com\/futbolandia\/#\/schema\/person\/d0ffcaeee88a75229f29f23833b2caaf"},"breadcrumb":{"@id":"https:\/\/www.manquepierda.com\/futbolandia\/resumen-de-la-jornada-final-de-los-grupos-c-y-d-en-el-mundial-sub17\/#breadcrumb"},"inLanguage":"es","potentialAction":[{"@type":"ReadAction","target":["https:\/\/www.manquepierda.com\/futbolandia\/resumen-de-la-jornada-final-de-los-grupos-c-y-d-en-el-mundial-sub17\/"]}]},{"@type":"ImageObject","inLanguage":"es","@id":"https:\/\/www.manquepierda.com\/futbolandia\/resumen-de-la-jornada-final-de-los-grupos-c-y-d-en-el-mundial-sub17\/#primaryimage","url":"https:\/\/i0.wp.com\/www.manquepierda.com\/futbolandia\/files\/2013\/10\/cfa94a10e2.jpg?fit=690%2C388&ssl=1","contentUrl":"https:\/\/i0.wp.com\/www.manquepierda.com\/futbolandia\/files\/2013\/10\/cfa94a10e2.jpg?fit=690%2C388&ssl=1","width":690,"height":388},{"@type":"BreadcrumbList","@id":"https:\/\/www.manquepierda.com\/futbolandia\/resumen-de-la-jornada-final-de-los-grupos-c-y-d-en-el-mundial-sub17\/#breadcrumb","itemListElement":[{"@type":"ListItem","position":1,"name":"Portada","item":"https:\/\/www.manquepierda.com\/futbolandia\/"},{"@type":"ListItem","position":2,"name":"Resumen de la Jornada Final de los Grupos C y D en el Mundial Sub&#8217;17"}]},{"@type":"WebSite","@id":"https:\/\/www.manquepierda.com\/futbolandia\/#website","url":"https:\/\/www.manquepierda.com\/futbolandia\/","name":"Futbolandia","description":"Reportajes e informaci\u00f3n sobre f\u00fatbol mundial y j\u00f3venes promesas","potentialAction":[{"@type":"SearchAction","target":{"@type":"EntryPoint","urlTemplate":"https:\/\/www.manquepierda.com\/futbolandia\/?s={search_term_string}"},"query-input":{"@type":"PropertyValueSpecification","valueRequired":true,"valueName":"search_term_string"}}],"inLanguage":"es"},{"@type":"Person","@id":"https:\/\/www.manquepierda.com\/futbolandia\/#\/schema\/person\/d0ffcaeee88a75229f29f23833b2caaf","name":"Ezequiel Carrasco Navarro","image":{"@type":"ImageObject","inLanguage":"es","@id":"https:\/\/secure.gravatar.com\/avatar\/49e207b3ab6355686c1da2932e4f7462715c8680c8e9ae12c2872439d3a8c92d?s=96&d=mm&r=g","url":"https:\/\/secure.gravatar.com\/avatar\/49e207b3ab6355686c1da2932e4f7462715c8680c8e9ae12c2872439d3a8c92d?s=96&d=mm&r=g","contentUrl":"https:\/\/secure.gravatar.com\/avatar\/49e207b3ab6355686c1da2932e4f7462715c8680c8e9ae12c2872439d3a8c92d?s=96&d=mm&r=g","caption":"Ezequiel Carrasco Navarro"},"description":"Natural de Arahal aunque residente en la ciudad de M\u00e1laga. Fiel al Real Betis. Apasionado del deporte y de las j\u00f3venes promesas del f\u00fatbol internacional. Podeis seguirme y contactar conmigo en Twitter: @EzequielCarNav","url":"https:\/\/www.manquepierda.com\/futbolandia\/author\/ezequielcarnav\/"}]}},"jetpack_publicize_connections":[],"jetpack_featured_media_url":"https:\/\/i0.wp.com\/www.manquepierda.com\/futbolandia\/files\/2013\/10\/cfa94a10e2.jpg?fit=690%2C388&ssl=1","jetpack_shortlink":"https:\/\/wp.me\/p1THIg-JZ","jetpack_sharing_enabled":true,"_links":{"self":[{"href":"https:\/\/www.manquepierda.com\/futbolandia\/wp-json\/wp\/v2\/posts\/2851","targetHints":{"allow":["GET"]}}],"collection":[{"href":"https:\/\/www.manquepierda.com\/futbolandia\/wp-json\/wp\/v2\/posts"}],"about":[{"href":"https:\/\/www.manquepierda.com\/futbolandia\/wp-json\/wp\/v2\/types\/post"}],"author":[{"embeddable":true,"href":"https:\/\/www.manquepierda.com\/futbolandia\/wp-json\/wp\/v2\/users\/326"}],"replies":[{"embeddable":true,"href":"https:\/\/www.manquepierda.com\/futbolandia\/wp-json\/wp\/v2\/comments?post=2851"}],"version-history":[{"count":0,"href":"https:\/\/www.manquepierda.com\/futbolandia\/wp-json\/wp\/v2\/posts\/2851\/revisions"}],"wp:featuredmedia":[{"embeddable":true,"href":"https:\/\/www.manquepierda.com\/futbolandia\/wp-json\/wp\/v2\/media\/2729"}],"wp:attachment":[{"href":"https:\/\/www.manquepierda.com\/futbolandia\/wp-json\/wp\/v2\/media?parent=2851"}],"wp:term":[{"taxonomy":"category","embeddable":true,"href":"https:\/\/www.manquepierda.com\/futbolandia\/wp-json\/wp\/v2\/categories?post=2851"},{"taxonomy":"post_tag","embeddable":true,"href":"https:\/\/www.manquepierda.com\/futbolandia\/wp-json\/wp\/v2\/tags?post=2851"}],"curies":[{"name":"wp","href":"https:\/\/api.w.org\/{rel}","templated":true}]}}