{"id":2877,"date":"2013-11-06T12:40:38","date_gmt":"2013-11-06T10:40:38","guid":{"rendered":"http:\/\/www.manquepierda.com\/futbolandia\/?p=2877"},"modified":"2015-07-09T09:40:54","modified_gmt":"2015-07-09T07:40:54","slug":"mundial-sub17-nigeria-y-mexico-oda-a-una-final","status":"publish","type":"post","link":"https:\/\/www.manquepierda.com\/futbolandia\/mundial-sub17-nigeria-y-mexico-oda-a-una-final\/","title":{"rendered":"Mundial Sub&#8217;17: Nigeria y M\u00e9xico, oda a una final"},"content":{"rendered":"<figure id=\"attachment_2878\" aria-describedby=\"caption-attachment-2878\" style=\"width: 434px\" class=\"wp-caption alignleft\"><a href=\"https:\/\/i0.wp.com\/www.manquepierda.com\/futbolandia\/files\/2013\/11\/Nigeria-mexico.jpg\"><img data-recalc-dims=\"1\" loading=\"lazy\" decoding=\"async\" data-attachment-id=\"2878\" data-permalink=\"https:\/\/www.manquepierda.com\/futbolandia\/mundial-sub17-nigeria-y-mexico-oda-a-una-final\/nigeria-mexico\/\" data-orig-file=\"https:\/\/i0.wp.com\/www.manquepierda.com\/futbolandia\/files\/2013\/11\/Nigeria-mexico.jpg?fit=620%2C350&amp;ssl=1\" data-orig-size=\"620,350\" data-comments-opened=\"1\" data-image-meta=\"{&quot;aperture&quot;:&quot;0&quot;,&quot;credit&quot;:&quot;&quot;,&quot;camera&quot;:&quot;&quot;,&quot;caption&quot;:&quot;&quot;,&quot;created_timestamp&quot;:&quot;0&quot;,&quot;copyright&quot;:&quot;&quot;,&quot;focal_length&quot;:&quot;0&quot;,&quot;iso&quot;:&quot;0&quot;,&quot;shutter_speed&quot;:&quot;0&quot;,&quot;title&quot;:&quot;&quot;}\" data-image-title=\"Nigeria mexico\" data-image-description=\"\" data-image-caption=\"&lt;p&gt;Africanos y centroamericanos volver\u00e1n a verse las caras en la final&lt;br \/&gt;\nFoto: misoccer.com&lt;\/p&gt;\n\" data-large-file=\"https:\/\/i0.wp.com\/www.manquepierda.com\/futbolandia\/files\/2013\/11\/Nigeria-mexico.jpg?fit=620%2C350&amp;ssl=1\" class=\" wp-image-2878 \" alt=\"Africanos y centroamericanos volver\u00e1n a verse las caras en la final Foto: misoccer.com\" src=\"https:\/\/i0.wp.com\/www.manquepierda.com\/futbolandia\/files\/2013\/11\/Nigeria-mexico.jpg?resize=434%2C245\" width=\"434\" height=\"245\" srcset=\"https:\/\/i0.wp.com\/www.manquepierda.com\/futbolandia\/files\/2013\/11\/Nigeria-mexico.jpg?w=620&amp;ssl=1 620w, https:\/\/i0.wp.com\/www.manquepierda.com\/futbolandia\/files\/2013\/11\/Nigeria-mexico.jpg?resize=300%2C169&amp;ssl=1 300w\" sizes=\"auto, (max-width: 434px) 100vw, 434px\" \/><\/a><figcaption id=\"caption-attachment-2878\" class=\"wp-caption-text\">Africanos y centroamericanos volver\u00e1n a verse las caras en la final<br \/>Foto: misoccer.com<\/figcaption><\/figure>\n<p>No hace a\u00fan ni un mes que dimos la bienvenida al Mundial Sub&#8217;17 de EAU y ya hemos llegado a la final. Un encuentro decisivo que llevar\u00e1 el Mundial a \u00c1frica o centroam\u00e9rica.<\/p>\n<p>Y es que la competici\u00f3n nos tra\u00eda como siempre a grandes equipos llenos de potencial. Destacaban selecciones como Rusia, campe\u00f3n europeo, Brasil o Argentina, que dejaron claro su potencial en el sudamericano o Italia, uno de los equipos m\u00e1s completos a nivel defensivo. <strong>No obstante, todos ellos han ido cayendo por el camino dejando paso al buen f\u00fatbol, al trabajo y la ilusi\u00f3n de dos selecciones que han hecho bien las cosas. Nigeria y M\u00e9xico.<\/strong><\/p>\n<p>El 1 de octubre, diecis\u00e9is d\u00edas antes de que diera comienzo el campeonato, <a href=\"http:\/\/www.manquepierda.com\/futbolandia\/grupos-y-favoritos-en-el-mundial-sub17-eau\/\"><strong>os cont\u00e1bamos la distribuci\u00f3n de los grupos y lo que pod\u00edamos esperar de ellos m\u00e1s all\u00e1 de las sorpresas que siempre hay.<\/strong><\/a> Entre los grupos m\u00e1s bonitos os destac\u00e1bamos el grupo F, en el que otorg\u00e1bamos a Irak la posici\u00f3n de rival m\u00e1s d\u00e9bil (no logr\u00f3 pasar de fase de grupos), destac\u00e1bamos a Suecia, que ha hecho un extraordinario campeonato y que solo ha sucumbido en semifinales. <strong>A Nigeria, de la que destac\u00e1bamos que era el pa\u00eds que m\u00e1s hab\u00eda ganado el campeonato junto a Brasil y una de las selecciones m\u00e1s potentes de Africa y a M\u00e9xico, de la que incluso me atrev\u00ed a decir bajo opini\u00f3n personal que la ve\u00eda como una de las favoritas a llevarse el campeonato.<\/strong> Hoy, Nigeria y M\u00e9xico, compa\u00f1eras de grupo, est\u00e1n en la final y tres de los equipos que part\u00edan de inicio en ese grupo F est\u00e1n entre las cuatro mejores del mundo junto a Argentina.<\/p>\n<p>Los africanos tienen un potencial ofensivo fuera de lo normal. Durante el campeonato ha marcado 23 goles y solo ha recibido cinco. Solo Suecia y en la fase de grupos fue capaz de plantar cara a los nigerianos y conseguir un empate a tres. Una selecci\u00f3n en la que casi cualquier integrante es capaz de llegar y convertir un gol, potente y din\u00e1mica que causa respeto entre sus rivales.<\/p>\n<p>M\u00e9xico por otra parte empez\u00f3 mal el campeonato, recibiendo una goleada por 6-1 ante sus rivales en esta final. Sin embargo, la joven tricolor es un equipo muy trabajado, sabe a lo que juega y tiene calidad en todas sus l\u00edneas. Su f\u00fatbol colectivo es la clave de su buen hacer durante el Mundial y en los tres \u00faltimos partidos ha dejado fuera a tres de las principales favoritas, Italia, Brasil y Argentina, casi nada.<\/p>\n<p><strong>Una final que ser\u00e1 premio a una gran selecci\u00f3n y dejar\u00e1 injustamente un subcampe\u00f3n porque ambas merecen el campeonato.<\/strong> El aficionado que vea el encuentro, no puede m\u00e1s que disfrutar del f\u00fatbol de estas j\u00f3venes futuras estrellas.<\/p>\n","protected":false},"excerpt":{"rendered":"<p>No hace a\u00fan ni un mes que dimos la bienvenida al Mundial Sub&#8217;17 de EAU y ya hemos llegado a la final. Un encuentro decisivo que llevar\u00e1 el Mundial a \u00c1frica o centroam\u00e9rica. Y es que la competici\u00f3n nos tra\u00eda como siempre a grandes equipos llenos de potencial. Destacaban selecciones como Rusia, campe\u00f3n europeo, Brasil&#8230;<\/p>\n","protected":false},"author":93,"featured_media":2878,"comment_status":"open","ping_status":"open","sticky":false,"template":"","format":"standard","meta":{"_kad_post_transparent":"","_kad_post_title":"","_kad_post_layout":"","_kad_post_sidebar_id":"","_kad_post_content_style":"","_kad_post_vertical_padding":"","_kad_post_feature":"","_kad_post_feature_position":"","_kad_post_header":false,"_kad_post_footer":false,"_kad_post_classname":"","_jetpack_memberships_contains_paid_content":false,"footnotes":"","jetpack_publicize_message":"","jetpack_publicize_feature_enabled":true,"jetpack_social_post_already_shared":true,"jetpack_social_options":{"image_generator_settings":{"template":"highway","default_image_id":0,"font":"","enabled":false},"version":2}},"categories":[725,10,2015],"tags":[746,1095,480,820,581,947,1097,1096],"class_list":["post-2877","post","type-post","status-publish","format-standard","has-post-thumbnail","hentry","category-competiciones-internacionales","category-portada","category-selecciones-combinados-nacionales","tag-746","tag-competicion","tag-final","tag-mexico","tag-mundial","tag-nigeria","tag-selecciones","tag-torneo"],"yoast_head":"<!-- This site is optimized with the Yoast SEO plugin v27.5 - https:\/\/yoast.com\/product\/yoast-seo-wordpress\/ -->\n<title>Mundial Sub&#039;17: Nigeria y M\u00e9xico, oda a una final &#8211; Futbolandia<\/title>\n<meta name=\"robots\" content=\"index, follow, max-snippet:-1, max-image-preview:large, max-video-preview:-1\" \/>\n<link rel=\"canonical\" href=\"https:\/\/www.manquepierda.com\/futbolandia\/mundial-sub17-nigeria-y-mexico-oda-a-una-final\/\" \/>\n<meta property=\"og:locale\" content=\"es_ES\" \/>\n<meta property=\"og:type\" content=\"article\" \/>\n<meta property=\"og:title\" content=\"Mundial Sub&#039;17: Nigeria y M\u00e9xico, oda a una final &#8211; Futbolandia\" \/>\n<meta property=\"og:description\" content=\"No hace a\u00fan ni un mes que dimos la bienvenida al Mundial Sub&#8217;17 de EAU y ya hemos llegado a la final. Un encuentro decisivo que llevar\u00e1 el Mundial a \u00c1frica o centroam\u00e9rica. Y es que la competici\u00f3n nos tra\u00eda como siempre a grandes equipos llenos de potencial. Destacaban selecciones como Rusia, campe\u00f3n europeo, Brasil...\" \/>\n<meta property=\"og:url\" content=\"https:\/\/www.manquepierda.com\/futbolandia\/mundial-sub17-nigeria-y-mexico-oda-a-una-final\/\" \/>\n<meta property=\"og:site_name\" content=\"Futbolandia\" \/>\n<meta property=\"article:published_time\" content=\"2013-11-06T10:40:38+00:00\" \/>\n<meta property=\"article:modified_time\" content=\"2015-07-09T07:40:54+00:00\" \/>\n<meta property=\"og:image\" content=\"https:\/\/i2.wp.com\/www.manquepierda.com\/futbolandia\/files\/2013\/11\/Nigeria-mexico.jpg?fit=620%2C350&ssl=1\" \/>\n\t<meta property=\"og:image:width\" content=\"620\" \/>\n\t<meta property=\"og:image:height\" content=\"350\" \/>\n\t<meta property=\"og:image:type\" content=\"image\/jpeg\" \/>\n<meta name=\"author\" content=\"Jorge M. Gonz\u00e1lez\" \/>\n<meta name=\"twitter:label1\" content=\"Escrito por\" \/>\n\t<meta name=\"twitter:data1\" content=\"Jorge M. Gonz\u00e1lez\" \/>\n\t<meta name=\"twitter:label2\" content=\"Tiempo de lectura\" \/>\n\t<meta name=\"twitter:data2\" content=\"3 minutos\" \/>\n<script type=\"application\/ld+json\" class=\"yoast-schema-graph\">{\"@context\":\"https:\\\/\\\/schema.org\",\"@graph\":[{\"@type\":\"Article\",\"@id\":\"https:\\\/\\\/www.manquepierda.com\\\/futbolandia\\\/mundial-sub17-nigeria-y-mexico-oda-a-una-final\\\/#article\",\"isPartOf\":{\"@id\":\"https:\\\/\\\/www.manquepierda.com\\\/futbolandia\\\/mundial-sub17-nigeria-y-mexico-oda-a-una-final\\\/\"},\"author\":{\"name\":\"Jorge M. Gonz\u00e1lez\",\"@id\":\"https:\\\/\\\/www.manquepierda.com\\\/futbolandia\\\/#\\\/schema\\\/person\\\/fdb4eabc3c2e0e717a790a4ce10cd2b3\"},\"headline\":\"Mundial Sub&#8217;17: Nigeria y M\u00e9xico, oda a una final\",\"datePublished\":\"2013-11-06T10:40:38+00:00\",\"dateModified\":\"2015-07-09T07:40:54+00:00\",\"mainEntityOfPage\":{\"@id\":\"https:\\\/\\\/www.manquepierda.com\\\/futbolandia\\\/mundial-sub17-nigeria-y-mexico-oda-a-una-final\\\/\"},\"wordCount\":531,\"commentCount\":0,\"image\":{\"@id\":\"https:\\\/\\\/www.manquepierda.com\\\/futbolandia\\\/mundial-sub17-nigeria-y-mexico-oda-a-una-final\\\/#primaryimage\"},\"thumbnailUrl\":\"https:\\\/\\\/i0.wp.com\\\/www.manquepierda.com\\\/futbolandia\\\/files\\\/2013\\\/11\\\/Nigeria-mexico.jpg?fit=620%2C350&ssl=1\",\"keywords\":[\"17\",\"competici\u00f3n\",\"Final\",\"mexico\",\"mundial\",\"Nigeria\",\"selecciones\",\"torneo\"],\"articleSection\":[\"Competiciones Internacionales\",\"Portada\",\"Selecciones y combinados nacionales\"],\"inLanguage\":\"es\",\"potentialAction\":[{\"@type\":\"CommentAction\",\"name\":\"Comment\",\"target\":[\"https:\\\/\\\/www.manquepierda.com\\\/futbolandia\\\/mundial-sub17-nigeria-y-mexico-oda-a-una-final\\\/#respond\"]}]},{\"@type\":\"WebPage\",\"@id\":\"https:\\\/\\\/www.manquepierda.com\\\/futbolandia\\\/mundial-sub17-nigeria-y-mexico-oda-a-una-final\\\/\",\"url\":\"https:\\\/\\\/www.manquepierda.com\\\/futbolandia\\\/mundial-sub17-nigeria-y-mexico-oda-a-una-final\\\/\",\"name\":\"Mundial Sub'17: Nigeria y M\u00e9xico, oda a una final &#8211; Futbolandia\",\"isPartOf\":{\"@id\":\"https:\\\/\\\/www.manquepierda.com\\\/futbolandia\\\/#website\"},\"primaryImageOfPage\":{\"@id\":\"https:\\\/\\\/www.manquepierda.com\\\/futbolandia\\\/mundial-sub17-nigeria-y-mexico-oda-a-una-final\\\/#primaryimage\"},\"image\":{\"@id\":\"https:\\\/\\\/www.manquepierda.com\\\/futbolandia\\\/mundial-sub17-nigeria-y-mexico-oda-a-una-final\\\/#primaryimage\"},\"thumbnailUrl\":\"https:\\\/\\\/i0.wp.com\\\/www.manquepierda.com\\\/futbolandia\\\/files\\\/2013\\\/11\\\/Nigeria-mexico.jpg?fit=620%2C350&ssl=1\",\"datePublished\":\"2013-11-06T10:40:38+00:00\",\"dateModified\":\"2015-07-09T07:40:54+00:00\",\"author\":{\"@id\":\"https:\\\/\\\/www.manquepierda.com\\\/futbolandia\\\/#\\\/schema\\\/person\\\/fdb4eabc3c2e0e717a790a4ce10cd2b3\"},\"breadcrumb\":{\"@id\":\"https:\\\/\\\/www.manquepierda.com\\\/futbolandia\\\/mundial-sub17-nigeria-y-mexico-oda-a-una-final\\\/#breadcrumb\"},\"inLanguage\":\"es\",\"potentialAction\":[{\"@type\":\"ReadAction\",\"target\":[\"https:\\\/\\\/www.manquepierda.com\\\/futbolandia\\\/mundial-sub17-nigeria-y-mexico-oda-a-una-final\\\/\"]}]},{\"@type\":\"ImageObject\",\"inLanguage\":\"es\",\"@id\":\"https:\\\/\\\/www.manquepierda.com\\\/futbolandia\\\/mundial-sub17-nigeria-y-mexico-oda-a-una-final\\\/#primaryimage\",\"url\":\"https:\\\/\\\/i0.wp.com\\\/www.manquepierda.com\\\/futbolandia\\\/files\\\/2013\\\/11\\\/Nigeria-mexico.jpg?fit=620%2C350&ssl=1\",\"contentUrl\":\"https:\\\/\\\/i0.wp.com\\\/www.manquepierda.com\\\/futbolandia\\\/files\\\/2013\\\/11\\\/Nigeria-mexico.jpg?fit=620%2C350&ssl=1\",\"width\":620,\"height\":350,\"caption\":\"Africanos y centroamericanos volver\u00e1n a verse las caras en la final Foto: misoccer.com\"},{\"@type\":\"BreadcrumbList\",\"@id\":\"https:\\\/\\\/www.manquepierda.com\\\/futbolandia\\\/mundial-sub17-nigeria-y-mexico-oda-a-una-final\\\/#breadcrumb\",\"itemListElement\":[{\"@type\":\"ListItem\",\"position\":1,\"name\":\"Portada\",\"item\":\"https:\\\/\\\/www.manquepierda.com\\\/futbolandia\\\/\"},{\"@type\":\"ListItem\",\"position\":2,\"name\":\"Mundial Sub&#8217;17: Nigeria y M\u00e9xico, oda a una final\"}]},{\"@type\":\"WebSite\",\"@id\":\"https:\\\/\\\/www.manquepierda.com\\\/futbolandia\\\/#website\",\"url\":\"https:\\\/\\\/www.manquepierda.com\\\/futbolandia\\\/\",\"name\":\"Futbolandia\",\"description\":\"Reportajes e informaci\u00f3n sobre f\u00fatbol mundial y j\u00f3venes promesas\",\"potentialAction\":[{\"@type\":\"SearchAction\",\"target\":{\"@type\":\"EntryPoint\",\"urlTemplate\":\"https:\\\/\\\/www.manquepierda.com\\\/futbolandia\\\/?s={search_term_string}\"},\"query-input\":{\"@type\":\"PropertyValueSpecification\",\"valueRequired\":true,\"valueName\":\"search_term_string\"}}],\"inLanguage\":\"es\"},{\"@type\":\"Person\",\"@id\":\"https:\\\/\\\/www.manquepierda.com\\\/futbolandia\\\/#\\\/schema\\\/person\\\/fdb4eabc3c2e0e717a790a4ce10cd2b3\",\"name\":\"Jorge M. Gonz\u00e1lez\",\"image\":{\"@type\":\"ImageObject\",\"inLanguage\":\"es\",\"@id\":\"https:\\\/\\\/secure.gravatar.com\\\/avatar\\\/40fe62083e523c4134f75fb1d06ea73b4503d9162f3c6e89800e90f1bbd7f262?s=96&d=mm&r=g\",\"url\":\"https:\\\/\\\/secure.gravatar.com\\\/avatar\\\/40fe62083e523c4134f75fb1d06ea73b4503d9162f3c6e89800e90f1bbd7f262?s=96&d=mm&r=g\",\"contentUrl\":\"https:\\\/\\\/secure.gravatar.com\\\/avatar\\\/40fe62083e523c4134f75fb1d06ea73b4503d9162f3c6e89800e90f1bbd7f262?s=96&d=mm&r=g\",\"caption\":\"Jorge M. Gonz\u00e1lez\"},\"description\":\"Apasionado del f\u00fatbol internacional y Social Media Manager. Me gusta seguir ligas extranjeras y a las j\u00f3venes promesas de todo el mundo. S\u00edgueme en twitter para compartir afici\u00f3n: @jorgegonex\",\"sameAs\":[\"http:\\\/\\\/manquepierda.com\\\/\",\"https:\\\/\\\/x.com\\\/https:\\\/\\\/twitter.com\\\/jorgegonex\",\"https:\\\/\\\/www.youtube.com\\\/user\\\/FutbolandiaMQP\"],\"url\":\"https:\\\/\\\/www.manquepierda.com\\\/futbolandia\\\/author\\\/jorgegonzalez\\\/\"}]}<\/script>\n<!-- \/ Yoast SEO plugin. -->","yoast_head_json":{"title":"Mundial Sub'17: Nigeria y M\u00e9xico, oda a una final &#8211; Futbolandia","robots":{"index":"index","follow":"follow","max-snippet":"max-snippet:-1","max-image-preview":"max-image-preview:large","max-video-preview":"max-video-preview:-1"},"canonical":"https:\/\/www.manquepierda.com\/futbolandia\/mundial-sub17-nigeria-y-mexico-oda-a-una-final\/","og_locale":"es_ES","og_type":"article","og_title":"Mundial Sub'17: Nigeria y M\u00e9xico, oda a una final &#8211; Futbolandia","og_description":"No hace a\u00fan ni un mes que dimos la bienvenida al Mundial Sub&#8217;17 de EAU y ya hemos llegado a la final. Un encuentro decisivo que llevar\u00e1 el Mundial a \u00c1frica o centroam\u00e9rica. Y es que la competici\u00f3n nos tra\u00eda como siempre a grandes equipos llenos de potencial. Destacaban selecciones como Rusia, campe\u00f3n europeo, Brasil...","og_url":"https:\/\/www.manquepierda.com\/futbolandia\/mundial-sub17-nigeria-y-mexico-oda-a-una-final\/","og_site_name":"Futbolandia","article_published_time":"2013-11-06T10:40:38+00:00","article_modified_time":"2015-07-09T07:40:54+00:00","og_image":[{"width":620,"height":350,"url":"https:\/\/i2.wp.com\/www.manquepierda.com\/futbolandia\/files\/2013\/11\/Nigeria-mexico.jpg?fit=620%2C350&ssl=1","type":"image\/jpeg"}],"author":"Jorge M. Gonz\u00e1lez","twitter_misc":{"Escrito por":"Jorge M. Gonz\u00e1lez","Tiempo de lectura":"3 minutos"},"schema":{"@context":"https:\/\/schema.org","@graph":[{"@type":"Article","@id":"https:\/\/www.manquepierda.com\/futbolandia\/mundial-sub17-nigeria-y-mexico-oda-a-una-final\/#article","isPartOf":{"@id":"https:\/\/www.manquepierda.com\/futbolandia\/mundial-sub17-nigeria-y-mexico-oda-a-una-final\/"},"author":{"name":"Jorge M. Gonz\u00e1lez","@id":"https:\/\/www.manquepierda.com\/futbolandia\/#\/schema\/person\/fdb4eabc3c2e0e717a790a4ce10cd2b3"},"headline":"Mundial Sub&#8217;17: Nigeria y M\u00e9xico, oda a una final","datePublished":"2013-11-06T10:40:38+00:00","dateModified":"2015-07-09T07:40:54+00:00","mainEntityOfPage":{"@id":"https:\/\/www.manquepierda.com\/futbolandia\/mundial-sub17-nigeria-y-mexico-oda-a-una-final\/"},"wordCount":531,"commentCount":0,"image":{"@id":"https:\/\/www.manquepierda.com\/futbolandia\/mundial-sub17-nigeria-y-mexico-oda-a-una-final\/#primaryimage"},"thumbnailUrl":"https:\/\/i0.wp.com\/www.manquepierda.com\/futbolandia\/files\/2013\/11\/Nigeria-mexico.jpg?fit=620%2C350&ssl=1","keywords":["17","competici\u00f3n","Final","mexico","mundial","Nigeria","selecciones","torneo"],"articleSection":["Competiciones Internacionales","Portada","Selecciones y combinados nacionales"],"inLanguage":"es","potentialAction":[{"@type":"CommentAction","name":"Comment","target":["https:\/\/www.manquepierda.com\/futbolandia\/mundial-sub17-nigeria-y-mexico-oda-a-una-final\/#respond"]}]},{"@type":"WebPage","@id":"https:\/\/www.manquepierda.com\/futbolandia\/mundial-sub17-nigeria-y-mexico-oda-a-una-final\/","url":"https:\/\/www.manquepierda.com\/futbolandia\/mundial-sub17-nigeria-y-mexico-oda-a-una-final\/","name":"Mundial Sub'17: Nigeria y M\u00e9xico, oda a una final &#8211; Futbolandia","isPartOf":{"@id":"https:\/\/www.manquepierda.com\/futbolandia\/#website"},"primaryImageOfPage":{"@id":"https:\/\/www.manquepierda.com\/futbolandia\/mundial-sub17-nigeria-y-mexico-oda-a-una-final\/#primaryimage"},"image":{"@id":"https:\/\/www.manquepierda.com\/futbolandia\/mundial-sub17-nigeria-y-mexico-oda-a-una-final\/#primaryimage"},"thumbnailUrl":"https:\/\/i0.wp.com\/www.manquepierda.com\/futbolandia\/files\/2013\/11\/Nigeria-mexico.jpg?fit=620%2C350&ssl=1","datePublished":"2013-11-06T10:40:38+00:00","dateModified":"2015-07-09T07:40:54+00:00","author":{"@id":"https:\/\/www.manquepierda.com\/futbolandia\/#\/schema\/person\/fdb4eabc3c2e0e717a790a4ce10cd2b3"},"breadcrumb":{"@id":"https:\/\/www.manquepierda.com\/futbolandia\/mundial-sub17-nigeria-y-mexico-oda-a-una-final\/#breadcrumb"},"inLanguage":"es","potentialAction":[{"@type":"ReadAction","target":["https:\/\/www.manquepierda.com\/futbolandia\/mundial-sub17-nigeria-y-mexico-oda-a-una-final\/"]}]},{"@type":"ImageObject","inLanguage":"es","@id":"https:\/\/www.manquepierda.com\/futbolandia\/mundial-sub17-nigeria-y-mexico-oda-a-una-final\/#primaryimage","url":"https:\/\/i0.wp.com\/www.manquepierda.com\/futbolandia\/files\/2013\/11\/Nigeria-mexico.jpg?fit=620%2C350&ssl=1","contentUrl":"https:\/\/i0.wp.com\/www.manquepierda.com\/futbolandia\/files\/2013\/11\/Nigeria-mexico.jpg?fit=620%2C350&ssl=1","width":620,"height":350,"caption":"Africanos y centroamericanos volver\u00e1n a verse las caras en la final Foto: misoccer.com"},{"@type":"BreadcrumbList","@id":"https:\/\/www.manquepierda.com\/futbolandia\/mundial-sub17-nigeria-y-mexico-oda-a-una-final\/#breadcrumb","itemListElement":[{"@type":"ListItem","position":1,"name":"Portada","item":"https:\/\/www.manquepierda.com\/futbolandia\/"},{"@type":"ListItem","position":2,"name":"Mundial Sub&#8217;17: Nigeria y M\u00e9xico, oda a una final"}]},{"@type":"WebSite","@id":"https:\/\/www.manquepierda.com\/futbolandia\/#website","url":"https:\/\/www.manquepierda.com\/futbolandia\/","name":"Futbolandia","description":"Reportajes e informaci\u00f3n sobre f\u00fatbol mundial y j\u00f3venes promesas","potentialAction":[{"@type":"SearchAction","target":{"@type":"EntryPoint","urlTemplate":"https:\/\/www.manquepierda.com\/futbolandia\/?s={search_term_string}"},"query-input":{"@type":"PropertyValueSpecification","valueRequired":true,"valueName":"search_term_string"}}],"inLanguage":"es"},{"@type":"Person","@id":"https:\/\/www.manquepierda.com\/futbolandia\/#\/schema\/person\/fdb4eabc3c2e0e717a790a4ce10cd2b3","name":"Jorge M. Gonz\u00e1lez","image":{"@type":"ImageObject","inLanguage":"es","@id":"https:\/\/secure.gravatar.com\/avatar\/40fe62083e523c4134f75fb1d06ea73b4503d9162f3c6e89800e90f1bbd7f262?s=96&d=mm&r=g","url":"https:\/\/secure.gravatar.com\/avatar\/40fe62083e523c4134f75fb1d06ea73b4503d9162f3c6e89800e90f1bbd7f262?s=96&d=mm&r=g","contentUrl":"https:\/\/secure.gravatar.com\/avatar\/40fe62083e523c4134f75fb1d06ea73b4503d9162f3c6e89800e90f1bbd7f262?s=96&d=mm&r=g","caption":"Jorge M. Gonz\u00e1lez"},"description":"Apasionado del f\u00fatbol internacional y Social Media Manager. Me gusta seguir ligas extranjeras y a las j\u00f3venes promesas de todo el mundo. S\u00edgueme en twitter para compartir afici\u00f3n: @jorgegonex","sameAs":["http:\/\/manquepierda.com\/","https:\/\/x.com\/https:\/\/twitter.com\/jorgegonex","https:\/\/www.youtube.com\/user\/FutbolandiaMQP"],"url":"https:\/\/www.manquepierda.com\/futbolandia\/author\/jorgegonzalez\/"}]}},"jetpack_publicize_connections":[],"jetpack_featured_media_url":"https:\/\/i0.wp.com\/www.manquepierda.com\/futbolandia\/files\/2013\/11\/Nigeria-mexico.jpg?fit=620%2C350&ssl=1","jetpack_shortlink":"https:\/\/wp.me\/p1THIg-Kp","jetpack_sharing_enabled":true,"_links":{"self":[{"href":"https:\/\/www.manquepierda.com\/futbolandia\/wp-json\/wp\/v2\/posts\/2877","targetHints":{"allow":["GET"]}}],"collection":[{"href":"https:\/\/www.manquepierda.com\/futbolandia\/wp-json\/wp\/v2\/posts"}],"about":[{"href":"https:\/\/www.manquepierda.com\/futbolandia\/wp-json\/wp\/v2\/types\/post"}],"author":[{"embeddable":true,"href":"https:\/\/www.manquepierda.com\/futbolandia\/wp-json\/wp\/v2\/users\/93"}],"replies":[{"embeddable":true,"href":"https:\/\/www.manquepierda.com\/futbolandia\/wp-json\/wp\/v2\/comments?post=2877"}],"version-history":[{"count":0,"href":"https:\/\/www.manquepierda.com\/futbolandia\/wp-json\/wp\/v2\/posts\/2877\/revisions"}],"wp:featuredmedia":[{"embeddable":true,"href":"https:\/\/www.manquepierda.com\/futbolandia\/wp-json\/wp\/v2\/media\/2878"}],"wp:attachment":[{"href":"https:\/\/www.manquepierda.com\/futbolandia\/wp-json\/wp\/v2\/media?parent=2877"}],"wp:term":[{"taxonomy":"category","embeddable":true,"href":"https:\/\/www.manquepierda.com\/futbolandia\/wp-json\/wp\/v2\/categories?post=2877"},{"taxonomy":"post_tag","embeddable":true,"href":"https:\/\/www.manquepierda.com\/futbolandia\/wp-json\/wp\/v2\/tags?post=2877"}],"curies":[{"name":"wp","href":"https:\/\/api.w.org\/{rel}","templated":true}]}}