{"id":2905,"date":"2013-11-28T18:12:23","date_gmt":"2013-11-28T16:12:23","guid":{"rendered":"http:\/\/www.manquepierda.com\/futbolandia\/?p=2905"},"modified":"2013-11-28T18:12:57","modified_gmt":"2013-11-28T16:12:57","slug":"la-pesadez-del-balon-de-oro","status":"publish","type":"post","link":"https:\/\/www.manquepierda.com\/futbolandia\/la-pesadez-del-balon-de-oro\/","title":{"rendered":"La pesadez del Bal\u00f3n de Oro"},"content":{"rendered":"<p><a href=\"https:\/\/i0.wp.com\/www.manquepierda.com\/futbolandia\/files\/2013\/11\/Messi-con-su-cuarto-Bal%C3%B3n-de-Oro.jpg\"><img data-recalc-dims=\"1\" loading=\"lazy\" decoding=\"async\" data-attachment-id=\"2906\" data-permalink=\"https:\/\/www.manquepierda.com\/futbolandia\/la-pesadez-del-balon-de-oro\/messi-con-su-cuarto-balon-de-oro\/\" data-orig-file=\"https:\/\/i0.wp.com\/www.manquepierda.com\/futbolandia\/files\/2013\/11\/Messi-con-su-cuarto-Bal%C3%B3n-de-Oro.jpg?fit=646%2C403&amp;ssl=1\" data-orig-size=\"646,403\" data-comments-opened=\"1\" data-image-meta=\"{&quot;aperture&quot;:&quot;0&quot;,&quot;credit&quot;:&quot;&quot;,&quot;camera&quot;:&quot;&quot;,&quot;caption&quot;:&quot;&quot;,&quot;created_timestamp&quot;:&quot;0&quot;,&quot;copyright&quot;:&quot;&quot;,&quot;focal_length&quot;:&quot;0&quot;,&quot;iso&quot;:&quot;0&quot;,&quot;shutter_speed&quot;:&quot;0&quot;,&quot;title&quot;:&quot;&quot;}\" data-image-title=\"Messi, con su cuarto Bal\u00f3n de Oro\" data-image-description=\"&lt;p&gt;Messi, con su cuarto Bal\u00f3n de Oro&lt;\/p&gt;\n\" data-image-caption=\"\" data-large-file=\"https:\/\/i0.wp.com\/www.manquepierda.com\/futbolandia\/files\/2013\/11\/Messi-con-su-cuarto-Bal%C3%B3n-de-Oro.jpg?fit=646%2C403&amp;ssl=1\" class=\"alignleft size-medium wp-image-2906\" alt=\"Messi, con su cuarto Bal\u00f3n de Oro\" src=\"https:\/\/i0.wp.com\/www.manquepierda.com\/futbolandia\/files\/2013\/11\/Messi-con-su-cuarto-Bal%C3%B3n-de-Oro.jpg?resize=300%2C187\" width=\"300\" height=\"187\" srcset=\"https:\/\/i0.wp.com\/www.manquepierda.com\/futbolandia\/files\/2013\/11\/Messi-con-su-cuarto-Bal%C3%B3n-de-Oro.jpg?resize=300%2C187&amp;ssl=1 300w, https:\/\/i0.wp.com\/www.manquepierda.com\/futbolandia\/files\/2013\/11\/Messi-con-su-cuarto-Bal%C3%B3n-de-Oro.jpg?resize=400%2C250&amp;ssl=1 400w, https:\/\/i0.wp.com\/www.manquepierda.com\/futbolandia\/files\/2013\/11\/Messi-con-su-cuarto-Bal%C3%B3n-de-Oro.jpg?w=646&amp;ssl=1 646w\" sizes=\"auto, (max-width: 300px) 100vw, 300px\" \/><\/a>Todos los a\u00f1os, por estas fechas, la FIFA (junto con France Football) entrega el Bal\u00f3n de Oro al mejor jugador del a\u00f1o. Todos los a\u00f1os, por estas fechas, la prensa de cada pa\u00eds y los aficionados al f\u00fatbol discuten, debaten y ri\u00f1en sobre qui\u00e9n debe ser el galardonado.<\/p>\n<p>Casi un lustro consecutivo acumula un argentino levantando el ansiado trofeo. Cuatro a\u00f1os de reinado de Leo. Pero esta vez parece que, de los tres candidatos principales, es el que menos papeletas tiene de ser premiado.<\/p>\n<p>Los 46 goles anotados por Messi durante la Liga BBVA 2012-13 no parecen suficientes para repetir trofeo. En los partidos importantes no apareci\u00f3 y <i>s\u00f3lo <\/i>gan\u00f3 la Liga. A partir del 2 de abril (PSG 2-2 FCB), el 10 cul\u00e9 desapareci\u00f3. Las lesiones lastraron la regular progresi\u00f3n de la estrella azulgrana.<\/p>\n<p>En el otro lado, en la parte blanca de la competici\u00f3n, Cristiano Ronaldo, con sus 34 goles, pide paso y se postula como favorito a levantar, por segunda vez en su carrera, el Bal\u00f3n de Oro. Adem\u00e1s de la ingente cantidad de dianas anotadas por el crack portugu\u00e9s en Liga, hizo 12 m\u00e1s en Champions y 7 en Copa del Rey.<\/p>\n<p>Marcar 53 goles en una temporada y ser el alma y el sost\u00e9n indiscutible de un equipo como el Real Madrid deber\u00eda suponer, casi autom\u00e1ticamente, la entrega del trofeo. Pero Franck Rib\u00e9ry, con su descomunal campa\u00f1a, lastra el favoritismo de CR7.<\/p>\n<p>El jugador franc\u00e9s del Bayern anot\u00f3, en la Bundesliga 2012-13, 10 goles y reparti\u00f3 14 asistencias. Fue, junto a Robben, el mejor jugador del equipo que se coronar\u00eda campe\u00f3n de Liga, Copa y Champions. Son estos tres t\u00edtulos los que decantan (o decantaban, antes de que se ampliara el plazo de votaciones) la balanza a favor del jugador nacido en Boulogne-sur-Mer.<\/p>\n<p>Pero no lo decide un jurado. Los periodistas, seleccionadores y capitanes de cada combinado nacional votar\u00e1 con tres, dos y un punto a los tres mejores jugadores del momento (de una lista de veintitr\u00e9s), siempre seg\u00fan su criterio.<\/p>\n<p>Desde hace algunos a\u00f1os, se est\u00e1 cuestionando la <i>nobleza <\/i>del premio. Desde algunos sectores futbol\u00edsticos se asegura que la FIFA cambia votos seg\u00fan le convenga y que es un premio sin validez. De momento, como cada a\u00f1o, se discute qu\u00e9 estrella deber\u00eda ganarlo.<\/p>\n","protected":false},"excerpt":{"rendered":"<p>Todos los a\u00f1os, por estas fechas, la FIFA (junto con France Football) entrega el Bal\u00f3n de Oro al mejor jugador del a\u00f1o. Todos los a\u00f1os, por estas fechas, la prensa de cada pa\u00eds y los aficionados al f\u00fatbol discuten, debaten y ri\u00f1en sobre qui\u00e9n debe ser el galardonado. Casi un lustro consecutivo acumula un argentino&#8230;<\/p>\n","protected":false},"author":101,"featured_media":2906,"comment_status":"open","ping_status":"open","sticky":false,"template":"","format":"standard","meta":{"_kad_post_transparent":"","_kad_post_title":"","_kad_post_layout":"","_kad_post_sidebar_id":"","_kad_post_content_style":"","_kad_post_vertical_padding":"","_kad_post_feature":"","_kad_post_feature_position":"","_kad_post_header":false,"_kad_post_footer":false,"_kad_post_classname":"","_jetpack_memberships_contains_paid_content":false,"footnotes":"","jetpack_publicize_message":"","jetpack_publicize_feature_enabled":true,"jetpack_social_post_already_shared":true,"jetpack_social_options":{"image_generator_settings":{"template":"highway","default_image_id":0,"font":"","enabled":false},"version":2}},"categories":[3,10],"tags":[1103,398,204,904,1104,72,422,1089],"class_list":["post-2905","post","type-post","status-publish","format-standard","has-post-thumbnail","hentry","category-mas-futbol","category-portada","tag-balon-de-oro","tag-champions","tag-cr7","tag-fifa","tag-france-football","tag-messi","tag-ribery","tag-ronaldo"],"yoast_head":"<!-- This site is optimized with the Yoast SEO plugin v27.5 - https:\/\/yoast.com\/product\/yoast-seo-wordpress\/ -->\n<title>La pesadez del Bal\u00f3n de Oro &#8211; Futbolandia<\/title>\n<meta name=\"robots\" content=\"index, follow, max-snippet:-1, max-image-preview:large, max-video-preview:-1\" \/>\n<link rel=\"canonical\" href=\"https:\/\/www.manquepierda.com\/futbolandia\/la-pesadez-del-balon-de-oro\/\" \/>\n<meta property=\"og:locale\" content=\"es_ES\" \/>\n<meta property=\"og:type\" content=\"article\" \/>\n<meta property=\"og:title\" content=\"La pesadez del Bal\u00f3n de Oro &#8211; Futbolandia\" \/>\n<meta property=\"og:description\" content=\"Todos los a\u00f1os, por estas fechas, la FIFA (junto con France Football) entrega el Bal\u00f3n de Oro al mejor jugador del a\u00f1o. Todos los a\u00f1os, por estas fechas, la prensa de cada pa\u00eds y los aficionados al f\u00fatbol discuten, debaten y ri\u00f1en sobre qui\u00e9n debe ser el galardonado. Casi un lustro consecutivo acumula un argentino...\" \/>\n<meta property=\"og:url\" content=\"https:\/\/www.manquepierda.com\/futbolandia\/la-pesadez-del-balon-de-oro\/\" \/>\n<meta property=\"og:site_name\" content=\"Futbolandia\" \/>\n<meta property=\"article:published_time\" content=\"2013-11-28T16:12:23+00:00\" \/>\n<meta property=\"article:modified_time\" content=\"2013-11-28T16:12:57+00:00\" \/>\n<meta property=\"og:image\" content=\"https:\/\/i2.wp.com\/www.manquepierda.com\/futbolandia\/files\/2013\/11\/Messi-con-su-cuarto-Bal\u00f3n-de-Oro.jpg?fit=646%2C403&ssl=1\" \/>\n\t<meta property=\"og:image:width\" content=\"646\" \/>\n\t<meta property=\"og:image:height\" content=\"403\" \/>\n\t<meta property=\"og:image:type\" content=\"image\/jpeg\" \/>\n<meta name=\"author\" content=\"Jes\u00fas Navarro Mayone\" \/>\n<meta name=\"twitter:label1\" content=\"Escrito por\" \/>\n\t<meta name=\"twitter:data1\" content=\"Jes\u00fas Navarro Mayone\" \/>\n\t<meta name=\"twitter:label2\" content=\"Tiempo de lectura\" \/>\n\t<meta name=\"twitter:data2\" content=\"2 minutos\" \/>\n<script type=\"application\/ld+json\" class=\"yoast-schema-graph\">{\"@context\":\"https:\\\/\\\/schema.org\",\"@graph\":[{\"@type\":\"Article\",\"@id\":\"https:\\\/\\\/www.manquepierda.com\\\/futbolandia\\\/la-pesadez-del-balon-de-oro\\\/#article\",\"isPartOf\":{\"@id\":\"https:\\\/\\\/www.manquepierda.com\\\/futbolandia\\\/la-pesadez-del-balon-de-oro\\\/\"},\"author\":{\"name\":\"Jes\u00fas Navarro Mayone\",\"@id\":\"https:\\\/\\\/www.manquepierda.com\\\/futbolandia\\\/#\\\/schema\\\/person\\\/7510ca26e398816c7d1853015c168c9a\"},\"headline\":\"La pesadez del Bal\u00f3n de Oro\",\"datePublished\":\"2013-11-28T16:12:23+00:00\",\"dateModified\":\"2013-11-28T16:12:57+00:00\",\"mainEntityOfPage\":{\"@id\":\"https:\\\/\\\/www.manquepierda.com\\\/futbolandia\\\/la-pesadez-del-balon-de-oro\\\/\"},\"wordCount\":409,\"commentCount\":0,\"image\":{\"@id\":\"https:\\\/\\\/www.manquepierda.com\\\/futbolandia\\\/la-pesadez-del-balon-de-oro\\\/#primaryimage\"},\"thumbnailUrl\":\"https:\\\/\\\/i0.wp.com\\\/www.manquepierda.com\\\/futbolandia\\\/files\\\/2013\\\/11\\\/Messi-con-su-cuarto-Bal%C3%B3n-de-Oro.jpg?fit=646%2C403&ssl=1\",\"keywords\":[\"Bal\u00f3n de Oro\",\"Champions\",\"CR7\",\"FIFA\",\"France Football\",\"Messi\",\"ribery\",\"ronaldo\"],\"articleSection\":[\"Mas f\u00fatbol\",\"Portada\"],\"inLanguage\":\"es\",\"potentialAction\":[{\"@type\":\"CommentAction\",\"name\":\"Comment\",\"target\":[\"https:\\\/\\\/www.manquepierda.com\\\/futbolandia\\\/la-pesadez-del-balon-de-oro\\\/#respond\"]}]},{\"@type\":\"WebPage\",\"@id\":\"https:\\\/\\\/www.manquepierda.com\\\/futbolandia\\\/la-pesadez-del-balon-de-oro\\\/\",\"url\":\"https:\\\/\\\/www.manquepierda.com\\\/futbolandia\\\/la-pesadez-del-balon-de-oro\\\/\",\"name\":\"La pesadez del Bal\u00f3n de Oro &#8211; Futbolandia\",\"isPartOf\":{\"@id\":\"https:\\\/\\\/www.manquepierda.com\\\/futbolandia\\\/#website\"},\"primaryImageOfPage\":{\"@id\":\"https:\\\/\\\/www.manquepierda.com\\\/futbolandia\\\/la-pesadez-del-balon-de-oro\\\/#primaryimage\"},\"image\":{\"@id\":\"https:\\\/\\\/www.manquepierda.com\\\/futbolandia\\\/la-pesadez-del-balon-de-oro\\\/#primaryimage\"},\"thumbnailUrl\":\"https:\\\/\\\/i0.wp.com\\\/www.manquepierda.com\\\/futbolandia\\\/files\\\/2013\\\/11\\\/Messi-con-su-cuarto-Bal%C3%B3n-de-Oro.jpg?fit=646%2C403&ssl=1\",\"datePublished\":\"2013-11-28T16:12:23+00:00\",\"dateModified\":\"2013-11-28T16:12:57+00:00\",\"author\":{\"@id\":\"https:\\\/\\\/www.manquepierda.com\\\/futbolandia\\\/#\\\/schema\\\/person\\\/7510ca26e398816c7d1853015c168c9a\"},\"breadcrumb\":{\"@id\":\"https:\\\/\\\/www.manquepierda.com\\\/futbolandia\\\/la-pesadez-del-balon-de-oro\\\/#breadcrumb\"},\"inLanguage\":\"es\",\"potentialAction\":[{\"@type\":\"ReadAction\",\"target\":[\"https:\\\/\\\/www.manquepierda.com\\\/futbolandia\\\/la-pesadez-del-balon-de-oro\\\/\"]}]},{\"@type\":\"ImageObject\",\"inLanguage\":\"es\",\"@id\":\"https:\\\/\\\/www.manquepierda.com\\\/futbolandia\\\/la-pesadez-del-balon-de-oro\\\/#primaryimage\",\"url\":\"https:\\\/\\\/i0.wp.com\\\/www.manquepierda.com\\\/futbolandia\\\/files\\\/2013\\\/11\\\/Messi-con-su-cuarto-Bal%C3%B3n-de-Oro.jpg?fit=646%2C403&ssl=1\",\"contentUrl\":\"https:\\\/\\\/i0.wp.com\\\/www.manquepierda.com\\\/futbolandia\\\/files\\\/2013\\\/11\\\/Messi-con-su-cuarto-Bal%C3%B3n-de-Oro.jpg?fit=646%2C403&ssl=1\",\"width\":646,\"height\":403},{\"@type\":\"BreadcrumbList\",\"@id\":\"https:\\\/\\\/www.manquepierda.com\\\/futbolandia\\\/la-pesadez-del-balon-de-oro\\\/#breadcrumb\",\"itemListElement\":[{\"@type\":\"ListItem\",\"position\":1,\"name\":\"Portada\",\"item\":\"https:\\\/\\\/www.manquepierda.com\\\/futbolandia\\\/\"},{\"@type\":\"ListItem\",\"position\":2,\"name\":\"La pesadez del Bal\u00f3n de Oro\"}]},{\"@type\":\"WebSite\",\"@id\":\"https:\\\/\\\/www.manquepierda.com\\\/futbolandia\\\/#website\",\"url\":\"https:\\\/\\\/www.manquepierda.com\\\/futbolandia\\\/\",\"name\":\"Futbolandia\",\"description\":\"Reportajes e informaci\u00f3n sobre f\u00fatbol mundial y j\u00f3venes promesas\",\"potentialAction\":[{\"@type\":\"SearchAction\",\"target\":{\"@type\":\"EntryPoint\",\"urlTemplate\":\"https:\\\/\\\/www.manquepierda.com\\\/futbolandia\\\/?s={search_term_string}\"},\"query-input\":{\"@type\":\"PropertyValueSpecification\",\"valueRequired\":true,\"valueName\":\"search_term_string\"}}],\"inLanguage\":\"es\"},{\"@type\":\"Person\",\"@id\":\"https:\\\/\\\/www.manquepierda.com\\\/futbolandia\\\/#\\\/schema\\\/person\\\/7510ca26e398816c7d1853015c168c9a\",\"name\":\"Jes\u00fas Navarro Mayone\",\"image\":{\"@type\":\"ImageObject\",\"inLanguage\":\"es\",\"@id\":\"https:\\\/\\\/secure.gravatar.com\\\/avatar\\\/1708b900c76cc7d38e7c29a416e482a7727846442c1adb21713059b50a33f63b?s=96&d=mm&r=g\",\"url\":\"https:\\\/\\\/secure.gravatar.com\\\/avatar\\\/1708b900c76cc7d38e7c29a416e482a7727846442c1adb21713059b50a33f63b?s=96&d=mm&r=g\",\"contentUrl\":\"https:\\\/\\\/secure.gravatar.com\\\/avatar\\\/1708b900c76cc7d38e7c29a416e482a7727846442c1adb21713059b50a33f63b?s=96&d=mm&r=g\",\"caption\":\"Jes\u00fas Navarro Mayone\"},\"description\":\"Crec\u00ed viendo a Inzaghi hacer goles. A Nesta cortando balones y a Mak\u00e9l\u00e9l\u00e9 barrer jugadas. A Caf\u00fa subiendo la banda y a Palermo rematando. Ahora intento escribir todo eso. Tambi\u00e9n en Twitter: @JesusNavarroM.\",\"url\":\"https:\\\/\\\/www.manquepierda.com\\\/futbolandia\\\/author\\\/jesusnavarro\\\/\"}]}<\/script>\n<!-- \/ Yoast SEO plugin. -->","yoast_head_json":{"title":"La pesadez del Bal\u00f3n de Oro &#8211; Futbolandia","robots":{"index":"index","follow":"follow","max-snippet":"max-snippet:-1","max-image-preview":"max-image-preview:large","max-video-preview":"max-video-preview:-1"},"canonical":"https:\/\/www.manquepierda.com\/futbolandia\/la-pesadez-del-balon-de-oro\/","og_locale":"es_ES","og_type":"article","og_title":"La pesadez del Bal\u00f3n de Oro &#8211; Futbolandia","og_description":"Todos los a\u00f1os, por estas fechas, la FIFA (junto con France Football) entrega el Bal\u00f3n de Oro al mejor jugador del a\u00f1o. Todos los a\u00f1os, por estas fechas, la prensa de cada pa\u00eds y los aficionados al f\u00fatbol discuten, debaten y ri\u00f1en sobre qui\u00e9n debe ser el galardonado. Casi un lustro consecutivo acumula un argentino...","og_url":"https:\/\/www.manquepierda.com\/futbolandia\/la-pesadez-del-balon-de-oro\/","og_site_name":"Futbolandia","article_published_time":"2013-11-28T16:12:23+00:00","article_modified_time":"2013-11-28T16:12:57+00:00","og_image":[{"width":646,"height":403,"url":"https:\/\/i2.wp.com\/www.manquepierda.com\/futbolandia\/files\/2013\/11\/Messi-con-su-cuarto-Bal\u00f3n-de-Oro.jpg?fit=646%2C403&ssl=1","type":"image\/jpeg"}],"author":"Jes\u00fas Navarro Mayone","twitter_misc":{"Escrito por":"Jes\u00fas Navarro Mayone","Tiempo de lectura":"2 minutos"},"schema":{"@context":"https:\/\/schema.org","@graph":[{"@type":"Article","@id":"https:\/\/www.manquepierda.com\/futbolandia\/la-pesadez-del-balon-de-oro\/#article","isPartOf":{"@id":"https:\/\/www.manquepierda.com\/futbolandia\/la-pesadez-del-balon-de-oro\/"},"author":{"name":"Jes\u00fas Navarro Mayone","@id":"https:\/\/www.manquepierda.com\/futbolandia\/#\/schema\/person\/7510ca26e398816c7d1853015c168c9a"},"headline":"La pesadez del Bal\u00f3n de Oro","datePublished":"2013-11-28T16:12:23+00:00","dateModified":"2013-11-28T16:12:57+00:00","mainEntityOfPage":{"@id":"https:\/\/www.manquepierda.com\/futbolandia\/la-pesadez-del-balon-de-oro\/"},"wordCount":409,"commentCount":0,"image":{"@id":"https:\/\/www.manquepierda.com\/futbolandia\/la-pesadez-del-balon-de-oro\/#primaryimage"},"thumbnailUrl":"https:\/\/i0.wp.com\/www.manquepierda.com\/futbolandia\/files\/2013\/11\/Messi-con-su-cuarto-Bal%C3%B3n-de-Oro.jpg?fit=646%2C403&ssl=1","keywords":["Bal\u00f3n de Oro","Champions","CR7","FIFA","France Football","Messi","ribery","ronaldo"],"articleSection":["Mas f\u00fatbol","Portada"],"inLanguage":"es","potentialAction":[{"@type":"CommentAction","name":"Comment","target":["https:\/\/www.manquepierda.com\/futbolandia\/la-pesadez-del-balon-de-oro\/#respond"]}]},{"@type":"WebPage","@id":"https:\/\/www.manquepierda.com\/futbolandia\/la-pesadez-del-balon-de-oro\/","url":"https:\/\/www.manquepierda.com\/futbolandia\/la-pesadez-del-balon-de-oro\/","name":"La pesadez del Bal\u00f3n de Oro &#8211; Futbolandia","isPartOf":{"@id":"https:\/\/www.manquepierda.com\/futbolandia\/#website"},"primaryImageOfPage":{"@id":"https:\/\/www.manquepierda.com\/futbolandia\/la-pesadez-del-balon-de-oro\/#primaryimage"},"image":{"@id":"https:\/\/www.manquepierda.com\/futbolandia\/la-pesadez-del-balon-de-oro\/#primaryimage"},"thumbnailUrl":"https:\/\/i0.wp.com\/www.manquepierda.com\/futbolandia\/files\/2013\/11\/Messi-con-su-cuarto-Bal%C3%B3n-de-Oro.jpg?fit=646%2C403&ssl=1","datePublished":"2013-11-28T16:12:23+00:00","dateModified":"2013-11-28T16:12:57+00:00","author":{"@id":"https:\/\/www.manquepierda.com\/futbolandia\/#\/schema\/person\/7510ca26e398816c7d1853015c168c9a"},"breadcrumb":{"@id":"https:\/\/www.manquepierda.com\/futbolandia\/la-pesadez-del-balon-de-oro\/#breadcrumb"},"inLanguage":"es","potentialAction":[{"@type":"ReadAction","target":["https:\/\/www.manquepierda.com\/futbolandia\/la-pesadez-del-balon-de-oro\/"]}]},{"@type":"ImageObject","inLanguage":"es","@id":"https:\/\/www.manquepierda.com\/futbolandia\/la-pesadez-del-balon-de-oro\/#primaryimage","url":"https:\/\/i0.wp.com\/www.manquepierda.com\/futbolandia\/files\/2013\/11\/Messi-con-su-cuarto-Bal%C3%B3n-de-Oro.jpg?fit=646%2C403&ssl=1","contentUrl":"https:\/\/i0.wp.com\/www.manquepierda.com\/futbolandia\/files\/2013\/11\/Messi-con-su-cuarto-Bal%C3%B3n-de-Oro.jpg?fit=646%2C403&ssl=1","width":646,"height":403},{"@type":"BreadcrumbList","@id":"https:\/\/www.manquepierda.com\/futbolandia\/la-pesadez-del-balon-de-oro\/#breadcrumb","itemListElement":[{"@type":"ListItem","position":1,"name":"Portada","item":"https:\/\/www.manquepierda.com\/futbolandia\/"},{"@type":"ListItem","position":2,"name":"La pesadez del Bal\u00f3n de Oro"}]},{"@type":"WebSite","@id":"https:\/\/www.manquepierda.com\/futbolandia\/#website","url":"https:\/\/www.manquepierda.com\/futbolandia\/","name":"Futbolandia","description":"Reportajes e informaci\u00f3n sobre f\u00fatbol mundial y j\u00f3venes promesas","potentialAction":[{"@type":"SearchAction","target":{"@type":"EntryPoint","urlTemplate":"https:\/\/www.manquepierda.com\/futbolandia\/?s={search_term_string}"},"query-input":{"@type":"PropertyValueSpecification","valueRequired":true,"valueName":"search_term_string"}}],"inLanguage":"es"},{"@type":"Person","@id":"https:\/\/www.manquepierda.com\/futbolandia\/#\/schema\/person\/7510ca26e398816c7d1853015c168c9a","name":"Jes\u00fas Navarro Mayone","image":{"@type":"ImageObject","inLanguage":"es","@id":"https:\/\/secure.gravatar.com\/avatar\/1708b900c76cc7d38e7c29a416e482a7727846442c1adb21713059b50a33f63b?s=96&d=mm&r=g","url":"https:\/\/secure.gravatar.com\/avatar\/1708b900c76cc7d38e7c29a416e482a7727846442c1adb21713059b50a33f63b?s=96&d=mm&r=g","contentUrl":"https:\/\/secure.gravatar.com\/avatar\/1708b900c76cc7d38e7c29a416e482a7727846442c1adb21713059b50a33f63b?s=96&d=mm&r=g","caption":"Jes\u00fas Navarro Mayone"},"description":"Crec\u00ed viendo a Inzaghi hacer goles. A Nesta cortando balones y a Mak\u00e9l\u00e9l\u00e9 barrer jugadas. A Caf\u00fa subiendo la banda y a Palermo rematando. Ahora intento escribir todo eso. Tambi\u00e9n en Twitter: @JesusNavarroM.","url":"https:\/\/www.manquepierda.com\/futbolandia\/author\/jesusnavarro\/"}]}},"jetpack_publicize_connections":[],"jetpack_featured_media_url":"https:\/\/i0.wp.com\/www.manquepierda.com\/futbolandia\/files\/2013\/11\/Messi-con-su-cuarto-Bal%C3%B3n-de-Oro.jpg?fit=646%2C403&ssl=1","jetpack_shortlink":"https:\/\/wp.me\/p1THIg-KR","jetpack_sharing_enabled":true,"_links":{"self":[{"href":"https:\/\/www.manquepierda.com\/futbolandia\/wp-json\/wp\/v2\/posts\/2905","targetHints":{"allow":["GET"]}}],"collection":[{"href":"https:\/\/www.manquepierda.com\/futbolandia\/wp-json\/wp\/v2\/posts"}],"about":[{"href":"https:\/\/www.manquepierda.com\/futbolandia\/wp-json\/wp\/v2\/types\/post"}],"author":[{"embeddable":true,"href":"https:\/\/www.manquepierda.com\/futbolandia\/wp-json\/wp\/v2\/users\/101"}],"replies":[{"embeddable":true,"href":"https:\/\/www.manquepierda.com\/futbolandia\/wp-json\/wp\/v2\/comments?post=2905"}],"version-history":[{"count":0,"href":"https:\/\/www.manquepierda.com\/futbolandia\/wp-json\/wp\/v2\/posts\/2905\/revisions"}],"wp:featuredmedia":[{"embeddable":true,"href":"https:\/\/www.manquepierda.com\/futbolandia\/wp-json\/wp\/v2\/media\/2906"}],"wp:attachment":[{"href":"https:\/\/www.manquepierda.com\/futbolandia\/wp-json\/wp\/v2\/media?parent=2905"}],"wp:term":[{"taxonomy":"category","embeddable":true,"href":"https:\/\/www.manquepierda.com\/futbolandia\/wp-json\/wp\/v2\/categories?post=2905"},{"taxonomy":"post_tag","embeddable":true,"href":"https:\/\/www.manquepierda.com\/futbolandia\/wp-json\/wp\/v2\/tags?post=2905"}],"curies":[{"name":"wp","href":"https:\/\/api.w.org\/{rel}","templated":true}]}}