{"id":2923,"date":"2013-12-23T16:44:16","date_gmt":"2013-12-23T14:44:16","guid":{"rendered":"http:\/\/www.manquepierda.com\/futbolandia\/?p=2923"},"modified":"2013-12-23T16:44:16","modified_gmt":"2013-12-23T14:44:16","slug":"el-ano-2013-del-cadiz","status":"publish","type":"post","link":"https:\/\/www.manquepierda.com\/futbolandia\/el-ano-2013-del-cadiz\/","title":{"rendered":"El a\u00f1o 2013 del C\u00e1diz"},"content":{"rendered":"<p><a href=\"https:\/\/i0.wp.com\/www.manquepierda.com\/futbolandia\/files\/2013\/12\/aaa.jpg\"><img data-recalc-dims=\"1\" loading=\"lazy\" decoding=\"async\" data-attachment-id=\"2924\" data-permalink=\"https:\/\/www.manquepierda.com\/futbolandia\/el-ano-2013-del-cadiz\/aaa\/\" data-orig-file=\"https:\/\/i0.wp.com\/www.manquepierda.com\/futbolandia\/files\/2013\/12\/aaa.jpg?fit=600%2C400&amp;ssl=1\" data-orig-size=\"600,400\" data-comments-opened=\"1\" data-image-meta=\"{&quot;aperture&quot;:&quot;0&quot;,&quot;credit&quot;:&quot;&quot;,&quot;camera&quot;:&quot;&quot;,&quot;caption&quot;:&quot;&quot;,&quot;created_timestamp&quot;:&quot;0&quot;,&quot;copyright&quot;:&quot;&quot;,&quot;focal_length&quot;:&quot;0&quot;,&quot;iso&quot;:&quot;0&quot;,&quot;shutter_speed&quot;:&quot;0&quot;,&quot;title&quot;:&quot;&quot;}\" data-image-title=\"aaa\" data-image-description=\"&lt;p&gt;Ram\u00f3n Blanco nos dej\u00f3 el 9 de mayo de 2013&lt;\/p&gt;\n\" data-image-caption=\"\" data-large-file=\"https:\/\/i0.wp.com\/www.manquepierda.com\/futbolandia\/files\/2013\/12\/aaa.jpg?fit=600%2C400&amp;ssl=1\" class=\"alignleft size-medium wp-image-2924\" alt=\"aaa\" src=\"https:\/\/i0.wp.com\/www.manquepierda.com\/futbolandia\/files\/2013\/12\/aaa.jpg?resize=300%2C200\" width=\"300\" height=\"200\" srcset=\"https:\/\/i0.wp.com\/www.manquepierda.com\/futbolandia\/files\/2013\/12\/aaa.jpg?resize=300%2C200&amp;ssl=1 300w, https:\/\/i0.wp.com\/www.manquepierda.com\/futbolandia\/files\/2013\/12\/aaa.jpg?w=600&amp;ssl=1 600w\" sizes=\"auto, (max-width: 300px) 100vw, 300px\" \/><\/a>El C\u00e1diz ha jugado en 2013 37 partidos ligueros, todos ellos de Segunda Divisi\u00f3n B. A pesar de la mediocridad de la temporada 2012\/2013 del conjunto amarillo, el equipo entrenado por Ra\u00fal Agn\u00e9 entr\u00f3 en el a\u00f1o con seis partidos consecutivos sin conocer la derrota. En el s\u00e9ptimo cay\u00f3 en la ciudad deportiva del Sevilla por 3-2, tras ir ganando 1-2 con un doblete de Pablo S\u00e1nchez.<\/p>\n<p>De los 37 partidos que ha jugado, ha sido capaz de ganar en 17 ocasiones, acumul\u00f3 10 empates y conoci\u00f3 la derrota 10 veces. Ha sumado en este a\u00f1o natural 61 puntos, con 58 goles a favor y 33 en contra (diferencia de +25).<\/p>\n<p>En 2013, el Ram\u00f3n de Carranza ha acogido 19 partidos (una vuelta completa), y la hinchada amarilla ha visto ganar a su equipo en 10 ocasiones. El C\u00e1diz empat\u00f3 en casa en 5 ocasiones y s\u00f3lo perdi\u00f3 4 veces actuando como local. En el coliseo amarillo, los hombres de Ra\u00fal Agn\u00e9 han marcado un total de 27 goles, mientras que han encajado 14 dianas. Como local sum\u00f3 35 puntos.<\/p>\n<p>Fuera de casa, el <i>submarino amarillo <\/i>ha jugado 18 veces, ganando 7 partidos, empatando 5 y perdiendo 6. Parad\u00f3jicamente, ha marcado m\u00e1s tantos como visitante que como local: hasta en 31 ocasiones acert\u00f3 a perforar la porter\u00eda real. Encaj\u00f3 19 goles. Lejos del Carranza sum\u00f3 26 puntos.<\/p>\n<p>2013 no ha sido un buen a\u00f1o para el C\u00e1diz. Entre otras cosas porque fue la confirmaci\u00f3n de la desastrosa temporada 2012\/2013 (salvando el descenso en la pen\u00faltima jornada en El Palmar) y porque el a\u00f1o acaba con el equipo en cuarta posici\u00f3n a siete puntos del l\u00edder del Grupo IV. Porque no se clasific\u00f3 para la Copa del Rey y porque institucionalmente el club es una inc\u00f3gnita, pero ha sido capaz de asestar la mayor victoria como visitante de su historia (1-6 al \u00c9cija el pasado 15 de septiembre) y la derrota m\u00e1s abultada no ha sido escandalosa (0-2 del Albacete el 31 de marzo).<\/p>\n<p>Pero sin duda, lo m\u00e1s negativo en torno al club, m\u00e1s all\u00e1 de la pat\u00e9tica temporada, fue la marcha de Ram\u00f3n Blanco, ex jugador y entrenador del equipo amarillo, el pasado 9 de mayo. \u00c9l debe ser la mayor motivaci\u00f3n para hacer mejor las cosas en 2014.<\/p>\n","protected":false},"excerpt":{"rendered":"<p>El C\u00e1diz ha jugado en 2013 37 partidos ligueros, todos ellos de Segunda Divisi\u00f3n B. A pesar de la mediocridad de la temporada 2012\/2013 del conjunto amarillo, el equipo entrenado por Ra\u00fal Agn\u00e9 entr\u00f3 en el a\u00f1o con seis partidos consecutivos sin conocer la derrota. En el s\u00e9ptimo cay\u00f3 en la ciudad deportiva del Sevilla&#8230;<\/p>\n","protected":false},"author":101,"featured_media":2924,"comment_status":"open","ping_status":"open","sticky":false,"template":"","format":"standard","meta":{"_kad_post_transparent":"","_kad_post_title":"","_kad_post_layout":"","_kad_post_sidebar_id":"","_kad_post_content_style":"","_kad_post_vertical_padding":"","_kad_post_feature":"","_kad_post_feature_position":"","_kad_post_header":false,"_kad_post_footer":false,"_kad_post_classname":"","_jetpack_memberships_contains_paid_content":false,"footnotes":"","jetpack_publicize_message":"","jetpack_publicize_feature_enabled":true,"jetpack_social_post_already_shared":true,"jetpack_social_options":{"image_generator_settings":{"template":"highway","default_image_id":0,"font":"","enabled":false},"version":2}},"categories":[1,10],"tags":[718,409,1107,1108,1106,1105],"class_list":["post-2923","post","type-post","status-publish","format-standard","has-post-thumbnail","hentry","category-liga-bbva-futbol-espanol","category-portada","tag-718","tag-cadiz","tag-estadisticas","tag-numeros","tag-ramon-blanco","tag-segunda-b"],"yoast_head":"<!-- This site is optimized with the Yoast SEO plugin v27.5 - https:\/\/yoast.com\/product\/yoast-seo-wordpress\/ -->\n<title>El a\u00f1o 2013 del C\u00e1diz &#8211; Futbolandia<\/title>\n<meta name=\"robots\" content=\"index, follow, max-snippet:-1, max-image-preview:large, max-video-preview:-1\" \/>\n<link rel=\"canonical\" href=\"https:\/\/www.manquepierda.com\/futbolandia\/el-ano-2013-del-cadiz\/\" \/>\n<meta property=\"og:locale\" content=\"es_ES\" \/>\n<meta property=\"og:type\" content=\"article\" \/>\n<meta property=\"og:title\" content=\"El a\u00f1o 2013 del C\u00e1diz &#8211; Futbolandia\" \/>\n<meta property=\"og:description\" content=\"El C\u00e1diz ha jugado en 2013 37 partidos ligueros, todos ellos de Segunda Divisi\u00f3n B. A pesar de la mediocridad de la temporada 2012\/2013 del conjunto amarillo, el equipo entrenado por Ra\u00fal Agn\u00e9 entr\u00f3 en el a\u00f1o con seis partidos consecutivos sin conocer la derrota. En el s\u00e9ptimo cay\u00f3 en la ciudad deportiva del Sevilla...\" \/>\n<meta property=\"og:url\" content=\"https:\/\/www.manquepierda.com\/futbolandia\/el-ano-2013-del-cadiz\/\" \/>\n<meta property=\"og:site_name\" content=\"Futbolandia\" \/>\n<meta property=\"article:published_time\" content=\"2013-12-23T14:44:16+00:00\" \/>\n<meta property=\"og:image\" content=\"https:\/\/i2.wp.com\/www.manquepierda.com\/futbolandia\/files\/2013\/12\/aaa.jpg?fit=600%2C400&ssl=1\" \/>\n\t<meta property=\"og:image:width\" content=\"600\" \/>\n\t<meta property=\"og:image:height\" content=\"400\" \/>\n\t<meta property=\"og:image:type\" content=\"image\/jpeg\" \/>\n<meta name=\"author\" content=\"Jes\u00fas Navarro Mayone\" \/>\n<meta name=\"twitter:label1\" content=\"Escrito por\" \/>\n\t<meta name=\"twitter:data1\" content=\"Jes\u00fas Navarro Mayone\" \/>\n\t<meta name=\"twitter:label2\" content=\"Tiempo de lectura\" \/>\n\t<meta name=\"twitter:data2\" content=\"2 minutos\" \/>\n<script type=\"application\/ld+json\" class=\"yoast-schema-graph\">{\"@context\":\"https:\\\/\\\/schema.org\",\"@graph\":[{\"@type\":\"Article\",\"@id\":\"https:\\\/\\\/www.manquepierda.com\\\/futbolandia\\\/el-ano-2013-del-cadiz\\\/#article\",\"isPartOf\":{\"@id\":\"https:\\\/\\\/www.manquepierda.com\\\/futbolandia\\\/el-ano-2013-del-cadiz\\\/\"},\"author\":{\"name\":\"Jes\u00fas Navarro Mayone\",\"@id\":\"https:\\\/\\\/www.manquepierda.com\\\/futbolandia\\\/#\\\/schema\\\/person\\\/7510ca26e398816c7d1853015c168c9a\"},\"headline\":\"El a\u00f1o 2013 del C\u00e1diz\",\"datePublished\":\"2013-12-23T14:44:16+00:00\",\"mainEntityOfPage\":{\"@id\":\"https:\\\/\\\/www.manquepierda.com\\\/futbolandia\\\/el-ano-2013-del-cadiz\\\/\"},\"wordCount\":382,\"commentCount\":0,\"image\":{\"@id\":\"https:\\\/\\\/www.manquepierda.com\\\/futbolandia\\\/el-ano-2013-del-cadiz\\\/#primaryimage\"},\"thumbnailUrl\":\"https:\\\/\\\/i0.wp.com\\\/www.manquepierda.com\\\/futbolandia\\\/files\\\/2013\\\/12\\\/aaa.jpg?fit=600%2C400&ssl=1\",\"keywords\":[\"2013\",\"cadiz\",\"Estad\u00edsticas\",\"N\u00fameros\",\"Ram\u00f3n Blanco\",\"Segunda B\"],\"articleSection\":[\"Liga BBVA - F\u00fatbol Espa\u00f1ol\",\"Portada\"],\"inLanguage\":\"es\",\"potentialAction\":[{\"@type\":\"CommentAction\",\"name\":\"Comment\",\"target\":[\"https:\\\/\\\/www.manquepierda.com\\\/futbolandia\\\/el-ano-2013-del-cadiz\\\/#respond\"]}]},{\"@type\":\"WebPage\",\"@id\":\"https:\\\/\\\/www.manquepierda.com\\\/futbolandia\\\/el-ano-2013-del-cadiz\\\/\",\"url\":\"https:\\\/\\\/www.manquepierda.com\\\/futbolandia\\\/el-ano-2013-del-cadiz\\\/\",\"name\":\"El a\u00f1o 2013 del C\u00e1diz &#8211; Futbolandia\",\"isPartOf\":{\"@id\":\"https:\\\/\\\/www.manquepierda.com\\\/futbolandia\\\/#website\"},\"primaryImageOfPage\":{\"@id\":\"https:\\\/\\\/www.manquepierda.com\\\/futbolandia\\\/el-ano-2013-del-cadiz\\\/#primaryimage\"},\"image\":{\"@id\":\"https:\\\/\\\/www.manquepierda.com\\\/futbolandia\\\/el-ano-2013-del-cadiz\\\/#primaryimage\"},\"thumbnailUrl\":\"https:\\\/\\\/i0.wp.com\\\/www.manquepierda.com\\\/futbolandia\\\/files\\\/2013\\\/12\\\/aaa.jpg?fit=600%2C400&ssl=1\",\"datePublished\":\"2013-12-23T14:44:16+00:00\",\"author\":{\"@id\":\"https:\\\/\\\/www.manquepierda.com\\\/futbolandia\\\/#\\\/schema\\\/person\\\/7510ca26e398816c7d1853015c168c9a\"},\"breadcrumb\":{\"@id\":\"https:\\\/\\\/www.manquepierda.com\\\/futbolandia\\\/el-ano-2013-del-cadiz\\\/#breadcrumb\"},\"inLanguage\":\"es\",\"potentialAction\":[{\"@type\":\"ReadAction\",\"target\":[\"https:\\\/\\\/www.manquepierda.com\\\/futbolandia\\\/el-ano-2013-del-cadiz\\\/\"]}]},{\"@type\":\"ImageObject\",\"inLanguage\":\"es\",\"@id\":\"https:\\\/\\\/www.manquepierda.com\\\/futbolandia\\\/el-ano-2013-del-cadiz\\\/#primaryimage\",\"url\":\"https:\\\/\\\/i0.wp.com\\\/www.manquepierda.com\\\/futbolandia\\\/files\\\/2013\\\/12\\\/aaa.jpg?fit=600%2C400&ssl=1\",\"contentUrl\":\"https:\\\/\\\/i0.wp.com\\\/www.manquepierda.com\\\/futbolandia\\\/files\\\/2013\\\/12\\\/aaa.jpg?fit=600%2C400&ssl=1\",\"width\":600,\"height\":400},{\"@type\":\"BreadcrumbList\",\"@id\":\"https:\\\/\\\/www.manquepierda.com\\\/futbolandia\\\/el-ano-2013-del-cadiz\\\/#breadcrumb\",\"itemListElement\":[{\"@type\":\"ListItem\",\"position\":1,\"name\":\"Portada\",\"item\":\"https:\\\/\\\/www.manquepierda.com\\\/futbolandia\\\/\"},{\"@type\":\"ListItem\",\"position\":2,\"name\":\"El a\u00f1o 2013 del C\u00e1diz\"}]},{\"@type\":\"WebSite\",\"@id\":\"https:\\\/\\\/www.manquepierda.com\\\/futbolandia\\\/#website\",\"url\":\"https:\\\/\\\/www.manquepierda.com\\\/futbolandia\\\/\",\"name\":\"Futbolandia\",\"description\":\"Reportajes e informaci\u00f3n sobre f\u00fatbol mundial y j\u00f3venes promesas\",\"potentialAction\":[{\"@type\":\"SearchAction\",\"target\":{\"@type\":\"EntryPoint\",\"urlTemplate\":\"https:\\\/\\\/www.manquepierda.com\\\/futbolandia\\\/?s={search_term_string}\"},\"query-input\":{\"@type\":\"PropertyValueSpecification\",\"valueRequired\":true,\"valueName\":\"search_term_string\"}}],\"inLanguage\":\"es\"},{\"@type\":\"Person\",\"@id\":\"https:\\\/\\\/www.manquepierda.com\\\/futbolandia\\\/#\\\/schema\\\/person\\\/7510ca26e398816c7d1853015c168c9a\",\"name\":\"Jes\u00fas Navarro Mayone\",\"image\":{\"@type\":\"ImageObject\",\"inLanguage\":\"es\",\"@id\":\"https:\\\/\\\/secure.gravatar.com\\\/avatar\\\/1708b900c76cc7d38e7c29a416e482a7727846442c1adb21713059b50a33f63b?s=96&d=mm&r=g\",\"url\":\"https:\\\/\\\/secure.gravatar.com\\\/avatar\\\/1708b900c76cc7d38e7c29a416e482a7727846442c1adb21713059b50a33f63b?s=96&d=mm&r=g\",\"contentUrl\":\"https:\\\/\\\/secure.gravatar.com\\\/avatar\\\/1708b900c76cc7d38e7c29a416e482a7727846442c1adb21713059b50a33f63b?s=96&d=mm&r=g\",\"caption\":\"Jes\u00fas Navarro Mayone\"},\"description\":\"Crec\u00ed viendo a Inzaghi hacer goles. A Nesta cortando balones y a Mak\u00e9l\u00e9l\u00e9 barrer jugadas. A Caf\u00fa subiendo la banda y a Palermo rematando. Ahora intento escribir todo eso. Tambi\u00e9n en Twitter: @JesusNavarroM.\",\"url\":\"https:\\\/\\\/www.manquepierda.com\\\/futbolandia\\\/author\\\/jesusnavarro\\\/\"}]}<\/script>\n<!-- \/ Yoast SEO plugin. -->","yoast_head_json":{"title":"El a\u00f1o 2013 del C\u00e1diz &#8211; Futbolandia","robots":{"index":"index","follow":"follow","max-snippet":"max-snippet:-1","max-image-preview":"max-image-preview:large","max-video-preview":"max-video-preview:-1"},"canonical":"https:\/\/www.manquepierda.com\/futbolandia\/el-ano-2013-del-cadiz\/","og_locale":"es_ES","og_type":"article","og_title":"El a\u00f1o 2013 del C\u00e1diz &#8211; Futbolandia","og_description":"El C\u00e1diz ha jugado en 2013 37 partidos ligueros, todos ellos de Segunda Divisi\u00f3n B. A pesar de la mediocridad de la temporada 2012\/2013 del conjunto amarillo, el equipo entrenado por Ra\u00fal Agn\u00e9 entr\u00f3 en el a\u00f1o con seis partidos consecutivos sin conocer la derrota. En el s\u00e9ptimo cay\u00f3 en la ciudad deportiva del Sevilla...","og_url":"https:\/\/www.manquepierda.com\/futbolandia\/el-ano-2013-del-cadiz\/","og_site_name":"Futbolandia","article_published_time":"2013-12-23T14:44:16+00:00","og_image":[{"width":600,"height":400,"url":"https:\/\/i2.wp.com\/www.manquepierda.com\/futbolandia\/files\/2013\/12\/aaa.jpg?fit=600%2C400&ssl=1","type":"image\/jpeg"}],"author":"Jes\u00fas Navarro Mayone","twitter_misc":{"Escrito por":"Jes\u00fas Navarro Mayone","Tiempo de lectura":"2 minutos"},"schema":{"@context":"https:\/\/schema.org","@graph":[{"@type":"Article","@id":"https:\/\/www.manquepierda.com\/futbolandia\/el-ano-2013-del-cadiz\/#article","isPartOf":{"@id":"https:\/\/www.manquepierda.com\/futbolandia\/el-ano-2013-del-cadiz\/"},"author":{"name":"Jes\u00fas Navarro Mayone","@id":"https:\/\/www.manquepierda.com\/futbolandia\/#\/schema\/person\/7510ca26e398816c7d1853015c168c9a"},"headline":"El a\u00f1o 2013 del C\u00e1diz","datePublished":"2013-12-23T14:44:16+00:00","mainEntityOfPage":{"@id":"https:\/\/www.manquepierda.com\/futbolandia\/el-ano-2013-del-cadiz\/"},"wordCount":382,"commentCount":0,"image":{"@id":"https:\/\/www.manquepierda.com\/futbolandia\/el-ano-2013-del-cadiz\/#primaryimage"},"thumbnailUrl":"https:\/\/i0.wp.com\/www.manquepierda.com\/futbolandia\/files\/2013\/12\/aaa.jpg?fit=600%2C400&ssl=1","keywords":["2013","cadiz","Estad\u00edsticas","N\u00fameros","Ram\u00f3n Blanco","Segunda B"],"articleSection":["Liga BBVA - F\u00fatbol Espa\u00f1ol","Portada"],"inLanguage":"es","potentialAction":[{"@type":"CommentAction","name":"Comment","target":["https:\/\/www.manquepierda.com\/futbolandia\/el-ano-2013-del-cadiz\/#respond"]}]},{"@type":"WebPage","@id":"https:\/\/www.manquepierda.com\/futbolandia\/el-ano-2013-del-cadiz\/","url":"https:\/\/www.manquepierda.com\/futbolandia\/el-ano-2013-del-cadiz\/","name":"El a\u00f1o 2013 del C\u00e1diz &#8211; Futbolandia","isPartOf":{"@id":"https:\/\/www.manquepierda.com\/futbolandia\/#website"},"primaryImageOfPage":{"@id":"https:\/\/www.manquepierda.com\/futbolandia\/el-ano-2013-del-cadiz\/#primaryimage"},"image":{"@id":"https:\/\/www.manquepierda.com\/futbolandia\/el-ano-2013-del-cadiz\/#primaryimage"},"thumbnailUrl":"https:\/\/i0.wp.com\/www.manquepierda.com\/futbolandia\/files\/2013\/12\/aaa.jpg?fit=600%2C400&ssl=1","datePublished":"2013-12-23T14:44:16+00:00","author":{"@id":"https:\/\/www.manquepierda.com\/futbolandia\/#\/schema\/person\/7510ca26e398816c7d1853015c168c9a"},"breadcrumb":{"@id":"https:\/\/www.manquepierda.com\/futbolandia\/el-ano-2013-del-cadiz\/#breadcrumb"},"inLanguage":"es","potentialAction":[{"@type":"ReadAction","target":["https:\/\/www.manquepierda.com\/futbolandia\/el-ano-2013-del-cadiz\/"]}]},{"@type":"ImageObject","inLanguage":"es","@id":"https:\/\/www.manquepierda.com\/futbolandia\/el-ano-2013-del-cadiz\/#primaryimage","url":"https:\/\/i0.wp.com\/www.manquepierda.com\/futbolandia\/files\/2013\/12\/aaa.jpg?fit=600%2C400&ssl=1","contentUrl":"https:\/\/i0.wp.com\/www.manquepierda.com\/futbolandia\/files\/2013\/12\/aaa.jpg?fit=600%2C400&ssl=1","width":600,"height":400},{"@type":"BreadcrumbList","@id":"https:\/\/www.manquepierda.com\/futbolandia\/el-ano-2013-del-cadiz\/#breadcrumb","itemListElement":[{"@type":"ListItem","position":1,"name":"Portada","item":"https:\/\/www.manquepierda.com\/futbolandia\/"},{"@type":"ListItem","position":2,"name":"El a\u00f1o 2013 del C\u00e1diz"}]},{"@type":"WebSite","@id":"https:\/\/www.manquepierda.com\/futbolandia\/#website","url":"https:\/\/www.manquepierda.com\/futbolandia\/","name":"Futbolandia","description":"Reportajes e informaci\u00f3n sobre f\u00fatbol mundial y j\u00f3venes promesas","potentialAction":[{"@type":"SearchAction","target":{"@type":"EntryPoint","urlTemplate":"https:\/\/www.manquepierda.com\/futbolandia\/?s={search_term_string}"},"query-input":{"@type":"PropertyValueSpecification","valueRequired":true,"valueName":"search_term_string"}}],"inLanguage":"es"},{"@type":"Person","@id":"https:\/\/www.manquepierda.com\/futbolandia\/#\/schema\/person\/7510ca26e398816c7d1853015c168c9a","name":"Jes\u00fas Navarro Mayone","image":{"@type":"ImageObject","inLanguage":"es","@id":"https:\/\/secure.gravatar.com\/avatar\/1708b900c76cc7d38e7c29a416e482a7727846442c1adb21713059b50a33f63b?s=96&d=mm&r=g","url":"https:\/\/secure.gravatar.com\/avatar\/1708b900c76cc7d38e7c29a416e482a7727846442c1adb21713059b50a33f63b?s=96&d=mm&r=g","contentUrl":"https:\/\/secure.gravatar.com\/avatar\/1708b900c76cc7d38e7c29a416e482a7727846442c1adb21713059b50a33f63b?s=96&d=mm&r=g","caption":"Jes\u00fas Navarro Mayone"},"description":"Crec\u00ed viendo a Inzaghi hacer goles. A Nesta cortando balones y a Mak\u00e9l\u00e9l\u00e9 barrer jugadas. A Caf\u00fa subiendo la banda y a Palermo rematando. Ahora intento escribir todo eso. Tambi\u00e9n en Twitter: @JesusNavarroM.","url":"https:\/\/www.manquepierda.com\/futbolandia\/author\/jesusnavarro\/"}]}},"jetpack_publicize_connections":[],"jetpack_featured_media_url":"https:\/\/i0.wp.com\/www.manquepierda.com\/futbolandia\/files\/2013\/12\/aaa.jpg?fit=600%2C400&ssl=1","jetpack_shortlink":"https:\/\/wp.me\/p1THIg-L9","jetpack_sharing_enabled":true,"_links":{"self":[{"href":"https:\/\/www.manquepierda.com\/futbolandia\/wp-json\/wp\/v2\/posts\/2923","targetHints":{"allow":["GET"]}}],"collection":[{"href":"https:\/\/www.manquepierda.com\/futbolandia\/wp-json\/wp\/v2\/posts"}],"about":[{"href":"https:\/\/www.manquepierda.com\/futbolandia\/wp-json\/wp\/v2\/types\/post"}],"author":[{"embeddable":true,"href":"https:\/\/www.manquepierda.com\/futbolandia\/wp-json\/wp\/v2\/users\/101"}],"replies":[{"embeddable":true,"href":"https:\/\/www.manquepierda.com\/futbolandia\/wp-json\/wp\/v2\/comments?post=2923"}],"version-history":[{"count":0,"href":"https:\/\/www.manquepierda.com\/futbolandia\/wp-json\/wp\/v2\/posts\/2923\/revisions"}],"wp:featuredmedia":[{"embeddable":true,"href":"https:\/\/www.manquepierda.com\/futbolandia\/wp-json\/wp\/v2\/media\/2924"}],"wp:attachment":[{"href":"https:\/\/www.manquepierda.com\/futbolandia\/wp-json\/wp\/v2\/media?parent=2923"}],"wp:term":[{"taxonomy":"category","embeddable":true,"href":"https:\/\/www.manquepierda.com\/futbolandia\/wp-json\/wp\/v2\/categories?post=2923"},{"taxonomy":"post_tag","embeddable":true,"href":"https:\/\/www.manquepierda.com\/futbolandia\/wp-json\/wp\/v2\/tags?post=2923"}],"curies":[{"name":"wp","href":"https:\/\/api.w.org\/{rel}","templated":true}]}}