{"id":3026,"date":"2014-02-13T14:17:29","date_gmt":"2014-02-13T12:17:29","guid":{"rendered":"http:\/\/www.manquepierda.com\/futbolandia\/?p=3026"},"modified":"2015-07-09T09:38:08","modified_gmt":"2015-07-09T07:38:08","slug":"buscando-en-la-linea-de-sucesion-robert-lewandowski","status":"publish","type":"post","link":"https:\/\/www.manquepierda.com\/futbolandia\/buscando-en-la-linea-de-sucesion-robert-lewandowski\/","title":{"rendered":"Buscando en la l\u00ednea de sucesi\u00f3n, Robert Lewandowski"},"content":{"rendered":"<p>Si nos propusi\u00e9ramos como aficionados a este bonito deporte, a pensar en los delanteros con m\u00e1s calidad del planeta f\u00fatbol, <strong>no hay duda de que entre los mejores situar\u00edamos a uno de los delanteros de moda en Europa, Robert Lewandowski.<\/strong> Moda a la que lo ha llevado su contrato, que terminaba este mismo a\u00f1o y que le har\u00e1 abandonar al Borussia Dortmund para recalar el a\u00f1o pr\u00f3ximo en su m\u00e1ximo rival en la Bundesliga, el Bayern M\u00fcnich.<\/p>\n<figure id=\"attachment_3030\" aria-describedby=\"caption-attachment-3030\" style=\"width: 514px\" class=\"wp-caption alignleft\"><a href=\"https:\/\/i0.wp.com\/www.manquepierda.com\/futbolandia\/files\/2014\/02\/Kevin-Volland.jpg\"><img data-recalc-dims=\"1\" loading=\"lazy\" decoding=\"async\" data-attachment-id=\"3030\" data-permalink=\"https:\/\/www.manquepierda.com\/futbolandia\/buscando-en-la-linea-de-sucesion-robert-lewandowski\/kevin-volland\/\" data-orig-file=\"https:\/\/i0.wp.com\/www.manquepierda.com\/futbolandia\/files\/2014\/02\/Kevin-Volland.jpg?fit=514%2C297&amp;ssl=1\" data-orig-size=\"514,297\" data-comments-opened=\"1\" data-image-meta=\"{&quot;aperture&quot;:&quot;0&quot;,&quot;credit&quot;:&quot;&quot;,&quot;camera&quot;:&quot;&quot;,&quot;caption&quot;:&quot;&quot;,&quot;created_timestamp&quot;:&quot;0&quot;,&quot;copyright&quot;:&quot;&quot;,&quot;focal_length&quot;:&quot;0&quot;,&quot;iso&quot;:&quot;0&quot;,&quot;shutter_speed&quot;:&quot;0&quot;,&quot;title&quot;:&quot;&quot;}\" data-image-title=\"Kevin-Volland\" data-image-description=\"\" data-image-caption=\"&lt;p&gt;Kevin Volland con la camiseta de Alemania&lt;br \/&gt;\nFoto: www.mibundesliga.com&lt;\/p&gt;\n\" data-large-file=\"https:\/\/i0.wp.com\/www.manquepierda.com\/futbolandia\/files\/2014\/02\/Kevin-Volland.jpg?fit=514%2C297&amp;ssl=1\" class=\"size-full wp-image-3030\" alt=\"Kevin Volland con la camiseta de Alemania Foto: www.mibundesliga.com\" src=\"https:\/\/i0.wp.com\/www.manquepierda.com\/futbolandia\/files\/2014\/02\/Kevin-Volland.jpg?resize=514%2C297\" width=\"514\" height=\"297\" srcset=\"https:\/\/i0.wp.com\/www.manquepierda.com\/futbolandia\/files\/2014\/02\/Kevin-Volland.jpg?w=514&amp;ssl=1 514w, https:\/\/i0.wp.com\/www.manquepierda.com\/futbolandia\/files\/2014\/02\/Kevin-Volland.jpg?resize=300%2C173&amp;ssl=1 300w, https:\/\/i0.wp.com\/www.manquepierda.com\/futbolandia\/files\/2014\/02\/Kevin-Volland.jpg?resize=400%2C230&amp;ssl=1 400w\" sizes=\"auto, (max-width: 514px) 100vw, 514px\" \/><\/a><figcaption id=\"caption-attachment-3030\" class=\"wp-caption-text\">Kevin Volland con la camiseta de Alemania<br \/>Foto: www.mibundesliga.com<\/figcaption><\/figure>\n<p>Pretendido por algunos de los mejores clubes de los \u00faltimos tiempos, el ariete polaco ha demostrado en los \u00faltimos a\u00f1os ser un delantero Clase A. Sus 97 goles en los cinco a\u00f1os que lleva jugando en el BVB lo avalan y el Signal Iduna Park ha observado el crecimiento de un chico que con 21 a\u00f1os aterriz\u00f3 en Dortmund y con el tiempo acab\u00f3 convirti\u00e9ndose en un \u00eddolo para su afici\u00f3n. <strong>Potencia, dominio del juego a\u00e9reo, un sexto sentido para encontrar su sitio en el \u00e1rea, calidad para el regate, movimientos de una t\u00e9cnica superlativa y un olfato de gol fuera de lo com\u00fan.<\/strong> Lewandowski se marcha, pero sabe que lo mucho que ha aprendido y el jugador que ha llegado a ser gracias a su actual equipo, que cambiar\u00e1 al finalizar el a\u00f1o.<\/p>\n<p>Sin embargo, la vida sigue, el f\u00fatbol no vive del pasado y para el a\u00f1o pr\u00f3ximo, los de Westfalia no quieren perder potencial ofensivo con la marcha de una de sus estrellas. Ya este mismo a\u00f1o vivieron una situaci\u00f3n parecida con la marcha de Mario G\u00f6tze, tambi\u00e9n al Bayern, y llegaron para aportar jugadores j\u00f3venes, con hambre y mucho f\u00fatbol. Jugadores como Mkhitaryan o Aubameyang, que con la llegada desde segunda l\u00ednea del primero y la velocidad y explosividad del segundo, han hecho que ese potencial en la vanguardia no se deval\u00fae.<\/p>\n<p>Ahora, los de J\u00fcrgen Klopp buscan volver a acertar. Repetir la operaci\u00f3n Lewandowski, fichar un futbolista joven con grandes cualidades para convertirlo en el eje de su ataque y quien sabe, si en una figura del f\u00fatbol mundial con el tiempo. Para ello trabajan, y en base a ello se llevan asociando al equipo infinidad de futbolistas con un perfil similar, muchos no son realidades contrastadas, sino diamantes en bruto que parecen esconder jugadores TOP en el futuro.<\/p>\n<p>Y en esa estamos, el casting ha empezado, muchos son los candidatos y aqu\u00ed estamos para conocer a algunos de los que han sonado para suceder al buen delantero polaco. <strong>El primero es Kevin Volland. De hecho es uno de los que suenan con m\u00e1s fuerza para reforzar al BVB.<\/strong> Y es que el delantero del Hoffenheim ya el a\u00f1o pasado consigui\u00f3 buenas cifras y este a\u00f1o vuelve a rondar la decena de goles en un equipo ofensivo y alegre aunque sin tanta solidez en la retaguardia como para estar m\u00e1s alto en la clasificaci\u00f3n.<\/p>\n<p>Que el Borussia Dortmund se fije en Kevin Volland no hace m\u00e1s que ratificar el buen ojo de su direcci\u00f3n t\u00e9cnica. Y es que el joven delantero de tan solo 21 a\u00f1os, es uno de los delanteros que, salvando las distancias, m\u00e1s se parece a Robert Lewandowski. Zurdo, con gran calidad t\u00e9cnica tanto para definir como para asistir a sus compa\u00f1eros si hace falta, Volland est\u00e1 viviendo la que es su primera temporada completa en la \u00e9lite del f\u00fatbol alem\u00e1n.<strong> Con una sonrisa en la cara para disfrutar de este deporte, es un jugador con un gran olfato goleador, que se mueve listo en el l\u00edmite del fuera de juego y que siempre sabe colocarse en el \u00e1rea.<\/strong> Un jugador que no se pone nervioso frente al cancerbero rival. Una apuesta de futuro que puede llegar ya muestra mucha calidad y que si se da su fichaje, podr\u00eda alcanzar cotas muy altas.<\/p>\n<figure id=\"attachment_3029\" aria-describedby=\"caption-attachment-3029\" style=\"width: 450px\" class=\"wp-caption alignright\"><a href=\"https:\/\/i0.wp.com\/www.manquepierda.com\/futbolandia\/files\/2014\/02\/Adri%C3%A1n-Ramos.jpg\"><img data-recalc-dims=\"1\" loading=\"lazy\" decoding=\"async\" data-attachment-id=\"3029\" data-permalink=\"https:\/\/www.manquepierda.com\/futbolandia\/buscando-en-la-linea-de-sucesion-robert-lewandowski\/adrian-ramos\/\" data-orig-file=\"https:\/\/i0.wp.com\/www.manquepierda.com\/futbolandia\/files\/2014\/02\/Adri%C3%A1n-Ramos.jpg?fit=450%2C303&amp;ssl=1\" data-orig-size=\"450,303\" data-comments-opened=\"1\" data-image-meta=\"{&quot;aperture&quot;:&quot;0&quot;,&quot;credit&quot;:&quot;&quot;,&quot;camera&quot;:&quot;&quot;,&quot;caption&quot;:&quot;&quot;,&quot;created_timestamp&quot;:&quot;0&quot;,&quot;copyright&quot;:&quot;&quot;,&quot;focal_length&quot;:&quot;0&quot;,&quot;iso&quot;:&quot;0&quot;,&quot;shutter_speed&quot;:&quot;0&quot;,&quot;title&quot;:&quot;&quot;}\" data-image-title=\"Adri\u00e1n-Ramos\" data-image-description=\"\" data-image-caption=\"&lt;p&gt;Adri\u00e1n Ramos celebra un gol con el Hertha&lt;br \/&gt;\nFoto: www.proclamadelcauca.com&lt;\/p&gt;\n\" data-large-file=\"https:\/\/i0.wp.com\/www.manquepierda.com\/futbolandia\/files\/2014\/02\/Adri%C3%A1n-Ramos.jpg?fit=450%2C303&amp;ssl=1\" class=\"size-full wp-image-3029\" alt=\"Adri\u00e1n Ramos celebra un gol con el Hertha Foto: www.proclamadelcauca.com\" src=\"https:\/\/i0.wp.com\/www.manquepierda.com\/futbolandia\/files\/2014\/02\/Adri%C3%A1n-Ramos.jpg?resize=450%2C303\" width=\"450\" height=\"303\" srcset=\"https:\/\/i0.wp.com\/www.manquepierda.com\/futbolandia\/files\/2014\/02\/Adri%C3%A1n-Ramos.jpg?w=450&amp;ssl=1 450w, https:\/\/i0.wp.com\/www.manquepierda.com\/futbolandia\/files\/2014\/02\/Adri%C3%A1n-Ramos.jpg?resize=300%2C202&amp;ssl=1 300w\" sizes=\"auto, (max-width: 450px) 100vw, 450px\" \/><\/a><figcaption id=\"caption-attachment-3029\" class=\"wp-caption-text\">Adri\u00e1n Ramos celebra un gol con el Hertha<br \/>Foto: www.proclamadelcauca.com<\/figcaption><\/figure>\n<p>Pero aunque Volland es una grand\u00edsima opci\u00f3n, no es la \u00fanica con la que trabaja el BVB obviamente. Muchos son los nombres que han sonado. Algunos se acercan al perfil de Volland o del propio Lewandowski cuando comenz\u00f3 su aventura en la Bundesliga, j\u00f3venes, con proyecci\u00f3n, que ya vienen mostrando su nivel en sus equipos y podr\u00edan explotar definitivamente sobre el c\u00e9sped en Dortmund. Otros son futbolistas ya algo contrastados, con rendimiento en grandes ligas y sobrada experiencia internacional.<\/p>\n<p>Entre los primeros podr\u00edamos situar a<strong> Aleksandr Mitrovic<\/strong> (20 a\u00f1os), delantero centro del Anderlecht e internacional con Serbia que tiene un esperanzador futuro gracias a su gran t\u00e9cnica, su olfato goleador y su buen juego de espaldas al arco rival. Tambi\u00e9n<strong> Michy Batshuayi<\/strong> (20 a\u00f1os), delantero del Standard Liege que adem\u00e1s pasa por ser el m\u00e1ximo goleador de la Jupiler Pro League belga en la actualidad. Sin embargo, a pesar de que est\u00e1n jugando bien, con el tiempo estas opciones han pasado a ser algo m\u00e1s remotas.<\/p>\n<p>En ese otro perfil de jugador contrastado con amplia experiencia internacional se sit\u00faan futbolistas como<strong> Edin Dzeko, delantero bosnio del Manchester City que conoce de sobra la Bundesliga, o el colombiano Adri\u00e1n Ramos, actual pichichi de la liga germana en las filas del Hertha de Berl\u00edn.<\/strong> Opciones y m\u00e1s opciones entre las que deber\u00e1 elegir el BVB si no quiere perder su potencial de manera exponencial. \u00bfQui\u00e9n ser\u00e1 el ariete que sustituya al polaco? Se sabr\u00e1 pronto, toda vez que ya se conoce su destino y el descontento de la afici\u00f3n con el futbolista.<\/p>\n<p>&nbsp;<\/p>\n","protected":false},"excerpt":{"rendered":"<p>Si nos propusi\u00e9ramos como aficionados a este bonito deporte, a pensar en los delanteros con m\u00e1s calidad del planeta f\u00fatbol, no hay duda de que entre los mejores situar\u00edamos a uno de los delanteros de moda en Europa, Robert Lewandowski. Moda a la que lo ha llevado su contrato, que terminaba este mismo a\u00f1o y&#8230;<\/p>\n","protected":false},"author":93,"featured_media":3030,"comment_status":"open","ping_status":"open","sticky":false,"template":"","format":"standard","meta":{"_kad_post_transparent":"","_kad_post_title":"","_kad_post_layout":"","_kad_post_sidebar_id":"","_kad_post_content_style":"","_kad_post_vertical_padding":"","_kad_post_feature":"","_kad_post_feature_position":"","_kad_post_header":false,"_kad_post_footer":false,"_kad_post_classname":"","_jetpack_memberships_contains_paid_content":false,"footnotes":"","jetpack_publicize_message":"","jetpack_publicize_feature_enabled":true,"jetpack_social_post_already_shared":true,"jetpack_social_options":{"image_generator_settings":{"template":"highway","default_image_id":0,"font":"","enabled":false},"version":2}},"categories":[1369,10],"tags":[1144,839,680,107,681,425,1143,1140,685,1141,1142],"class_list":["post-3026","post","type-post","status-publish","format-standard","has-post-thumbnail","hentry","category-bundesliga-futbol-aleman","category-portada","tag-adrian-ramos","tag-batshuayi","tag-borussia","tag-bundesliga","tag-bvb","tag-dortmund","tag-dzeko","tag-lewandowski","tag-mitrovic","tag-sucesor","tag-volland"],"yoast_head":"<!-- This site is optimized with the Yoast SEO plugin v27.5 - https:\/\/yoast.com\/product\/yoast-seo-wordpress\/ -->\n<title>Buscando en la l\u00ednea de sucesi\u00f3n, Robert Lewandowski &#8211; Futbolandia<\/title>\n<meta name=\"robots\" content=\"index, follow, max-snippet:-1, max-image-preview:large, max-video-preview:-1\" \/>\n<link rel=\"canonical\" href=\"https:\/\/www.manquepierda.com\/futbolandia\/buscando-en-la-linea-de-sucesion-robert-lewandowski\/\" \/>\n<meta property=\"og:locale\" content=\"es_ES\" \/>\n<meta property=\"og:type\" content=\"article\" \/>\n<meta property=\"og:title\" content=\"Buscando en la l\u00ednea de sucesi\u00f3n, Robert Lewandowski &#8211; Futbolandia\" \/>\n<meta property=\"og:description\" content=\"Si nos propusi\u00e9ramos como aficionados a este bonito deporte, a pensar en los delanteros con m\u00e1s calidad del planeta f\u00fatbol, no hay duda de que entre los mejores situar\u00edamos a uno de los delanteros de moda en Europa, Robert Lewandowski. Moda a la que lo ha llevado su contrato, que terminaba este mismo a\u00f1o y...\" \/>\n<meta property=\"og:url\" content=\"https:\/\/www.manquepierda.com\/futbolandia\/buscando-en-la-linea-de-sucesion-robert-lewandowski\/\" \/>\n<meta property=\"og:site_name\" content=\"Futbolandia\" \/>\n<meta property=\"article:published_time\" content=\"2014-02-13T12:17:29+00:00\" \/>\n<meta property=\"article:modified_time\" content=\"2015-07-09T07:38:08+00:00\" \/>\n<meta property=\"og:image\" content=\"https:\/\/i0.wp.com\/www.manquepierda.com\/futbolandia\/files\/2014\/02\/Kevin-Volland.jpg?fit=514%2C297&ssl=1\" \/>\n\t<meta property=\"og:image:width\" content=\"514\" \/>\n\t<meta property=\"og:image:height\" content=\"297\" \/>\n\t<meta property=\"og:image:type\" content=\"image\/jpeg\" \/>\n<meta name=\"author\" content=\"Jorge M. Gonz\u00e1lez\" \/>\n<meta name=\"twitter:label1\" content=\"Escrito por\" \/>\n\t<meta name=\"twitter:data1\" content=\"Jorge M. Gonz\u00e1lez\" \/>\n\t<meta name=\"twitter:label2\" content=\"Tiempo de lectura\" \/>\n\t<meta name=\"twitter:data2\" content=\"5 minutos\" \/>\n<script type=\"application\/ld+json\" class=\"yoast-schema-graph\">{\"@context\":\"https:\\\/\\\/schema.org\",\"@graph\":[{\"@type\":\"Article\",\"@id\":\"https:\\\/\\\/www.manquepierda.com\\\/futbolandia\\\/buscando-en-la-linea-de-sucesion-robert-lewandowski\\\/#article\",\"isPartOf\":{\"@id\":\"https:\\\/\\\/www.manquepierda.com\\\/futbolandia\\\/buscando-en-la-linea-de-sucesion-robert-lewandowski\\\/\"},\"author\":{\"name\":\"Jorge M. Gonz\u00e1lez\",\"@id\":\"https:\\\/\\\/www.manquepierda.com\\\/futbolandia\\\/#\\\/schema\\\/person\\\/fdb4eabc3c2e0e717a790a4ce10cd2b3\"},\"headline\":\"Buscando en la l\u00ednea de sucesi\u00f3n, Robert Lewandowski\",\"datePublished\":\"2014-02-13T12:17:29+00:00\",\"dateModified\":\"2015-07-09T07:38:08+00:00\",\"mainEntityOfPage\":{\"@id\":\"https:\\\/\\\/www.manquepierda.com\\\/futbolandia\\\/buscando-en-la-linea-de-sucesion-robert-lewandowski\\\/\"},\"wordCount\":999,\"commentCount\":0,\"image\":{\"@id\":\"https:\\\/\\\/www.manquepierda.com\\\/futbolandia\\\/buscando-en-la-linea-de-sucesion-robert-lewandowski\\\/#primaryimage\"},\"thumbnailUrl\":\"https:\\\/\\\/i0.wp.com\\\/www.manquepierda.com\\\/futbolandia\\\/files\\\/2014\\\/02\\\/Kevin-Volland.jpg?fit=514%2C297&ssl=1\",\"keywords\":[\"adrian ramos\",\"batshuayi\",\"borussia\",\"bundesliga\",\"BVB\",\"dortmund\",\"dzeko\",\"lewandowski\",\"mitrovic\",\"sucesor\",\"volland\"],\"articleSection\":[\"Bundesliga - F\u00fatbol Alem\u00e1n\",\"Portada\"],\"inLanguage\":\"es\",\"potentialAction\":[{\"@type\":\"CommentAction\",\"name\":\"Comment\",\"target\":[\"https:\\\/\\\/www.manquepierda.com\\\/futbolandia\\\/buscando-en-la-linea-de-sucesion-robert-lewandowski\\\/#respond\"]}]},{\"@type\":\"WebPage\",\"@id\":\"https:\\\/\\\/www.manquepierda.com\\\/futbolandia\\\/buscando-en-la-linea-de-sucesion-robert-lewandowski\\\/\",\"url\":\"https:\\\/\\\/www.manquepierda.com\\\/futbolandia\\\/buscando-en-la-linea-de-sucesion-robert-lewandowski\\\/\",\"name\":\"Buscando en la l\u00ednea de sucesi\u00f3n, Robert Lewandowski &#8211; Futbolandia\",\"isPartOf\":{\"@id\":\"https:\\\/\\\/www.manquepierda.com\\\/futbolandia\\\/#website\"},\"primaryImageOfPage\":{\"@id\":\"https:\\\/\\\/www.manquepierda.com\\\/futbolandia\\\/buscando-en-la-linea-de-sucesion-robert-lewandowski\\\/#primaryimage\"},\"image\":{\"@id\":\"https:\\\/\\\/www.manquepierda.com\\\/futbolandia\\\/buscando-en-la-linea-de-sucesion-robert-lewandowski\\\/#primaryimage\"},\"thumbnailUrl\":\"https:\\\/\\\/i0.wp.com\\\/www.manquepierda.com\\\/futbolandia\\\/files\\\/2014\\\/02\\\/Kevin-Volland.jpg?fit=514%2C297&ssl=1\",\"datePublished\":\"2014-02-13T12:17:29+00:00\",\"dateModified\":\"2015-07-09T07:38:08+00:00\",\"author\":{\"@id\":\"https:\\\/\\\/www.manquepierda.com\\\/futbolandia\\\/#\\\/schema\\\/person\\\/fdb4eabc3c2e0e717a790a4ce10cd2b3\"},\"breadcrumb\":{\"@id\":\"https:\\\/\\\/www.manquepierda.com\\\/futbolandia\\\/buscando-en-la-linea-de-sucesion-robert-lewandowski\\\/#breadcrumb\"},\"inLanguage\":\"es\",\"potentialAction\":[{\"@type\":\"ReadAction\",\"target\":[\"https:\\\/\\\/www.manquepierda.com\\\/futbolandia\\\/buscando-en-la-linea-de-sucesion-robert-lewandowski\\\/\"]}]},{\"@type\":\"ImageObject\",\"inLanguage\":\"es\",\"@id\":\"https:\\\/\\\/www.manquepierda.com\\\/futbolandia\\\/buscando-en-la-linea-de-sucesion-robert-lewandowski\\\/#primaryimage\",\"url\":\"https:\\\/\\\/i0.wp.com\\\/www.manquepierda.com\\\/futbolandia\\\/files\\\/2014\\\/02\\\/Kevin-Volland.jpg?fit=514%2C297&ssl=1\",\"contentUrl\":\"https:\\\/\\\/i0.wp.com\\\/www.manquepierda.com\\\/futbolandia\\\/files\\\/2014\\\/02\\\/Kevin-Volland.jpg?fit=514%2C297&ssl=1\",\"width\":514,\"height\":297,\"caption\":\"Kevin Volland con la camiseta de Alemania Foto: www.mibundesliga.com\"},{\"@type\":\"BreadcrumbList\",\"@id\":\"https:\\\/\\\/www.manquepierda.com\\\/futbolandia\\\/buscando-en-la-linea-de-sucesion-robert-lewandowski\\\/#breadcrumb\",\"itemListElement\":[{\"@type\":\"ListItem\",\"position\":1,\"name\":\"Portada\",\"item\":\"https:\\\/\\\/www.manquepierda.com\\\/futbolandia\\\/\"},{\"@type\":\"ListItem\",\"position\":2,\"name\":\"Buscando en la l\u00ednea de sucesi\u00f3n, Robert Lewandowski\"}]},{\"@type\":\"WebSite\",\"@id\":\"https:\\\/\\\/www.manquepierda.com\\\/futbolandia\\\/#website\",\"url\":\"https:\\\/\\\/www.manquepierda.com\\\/futbolandia\\\/\",\"name\":\"Futbolandia\",\"description\":\"Reportajes e informaci\u00f3n sobre f\u00fatbol mundial y j\u00f3venes promesas\",\"potentialAction\":[{\"@type\":\"SearchAction\",\"target\":{\"@type\":\"EntryPoint\",\"urlTemplate\":\"https:\\\/\\\/www.manquepierda.com\\\/futbolandia\\\/?s={search_term_string}\"},\"query-input\":{\"@type\":\"PropertyValueSpecification\",\"valueRequired\":true,\"valueName\":\"search_term_string\"}}],\"inLanguage\":\"es\"},{\"@type\":\"Person\",\"@id\":\"https:\\\/\\\/www.manquepierda.com\\\/futbolandia\\\/#\\\/schema\\\/person\\\/fdb4eabc3c2e0e717a790a4ce10cd2b3\",\"name\":\"Jorge M. Gonz\u00e1lez\",\"image\":{\"@type\":\"ImageObject\",\"inLanguage\":\"es\",\"@id\":\"https:\\\/\\\/secure.gravatar.com\\\/avatar\\\/40fe62083e523c4134f75fb1d06ea73b4503d9162f3c6e89800e90f1bbd7f262?s=96&d=mm&r=g\",\"url\":\"https:\\\/\\\/secure.gravatar.com\\\/avatar\\\/40fe62083e523c4134f75fb1d06ea73b4503d9162f3c6e89800e90f1bbd7f262?s=96&d=mm&r=g\",\"contentUrl\":\"https:\\\/\\\/secure.gravatar.com\\\/avatar\\\/40fe62083e523c4134f75fb1d06ea73b4503d9162f3c6e89800e90f1bbd7f262?s=96&d=mm&r=g\",\"caption\":\"Jorge M. Gonz\u00e1lez\"},\"description\":\"Apasionado del f\u00fatbol internacional y Social Media Manager. Me gusta seguir ligas extranjeras y a las j\u00f3venes promesas de todo el mundo. S\u00edgueme en twitter para compartir afici\u00f3n: @jorgegonex\",\"sameAs\":[\"http:\\\/\\\/manquepierda.com\\\/\",\"https:\\\/\\\/x.com\\\/https:\\\/\\\/twitter.com\\\/jorgegonex\",\"https:\\\/\\\/www.youtube.com\\\/user\\\/FutbolandiaMQP\"],\"url\":\"https:\\\/\\\/www.manquepierda.com\\\/futbolandia\\\/author\\\/jorgegonzalez\\\/\"}]}<\/script>\n<!-- \/ Yoast SEO plugin. -->","yoast_head_json":{"title":"Buscando en la l\u00ednea de sucesi\u00f3n, Robert Lewandowski &#8211; Futbolandia","robots":{"index":"index","follow":"follow","max-snippet":"max-snippet:-1","max-image-preview":"max-image-preview:large","max-video-preview":"max-video-preview:-1"},"canonical":"https:\/\/www.manquepierda.com\/futbolandia\/buscando-en-la-linea-de-sucesion-robert-lewandowski\/","og_locale":"es_ES","og_type":"article","og_title":"Buscando en la l\u00ednea de sucesi\u00f3n, Robert Lewandowski &#8211; Futbolandia","og_description":"Si nos propusi\u00e9ramos como aficionados a este bonito deporte, a pensar en los delanteros con m\u00e1s calidad del planeta f\u00fatbol, no hay duda de que entre los mejores situar\u00edamos a uno de los delanteros de moda en Europa, Robert Lewandowski. Moda a la que lo ha llevado su contrato, que terminaba este mismo a\u00f1o y...","og_url":"https:\/\/www.manquepierda.com\/futbolandia\/buscando-en-la-linea-de-sucesion-robert-lewandowski\/","og_site_name":"Futbolandia","article_published_time":"2014-02-13T12:17:29+00:00","article_modified_time":"2015-07-09T07:38:08+00:00","og_image":[{"width":514,"height":297,"url":"https:\/\/i0.wp.com\/www.manquepierda.com\/futbolandia\/files\/2014\/02\/Kevin-Volland.jpg?fit=514%2C297&ssl=1","type":"image\/jpeg"}],"author":"Jorge M. Gonz\u00e1lez","twitter_misc":{"Escrito por":"Jorge M. Gonz\u00e1lez","Tiempo de lectura":"5 minutos"},"schema":{"@context":"https:\/\/schema.org","@graph":[{"@type":"Article","@id":"https:\/\/www.manquepierda.com\/futbolandia\/buscando-en-la-linea-de-sucesion-robert-lewandowski\/#article","isPartOf":{"@id":"https:\/\/www.manquepierda.com\/futbolandia\/buscando-en-la-linea-de-sucesion-robert-lewandowski\/"},"author":{"name":"Jorge M. Gonz\u00e1lez","@id":"https:\/\/www.manquepierda.com\/futbolandia\/#\/schema\/person\/fdb4eabc3c2e0e717a790a4ce10cd2b3"},"headline":"Buscando en la l\u00ednea de sucesi\u00f3n, Robert Lewandowski","datePublished":"2014-02-13T12:17:29+00:00","dateModified":"2015-07-09T07:38:08+00:00","mainEntityOfPage":{"@id":"https:\/\/www.manquepierda.com\/futbolandia\/buscando-en-la-linea-de-sucesion-robert-lewandowski\/"},"wordCount":999,"commentCount":0,"image":{"@id":"https:\/\/www.manquepierda.com\/futbolandia\/buscando-en-la-linea-de-sucesion-robert-lewandowski\/#primaryimage"},"thumbnailUrl":"https:\/\/i0.wp.com\/www.manquepierda.com\/futbolandia\/files\/2014\/02\/Kevin-Volland.jpg?fit=514%2C297&ssl=1","keywords":["adrian ramos","batshuayi","borussia","bundesliga","BVB","dortmund","dzeko","lewandowski","mitrovic","sucesor","volland"],"articleSection":["Bundesliga - F\u00fatbol Alem\u00e1n","Portada"],"inLanguage":"es","potentialAction":[{"@type":"CommentAction","name":"Comment","target":["https:\/\/www.manquepierda.com\/futbolandia\/buscando-en-la-linea-de-sucesion-robert-lewandowski\/#respond"]}]},{"@type":"WebPage","@id":"https:\/\/www.manquepierda.com\/futbolandia\/buscando-en-la-linea-de-sucesion-robert-lewandowski\/","url":"https:\/\/www.manquepierda.com\/futbolandia\/buscando-en-la-linea-de-sucesion-robert-lewandowski\/","name":"Buscando en la l\u00ednea de sucesi\u00f3n, Robert Lewandowski &#8211; Futbolandia","isPartOf":{"@id":"https:\/\/www.manquepierda.com\/futbolandia\/#website"},"primaryImageOfPage":{"@id":"https:\/\/www.manquepierda.com\/futbolandia\/buscando-en-la-linea-de-sucesion-robert-lewandowski\/#primaryimage"},"image":{"@id":"https:\/\/www.manquepierda.com\/futbolandia\/buscando-en-la-linea-de-sucesion-robert-lewandowski\/#primaryimage"},"thumbnailUrl":"https:\/\/i0.wp.com\/www.manquepierda.com\/futbolandia\/files\/2014\/02\/Kevin-Volland.jpg?fit=514%2C297&ssl=1","datePublished":"2014-02-13T12:17:29+00:00","dateModified":"2015-07-09T07:38:08+00:00","author":{"@id":"https:\/\/www.manquepierda.com\/futbolandia\/#\/schema\/person\/fdb4eabc3c2e0e717a790a4ce10cd2b3"},"breadcrumb":{"@id":"https:\/\/www.manquepierda.com\/futbolandia\/buscando-en-la-linea-de-sucesion-robert-lewandowski\/#breadcrumb"},"inLanguage":"es","potentialAction":[{"@type":"ReadAction","target":["https:\/\/www.manquepierda.com\/futbolandia\/buscando-en-la-linea-de-sucesion-robert-lewandowski\/"]}]},{"@type":"ImageObject","inLanguage":"es","@id":"https:\/\/www.manquepierda.com\/futbolandia\/buscando-en-la-linea-de-sucesion-robert-lewandowski\/#primaryimage","url":"https:\/\/i0.wp.com\/www.manquepierda.com\/futbolandia\/files\/2014\/02\/Kevin-Volland.jpg?fit=514%2C297&ssl=1","contentUrl":"https:\/\/i0.wp.com\/www.manquepierda.com\/futbolandia\/files\/2014\/02\/Kevin-Volland.jpg?fit=514%2C297&ssl=1","width":514,"height":297,"caption":"Kevin Volland con la camiseta de Alemania Foto: www.mibundesliga.com"},{"@type":"BreadcrumbList","@id":"https:\/\/www.manquepierda.com\/futbolandia\/buscando-en-la-linea-de-sucesion-robert-lewandowski\/#breadcrumb","itemListElement":[{"@type":"ListItem","position":1,"name":"Portada","item":"https:\/\/www.manquepierda.com\/futbolandia\/"},{"@type":"ListItem","position":2,"name":"Buscando en la l\u00ednea de sucesi\u00f3n, Robert Lewandowski"}]},{"@type":"WebSite","@id":"https:\/\/www.manquepierda.com\/futbolandia\/#website","url":"https:\/\/www.manquepierda.com\/futbolandia\/","name":"Futbolandia","description":"Reportajes e informaci\u00f3n sobre f\u00fatbol mundial y j\u00f3venes promesas","potentialAction":[{"@type":"SearchAction","target":{"@type":"EntryPoint","urlTemplate":"https:\/\/www.manquepierda.com\/futbolandia\/?s={search_term_string}"},"query-input":{"@type":"PropertyValueSpecification","valueRequired":true,"valueName":"search_term_string"}}],"inLanguage":"es"},{"@type":"Person","@id":"https:\/\/www.manquepierda.com\/futbolandia\/#\/schema\/person\/fdb4eabc3c2e0e717a790a4ce10cd2b3","name":"Jorge M. Gonz\u00e1lez","image":{"@type":"ImageObject","inLanguage":"es","@id":"https:\/\/secure.gravatar.com\/avatar\/40fe62083e523c4134f75fb1d06ea73b4503d9162f3c6e89800e90f1bbd7f262?s=96&d=mm&r=g","url":"https:\/\/secure.gravatar.com\/avatar\/40fe62083e523c4134f75fb1d06ea73b4503d9162f3c6e89800e90f1bbd7f262?s=96&d=mm&r=g","contentUrl":"https:\/\/secure.gravatar.com\/avatar\/40fe62083e523c4134f75fb1d06ea73b4503d9162f3c6e89800e90f1bbd7f262?s=96&d=mm&r=g","caption":"Jorge M. Gonz\u00e1lez"},"description":"Apasionado del f\u00fatbol internacional y Social Media Manager. Me gusta seguir ligas extranjeras y a las j\u00f3venes promesas de todo el mundo. S\u00edgueme en twitter para compartir afici\u00f3n: @jorgegonex","sameAs":["http:\/\/manquepierda.com\/","https:\/\/x.com\/https:\/\/twitter.com\/jorgegonex","https:\/\/www.youtube.com\/user\/FutbolandiaMQP"],"url":"https:\/\/www.manquepierda.com\/futbolandia\/author\/jorgegonzalez\/"}]}},"jetpack_publicize_connections":[],"jetpack_featured_media_url":"https:\/\/i0.wp.com\/www.manquepierda.com\/futbolandia\/files\/2014\/02\/Kevin-Volland.jpg?fit=514%2C297&ssl=1","jetpack_shortlink":"https:\/\/wp.me\/p1THIg-MO","jetpack_sharing_enabled":true,"_links":{"self":[{"href":"https:\/\/www.manquepierda.com\/futbolandia\/wp-json\/wp\/v2\/posts\/3026","targetHints":{"allow":["GET"]}}],"collection":[{"href":"https:\/\/www.manquepierda.com\/futbolandia\/wp-json\/wp\/v2\/posts"}],"about":[{"href":"https:\/\/www.manquepierda.com\/futbolandia\/wp-json\/wp\/v2\/types\/post"}],"author":[{"embeddable":true,"href":"https:\/\/www.manquepierda.com\/futbolandia\/wp-json\/wp\/v2\/users\/93"}],"replies":[{"embeddable":true,"href":"https:\/\/www.manquepierda.com\/futbolandia\/wp-json\/wp\/v2\/comments?post=3026"}],"version-history":[{"count":0,"href":"https:\/\/www.manquepierda.com\/futbolandia\/wp-json\/wp\/v2\/posts\/3026\/revisions"}],"wp:featuredmedia":[{"embeddable":true,"href":"https:\/\/www.manquepierda.com\/futbolandia\/wp-json\/wp\/v2\/media\/3030"}],"wp:attachment":[{"href":"https:\/\/www.manquepierda.com\/futbolandia\/wp-json\/wp\/v2\/media?parent=3026"}],"wp:term":[{"taxonomy":"category","embeddable":true,"href":"https:\/\/www.manquepierda.com\/futbolandia\/wp-json\/wp\/v2\/categories?post=3026"},{"taxonomy":"post_tag","embeddable":true,"href":"https:\/\/www.manquepierda.com\/futbolandia\/wp-json\/wp\/v2\/tags?post=3026"}],"curies":[{"name":"wp","href":"https:\/\/api.w.org\/{rel}","templated":true}]}}