{"id":3145,"date":"2014-02-22T01:57:12","date_gmt":"2014-02-21T23:57:12","guid":{"rendered":"http:\/\/www.manquepierda.com\/futbolandia\/?p=3145"},"modified":"2014-02-22T02:03:40","modified_gmt":"2014-02-22T00:03:40","slug":"donde-estas-didac-vila","status":"publish","type":"post","link":"https:\/\/www.manquepierda.com\/futbolandia\/donde-estas-didac-vila\/","title":{"rendered":"\u00bfD\u00f3nde est\u00e1s D\u00eddac Vil\u00e1?"},"content":{"rendered":"<p align=\"JUSTIFY\"><span style=\"font-family: Arial, sans-serif;line-height: 1.5em\">\u00a0 \u00a0 \u00a0Saltaba hoy la noticia de la inclusi\u00f3n del <\/span><strong>jugador del Real Betis, D\u00eddac Vil\u00e1, en el once de la ida de los 16avos de final de la Europa League.<\/strong> <span style=\"font-family: Arial, sans-serif;line-height: 1.5em\">Noticia que en el seno de la afici\u00f3n verdiblanca se ha tomado, y con raz\u00f3n, como <\/span><em>un chiste.<\/em> <span style=\"font-family: Arial, sans-serif;line-height: 1.5em\">Cierto es que en el partido disputado en el Villamar\u00edn fuimos testigos de una jugada incre\u00edble, muy impropia a d\u00eda de hoy del espigado lateral izquierdo catal\u00e1n, que pon\u00eda, de esa manera, por delante en el marcador al conjunto de Calder\u00f3n en el minuto 3. Pero su rendimiento en el encuentro pr\u00e1cticamente no pas\u00f3 de un <\/span><em>raspado<\/em><span style=\"font-family: Arial, sans-serif;line-height: 1.5em\"> suficiente, al igual que el del resto del equipo.<\/span><\/p>\n<figure style=\"width: 459px\" class=\"wp-caption alignright\"><img data-recalc-dims=\"1\" loading=\"lazy\" decoding=\"async\" alt=\"\" src=\"https:\/\/i0.wp.com\/es.uefa.com\/MultimediaFiles\/Photo\/competitions\/UCL\/01\/58\/93\/62\/1589362_w2.jpg?resize=459%2C258\" width=\"459\" height=\"258\" \/><figcaption class=\"wp-caption-text\">D\u00eddac forcejeando con Ra\u00fal Garc\u00eda (Foto: es.uefa.com)<\/figcaption><\/figure>\n<p align=\"JUSTIFY\"><span style=\"font-family: Arial, sans-serif\">\u00a0Si analizamos detenidamente su participaci\u00f3n en los encuentros jugados desde que lleg\u00f3 a Sevilla, podemos decir sin ninguna duda que <strong>este D\u00eddac Vil\u00e1 no es aqu\u00e9l que triunfaba en el Espanyol,<\/strong> y que llam\u00f3 la atenci\u00f3n del mism\u00edsimo AC Mil\u00e1n. En 2010, cuando se encontraba siendo titular indiscutible de la parte izquierda de la defensa <em>perica,<\/em> ve\u00edamos que era un <strong>futbolista con un futuro impresionante que pod\u00eda llegar con el tiempo incluso a entrar en alguna convocatoria de la Selecci\u00f3n Espa\u00f1ola.<\/strong> Por aquel entonces la<em> roja<\/em> solo ten\u00eda entre sus fijos en esa posici\u00f3n al ex-deportivista Joan Capdevila.<\/span><\/p>\n<p align=\"JUSTIFY\"><span style=\"font-family: Arial, sans-serif\">\u00a0 \u00a0 Con unas <strong>condiciones f\u00edsicas envidiables, tanto en altura como en corpulencia y velocidad,<\/strong> era f\u00e1cil verle recorrer la banda haciendo uso de su cuerpo para superar rivales y lanzar centros al coraz\u00f3n del \u00e1rea. Sin duda, entre <strong>la lesi\u00f3n de pubis y los escasos minutos en Mil\u00e1n<\/strong>, las capacidades de este futbolista que tanto promet\u00eda se han estancado casi por completo. En el conjunto heliopolitano ha demostrado un trato tan deficiente con el bal\u00f3n en los pies que <strong>resulta impensable que el Mil\u00e1n pagara 4 millones de euros por \u00e9l en el mercado de invierno de 2010 y que fuera titular indiscutible en el Europeo sub-21 de Dinamarca de ese mismo a\u00f1o.<\/strong> Ahora, sin duda, se puede explicar la intensidad con la que, en el mercado veraniego, el equipo<em> rossonero<\/em> insist\u00eda en su venta definitiva.<\/span><\/p>\n<figure style=\"width: 540px\" class=\"wp-caption aligncenter\"><img data-recalc-dims=\"1\" loading=\"lazy\" decoding=\"async\" alt=\"\" src=\"https:\/\/i0.wp.com\/elcorreoweb.es\/wp-content\/uploads\/2013\/06\/didac-vila-milan.jpg?resize=540%2C297\" width=\"540\" height=\"297\" \/><figcaption class=\"wp-caption-text\">D\u00eddac Vil\u00e1 con la el\u00e1stica rossonera (Foto: elcorreoweb.es)<\/figcaption><\/figure>\n<p align=\"JUSTIFY\"><span style=\"font-family: Arial, sans-serif\"><strong>\u00a0 \u00a0 El m\u00e1s que probable descenso del Real Betis tendr\u00e1 como consecuencia directa su regreso a Italia, d\u00f3nde tiene contrato hasta Junio de 2016.<\/strong> El nivel ofrecido en Sevilla y su prohibitivo sueldo hacen imposible que su estancia se prolongue otra temporada m\u00e1s. El conjunto dirigido por Clarence Seedorf le buscar\u00e1 salida con total seguridad, y no lo tendr\u00e1 nada f\u00e1cil para sacarle rentabilidad, ya que <strong>su valor se ha visto deteriorado de manera importante esta temporada. <\/strong>Ahora toca saber si realmente su carrera va a seguir en l\u00ednea descendente o se repondr\u00e1 de esta horrible campa\u00f1a en el conjunto verdiblanco, para volver a la senda de d\u00f3nde no debi\u00f3 irse y que le llevaron a estar en la cartera de numerosos <i>grandes<\/i> europeos.<\/span><\/p>\n","protected":false},"excerpt":{"rendered":"<p>\u00a0 \u00a0 \u00a0Saltaba hoy la noticia de la inclusi\u00f3n del jugador del Real Betis, D\u00eddac Vil\u00e1, en el once de la ida de los 16avos de final de la Europa League. Noticia que en el seno de la afici\u00f3n verdiblanca se ha tomado, y con raz\u00f3n, como un chiste. Cierto es que en el partido&#8230;<\/p>\n","protected":false},"author":348,"featured_media":3165,"comment_status":"open","ping_status":"open","sticky":false,"template":"","format":"standard","meta":{"_kad_post_transparent":"","_kad_post_title":"","_kad_post_layout":"","_kad_post_sidebar_id":"","_kad_post_content_style":"","_kad_post_vertical_padding":"","_kad_post_feature":"","_kad_post_feature_position":"","_kad_post_header":false,"_kad_post_footer":false,"_kad_post_classname":"","_jetpack_memberships_contains_paid_content":false,"footnotes":"","jetpack_publicize_message":"","jetpack_publicize_feature_enabled":true,"jetpack_social_post_already_shared":true,"jetpack_social_options":{"image_generator_settings":{"template":"highway","default_image_id":0,"font":"","enabled":false},"version":2}},"categories":[1,7,10],"tags":[1177,1176,109,35,134,335,1175],"class_list":["post-3145","post","type-post","status-publish","format-standard","has-post-thumbnail","hentry","category-liga-bbva-futbol-espanol","category-opinion","category-portada","tag-bajo-rendimiento","tag-didac-vila","tag-espanyol","tag-europa-league","tag-milan","tag-promesa","tag-real-betis"],"yoast_head":"<!-- This site is optimized with the Yoast SEO plugin v27.5 - https:\/\/yoast.com\/product\/yoast-seo-wordpress\/ -->\n<title>\u00bfD\u00f3nde est\u00e1s D\u00eddac Vil\u00e1? &#8211; Futbolandia<\/title>\n<meta name=\"robots\" content=\"index, follow, max-snippet:-1, max-image-preview:large, max-video-preview:-1\" \/>\n<link rel=\"canonical\" href=\"https:\/\/www.manquepierda.com\/futbolandia\/donde-estas-didac-vila\/\" \/>\n<meta property=\"og:locale\" content=\"es_ES\" \/>\n<meta property=\"og:type\" content=\"article\" \/>\n<meta property=\"og:title\" content=\"\u00bfD\u00f3nde est\u00e1s D\u00eddac Vil\u00e1? &#8211; Futbolandia\" \/>\n<meta property=\"og:description\" content=\"\u00a0 \u00a0 \u00a0Saltaba hoy la noticia de la inclusi\u00f3n del jugador del Real Betis, D\u00eddac Vil\u00e1, en el once de la ida de los 16avos de final de la Europa League. Noticia que en el seno de la afici\u00f3n verdiblanca se ha tomado, y con raz\u00f3n, como un chiste. Cierto es que en el partido...\" \/>\n<meta property=\"og:url\" content=\"https:\/\/www.manquepierda.com\/futbolandia\/donde-estas-didac-vila\/\" \/>\n<meta property=\"og:site_name\" content=\"Futbolandia\" \/>\n<meta property=\"article:author\" content=\"https:\/\/www.facebook.com\/adol.hernaez\" \/>\n<meta property=\"article:published_time\" content=\"2014-02-21T23:57:12+00:00\" \/>\n<meta property=\"article:modified_time\" content=\"2014-02-22T00:03:40+00:00\" \/>\n<meta property=\"og:image\" content=\"https:\/\/i0.wp.com\/www.manquepierda.com\/futbolandia\/files\/2014\/02\/Betis_Rubin2.jpg?fit=644%2C361&ssl=1\" \/>\n\t<meta property=\"og:image:width\" content=\"644\" \/>\n\t<meta property=\"og:image:height\" content=\"361\" \/>\n\t<meta property=\"og:image:type\" content=\"image\/jpeg\" \/>\n<meta name=\"author\" content=\"Adol Hern\u00e1ez\" \/>\n<meta name=\"twitter:label1\" content=\"Escrito por\" \/>\n\t<meta name=\"twitter:data1\" content=\"Adol Hern\u00e1ez\" \/>\n\t<meta name=\"twitter:label2\" content=\"Tiempo de lectura\" \/>\n\t<meta name=\"twitter:data2\" content=\"3 minutos\" \/>\n<script type=\"application\/ld+json\" class=\"yoast-schema-graph\">{\"@context\":\"https:\\\/\\\/schema.org\",\"@graph\":[{\"@type\":\"Article\",\"@id\":\"https:\\\/\\\/www.manquepierda.com\\\/futbolandia\\\/donde-estas-didac-vila\\\/#article\",\"isPartOf\":{\"@id\":\"https:\\\/\\\/www.manquepierda.com\\\/futbolandia\\\/donde-estas-didac-vila\\\/\"},\"author\":{\"name\":\"Adol Hern\u00e1ez\",\"@id\":\"https:\\\/\\\/www.manquepierda.com\\\/futbolandia\\\/#\\\/schema\\\/person\\\/c19bbb5599e450583927e87fb5e3cd53\"},\"headline\":\"\u00bfD\u00f3nde est\u00e1s D\u00eddac Vil\u00e1?\",\"datePublished\":\"2014-02-21T23:57:12+00:00\",\"dateModified\":\"2014-02-22T00:03:40+00:00\",\"mainEntityOfPage\":{\"@id\":\"https:\\\/\\\/www.manquepierda.com\\\/futbolandia\\\/donde-estas-didac-vila\\\/\"},\"wordCount\":546,\"commentCount\":0,\"image\":{\"@id\":\"https:\\\/\\\/www.manquepierda.com\\\/futbolandia\\\/donde-estas-didac-vila\\\/#primaryimage\"},\"thumbnailUrl\":\"https:\\\/\\\/i0.wp.com\\\/www.manquepierda.com\\\/futbolandia\\\/files\\\/2014\\\/02\\\/Betis_Rubin2.jpg?fit=644%2C361&ssl=1\",\"keywords\":[\"Bajo rendimiento\",\"D\u00eddac Vil\u00e1\",\"espanyol\",\"europa league\",\"milan\",\"Promesa\",\"Real Betis\"],\"articleSection\":[\"Liga BBVA - F\u00fatbol Espa\u00f1ol\",\"Opini\u00f3n\",\"Portada\"],\"inLanguage\":\"es\",\"potentialAction\":[{\"@type\":\"CommentAction\",\"name\":\"Comment\",\"target\":[\"https:\\\/\\\/www.manquepierda.com\\\/futbolandia\\\/donde-estas-didac-vila\\\/#respond\"]}]},{\"@type\":\"WebPage\",\"@id\":\"https:\\\/\\\/www.manquepierda.com\\\/futbolandia\\\/donde-estas-didac-vila\\\/\",\"url\":\"https:\\\/\\\/www.manquepierda.com\\\/futbolandia\\\/donde-estas-didac-vila\\\/\",\"name\":\"\u00bfD\u00f3nde est\u00e1s D\u00eddac Vil\u00e1? &#8211; Futbolandia\",\"isPartOf\":{\"@id\":\"https:\\\/\\\/www.manquepierda.com\\\/futbolandia\\\/#website\"},\"primaryImageOfPage\":{\"@id\":\"https:\\\/\\\/www.manquepierda.com\\\/futbolandia\\\/donde-estas-didac-vila\\\/#primaryimage\"},\"image\":{\"@id\":\"https:\\\/\\\/www.manquepierda.com\\\/futbolandia\\\/donde-estas-didac-vila\\\/#primaryimage\"},\"thumbnailUrl\":\"https:\\\/\\\/i0.wp.com\\\/www.manquepierda.com\\\/futbolandia\\\/files\\\/2014\\\/02\\\/Betis_Rubin2.jpg?fit=644%2C361&ssl=1\",\"datePublished\":\"2014-02-21T23:57:12+00:00\",\"dateModified\":\"2014-02-22T00:03:40+00:00\",\"author\":{\"@id\":\"https:\\\/\\\/www.manquepierda.com\\\/futbolandia\\\/#\\\/schema\\\/person\\\/c19bbb5599e450583927e87fb5e3cd53\"},\"breadcrumb\":{\"@id\":\"https:\\\/\\\/www.manquepierda.com\\\/futbolandia\\\/donde-estas-didac-vila\\\/#breadcrumb\"},\"inLanguage\":\"es\",\"potentialAction\":[{\"@type\":\"ReadAction\",\"target\":[\"https:\\\/\\\/www.manquepierda.com\\\/futbolandia\\\/donde-estas-didac-vila\\\/\"]}]},{\"@type\":\"ImageObject\",\"inLanguage\":\"es\",\"@id\":\"https:\\\/\\\/www.manquepierda.com\\\/futbolandia\\\/donde-estas-didac-vila\\\/#primaryimage\",\"url\":\"https:\\\/\\\/i0.wp.com\\\/www.manquepierda.com\\\/futbolandia\\\/files\\\/2014\\\/02\\\/Betis_Rubin2.jpg?fit=644%2C361&ssl=1\",\"contentUrl\":\"https:\\\/\\\/i0.wp.com\\\/www.manquepierda.com\\\/futbolandia\\\/files\\\/2014\\\/02\\\/Betis_Rubin2.jpg?fit=644%2C361&ssl=1\",\"width\":644,\"height\":361},{\"@type\":\"BreadcrumbList\",\"@id\":\"https:\\\/\\\/www.manquepierda.com\\\/futbolandia\\\/donde-estas-didac-vila\\\/#breadcrumb\",\"itemListElement\":[{\"@type\":\"ListItem\",\"position\":1,\"name\":\"Portada\",\"item\":\"https:\\\/\\\/www.manquepierda.com\\\/futbolandia\\\/\"},{\"@type\":\"ListItem\",\"position\":2,\"name\":\"\u00bfD\u00f3nde est\u00e1s D\u00eddac Vil\u00e1?\"}]},{\"@type\":\"WebSite\",\"@id\":\"https:\\\/\\\/www.manquepierda.com\\\/futbolandia\\\/#website\",\"url\":\"https:\\\/\\\/www.manquepierda.com\\\/futbolandia\\\/\",\"name\":\"Futbolandia\",\"description\":\"Reportajes e informaci\u00f3n sobre f\u00fatbol mundial y j\u00f3venes promesas\",\"potentialAction\":[{\"@type\":\"SearchAction\",\"target\":{\"@type\":\"EntryPoint\",\"urlTemplate\":\"https:\\\/\\\/www.manquepierda.com\\\/futbolandia\\\/?s={search_term_string}\"},\"query-input\":{\"@type\":\"PropertyValueSpecification\",\"valueRequired\":true,\"valueName\":\"search_term_string\"}}],\"inLanguage\":\"es\"},{\"@type\":\"Person\",\"@id\":\"https:\\\/\\\/www.manquepierda.com\\\/futbolandia\\\/#\\\/schema\\\/person\\\/c19bbb5599e450583927e87fb5e3cd53\",\"name\":\"Adol Hern\u00e1ez\",\"image\":{\"@type\":\"ImageObject\",\"inLanguage\":\"es\",\"@id\":\"https:\\\/\\\/secure.gravatar.com\\\/avatar\\\/e57391d59b67ed57096f792797666c1650e784fc3456322559587b72ea580f78?s=96&d=mm&r=g\",\"url\":\"https:\\\/\\\/secure.gravatar.com\\\/avatar\\\/e57391d59b67ed57096f792797666c1650e784fc3456322559587b72ea580f78?s=96&d=mm&r=g\",\"contentUrl\":\"https:\\\/\\\/secure.gravatar.com\\\/avatar\\\/e57391d59b67ed57096f792797666c1650e784fc3456322559587b72ea580f78?s=96&d=mm&r=g\",\"caption\":\"Adol Hern\u00e1ez\"},\"description\":\"Estudiante de Ingenier\u00eda de Telecomunicaciones y amante del f\u00fatbol internacional. Si quer\u00e9is ver como sufro con el Betis seguidme en Twitter @AdolHernaez\",\"sameAs\":[\"https:\\\/\\\/www.facebook.com\\\/adol.hernaez\",\"https:\\\/\\\/x.com\\\/http:\\\/\\\/twitter.com\\\/adolhernaez\"],\"url\":\"https:\\\/\\\/www.manquepierda.com\\\/futbolandia\\\/author\\\/adolhernaez\\\/\"}]}<\/script>\n<!-- \/ Yoast SEO plugin. -->","yoast_head_json":{"title":"\u00bfD\u00f3nde est\u00e1s D\u00eddac Vil\u00e1? &#8211; Futbolandia","robots":{"index":"index","follow":"follow","max-snippet":"max-snippet:-1","max-image-preview":"max-image-preview:large","max-video-preview":"max-video-preview:-1"},"canonical":"https:\/\/www.manquepierda.com\/futbolandia\/donde-estas-didac-vila\/","og_locale":"es_ES","og_type":"article","og_title":"\u00bfD\u00f3nde est\u00e1s D\u00eddac Vil\u00e1? &#8211; Futbolandia","og_description":"\u00a0 \u00a0 \u00a0Saltaba hoy la noticia de la inclusi\u00f3n del jugador del Real Betis, D\u00eddac Vil\u00e1, en el once de la ida de los 16avos de final de la Europa League. Noticia que en el seno de la afici\u00f3n verdiblanca se ha tomado, y con raz\u00f3n, como un chiste. Cierto es que en el partido...","og_url":"https:\/\/www.manquepierda.com\/futbolandia\/donde-estas-didac-vila\/","og_site_name":"Futbolandia","article_author":"https:\/\/www.facebook.com\/adol.hernaez","article_published_time":"2014-02-21T23:57:12+00:00","article_modified_time":"2014-02-22T00:03:40+00:00","og_image":[{"width":644,"height":361,"url":"https:\/\/i0.wp.com\/www.manquepierda.com\/futbolandia\/files\/2014\/02\/Betis_Rubin2.jpg?fit=644%2C361&ssl=1","type":"image\/jpeg"}],"author":"Adol Hern\u00e1ez","twitter_misc":{"Escrito por":"Adol Hern\u00e1ez","Tiempo de lectura":"3 minutos"},"schema":{"@context":"https:\/\/schema.org","@graph":[{"@type":"Article","@id":"https:\/\/www.manquepierda.com\/futbolandia\/donde-estas-didac-vila\/#article","isPartOf":{"@id":"https:\/\/www.manquepierda.com\/futbolandia\/donde-estas-didac-vila\/"},"author":{"name":"Adol Hern\u00e1ez","@id":"https:\/\/www.manquepierda.com\/futbolandia\/#\/schema\/person\/c19bbb5599e450583927e87fb5e3cd53"},"headline":"\u00bfD\u00f3nde est\u00e1s D\u00eddac Vil\u00e1?","datePublished":"2014-02-21T23:57:12+00:00","dateModified":"2014-02-22T00:03:40+00:00","mainEntityOfPage":{"@id":"https:\/\/www.manquepierda.com\/futbolandia\/donde-estas-didac-vila\/"},"wordCount":546,"commentCount":0,"image":{"@id":"https:\/\/www.manquepierda.com\/futbolandia\/donde-estas-didac-vila\/#primaryimage"},"thumbnailUrl":"https:\/\/i0.wp.com\/www.manquepierda.com\/futbolandia\/files\/2014\/02\/Betis_Rubin2.jpg?fit=644%2C361&ssl=1","keywords":["Bajo rendimiento","D\u00eddac Vil\u00e1","espanyol","europa league","milan","Promesa","Real Betis"],"articleSection":["Liga BBVA - F\u00fatbol Espa\u00f1ol","Opini\u00f3n","Portada"],"inLanguage":"es","potentialAction":[{"@type":"CommentAction","name":"Comment","target":["https:\/\/www.manquepierda.com\/futbolandia\/donde-estas-didac-vila\/#respond"]}]},{"@type":"WebPage","@id":"https:\/\/www.manquepierda.com\/futbolandia\/donde-estas-didac-vila\/","url":"https:\/\/www.manquepierda.com\/futbolandia\/donde-estas-didac-vila\/","name":"\u00bfD\u00f3nde est\u00e1s D\u00eddac Vil\u00e1? &#8211; Futbolandia","isPartOf":{"@id":"https:\/\/www.manquepierda.com\/futbolandia\/#website"},"primaryImageOfPage":{"@id":"https:\/\/www.manquepierda.com\/futbolandia\/donde-estas-didac-vila\/#primaryimage"},"image":{"@id":"https:\/\/www.manquepierda.com\/futbolandia\/donde-estas-didac-vila\/#primaryimage"},"thumbnailUrl":"https:\/\/i0.wp.com\/www.manquepierda.com\/futbolandia\/files\/2014\/02\/Betis_Rubin2.jpg?fit=644%2C361&ssl=1","datePublished":"2014-02-21T23:57:12+00:00","dateModified":"2014-02-22T00:03:40+00:00","author":{"@id":"https:\/\/www.manquepierda.com\/futbolandia\/#\/schema\/person\/c19bbb5599e450583927e87fb5e3cd53"},"breadcrumb":{"@id":"https:\/\/www.manquepierda.com\/futbolandia\/donde-estas-didac-vila\/#breadcrumb"},"inLanguage":"es","potentialAction":[{"@type":"ReadAction","target":["https:\/\/www.manquepierda.com\/futbolandia\/donde-estas-didac-vila\/"]}]},{"@type":"ImageObject","inLanguage":"es","@id":"https:\/\/www.manquepierda.com\/futbolandia\/donde-estas-didac-vila\/#primaryimage","url":"https:\/\/i0.wp.com\/www.manquepierda.com\/futbolandia\/files\/2014\/02\/Betis_Rubin2.jpg?fit=644%2C361&ssl=1","contentUrl":"https:\/\/i0.wp.com\/www.manquepierda.com\/futbolandia\/files\/2014\/02\/Betis_Rubin2.jpg?fit=644%2C361&ssl=1","width":644,"height":361},{"@type":"BreadcrumbList","@id":"https:\/\/www.manquepierda.com\/futbolandia\/donde-estas-didac-vila\/#breadcrumb","itemListElement":[{"@type":"ListItem","position":1,"name":"Portada","item":"https:\/\/www.manquepierda.com\/futbolandia\/"},{"@type":"ListItem","position":2,"name":"\u00bfD\u00f3nde est\u00e1s D\u00eddac Vil\u00e1?"}]},{"@type":"WebSite","@id":"https:\/\/www.manquepierda.com\/futbolandia\/#website","url":"https:\/\/www.manquepierda.com\/futbolandia\/","name":"Futbolandia","description":"Reportajes e informaci\u00f3n sobre f\u00fatbol mundial y j\u00f3venes promesas","potentialAction":[{"@type":"SearchAction","target":{"@type":"EntryPoint","urlTemplate":"https:\/\/www.manquepierda.com\/futbolandia\/?s={search_term_string}"},"query-input":{"@type":"PropertyValueSpecification","valueRequired":true,"valueName":"search_term_string"}}],"inLanguage":"es"},{"@type":"Person","@id":"https:\/\/www.manquepierda.com\/futbolandia\/#\/schema\/person\/c19bbb5599e450583927e87fb5e3cd53","name":"Adol Hern\u00e1ez","image":{"@type":"ImageObject","inLanguage":"es","@id":"https:\/\/secure.gravatar.com\/avatar\/e57391d59b67ed57096f792797666c1650e784fc3456322559587b72ea580f78?s=96&d=mm&r=g","url":"https:\/\/secure.gravatar.com\/avatar\/e57391d59b67ed57096f792797666c1650e784fc3456322559587b72ea580f78?s=96&d=mm&r=g","contentUrl":"https:\/\/secure.gravatar.com\/avatar\/e57391d59b67ed57096f792797666c1650e784fc3456322559587b72ea580f78?s=96&d=mm&r=g","caption":"Adol Hern\u00e1ez"},"description":"Estudiante de Ingenier\u00eda de Telecomunicaciones y amante del f\u00fatbol internacional. Si quer\u00e9is ver como sufro con el Betis seguidme en Twitter @AdolHernaez","sameAs":["https:\/\/www.facebook.com\/adol.hernaez","https:\/\/x.com\/http:\/\/twitter.com\/adolhernaez"],"url":"https:\/\/www.manquepierda.com\/futbolandia\/author\/adolhernaez\/"}]}},"jetpack_publicize_connections":[],"jetpack_featured_media_url":"https:\/\/i0.wp.com\/www.manquepierda.com\/futbolandia\/files\/2014\/02\/Betis_Rubin2.jpg?fit=644%2C361&ssl=1","jetpack_shortlink":"https:\/\/wp.me\/p1THIg-OJ","jetpack_sharing_enabled":true,"_links":{"self":[{"href":"https:\/\/www.manquepierda.com\/futbolandia\/wp-json\/wp\/v2\/posts\/3145","targetHints":{"allow":["GET"]}}],"collection":[{"href":"https:\/\/www.manquepierda.com\/futbolandia\/wp-json\/wp\/v2\/posts"}],"about":[{"href":"https:\/\/www.manquepierda.com\/futbolandia\/wp-json\/wp\/v2\/types\/post"}],"author":[{"embeddable":true,"href":"https:\/\/www.manquepierda.com\/futbolandia\/wp-json\/wp\/v2\/users\/348"}],"replies":[{"embeddable":true,"href":"https:\/\/www.manquepierda.com\/futbolandia\/wp-json\/wp\/v2\/comments?post=3145"}],"version-history":[{"count":0,"href":"https:\/\/www.manquepierda.com\/futbolandia\/wp-json\/wp\/v2\/posts\/3145\/revisions"}],"wp:featuredmedia":[{"embeddable":true,"href":"https:\/\/www.manquepierda.com\/futbolandia\/wp-json\/wp\/v2\/media\/3165"}],"wp:attachment":[{"href":"https:\/\/www.manquepierda.com\/futbolandia\/wp-json\/wp\/v2\/media?parent=3145"}],"wp:term":[{"taxonomy":"category","embeddable":true,"href":"https:\/\/www.manquepierda.com\/futbolandia\/wp-json\/wp\/v2\/categories?post=3145"},{"taxonomy":"post_tag","embeddable":true,"href":"https:\/\/www.manquepierda.com\/futbolandia\/wp-json\/wp\/v2\/tags?post=3145"}],"curies":[{"name":"wp","href":"https:\/\/api.w.org\/{rel}","templated":true}]}}