{"id":3684,"date":"2014-06-16T14:05:51","date_gmt":"2014-06-16T12:05:51","guid":{"rendered":"http:\/\/www.manquepierda.com\/futbolandia\/?p=3684"},"modified":"2015-07-09T09:16:08","modified_gmt":"2015-07-09T07:16:08","slug":"suiza-tira-de-epica-y-muestra-sus-credenciales","status":"publish","type":"post","link":"https:\/\/www.manquepierda.com\/futbolandia\/suiza-tira-de-epica-y-muestra-sus-credenciales\/","title":{"rendered":"Suiza tira de \u00e9pica y muestra sus credenciales"},"content":{"rendered":"<p>A\u00fan con la resaca de un apasionante\u00a0Costa de Marfil \u2013 Jap\u00f3n, arrancaba en la tarde de ayer la cuarta jornada de este Mundial, que ya ha puesto pie en el acelerador.<strong> Suiza <\/strong>y<strong> Ecuador<\/strong> protagonizaban el encuentro \u2018tempranero\u2019 del domingo, a una temperatura aceptable de unos veinte y pocos grados cent\u00edgrados, y con todos los ingredientes para regalarnos <strong>un enfrentamiento igualado y, aunque prematuro, muy decisivo<\/strong>.<\/p>\n<p>Con Francia como gran favorita y Honduras siendo la cenicienta irremediablemente, quedaban el combinado suizo y ecuatoriano como inc\u00f3gnitas del Grupo E. A priori,<strong> una plaza deb\u00eda estar en juego entre ambas, y el enfrentamiento directo iba a ser decisivo<\/strong>. Una victoria pon\u00eda al vencedor con pie y medio en octavos. Un empate lo dejaba todo en el aire. Y lo que sucedi\u00f3 en Brasilia as\u00ed nos demostr\u00f3 la gran importancia del partido, pues <strong>hasta el \u00faltimo segundo no se decidi\u00f3 nada<\/strong>.<\/p>\n<p>Comenz\u00f3<strong> Suiza dominando en campo rival<\/strong>, como se esperaba, con Inler y Behrami realizando un gran trabajo, pero la falta de apariciones entre l\u00edneas de Xhaka limit\u00f3 el juego interior de los suizos, <strong>cuyo peligro se remiti\u00f3 a espor\u00e1dicas intentonas desde lejos<\/strong> que no llegaron a poner en aprietos reales a Dom\u00ednguez.<\/p>\n<figure id=\"attachment_3690\" aria-describedby=\"caption-attachment-3690\" style=\"width: 350px\" class=\"wp-caption alignleft\"><a href=\"https:\/\/i0.wp.com\/www.manquepierda.com\/futbolandia\/files\/2014\/06\/Mejores-imagenes-victoria-Suiza-Ecuador_ALDIMA20140615_0019_6.jpg\"><img data-recalc-dims=\"1\" loading=\"lazy\" decoding=\"async\" data-attachment-id=\"3690\" data-permalink=\"https:\/\/www.manquepierda.com\/futbolandia\/suiza-tira-de-epica-y-muestra-sus-credenciales\/mejores-imagenes-victoria-suiza-ecuador_aldima20140615_0019_6\/\" data-orig-file=\"https:\/\/i0.wp.com\/www.manquepierda.com\/futbolandia\/files\/2014\/06\/Mejores-imagenes-victoria-Suiza-Ecuador_ALDIMA20140615_0019_6.jpg?fit=638%2C380&amp;ssl=1\" data-orig-size=\"638,380\" data-comments-opened=\"1\" data-image-meta=\"{&quot;aperture&quot;:&quot;0&quot;,&quot;credit&quot;:&quot;&quot;,&quot;camera&quot;:&quot;&quot;,&quot;caption&quot;:&quot;&quot;,&quot;created_timestamp&quot;:&quot;0&quot;,&quot;copyright&quot;:&quot;&quot;,&quot;focal_length&quot;:&quot;0&quot;,&quot;iso&quot;:&quot;0&quot;,&quot;shutter_speed&quot;:&quot;0&quot;,&quot;title&quot;:&quot;&quot;}\" data-image-title=\"Mejores-imagenes-victoria-Suiza-Ecuador_ALDIMA20140615_0019_6\" data-image-description=\"\" data-image-caption=\"&lt;p&gt;Ecuador se adelant\u00f3 con un gol de Enner Valencia | Foto: Aldia&lt;\/p&gt;\n\" data-large-file=\"https:\/\/i0.wp.com\/www.manquepierda.com\/futbolandia\/files\/2014\/06\/Mejores-imagenes-victoria-Suiza-Ecuador_ALDIMA20140615_0019_6.jpg?fit=638%2C380&amp;ssl=1\" class=\"wp-image-3690\" src=\"https:\/\/i0.wp.com\/www.manquepierda.com\/futbolandia\/files\/2014\/06\/Mejores-imagenes-victoria-Suiza-Ecuador_ALDIMA20140615_0019_6.jpg?resize=350%2C208\" alt=\"Ecuador se adelant\u00f3 con un gol de Enner Valencia | Foto: Aldia\" width=\"350\" height=\"208\" srcset=\"https:\/\/i0.wp.com\/www.manquepierda.com\/futbolandia\/files\/2014\/06\/Mejores-imagenes-victoria-Suiza-Ecuador_ALDIMA20140615_0019_6.jpg?w=638&amp;ssl=1 638w, https:\/\/i0.wp.com\/www.manquepierda.com\/futbolandia\/files\/2014\/06\/Mejores-imagenes-victoria-Suiza-Ecuador_ALDIMA20140615_0019_6.jpg?resize=300%2C178&amp;ssl=1 300w\" sizes=\"auto, (max-width: 350px) 100vw, 350px\" \/><\/a><figcaption id=\"caption-attachment-3690\" class=\"wp-caption-text\">Ecuador se adelant\u00f3 con un gol de Enner Valencia | Foto: Al D\u00eda<\/figcaption><\/figure>\n<p>Delante hab\u00eda una <strong>Ecuador<\/strong> ordenada, que<strong> esperaba a Suiza muy atr\u00e1s<\/strong> e intentaba salir al contragolpe con los robos en tres cuartos, aunque pocas veces fructificaron sus triangulaciones hasta que en el minuto 22, Montero \u2013el m\u00e1s incisivo de <em>la Tricolor<\/em>&#8211; era placado por Lichtsteiner al intentar marcharse por banda tras un error en la salida del bal\u00f3n. <strong>La falta la pon\u00eda Ayov\u00ed al coraz\u00f3n del \u00e1rea, y Valencia \u2013Enner, no Antonio- se levantaba en el \u00e1rea peque\u00f1a para rematar al fondo de las mallas<\/strong>. Tremendo error de marcaje que permit\u00eda a los sudamericanos adelantarse en la \u00fanica clara que hab\u00edan tenido hasta entonces.<\/p>\n<p><strong>El juego de Suiza no vari\u00f3 con el gol<\/strong>, sigui\u00f3 ejerciendo el mismo dominio sin profundidad en zona ecuatoriana hasta que lleg\u00f3 el descanso. A Hitzfield le debi\u00f3 gustar que su equipo dominase el esf\u00e9rico, y confi\u00f3 en ello, pues no introdujo ninguna variante t\u00e1ctica hasta que<strong> en el descanso Mehmedi sustituy\u00f3 a Stocker<\/strong>, un cambio casi de cromo aunque el revulsivo goza de una mayor llegada.<\/p>\n<p>Los frutos no se hicieron esperar mucho, ya que tres minutos despu\u00e9s de la reanudaci\u00f3n llegaba el gol que lo igualaba absolutamente todo. <strong>Sirvi\u00f3 el c\u00f3rner Rodr\u00edguez al primer palo y Mehmedi, agarrado por Carlos Gruezo, remat\u00f3 a placer ante la mala salida de Dom\u00ednguez<\/strong> y la pasividad de los otros dos jugadores que marcaban ese palo. Nuevo error, nuevo gol. Y <strong>ah\u00ed se igual\u00f3 el electr\u00f3nico a la vez que lo hizo el partido<\/strong>, pues el dominio suizo se iba a diluir y el encuentro se iba a romper, convirti\u00e9ndose en una ida y vuelta constante en sus \u00faltimos compases.<\/p>\n<p>El 1-1 iba a servir para que todo quedase en el aire y, en principio se decidiese por la diferencia de goles, por lo que <strong>ambos fueron a por la victoria y tuvieron sus ocasiones en el \u00faltimo minuto del a\u00f1adido<\/strong>. La primera para la Tri, que vio como Arroyo se entreten\u00eda en exceso tras una gran conducci\u00f3n de A. Valencia y no llegaba a disparar. Esta daba pie a <strong>la mejor contra de Suiza en el partido, que, el otro recambio, Seferovic culmin\u00f3 con un remate a pase de Rodr\u00edguez<\/strong>, seguramente el mejor del partido, cumpliendo en labores defensivas y asistiendo en los dos goles.<\/p>\n<figure id=\"attachment_3686\" aria-describedby=\"caption-attachment-3686\" style=\"width: 500px\" class=\"wp-caption aligncenter\"><a href=\"https:\/\/i0.wp.com\/www.manquepierda.com\/futbolandia\/files\/2014\/06\/Switzerland-s-Haris-Seferovic-_54409977372_54115221154_600_396.jpg\"><img data-recalc-dims=\"1\" loading=\"lazy\" decoding=\"async\" data-attachment-id=\"3686\" data-permalink=\"https:\/\/www.manquepierda.com\/futbolandia\/suiza-tira-de-epica-y-muestra-sus-credenciales\/switzerland-s-haris-seferovic-_54409977372_54115221154_600_396\/\" data-orig-file=\"https:\/\/i0.wp.com\/www.manquepierda.com\/futbolandia\/files\/2014\/06\/Switzerland-s-Haris-Seferovic-_54409977372_54115221154_600_396.jpg?fit=600%2C396&amp;ssl=1\" data-orig-size=\"600,396\" data-comments-opened=\"1\" data-image-meta=\"{&quot;aperture&quot;:&quot;0&quot;,&quot;credit&quot;:&quot;&quot;,&quot;camera&quot;:&quot;&quot;,&quot;caption&quot;:&quot;&quot;,&quot;created_timestamp&quot;:&quot;0&quot;,&quot;copyright&quot;:&quot;&quot;,&quot;focal_length&quot;:&quot;0&quot;,&quot;iso&quot;:&quot;0&quot;,&quot;shutter_speed&quot;:&quot;0&quot;,&quot;title&quot;:&quot;&quot;}\" data-image-title=\"Switzerland-s-Haris-Seferovic-_54409977372_54115221154_600_396\" data-image-description=\"\" data-image-caption=\"&lt;p&gt;Seferovic celebra el gol que da la victoria a Suiza | Foto: Mundo Deportivo&lt;\/p&gt;\n\" data-large-file=\"https:\/\/i0.wp.com\/www.manquepierda.com\/futbolandia\/files\/2014\/06\/Switzerland-s-Haris-Seferovic-_54409977372_54115221154_600_396.jpg?fit=600%2C396&amp;ssl=1\" class=\"wp-image-3686\" src=\"https:\/\/i0.wp.com\/www.manquepierda.com\/futbolandia\/files\/2014\/06\/Switzerland-s-Haris-Seferovic-_54409977372_54115221154_600_396.jpg?resize=500%2C330\" alt=\"Seferovic celebra el gol que da la victoria a Suiza | Foto: Mundo Deportivo\" width=\"500\" height=\"330\" srcset=\"https:\/\/i0.wp.com\/www.manquepierda.com\/futbolandia\/files\/2014\/06\/Switzerland-s-Haris-Seferovic-_54409977372_54115221154_600_396.jpg?w=600&amp;ssl=1 600w, https:\/\/i0.wp.com\/www.manquepierda.com\/futbolandia\/files\/2014\/06\/Switzerland-s-Haris-Seferovic-_54409977372_54115221154_600_396.jpg?resize=300%2C198&amp;ssl=1 300w\" sizes=\"auto, (max-width: 500px) 100vw, 500px\" \/><\/a><figcaption id=\"caption-attachment-3686\" class=\"wp-caption-text\">Seferovic celebra el gol que da la victoria a Suiza | Foto: Mundo Deportivo<\/figcaption><\/figure>\n<p>&nbsp;<\/p>\n<p>Los dos quisieron la victoria y pusieron toda la carne en el asador para conseguirla, pero<strong> hubo<\/strong> <strong>un conjunto que siempre dio m\u00e1s y estuvo una marcha por encima del rival, y ese fue el combinado suizo<\/strong>, que se llev\u00f3 una merecida victoria para situarse m\u00e1s cerca del pase a octavos que nunca.<strong> Ahora solo queda no fallar ante Honduras<\/strong>.<\/p>\n","protected":false},"excerpt":{"rendered":"<p>A\u00fan con la resaca de un apasionante\u00a0Costa de Marfil \u2013 Jap\u00f3n, arrancaba en la tarde de ayer la cuarta jornada de este Mundial, que ya ha puesto pie en el acelerador. Suiza y Ecuador protagonizaban el encuentro \u2018tempranero\u2019 del domingo, a una temperatura aceptable de unos veinte y pocos grados cent\u00edgrados, y con todos los&#8230;<\/p>\n","protected":false},"author":313,"featured_media":3686,"comment_status":"open","ping_status":"open","sticky":false,"template":"","format":"standard","meta":{"_kad_post_transparent":"","_kad_post_title":"","_kad_post_layout":"","_kad_post_sidebar_id":"","_kad_post_content_style":"","_kad_post_vertical_padding":"","_kad_post_feature":"","_kad_post_feature_position":"","_kad_post_header":false,"_kad_post_footer":false,"_kad_post_classname":"","_jetpack_memberships_contains_paid_content":false,"footnotes":"","jetpack_publicize_message":"","jetpack_publicize_feature_enabled":true,"jetpack_social_post_already_shared":true,"jetpack_social_options":{"image_generator_settings":{"template":"highway","default_image_id":0,"font":"","enabled":false},"version":2}},"categories":[10,2015],"tags":[1256,1297,691,1294,420,1295,1296,581,1293,334],"class_list":["post-3684","post","type-post","status-publish","format-standard","has-post-thumbnail","hentry","category-portada","category-selecciones-combinados-nacionales","tag-brasil-2014","tag-brasilia","tag-ecuador","tag-enner-valencia","tag-francia","tag-grupo-e","tag-mehmedi","tag-mundial","tag-seferovic","tag-suiza"],"yoast_head":"<!-- This site is optimized with the Yoast SEO plugin v27.5 - https:\/\/yoast.com\/product\/yoast-seo-wordpress\/ -->\n<title>Suiza tira de \u00e9pica y muestra sus credenciales &#8211; Futbolandia<\/title>\n<meta name=\"robots\" content=\"index, follow, max-snippet:-1, max-image-preview:large, max-video-preview:-1\" \/>\n<link rel=\"canonical\" href=\"https:\/\/www.manquepierda.com\/futbolandia\/suiza-tira-de-epica-y-muestra-sus-credenciales\/\" \/>\n<meta property=\"og:locale\" content=\"es_ES\" \/>\n<meta property=\"og:type\" content=\"article\" \/>\n<meta property=\"og:title\" content=\"Suiza tira de \u00e9pica y muestra sus credenciales &#8211; Futbolandia\" \/>\n<meta property=\"og:description\" content=\"A\u00fan con la resaca de un apasionante\u00a0Costa de Marfil \u2013 Jap\u00f3n, arrancaba en la tarde de ayer la cuarta jornada de este Mundial, que ya ha puesto pie en el acelerador. Suiza y Ecuador protagonizaban el encuentro \u2018tempranero\u2019 del domingo, a una temperatura aceptable de unos veinte y pocos grados cent\u00edgrados, y con todos los...\" \/>\n<meta property=\"og:url\" content=\"https:\/\/www.manquepierda.com\/futbolandia\/suiza-tira-de-epica-y-muestra-sus-credenciales\/\" \/>\n<meta property=\"og:site_name\" content=\"Futbolandia\" \/>\n<meta property=\"article:published_time\" content=\"2014-06-16T12:05:51+00:00\" \/>\n<meta property=\"article:modified_time\" content=\"2015-07-09T07:16:08+00:00\" \/>\n<meta property=\"og:image\" content=\"https:\/\/i1.wp.com\/www.manquepierda.com\/futbolandia\/files\/2014\/06\/Switzerland-s-Haris-Seferovic-_54409977372_54115221154_600_396.jpg?fit=600%2C396&ssl=1\" \/>\n\t<meta property=\"og:image:width\" content=\"600\" \/>\n\t<meta property=\"og:image:height\" content=\"396\" \/>\n\t<meta property=\"og:image:type\" content=\"image\/jpeg\" \/>\n<meta name=\"author\" content=\"Marc Mart\u00ednez Barroso\" \/>\n<meta name=\"twitter:label1\" content=\"Escrito por\" \/>\n\t<meta name=\"twitter:data1\" content=\"Marc Mart\u00ednez Barroso\" \/>\n\t<meta name=\"twitter:label2\" content=\"Tiempo de lectura\" \/>\n\t<meta name=\"twitter:data2\" content=\"4 minutos\" \/>\n<script type=\"application\/ld+json\" class=\"yoast-schema-graph\">{\"@context\":\"https:\\\/\\\/schema.org\",\"@graph\":[{\"@type\":\"Article\",\"@id\":\"https:\\\/\\\/www.manquepierda.com\\\/futbolandia\\\/suiza-tira-de-epica-y-muestra-sus-credenciales\\\/#article\",\"isPartOf\":{\"@id\":\"https:\\\/\\\/www.manquepierda.com\\\/futbolandia\\\/suiza-tira-de-epica-y-muestra-sus-credenciales\\\/\"},\"author\":{\"name\":\"Marc Mart\u00ednez Barroso\",\"@id\":\"https:\\\/\\\/www.manquepierda.com\\\/futbolandia\\\/#\\\/schema\\\/person\\\/8706ecab48110daf10285cac3655d995\"},\"headline\":\"Suiza tira de \u00e9pica y muestra sus credenciales\",\"datePublished\":\"2014-06-16T12:05:51+00:00\",\"dateModified\":\"2015-07-09T07:16:08+00:00\",\"mainEntityOfPage\":{\"@id\":\"https:\\\/\\\/www.manquepierda.com\\\/futbolandia\\\/suiza-tira-de-epica-y-muestra-sus-credenciales\\\/\"},\"wordCount\":719,\"commentCount\":0,\"image\":{\"@id\":\"https:\\\/\\\/www.manquepierda.com\\\/futbolandia\\\/suiza-tira-de-epica-y-muestra-sus-credenciales\\\/#primaryimage\"},\"thumbnailUrl\":\"https:\\\/\\\/i0.wp.com\\\/www.manquepierda.com\\\/futbolandia\\\/files\\\/2014\\\/06\\\/Switzerland-s-Haris-Seferovic-_54409977372_54115221154_600_396.jpg?fit=600%2C396&ssl=1\",\"keywords\":[\"brasil 2014\",\"brasilia\",\"ecuador\",\"enner valencia\",\"Francia\",\"grupo e\",\"mehmedi\",\"mundial\",\"seferovic\",\"Suiza\"],\"articleSection\":[\"Portada\",\"Selecciones y combinados nacionales\"],\"inLanguage\":\"es\",\"potentialAction\":[{\"@type\":\"CommentAction\",\"name\":\"Comment\",\"target\":[\"https:\\\/\\\/www.manquepierda.com\\\/futbolandia\\\/suiza-tira-de-epica-y-muestra-sus-credenciales\\\/#respond\"]}]},{\"@type\":\"WebPage\",\"@id\":\"https:\\\/\\\/www.manquepierda.com\\\/futbolandia\\\/suiza-tira-de-epica-y-muestra-sus-credenciales\\\/\",\"url\":\"https:\\\/\\\/www.manquepierda.com\\\/futbolandia\\\/suiza-tira-de-epica-y-muestra-sus-credenciales\\\/\",\"name\":\"Suiza tira de \u00e9pica y muestra sus credenciales &#8211; Futbolandia\",\"isPartOf\":{\"@id\":\"https:\\\/\\\/www.manquepierda.com\\\/futbolandia\\\/#website\"},\"primaryImageOfPage\":{\"@id\":\"https:\\\/\\\/www.manquepierda.com\\\/futbolandia\\\/suiza-tira-de-epica-y-muestra-sus-credenciales\\\/#primaryimage\"},\"image\":{\"@id\":\"https:\\\/\\\/www.manquepierda.com\\\/futbolandia\\\/suiza-tira-de-epica-y-muestra-sus-credenciales\\\/#primaryimage\"},\"thumbnailUrl\":\"https:\\\/\\\/i0.wp.com\\\/www.manquepierda.com\\\/futbolandia\\\/files\\\/2014\\\/06\\\/Switzerland-s-Haris-Seferovic-_54409977372_54115221154_600_396.jpg?fit=600%2C396&ssl=1\",\"datePublished\":\"2014-06-16T12:05:51+00:00\",\"dateModified\":\"2015-07-09T07:16:08+00:00\",\"author\":{\"@id\":\"https:\\\/\\\/www.manquepierda.com\\\/futbolandia\\\/#\\\/schema\\\/person\\\/8706ecab48110daf10285cac3655d995\"},\"breadcrumb\":{\"@id\":\"https:\\\/\\\/www.manquepierda.com\\\/futbolandia\\\/suiza-tira-de-epica-y-muestra-sus-credenciales\\\/#breadcrumb\"},\"inLanguage\":\"es\",\"potentialAction\":[{\"@type\":\"ReadAction\",\"target\":[\"https:\\\/\\\/www.manquepierda.com\\\/futbolandia\\\/suiza-tira-de-epica-y-muestra-sus-credenciales\\\/\"]}]},{\"@type\":\"ImageObject\",\"inLanguage\":\"es\",\"@id\":\"https:\\\/\\\/www.manquepierda.com\\\/futbolandia\\\/suiza-tira-de-epica-y-muestra-sus-credenciales\\\/#primaryimage\",\"url\":\"https:\\\/\\\/i0.wp.com\\\/www.manquepierda.com\\\/futbolandia\\\/files\\\/2014\\\/06\\\/Switzerland-s-Haris-Seferovic-_54409977372_54115221154_600_396.jpg?fit=600%2C396&ssl=1\",\"contentUrl\":\"https:\\\/\\\/i0.wp.com\\\/www.manquepierda.com\\\/futbolandia\\\/files\\\/2014\\\/06\\\/Switzerland-s-Haris-Seferovic-_54409977372_54115221154_600_396.jpg?fit=600%2C396&ssl=1\",\"width\":600,\"height\":396,\"caption\":\"Seferovic celebra el gol que da la victoria a Suiza | Foto: Mundo Deportivo\"},{\"@type\":\"BreadcrumbList\",\"@id\":\"https:\\\/\\\/www.manquepierda.com\\\/futbolandia\\\/suiza-tira-de-epica-y-muestra-sus-credenciales\\\/#breadcrumb\",\"itemListElement\":[{\"@type\":\"ListItem\",\"position\":1,\"name\":\"Portada\",\"item\":\"https:\\\/\\\/www.manquepierda.com\\\/futbolandia\\\/\"},{\"@type\":\"ListItem\",\"position\":2,\"name\":\"Suiza tira de \u00e9pica y muestra sus credenciales\"}]},{\"@type\":\"WebSite\",\"@id\":\"https:\\\/\\\/www.manquepierda.com\\\/futbolandia\\\/#website\",\"url\":\"https:\\\/\\\/www.manquepierda.com\\\/futbolandia\\\/\",\"name\":\"Futbolandia\",\"description\":\"Reportajes e informaci\u00f3n sobre f\u00fatbol mundial y j\u00f3venes promesas\",\"potentialAction\":[{\"@type\":\"SearchAction\",\"target\":{\"@type\":\"EntryPoint\",\"urlTemplate\":\"https:\\\/\\\/www.manquepierda.com\\\/futbolandia\\\/?s={search_term_string}\"},\"query-input\":{\"@type\":\"PropertyValueSpecification\",\"valueRequired\":true,\"valueName\":\"search_term_string\"}}],\"inLanguage\":\"es\"},{\"@type\":\"Person\",\"@id\":\"https:\\\/\\\/www.manquepierda.com\\\/futbolandia\\\/#\\\/schema\\\/person\\\/8706ecab48110daf10285cac3655d995\",\"name\":\"Marc Mart\u00ednez Barroso\",\"image\":{\"@type\":\"ImageObject\",\"inLanguage\":\"es\",\"@id\":\"https:\\\/\\\/secure.gravatar.com\\\/avatar\\\/6f85e79b70d11c2878e28c6e9e333e67e6801aaf941a7db3fdac20883a936fa2?s=96&d=mm&r=g\",\"url\":\"https:\\\/\\\/secure.gravatar.com\\\/avatar\\\/6f85e79b70d11c2878e28c6e9e333e67e6801aaf941a7db3fdac20883a936fa2?s=96&d=mm&r=g\",\"contentUrl\":\"https:\\\/\\\/secure.gravatar.com\\\/avatar\\\/6f85e79b70d11c2878e28c6e9e333e67e6801aaf941a7db3fdac20883a936fa2?s=96&d=mm&r=g\",\"caption\":\"Marc Mart\u00ednez Barroso\"},\"description\":\"B\u00e9tico, no desde que nac\u00ed, pero s\u00ed desde que lo conoc\u00ed. Aqu\u00ed, me encargo de explicaros lo m\u00e1s interesante que pasa en este gran club. Subiendo escalafones para llegar alg\u00fan d\u00eda a lo m\u00e1s alto del periodismo, y si puede ser junto a Manquepierda, mejor.\",\"url\":\"https:\\\/\\\/www.manquepierda.com\\\/futbolandia\\\/author\\\/supeer21\\\/\"}]}<\/script>\n<!-- \/ Yoast SEO plugin. -->","yoast_head_json":{"title":"Suiza tira de \u00e9pica y muestra sus credenciales &#8211; Futbolandia","robots":{"index":"index","follow":"follow","max-snippet":"max-snippet:-1","max-image-preview":"max-image-preview:large","max-video-preview":"max-video-preview:-1"},"canonical":"https:\/\/www.manquepierda.com\/futbolandia\/suiza-tira-de-epica-y-muestra-sus-credenciales\/","og_locale":"es_ES","og_type":"article","og_title":"Suiza tira de \u00e9pica y muestra sus credenciales &#8211; Futbolandia","og_description":"A\u00fan con la resaca de un apasionante\u00a0Costa de Marfil \u2013 Jap\u00f3n, arrancaba en la tarde de ayer la cuarta jornada de este Mundial, que ya ha puesto pie en el acelerador. Suiza y Ecuador protagonizaban el encuentro \u2018tempranero\u2019 del domingo, a una temperatura aceptable de unos veinte y pocos grados cent\u00edgrados, y con todos los...","og_url":"https:\/\/www.manquepierda.com\/futbolandia\/suiza-tira-de-epica-y-muestra-sus-credenciales\/","og_site_name":"Futbolandia","article_published_time":"2014-06-16T12:05:51+00:00","article_modified_time":"2015-07-09T07:16:08+00:00","og_image":[{"width":600,"height":396,"url":"https:\/\/i1.wp.com\/www.manquepierda.com\/futbolandia\/files\/2014\/06\/Switzerland-s-Haris-Seferovic-_54409977372_54115221154_600_396.jpg?fit=600%2C396&ssl=1","type":"image\/jpeg"}],"author":"Marc Mart\u00ednez Barroso","twitter_misc":{"Escrito por":"Marc Mart\u00ednez Barroso","Tiempo de lectura":"4 minutos"},"schema":{"@context":"https:\/\/schema.org","@graph":[{"@type":"Article","@id":"https:\/\/www.manquepierda.com\/futbolandia\/suiza-tira-de-epica-y-muestra-sus-credenciales\/#article","isPartOf":{"@id":"https:\/\/www.manquepierda.com\/futbolandia\/suiza-tira-de-epica-y-muestra-sus-credenciales\/"},"author":{"name":"Marc Mart\u00ednez Barroso","@id":"https:\/\/www.manquepierda.com\/futbolandia\/#\/schema\/person\/8706ecab48110daf10285cac3655d995"},"headline":"Suiza tira de \u00e9pica y muestra sus credenciales","datePublished":"2014-06-16T12:05:51+00:00","dateModified":"2015-07-09T07:16:08+00:00","mainEntityOfPage":{"@id":"https:\/\/www.manquepierda.com\/futbolandia\/suiza-tira-de-epica-y-muestra-sus-credenciales\/"},"wordCount":719,"commentCount":0,"image":{"@id":"https:\/\/www.manquepierda.com\/futbolandia\/suiza-tira-de-epica-y-muestra-sus-credenciales\/#primaryimage"},"thumbnailUrl":"https:\/\/i0.wp.com\/www.manquepierda.com\/futbolandia\/files\/2014\/06\/Switzerland-s-Haris-Seferovic-_54409977372_54115221154_600_396.jpg?fit=600%2C396&ssl=1","keywords":["brasil 2014","brasilia","ecuador","enner valencia","Francia","grupo e","mehmedi","mundial","seferovic","Suiza"],"articleSection":["Portada","Selecciones y combinados nacionales"],"inLanguage":"es","potentialAction":[{"@type":"CommentAction","name":"Comment","target":["https:\/\/www.manquepierda.com\/futbolandia\/suiza-tira-de-epica-y-muestra-sus-credenciales\/#respond"]}]},{"@type":"WebPage","@id":"https:\/\/www.manquepierda.com\/futbolandia\/suiza-tira-de-epica-y-muestra-sus-credenciales\/","url":"https:\/\/www.manquepierda.com\/futbolandia\/suiza-tira-de-epica-y-muestra-sus-credenciales\/","name":"Suiza tira de \u00e9pica y muestra sus credenciales &#8211; Futbolandia","isPartOf":{"@id":"https:\/\/www.manquepierda.com\/futbolandia\/#website"},"primaryImageOfPage":{"@id":"https:\/\/www.manquepierda.com\/futbolandia\/suiza-tira-de-epica-y-muestra-sus-credenciales\/#primaryimage"},"image":{"@id":"https:\/\/www.manquepierda.com\/futbolandia\/suiza-tira-de-epica-y-muestra-sus-credenciales\/#primaryimage"},"thumbnailUrl":"https:\/\/i0.wp.com\/www.manquepierda.com\/futbolandia\/files\/2014\/06\/Switzerland-s-Haris-Seferovic-_54409977372_54115221154_600_396.jpg?fit=600%2C396&ssl=1","datePublished":"2014-06-16T12:05:51+00:00","dateModified":"2015-07-09T07:16:08+00:00","author":{"@id":"https:\/\/www.manquepierda.com\/futbolandia\/#\/schema\/person\/8706ecab48110daf10285cac3655d995"},"breadcrumb":{"@id":"https:\/\/www.manquepierda.com\/futbolandia\/suiza-tira-de-epica-y-muestra-sus-credenciales\/#breadcrumb"},"inLanguage":"es","potentialAction":[{"@type":"ReadAction","target":["https:\/\/www.manquepierda.com\/futbolandia\/suiza-tira-de-epica-y-muestra-sus-credenciales\/"]}]},{"@type":"ImageObject","inLanguage":"es","@id":"https:\/\/www.manquepierda.com\/futbolandia\/suiza-tira-de-epica-y-muestra-sus-credenciales\/#primaryimage","url":"https:\/\/i0.wp.com\/www.manquepierda.com\/futbolandia\/files\/2014\/06\/Switzerland-s-Haris-Seferovic-_54409977372_54115221154_600_396.jpg?fit=600%2C396&ssl=1","contentUrl":"https:\/\/i0.wp.com\/www.manquepierda.com\/futbolandia\/files\/2014\/06\/Switzerland-s-Haris-Seferovic-_54409977372_54115221154_600_396.jpg?fit=600%2C396&ssl=1","width":600,"height":396,"caption":"Seferovic celebra el gol que da la victoria a Suiza | Foto: Mundo Deportivo"},{"@type":"BreadcrumbList","@id":"https:\/\/www.manquepierda.com\/futbolandia\/suiza-tira-de-epica-y-muestra-sus-credenciales\/#breadcrumb","itemListElement":[{"@type":"ListItem","position":1,"name":"Portada","item":"https:\/\/www.manquepierda.com\/futbolandia\/"},{"@type":"ListItem","position":2,"name":"Suiza tira de \u00e9pica y muestra sus credenciales"}]},{"@type":"WebSite","@id":"https:\/\/www.manquepierda.com\/futbolandia\/#website","url":"https:\/\/www.manquepierda.com\/futbolandia\/","name":"Futbolandia","description":"Reportajes e informaci\u00f3n sobre f\u00fatbol mundial y j\u00f3venes promesas","potentialAction":[{"@type":"SearchAction","target":{"@type":"EntryPoint","urlTemplate":"https:\/\/www.manquepierda.com\/futbolandia\/?s={search_term_string}"},"query-input":{"@type":"PropertyValueSpecification","valueRequired":true,"valueName":"search_term_string"}}],"inLanguage":"es"},{"@type":"Person","@id":"https:\/\/www.manquepierda.com\/futbolandia\/#\/schema\/person\/8706ecab48110daf10285cac3655d995","name":"Marc Mart\u00ednez Barroso","image":{"@type":"ImageObject","inLanguage":"es","@id":"https:\/\/secure.gravatar.com\/avatar\/6f85e79b70d11c2878e28c6e9e333e67e6801aaf941a7db3fdac20883a936fa2?s=96&d=mm&r=g","url":"https:\/\/secure.gravatar.com\/avatar\/6f85e79b70d11c2878e28c6e9e333e67e6801aaf941a7db3fdac20883a936fa2?s=96&d=mm&r=g","contentUrl":"https:\/\/secure.gravatar.com\/avatar\/6f85e79b70d11c2878e28c6e9e333e67e6801aaf941a7db3fdac20883a936fa2?s=96&d=mm&r=g","caption":"Marc Mart\u00ednez Barroso"},"description":"B\u00e9tico, no desde que nac\u00ed, pero s\u00ed desde que lo conoc\u00ed. Aqu\u00ed, me encargo de explicaros lo m\u00e1s interesante que pasa en este gran club. Subiendo escalafones para llegar alg\u00fan d\u00eda a lo m\u00e1s alto del periodismo, y si puede ser junto a Manquepierda, mejor.","url":"https:\/\/www.manquepierda.com\/futbolandia\/author\/supeer21\/"}]}},"jetpack_publicize_connections":[],"jetpack_featured_media_url":"https:\/\/i0.wp.com\/www.manquepierda.com\/futbolandia\/files\/2014\/06\/Switzerland-s-Haris-Seferovic-_54409977372_54115221154_600_396.jpg?fit=600%2C396&ssl=1","jetpack_shortlink":"https:\/\/wp.me\/p1THIg-Xq","jetpack_sharing_enabled":true,"_links":{"self":[{"href":"https:\/\/www.manquepierda.com\/futbolandia\/wp-json\/wp\/v2\/posts\/3684","targetHints":{"allow":["GET"]}}],"collection":[{"href":"https:\/\/www.manquepierda.com\/futbolandia\/wp-json\/wp\/v2\/posts"}],"about":[{"href":"https:\/\/www.manquepierda.com\/futbolandia\/wp-json\/wp\/v2\/types\/post"}],"author":[{"embeddable":true,"href":"https:\/\/www.manquepierda.com\/futbolandia\/wp-json\/wp\/v2\/users\/313"}],"replies":[{"embeddable":true,"href":"https:\/\/www.manquepierda.com\/futbolandia\/wp-json\/wp\/v2\/comments?post=3684"}],"version-history":[{"count":0,"href":"https:\/\/www.manquepierda.com\/futbolandia\/wp-json\/wp\/v2\/posts\/3684\/revisions"}],"wp:featuredmedia":[{"embeddable":true,"href":"https:\/\/www.manquepierda.com\/futbolandia\/wp-json\/wp\/v2\/media\/3686"}],"wp:attachment":[{"href":"https:\/\/www.manquepierda.com\/futbolandia\/wp-json\/wp\/v2\/media?parent=3684"}],"wp:term":[{"taxonomy":"category","embeddable":true,"href":"https:\/\/www.manquepierda.com\/futbolandia\/wp-json\/wp\/v2\/categories?post=3684"},{"taxonomy":"post_tag","embeddable":true,"href":"https:\/\/www.manquepierda.com\/futbolandia\/wp-json\/wp\/v2\/tags?post=3684"}],"curies":[{"name":"wp","href":"https:\/\/api.w.org\/{rel}","templated":true}]}}