{"id":3710,"date":"2014-06-18T13:03:35","date_gmt":"2014-06-18T11:03:35","guid":{"rendered":"http:\/\/www.manquepierda.com\/futbolandia\/?p=3710"},"modified":"2015-07-09T09:15:36","modified_gmt":"2015-07-09T07:15:36","slug":"como-cambiar-el-guion-por-marc-wilmots","status":"publish","type":"post","link":"https:\/\/www.manquepierda.com\/futbolandia\/como-cambiar-el-guion-por-marc-wilmots\/","title":{"rendered":"Como cambiar el gui\u00f3n, por Marc Wilmots"},"content":{"rendered":"<p>Muchas son las expectativas que ha generado B\u00e9lgica en este Mundial de Brasil 2014. Y no las ha generado por gusto, sino por una generaci\u00f3n cuyo talento parece superior a otras muchas. <strong>Los diablos rojos cuentan con jugadores reconocidos internacionalmente, grandes estrellas en sus clubes y llegaron a Brasil bajo la premisa de que, unir tanto talento bajo la bandera de su pa\u00eds puede ser un verdadero espect\u00e1culo. <\/strong><\/p>\n<p>Y es que hablamos de<strong> Hazard<\/strong> que tras deleitar en el Lille lo hace cada semana en Stamford Bridge, de <strong>Lukaku<\/strong>, que si no le fue suficiente con los goles que marc\u00f3 el a\u00f1o pasado en el West Bromwich, este a\u00f1o ha repetido haza\u00f1a en el Everton, siendo uno de sus futbolistas m\u00e1s importantes junto a otro compatriota que tambi\u00e9n est\u00e1 en el Mundial, <strong>Mirallas<\/strong>. Hablamos de <strong>Mertens<\/strong>, ojito al desequilibrante atacante del N\u00e1poles, de <strong>Dembele<\/strong>, otrora pretendido por equipos como el Real Madrid y ahora en el Tottenham, de <strong>Witsel<\/strong>, protagonista de uno de los traspasos millonarios del Zenit hace no tanto. Hablamos de <strong>Fellaini<\/strong>, fichaje estrella (con permiso de Mata que lleg\u00f3 en invierno), del Manchester United de David Moyes, hablamos de <strong>Januzaj<\/strong>, cuyo futuro es sencillamente esperanzador, hablamos de <strong>Origi<\/strong> en el Lille y sus 19 a\u00f1os, de <strong>Kevin de Bruyne<\/strong>, su juventud y su enorme proyecci\u00f3n, de <strong>Kompany<\/strong> ganando la Premier League en las filas del Manchester City, de <strong>Courtois y Alderweireld<\/strong> ganando la Liga BBVA y llegando a la final de la Champions, uno con m\u00e1s protagonismo que otro&#8230; Y claro, juntar todo esto en un equipo, adem\u00e1s de un quebradero de cabeza es cuando menos, sin\u00f3nimo de expectaci\u00f3n.<\/p>\n<p>A todo esto llega la primera jornada del Mundial. Marc Wilmots opta por el \u00abtrivote\u00bb Chadli, Moussa Dembele y Witsel, con cuatro defensores y arriba, Hazard, Lukaku y De Bruyne buscando el gol. En frente Argelia, una selecci\u00f3n que como ya opinamos en nuestro <a href=\"http:\/\/www.manquepierda.com\/futbolandia\/especial-a-fondo-todos-los-equipos-del-mundial-de-brasil-2014\/\" target=\"_blank\"><strong>Especial Brasil 2014<\/strong><\/a>, es mucho m\u00e1s de lo que la gente cree.<\/p>\n<p><strong>Los argelinos, dejaron el f\u00fatbol alegre y ofensivo que han venido mostrando para encerrarse y jugar m\u00e1s compactos debido a los peligrosos atacantes belgas, que con espacios son terriblemente decisivos<\/strong>. B\u00e9lgica se estanca, en su centro del campo se crea un efecto embudo, con todos los medios demasiado juntos en el centro y aunque intentaban abrir el juego hacia Hazard, las marcas argelinas dejaron pocos recovecos entre los que inventar, imaginar y decidir. El f\u00fatbol de B\u00e9lgica acab\u00f3 siendo solo tiros lejanos de Chadli y Witsel. Lukaku desaparecido, Hazard inoperante, De Bruyne no sabe\/no contesta, y en una de esas, contragolpe argelino e inocente penalti que transforma Feghouli para poner el 0-1 en el marcador. El planteamiento del seleccionador belga, no pudo ser peor.<\/p>\n<p>Sin embargo, si bien es achacable ese planteamiento que cambi\u00f3 mucho lo que vimos en amistosos previos, un sistema que intent\u00f3 asegurar la defensa ante las posibles ofensivas argelinas que no se produjeron (porque tambi\u00e9n los africanos cambiaron su estilo y denegaron de la posesi\u00f3n para buscar la contra con rapidez), tambi\u00e9n es plausible la reacci\u00f3n del t\u00e9cnico.<\/p>\n<figure id=\"attachment_3712\" aria-describedby=\"caption-attachment-3712\" style=\"width: 487px\" class=\"wp-caption alignleft\"><a href=\"https:\/\/i0.wp.com\/www.manquepierda.com\/futbolandia\/files\/2014\/06\/Mertens-belgica.jpg\"><img data-recalc-dims=\"1\" loading=\"lazy\" decoding=\"async\" data-attachment-id=\"3712\" data-permalink=\"https:\/\/www.manquepierda.com\/futbolandia\/como-cambiar-el-guion-por-marc-wilmots\/mertens-belgica\/\" data-orig-file=\"https:\/\/i0.wp.com\/www.manquepierda.com\/futbolandia\/files\/2014\/06\/Mertens-belgica.jpg?fit=624%2C351&amp;ssl=1\" data-orig-size=\"624,351\" data-comments-opened=\"1\" data-image-meta=\"{&quot;aperture&quot;:&quot;0&quot;,&quot;credit&quot;:&quot;MARTIN BUREAU&quot;,&quot;camera&quot;:&quot;&quot;,&quot;caption&quot;:&quot;Belgium&#039;s forward Dries Mertens celebrates after scoring during a Group H football match between Belgium and Algeria at the Mineirao Stadium in Belo Horizonte during the 2014 FIFA World Cup on June 17, 2014. AFP PHOTO \/ MARTIN BUREAU&quot;,&quot;created_timestamp&quot;:&quot;0&quot;,&quot;copyright&quot;:&quot;&quot;,&quot;focal_length&quot;:&quot;0&quot;,&quot;iso&quot;:&quot;0&quot;,&quot;shutter_speed&quot;:&quot;0&quot;,&quot;title&quot;:&quot;0601225605&quot;}\" data-image-title=\"Mertens belgica\" data-image-description=\"&lt;p&gt;Belgium&amp;#8217;s forward Dries Mertens celebrates after scoring during a Group H football match between Belgium and Algeria at the Mineirao Stadium in Belo Horizonte during the 2014 FIFA World Cup on June 17, 2014. AFP PHOTO \/ MARTIN BUREAU&lt;\/p&gt;\n\" data-image-caption=\"&lt;p&gt;Mertens fue una de las soluciones que Wilmots propuso al partido.&lt;br \/&gt;\nFoto: depor.pe&lt;\/p&gt;\n\" data-large-file=\"https:\/\/i0.wp.com\/www.manquepierda.com\/futbolandia\/files\/2014\/06\/Mertens-belgica.jpg?fit=624%2C351&amp;ssl=1\" class=\" wp-image-3712\" src=\"https:\/\/i0.wp.com\/www.manquepierda.com\/futbolandia\/files\/2014\/06\/Mertens-belgica.jpg?resize=487%2C274\" alt=\"Mertens fue una de las soluciones que Wilmots propuso al partido. Foto: depor.pe\" width=\"487\" height=\"274\" srcset=\"https:\/\/i0.wp.com\/www.manquepierda.com\/futbolandia\/files\/2014\/06\/Mertens-belgica.jpg?w=624&amp;ssl=1 624w, https:\/\/i0.wp.com\/www.manquepierda.com\/futbolandia\/files\/2014\/06\/Mertens-belgica.jpg?resize=300%2C168&amp;ssl=1 300w\" sizes=\"auto, (max-width: 487px) 100vw, 487px\" \/><\/a><figcaption id=\"caption-attachment-3712\" class=\"wp-caption-text\">Mertens fue una de las soluciones que Wilmots propuso al partido.<br \/>Foto: depor.pe<\/figcaption><\/figure>\n<p><strong>Lo primero que hizo fue sacar a Mertens<\/strong> -inexplicable su suplencia-, para forzar a los laterales, encarar y ganar en disparo a puerta por la derecha, ya que ten\u00eda a Eden Hazard en la izquierda. Esto ayud\u00f3 a B\u00e9lgica. De pronto, tambi\u00e9n en la otra banda ten\u00eda una opci\u00f3n de abrir el campo, Mertens encaraba y combinaba, creaba peligro y forzaba saques de esquina con su movilidad. La segunda decisi\u00f3n fue quitar a Lukaku. El delantero del Chelsea, desesperado, no parec\u00eda estar c\u00f3modo. Apenas le llegaron balones a zonas de peligro. Su sustituto, Origi.<\/p>\n<p>El punta de 19 a\u00f1os sum\u00f3 velocidad al ataque, mucha movilidad y frescura, adem\u00e1s de una brega que b\u00e9lgica agradeci\u00f3. En estos movimientos para cambiar el partido, con bastante rapidez por parte de Marc Wilmots, <strong>el siguiente paso fue meter a Fellaini en el centro del campo. Curiosamente el del Manchester, que no ha tenido una buena temporada en general, fue decisivo.<\/strong> Su corpulencia en el centro del campo permiti\u00f3 ganar numerosos balones a\u00e9reos, otras tantas disputas de bal\u00f3n, ayud\u00f3 en la salida, reteniendo y conduciendo menos, aumentando la velocidad en la circulaci\u00f3n y todo esto el equipo lo agradeci\u00f3. Por si fuera poco, el alto centrocampista se alz\u00f3 en el aire sobre el \u00e1rea argelina y pein\u00f3 un bal\u00f3n de gol que acab\u00f3 en el empate.<\/p>\n<p>A partir de ah\u00ed, B\u00e9lgica cambi\u00f3 de verdad el gui\u00f3n del partido. De pronto el bal\u00f3n corr\u00eda a m\u00e1s velocidad, los jugadores con espacios, encaraban con m\u00e1s solvencia y si la tercera sustituci\u00f3n, Fellaini, hab\u00eda decidido el partido cambiando el gui\u00f3n, la remontada final la hicieron las otras piezas del puzle de Wilmots.<strong> Hazard recibi\u00f3 en la izquierda, Origi arrastro con su desmarque a todos los defensores argelinos en aquella contra y solo por la derecha, Mertens recibi\u00f3 un pase genial definiendo con el alma,<\/strong> con un certero tiro a la cruceta ante el que nada pudo hacer M&#8217;Bolhi (gran temporada la suya en el CSKA de Sof\u00eda).<\/p>\n<p>Fue as\u00ed como B\u00e9lgica sufri\u00f3 antes de vencer en su debut, como los diablos rojos se entregaron a la \u00e9pica y como Marc Wilmots cambi\u00f3 el gui\u00f3n de un partido que ten\u00eda muy cuesta arriba.<\/p>\n","protected":false},"excerpt":{"rendered":"<p>Muchas son las expectativas que ha generado B\u00e9lgica en este Mundial de Brasil 2014. Y no las ha generado por gusto, sino por una generaci\u00f3n cuyo talento parece superior a otras muchas. Los diablos rojos cuentan con jugadores reconocidos internacionalmente, grandes estrellas en sus clubes y llegaron a Brasil bajo la premisa de que, unir&#8230;<\/p>\n","protected":false},"author":93,"featured_media":3712,"comment_status":"open","ping_status":"open","sticky":false,"template":"","format":"standard","meta":{"_kad_post_transparent":"","_kad_post_title":"","_kad_post_layout":"","_kad_post_sidebar_id":"","_kad_post_content_style":"","_kad_post_vertical_padding":"","_kad_post_feature":"","_kad_post_feature_position":"","_kad_post_header":false,"_kad_post_footer":false,"_kad_post_classname":"","_jetpack_memberships_contains_paid_content":false,"footnotes":"","jetpack_publicize_message":"","jetpack_publicize_feature_enabled":true,"jetpack_social_post_already_shared":true,"jetpack_social_options":{"image_generator_settings":{"template":"highway","default_image_id":0,"font":"","enabled":false},"version":2}},"categories":[10,2015],"tags":[1258,341,336,1302,814,427,835,1301,1303,1305,1306,1252,939,1304],"class_list":["post-3710","post","type-post","status-publish","format-standard","has-post-thumbnail","hentry","category-portada","category-selecciones-combinados-nacionales","tag-argelia","tag-belgica","tag-brasil","tag-feghouli","tag-fellaini","tag-futbol","tag-hazard","tag-mertens","tag-origi","tag-reaccion","tag-remontada","tag-sistema","tag-tecnico","tag-wilmots"],"yoast_head":"<!-- This site is optimized with the Yoast SEO plugin v27.5 - https:\/\/yoast.com\/product\/yoast-seo-wordpress\/ -->\n<title>Como cambiar el gui\u00f3n, por Marc Wilmots &#8211; Futbolandia<\/title>\n<meta name=\"robots\" content=\"index, follow, max-snippet:-1, max-image-preview:large, max-video-preview:-1\" \/>\n<link rel=\"canonical\" href=\"https:\/\/www.manquepierda.com\/futbolandia\/como-cambiar-el-guion-por-marc-wilmots\/\" \/>\n<meta property=\"og:locale\" content=\"es_ES\" \/>\n<meta property=\"og:type\" content=\"article\" \/>\n<meta property=\"og:title\" content=\"Como cambiar el gui\u00f3n, por Marc Wilmots &#8211; Futbolandia\" \/>\n<meta property=\"og:description\" content=\"Muchas son las expectativas que ha generado B\u00e9lgica en este Mundial de Brasil 2014. Y no las ha generado por gusto, sino por una generaci\u00f3n cuyo talento parece superior a otras muchas. Los diablos rojos cuentan con jugadores reconocidos internacionalmente, grandes estrellas en sus clubes y llegaron a Brasil bajo la premisa de que, unir...\" \/>\n<meta property=\"og:url\" content=\"https:\/\/www.manquepierda.com\/futbolandia\/como-cambiar-el-guion-por-marc-wilmots\/\" \/>\n<meta property=\"og:site_name\" content=\"Futbolandia\" \/>\n<meta property=\"article:published_time\" content=\"2014-06-18T11:03:35+00:00\" \/>\n<meta property=\"article:modified_time\" content=\"2015-07-09T07:15:36+00:00\" \/>\n<meta property=\"og:image\" content=\"https:\/\/i1.wp.com\/www.manquepierda.com\/futbolandia\/files\/2014\/06\/Mertens-belgica.jpg?fit=624%2C351&ssl=1\" \/>\n\t<meta property=\"og:image:width\" content=\"624\" \/>\n\t<meta property=\"og:image:height\" content=\"351\" \/>\n\t<meta property=\"og:image:type\" content=\"image\/jpeg\" \/>\n<meta name=\"author\" content=\"Jorge M. Gonz\u00e1lez\" \/>\n<meta name=\"twitter:label1\" content=\"Escrito por\" \/>\n\t<meta name=\"twitter:data1\" content=\"Jorge M. Gonz\u00e1lez\" \/>\n\t<meta name=\"twitter:label2\" content=\"Tiempo de lectura\" \/>\n\t<meta name=\"twitter:data2\" content=\"5 minutos\" \/>\n<script type=\"application\/ld+json\" class=\"yoast-schema-graph\">{\"@context\":\"https:\\\/\\\/schema.org\",\"@graph\":[{\"@type\":\"Article\",\"@id\":\"https:\\\/\\\/www.manquepierda.com\\\/futbolandia\\\/como-cambiar-el-guion-por-marc-wilmots\\\/#article\",\"isPartOf\":{\"@id\":\"https:\\\/\\\/www.manquepierda.com\\\/futbolandia\\\/como-cambiar-el-guion-por-marc-wilmots\\\/\"},\"author\":{\"name\":\"Jorge M. Gonz\u00e1lez\",\"@id\":\"https:\\\/\\\/www.manquepierda.com\\\/futbolandia\\\/#\\\/schema\\\/person\\\/fdb4eabc3c2e0e717a790a4ce10cd2b3\"},\"headline\":\"Como cambiar el gui\u00f3n, por Marc Wilmots\",\"datePublished\":\"2014-06-18T11:03:35+00:00\",\"dateModified\":\"2015-07-09T07:15:36+00:00\",\"mainEntityOfPage\":{\"@id\":\"https:\\\/\\\/www.manquepierda.com\\\/futbolandia\\\/como-cambiar-el-guion-por-marc-wilmots\\\/\"},\"wordCount\":957,\"commentCount\":0,\"image\":{\"@id\":\"https:\\\/\\\/www.manquepierda.com\\\/futbolandia\\\/como-cambiar-el-guion-por-marc-wilmots\\\/#primaryimage\"},\"thumbnailUrl\":\"https:\\\/\\\/i0.wp.com\\\/www.manquepierda.com\\\/futbolandia\\\/files\\\/2014\\\/06\\\/Mertens-belgica.jpg?fit=624%2C351&ssl=1\",\"keywords\":[\"argelia\",\"Belgica\",\"Brasil\",\"feghouli\",\"fellaini\",\"futbol\",\"hazard\",\"mertens\",\"origi\",\"reaccion\",\"remontada\",\"sistema\",\"tecnico\",\"wilmots\"],\"articleSection\":[\"Portada\",\"Selecciones y combinados nacionales\"],\"inLanguage\":\"es\",\"potentialAction\":[{\"@type\":\"CommentAction\",\"name\":\"Comment\",\"target\":[\"https:\\\/\\\/www.manquepierda.com\\\/futbolandia\\\/como-cambiar-el-guion-por-marc-wilmots\\\/#respond\"]}]},{\"@type\":\"WebPage\",\"@id\":\"https:\\\/\\\/www.manquepierda.com\\\/futbolandia\\\/como-cambiar-el-guion-por-marc-wilmots\\\/\",\"url\":\"https:\\\/\\\/www.manquepierda.com\\\/futbolandia\\\/como-cambiar-el-guion-por-marc-wilmots\\\/\",\"name\":\"Como cambiar el gui\u00f3n, por Marc Wilmots &#8211; Futbolandia\",\"isPartOf\":{\"@id\":\"https:\\\/\\\/www.manquepierda.com\\\/futbolandia\\\/#website\"},\"primaryImageOfPage\":{\"@id\":\"https:\\\/\\\/www.manquepierda.com\\\/futbolandia\\\/como-cambiar-el-guion-por-marc-wilmots\\\/#primaryimage\"},\"image\":{\"@id\":\"https:\\\/\\\/www.manquepierda.com\\\/futbolandia\\\/como-cambiar-el-guion-por-marc-wilmots\\\/#primaryimage\"},\"thumbnailUrl\":\"https:\\\/\\\/i0.wp.com\\\/www.manquepierda.com\\\/futbolandia\\\/files\\\/2014\\\/06\\\/Mertens-belgica.jpg?fit=624%2C351&ssl=1\",\"datePublished\":\"2014-06-18T11:03:35+00:00\",\"dateModified\":\"2015-07-09T07:15:36+00:00\",\"author\":{\"@id\":\"https:\\\/\\\/www.manquepierda.com\\\/futbolandia\\\/#\\\/schema\\\/person\\\/fdb4eabc3c2e0e717a790a4ce10cd2b3\"},\"breadcrumb\":{\"@id\":\"https:\\\/\\\/www.manquepierda.com\\\/futbolandia\\\/como-cambiar-el-guion-por-marc-wilmots\\\/#breadcrumb\"},\"inLanguage\":\"es\",\"potentialAction\":[{\"@type\":\"ReadAction\",\"target\":[\"https:\\\/\\\/www.manquepierda.com\\\/futbolandia\\\/como-cambiar-el-guion-por-marc-wilmots\\\/\"]}]},{\"@type\":\"ImageObject\",\"inLanguage\":\"es\",\"@id\":\"https:\\\/\\\/www.manquepierda.com\\\/futbolandia\\\/como-cambiar-el-guion-por-marc-wilmots\\\/#primaryimage\",\"url\":\"https:\\\/\\\/i0.wp.com\\\/www.manquepierda.com\\\/futbolandia\\\/files\\\/2014\\\/06\\\/Mertens-belgica.jpg?fit=624%2C351&ssl=1\",\"contentUrl\":\"https:\\\/\\\/i0.wp.com\\\/www.manquepierda.com\\\/futbolandia\\\/files\\\/2014\\\/06\\\/Mertens-belgica.jpg?fit=624%2C351&ssl=1\",\"width\":624,\"height\":351,\"caption\":\"Mertens fue una de las soluciones que Wilmots propuso al partido. Foto: depor.pe\"},{\"@type\":\"BreadcrumbList\",\"@id\":\"https:\\\/\\\/www.manquepierda.com\\\/futbolandia\\\/como-cambiar-el-guion-por-marc-wilmots\\\/#breadcrumb\",\"itemListElement\":[{\"@type\":\"ListItem\",\"position\":1,\"name\":\"Portada\",\"item\":\"https:\\\/\\\/www.manquepierda.com\\\/futbolandia\\\/\"},{\"@type\":\"ListItem\",\"position\":2,\"name\":\"Como cambiar el gui\u00f3n, por Marc Wilmots\"}]},{\"@type\":\"WebSite\",\"@id\":\"https:\\\/\\\/www.manquepierda.com\\\/futbolandia\\\/#website\",\"url\":\"https:\\\/\\\/www.manquepierda.com\\\/futbolandia\\\/\",\"name\":\"Futbolandia\",\"description\":\"Reportajes e informaci\u00f3n sobre f\u00fatbol mundial y j\u00f3venes promesas\",\"potentialAction\":[{\"@type\":\"SearchAction\",\"target\":{\"@type\":\"EntryPoint\",\"urlTemplate\":\"https:\\\/\\\/www.manquepierda.com\\\/futbolandia\\\/?s={search_term_string}\"},\"query-input\":{\"@type\":\"PropertyValueSpecification\",\"valueRequired\":true,\"valueName\":\"search_term_string\"}}],\"inLanguage\":\"es\"},{\"@type\":\"Person\",\"@id\":\"https:\\\/\\\/www.manquepierda.com\\\/futbolandia\\\/#\\\/schema\\\/person\\\/fdb4eabc3c2e0e717a790a4ce10cd2b3\",\"name\":\"Jorge M. Gonz\u00e1lez\",\"image\":{\"@type\":\"ImageObject\",\"inLanguage\":\"es\",\"@id\":\"https:\\\/\\\/secure.gravatar.com\\\/avatar\\\/40fe62083e523c4134f75fb1d06ea73b4503d9162f3c6e89800e90f1bbd7f262?s=96&d=mm&r=g\",\"url\":\"https:\\\/\\\/secure.gravatar.com\\\/avatar\\\/40fe62083e523c4134f75fb1d06ea73b4503d9162f3c6e89800e90f1bbd7f262?s=96&d=mm&r=g\",\"contentUrl\":\"https:\\\/\\\/secure.gravatar.com\\\/avatar\\\/40fe62083e523c4134f75fb1d06ea73b4503d9162f3c6e89800e90f1bbd7f262?s=96&d=mm&r=g\",\"caption\":\"Jorge M. Gonz\u00e1lez\"},\"description\":\"Apasionado del f\u00fatbol internacional y Social Media Manager. Me gusta seguir ligas extranjeras y a las j\u00f3venes promesas de todo el mundo. S\u00edgueme en twitter para compartir afici\u00f3n: @jorgegonex\",\"sameAs\":[\"http:\\\/\\\/manquepierda.com\\\/\",\"https:\\\/\\\/x.com\\\/https:\\\/\\\/twitter.com\\\/jorgegonex\",\"https:\\\/\\\/www.youtube.com\\\/user\\\/FutbolandiaMQP\"],\"url\":\"https:\\\/\\\/www.manquepierda.com\\\/futbolandia\\\/author\\\/jorgegonzalez\\\/\"}]}<\/script>\n<!-- \/ Yoast SEO plugin. -->","yoast_head_json":{"title":"Como cambiar el gui\u00f3n, por Marc Wilmots &#8211; Futbolandia","robots":{"index":"index","follow":"follow","max-snippet":"max-snippet:-1","max-image-preview":"max-image-preview:large","max-video-preview":"max-video-preview:-1"},"canonical":"https:\/\/www.manquepierda.com\/futbolandia\/como-cambiar-el-guion-por-marc-wilmots\/","og_locale":"es_ES","og_type":"article","og_title":"Como cambiar el gui\u00f3n, por Marc Wilmots &#8211; Futbolandia","og_description":"Muchas son las expectativas que ha generado B\u00e9lgica en este Mundial de Brasil 2014. Y no las ha generado por gusto, sino por una generaci\u00f3n cuyo talento parece superior a otras muchas. Los diablos rojos cuentan con jugadores reconocidos internacionalmente, grandes estrellas en sus clubes y llegaron a Brasil bajo la premisa de que, unir...","og_url":"https:\/\/www.manquepierda.com\/futbolandia\/como-cambiar-el-guion-por-marc-wilmots\/","og_site_name":"Futbolandia","article_published_time":"2014-06-18T11:03:35+00:00","article_modified_time":"2015-07-09T07:15:36+00:00","og_image":[{"width":624,"height":351,"url":"https:\/\/i1.wp.com\/www.manquepierda.com\/futbolandia\/files\/2014\/06\/Mertens-belgica.jpg?fit=624%2C351&ssl=1","type":"image\/jpeg"}],"author":"Jorge M. Gonz\u00e1lez","twitter_misc":{"Escrito por":"Jorge M. Gonz\u00e1lez","Tiempo de lectura":"5 minutos"},"schema":{"@context":"https:\/\/schema.org","@graph":[{"@type":"Article","@id":"https:\/\/www.manquepierda.com\/futbolandia\/como-cambiar-el-guion-por-marc-wilmots\/#article","isPartOf":{"@id":"https:\/\/www.manquepierda.com\/futbolandia\/como-cambiar-el-guion-por-marc-wilmots\/"},"author":{"name":"Jorge M. Gonz\u00e1lez","@id":"https:\/\/www.manquepierda.com\/futbolandia\/#\/schema\/person\/fdb4eabc3c2e0e717a790a4ce10cd2b3"},"headline":"Como cambiar el gui\u00f3n, por Marc Wilmots","datePublished":"2014-06-18T11:03:35+00:00","dateModified":"2015-07-09T07:15:36+00:00","mainEntityOfPage":{"@id":"https:\/\/www.manquepierda.com\/futbolandia\/como-cambiar-el-guion-por-marc-wilmots\/"},"wordCount":957,"commentCount":0,"image":{"@id":"https:\/\/www.manquepierda.com\/futbolandia\/como-cambiar-el-guion-por-marc-wilmots\/#primaryimage"},"thumbnailUrl":"https:\/\/i0.wp.com\/www.manquepierda.com\/futbolandia\/files\/2014\/06\/Mertens-belgica.jpg?fit=624%2C351&ssl=1","keywords":["argelia","Belgica","Brasil","feghouli","fellaini","futbol","hazard","mertens","origi","reaccion","remontada","sistema","tecnico","wilmots"],"articleSection":["Portada","Selecciones y combinados nacionales"],"inLanguage":"es","potentialAction":[{"@type":"CommentAction","name":"Comment","target":["https:\/\/www.manquepierda.com\/futbolandia\/como-cambiar-el-guion-por-marc-wilmots\/#respond"]}]},{"@type":"WebPage","@id":"https:\/\/www.manquepierda.com\/futbolandia\/como-cambiar-el-guion-por-marc-wilmots\/","url":"https:\/\/www.manquepierda.com\/futbolandia\/como-cambiar-el-guion-por-marc-wilmots\/","name":"Como cambiar el gui\u00f3n, por Marc Wilmots &#8211; Futbolandia","isPartOf":{"@id":"https:\/\/www.manquepierda.com\/futbolandia\/#website"},"primaryImageOfPage":{"@id":"https:\/\/www.manquepierda.com\/futbolandia\/como-cambiar-el-guion-por-marc-wilmots\/#primaryimage"},"image":{"@id":"https:\/\/www.manquepierda.com\/futbolandia\/como-cambiar-el-guion-por-marc-wilmots\/#primaryimage"},"thumbnailUrl":"https:\/\/i0.wp.com\/www.manquepierda.com\/futbolandia\/files\/2014\/06\/Mertens-belgica.jpg?fit=624%2C351&ssl=1","datePublished":"2014-06-18T11:03:35+00:00","dateModified":"2015-07-09T07:15:36+00:00","author":{"@id":"https:\/\/www.manquepierda.com\/futbolandia\/#\/schema\/person\/fdb4eabc3c2e0e717a790a4ce10cd2b3"},"breadcrumb":{"@id":"https:\/\/www.manquepierda.com\/futbolandia\/como-cambiar-el-guion-por-marc-wilmots\/#breadcrumb"},"inLanguage":"es","potentialAction":[{"@type":"ReadAction","target":["https:\/\/www.manquepierda.com\/futbolandia\/como-cambiar-el-guion-por-marc-wilmots\/"]}]},{"@type":"ImageObject","inLanguage":"es","@id":"https:\/\/www.manquepierda.com\/futbolandia\/como-cambiar-el-guion-por-marc-wilmots\/#primaryimage","url":"https:\/\/i0.wp.com\/www.manquepierda.com\/futbolandia\/files\/2014\/06\/Mertens-belgica.jpg?fit=624%2C351&ssl=1","contentUrl":"https:\/\/i0.wp.com\/www.manquepierda.com\/futbolandia\/files\/2014\/06\/Mertens-belgica.jpg?fit=624%2C351&ssl=1","width":624,"height":351,"caption":"Mertens fue una de las soluciones que Wilmots propuso al partido. Foto: depor.pe"},{"@type":"BreadcrumbList","@id":"https:\/\/www.manquepierda.com\/futbolandia\/como-cambiar-el-guion-por-marc-wilmots\/#breadcrumb","itemListElement":[{"@type":"ListItem","position":1,"name":"Portada","item":"https:\/\/www.manquepierda.com\/futbolandia\/"},{"@type":"ListItem","position":2,"name":"Como cambiar el gui\u00f3n, por Marc Wilmots"}]},{"@type":"WebSite","@id":"https:\/\/www.manquepierda.com\/futbolandia\/#website","url":"https:\/\/www.manquepierda.com\/futbolandia\/","name":"Futbolandia","description":"Reportajes e informaci\u00f3n sobre f\u00fatbol mundial y j\u00f3venes promesas","potentialAction":[{"@type":"SearchAction","target":{"@type":"EntryPoint","urlTemplate":"https:\/\/www.manquepierda.com\/futbolandia\/?s={search_term_string}"},"query-input":{"@type":"PropertyValueSpecification","valueRequired":true,"valueName":"search_term_string"}}],"inLanguage":"es"},{"@type":"Person","@id":"https:\/\/www.manquepierda.com\/futbolandia\/#\/schema\/person\/fdb4eabc3c2e0e717a790a4ce10cd2b3","name":"Jorge M. Gonz\u00e1lez","image":{"@type":"ImageObject","inLanguage":"es","@id":"https:\/\/secure.gravatar.com\/avatar\/40fe62083e523c4134f75fb1d06ea73b4503d9162f3c6e89800e90f1bbd7f262?s=96&d=mm&r=g","url":"https:\/\/secure.gravatar.com\/avatar\/40fe62083e523c4134f75fb1d06ea73b4503d9162f3c6e89800e90f1bbd7f262?s=96&d=mm&r=g","contentUrl":"https:\/\/secure.gravatar.com\/avatar\/40fe62083e523c4134f75fb1d06ea73b4503d9162f3c6e89800e90f1bbd7f262?s=96&d=mm&r=g","caption":"Jorge M. Gonz\u00e1lez"},"description":"Apasionado del f\u00fatbol internacional y Social Media Manager. Me gusta seguir ligas extranjeras y a las j\u00f3venes promesas de todo el mundo. S\u00edgueme en twitter para compartir afici\u00f3n: @jorgegonex","sameAs":["http:\/\/manquepierda.com\/","https:\/\/x.com\/https:\/\/twitter.com\/jorgegonex","https:\/\/www.youtube.com\/user\/FutbolandiaMQP"],"url":"https:\/\/www.manquepierda.com\/futbolandia\/author\/jorgegonzalez\/"}]}},"jetpack_publicize_connections":[],"jetpack_featured_media_url":"https:\/\/i0.wp.com\/www.manquepierda.com\/futbolandia\/files\/2014\/06\/Mertens-belgica.jpg?fit=624%2C351&ssl=1","jetpack_shortlink":"https:\/\/wp.me\/p1THIg-XQ","jetpack_sharing_enabled":true,"_links":{"self":[{"href":"https:\/\/www.manquepierda.com\/futbolandia\/wp-json\/wp\/v2\/posts\/3710","targetHints":{"allow":["GET"]}}],"collection":[{"href":"https:\/\/www.manquepierda.com\/futbolandia\/wp-json\/wp\/v2\/posts"}],"about":[{"href":"https:\/\/www.manquepierda.com\/futbolandia\/wp-json\/wp\/v2\/types\/post"}],"author":[{"embeddable":true,"href":"https:\/\/www.manquepierda.com\/futbolandia\/wp-json\/wp\/v2\/users\/93"}],"replies":[{"embeddable":true,"href":"https:\/\/www.manquepierda.com\/futbolandia\/wp-json\/wp\/v2\/comments?post=3710"}],"version-history":[{"count":0,"href":"https:\/\/www.manquepierda.com\/futbolandia\/wp-json\/wp\/v2\/posts\/3710\/revisions"}],"wp:featuredmedia":[{"embeddable":true,"href":"https:\/\/www.manquepierda.com\/futbolandia\/wp-json\/wp\/v2\/media\/3712"}],"wp:attachment":[{"href":"https:\/\/www.manquepierda.com\/futbolandia\/wp-json\/wp\/v2\/media?parent=3710"}],"wp:term":[{"taxonomy":"category","embeddable":true,"href":"https:\/\/www.manquepierda.com\/futbolandia\/wp-json\/wp\/v2\/categories?post=3710"},{"taxonomy":"post_tag","embeddable":true,"href":"https:\/\/www.manquepierda.com\/futbolandia\/wp-json\/wp\/v2\/tags?post=3710"}],"curies":[{"name":"wp","href":"https:\/\/api.w.org\/{rel}","templated":true}]}}