{"id":3767,"date":"2014-06-29T09:40:12","date_gmt":"2014-06-29T07:40:12","guid":{"rendered":"http:\/\/www.manquepierda.com\/futbolandia\/?p=3767"},"modified":"2015-07-09T09:13:34","modified_gmt":"2015-07-09T07:13:34","slug":"soy-rodriguez-james-rodriguez","status":"publish","type":"post","link":"https:\/\/www.manquepierda.com\/futbolandia\/soy-rodriguez-james-rodriguez\/","title":{"rendered":"Soy Rodr\u00edguez, James Rodr\u00edguez"},"content":{"rendered":"<figure id=\"attachment_3768\" aria-describedby=\"caption-attachment-3768\" style=\"width: 462px\" class=\"wp-caption alignleft\"><a href=\"https:\/\/i0.wp.com\/www.manquepierda.com\/futbolandia\/files\/2014\/06\/James-Rodriguez.jpg\"><img data-recalc-dims=\"1\" loading=\"lazy\" decoding=\"async\" data-attachment-id=\"3768\" data-permalink=\"https:\/\/www.manquepierda.com\/futbolandia\/soy-rodriguez-james-rodriguez\/james-rodriguez\/\" data-orig-file=\"https:\/\/i0.wp.com\/www.manquepierda.com\/futbolandia\/files\/2014\/06\/James-Rodriguez.jpg?fit=650%2C366&amp;ssl=1\" data-orig-size=\"650,366\" data-comments-opened=\"1\" data-image-meta=\"{&quot;aperture&quot;:&quot;0&quot;,&quot;credit&quot;:&quot;AFP&quot;,&quot;camera&quot;:&quot;&quot;,&quot;caption&quot;:&quot;&quot;,&quot;created_timestamp&quot;:&quot;0&quot;,&quot;copyright&quot;:&quot;AFP&quot;,&quot;focal_length&quot;:&quot;0&quot;,&quot;iso&quot;:&quot;0&quot;,&quot;shutter_speed&quot;:&quot;0&quot;,&quot;title&quot;:&quot;&quot;}\" data-image-title=\"James Rodriguez\" data-image-description=\"\" data-image-caption=\"&lt;p&gt;El colombiano se ha convertido en la gran figura de su selecci\u00f3n en el Mundial&lt;br \/&gt;\nFoto: adelaidenow.com.au&lt;\/p&gt;\n\" data-large-file=\"https:\/\/i0.wp.com\/www.manquepierda.com\/futbolandia\/files\/2014\/06\/James-Rodriguez.jpg?fit=650%2C366&amp;ssl=1\" class=\" wp-image-3768\" src=\"https:\/\/i0.wp.com\/www.manquepierda.com\/futbolandia\/files\/2014\/06\/James-Rodriguez.jpg?resize=462%2C260\" alt=\"El colombiano se ha convertido en la gran figura de su selecci\u00f3n en el Mundial Foto: adelaidenow.com.au\" width=\"462\" height=\"260\" srcset=\"https:\/\/i0.wp.com\/www.manquepierda.com\/futbolandia\/files\/2014\/06\/James-Rodriguez.jpg?w=650&amp;ssl=1 650w, https:\/\/i0.wp.com\/www.manquepierda.com\/futbolandia\/files\/2014\/06\/James-Rodriguez.jpg?resize=300%2C168&amp;ssl=1 300w\" sizes=\"auto, (max-width: 462px) 100vw, 462px\" \/><\/a><figcaption id=\"caption-attachment-3768\" class=\"wp-caption-text\">El colombiano se ha convertido en la gran figura de su selecci\u00f3n en el Mundial<br \/>Foto: adelaidenow.com.au<\/figcaption><\/figure>\n<p><strong>Colombia llora de emoci\u00f3n y aplaude a su equipo por la clasificaci\u00f3n de su selecci\u00f3n a cuartos de final del Mundial de Brasil 2014, y lo hace bajo la batuta de una de sus grandes estrellas, James Rodr\u00edguez.<\/strong> Y es que, parafraseando al agente secreto 007 cuando recitaba aquello de \u00absoy Bond, James Bond\u00bb como una de las presentaciones m\u00e1s conocidas en el mundo del cine y la literatura, ayer su tocayo colombiano termin\u00f3 de presentarse al mundo del f\u00fatbol, por si alguien a\u00fan no lo conoc\u00eda.<\/p>\n<p>Y es que si el personaje de Ian Fleming era decisivo para el futuro de Inglaterra, James Rodr\u00edguez lo lleva siendo desde que esto empez\u00f3 en el devenir de Colombia. Ojo, que no es ninguna novedad. Su temporada en el M\u00f3naco, ya lo llev\u00f3 a tomar el relevo de Falcao y erigirse como la figura del equipo del principado. Sus nueve goles as\u00ed lo atestiguan, y <strong>ahora en Colombia ha tenido que tomar exactamente el mismo rol, coger el papel protagonista ante la baja del tigre&#8230; \u00a1Y vaya si lo ha hecho!<\/strong><\/p>\n<p>Ya ante Grecia en el primer partido del Mundial apareci\u00f3 para marcar, al igual que lo hizo en el segundo partido ante Costa de Marfil, abriendo el marcador con un certero cabezazo. En el tercer encuentro cerr\u00f3 el marcador con una espl\u00e9ndida vaselina tras volver loco al \u00faltimo defensor japon\u00e9s y ayer, apareci\u00f3 para clasificar a su selecci\u00f3n a cuartos de final, con dos goles, uno de ellos el que muchos no han tardado en calificar como el mejor gol del campeonato con una volea desde la frontal del \u00e1rea que se torn\u00f3 imposible para Muslera.<\/p>\n<p><strong>El ex del Oporto se convirti\u00f3 ayer en el m\u00e1ximo goleador de Brasil 2014 de momento, y pase lo que pase ya con Colombia, en una de las figuras del Mundial. Y con solo 22 a\u00f1itos.<\/strong> Su futuro pasa por las grandes ligas de Europa.<\/p>\n","protected":false},"excerpt":{"rendered":"<p>Colombia llora de emoci\u00f3n y aplaude a su equipo por la clasificaci\u00f3n de su selecci\u00f3n a cuartos de final del Mundial de Brasil 2014, y lo hace bajo la batuta de una de sus grandes estrellas, James Rodr\u00edguez. Y es que, parafraseando al agente secreto 007 cuando recitaba aquello de \u00absoy Bond, James Bond\u00bb como&#8230;<\/p>\n","protected":false},"author":93,"featured_media":3768,"comment_status":"open","ping_status":"open","sticky":false,"template":"","format":"standard","meta":{"_kad_post_transparent":"","_kad_post_title":"","_kad_post_layout":"","_kad_post_sidebar_id":"","_kad_post_content_style":"","_kad_post_vertical_padding":"","_kad_post_feature":"","_kad_post_feature_position":"","_kad_post_header":false,"_kad_post_footer":false,"_kad_post_classname":"","_jetpack_memberships_contains_paid_content":false,"footnotes":"","jetpack_publicize_message":"","jetpack_publicize_feature_enabled":true,"jetpack_social_post_already_shared":true,"jetpack_social_options":{"image_generator_settings":{"template":"highway","default_image_id":0,"font":"","enabled":false},"version":2}},"categories":[10,2015],"tags":[336,821,1154,43,1318,581,520,1319,917],"class_list":["post-3767","post","type-post","status-publish","format-standard","has-post-thumbnail","hentry","category-portada","category-selecciones-combinados-nacionales","tag-brasil","tag-colombia","tag-goleador","tag-goles","tag-james","tag-mundial","tag-octavos","tag-rodriguez","tag-uruguay"],"yoast_head":"<!-- This site is optimized with the Yoast SEO plugin v27.5 - https:\/\/yoast.com\/product\/yoast-seo-wordpress\/ -->\n<title>Soy Rodr\u00edguez, James Rodr\u00edguez &#8211; Futbolandia<\/title>\n<meta name=\"robots\" content=\"index, follow, max-snippet:-1, max-image-preview:large, max-video-preview:-1\" \/>\n<link rel=\"canonical\" href=\"https:\/\/www.manquepierda.com\/futbolandia\/soy-rodriguez-james-rodriguez\/\" \/>\n<meta property=\"og:locale\" content=\"es_ES\" \/>\n<meta property=\"og:type\" content=\"article\" \/>\n<meta property=\"og:title\" content=\"Soy Rodr\u00edguez, James Rodr\u00edguez &#8211; Futbolandia\" \/>\n<meta property=\"og:description\" content=\"Colombia llora de emoci\u00f3n y aplaude a su equipo por la clasificaci\u00f3n de su selecci\u00f3n a cuartos de final del Mundial de Brasil 2014, y lo hace bajo la batuta de una de sus grandes estrellas, James Rodr\u00edguez. Y es que, parafraseando al agente secreto 007 cuando recitaba aquello de \u00absoy Bond, James Bond\u00bb como...\" \/>\n<meta property=\"og:url\" content=\"https:\/\/www.manquepierda.com\/futbolandia\/soy-rodriguez-james-rodriguez\/\" \/>\n<meta property=\"og:site_name\" content=\"Futbolandia\" \/>\n<meta property=\"article:published_time\" content=\"2014-06-29T07:40:12+00:00\" \/>\n<meta property=\"article:modified_time\" content=\"2015-07-09T07:13:34+00:00\" \/>\n<meta property=\"og:image\" content=\"https:\/\/i0.wp.com\/www.manquepierda.com\/futbolandia\/files\/2014\/06\/James-Rodriguez.jpg?fit=650%2C366&ssl=1\" \/>\n\t<meta property=\"og:image:width\" content=\"650\" \/>\n\t<meta property=\"og:image:height\" content=\"366\" \/>\n\t<meta property=\"og:image:type\" content=\"image\/jpeg\" \/>\n<meta name=\"author\" content=\"Jorge M. Gonz\u00e1lez\" \/>\n<meta name=\"twitter:label1\" content=\"Escrito por\" \/>\n\t<meta name=\"twitter:data1\" content=\"Jorge M. Gonz\u00e1lez\" \/>\n\t<meta name=\"twitter:label2\" content=\"Tiempo de lectura\" \/>\n\t<meta name=\"twitter:data2\" content=\"2 minutos\" \/>\n<script type=\"application\/ld+json\" class=\"yoast-schema-graph\">{\"@context\":\"https:\\\/\\\/schema.org\",\"@graph\":[{\"@type\":\"Article\",\"@id\":\"https:\\\/\\\/www.manquepierda.com\\\/futbolandia\\\/soy-rodriguez-james-rodriguez\\\/#article\",\"isPartOf\":{\"@id\":\"https:\\\/\\\/www.manquepierda.com\\\/futbolandia\\\/soy-rodriguez-james-rodriguez\\\/\"},\"author\":{\"name\":\"Jorge M. Gonz\u00e1lez\",\"@id\":\"https:\\\/\\\/www.manquepierda.com\\\/futbolandia\\\/#\\\/schema\\\/person\\\/fdb4eabc3c2e0e717a790a4ce10cd2b3\"},\"headline\":\"Soy Rodr\u00edguez, James Rodr\u00edguez\",\"datePublished\":\"2014-06-29T07:40:12+00:00\",\"dateModified\":\"2015-07-09T07:13:34+00:00\",\"mainEntityOfPage\":{\"@id\":\"https:\\\/\\\/www.manquepierda.com\\\/futbolandia\\\/soy-rodriguez-james-rodriguez\\\/\"},\"wordCount\":363,\"commentCount\":0,\"image\":{\"@id\":\"https:\\\/\\\/www.manquepierda.com\\\/futbolandia\\\/soy-rodriguez-james-rodriguez\\\/#primaryimage\"},\"thumbnailUrl\":\"https:\\\/\\\/i0.wp.com\\\/www.manquepierda.com\\\/futbolandia\\\/files\\\/2014\\\/06\\\/James-Rodriguez.jpg?fit=650%2C366&ssl=1\",\"keywords\":[\"Brasil\",\"colombia\",\"goleador\",\"goles\",\"james\",\"mundial\",\"Octavos\",\"rodriguez\",\"Uruguay\"],\"articleSection\":[\"Portada\",\"Selecciones y combinados nacionales\"],\"inLanguage\":\"es\",\"potentialAction\":[{\"@type\":\"CommentAction\",\"name\":\"Comment\",\"target\":[\"https:\\\/\\\/www.manquepierda.com\\\/futbolandia\\\/soy-rodriguez-james-rodriguez\\\/#respond\"]}]},{\"@type\":\"WebPage\",\"@id\":\"https:\\\/\\\/www.manquepierda.com\\\/futbolandia\\\/soy-rodriguez-james-rodriguez\\\/\",\"url\":\"https:\\\/\\\/www.manquepierda.com\\\/futbolandia\\\/soy-rodriguez-james-rodriguez\\\/\",\"name\":\"Soy Rodr\u00edguez, James Rodr\u00edguez &#8211; Futbolandia\",\"isPartOf\":{\"@id\":\"https:\\\/\\\/www.manquepierda.com\\\/futbolandia\\\/#website\"},\"primaryImageOfPage\":{\"@id\":\"https:\\\/\\\/www.manquepierda.com\\\/futbolandia\\\/soy-rodriguez-james-rodriguez\\\/#primaryimage\"},\"image\":{\"@id\":\"https:\\\/\\\/www.manquepierda.com\\\/futbolandia\\\/soy-rodriguez-james-rodriguez\\\/#primaryimage\"},\"thumbnailUrl\":\"https:\\\/\\\/i0.wp.com\\\/www.manquepierda.com\\\/futbolandia\\\/files\\\/2014\\\/06\\\/James-Rodriguez.jpg?fit=650%2C366&ssl=1\",\"datePublished\":\"2014-06-29T07:40:12+00:00\",\"dateModified\":\"2015-07-09T07:13:34+00:00\",\"author\":{\"@id\":\"https:\\\/\\\/www.manquepierda.com\\\/futbolandia\\\/#\\\/schema\\\/person\\\/fdb4eabc3c2e0e717a790a4ce10cd2b3\"},\"breadcrumb\":{\"@id\":\"https:\\\/\\\/www.manquepierda.com\\\/futbolandia\\\/soy-rodriguez-james-rodriguez\\\/#breadcrumb\"},\"inLanguage\":\"es\",\"potentialAction\":[{\"@type\":\"ReadAction\",\"target\":[\"https:\\\/\\\/www.manquepierda.com\\\/futbolandia\\\/soy-rodriguez-james-rodriguez\\\/\"]}]},{\"@type\":\"ImageObject\",\"inLanguage\":\"es\",\"@id\":\"https:\\\/\\\/www.manquepierda.com\\\/futbolandia\\\/soy-rodriguez-james-rodriguez\\\/#primaryimage\",\"url\":\"https:\\\/\\\/i0.wp.com\\\/www.manquepierda.com\\\/futbolandia\\\/files\\\/2014\\\/06\\\/James-Rodriguez.jpg?fit=650%2C366&ssl=1\",\"contentUrl\":\"https:\\\/\\\/i0.wp.com\\\/www.manquepierda.com\\\/futbolandia\\\/files\\\/2014\\\/06\\\/James-Rodriguez.jpg?fit=650%2C366&ssl=1\",\"width\":650,\"height\":366,\"caption\":\"El colombiano se ha convertido en la gran figura de su selecci\u00f3n en el Mundial Foto: adelaidenow.com.au\"},{\"@type\":\"BreadcrumbList\",\"@id\":\"https:\\\/\\\/www.manquepierda.com\\\/futbolandia\\\/soy-rodriguez-james-rodriguez\\\/#breadcrumb\",\"itemListElement\":[{\"@type\":\"ListItem\",\"position\":1,\"name\":\"Portada\",\"item\":\"https:\\\/\\\/www.manquepierda.com\\\/futbolandia\\\/\"},{\"@type\":\"ListItem\",\"position\":2,\"name\":\"Soy Rodr\u00edguez, James Rodr\u00edguez\"}]},{\"@type\":\"WebSite\",\"@id\":\"https:\\\/\\\/www.manquepierda.com\\\/futbolandia\\\/#website\",\"url\":\"https:\\\/\\\/www.manquepierda.com\\\/futbolandia\\\/\",\"name\":\"Futbolandia\",\"description\":\"Reportajes e informaci\u00f3n sobre f\u00fatbol mundial y j\u00f3venes promesas\",\"potentialAction\":[{\"@type\":\"SearchAction\",\"target\":{\"@type\":\"EntryPoint\",\"urlTemplate\":\"https:\\\/\\\/www.manquepierda.com\\\/futbolandia\\\/?s={search_term_string}\"},\"query-input\":{\"@type\":\"PropertyValueSpecification\",\"valueRequired\":true,\"valueName\":\"search_term_string\"}}],\"inLanguage\":\"es\"},{\"@type\":\"Person\",\"@id\":\"https:\\\/\\\/www.manquepierda.com\\\/futbolandia\\\/#\\\/schema\\\/person\\\/fdb4eabc3c2e0e717a790a4ce10cd2b3\",\"name\":\"Jorge M. Gonz\u00e1lez\",\"image\":{\"@type\":\"ImageObject\",\"inLanguage\":\"es\",\"@id\":\"https:\\\/\\\/secure.gravatar.com\\\/avatar\\\/40fe62083e523c4134f75fb1d06ea73b4503d9162f3c6e89800e90f1bbd7f262?s=96&d=mm&r=g\",\"url\":\"https:\\\/\\\/secure.gravatar.com\\\/avatar\\\/40fe62083e523c4134f75fb1d06ea73b4503d9162f3c6e89800e90f1bbd7f262?s=96&d=mm&r=g\",\"contentUrl\":\"https:\\\/\\\/secure.gravatar.com\\\/avatar\\\/40fe62083e523c4134f75fb1d06ea73b4503d9162f3c6e89800e90f1bbd7f262?s=96&d=mm&r=g\",\"caption\":\"Jorge M. Gonz\u00e1lez\"},\"description\":\"Apasionado del f\u00fatbol internacional y Social Media Manager. Me gusta seguir ligas extranjeras y a las j\u00f3venes promesas de todo el mundo. S\u00edgueme en twitter para compartir afici\u00f3n: @jorgegonex\",\"sameAs\":[\"http:\\\/\\\/manquepierda.com\\\/\",\"https:\\\/\\\/x.com\\\/https:\\\/\\\/twitter.com\\\/jorgegonex\",\"https:\\\/\\\/www.youtube.com\\\/user\\\/FutbolandiaMQP\"],\"url\":\"https:\\\/\\\/www.manquepierda.com\\\/futbolandia\\\/author\\\/jorgegonzalez\\\/\"}]}<\/script>\n<!-- \/ Yoast SEO plugin. -->","yoast_head_json":{"title":"Soy Rodr\u00edguez, James Rodr\u00edguez &#8211; Futbolandia","robots":{"index":"index","follow":"follow","max-snippet":"max-snippet:-1","max-image-preview":"max-image-preview:large","max-video-preview":"max-video-preview:-1"},"canonical":"https:\/\/www.manquepierda.com\/futbolandia\/soy-rodriguez-james-rodriguez\/","og_locale":"es_ES","og_type":"article","og_title":"Soy Rodr\u00edguez, James Rodr\u00edguez &#8211; Futbolandia","og_description":"Colombia llora de emoci\u00f3n y aplaude a su equipo por la clasificaci\u00f3n de su selecci\u00f3n a cuartos de final del Mundial de Brasil 2014, y lo hace bajo la batuta de una de sus grandes estrellas, James Rodr\u00edguez. Y es que, parafraseando al agente secreto 007 cuando recitaba aquello de \u00absoy Bond, James Bond\u00bb como...","og_url":"https:\/\/www.manquepierda.com\/futbolandia\/soy-rodriguez-james-rodriguez\/","og_site_name":"Futbolandia","article_published_time":"2014-06-29T07:40:12+00:00","article_modified_time":"2015-07-09T07:13:34+00:00","og_image":[{"width":650,"height":366,"url":"https:\/\/i0.wp.com\/www.manquepierda.com\/futbolandia\/files\/2014\/06\/James-Rodriguez.jpg?fit=650%2C366&ssl=1","type":"image\/jpeg"}],"author":"Jorge M. Gonz\u00e1lez","twitter_misc":{"Escrito por":"Jorge M. Gonz\u00e1lez","Tiempo de lectura":"2 minutos"},"schema":{"@context":"https:\/\/schema.org","@graph":[{"@type":"Article","@id":"https:\/\/www.manquepierda.com\/futbolandia\/soy-rodriguez-james-rodriguez\/#article","isPartOf":{"@id":"https:\/\/www.manquepierda.com\/futbolandia\/soy-rodriguez-james-rodriguez\/"},"author":{"name":"Jorge M. Gonz\u00e1lez","@id":"https:\/\/www.manquepierda.com\/futbolandia\/#\/schema\/person\/fdb4eabc3c2e0e717a790a4ce10cd2b3"},"headline":"Soy Rodr\u00edguez, James Rodr\u00edguez","datePublished":"2014-06-29T07:40:12+00:00","dateModified":"2015-07-09T07:13:34+00:00","mainEntityOfPage":{"@id":"https:\/\/www.manquepierda.com\/futbolandia\/soy-rodriguez-james-rodriguez\/"},"wordCount":363,"commentCount":0,"image":{"@id":"https:\/\/www.manquepierda.com\/futbolandia\/soy-rodriguez-james-rodriguez\/#primaryimage"},"thumbnailUrl":"https:\/\/i0.wp.com\/www.manquepierda.com\/futbolandia\/files\/2014\/06\/James-Rodriguez.jpg?fit=650%2C366&ssl=1","keywords":["Brasil","colombia","goleador","goles","james","mundial","Octavos","rodriguez","Uruguay"],"articleSection":["Portada","Selecciones y combinados nacionales"],"inLanguage":"es","potentialAction":[{"@type":"CommentAction","name":"Comment","target":["https:\/\/www.manquepierda.com\/futbolandia\/soy-rodriguez-james-rodriguez\/#respond"]}]},{"@type":"WebPage","@id":"https:\/\/www.manquepierda.com\/futbolandia\/soy-rodriguez-james-rodriguez\/","url":"https:\/\/www.manquepierda.com\/futbolandia\/soy-rodriguez-james-rodriguez\/","name":"Soy Rodr\u00edguez, James Rodr\u00edguez &#8211; Futbolandia","isPartOf":{"@id":"https:\/\/www.manquepierda.com\/futbolandia\/#website"},"primaryImageOfPage":{"@id":"https:\/\/www.manquepierda.com\/futbolandia\/soy-rodriguez-james-rodriguez\/#primaryimage"},"image":{"@id":"https:\/\/www.manquepierda.com\/futbolandia\/soy-rodriguez-james-rodriguez\/#primaryimage"},"thumbnailUrl":"https:\/\/i0.wp.com\/www.manquepierda.com\/futbolandia\/files\/2014\/06\/James-Rodriguez.jpg?fit=650%2C366&ssl=1","datePublished":"2014-06-29T07:40:12+00:00","dateModified":"2015-07-09T07:13:34+00:00","author":{"@id":"https:\/\/www.manquepierda.com\/futbolandia\/#\/schema\/person\/fdb4eabc3c2e0e717a790a4ce10cd2b3"},"breadcrumb":{"@id":"https:\/\/www.manquepierda.com\/futbolandia\/soy-rodriguez-james-rodriguez\/#breadcrumb"},"inLanguage":"es","potentialAction":[{"@type":"ReadAction","target":["https:\/\/www.manquepierda.com\/futbolandia\/soy-rodriguez-james-rodriguez\/"]}]},{"@type":"ImageObject","inLanguage":"es","@id":"https:\/\/www.manquepierda.com\/futbolandia\/soy-rodriguez-james-rodriguez\/#primaryimage","url":"https:\/\/i0.wp.com\/www.manquepierda.com\/futbolandia\/files\/2014\/06\/James-Rodriguez.jpg?fit=650%2C366&ssl=1","contentUrl":"https:\/\/i0.wp.com\/www.manquepierda.com\/futbolandia\/files\/2014\/06\/James-Rodriguez.jpg?fit=650%2C366&ssl=1","width":650,"height":366,"caption":"El colombiano se ha convertido en la gran figura de su selecci\u00f3n en el Mundial Foto: adelaidenow.com.au"},{"@type":"BreadcrumbList","@id":"https:\/\/www.manquepierda.com\/futbolandia\/soy-rodriguez-james-rodriguez\/#breadcrumb","itemListElement":[{"@type":"ListItem","position":1,"name":"Portada","item":"https:\/\/www.manquepierda.com\/futbolandia\/"},{"@type":"ListItem","position":2,"name":"Soy Rodr\u00edguez, James Rodr\u00edguez"}]},{"@type":"WebSite","@id":"https:\/\/www.manquepierda.com\/futbolandia\/#website","url":"https:\/\/www.manquepierda.com\/futbolandia\/","name":"Futbolandia","description":"Reportajes e informaci\u00f3n sobre f\u00fatbol mundial y j\u00f3venes promesas","potentialAction":[{"@type":"SearchAction","target":{"@type":"EntryPoint","urlTemplate":"https:\/\/www.manquepierda.com\/futbolandia\/?s={search_term_string}"},"query-input":{"@type":"PropertyValueSpecification","valueRequired":true,"valueName":"search_term_string"}}],"inLanguage":"es"},{"@type":"Person","@id":"https:\/\/www.manquepierda.com\/futbolandia\/#\/schema\/person\/fdb4eabc3c2e0e717a790a4ce10cd2b3","name":"Jorge M. Gonz\u00e1lez","image":{"@type":"ImageObject","inLanguage":"es","@id":"https:\/\/secure.gravatar.com\/avatar\/40fe62083e523c4134f75fb1d06ea73b4503d9162f3c6e89800e90f1bbd7f262?s=96&d=mm&r=g","url":"https:\/\/secure.gravatar.com\/avatar\/40fe62083e523c4134f75fb1d06ea73b4503d9162f3c6e89800e90f1bbd7f262?s=96&d=mm&r=g","contentUrl":"https:\/\/secure.gravatar.com\/avatar\/40fe62083e523c4134f75fb1d06ea73b4503d9162f3c6e89800e90f1bbd7f262?s=96&d=mm&r=g","caption":"Jorge M. Gonz\u00e1lez"},"description":"Apasionado del f\u00fatbol internacional y Social Media Manager. Me gusta seguir ligas extranjeras y a las j\u00f3venes promesas de todo el mundo. S\u00edgueme en twitter para compartir afici\u00f3n: @jorgegonex","sameAs":["http:\/\/manquepierda.com\/","https:\/\/x.com\/https:\/\/twitter.com\/jorgegonex","https:\/\/www.youtube.com\/user\/FutbolandiaMQP"],"url":"https:\/\/www.manquepierda.com\/futbolandia\/author\/jorgegonzalez\/"}]}},"jetpack_publicize_connections":[],"jetpack_featured_media_url":"https:\/\/i0.wp.com\/www.manquepierda.com\/futbolandia\/files\/2014\/06\/James-Rodriguez.jpg?fit=650%2C366&ssl=1","jetpack_shortlink":"https:\/\/wp.me\/p1THIg-YL","jetpack_sharing_enabled":true,"_links":{"self":[{"href":"https:\/\/www.manquepierda.com\/futbolandia\/wp-json\/wp\/v2\/posts\/3767","targetHints":{"allow":["GET"]}}],"collection":[{"href":"https:\/\/www.manquepierda.com\/futbolandia\/wp-json\/wp\/v2\/posts"}],"about":[{"href":"https:\/\/www.manquepierda.com\/futbolandia\/wp-json\/wp\/v2\/types\/post"}],"author":[{"embeddable":true,"href":"https:\/\/www.manquepierda.com\/futbolandia\/wp-json\/wp\/v2\/users\/93"}],"replies":[{"embeddable":true,"href":"https:\/\/www.manquepierda.com\/futbolandia\/wp-json\/wp\/v2\/comments?post=3767"}],"version-history":[{"count":0,"href":"https:\/\/www.manquepierda.com\/futbolandia\/wp-json\/wp\/v2\/posts\/3767\/revisions"}],"wp:featuredmedia":[{"embeddable":true,"href":"https:\/\/www.manquepierda.com\/futbolandia\/wp-json\/wp\/v2\/media\/3768"}],"wp:attachment":[{"href":"https:\/\/www.manquepierda.com\/futbolandia\/wp-json\/wp\/v2\/media?parent=3767"}],"wp:term":[{"taxonomy":"category","embeddable":true,"href":"https:\/\/www.manquepierda.com\/futbolandia\/wp-json\/wp\/v2\/categories?post=3767"},{"taxonomy":"post_tag","embeddable":true,"href":"https:\/\/www.manquepierda.com\/futbolandia\/wp-json\/wp\/v2\/tags?post=3767"}],"curies":[{"name":"wp","href":"https:\/\/api.w.org\/{rel}","templated":true}]}}