{"id":3781,"date":"2014-07-04T17:49:18","date_gmt":"2014-07-04T15:49:18","guid":{"rendered":"http:\/\/www.manquepierda.com\/futbolandia\/?p=3781"},"modified":"2015-07-09T09:13:09","modified_gmt":"2015-07-09T07:13:09","slug":"ahora-si-el-espectaculo-debe-continuar","status":"publish","type":"post","link":"https:\/\/www.manquepierda.com\/futbolandia\/ahora-si-el-espectaculo-debe-continuar\/","title":{"rendered":"Ahora s\u00ed, el espect\u00e1culo debe continuar"},"content":{"rendered":"<p>Llegados al punto de no retorno de esta Copa del Mundo, lo \u00fanico que queda es sentarnos a disfrutar de lo que se prev\u00e9 ser\u00e1 una de las mejores fases eliminatorias de la historia de los Mundiales. Tan s\u00f3lo restan 8 de las 209 confederaciones que han tomado parte desde los comienzos de este torneo. Han superado el corte del clasificatorio (algunos m\u00e1s duros que otros), de la fase de grupos y de unos octavos de final ante rivales directos. Si est\u00e1n donde est\u00e1n, no es por fortuna, es por trabajo, por entrega, por f\u00fatbol. Y a partir de ahora <strong>s\u00f3lo los mejores podr\u00e1n seguir su sue\u00f1o<\/strong>, un sue\u00f1o que todos nosotros estamos dispuestos a presenciar.<\/p>\n<figure id=\"attachment_3784\" aria-describedby=\"caption-attachment-3784\" style=\"width: 375px\" class=\"wp-caption alignleft\"><a href=\"https:\/\/i0.wp.com\/www.manquepierda.com\/futbolandia\/files\/2014\/07\/Michael-Giancarlo-Gonzalez-CARLOS-BORBON_LNCIMA20140615_0103_5.jpg\"><img data-recalc-dims=\"1\" loading=\"lazy\" decoding=\"async\" data-attachment-id=\"3784\" data-permalink=\"https:\/\/www.manquepierda.com\/futbolandia\/ahora-si-el-espectaculo-debe-continuar\/michael-giancarlo-gonzalez-carlos-borbon_lncima20140615_0103_5\/\" data-orig-file=\"https:\/\/i0.wp.com\/www.manquepierda.com\/futbolandia\/files\/2014\/07\/Michael-Giancarlo-Gonzalez-CARLOS-BORBON_LNCIMA20140615_0103_5.jpg?fit=797%2C526&amp;ssl=1\" data-orig-size=\"797,526\" data-comments-opened=\"1\" data-image-meta=\"{&quot;aperture&quot;:&quot;0&quot;,&quot;credit&quot;:&quot;&quot;,&quot;camera&quot;:&quot;&quot;,&quot;caption&quot;:&quot;&quot;,&quot;created_timestamp&quot;:&quot;0&quot;,&quot;copyright&quot;:&quot;&quot;,&quot;focal_length&quot;:&quot;0&quot;,&quot;iso&quot;:&quot;0&quot;,&quot;shutter_speed&quot;:&quot;0&quot;,&quot;title&quot;:&quot;&quot;}\" data-image-title=\"Michael-Giancarlo-Gonzalez-CARLOS-BORBON_LNCIMA20140615_0103_5\" data-image-description=\"\" data-image-caption=\"&lt;p&gt;Costa Rica ha sido la gran inesperada en los cuartos | Foto: La Naci\u00f3n CR&lt;\/p&gt;\n\" data-large-file=\"https:\/\/i0.wp.com\/www.manquepierda.com\/futbolandia\/files\/2014\/07\/Michael-Giancarlo-Gonzalez-CARLOS-BORBON_LNCIMA20140615_0103_5.jpg?fit=797%2C526&amp;ssl=1\" class=\"wp-image-3784\" src=\"https:\/\/i0.wp.com\/www.manquepierda.com\/futbolandia\/files\/2014\/07\/Michael-Giancarlo-Gonzalez-CARLOS-BORBON_LNCIMA20140615_0103_5.jpg?resize=375%2C247\" alt=\"Costa Rica ha sido la gran inesperada en los cuartos | Foto: La Naci\u00f3n CR\" width=\"375\" height=\"247\" srcset=\"https:\/\/i0.wp.com\/www.manquepierda.com\/futbolandia\/files\/2014\/07\/Michael-Giancarlo-Gonzalez-CARLOS-BORBON_LNCIMA20140615_0103_5.jpg?w=797&amp;ssl=1 797w, https:\/\/i0.wp.com\/www.manquepierda.com\/futbolandia\/files\/2014\/07\/Michael-Giancarlo-Gonzalez-CARLOS-BORBON_LNCIMA20140615_0103_5.jpg?resize=300%2C197&amp;ssl=1 300w\" sizes=\"auto, (max-width: 375px) 100vw, 375px\" \/><\/a><figcaption id=\"caption-attachment-3784\" class=\"wp-caption-text\">Costa Rica ha sido la gran inesperada en los cuartos | Foto: La Naci\u00f3n CR<\/figcaption><\/figure>\n<p>Repasando el cuadro final nos encontramos con selecciones que no han fallado hasta el acto, que han cumplido con todas las expectativas que ten\u00edan hasta el momento y han logrado por m\u00e9ritos propios un puesto al que estaban obligadas a llegar, como<strong> la anfitriona Brasil<\/strong> y otras dos de las favoritas,<strong> la <em>Mannschaft <\/em>y la \u2018albiceleste\u2019<\/strong>. Adem\u00e1s, nos encontramos con<strong> <em>les bleus<\/em><\/strong> y la <strong>\u2018naranja mec\u00e1nica\u2019<\/strong>, dos potencias hist\u00f3ricas que parec\u00edan no llegar en su mejor momento y han sorprendido a todos por su buen estado de forma, llegando a ser calificadas de favoritas. Por \u00faltimo, nos quedan<strong> las revelaciones<\/strong>. Una, la que todos esperaban, <strong>la B\u00e9lgica de Wilmots<\/strong>; la otra es la que m\u00e1s ha gustado por su alegr\u00eda natural y su desparpajo,<strong> la Colombia de P\u00e9kerman<\/strong>; y para terminar la que ha dejado boquiabierto al mundo y ha enamorado a quien la ha visto,<strong> la Costa Rica de Pinto<\/strong>. Estas son las 8 integrantes de unos cuartos de final hist\u00f3ricos que s\u00f3lo los mejores podr\u00e1n solventar.<\/p>\n<p>Tambi\u00e9n podremos ver en los cuatro partidos que se vienen a algunos de los m\u00e1ximos goleadores del torneo, que intentar\u00e1n aumentar sus cifras anotadoras para llevar a sus respectivos pa\u00edses a las semifinales. Con <strong>5 goles<\/strong> lidera en solitario<strong> James Rodr\u00edguez<\/strong> (Colombia); le siguen <strong>con 4 Neymar<\/strong> (Brasil), <strong>Leo Messi<\/strong> (Argentina) y <strong>Thomas M\u00fcller<\/strong> (Alemania). Y con <strong>3 goles<\/strong> en su haber est\u00e1n los holandeses <strong>Arjen Robben<\/strong> y <strong>Robin van Persie<\/strong> y el galo <strong>Karim Benzema<\/strong>. Estos son algunos de los principales atractivos en ataque de los cruces, pero <strong>tambi\u00e9n tomar\u00e1n protagonismo las defensas y los porteros<\/strong>, que parecen estar de dulce.<\/p>\n<p>7 zagueros de los 8 equipos han logrado anotar un gol en lo que va de Mundial: <strong>David Luiz<\/strong> (Brasil), <strong>Pablo Armero<\/strong> (Colombia), <strong>Mats Hummels<\/strong> (Alemania), <strong>Marcos Rojo<\/strong> (Argentina), <strong>Jan Vertonghen<\/strong> (B\u00e9lgica), <strong>Stefan de Vrij<\/strong> (Holanda) y <strong>Oscar Duarte<\/strong> (Costa Rica) han visto porter\u00eda; y el portero que m\u00e1s veces ha dejado su meta en blanco ha sido <strong>Hugo Lloris<\/strong> (Francia), hasta en tres ocasiones (contra Honduras, Ecuador y Nigeria).<\/p>\n<figure id=\"attachment_3783\" aria-describedby=\"caption-attachment-3783\" style=\"width: 350px\" class=\"wp-caption alignright\"><a href=\"https:\/\/i0.wp.com\/www.manquepierda.com\/futbolandia\/files\/2014\/07\/423481_heroa.jpg\"><img data-recalc-dims=\"1\" loading=\"lazy\" decoding=\"async\" data-attachment-id=\"3783\" data-permalink=\"https:\/\/www.manquepierda.com\/futbolandia\/ahora-si-el-espectaculo-debe-continuar\/423481_heroa\/\" data-orig-file=\"https:\/\/i0.wp.com\/www.manquepierda.com\/futbolandia\/files\/2014\/07\/423481_heroa.jpg?fit=594%2C396&amp;ssl=1\" data-orig-size=\"594,396\" data-comments-opened=\"1\" data-image-meta=\"{&quot;aperture&quot;:&quot;0&quot;,&quot;credit&quot;:&quot;&quot;,&quot;camera&quot;:&quot;&quot;,&quot;caption&quot;:&quot;&quot;,&quot;created_timestamp&quot;:&quot;0&quot;,&quot;copyright&quot;:&quot;&quot;,&quot;focal_length&quot;:&quot;0&quot;,&quot;iso&quot;:&quot;0&quot;,&quot;shutter_speed&quot;:&quot;0&quot;,&quot;title&quot;:&quot;&quot;}\" data-image-title=\"423481_heroa\" data-image-description=\"\" data-image-caption=\"\" data-large-file=\"https:\/\/i0.wp.com\/www.manquepierda.com\/futbolandia\/files\/2014\/07\/423481_heroa.jpg?fit=594%2C396&amp;ssl=1\" class=\"wp-image-3783\" src=\"https:\/\/i0.wp.com\/www.manquepierda.com\/futbolandia\/files\/2014\/07\/423481_heroa.jpg?resize=350%2C233\" alt=\"423481_heroa\" width=\"350\" height=\"233\" srcset=\"https:\/\/i0.wp.com\/www.manquepierda.com\/futbolandia\/files\/2014\/07\/423481_heroa.jpg?w=594&amp;ssl=1 594w, https:\/\/i0.wp.com\/www.manquepierda.com\/futbolandia\/files\/2014\/07\/423481_heroa.jpg?resize=300%2C200&amp;ssl=1 300w\" sizes=\"auto, (max-width: 350px) 100vw, 350px\" \/><\/a><figcaption id=\"caption-attachment-3783\" class=\"wp-caption-text\">La Colombia de James ha enamorado al mundo | Foto: GOAL<\/figcaption><\/figure>\n<p>Ofensivamente,<strong> los mejores han sido los holandeses con 12 tantos<\/strong>, una media de 3 por partido y un m\u00e1ximo en un mismo partido de hasta 5 (contra Espa\u00f1a), mientras que<strong> los mejores en defensa, con tan s\u00f3lo 2 encajados<\/strong> y una media de 0\u20195 por partido han sido <strong>Colombia<\/strong>, <strong>Francia<\/strong>, <strong>Costa Rica<\/strong> y<strong> B\u00e9lgica<\/strong>. El mejor balance es el <strong>cafetero, con 11 goles a favor y 2 en contra, un total de +9<\/strong>, mientras que <strong>el peor es el costarricense, de +3 con los 5 goles anotados y 2 encajados<\/strong>.<\/p>\n<p>Esto, no obstante, son \u00fanicamente estad\u00edsticas que servir\u00e1n para adornar el espect\u00e1culo del f\u00fatbol, que est\u00e1 a punto de comenzar. Brasil o Colombia, Francia o Alemania, Holanda o Costa Rica, Argentina o B\u00e9lgica. De nuevo, <strong>Brasil dictar\u00e1 sentencia<\/strong>.<\/p>\n","protected":false},"excerpt":{"rendered":"<p>Llegados al punto de no retorno de esta Copa del Mundo, lo \u00fanico que queda es sentarnos a disfrutar de lo que se prev\u00e9 ser\u00e1 una de las mejores fases eliminatorias de la historia de los Mundiales. Tan s\u00f3lo restan 8 de las 209 confederaciones que han tomado parte desde los comienzos de este torneo&#8230;.<\/p>\n","protected":false},"author":313,"featured_media":3789,"comment_status":"open","ping_status":"open","sticky":false,"template":"","format":"standard","meta":{"_kad_post_transparent":"","_kad_post_title":"","_kad_post_layout":"","_kad_post_sidebar_id":"","_kad_post_content_style":"","_kad_post_vertical_padding":"","_kad_post_feature":"","_kad_post_feature_position":"","_kad_post_header":false,"_kad_post_footer":false,"_kad_post_classname":"","_jetpack_memberships_contains_paid_content":false,"footnotes":"","jetpack_publicize_message":"","jetpack_publicize_feature_enabled":true,"jetpack_social_post_already_shared":true,"jetpack_social_options":{"image_generator_settings":{"template":"highway","default_image_id":0,"font":"","enabled":false},"version":2}},"categories":[10,2015],"tags":[678,438,341,336,821,1259,548,420,674,1318,1321,581],"class_list":["post-3781","post","type-post","status-publish","format-standard","has-post-thumbnail","hentry","category-portada","category-selecciones-combinados-nacionales","tag-alemania","tag-argentina","tag-belgica","tag-brasil","tag-colombia","tag-costa-rica","tag-cuartos","tag-francia","tag-holanda","tag-james","tag-keylor","tag-mundial"],"yoast_head":"<!-- This site is optimized with the Yoast SEO plugin v27.5 - https:\/\/yoast.com\/product\/yoast-seo-wordpress\/ -->\n<title>Ahora s\u00ed, el espect\u00e1culo debe continuar &#8211; Futbolandia<\/title>\n<meta name=\"robots\" content=\"index, follow, max-snippet:-1, max-image-preview:large, max-video-preview:-1\" \/>\n<link rel=\"canonical\" href=\"https:\/\/www.manquepierda.com\/futbolandia\/ahora-si-el-espectaculo-debe-continuar\/\" \/>\n<meta property=\"og:locale\" content=\"es_ES\" \/>\n<meta property=\"og:type\" content=\"article\" \/>\n<meta property=\"og:title\" content=\"Ahora s\u00ed, el espect\u00e1culo debe continuar &#8211; Futbolandia\" \/>\n<meta property=\"og:description\" content=\"Llegados al punto de no retorno de esta Copa del Mundo, lo \u00fanico que queda es sentarnos a disfrutar de lo que se prev\u00e9 ser\u00e1 una de las mejores fases eliminatorias de la historia de los Mundiales. Tan s\u00f3lo restan 8 de las 209 confederaciones que han tomado parte desde los comienzos de este torneo....\" \/>\n<meta property=\"og:url\" content=\"https:\/\/www.manquepierda.com\/futbolandia\/ahora-si-el-espectaculo-debe-continuar\/\" \/>\n<meta property=\"og:site_name\" content=\"Futbolandia\" \/>\n<meta property=\"article:published_time\" content=\"2014-07-04T15:49:18+00:00\" \/>\n<meta property=\"article:modified_time\" content=\"2015-07-09T07:13:09+00:00\" \/>\n<meta property=\"og:image\" content=\"https:\/\/i0.wp.com\/www.manquepierda.com\/futbolandia\/files\/2014\/07\/colombia-baile-celebracion-mundial.jpg?fit=700%2C394&ssl=1\" \/>\n\t<meta property=\"og:image:width\" content=\"700\" \/>\n\t<meta property=\"og:image:height\" content=\"394\" \/>\n\t<meta property=\"og:image:type\" content=\"image\/jpeg\" \/>\n<meta name=\"author\" content=\"Marc Mart\u00ednez Barroso\" \/>\n<meta name=\"twitter:label1\" content=\"Escrito por\" \/>\n\t<meta name=\"twitter:data1\" content=\"Marc Mart\u00ednez Barroso\" \/>\n\t<meta name=\"twitter:label2\" content=\"Tiempo de lectura\" \/>\n\t<meta name=\"twitter:data2\" content=\"3 minutos\" \/>\n<script type=\"application\/ld+json\" class=\"yoast-schema-graph\">{\"@context\":\"https:\\\/\\\/schema.org\",\"@graph\":[{\"@type\":\"Article\",\"@id\":\"https:\\\/\\\/www.manquepierda.com\\\/futbolandia\\\/ahora-si-el-espectaculo-debe-continuar\\\/#article\",\"isPartOf\":{\"@id\":\"https:\\\/\\\/www.manquepierda.com\\\/futbolandia\\\/ahora-si-el-espectaculo-debe-continuar\\\/\"},\"author\":{\"name\":\"Marc Mart\u00ednez Barroso\",\"@id\":\"https:\\\/\\\/www.manquepierda.com\\\/futbolandia\\\/#\\\/schema\\\/person\\\/8706ecab48110daf10285cac3655d995\"},\"headline\":\"Ahora s\u00ed, el espect\u00e1culo debe continuar\",\"datePublished\":\"2014-07-04T15:49:18+00:00\",\"dateModified\":\"2015-07-09T07:13:09+00:00\",\"mainEntityOfPage\":{\"@id\":\"https:\\\/\\\/www.manquepierda.com\\\/futbolandia\\\/ahora-si-el-espectaculo-debe-continuar\\\/\"},\"wordCount\":654,\"commentCount\":0,\"image\":{\"@id\":\"https:\\\/\\\/www.manquepierda.com\\\/futbolandia\\\/ahora-si-el-espectaculo-debe-continuar\\\/#primaryimage\"},\"thumbnailUrl\":\"https:\\\/\\\/i0.wp.com\\\/www.manquepierda.com\\\/futbolandia\\\/files\\\/2014\\\/07\\\/colombia-baile-celebracion-mundial.jpg?fit=700%2C394&ssl=1\",\"keywords\":[\"alemania\",\"Argentina\",\"Belgica\",\"Brasil\",\"colombia\",\"costa rica\",\"Cuartos\",\"Francia\",\"holanda\",\"james\",\"keylor\",\"mundial\"],\"articleSection\":[\"Portada\",\"Selecciones y combinados nacionales\"],\"inLanguage\":\"es\",\"potentialAction\":[{\"@type\":\"CommentAction\",\"name\":\"Comment\",\"target\":[\"https:\\\/\\\/www.manquepierda.com\\\/futbolandia\\\/ahora-si-el-espectaculo-debe-continuar\\\/#respond\"]}]},{\"@type\":\"WebPage\",\"@id\":\"https:\\\/\\\/www.manquepierda.com\\\/futbolandia\\\/ahora-si-el-espectaculo-debe-continuar\\\/\",\"url\":\"https:\\\/\\\/www.manquepierda.com\\\/futbolandia\\\/ahora-si-el-espectaculo-debe-continuar\\\/\",\"name\":\"Ahora s\u00ed, el espect\u00e1culo debe continuar &#8211; Futbolandia\",\"isPartOf\":{\"@id\":\"https:\\\/\\\/www.manquepierda.com\\\/futbolandia\\\/#website\"},\"primaryImageOfPage\":{\"@id\":\"https:\\\/\\\/www.manquepierda.com\\\/futbolandia\\\/ahora-si-el-espectaculo-debe-continuar\\\/#primaryimage\"},\"image\":{\"@id\":\"https:\\\/\\\/www.manquepierda.com\\\/futbolandia\\\/ahora-si-el-espectaculo-debe-continuar\\\/#primaryimage\"},\"thumbnailUrl\":\"https:\\\/\\\/i0.wp.com\\\/www.manquepierda.com\\\/futbolandia\\\/files\\\/2014\\\/07\\\/colombia-baile-celebracion-mundial.jpg?fit=700%2C394&ssl=1\",\"datePublished\":\"2014-07-04T15:49:18+00:00\",\"dateModified\":\"2015-07-09T07:13:09+00:00\",\"author\":{\"@id\":\"https:\\\/\\\/www.manquepierda.com\\\/futbolandia\\\/#\\\/schema\\\/person\\\/8706ecab48110daf10285cac3655d995\"},\"breadcrumb\":{\"@id\":\"https:\\\/\\\/www.manquepierda.com\\\/futbolandia\\\/ahora-si-el-espectaculo-debe-continuar\\\/#breadcrumb\"},\"inLanguage\":\"es\",\"potentialAction\":[{\"@type\":\"ReadAction\",\"target\":[\"https:\\\/\\\/www.manquepierda.com\\\/futbolandia\\\/ahora-si-el-espectaculo-debe-continuar\\\/\"]}]},{\"@type\":\"ImageObject\",\"inLanguage\":\"es\",\"@id\":\"https:\\\/\\\/www.manquepierda.com\\\/futbolandia\\\/ahora-si-el-espectaculo-debe-continuar\\\/#primaryimage\",\"url\":\"https:\\\/\\\/i0.wp.com\\\/www.manquepierda.com\\\/futbolandia\\\/files\\\/2014\\\/07\\\/colombia-baile-celebracion-mundial.jpg?fit=700%2C394&ssl=1\",\"contentUrl\":\"https:\\\/\\\/i0.wp.com\\\/www.manquepierda.com\\\/futbolandia\\\/files\\\/2014\\\/07\\\/colombia-baile-celebracion-mundial.jpg?fit=700%2C394&ssl=1\",\"width\":700,\"height\":394},{\"@type\":\"BreadcrumbList\",\"@id\":\"https:\\\/\\\/www.manquepierda.com\\\/futbolandia\\\/ahora-si-el-espectaculo-debe-continuar\\\/#breadcrumb\",\"itemListElement\":[{\"@type\":\"ListItem\",\"position\":1,\"name\":\"Portada\",\"item\":\"https:\\\/\\\/www.manquepierda.com\\\/futbolandia\\\/\"},{\"@type\":\"ListItem\",\"position\":2,\"name\":\"Ahora s\u00ed, el espect\u00e1culo debe continuar\"}]},{\"@type\":\"WebSite\",\"@id\":\"https:\\\/\\\/www.manquepierda.com\\\/futbolandia\\\/#website\",\"url\":\"https:\\\/\\\/www.manquepierda.com\\\/futbolandia\\\/\",\"name\":\"Futbolandia\",\"description\":\"Reportajes e informaci\u00f3n sobre f\u00fatbol mundial y j\u00f3venes promesas\",\"potentialAction\":[{\"@type\":\"SearchAction\",\"target\":{\"@type\":\"EntryPoint\",\"urlTemplate\":\"https:\\\/\\\/www.manquepierda.com\\\/futbolandia\\\/?s={search_term_string}\"},\"query-input\":{\"@type\":\"PropertyValueSpecification\",\"valueRequired\":true,\"valueName\":\"search_term_string\"}}],\"inLanguage\":\"es\"},{\"@type\":\"Person\",\"@id\":\"https:\\\/\\\/www.manquepierda.com\\\/futbolandia\\\/#\\\/schema\\\/person\\\/8706ecab48110daf10285cac3655d995\",\"name\":\"Marc Mart\u00ednez Barroso\",\"image\":{\"@type\":\"ImageObject\",\"inLanguage\":\"es\",\"@id\":\"https:\\\/\\\/secure.gravatar.com\\\/avatar\\\/6f85e79b70d11c2878e28c6e9e333e67e6801aaf941a7db3fdac20883a936fa2?s=96&d=mm&r=g\",\"url\":\"https:\\\/\\\/secure.gravatar.com\\\/avatar\\\/6f85e79b70d11c2878e28c6e9e333e67e6801aaf941a7db3fdac20883a936fa2?s=96&d=mm&r=g\",\"contentUrl\":\"https:\\\/\\\/secure.gravatar.com\\\/avatar\\\/6f85e79b70d11c2878e28c6e9e333e67e6801aaf941a7db3fdac20883a936fa2?s=96&d=mm&r=g\",\"caption\":\"Marc Mart\u00ednez Barroso\"},\"description\":\"B\u00e9tico, no desde que nac\u00ed, pero s\u00ed desde que lo conoc\u00ed. Aqu\u00ed, me encargo de explicaros lo m\u00e1s interesante que pasa en este gran club. Subiendo escalafones para llegar alg\u00fan d\u00eda a lo m\u00e1s alto del periodismo, y si puede ser junto a Manquepierda, mejor.\",\"url\":\"https:\\\/\\\/www.manquepierda.com\\\/futbolandia\\\/author\\\/supeer21\\\/\"}]}<\/script>\n<!-- \/ Yoast SEO plugin. -->","yoast_head_json":{"title":"Ahora s\u00ed, el espect\u00e1culo debe continuar &#8211; Futbolandia","robots":{"index":"index","follow":"follow","max-snippet":"max-snippet:-1","max-image-preview":"max-image-preview:large","max-video-preview":"max-video-preview:-1"},"canonical":"https:\/\/www.manquepierda.com\/futbolandia\/ahora-si-el-espectaculo-debe-continuar\/","og_locale":"es_ES","og_type":"article","og_title":"Ahora s\u00ed, el espect\u00e1culo debe continuar &#8211; Futbolandia","og_description":"Llegados al punto de no retorno de esta Copa del Mundo, lo \u00fanico que queda es sentarnos a disfrutar de lo que se prev\u00e9 ser\u00e1 una de las mejores fases eliminatorias de la historia de los Mundiales. Tan s\u00f3lo restan 8 de las 209 confederaciones que han tomado parte desde los comienzos de este torneo....","og_url":"https:\/\/www.manquepierda.com\/futbolandia\/ahora-si-el-espectaculo-debe-continuar\/","og_site_name":"Futbolandia","article_published_time":"2014-07-04T15:49:18+00:00","article_modified_time":"2015-07-09T07:13:09+00:00","og_image":[{"width":700,"height":394,"url":"https:\/\/i0.wp.com\/www.manquepierda.com\/futbolandia\/files\/2014\/07\/colombia-baile-celebracion-mundial.jpg?fit=700%2C394&ssl=1","type":"image\/jpeg"}],"author":"Marc Mart\u00ednez Barroso","twitter_misc":{"Escrito por":"Marc Mart\u00ednez Barroso","Tiempo de lectura":"3 minutos"},"schema":{"@context":"https:\/\/schema.org","@graph":[{"@type":"Article","@id":"https:\/\/www.manquepierda.com\/futbolandia\/ahora-si-el-espectaculo-debe-continuar\/#article","isPartOf":{"@id":"https:\/\/www.manquepierda.com\/futbolandia\/ahora-si-el-espectaculo-debe-continuar\/"},"author":{"name":"Marc Mart\u00ednez Barroso","@id":"https:\/\/www.manquepierda.com\/futbolandia\/#\/schema\/person\/8706ecab48110daf10285cac3655d995"},"headline":"Ahora s\u00ed, el espect\u00e1culo debe continuar","datePublished":"2014-07-04T15:49:18+00:00","dateModified":"2015-07-09T07:13:09+00:00","mainEntityOfPage":{"@id":"https:\/\/www.manquepierda.com\/futbolandia\/ahora-si-el-espectaculo-debe-continuar\/"},"wordCount":654,"commentCount":0,"image":{"@id":"https:\/\/www.manquepierda.com\/futbolandia\/ahora-si-el-espectaculo-debe-continuar\/#primaryimage"},"thumbnailUrl":"https:\/\/i0.wp.com\/www.manquepierda.com\/futbolandia\/files\/2014\/07\/colombia-baile-celebracion-mundial.jpg?fit=700%2C394&ssl=1","keywords":["alemania","Argentina","Belgica","Brasil","colombia","costa rica","Cuartos","Francia","holanda","james","keylor","mundial"],"articleSection":["Portada","Selecciones y combinados nacionales"],"inLanguage":"es","potentialAction":[{"@type":"CommentAction","name":"Comment","target":["https:\/\/www.manquepierda.com\/futbolandia\/ahora-si-el-espectaculo-debe-continuar\/#respond"]}]},{"@type":"WebPage","@id":"https:\/\/www.manquepierda.com\/futbolandia\/ahora-si-el-espectaculo-debe-continuar\/","url":"https:\/\/www.manquepierda.com\/futbolandia\/ahora-si-el-espectaculo-debe-continuar\/","name":"Ahora s\u00ed, el espect\u00e1culo debe continuar &#8211; Futbolandia","isPartOf":{"@id":"https:\/\/www.manquepierda.com\/futbolandia\/#website"},"primaryImageOfPage":{"@id":"https:\/\/www.manquepierda.com\/futbolandia\/ahora-si-el-espectaculo-debe-continuar\/#primaryimage"},"image":{"@id":"https:\/\/www.manquepierda.com\/futbolandia\/ahora-si-el-espectaculo-debe-continuar\/#primaryimage"},"thumbnailUrl":"https:\/\/i0.wp.com\/www.manquepierda.com\/futbolandia\/files\/2014\/07\/colombia-baile-celebracion-mundial.jpg?fit=700%2C394&ssl=1","datePublished":"2014-07-04T15:49:18+00:00","dateModified":"2015-07-09T07:13:09+00:00","author":{"@id":"https:\/\/www.manquepierda.com\/futbolandia\/#\/schema\/person\/8706ecab48110daf10285cac3655d995"},"breadcrumb":{"@id":"https:\/\/www.manquepierda.com\/futbolandia\/ahora-si-el-espectaculo-debe-continuar\/#breadcrumb"},"inLanguage":"es","potentialAction":[{"@type":"ReadAction","target":["https:\/\/www.manquepierda.com\/futbolandia\/ahora-si-el-espectaculo-debe-continuar\/"]}]},{"@type":"ImageObject","inLanguage":"es","@id":"https:\/\/www.manquepierda.com\/futbolandia\/ahora-si-el-espectaculo-debe-continuar\/#primaryimage","url":"https:\/\/i0.wp.com\/www.manquepierda.com\/futbolandia\/files\/2014\/07\/colombia-baile-celebracion-mundial.jpg?fit=700%2C394&ssl=1","contentUrl":"https:\/\/i0.wp.com\/www.manquepierda.com\/futbolandia\/files\/2014\/07\/colombia-baile-celebracion-mundial.jpg?fit=700%2C394&ssl=1","width":700,"height":394},{"@type":"BreadcrumbList","@id":"https:\/\/www.manquepierda.com\/futbolandia\/ahora-si-el-espectaculo-debe-continuar\/#breadcrumb","itemListElement":[{"@type":"ListItem","position":1,"name":"Portada","item":"https:\/\/www.manquepierda.com\/futbolandia\/"},{"@type":"ListItem","position":2,"name":"Ahora s\u00ed, el espect\u00e1culo debe continuar"}]},{"@type":"WebSite","@id":"https:\/\/www.manquepierda.com\/futbolandia\/#website","url":"https:\/\/www.manquepierda.com\/futbolandia\/","name":"Futbolandia","description":"Reportajes e informaci\u00f3n sobre f\u00fatbol mundial y j\u00f3venes promesas","potentialAction":[{"@type":"SearchAction","target":{"@type":"EntryPoint","urlTemplate":"https:\/\/www.manquepierda.com\/futbolandia\/?s={search_term_string}"},"query-input":{"@type":"PropertyValueSpecification","valueRequired":true,"valueName":"search_term_string"}}],"inLanguage":"es"},{"@type":"Person","@id":"https:\/\/www.manquepierda.com\/futbolandia\/#\/schema\/person\/8706ecab48110daf10285cac3655d995","name":"Marc Mart\u00ednez Barroso","image":{"@type":"ImageObject","inLanguage":"es","@id":"https:\/\/secure.gravatar.com\/avatar\/6f85e79b70d11c2878e28c6e9e333e67e6801aaf941a7db3fdac20883a936fa2?s=96&d=mm&r=g","url":"https:\/\/secure.gravatar.com\/avatar\/6f85e79b70d11c2878e28c6e9e333e67e6801aaf941a7db3fdac20883a936fa2?s=96&d=mm&r=g","contentUrl":"https:\/\/secure.gravatar.com\/avatar\/6f85e79b70d11c2878e28c6e9e333e67e6801aaf941a7db3fdac20883a936fa2?s=96&d=mm&r=g","caption":"Marc Mart\u00ednez Barroso"},"description":"B\u00e9tico, no desde que nac\u00ed, pero s\u00ed desde que lo conoc\u00ed. Aqu\u00ed, me encargo de explicaros lo m\u00e1s interesante que pasa en este gran club. Subiendo escalafones para llegar alg\u00fan d\u00eda a lo m\u00e1s alto del periodismo, y si puede ser junto a Manquepierda, mejor.","url":"https:\/\/www.manquepierda.com\/futbolandia\/author\/supeer21\/"}]}},"jetpack_publicize_connections":[],"jetpack_featured_media_url":"https:\/\/i0.wp.com\/www.manquepierda.com\/futbolandia\/files\/2014\/07\/colombia-baile-celebracion-mundial.jpg?fit=700%2C394&ssl=1","jetpack_shortlink":"https:\/\/wp.me\/p1THIg-YZ","jetpack_sharing_enabled":true,"_links":{"self":[{"href":"https:\/\/www.manquepierda.com\/futbolandia\/wp-json\/wp\/v2\/posts\/3781","targetHints":{"allow":["GET"]}}],"collection":[{"href":"https:\/\/www.manquepierda.com\/futbolandia\/wp-json\/wp\/v2\/posts"}],"about":[{"href":"https:\/\/www.manquepierda.com\/futbolandia\/wp-json\/wp\/v2\/types\/post"}],"author":[{"embeddable":true,"href":"https:\/\/www.manquepierda.com\/futbolandia\/wp-json\/wp\/v2\/users\/313"}],"replies":[{"embeddable":true,"href":"https:\/\/www.manquepierda.com\/futbolandia\/wp-json\/wp\/v2\/comments?post=3781"}],"version-history":[{"count":0,"href":"https:\/\/www.manquepierda.com\/futbolandia\/wp-json\/wp\/v2\/posts\/3781\/revisions"}],"wp:featuredmedia":[{"embeddable":true,"href":"https:\/\/www.manquepierda.com\/futbolandia\/wp-json\/wp\/v2\/media\/3789"}],"wp:attachment":[{"href":"https:\/\/www.manquepierda.com\/futbolandia\/wp-json\/wp\/v2\/media?parent=3781"}],"wp:term":[{"taxonomy":"category","embeddable":true,"href":"https:\/\/www.manquepierda.com\/futbolandia\/wp-json\/wp\/v2\/categories?post=3781"},{"taxonomy":"post_tag","embeddable":true,"href":"https:\/\/www.manquepierda.com\/futbolandia\/wp-json\/wp\/v2\/tags?post=3781"}],"curies":[{"name":"wp","href":"https:\/\/api.w.org\/{rel}","templated":true}]}}