{"id":3814,"date":"2014-07-25T09:00:19","date_gmt":"2014-07-25T07:00:19","guid":{"rendered":"http:\/\/www.manquepierda.com\/futbolandia\/?p=3814"},"modified":"2014-07-28T13:59:07","modified_gmt":"2014-07-28T11:59:07","slug":"de-la-guarderia-al-balon-de-oro","status":"publish","type":"post","link":"https:\/\/www.manquepierda.com\/futbolandia\/de-la-guarderia-al-balon-de-oro\/","title":{"rendered":"De la guarder\u00eda al bal\u00f3n de oro"},"content":{"rendered":"<figure id=\"attachment_3914\" aria-describedby=\"caption-attachment-3914\" style=\"width: 503px\" class=\"wp-caption alignleft\"><a href=\"https:\/\/i0.wp.com\/www.manquepierda.com\/futbolandia\/files\/2014\/07\/nathan-allan-de-souza.jpg\"><img data-recalc-dims=\"1\" loading=\"lazy\" decoding=\"async\" data-attachment-id=\"3914\" data-permalink=\"https:\/\/www.manquepierda.com\/futbolandia\/de-la-guarderia-al-balon-de-oro\/nathan-allan-de-souza\/\" data-orig-file=\"https:\/\/i0.wp.com\/www.manquepierda.com\/futbolandia\/files\/2014\/07\/nathan-allan-de-souza.jpg?fit=620%2C401&amp;ssl=1\" data-orig-size=\"620,401\" data-comments-opened=\"1\" data-image-meta=\"{&quot;aperture&quot;:&quot;0&quot;,&quot;credit&quot;:&quot;&quot;,&quot;camera&quot;:&quot;&quot;,&quot;caption&quot;:&quot;&quot;,&quot;created_timestamp&quot;:&quot;0&quot;,&quot;copyright&quot;:&quot;&quot;,&quot;focal_length&quot;:&quot;0&quot;,&quot;iso&quot;:&quot;0&quot;,&quot;shutter_speed&quot;:&quot;0&quot;,&quot;title&quot;:&quot;&quot;}\" data-image-title=\"nathan-allan-de-souza\" data-image-description=\"\" data-image-caption=\"&lt;p&gt;Nathan Allan de Souza celebra un gol con Brasil U&amp;#8217;17&lt;br \/&gt;\nFoto: Talksport.com&lt;\/p&gt;\n\" data-large-file=\"https:\/\/i0.wp.com\/www.manquepierda.com\/futbolandia\/files\/2014\/07\/nathan-allan-de-souza.jpg?fit=620%2C401&amp;ssl=1\" class=\" wp-image-3914\" src=\"https:\/\/i0.wp.com\/www.manquepierda.com\/futbolandia\/files\/2014\/07\/nathan-allan-de-souza.jpg?resize=503%2C325\" alt=\"Nathan Allan de Souza celebra un gol con Brasil U'17 Foto: Talksport.com\" width=\"503\" height=\"325\" srcset=\"https:\/\/i0.wp.com\/www.manquepierda.com\/futbolandia\/files\/2014\/07\/nathan-allan-de-souza.jpg?w=620&amp;ssl=1 620w, https:\/\/i0.wp.com\/www.manquepierda.com\/futbolandia\/files\/2014\/07\/nathan-allan-de-souza.jpg?resize=300%2C194&amp;ssl=1 300w\" sizes=\"auto, (max-width: 503px) 100vw, 503px\" \/><\/a><figcaption id=\"caption-attachment-3914\" class=\"wp-caption-text\">Nathan Allan de Souza celebra un gol con Brasil U&#8217;17<br \/>Foto: Talksport.com<\/figcaption><\/figure>\n<p>Estaba el otro d\u00eda paseando tranquilamente por mi timeline en la red social Twitter, cuando\u00a0recib\u00eda una pregunta por parte de uno de mis seguidores (Alfonso Valderrama @EntrenadorLeon). Una pregunta tan interesante y apasionante de responder como dif\u00edcil. Incluso me atrever\u00eda a tacharla de imposible.<\/p>\n<p>Concretamente me preguntaba por alg\u00fan jugador de 17 a\u00f1os que apuntase a bal\u00f3n de oro o una estrella a corto plazo. \u00bfPor qu\u00e9 es casi imposible contestar a esta pregunta? Pues porque el f\u00fatbol no es una constante, no existe la proyecci\u00f3n invariable que te lleve a deducir que jugador va a crecer en sus caracter\u00edsticas desde la juventud, ni existen los datos matem\u00e1ticos que te pudiesen llevar a deducir como va a evolucionar la persona en sus aptitudes, y por que, hay que decirlo todo, ese crecimiento no depende solo de sus aptitudes, sino de la actitud como profesional.<\/p>\n<p>Para que nos entendamos, un jugador en edad juvenil puede tener unas condiciones b\u00e1rbaras, ser muy superior en la categor\u00eda con respecto a sus compa\u00f1eros pero no llegar a ser un buen futbolista. Y es que en el deporte, no solo hablamos de f\u00fatbol, existen muchas variantes que pueden hacerte cambiar tu rendimiento. Hay que darse cuenta de que, si esto no fuese as\u00ed, cualquier equipo podr\u00eda fichar a un futbolista cuando a\u00fan no tiene cach\u00e9 por X dinero y venderlo por bastante m\u00e1s en unos a\u00f1os. Algo que se hace, algo por lo que se puede apostar gracias al scouting, pero que nunca es seguro.<\/p>\n<p>Pueden ocurrir decenas de aspectos que cambien\u00a0la proyecci\u00f3n de una joven promesa. Puede ocurrir, que aunque f\u00edsicamente sea superior en edades tempranas, al convertirse en adulto se iguale al resto, perdiendo esa ventaja que ten\u00eda. O que a pesar de destacar por ser muy t\u00e9cnico, no alcance por su constituci\u00f3n el f\u00edsico que requiere el f\u00fatbol moderno. Puede ocurrir que una inoportuna lesi\u00f3n evite su progresi\u00f3n, o que el miedo le afecte a la hora de volver a jugar y no muestre las mismas cualidades que antes del percance, o que sencillamente carezca de la inteligencia que te hace aprender de la experiencia, aprender a decidir y a tomar decisiones sobre el campo, algo que suele ocurrir en muchos futbolistas que parecen apuntar a algo grande gracias a su f\u00edsico. Cuando decimos que adem\u00e1s de aptitud, hace falta actitud, hablamos tambi\u00e9n de la cabeza del jugador. Una joven promesa, por muy prometedora que sea, si no tiene la suficiente inteligencia\/profesionalidad de tomar decisiones con cabeza, puede perder su futuro. No llevar una vida profesional o no cuidarte en cuestiones alimenticias, o por llevar una vida poco adecuada, puede hacer que pierdas el norte y no te centres en tu trabajo. Tambi\u00e9n las decisiones profesionales influyen. No es lo mismo una promesa en un equipo medio, donde puede ser importante y uno de los pilares del equipo, que en un grande donde se suelen buscar estrellas consagradas que compitan desde el minuto uno a primer nivel, sin necesidad de evolucionar en su f\u00fatbol.<\/p>\n<p>En definitiva, es casi imposible responder la pregunta como lo es, por mucho que insistan tarotistas y futur\u00f3logos, predecir el futuro y si todas estas variables son aplicables a chavales de 21, 22 o 23 a\u00f1os, imaginad a uno de 17 que a\u00fan no ha completado su desarrollo y tiene mucho que aprender m\u00e1s all\u00e1 del innato talento que pueda tener. M\u00e1s all\u00e1 de esto, a jugadores de tan temprana edad, que en su mayor\u00eda juegan en equipos juveniles y categor\u00edas inferiores, es muy dif\u00edcil seguirles la pista desde la distancia y verlos actuar en numerosas ocasiones para formarte un juicio.<\/p>\n<p>No obstante y ya que hablamos del tema, no voy a eludir la pregunta y voy a nombrar a algunas j\u00f3venes promesas (17-18 a\u00f1os) que bajo mi punto de vista, y teniendo en cuenta la paliza que os he dado en estos p\u00e1rrafos atr\u00e1s, apuntan\u00a0a ser cracks en el futuro a pesar de estar en formaci\u00f3n. Mucho riesgo al decir nombres que podr\u00edan no llegar a nada, pero aqu\u00ed van algunos de los que me parecen m\u00e1s interesantes:<\/p>\n<p>[accordion]<br \/>\n[acc_item title=\u00bbZakaria Bakkali\u00bb]<\/p>\n<figure id=\"attachment_3826\" aria-describedby=\"caption-attachment-3826\" style=\"width: 384px\" class=\"wp-caption alignleft\"><a href=\"https:\/\/i0.wp.com\/www.manquepierda.com\/futbolandia\/files\/2014\/07\/Ficha-Zakaria-Bakkali.jpg\"><img data-recalc-dims=\"1\" loading=\"lazy\" decoding=\"async\" data-attachment-id=\"3826\" data-permalink=\"https:\/\/www.manquepierda.com\/futbolandia\/de-la-guarderia-al-balon-de-oro\/ficha-zakaria-bakkali\/\" data-orig-file=\"https:\/\/i0.wp.com\/www.manquepierda.com\/futbolandia\/files\/2014\/07\/Ficha-Zakaria-Bakkali.jpg?fit=384%2C288&amp;ssl=1\" data-orig-size=\"384,288\" data-comments-opened=\"1\" data-image-meta=\"{&quot;aperture&quot;:&quot;0&quot;,&quot;credit&quot;:&quot;&quot;,&quot;camera&quot;:&quot;&quot;,&quot;caption&quot;:&quot;&quot;,&quot;created_timestamp&quot;:&quot;0&quot;,&quot;copyright&quot;:&quot;&quot;,&quot;focal_length&quot;:&quot;0&quot;,&quot;iso&quot;:&quot;0&quot;,&quot;shutter_speed&quot;:&quot;0&quot;,&quot;title&quot;:&quot;&quot;}\" data-image-title=\"Ficha Zakaria Bakkali\" data-image-description=\"\" data-image-caption=\"&lt;p&gt;Foto: Transfermarkt.es&lt;\/p&gt;\n\" data-large-file=\"https:\/\/i0.wp.com\/www.manquepierda.com\/futbolandia\/files\/2014\/07\/Ficha-Zakaria-Bakkali.jpg?fit=384%2C288&amp;ssl=1\" class=\"wp-image-3826 size-full\" src=\"https:\/\/i0.wp.com\/www.manquepierda.com\/futbolandia\/files\/2014\/07\/Ficha-Zakaria-Bakkali.jpg?resize=384%2C288\" alt=\"Foto: Transfermarkt.es\" width=\"384\" height=\"288\" srcset=\"https:\/\/i0.wp.com\/www.manquepierda.com\/futbolandia\/files\/2014\/07\/Ficha-Zakaria-Bakkali.jpg?w=384&amp;ssl=1 384w, https:\/\/i0.wp.com\/www.manquepierda.com\/futbolandia\/files\/2014\/07\/Ficha-Zakaria-Bakkali.jpg?resize=300%2C225&amp;ssl=1 300w\" sizes=\"auto, (max-width: 384px) 100vw, 384px\" \/><\/a><figcaption id=\"caption-attachment-3826\" class=\"wp-caption-text\">Foto: Transfermarkt.es<\/figcaption><\/figure>\n<p>El extremo derecho del PSV me parece uno de los jugadores m\u00e1s prometedores del panorama internacional a corto plazo. Esta temporada ya empez\u00f3 muy fuerte en la Eredivisie pero no pudo mantener el list\u00f3n del rendimiento que el mismo se impuso.<\/p>\n<p>Es un jugador joven y quenecesita evolucionar en algunas cosas, especialmente en sus decisiones a la hora de soltar el bal\u00f3n, pero que a su edad ya ofrezca ese rendimiento en el primer equipo de los de Eindhoven es una muestra clara de su gran potencial. Su imponente cambio de ritmo y la facilidad para salir hacia los dos lados en el regate lo hacen desequilibrante. Es uno de mis jugadores j\u00f3venes preferidos sin duda y ya este a\u00f1o ha sonado entre la rumorolog\u00eda como futurible jugador del FC Porto, Arsenal o Liverpool entre muchos otros.[\/acc_item]<br \/>\n[acc_item title=\u00bbHachim Mastour\u00bb]<\/p>\n<figure id=\"attachment_3838\" aria-describedby=\"caption-attachment-3838\" style=\"width: 384px\" class=\"wp-caption alignleft\"><a href=\"https:\/\/i0.wp.com\/www.manquepierda.com\/futbolandia\/files\/2014\/07\/Ficha-Hachim-Mastour.jpg\"><img data-recalc-dims=\"1\" loading=\"lazy\" decoding=\"async\" data-attachment-id=\"3838\" data-permalink=\"https:\/\/www.manquepierda.com\/futbolandia\/de-la-guarderia-al-balon-de-oro\/ficha-hachim-mastour\/\" data-orig-file=\"https:\/\/i0.wp.com\/www.manquepierda.com\/futbolandia\/files\/2014\/07\/Ficha-Hachim-Mastour.jpg?fit=384%2C288&amp;ssl=1\" data-orig-size=\"384,288\" data-comments-opened=\"1\" data-image-meta=\"{&quot;aperture&quot;:&quot;0&quot;,&quot;credit&quot;:&quot;&quot;,&quot;camera&quot;:&quot;&quot;,&quot;caption&quot;:&quot;&quot;,&quot;created_timestamp&quot;:&quot;0&quot;,&quot;copyright&quot;:&quot;&quot;,&quot;focal_length&quot;:&quot;0&quot;,&quot;iso&quot;:&quot;0&quot;,&quot;shutter_speed&quot;:&quot;0&quot;,&quot;title&quot;:&quot;&quot;}\" data-image-title=\"Ficha Hachim Mastour\" data-image-description=\"\" data-image-caption=\"&lt;p&gt;Foto: Transfermarkt.es&lt;\/p&gt;\n\" data-large-file=\"https:\/\/i0.wp.com\/www.manquepierda.com\/futbolandia\/files\/2014\/07\/Ficha-Hachim-Mastour.jpg?fit=384%2C288&amp;ssl=1\" class=\"size-full wp-image-3838\" src=\"https:\/\/i0.wp.com\/www.manquepierda.com\/futbolandia\/files\/2014\/07\/Ficha-Hachim-Mastour.jpg?resize=384%2C288\" alt=\"Foto: Transfermarkt.es\" width=\"384\" height=\"288\" srcset=\"https:\/\/i0.wp.com\/www.manquepierda.com\/futbolandia\/files\/2014\/07\/Ficha-Hachim-Mastour.jpg?w=384&amp;ssl=1 384w, https:\/\/i0.wp.com\/www.manquepierda.com\/futbolandia\/files\/2014\/07\/Ficha-Hachim-Mastour.jpg?resize=300%2C225&amp;ssl=1 300w\" sizes=\"auto, (max-width: 384px) 100vw, 384px\" \/><\/a><figcaption id=\"caption-attachment-3838\" class=\"wp-caption-text\">Foto: Transfermarkt.es<\/figcaption><\/figure>\n<p>Aunque cuenta con tan solo 16 a\u00f1os en la actualidad, este joven mediapunta ya lleva a\u00f1os apuntando alto. Este italiano de origen marroqu\u00ed es un joven con un talento innato, t\u00e9cnicamente superior a la mayor\u00eda de jugadores de su edad. Su juventud hace que su futuro sea incierto, y no me atrever\u00eda a decir que ser\u00e1 una estrella, aunque lo tiene todo para serlo, al menos en lo que a f\u00fatbol se refiere. Controles que favorecen el espect\u00e1culo, regates de esos que solo se ven en los videojuegos, acciones t\u00e9cnicas de futbolista top. Su calidad, a su edad, es indiscutible. El problema m\u00e1s grave de este tipo de jugadores est\u00e1 en la toma de decisiones y el aprender que el f\u00fatbol es un deporte colectivo y un solo jugador no gana campeonatos aunque algunos discrepen sobre esa afirmaci\u00f3n.<\/p>\n<p>No me atrever\u00eda a decir que va a ser una estrella, es demasiado pronto, pero si se le cuida, lo tiene todo para triunfar en un club como el A.C. Milan.[\/acc_item]<br \/>\n[acc_item title=\u00bbRichairo Zivkovic\u00bb]<\/p>\n<figure id=\"attachment_3840\" aria-describedby=\"caption-attachment-3840\" style=\"width: 384px\" class=\"wp-caption alignleft\"><a href=\"https:\/\/i0.wp.com\/www.manquepierda.com\/futbolandia\/files\/2014\/07\/Ficha-Richairo-Zivkovic.jpg\"><img data-recalc-dims=\"1\" loading=\"lazy\" decoding=\"async\" data-attachment-id=\"3840\" data-permalink=\"https:\/\/www.manquepierda.com\/futbolandia\/de-la-guarderia-al-balon-de-oro\/ficha-richairo-zivkovic\/\" data-orig-file=\"https:\/\/i0.wp.com\/www.manquepierda.com\/futbolandia\/files\/2014\/07\/Ficha-Richairo-Zivkovic.jpg?fit=384%2C288&amp;ssl=1\" data-orig-size=\"384,288\" data-comments-opened=\"1\" data-image-meta=\"{&quot;aperture&quot;:&quot;0&quot;,&quot;credit&quot;:&quot;&quot;,&quot;camera&quot;:&quot;&quot;,&quot;caption&quot;:&quot;&quot;,&quot;created_timestamp&quot;:&quot;0&quot;,&quot;copyright&quot;:&quot;&quot;,&quot;focal_length&quot;:&quot;0&quot;,&quot;iso&quot;:&quot;0&quot;,&quot;shutter_speed&quot;:&quot;0&quot;,&quot;title&quot;:&quot;&quot;}\" data-image-title=\"Ficha Richairo Zivkovic\" data-image-description=\"\" data-image-caption=\"&lt;p&gt;Foto: Transfermarkt.es&lt;\/p&gt;\n\" data-large-file=\"https:\/\/i0.wp.com\/www.manquepierda.com\/futbolandia\/files\/2014\/07\/Ficha-Richairo-Zivkovic.jpg?fit=384%2C288&amp;ssl=1\" class=\"size-full wp-image-3840\" src=\"https:\/\/i0.wp.com\/www.manquepierda.com\/futbolandia\/files\/2014\/07\/Ficha-Richairo-Zivkovic.jpg?resize=384%2C288\" alt=\"Foto: Transfermarkt.es\" width=\"384\" height=\"288\" srcset=\"https:\/\/i0.wp.com\/www.manquepierda.com\/futbolandia\/files\/2014\/07\/Ficha-Richairo-Zivkovic.jpg?w=384&amp;ssl=1 384w, https:\/\/i0.wp.com\/www.manquepierda.com\/futbolandia\/files\/2014\/07\/Ficha-Richairo-Zivkovic.jpg?resize=300%2C225&amp;ssl=1 300w\" sizes=\"auto, (max-width: 384px) 100vw, 384px\" \/><\/a><figcaption id=\"caption-attachment-3840\" class=\"wp-caption-text\">Foto: Transfermarkt.es<\/figcaption><\/figure>\n<p>El jovenc\u00edsimo delantero del Ajax ha marcado esta temporada pasada en el Groningen m\u00e1s de una decena de goles y, lo que es m\u00e1s importante, con tan solo 17 a\u00f1os. El Ajax ha sido muy r\u00e1pido y se ha hecho con sus servicios a cambio de 2.5M de euros.<\/p>\n<p>Un gran desmarque, movimientos de pillo en el \u00e1rea y una buena envergadura acompa\u00f1ada de unas condiciones t\u00e9cnicas m\u00e1s que aceptables son sus principales credenciales. Que a su edad ya haya tenido cierta continuidad acompa\u00f1ada de rendimiento en la Eredivisie dice mucho de la calidad del joven delantero. No extra\u00f1a que Serbia y Pa\u00edses Bajos se disputen su internacionalidad, incluso en categor\u00edas inferiores.[\/acc_item]<\/p>\n<p>[acc_item title=\u00bbNathan Allan de Souza\u00bb]<\/p>\n<figure id=\"attachment_3853\" aria-describedby=\"caption-attachment-3853\" style=\"width: 384px\" class=\"wp-caption alignleft\"><a href=\"https:\/\/i0.wp.com\/www.manquepierda.com\/futbolandia\/files\/2014\/07\/Ficha-Nathan-Allan-de-Souza.jpg\"><img data-recalc-dims=\"1\" loading=\"lazy\" decoding=\"async\" data-attachment-id=\"3853\" data-permalink=\"https:\/\/www.manquepierda.com\/futbolandia\/de-la-guarderia-al-balon-de-oro\/ficha-nathan-allan-de-souza\/\" data-orig-file=\"https:\/\/i0.wp.com\/www.manquepierda.com\/futbolandia\/files\/2014\/07\/Ficha-Nathan-Allan-de-Souza.jpg?fit=384%2C288&amp;ssl=1\" data-orig-size=\"384,288\" data-comments-opened=\"1\" data-image-meta=\"{&quot;aperture&quot;:&quot;0&quot;,&quot;credit&quot;:&quot;&quot;,&quot;camera&quot;:&quot;&quot;,&quot;caption&quot;:&quot;&quot;,&quot;created_timestamp&quot;:&quot;0&quot;,&quot;copyright&quot;:&quot;&quot;,&quot;focal_length&quot;:&quot;0&quot;,&quot;iso&quot;:&quot;0&quot;,&quot;shutter_speed&quot;:&quot;0&quot;,&quot;title&quot;:&quot;&quot;}\" data-image-title=\"Ficha Nathan Allan de Souza\" data-image-description=\"\" data-image-caption=\"&lt;p&gt;Foto: Transfermarkt.es (actualizada por Futbolandia)&lt;\/p&gt;\n\" data-large-file=\"https:\/\/i0.wp.com\/www.manquepierda.com\/futbolandia\/files\/2014\/07\/Ficha-Nathan-Allan-de-Souza.jpg?fit=384%2C288&amp;ssl=1\" class=\"size-full wp-image-3853\" src=\"https:\/\/i0.wp.com\/www.manquepierda.com\/futbolandia\/files\/2014\/07\/Ficha-Nathan-Allan-de-Souza.jpg?resize=384%2C288\" alt=\"Foto: Transfermarkt.es (actualizada por Futbolandia)\" width=\"384\" height=\"288\" srcset=\"https:\/\/i0.wp.com\/www.manquepierda.com\/futbolandia\/files\/2014\/07\/Ficha-Nathan-Allan-de-Souza.jpg?w=384&amp;ssl=1 384w, https:\/\/i0.wp.com\/www.manquepierda.com\/futbolandia\/files\/2014\/07\/Ficha-Nathan-Allan-de-Souza.jpg?resize=300%2C225&amp;ssl=1 300w\" sizes=\"auto, (max-width: 384px) 100vw, 384px\" \/><\/a><figcaption id=\"caption-attachment-3853\" class=\"wp-caption-text\">Foto: Transfermarkt.es (actualizada por Futbolandia)<\/figcaption><\/figure>\n<p>Jovenc\u00edsimo futbolista al que hasta ahora ha sido algo dif\u00edcil seguirle la pista. Y lo ha sido porque, por su juventud, ni siquiera pod\u00edamos verlo jugar en el filial de su club, el Atl\u00e9tico Paranaense brasile\u00f1o, sino en categor\u00eda Sub&#8217;19, muy complicada de seguir desde Espa\u00f1a. No obstante, le vali\u00f3 para enamorarnos el Mundial Sub&#8217;17 de EAU de hace un a\u00f1o, campeonato en el que se erigi\u00f3 como la gran figura de Brasil.<\/p>\n<p>Se trata de un jugador con una velocidad endiablada, que puede jugar con solvencia en cualquiera de las dos bandas y que maneja con solvencia tanto la izquierda como la derecha. Es habitual verlo marcharse por cualquiera de las bandas con una \u00e1gil conducci\u00f3n de bal\u00f3n para asistir a los compa\u00f1eros por si esto fuera poco, es un futbolista con bastante gol y con mucha calidad para alcanzar dicha meta.<\/p>\n<p>Hace poco, el Atl\u00e9tico Paranaense par\u00f3 su presencia en el Esperanzas de Toulon con la selecci\u00f3n brasile\u00f1a argumentando que le necesitaban y ante las quejas de su padre y agente por ello finalmente terminaron incluy\u00e9ndolo en el segundo equipo brasile\u00f1o con un rendimiento destacado.Vaselinas, regates con cambios de ritmo, una buena definici\u00f3n y sobretodo, mucha inteligencia a la hora de tomar decisiones con el bal\u00f3n, convierten a Nathan en uno de los j\u00f3venes brasile\u00f1os con m\u00e1s proyecci\u00f3n a pesar de que a\u00fan es demasiado pronto.[\/acc_item]<\/p>\n<p>[acc_item title=\u00bbHarry Wilson\u00bb]<\/p>\n<figure id=\"attachment_3854\" aria-describedby=\"caption-attachment-3854\" style=\"width: 384px\" class=\"wp-caption alignleft\"><a href=\"https:\/\/i0.wp.com\/www.manquepierda.com\/futbolandia\/files\/2014\/07\/Ficha-Harry-Wilson.jpg\"><img data-recalc-dims=\"1\" loading=\"lazy\" decoding=\"async\" data-attachment-id=\"3854\" data-permalink=\"https:\/\/www.manquepierda.com\/futbolandia\/de-la-guarderia-al-balon-de-oro\/ficha-harry-wilson\/\" data-orig-file=\"https:\/\/i0.wp.com\/www.manquepierda.com\/futbolandia\/files\/2014\/07\/Ficha-Harry-Wilson.jpg?fit=384%2C288&amp;ssl=1\" data-orig-size=\"384,288\" data-comments-opened=\"1\" data-image-meta=\"{&quot;aperture&quot;:&quot;0&quot;,&quot;credit&quot;:&quot;&quot;,&quot;camera&quot;:&quot;&quot;,&quot;caption&quot;:&quot;&quot;,&quot;created_timestamp&quot;:&quot;0&quot;,&quot;copyright&quot;:&quot;&quot;,&quot;focal_length&quot;:&quot;0&quot;,&quot;iso&quot;:&quot;0&quot;,&quot;shutter_speed&quot;:&quot;0&quot;,&quot;title&quot;:&quot;&quot;}\" data-image-title=\"Ficha Harry Wilson\" data-image-description=\"\" data-image-caption=\"&lt;p&gt;Foto: Transfermarkt.es&lt;\/p&gt;\n\" data-large-file=\"https:\/\/i0.wp.com\/www.manquepierda.com\/futbolandia\/files\/2014\/07\/Ficha-Harry-Wilson.jpg?fit=384%2C288&amp;ssl=1\" class=\"size-full wp-image-3854\" src=\"https:\/\/i0.wp.com\/www.manquepierda.com\/futbolandia\/files\/2014\/07\/Ficha-Harry-Wilson.jpg?resize=384%2C288\" alt=\"Foto: Transfermarkt.es\" width=\"384\" height=\"288\" srcset=\"https:\/\/i0.wp.com\/www.manquepierda.com\/futbolandia\/files\/2014\/07\/Ficha-Harry-Wilson.jpg?w=384&amp;ssl=1 384w, https:\/\/i0.wp.com\/www.manquepierda.com\/futbolandia\/files\/2014\/07\/Ficha-Harry-Wilson.jpg?resize=300%2C225&amp;ssl=1 300w\" sizes=\"auto, (max-width: 384px) 100vw, 384px\" \/><\/a><figcaption id=\"caption-attachment-3854\" class=\"wp-caption-text\">Foto: Transfermarkt.es<\/figcaption><\/figure>\n<p>No muchos conocer\u00e1n la curiosa historia de Harry Wilson. El joven futbolista gal\u00e9s de las categor\u00edas inferiores del Liverpool ha sido internacional con la selecci\u00f3n absoluta de su pa\u00eds a sus 17 a\u00f1os. Lo curioso de la historia no es este hecho poco com\u00fan, sino que cuando naci\u00f3, su abuelo, lleno de fe, apost\u00f3 en una conocida casa de apuestas que su nieto debutar\u00eda con la selecci\u00f3n de Gales cuando era un reci\u00e9n nacido. La alegr\u00eda de su debut fue doble en la figura de su abuelo cuando recibi\u00f3 adem\u00e1s, un buen dinero por verlo jugar defendiendo la camiseta de su pa\u00eds.<\/p>\n<p>Gales no es una selecci\u00f3n demasiado potente, pero de vez en cuando nos regala algunas perlas como Ryan Giggs, Gareth Bale o Aaron Ramsey, y parece que una de las pr\u00f3ximas joyas que disfrutar\u00e1n ser\u00e1 Harry Wilson. Una endiablada velocidad y la capacidad de cambiar r\u00e1pidamente su direcci\u00f3n en carrera. Buena definici\u00f3n con su pierna izquierda y mucho futuro por delante para este joven talento.[\/acc_item]<br \/>\n[acc_item title=\u00bbAlejandro Diaz\u00bb]<\/p>\n<figure id=\"attachment_3857\" aria-describedby=\"caption-attachment-3857\" style=\"width: 384px\" class=\"wp-caption alignleft\"><a href=\"https:\/\/i0.wp.com\/www.manquepierda.com\/futbolandia\/files\/2014\/07\/Ficha-Alejandro-Diaz.jpg\"><img data-recalc-dims=\"1\" loading=\"lazy\" decoding=\"async\" data-attachment-id=\"3857\" data-permalink=\"https:\/\/www.manquepierda.com\/futbolandia\/de-la-guarderia-al-balon-de-oro\/ficha-alejandro-diaz\/\" data-orig-file=\"https:\/\/i0.wp.com\/www.manquepierda.com\/futbolandia\/files\/2014\/07\/Ficha-Alejandro-Diaz.jpg?fit=384%2C288&amp;ssl=1\" data-orig-size=\"384,288\" data-comments-opened=\"1\" data-image-meta=\"{&quot;aperture&quot;:&quot;0&quot;,&quot;credit&quot;:&quot;&quot;,&quot;camera&quot;:&quot;&quot;,&quot;caption&quot;:&quot;&quot;,&quot;created_timestamp&quot;:&quot;0&quot;,&quot;copyright&quot;:&quot;&quot;,&quot;focal_length&quot;:&quot;0&quot;,&quot;iso&quot;:&quot;0&quot;,&quot;shutter_speed&quot;:&quot;0&quot;,&quot;title&quot;:&quot;&quot;}\" data-image-title=\"Ficha Alejandro Diaz\" data-image-description=\"\" data-image-caption=\"&lt;p&gt;Foto: Transfermarkt.es (Actualizada por Futbolandia)&lt;\/p&gt;\n\" data-large-file=\"https:\/\/i0.wp.com\/www.manquepierda.com\/futbolandia\/files\/2014\/07\/Ficha-Alejandro-Diaz.jpg?fit=384%2C288&amp;ssl=1\" class=\"size-full wp-image-3857\" src=\"https:\/\/i0.wp.com\/www.manquepierda.com\/futbolandia\/files\/2014\/07\/Ficha-Alejandro-Diaz.jpg?resize=384%2C288\" alt=\"Foto: Transfermarkt.es (Actualizada por Futbolandia)\" width=\"384\" height=\"288\" srcset=\"https:\/\/i0.wp.com\/www.manquepierda.com\/futbolandia\/files\/2014\/07\/Ficha-Alejandro-Diaz.jpg?w=384&amp;ssl=1 384w, https:\/\/i0.wp.com\/www.manquepierda.com\/futbolandia\/files\/2014\/07\/Ficha-Alejandro-Diaz.jpg?resize=300%2C225&amp;ssl=1 300w\" sizes=\"auto, (max-width: 384px) 100vw, 384px\" \/><\/a><figcaption id=\"caption-attachment-3857\" class=\"wp-caption-text\">Foto: Transfermarkt.es (Actualizada por Futbolandia)<\/figcaption><\/figure>\n<p>Probablemente uno de los que menor repercusi\u00f3n medi\u00e1tica puede tener a\u00fan. Menos videos en Youtube para que la gente pueda observar sus cualidades por ejemplo. Tampoco es f\u00e1cil seguir los partidos del CF Am\u00e9rica SUb&#8217;19 desde la distancia, y no es un futbolista que te llame la atenci\u00f3n desde el principio por una impresionante potencia de disparo, una gran cantidad de regates inveros\u00edmiles o una endiablada velocidad que le haga dejar atr\u00e1s contrarios y m\u00e1s contrarios.<\/p>\n<p>Sin embargo, Alejandro D\u00edaz es uno de mis jugadores j\u00f3venes preferidos. No con esto quiero decir que vaya a llegar seguro, le queda mucho que pasar, mucho trabajo por delante, mucho que aprender, pero al verlo jugar me enamor\u00f3 su f\u00fatbol. El wero D\u00edaz es un delantero listo, muy listo, de los que saben moverse en el desmarque y por el \u00e1rea. Bien en el remate de cabeza y la definici\u00f3n, t\u00e9cnicamente es un futbolista de lo m\u00e1s interesante capaz de realizar definiciones de fantas\u00eda. M\u00e1s all\u00e1 de que pueda llamarte la atenci\u00f3n un futbolista que hace goles, sus gestos t\u00e9cnicos son de buen jugador, controles, como participa en el juego colectivo, su agilidad, sin ser una bala es un futbolista r\u00e1pido y con olfato. Sin duda uno de los delanteros de futuro en M\u00e9xico que a base de trabajo puede llegar a ser muy bueno. [\/acc_item]<br \/>\n[acc_item title=Abner Felipe Souza\u00bb]<\/p>\n<figure id=\"attachment_3908\" aria-describedby=\"caption-attachment-3908\" style=\"width: 384px\" class=\"wp-caption alignleft\"><a href=\"https:\/\/i0.wp.com\/www.manquepierda.com\/futbolandia\/files\/2014\/07\/Ficha-Abner.jpg\"><img data-recalc-dims=\"1\" loading=\"lazy\" decoding=\"async\" data-attachment-id=\"3908\" data-permalink=\"https:\/\/www.manquepierda.com\/futbolandia\/de-la-guarderia-al-balon-de-oro\/ficha-abner\/\" data-orig-file=\"https:\/\/i0.wp.com\/www.manquepierda.com\/futbolandia\/files\/2014\/07\/Ficha-Abner.jpg?fit=384%2C288&amp;ssl=1\" data-orig-size=\"384,288\" data-comments-opened=\"1\" data-image-meta=\"{&quot;aperture&quot;:&quot;0&quot;,&quot;credit&quot;:&quot;&quot;,&quot;camera&quot;:&quot;&quot;,&quot;caption&quot;:&quot;&quot;,&quot;created_timestamp&quot;:&quot;0&quot;,&quot;copyright&quot;:&quot;&quot;,&quot;focal_length&quot;:&quot;0&quot;,&quot;iso&quot;:&quot;0&quot;,&quot;shutter_speed&quot;:&quot;0&quot;,&quot;title&quot;:&quot;&quot;}\" data-image-title=\"Ficha Abner\" data-image-description=\"\" data-image-caption=\"&lt;p&gt;Foto: Transfermarkt.es&lt;\/p&gt;\n\" data-large-file=\"https:\/\/i0.wp.com\/www.manquepierda.com\/futbolandia\/files\/2014\/07\/Ficha-Abner.jpg?fit=384%2C288&amp;ssl=1\" class=\"size-full wp-image-3908\" src=\"https:\/\/i0.wp.com\/www.manquepierda.com\/futbolandia\/files\/2014\/07\/Ficha-Abner.jpg?resize=384%2C288\" alt=\"Foto: Transfermarkt.es\" width=\"384\" height=\"288\" srcset=\"https:\/\/i0.wp.com\/www.manquepierda.com\/futbolandia\/files\/2014\/07\/Ficha-Abner.jpg?w=384&amp;ssl=1 384w, https:\/\/i0.wp.com\/www.manquepierda.com\/futbolandia\/files\/2014\/07\/Ficha-Abner.jpg?resize=300%2C225&amp;ssl=1 300w\" sizes=\"auto, (max-width: 384px) 100vw, 384px\" \/><\/a><figcaption id=\"caption-attachment-3908\" class=\"wp-caption-text\">Foto: Transfermarkt.es<\/figcaption><\/figure>\n<p>Aunque es muy pronto, ya que hablamos de jugadores realmente j\u00f3venes y con proyecci\u00f3n no quer\u00eda dejar pasar la oportunidad de se\u00f1alar a Abner. El lateral zurdo del Coritiba (mientras este art\u00edculo se escribe parece fichar por el Real Madrid Castilla), con 18 a\u00f1os reci\u00e9n cumplidos en la actualidad, fue uno de los jugadores m\u00e1s destacados en el Sudamericano Sub&#8217;17 del a\u00f1o pasado e incluso pudimos verlo en el Mundial de la categor\u00eda y en el torneo Esperanzas de Toulon. Que a su edad ya haya debutado con el primer equipo del Coritiba, en el empate a dos frente a Goi\u00e1s, dice mucho de su proyecci\u00f3n aunque una lesi\u00f3n le ha tenido apartado bastante tiempo este a\u00f1o de los terrenos de juego.<\/p>\n<p>F\u00edsicamente superior en su categor\u00eda, es un lateral de gran despliegue f\u00edsico, gran zancada y muy ofensivo. Tiene una gran habilidad para combinar con los compa\u00f1eros, conducir e incluso para el regate. Si en categor\u00edas superiores sigue con el mismo desparpajo y contin\u00faa evolucionando con su f\u00fatbol podr\u00eda ser un jugador importante para Brasil, aunque l\u00f3gicamente queda mucho por delante en su carrera. Esta temporada podr\u00eda empezar a tener minutos en el primer equipo de Coritiba. Habr\u00e1 que seguirle la pista. [\/acc_item]<br \/>\n[acc_item title=\u00bbAlen Halilovic\u00bb]<\/p>\n<figure id=\"attachment_3909\" aria-describedby=\"caption-attachment-3909\" style=\"width: 384px\" class=\"wp-caption alignleft\"><a href=\"https:\/\/i0.wp.com\/www.manquepierda.com\/futbolandia\/files\/2014\/07\/Ficha-Alen-Halilovic.jpg\"><img data-recalc-dims=\"1\" loading=\"lazy\" decoding=\"async\" data-attachment-id=\"3909\" data-permalink=\"https:\/\/www.manquepierda.com\/futbolandia\/de-la-guarderia-al-balon-de-oro\/ficha-alen-halilovic\/\" data-orig-file=\"https:\/\/i0.wp.com\/www.manquepierda.com\/futbolandia\/files\/2014\/07\/Ficha-Alen-Halilovic.jpg?fit=384%2C288&amp;ssl=1\" data-orig-size=\"384,288\" data-comments-opened=\"1\" data-image-meta=\"{&quot;aperture&quot;:&quot;0&quot;,&quot;credit&quot;:&quot;&quot;,&quot;camera&quot;:&quot;&quot;,&quot;caption&quot;:&quot;&quot;,&quot;created_timestamp&quot;:&quot;0&quot;,&quot;copyright&quot;:&quot;&quot;,&quot;focal_length&quot;:&quot;0&quot;,&quot;iso&quot;:&quot;0&quot;,&quot;shutter_speed&quot;:&quot;0&quot;,&quot;title&quot;:&quot;&quot;}\" data-image-title=\"Ficha Alen Halilovic\" data-image-description=\"\" data-image-caption=\"&lt;p&gt;Foto: Transfermarkt.es&lt;\/p&gt;\n\" data-large-file=\"https:\/\/i0.wp.com\/www.manquepierda.com\/futbolandia\/files\/2014\/07\/Ficha-Alen-Halilovic.jpg?fit=384%2C288&amp;ssl=1\" class=\"size-full wp-image-3909\" src=\"https:\/\/i0.wp.com\/www.manquepierda.com\/futbolandia\/files\/2014\/07\/Ficha-Alen-Halilovic.jpg?resize=384%2C288\" alt=\"Foto: Transfermarkt.es\" width=\"384\" height=\"288\" srcset=\"https:\/\/i0.wp.com\/www.manquepierda.com\/futbolandia\/files\/2014\/07\/Ficha-Alen-Halilovic.jpg?w=384&amp;ssl=1 384w, https:\/\/i0.wp.com\/www.manquepierda.com\/futbolandia\/files\/2014\/07\/Ficha-Alen-Halilovic.jpg?resize=300%2C225&amp;ssl=1 300w\" sizes=\"auto, (max-width: 384px) 100vw, 384px\" \/><\/a><figcaption id=\"caption-attachment-3909\" class=\"wp-caption-text\">Foto: Transfermarkt.es<\/figcaption><\/figure>\n<p>Ojito al mediapunta croata. Fue una de las piezas m\u00e1s importantes en la clasificaci\u00f3n de Croacia Sub&#8217;17 en su rumbo al Mundial aunque no tuvo un especial protagonismo en el campeonato. Que fuera pieza importante en el primer equipo del Dinamo de Zagreb, campe\u00f3n de la liga croata, la temporada pasada con tan solo 17 a\u00f1os dice mucho de lo que promete y de lo que ya es una realidad.<\/p>\n<p>Visi\u00f3n de juego desde la mediapunta, salida de bal\u00f3n y una depurada t\u00e9cnica para realizar asistencias y goles inveros\u00edmiles. Croacia tiene muchas esperanzas puestas en el actual jugador del FC Barcelona y pocos se sorprender\u00e1 si acaba siendo un futbolista importante para su pa\u00eds. A\u00fan debe ser m\u00e1s determinante, m\u00e1s regular, pero su talento innato deber\u00eda hacerlo llegar muy lejos. [\/acc_item]<br \/>\n[acc_item title=\u00bbSebasti\u00e1n Driussi\u00bb]<\/p>\n<figure id=\"attachment_3910\" aria-describedby=\"caption-attachment-3910\" style=\"width: 384px\" class=\"wp-caption alignleft\"><a href=\"https:\/\/i0.wp.com\/www.manquepierda.com\/futbolandia\/files\/2014\/07\/Ficha-Sebastian-Driussi.jpg\"><img data-recalc-dims=\"1\" loading=\"lazy\" decoding=\"async\" data-attachment-id=\"3910\" data-permalink=\"https:\/\/www.manquepierda.com\/futbolandia\/de-la-guarderia-al-balon-de-oro\/ficha-sebastian-driussi\/\" data-orig-file=\"https:\/\/i0.wp.com\/www.manquepierda.com\/futbolandia\/files\/2014\/07\/Ficha-Sebastian-Driussi.jpg?fit=384%2C288&amp;ssl=1\" data-orig-size=\"384,288\" data-comments-opened=\"1\" data-image-meta=\"{&quot;aperture&quot;:&quot;0&quot;,&quot;credit&quot;:&quot;&quot;,&quot;camera&quot;:&quot;&quot;,&quot;caption&quot;:&quot;&quot;,&quot;created_timestamp&quot;:&quot;0&quot;,&quot;copyright&quot;:&quot;&quot;,&quot;focal_length&quot;:&quot;0&quot;,&quot;iso&quot;:&quot;0&quot;,&quot;shutter_speed&quot;:&quot;0&quot;,&quot;title&quot;:&quot;&quot;}\" data-image-title=\"Ficha Sebastian Driussi\" data-image-description=\"\" data-image-caption=\"&lt;p&gt;Foto: Transfermarkt.es&lt;\/p&gt;\n\" data-large-file=\"https:\/\/i0.wp.com\/www.manquepierda.com\/futbolandia\/files\/2014\/07\/Ficha-Sebastian-Driussi.jpg?fit=384%2C288&amp;ssl=1\" class=\"size-full wp-image-3910\" src=\"https:\/\/i0.wp.com\/www.manquepierda.com\/futbolandia\/files\/2014\/07\/Ficha-Sebastian-Driussi.jpg?resize=384%2C288\" alt=\"Foto: Transfermarkt.es\" width=\"384\" height=\"288\" srcset=\"https:\/\/i0.wp.com\/www.manquepierda.com\/futbolandia\/files\/2014\/07\/Ficha-Sebastian-Driussi.jpg?w=384&amp;ssl=1 384w, https:\/\/i0.wp.com\/www.manquepierda.com\/futbolandia\/files\/2014\/07\/Ficha-Sebastian-Driussi.jpg?resize=300%2C225&amp;ssl=1 300w\" sizes=\"auto, (max-width: 384px) 100vw, 384px\" \/><\/a><figcaption id=\"caption-attachment-3910\" class=\"wp-caption-text\">Foto: Transfermarkt.es (Actualizada por Futbolandia)<\/figcaption><\/figure>\n<p>No es ning\u00fan secreto que la liga Argentina aporta cada temporada numerosos j\u00f3venes talentos que esperan su oportunidad de destacar y dar el salto a Europa. Quiz\u00e1s ya ha pasado su \u00e9poca de mayor apogeo, etapa que hizo que los fichajes procedentes de su liga fuesen excesivamente caros. Esta tendencia ha bajado algo, pero a\u00fan son numerosos los j\u00f3venes que emigran buscando su oportunidad en Europa.<\/p>\n<p>Y si hablamos de talentos en las edades juveniles que estamos tratando, es imposible no nombrar al delantero\/mediapunta de River Plate Sebasti\u00e1n Driussi. Goleador de la albiceleste en el sudamericano de la categor\u00eda con cinco tantos (su gol de chilena desde la frontal del \u00e1rea fue espectacular), tambi\u00e9n marc\u00f3 otros dos en el Mundial, y ya ha conseguido incluso debutar con el primer equipo de River. Muy listo en sus movimientos, siempre se coloca en el mejor lugar para recoger un rechace o acabar una jugada. Todo ello aderezado de una t\u00e9cnica sobresaliente. Sin duda es uno de los jugadores que m\u00e1s prometen en el futuro de Argentina. [\/acc_item]<\/p>\n<p>[acc_item title=\u00bbRyan Gauld\u00bb]<\/p>\n<figure id=\"attachment_3911\" aria-describedby=\"caption-attachment-3911\" style=\"width: 384px\" class=\"wp-caption alignleft\"><a href=\"https:\/\/i0.wp.com\/www.manquepierda.com\/futbolandia\/files\/2014\/07\/Ficha-Ryan-Gauld.jpg\"><img data-recalc-dims=\"1\" loading=\"lazy\" decoding=\"async\" data-attachment-id=\"3911\" data-permalink=\"https:\/\/www.manquepierda.com\/futbolandia\/de-la-guarderia-al-balon-de-oro\/ficha-ryan-gauld\/\" data-orig-file=\"https:\/\/i0.wp.com\/www.manquepierda.com\/futbolandia\/files\/2014\/07\/Ficha-Ryan-Gauld.jpg?fit=384%2C288&amp;ssl=1\" data-orig-size=\"384,288\" data-comments-opened=\"1\" data-image-meta=\"{&quot;aperture&quot;:&quot;0&quot;,&quot;credit&quot;:&quot;&quot;,&quot;camera&quot;:&quot;&quot;,&quot;caption&quot;:&quot;&quot;,&quot;created_timestamp&quot;:&quot;0&quot;,&quot;copyright&quot;:&quot;&quot;,&quot;focal_length&quot;:&quot;0&quot;,&quot;iso&quot;:&quot;0&quot;,&quot;shutter_speed&quot;:&quot;0&quot;,&quot;title&quot;:&quot;&quot;}\" data-image-title=\"Ficha Ryan Gauld\" data-image-description=\"\" data-image-caption=\"&lt;p&gt;Foto: Transfermarkt.es&lt;\/p&gt;\n\" data-large-file=\"https:\/\/i0.wp.com\/www.manquepierda.com\/futbolandia\/files\/2014\/07\/Ficha-Ryan-Gauld.jpg?fit=384%2C288&amp;ssl=1\" class=\"size-full wp-image-3911\" src=\"https:\/\/i0.wp.com\/www.manquepierda.com\/futbolandia\/files\/2014\/07\/Ficha-Ryan-Gauld.jpg?resize=384%2C288\" alt=\"Foto: Transfermarkt.es\" width=\"384\" height=\"288\" srcset=\"https:\/\/i0.wp.com\/www.manquepierda.com\/futbolandia\/files\/2014\/07\/Ficha-Ryan-Gauld.jpg?w=384&amp;ssl=1 384w, https:\/\/i0.wp.com\/www.manquepierda.com\/futbolandia\/files\/2014\/07\/Ficha-Ryan-Gauld.jpg?resize=300%2C225&amp;ssl=1 300w\" sizes=\"auto, (max-width: 384px) 100vw, 384px\" \/><\/a><figcaption id=\"caption-attachment-3911\" class=\"wp-caption-text\">Foto: Transfermarkt.es<\/figcaption><\/figure>\n<p>El joven jugador escoc\u00e9s dej\u00f3 el Dundee United tras la temporada de su eclosi\u00f3n en la que anot\u00f3 seis goles siendo un mediapunta ofensivo y ha fichado este a\u00f1o por el Sporting de Portugal. Su principal cualidad es la de asistir a sus compa\u00f1eros, llegando hasta la l\u00ednea de tres cuartos y viendo pases de gol donde otros solo ven contrarios.<\/p>\n<p>Habr\u00e1 que ver como se desenvuelve en una liga superior a la escocesa, pero desde luego en \u00e9l hay materia prima. Adem\u00e1s goza de cierta velocidad y un cambio de direcci\u00f3n en carrera de lo m\u00e1s interesante. Parece que ya en la pretemporada del equipo portugu\u00e9s est\u00e1 siendo uno de sus grandes alicientes y es una de las grandes promesas del f\u00fatbol escoc\u00e9s, que no parece pasar por su mejor momento. Internacional en todas las categor\u00edas inferiores de su pa\u00eds, a pesar de su baja estatura es un jugador que no duda en ayudar a la presi\u00f3n. La inteligencia es probablemente su mejor virtud y si goza de la misma fuera del campo como dentro, ser\u00e1 un muy buen jugador para su nuevo equipo.[\/acc_item]<br \/>\n[acc_item title=\u00bbIsaac Success\u00bb]<\/p>\n<figure id=\"attachment_3912\" aria-describedby=\"caption-attachment-3912\" style=\"width: 384px\" class=\"wp-caption alignleft\"><a href=\"https:\/\/i0.wp.com\/www.manquepierda.com\/futbolandia\/files\/2014\/07\/Ficha-Isaac-Success.jpg\"><img data-recalc-dims=\"1\" loading=\"lazy\" decoding=\"async\" data-attachment-id=\"3912\" data-permalink=\"https:\/\/www.manquepierda.com\/futbolandia\/de-la-guarderia-al-balon-de-oro\/ficha-isaac-success\/\" data-orig-file=\"https:\/\/i0.wp.com\/www.manquepierda.com\/futbolandia\/files\/2014\/07\/Ficha-Isaac-Success.jpg?fit=384%2C288&amp;ssl=1\" data-orig-size=\"384,288\" data-comments-opened=\"1\" data-image-meta=\"{&quot;aperture&quot;:&quot;0&quot;,&quot;credit&quot;:&quot;&quot;,&quot;camera&quot;:&quot;&quot;,&quot;caption&quot;:&quot;&quot;,&quot;created_timestamp&quot;:&quot;0&quot;,&quot;copyright&quot;:&quot;&quot;,&quot;focal_length&quot;:&quot;0&quot;,&quot;iso&quot;:&quot;0&quot;,&quot;shutter_speed&quot;:&quot;0&quot;,&quot;title&quot;:&quot;&quot;}\" data-image-title=\"Ficha Isaac Success\" data-image-description=\"\" data-image-caption=\"&lt;p&gt;Foto: Transfermarkt,.es (Actualizada por Futbolandia)&lt;\/p&gt;\n\" data-large-file=\"https:\/\/i0.wp.com\/www.manquepierda.com\/futbolandia\/files\/2014\/07\/Ficha-Isaac-Success.jpg?fit=384%2C288&amp;ssl=1\" class=\"size-full wp-image-3912\" src=\"https:\/\/i0.wp.com\/www.manquepierda.com\/futbolandia\/files\/2014\/07\/Ficha-Isaac-Success.jpg?resize=384%2C288\" alt=\"Foto: Transfermarkt,.es (Actualizada por Futbolandia)\" width=\"384\" height=\"288\" srcset=\"https:\/\/i0.wp.com\/www.manquepierda.com\/futbolandia\/files\/2014\/07\/Ficha-Isaac-Success.jpg?w=384&amp;ssl=1 384w, https:\/\/i0.wp.com\/www.manquepierda.com\/futbolandia\/files\/2014\/07\/Ficha-Isaac-Success.jpg?resize=300%2C225&amp;ssl=1 300w\" sizes=\"auto, (max-width: 384px) 100vw, 384px\" \/><\/a><figcaption id=\"caption-attachment-3912\" class=\"wp-caption-text\">Foto: Transfermarkt,.es (Actualizada por Futbolandia)<\/figcaption><\/figure>\n<p>Mira que hay donde elegir entre las j\u00f3venes promesas nigerianas. Y no es de extra\u00f1ar, pues fueron los campeones del \u00faltimo Mundial Sub&#8217;17 casi, con permiso de sus buenos rivales, sin despeinarse. Golearon a todo el que se les puso por delante y entre aquellos jugadores que arrasaron, futbolistas como Musa Muhammed, un lateral diestro bastante interesante, Kelechi Iheanacho, talentoso futbolista del Manchester City con mucho gol o Taiwo Awoniyi, pero ya que el art\u00edculo lo tiene todo de subjetivo, debo reconocer que mi debilidad siempre fue Isaac Success. El jugador del Udinese Primaveras, es puro olfato goleador, tiene una facilidad tremenda, y a pesar de haberse perdido aquel Mundial por lesi\u00f3n, sigue siendo uno de los nigerianos con m\u00e1s futuro de aquella selecci\u00f3n. No en vano, el Udinese, que siempre se fija en grandes talentos j\u00f3venes, se hizo con sus servicios con buen criterio.<\/p>\n<p>Buena velocidad, una t\u00e9cnica bastante buena y olfato, mucho olfato de gol son sus grandes credenciales. Lo cierto es que me parece un delantero con mucho futuro, al que adem\u00e1s de la velocidad y la potencia acompa\u00f1an otras cualidades que, como su apellido deja ver, pueden llevarlo hacia el \u00e9xito.[\/acc_item]<br \/>\n[acc_item title=\u00bbAntonio Sanabria\u00bb]<\/p>\n<figure id=\"attachment_3913\" aria-describedby=\"caption-attachment-3913\" style=\"width: 384px\" class=\"wp-caption alignleft\"><a href=\"https:\/\/i0.wp.com\/www.manquepierda.com\/futbolandia\/files\/2014\/07\/Ficha-Tony-Sanabria.jpg\"><img data-recalc-dims=\"1\" loading=\"lazy\" decoding=\"async\" data-attachment-id=\"3913\" data-permalink=\"https:\/\/www.manquepierda.com\/futbolandia\/de-la-guarderia-al-balon-de-oro\/ficha-tony-sanabria\/\" data-orig-file=\"https:\/\/i0.wp.com\/www.manquepierda.com\/futbolandia\/files\/2014\/07\/Ficha-Tony-Sanabria.jpg?fit=384%2C288&amp;ssl=1\" data-orig-size=\"384,288\" data-comments-opened=\"1\" data-image-meta=\"{&quot;aperture&quot;:&quot;0&quot;,&quot;credit&quot;:&quot;&quot;,&quot;camera&quot;:&quot;&quot;,&quot;caption&quot;:&quot;&quot;,&quot;created_timestamp&quot;:&quot;0&quot;,&quot;copyright&quot;:&quot;&quot;,&quot;focal_length&quot;:&quot;0&quot;,&quot;iso&quot;:&quot;0&quot;,&quot;shutter_speed&quot;:&quot;0&quot;,&quot;title&quot;:&quot;&quot;}\" data-image-title=\"Ficha Tony Sanabria\" data-image-description=\"\" data-image-caption=\"&lt;p&gt;Foto: Transfermarkt.es&lt;\/p&gt;\n\" data-large-file=\"https:\/\/i0.wp.com\/www.manquepierda.com\/futbolandia\/files\/2014\/07\/Ficha-Tony-Sanabria.jpg?fit=384%2C288&amp;ssl=1\" class=\"size-full wp-image-3913\" src=\"https:\/\/i0.wp.com\/www.manquepierda.com\/futbolandia\/files\/2014\/07\/Ficha-Tony-Sanabria.jpg?resize=384%2C288\" alt=\"Foto: Transfermarkt.es\" width=\"384\" height=\"288\" srcset=\"https:\/\/i0.wp.com\/www.manquepierda.com\/futbolandia\/files\/2014\/07\/Ficha-Tony-Sanabria.jpg?w=384&amp;ssl=1 384w, https:\/\/i0.wp.com\/www.manquepierda.com\/futbolandia\/files\/2014\/07\/Ficha-Tony-Sanabria.jpg?resize=300%2C225&amp;ssl=1 300w\" sizes=\"auto, (max-width: 384px) 100vw, 384px\" \/><\/a><figcaption id=\"caption-attachment-3913\" class=\"wp-caption-text\">Foto: Transfermarkt.es<\/figcaption><\/figure>\n<p>Y por \u00faltimo, aunque no menos importante, y aun dej\u00e1ndonos j\u00f3venes pero prometedores futbolistas en el camino, vamos a destacar al paraguayo Antonio Sanabria. El que fuera canterano del Bar\u00e7a, decidi\u00f3 cambiar esta pasada campa\u00f1a de equipo y fich\u00f3 por el AS Roma, siendo a su vez cedido al Sassuolo donde ha tenido una aportaci\u00f3n testimonial.<\/p>\n<p>Se trata de un jugador con una t\u00e9cnica exquisita, bien en el juego colectivo y con mucha calidad. Debe tener cuidado, pues su marcha de la Massia ha dado la impresi\u00f3n de impaciencia, de querer quemar etapas demasiado pronto, pero sin duda tiene cualidades para ser una de las grandes figuras de Paraguay en el futuro. Todo depender\u00e1 de \u00e9l, de su madurez y de su inteligencia a la hora de tomar decisiones fuera del campo, porque sobre el c\u00e9sped, cualidades tiene de sobra para destacar.[\/acc_item]<br \/>\n[\/accordion]<\/p>\n<p>&nbsp;<\/p>\n","protected":false},"excerpt":{"rendered":"<p>Estaba el otro d\u00eda paseando tranquilamente por mi timeline en la red social Twitter, cuando\u00a0recib\u00eda una pregunta por parte de uno de mis seguidores (Alfonso Valderrama @EntrenadorLeon). Una pregunta tan interesante y apasionante de responder como dif\u00edcil. Incluso me atrever\u00eda a tacharla de imposible. Concretamente me preguntaba por alg\u00fan jugador de 17 a\u00f1os que apuntase&#8230;<\/p>\n","protected":false},"author":93,"featured_media":3914,"comment_status":"open","ping_status":"open","sticky":false,"template":"","format":"standard","meta":{"_kad_post_transparent":"","_kad_post_title":"","_kad_post_layout":"","_kad_post_sidebar_id":"","_kad_post_content_style":"","_kad_post_vertical_padding":"","_kad_post_feature":"","_kad_post_feature_position":"","_kad_post_header":false,"_kad_post_footer":false,"_kad_post_classname":"","_jetpack_memberships_contains_paid_content":false,"footnotes":"","jetpack_publicize_message":"","jetpack_publicize_feature_enabled":true,"jetpack_social_post_already_shared":true,"jetpack_social_options":{"image_generator_settings":{"template":"highway","default_image_id":0,"font":"","enabled":false},"version":2}},"categories":[4,10],"tags":[743,1022,760,658,427,695,1366,1058,1364,446,1006,642,1363,1179,1362,1365],"class_list":["post-3814","post","type-post","status-publish","format-standard","has-post-thumbnail","hentry","category-jovenes-valores","category-portada","tag-abner","tag-alejandro-diaz","tag-bakkali","tag-driussi","tag-futbol","tag-futuro","tag-hachim-mastour","tag-halilovic","tag-harry-wilson","tag-jovenes","tag-nathan","tag-promesas","tag-ryan-gauld","tag-sanabria","tag-succes","tag-zivkovic"],"yoast_head":"<!-- This site is optimized with the Yoast SEO plugin v27.5 - https:\/\/yoast.com\/product\/yoast-seo-wordpress\/ -->\n<title>De la guarder\u00eda al bal\u00f3n de oro &#8211; Futbolandia<\/title>\n<meta name=\"robots\" content=\"index, follow, max-snippet:-1, max-image-preview:large, max-video-preview:-1\" \/>\n<link rel=\"canonical\" href=\"https:\/\/www.manquepierda.com\/futbolandia\/de-la-guarderia-al-balon-de-oro\/\" \/>\n<meta property=\"og:locale\" content=\"es_ES\" \/>\n<meta property=\"og:type\" content=\"article\" \/>\n<meta property=\"og:title\" content=\"De la guarder\u00eda al bal\u00f3n de oro &#8211; Futbolandia\" \/>\n<meta property=\"og:description\" content=\"Estaba el otro d\u00eda paseando tranquilamente por mi timeline en la red social Twitter, cuando\u00a0recib\u00eda una pregunta por parte de uno de mis seguidores (Alfonso Valderrama @EntrenadorLeon). Una pregunta tan interesante y apasionante de responder como dif\u00edcil. Incluso me atrever\u00eda a tacharla de imposible. Concretamente me preguntaba por alg\u00fan jugador de 17 a\u00f1os que apuntase...\" \/>\n<meta property=\"og:url\" content=\"https:\/\/www.manquepierda.com\/futbolandia\/de-la-guarderia-al-balon-de-oro\/\" \/>\n<meta property=\"og:site_name\" content=\"Futbolandia\" \/>\n<meta property=\"article:published_time\" content=\"2014-07-25T07:00:19+00:00\" \/>\n<meta property=\"article:modified_time\" content=\"2014-07-28T11:59:07+00:00\" \/>\n<meta property=\"og:image\" content=\"https:\/\/i1.wp.com\/www.manquepierda.com\/futbolandia\/files\/2014\/07\/nathan-allan-de-souza.jpg?fit=620%2C401&ssl=1\" \/>\n\t<meta property=\"og:image:width\" content=\"620\" \/>\n\t<meta property=\"og:image:height\" content=\"401\" \/>\n\t<meta property=\"og:image:type\" content=\"image\/jpeg\" \/>\n<meta name=\"author\" content=\"Jorge M. Gonz\u00e1lez\" \/>\n<meta name=\"twitter:label1\" content=\"Escrito por\" \/>\n\t<meta name=\"twitter:data1\" content=\"Jorge M. Gonz\u00e1lez\" \/>\n\t<meta name=\"twitter:label2\" content=\"Tiempo de lectura\" \/>\n\t<meta name=\"twitter:data2\" content=\"16 minutos\" \/>\n<script type=\"application\/ld+json\" class=\"yoast-schema-graph\">{\"@context\":\"https:\\\/\\\/schema.org\",\"@graph\":[{\"@type\":\"Article\",\"@id\":\"https:\\\/\\\/www.manquepierda.com\\\/futbolandia\\\/de-la-guarderia-al-balon-de-oro\\\/#article\",\"isPartOf\":{\"@id\":\"https:\\\/\\\/www.manquepierda.com\\\/futbolandia\\\/de-la-guarderia-al-balon-de-oro\\\/\"},\"author\":{\"name\":\"Jorge M. Gonz\u00e1lez\",\"@id\":\"https:\\\/\\\/www.manquepierda.com\\\/futbolandia\\\/#\\\/schema\\\/person\\\/fdb4eabc3c2e0e717a790a4ce10cd2b3\"},\"headline\":\"De la guarder\u00eda al bal\u00f3n de oro\",\"datePublished\":\"2014-07-25T07:00:19+00:00\",\"dateModified\":\"2014-07-28T11:59:07+00:00\",\"mainEntityOfPage\":{\"@id\":\"https:\\\/\\\/www.manquepierda.com\\\/futbolandia\\\/de-la-guarderia-al-balon-de-oro\\\/\"},\"wordCount\":3215,\"commentCount\":0,\"image\":{\"@id\":\"https:\\\/\\\/www.manquepierda.com\\\/futbolandia\\\/de-la-guarderia-al-balon-de-oro\\\/#primaryimage\"},\"thumbnailUrl\":\"https:\\\/\\\/i0.wp.com\\\/www.manquepierda.com\\\/futbolandia\\\/files\\\/2014\\\/07\\\/nathan-allan-de-souza.jpg?fit=620%2C401&ssl=1\",\"keywords\":[\"abner\",\"Alejandro D\u00edaz\",\"bakkali\",\"driussi\",\"futbol\",\"futuro\",\"hachim mastour\",\"halilovic\",\"harry wilson\",\"Jovenes\",\"nathan\",\"promesas\",\"ryan gauld\",\"sanabria\",\"succes\",\"zivkovic\"],\"articleSection\":[\"J\u00f3venes Valores\",\"Portada\"],\"inLanguage\":\"es\",\"potentialAction\":[{\"@type\":\"CommentAction\",\"name\":\"Comment\",\"target\":[\"https:\\\/\\\/www.manquepierda.com\\\/futbolandia\\\/de-la-guarderia-al-balon-de-oro\\\/#respond\"]}]},{\"@type\":\"WebPage\",\"@id\":\"https:\\\/\\\/www.manquepierda.com\\\/futbolandia\\\/de-la-guarderia-al-balon-de-oro\\\/\",\"url\":\"https:\\\/\\\/www.manquepierda.com\\\/futbolandia\\\/de-la-guarderia-al-balon-de-oro\\\/\",\"name\":\"De la guarder\u00eda al bal\u00f3n de oro &#8211; Futbolandia\",\"isPartOf\":{\"@id\":\"https:\\\/\\\/www.manquepierda.com\\\/futbolandia\\\/#website\"},\"primaryImageOfPage\":{\"@id\":\"https:\\\/\\\/www.manquepierda.com\\\/futbolandia\\\/de-la-guarderia-al-balon-de-oro\\\/#primaryimage\"},\"image\":{\"@id\":\"https:\\\/\\\/www.manquepierda.com\\\/futbolandia\\\/de-la-guarderia-al-balon-de-oro\\\/#primaryimage\"},\"thumbnailUrl\":\"https:\\\/\\\/i0.wp.com\\\/www.manquepierda.com\\\/futbolandia\\\/files\\\/2014\\\/07\\\/nathan-allan-de-souza.jpg?fit=620%2C401&ssl=1\",\"datePublished\":\"2014-07-25T07:00:19+00:00\",\"dateModified\":\"2014-07-28T11:59:07+00:00\",\"author\":{\"@id\":\"https:\\\/\\\/www.manquepierda.com\\\/futbolandia\\\/#\\\/schema\\\/person\\\/fdb4eabc3c2e0e717a790a4ce10cd2b3\"},\"breadcrumb\":{\"@id\":\"https:\\\/\\\/www.manquepierda.com\\\/futbolandia\\\/de-la-guarderia-al-balon-de-oro\\\/#breadcrumb\"},\"inLanguage\":\"es\",\"potentialAction\":[{\"@type\":\"ReadAction\",\"target\":[\"https:\\\/\\\/www.manquepierda.com\\\/futbolandia\\\/de-la-guarderia-al-balon-de-oro\\\/\"]}]},{\"@type\":\"ImageObject\",\"inLanguage\":\"es\",\"@id\":\"https:\\\/\\\/www.manquepierda.com\\\/futbolandia\\\/de-la-guarderia-al-balon-de-oro\\\/#primaryimage\",\"url\":\"https:\\\/\\\/i0.wp.com\\\/www.manquepierda.com\\\/futbolandia\\\/files\\\/2014\\\/07\\\/nathan-allan-de-souza.jpg?fit=620%2C401&ssl=1\",\"contentUrl\":\"https:\\\/\\\/i0.wp.com\\\/www.manquepierda.com\\\/futbolandia\\\/files\\\/2014\\\/07\\\/nathan-allan-de-souza.jpg?fit=620%2C401&ssl=1\",\"width\":620,\"height\":401,\"caption\":\"Nathan Allan de Souza celebra un gol con Brasil U'17 Foto: Talksport.com\"},{\"@type\":\"BreadcrumbList\",\"@id\":\"https:\\\/\\\/www.manquepierda.com\\\/futbolandia\\\/de-la-guarderia-al-balon-de-oro\\\/#breadcrumb\",\"itemListElement\":[{\"@type\":\"ListItem\",\"position\":1,\"name\":\"Portada\",\"item\":\"https:\\\/\\\/www.manquepierda.com\\\/futbolandia\\\/\"},{\"@type\":\"ListItem\",\"position\":2,\"name\":\"De la guarder\u00eda al bal\u00f3n de oro\"}]},{\"@type\":\"WebSite\",\"@id\":\"https:\\\/\\\/www.manquepierda.com\\\/futbolandia\\\/#website\",\"url\":\"https:\\\/\\\/www.manquepierda.com\\\/futbolandia\\\/\",\"name\":\"Futbolandia\",\"description\":\"Reportajes e informaci\u00f3n sobre f\u00fatbol mundial y j\u00f3venes promesas\",\"potentialAction\":[{\"@type\":\"SearchAction\",\"target\":{\"@type\":\"EntryPoint\",\"urlTemplate\":\"https:\\\/\\\/www.manquepierda.com\\\/futbolandia\\\/?s={search_term_string}\"},\"query-input\":{\"@type\":\"PropertyValueSpecification\",\"valueRequired\":true,\"valueName\":\"search_term_string\"}}],\"inLanguage\":\"es\"},{\"@type\":\"Person\",\"@id\":\"https:\\\/\\\/www.manquepierda.com\\\/futbolandia\\\/#\\\/schema\\\/person\\\/fdb4eabc3c2e0e717a790a4ce10cd2b3\",\"name\":\"Jorge M. Gonz\u00e1lez\",\"image\":{\"@type\":\"ImageObject\",\"inLanguage\":\"es\",\"@id\":\"https:\\\/\\\/secure.gravatar.com\\\/avatar\\\/40fe62083e523c4134f75fb1d06ea73b4503d9162f3c6e89800e90f1bbd7f262?s=96&d=mm&r=g\",\"url\":\"https:\\\/\\\/secure.gravatar.com\\\/avatar\\\/40fe62083e523c4134f75fb1d06ea73b4503d9162f3c6e89800e90f1bbd7f262?s=96&d=mm&r=g\",\"contentUrl\":\"https:\\\/\\\/secure.gravatar.com\\\/avatar\\\/40fe62083e523c4134f75fb1d06ea73b4503d9162f3c6e89800e90f1bbd7f262?s=96&d=mm&r=g\",\"caption\":\"Jorge M. Gonz\u00e1lez\"},\"description\":\"Apasionado del f\u00fatbol internacional y Social Media Manager. Me gusta seguir ligas extranjeras y a las j\u00f3venes promesas de todo el mundo. S\u00edgueme en twitter para compartir afici\u00f3n: @jorgegonex\",\"sameAs\":[\"http:\\\/\\\/manquepierda.com\\\/\",\"https:\\\/\\\/x.com\\\/https:\\\/\\\/twitter.com\\\/jorgegonex\",\"https:\\\/\\\/www.youtube.com\\\/user\\\/FutbolandiaMQP\"],\"url\":\"https:\\\/\\\/www.manquepierda.com\\\/futbolandia\\\/author\\\/jorgegonzalez\\\/\"}]}<\/script>\n<!-- \/ Yoast SEO plugin. -->","yoast_head_json":{"title":"De la guarder\u00eda al bal\u00f3n de oro &#8211; Futbolandia","robots":{"index":"index","follow":"follow","max-snippet":"max-snippet:-1","max-image-preview":"max-image-preview:large","max-video-preview":"max-video-preview:-1"},"canonical":"https:\/\/www.manquepierda.com\/futbolandia\/de-la-guarderia-al-balon-de-oro\/","og_locale":"es_ES","og_type":"article","og_title":"De la guarder\u00eda al bal\u00f3n de oro &#8211; Futbolandia","og_description":"Estaba el otro d\u00eda paseando tranquilamente por mi timeline en la red social Twitter, cuando\u00a0recib\u00eda una pregunta por parte de uno de mis seguidores (Alfonso Valderrama @EntrenadorLeon). Una pregunta tan interesante y apasionante de responder como dif\u00edcil. Incluso me atrever\u00eda a tacharla de imposible. Concretamente me preguntaba por alg\u00fan jugador de 17 a\u00f1os que apuntase...","og_url":"https:\/\/www.manquepierda.com\/futbolandia\/de-la-guarderia-al-balon-de-oro\/","og_site_name":"Futbolandia","article_published_time":"2014-07-25T07:00:19+00:00","article_modified_time":"2014-07-28T11:59:07+00:00","og_image":[{"width":620,"height":401,"url":"https:\/\/i1.wp.com\/www.manquepierda.com\/futbolandia\/files\/2014\/07\/nathan-allan-de-souza.jpg?fit=620%2C401&ssl=1","type":"image\/jpeg"}],"author":"Jorge M. Gonz\u00e1lez","twitter_misc":{"Escrito por":"Jorge M. Gonz\u00e1lez","Tiempo de lectura":"16 minutos"},"schema":{"@context":"https:\/\/schema.org","@graph":[{"@type":"Article","@id":"https:\/\/www.manquepierda.com\/futbolandia\/de-la-guarderia-al-balon-de-oro\/#article","isPartOf":{"@id":"https:\/\/www.manquepierda.com\/futbolandia\/de-la-guarderia-al-balon-de-oro\/"},"author":{"name":"Jorge M. Gonz\u00e1lez","@id":"https:\/\/www.manquepierda.com\/futbolandia\/#\/schema\/person\/fdb4eabc3c2e0e717a790a4ce10cd2b3"},"headline":"De la guarder\u00eda al bal\u00f3n de oro","datePublished":"2014-07-25T07:00:19+00:00","dateModified":"2014-07-28T11:59:07+00:00","mainEntityOfPage":{"@id":"https:\/\/www.manquepierda.com\/futbolandia\/de-la-guarderia-al-balon-de-oro\/"},"wordCount":3215,"commentCount":0,"image":{"@id":"https:\/\/www.manquepierda.com\/futbolandia\/de-la-guarderia-al-balon-de-oro\/#primaryimage"},"thumbnailUrl":"https:\/\/i0.wp.com\/www.manquepierda.com\/futbolandia\/files\/2014\/07\/nathan-allan-de-souza.jpg?fit=620%2C401&ssl=1","keywords":["abner","Alejandro D\u00edaz","bakkali","driussi","futbol","futuro","hachim mastour","halilovic","harry wilson","Jovenes","nathan","promesas","ryan gauld","sanabria","succes","zivkovic"],"articleSection":["J\u00f3venes Valores","Portada"],"inLanguage":"es","potentialAction":[{"@type":"CommentAction","name":"Comment","target":["https:\/\/www.manquepierda.com\/futbolandia\/de-la-guarderia-al-balon-de-oro\/#respond"]}]},{"@type":"WebPage","@id":"https:\/\/www.manquepierda.com\/futbolandia\/de-la-guarderia-al-balon-de-oro\/","url":"https:\/\/www.manquepierda.com\/futbolandia\/de-la-guarderia-al-balon-de-oro\/","name":"De la guarder\u00eda al bal\u00f3n de oro &#8211; Futbolandia","isPartOf":{"@id":"https:\/\/www.manquepierda.com\/futbolandia\/#website"},"primaryImageOfPage":{"@id":"https:\/\/www.manquepierda.com\/futbolandia\/de-la-guarderia-al-balon-de-oro\/#primaryimage"},"image":{"@id":"https:\/\/www.manquepierda.com\/futbolandia\/de-la-guarderia-al-balon-de-oro\/#primaryimage"},"thumbnailUrl":"https:\/\/i0.wp.com\/www.manquepierda.com\/futbolandia\/files\/2014\/07\/nathan-allan-de-souza.jpg?fit=620%2C401&ssl=1","datePublished":"2014-07-25T07:00:19+00:00","dateModified":"2014-07-28T11:59:07+00:00","author":{"@id":"https:\/\/www.manquepierda.com\/futbolandia\/#\/schema\/person\/fdb4eabc3c2e0e717a790a4ce10cd2b3"},"breadcrumb":{"@id":"https:\/\/www.manquepierda.com\/futbolandia\/de-la-guarderia-al-balon-de-oro\/#breadcrumb"},"inLanguage":"es","potentialAction":[{"@type":"ReadAction","target":["https:\/\/www.manquepierda.com\/futbolandia\/de-la-guarderia-al-balon-de-oro\/"]}]},{"@type":"ImageObject","inLanguage":"es","@id":"https:\/\/www.manquepierda.com\/futbolandia\/de-la-guarderia-al-balon-de-oro\/#primaryimage","url":"https:\/\/i0.wp.com\/www.manquepierda.com\/futbolandia\/files\/2014\/07\/nathan-allan-de-souza.jpg?fit=620%2C401&ssl=1","contentUrl":"https:\/\/i0.wp.com\/www.manquepierda.com\/futbolandia\/files\/2014\/07\/nathan-allan-de-souza.jpg?fit=620%2C401&ssl=1","width":620,"height":401,"caption":"Nathan Allan de Souza celebra un gol con Brasil U'17 Foto: Talksport.com"},{"@type":"BreadcrumbList","@id":"https:\/\/www.manquepierda.com\/futbolandia\/de-la-guarderia-al-balon-de-oro\/#breadcrumb","itemListElement":[{"@type":"ListItem","position":1,"name":"Portada","item":"https:\/\/www.manquepierda.com\/futbolandia\/"},{"@type":"ListItem","position":2,"name":"De la guarder\u00eda al bal\u00f3n de oro"}]},{"@type":"WebSite","@id":"https:\/\/www.manquepierda.com\/futbolandia\/#website","url":"https:\/\/www.manquepierda.com\/futbolandia\/","name":"Futbolandia","description":"Reportajes e informaci\u00f3n sobre f\u00fatbol mundial y j\u00f3venes promesas","potentialAction":[{"@type":"SearchAction","target":{"@type":"EntryPoint","urlTemplate":"https:\/\/www.manquepierda.com\/futbolandia\/?s={search_term_string}"},"query-input":{"@type":"PropertyValueSpecification","valueRequired":true,"valueName":"search_term_string"}}],"inLanguage":"es"},{"@type":"Person","@id":"https:\/\/www.manquepierda.com\/futbolandia\/#\/schema\/person\/fdb4eabc3c2e0e717a790a4ce10cd2b3","name":"Jorge M. Gonz\u00e1lez","image":{"@type":"ImageObject","inLanguage":"es","@id":"https:\/\/secure.gravatar.com\/avatar\/40fe62083e523c4134f75fb1d06ea73b4503d9162f3c6e89800e90f1bbd7f262?s=96&d=mm&r=g","url":"https:\/\/secure.gravatar.com\/avatar\/40fe62083e523c4134f75fb1d06ea73b4503d9162f3c6e89800e90f1bbd7f262?s=96&d=mm&r=g","contentUrl":"https:\/\/secure.gravatar.com\/avatar\/40fe62083e523c4134f75fb1d06ea73b4503d9162f3c6e89800e90f1bbd7f262?s=96&d=mm&r=g","caption":"Jorge M. Gonz\u00e1lez"},"description":"Apasionado del f\u00fatbol internacional y Social Media Manager. Me gusta seguir ligas extranjeras y a las j\u00f3venes promesas de todo el mundo. S\u00edgueme en twitter para compartir afici\u00f3n: @jorgegonex","sameAs":["http:\/\/manquepierda.com\/","https:\/\/x.com\/https:\/\/twitter.com\/jorgegonex","https:\/\/www.youtube.com\/user\/FutbolandiaMQP"],"url":"https:\/\/www.manquepierda.com\/futbolandia\/author\/jorgegonzalez\/"}]}},"jetpack_publicize_connections":[],"jetpack_featured_media_url":"https:\/\/i0.wp.com\/www.manquepierda.com\/futbolandia\/files\/2014\/07\/nathan-allan-de-souza.jpg?fit=620%2C401&ssl=1","jetpack_shortlink":"https:\/\/wp.me\/p1THIg-Zw","jetpack_sharing_enabled":true,"_links":{"self":[{"href":"https:\/\/www.manquepierda.com\/futbolandia\/wp-json\/wp\/v2\/posts\/3814","targetHints":{"allow":["GET"]}}],"collection":[{"href":"https:\/\/www.manquepierda.com\/futbolandia\/wp-json\/wp\/v2\/posts"}],"about":[{"href":"https:\/\/www.manquepierda.com\/futbolandia\/wp-json\/wp\/v2\/types\/post"}],"author":[{"embeddable":true,"href":"https:\/\/www.manquepierda.com\/futbolandia\/wp-json\/wp\/v2\/users\/93"}],"replies":[{"embeddable":true,"href":"https:\/\/www.manquepierda.com\/futbolandia\/wp-json\/wp\/v2\/comments?post=3814"}],"version-history":[{"count":0,"href":"https:\/\/www.manquepierda.com\/futbolandia\/wp-json\/wp\/v2\/posts\/3814\/revisions"}],"wp:featuredmedia":[{"embeddable":true,"href":"https:\/\/www.manquepierda.com\/futbolandia\/wp-json\/wp\/v2\/media\/3914"}],"wp:attachment":[{"href":"https:\/\/www.manquepierda.com\/futbolandia\/wp-json\/wp\/v2\/media?parent=3814"}],"wp:term":[{"taxonomy":"category","embeddable":true,"href":"https:\/\/www.manquepierda.com\/futbolandia\/wp-json\/wp\/v2\/categories?post=3814"},{"taxonomy":"post_tag","embeddable":true,"href":"https:\/\/www.manquepierda.com\/futbolandia\/wp-json\/wp\/v2\/tags?post=3814"}],"curies":[{"name":"wp","href":"https:\/\/api.w.org\/{rel}","templated":true}]}}