{"id":3901,"date":"2014-07-24T12:24:00","date_gmt":"2014-07-24T10:24:00","guid":{"rendered":"http:\/\/www.manquepierda.com\/futbolandia\/?p=3901"},"modified":"2015-07-09T09:07:56","modified_gmt":"2015-07-09T07:07:56","slug":"la-nueva-era-del-fc-porto-de-la-mano-de-lopetegui","status":"publish","type":"post","link":"https:\/\/www.manquepierda.com\/futbolandia\/la-nueva-era-del-fc-porto-de-la-mano-de-lopetegui\/","title":{"rendered":"La nueva era del FC Porto de la mano de Lopetegui"},"content":{"rendered":"<p>Despu\u00e9s de una temporada nefasta, en la que ni siquiera qued\u00f3 entre los dos primeros en la Liga ZON Sagres (ahora Primeira Liga), ser eliminado en Ta\u00e7a da Liga y Ta\u00e7a de Portugal en semifinales y, en ambas, por su eterno rival el SL Benfica, y ver truncado el sue\u00f1o europeo cayendo en fase de grupos de la UEFA Champions League para, posteriormente, caer en cuartos de final de la UEFA Europa League ante el que ser\u00eda el campe\u00f3n de la misma unos meses despu\u00e9s, el Sevilla FC, el FC Porto necesitaba una renovaci\u00f3n. Y la est\u00e1 realizando este verano.<\/p>\n<p>En mayo de este mismo a\u00f1o, tras una temporada convulsa tambi\u00e9n en el banquillo (Paulo Fonseca, que llev\u00f3 al Pa\u00e7os de Ferreira a la tercera posici\u00f3n la temporada anterior, s\u00f3lo aguant\u00f3 media temporada en el banquillo. Despu\u00e9s, le sucedi\u00f3 Lu\u00eds Castro, que no mejor\u00f3 el papel de su predecesor), el FC Porto oficializ\u00f3 la llegada de Lopetegui para llevar el tim\u00f3n de este nuevo Porto y llevar a \u00abos drag\u00f5es\u00bb a so\u00f1ar con llegar a lo que un d\u00eda alcanzaron a principios de siglo.<\/p>\n<p>El que fue seleccionador Sub-21, de \u00abla Rojita\u00bb, firm\u00f3 por tres a\u00f1os en Do Drag\u00e3o, y recibi\u00f3 la \u00abm\u00e1xima confianza para construir un equipo s\u00f3lido\u00bb por parte de Pinto da Costa, el presidente blanquiazul. Y Lopetegui est\u00e1 cumpliendo su cometido.<\/p>\n<p>A d\u00eda de hoy, con el mercado de fichajes veraniego abierto desde hace a penas tres semanas, y con m\u00e1s de medio mercado por delante, Julen Lopetegui ya ha construido un equipo ilusionante, joven, con futuro y con, mucho, mucho hambre de f\u00fatbol.<\/p>\n<p><strong>Fichajes del FC Porto en la era Lopetegui:\u00a0<\/strong>Casemiro (Real Madrid, cedido), Cristian Tello (FC Barcelona, cedido con opci\u00f3n de compra), Brahimi (Granada), Martins Indi (Feyenoord), Adri\u00e1n (Atl\u00e9tico de Madrid), Rolando (Inter de Mil\u00e1n, vuelve tras cesi\u00f3n), \u00d3liver Torres (Atl\u00e9tico de Madrid, cedido), Sami (Mar\u00edtimo), Evandro (Estoril), Daniel Opare (Standard de Lieja) y Ricardo (Acad\u00e9mica de Coimbra).<\/p>\n<p>Todas estas entradas hacen evidente que Lopetegui es el entrenador de este equipo. Mucho fichaje nacional, joven, y que ha compartido banquillo con \u00e9l en la Sub-21, tapando todas las zonas del terreno de juego y, como es costumbre en el FC Porto, sin gastar una millonada en jugadores. Y a\u00fan queda mucha tela por cortar, ya que suenan jugadores como\u00a0<strong>Andr\u00e9s Fern\u00e1ndez<\/strong> con much\u00edsima fuerza, y se rumorean nombres como el del mexicano Ra\u00fal Jim\u00e9nez, Suso, Nolito, Ricardo Costa&#8230;<\/p>\n<p>A parte de todo ello, cabe mencionar a los jugadores que ya est\u00e1n y son igualmente ilusionantes, como H\u00e9ctor Herrera (una de las revelaciones del pasado Mundial), Juan Fernando Quintero, el resucitado y espectacular\u00a0Quaresma, \u00c1lex Sandro, Kelvin (que le dio la Liga al Porto in-extremis hace ya dos temporadas, y sigue siendo la eterna promesa de Do Drag\u00e3o)&#8230; y el que tiene pie y medio fuera desde hace m\u00e1s de un a\u00f1o pero ah\u00ed sigue, siendo la eterna inc\u00f3gnita, Jackson Mart\u00ednez.<\/p>\n<p>Sin embargo, obviamente a\u00fan es pronto para predecir nada sobre la pr\u00f3xima temporada de \u00abos drag\u00f5es\u00bb, pero sin duda ser\u00e1 seguido por los seguidores espa\u00f1oles\u00a0m\u00e1s que nunca, ya que en sus filas hay jugadores que, qui\u00e9n sabe, podr\u00edan representar a Espa\u00f1a con la selecci\u00f3n absoluta en un futuro pr\u00f3ximo. Estaremos atentos.<\/p>\n<p>Ahora m\u00e1s que nunca, se habla espa\u00f1ol en Do Drag\u00e3o.<\/p>\n<p>Os dejo con un XI tipo de la que ser\u00eda, a d\u00eda de hoy, la alineaci\u00f3n del FC Porto:<\/p>\n<p><a href=\"https:\/\/i0.wp.com\/www.manquepierda.com\/futbolandia\/files\/2014\/07\/FCPorto.jpg\"><img data-recalc-dims=\"1\" loading=\"lazy\" decoding=\"async\" data-attachment-id=\"3902\" data-permalink=\"https:\/\/www.manquepierda.com\/futbolandia\/la-nueva-era-del-fc-porto-de-la-mano-de-lopetegui\/fcporto\/\" data-orig-file=\"https:\/\/i0.wp.com\/www.manquepierda.com\/futbolandia\/files\/2014\/07\/FCPorto.jpg?fit=316%2C513&amp;ssl=1\" data-orig-size=\"316,513\" data-comments-opened=\"1\" data-image-meta=\"{&quot;aperture&quot;:&quot;0&quot;,&quot;credit&quot;:&quot;&quot;,&quot;camera&quot;:&quot;&quot;,&quot;caption&quot;:&quot;&quot;,&quot;created_timestamp&quot;:&quot;0&quot;,&quot;copyright&quot;:&quot;&quot;,&quot;focal_length&quot;:&quot;0&quot;,&quot;iso&quot;:&quot;0&quot;,&quot;shutter_speed&quot;:&quot;0&quot;,&quot;title&quot;:&quot;&quot;}\" data-image-title=\"FCPorto\" data-image-description=\"\" data-image-caption=\"\" data-large-file=\"https:\/\/i0.wp.com\/www.manquepierda.com\/futbolandia\/files\/2014\/07\/FCPorto.jpg?fit=316%2C513&amp;ssl=1\" class=\"alignnone  wp-image-3902\" src=\"https:\/\/i0.wp.com\/www.manquepierda.com\/futbolandia\/files\/2014\/07\/FCPorto.jpg?resize=247%2C403\" alt=\"FCPorto\" width=\"247\" height=\"403\" \/><\/a><\/p>\n","protected":false},"excerpt":{"rendered":"<p>Despu\u00e9s de una temporada nefasta, en la que ni siquiera qued\u00f3 entre los dos primeros en la Liga ZON Sagres (ahora Primeira Liga), ser eliminado en Ta\u00e7a da Liga y Ta\u00e7a de Portugal en semifinales y, en ambas, por su eterno rival el SL Benfica, y ver truncado el sue\u00f1o europeo cayendo en fase de&#8230;<\/p>\n","protected":false},"author":413,"featured_media":3903,"comment_status":"open","ping_status":"open","sticky":false,"template":"","format":"standard","meta":{"_kad_post_transparent":"","_kad_post_title":"","_kad_post_layout":"","_kad_post_sidebar_id":"","_kad_post_content_style":"","_kad_post_vertical_padding":"","_kad_post_feature":"","_kad_post_feature_position":"","_kad_post_header":false,"_kad_post_footer":false,"_kad_post_classname":"","_jetpack_memberships_contains_paid_content":false,"footnotes":"","jetpack_publicize_message":"","jetpack_publicize_feature_enabled":true,"jetpack_social_post_already_shared":true,"jetpack_social_options":{"image_generator_settings":{"template":"highway","default_image_id":0,"font":"","enabled":false},"version":2}},"categories":[1392,10],"tags":[564,427,1360,709,708,673,1361],"class_list":["post-3901","post","type-post","status-publish","format-standard","has-post-thumbnail","hentry","category-otras-ligas","category-portada","tag-fichajes","tag-futbol","tag-lopetegui","tag-oporto","tag-porto","tag-portugal","tag-primeira-liga"],"yoast_head":"<!-- This site is optimized with the Yoast SEO plugin v27.5 - https:\/\/yoast.com\/product\/yoast-seo-wordpress\/ -->\n<title>La nueva era del FC Porto de la mano de Lopetegui &#8211; Futbolandia<\/title>\n<meta name=\"robots\" content=\"index, follow, max-snippet:-1, max-image-preview:large, max-video-preview:-1\" \/>\n<link rel=\"canonical\" href=\"https:\/\/www.manquepierda.com\/futbolandia\/la-nueva-era-del-fc-porto-de-la-mano-de-lopetegui\/\" \/>\n<meta property=\"og:locale\" content=\"es_ES\" \/>\n<meta property=\"og:type\" content=\"article\" \/>\n<meta property=\"og:title\" content=\"La nueva era del FC Porto de la mano de Lopetegui &#8211; Futbolandia\" \/>\n<meta property=\"og:description\" content=\"Despu\u00e9s de una temporada nefasta, en la que ni siquiera qued\u00f3 entre los dos primeros en la Liga ZON Sagres (ahora Primeira Liga), ser eliminado en Ta\u00e7a da Liga y Ta\u00e7a de Portugal en semifinales y, en ambas, por su eterno rival el SL Benfica, y ver truncado el sue\u00f1o europeo cayendo en fase de...\" \/>\n<meta property=\"og:url\" content=\"https:\/\/www.manquepierda.com\/futbolandia\/la-nueva-era-del-fc-porto-de-la-mano-de-lopetegui\/\" \/>\n<meta property=\"og:site_name\" content=\"Futbolandia\" \/>\n<meta property=\"article:published_time\" content=\"2014-07-24T10:24:00+00:00\" \/>\n<meta property=\"article:modified_time\" content=\"2015-07-09T07:07:56+00:00\" \/>\n<meta property=\"og:image\" content=\"https:\/\/i2.wp.com\/www.manquepierda.com\/futbolandia\/files\/2014\/07\/Lopetegui.jpg?fit=300%2C168&ssl=1\" \/>\n\t<meta property=\"og:image:width\" content=\"300\" \/>\n\t<meta property=\"og:image:height\" content=\"168\" \/>\n\t<meta property=\"og:image:type\" content=\"image\/jpeg\" \/>\n<meta name=\"author\" content=\"Sergi Morilla\" \/>\n<meta name=\"twitter:label1\" content=\"Escrito por\" \/>\n\t<meta name=\"twitter:data1\" content=\"Sergi Morilla\" \/>\n\t<meta name=\"twitter:label2\" content=\"Tiempo de lectura\" \/>\n\t<meta name=\"twitter:data2\" content=\"3 minutos\" \/>\n<script type=\"application\/ld+json\" class=\"yoast-schema-graph\">{\"@context\":\"https:\\\/\\\/schema.org\",\"@graph\":[{\"@type\":\"Article\",\"@id\":\"https:\\\/\\\/www.manquepierda.com\\\/futbolandia\\\/la-nueva-era-del-fc-porto-de-la-mano-de-lopetegui\\\/#article\",\"isPartOf\":{\"@id\":\"https:\\\/\\\/www.manquepierda.com\\\/futbolandia\\\/la-nueva-era-del-fc-porto-de-la-mano-de-lopetegui\\\/\"},\"author\":{\"name\":\"Sergi Morilla\",\"@id\":\"https:\\\/\\\/www.manquepierda.com\\\/futbolandia\\\/#\\\/schema\\\/person\\\/a5ee685aa08423aa6a09f85effed7e81\"},\"headline\":\"La nueva era del FC Porto de la mano de Lopetegui\",\"datePublished\":\"2014-07-24T10:24:00+00:00\",\"dateModified\":\"2015-07-09T07:07:56+00:00\",\"mainEntityOfPage\":{\"@id\":\"https:\\\/\\\/www.manquepierda.com\\\/futbolandia\\\/la-nueva-era-del-fc-porto-de-la-mano-de-lopetegui\\\/\"},\"wordCount\":641,\"commentCount\":0,\"image\":{\"@id\":\"https:\\\/\\\/www.manquepierda.com\\\/futbolandia\\\/la-nueva-era-del-fc-porto-de-la-mano-de-lopetegui\\\/#primaryimage\"},\"thumbnailUrl\":\"https:\\\/\\\/i0.wp.com\\\/www.manquepierda.com\\\/futbolandia\\\/files\\\/2014\\\/07\\\/Lopetegui.jpg?fit=300%2C168&ssl=1\",\"keywords\":[\"fichajes\",\"futbol\",\"lopetegui\",\"oporto\",\"porto\",\"portugal\",\"primeira liga\"],\"articleSection\":[\"Otras ligas\",\"Portada\"],\"inLanguage\":\"es\",\"potentialAction\":[{\"@type\":\"CommentAction\",\"name\":\"Comment\",\"target\":[\"https:\\\/\\\/www.manquepierda.com\\\/futbolandia\\\/la-nueva-era-del-fc-porto-de-la-mano-de-lopetegui\\\/#respond\"]}]},{\"@type\":\"WebPage\",\"@id\":\"https:\\\/\\\/www.manquepierda.com\\\/futbolandia\\\/la-nueva-era-del-fc-porto-de-la-mano-de-lopetegui\\\/\",\"url\":\"https:\\\/\\\/www.manquepierda.com\\\/futbolandia\\\/la-nueva-era-del-fc-porto-de-la-mano-de-lopetegui\\\/\",\"name\":\"La nueva era del FC Porto de la mano de Lopetegui &#8211; Futbolandia\",\"isPartOf\":{\"@id\":\"https:\\\/\\\/www.manquepierda.com\\\/futbolandia\\\/#website\"},\"primaryImageOfPage\":{\"@id\":\"https:\\\/\\\/www.manquepierda.com\\\/futbolandia\\\/la-nueva-era-del-fc-porto-de-la-mano-de-lopetegui\\\/#primaryimage\"},\"image\":{\"@id\":\"https:\\\/\\\/www.manquepierda.com\\\/futbolandia\\\/la-nueva-era-del-fc-porto-de-la-mano-de-lopetegui\\\/#primaryimage\"},\"thumbnailUrl\":\"https:\\\/\\\/i0.wp.com\\\/www.manquepierda.com\\\/futbolandia\\\/files\\\/2014\\\/07\\\/Lopetegui.jpg?fit=300%2C168&ssl=1\",\"datePublished\":\"2014-07-24T10:24:00+00:00\",\"dateModified\":\"2015-07-09T07:07:56+00:00\",\"author\":{\"@id\":\"https:\\\/\\\/www.manquepierda.com\\\/futbolandia\\\/#\\\/schema\\\/person\\\/a5ee685aa08423aa6a09f85effed7e81\"},\"breadcrumb\":{\"@id\":\"https:\\\/\\\/www.manquepierda.com\\\/futbolandia\\\/la-nueva-era-del-fc-porto-de-la-mano-de-lopetegui\\\/#breadcrumb\"},\"inLanguage\":\"es\",\"potentialAction\":[{\"@type\":\"ReadAction\",\"target\":[\"https:\\\/\\\/www.manquepierda.com\\\/futbolandia\\\/la-nueva-era-del-fc-porto-de-la-mano-de-lopetegui\\\/\"]}]},{\"@type\":\"ImageObject\",\"inLanguage\":\"es\",\"@id\":\"https:\\\/\\\/www.manquepierda.com\\\/futbolandia\\\/la-nueva-era-del-fc-porto-de-la-mano-de-lopetegui\\\/#primaryimage\",\"url\":\"https:\\\/\\\/i0.wp.com\\\/www.manquepierda.com\\\/futbolandia\\\/files\\\/2014\\\/07\\\/Lopetegui.jpg?fit=300%2C168&ssl=1\",\"contentUrl\":\"https:\\\/\\\/i0.wp.com\\\/www.manquepierda.com\\\/futbolandia\\\/files\\\/2014\\\/07\\\/Lopetegui.jpg?fit=300%2C168&ssl=1\",\"width\":300,\"height\":168},{\"@type\":\"BreadcrumbList\",\"@id\":\"https:\\\/\\\/www.manquepierda.com\\\/futbolandia\\\/la-nueva-era-del-fc-porto-de-la-mano-de-lopetegui\\\/#breadcrumb\",\"itemListElement\":[{\"@type\":\"ListItem\",\"position\":1,\"name\":\"Portada\",\"item\":\"https:\\\/\\\/www.manquepierda.com\\\/futbolandia\\\/\"},{\"@type\":\"ListItem\",\"position\":2,\"name\":\"La nueva era del FC Porto de la mano de Lopetegui\"}]},{\"@type\":\"WebSite\",\"@id\":\"https:\\\/\\\/www.manquepierda.com\\\/futbolandia\\\/#website\",\"url\":\"https:\\\/\\\/www.manquepierda.com\\\/futbolandia\\\/\",\"name\":\"Futbolandia\",\"description\":\"Reportajes e informaci\u00f3n sobre f\u00fatbol mundial y j\u00f3venes promesas\",\"potentialAction\":[{\"@type\":\"SearchAction\",\"target\":{\"@type\":\"EntryPoint\",\"urlTemplate\":\"https:\\\/\\\/www.manquepierda.com\\\/futbolandia\\\/?s={search_term_string}\"},\"query-input\":{\"@type\":\"PropertyValueSpecification\",\"valueRequired\":true,\"valueName\":\"search_term_string\"}}],\"inLanguage\":\"es\"},{\"@type\":\"Person\",\"@id\":\"https:\\\/\\\/www.manquepierda.com\\\/futbolandia\\\/#\\\/schema\\\/person\\\/a5ee685aa08423aa6a09f85effed7e81\",\"name\":\"Sergi Morilla\",\"image\":{\"@type\":\"ImageObject\",\"inLanguage\":\"es\",\"@id\":\"https:\\\/\\\/secure.gravatar.com\\\/avatar\\\/01a75e9932328c93feac7851c9316aee5595ac0e410025863f9be65ebfef296b?s=96&d=mm&r=g\",\"url\":\"https:\\\/\\\/secure.gravatar.com\\\/avatar\\\/01a75e9932328c93feac7851c9316aee5595ac0e410025863f9be65ebfef296b?s=96&d=mm&r=g\",\"contentUrl\":\"https:\\\/\\\/secure.gravatar.com\\\/avatar\\\/01a75e9932328c93feac7851c9316aee5595ac0e410025863f9be65ebfef296b?s=96&d=mm&r=g\",\"caption\":\"Sergi Morilla\"},\"description\":\"Soy Sergi Morilla, catal\u00e1n y b\u00e9tico de cuna. Seguidor del f\u00fatbol internacional desde que descubr\u00ed lo que es un bal\u00f3n. \\\"Experto\\\" en f\u00fatbol portugu\u00e9s y gestor de @FutbolPortugal en Twitter. Metalero.\",\"sameAs\":[\"http:\\\/\\\/www.twitter.com\\\/FutbolPortugal\"],\"url\":\"https:\\\/\\\/www.manquepierda.com\\\/futbolandia\\\/author\\\/sergimorilla\\\/\"}]}<\/script>\n<!-- \/ Yoast SEO plugin. -->","yoast_head_json":{"title":"La nueva era del FC Porto de la mano de Lopetegui &#8211; Futbolandia","robots":{"index":"index","follow":"follow","max-snippet":"max-snippet:-1","max-image-preview":"max-image-preview:large","max-video-preview":"max-video-preview:-1"},"canonical":"https:\/\/www.manquepierda.com\/futbolandia\/la-nueva-era-del-fc-porto-de-la-mano-de-lopetegui\/","og_locale":"es_ES","og_type":"article","og_title":"La nueva era del FC Porto de la mano de Lopetegui &#8211; Futbolandia","og_description":"Despu\u00e9s de una temporada nefasta, en la que ni siquiera qued\u00f3 entre los dos primeros en la Liga ZON Sagres (ahora Primeira Liga), ser eliminado en Ta\u00e7a da Liga y Ta\u00e7a de Portugal en semifinales y, en ambas, por su eterno rival el SL Benfica, y ver truncado el sue\u00f1o europeo cayendo en fase de...","og_url":"https:\/\/www.manquepierda.com\/futbolandia\/la-nueva-era-del-fc-porto-de-la-mano-de-lopetegui\/","og_site_name":"Futbolandia","article_published_time":"2014-07-24T10:24:00+00:00","article_modified_time":"2015-07-09T07:07:56+00:00","og_image":[{"width":300,"height":168,"url":"https:\/\/i2.wp.com\/www.manquepierda.com\/futbolandia\/files\/2014\/07\/Lopetegui.jpg?fit=300%2C168&ssl=1","type":"image\/jpeg"}],"author":"Sergi Morilla","twitter_misc":{"Escrito por":"Sergi Morilla","Tiempo de lectura":"3 minutos"},"schema":{"@context":"https:\/\/schema.org","@graph":[{"@type":"Article","@id":"https:\/\/www.manquepierda.com\/futbolandia\/la-nueva-era-del-fc-porto-de-la-mano-de-lopetegui\/#article","isPartOf":{"@id":"https:\/\/www.manquepierda.com\/futbolandia\/la-nueva-era-del-fc-porto-de-la-mano-de-lopetegui\/"},"author":{"name":"Sergi Morilla","@id":"https:\/\/www.manquepierda.com\/futbolandia\/#\/schema\/person\/a5ee685aa08423aa6a09f85effed7e81"},"headline":"La nueva era del FC Porto de la mano de Lopetegui","datePublished":"2014-07-24T10:24:00+00:00","dateModified":"2015-07-09T07:07:56+00:00","mainEntityOfPage":{"@id":"https:\/\/www.manquepierda.com\/futbolandia\/la-nueva-era-del-fc-porto-de-la-mano-de-lopetegui\/"},"wordCount":641,"commentCount":0,"image":{"@id":"https:\/\/www.manquepierda.com\/futbolandia\/la-nueva-era-del-fc-porto-de-la-mano-de-lopetegui\/#primaryimage"},"thumbnailUrl":"https:\/\/i0.wp.com\/www.manquepierda.com\/futbolandia\/files\/2014\/07\/Lopetegui.jpg?fit=300%2C168&ssl=1","keywords":["fichajes","futbol","lopetegui","oporto","porto","portugal","primeira liga"],"articleSection":["Otras ligas","Portada"],"inLanguage":"es","potentialAction":[{"@type":"CommentAction","name":"Comment","target":["https:\/\/www.manquepierda.com\/futbolandia\/la-nueva-era-del-fc-porto-de-la-mano-de-lopetegui\/#respond"]}]},{"@type":"WebPage","@id":"https:\/\/www.manquepierda.com\/futbolandia\/la-nueva-era-del-fc-porto-de-la-mano-de-lopetegui\/","url":"https:\/\/www.manquepierda.com\/futbolandia\/la-nueva-era-del-fc-porto-de-la-mano-de-lopetegui\/","name":"La nueva era del FC Porto de la mano de Lopetegui &#8211; Futbolandia","isPartOf":{"@id":"https:\/\/www.manquepierda.com\/futbolandia\/#website"},"primaryImageOfPage":{"@id":"https:\/\/www.manquepierda.com\/futbolandia\/la-nueva-era-del-fc-porto-de-la-mano-de-lopetegui\/#primaryimage"},"image":{"@id":"https:\/\/www.manquepierda.com\/futbolandia\/la-nueva-era-del-fc-porto-de-la-mano-de-lopetegui\/#primaryimage"},"thumbnailUrl":"https:\/\/i0.wp.com\/www.manquepierda.com\/futbolandia\/files\/2014\/07\/Lopetegui.jpg?fit=300%2C168&ssl=1","datePublished":"2014-07-24T10:24:00+00:00","dateModified":"2015-07-09T07:07:56+00:00","author":{"@id":"https:\/\/www.manquepierda.com\/futbolandia\/#\/schema\/person\/a5ee685aa08423aa6a09f85effed7e81"},"breadcrumb":{"@id":"https:\/\/www.manquepierda.com\/futbolandia\/la-nueva-era-del-fc-porto-de-la-mano-de-lopetegui\/#breadcrumb"},"inLanguage":"es","potentialAction":[{"@type":"ReadAction","target":["https:\/\/www.manquepierda.com\/futbolandia\/la-nueva-era-del-fc-porto-de-la-mano-de-lopetegui\/"]}]},{"@type":"ImageObject","inLanguage":"es","@id":"https:\/\/www.manquepierda.com\/futbolandia\/la-nueva-era-del-fc-porto-de-la-mano-de-lopetegui\/#primaryimage","url":"https:\/\/i0.wp.com\/www.manquepierda.com\/futbolandia\/files\/2014\/07\/Lopetegui.jpg?fit=300%2C168&ssl=1","contentUrl":"https:\/\/i0.wp.com\/www.manquepierda.com\/futbolandia\/files\/2014\/07\/Lopetegui.jpg?fit=300%2C168&ssl=1","width":300,"height":168},{"@type":"BreadcrumbList","@id":"https:\/\/www.manquepierda.com\/futbolandia\/la-nueva-era-del-fc-porto-de-la-mano-de-lopetegui\/#breadcrumb","itemListElement":[{"@type":"ListItem","position":1,"name":"Portada","item":"https:\/\/www.manquepierda.com\/futbolandia\/"},{"@type":"ListItem","position":2,"name":"La nueva era del FC Porto de la mano de Lopetegui"}]},{"@type":"WebSite","@id":"https:\/\/www.manquepierda.com\/futbolandia\/#website","url":"https:\/\/www.manquepierda.com\/futbolandia\/","name":"Futbolandia","description":"Reportajes e informaci\u00f3n sobre f\u00fatbol mundial y j\u00f3venes promesas","potentialAction":[{"@type":"SearchAction","target":{"@type":"EntryPoint","urlTemplate":"https:\/\/www.manquepierda.com\/futbolandia\/?s={search_term_string}"},"query-input":{"@type":"PropertyValueSpecification","valueRequired":true,"valueName":"search_term_string"}}],"inLanguage":"es"},{"@type":"Person","@id":"https:\/\/www.manquepierda.com\/futbolandia\/#\/schema\/person\/a5ee685aa08423aa6a09f85effed7e81","name":"Sergi Morilla","image":{"@type":"ImageObject","inLanguage":"es","@id":"https:\/\/secure.gravatar.com\/avatar\/01a75e9932328c93feac7851c9316aee5595ac0e410025863f9be65ebfef296b?s=96&d=mm&r=g","url":"https:\/\/secure.gravatar.com\/avatar\/01a75e9932328c93feac7851c9316aee5595ac0e410025863f9be65ebfef296b?s=96&d=mm&r=g","contentUrl":"https:\/\/secure.gravatar.com\/avatar\/01a75e9932328c93feac7851c9316aee5595ac0e410025863f9be65ebfef296b?s=96&d=mm&r=g","caption":"Sergi Morilla"},"description":"Soy Sergi Morilla, catal\u00e1n y b\u00e9tico de cuna. Seguidor del f\u00fatbol internacional desde que descubr\u00ed lo que es un bal\u00f3n. \"Experto\" en f\u00fatbol portugu\u00e9s y gestor de @FutbolPortugal en Twitter. Metalero.","sameAs":["http:\/\/www.twitter.com\/FutbolPortugal"],"url":"https:\/\/www.manquepierda.com\/futbolandia\/author\/sergimorilla\/"}]}},"jetpack_publicize_connections":[],"jetpack_featured_media_url":"https:\/\/i0.wp.com\/www.manquepierda.com\/futbolandia\/files\/2014\/07\/Lopetegui.jpg?fit=300%2C168&ssl=1","jetpack_shortlink":"https:\/\/wp.me\/p1THIg-10V","jetpack_sharing_enabled":true,"_links":{"self":[{"href":"https:\/\/www.manquepierda.com\/futbolandia\/wp-json\/wp\/v2\/posts\/3901","targetHints":{"allow":["GET"]}}],"collection":[{"href":"https:\/\/www.manquepierda.com\/futbolandia\/wp-json\/wp\/v2\/posts"}],"about":[{"href":"https:\/\/www.manquepierda.com\/futbolandia\/wp-json\/wp\/v2\/types\/post"}],"author":[{"embeddable":true,"href":"https:\/\/www.manquepierda.com\/futbolandia\/wp-json\/wp\/v2\/users\/413"}],"replies":[{"embeddable":true,"href":"https:\/\/www.manquepierda.com\/futbolandia\/wp-json\/wp\/v2\/comments?post=3901"}],"version-history":[{"count":0,"href":"https:\/\/www.manquepierda.com\/futbolandia\/wp-json\/wp\/v2\/posts\/3901\/revisions"}],"wp:featuredmedia":[{"embeddable":true,"href":"https:\/\/www.manquepierda.com\/futbolandia\/wp-json\/wp\/v2\/media\/3903"}],"wp:attachment":[{"href":"https:\/\/www.manquepierda.com\/futbolandia\/wp-json\/wp\/v2\/media?parent=3901"}],"wp:term":[{"taxonomy":"category","embeddable":true,"href":"https:\/\/www.manquepierda.com\/futbolandia\/wp-json\/wp\/v2\/categories?post=3901"},{"taxonomy":"post_tag","embeddable":true,"href":"https:\/\/www.manquepierda.com\/futbolandia\/wp-json\/wp\/v2\/tags?post=3901"}],"curies":[{"name":"wp","href":"https:\/\/api.w.org\/{rel}","templated":true}]}}