{"id":4059,"date":"2014-08-04T12:19:43","date_gmt":"2014-08-04T10:19:43","guid":{"rendered":"http:\/\/www.manquepierda.com\/futbolandia\/?p=4059"},"modified":"2014-08-04T12:28:46","modified_gmt":"2014-08-04T10:28:46","slug":"tras-la-transicion-post-ferguson-deslumbra-la-era-van-gaal","status":"publish","type":"post","link":"https:\/\/www.manquepierda.com\/futbolandia\/tras-la-transicion-post-ferguson-deslumbra-la-era-van-gaal\/","title":{"rendered":"Tras la transici\u00f3n post Ferguson, deslumbra la era Van Gaal"},"content":{"rendered":"<figure id=\"attachment_4060\" aria-describedby=\"caption-attachment-4060\" style=\"width: 515px\" class=\"wp-caption alignleft\"><a href=\"https:\/\/i0.wp.com\/www.manquepierda.com\/futbolandia\/files\/2014\/08\/manchester-rooney-mata-van-persie.jpg\"><img data-recalc-dims=\"1\" loading=\"lazy\" decoding=\"async\" data-attachment-id=\"4060\" data-permalink=\"https:\/\/www.manquepierda.com\/futbolandia\/tras-la-transicion-post-ferguson-deslumbra-la-era-van-gaal\/manchester-rooney-mata-van-persie\/\" data-orig-file=\"https:\/\/i0.wp.com\/www.manquepierda.com\/futbolandia\/files\/2014\/08\/manchester-rooney-mata-van-persie.jpg?fit=630%2C420&amp;ssl=1\" data-orig-size=\"630,420\" data-comments-opened=\"1\" data-image-meta=\"{&quot;aperture&quot;:&quot;0&quot;,&quot;credit&quot;:&quot;&quot;,&quot;camera&quot;:&quot;&quot;,&quot;caption&quot;:&quot;&quot;,&quot;created_timestamp&quot;:&quot;0&quot;,&quot;copyright&quot;:&quot;&quot;,&quot;focal_length&quot;:&quot;0&quot;,&quot;iso&quot;:&quot;0&quot;,&quot;shutter_speed&quot;:&quot;0&quot;,&quot;title&quot;:&quot;&quot;}\" data-image-title=\"manchester rooney mata van persie\" data-image-description=\"\" data-image-caption=\"&lt;p&gt;Mata, Rooney y Van Persie ser\u00e1n el tridente ofensivo de Van Gaal.&lt;br \/&gt;\nFoto: bleacherreport.com&lt;\/p&gt;\n\" data-large-file=\"https:\/\/i0.wp.com\/www.manquepierda.com\/futbolandia\/files\/2014\/08\/manchester-rooney-mata-van-persie.jpg?fit=630%2C420&amp;ssl=1\" class=\" wp-image-4060\" src=\"https:\/\/i0.wp.com\/www.manquepierda.com\/futbolandia\/files\/2014\/08\/manchester-rooney-mata-van-persie.jpg?resize=515%2C343\" alt=\"Mata, Rooney y Van Persie ser\u00e1n el tridente ofensivo de Van Gaal. Foto: bleacherreport.com\" width=\"515\" height=\"343\" srcset=\"https:\/\/i0.wp.com\/www.manquepierda.com\/futbolandia\/files\/2014\/08\/manchester-rooney-mata-van-persie.jpg?w=630&amp;ssl=1 630w, https:\/\/i0.wp.com\/www.manquepierda.com\/futbolandia\/files\/2014\/08\/manchester-rooney-mata-van-persie.jpg?resize=300%2C200&amp;ssl=1 300w\" sizes=\"auto, (max-width: 515px) 100vw, 515px\" \/><\/a><figcaption id=\"caption-attachment-4060\" class=\"wp-caption-text\">Mata, Rooney y Van Persie ser\u00e1n el tridente ofensivo de Van Gaal.<br \/>Foto: bleacherreport.com<\/figcaption><\/figure>\n<p>Muy pronto, sin duda, para calificar como deslumbrante a la era Van Gaal que apenas ha arrancado en el Manchester United. No obstante, tras la marcha de Sir Alex Ferguson y una temporada en la que David Moyes ha pasado sin pena ni gloria, la afici\u00f3n de los diablos rojos necesita esa inyecci\u00f3n de moral, esas expectativas adornadas de esperanza por ver al club a la altura de su historia, peleando por todos los t\u00edtulos y compitiendo como uno de los grandes en una Premier cada vez m\u00e1s igualada.<\/p>\n<p><strong>El pasado a\u00f1o, el Manchester United se pas\u00f3 todo el verano hablando de contratar un organizador para acabar fichando entre otras escasas incorporaciones, a Marouane Fellaini, que no respond\u00eda a ese perfil.<\/strong> Con una planificaci\u00f3n claramente deficiente, confiando en el equipo base que ten\u00eda Ferguson aunque sin Scholes ni Ryan Giggs como pilares importantes, los mejores fichajes llegaron tarde, como Juan Mata en invierno despu\u00e9s de no contar para Mourinho en el Chelsea, o de manera fortuita por la situaci\u00f3n, como el descubrimiento del joven Adnan Januzaj.<\/p>\n<p>En busca de esa ilusi\u00f3n en los aficionados y tras la marcha de David Moyes, al que se le complic\u00f3 la temporada desde muy temprano, <strong>el Manchester United ha confiado su nueva temporada a otro entrenador contrastado, de gran experiencia y conocidos \u00e9xitos como es Louis Van Gaal.<\/strong> Y para no caer en errores del pasado, su planificaci\u00f3n apunta a reforzar de verdad al equipo ingl\u00e9s y conformar una plantilla de garant\u00edas.<\/p>\n<p>En la porter\u00eda parece intocable el espa\u00f1ol y posiblemente futuro cancerbero de la selecci\u00f3n nacional, David De Gea, mientras que en la defensa el cuadro brit\u00e1nico a\u00fan se plantea reforzar con una o dos incorporaciones que complementen a Smalling, Phil Jones y la hornada de j\u00f3venes talentos que componen la plantilla. Los laterales han sido reforzados con el joven Luke Shaw, que se suman a Rafael y un Reece James que est\u00e1 dejando buenas sensaciones esta pretemporada.<\/p>\n<p>En el centro del campo siguen los Fellaini, Cleverley, Fletcher o Carrick a los que se les suma, esta vez s\u00ed, un organizador que apoyar\u00e1 con su f\u00fatbol al juego ofensivo del Manchester, como es Ander Herrera. Por las bandas parece que en principio Nani no cuenta en exceso, pero A. Young, el ya citado Januzaj o el ecuatoriano Antonio Valencia supondr\u00e1n suficientes alternativas, mientras que <strong>en las posiciones de ataque, la calidad de Rooney, el olfato de gol de Van Persie al que Van Gaal entiende a la perfecci\u00f3n o la movilidad de Mata o Welbeck prometen ser decisivas.\u00a0<\/strong><\/p>\n<p>Es muy pronto para sacar ninguna conclusi\u00f3n y la prueba de fuego ser\u00e1 con la temporada empezada, pero la imagen del equipo este verano est\u00e1 siendo muy buena, con victorias ante rivales importantes y a pesar de las fechas estivales el equipo ya se deja ver como uno de los candidatos a pelear la Premier League esta temporada. Habr\u00e1 que esperar pero la lucha por el t\u00edtulo se prev\u00e9 impresionante.<\/p>\n","protected":false},"excerpt":{"rendered":"<p>Muy pronto, sin duda, para calificar como deslumbrante a la era Van Gaal que apenas ha arrancado en el Manchester United. No obstante, tras la marcha de Sir Alex Ferguson y una temporada en la que David Moyes ha pasado sin pena ni gloria, la afici\u00f3n de los diablos rojos necesita esa inyecci\u00f3n de moral,&#8230;<\/p>\n","protected":false},"author":93,"featured_media":4060,"comment_status":"open","ping_status":"open","sticky":false,"template":"","format":"standard","meta":{"_kad_post_transparent":"","_kad_post_title":"","_kad_post_layout":"","_kad_post_sidebar_id":"","_kad_post_content_style":"","_kad_post_vertical_padding":"","_kad_post_feature":"","_kad_post_feature_position":"","_kad_post_header":false,"_kad_post_footer":false,"_kad_post_classname":"","_jetpack_memberships_contains_paid_content":false,"footnotes":"","jetpack_publicize_message":"","jetpack_publicize_feature_enabled":true,"jetpack_social_post_already_shared":true,"jetpack_social_options":{"image_generator_settings":{"template":"highway","default_image_id":0,"font":"","enabled":false},"version":2}},"categories":[1371,10],"tags":[1422,1413,126,564,589,150,443,1423,123,590,1421,292],"class_list":["post-4059","post","type-post","status-publish","format-standard","has-post-thumbnail","hentry","category-premier-league-futbol-ingles","category-portada","tag-ander-herrera","tag-candidato","tag-de-gea","tag-fichajes","tag-manchester","tag-mata","tag-premier","tag-refuerzos","tag-rooney","tag-united","tag-van-gaal","tag-van-persie"],"yoast_head":"<!-- This site is optimized with the Yoast SEO plugin v27.5 - https:\/\/yoast.com\/product\/yoast-seo-wordpress\/ -->\n<title>Tras la transici\u00f3n post Ferguson, deslumbra la era Van Gaal &#8211; Futbolandia<\/title>\n<meta name=\"robots\" content=\"index, follow, max-snippet:-1, max-image-preview:large, max-video-preview:-1\" \/>\n<link rel=\"canonical\" href=\"https:\/\/www.manquepierda.com\/futbolandia\/tras-la-transicion-post-ferguson-deslumbra-la-era-van-gaal\/\" \/>\n<meta property=\"og:locale\" content=\"es_ES\" \/>\n<meta property=\"og:type\" content=\"article\" \/>\n<meta property=\"og:title\" content=\"Tras la transici\u00f3n post Ferguson, deslumbra la era Van Gaal &#8211; Futbolandia\" \/>\n<meta property=\"og:description\" content=\"Muy pronto, sin duda, para calificar como deslumbrante a la era Van Gaal que apenas ha arrancado en el Manchester United. No obstante, tras la marcha de Sir Alex Ferguson y una temporada en la que David Moyes ha pasado sin pena ni gloria, la afici\u00f3n de los diablos rojos necesita esa inyecci\u00f3n de moral,...\" \/>\n<meta property=\"og:url\" content=\"https:\/\/www.manquepierda.com\/futbolandia\/tras-la-transicion-post-ferguson-deslumbra-la-era-van-gaal\/\" \/>\n<meta property=\"og:site_name\" content=\"Futbolandia\" \/>\n<meta property=\"article:published_time\" content=\"2014-08-04T10:19:43+00:00\" \/>\n<meta property=\"article:modified_time\" content=\"2014-08-04T10:28:46+00:00\" \/>\n<meta property=\"og:image\" content=\"https:\/\/i1.wp.com\/www.manquepierda.com\/futbolandia\/files\/2014\/08\/manchester-rooney-mata-van-persie.jpg?fit=630%2C420&ssl=1\" \/>\n\t<meta property=\"og:image:width\" content=\"630\" \/>\n\t<meta property=\"og:image:height\" content=\"420\" \/>\n\t<meta property=\"og:image:type\" content=\"image\/jpeg\" \/>\n<meta name=\"author\" content=\"Jorge M. Gonz\u00e1lez\" \/>\n<meta name=\"twitter:label1\" content=\"Escrito por\" \/>\n\t<meta name=\"twitter:data1\" content=\"Jorge M. Gonz\u00e1lez\" \/>\n\t<meta name=\"twitter:label2\" content=\"Tiempo de lectura\" \/>\n\t<meta name=\"twitter:data2\" content=\"3 minutos\" \/>\n<script type=\"application\/ld+json\" class=\"yoast-schema-graph\">{\"@context\":\"https:\\\/\\\/schema.org\",\"@graph\":[{\"@type\":\"Article\",\"@id\":\"https:\\\/\\\/www.manquepierda.com\\\/futbolandia\\\/tras-la-transicion-post-ferguson-deslumbra-la-era-van-gaal\\\/#article\",\"isPartOf\":{\"@id\":\"https:\\\/\\\/www.manquepierda.com\\\/futbolandia\\\/tras-la-transicion-post-ferguson-deslumbra-la-era-van-gaal\\\/\"},\"author\":{\"name\":\"Jorge M. Gonz\u00e1lez\",\"@id\":\"https:\\\/\\\/www.manquepierda.com\\\/futbolandia\\\/#\\\/schema\\\/person\\\/fdb4eabc3c2e0e717a790a4ce10cd2b3\"},\"headline\":\"Tras la transici\u00f3n post Ferguson, deslumbra la era Van Gaal\",\"datePublished\":\"2014-08-04T10:19:43+00:00\",\"dateModified\":\"2014-08-04T10:28:46+00:00\",\"mainEntityOfPage\":{\"@id\":\"https:\\\/\\\/www.manquepierda.com\\\/futbolandia\\\/tras-la-transicion-post-ferguson-deslumbra-la-era-van-gaal\\\/\"},\"wordCount\":554,\"commentCount\":0,\"image\":{\"@id\":\"https:\\\/\\\/www.manquepierda.com\\\/futbolandia\\\/tras-la-transicion-post-ferguson-deslumbra-la-era-van-gaal\\\/#primaryimage\"},\"thumbnailUrl\":\"https:\\\/\\\/i0.wp.com\\\/www.manquepierda.com\\\/futbolandia\\\/files\\\/2014\\\/08\\\/manchester-rooney-mata-van-persie.jpg?fit=630%2C420&ssl=1\",\"keywords\":[\"ander herrera\",\"candidato\",\"de gea\",\"fichajes\",\"manchester\",\"Mata\",\"Premier\",\"refuerzos\",\"rooney\",\"united\",\"van gaal\",\"van persie\"],\"articleSection\":[\"Barcklays Premier League - F\u00fatbol ingl\u00e9s\",\"Portada\"],\"inLanguage\":\"es\",\"potentialAction\":[{\"@type\":\"CommentAction\",\"name\":\"Comment\",\"target\":[\"https:\\\/\\\/www.manquepierda.com\\\/futbolandia\\\/tras-la-transicion-post-ferguson-deslumbra-la-era-van-gaal\\\/#respond\"]}]},{\"@type\":\"WebPage\",\"@id\":\"https:\\\/\\\/www.manquepierda.com\\\/futbolandia\\\/tras-la-transicion-post-ferguson-deslumbra-la-era-van-gaal\\\/\",\"url\":\"https:\\\/\\\/www.manquepierda.com\\\/futbolandia\\\/tras-la-transicion-post-ferguson-deslumbra-la-era-van-gaal\\\/\",\"name\":\"Tras la transici\u00f3n post Ferguson, deslumbra la era Van Gaal &#8211; Futbolandia\",\"isPartOf\":{\"@id\":\"https:\\\/\\\/www.manquepierda.com\\\/futbolandia\\\/#website\"},\"primaryImageOfPage\":{\"@id\":\"https:\\\/\\\/www.manquepierda.com\\\/futbolandia\\\/tras-la-transicion-post-ferguson-deslumbra-la-era-van-gaal\\\/#primaryimage\"},\"image\":{\"@id\":\"https:\\\/\\\/www.manquepierda.com\\\/futbolandia\\\/tras-la-transicion-post-ferguson-deslumbra-la-era-van-gaal\\\/#primaryimage\"},\"thumbnailUrl\":\"https:\\\/\\\/i0.wp.com\\\/www.manquepierda.com\\\/futbolandia\\\/files\\\/2014\\\/08\\\/manchester-rooney-mata-van-persie.jpg?fit=630%2C420&ssl=1\",\"datePublished\":\"2014-08-04T10:19:43+00:00\",\"dateModified\":\"2014-08-04T10:28:46+00:00\",\"author\":{\"@id\":\"https:\\\/\\\/www.manquepierda.com\\\/futbolandia\\\/#\\\/schema\\\/person\\\/fdb4eabc3c2e0e717a790a4ce10cd2b3\"},\"breadcrumb\":{\"@id\":\"https:\\\/\\\/www.manquepierda.com\\\/futbolandia\\\/tras-la-transicion-post-ferguson-deslumbra-la-era-van-gaal\\\/#breadcrumb\"},\"inLanguage\":\"es\",\"potentialAction\":[{\"@type\":\"ReadAction\",\"target\":[\"https:\\\/\\\/www.manquepierda.com\\\/futbolandia\\\/tras-la-transicion-post-ferguson-deslumbra-la-era-van-gaal\\\/\"]}]},{\"@type\":\"ImageObject\",\"inLanguage\":\"es\",\"@id\":\"https:\\\/\\\/www.manquepierda.com\\\/futbolandia\\\/tras-la-transicion-post-ferguson-deslumbra-la-era-van-gaal\\\/#primaryimage\",\"url\":\"https:\\\/\\\/i0.wp.com\\\/www.manquepierda.com\\\/futbolandia\\\/files\\\/2014\\\/08\\\/manchester-rooney-mata-van-persie.jpg?fit=630%2C420&ssl=1\",\"contentUrl\":\"https:\\\/\\\/i0.wp.com\\\/www.manquepierda.com\\\/futbolandia\\\/files\\\/2014\\\/08\\\/manchester-rooney-mata-van-persie.jpg?fit=630%2C420&ssl=1\",\"width\":630,\"height\":420,\"caption\":\"Mata, Rooney y Van Persie ser\u00e1n el tridente ofensivo de Van Gaal. Foto: bleacherreport.com\"},{\"@type\":\"BreadcrumbList\",\"@id\":\"https:\\\/\\\/www.manquepierda.com\\\/futbolandia\\\/tras-la-transicion-post-ferguson-deslumbra-la-era-van-gaal\\\/#breadcrumb\",\"itemListElement\":[{\"@type\":\"ListItem\",\"position\":1,\"name\":\"Portada\",\"item\":\"https:\\\/\\\/www.manquepierda.com\\\/futbolandia\\\/\"},{\"@type\":\"ListItem\",\"position\":2,\"name\":\"Tras la transici\u00f3n post Ferguson, deslumbra la era Van Gaal\"}]},{\"@type\":\"WebSite\",\"@id\":\"https:\\\/\\\/www.manquepierda.com\\\/futbolandia\\\/#website\",\"url\":\"https:\\\/\\\/www.manquepierda.com\\\/futbolandia\\\/\",\"name\":\"Futbolandia\",\"description\":\"Reportajes e informaci\u00f3n sobre f\u00fatbol mundial y j\u00f3venes promesas\",\"potentialAction\":[{\"@type\":\"SearchAction\",\"target\":{\"@type\":\"EntryPoint\",\"urlTemplate\":\"https:\\\/\\\/www.manquepierda.com\\\/futbolandia\\\/?s={search_term_string}\"},\"query-input\":{\"@type\":\"PropertyValueSpecification\",\"valueRequired\":true,\"valueName\":\"search_term_string\"}}],\"inLanguage\":\"es\"},{\"@type\":\"Person\",\"@id\":\"https:\\\/\\\/www.manquepierda.com\\\/futbolandia\\\/#\\\/schema\\\/person\\\/fdb4eabc3c2e0e717a790a4ce10cd2b3\",\"name\":\"Jorge M. Gonz\u00e1lez\",\"image\":{\"@type\":\"ImageObject\",\"inLanguage\":\"es\",\"@id\":\"https:\\\/\\\/secure.gravatar.com\\\/avatar\\\/40fe62083e523c4134f75fb1d06ea73b4503d9162f3c6e89800e90f1bbd7f262?s=96&d=mm&r=g\",\"url\":\"https:\\\/\\\/secure.gravatar.com\\\/avatar\\\/40fe62083e523c4134f75fb1d06ea73b4503d9162f3c6e89800e90f1bbd7f262?s=96&d=mm&r=g\",\"contentUrl\":\"https:\\\/\\\/secure.gravatar.com\\\/avatar\\\/40fe62083e523c4134f75fb1d06ea73b4503d9162f3c6e89800e90f1bbd7f262?s=96&d=mm&r=g\",\"caption\":\"Jorge M. Gonz\u00e1lez\"},\"description\":\"Apasionado del f\u00fatbol internacional y Social Media Manager. Me gusta seguir ligas extranjeras y a las j\u00f3venes promesas de todo el mundo. S\u00edgueme en twitter para compartir afici\u00f3n: @jorgegonex\",\"sameAs\":[\"http:\\\/\\\/manquepierda.com\\\/\",\"https:\\\/\\\/x.com\\\/https:\\\/\\\/twitter.com\\\/jorgegonex\",\"https:\\\/\\\/www.youtube.com\\\/user\\\/FutbolandiaMQP\"],\"url\":\"https:\\\/\\\/www.manquepierda.com\\\/futbolandia\\\/author\\\/jorgegonzalez\\\/\"}]}<\/script>\n<!-- \/ Yoast SEO plugin. -->","yoast_head_json":{"title":"Tras la transici\u00f3n post Ferguson, deslumbra la era Van Gaal &#8211; Futbolandia","robots":{"index":"index","follow":"follow","max-snippet":"max-snippet:-1","max-image-preview":"max-image-preview:large","max-video-preview":"max-video-preview:-1"},"canonical":"https:\/\/www.manquepierda.com\/futbolandia\/tras-la-transicion-post-ferguson-deslumbra-la-era-van-gaal\/","og_locale":"es_ES","og_type":"article","og_title":"Tras la transici\u00f3n post Ferguson, deslumbra la era Van Gaal &#8211; Futbolandia","og_description":"Muy pronto, sin duda, para calificar como deslumbrante a la era Van Gaal que apenas ha arrancado en el Manchester United. No obstante, tras la marcha de Sir Alex Ferguson y una temporada en la que David Moyes ha pasado sin pena ni gloria, la afici\u00f3n de los diablos rojos necesita esa inyecci\u00f3n de moral,...","og_url":"https:\/\/www.manquepierda.com\/futbolandia\/tras-la-transicion-post-ferguson-deslumbra-la-era-van-gaal\/","og_site_name":"Futbolandia","article_published_time":"2014-08-04T10:19:43+00:00","article_modified_time":"2014-08-04T10:28:46+00:00","og_image":[{"width":630,"height":420,"url":"https:\/\/i1.wp.com\/www.manquepierda.com\/futbolandia\/files\/2014\/08\/manchester-rooney-mata-van-persie.jpg?fit=630%2C420&ssl=1","type":"image\/jpeg"}],"author":"Jorge M. Gonz\u00e1lez","twitter_misc":{"Escrito por":"Jorge M. Gonz\u00e1lez","Tiempo de lectura":"3 minutos"},"schema":{"@context":"https:\/\/schema.org","@graph":[{"@type":"Article","@id":"https:\/\/www.manquepierda.com\/futbolandia\/tras-la-transicion-post-ferguson-deslumbra-la-era-van-gaal\/#article","isPartOf":{"@id":"https:\/\/www.manquepierda.com\/futbolandia\/tras-la-transicion-post-ferguson-deslumbra-la-era-van-gaal\/"},"author":{"name":"Jorge M. Gonz\u00e1lez","@id":"https:\/\/www.manquepierda.com\/futbolandia\/#\/schema\/person\/fdb4eabc3c2e0e717a790a4ce10cd2b3"},"headline":"Tras la transici\u00f3n post Ferguson, deslumbra la era Van Gaal","datePublished":"2014-08-04T10:19:43+00:00","dateModified":"2014-08-04T10:28:46+00:00","mainEntityOfPage":{"@id":"https:\/\/www.manquepierda.com\/futbolandia\/tras-la-transicion-post-ferguson-deslumbra-la-era-van-gaal\/"},"wordCount":554,"commentCount":0,"image":{"@id":"https:\/\/www.manquepierda.com\/futbolandia\/tras-la-transicion-post-ferguson-deslumbra-la-era-van-gaal\/#primaryimage"},"thumbnailUrl":"https:\/\/i0.wp.com\/www.manquepierda.com\/futbolandia\/files\/2014\/08\/manchester-rooney-mata-van-persie.jpg?fit=630%2C420&ssl=1","keywords":["ander herrera","candidato","de gea","fichajes","manchester","Mata","Premier","refuerzos","rooney","united","van gaal","van persie"],"articleSection":["Barcklays Premier League - F\u00fatbol ingl\u00e9s","Portada"],"inLanguage":"es","potentialAction":[{"@type":"CommentAction","name":"Comment","target":["https:\/\/www.manquepierda.com\/futbolandia\/tras-la-transicion-post-ferguson-deslumbra-la-era-van-gaal\/#respond"]}]},{"@type":"WebPage","@id":"https:\/\/www.manquepierda.com\/futbolandia\/tras-la-transicion-post-ferguson-deslumbra-la-era-van-gaal\/","url":"https:\/\/www.manquepierda.com\/futbolandia\/tras-la-transicion-post-ferguson-deslumbra-la-era-van-gaal\/","name":"Tras la transici\u00f3n post Ferguson, deslumbra la era Van Gaal &#8211; Futbolandia","isPartOf":{"@id":"https:\/\/www.manquepierda.com\/futbolandia\/#website"},"primaryImageOfPage":{"@id":"https:\/\/www.manquepierda.com\/futbolandia\/tras-la-transicion-post-ferguson-deslumbra-la-era-van-gaal\/#primaryimage"},"image":{"@id":"https:\/\/www.manquepierda.com\/futbolandia\/tras-la-transicion-post-ferguson-deslumbra-la-era-van-gaal\/#primaryimage"},"thumbnailUrl":"https:\/\/i0.wp.com\/www.manquepierda.com\/futbolandia\/files\/2014\/08\/manchester-rooney-mata-van-persie.jpg?fit=630%2C420&ssl=1","datePublished":"2014-08-04T10:19:43+00:00","dateModified":"2014-08-04T10:28:46+00:00","author":{"@id":"https:\/\/www.manquepierda.com\/futbolandia\/#\/schema\/person\/fdb4eabc3c2e0e717a790a4ce10cd2b3"},"breadcrumb":{"@id":"https:\/\/www.manquepierda.com\/futbolandia\/tras-la-transicion-post-ferguson-deslumbra-la-era-van-gaal\/#breadcrumb"},"inLanguage":"es","potentialAction":[{"@type":"ReadAction","target":["https:\/\/www.manquepierda.com\/futbolandia\/tras-la-transicion-post-ferguson-deslumbra-la-era-van-gaal\/"]}]},{"@type":"ImageObject","inLanguage":"es","@id":"https:\/\/www.manquepierda.com\/futbolandia\/tras-la-transicion-post-ferguson-deslumbra-la-era-van-gaal\/#primaryimage","url":"https:\/\/i0.wp.com\/www.manquepierda.com\/futbolandia\/files\/2014\/08\/manchester-rooney-mata-van-persie.jpg?fit=630%2C420&ssl=1","contentUrl":"https:\/\/i0.wp.com\/www.manquepierda.com\/futbolandia\/files\/2014\/08\/manchester-rooney-mata-van-persie.jpg?fit=630%2C420&ssl=1","width":630,"height":420,"caption":"Mata, Rooney y Van Persie ser\u00e1n el tridente ofensivo de Van Gaal. Foto: bleacherreport.com"},{"@type":"BreadcrumbList","@id":"https:\/\/www.manquepierda.com\/futbolandia\/tras-la-transicion-post-ferguson-deslumbra-la-era-van-gaal\/#breadcrumb","itemListElement":[{"@type":"ListItem","position":1,"name":"Portada","item":"https:\/\/www.manquepierda.com\/futbolandia\/"},{"@type":"ListItem","position":2,"name":"Tras la transici\u00f3n post Ferguson, deslumbra la era Van Gaal"}]},{"@type":"WebSite","@id":"https:\/\/www.manquepierda.com\/futbolandia\/#website","url":"https:\/\/www.manquepierda.com\/futbolandia\/","name":"Futbolandia","description":"Reportajes e informaci\u00f3n sobre f\u00fatbol mundial y j\u00f3venes promesas","potentialAction":[{"@type":"SearchAction","target":{"@type":"EntryPoint","urlTemplate":"https:\/\/www.manquepierda.com\/futbolandia\/?s={search_term_string}"},"query-input":{"@type":"PropertyValueSpecification","valueRequired":true,"valueName":"search_term_string"}}],"inLanguage":"es"},{"@type":"Person","@id":"https:\/\/www.manquepierda.com\/futbolandia\/#\/schema\/person\/fdb4eabc3c2e0e717a790a4ce10cd2b3","name":"Jorge M. Gonz\u00e1lez","image":{"@type":"ImageObject","inLanguage":"es","@id":"https:\/\/secure.gravatar.com\/avatar\/40fe62083e523c4134f75fb1d06ea73b4503d9162f3c6e89800e90f1bbd7f262?s=96&d=mm&r=g","url":"https:\/\/secure.gravatar.com\/avatar\/40fe62083e523c4134f75fb1d06ea73b4503d9162f3c6e89800e90f1bbd7f262?s=96&d=mm&r=g","contentUrl":"https:\/\/secure.gravatar.com\/avatar\/40fe62083e523c4134f75fb1d06ea73b4503d9162f3c6e89800e90f1bbd7f262?s=96&d=mm&r=g","caption":"Jorge M. Gonz\u00e1lez"},"description":"Apasionado del f\u00fatbol internacional y Social Media Manager. Me gusta seguir ligas extranjeras y a las j\u00f3venes promesas de todo el mundo. S\u00edgueme en twitter para compartir afici\u00f3n: @jorgegonex","sameAs":["http:\/\/manquepierda.com\/","https:\/\/x.com\/https:\/\/twitter.com\/jorgegonex","https:\/\/www.youtube.com\/user\/FutbolandiaMQP"],"url":"https:\/\/www.manquepierda.com\/futbolandia\/author\/jorgegonzalez\/"}]}},"jetpack_publicize_connections":[],"jetpack_featured_media_url":"https:\/\/i0.wp.com\/www.manquepierda.com\/futbolandia\/files\/2014\/08\/manchester-rooney-mata-van-persie.jpg?fit=630%2C420&ssl=1","jetpack_shortlink":"https:\/\/wp.me\/p1THIg-13t","jetpack_sharing_enabled":true,"_links":{"self":[{"href":"https:\/\/www.manquepierda.com\/futbolandia\/wp-json\/wp\/v2\/posts\/4059","targetHints":{"allow":["GET"]}}],"collection":[{"href":"https:\/\/www.manquepierda.com\/futbolandia\/wp-json\/wp\/v2\/posts"}],"about":[{"href":"https:\/\/www.manquepierda.com\/futbolandia\/wp-json\/wp\/v2\/types\/post"}],"author":[{"embeddable":true,"href":"https:\/\/www.manquepierda.com\/futbolandia\/wp-json\/wp\/v2\/users\/93"}],"replies":[{"embeddable":true,"href":"https:\/\/www.manquepierda.com\/futbolandia\/wp-json\/wp\/v2\/comments?post=4059"}],"version-history":[{"count":0,"href":"https:\/\/www.manquepierda.com\/futbolandia\/wp-json\/wp\/v2\/posts\/4059\/revisions"}],"wp:featuredmedia":[{"embeddable":true,"href":"https:\/\/www.manquepierda.com\/futbolandia\/wp-json\/wp\/v2\/media\/4060"}],"wp:attachment":[{"href":"https:\/\/www.manquepierda.com\/futbolandia\/wp-json\/wp\/v2\/media?parent=4059"}],"wp:term":[{"taxonomy":"category","embeddable":true,"href":"https:\/\/www.manquepierda.com\/futbolandia\/wp-json\/wp\/v2\/categories?post=4059"},{"taxonomy":"post_tag","embeddable":true,"href":"https:\/\/www.manquepierda.com\/futbolandia\/wp-json\/wp\/v2\/tags?post=4059"}],"curies":[{"name":"wp","href":"https:\/\/api.w.org\/{rel}","templated":true}]}}