{"id":4293,"date":"2014-08-19T16:34:19","date_gmt":"2014-08-19T14:34:19","guid":{"rendered":"http:\/\/www.manquepierda.com\/futbolandia\/?p=4293"},"modified":"2014-08-19T16:36:25","modified_gmt":"2014-08-19T14:36:25","slug":"martin-odegaard-la-estrella-precoz","status":"publish","type":"post","link":"https:\/\/www.manquepierda.com\/futbolandia\/martin-odegaard-la-estrella-precoz\/","title":{"rendered":"Mart\u00edn \u00d8degaard, la estrella precoz"},"content":{"rendered":"<figure id=\"attachment_4296\" aria-describedby=\"caption-attachment-4296\" style=\"width: 402px\" class=\"wp-caption alignleft\"><a href=\"https:\/\/i0.wp.com\/www.manquepierda.com\/futbolandia\/files\/2014\/08\/martinodegaard.jpg\"><img data-recalc-dims=\"1\" loading=\"lazy\" decoding=\"async\" data-attachment-id=\"4296\" data-permalink=\"https:\/\/www.manquepierda.com\/futbolandia\/martin-odegaard-la-estrella-precoz\/martinodegaard\/\" data-orig-file=\"https:\/\/i0.wp.com\/www.manquepierda.com\/futbolandia\/files\/2014\/08\/martinodegaard.jpg?fit=960%2C540&amp;ssl=1\" data-orig-size=\"960,540\" data-comments-opened=\"1\" data-image-meta=\"{&quot;aperture&quot;:&quot;0&quot;,&quot;credit&quot;:&quot;&quot;,&quot;camera&quot;:&quot;&quot;,&quot;caption&quot;:&quot;&quot;,&quot;created_timestamp&quot;:&quot;0&quot;,&quot;copyright&quot;:&quot;&quot;,&quot;focal_length&quot;:&quot;0&quot;,&quot;iso&quot;:&quot;0&quot;,&quot;shutter_speed&quot;:&quot;0&quot;,&quot;title&quot;:&quot;&quot;}\" data-image-title=\"martinodegaard\" data-image-description=\"\" data-image-caption=\"&lt;p&gt;sporten.tv2&lt;\/p&gt;\n\" data-large-file=\"https:\/\/i0.wp.com\/www.manquepierda.com\/futbolandia\/files\/2014\/08\/martinodegaard.jpg?fit=960%2C540&amp;ssl=1\" class=\" wp-image-4296\" src=\"https:\/\/i0.wp.com\/www.manquepierda.com\/futbolandia\/files\/2014\/08\/martinodegaard.jpg?resize=402%2C225\" alt=\"sporten.tv2\" width=\"402\" height=\"225\" srcset=\"https:\/\/i0.wp.com\/www.manquepierda.com\/futbolandia\/files\/2014\/08\/martinodegaard.jpg?resize=300%2C168&amp;ssl=1 300w, https:\/\/i0.wp.com\/www.manquepierda.com\/futbolandia\/files\/2014\/08\/martinodegaard.jpg?w=960&amp;ssl=1 960w\" sizes=\"auto, (max-width: 402px) 100vw, 402px\" \/><\/a><figcaption id=\"caption-attachment-4296\" class=\"wp-caption-text\">sporten.tv2<\/figcaption><\/figure>\n<p>Cuando se habla de talentos prematuros hay que hacerlo con delicadeza, siempre teniendo en cuenta, que tanto en el f\u00fatbol como en la vida, todo es relativo, con esto, lo que quiero decir es que hoy estas en el cielo y ma\u00f1ana puedes estar en el averno. <strong>El f\u00fatbol es una monta\u00f1a rusa<\/strong>, durante toda la historia de este deporte ha habido grandes ejemplos que lo demuestran, pero no voy a ponerme a nombrar a todos y cada uno, sin entrar en detalles puedo dar un nombre que quiz\u00e1 sea uno de\u00a0los casos m\u00e1s llamativos, Bojan Krkic, este jugador\u00a0apuntaba a ser una gran estrella, de hecho actualmente es el jugador m\u00e1s joven en debutar con la selecci\u00f3n absoluta espa\u00f1ola.<\/p>\n<p>Pero en este peque\u00f1o espacio no vengo hablaros del hispano-serbio, sino de otro talento prematuro. Este no es otro que\u00a0<strong>Mart\u00edn \u00d8degaard<\/strong>, el jugador con 15 a\u00f1os, ya <strong>ha entrado en la historia futbol\u00edstica de Noruega<\/strong>, siendo la persona\u00a0m\u00e1s joven en debutar en la primera divisi\u00f3n del pa\u00eds n\u00f3rdico. Y no s\u00f3lo eso, si no que <strong>est\u00e1 a las puertas de convertirse en el jugador m\u00e1s precoz de la historia en debutar con una selecci\u00f3n absoluta<\/strong>, y es que el biso\u00f1o interior\u00a0ha sido convocado con la selecci\u00f3n absoluta de Noruega.<\/p>\n<p>Pero cuando lo has visto jugar, ni te extra\u00f1a, ni te sorprende que este joven pueda pasar a la historia de esa manera. Primero, en la selecci\u00f3n noruega no existe una competencia fastuosa, a diferencia de selecciones como Espa\u00f1a, Brasil, B\u00e9lgica, Alemania&#8230;Segundo, la madurez de\u00a0Mart\u00edn \u00d8degaard es magn\u00edfica pese a su edad, su visi\u00f3n de juego es tremenda, la\u00a0polivalencia\u00a0que posee es muy importante en el f\u00fatbol moderno, en los grandes clubes hay una feroz competencia. Su exquisita t\u00e9cnica te llama tanto la atenci\u00f3n que te lleva a pensar que ser\u00e1 un jugador de esos que marcan una \u00e9poca.<\/p>\n<p>Su mayor virtud es el pase en los \u00faltimos metros, cuando asiste desde la zona de tres cuartos evoca\u00a0a m\u00edticos como Dennis Bergkamp, Laudrup, Andr\u00e9s Iniesta, Johan Cruyff o Platini. Sin tener una velocidad endiablada,\u00a0<strong>Mart\u00edn sabe desbordar sin basarse en lo f\u00edsico, marca los tiempos y elige el momento adecuado para iniciar un regate, se desenvuelve estupendamente en espacios reducidos y\u00a0rebasa al rival mediante t\u00e9cnica y anticipaci\u00f3n<\/strong>. \u00a0Sus compa\u00f1eros lo buscan constantemente, porque es un jugador capaz de resolverte cualquier jugada por muy enquistada que esta est\u00e9. <strong>Su \u00faltimo pase es legendario<\/strong>, es capaz de poner el bal\u00f3n al pie del compa\u00f1ero, aunque a este lo rodee\u00a0una mara\u00f1a de jugadores rivales. Su disparo tampoco es nada desde\u00f1able, es bueno desde cualquier distancia. Puede jugar de centrocampista creador, pero en mi opini\u00f3n es desaprovechar un jugador que destaca sobremanera en todos los aspectos del f\u00fatbol ofensivo. Pese a que soy un firme detractor de comparar el talento de unos y otros, a todos\u00a0aquellos amantes de la comparaci\u00f3n, decirles que quiz\u00e1 se asemeje un poco al gran Dennis Bergkamp, salvando las distancias evidentemente.<\/p>\n<p>En definitiva hablamos de un jugador que lo tiene todo para ser leyenda, pero como pasa con todas las j\u00f3venes promesas, hay dos aspectos\u00a0claves que definir\u00e1n lo que finalmente ser\u00e1 o no ser\u00e1. <strong>Tiempo y suerte<\/strong>, esperemos poder disfrutar pronto de este talento emergente en alguna liga m\u00e1s potente y que as\u00ed podamos seguirlo de forma asidua.<\/p>\n<p>[youtube height=\u00bbHEIGHT\u00bb width=\u00bbWIDTH\u00bb]https:\/\/www.youtube.com\/watch?v=-8d1yoqryTU[\/youtube]<\/p>\n<p>&nbsp;<\/p>\n","protected":false},"excerpt":{"rendered":"<p>Cuando se habla de talentos prematuros hay que hacerlo con delicadeza, siempre teniendo en cuenta, que tanto en el f\u00fatbol como en la vida, todo es relativo, con esto, lo que quiero decir es que hoy estas en el cielo y ma\u00f1ana puedes estar en el averno. El f\u00fatbol es una monta\u00f1a rusa, durante toda&#8230;<\/p>\n","protected":false},"author":337,"featured_media":4295,"comment_status":"open","ping_status":"open","sticky":false,"template":"","format":"standard","meta":{"_kad_post_transparent":"","_kad_post_title":"","_kad_post_layout":"","_kad_post_sidebar_id":"","_kad_post_content_style":"","_kad_post_vertical_padding":"","_kad_post_feature":"","_kad_post_feature_position":"","_kad_post_header":false,"_kad_post_footer":false,"_kad_post_classname":"","_jetpack_memberships_contains_paid_content":false,"footnotes":"","jetpack_publicize_message":"","jetpack_publicize_feature_enabled":true,"jetpack_social_post_already_shared":true,"jetpack_social_options":{"image_generator_settings":{"template":"highway","default_image_id":0,"font":"","enabled":false},"version":2}},"categories":[4,3,10],"tags":[1491,1490,1487,1488,1489],"class_list":["post-4293","post","type-post","status-publish","format-standard","has-post-thumbnail","hentry","category-jovenes-valores","category-mas-futbol","category-portada","tag-jovenes-promesas","tag-jugador-joven","tag-martin-odegaard","tag-noruega","tag-tippeligaen"],"yoast_head":"<!-- This site is optimized with the Yoast SEO plugin v27.5 - https:\/\/yoast.com\/product\/yoast-seo-wordpress\/ -->\n<title>Mart\u00edn \u00d8degaard, la estrella precoz &#8211; Futbolandia<\/title>\n<meta name=\"robots\" content=\"index, follow, max-snippet:-1, max-image-preview:large, max-video-preview:-1\" \/>\n<link rel=\"canonical\" href=\"https:\/\/www.manquepierda.com\/futbolandia\/martin-odegaard-la-estrella-precoz\/\" \/>\n<meta property=\"og:locale\" content=\"es_ES\" \/>\n<meta property=\"og:type\" content=\"article\" \/>\n<meta property=\"og:title\" content=\"Mart\u00edn \u00d8degaard, la estrella precoz &#8211; Futbolandia\" \/>\n<meta property=\"og:description\" content=\"Cuando se habla de talentos prematuros hay que hacerlo con delicadeza, siempre teniendo en cuenta, que tanto en el f\u00fatbol como en la vida, todo es relativo, con esto, lo que quiero decir es que hoy estas en el cielo y ma\u00f1ana puedes estar en el averno. El f\u00fatbol es una monta\u00f1a rusa, durante toda...\" \/>\n<meta property=\"og:url\" content=\"https:\/\/www.manquepierda.com\/futbolandia\/martin-odegaard-la-estrella-precoz\/\" \/>\n<meta property=\"og:site_name\" content=\"Futbolandia\" \/>\n<meta property=\"article:published_time\" content=\"2014-08-19T14:34:19+00:00\" \/>\n<meta property=\"article:modified_time\" content=\"2014-08-19T14:36:25+00:00\" \/>\n<meta property=\"og:image\" content=\"https:\/\/i0.wp.com\/www.manquepierda.com\/futbolandia\/files\/2014\/08\/high_szc43af6.jpg?fit=980%2C551&ssl=1\" \/>\n\t<meta property=\"og:image:width\" content=\"980\" \/>\n\t<meta property=\"og:image:height\" content=\"551\" \/>\n\t<meta property=\"og:image:type\" content=\"image\/jpeg\" \/>\n<meta name=\"author\" content=\"Miguel Mario\" \/>\n<meta name=\"twitter:label1\" content=\"Escrito por\" \/>\n\t<meta name=\"twitter:data1\" content=\"Miguel Mario\" \/>\n\t<meta name=\"twitter:label2\" content=\"Tiempo de lectura\" \/>\n\t<meta name=\"twitter:data2\" content=\"3 minutos\" \/>\n<script type=\"application\/ld+json\" class=\"yoast-schema-graph\">{\"@context\":\"https:\\\/\\\/schema.org\",\"@graph\":[{\"@type\":\"Article\",\"@id\":\"https:\\\/\\\/www.manquepierda.com\\\/futbolandia\\\/martin-odegaard-la-estrella-precoz\\\/#article\",\"isPartOf\":{\"@id\":\"https:\\\/\\\/www.manquepierda.com\\\/futbolandia\\\/martin-odegaard-la-estrella-precoz\\\/\"},\"author\":{\"name\":\"Miguel Mario\",\"@id\":\"https:\\\/\\\/www.manquepierda.com\\\/futbolandia\\\/#\\\/schema\\\/person\\\/4c19bc19ac3cd61828da93dd9e9540ea\"},\"headline\":\"Mart\u00edn \u00d8degaard, la estrella precoz\",\"datePublished\":\"2014-08-19T14:34:19+00:00\",\"dateModified\":\"2014-08-19T14:36:25+00:00\",\"mainEntityOfPage\":{\"@id\":\"https:\\\/\\\/www.manquepierda.com\\\/futbolandia\\\/martin-odegaard-la-estrella-precoz\\\/\"},\"wordCount\":637,\"commentCount\":0,\"image\":{\"@id\":\"https:\\\/\\\/www.manquepierda.com\\\/futbolandia\\\/martin-odegaard-la-estrella-precoz\\\/#primaryimage\"},\"thumbnailUrl\":\"https:\\\/\\\/i0.wp.com\\\/www.manquepierda.com\\\/futbolandia\\\/files\\\/2014\\\/08\\\/high_szc43af6.jpg?fit=980%2C551&ssl=1\",\"keywords\":[\"jovenes promesas\",\"jugador joven\",\"martin odegaard\",\"noruega\",\"tippeligaen\"],\"articleSection\":[\"J\u00f3venes Valores\",\"Mas f\u00fatbol\",\"Portada\"],\"inLanguage\":\"es\",\"potentialAction\":[{\"@type\":\"CommentAction\",\"name\":\"Comment\",\"target\":[\"https:\\\/\\\/www.manquepierda.com\\\/futbolandia\\\/martin-odegaard-la-estrella-precoz\\\/#respond\"]}]},{\"@type\":\"WebPage\",\"@id\":\"https:\\\/\\\/www.manquepierda.com\\\/futbolandia\\\/martin-odegaard-la-estrella-precoz\\\/\",\"url\":\"https:\\\/\\\/www.manquepierda.com\\\/futbolandia\\\/martin-odegaard-la-estrella-precoz\\\/\",\"name\":\"Mart\u00edn \u00d8degaard, la estrella precoz &#8211; Futbolandia\",\"isPartOf\":{\"@id\":\"https:\\\/\\\/www.manquepierda.com\\\/futbolandia\\\/#website\"},\"primaryImageOfPage\":{\"@id\":\"https:\\\/\\\/www.manquepierda.com\\\/futbolandia\\\/martin-odegaard-la-estrella-precoz\\\/#primaryimage\"},\"image\":{\"@id\":\"https:\\\/\\\/www.manquepierda.com\\\/futbolandia\\\/martin-odegaard-la-estrella-precoz\\\/#primaryimage\"},\"thumbnailUrl\":\"https:\\\/\\\/i0.wp.com\\\/www.manquepierda.com\\\/futbolandia\\\/files\\\/2014\\\/08\\\/high_szc43af6.jpg?fit=980%2C551&ssl=1\",\"datePublished\":\"2014-08-19T14:34:19+00:00\",\"dateModified\":\"2014-08-19T14:36:25+00:00\",\"author\":{\"@id\":\"https:\\\/\\\/www.manquepierda.com\\\/futbolandia\\\/#\\\/schema\\\/person\\\/4c19bc19ac3cd61828da93dd9e9540ea\"},\"breadcrumb\":{\"@id\":\"https:\\\/\\\/www.manquepierda.com\\\/futbolandia\\\/martin-odegaard-la-estrella-precoz\\\/#breadcrumb\"},\"inLanguage\":\"es\",\"potentialAction\":[{\"@type\":\"ReadAction\",\"target\":[\"https:\\\/\\\/www.manquepierda.com\\\/futbolandia\\\/martin-odegaard-la-estrella-precoz\\\/\"]}]},{\"@type\":\"ImageObject\",\"inLanguage\":\"es\",\"@id\":\"https:\\\/\\\/www.manquepierda.com\\\/futbolandia\\\/martin-odegaard-la-estrella-precoz\\\/#primaryimage\",\"url\":\"https:\\\/\\\/i0.wp.com\\\/www.manquepierda.com\\\/futbolandia\\\/files\\\/2014\\\/08\\\/high_szc43af6.jpg?fit=980%2C551&ssl=1\",\"contentUrl\":\"https:\\\/\\\/i0.wp.com\\\/www.manquepierda.com\\\/futbolandia\\\/files\\\/2014\\\/08\\\/high_szc43af6.jpg?fit=980%2C551&ssl=1\",\"width\":980,\"height\":551},{\"@type\":\"BreadcrumbList\",\"@id\":\"https:\\\/\\\/www.manquepierda.com\\\/futbolandia\\\/martin-odegaard-la-estrella-precoz\\\/#breadcrumb\",\"itemListElement\":[{\"@type\":\"ListItem\",\"position\":1,\"name\":\"Portada\",\"item\":\"https:\\\/\\\/www.manquepierda.com\\\/futbolandia\\\/\"},{\"@type\":\"ListItem\",\"position\":2,\"name\":\"Mart\u00edn \u00d8degaard, la estrella precoz\"}]},{\"@type\":\"WebSite\",\"@id\":\"https:\\\/\\\/www.manquepierda.com\\\/futbolandia\\\/#website\",\"url\":\"https:\\\/\\\/www.manquepierda.com\\\/futbolandia\\\/\",\"name\":\"Futbolandia\",\"description\":\"Reportajes e informaci\u00f3n sobre f\u00fatbol mundial y j\u00f3venes promesas\",\"potentialAction\":[{\"@type\":\"SearchAction\",\"target\":{\"@type\":\"EntryPoint\",\"urlTemplate\":\"https:\\\/\\\/www.manquepierda.com\\\/futbolandia\\\/?s={search_term_string}\"},\"query-input\":{\"@type\":\"PropertyValueSpecification\",\"valueRequired\":true,\"valueName\":\"search_term_string\"}}],\"inLanguage\":\"es\"},{\"@type\":\"Person\",\"@id\":\"https:\\\/\\\/www.manquepierda.com\\\/futbolandia\\\/#\\\/schema\\\/person\\\/4c19bc19ac3cd61828da93dd9e9540ea\",\"name\":\"Miguel Mario\",\"image\":{\"@type\":\"ImageObject\",\"inLanguage\":\"es\",\"@id\":\"https:\\\/\\\/secure.gravatar.com\\\/avatar\\\/0cbdee21c384633600a939c71f6e407e3d704afe9fbfe6a9ce4582221730f157?s=96&d=mm&r=g\",\"url\":\"https:\\\/\\\/secure.gravatar.com\\\/avatar\\\/0cbdee21c384633600a939c71f6e407e3d704afe9fbfe6a9ce4582221730f157?s=96&d=mm&r=g\",\"contentUrl\":\"https:\\\/\\\/secure.gravatar.com\\\/avatar\\\/0cbdee21c384633600a939c71f6e407e3d704afe9fbfe6a9ce4582221730f157?s=96&d=mm&r=g\",\"caption\":\"Miguel Mario\"},\"description\":\"Estudiante de Ingenier\u00eda Civil, b\u00e9tico, apasionado del f\u00fatbol internacional, j\u00f3venes promesas y cantera, pero sobre todo admirador del buen f\u00fatbol, de vez en cuando ojeo a j\u00f3venes futbolistas, que alg\u00fan d\u00eda ser\u00e1n embajadores del espect\u00e1culo que conforma el mundo del f\u00fatbol. Si quieres interactuar conmigo en Twitter: @MiguelMarioMF\",\"url\":\"https:\\\/\\\/www.manquepierda.com\\\/futbolandia\\\/author\\\/miguelmario93\\\/\"}]}<\/script>\n<!-- \/ Yoast SEO plugin. -->","yoast_head_json":{"title":"Mart\u00edn \u00d8degaard, la estrella precoz &#8211; Futbolandia","robots":{"index":"index","follow":"follow","max-snippet":"max-snippet:-1","max-image-preview":"max-image-preview:large","max-video-preview":"max-video-preview:-1"},"canonical":"https:\/\/www.manquepierda.com\/futbolandia\/martin-odegaard-la-estrella-precoz\/","og_locale":"es_ES","og_type":"article","og_title":"Mart\u00edn \u00d8degaard, la estrella precoz &#8211; Futbolandia","og_description":"Cuando se habla de talentos prematuros hay que hacerlo con delicadeza, siempre teniendo en cuenta, que tanto en el f\u00fatbol como en la vida, todo es relativo, con esto, lo que quiero decir es que hoy estas en el cielo y ma\u00f1ana puedes estar en el averno. El f\u00fatbol es una monta\u00f1a rusa, durante toda...","og_url":"https:\/\/www.manquepierda.com\/futbolandia\/martin-odegaard-la-estrella-precoz\/","og_site_name":"Futbolandia","article_published_time":"2014-08-19T14:34:19+00:00","article_modified_time":"2014-08-19T14:36:25+00:00","og_image":[{"width":980,"height":551,"url":"https:\/\/i0.wp.com\/www.manquepierda.com\/futbolandia\/files\/2014\/08\/high_szc43af6.jpg?fit=980%2C551&ssl=1","type":"image\/jpeg"}],"author":"Miguel Mario","twitter_misc":{"Escrito por":"Miguel Mario","Tiempo de lectura":"3 minutos"},"schema":{"@context":"https:\/\/schema.org","@graph":[{"@type":"Article","@id":"https:\/\/www.manquepierda.com\/futbolandia\/martin-odegaard-la-estrella-precoz\/#article","isPartOf":{"@id":"https:\/\/www.manquepierda.com\/futbolandia\/martin-odegaard-la-estrella-precoz\/"},"author":{"name":"Miguel Mario","@id":"https:\/\/www.manquepierda.com\/futbolandia\/#\/schema\/person\/4c19bc19ac3cd61828da93dd9e9540ea"},"headline":"Mart\u00edn \u00d8degaard, la estrella precoz","datePublished":"2014-08-19T14:34:19+00:00","dateModified":"2014-08-19T14:36:25+00:00","mainEntityOfPage":{"@id":"https:\/\/www.manquepierda.com\/futbolandia\/martin-odegaard-la-estrella-precoz\/"},"wordCount":637,"commentCount":0,"image":{"@id":"https:\/\/www.manquepierda.com\/futbolandia\/martin-odegaard-la-estrella-precoz\/#primaryimage"},"thumbnailUrl":"https:\/\/i0.wp.com\/www.manquepierda.com\/futbolandia\/files\/2014\/08\/high_szc43af6.jpg?fit=980%2C551&ssl=1","keywords":["jovenes promesas","jugador joven","martin odegaard","noruega","tippeligaen"],"articleSection":["J\u00f3venes Valores","Mas f\u00fatbol","Portada"],"inLanguage":"es","potentialAction":[{"@type":"CommentAction","name":"Comment","target":["https:\/\/www.manquepierda.com\/futbolandia\/martin-odegaard-la-estrella-precoz\/#respond"]}]},{"@type":"WebPage","@id":"https:\/\/www.manquepierda.com\/futbolandia\/martin-odegaard-la-estrella-precoz\/","url":"https:\/\/www.manquepierda.com\/futbolandia\/martin-odegaard-la-estrella-precoz\/","name":"Mart\u00edn \u00d8degaard, la estrella precoz &#8211; Futbolandia","isPartOf":{"@id":"https:\/\/www.manquepierda.com\/futbolandia\/#website"},"primaryImageOfPage":{"@id":"https:\/\/www.manquepierda.com\/futbolandia\/martin-odegaard-la-estrella-precoz\/#primaryimage"},"image":{"@id":"https:\/\/www.manquepierda.com\/futbolandia\/martin-odegaard-la-estrella-precoz\/#primaryimage"},"thumbnailUrl":"https:\/\/i0.wp.com\/www.manquepierda.com\/futbolandia\/files\/2014\/08\/high_szc43af6.jpg?fit=980%2C551&ssl=1","datePublished":"2014-08-19T14:34:19+00:00","dateModified":"2014-08-19T14:36:25+00:00","author":{"@id":"https:\/\/www.manquepierda.com\/futbolandia\/#\/schema\/person\/4c19bc19ac3cd61828da93dd9e9540ea"},"breadcrumb":{"@id":"https:\/\/www.manquepierda.com\/futbolandia\/martin-odegaard-la-estrella-precoz\/#breadcrumb"},"inLanguage":"es","potentialAction":[{"@type":"ReadAction","target":["https:\/\/www.manquepierda.com\/futbolandia\/martin-odegaard-la-estrella-precoz\/"]}]},{"@type":"ImageObject","inLanguage":"es","@id":"https:\/\/www.manquepierda.com\/futbolandia\/martin-odegaard-la-estrella-precoz\/#primaryimage","url":"https:\/\/i0.wp.com\/www.manquepierda.com\/futbolandia\/files\/2014\/08\/high_szc43af6.jpg?fit=980%2C551&ssl=1","contentUrl":"https:\/\/i0.wp.com\/www.manquepierda.com\/futbolandia\/files\/2014\/08\/high_szc43af6.jpg?fit=980%2C551&ssl=1","width":980,"height":551},{"@type":"BreadcrumbList","@id":"https:\/\/www.manquepierda.com\/futbolandia\/martin-odegaard-la-estrella-precoz\/#breadcrumb","itemListElement":[{"@type":"ListItem","position":1,"name":"Portada","item":"https:\/\/www.manquepierda.com\/futbolandia\/"},{"@type":"ListItem","position":2,"name":"Mart\u00edn \u00d8degaard, la estrella precoz"}]},{"@type":"WebSite","@id":"https:\/\/www.manquepierda.com\/futbolandia\/#website","url":"https:\/\/www.manquepierda.com\/futbolandia\/","name":"Futbolandia","description":"Reportajes e informaci\u00f3n sobre f\u00fatbol mundial y j\u00f3venes promesas","potentialAction":[{"@type":"SearchAction","target":{"@type":"EntryPoint","urlTemplate":"https:\/\/www.manquepierda.com\/futbolandia\/?s={search_term_string}"},"query-input":{"@type":"PropertyValueSpecification","valueRequired":true,"valueName":"search_term_string"}}],"inLanguage":"es"},{"@type":"Person","@id":"https:\/\/www.manquepierda.com\/futbolandia\/#\/schema\/person\/4c19bc19ac3cd61828da93dd9e9540ea","name":"Miguel Mario","image":{"@type":"ImageObject","inLanguage":"es","@id":"https:\/\/secure.gravatar.com\/avatar\/0cbdee21c384633600a939c71f6e407e3d704afe9fbfe6a9ce4582221730f157?s=96&d=mm&r=g","url":"https:\/\/secure.gravatar.com\/avatar\/0cbdee21c384633600a939c71f6e407e3d704afe9fbfe6a9ce4582221730f157?s=96&d=mm&r=g","contentUrl":"https:\/\/secure.gravatar.com\/avatar\/0cbdee21c384633600a939c71f6e407e3d704afe9fbfe6a9ce4582221730f157?s=96&d=mm&r=g","caption":"Miguel Mario"},"description":"Estudiante de Ingenier\u00eda Civil, b\u00e9tico, apasionado del f\u00fatbol internacional, j\u00f3venes promesas y cantera, pero sobre todo admirador del buen f\u00fatbol, de vez en cuando ojeo a j\u00f3venes futbolistas, que alg\u00fan d\u00eda ser\u00e1n embajadores del espect\u00e1culo que conforma el mundo del f\u00fatbol. Si quieres interactuar conmigo en Twitter: @MiguelMarioMF","url":"https:\/\/www.manquepierda.com\/futbolandia\/author\/miguelmario93\/"}]}},"jetpack_publicize_connections":[],"jetpack_featured_media_url":"https:\/\/i0.wp.com\/www.manquepierda.com\/futbolandia\/files\/2014\/08\/high_szc43af6.jpg?fit=980%2C551&ssl=1","jetpack_shortlink":"https:\/\/wp.me\/p1THIg-17f","jetpack_sharing_enabled":true,"_links":{"self":[{"href":"https:\/\/www.manquepierda.com\/futbolandia\/wp-json\/wp\/v2\/posts\/4293","targetHints":{"allow":["GET"]}}],"collection":[{"href":"https:\/\/www.manquepierda.com\/futbolandia\/wp-json\/wp\/v2\/posts"}],"about":[{"href":"https:\/\/www.manquepierda.com\/futbolandia\/wp-json\/wp\/v2\/types\/post"}],"author":[{"embeddable":true,"href":"https:\/\/www.manquepierda.com\/futbolandia\/wp-json\/wp\/v2\/users\/337"}],"replies":[{"embeddable":true,"href":"https:\/\/www.manquepierda.com\/futbolandia\/wp-json\/wp\/v2\/comments?post=4293"}],"version-history":[{"count":0,"href":"https:\/\/www.manquepierda.com\/futbolandia\/wp-json\/wp\/v2\/posts\/4293\/revisions"}],"wp:featuredmedia":[{"embeddable":true,"href":"https:\/\/www.manquepierda.com\/futbolandia\/wp-json\/wp\/v2\/media\/4295"}],"wp:attachment":[{"href":"https:\/\/www.manquepierda.com\/futbolandia\/wp-json\/wp\/v2\/media?parent=4293"}],"wp:term":[{"taxonomy":"category","embeddable":true,"href":"https:\/\/www.manquepierda.com\/futbolandia\/wp-json\/wp\/v2\/categories?post=4293"},{"taxonomy":"post_tag","embeddable":true,"href":"https:\/\/www.manquepierda.com\/futbolandia\/wp-json\/wp\/v2\/tags?post=4293"}],"curies":[{"name":"wp","href":"https:\/\/api.w.org\/{rel}","templated":true}]}}