{"id":4311,"date":"2014-08-20T13:48:27","date_gmt":"2014-08-20T11:48:27","guid":{"rendered":"http:\/\/www.manquepierda.com\/futbolandia\/?p=4311"},"modified":"2014-08-20T20:29:07","modified_gmt":"2014-08-20T18:29:07","slug":"un-valencia-que-huele-a-champions","status":"publish","type":"post","link":"https:\/\/www.manquepierda.com\/futbolandia\/un-valencia-que-huele-a-champions\/","title":{"rendered":"Un Valencia que huele a Champions"},"content":{"rendered":"<figure id=\"attachment_4313\" aria-describedby=\"caption-attachment-4313\" style=\"width: 366px\" class=\"wp-caption alignleft\"><a href=\"https:\/\/i0.wp.com\/www.manquepierda.com\/futbolandia\/files\/2014\/08\/paco-alcacer.jpg\"><img data-recalc-dims=\"1\" loading=\"lazy\" decoding=\"async\" data-attachment-id=\"4313\" data-permalink=\"https:\/\/www.manquepierda.com\/futbolandia\/un-valencia-que-huele-a-champions\/paco-alcacer\/\" data-orig-file=\"https:\/\/i0.wp.com\/www.manquepierda.com\/futbolandia\/files\/2014\/08\/paco-alcacer.jpg?fit=634%2C514&amp;ssl=1\" data-orig-size=\"634,514\" data-comments-opened=\"1\" data-image-meta=\"{&quot;aperture&quot;:&quot;0&quot;,&quot;credit&quot;:&quot;\\u00a9 EPA&quot;,&quot;camera&quot;:&quot;&quot;,&quot;caption&quot;:&quot;&quot;,&quot;created_timestamp&quot;:&quot;0&quot;,&quot;copyright&quot;:&quot;&quot;,&quot;focal_length&quot;:&quot;0&quot;,&quot;iso&quot;:&quot;0&quot;,&quot;shutter_speed&quot;:&quot;0&quot;,&quot;title&quot;:&quot;&quot;}\" data-image-title=\"paco alcacer\" data-image-description=\"\" data-image-caption=\"&lt;p&gt;El canterano Paco Alcacer quiere ser importante esta temporada&lt;br \/&gt;\nFoto: dailymail.co.uk&lt;\/p&gt;\n\" data-large-file=\"https:\/\/i0.wp.com\/www.manquepierda.com\/futbolandia\/files\/2014\/08\/paco-alcacer.jpg?fit=634%2C514&amp;ssl=1\" class=\" wp-image-4313\" src=\"https:\/\/i0.wp.com\/www.manquepierda.com\/futbolandia\/files\/2014\/08\/paco-alcacer.jpg?resize=366%2C297\" alt=\"El canterano Paco Alcacer quiere ser importante esta temporada Foto: dailymail.co.uk\" width=\"366\" height=\"297\" srcset=\"https:\/\/i0.wp.com\/www.manquepierda.com\/futbolandia\/files\/2014\/08\/paco-alcacer.jpg?w=634&amp;ssl=1 634w, https:\/\/i0.wp.com\/www.manquepierda.com\/futbolandia\/files\/2014\/08\/paco-alcacer.jpg?resize=300%2C243&amp;ssl=1 300w\" sizes=\"auto, (max-width: 366px) 100vw, 366px\" \/><\/a><figcaption id=\"caption-attachment-4313\" class=\"wp-caption-text\">El canterano Paco Alcacer quiere ser importante esta temporada<br \/>Foto: dailymail.co.uk<\/figcaption><\/figure>\n<p>Quiz\u00e1s es pronto para aventurarse a decir que el equipo ch\u00e9 es el cuarto candidato espa\u00f1ol, dando por hecho que Madrid, Barcelona y Atl\u00e9tico estar\u00e1n por encima, que disputar\u00e1 el a\u00f1o que viene la m\u00e1xima competici\u00f3n europea, <strong>pero este Valencia que se ha puesto en manos de Jorge Mendes y Peter Lim tiene muy buena pinta.<\/strong><\/p>\n<p>Tras consumarse la venta del Valencia al multimillonario empresario singapurense Peter Lim, el club valencianista busca tener uno de los mejores equipos de su historia. Ahora va tras dos incorporaciones que incrementen el nivel de la plantilla, el argentino Enzo P\u00e9rez que ya se despide de su actual equipo, el SL Benfica, y el espa\u00f1ol Fernando Llorente, a quien la Juventus lo ha colocado en el mercado. Dos futbolistas de renombre para un equipo con ganas de presentar batalla en poco tiempo para aspirar a ganar el campeonato nacional.<\/p>\n<p>Y es que hoy en d\u00eda pocos equipos pueden tener en sus filas a grandes jugadores sin realizar grandes inversiones ya que por muchos t\u00edtulos obtenidos, el f\u00fatbol hoy d\u00eda es un negocio en el que los grandes siempre van a percibir mayores cantidades para acudir al mercado que cualquier otro que lo haya ganado dentro del terreno de juego. Por eso, a menos que acuda alg\u00fan magnate y se haga con un club, como en el caso del Valencia, el crecimiento deportivo de un equipo rara vez desemboca en un equipazo.<\/p>\n<p><strong>El conjunto ch\u00e9 firm\u00f3 el pasado domingo una muy buena carta de presentaci\u00f3n ante su p\u00fablico en Mestalla al salir victorioso del Trofeo Naranja que le enfrentaba al AC Milan.<\/strong> Ah\u00ed se pudo empezar a vislumbrar como las incorporaciones acometidas est\u00e1n dando sus frutos, y tambi\u00e9n como el canterano Paco Alc\u00e1cer ha pasado de ser un ni\u00f1o prometedor a un presente y futuro de la entidad valencianista. Pudimos ver como Rodrigo y Alc\u00e1cer parec\u00edan conocerse de toda la vida y sus conexiones e individualidades dieron el triunfo a un Valencia seguro atr\u00e1s y con Dani Parejo en la medular, como amo y se\u00f1or del partido. Tambi\u00e9n se pudo ver las garant\u00edas bajo palos de este equipo y es que si Diego Alves es buen portero, Yoel no apunta a menos. Ser\u00e1 una pugna bonita por la titularidad. <strong>Por otra parte la zaga valencianista ha sido reforzada con hombres como Nicolas Otamendi, Shkodran Mustafi y Lucas Orb\u00e1n, ambos traspasados, la cesi\u00f3n de Jo\u00e3o Cancelo y Jos\u00e9 Luis Gay\u00e0 que asciende del filial y va a tener ficha del primer equipo.<\/strong> En el centro del campo regresan Andr\u00e9s Guardado, Jonathan Viera y Carles Gil tras cesi\u00f3n, y se le suma la cesi\u00f3n de Andr\u00e9 Gomes, que va a aportar muchas cosas como la gran amplitud de campo que abarca en la medular. Uno de los fichajes con m\u00e1s proyecci\u00f3n para este nuevo curso es Rodrigo de Paul, por quien el Valencia ha pagado en torno a 5 millones de euros por el joven volante de 20 a\u00f1os de Racing de Avellaneda. En la l\u00ednea de ataque encontramos a Rodrigo Moreno otra de las cesiones del Benfica al conjunto ch\u00e9, sin duda el mejor fichaje realizado por la entidad hasta el momento.<\/p>\n<p>Con estas incorporaciones y las que est\u00e1n a\u00fan por llegar muchos valencianistas sue\u00f1an con una temporada para recordar, y tienen motivos para creer en ello, porque este Valencia puede llegar muy lejos de la mano de Nuno Espirito Santo y con el desembolso que el multimillonario de Singapur est\u00e1 realizando.<\/p>\n","protected":false},"excerpt":{"rendered":"<p>Quiz\u00e1s es pronto para aventurarse a decir que el equipo ch\u00e9 es el cuarto candidato espa\u00f1ol, dando por hecho que Madrid, Barcelona y Atl\u00e9tico estar\u00e1n por encima, que disputar\u00e1 el a\u00f1o que viene la m\u00e1xima competici\u00f3n europea, pero este Valencia que se ha puesto en manos de Jorge Mendes y Peter Lim tiene muy buena&#8230;<\/p>\n","protected":false},"author":430,"featured_media":4314,"comment_status":"open","ping_status":"open","sticky":false,"template":"","format":"standard","meta":{"_kad_post_transparent":"","_kad_post_title":"","_kad_post_layout":"","_kad_post_sidebar_id":"","_kad_post_content_style":"","_kad_post_vertical_padding":"","_kad_post_feature":"","_kad_post_feature_position":"","_kad_post_header":false,"_kad_post_footer":false,"_kad_post_classname":"","_jetpack_memberships_contains_paid_content":false,"footnotes":"","jetpack_publicize_message":"","jetpack_publicize_feature_enabled":true,"jetpack_social_post_already_shared":true,"jetpack_social_options":{"image_generator_settings":{"template":"highway","default_image_id":0,"font":"","enabled":false},"version":2}},"categories":[1,10],"tags":[398,564,1502,1503,1504,710,1423,1505,65],"class_list":["post-4311","post","type-post","status-publish","format-standard","has-post-thumbnail","hentry","category-liga-bbva-futbol-espanol","category-portada","tag-champions","tag-fichajes","tag-lim","tag-mendes","tag-naranja","tag-planificacion","tag-refuerzos","tag-trofeo","tag-valencia"],"yoast_head":"<!-- This site is optimized with the Yoast SEO plugin v27.5 - https:\/\/yoast.com\/product\/yoast-seo-wordpress\/ -->\n<title>Un Valencia que huele a Champions &#8211; Futbolandia<\/title>\n<meta name=\"robots\" content=\"index, follow, max-snippet:-1, max-image-preview:large, max-video-preview:-1\" \/>\n<link rel=\"canonical\" href=\"https:\/\/www.manquepierda.com\/futbolandia\/un-valencia-que-huele-a-champions\/\" \/>\n<meta property=\"og:locale\" content=\"es_ES\" \/>\n<meta property=\"og:type\" content=\"article\" \/>\n<meta property=\"og:title\" content=\"Un Valencia que huele a Champions &#8211; Futbolandia\" \/>\n<meta property=\"og:description\" content=\"Quiz\u00e1s es pronto para aventurarse a decir que el equipo ch\u00e9 es el cuarto candidato espa\u00f1ol, dando por hecho que Madrid, Barcelona y Atl\u00e9tico estar\u00e1n por encima, que disputar\u00e1 el a\u00f1o que viene la m\u00e1xima competici\u00f3n europea, pero este Valencia que se ha puesto en manos de Jorge Mendes y Peter Lim tiene muy buena...\" \/>\n<meta property=\"og:url\" content=\"https:\/\/www.manquepierda.com\/futbolandia\/un-valencia-que-huele-a-champions\/\" \/>\n<meta property=\"og:site_name\" content=\"Futbolandia\" \/>\n<meta property=\"article:published_time\" content=\"2014-08-20T11:48:27+00:00\" \/>\n<meta property=\"article:modified_time\" content=\"2014-08-20T18:29:07+00:00\" \/>\n<meta property=\"og:image\" content=\"https:\/\/i2.wp.com\/www.manquepierda.com\/futbolandia\/files\/2014\/08\/rodrigo-valencia.jpg?fit=640%2C360&ssl=1\" \/>\n\t<meta property=\"og:image:width\" content=\"640\" \/>\n\t<meta property=\"og:image:height\" content=\"360\" \/>\n\t<meta property=\"og:image:type\" content=\"image\/jpeg\" \/>\n<meta name=\"author\" content=\"Alejandro M\u00e9rida Fern\u00e1ndez\" \/>\n<meta name=\"twitter:label1\" content=\"Escrito por\" \/>\n\t<meta name=\"twitter:data1\" content=\"Alejandro M\u00e9rida Fern\u00e1ndez\" \/>\n\t<meta name=\"twitter:label2\" content=\"Tiempo de lectura\" \/>\n\t<meta name=\"twitter:data2\" content=\"3 minutos\" \/>\n<script type=\"application\/ld+json\" class=\"yoast-schema-graph\">{\"@context\":\"https:\\\/\\\/schema.org\",\"@graph\":[{\"@type\":\"Article\",\"@id\":\"https:\\\/\\\/www.manquepierda.com\\\/futbolandia\\\/un-valencia-que-huele-a-champions\\\/#article\",\"isPartOf\":{\"@id\":\"https:\\\/\\\/www.manquepierda.com\\\/futbolandia\\\/un-valencia-que-huele-a-champions\\\/\"},\"author\":{\"name\":\"Alejandro M\u00e9rida Fern\u00e1ndez\",\"@id\":\"https:\\\/\\\/www.manquepierda.com\\\/futbolandia\\\/#\\\/schema\\\/person\\\/dc27cb5dd6ac5baefec693d659720377\"},\"headline\":\"Un Valencia que huele a Champions\",\"datePublished\":\"2014-08-20T11:48:27+00:00\",\"dateModified\":\"2014-08-20T18:29:07+00:00\",\"mainEntityOfPage\":{\"@id\":\"https:\\\/\\\/www.manquepierda.com\\\/futbolandia\\\/un-valencia-que-huele-a-champions\\\/\"},\"wordCount\":638,\"commentCount\":0,\"image\":{\"@id\":\"https:\\\/\\\/www.manquepierda.com\\\/futbolandia\\\/un-valencia-que-huele-a-champions\\\/#primaryimage\"},\"thumbnailUrl\":\"https:\\\/\\\/i0.wp.com\\\/www.manquepierda.com\\\/futbolandia\\\/files\\\/2014\\\/08\\\/rodrigo-valencia.jpg?fit=640%2C360&ssl=1\",\"keywords\":[\"Champions\",\"fichajes\",\"lim\",\"mendes\",\"naranja\",\"planificacion\",\"refuerzos\",\"trofeo\",\"Valencia\"],\"articleSection\":[\"Liga BBVA - F\u00fatbol Espa\u00f1ol\",\"Portada\"],\"inLanguage\":\"es\",\"potentialAction\":[{\"@type\":\"CommentAction\",\"name\":\"Comment\",\"target\":[\"https:\\\/\\\/www.manquepierda.com\\\/futbolandia\\\/un-valencia-que-huele-a-champions\\\/#respond\"]}]},{\"@type\":\"WebPage\",\"@id\":\"https:\\\/\\\/www.manquepierda.com\\\/futbolandia\\\/un-valencia-que-huele-a-champions\\\/\",\"url\":\"https:\\\/\\\/www.manquepierda.com\\\/futbolandia\\\/un-valencia-que-huele-a-champions\\\/\",\"name\":\"Un Valencia que huele a Champions &#8211; Futbolandia\",\"isPartOf\":{\"@id\":\"https:\\\/\\\/www.manquepierda.com\\\/futbolandia\\\/#website\"},\"primaryImageOfPage\":{\"@id\":\"https:\\\/\\\/www.manquepierda.com\\\/futbolandia\\\/un-valencia-que-huele-a-champions\\\/#primaryimage\"},\"image\":{\"@id\":\"https:\\\/\\\/www.manquepierda.com\\\/futbolandia\\\/un-valencia-que-huele-a-champions\\\/#primaryimage\"},\"thumbnailUrl\":\"https:\\\/\\\/i0.wp.com\\\/www.manquepierda.com\\\/futbolandia\\\/files\\\/2014\\\/08\\\/rodrigo-valencia.jpg?fit=640%2C360&ssl=1\",\"datePublished\":\"2014-08-20T11:48:27+00:00\",\"dateModified\":\"2014-08-20T18:29:07+00:00\",\"author\":{\"@id\":\"https:\\\/\\\/www.manquepierda.com\\\/futbolandia\\\/#\\\/schema\\\/person\\\/dc27cb5dd6ac5baefec693d659720377\"},\"breadcrumb\":{\"@id\":\"https:\\\/\\\/www.manquepierda.com\\\/futbolandia\\\/un-valencia-que-huele-a-champions\\\/#breadcrumb\"},\"inLanguage\":\"es\",\"potentialAction\":[{\"@type\":\"ReadAction\",\"target\":[\"https:\\\/\\\/www.manquepierda.com\\\/futbolandia\\\/un-valencia-que-huele-a-champions\\\/\"]}]},{\"@type\":\"ImageObject\",\"inLanguage\":\"es\",\"@id\":\"https:\\\/\\\/www.manquepierda.com\\\/futbolandia\\\/un-valencia-que-huele-a-champions\\\/#primaryimage\",\"url\":\"https:\\\/\\\/i0.wp.com\\\/www.manquepierda.com\\\/futbolandia\\\/files\\\/2014\\\/08\\\/rodrigo-valencia.jpg?fit=640%2C360&ssl=1\",\"contentUrl\":\"https:\\\/\\\/i0.wp.com\\\/www.manquepierda.com\\\/futbolandia\\\/files\\\/2014\\\/08\\\/rodrigo-valencia.jpg?fit=640%2C360&ssl=1\",\"width\":640,\"height\":360,\"caption\":\"Rodrigo controla un bal\u00f3n ante la oposici\u00f3n milanista Foto: es.eurosport.yahoo.com\"},{\"@type\":\"BreadcrumbList\",\"@id\":\"https:\\\/\\\/www.manquepierda.com\\\/futbolandia\\\/un-valencia-que-huele-a-champions\\\/#breadcrumb\",\"itemListElement\":[{\"@type\":\"ListItem\",\"position\":1,\"name\":\"Portada\",\"item\":\"https:\\\/\\\/www.manquepierda.com\\\/futbolandia\\\/\"},{\"@type\":\"ListItem\",\"position\":2,\"name\":\"Un Valencia que huele a Champions\"}]},{\"@type\":\"WebSite\",\"@id\":\"https:\\\/\\\/www.manquepierda.com\\\/futbolandia\\\/#website\",\"url\":\"https:\\\/\\\/www.manquepierda.com\\\/futbolandia\\\/\",\"name\":\"Futbolandia\",\"description\":\"Reportajes e informaci\u00f3n sobre f\u00fatbol mundial y j\u00f3venes promesas\",\"potentialAction\":[{\"@type\":\"SearchAction\",\"target\":{\"@type\":\"EntryPoint\",\"urlTemplate\":\"https:\\\/\\\/www.manquepierda.com\\\/futbolandia\\\/?s={search_term_string}\"},\"query-input\":{\"@type\":\"PropertyValueSpecification\",\"valueRequired\":true,\"valueName\":\"search_term_string\"}}],\"inLanguage\":\"es\"},{\"@type\":\"Person\",\"@id\":\"https:\\\/\\\/www.manquepierda.com\\\/futbolandia\\\/#\\\/schema\\\/person\\\/dc27cb5dd6ac5baefec693d659720377\",\"name\":\"Alejandro M\u00e9rida Fern\u00e1ndez\",\"image\":{\"@type\":\"ImageObject\",\"inLanguage\":\"es\",\"@id\":\"https:\\\/\\\/secure.gravatar.com\\\/avatar\\\/e7ad59319dbe32283700c2c59a60641c534d308a03af9206579d35fdf5e96cb4?s=96&d=mm&r=g\",\"url\":\"https:\\\/\\\/secure.gravatar.com\\\/avatar\\\/e7ad59319dbe32283700c2c59a60641c534d308a03af9206579d35fdf5e96cb4?s=96&d=mm&r=g\",\"contentUrl\":\"https:\\\/\\\/secure.gravatar.com\\\/avatar\\\/e7ad59319dbe32283700c2c59a60641c534d308a03af9206579d35fdf5e96cb4?s=96&d=mm&r=g\",\"caption\":\"Alejandro M\u00e9rida Fern\u00e1ndez\"},\"url\":\"https:\\\/\\\/www.manquepierda.com\\\/futbolandia\\\/author\\\/alexmerida26\\\/\"}]}<\/script>\n<!-- \/ Yoast SEO plugin. -->","yoast_head_json":{"title":"Un Valencia que huele a Champions &#8211; Futbolandia","robots":{"index":"index","follow":"follow","max-snippet":"max-snippet:-1","max-image-preview":"max-image-preview:large","max-video-preview":"max-video-preview:-1"},"canonical":"https:\/\/www.manquepierda.com\/futbolandia\/un-valencia-que-huele-a-champions\/","og_locale":"es_ES","og_type":"article","og_title":"Un Valencia que huele a Champions &#8211; Futbolandia","og_description":"Quiz\u00e1s es pronto para aventurarse a decir que el equipo ch\u00e9 es el cuarto candidato espa\u00f1ol, dando por hecho que Madrid, Barcelona y Atl\u00e9tico estar\u00e1n por encima, que disputar\u00e1 el a\u00f1o que viene la m\u00e1xima competici\u00f3n europea, pero este Valencia que se ha puesto en manos de Jorge Mendes y Peter Lim tiene muy buena...","og_url":"https:\/\/www.manquepierda.com\/futbolandia\/un-valencia-que-huele-a-champions\/","og_site_name":"Futbolandia","article_published_time":"2014-08-20T11:48:27+00:00","article_modified_time":"2014-08-20T18:29:07+00:00","og_image":[{"width":640,"height":360,"url":"https:\/\/i2.wp.com\/www.manquepierda.com\/futbolandia\/files\/2014\/08\/rodrigo-valencia.jpg?fit=640%2C360&ssl=1","type":"image\/jpeg"}],"author":"Alejandro M\u00e9rida Fern\u00e1ndez","twitter_misc":{"Escrito por":"Alejandro M\u00e9rida Fern\u00e1ndez","Tiempo de lectura":"3 minutos"},"schema":{"@context":"https:\/\/schema.org","@graph":[{"@type":"Article","@id":"https:\/\/www.manquepierda.com\/futbolandia\/un-valencia-que-huele-a-champions\/#article","isPartOf":{"@id":"https:\/\/www.manquepierda.com\/futbolandia\/un-valencia-que-huele-a-champions\/"},"author":{"name":"Alejandro M\u00e9rida Fern\u00e1ndez","@id":"https:\/\/www.manquepierda.com\/futbolandia\/#\/schema\/person\/dc27cb5dd6ac5baefec693d659720377"},"headline":"Un Valencia que huele a Champions","datePublished":"2014-08-20T11:48:27+00:00","dateModified":"2014-08-20T18:29:07+00:00","mainEntityOfPage":{"@id":"https:\/\/www.manquepierda.com\/futbolandia\/un-valencia-que-huele-a-champions\/"},"wordCount":638,"commentCount":0,"image":{"@id":"https:\/\/www.manquepierda.com\/futbolandia\/un-valencia-que-huele-a-champions\/#primaryimage"},"thumbnailUrl":"https:\/\/i0.wp.com\/www.manquepierda.com\/futbolandia\/files\/2014\/08\/rodrigo-valencia.jpg?fit=640%2C360&ssl=1","keywords":["Champions","fichajes","lim","mendes","naranja","planificacion","refuerzos","trofeo","Valencia"],"articleSection":["Liga BBVA - F\u00fatbol Espa\u00f1ol","Portada"],"inLanguage":"es","potentialAction":[{"@type":"CommentAction","name":"Comment","target":["https:\/\/www.manquepierda.com\/futbolandia\/un-valencia-que-huele-a-champions\/#respond"]}]},{"@type":"WebPage","@id":"https:\/\/www.manquepierda.com\/futbolandia\/un-valencia-que-huele-a-champions\/","url":"https:\/\/www.manquepierda.com\/futbolandia\/un-valencia-que-huele-a-champions\/","name":"Un Valencia que huele a Champions &#8211; Futbolandia","isPartOf":{"@id":"https:\/\/www.manquepierda.com\/futbolandia\/#website"},"primaryImageOfPage":{"@id":"https:\/\/www.manquepierda.com\/futbolandia\/un-valencia-que-huele-a-champions\/#primaryimage"},"image":{"@id":"https:\/\/www.manquepierda.com\/futbolandia\/un-valencia-que-huele-a-champions\/#primaryimage"},"thumbnailUrl":"https:\/\/i0.wp.com\/www.manquepierda.com\/futbolandia\/files\/2014\/08\/rodrigo-valencia.jpg?fit=640%2C360&ssl=1","datePublished":"2014-08-20T11:48:27+00:00","dateModified":"2014-08-20T18:29:07+00:00","author":{"@id":"https:\/\/www.manquepierda.com\/futbolandia\/#\/schema\/person\/dc27cb5dd6ac5baefec693d659720377"},"breadcrumb":{"@id":"https:\/\/www.manquepierda.com\/futbolandia\/un-valencia-que-huele-a-champions\/#breadcrumb"},"inLanguage":"es","potentialAction":[{"@type":"ReadAction","target":["https:\/\/www.manquepierda.com\/futbolandia\/un-valencia-que-huele-a-champions\/"]}]},{"@type":"ImageObject","inLanguage":"es","@id":"https:\/\/www.manquepierda.com\/futbolandia\/un-valencia-que-huele-a-champions\/#primaryimage","url":"https:\/\/i0.wp.com\/www.manquepierda.com\/futbolandia\/files\/2014\/08\/rodrigo-valencia.jpg?fit=640%2C360&ssl=1","contentUrl":"https:\/\/i0.wp.com\/www.manquepierda.com\/futbolandia\/files\/2014\/08\/rodrigo-valencia.jpg?fit=640%2C360&ssl=1","width":640,"height":360,"caption":"Rodrigo controla un bal\u00f3n ante la oposici\u00f3n milanista Foto: es.eurosport.yahoo.com"},{"@type":"BreadcrumbList","@id":"https:\/\/www.manquepierda.com\/futbolandia\/un-valencia-que-huele-a-champions\/#breadcrumb","itemListElement":[{"@type":"ListItem","position":1,"name":"Portada","item":"https:\/\/www.manquepierda.com\/futbolandia\/"},{"@type":"ListItem","position":2,"name":"Un Valencia que huele a Champions"}]},{"@type":"WebSite","@id":"https:\/\/www.manquepierda.com\/futbolandia\/#website","url":"https:\/\/www.manquepierda.com\/futbolandia\/","name":"Futbolandia","description":"Reportajes e informaci\u00f3n sobre f\u00fatbol mundial y j\u00f3venes promesas","potentialAction":[{"@type":"SearchAction","target":{"@type":"EntryPoint","urlTemplate":"https:\/\/www.manquepierda.com\/futbolandia\/?s={search_term_string}"},"query-input":{"@type":"PropertyValueSpecification","valueRequired":true,"valueName":"search_term_string"}}],"inLanguage":"es"},{"@type":"Person","@id":"https:\/\/www.manquepierda.com\/futbolandia\/#\/schema\/person\/dc27cb5dd6ac5baefec693d659720377","name":"Alejandro M\u00e9rida Fern\u00e1ndez","image":{"@type":"ImageObject","inLanguage":"es","@id":"https:\/\/secure.gravatar.com\/avatar\/e7ad59319dbe32283700c2c59a60641c534d308a03af9206579d35fdf5e96cb4?s=96&d=mm&r=g","url":"https:\/\/secure.gravatar.com\/avatar\/e7ad59319dbe32283700c2c59a60641c534d308a03af9206579d35fdf5e96cb4?s=96&d=mm&r=g","contentUrl":"https:\/\/secure.gravatar.com\/avatar\/e7ad59319dbe32283700c2c59a60641c534d308a03af9206579d35fdf5e96cb4?s=96&d=mm&r=g","caption":"Alejandro M\u00e9rida Fern\u00e1ndez"},"url":"https:\/\/www.manquepierda.com\/futbolandia\/author\/alexmerida26\/"}]}},"jetpack_publicize_connections":[],"jetpack_featured_media_url":"https:\/\/i0.wp.com\/www.manquepierda.com\/futbolandia\/files\/2014\/08\/rodrigo-valencia.jpg?fit=640%2C360&ssl=1","jetpack_shortlink":"https:\/\/wp.me\/p1THIg-17x","jetpack_sharing_enabled":true,"_links":{"self":[{"href":"https:\/\/www.manquepierda.com\/futbolandia\/wp-json\/wp\/v2\/posts\/4311","targetHints":{"allow":["GET"]}}],"collection":[{"href":"https:\/\/www.manquepierda.com\/futbolandia\/wp-json\/wp\/v2\/posts"}],"about":[{"href":"https:\/\/www.manquepierda.com\/futbolandia\/wp-json\/wp\/v2\/types\/post"}],"author":[{"embeddable":true,"href":"https:\/\/www.manquepierda.com\/futbolandia\/wp-json\/wp\/v2\/users\/430"}],"replies":[{"embeddable":true,"href":"https:\/\/www.manquepierda.com\/futbolandia\/wp-json\/wp\/v2\/comments?post=4311"}],"version-history":[{"count":0,"href":"https:\/\/www.manquepierda.com\/futbolandia\/wp-json\/wp\/v2\/posts\/4311\/revisions"}],"wp:featuredmedia":[{"embeddable":true,"href":"https:\/\/www.manquepierda.com\/futbolandia\/wp-json\/wp\/v2\/media\/4314"}],"wp:attachment":[{"href":"https:\/\/www.manquepierda.com\/futbolandia\/wp-json\/wp\/v2\/media?parent=4311"}],"wp:term":[{"taxonomy":"category","embeddable":true,"href":"https:\/\/www.manquepierda.com\/futbolandia\/wp-json\/wp\/v2\/categories?post=4311"},{"taxonomy":"post_tag","embeddable":true,"href":"https:\/\/www.manquepierda.com\/futbolandia\/wp-json\/wp\/v2\/tags?post=4311"}],"curies":[{"name":"wp","href":"https:\/\/api.w.org\/{rel}","templated":true}]}}