{"id":4487,"date":"2014-09-03T15:58:44","date_gmt":"2014-09-03T13:58:44","guid":{"rendered":"http:\/\/www.manquepierda.com\/futbolandia\/?p=4487"},"modified":"2014-09-03T17:41:01","modified_gmt":"2014-09-03T15:41:01","slug":"maxi-rodriguez-la-fiera-insaciable","status":"publish","type":"post","link":"https:\/\/www.manquepierda.com\/futbolandia\/maxi-rodriguez-la-fiera-insaciable\/","title":{"rendered":"Maxi Rodriguez; la fiera insaciable."},"content":{"rendered":"<figure id=\"attachment_4488\" aria-describedby=\"caption-attachment-4488\" style=\"width: 313px\" class=\"wp-caption alignright\"><a href=\"https:\/\/i0.wp.com\/www.manquepierda.com\/futbolandia\/files\/2014\/09\/64478_newells.jpg\"><img data-recalc-dims=\"1\" loading=\"lazy\" decoding=\"async\" data-attachment-id=\"4488\" data-permalink=\"https:\/\/www.manquepierda.com\/futbolandia\/maxi-rodriguez-la-fiera-insaciable\/64478_newells\/\" data-orig-file=\"https:\/\/i0.wp.com\/www.manquepierda.com\/futbolandia\/files\/2014\/09\/64478_newells.jpg?fit=544%2C293&amp;ssl=1\" data-orig-size=\"544,293\" data-comments-opened=\"1\" data-image-meta=\"{&quot;aperture&quot;:&quot;0&quot;,&quot;credit&quot;:&quot;&quot;,&quot;camera&quot;:&quot;&quot;,&quot;caption&quot;:&quot;&quot;,&quot;created_timestamp&quot;:&quot;0&quot;,&quot;copyright&quot;:&quot;&quot;,&quot;focal_length&quot;:&quot;0&quot;,&quot;iso&quot;:&quot;0&quot;,&quot;shutter_speed&quot;:&quot;0&quot;,&quot;title&quot;:&quot;&quot;}\" data-image-title=\"64478_newells\" data-image-description=\"\" data-image-caption=\"&lt;p&gt;Maxi en la celebraci\u00f3n de un gol. (Foto: www.sinmordaza.com)&lt;\/p&gt;\n\" data-large-file=\"https:\/\/i0.wp.com\/www.manquepierda.com\/futbolandia\/files\/2014\/09\/64478_newells.jpg?fit=544%2C293&amp;ssl=1\" class=\"wp-image-4488 \" src=\"https:\/\/i0.wp.com\/www.manquepierda.com\/futbolandia\/files\/2014\/09\/64478_newells.jpg?resize=313%2C173\" alt=\"Maxi en la celebraci\u00f3n de un gol. (Foto: www.sinmordaza.com)\" width=\"313\" height=\"173\" \/><\/a><figcaption id=\"caption-attachment-4488\" class=\"wp-caption-text\">Maxi en la celebraci\u00f3n de un gol. (Foto: www.sinmordaza.com)<\/figcaption><\/figure>\n<p>Se form\u00f3 en las filas de Newell\u2019s donde hoy juega de nuevo, Maxi Rodriguez (<span style=\"text-decoration: underline\">2<\/span>\u00a0de 1981<span style=\"text-decoration: underline\">,<\/span>Rosario, Santa Fe, Argentina.) lleg\u00f3 al Espanyol a cambio de 6 millones de euros en la temporada 2002-2003 equipo donde permaneci\u00f3 hasta la temporada 2004-05 anotando un total de 26 goles. Debut\u00f3 con el equipo <em>perico<\/em> un 2 de Noviembre ante todo un Real Madrid cayendo 2-0 en el marcador. Para la historia quedar\u00e1 ese hito hist\u00f3rico y personal, como es ser el autor del gol n\u00famero 2000 del club catal\u00e1n.<\/p>\n<p>Luego pas\u00f3 por el \u00a0Atl\u00e9tico de Madrid donde anot\u00f3 45 goles en 158 partidos. Fue durante un partido con la selecci\u00f3n argentina cuando enfrentaba a Espa\u00f1a cuando padeci\u00f3 la mayor lesi\u00f3n que ha tenido durante toda su carrera, que le tuvo apartado 6 meses de los terrenos de juego debido a una rotura de ligamento cruzado de su rodilla izquierda. Una lesi\u00f3n que \u00a0le fren\u00f3 su carrera futbol\u00edstica porque sin lugar a dudas es de esas que quedan marcadas para toda la vida. Pocos jugadores tras sufrir una lesi\u00f3n de esa magnitud tienen la capacidad de encontrar su mejor nivel. Sensaciones que se pierden.<\/p>\n<p>Sin embargo, ni por \u00e9stas, Maxi perdi\u00f3 las ganas de seguir triunfando por el f\u00fatbol europeo; as\u00ed pues m\u00e1s tarde lleg\u00f3 al Liverpool donde anotar\u00eda 17 goles y asistir\u00eda en 7 ocasiones con\u00a0el conjunto \u00bbreds\u00bb. Unas cifras un tanto pobres; si bien es cierto que en la \u00faltima temporada en el f\u00fatbol ingl\u00e9s apenas jug\u00f3 12 partidos.<\/p>\n<p>Maxi, con 55 partidos internaciones con la albiceleste, sumando 15 goles, es un <strong>mediocampista ofensivo<\/strong> que puede actuar en las tres zonas de la zona ofensiva, bien en el costado izquierdo, bien en el derecho. Aunque es de mediapunta donde mejor se desenvuelve. Su facilidad para hacer goles es asombrosa gracias a sus <strong>potentes disparos<\/strong> y a su gran olfato goleador para estar siempre en el momento oportuno y en el sitio correcto para definir la jugada.\u00a0 Es un desatascador de partidos.<\/p>\n<p><em>\u00bbL<\/em>a<em> fiera\u2019\u2019<\/em> se encuentra en el conjunto leproso de nuevo tras sus aventuras en el viejo continente. \u00c9sta temporada ya comenzada ser\u00e1 su tercera consecutiva en el equipo que dirige Gustavo Raggio. Y a sus 33 a\u00f1os lleva anotados 4 goles en 4 partidos disputados y con una media de un gol cada 78\u2019. Un bagaje bastante positivo.<\/p>\n<p>En Newells est\u00e1 cuajando un buen comienzo desde el costado derecho formando tripleta con el flamante fichaje Ignacio Scocco en la punta de ataque y junto a Mauricio T\u00e9vez por el flanco izquierdo. El hom\u00f3nimo del &#8216;Apache&#8217; que apenas con 17 a\u00f1os ya es titular en el conjunto rosarino y apunta a crack.<\/p>\n","protected":false},"excerpt":{"rendered":"<p>Se form\u00f3 en las filas de Newell\u2019s donde hoy juega de nuevo, Maxi Rodriguez (2\u00a0de 1981,Rosario, Santa Fe, Argentina.) lleg\u00f3 al Espanyol a cambio de 6 millones de euros en la temporada 2002-2003 equipo donde permaneci\u00f3 hasta la temporada 2004-05 anotando un total de 26 goles. Debut\u00f3 con el equipo perico un 2 de Noviembre&#8230;<\/p>\n","protected":false},"author":431,"featured_media":4492,"comment_status":"open","ping_status":"open","sticky":false,"template":"","format":"standard","meta":{"_kad_post_transparent":"","_kad_post_title":"","_kad_post_layout":"","_kad_post_sidebar_id":"","_kad_post_content_style":"","_kad_post_vertical_padding":"","_kad_post_feature":"","_kad_post_feature_position":"","_kad_post_header":false,"_kad_post_footer":false,"_kad_post_classname":"","_jetpack_memberships_contains_paid_content":false,"footnotes":"","jetpack_publicize_message":"","jetpack_publicize_feature_enabled":true,"jetpack_social_post_already_shared":true,"jetpack_social_options":{"image_generator_settings":{"template":"highway","default_image_id":0,"font":"","enabled":false},"version":2}},"categories":[1519,7,10],"tags":[1578,109,121,1576,1577,1319],"class_list":["post-4487","post","type-post","status-publish","format-standard","has-post-thumbnail","hentry","category-cruzando-charco","category-opinion","category-portada","tag-atleti","tag-espanyol","tag-liverpool","tag-maxi","tag-newells","tag-rodriguez"],"yoast_head":"<!-- This site is optimized with the Yoast SEO plugin v27.5 - https:\/\/yoast.com\/product\/yoast-seo-wordpress\/ -->\n<title>Maxi Rodriguez; la fiera insaciable. &#8211; Futbolandia<\/title>\n<meta name=\"robots\" content=\"index, follow, max-snippet:-1, max-image-preview:large, max-video-preview:-1\" \/>\n<link rel=\"canonical\" href=\"https:\/\/www.manquepierda.com\/futbolandia\/maxi-rodriguez-la-fiera-insaciable\/\" \/>\n<meta property=\"og:locale\" content=\"es_ES\" \/>\n<meta property=\"og:type\" content=\"article\" \/>\n<meta property=\"og:title\" content=\"Maxi Rodriguez; la fiera insaciable. &#8211; Futbolandia\" \/>\n<meta property=\"og:description\" content=\"Se form\u00f3 en las filas de Newell\u2019s donde hoy juega de nuevo, Maxi Rodriguez (2\u00a0de 1981,Rosario, Santa Fe, Argentina.) lleg\u00f3 al Espanyol a cambio de 6 millones de euros en la temporada 2002-2003 equipo donde permaneci\u00f3 hasta la temporada 2004-05 anotando un total de 26 goles. Debut\u00f3 con el equipo perico un 2 de Noviembre...\" \/>\n<meta property=\"og:url\" content=\"https:\/\/www.manquepierda.com\/futbolandia\/maxi-rodriguez-la-fiera-insaciable\/\" \/>\n<meta property=\"og:site_name\" content=\"Futbolandia\" \/>\n<meta property=\"article:published_time\" content=\"2014-09-03T13:58:44+00:00\" \/>\n<meta property=\"article:modified_time\" content=\"2014-09-03T15:41:01+00:00\" \/>\n<meta property=\"og:image\" content=\"https:\/\/i1.wp.com\/www.manquepierda.com\/futbolandia\/files\/2014\/09\/maxi8.jpg_88717827.jpg?fit=621%2C465&ssl=1\" \/>\n\t<meta property=\"og:image:width\" content=\"621\" \/>\n\t<meta property=\"og:image:height\" content=\"465\" \/>\n\t<meta property=\"og:image:type\" content=\"image\/jpeg\" \/>\n<meta name=\"author\" content=\"\u00c1lvaro Carmona\" \/>\n<meta name=\"twitter:label1\" content=\"Escrito por\" \/>\n\t<meta name=\"twitter:data1\" content=\"\u00c1lvaro Carmona\" \/>\n\t<meta name=\"twitter:label2\" content=\"Tiempo de lectura\" \/>\n\t<meta name=\"twitter:data2\" content=\"2 minutos\" \/>\n<script type=\"application\/ld+json\" class=\"yoast-schema-graph\">{\"@context\":\"https:\\\/\\\/schema.org\",\"@graph\":[{\"@type\":\"Article\",\"@id\":\"https:\\\/\\\/www.manquepierda.com\\\/futbolandia\\\/maxi-rodriguez-la-fiera-insaciable\\\/#article\",\"isPartOf\":{\"@id\":\"https:\\\/\\\/www.manquepierda.com\\\/futbolandia\\\/maxi-rodriguez-la-fiera-insaciable\\\/\"},\"author\":{\"name\":\"\u00c1lvaro Carmona\",\"@id\":\"https:\\\/\\\/www.manquepierda.com\\\/futbolandia\\\/#\\\/schema\\\/person\\\/478668c0ee61018918af1a99a079b7e4\"},\"headline\":\"Maxi Rodriguez; la fiera insaciable.\",\"datePublished\":\"2014-09-03T13:58:44+00:00\",\"dateModified\":\"2014-09-03T15:41:01+00:00\",\"mainEntityOfPage\":{\"@id\":\"https:\\\/\\\/www.manquepierda.com\\\/futbolandia\\\/maxi-rodriguez-la-fiera-insaciable\\\/\"},\"wordCount\":469,\"commentCount\":0,\"image\":{\"@id\":\"https:\\\/\\\/www.manquepierda.com\\\/futbolandia\\\/maxi-rodriguez-la-fiera-insaciable\\\/#primaryimage\"},\"thumbnailUrl\":\"https:\\\/\\\/i0.wp.com\\\/www.manquepierda.com\\\/futbolandia\\\/files\\\/2014\\\/09\\\/maxi8.jpg_88717827.jpg?fit=621%2C465&ssl=1\",\"keywords\":[\"atleti\",\"espanyol\",\"liverpool\",\"maxi\",\"newell's\",\"rodriguez\"],\"articleSection\":[\"Cruzando el charco - F\u00fatbol sudamericano y CONCACAF\",\"Opini\u00f3n\",\"Portada\"],\"inLanguage\":\"es\",\"potentialAction\":[{\"@type\":\"CommentAction\",\"name\":\"Comment\",\"target\":[\"https:\\\/\\\/www.manquepierda.com\\\/futbolandia\\\/maxi-rodriguez-la-fiera-insaciable\\\/#respond\"]}]},{\"@type\":\"WebPage\",\"@id\":\"https:\\\/\\\/www.manquepierda.com\\\/futbolandia\\\/maxi-rodriguez-la-fiera-insaciable\\\/\",\"url\":\"https:\\\/\\\/www.manquepierda.com\\\/futbolandia\\\/maxi-rodriguez-la-fiera-insaciable\\\/\",\"name\":\"Maxi Rodriguez; la fiera insaciable. &#8211; Futbolandia\",\"isPartOf\":{\"@id\":\"https:\\\/\\\/www.manquepierda.com\\\/futbolandia\\\/#website\"},\"primaryImageOfPage\":{\"@id\":\"https:\\\/\\\/www.manquepierda.com\\\/futbolandia\\\/maxi-rodriguez-la-fiera-insaciable\\\/#primaryimage\"},\"image\":{\"@id\":\"https:\\\/\\\/www.manquepierda.com\\\/futbolandia\\\/maxi-rodriguez-la-fiera-insaciable\\\/#primaryimage\"},\"thumbnailUrl\":\"https:\\\/\\\/i0.wp.com\\\/www.manquepierda.com\\\/futbolandia\\\/files\\\/2014\\\/09\\\/maxi8.jpg_88717827.jpg?fit=621%2C465&ssl=1\",\"datePublished\":\"2014-09-03T13:58:44+00:00\",\"dateModified\":\"2014-09-03T15:41:01+00:00\",\"author\":{\"@id\":\"https:\\\/\\\/www.manquepierda.com\\\/futbolandia\\\/#\\\/schema\\\/person\\\/478668c0ee61018918af1a99a079b7e4\"},\"breadcrumb\":{\"@id\":\"https:\\\/\\\/www.manquepierda.com\\\/futbolandia\\\/maxi-rodriguez-la-fiera-insaciable\\\/#breadcrumb\"},\"inLanguage\":\"es\",\"potentialAction\":[{\"@type\":\"ReadAction\",\"target\":[\"https:\\\/\\\/www.manquepierda.com\\\/futbolandia\\\/maxi-rodriguez-la-fiera-insaciable\\\/\"]}]},{\"@type\":\"ImageObject\",\"inLanguage\":\"es\",\"@id\":\"https:\\\/\\\/www.manquepierda.com\\\/futbolandia\\\/maxi-rodriguez-la-fiera-insaciable\\\/#primaryimage\",\"url\":\"https:\\\/\\\/i0.wp.com\\\/www.manquepierda.com\\\/futbolandia\\\/files\\\/2014\\\/09\\\/maxi8.jpg_88717827.jpg?fit=621%2C465&ssl=1\",\"contentUrl\":\"https:\\\/\\\/i0.wp.com\\\/www.manquepierda.com\\\/futbolandia\\\/files\\\/2014\\\/09\\\/maxi8.jpg_88717827.jpg?fit=621%2C465&ssl=1\",\"width\":621,\"height\":465,\"caption\":\"''La fiera Rodriguez''. Foto: La Capital.\"},{\"@type\":\"BreadcrumbList\",\"@id\":\"https:\\\/\\\/www.manquepierda.com\\\/futbolandia\\\/maxi-rodriguez-la-fiera-insaciable\\\/#breadcrumb\",\"itemListElement\":[{\"@type\":\"ListItem\",\"position\":1,\"name\":\"Portada\",\"item\":\"https:\\\/\\\/www.manquepierda.com\\\/futbolandia\\\/\"},{\"@type\":\"ListItem\",\"position\":2,\"name\":\"Maxi Rodriguez; la fiera insaciable.\"}]},{\"@type\":\"WebSite\",\"@id\":\"https:\\\/\\\/www.manquepierda.com\\\/futbolandia\\\/#website\",\"url\":\"https:\\\/\\\/www.manquepierda.com\\\/futbolandia\\\/\",\"name\":\"Futbolandia\",\"description\":\"Reportajes e informaci\u00f3n sobre f\u00fatbol mundial y j\u00f3venes promesas\",\"potentialAction\":[{\"@type\":\"SearchAction\",\"target\":{\"@type\":\"EntryPoint\",\"urlTemplate\":\"https:\\\/\\\/www.manquepierda.com\\\/futbolandia\\\/?s={search_term_string}\"},\"query-input\":{\"@type\":\"PropertyValueSpecification\",\"valueRequired\":true,\"valueName\":\"search_term_string\"}}],\"inLanguage\":\"es\"},{\"@type\":\"Person\",\"@id\":\"https:\\\/\\\/www.manquepierda.com\\\/futbolandia\\\/#\\\/schema\\\/person\\\/478668c0ee61018918af1a99a079b7e4\",\"name\":\"\u00c1lvaro Carmona\",\"image\":{\"@type\":\"ImageObject\",\"inLanguage\":\"es\",\"@id\":\"https:\\\/\\\/secure.gravatar.com\\\/avatar\\\/2470a0c442f1df3f66bb7954a782875d0d96b50dbe33917d568238cc881b9c7b?s=96&d=mm&r=g\",\"url\":\"https:\\\/\\\/secure.gravatar.com\\\/avatar\\\/2470a0c442f1df3f66bb7954a782875d0d96b50dbe33917d568238cc881b9c7b?s=96&d=mm&r=g\",\"contentUrl\":\"https:\\\/\\\/secure.gravatar.com\\\/avatar\\\/2470a0c442f1df3f66bb7954a782875d0d96b50dbe33917d568238cc881b9c7b?s=96&d=mm&r=g\",\"caption\":\"\u00c1lvaro Carmona\"},\"description\":\"Apasionado del f\u00fatbol internacional, en especial de la liga argentina y de sus m\u00e1s j\u00f3venes promesas, que no son pocas. Entusiasmado del f\u00fatbol t\u00e1ctico; el sistema 5-3-2 no me parece defensivo, sino el m\u00e1s completo. Puedes seguirme en Twitter en @carmonadebarril para debatir sobre todo tipo de f\u00fatbol. B\u00e9tico.\",\"sameAs\":[\"http:\\\/\\\/twitter.com\\\/carmonadebarril\"],\"url\":\"https:\\\/\\\/www.manquepierda.com\\\/futbolandia\\\/author\\\/carmonadebarril\\\/\"}]}<\/script>\n<!-- \/ Yoast SEO plugin. -->","yoast_head_json":{"title":"Maxi Rodriguez; la fiera insaciable. &#8211; Futbolandia","robots":{"index":"index","follow":"follow","max-snippet":"max-snippet:-1","max-image-preview":"max-image-preview:large","max-video-preview":"max-video-preview:-1"},"canonical":"https:\/\/www.manquepierda.com\/futbolandia\/maxi-rodriguez-la-fiera-insaciable\/","og_locale":"es_ES","og_type":"article","og_title":"Maxi Rodriguez; la fiera insaciable. &#8211; Futbolandia","og_description":"Se form\u00f3 en las filas de Newell\u2019s donde hoy juega de nuevo, Maxi Rodriguez (2\u00a0de 1981,Rosario, Santa Fe, Argentina.) lleg\u00f3 al Espanyol a cambio de 6 millones de euros en la temporada 2002-2003 equipo donde permaneci\u00f3 hasta la temporada 2004-05 anotando un total de 26 goles. Debut\u00f3 con el equipo perico un 2 de Noviembre...","og_url":"https:\/\/www.manquepierda.com\/futbolandia\/maxi-rodriguez-la-fiera-insaciable\/","og_site_name":"Futbolandia","article_published_time":"2014-09-03T13:58:44+00:00","article_modified_time":"2014-09-03T15:41:01+00:00","og_image":[{"width":621,"height":465,"url":"https:\/\/i1.wp.com\/www.manquepierda.com\/futbolandia\/files\/2014\/09\/maxi8.jpg_88717827.jpg?fit=621%2C465&ssl=1","type":"image\/jpeg"}],"author":"\u00c1lvaro Carmona","twitter_misc":{"Escrito por":"\u00c1lvaro Carmona","Tiempo de lectura":"2 minutos"},"schema":{"@context":"https:\/\/schema.org","@graph":[{"@type":"Article","@id":"https:\/\/www.manquepierda.com\/futbolandia\/maxi-rodriguez-la-fiera-insaciable\/#article","isPartOf":{"@id":"https:\/\/www.manquepierda.com\/futbolandia\/maxi-rodriguez-la-fiera-insaciable\/"},"author":{"name":"\u00c1lvaro Carmona","@id":"https:\/\/www.manquepierda.com\/futbolandia\/#\/schema\/person\/478668c0ee61018918af1a99a079b7e4"},"headline":"Maxi Rodriguez; la fiera insaciable.","datePublished":"2014-09-03T13:58:44+00:00","dateModified":"2014-09-03T15:41:01+00:00","mainEntityOfPage":{"@id":"https:\/\/www.manquepierda.com\/futbolandia\/maxi-rodriguez-la-fiera-insaciable\/"},"wordCount":469,"commentCount":0,"image":{"@id":"https:\/\/www.manquepierda.com\/futbolandia\/maxi-rodriguez-la-fiera-insaciable\/#primaryimage"},"thumbnailUrl":"https:\/\/i0.wp.com\/www.manquepierda.com\/futbolandia\/files\/2014\/09\/maxi8.jpg_88717827.jpg?fit=621%2C465&ssl=1","keywords":["atleti","espanyol","liverpool","maxi","newell's","rodriguez"],"articleSection":["Cruzando el charco - F\u00fatbol sudamericano y CONCACAF","Opini\u00f3n","Portada"],"inLanguage":"es","potentialAction":[{"@type":"CommentAction","name":"Comment","target":["https:\/\/www.manquepierda.com\/futbolandia\/maxi-rodriguez-la-fiera-insaciable\/#respond"]}]},{"@type":"WebPage","@id":"https:\/\/www.manquepierda.com\/futbolandia\/maxi-rodriguez-la-fiera-insaciable\/","url":"https:\/\/www.manquepierda.com\/futbolandia\/maxi-rodriguez-la-fiera-insaciable\/","name":"Maxi Rodriguez; la fiera insaciable. &#8211; Futbolandia","isPartOf":{"@id":"https:\/\/www.manquepierda.com\/futbolandia\/#website"},"primaryImageOfPage":{"@id":"https:\/\/www.manquepierda.com\/futbolandia\/maxi-rodriguez-la-fiera-insaciable\/#primaryimage"},"image":{"@id":"https:\/\/www.manquepierda.com\/futbolandia\/maxi-rodriguez-la-fiera-insaciable\/#primaryimage"},"thumbnailUrl":"https:\/\/i0.wp.com\/www.manquepierda.com\/futbolandia\/files\/2014\/09\/maxi8.jpg_88717827.jpg?fit=621%2C465&ssl=1","datePublished":"2014-09-03T13:58:44+00:00","dateModified":"2014-09-03T15:41:01+00:00","author":{"@id":"https:\/\/www.manquepierda.com\/futbolandia\/#\/schema\/person\/478668c0ee61018918af1a99a079b7e4"},"breadcrumb":{"@id":"https:\/\/www.manquepierda.com\/futbolandia\/maxi-rodriguez-la-fiera-insaciable\/#breadcrumb"},"inLanguage":"es","potentialAction":[{"@type":"ReadAction","target":["https:\/\/www.manquepierda.com\/futbolandia\/maxi-rodriguez-la-fiera-insaciable\/"]}]},{"@type":"ImageObject","inLanguage":"es","@id":"https:\/\/www.manquepierda.com\/futbolandia\/maxi-rodriguez-la-fiera-insaciable\/#primaryimage","url":"https:\/\/i0.wp.com\/www.manquepierda.com\/futbolandia\/files\/2014\/09\/maxi8.jpg_88717827.jpg?fit=621%2C465&ssl=1","contentUrl":"https:\/\/i0.wp.com\/www.manquepierda.com\/futbolandia\/files\/2014\/09\/maxi8.jpg_88717827.jpg?fit=621%2C465&ssl=1","width":621,"height":465,"caption":"''La fiera Rodriguez''. Foto: La Capital."},{"@type":"BreadcrumbList","@id":"https:\/\/www.manquepierda.com\/futbolandia\/maxi-rodriguez-la-fiera-insaciable\/#breadcrumb","itemListElement":[{"@type":"ListItem","position":1,"name":"Portada","item":"https:\/\/www.manquepierda.com\/futbolandia\/"},{"@type":"ListItem","position":2,"name":"Maxi Rodriguez; la fiera insaciable."}]},{"@type":"WebSite","@id":"https:\/\/www.manquepierda.com\/futbolandia\/#website","url":"https:\/\/www.manquepierda.com\/futbolandia\/","name":"Futbolandia","description":"Reportajes e informaci\u00f3n sobre f\u00fatbol mundial y j\u00f3venes promesas","potentialAction":[{"@type":"SearchAction","target":{"@type":"EntryPoint","urlTemplate":"https:\/\/www.manquepierda.com\/futbolandia\/?s={search_term_string}"},"query-input":{"@type":"PropertyValueSpecification","valueRequired":true,"valueName":"search_term_string"}}],"inLanguage":"es"},{"@type":"Person","@id":"https:\/\/www.manquepierda.com\/futbolandia\/#\/schema\/person\/478668c0ee61018918af1a99a079b7e4","name":"\u00c1lvaro Carmona","image":{"@type":"ImageObject","inLanguage":"es","@id":"https:\/\/secure.gravatar.com\/avatar\/2470a0c442f1df3f66bb7954a782875d0d96b50dbe33917d568238cc881b9c7b?s=96&d=mm&r=g","url":"https:\/\/secure.gravatar.com\/avatar\/2470a0c442f1df3f66bb7954a782875d0d96b50dbe33917d568238cc881b9c7b?s=96&d=mm&r=g","contentUrl":"https:\/\/secure.gravatar.com\/avatar\/2470a0c442f1df3f66bb7954a782875d0d96b50dbe33917d568238cc881b9c7b?s=96&d=mm&r=g","caption":"\u00c1lvaro Carmona"},"description":"Apasionado del f\u00fatbol internacional, en especial de la liga argentina y de sus m\u00e1s j\u00f3venes promesas, que no son pocas. Entusiasmado del f\u00fatbol t\u00e1ctico; el sistema 5-3-2 no me parece defensivo, sino el m\u00e1s completo. Puedes seguirme en Twitter en @carmonadebarril para debatir sobre todo tipo de f\u00fatbol. B\u00e9tico.","sameAs":["http:\/\/twitter.com\/carmonadebarril"],"url":"https:\/\/www.manquepierda.com\/futbolandia\/author\/carmonadebarril\/"}]}},"jetpack_publicize_connections":[],"jetpack_featured_media_url":"https:\/\/i0.wp.com\/www.manquepierda.com\/futbolandia\/files\/2014\/09\/maxi8.jpg_88717827.jpg?fit=621%2C465&ssl=1","jetpack_shortlink":"https:\/\/wp.me\/p1THIg-1an","jetpack_sharing_enabled":true,"_links":{"self":[{"href":"https:\/\/www.manquepierda.com\/futbolandia\/wp-json\/wp\/v2\/posts\/4487","targetHints":{"allow":["GET"]}}],"collection":[{"href":"https:\/\/www.manquepierda.com\/futbolandia\/wp-json\/wp\/v2\/posts"}],"about":[{"href":"https:\/\/www.manquepierda.com\/futbolandia\/wp-json\/wp\/v2\/types\/post"}],"author":[{"embeddable":true,"href":"https:\/\/www.manquepierda.com\/futbolandia\/wp-json\/wp\/v2\/users\/431"}],"replies":[{"embeddable":true,"href":"https:\/\/www.manquepierda.com\/futbolandia\/wp-json\/wp\/v2\/comments?post=4487"}],"version-history":[{"count":0,"href":"https:\/\/www.manquepierda.com\/futbolandia\/wp-json\/wp\/v2\/posts\/4487\/revisions"}],"wp:featuredmedia":[{"embeddable":true,"href":"https:\/\/www.manquepierda.com\/futbolandia\/wp-json\/wp\/v2\/media\/4492"}],"wp:attachment":[{"href":"https:\/\/www.manquepierda.com\/futbolandia\/wp-json\/wp\/v2\/media?parent=4487"}],"wp:term":[{"taxonomy":"category","embeddable":true,"href":"https:\/\/www.manquepierda.com\/futbolandia\/wp-json\/wp\/v2\/categories?post=4487"},{"taxonomy":"post_tag","embeddable":true,"href":"https:\/\/www.manquepierda.com\/futbolandia\/wp-json\/wp\/v2\/tags?post=4487"}],"curies":[{"name":"wp","href":"https:\/\/api.w.org\/{rel}","templated":true}]}}