{"id":4491,"date":"2014-09-04T11:00:46","date_gmt":"2014-09-04T09:00:46","guid":{"rendered":"http:\/\/www.manquepierda.com\/futbolandia\/?p=4491"},"modified":"2014-09-03T18:11:35","modified_gmt":"2014-09-03T16:11:35","slug":"el-shaarawy-la-esperanza-rossonera","status":"publish","type":"post","link":"https:\/\/www.manquepierda.com\/futbolandia\/el-shaarawy-la-esperanza-rossonera\/","title":{"rendered":"El Shaarawy, la esperanza rossonera"},"content":{"rendered":"<figure id=\"attachment_4505\" aria-describedby=\"caption-attachment-4505\" style=\"width: 442px\" class=\"wp-caption alignleft\"><a href=\"https:\/\/i0.wp.com\/www.manquepierda.com\/futbolandia\/files\/2014\/09\/el_shaarawy.jpg\"><img data-recalc-dims=\"1\" loading=\"lazy\" decoding=\"async\" data-attachment-id=\"4505\" data-permalink=\"https:\/\/www.manquepierda.com\/futbolandia\/el-shaarawy-la-esperanza-rossonera\/el_shaarawy\/\" data-orig-file=\"https:\/\/i0.wp.com\/www.manquepierda.com\/futbolandia\/files\/2014\/09\/el_shaarawy.jpg?fit=2838%2C1892&amp;ssl=1\" data-orig-size=\"2838,1892\" data-comments-opened=\"1\" data-image-meta=\"{&quot;aperture&quot;:&quot;0&quot;,&quot;credit&quot;:&quot;&quot;,&quot;camera&quot;:&quot;&quot;,&quot;caption&quot;:&quot;&quot;,&quot;created_timestamp&quot;:&quot;0&quot;,&quot;copyright&quot;:&quot;&quot;,&quot;focal_length&quot;:&quot;0&quot;,&quot;iso&quot;:&quot;0&quot;,&quot;shutter_speed&quot;:&quot;0&quot;,&quot;title&quot;:&quot;&quot;}\" data-image-title=\"el_shaarawy\" data-image-description=\"\" data-image-caption=\"&lt;p&gt;Stephan El Shaarawy en un partido con el AC Milan&lt;br \/&gt;\nFoto: defensacentral.com&lt;\/p&gt;\n\" data-large-file=\"https:\/\/i0.wp.com\/www.manquepierda.com\/futbolandia\/files\/2014\/09\/el_shaarawy.jpg?fit=1024%2C682&amp;ssl=1\" class=\"wp-image-4505 \" src=\"https:\/\/i0.wp.com\/www.manquepierda.com\/futbolandia\/files\/2014\/09\/el_shaarawy.jpg?resize=442%2C294\" alt=\"Stephan El Shaarawy en un partido con el AC Milan Foto: defensacentral.com\" width=\"442\" height=\"294\" srcset=\"https:\/\/i0.wp.com\/www.manquepierda.com\/futbolandia\/files\/2014\/09\/el_shaarawy.jpg?resize=1024%2C682&amp;ssl=1 1024w, https:\/\/i0.wp.com\/www.manquepierda.com\/futbolandia\/files\/2014\/09\/el_shaarawy.jpg?resize=300%2C200&amp;ssl=1 300w, https:\/\/i0.wp.com\/www.manquepierda.com\/futbolandia\/files\/2014\/09\/el_shaarawy.jpg?w=2580 2580w\" sizes=\"auto, (max-width: 442px) 100vw, 442px\" \/><\/a><figcaption id=\"caption-attachment-4505\" class=\"wp-caption-text\">Stephan El Shaarawy en un partido con el AC Milan<br \/> Foto: defensacentral.com<\/figcaption><\/figure>\n<p>Hace muy poco, el pasado fin de semana, comenz\u00f3 el Calcio, <strong>comenz\u00f3 una nueva temporada en la Serie A italiana y tras un largo verano con Mundial de por medio, parece que la vida sigue igual.<\/strong> La Juventus, ya sin Conte, sigue venciendo incluso fuera de casa y la Roma volvi\u00f3 a asumir el papel de alternativa con su dif\u00edcil victoria ante la Fiorentina. Tambi\u00e9n el N\u00e1poles de Ben\u00edtez comenz\u00f3 con buen pie e Inter y Torino empataron demostrando que son dos equipos muy s\u00f3lidos este a\u00f1o y que dar\u00e1n mucha guerra.<\/p>\n<p>No obstante, si hubo un partido destacado en esta primera jornada de liga, ese es el AC Milan vs Lazio, y lo fue por varios motivos. El primero por la entidad de ambos conjuntos, llamados a pelear siempre, como m\u00ednimo, por Europa, aunque ninguno de los dos consigui\u00f3 tal objetivo la pasada temporada. Y el segundo, por comprobar si, precisamente, iban a cambiar la din\u00e1mica del pasado a\u00f1o y volver a donde ambos deben estar. <strong>Y es que el Milan ya lleva algunos a\u00f1os venido a menos. Muchos lo catalogan de forma burlona como un \u00abcementerio de elefantes\u00bb<\/strong> pues durante las \u00faltimas temporadas desde hace ya muchos a\u00f1os, ha ido fichando jugadores que pasaban la treintena y cuyos equipos, de primer nivel, hab\u00edan dejado de considerarlos v\u00e1lidos. Todos ellos muy grandes, como Ronaldo, Ronaldinho, Yepes o Robinho, que han dado cierto rendimiento debido a su gran calidad pero, siguiendo una \u00abextra\u00f1a\u00bb pol\u00edtica de fichajes que no han permitido al equipo alcanzar su mejor nivel siendo un grande de Europa.<\/p>\n<p>No vamos a decir que todo eso est\u00e1 olvidado, sin ir m\u00e1s lejos,<strong> su \u00faltimo fichaje ha sido el del delantero espa\u00f1ol Fernando Torres, despu\u00e9s de que este fuese muy criticado en Londres por la afici\u00f3n del Chelsea<\/strong> y que su f\u00fatbol no enamorase precisamente a Mourinho. Pippo Inzaghi buscar\u00e1 resucitar el f\u00fatbol de \u00abEl ni\u00f1o\u00bb como ya ha declarado en rueda de prensa, y veremos como le sale la apuesta. Pero este Milan tiene algo diferente. Ha combinado la experiencia de jugadores como Alex, que lleg\u00f3 del PSG, Diego L\u00f3pez tras su temporada como titular en el Real Madrid, Nigel de Jong, que a sus 29 a\u00f1os ya arrastra una descomunal experiencia a nivel internacional, Mexes, Bonera, Essien o Pazzini, con el oficio de jugadores que ya llevan tiempo rindiendo en Milan, como es el caso de Abate, Zapata, Montolivo, aunque est\u00e1 lesionado en este momento, Muntari, Andrea Poli o el japon\u00e9s Keisuke Honda, m\u00e1s ahora, los fichajes de Menez y Armero.<\/p>\n<p><strong>Sin embargo, este a\u00f1o se est\u00e1n haciendo cosas diferentes en Mil\u00e1n, y es que algunos de los alicientes m\u00e1s atractivos de la nueva escuadra rossonera son precisamente los j\u00f3venes<\/strong>. Comenzando por De Sciglio, prometedor lateral derecho, que si bien tiene dif\u00edcil ganarle el puesto a Abate apuntan cosas muy buenas de \u00e9l desde Italia. Tambi\u00e9n el holand\u00e9s Marco Van Ginkel, al que hay muchas ganas de ver en Italia despu\u00e9s de que fuese cedido por el Chelsea. Saponara, un especialista en buscar ese \u00faltimo pase que deje en vanetaja al compa\u00f1ero o tambi\u00e9n Hachim Mastour, <a href=\"http:\/\/www.manquepierda.com\/futbolandia\/de-la-guarderia-al-balon-de-oro\/\" target=\"_blank\">del que ya os hablamos<\/a>, que ha hecho una fant\u00e1stica pretemporada con tan solo 16 a\u00f1os y estuvo en el banquillo frente al Lazio, aunque hay que tener paciencia con \u00e9l. Pero sobre todo hay un futbolista, que no juega por primer a\u00f1o en el primer equipo del Milan pero que si es la gran esperanza de los tifosi rossoneri, y no es otro que Stephan El Shaarawy.<\/p>\n<p><strong>Y aqu\u00ed vamos a parar, porque el partido de El Shaarawy el fin de semana fue sensacional. Sabe que debe coger galones tras la marcha de Balotelli al Liverpool y lo ha hecho con una madurez incontestable.<\/strong> Todo lo que hizo, lo hizo bien. Desde la presi\u00f3n y los numerosos desmarques hasta las decisiones con bal\u00f3n. Y con solo 21 a\u00f1os. Lo cierto es que Inzaghi propuso jugar con tres hombres arriba, El Shaarawy, Menez y Honda, con libertad para moverse por toda la zona de ataque, sin ning\u00fan punta que fijase a los centrales. Mientras que Honda aguantaba m\u00e1s el bal\u00f3n buscando combinar, casi siempre desde la derecha, El Shaarawy iba de una banda a otra, aunque con m\u00e1s protagonismo en la izquierda.<\/p>\n<p>El primer gol del Milan es una carrera del joven extremo italiano que termina con un magistral pase con el exterior para que Honda haga el primero. La movilidad de los puntas y sobre todo de El Shaarawy fue letal para el Lazio, y eso que su lateral derecho, Dusan Basta fue uno de los mejores en el partido. Dio una asistencia de lujo a Niang a la que el joven delantero no lleg\u00f3 por centimetros y <strong>estuvo a punto de culminar su gran partido en los \u00faltimos minutos con una jugada en la que dej\u00f3 atr\u00e1s hasta a tres jugadores rivales.<\/strong><\/p>\n<p>Es su momento, ya no es un novato en la categor\u00eda y su talento es descomunal. Si las lesiones lo respetan ser\u00e1 una de las figuras m\u00e1s deslumbrantes de este Milan de Inzagui. Un Milan que pretende alcanzar la gloria de anta\u00f1o, no ser\u00e1 f\u00e1cil pero con jugadores como El Shaarawy, quien sabe.<\/p>\n","protected":false},"excerpt":{"rendered":"<p>Hace muy poco, el pasado fin de semana, comenz\u00f3 el Calcio, comenz\u00f3 una nueva temporada en la Serie A italiana y tras un largo verano con Mundial de por medio, parece que la vida sigue igual. La Juventus, ya sin Conte, sigue venciendo incluso fuera de casa y la Roma volvi\u00f3 a asumir el papel&#8230;<\/p>\n","protected":false},"author":93,"featured_media":4505,"comment_status":"open","ping_status":"open","sticky":false,"template":"","format":"standard","meta":{"_kad_post_transparent":"","_kad_post_title":"","_kad_post_layout":"","_kad_post_sidebar_id":"","_kad_post_content_style":"","_kad_post_vertical_padding":"","_kad_post_feature":"","_kad_post_feature_position":"","_kad_post_header":false,"_kad_post_footer":false,"_kad_post_classname":"","_jetpack_memberships_contains_paid_content":false,"footnotes":"","jetpack_publicize_message":"","jetpack_publicize_feature_enabled":true,"jetpack_social_post_already_shared":true,"jetpack_social_options":{"image_generator_settings":{"template":"highway","default_image_id":0,"font":"","enabled":false},"version":2}},"categories":[4,10,1370],"tags":[132,1584,1585,651,1163,134,1586,131],"class_list":["post-4491","post","type-post","status-publish","format-standard","has-post-thumbnail","hentry","category-jovenes-valores","category-portada","category-serie-a-futbol-italiano","tag-calcio","tag-el-shaarawy","tag-inzaghi","tag-italia","tag-lazio","tag-milan","tag-rossonero","tag-serie-a"],"yoast_head":"<!-- This site is optimized with the Yoast SEO plugin v27.5 - https:\/\/yoast.com\/product\/yoast-seo-wordpress\/ -->\n<title>El Shaarawy, la esperanza rossonera &#8211; Futbolandia<\/title>\n<meta name=\"robots\" content=\"index, follow, max-snippet:-1, max-image-preview:large, max-video-preview:-1\" \/>\n<link rel=\"canonical\" href=\"https:\/\/www.manquepierda.com\/futbolandia\/el-shaarawy-la-esperanza-rossonera\/\" \/>\n<meta property=\"og:locale\" content=\"es_ES\" \/>\n<meta property=\"og:type\" content=\"article\" \/>\n<meta property=\"og:title\" content=\"El Shaarawy, la esperanza rossonera &#8211; Futbolandia\" \/>\n<meta property=\"og:description\" content=\"Hace muy poco, el pasado fin de semana, comenz\u00f3 el Calcio, comenz\u00f3 una nueva temporada en la Serie A italiana y tras un largo verano con Mundial de por medio, parece que la vida sigue igual. La Juventus, ya sin Conte, sigue venciendo incluso fuera de casa y la Roma volvi\u00f3 a asumir el papel...\" \/>\n<meta property=\"og:url\" content=\"https:\/\/www.manquepierda.com\/futbolandia\/el-shaarawy-la-esperanza-rossonera\/\" \/>\n<meta property=\"og:site_name\" content=\"Futbolandia\" \/>\n<meta property=\"article:published_time\" content=\"2014-09-04T09:00:46+00:00\" \/>\n<meta property=\"og:image\" content=\"https:\/\/i2.wp.com\/www.manquepierda.com\/futbolandia\/files\/2014\/09\/el_shaarawy.jpg?fit=2838%2C1892&ssl=1\" \/>\n\t<meta property=\"og:image:width\" content=\"2838\" \/>\n\t<meta property=\"og:image:height\" content=\"1892\" \/>\n\t<meta property=\"og:image:type\" content=\"image\/jpeg\" \/>\n<meta name=\"author\" content=\"Jorge M. Gonz\u00e1lez\" \/>\n<meta name=\"twitter:label1\" content=\"Escrito por\" \/>\n\t<meta name=\"twitter:data1\" content=\"Jorge M. Gonz\u00e1lez\" \/>\n\t<meta name=\"twitter:label2\" content=\"Tiempo de lectura\" \/>\n\t<meta name=\"twitter:data2\" content=\"5 minutos\" \/>\n<script type=\"application\/ld+json\" class=\"yoast-schema-graph\">{\"@context\":\"https:\\\/\\\/schema.org\",\"@graph\":[{\"@type\":\"Article\",\"@id\":\"https:\\\/\\\/www.manquepierda.com\\\/futbolandia\\\/el-shaarawy-la-esperanza-rossonera\\\/#article\",\"isPartOf\":{\"@id\":\"https:\\\/\\\/www.manquepierda.com\\\/futbolandia\\\/el-shaarawy-la-esperanza-rossonera\\\/\"},\"author\":{\"name\":\"Jorge M. Gonz\u00e1lez\",\"@id\":\"https:\\\/\\\/www.manquepierda.com\\\/futbolandia\\\/#\\\/schema\\\/person\\\/fdb4eabc3c2e0e717a790a4ce10cd2b3\"},\"headline\":\"El Shaarawy, la esperanza rossonera\",\"datePublished\":\"2014-09-04T09:00:46+00:00\",\"mainEntityOfPage\":{\"@id\":\"https:\\\/\\\/www.manquepierda.com\\\/futbolandia\\\/el-shaarawy-la-esperanza-rossonera\\\/\"},\"wordCount\":941,\"commentCount\":0,\"image\":{\"@id\":\"https:\\\/\\\/www.manquepierda.com\\\/futbolandia\\\/el-shaarawy-la-esperanza-rossonera\\\/#primaryimage\"},\"thumbnailUrl\":\"https:\\\/\\\/i0.wp.com\\\/www.manquepierda.com\\\/futbolandia\\\/files\\\/2014\\\/09\\\/el_shaarawy.jpg?fit=2838%2C1892&ssl=1\",\"keywords\":[\"calcio\",\"el shaarawy\",\"Inzaghi\",\"italia\",\"Lazio\",\"milan\",\"rossonero\",\"Serie A\"],\"articleSection\":[\"J\u00f3venes Valores\",\"Portada\",\"Serie A - F\u00fatbol Italiano\"],\"inLanguage\":\"es\",\"potentialAction\":[{\"@type\":\"CommentAction\",\"name\":\"Comment\",\"target\":[\"https:\\\/\\\/www.manquepierda.com\\\/futbolandia\\\/el-shaarawy-la-esperanza-rossonera\\\/#respond\"]}]},{\"@type\":\"WebPage\",\"@id\":\"https:\\\/\\\/www.manquepierda.com\\\/futbolandia\\\/el-shaarawy-la-esperanza-rossonera\\\/\",\"url\":\"https:\\\/\\\/www.manquepierda.com\\\/futbolandia\\\/el-shaarawy-la-esperanza-rossonera\\\/\",\"name\":\"El Shaarawy, la esperanza rossonera &#8211; Futbolandia\",\"isPartOf\":{\"@id\":\"https:\\\/\\\/www.manquepierda.com\\\/futbolandia\\\/#website\"},\"primaryImageOfPage\":{\"@id\":\"https:\\\/\\\/www.manquepierda.com\\\/futbolandia\\\/el-shaarawy-la-esperanza-rossonera\\\/#primaryimage\"},\"image\":{\"@id\":\"https:\\\/\\\/www.manquepierda.com\\\/futbolandia\\\/el-shaarawy-la-esperanza-rossonera\\\/#primaryimage\"},\"thumbnailUrl\":\"https:\\\/\\\/i0.wp.com\\\/www.manquepierda.com\\\/futbolandia\\\/files\\\/2014\\\/09\\\/el_shaarawy.jpg?fit=2838%2C1892&ssl=1\",\"datePublished\":\"2014-09-04T09:00:46+00:00\",\"author\":{\"@id\":\"https:\\\/\\\/www.manquepierda.com\\\/futbolandia\\\/#\\\/schema\\\/person\\\/fdb4eabc3c2e0e717a790a4ce10cd2b3\"},\"breadcrumb\":{\"@id\":\"https:\\\/\\\/www.manquepierda.com\\\/futbolandia\\\/el-shaarawy-la-esperanza-rossonera\\\/#breadcrumb\"},\"inLanguage\":\"es\",\"potentialAction\":[{\"@type\":\"ReadAction\",\"target\":[\"https:\\\/\\\/www.manquepierda.com\\\/futbolandia\\\/el-shaarawy-la-esperanza-rossonera\\\/\"]}]},{\"@type\":\"ImageObject\",\"inLanguage\":\"es\",\"@id\":\"https:\\\/\\\/www.manquepierda.com\\\/futbolandia\\\/el-shaarawy-la-esperanza-rossonera\\\/#primaryimage\",\"url\":\"https:\\\/\\\/i0.wp.com\\\/www.manquepierda.com\\\/futbolandia\\\/files\\\/2014\\\/09\\\/el_shaarawy.jpg?fit=2838%2C1892&ssl=1\",\"contentUrl\":\"https:\\\/\\\/i0.wp.com\\\/www.manquepierda.com\\\/futbolandia\\\/files\\\/2014\\\/09\\\/el_shaarawy.jpg?fit=2838%2C1892&ssl=1\",\"width\":2838,\"height\":1892,\"caption\":\"Stephan El Shaarawy en un partido con el AC Milan Foto: defensacentral.com\"},{\"@type\":\"BreadcrumbList\",\"@id\":\"https:\\\/\\\/www.manquepierda.com\\\/futbolandia\\\/el-shaarawy-la-esperanza-rossonera\\\/#breadcrumb\",\"itemListElement\":[{\"@type\":\"ListItem\",\"position\":1,\"name\":\"Portada\",\"item\":\"https:\\\/\\\/www.manquepierda.com\\\/futbolandia\\\/\"},{\"@type\":\"ListItem\",\"position\":2,\"name\":\"El Shaarawy, la esperanza rossonera\"}]},{\"@type\":\"WebSite\",\"@id\":\"https:\\\/\\\/www.manquepierda.com\\\/futbolandia\\\/#website\",\"url\":\"https:\\\/\\\/www.manquepierda.com\\\/futbolandia\\\/\",\"name\":\"Futbolandia\",\"description\":\"Reportajes e informaci\u00f3n sobre f\u00fatbol mundial y j\u00f3venes promesas\",\"potentialAction\":[{\"@type\":\"SearchAction\",\"target\":{\"@type\":\"EntryPoint\",\"urlTemplate\":\"https:\\\/\\\/www.manquepierda.com\\\/futbolandia\\\/?s={search_term_string}\"},\"query-input\":{\"@type\":\"PropertyValueSpecification\",\"valueRequired\":true,\"valueName\":\"search_term_string\"}}],\"inLanguage\":\"es\"},{\"@type\":\"Person\",\"@id\":\"https:\\\/\\\/www.manquepierda.com\\\/futbolandia\\\/#\\\/schema\\\/person\\\/fdb4eabc3c2e0e717a790a4ce10cd2b3\",\"name\":\"Jorge M. Gonz\u00e1lez\",\"image\":{\"@type\":\"ImageObject\",\"inLanguage\":\"es\",\"@id\":\"https:\\\/\\\/secure.gravatar.com\\\/avatar\\\/40fe62083e523c4134f75fb1d06ea73b4503d9162f3c6e89800e90f1bbd7f262?s=96&d=mm&r=g\",\"url\":\"https:\\\/\\\/secure.gravatar.com\\\/avatar\\\/40fe62083e523c4134f75fb1d06ea73b4503d9162f3c6e89800e90f1bbd7f262?s=96&d=mm&r=g\",\"contentUrl\":\"https:\\\/\\\/secure.gravatar.com\\\/avatar\\\/40fe62083e523c4134f75fb1d06ea73b4503d9162f3c6e89800e90f1bbd7f262?s=96&d=mm&r=g\",\"caption\":\"Jorge M. Gonz\u00e1lez\"},\"description\":\"Apasionado del f\u00fatbol internacional y Social Media Manager. Me gusta seguir ligas extranjeras y a las j\u00f3venes promesas de todo el mundo. S\u00edgueme en twitter para compartir afici\u00f3n: @jorgegonex\",\"sameAs\":[\"http:\\\/\\\/manquepierda.com\\\/\",\"https:\\\/\\\/x.com\\\/https:\\\/\\\/twitter.com\\\/jorgegonex\",\"https:\\\/\\\/www.youtube.com\\\/user\\\/FutbolandiaMQP\"],\"url\":\"https:\\\/\\\/www.manquepierda.com\\\/futbolandia\\\/author\\\/jorgegonzalez\\\/\"}]}<\/script>\n<!-- \/ Yoast SEO plugin. -->","yoast_head_json":{"title":"El Shaarawy, la esperanza rossonera &#8211; Futbolandia","robots":{"index":"index","follow":"follow","max-snippet":"max-snippet:-1","max-image-preview":"max-image-preview:large","max-video-preview":"max-video-preview:-1"},"canonical":"https:\/\/www.manquepierda.com\/futbolandia\/el-shaarawy-la-esperanza-rossonera\/","og_locale":"es_ES","og_type":"article","og_title":"El Shaarawy, la esperanza rossonera &#8211; Futbolandia","og_description":"Hace muy poco, el pasado fin de semana, comenz\u00f3 el Calcio, comenz\u00f3 una nueva temporada en la Serie A italiana y tras un largo verano con Mundial de por medio, parece que la vida sigue igual. La Juventus, ya sin Conte, sigue venciendo incluso fuera de casa y la Roma volvi\u00f3 a asumir el papel...","og_url":"https:\/\/www.manquepierda.com\/futbolandia\/el-shaarawy-la-esperanza-rossonera\/","og_site_name":"Futbolandia","article_published_time":"2014-09-04T09:00:46+00:00","og_image":[{"width":2838,"height":1892,"url":"https:\/\/i2.wp.com\/www.manquepierda.com\/futbolandia\/files\/2014\/09\/el_shaarawy.jpg?fit=2838%2C1892&ssl=1","type":"image\/jpeg"}],"author":"Jorge M. Gonz\u00e1lez","twitter_misc":{"Escrito por":"Jorge M. Gonz\u00e1lez","Tiempo de lectura":"5 minutos"},"schema":{"@context":"https:\/\/schema.org","@graph":[{"@type":"Article","@id":"https:\/\/www.manquepierda.com\/futbolandia\/el-shaarawy-la-esperanza-rossonera\/#article","isPartOf":{"@id":"https:\/\/www.manquepierda.com\/futbolandia\/el-shaarawy-la-esperanza-rossonera\/"},"author":{"name":"Jorge M. Gonz\u00e1lez","@id":"https:\/\/www.manquepierda.com\/futbolandia\/#\/schema\/person\/fdb4eabc3c2e0e717a790a4ce10cd2b3"},"headline":"El Shaarawy, la esperanza rossonera","datePublished":"2014-09-04T09:00:46+00:00","mainEntityOfPage":{"@id":"https:\/\/www.manquepierda.com\/futbolandia\/el-shaarawy-la-esperanza-rossonera\/"},"wordCount":941,"commentCount":0,"image":{"@id":"https:\/\/www.manquepierda.com\/futbolandia\/el-shaarawy-la-esperanza-rossonera\/#primaryimage"},"thumbnailUrl":"https:\/\/i0.wp.com\/www.manquepierda.com\/futbolandia\/files\/2014\/09\/el_shaarawy.jpg?fit=2838%2C1892&ssl=1","keywords":["calcio","el shaarawy","Inzaghi","italia","Lazio","milan","rossonero","Serie A"],"articleSection":["J\u00f3venes Valores","Portada","Serie A - F\u00fatbol Italiano"],"inLanguage":"es","potentialAction":[{"@type":"CommentAction","name":"Comment","target":["https:\/\/www.manquepierda.com\/futbolandia\/el-shaarawy-la-esperanza-rossonera\/#respond"]}]},{"@type":"WebPage","@id":"https:\/\/www.manquepierda.com\/futbolandia\/el-shaarawy-la-esperanza-rossonera\/","url":"https:\/\/www.manquepierda.com\/futbolandia\/el-shaarawy-la-esperanza-rossonera\/","name":"El Shaarawy, la esperanza rossonera &#8211; Futbolandia","isPartOf":{"@id":"https:\/\/www.manquepierda.com\/futbolandia\/#website"},"primaryImageOfPage":{"@id":"https:\/\/www.manquepierda.com\/futbolandia\/el-shaarawy-la-esperanza-rossonera\/#primaryimage"},"image":{"@id":"https:\/\/www.manquepierda.com\/futbolandia\/el-shaarawy-la-esperanza-rossonera\/#primaryimage"},"thumbnailUrl":"https:\/\/i0.wp.com\/www.manquepierda.com\/futbolandia\/files\/2014\/09\/el_shaarawy.jpg?fit=2838%2C1892&ssl=1","datePublished":"2014-09-04T09:00:46+00:00","author":{"@id":"https:\/\/www.manquepierda.com\/futbolandia\/#\/schema\/person\/fdb4eabc3c2e0e717a790a4ce10cd2b3"},"breadcrumb":{"@id":"https:\/\/www.manquepierda.com\/futbolandia\/el-shaarawy-la-esperanza-rossonera\/#breadcrumb"},"inLanguage":"es","potentialAction":[{"@type":"ReadAction","target":["https:\/\/www.manquepierda.com\/futbolandia\/el-shaarawy-la-esperanza-rossonera\/"]}]},{"@type":"ImageObject","inLanguage":"es","@id":"https:\/\/www.manquepierda.com\/futbolandia\/el-shaarawy-la-esperanza-rossonera\/#primaryimage","url":"https:\/\/i0.wp.com\/www.manquepierda.com\/futbolandia\/files\/2014\/09\/el_shaarawy.jpg?fit=2838%2C1892&ssl=1","contentUrl":"https:\/\/i0.wp.com\/www.manquepierda.com\/futbolandia\/files\/2014\/09\/el_shaarawy.jpg?fit=2838%2C1892&ssl=1","width":2838,"height":1892,"caption":"Stephan El Shaarawy en un partido con el AC Milan Foto: defensacentral.com"},{"@type":"BreadcrumbList","@id":"https:\/\/www.manquepierda.com\/futbolandia\/el-shaarawy-la-esperanza-rossonera\/#breadcrumb","itemListElement":[{"@type":"ListItem","position":1,"name":"Portada","item":"https:\/\/www.manquepierda.com\/futbolandia\/"},{"@type":"ListItem","position":2,"name":"El Shaarawy, la esperanza rossonera"}]},{"@type":"WebSite","@id":"https:\/\/www.manquepierda.com\/futbolandia\/#website","url":"https:\/\/www.manquepierda.com\/futbolandia\/","name":"Futbolandia","description":"Reportajes e informaci\u00f3n sobre f\u00fatbol mundial y j\u00f3venes promesas","potentialAction":[{"@type":"SearchAction","target":{"@type":"EntryPoint","urlTemplate":"https:\/\/www.manquepierda.com\/futbolandia\/?s={search_term_string}"},"query-input":{"@type":"PropertyValueSpecification","valueRequired":true,"valueName":"search_term_string"}}],"inLanguage":"es"},{"@type":"Person","@id":"https:\/\/www.manquepierda.com\/futbolandia\/#\/schema\/person\/fdb4eabc3c2e0e717a790a4ce10cd2b3","name":"Jorge M. Gonz\u00e1lez","image":{"@type":"ImageObject","inLanguage":"es","@id":"https:\/\/secure.gravatar.com\/avatar\/40fe62083e523c4134f75fb1d06ea73b4503d9162f3c6e89800e90f1bbd7f262?s=96&d=mm&r=g","url":"https:\/\/secure.gravatar.com\/avatar\/40fe62083e523c4134f75fb1d06ea73b4503d9162f3c6e89800e90f1bbd7f262?s=96&d=mm&r=g","contentUrl":"https:\/\/secure.gravatar.com\/avatar\/40fe62083e523c4134f75fb1d06ea73b4503d9162f3c6e89800e90f1bbd7f262?s=96&d=mm&r=g","caption":"Jorge M. Gonz\u00e1lez"},"description":"Apasionado del f\u00fatbol internacional y Social Media Manager. Me gusta seguir ligas extranjeras y a las j\u00f3venes promesas de todo el mundo. S\u00edgueme en twitter para compartir afici\u00f3n: @jorgegonex","sameAs":["http:\/\/manquepierda.com\/","https:\/\/x.com\/https:\/\/twitter.com\/jorgegonex","https:\/\/www.youtube.com\/user\/FutbolandiaMQP"],"url":"https:\/\/www.manquepierda.com\/futbolandia\/author\/jorgegonzalez\/"}]}},"jetpack_publicize_connections":[],"jetpack_featured_media_url":"https:\/\/i0.wp.com\/www.manquepierda.com\/futbolandia\/files\/2014\/09\/el_shaarawy.jpg?fit=2838%2C1892&ssl=1","jetpack_shortlink":"https:\/\/wp.me\/p1THIg-1ar","jetpack_sharing_enabled":true,"_links":{"self":[{"href":"https:\/\/www.manquepierda.com\/futbolandia\/wp-json\/wp\/v2\/posts\/4491","targetHints":{"allow":["GET"]}}],"collection":[{"href":"https:\/\/www.manquepierda.com\/futbolandia\/wp-json\/wp\/v2\/posts"}],"about":[{"href":"https:\/\/www.manquepierda.com\/futbolandia\/wp-json\/wp\/v2\/types\/post"}],"author":[{"embeddable":true,"href":"https:\/\/www.manquepierda.com\/futbolandia\/wp-json\/wp\/v2\/users\/93"}],"replies":[{"embeddable":true,"href":"https:\/\/www.manquepierda.com\/futbolandia\/wp-json\/wp\/v2\/comments?post=4491"}],"version-history":[{"count":0,"href":"https:\/\/www.manquepierda.com\/futbolandia\/wp-json\/wp\/v2\/posts\/4491\/revisions"}],"wp:featuredmedia":[{"embeddable":true,"href":"https:\/\/www.manquepierda.com\/futbolandia\/wp-json\/wp\/v2\/media\/4505"}],"wp:attachment":[{"href":"https:\/\/www.manquepierda.com\/futbolandia\/wp-json\/wp\/v2\/media?parent=4491"}],"wp:term":[{"taxonomy":"category","embeddable":true,"href":"https:\/\/www.manquepierda.com\/futbolandia\/wp-json\/wp\/v2\/categories?post=4491"},{"taxonomy":"post_tag","embeddable":true,"href":"https:\/\/www.manquepierda.com\/futbolandia\/wp-json\/wp\/v2\/tags?post=4491"}],"curies":[{"name":"wp","href":"https:\/\/api.w.org\/{rel}","templated":true}]}}