{"id":4507,"date":"2014-09-05T14:37:28","date_gmt":"2014-09-05T12:37:28","guid":{"rendered":"http:\/\/www.manquepierda.com\/futbolandia\/?p=4507"},"modified":"2014-09-06T10:46:00","modified_gmt":"2014-09-06T08:46:00","slug":"podcast-la-mirada-internacional-repasamos-los-inicios-de-la-bundesliga-y-la-eredivisie","status":"publish","type":"post","link":"https:\/\/www.manquepierda.com\/futbolandia\/podcast-la-mirada-internacional-repasamos-los-inicios-de-la-bundesliga-y-la-eredivisie\/","title":{"rendered":"Podcast &#8211; La mirada internacional: Repasamos los inicios de la Bundesliga y la Eredivisie"},"content":{"rendered":"<p style=\"color: #000000\"><a href=\"https:\/\/i0.wp.com\/www.manquepierda.com\/futbolandia\/files\/2014\/09\/LMI-2.jpg\"><img data-recalc-dims=\"1\" loading=\"lazy\" decoding=\"async\" data-attachment-id=\"4509\" data-permalink=\"https:\/\/www.manquepierda.com\/futbolandia\/podcast-la-mirada-internacional-repasamos-los-inicios-de-la-bundesliga-y-la-eredivisie\/lmi-2\/\" data-orig-file=\"https:\/\/i0.wp.com\/www.manquepierda.com\/futbolandia\/files\/2014\/09\/LMI-2.jpg?fit=600%2C451&amp;ssl=1\" data-orig-size=\"600,451\" data-comments-opened=\"1\" data-image-meta=\"{&quot;aperture&quot;:&quot;2.8&quot;,&quot;credit&quot;:&quot;KataMorais&quot;,&quot;camera&quot;:&quot;Canon EOS-1D Mark IV&quot;,&quot;caption&quot;:&quot;&quot;,&quot;created_timestamp&quot;:&quot;1332690143&quot;,&quot;copyright&quot;:&quot;&quot;,&quot;focal_length&quot;:&quot;300&quot;,&quot;iso&quot;:&quot;320&quot;,&quot;shutter_speed&quot;:&quot;0.00125&quot;,&quot;title&quot;:&quot;&quot;}\" data-image-title=\"LMI &amp;#8211; 2\" data-image-description=\"\" data-image-caption=\"\" data-large-file=\"https:\/\/i0.wp.com\/www.manquepierda.com\/futbolandia\/files\/2014\/09\/LMI-2.jpg?fit=600%2C451&amp;ssl=1\" class=\"aligncenter wp-image-4509\" src=\"https:\/\/i0.wp.com\/www.manquepierda.com\/futbolandia\/files\/2014\/09\/LMI-2.jpg?resize=437%2C329\" alt=\"LMI - 2\" width=\"437\" height=\"329\" srcset=\"https:\/\/i0.wp.com\/www.manquepierda.com\/futbolandia\/files\/2014\/09\/LMI-2.jpg?w=600&amp;ssl=1 600w, https:\/\/i0.wp.com\/www.manquepierda.com\/futbolandia\/files\/2014\/09\/LMI-2.jpg?resize=300%2C225&amp;ssl=1 300w\" sizes=\"auto, (max-width: 437px) 100vw, 437px\" \/><\/a><\/p>\n<p style=\"color: #000000\">Segundo\u00a0podcast de \u201cLa mirada internacional\u201d.\u00a0<strong style=\"font-style: inherit\">En este programa, Marc Mart\u00ednez\u00a0y Miguel Mario Mart\u00ednez\u00a0nos analizan el inicio de la Bundesliga alemana\u00a0y la Eredivisie holandesa.<\/strong>\u00a0Podr\u00e1s conocer sus impresiones sobre\u00a0cuales son los equipos que mejor se han reforzado, los favoritos al t\u00edtulo o los que quiz\u00e1s no respondan a las expectativas. Hablamos de jugadores y equipos que dar\u00e1n que hablar este a\u00f1o en el panorama internacional.<\/p>\n<p style=\"color: #000000\">Puedes escuchar el programa\u00a0<a href=\"http:\/\/www.ivoox.com\/repaso-al-inicio-bundesliga-eredivisie-audios-mp3_rf_3466832_1.html\" target=\"_blank\"><strong>desde aqu\u00ed.<\/strong><\/a><\/p>\n","protected":false},"excerpt":{"rendered":"<p>Segundo\u00a0podcast de \u201cLa mirada internacional\u201d.\u00a0En este programa, Marc Mart\u00ednez\u00a0y Miguel Mario Mart\u00ednez\u00a0nos analizan el inicio de la Bundesliga alemana\u00a0y la Eredivisie holandesa.\u00a0Podr\u00e1s conocer sus impresiones sobre\u00a0cuales son los equipos que mejor se han reforzado, los favoritos al t\u00edtulo o los que quiz\u00e1s no respondan a las expectativas. Hablamos de jugadores y equipos que dar\u00e1n que&#8230;<\/p>\n","protected":false},"author":93,"featured_media":4509,"comment_status":"open","ping_status":"open","sticky":false,"template":"","format":"standard","meta":{"_kad_post_transparent":"","_kad_post_title":"","_kad_post_layout":"","_kad_post_sidebar_id":"","_kad_post_content_style":"","_kad_post_vertical_padding":"","_kad_post_feature":"","_kad_post_feature_position":"","_kad_post_header":false,"_kad_post_footer":false,"_kad_post_classname":"","_jetpack_memberships_contains_paid_content":false,"footnotes":"","jetpack_publicize_message":"","jetpack_publicize_feature_enabled":true,"jetpack_social_post_already_shared":true,"jetpack_social_options":{"image_generator_settings":{"template":"highway","default_image_id":0,"font":"","enabled":false},"version":2}},"categories":[1582,10],"tags":[678,1580,107,1327,427,674,342,1587,581,1579,1581],"class_list":["post-4507","post","type-post","status-publish","format-standard","has-post-thumbnail","hentry","category-podcast-la-mirada-internacional","category-portada","tag-alemania","tag-audio","tag-bundesliga","tag-eredivisie","tag-futbol","tag-holanda","tag-internacional-2","tag-mirada","tag-mundial","tag-podcast","tag-programa"],"yoast_head":"<!-- This site is optimized with the Yoast SEO plugin v27.5 - https:\/\/yoast.com\/product\/yoast-seo-wordpress\/ -->\n<title>Podcast - La mirada internacional: Repasamos los inicios de la Bundesliga y la Eredivisie &#8211; Futbolandia<\/title>\n<meta name=\"robots\" content=\"index, follow, max-snippet:-1, max-image-preview:large, max-video-preview:-1\" \/>\n<link rel=\"canonical\" href=\"https:\/\/www.manquepierda.com\/futbolandia\/podcast-la-mirada-internacional-repasamos-los-inicios-de-la-bundesliga-y-la-eredivisie\/\" \/>\n<meta property=\"og:locale\" content=\"es_ES\" \/>\n<meta property=\"og:type\" content=\"article\" \/>\n<meta property=\"og:title\" content=\"Podcast - La mirada internacional: Repasamos los inicios de la Bundesliga y la Eredivisie &#8211; Futbolandia\" \/>\n<meta property=\"og:description\" content=\"Segundo\u00a0podcast de \u201cLa mirada internacional\u201d.\u00a0En este programa, Marc Mart\u00ednez\u00a0y Miguel Mario Mart\u00ednez\u00a0nos analizan el inicio de la Bundesliga alemana\u00a0y la Eredivisie holandesa.\u00a0Podr\u00e1s conocer sus impresiones sobre\u00a0cuales son los equipos que mejor se han reforzado, los favoritos al t\u00edtulo o los que quiz\u00e1s no respondan a las expectativas. Hablamos de jugadores y equipos que dar\u00e1n que...\" \/>\n<meta property=\"og:url\" content=\"https:\/\/www.manquepierda.com\/futbolandia\/podcast-la-mirada-internacional-repasamos-los-inicios-de-la-bundesliga-y-la-eredivisie\/\" \/>\n<meta property=\"og:site_name\" content=\"Futbolandia\" \/>\n<meta property=\"article:published_time\" content=\"2014-09-05T12:37:28+00:00\" \/>\n<meta property=\"article:modified_time\" content=\"2014-09-06T08:46:00+00:00\" \/>\n<meta property=\"og:image\" content=\"https:\/\/i0.wp.com\/www.manquepierda.com\/futbolandia\/files\/2014\/09\/LMI-2.jpg?fit=600%2C451&ssl=1\" \/>\n\t<meta property=\"og:image:width\" content=\"600\" \/>\n\t<meta property=\"og:image:height\" content=\"451\" \/>\n\t<meta property=\"og:image:type\" content=\"image\/jpeg\" \/>\n<meta name=\"author\" content=\"Jorge M. Gonz\u00e1lez\" \/>\n<meta name=\"twitter:label1\" content=\"Escrito por\" \/>\n\t<meta name=\"twitter:data1\" content=\"Jorge M. Gonz\u00e1lez\" \/>\n<script type=\"application\/ld+json\" class=\"yoast-schema-graph\">{\"@context\":\"https:\\\/\\\/schema.org\",\"@graph\":[{\"@type\":\"Article\",\"@id\":\"https:\\\/\\\/www.manquepierda.com\\\/futbolandia\\\/podcast-la-mirada-internacional-repasamos-los-inicios-de-la-bundesliga-y-la-eredivisie\\\/#article\",\"isPartOf\":{\"@id\":\"https:\\\/\\\/www.manquepierda.com\\\/futbolandia\\\/podcast-la-mirada-internacional-repasamos-los-inicios-de-la-bundesliga-y-la-eredivisie\\\/\"},\"author\":{\"name\":\"Jorge M. Gonz\u00e1lez\",\"@id\":\"https:\\\/\\\/www.manquepierda.com\\\/futbolandia\\\/#\\\/schema\\\/person\\\/fdb4eabc3c2e0e717a790a4ce10cd2b3\"},\"headline\":\"Podcast &#8211; La mirada internacional: Repasamos los inicios de la Bundesliga y la Eredivisie\",\"datePublished\":\"2014-09-05T12:37:28+00:00\",\"dateModified\":\"2014-09-06T08:46:00+00:00\",\"mainEntityOfPage\":{\"@id\":\"https:\\\/\\\/www.manquepierda.com\\\/futbolandia\\\/podcast-la-mirada-internacional-repasamos-los-inicios-de-la-bundesliga-y-la-eredivisie\\\/\"},\"wordCount\":96,\"commentCount\":0,\"image\":{\"@id\":\"https:\\\/\\\/www.manquepierda.com\\\/futbolandia\\\/podcast-la-mirada-internacional-repasamos-los-inicios-de-la-bundesliga-y-la-eredivisie\\\/#primaryimage\"},\"thumbnailUrl\":\"https:\\\/\\\/i0.wp.com\\\/www.manquepierda.com\\\/futbolandia\\\/files\\\/2014\\\/09\\\/LMI-2.jpg?fit=600%2C451&ssl=1\",\"keywords\":[\"alemania\",\"audio\",\"bundesliga\",\"Eredivisie\",\"futbol\",\"holanda\",\"Internacional\",\"mirada\",\"mundial\",\"podcast\",\"programa\"],\"articleSection\":[\"Podcast - La Mirada Internacional\",\"Portada\"],\"inLanguage\":\"es\",\"potentialAction\":[{\"@type\":\"CommentAction\",\"name\":\"Comment\",\"target\":[\"https:\\\/\\\/www.manquepierda.com\\\/futbolandia\\\/podcast-la-mirada-internacional-repasamos-los-inicios-de-la-bundesliga-y-la-eredivisie\\\/#respond\"]}]},{\"@type\":\"WebPage\",\"@id\":\"https:\\\/\\\/www.manquepierda.com\\\/futbolandia\\\/podcast-la-mirada-internacional-repasamos-los-inicios-de-la-bundesliga-y-la-eredivisie\\\/\",\"url\":\"https:\\\/\\\/www.manquepierda.com\\\/futbolandia\\\/podcast-la-mirada-internacional-repasamos-los-inicios-de-la-bundesliga-y-la-eredivisie\\\/\",\"name\":\"Podcast - La mirada internacional: Repasamos los inicios de la Bundesliga y la Eredivisie &#8211; Futbolandia\",\"isPartOf\":{\"@id\":\"https:\\\/\\\/www.manquepierda.com\\\/futbolandia\\\/#website\"},\"primaryImageOfPage\":{\"@id\":\"https:\\\/\\\/www.manquepierda.com\\\/futbolandia\\\/podcast-la-mirada-internacional-repasamos-los-inicios-de-la-bundesliga-y-la-eredivisie\\\/#primaryimage\"},\"image\":{\"@id\":\"https:\\\/\\\/www.manquepierda.com\\\/futbolandia\\\/podcast-la-mirada-internacional-repasamos-los-inicios-de-la-bundesliga-y-la-eredivisie\\\/#primaryimage\"},\"thumbnailUrl\":\"https:\\\/\\\/i0.wp.com\\\/www.manquepierda.com\\\/futbolandia\\\/files\\\/2014\\\/09\\\/LMI-2.jpg?fit=600%2C451&ssl=1\",\"datePublished\":\"2014-09-05T12:37:28+00:00\",\"dateModified\":\"2014-09-06T08:46:00+00:00\",\"author\":{\"@id\":\"https:\\\/\\\/www.manquepierda.com\\\/futbolandia\\\/#\\\/schema\\\/person\\\/fdb4eabc3c2e0e717a790a4ce10cd2b3\"},\"breadcrumb\":{\"@id\":\"https:\\\/\\\/www.manquepierda.com\\\/futbolandia\\\/podcast-la-mirada-internacional-repasamos-los-inicios-de-la-bundesliga-y-la-eredivisie\\\/#breadcrumb\"},\"inLanguage\":\"es\",\"potentialAction\":[{\"@type\":\"ReadAction\",\"target\":[\"https:\\\/\\\/www.manquepierda.com\\\/futbolandia\\\/podcast-la-mirada-internacional-repasamos-los-inicios-de-la-bundesliga-y-la-eredivisie\\\/\"]}]},{\"@type\":\"ImageObject\",\"inLanguage\":\"es\",\"@id\":\"https:\\\/\\\/www.manquepierda.com\\\/futbolandia\\\/podcast-la-mirada-internacional-repasamos-los-inicios-de-la-bundesliga-y-la-eredivisie\\\/#primaryimage\",\"url\":\"https:\\\/\\\/i0.wp.com\\\/www.manquepierda.com\\\/futbolandia\\\/files\\\/2014\\\/09\\\/LMI-2.jpg?fit=600%2C451&ssl=1\",\"contentUrl\":\"https:\\\/\\\/i0.wp.com\\\/www.manquepierda.com\\\/futbolandia\\\/files\\\/2014\\\/09\\\/LMI-2.jpg?fit=600%2C451&ssl=1\",\"width\":600,\"height\":451},{\"@type\":\"BreadcrumbList\",\"@id\":\"https:\\\/\\\/www.manquepierda.com\\\/futbolandia\\\/podcast-la-mirada-internacional-repasamos-los-inicios-de-la-bundesliga-y-la-eredivisie\\\/#breadcrumb\",\"itemListElement\":[{\"@type\":\"ListItem\",\"position\":1,\"name\":\"Portada\",\"item\":\"https:\\\/\\\/www.manquepierda.com\\\/futbolandia\\\/\"},{\"@type\":\"ListItem\",\"position\":2,\"name\":\"Podcast &#8211; La mirada internacional: Repasamos los inicios de la Bundesliga y la Eredivisie\"}]},{\"@type\":\"WebSite\",\"@id\":\"https:\\\/\\\/www.manquepierda.com\\\/futbolandia\\\/#website\",\"url\":\"https:\\\/\\\/www.manquepierda.com\\\/futbolandia\\\/\",\"name\":\"Futbolandia\",\"description\":\"Reportajes e informaci\u00f3n sobre f\u00fatbol mundial y j\u00f3venes promesas\",\"potentialAction\":[{\"@type\":\"SearchAction\",\"target\":{\"@type\":\"EntryPoint\",\"urlTemplate\":\"https:\\\/\\\/www.manquepierda.com\\\/futbolandia\\\/?s={search_term_string}\"},\"query-input\":{\"@type\":\"PropertyValueSpecification\",\"valueRequired\":true,\"valueName\":\"search_term_string\"}}],\"inLanguage\":\"es\"},{\"@type\":\"Person\",\"@id\":\"https:\\\/\\\/www.manquepierda.com\\\/futbolandia\\\/#\\\/schema\\\/person\\\/fdb4eabc3c2e0e717a790a4ce10cd2b3\",\"name\":\"Jorge M. Gonz\u00e1lez\",\"image\":{\"@type\":\"ImageObject\",\"inLanguage\":\"es\",\"@id\":\"https:\\\/\\\/secure.gravatar.com\\\/avatar\\\/40fe62083e523c4134f75fb1d06ea73b4503d9162f3c6e89800e90f1bbd7f262?s=96&d=mm&r=g\",\"url\":\"https:\\\/\\\/secure.gravatar.com\\\/avatar\\\/40fe62083e523c4134f75fb1d06ea73b4503d9162f3c6e89800e90f1bbd7f262?s=96&d=mm&r=g\",\"contentUrl\":\"https:\\\/\\\/secure.gravatar.com\\\/avatar\\\/40fe62083e523c4134f75fb1d06ea73b4503d9162f3c6e89800e90f1bbd7f262?s=96&d=mm&r=g\",\"caption\":\"Jorge M. Gonz\u00e1lez\"},\"description\":\"Apasionado del f\u00fatbol internacional y Social Media Manager. Me gusta seguir ligas extranjeras y a las j\u00f3venes promesas de todo el mundo. S\u00edgueme en twitter para compartir afici\u00f3n: @jorgegonex\",\"sameAs\":[\"http:\\\/\\\/manquepierda.com\\\/\",\"https:\\\/\\\/x.com\\\/https:\\\/\\\/twitter.com\\\/jorgegonex\",\"https:\\\/\\\/www.youtube.com\\\/user\\\/FutbolandiaMQP\"],\"url\":\"https:\\\/\\\/www.manquepierda.com\\\/futbolandia\\\/author\\\/jorgegonzalez\\\/\"}]}<\/script>\n<!-- \/ Yoast SEO plugin. -->","yoast_head_json":{"title":"Podcast - La mirada internacional: Repasamos los inicios de la Bundesliga y la Eredivisie &#8211; Futbolandia","robots":{"index":"index","follow":"follow","max-snippet":"max-snippet:-1","max-image-preview":"max-image-preview:large","max-video-preview":"max-video-preview:-1"},"canonical":"https:\/\/www.manquepierda.com\/futbolandia\/podcast-la-mirada-internacional-repasamos-los-inicios-de-la-bundesliga-y-la-eredivisie\/","og_locale":"es_ES","og_type":"article","og_title":"Podcast - La mirada internacional: Repasamos los inicios de la Bundesliga y la Eredivisie &#8211; Futbolandia","og_description":"Segundo\u00a0podcast de \u201cLa mirada internacional\u201d.\u00a0En este programa, Marc Mart\u00ednez\u00a0y Miguel Mario Mart\u00ednez\u00a0nos analizan el inicio de la Bundesliga alemana\u00a0y la Eredivisie holandesa.\u00a0Podr\u00e1s conocer sus impresiones sobre\u00a0cuales son los equipos que mejor se han reforzado, los favoritos al t\u00edtulo o los que quiz\u00e1s no respondan a las expectativas. Hablamos de jugadores y equipos que dar\u00e1n que...","og_url":"https:\/\/www.manquepierda.com\/futbolandia\/podcast-la-mirada-internacional-repasamos-los-inicios-de-la-bundesliga-y-la-eredivisie\/","og_site_name":"Futbolandia","article_published_time":"2014-09-05T12:37:28+00:00","article_modified_time":"2014-09-06T08:46:00+00:00","og_image":[{"width":600,"height":451,"url":"https:\/\/i0.wp.com\/www.manquepierda.com\/futbolandia\/files\/2014\/09\/LMI-2.jpg?fit=600%2C451&ssl=1","type":"image\/jpeg"}],"author":"Jorge M. Gonz\u00e1lez","twitter_misc":{"Escrito por":"Jorge M. Gonz\u00e1lez"},"schema":{"@context":"https:\/\/schema.org","@graph":[{"@type":"Article","@id":"https:\/\/www.manquepierda.com\/futbolandia\/podcast-la-mirada-internacional-repasamos-los-inicios-de-la-bundesliga-y-la-eredivisie\/#article","isPartOf":{"@id":"https:\/\/www.manquepierda.com\/futbolandia\/podcast-la-mirada-internacional-repasamos-los-inicios-de-la-bundesliga-y-la-eredivisie\/"},"author":{"name":"Jorge M. Gonz\u00e1lez","@id":"https:\/\/www.manquepierda.com\/futbolandia\/#\/schema\/person\/fdb4eabc3c2e0e717a790a4ce10cd2b3"},"headline":"Podcast &#8211; La mirada internacional: Repasamos los inicios de la Bundesliga y la Eredivisie","datePublished":"2014-09-05T12:37:28+00:00","dateModified":"2014-09-06T08:46:00+00:00","mainEntityOfPage":{"@id":"https:\/\/www.manquepierda.com\/futbolandia\/podcast-la-mirada-internacional-repasamos-los-inicios-de-la-bundesliga-y-la-eredivisie\/"},"wordCount":96,"commentCount":0,"image":{"@id":"https:\/\/www.manquepierda.com\/futbolandia\/podcast-la-mirada-internacional-repasamos-los-inicios-de-la-bundesliga-y-la-eredivisie\/#primaryimage"},"thumbnailUrl":"https:\/\/i0.wp.com\/www.manquepierda.com\/futbolandia\/files\/2014\/09\/LMI-2.jpg?fit=600%2C451&ssl=1","keywords":["alemania","audio","bundesliga","Eredivisie","futbol","holanda","Internacional","mirada","mundial","podcast","programa"],"articleSection":["Podcast - La Mirada Internacional","Portada"],"inLanguage":"es","potentialAction":[{"@type":"CommentAction","name":"Comment","target":["https:\/\/www.manquepierda.com\/futbolandia\/podcast-la-mirada-internacional-repasamos-los-inicios-de-la-bundesliga-y-la-eredivisie\/#respond"]}]},{"@type":"WebPage","@id":"https:\/\/www.manquepierda.com\/futbolandia\/podcast-la-mirada-internacional-repasamos-los-inicios-de-la-bundesliga-y-la-eredivisie\/","url":"https:\/\/www.manquepierda.com\/futbolandia\/podcast-la-mirada-internacional-repasamos-los-inicios-de-la-bundesliga-y-la-eredivisie\/","name":"Podcast - La mirada internacional: Repasamos los inicios de la Bundesliga y la Eredivisie &#8211; Futbolandia","isPartOf":{"@id":"https:\/\/www.manquepierda.com\/futbolandia\/#website"},"primaryImageOfPage":{"@id":"https:\/\/www.manquepierda.com\/futbolandia\/podcast-la-mirada-internacional-repasamos-los-inicios-de-la-bundesliga-y-la-eredivisie\/#primaryimage"},"image":{"@id":"https:\/\/www.manquepierda.com\/futbolandia\/podcast-la-mirada-internacional-repasamos-los-inicios-de-la-bundesliga-y-la-eredivisie\/#primaryimage"},"thumbnailUrl":"https:\/\/i0.wp.com\/www.manquepierda.com\/futbolandia\/files\/2014\/09\/LMI-2.jpg?fit=600%2C451&ssl=1","datePublished":"2014-09-05T12:37:28+00:00","dateModified":"2014-09-06T08:46:00+00:00","author":{"@id":"https:\/\/www.manquepierda.com\/futbolandia\/#\/schema\/person\/fdb4eabc3c2e0e717a790a4ce10cd2b3"},"breadcrumb":{"@id":"https:\/\/www.manquepierda.com\/futbolandia\/podcast-la-mirada-internacional-repasamos-los-inicios-de-la-bundesliga-y-la-eredivisie\/#breadcrumb"},"inLanguage":"es","potentialAction":[{"@type":"ReadAction","target":["https:\/\/www.manquepierda.com\/futbolandia\/podcast-la-mirada-internacional-repasamos-los-inicios-de-la-bundesliga-y-la-eredivisie\/"]}]},{"@type":"ImageObject","inLanguage":"es","@id":"https:\/\/www.manquepierda.com\/futbolandia\/podcast-la-mirada-internacional-repasamos-los-inicios-de-la-bundesliga-y-la-eredivisie\/#primaryimage","url":"https:\/\/i0.wp.com\/www.manquepierda.com\/futbolandia\/files\/2014\/09\/LMI-2.jpg?fit=600%2C451&ssl=1","contentUrl":"https:\/\/i0.wp.com\/www.manquepierda.com\/futbolandia\/files\/2014\/09\/LMI-2.jpg?fit=600%2C451&ssl=1","width":600,"height":451},{"@type":"BreadcrumbList","@id":"https:\/\/www.manquepierda.com\/futbolandia\/podcast-la-mirada-internacional-repasamos-los-inicios-de-la-bundesliga-y-la-eredivisie\/#breadcrumb","itemListElement":[{"@type":"ListItem","position":1,"name":"Portada","item":"https:\/\/www.manquepierda.com\/futbolandia\/"},{"@type":"ListItem","position":2,"name":"Podcast &#8211; La mirada internacional: Repasamos los inicios de la Bundesliga y la Eredivisie"}]},{"@type":"WebSite","@id":"https:\/\/www.manquepierda.com\/futbolandia\/#website","url":"https:\/\/www.manquepierda.com\/futbolandia\/","name":"Futbolandia","description":"Reportajes e informaci\u00f3n sobre f\u00fatbol mundial y j\u00f3venes promesas","potentialAction":[{"@type":"SearchAction","target":{"@type":"EntryPoint","urlTemplate":"https:\/\/www.manquepierda.com\/futbolandia\/?s={search_term_string}"},"query-input":{"@type":"PropertyValueSpecification","valueRequired":true,"valueName":"search_term_string"}}],"inLanguage":"es"},{"@type":"Person","@id":"https:\/\/www.manquepierda.com\/futbolandia\/#\/schema\/person\/fdb4eabc3c2e0e717a790a4ce10cd2b3","name":"Jorge M. Gonz\u00e1lez","image":{"@type":"ImageObject","inLanguage":"es","@id":"https:\/\/secure.gravatar.com\/avatar\/40fe62083e523c4134f75fb1d06ea73b4503d9162f3c6e89800e90f1bbd7f262?s=96&d=mm&r=g","url":"https:\/\/secure.gravatar.com\/avatar\/40fe62083e523c4134f75fb1d06ea73b4503d9162f3c6e89800e90f1bbd7f262?s=96&d=mm&r=g","contentUrl":"https:\/\/secure.gravatar.com\/avatar\/40fe62083e523c4134f75fb1d06ea73b4503d9162f3c6e89800e90f1bbd7f262?s=96&d=mm&r=g","caption":"Jorge M. Gonz\u00e1lez"},"description":"Apasionado del f\u00fatbol internacional y Social Media Manager. Me gusta seguir ligas extranjeras y a las j\u00f3venes promesas de todo el mundo. S\u00edgueme en twitter para compartir afici\u00f3n: @jorgegonex","sameAs":["http:\/\/manquepierda.com\/","https:\/\/x.com\/https:\/\/twitter.com\/jorgegonex","https:\/\/www.youtube.com\/user\/FutbolandiaMQP"],"url":"https:\/\/www.manquepierda.com\/futbolandia\/author\/jorgegonzalez\/"}]}},"jetpack_publicize_connections":[],"jetpack_featured_media_url":"https:\/\/i0.wp.com\/www.manquepierda.com\/futbolandia\/files\/2014\/09\/LMI-2.jpg?fit=600%2C451&ssl=1","jetpack_shortlink":"https:\/\/wp.me\/p1THIg-1aH","jetpack_sharing_enabled":true,"_links":{"self":[{"href":"https:\/\/www.manquepierda.com\/futbolandia\/wp-json\/wp\/v2\/posts\/4507","targetHints":{"allow":["GET"]}}],"collection":[{"href":"https:\/\/www.manquepierda.com\/futbolandia\/wp-json\/wp\/v2\/posts"}],"about":[{"href":"https:\/\/www.manquepierda.com\/futbolandia\/wp-json\/wp\/v2\/types\/post"}],"author":[{"embeddable":true,"href":"https:\/\/www.manquepierda.com\/futbolandia\/wp-json\/wp\/v2\/users\/93"}],"replies":[{"embeddable":true,"href":"https:\/\/www.manquepierda.com\/futbolandia\/wp-json\/wp\/v2\/comments?post=4507"}],"version-history":[{"count":0,"href":"https:\/\/www.manquepierda.com\/futbolandia\/wp-json\/wp\/v2\/posts\/4507\/revisions"}],"wp:featuredmedia":[{"embeddable":true,"href":"https:\/\/www.manquepierda.com\/futbolandia\/wp-json\/wp\/v2\/media\/4509"}],"wp:attachment":[{"href":"https:\/\/www.manquepierda.com\/futbolandia\/wp-json\/wp\/v2\/media?parent=4507"}],"wp:term":[{"taxonomy":"category","embeddable":true,"href":"https:\/\/www.manquepierda.com\/futbolandia\/wp-json\/wp\/v2\/categories?post=4507"},{"taxonomy":"post_tag","embeddable":true,"href":"https:\/\/www.manquepierda.com\/futbolandia\/wp-json\/wp\/v2\/tags?post=4507"}],"curies":[{"name":"wp","href":"https:\/\/api.w.org\/{rel}","templated":true}]}}