{"id":4578,"date":"2014-09-15T15:38:04","date_gmt":"2014-09-15T13:38:04","guid":{"rendered":"http:\/\/www.manquepierda.com\/futbolandia\/?p=4578"},"modified":"2014-09-17T12:27:46","modified_gmt":"2014-09-17T10:27:46","slug":"arcadiusz-milik-la-aparicion-de-la-jornada-en-la-eredivisie","status":"publish","type":"post","link":"https:\/\/www.manquepierda.com\/futbolandia\/arcadiusz-milik-la-aparicion-de-la-jornada-en-la-eredivisie\/","title":{"rendered":"Arcadiusz Milik, la aparici\u00f3n de la jornada en la Eredivisie"},"content":{"rendered":"<p>No ser\u00edan pocos los aficionados a la Eredivisie que se sorprendieran esta jornada tras la victoria del Ajax frente al Heracles (2-1). Y no sorpresa por una victoria que podr\u00edamos calificar como esperada,\u00a0entre uno de los principales candidatos al t\u00edtulo y actual campe\u00f3n de liga y el colista de esta edici\u00f3n tras las primeras jornadas, sino por como sucedi\u00f3.<\/p>\n<p><strong>Todo porque, acostumbrados a que decidan los goles de Sightorsson, las apariciones de El Gazhi o la llegada de Schone en estos primeros partidos, no esperar\u00edan la irrupci\u00f3n\u00a0en el partido de un joven delantero polaco, Arkadiusz Milik.<\/strong> Y no la esperar\u00edan porque la mayor\u00eda quiz\u00e1s ni lo conoc\u00eda, ya que este era su segundo\u00a0partido de liga con el Ajax esta temporada tras llegar cedido procedente del Bayer Leverkusen. Milik acab\u00f3 el partido tras disputar los 90 minutos y fue tan decisivo como que marc\u00f3 los dos goles del campe\u00f3n holand\u00e9s. Pero, \u00bfqui\u00e9n es Milik? Como sab\u00e9is en Futbolandia nos encanta acercaros el f\u00fatbol de distintos lugares del mundo y tambi\u00e9n acercaros a j\u00f3venes talentos que aparecen en cualquier lugar de\u00a0la geograf\u00eda mundial, por eso os vamos a acercar el perfil de este joven futbolista polaco.<\/p>\n<figure id=\"attachment_4591\" aria-describedby=\"caption-attachment-4591\" style=\"width: 284px\" class=\"wp-caption alignright\"><a href=\"https:\/\/i0.wp.com\/www.manquepierda.com\/futbolandia\/files\/2014\/09\/Arkadiusz-Milik-Republic-Ireland-v-Poland-uT7pTXSnlLWl.jpg\"><img data-recalc-dims=\"1\" loading=\"lazy\" decoding=\"async\" data-attachment-id=\"4591\" data-permalink=\"https:\/\/www.manquepierda.com\/futbolandia\/arcadiusz-milik-la-aparicion-de-la-jornada-en-la-eredivisie\/arkadiuszmilikrepublicirelandvpolandut7ptxsnllwl\/\" data-orig-file=\"https:\/\/i0.wp.com\/www.manquepierda.com\/futbolandia\/files\/2014\/09\/Arkadiusz-Milik-Republic-Ireland-v-Poland-uT7pTXSnlLWl.jpg?fit=391%2C594&amp;ssl=1\" data-orig-size=\"391,594\" data-comments-opened=\"1\" data-image-meta=\"{&quot;aperture&quot;:&quot;0&quot;,&quot;credit&quot;:&quot;&quot;,&quot;camera&quot;:&quot;&quot;,&quot;caption&quot;:&quot;&quot;,&quot;created_timestamp&quot;:&quot;0&quot;,&quot;copyright&quot;:&quot;&quot;,&quot;focal_length&quot;:&quot;0&quot;,&quot;iso&quot;:&quot;0&quot;,&quot;shutter_speed&quot;:&quot;0&quot;,&quot;title&quot;:&quot;&quot;,&quot;orientation&quot;:&quot;0&quot;}\" data-image-title=\"Arkadiusz+Milik+Republic+Ireland+v+Poland+uT7pTXSnlLWl\" data-image-description=\"\" data-image-caption=\"&lt;p&gt;Milik vistiendo la camiseta polaca&lt;br \/&gt;\nFoto: zimbio.com&lt;\/p&gt;\n\" data-large-file=\"https:\/\/i0.wp.com\/www.manquepierda.com\/futbolandia\/files\/2014\/09\/Arkadiusz-Milik-Republic-Ireland-v-Poland-uT7pTXSnlLWl.jpg?fit=391%2C594&amp;ssl=1\" class=\" wp-image-4591\" src=\"https:\/\/i0.wp.com\/www.manquepierda.com\/futbolandia\/files\/2014\/09\/Arkadiusz-Milik-Republic-Ireland-v-Poland-uT7pTXSnlLWl.jpg?resize=284%2C431\" alt=\"Milik vistiendo la camiseta polaca Foto: zimbio.com\" width=\"284\" height=\"431\" srcset=\"https:\/\/i0.wp.com\/www.manquepierda.com\/futbolandia\/files\/2014\/09\/Arkadiusz-Milik-Republic-Ireland-v-Poland-uT7pTXSnlLWl.jpg?w=391&amp;ssl=1 391w, https:\/\/i0.wp.com\/www.manquepierda.com\/futbolandia\/files\/2014\/09\/Arkadiusz-Milik-Republic-Ireland-v-Poland-uT7pTXSnlLWl.jpg?resize=197%2C300&amp;ssl=1 197w\" sizes=\"auto, (max-width: 284px) 100vw, 284px\" \/><\/a><figcaption id=\"caption-attachment-4591\" class=\"wp-caption-text\">Milik vistiendo la camiseta polaca<br \/>Foto: zimbio.com<\/figcaption><\/figure>\n<p><strong>Arkadiusz Milik (28 de febrero de 1994) naci\u00f3 en Tychy, Polonia, y comenz\u00f3 su carrera como futbolista con el modesto\u00a0Rozw\u00f3j Katowice.<\/strong> Sus aptitudes le llevaron a fichar por el\u00a0G\u00f3rnik Zabrze para jugar en la primera divisi\u00f3n de su pa\u00eds natal. Tras 12 goles en a\u00f1o y medio, la captaci\u00f3n del Bayer Leverkusen se lo llev\u00f3 a Alemania paa jugar con los rojinegros. Jug\u00f3 anecd\u00f3ticamente en el cuadro alem\u00e1n debido a su juventud (18 a\u00f1os) y no goz\u00f3 de ninguna oportunidad como titular. A final de temporada jug\u00f3 cuatro encuentros de inicio con el segundo equipo del Bayer y anot\u00f3 cinco goles. Tampoco al a\u00f1o siguiente tuvo oportunidades, lo que lo acab\u00f3 llevando al Augsburgo en calidad de cedido.<\/p>\n<p>Veinte\u00a0partidos, aunque solo cinco como titular y en los que anot\u00f3 dos goles fue lo poco que pudieron ver de Milik all\u00ed, y este a\u00f1o, decidi\u00f3 probar suerte en la Eredivisie donde ya lleva el mismo numero de goles en tan solo dos partidos. Sin embargo, la repercusi\u00f3n de Arcadiusz Milik no queda solo a nivel de clubes pues ha sido internacional en todas las categor\u00edas inferiores de Polonia. Incluso ha debutado con la selecci\u00f3n absoluta. <strong>Su importancia ha sido tal con la selecci\u00f3n nacional, que ha sido m\u00e1ximo goleador de la fase clasificatoria para el Europeo Sub&#8217;21, empatado a goles (9) con el ingl\u00e9s del West Bromwich, Saido Berahino.<\/strong><\/p>\n<p>Se trata de un delantero alto (1.86m), corpulento, que en ocasiones da la impresi\u00f3n de ser algo tosco. Es un jugador de \u00e1rea, en ella se encuentra como pez en el agua, aunque fuera de ella es algo m\u00e1s limitado. No obstante, tiene recursos para hacer un papel bastante decente por fuera, zancada y no duda en caer a banda. T\u00e9cnicamente no es mal jugador y suele asistir con bastante criterio a sus compa\u00f1eros. Es un delantero\u00a0acostumbrado a utilizar su cuerpo, tiene un arranque en carrera bastante interesante a pesar de su envergadura\u00a0y casi siempre suele buscar su perfil izquierdo para terminar la jugada con un zurdazo. <strong>Milik tiene dos grandes virtudes por encima de todas las dem\u00e1s.<\/strong> Lo primero es su juego a\u00e9reo, una cualidad para a que suele ejercer con mucho \u00e9xito, y su poderoso tiro con la izquierda, tanto desde dentro como desde fuera del \u00e1rea. Quiz\u00e1s en la actualidad no sea un delantero muy completo, pero sus virtudes son llamativas y su olfato goleador ha sido demostrado con contundencia, al menos en lo que a n\u00fameros se refiere. Y con solo 20 a\u00f1os. Ser\u00e1 otra de las promesas a seguir en una Eredivisie de la que siempre surgen j\u00f3venes valores. Estaremos atentos a su evoluci\u00f3n si sigue contando con minutos en el Ajax.<\/p>\n","protected":false},"excerpt":{"rendered":"<p>No ser\u00edan pocos los aficionados a la Eredivisie que se sorprendieran esta jornada tras la victoria del Ajax frente al Heracles (2-1). Y no sorpresa por una victoria que podr\u00edamos calificar como esperada,\u00a0entre uno de los principales candidatos al t\u00edtulo y actual campe\u00f3n de liga y el colista de esta edici\u00f3n tras las primeras jornadas,&#8230;<\/p>\n","protected":false},"author":93,"featured_media":4593,"comment_status":"open","ping_status":"open","sticky":false,"template":"","format":"standard","meta":{"_kad_post_transparent":"","_kad_post_title":"","_kad_post_layout":"","_kad_post_sidebar_id":"","_kad_post_content_style":"","_kad_post_vertical_padding":"","_kad_post_feature":"","_kad_post_feature_position":"","_kad_post_header":false,"_kad_post_footer":false,"_kad_post_classname":"","_jetpack_memberships_contains_paid_content":false,"footnotes":"","jetpack_publicize_message":"","jetpack_publicize_feature_enabled":true,"jetpack_social_post_already_shared":true,"jetpack_social_options":{"image_generator_settings":{"template":"highway","default_image_id":0,"font":"","enabled":false},"version":2}},"categories":[4,10],"tags":[515,226,1622,697,1231,1623,1624],"class_list":["post-4578","post","type-post","status-publish","format-standard","has-post-thumbnail","hentry","category-jovenes-valores","category-portada","tag-515","tag-ajax","tag-arcadiusz","tag-delantero","tag-leverkusen","tag-milik","tag-polonia"],"yoast_head":"<!-- This site is optimized with the Yoast SEO plugin v27.5 - https:\/\/yoast.com\/product\/yoast-seo-wordpress\/ -->\n<title>Arcadiusz Milik, la aparici\u00f3n de la jornada en la Eredivisie &#8211; Futbolandia<\/title>\n<meta name=\"robots\" content=\"index, follow, max-snippet:-1, max-image-preview:large, max-video-preview:-1\" \/>\n<link rel=\"canonical\" href=\"https:\/\/www.manquepierda.com\/futbolandia\/arcadiusz-milik-la-aparicion-de-la-jornada-en-la-eredivisie\/\" \/>\n<meta property=\"og:locale\" content=\"es_ES\" \/>\n<meta property=\"og:type\" content=\"article\" \/>\n<meta property=\"og:title\" content=\"Arcadiusz Milik, la aparici\u00f3n de la jornada en la Eredivisie &#8211; Futbolandia\" \/>\n<meta property=\"og:description\" content=\"No ser\u00edan pocos los aficionados a la Eredivisie que se sorprendieran esta jornada tras la victoria del Ajax frente al Heracles (2-1). Y no sorpresa por una victoria que podr\u00edamos calificar como esperada,\u00a0entre uno de los principales candidatos al t\u00edtulo y actual campe\u00f3n de liga y el colista de esta edici\u00f3n tras las primeras jornadas,...\" \/>\n<meta property=\"og:url\" content=\"https:\/\/www.manquepierda.com\/futbolandia\/arcadiusz-milik-la-aparicion-de-la-jornada-en-la-eredivisie\/\" \/>\n<meta property=\"og:site_name\" content=\"Futbolandia\" \/>\n<meta property=\"article:published_time\" content=\"2014-09-15T13:38:04+00:00\" \/>\n<meta property=\"article:modified_time\" content=\"2014-09-17T10:27:46+00:00\" \/>\n<meta property=\"og:image\" content=\"https:\/\/i0.wp.com\/www.manquepierda.com\/futbolandia\/files\/2014\/09\/milik-2.jpg?fit=800%2C450&ssl=1\" \/>\n\t<meta property=\"og:image:width\" content=\"800\" \/>\n\t<meta property=\"og:image:height\" content=\"450\" \/>\n\t<meta property=\"og:image:type\" content=\"image\/jpeg\" \/>\n<meta name=\"author\" content=\"Jorge M. Gonz\u00e1lez\" \/>\n<meta name=\"twitter:label1\" content=\"Escrito por\" \/>\n\t<meta name=\"twitter:data1\" content=\"Jorge M. Gonz\u00e1lez\" \/>\n\t<meta name=\"twitter:label2\" content=\"Tiempo de lectura\" \/>\n\t<meta name=\"twitter:data2\" content=\"4 minutos\" \/>\n<script type=\"application\/ld+json\" class=\"yoast-schema-graph\">{\"@context\":\"https:\\\/\\\/schema.org\",\"@graph\":[{\"@type\":\"Article\",\"@id\":\"https:\\\/\\\/www.manquepierda.com\\\/futbolandia\\\/arcadiusz-milik-la-aparicion-de-la-jornada-en-la-eredivisie\\\/#article\",\"isPartOf\":{\"@id\":\"https:\\\/\\\/www.manquepierda.com\\\/futbolandia\\\/arcadiusz-milik-la-aparicion-de-la-jornada-en-la-eredivisie\\\/\"},\"author\":{\"name\":\"Jorge M. Gonz\u00e1lez\",\"@id\":\"https:\\\/\\\/www.manquepierda.com\\\/futbolandia\\\/#\\\/schema\\\/person\\\/fdb4eabc3c2e0e717a790a4ce10cd2b3\"},\"headline\":\"Arcadiusz Milik, la aparici\u00f3n de la jornada en la Eredivisie\",\"datePublished\":\"2014-09-15T13:38:04+00:00\",\"dateModified\":\"2014-09-17T10:27:46+00:00\",\"mainEntityOfPage\":{\"@id\":\"https:\\\/\\\/www.manquepierda.com\\\/futbolandia\\\/arcadiusz-milik-la-aparicion-de-la-jornada-en-la-eredivisie\\\/\"},\"wordCount\":713,\"commentCount\":0,\"image\":{\"@id\":\"https:\\\/\\\/www.manquepierda.com\\\/futbolandia\\\/arcadiusz-milik-la-aparicion-de-la-jornada-en-la-eredivisie\\\/#primaryimage\"},\"thumbnailUrl\":\"https:\\\/\\\/i0.wp.com\\\/www.manquepierda.com\\\/futbolandia\\\/files\\\/2014\\\/09\\\/milik-2.jpg?fit=800%2C450&ssl=1\",\"keywords\":[\"21\",\"ajax\",\"arcadiusz\",\"delantero\",\"leverkusen\",\"milik\",\"polonia\"],\"articleSection\":[\"J\u00f3venes Valores\",\"Portada\"],\"inLanguage\":\"es\",\"potentialAction\":[{\"@type\":\"CommentAction\",\"name\":\"Comment\",\"target\":[\"https:\\\/\\\/www.manquepierda.com\\\/futbolandia\\\/arcadiusz-milik-la-aparicion-de-la-jornada-en-la-eredivisie\\\/#respond\"]}]},{\"@type\":\"WebPage\",\"@id\":\"https:\\\/\\\/www.manquepierda.com\\\/futbolandia\\\/arcadiusz-milik-la-aparicion-de-la-jornada-en-la-eredivisie\\\/\",\"url\":\"https:\\\/\\\/www.manquepierda.com\\\/futbolandia\\\/arcadiusz-milik-la-aparicion-de-la-jornada-en-la-eredivisie\\\/\",\"name\":\"Arcadiusz Milik, la aparici\u00f3n de la jornada en la Eredivisie &#8211; Futbolandia\",\"isPartOf\":{\"@id\":\"https:\\\/\\\/www.manquepierda.com\\\/futbolandia\\\/#website\"},\"primaryImageOfPage\":{\"@id\":\"https:\\\/\\\/www.manquepierda.com\\\/futbolandia\\\/arcadiusz-milik-la-aparicion-de-la-jornada-en-la-eredivisie\\\/#primaryimage\"},\"image\":{\"@id\":\"https:\\\/\\\/www.manquepierda.com\\\/futbolandia\\\/arcadiusz-milik-la-aparicion-de-la-jornada-en-la-eredivisie\\\/#primaryimage\"},\"thumbnailUrl\":\"https:\\\/\\\/i0.wp.com\\\/www.manquepierda.com\\\/futbolandia\\\/files\\\/2014\\\/09\\\/milik-2.jpg?fit=800%2C450&ssl=1\",\"datePublished\":\"2014-09-15T13:38:04+00:00\",\"dateModified\":\"2014-09-17T10:27:46+00:00\",\"author\":{\"@id\":\"https:\\\/\\\/www.manquepierda.com\\\/futbolandia\\\/#\\\/schema\\\/person\\\/fdb4eabc3c2e0e717a790a4ce10cd2b3\"},\"breadcrumb\":{\"@id\":\"https:\\\/\\\/www.manquepierda.com\\\/futbolandia\\\/arcadiusz-milik-la-aparicion-de-la-jornada-en-la-eredivisie\\\/#breadcrumb\"},\"inLanguage\":\"es\",\"potentialAction\":[{\"@type\":\"ReadAction\",\"target\":[\"https:\\\/\\\/www.manquepierda.com\\\/futbolandia\\\/arcadiusz-milik-la-aparicion-de-la-jornada-en-la-eredivisie\\\/\"]}]},{\"@type\":\"ImageObject\",\"inLanguage\":\"es\",\"@id\":\"https:\\\/\\\/www.manquepierda.com\\\/futbolandia\\\/arcadiusz-milik-la-aparicion-de-la-jornada-en-la-eredivisie\\\/#primaryimage\",\"url\":\"https:\\\/\\\/i0.wp.com\\\/www.manquepierda.com\\\/futbolandia\\\/files\\\/2014\\\/09\\\/milik-2.jpg?fit=800%2C450&ssl=1\",\"contentUrl\":\"https:\\\/\\\/i0.wp.com\\\/www.manquepierda.com\\\/futbolandia\\\/files\\\/2014\\\/09\\\/milik-2.jpg?fit=800%2C450&ssl=1\",\"width\":800,\"height\":450,\"caption\":\"Foto: nos.nl\"},{\"@type\":\"BreadcrumbList\",\"@id\":\"https:\\\/\\\/www.manquepierda.com\\\/futbolandia\\\/arcadiusz-milik-la-aparicion-de-la-jornada-en-la-eredivisie\\\/#breadcrumb\",\"itemListElement\":[{\"@type\":\"ListItem\",\"position\":1,\"name\":\"Portada\",\"item\":\"https:\\\/\\\/www.manquepierda.com\\\/futbolandia\\\/\"},{\"@type\":\"ListItem\",\"position\":2,\"name\":\"Arcadiusz Milik, la aparici\u00f3n de la jornada en la Eredivisie\"}]},{\"@type\":\"WebSite\",\"@id\":\"https:\\\/\\\/www.manquepierda.com\\\/futbolandia\\\/#website\",\"url\":\"https:\\\/\\\/www.manquepierda.com\\\/futbolandia\\\/\",\"name\":\"Futbolandia\",\"description\":\"Reportajes e informaci\u00f3n sobre f\u00fatbol mundial y j\u00f3venes promesas\",\"potentialAction\":[{\"@type\":\"SearchAction\",\"target\":{\"@type\":\"EntryPoint\",\"urlTemplate\":\"https:\\\/\\\/www.manquepierda.com\\\/futbolandia\\\/?s={search_term_string}\"},\"query-input\":{\"@type\":\"PropertyValueSpecification\",\"valueRequired\":true,\"valueName\":\"search_term_string\"}}],\"inLanguage\":\"es\"},{\"@type\":\"Person\",\"@id\":\"https:\\\/\\\/www.manquepierda.com\\\/futbolandia\\\/#\\\/schema\\\/person\\\/fdb4eabc3c2e0e717a790a4ce10cd2b3\",\"name\":\"Jorge M. Gonz\u00e1lez\",\"image\":{\"@type\":\"ImageObject\",\"inLanguage\":\"es\",\"@id\":\"https:\\\/\\\/secure.gravatar.com\\\/avatar\\\/40fe62083e523c4134f75fb1d06ea73b4503d9162f3c6e89800e90f1bbd7f262?s=96&d=mm&r=g\",\"url\":\"https:\\\/\\\/secure.gravatar.com\\\/avatar\\\/40fe62083e523c4134f75fb1d06ea73b4503d9162f3c6e89800e90f1bbd7f262?s=96&d=mm&r=g\",\"contentUrl\":\"https:\\\/\\\/secure.gravatar.com\\\/avatar\\\/40fe62083e523c4134f75fb1d06ea73b4503d9162f3c6e89800e90f1bbd7f262?s=96&d=mm&r=g\",\"caption\":\"Jorge M. Gonz\u00e1lez\"},\"description\":\"Apasionado del f\u00fatbol internacional y Social Media Manager. Me gusta seguir ligas extranjeras y a las j\u00f3venes promesas de todo el mundo. S\u00edgueme en twitter para compartir afici\u00f3n: @jorgegonex\",\"sameAs\":[\"http:\\\/\\\/manquepierda.com\\\/\",\"https:\\\/\\\/x.com\\\/https:\\\/\\\/twitter.com\\\/jorgegonex\",\"https:\\\/\\\/www.youtube.com\\\/user\\\/FutbolandiaMQP\"],\"url\":\"https:\\\/\\\/www.manquepierda.com\\\/futbolandia\\\/author\\\/jorgegonzalez\\\/\"}]}<\/script>\n<!-- \/ Yoast SEO plugin. -->","yoast_head_json":{"title":"Arcadiusz Milik, la aparici\u00f3n de la jornada en la Eredivisie &#8211; Futbolandia","robots":{"index":"index","follow":"follow","max-snippet":"max-snippet:-1","max-image-preview":"max-image-preview:large","max-video-preview":"max-video-preview:-1"},"canonical":"https:\/\/www.manquepierda.com\/futbolandia\/arcadiusz-milik-la-aparicion-de-la-jornada-en-la-eredivisie\/","og_locale":"es_ES","og_type":"article","og_title":"Arcadiusz Milik, la aparici\u00f3n de la jornada en la Eredivisie &#8211; Futbolandia","og_description":"No ser\u00edan pocos los aficionados a la Eredivisie que se sorprendieran esta jornada tras la victoria del Ajax frente al Heracles (2-1). Y no sorpresa por una victoria que podr\u00edamos calificar como esperada,\u00a0entre uno de los principales candidatos al t\u00edtulo y actual campe\u00f3n de liga y el colista de esta edici\u00f3n tras las primeras jornadas,...","og_url":"https:\/\/www.manquepierda.com\/futbolandia\/arcadiusz-milik-la-aparicion-de-la-jornada-en-la-eredivisie\/","og_site_name":"Futbolandia","article_published_time":"2014-09-15T13:38:04+00:00","article_modified_time":"2014-09-17T10:27:46+00:00","og_image":[{"width":800,"height":450,"url":"https:\/\/i0.wp.com\/www.manquepierda.com\/futbolandia\/files\/2014\/09\/milik-2.jpg?fit=800%2C450&ssl=1","type":"image\/jpeg"}],"author":"Jorge M. Gonz\u00e1lez","twitter_misc":{"Escrito por":"Jorge M. Gonz\u00e1lez","Tiempo de lectura":"4 minutos"},"schema":{"@context":"https:\/\/schema.org","@graph":[{"@type":"Article","@id":"https:\/\/www.manquepierda.com\/futbolandia\/arcadiusz-milik-la-aparicion-de-la-jornada-en-la-eredivisie\/#article","isPartOf":{"@id":"https:\/\/www.manquepierda.com\/futbolandia\/arcadiusz-milik-la-aparicion-de-la-jornada-en-la-eredivisie\/"},"author":{"name":"Jorge M. Gonz\u00e1lez","@id":"https:\/\/www.manquepierda.com\/futbolandia\/#\/schema\/person\/fdb4eabc3c2e0e717a790a4ce10cd2b3"},"headline":"Arcadiusz Milik, la aparici\u00f3n de la jornada en la Eredivisie","datePublished":"2014-09-15T13:38:04+00:00","dateModified":"2014-09-17T10:27:46+00:00","mainEntityOfPage":{"@id":"https:\/\/www.manquepierda.com\/futbolandia\/arcadiusz-milik-la-aparicion-de-la-jornada-en-la-eredivisie\/"},"wordCount":713,"commentCount":0,"image":{"@id":"https:\/\/www.manquepierda.com\/futbolandia\/arcadiusz-milik-la-aparicion-de-la-jornada-en-la-eredivisie\/#primaryimage"},"thumbnailUrl":"https:\/\/i0.wp.com\/www.manquepierda.com\/futbolandia\/files\/2014\/09\/milik-2.jpg?fit=800%2C450&ssl=1","keywords":["21","ajax","arcadiusz","delantero","leverkusen","milik","polonia"],"articleSection":["J\u00f3venes Valores","Portada"],"inLanguage":"es","potentialAction":[{"@type":"CommentAction","name":"Comment","target":["https:\/\/www.manquepierda.com\/futbolandia\/arcadiusz-milik-la-aparicion-de-la-jornada-en-la-eredivisie\/#respond"]}]},{"@type":"WebPage","@id":"https:\/\/www.manquepierda.com\/futbolandia\/arcadiusz-milik-la-aparicion-de-la-jornada-en-la-eredivisie\/","url":"https:\/\/www.manquepierda.com\/futbolandia\/arcadiusz-milik-la-aparicion-de-la-jornada-en-la-eredivisie\/","name":"Arcadiusz Milik, la aparici\u00f3n de la jornada en la Eredivisie &#8211; Futbolandia","isPartOf":{"@id":"https:\/\/www.manquepierda.com\/futbolandia\/#website"},"primaryImageOfPage":{"@id":"https:\/\/www.manquepierda.com\/futbolandia\/arcadiusz-milik-la-aparicion-de-la-jornada-en-la-eredivisie\/#primaryimage"},"image":{"@id":"https:\/\/www.manquepierda.com\/futbolandia\/arcadiusz-milik-la-aparicion-de-la-jornada-en-la-eredivisie\/#primaryimage"},"thumbnailUrl":"https:\/\/i0.wp.com\/www.manquepierda.com\/futbolandia\/files\/2014\/09\/milik-2.jpg?fit=800%2C450&ssl=1","datePublished":"2014-09-15T13:38:04+00:00","dateModified":"2014-09-17T10:27:46+00:00","author":{"@id":"https:\/\/www.manquepierda.com\/futbolandia\/#\/schema\/person\/fdb4eabc3c2e0e717a790a4ce10cd2b3"},"breadcrumb":{"@id":"https:\/\/www.manquepierda.com\/futbolandia\/arcadiusz-milik-la-aparicion-de-la-jornada-en-la-eredivisie\/#breadcrumb"},"inLanguage":"es","potentialAction":[{"@type":"ReadAction","target":["https:\/\/www.manquepierda.com\/futbolandia\/arcadiusz-milik-la-aparicion-de-la-jornada-en-la-eredivisie\/"]}]},{"@type":"ImageObject","inLanguage":"es","@id":"https:\/\/www.manquepierda.com\/futbolandia\/arcadiusz-milik-la-aparicion-de-la-jornada-en-la-eredivisie\/#primaryimage","url":"https:\/\/i0.wp.com\/www.manquepierda.com\/futbolandia\/files\/2014\/09\/milik-2.jpg?fit=800%2C450&ssl=1","contentUrl":"https:\/\/i0.wp.com\/www.manquepierda.com\/futbolandia\/files\/2014\/09\/milik-2.jpg?fit=800%2C450&ssl=1","width":800,"height":450,"caption":"Foto: nos.nl"},{"@type":"BreadcrumbList","@id":"https:\/\/www.manquepierda.com\/futbolandia\/arcadiusz-milik-la-aparicion-de-la-jornada-en-la-eredivisie\/#breadcrumb","itemListElement":[{"@type":"ListItem","position":1,"name":"Portada","item":"https:\/\/www.manquepierda.com\/futbolandia\/"},{"@type":"ListItem","position":2,"name":"Arcadiusz Milik, la aparici\u00f3n de la jornada en la Eredivisie"}]},{"@type":"WebSite","@id":"https:\/\/www.manquepierda.com\/futbolandia\/#website","url":"https:\/\/www.manquepierda.com\/futbolandia\/","name":"Futbolandia","description":"Reportajes e informaci\u00f3n sobre f\u00fatbol mundial y j\u00f3venes promesas","potentialAction":[{"@type":"SearchAction","target":{"@type":"EntryPoint","urlTemplate":"https:\/\/www.manquepierda.com\/futbolandia\/?s={search_term_string}"},"query-input":{"@type":"PropertyValueSpecification","valueRequired":true,"valueName":"search_term_string"}}],"inLanguage":"es"},{"@type":"Person","@id":"https:\/\/www.manquepierda.com\/futbolandia\/#\/schema\/person\/fdb4eabc3c2e0e717a790a4ce10cd2b3","name":"Jorge M. Gonz\u00e1lez","image":{"@type":"ImageObject","inLanguage":"es","@id":"https:\/\/secure.gravatar.com\/avatar\/40fe62083e523c4134f75fb1d06ea73b4503d9162f3c6e89800e90f1bbd7f262?s=96&d=mm&r=g","url":"https:\/\/secure.gravatar.com\/avatar\/40fe62083e523c4134f75fb1d06ea73b4503d9162f3c6e89800e90f1bbd7f262?s=96&d=mm&r=g","contentUrl":"https:\/\/secure.gravatar.com\/avatar\/40fe62083e523c4134f75fb1d06ea73b4503d9162f3c6e89800e90f1bbd7f262?s=96&d=mm&r=g","caption":"Jorge M. Gonz\u00e1lez"},"description":"Apasionado del f\u00fatbol internacional y Social Media Manager. Me gusta seguir ligas extranjeras y a las j\u00f3venes promesas de todo el mundo. S\u00edgueme en twitter para compartir afici\u00f3n: @jorgegonex","sameAs":["http:\/\/manquepierda.com\/","https:\/\/x.com\/https:\/\/twitter.com\/jorgegonex","https:\/\/www.youtube.com\/user\/FutbolandiaMQP"],"url":"https:\/\/www.manquepierda.com\/futbolandia\/author\/jorgegonzalez\/"}]}},"jetpack_publicize_connections":[],"jetpack_featured_media_url":"https:\/\/i0.wp.com\/www.manquepierda.com\/futbolandia\/files\/2014\/09\/milik-2.jpg?fit=800%2C450&ssl=1","jetpack_shortlink":"https:\/\/wp.me\/p1THIg-1bQ","jetpack_sharing_enabled":true,"_links":{"self":[{"href":"https:\/\/www.manquepierda.com\/futbolandia\/wp-json\/wp\/v2\/posts\/4578","targetHints":{"allow":["GET"]}}],"collection":[{"href":"https:\/\/www.manquepierda.com\/futbolandia\/wp-json\/wp\/v2\/posts"}],"about":[{"href":"https:\/\/www.manquepierda.com\/futbolandia\/wp-json\/wp\/v2\/types\/post"}],"author":[{"embeddable":true,"href":"https:\/\/www.manquepierda.com\/futbolandia\/wp-json\/wp\/v2\/users\/93"}],"replies":[{"embeddable":true,"href":"https:\/\/www.manquepierda.com\/futbolandia\/wp-json\/wp\/v2\/comments?post=4578"}],"version-history":[{"count":0,"href":"https:\/\/www.manquepierda.com\/futbolandia\/wp-json\/wp\/v2\/posts\/4578\/revisions"}],"wp:featuredmedia":[{"embeddable":true,"href":"https:\/\/www.manquepierda.com\/futbolandia\/wp-json\/wp\/v2\/media\/4593"}],"wp:attachment":[{"href":"https:\/\/www.manquepierda.com\/futbolandia\/wp-json\/wp\/v2\/media?parent=4578"}],"wp:term":[{"taxonomy":"category","embeddable":true,"href":"https:\/\/www.manquepierda.com\/futbolandia\/wp-json\/wp\/v2\/categories?post=4578"},{"taxonomy":"post_tag","embeddable":true,"href":"https:\/\/www.manquepierda.com\/futbolandia\/wp-json\/wp\/v2\/tags?post=4578"}],"curies":[{"name":"wp","href":"https:\/\/api.w.org\/{rel}","templated":true}]}}