{"id":4584,"date":"2014-09-16T18:03:16","date_gmt":"2014-09-16T16:03:16","guid":{"rendered":"http:\/\/www.manquepierda.com\/futbolandia\/?p=4584"},"modified":"2014-09-16T18:04:58","modified_gmt":"2014-09-16T16:04:58","slug":"anderson-talisca-la-nueva-joya-del-sl-benfica","status":"publish","type":"post","link":"https:\/\/www.manquepierda.com\/futbolandia\/anderson-talisca-la-nueva-joya-del-sl-benfica\/","title":{"rendered":"Anderson Talisca, la nueva joya del SL Benfica"},"content":{"rendered":"<p><strong>Vuelve la Primeira Liga<\/strong> despu\u00e9s del reencuentro de los jugadores internacionales con sus respectivas selecciones, y nos ha dejado una jornada (la cuarta ya) muy, muy sorprendente, y con nada m\u00e1s y nada menos que <strong>dos pinchazos<\/strong> sonados. Y ojo, que <strong>ninguno de los dos l\u00edderes pertenece al grupo de los tres grandes<\/strong> portugueses. Vamos all\u00e1 con el resumen.<\/p>\n<p>1. <strong>Vit\u00f3ria Set\u00fabal 0-5 SL Benfica<\/strong> (Eduardo Salvio 10&#8242;, Talisca 38&#8242;, 43&#8242; y 51&#8242;, y Ola John 76&#8242;)<\/p>\n<p>Las \u00e1guilas <strong>comenzaron la Liga entre much\u00edsimas dudas<\/strong> tras un mercado de fichajes en el que parec\u00eda que el equipo no se hab\u00eda reforzado nada bien. Y Jorge Jesus advirti\u00f3 de que esto pod\u00eda pasar. \u00abEl Benfica <strong>va a jugar este a\u00f1o mejor que en el anterior<\/strong>\u00ab, dijo. Y tuvo raz\u00f3n. El SL Benfica se plant\u00f3 en casa de un Vit\u00f3ria Set\u00fabal que ven\u00eda de ganar, empatar y perder sus tres partidos. Y se llev\u00f3 su segunda derrota. Un espectacular Benfica comandado por el jovenc\u00edsimo y, hasta hace un mes, semidesconocido <strong>Talisca<\/strong>. Los otros goles los pusieron <strong>&#8216;el Toto&#8217; Salvio<\/strong>, que sigue siendo, c\u00f3mo no, uno de los mejores jugadores de las \u00e1guilas, y <strong>Ola John<\/strong>, el cual necesitaba este gol para comenzar a convencer en la temporada que debe ser<strong> la de su confirmaci\u00f3n<\/strong>. Victoria benfiquista en Set\u00fabal, y <strong>tres puntos m\u00e1s<\/strong> para ponerse tercero en la clasificaci\u00f3n.<\/p>\n<p>2. <strong>Moreirense 1-1 Rio Ave<\/strong> (V\u00edtor Gomes 48&#8242; \/\/ Diego Lopes 28&#8242;)<\/p>\n<p>3. <strong>FC Arouca 1-0 Sporting Braga<\/strong> (Andr\u00e9 Claro 5&#8242;)<\/p>\n<p>4. <strong>Sporting CP 1-1 Belenenses<\/strong> (Andr\u00e9 Carrillo 34&#8242; \/\/ Deyverson 28&#8242;)<\/p>\n<p><strong>Otro pinchazo del Sporting, y ya van tres<\/strong>. Los leones han demostrado much\u00edsima falta de garra y de fortuna de cara a porter\u00eda, y ya van<strong> tres empates en cuatro partidos<\/strong>. Esta vez empataron en casa ante un Belenenses que, como ya dijo su entrenador Lito Vidigal,\u00a0iban al Jos\u00e9 Alvalade a salir con los tres puntos. Y casi lo consiguieron. A pesar del mal inicio de Liga, el Sporting CP es <strong>uno de los cinco equipos que a\u00fan no han perdido<\/strong>, y tras este empate acab\u00f3 la jornada en el puesto n\u00famero ocho de la clasificaci\u00f3n del torneo dom\u00e9stico luso.<\/p>\n<p>5. <strong>Boavista 1-0 Acad\u00e9mica Coimbra<\/strong> (Richard Ofori 56&#8242;)<\/p>\n<p>6. <strong>SC Mar\u00edtimo 2-0 Penafiel<\/strong> (Frans\u00e9rgio 49&#8242;, Theo Weeks 63&#8242;)<\/p>\n<p>7. <strong>Pa\u00e7os de Ferreira 1-1 Gil Vicente<\/strong> (Ricardo 43&#8242; \/\/ Pecks 73&#8242;)<\/p>\n<p>8. <strong>Vit\u00f3ria Guimar\u00e3es 1-1 FC Porto<\/strong> (Bernard Mensah 69&#8242; \/\/ Jackson Mart\u00ednez 61&#8242;)<\/p>\n<p><strong>Y tambi\u00e9n pincharon los dragones<\/strong>. Y aqu\u00ed se acab\u00f3 su racha ganadora. El conjunto de Julen Lopetegui visit\u00f3 el estadio de un gran Vit\u00f3ria Guimar\u00e3es, que <strong>es otro de los equipos invictos<\/strong>, de momento, del campeonato. El Porto control\u00f3 el partido s\u00f3lo en algunas fases, y tuvo dificultades para llegar a la porter\u00eda de Douglas Jesus durante el grueso del partido. A pesar de ello, se adelantaron por medio de un penalti convertido por <strong>Jackson Mart\u00ednez<\/strong>, pero <strong>un espectacular, de nuevo, Bernard Mensah<\/strong> (que ya estuvo en la secci\u00f3n CRACKS hace dos jornadas) empat\u00f3 el partido, comandando a su equipo y anotando el gol del empate. Adem\u00e1s, <strong>el partido se detuvo durante diez minutos<\/strong> por un gran barullo en la grada local que, a pesar de necesitar presencia policial, <strong>no pas\u00f3 a mayores<\/strong>, y tambi\u00e9n hubo pol\u00e9mica: Brahimi anot\u00f3 el gol que hubiese significado el 1-2 a diez minutos del final, pero el asistente de Paulo Batista, el colegiado, <strong>se\u00f1al\u00f3 un fuera de juego muy dudoso<\/strong>. Y para m\u00e1s inri, se ha descubierto que dicho linier tiene entre sus &#8216;likes&#8217; de Facebook al SL Benfica. <strong>Un l\u00edo<\/strong>. En resumen, un punto para cada equipo en un empate justo, y Vit\u00f3ria Guimar\u00e3es se coloca en segunda posici\u00f3n. El FC Porto, en cuarta.<\/p>\n<p>9. <strong>GD Estoril 2-1 CD Nacional<\/strong> (Bruno Miguel 26&#8242; y 64&#8242; \/\/ Marco Matias 51&#8242;)<\/p>\n<p>&#8212;&#8212;-<\/p>\n<p><strong>EL PINCHAZO\/LA SORPRESA<\/strong><\/p>\n<p>De nuevo, el resultado sorpresa de la jornada vuelve a ser el del Rio Ave, pero esta vez para mal. Su partido acab\u00f3 con el resultado <strong>Moreirense 1-1 Rio Ave<\/strong>.\u00a0Curioso que tenga que ser <strong>un reci\u00e9n ascendido<\/strong> el que acabe con la <strong>genial racha<\/strong> del Rio Ave, el cual sigue intratable y lo demostr\u00f3 con su juego, pero el Moreirense en casa es muy fuerte y consigui\u00f3 sacarle un empate. A\u00fan as\u00ed, el equipo revelaci\u00f3n, por el momento, del campeonato y <strong>el equipo de moda en el f\u00fatbol portugu\u00e9s<\/strong>, el Rio Ave, sigue <strong>l\u00edder en la Primeira Liga<\/strong>. Y no quiere bajar de ah\u00ed pronto.<\/p>\n<p><strong>LOS CRACKS<\/strong><\/p>\n<p>1.\u00a0<strong>Anderson Talisca<\/strong><\/p>\n<p><a href=\"https:\/\/i0.wp.com\/www.manquepierda.com\/futbolandia\/files\/2014\/09\/Talisca.jpg\"><img data-recalc-dims=\"1\" loading=\"lazy\" decoding=\"async\" data-attachment-id=\"4585\" data-permalink=\"https:\/\/www.manquepierda.com\/futbolandia\/anderson-talisca-la-nueva-joya-del-sl-benfica\/sl-benfica-v-ajax-eusebio-cup\/\" data-orig-file=\"https:\/\/i0.wp.com\/www.manquepierda.com\/futbolandia\/files\/2014\/09\/Talisca.jpg?fit=1024%2C768&amp;ssl=1\" data-orig-size=\"1024,768\" data-comments-opened=\"1\" data-image-meta=\"{&quot;aperture&quot;:&quot;4&quot;,&quot;credit&quot;:&quot;Getty Images&quot;,&quot;camera&quot;:&quot;NIKON D4S&quot;,&quot;caption&quot;:&quot;LISBON, PORTUGAL - JULY 26:  Joao Cancelo of SL Benfica controls the ball during the Eusebio Cup match between SL Benfica and Ajax at Estadio da Luz on July 26, 2014 in Lisbon, Portugal.  (Photo by Valerio Pennicino\/Getty Images)&quot;,&quot;created_timestamp&quot;:&quot;1406412529&quot;,&quot;copyright&quot;:&quot;2014 Getty Images&quot;,&quot;focal_length&quot;:&quot;420&quot;,&quot;iso&quot;:&quot;2500&quot;,&quot;shutter_speed&quot;:&quot;0.001&quot;,&quot;title&quot;:&quot;SL Benfica v Ajax - Eusebio Cup&quot;,&quot;orientation&quot;:&quot;0&quot;}\" data-image-title=\"SL Benfica v Ajax &amp;#8211; Eusebio Cup\" data-image-description=\"&lt;p&gt;LISBON, PORTUGAL &amp;#8211; JULY 26:  Joao Cancelo of SL Benfica controls the ball during the Eusebio Cup match between SL Benfica and Ajax at Estadio da Luz on July 26, 2014 in Lisbon, Portugal.  (Photo by Valerio Pennicino\/Getty Images)&lt;\/p&gt;\n\" data-image-caption=\"\" data-large-file=\"https:\/\/i0.wp.com\/www.manquepierda.com\/futbolandia\/files\/2014\/09\/Talisca.jpg?fit=1024%2C768&amp;ssl=1\" class=\"alignnone  wp-image-4585\" src=\"https:\/\/i0.wp.com\/www.manquepierda.com\/futbolandia\/files\/2014\/09\/Talisca.jpg?resize=345%2C259\" alt=\"SL Benfica v Ajax - Eusebio Cup\" width=\"345\" height=\"259\" srcset=\"https:\/\/i0.wp.com\/www.manquepierda.com\/futbolandia\/files\/2014\/09\/Talisca.jpg?resize=300%2C225&amp;ssl=1 300w, https:\/\/i0.wp.com\/www.manquepierda.com\/futbolandia\/files\/2014\/09\/Talisca.jpg?w=1024&amp;ssl=1 1024w\" sizes=\"auto, (max-width: 345px) 100vw, 345px\" \/><\/a><\/p>\n<p>Otro<strong> jovenc\u00edsimo<\/strong> jugador que es la revelaci\u00f3n de la jornada, y esta vez es de un SL Benfica que hasta este fin de semana no convenc\u00eda. El joven <strong>centrocampista<\/strong> brasile\u00f1o (que <strong>puede actuar tambi\u00e9n de media punta, e incluso de segundo delantero<\/strong>) de tan s\u00f3lo <strong>20 a\u00f1itos<\/strong> fue uno de los fichajes sorpresa y casi desconocidos del SL Benfica este verano. Lleg\u00f3 del Bahia brasile\u00f1o <strong>por 4 millones de euros<\/strong>. Y este fin de semana ya ha hecho que esos 4 millones hayan merecido much\u00edsimo la pena haciendo <strong>un partido de 10<\/strong> ante el Vit\u00f3ria Set\u00fabal, y <strong>anotando un hat-trick<\/strong>. Incluso, Jos\u00e9 Mourinho ya ha declarado que <strong>le ve en un equipo TOP la Premier League<\/strong> en muy poco tiempo. Otra medalla para los <strong>realmente geniales<\/strong> ojeadores de los clubes portugueses. Con todos ustedes, y quiz\u00e1s para mucho tiempo, <strong>Anderson \u00abTalisca\u00bb Souza Concei\u00e7\u00e3o<\/strong>.<\/p>\n<p>2. <strong>Bruno Miguel<\/strong><\/p>\n<p><a href=\"https:\/\/i0.wp.com\/www.manquepierda.com\/futbolandia\/files\/2014\/09\/Bruno-Miguel.jpg\"><img data-recalc-dims=\"1\" loading=\"lazy\" decoding=\"async\" data-attachment-id=\"4586\" data-permalink=\"https:\/\/www.manquepierda.com\/futbolandia\/anderson-talisca-la-nueva-joya-del-sl-benfica\/bruno-miguel\/\" data-orig-file=\"https:\/\/i0.wp.com\/www.manquepierda.com\/futbolandia\/files\/2014\/09\/Bruno-Miguel.jpg?fit=600%2C450&amp;ssl=1\" data-orig-size=\"600,450\" data-comments-opened=\"1\" data-image-meta=\"{&quot;aperture&quot;:&quot;0&quot;,&quot;credit&quot;:&quot;&quot;,&quot;camera&quot;:&quot;&quot;,&quot;caption&quot;:&quot;&quot;,&quot;created_timestamp&quot;:&quot;0&quot;,&quot;copyright&quot;:&quot;&quot;,&quot;focal_length&quot;:&quot;0&quot;,&quot;iso&quot;:&quot;0&quot;,&quot;shutter_speed&quot;:&quot;0&quot;,&quot;title&quot;:&quot;&quot;,&quot;orientation&quot;:&quot;0&quot;}\" data-image-title=\"Bruno Miguel\" data-image-description=\"\" data-image-caption=\"\" data-large-file=\"https:\/\/i0.wp.com\/www.manquepierda.com\/futbolandia\/files\/2014\/09\/Bruno-Miguel.jpg?fit=600%2C450&amp;ssl=1\" class=\"alignnone size-medium wp-image-4586\" src=\"https:\/\/i0.wp.com\/www.manquepierda.com\/futbolandia\/files\/2014\/09\/Bruno-Miguel.jpg?resize=300%2C225\" alt=\"Bruno Miguel\" width=\"300\" height=\"225\" srcset=\"https:\/\/i0.wp.com\/www.manquepierda.com\/futbolandia\/files\/2014\/09\/Bruno-Miguel.jpg?resize=300%2C225&amp;ssl=1 300w, https:\/\/i0.wp.com\/www.manquepierda.com\/futbolandia\/files\/2014\/09\/Bruno-Miguel.jpg?w=600&amp;ssl=1 600w\" sizes=\"auto, (max-width: 300px) 100vw, 300px\" \/><\/a><\/p>\n<p>Esto ya no es un descubrimiento de un joven y prometedor media punta, o de un r\u00e1pido y el\u00e9ctrico extremo. Esto es el premio <strong>a un partido bordado por un central de 31 a\u00f1os<\/strong>. <strong>Bruno Miguel anot\u00f3<\/strong> nada m\u00e1s y nada menos que <strong>un doblete para darle tres puntos<\/strong> a un Estoril Praia que ha comenzado la temporada realmente mal. As\u00ed, el central que sali\u00f3 all\u00e1 por el 2004 de la cantera del <strong>FC Porto<\/strong> y que, tras probar suerte en diversos equipos de Segunda Liga y una aventura en el f\u00fatbol rumano, volvi\u00f3 a Portugal hace ya dos a\u00f1os para ser <strong>uno de los pilares defensivos<\/strong> de \u00abos canarios\u00bb y el segundo Crack de la cuarta jornada de la Primeira Liga portuguesa.<\/p>\n<p><strong>LA FRASE<\/strong><\/p>\n<p>\u00abEl f\u00fatbol es un deporte en el que gana quien marca m\u00e1s goles. <strong>Nosotros marcamos m\u00e1s, pero no subi\u00f3 al marcador<\/strong>. Adem\u00e1s, <strong>no se nos pit\u00f3 un penalti<\/strong> en la primera parte.\u00bb &#8211; <strong>Julen Lopetegui<\/strong>, entrenador del FC Porto.<\/p>\n","protected":false},"excerpt":{"rendered":"<p>Vuelve la Primeira Liga despu\u00e9s del reencuentro de los jugadores internacionales con sus respectivas selecciones, y nos ha dejado una jornada (la cuarta ya) muy, muy sorprendente, y con nada m\u00e1s y nada menos que dos pinchazos sonados. Y ojo, que ninguno de los dos l\u00edderes pertenece al grupo de los tres grandes portugueses. Vamos&#8230;<\/p>\n","protected":false},"author":413,"featured_media":4587,"comment_status":"open","ping_status":"open","sticky":false,"template":"","format":"standard","meta":{"_kad_post_transparent":"","_kad_post_title":"","_kad_post_layout":"","_kad_post_sidebar_id":"","_kad_post_content_style":"","_kad_post_vertical_padding":"","_kad_post_feature":"","_kad_post_feature_position":"","_kad_post_header":false,"_kad_post_footer":false,"_kad_post_classname":"","_jetpack_memberships_contains_paid_content":false,"footnotes":"","jetpack_publicize_message":"","jetpack_publicize_feature_enabled":true,"jetpack_social_post_already_shared":true,"jetpack_social_options":{"image_generator_settings":{"template":"highway","default_image_id":0,"font":"","enabled":false},"version":2}},"categories":[4,1368,10],"tags":[224,1620,1621,1618,1619,708,673,1361,1455,1617,64,1616],"class_list":["post-4584","post","type-post","status-publish","format-standard","has-post-thumbnail","hentry","category-jovenes-valores","category-ligas-mundo","category-portada","tag-benfica","tag-bruno-miguel","tag-estoril","tag-john","tag-pinchazo","tag-porto","tag-portugal","tag-primeira-liga","tag-rio-ave","tag-salvio","tag-sporting","tag-talisca"],"yoast_head":"<!-- This site is optimized with the Yoast SEO plugin v27.5 - https:\/\/yoast.com\/product\/yoast-seo-wordpress\/ -->\n<title>Anderson Talisca, la nueva joya del SL Benfica &#8211; Futbolandia<\/title>\n<meta name=\"robots\" content=\"index, follow, max-snippet:-1, max-image-preview:large, max-video-preview:-1\" \/>\n<link rel=\"canonical\" href=\"https:\/\/www.manquepierda.com\/futbolandia\/anderson-talisca-la-nueva-joya-del-sl-benfica\/\" \/>\n<meta property=\"og:locale\" content=\"es_ES\" \/>\n<meta property=\"og:type\" content=\"article\" \/>\n<meta property=\"og:title\" content=\"Anderson Talisca, la nueva joya del SL Benfica &#8211; Futbolandia\" \/>\n<meta property=\"og:description\" content=\"Vuelve la Primeira Liga despu\u00e9s del reencuentro de los jugadores internacionales con sus respectivas selecciones, y nos ha dejado una jornada (la cuarta ya) muy, muy sorprendente, y con nada m\u00e1s y nada menos que dos pinchazos sonados. Y ojo, que ninguno de los dos l\u00edderes pertenece al grupo de los tres grandes portugueses. Vamos...\" \/>\n<meta property=\"og:url\" content=\"https:\/\/www.manquepierda.com\/futbolandia\/anderson-talisca-la-nueva-joya-del-sl-benfica\/\" \/>\n<meta property=\"og:site_name\" content=\"Futbolandia\" \/>\n<meta property=\"article:published_time\" content=\"2014-09-16T16:03:16+00:00\" \/>\n<meta property=\"article:modified_time\" content=\"2014-09-16T16:04:58+00:00\" \/>\n<meta property=\"og:image\" content=\"https:\/\/i2.wp.com\/www.manquepierda.com\/futbolandia\/files\/2014\/09\/Talisca-Portada.jpg?fit=690%2C346&ssl=1\" \/>\n\t<meta property=\"og:image:width\" content=\"690\" \/>\n\t<meta property=\"og:image:height\" content=\"346\" \/>\n\t<meta property=\"og:image:type\" content=\"image\/jpeg\" \/>\n<meta name=\"author\" content=\"Sergi Morilla\" \/>\n<meta name=\"twitter:label1\" content=\"Escrito por\" \/>\n\t<meta name=\"twitter:data1\" content=\"Sergi Morilla\" \/>\n\t<meta name=\"twitter:label2\" content=\"Tiempo de lectura\" \/>\n\t<meta name=\"twitter:data2\" content=\"6 minutos\" \/>\n<script type=\"application\/ld+json\" class=\"yoast-schema-graph\">{\"@context\":\"https:\\\/\\\/schema.org\",\"@graph\":[{\"@type\":\"Article\",\"@id\":\"https:\\\/\\\/www.manquepierda.com\\\/futbolandia\\\/anderson-talisca-la-nueva-joya-del-sl-benfica\\\/#article\",\"isPartOf\":{\"@id\":\"https:\\\/\\\/www.manquepierda.com\\\/futbolandia\\\/anderson-talisca-la-nueva-joya-del-sl-benfica\\\/\"},\"author\":{\"name\":\"Sergi Morilla\",\"@id\":\"https:\\\/\\\/www.manquepierda.com\\\/futbolandia\\\/#\\\/schema\\\/person\\\/a5ee685aa08423aa6a09f85effed7e81\"},\"headline\":\"Anderson Talisca, la nueva joya del SL Benfica\",\"datePublished\":\"2014-09-16T16:03:16+00:00\",\"dateModified\":\"2014-09-16T16:04:58+00:00\",\"mainEntityOfPage\":{\"@id\":\"https:\\\/\\\/www.manquepierda.com\\\/futbolandia\\\/anderson-talisca-la-nueva-joya-del-sl-benfica\\\/\"},\"wordCount\":1099,\"commentCount\":0,\"image\":{\"@id\":\"https:\\\/\\\/www.manquepierda.com\\\/futbolandia\\\/anderson-talisca-la-nueva-joya-del-sl-benfica\\\/#primaryimage\"},\"thumbnailUrl\":\"https:\\\/\\\/i0.wp.com\\\/www.manquepierda.com\\\/futbolandia\\\/files\\\/2014\\\/09\\\/Talisca-Portada.jpg?fit=690%2C346&ssl=1\",\"keywords\":[\"benfica\",\"Bruno Miguel\",\"Estoril\",\"John\",\"Pinchazo\",\"porto\",\"portugal\",\"primeira liga\",\"rio ave\",\"Salvio\",\"Sporting\",\"Talisca\"],\"articleSection\":[\"J\u00f3venes Valores\",\"Ligas del Mundo\",\"Portada\"],\"inLanguage\":\"es\",\"potentialAction\":[{\"@type\":\"CommentAction\",\"name\":\"Comment\",\"target\":[\"https:\\\/\\\/www.manquepierda.com\\\/futbolandia\\\/anderson-talisca-la-nueva-joya-del-sl-benfica\\\/#respond\"]}]},{\"@type\":\"WebPage\",\"@id\":\"https:\\\/\\\/www.manquepierda.com\\\/futbolandia\\\/anderson-talisca-la-nueva-joya-del-sl-benfica\\\/\",\"url\":\"https:\\\/\\\/www.manquepierda.com\\\/futbolandia\\\/anderson-talisca-la-nueva-joya-del-sl-benfica\\\/\",\"name\":\"Anderson Talisca, la nueva joya del SL Benfica &#8211; Futbolandia\",\"isPartOf\":{\"@id\":\"https:\\\/\\\/www.manquepierda.com\\\/futbolandia\\\/#website\"},\"primaryImageOfPage\":{\"@id\":\"https:\\\/\\\/www.manquepierda.com\\\/futbolandia\\\/anderson-talisca-la-nueva-joya-del-sl-benfica\\\/#primaryimage\"},\"image\":{\"@id\":\"https:\\\/\\\/www.manquepierda.com\\\/futbolandia\\\/anderson-talisca-la-nueva-joya-del-sl-benfica\\\/#primaryimage\"},\"thumbnailUrl\":\"https:\\\/\\\/i0.wp.com\\\/www.manquepierda.com\\\/futbolandia\\\/files\\\/2014\\\/09\\\/Talisca-Portada.jpg?fit=690%2C346&ssl=1\",\"datePublished\":\"2014-09-16T16:03:16+00:00\",\"dateModified\":\"2014-09-16T16:04:58+00:00\",\"author\":{\"@id\":\"https:\\\/\\\/www.manquepierda.com\\\/futbolandia\\\/#\\\/schema\\\/person\\\/a5ee685aa08423aa6a09f85effed7e81\"},\"breadcrumb\":{\"@id\":\"https:\\\/\\\/www.manquepierda.com\\\/futbolandia\\\/anderson-talisca-la-nueva-joya-del-sl-benfica\\\/#breadcrumb\"},\"inLanguage\":\"es\",\"potentialAction\":[{\"@type\":\"ReadAction\",\"target\":[\"https:\\\/\\\/www.manquepierda.com\\\/futbolandia\\\/anderson-talisca-la-nueva-joya-del-sl-benfica\\\/\"]}]},{\"@type\":\"ImageObject\",\"inLanguage\":\"es\",\"@id\":\"https:\\\/\\\/www.manquepierda.com\\\/futbolandia\\\/anderson-talisca-la-nueva-joya-del-sl-benfica\\\/#primaryimage\",\"url\":\"https:\\\/\\\/i0.wp.com\\\/www.manquepierda.com\\\/futbolandia\\\/files\\\/2014\\\/09\\\/Talisca-Portada.jpg?fit=690%2C346&ssl=1\",\"contentUrl\":\"https:\\\/\\\/i0.wp.com\\\/www.manquepierda.com\\\/futbolandia\\\/files\\\/2014\\\/09\\\/Talisca-Portada.jpg?fit=690%2C346&ssl=1\",\"width\":690,\"height\":346},{\"@type\":\"BreadcrumbList\",\"@id\":\"https:\\\/\\\/www.manquepierda.com\\\/futbolandia\\\/anderson-talisca-la-nueva-joya-del-sl-benfica\\\/#breadcrumb\",\"itemListElement\":[{\"@type\":\"ListItem\",\"position\":1,\"name\":\"Portada\",\"item\":\"https:\\\/\\\/www.manquepierda.com\\\/futbolandia\\\/\"},{\"@type\":\"ListItem\",\"position\":2,\"name\":\"Anderson Talisca, la nueva joya del SL Benfica\"}]},{\"@type\":\"WebSite\",\"@id\":\"https:\\\/\\\/www.manquepierda.com\\\/futbolandia\\\/#website\",\"url\":\"https:\\\/\\\/www.manquepierda.com\\\/futbolandia\\\/\",\"name\":\"Futbolandia\",\"description\":\"Reportajes e informaci\u00f3n sobre f\u00fatbol mundial y j\u00f3venes promesas\",\"potentialAction\":[{\"@type\":\"SearchAction\",\"target\":{\"@type\":\"EntryPoint\",\"urlTemplate\":\"https:\\\/\\\/www.manquepierda.com\\\/futbolandia\\\/?s={search_term_string}\"},\"query-input\":{\"@type\":\"PropertyValueSpecification\",\"valueRequired\":true,\"valueName\":\"search_term_string\"}}],\"inLanguage\":\"es\"},{\"@type\":\"Person\",\"@id\":\"https:\\\/\\\/www.manquepierda.com\\\/futbolandia\\\/#\\\/schema\\\/person\\\/a5ee685aa08423aa6a09f85effed7e81\",\"name\":\"Sergi Morilla\",\"image\":{\"@type\":\"ImageObject\",\"inLanguage\":\"es\",\"@id\":\"https:\\\/\\\/secure.gravatar.com\\\/avatar\\\/01a75e9932328c93feac7851c9316aee5595ac0e410025863f9be65ebfef296b?s=96&d=mm&r=g\",\"url\":\"https:\\\/\\\/secure.gravatar.com\\\/avatar\\\/01a75e9932328c93feac7851c9316aee5595ac0e410025863f9be65ebfef296b?s=96&d=mm&r=g\",\"contentUrl\":\"https:\\\/\\\/secure.gravatar.com\\\/avatar\\\/01a75e9932328c93feac7851c9316aee5595ac0e410025863f9be65ebfef296b?s=96&d=mm&r=g\",\"caption\":\"Sergi Morilla\"},\"description\":\"Soy Sergi Morilla, catal\u00e1n y b\u00e9tico de cuna. Seguidor del f\u00fatbol internacional desde que descubr\u00ed lo que es un bal\u00f3n. \\\"Experto\\\" en f\u00fatbol portugu\u00e9s y gestor de @FutbolPortugal en Twitter. Metalero.\",\"sameAs\":[\"http:\\\/\\\/www.twitter.com\\\/FutbolPortugal\"],\"url\":\"https:\\\/\\\/www.manquepierda.com\\\/futbolandia\\\/author\\\/sergimorilla\\\/\"}]}<\/script>\n<!-- \/ Yoast SEO plugin. -->","yoast_head_json":{"title":"Anderson Talisca, la nueva joya del SL Benfica &#8211; Futbolandia","robots":{"index":"index","follow":"follow","max-snippet":"max-snippet:-1","max-image-preview":"max-image-preview:large","max-video-preview":"max-video-preview:-1"},"canonical":"https:\/\/www.manquepierda.com\/futbolandia\/anderson-talisca-la-nueva-joya-del-sl-benfica\/","og_locale":"es_ES","og_type":"article","og_title":"Anderson Talisca, la nueva joya del SL Benfica &#8211; Futbolandia","og_description":"Vuelve la Primeira Liga despu\u00e9s del reencuentro de los jugadores internacionales con sus respectivas selecciones, y nos ha dejado una jornada (la cuarta ya) muy, muy sorprendente, y con nada m\u00e1s y nada menos que dos pinchazos sonados. Y ojo, que ninguno de los dos l\u00edderes pertenece al grupo de los tres grandes portugueses. Vamos...","og_url":"https:\/\/www.manquepierda.com\/futbolandia\/anderson-talisca-la-nueva-joya-del-sl-benfica\/","og_site_name":"Futbolandia","article_published_time":"2014-09-16T16:03:16+00:00","article_modified_time":"2014-09-16T16:04:58+00:00","og_image":[{"width":690,"height":346,"url":"https:\/\/i2.wp.com\/www.manquepierda.com\/futbolandia\/files\/2014\/09\/Talisca-Portada.jpg?fit=690%2C346&ssl=1","type":"image\/jpeg"}],"author":"Sergi Morilla","twitter_misc":{"Escrito por":"Sergi Morilla","Tiempo de lectura":"6 minutos"},"schema":{"@context":"https:\/\/schema.org","@graph":[{"@type":"Article","@id":"https:\/\/www.manquepierda.com\/futbolandia\/anderson-talisca-la-nueva-joya-del-sl-benfica\/#article","isPartOf":{"@id":"https:\/\/www.manquepierda.com\/futbolandia\/anderson-talisca-la-nueva-joya-del-sl-benfica\/"},"author":{"name":"Sergi Morilla","@id":"https:\/\/www.manquepierda.com\/futbolandia\/#\/schema\/person\/a5ee685aa08423aa6a09f85effed7e81"},"headline":"Anderson Talisca, la nueva joya del SL Benfica","datePublished":"2014-09-16T16:03:16+00:00","dateModified":"2014-09-16T16:04:58+00:00","mainEntityOfPage":{"@id":"https:\/\/www.manquepierda.com\/futbolandia\/anderson-talisca-la-nueva-joya-del-sl-benfica\/"},"wordCount":1099,"commentCount":0,"image":{"@id":"https:\/\/www.manquepierda.com\/futbolandia\/anderson-talisca-la-nueva-joya-del-sl-benfica\/#primaryimage"},"thumbnailUrl":"https:\/\/i0.wp.com\/www.manquepierda.com\/futbolandia\/files\/2014\/09\/Talisca-Portada.jpg?fit=690%2C346&ssl=1","keywords":["benfica","Bruno Miguel","Estoril","John","Pinchazo","porto","portugal","primeira liga","rio ave","Salvio","Sporting","Talisca"],"articleSection":["J\u00f3venes Valores","Ligas del Mundo","Portada"],"inLanguage":"es","potentialAction":[{"@type":"CommentAction","name":"Comment","target":["https:\/\/www.manquepierda.com\/futbolandia\/anderson-talisca-la-nueva-joya-del-sl-benfica\/#respond"]}]},{"@type":"WebPage","@id":"https:\/\/www.manquepierda.com\/futbolandia\/anderson-talisca-la-nueva-joya-del-sl-benfica\/","url":"https:\/\/www.manquepierda.com\/futbolandia\/anderson-talisca-la-nueva-joya-del-sl-benfica\/","name":"Anderson Talisca, la nueva joya del SL Benfica &#8211; Futbolandia","isPartOf":{"@id":"https:\/\/www.manquepierda.com\/futbolandia\/#website"},"primaryImageOfPage":{"@id":"https:\/\/www.manquepierda.com\/futbolandia\/anderson-talisca-la-nueva-joya-del-sl-benfica\/#primaryimage"},"image":{"@id":"https:\/\/www.manquepierda.com\/futbolandia\/anderson-talisca-la-nueva-joya-del-sl-benfica\/#primaryimage"},"thumbnailUrl":"https:\/\/i0.wp.com\/www.manquepierda.com\/futbolandia\/files\/2014\/09\/Talisca-Portada.jpg?fit=690%2C346&ssl=1","datePublished":"2014-09-16T16:03:16+00:00","dateModified":"2014-09-16T16:04:58+00:00","author":{"@id":"https:\/\/www.manquepierda.com\/futbolandia\/#\/schema\/person\/a5ee685aa08423aa6a09f85effed7e81"},"breadcrumb":{"@id":"https:\/\/www.manquepierda.com\/futbolandia\/anderson-talisca-la-nueva-joya-del-sl-benfica\/#breadcrumb"},"inLanguage":"es","potentialAction":[{"@type":"ReadAction","target":["https:\/\/www.manquepierda.com\/futbolandia\/anderson-talisca-la-nueva-joya-del-sl-benfica\/"]}]},{"@type":"ImageObject","inLanguage":"es","@id":"https:\/\/www.manquepierda.com\/futbolandia\/anderson-talisca-la-nueva-joya-del-sl-benfica\/#primaryimage","url":"https:\/\/i0.wp.com\/www.manquepierda.com\/futbolandia\/files\/2014\/09\/Talisca-Portada.jpg?fit=690%2C346&ssl=1","contentUrl":"https:\/\/i0.wp.com\/www.manquepierda.com\/futbolandia\/files\/2014\/09\/Talisca-Portada.jpg?fit=690%2C346&ssl=1","width":690,"height":346},{"@type":"BreadcrumbList","@id":"https:\/\/www.manquepierda.com\/futbolandia\/anderson-talisca-la-nueva-joya-del-sl-benfica\/#breadcrumb","itemListElement":[{"@type":"ListItem","position":1,"name":"Portada","item":"https:\/\/www.manquepierda.com\/futbolandia\/"},{"@type":"ListItem","position":2,"name":"Anderson Talisca, la nueva joya del SL Benfica"}]},{"@type":"WebSite","@id":"https:\/\/www.manquepierda.com\/futbolandia\/#website","url":"https:\/\/www.manquepierda.com\/futbolandia\/","name":"Futbolandia","description":"Reportajes e informaci\u00f3n sobre f\u00fatbol mundial y j\u00f3venes promesas","potentialAction":[{"@type":"SearchAction","target":{"@type":"EntryPoint","urlTemplate":"https:\/\/www.manquepierda.com\/futbolandia\/?s={search_term_string}"},"query-input":{"@type":"PropertyValueSpecification","valueRequired":true,"valueName":"search_term_string"}}],"inLanguage":"es"},{"@type":"Person","@id":"https:\/\/www.manquepierda.com\/futbolandia\/#\/schema\/person\/a5ee685aa08423aa6a09f85effed7e81","name":"Sergi Morilla","image":{"@type":"ImageObject","inLanguage":"es","@id":"https:\/\/secure.gravatar.com\/avatar\/01a75e9932328c93feac7851c9316aee5595ac0e410025863f9be65ebfef296b?s=96&d=mm&r=g","url":"https:\/\/secure.gravatar.com\/avatar\/01a75e9932328c93feac7851c9316aee5595ac0e410025863f9be65ebfef296b?s=96&d=mm&r=g","contentUrl":"https:\/\/secure.gravatar.com\/avatar\/01a75e9932328c93feac7851c9316aee5595ac0e410025863f9be65ebfef296b?s=96&d=mm&r=g","caption":"Sergi Morilla"},"description":"Soy Sergi Morilla, catal\u00e1n y b\u00e9tico de cuna. Seguidor del f\u00fatbol internacional desde que descubr\u00ed lo que es un bal\u00f3n. \"Experto\" en f\u00fatbol portugu\u00e9s y gestor de @FutbolPortugal en Twitter. Metalero.","sameAs":["http:\/\/www.twitter.com\/FutbolPortugal"],"url":"https:\/\/www.manquepierda.com\/futbolandia\/author\/sergimorilla\/"}]}},"jetpack_publicize_connections":[],"jetpack_featured_media_url":"https:\/\/i0.wp.com\/www.manquepierda.com\/futbolandia\/files\/2014\/09\/Talisca-Portada.jpg?fit=690%2C346&ssl=1","jetpack_shortlink":"https:\/\/wp.me\/p1THIg-1bW","jetpack_sharing_enabled":true,"_links":{"self":[{"href":"https:\/\/www.manquepierda.com\/futbolandia\/wp-json\/wp\/v2\/posts\/4584","targetHints":{"allow":["GET"]}}],"collection":[{"href":"https:\/\/www.manquepierda.com\/futbolandia\/wp-json\/wp\/v2\/posts"}],"about":[{"href":"https:\/\/www.manquepierda.com\/futbolandia\/wp-json\/wp\/v2\/types\/post"}],"author":[{"embeddable":true,"href":"https:\/\/www.manquepierda.com\/futbolandia\/wp-json\/wp\/v2\/users\/413"}],"replies":[{"embeddable":true,"href":"https:\/\/www.manquepierda.com\/futbolandia\/wp-json\/wp\/v2\/comments?post=4584"}],"version-history":[{"count":0,"href":"https:\/\/www.manquepierda.com\/futbolandia\/wp-json\/wp\/v2\/posts\/4584\/revisions"}],"wp:featuredmedia":[{"embeddable":true,"href":"https:\/\/www.manquepierda.com\/futbolandia\/wp-json\/wp\/v2\/media\/4587"}],"wp:attachment":[{"href":"https:\/\/www.manquepierda.com\/futbolandia\/wp-json\/wp\/v2\/media?parent=4584"}],"wp:term":[{"taxonomy":"category","embeddable":true,"href":"https:\/\/www.manquepierda.com\/futbolandia\/wp-json\/wp\/v2\/categories?post=4584"},{"taxonomy":"post_tag","embeddable":true,"href":"https:\/\/www.manquepierda.com\/futbolandia\/wp-json\/wp\/v2\/tags?post=4584"}],"curies":[{"name":"wp","href":"https:\/\/api.w.org\/{rel}","templated":true}]}}