{"id":4661,"date":"2014-09-27T18:37:37","date_gmt":"2014-09-27T16:37:37","guid":{"rendered":"http:\/\/www.manquepierda.com\/futbolandia\/?p=4661"},"modified":"2014-09-29T18:13:12","modified_gmt":"2014-09-29T16:13:12","slug":"un-madrid-eficaz-se-lleva-los-tres-puntos","status":"publish","type":"post","link":"https:\/\/www.manquepierda.com\/futbolandia\/un-madrid-eficaz-se-lleva-los-tres-puntos\/","title":{"rendered":"Un Madrid eficaz se lleva los tres puntos"},"content":{"rendered":"<p>Se ha jugado esta tarde en <em>El Madrigal\u00a0<\/em>un como siempre interesant\u00edsimo, Villarreal-Real Madrid. Los dos equipos necesitaban la victoria, evidentemente m\u00e1s el conjunto castellonense que el Madrid, despu\u00e9s de su derrota ante el Barcelona y su empate el mi\u00e9rcoles pasado ante el Eibar en Ipur\u00faa, un campo que les est\u00e1 costando a los equipos que ya han pasado por all\u00ed la verdad. El Madrid despu\u00e9s de haber perdido contra Atl\u00e9tico y Real Sociedad parece que haya despertado despu\u00e9s de sendas goleadas contra Basilea y Elche equipos obviamente con un potencial inferior al conjunto que dirige Carlo Ancellotti. Sin que sirva de precedente, el Madrid no guarda muy buenos recuerdos de su visita al Madrigal, fue el partido en el que Bale debut\u00f3 con la el\u00e1stica blanca y aunque marc\u00f3 un gol no fue suficiente para que su equipo consiguiera la victoria, ya que no jugaron un buen partido en lineas generales y el partido termin\u00f3 en empate a dos. Los goleadores en aquel 14 de septiembre de 2013 fueron Bruno y Gio por el Villarreal, y Cristiano y el mencionado Bale marcaron para el Real Madrid.<\/p>\n<figure style=\"width: 670px\" class=\"wp-caption aligncenter\"><img data-recalc-dims=\"1\" loading=\"lazy\" decoding=\"async\" src=\"https:\/\/i0.wp.com\/futbol.as.com\/futbol\/imagenes\/2014\/09\/27\/album\/1411827232_217515_1411828920_album_grande.jpg?resize=670%2C398\" alt=\"titulo foto\" width=\"670\" height=\"398\" \/><figcaption class=\"wp-caption-text\">El Madrigal lleno hasta la bandera|| www.as.com<\/figcaption><\/figure>\n<p>&nbsp;<\/p>\n<p>Bien los dos equipos han formado en la tarde de hoy de la siguiente manera, por el Villarreal con pocos cambios respecto a su once ideal, Marcelino se ha visto obligado a poner a Gabriel Paulista en el lateral izquierdo ante la ausencia de Jaume Costa y tambi\u00e9n empez\u00f3 Moi G\u00f3mez. La formaci\u00f3n quedo as\u00ed: Asenjo; Mario,Musacchio,V\u00edctor Ruiz, Gabriel; Bruno, Trigueros; Cani, Moi G\u00f3mez; Uche, Vietto. Por otra parte, en la formaci\u00f3n del Madrid destacar la presencia de Raphael Varane en el centro de la zaga debido a la ausencia de Pepe. La formaci\u00f3n por la que apost\u00f3 Ancellotti fue la siguiente: Casillas; Carvajal,Ramos, Varane,Marcelo; Kroos, Modric; Cristiano Ronaldo, James, Bale; Benzema.<\/p>\n<p>La verdad que la primera parte estuvo bastante equilibrada e igualada, donde ambos equipos generaron bastantes ocasiones de peligro que terminaban en tiros a puerta, aunque el control en el medio del campo fue del equipo dirigido por Marcelino Garc\u00eda Toral. El Villarreal jug\u00f3 a un ritmo bastante alto durante toda la primera mitad, Marcelino sab\u00eda contra qui\u00e9n jugaba y apost\u00f3 por jugar con las dos lineas de cuatro bastante juntas para poder llevar a cabo las transiciones ofensivas a Uche y Vietto. El Villarreal gener\u00f3 bastante peligro durante la primera media hora de juego, tanto por las bandas como por el centro, El argentino Luciano Vietto fue el jugador que m\u00e1s ocasiones claras tuvo para adelantar al<em> &#8216;submarino&#8217; ,\u00a0<\/em>el argentino tuvo hasta 3 o 4 ocasiones pero bien por falta de acierto o por las atajadas de Iker Casillas el Villarreal no consigui\u00f3 la recompensa que merec\u00eda para el gran partido que estaba jugando. Y bien, en una de estas jugadas de ataque del Villarreal, el Madrid cuando peor lo estaba pasando y cuando peor estaba jugando lleg\u00f3 el gol de Luka Modric. Ya sabemos de lo poco que necesita el Madrid para hacer un gol o para simplemente generar una ocasi\u00f3n de peligro, sabemos que en 3 o 4 toques el Madrid se puede plantar en el \u00e1rea rival v\u00e9ase pues la combinaci\u00f3n entre Di Maria,Benzema, Bale y Cristiano contra el Bayern de M\u00fanich en el Allianz Arena que supuso el 0-3 para el conjunto blanco. Pues bien, en esta ocasi\u00f3n ocurri\u00f3 m\u00e1s de lo mismo, una gran contra que ejecuta el Madrid y que en la frontal del \u00e1rea con un poco de espacio que le dejaron los centrales del Villarreal, el croata arm\u00f3 la pierna y ejecut\u00f3 un disparo seco que acab\u00f3 en un gol sensacional en el que Sergio Asenjo no tuvo m\u00e1s remedio que mirar, evidentemente esto gener\u00f3 un gran sentimiento de impotencia en el conjunto <em>&#8216;groguet<\/em>&#8216; ya que cuando mejor estaban jugando en una contra lleg\u00f3 el gol del Real Madrid. El Villarreal estaba jugando un partido soberbio, en parte yo creo que una de las preocupaciones de Marcelino era el pensar como se iba a desenvolver Gabriel Paulista en esa posici\u00f3n de lateral ya que recordemos que Gabrieles central, pues bien no ha hecho mal partido aunque a veces en las internadas de Bale o Carvajal ha tenido que recibir la ayuda de V\u00edctor Ruiz. Destacar tambi\u00e9n de la primera parte un gol que Undiano Mallenco anula por recibir Ramos el bal\u00f3n con la mano antes de disparar a puerta. Y bueno, pens\u00e1bamos que nos \u00edbamos a ir al descanso con un 0-1 pero a cinco minutos del final en una buena jugada elaborada por James, Benzema y Cristiano acab\u00f3 en gol del portugu\u00e9s. Una buena contra ejecutada por el Real Madrid que solo necesito 3 toques para plantarse en 3\/4 de campo contrario y poner el 0-2 en el marcador. Desde luego fue un mazazo para un Villarreal que despu\u00e9s de una gran primera parte apostando por un juego muy vertical, haciendo mucho da\u00f1o tanto por bandas como por el centro,se fue a la caseta con un resultado adverso que en mi opini\u00f3n despu\u00e9s de una gran primera parte fue un resultado abultado e inesperado.<\/p>\n<p>Pues bien, si la primera parte fueron 45 minutos de idas y venidas tanto por parte del Madrid como del Villarreal, la segunda parte fue totalmente diferente. Empezaron bien los dos equipos, generando alguna que otra ocasi\u00f3n. Marcelino fue el primero que movi\u00f3 el banquillo m\u00e1s pronto que tarde, quiso dar salida al ex del Bar\u00e7a B, Javier Espinosa que entr\u00f3 sustituyendo a Moi con la intenci\u00f3n que pudiera darle un vuelco al partido y poder generar ocasiones de gol. Espinosa dej\u00f3 detalles de la calidad que tiene en los pies pero no fue suficiente para poder despertar a un Villarreal que a medida que pasaba el tiempo jug\u00f3 a un ritmo m\u00e1s ralentizado. Ni la entrada de Jonathan Dos Santos ni de Giovanni fueron suficientes para al menos marcar un gol para poder darle emoci\u00f3n al partido. Tambi\u00e9n es verdad que el Real Madrid se dedic\u00f3 en la \u00faltima media hora a dormir el partido y se acababa el tiempo y ya el Villarreal vio muy dif\u00edcil poder remontar ese 0-2 adverso. Destacar tambi\u00e9n el partido tan serio que ha realizado Varane que la verdad que se ha hablado mucho de su posible salida debido a no disputar tantos minutos como le gustar\u00eda, pero la verdad es que cada vez que le toca salir a jugar ejecuta su trabajo a la perfecci\u00f3n.<\/p>\n<p>A medida que pasaba el partido Carlo Ancellotti decidi\u00f3 mover banquillo para asegurar el resultado dando salida a Nacho, Illarramendi y Isco, en sustituci\u00f3n de Marcelo, James y Benzema, respectivamente. Evidentemente Ancellotti cambi\u00f3 su esquema a 4-4-2 jugando Kroos y Illarramendi en el centro con Isco y Luka Modric por las bandas y jugando Cristiano y Bale como puntas. Carlo decidi\u00f3 cambiar a este sistema y apostar por un jugador del perfil de Illarra con el objetivo de darle pausa al partido y que el Villarreal fuese detr\u00e1s del bal\u00f3n y poder agotarle f\u00edsicamente. La verdad que no ha tenido nada que ver la primera parte con la segunda, han sido parte realmente antag\u00f3nicas.<\/p>\n<figure style=\"width: 698px\" class=\"wp-caption aligncenter\"><img data-recalc-dims=\"1\" loading=\"lazy\" decoding=\"async\" src=\"https:\/\/i0.wp.com\/futbol.as.com\/futbol\/imagenes\/2014\/09\/27\/album\/1411827232_217515_1411830226_album_grande.jpg?resize=698%2C453\" alt=\"titulo foto\" width=\"698\" height=\"453\" \/><figcaption class=\"wp-caption-text\">Luka Modric en el momento del disparo que supuso el 0-1|| www.as.com<\/figcaption><\/figure>\n<p>&nbsp;<\/p>\n","protected":false},"excerpt":{"rendered":"<p>Se ha jugado esta tarde en El Madrigal\u00a0un como siempre interesant\u00edsimo, Villarreal-Real Madrid. Los dos equipos necesitaban la victoria, evidentemente m\u00e1s el conjunto castellonense que el Madrid, despu\u00e9s de su derrota ante el Barcelona y su empate el mi\u00e9rcoles pasado ante el Eibar en Ipur\u00faa, un campo que les est\u00e1 costando a los equipos que&#8230;<\/p>\n","protected":false},"author":442,"featured_media":4664,"comment_status":"open","ping_status":"open","sticky":false,"template":"","format":"standard","meta":{"_kad_post_transparent":"","_kad_post_title":"","_kad_post_layout":"","_kad_post_sidebar_id":"","_kad_post_content_style":"","_kad_post_vertical_padding":"","_kad_post_feature":"","_kad_post_feature_position":"","_kad_post_header":false,"_kad_post_footer":false,"_kad_post_classname":"","_jetpack_memberships_contains_paid_content":false,"footnotes":"","jetpack_publicize_message":"","jetpack_publicize_feature_enabled":true,"jetpack_social_post_already_shared":true,"jetpack_social_options":{"image_generator_settings":{"template":"highway","default_image_id":0,"font":"","enabled":false},"version":2}},"categories":[1,10],"tags":[1643,24,15],"class_list":["post-4661","post","type-post","status-publish","format-standard","has-post-thumbnail","hentry","category-liga-bbva-futbol-espanol","category-portada","tag-partidazo","tag-real-madrid","tag-villarreal"],"yoast_head":"<!-- This site is optimized with the Yoast SEO plugin v27.5 - https:\/\/yoast.com\/product\/yoast-seo-wordpress\/ -->\n<title>Un Madrid eficaz se lleva los tres puntos &#8211; Futbolandia<\/title>\n<meta name=\"robots\" content=\"index, follow, max-snippet:-1, max-image-preview:large, max-video-preview:-1\" \/>\n<link rel=\"canonical\" href=\"https:\/\/www.manquepierda.com\/futbolandia\/un-madrid-eficaz-se-lleva-los-tres-puntos\/\" \/>\n<meta property=\"og:locale\" content=\"es_ES\" \/>\n<meta property=\"og:type\" content=\"article\" \/>\n<meta property=\"og:title\" content=\"Un Madrid eficaz se lleva los tres puntos &#8211; Futbolandia\" \/>\n<meta property=\"og:description\" content=\"Se ha jugado esta tarde en El Madrigal\u00a0un como siempre interesant\u00edsimo, Villarreal-Real Madrid. Los dos equipos necesitaban la victoria, evidentemente m\u00e1s el conjunto castellonense que el Madrid, despu\u00e9s de su derrota ante el Barcelona y su empate el mi\u00e9rcoles pasado ante el Eibar en Ipur\u00faa, un campo que les est\u00e1 costando a los equipos que...\" \/>\n<meta property=\"og:url\" content=\"https:\/\/www.manquepierda.com\/futbolandia\/un-madrid-eficaz-se-lleva-los-tres-puntos\/\" \/>\n<meta property=\"og:site_name\" content=\"Futbolandia\" \/>\n<meta property=\"article:published_time\" content=\"2014-09-27T16:37:37+00:00\" \/>\n<meta property=\"article:modified_time\" content=\"2014-09-29T16:13:12+00:00\" \/>\n<meta property=\"og:image\" content=\"https:\/\/i0.wp.com\/www.manquepierda.com\/futbolandia\/files\/2014\/09\/modric-2.jpg?fit=976%2C633&ssl=1\" \/>\n\t<meta property=\"og:image:width\" content=\"976\" \/>\n\t<meta property=\"og:image:height\" content=\"633\" \/>\n\t<meta property=\"og:image:type\" content=\"image\/jpeg\" \/>\n<meta name=\"author\" content=\"Jordi Bernal Albiol\" \/>\n<meta name=\"twitter:label1\" content=\"Escrito por\" \/>\n\t<meta name=\"twitter:data1\" content=\"Jordi Bernal Albiol\" \/>\n\t<meta name=\"twitter:label2\" content=\"Tiempo de lectura\" \/>\n\t<meta name=\"twitter:data2\" content=\"6 minutos\" \/>\n<script type=\"application\/ld+json\" class=\"yoast-schema-graph\">{\"@context\":\"https:\\\/\\\/schema.org\",\"@graph\":[{\"@type\":\"Article\",\"@id\":\"https:\\\/\\\/www.manquepierda.com\\\/futbolandia\\\/un-madrid-eficaz-se-lleva-los-tres-puntos\\\/#article\",\"isPartOf\":{\"@id\":\"https:\\\/\\\/www.manquepierda.com\\\/futbolandia\\\/un-madrid-eficaz-se-lleva-los-tres-puntos\\\/\"},\"author\":{\"name\":\"Jordi Bernal Albiol\",\"@id\":\"https:\\\/\\\/www.manquepierda.com\\\/futbolandia\\\/#\\\/schema\\\/person\\\/847db99271dc4c2cf3ad9f27f06c67ca\"},\"headline\":\"Un Madrid eficaz se lleva los tres puntos\",\"datePublished\":\"2014-09-27T16:37:37+00:00\",\"dateModified\":\"2014-09-29T16:13:12+00:00\",\"mainEntityOfPage\":{\"@id\":\"https:\\\/\\\/www.manquepierda.com\\\/futbolandia\\\/un-madrid-eficaz-se-lleva-los-tres-puntos\\\/\"},\"wordCount\":1278,\"commentCount\":0,\"image\":{\"@id\":\"https:\\\/\\\/www.manquepierda.com\\\/futbolandia\\\/un-madrid-eficaz-se-lleva-los-tres-puntos\\\/#primaryimage\"},\"thumbnailUrl\":\"https:\\\/\\\/i0.wp.com\\\/www.manquepierda.com\\\/futbolandia\\\/files\\\/2014\\\/09\\\/modric-2.jpg?fit=976%2C633&ssl=1\",\"keywords\":[\"partidazo\",\"Real Madrid\",\"Villarreal\"],\"articleSection\":[\"Liga BBVA - F\u00fatbol Espa\u00f1ol\",\"Portada\"],\"inLanguage\":\"es\",\"potentialAction\":[{\"@type\":\"CommentAction\",\"name\":\"Comment\",\"target\":[\"https:\\\/\\\/www.manquepierda.com\\\/futbolandia\\\/un-madrid-eficaz-se-lleva-los-tres-puntos\\\/#respond\"]}]},{\"@type\":\"WebPage\",\"@id\":\"https:\\\/\\\/www.manquepierda.com\\\/futbolandia\\\/un-madrid-eficaz-se-lleva-los-tres-puntos\\\/\",\"url\":\"https:\\\/\\\/www.manquepierda.com\\\/futbolandia\\\/un-madrid-eficaz-se-lleva-los-tres-puntos\\\/\",\"name\":\"Un Madrid eficaz se lleva los tres puntos &#8211; Futbolandia\",\"isPartOf\":{\"@id\":\"https:\\\/\\\/www.manquepierda.com\\\/futbolandia\\\/#website\"},\"primaryImageOfPage\":{\"@id\":\"https:\\\/\\\/www.manquepierda.com\\\/futbolandia\\\/un-madrid-eficaz-se-lleva-los-tres-puntos\\\/#primaryimage\"},\"image\":{\"@id\":\"https:\\\/\\\/www.manquepierda.com\\\/futbolandia\\\/un-madrid-eficaz-se-lleva-los-tres-puntos\\\/#primaryimage\"},\"thumbnailUrl\":\"https:\\\/\\\/i0.wp.com\\\/www.manquepierda.com\\\/futbolandia\\\/files\\\/2014\\\/09\\\/modric-2.jpg?fit=976%2C633&ssl=1\",\"datePublished\":\"2014-09-27T16:37:37+00:00\",\"dateModified\":\"2014-09-29T16:13:12+00:00\",\"author\":{\"@id\":\"https:\\\/\\\/www.manquepierda.com\\\/futbolandia\\\/#\\\/schema\\\/person\\\/847db99271dc4c2cf3ad9f27f06c67ca\"},\"breadcrumb\":{\"@id\":\"https:\\\/\\\/www.manquepierda.com\\\/futbolandia\\\/un-madrid-eficaz-se-lleva-los-tres-puntos\\\/#breadcrumb\"},\"inLanguage\":\"es\",\"potentialAction\":[{\"@type\":\"ReadAction\",\"target\":[\"https:\\\/\\\/www.manquepierda.com\\\/futbolandia\\\/un-madrid-eficaz-se-lleva-los-tres-puntos\\\/\"]}]},{\"@type\":\"ImageObject\",\"inLanguage\":\"es\",\"@id\":\"https:\\\/\\\/www.manquepierda.com\\\/futbolandia\\\/un-madrid-eficaz-se-lleva-los-tres-puntos\\\/#primaryimage\",\"url\":\"https:\\\/\\\/i0.wp.com\\\/www.manquepierda.com\\\/futbolandia\\\/files\\\/2014\\\/09\\\/modric-2.jpg?fit=976%2C633&ssl=1\",\"contentUrl\":\"https:\\\/\\\/i0.wp.com\\\/www.manquepierda.com\\\/futbolandia\\\/files\\\/2014\\\/09\\\/modric-2.jpg?fit=976%2C633&ssl=1\",\"width\":976,\"height\":633},{\"@type\":\"BreadcrumbList\",\"@id\":\"https:\\\/\\\/www.manquepierda.com\\\/futbolandia\\\/un-madrid-eficaz-se-lleva-los-tres-puntos\\\/#breadcrumb\",\"itemListElement\":[{\"@type\":\"ListItem\",\"position\":1,\"name\":\"Portada\",\"item\":\"https:\\\/\\\/www.manquepierda.com\\\/futbolandia\\\/\"},{\"@type\":\"ListItem\",\"position\":2,\"name\":\"Un Madrid eficaz se lleva los tres puntos\"}]},{\"@type\":\"WebSite\",\"@id\":\"https:\\\/\\\/www.manquepierda.com\\\/futbolandia\\\/#website\",\"url\":\"https:\\\/\\\/www.manquepierda.com\\\/futbolandia\\\/\",\"name\":\"Futbolandia\",\"description\":\"Reportajes e informaci\u00f3n sobre f\u00fatbol mundial y j\u00f3venes promesas\",\"potentialAction\":[{\"@type\":\"SearchAction\",\"target\":{\"@type\":\"EntryPoint\",\"urlTemplate\":\"https:\\\/\\\/www.manquepierda.com\\\/futbolandia\\\/?s={search_term_string}\"},\"query-input\":{\"@type\":\"PropertyValueSpecification\",\"valueRequired\":true,\"valueName\":\"search_term_string\"}}],\"inLanguage\":\"es\"},{\"@type\":\"Person\",\"@id\":\"https:\\\/\\\/www.manquepierda.com\\\/futbolandia\\\/#\\\/schema\\\/person\\\/847db99271dc4c2cf3ad9f27f06c67ca\",\"name\":\"Jordi Bernal Albiol\",\"image\":{\"@type\":\"ImageObject\",\"inLanguage\":\"es\",\"@id\":\"https:\\\/\\\/secure.gravatar.com\\\/avatar\\\/2c59041c60fd565cf17d2e4ef56218fa69ea488942909d24a0f08383d09f4570?s=96&d=mm&r=g\",\"url\":\"https:\\\/\\\/secure.gravatar.com\\\/avatar\\\/2c59041c60fd565cf17d2e4ef56218fa69ea488942909d24a0f08383d09f4570?s=96&d=mm&r=g\",\"contentUrl\":\"https:\\\/\\\/secure.gravatar.com\\\/avatar\\\/2c59041c60fd565cf17d2e4ef56218fa69ea488942909d24a0f08383d09f4570?s=96&d=mm&r=g\",\"caption\":\"Jordi Bernal Albiol\"},\"description\":\"Graduado en ADE.De Castell\u00f3n de la Plana. De los que piensan que el f\u00fatbol es una forma de vida de aislarse de la vida misma. Aficionado al f\u00fatbol internacional sobre todo Premier y Bundesliga. Y lo m\u00e1s importante enamorado de mi equipo, el F\u00fatbol Club Barcelona. Me podr\u00e9is encontrar en twitter: @jba_jordi\",\"url\":\"https:\\\/\\\/www.manquepierda.com\\\/futbolandia\\\/author\\\/jordi93cs\\\/\"}]}<\/script>\n<!-- \/ Yoast SEO plugin. -->","yoast_head_json":{"title":"Un Madrid eficaz se lleva los tres puntos &#8211; Futbolandia","robots":{"index":"index","follow":"follow","max-snippet":"max-snippet:-1","max-image-preview":"max-image-preview:large","max-video-preview":"max-video-preview:-1"},"canonical":"https:\/\/www.manquepierda.com\/futbolandia\/un-madrid-eficaz-se-lleva-los-tres-puntos\/","og_locale":"es_ES","og_type":"article","og_title":"Un Madrid eficaz se lleva los tres puntos &#8211; Futbolandia","og_description":"Se ha jugado esta tarde en El Madrigal\u00a0un como siempre interesant\u00edsimo, Villarreal-Real Madrid. Los dos equipos necesitaban la victoria, evidentemente m\u00e1s el conjunto castellonense que el Madrid, despu\u00e9s de su derrota ante el Barcelona y su empate el mi\u00e9rcoles pasado ante el Eibar en Ipur\u00faa, un campo que les est\u00e1 costando a los equipos que...","og_url":"https:\/\/www.manquepierda.com\/futbolandia\/un-madrid-eficaz-se-lleva-los-tres-puntos\/","og_site_name":"Futbolandia","article_published_time":"2014-09-27T16:37:37+00:00","article_modified_time":"2014-09-29T16:13:12+00:00","og_image":[{"width":976,"height":633,"url":"https:\/\/i0.wp.com\/www.manquepierda.com\/futbolandia\/files\/2014\/09\/modric-2.jpg?fit=976%2C633&ssl=1","type":"image\/jpeg"}],"author":"Jordi Bernal Albiol","twitter_misc":{"Escrito por":"Jordi Bernal Albiol","Tiempo de lectura":"6 minutos"},"schema":{"@context":"https:\/\/schema.org","@graph":[{"@type":"Article","@id":"https:\/\/www.manquepierda.com\/futbolandia\/un-madrid-eficaz-se-lleva-los-tres-puntos\/#article","isPartOf":{"@id":"https:\/\/www.manquepierda.com\/futbolandia\/un-madrid-eficaz-se-lleva-los-tres-puntos\/"},"author":{"name":"Jordi Bernal Albiol","@id":"https:\/\/www.manquepierda.com\/futbolandia\/#\/schema\/person\/847db99271dc4c2cf3ad9f27f06c67ca"},"headline":"Un Madrid eficaz se lleva los tres puntos","datePublished":"2014-09-27T16:37:37+00:00","dateModified":"2014-09-29T16:13:12+00:00","mainEntityOfPage":{"@id":"https:\/\/www.manquepierda.com\/futbolandia\/un-madrid-eficaz-se-lleva-los-tres-puntos\/"},"wordCount":1278,"commentCount":0,"image":{"@id":"https:\/\/www.manquepierda.com\/futbolandia\/un-madrid-eficaz-se-lleva-los-tres-puntos\/#primaryimage"},"thumbnailUrl":"https:\/\/i0.wp.com\/www.manquepierda.com\/futbolandia\/files\/2014\/09\/modric-2.jpg?fit=976%2C633&ssl=1","keywords":["partidazo","Real Madrid","Villarreal"],"articleSection":["Liga BBVA - F\u00fatbol Espa\u00f1ol","Portada"],"inLanguage":"es","potentialAction":[{"@type":"CommentAction","name":"Comment","target":["https:\/\/www.manquepierda.com\/futbolandia\/un-madrid-eficaz-se-lleva-los-tres-puntos\/#respond"]}]},{"@type":"WebPage","@id":"https:\/\/www.manquepierda.com\/futbolandia\/un-madrid-eficaz-se-lleva-los-tres-puntos\/","url":"https:\/\/www.manquepierda.com\/futbolandia\/un-madrid-eficaz-se-lleva-los-tres-puntos\/","name":"Un Madrid eficaz se lleva los tres puntos &#8211; Futbolandia","isPartOf":{"@id":"https:\/\/www.manquepierda.com\/futbolandia\/#website"},"primaryImageOfPage":{"@id":"https:\/\/www.manquepierda.com\/futbolandia\/un-madrid-eficaz-se-lleva-los-tres-puntos\/#primaryimage"},"image":{"@id":"https:\/\/www.manquepierda.com\/futbolandia\/un-madrid-eficaz-se-lleva-los-tres-puntos\/#primaryimage"},"thumbnailUrl":"https:\/\/i0.wp.com\/www.manquepierda.com\/futbolandia\/files\/2014\/09\/modric-2.jpg?fit=976%2C633&ssl=1","datePublished":"2014-09-27T16:37:37+00:00","dateModified":"2014-09-29T16:13:12+00:00","author":{"@id":"https:\/\/www.manquepierda.com\/futbolandia\/#\/schema\/person\/847db99271dc4c2cf3ad9f27f06c67ca"},"breadcrumb":{"@id":"https:\/\/www.manquepierda.com\/futbolandia\/un-madrid-eficaz-se-lleva-los-tres-puntos\/#breadcrumb"},"inLanguage":"es","potentialAction":[{"@type":"ReadAction","target":["https:\/\/www.manquepierda.com\/futbolandia\/un-madrid-eficaz-se-lleva-los-tres-puntos\/"]}]},{"@type":"ImageObject","inLanguage":"es","@id":"https:\/\/www.manquepierda.com\/futbolandia\/un-madrid-eficaz-se-lleva-los-tres-puntos\/#primaryimage","url":"https:\/\/i0.wp.com\/www.manquepierda.com\/futbolandia\/files\/2014\/09\/modric-2.jpg?fit=976%2C633&ssl=1","contentUrl":"https:\/\/i0.wp.com\/www.manquepierda.com\/futbolandia\/files\/2014\/09\/modric-2.jpg?fit=976%2C633&ssl=1","width":976,"height":633},{"@type":"BreadcrumbList","@id":"https:\/\/www.manquepierda.com\/futbolandia\/un-madrid-eficaz-se-lleva-los-tres-puntos\/#breadcrumb","itemListElement":[{"@type":"ListItem","position":1,"name":"Portada","item":"https:\/\/www.manquepierda.com\/futbolandia\/"},{"@type":"ListItem","position":2,"name":"Un Madrid eficaz se lleva los tres puntos"}]},{"@type":"WebSite","@id":"https:\/\/www.manquepierda.com\/futbolandia\/#website","url":"https:\/\/www.manquepierda.com\/futbolandia\/","name":"Futbolandia","description":"Reportajes e informaci\u00f3n sobre f\u00fatbol mundial y j\u00f3venes promesas","potentialAction":[{"@type":"SearchAction","target":{"@type":"EntryPoint","urlTemplate":"https:\/\/www.manquepierda.com\/futbolandia\/?s={search_term_string}"},"query-input":{"@type":"PropertyValueSpecification","valueRequired":true,"valueName":"search_term_string"}}],"inLanguage":"es"},{"@type":"Person","@id":"https:\/\/www.manquepierda.com\/futbolandia\/#\/schema\/person\/847db99271dc4c2cf3ad9f27f06c67ca","name":"Jordi Bernal Albiol","image":{"@type":"ImageObject","inLanguage":"es","@id":"https:\/\/secure.gravatar.com\/avatar\/2c59041c60fd565cf17d2e4ef56218fa69ea488942909d24a0f08383d09f4570?s=96&d=mm&r=g","url":"https:\/\/secure.gravatar.com\/avatar\/2c59041c60fd565cf17d2e4ef56218fa69ea488942909d24a0f08383d09f4570?s=96&d=mm&r=g","contentUrl":"https:\/\/secure.gravatar.com\/avatar\/2c59041c60fd565cf17d2e4ef56218fa69ea488942909d24a0f08383d09f4570?s=96&d=mm&r=g","caption":"Jordi Bernal Albiol"},"description":"Graduado en ADE.De Castell\u00f3n de la Plana. De los que piensan que el f\u00fatbol es una forma de vida de aislarse de la vida misma. Aficionado al f\u00fatbol internacional sobre todo Premier y Bundesliga. Y lo m\u00e1s importante enamorado de mi equipo, el F\u00fatbol Club Barcelona. Me podr\u00e9is encontrar en twitter: @jba_jordi","url":"https:\/\/www.manquepierda.com\/futbolandia\/author\/jordi93cs\/"}]}},"jetpack_publicize_connections":[],"jetpack_featured_media_url":"https:\/\/i0.wp.com\/www.manquepierda.com\/futbolandia\/files\/2014\/09\/modric-2.jpg?fit=976%2C633&ssl=1","jetpack_shortlink":"https:\/\/wp.me\/p1THIg-1db","jetpack_sharing_enabled":true,"_links":{"self":[{"href":"https:\/\/www.manquepierda.com\/futbolandia\/wp-json\/wp\/v2\/posts\/4661","targetHints":{"allow":["GET"]}}],"collection":[{"href":"https:\/\/www.manquepierda.com\/futbolandia\/wp-json\/wp\/v2\/posts"}],"about":[{"href":"https:\/\/www.manquepierda.com\/futbolandia\/wp-json\/wp\/v2\/types\/post"}],"author":[{"embeddable":true,"href":"https:\/\/www.manquepierda.com\/futbolandia\/wp-json\/wp\/v2\/users\/442"}],"replies":[{"embeddable":true,"href":"https:\/\/www.manquepierda.com\/futbolandia\/wp-json\/wp\/v2\/comments?post=4661"}],"version-history":[{"count":0,"href":"https:\/\/www.manquepierda.com\/futbolandia\/wp-json\/wp\/v2\/posts\/4661\/revisions"}],"wp:featuredmedia":[{"embeddable":true,"href":"https:\/\/www.manquepierda.com\/futbolandia\/wp-json\/wp\/v2\/media\/4664"}],"wp:attachment":[{"href":"https:\/\/www.manquepierda.com\/futbolandia\/wp-json\/wp\/v2\/media?parent=4661"}],"wp:term":[{"taxonomy":"category","embeddable":true,"href":"https:\/\/www.manquepierda.com\/futbolandia\/wp-json\/wp\/v2\/categories?post=4661"},{"taxonomy":"post_tag","embeddable":true,"href":"https:\/\/www.manquepierda.com\/futbolandia\/wp-json\/wp\/v2\/tags?post=4661"}],"curies":[{"name":"wp","href":"https:\/\/api.w.org\/{rel}","templated":true}]}}