{"id":4674,"date":"2014-09-29T19:04:25","date_gmt":"2014-09-29T17:04:25","guid":{"rendered":"http:\/\/www.manquepierda.com\/futbolandia\/?p=4674"},"modified":"2014-09-29T19:04:25","modified_gmt":"2014-09-29T17:04:25","slug":"que-sucede-con-bvb","status":"publish","type":"post","link":"https:\/\/www.manquepierda.com\/futbolandia\/que-sucede-con-bvb\/","title":{"rendered":"\u00bfQu\u00e9 sucede con BVB?"},"content":{"rendered":"<p>Tras un <strong><em>revierderby<\/em><\/strong> desgraciadamente igualado donde <strong>la aportaci\u00f3n futbol\u00edstica tanto de Schalke como de Borussia fue bastante pobre<\/strong>, aunque cabe aclarar que los visitantes pusieron algo m\u00e1s de empe\u00f1o por mover el bal\u00f3n, los dos equipos quedan muy tocados en lo an\u00edmico, uno m\u00e1s que el otro, eso s\u00ed, porque llevarse a la saca tres puntos de un partido con tal rivalidad sube los \u00e1nimos a cualquiera.<\/p>\n<p>Pese a que se vio la intenci\u00f3n de mejorar la p\u00e9sima imagen mostrada ante Mainz y Stuttgart y Klopp lo intent\u00f3 con alg\u00fan experimento sobre el papel, <strong>las concesiones defensivas<\/strong> volvieron a constituir el mayor achaque para un equipo que, por ahora, sigue sin ser capaz de resurgir de sus cenizas para volver a convencer a sus fieles con el f\u00fatbol que encandil\u00f3 a Europa no hace mucho.<\/p>\n<p>No es tarea f\u00e1cil encontrar a un <strong>cabeza de turco<\/strong> en el seno del club para la desdicha que actualmente lo rodea. Lo f\u00e1cil ser\u00eda achacarlo al t\u00e9cnico, pero resulta del todo insensato \u2018colgarle el muerto\u2019 a <strong>un entrenador que tiene cr\u00e9dito suficiente para permitirse una mala \u00e9poca<\/strong>, pues ha demostrado conocer este deporte como nadie y ser <strong>brillante cuanto a lo t\u00e1ctico, casi \u00fanico<\/strong>.<\/p>\n<p>Dicho esto, y analizando fr\u00edamente el juego del equipo en este comienzo de temporada, con altibajos considerables, lo obvio ser\u00eda que el problema radicase en la <strong>actitud general del equipo<\/strong>, cosa que no es del todo descabellada, pues algo sucede cuando se alcanza el cl\u00edmax con victorias abrumadoras ante todo un Bayern o un Arsenal, con lecci\u00f3n t\u00e1ctica incluida, y semanas despu\u00e9s se producen derrotas significativas ante equipos de media tabla, sea Mainz o el mismo Schalke de Keller.<\/p>\n<figure id=\"attachment_4678\" aria-describedby=\"caption-attachment-4678\" style=\"width: 480px\" class=\"wp-caption aligncenter\"><a href=\"https:\/\/i0.wp.com\/www.manquepierda.com\/futbolandia\/files\/2014\/09\/dormund.jpg\"><img data-recalc-dims=\"1\" loading=\"lazy\" decoding=\"async\" data-attachment-id=\"4678\" data-permalink=\"https:\/\/www.manquepierda.com\/futbolandia\/que-sucede-con-bvb\/dormund\/\" data-orig-file=\"https:\/\/i0.wp.com\/www.manquepierda.com\/futbolandia\/files\/2014\/09\/dormund.jpg?fit=480%2C269&amp;ssl=1\" data-orig-size=\"480,269\" data-comments-opened=\"1\" data-image-meta=\"{&quot;aperture&quot;:&quot;0&quot;,&quot;credit&quot;:&quot;&quot;,&quot;camera&quot;:&quot;&quot;,&quot;caption&quot;:&quot;&quot;,&quot;created_timestamp&quot;:&quot;0&quot;,&quot;copyright&quot;:&quot;&quot;,&quot;focal_length&quot;:&quot;0&quot;,&quot;iso&quot;:&quot;0&quot;,&quot;shutter_speed&quot;:&quot;0&quot;,&quot;title&quot;:&quot;&quot;,&quot;orientation&quot;:&quot;0&quot;}\" data-image-title=\"dormund\" data-image-description=\"\" data-image-caption=\"&lt;p&gt;El Schalke de Keller pudo con un BVB irreconocible&lt;\/p&gt;\n\" data-large-file=\"https:\/\/i0.wp.com\/www.manquepierda.com\/futbolandia\/files\/2014\/09\/dormund.jpg?fit=480%2C269&amp;ssl=1\" class=\"size-full wp-image-4678\" src=\"https:\/\/i0.wp.com\/www.manquepierda.com\/futbolandia\/files\/2014\/09\/dormund.jpg?resize=480%2C269\" alt=\"El Schalke de Keller pudo con un BVB irreconocible\" width=\"480\" height=\"269\" srcset=\"https:\/\/i0.wp.com\/www.manquepierda.com\/futbolandia\/files\/2014\/09\/dormund.jpg?w=480&amp;ssl=1 480w, https:\/\/i0.wp.com\/www.manquepierda.com\/futbolandia\/files\/2014\/09\/dormund.jpg?resize=300%2C168&amp;ssl=1 300w\" sizes=\"auto, (max-width: 480px) 100vw, 480px\" \/><\/a><figcaption id=\"caption-attachment-4678\" class=\"wp-caption-text\">El Schalke de Keller pudo con un BVB irreconocible<\/figcaption><\/figure>\n<p>&nbsp;<\/p>\n<p>En este \u00faltimo encuentro ante los <em>azul prusia<\/em> se pudo evidenciar dicha falta de actitud, ya que <strong>las carencias defensivas del rival<\/strong> invitaban a un planteamiento semejante al de Champions ante los de W\u00e8nger, <strong>esperando en campo propio para contraatacar con fuerza<\/strong>. La labor de <strong>transici\u00f3n r\u00e1pida en la media<\/strong> que implica dicho esquema necesita de jugadores con calidad y visi\u00f3n de juego, <strong>algo imposible de encontrar en Bender y Ginter<\/strong>, de un perfil demasiado conservador, hecho que provoc\u00f3 una <strong>distancia tremenda<\/strong> con los tres de arriba.<\/p>\n<p><strong>Gro\u00dfkreutz f<\/strong>ue de los pocos que trat\u00f3 de conectar las dos parcelas, pues Aubameyang dif\u00edcilmente pas\u00f3 la l\u00ednea del centro del campo para defender, igual que los dos puntas (<strong>inconcebible no incluir en este esquema a Kagawa<\/strong>, otro fallo considerable). Todo esto muestra que existe un <strong>mal planteamiento previo<\/strong>, pero tambi\u00e9n una tremenda falta de actitud por parte de los jugadores, <strong>incapaces de solidarizarse para juntar las l\u00edneas y facilitar el juego <\/strong>en un partido que se presentaba como la opci\u00f3n perfecta para redimirse y termin\u00f3 con un <strong>BVB echando m\u00e1s piedras sobre su propio tejado, que ya empieza a quebrantarse<\/strong>.<\/p>\n","protected":false},"excerpt":{"rendered":"<p>Tras un revierderby desgraciadamente igualado donde la aportaci\u00f3n futbol\u00edstica tanto de Schalke como de Borussia fue bastante pobre, aunque cabe aclarar que los visitantes pusieron algo m\u00e1s de empe\u00f1o por mover el bal\u00f3n, los dos equipos quedan muy tocados en lo an\u00edmico, uno m\u00e1s que el otro, eso s\u00ed, porque llevarse a la saca tres&#8230;<\/p>\n","protected":false},"author":313,"featured_media":4676,"comment_status":"open","ping_status":"open","sticky":false,"template":"","format":"standard","meta":{"_kad_post_transparent":"","_kad_post_title":"","_kad_post_layout":"","_kad_post_sidebar_id":"","_kad_post_content_style":"","_kad_post_vertical_padding":"","_kad_post_feature":"","_kad_post_feature_position":"","_kad_post_header":false,"_kad_post_footer":false,"_kad_post_classname":"","_jetpack_memberships_contains_paid_content":false,"footnotes":"","jetpack_publicize_message":"","jetpack_publicize_feature_enabled":true,"jetpack_social_post_already_shared":true,"jetpack_social_options":{"image_generator_settings":{"template":"highway","default_image_id":0,"font":"","enabled":false},"version":2}},"categories":[1369,10],"tags":[1647,1648,1649,680,107,681,1652,425,1653,682,1650,1651,1646],"class_list":["post-4674","post","type-post","status-publish","format-standard","has-post-thumbnail","hentry","category-bundesliga-futbol-aleman","category-portada","tag-1647","tag-1648","tag-2-1","tag-borussia","tag-bundesliga","tag-bvb","tag-cuenca","tag-dortmund","tag-jurgen","tag-klopp","tag-revierderby","tag-ruhr","tag-schalke"],"yoast_head":"<!-- This site is optimized with the Yoast SEO plugin v27.5 - https:\/\/yoast.com\/product\/yoast-seo-wordpress\/ -->\n<title>\u00bfQu\u00e9 sucede con BVB? &#8211; Futbolandia<\/title>\n<meta name=\"robots\" content=\"index, follow, max-snippet:-1, max-image-preview:large, max-video-preview:-1\" \/>\n<link rel=\"canonical\" href=\"https:\/\/www.manquepierda.com\/futbolandia\/que-sucede-con-bvb\/\" \/>\n<meta property=\"og:locale\" content=\"es_ES\" \/>\n<meta property=\"og:type\" content=\"article\" \/>\n<meta property=\"og:title\" content=\"\u00bfQu\u00e9 sucede con BVB? &#8211; Futbolandia\" \/>\n<meta property=\"og:description\" content=\"Tras un revierderby desgraciadamente igualado donde la aportaci\u00f3n futbol\u00edstica tanto de Schalke como de Borussia fue bastante pobre, aunque cabe aclarar que los visitantes pusieron algo m\u00e1s de empe\u00f1o por mover el bal\u00f3n, los dos equipos quedan muy tocados en lo an\u00edmico, uno m\u00e1s que el otro, eso s\u00ed, porque llevarse a la saca tres...\" \/>\n<meta property=\"og:url\" content=\"https:\/\/www.manquepierda.com\/futbolandia\/que-sucede-con-bvb\/\" \/>\n<meta property=\"og:site_name\" content=\"Futbolandia\" \/>\n<meta property=\"article:published_time\" content=\"2014-09-29T17:04:25+00:00\" \/>\n<meta property=\"og:image\" content=\"https:\/\/i0.wp.com\/www.manquepierda.com\/futbolandia\/files\/2014\/09\/Depo30_34-e1411841037496.jpg?fit=887%2C559&ssl=1\" \/>\n\t<meta property=\"og:image:width\" content=\"887\" \/>\n\t<meta property=\"og:image:height\" content=\"559\" \/>\n\t<meta property=\"og:image:type\" content=\"image\/jpeg\" \/>\n<meta name=\"author\" content=\"Marc Mart\u00ednez Barroso\" \/>\n<meta name=\"twitter:label1\" content=\"Escrito por\" \/>\n\t<meta name=\"twitter:data1\" content=\"Marc Mart\u00ednez Barroso\" \/>\n\t<meta name=\"twitter:label2\" content=\"Tiempo de lectura\" \/>\n\t<meta name=\"twitter:data2\" content=\"3 minutos\" \/>\n<script type=\"application\/ld+json\" class=\"yoast-schema-graph\">{\"@context\":\"https:\\\/\\\/schema.org\",\"@graph\":[{\"@type\":\"Article\",\"@id\":\"https:\\\/\\\/www.manquepierda.com\\\/futbolandia\\\/que-sucede-con-bvb\\\/#article\",\"isPartOf\":{\"@id\":\"https:\\\/\\\/www.manquepierda.com\\\/futbolandia\\\/que-sucede-con-bvb\\\/\"},\"author\":{\"name\":\"Marc Mart\u00ednez Barroso\",\"@id\":\"https:\\\/\\\/www.manquepierda.com\\\/futbolandia\\\/#\\\/schema\\\/person\\\/8706ecab48110daf10285cac3655d995\"},\"headline\":\"\u00bfQu\u00e9 sucede con BVB?\",\"datePublished\":\"2014-09-29T17:04:25+00:00\",\"mainEntityOfPage\":{\"@id\":\"https:\\\/\\\/www.manquepierda.com\\\/futbolandia\\\/que-sucede-con-bvb\\\/\"},\"wordCount\":522,\"commentCount\":0,\"image\":{\"@id\":\"https:\\\/\\\/www.manquepierda.com\\\/futbolandia\\\/que-sucede-con-bvb\\\/#primaryimage\"},\"thumbnailUrl\":\"https:\\\/\\\/i0.wp.com\\\/www.manquepierda.com\\\/futbolandia\\\/files\\\/2014\\\/09\\\/Depo30_34-e1411841037496.jpg?fit=887%2C559&ssl=1\",\"keywords\":[\"04\",\"09\",\"2-1\",\"borussia\",\"bundesliga\",\"BVB\",\"cuenca\",\"dortmund\",\"jurgen\",\"klopp\",\"revierderby\",\"ruhr\",\"schalke\"],\"articleSection\":[\"Bundesliga - F\u00fatbol Alem\u00e1n\",\"Portada\"],\"inLanguage\":\"es\",\"potentialAction\":[{\"@type\":\"CommentAction\",\"name\":\"Comment\",\"target\":[\"https:\\\/\\\/www.manquepierda.com\\\/futbolandia\\\/que-sucede-con-bvb\\\/#respond\"]}]},{\"@type\":\"WebPage\",\"@id\":\"https:\\\/\\\/www.manquepierda.com\\\/futbolandia\\\/que-sucede-con-bvb\\\/\",\"url\":\"https:\\\/\\\/www.manquepierda.com\\\/futbolandia\\\/que-sucede-con-bvb\\\/\",\"name\":\"\u00bfQu\u00e9 sucede con BVB? &#8211; Futbolandia\",\"isPartOf\":{\"@id\":\"https:\\\/\\\/www.manquepierda.com\\\/futbolandia\\\/#website\"},\"primaryImageOfPage\":{\"@id\":\"https:\\\/\\\/www.manquepierda.com\\\/futbolandia\\\/que-sucede-con-bvb\\\/#primaryimage\"},\"image\":{\"@id\":\"https:\\\/\\\/www.manquepierda.com\\\/futbolandia\\\/que-sucede-con-bvb\\\/#primaryimage\"},\"thumbnailUrl\":\"https:\\\/\\\/i0.wp.com\\\/www.manquepierda.com\\\/futbolandia\\\/files\\\/2014\\\/09\\\/Depo30_34-e1411841037496.jpg?fit=887%2C559&ssl=1\",\"datePublished\":\"2014-09-29T17:04:25+00:00\",\"author\":{\"@id\":\"https:\\\/\\\/www.manquepierda.com\\\/futbolandia\\\/#\\\/schema\\\/person\\\/8706ecab48110daf10285cac3655d995\"},\"breadcrumb\":{\"@id\":\"https:\\\/\\\/www.manquepierda.com\\\/futbolandia\\\/que-sucede-con-bvb\\\/#breadcrumb\"},\"inLanguage\":\"es\",\"potentialAction\":[{\"@type\":\"ReadAction\",\"target\":[\"https:\\\/\\\/www.manquepierda.com\\\/futbolandia\\\/que-sucede-con-bvb\\\/\"]}]},{\"@type\":\"ImageObject\",\"inLanguage\":\"es\",\"@id\":\"https:\\\/\\\/www.manquepierda.com\\\/futbolandia\\\/que-sucede-con-bvb\\\/#primaryimage\",\"url\":\"https:\\\/\\\/i0.wp.com\\\/www.manquepierda.com\\\/futbolandia\\\/files\\\/2014\\\/09\\\/Depo30_34-e1411841037496.jpg?fit=887%2C559&ssl=1\",\"contentUrl\":\"https:\\\/\\\/i0.wp.com\\\/www.manquepierda.com\\\/futbolandia\\\/files\\\/2014\\\/09\\\/Depo30_34-e1411841037496.jpg?fit=887%2C559&ssl=1\",\"width\":887,\"height\":559},{\"@type\":\"BreadcrumbList\",\"@id\":\"https:\\\/\\\/www.manquepierda.com\\\/futbolandia\\\/que-sucede-con-bvb\\\/#breadcrumb\",\"itemListElement\":[{\"@type\":\"ListItem\",\"position\":1,\"name\":\"Portada\",\"item\":\"https:\\\/\\\/www.manquepierda.com\\\/futbolandia\\\/\"},{\"@type\":\"ListItem\",\"position\":2,\"name\":\"\u00bfQu\u00e9 sucede con BVB?\"}]},{\"@type\":\"WebSite\",\"@id\":\"https:\\\/\\\/www.manquepierda.com\\\/futbolandia\\\/#website\",\"url\":\"https:\\\/\\\/www.manquepierda.com\\\/futbolandia\\\/\",\"name\":\"Futbolandia\",\"description\":\"Reportajes e informaci\u00f3n sobre f\u00fatbol mundial y j\u00f3venes promesas\",\"potentialAction\":[{\"@type\":\"SearchAction\",\"target\":{\"@type\":\"EntryPoint\",\"urlTemplate\":\"https:\\\/\\\/www.manquepierda.com\\\/futbolandia\\\/?s={search_term_string}\"},\"query-input\":{\"@type\":\"PropertyValueSpecification\",\"valueRequired\":true,\"valueName\":\"search_term_string\"}}],\"inLanguage\":\"es\"},{\"@type\":\"Person\",\"@id\":\"https:\\\/\\\/www.manquepierda.com\\\/futbolandia\\\/#\\\/schema\\\/person\\\/8706ecab48110daf10285cac3655d995\",\"name\":\"Marc Mart\u00ednez Barroso\",\"image\":{\"@type\":\"ImageObject\",\"inLanguage\":\"es\",\"@id\":\"https:\\\/\\\/secure.gravatar.com\\\/avatar\\\/6f85e79b70d11c2878e28c6e9e333e67e6801aaf941a7db3fdac20883a936fa2?s=96&d=mm&r=g\",\"url\":\"https:\\\/\\\/secure.gravatar.com\\\/avatar\\\/6f85e79b70d11c2878e28c6e9e333e67e6801aaf941a7db3fdac20883a936fa2?s=96&d=mm&r=g\",\"contentUrl\":\"https:\\\/\\\/secure.gravatar.com\\\/avatar\\\/6f85e79b70d11c2878e28c6e9e333e67e6801aaf941a7db3fdac20883a936fa2?s=96&d=mm&r=g\",\"caption\":\"Marc Mart\u00ednez Barroso\"},\"description\":\"B\u00e9tico, no desde que nac\u00ed, pero s\u00ed desde que lo conoc\u00ed. Aqu\u00ed, me encargo de explicaros lo m\u00e1s interesante que pasa en este gran club. Subiendo escalafones para llegar alg\u00fan d\u00eda a lo m\u00e1s alto del periodismo, y si puede ser junto a Manquepierda, mejor.\",\"url\":\"https:\\\/\\\/www.manquepierda.com\\\/futbolandia\\\/author\\\/supeer21\\\/\"}]}<\/script>\n<!-- \/ Yoast SEO plugin. -->","yoast_head_json":{"title":"\u00bfQu\u00e9 sucede con BVB? &#8211; Futbolandia","robots":{"index":"index","follow":"follow","max-snippet":"max-snippet:-1","max-image-preview":"max-image-preview:large","max-video-preview":"max-video-preview:-1"},"canonical":"https:\/\/www.manquepierda.com\/futbolandia\/que-sucede-con-bvb\/","og_locale":"es_ES","og_type":"article","og_title":"\u00bfQu\u00e9 sucede con BVB? &#8211; Futbolandia","og_description":"Tras un revierderby desgraciadamente igualado donde la aportaci\u00f3n futbol\u00edstica tanto de Schalke como de Borussia fue bastante pobre, aunque cabe aclarar que los visitantes pusieron algo m\u00e1s de empe\u00f1o por mover el bal\u00f3n, los dos equipos quedan muy tocados en lo an\u00edmico, uno m\u00e1s que el otro, eso s\u00ed, porque llevarse a la saca tres...","og_url":"https:\/\/www.manquepierda.com\/futbolandia\/que-sucede-con-bvb\/","og_site_name":"Futbolandia","article_published_time":"2014-09-29T17:04:25+00:00","og_image":[{"width":887,"height":559,"url":"https:\/\/i0.wp.com\/www.manquepierda.com\/futbolandia\/files\/2014\/09\/Depo30_34-e1411841037496.jpg?fit=887%2C559&ssl=1","type":"image\/jpeg"}],"author":"Marc Mart\u00ednez Barroso","twitter_misc":{"Escrito por":"Marc Mart\u00ednez Barroso","Tiempo de lectura":"3 minutos"},"schema":{"@context":"https:\/\/schema.org","@graph":[{"@type":"Article","@id":"https:\/\/www.manquepierda.com\/futbolandia\/que-sucede-con-bvb\/#article","isPartOf":{"@id":"https:\/\/www.manquepierda.com\/futbolandia\/que-sucede-con-bvb\/"},"author":{"name":"Marc Mart\u00ednez Barroso","@id":"https:\/\/www.manquepierda.com\/futbolandia\/#\/schema\/person\/8706ecab48110daf10285cac3655d995"},"headline":"\u00bfQu\u00e9 sucede con BVB?","datePublished":"2014-09-29T17:04:25+00:00","mainEntityOfPage":{"@id":"https:\/\/www.manquepierda.com\/futbolandia\/que-sucede-con-bvb\/"},"wordCount":522,"commentCount":0,"image":{"@id":"https:\/\/www.manquepierda.com\/futbolandia\/que-sucede-con-bvb\/#primaryimage"},"thumbnailUrl":"https:\/\/i0.wp.com\/www.manquepierda.com\/futbolandia\/files\/2014\/09\/Depo30_34-e1411841037496.jpg?fit=887%2C559&ssl=1","keywords":["04","09","2-1","borussia","bundesliga","BVB","cuenca","dortmund","jurgen","klopp","revierderby","ruhr","schalke"],"articleSection":["Bundesliga - F\u00fatbol Alem\u00e1n","Portada"],"inLanguage":"es","potentialAction":[{"@type":"CommentAction","name":"Comment","target":["https:\/\/www.manquepierda.com\/futbolandia\/que-sucede-con-bvb\/#respond"]}]},{"@type":"WebPage","@id":"https:\/\/www.manquepierda.com\/futbolandia\/que-sucede-con-bvb\/","url":"https:\/\/www.manquepierda.com\/futbolandia\/que-sucede-con-bvb\/","name":"\u00bfQu\u00e9 sucede con BVB? &#8211; Futbolandia","isPartOf":{"@id":"https:\/\/www.manquepierda.com\/futbolandia\/#website"},"primaryImageOfPage":{"@id":"https:\/\/www.manquepierda.com\/futbolandia\/que-sucede-con-bvb\/#primaryimage"},"image":{"@id":"https:\/\/www.manquepierda.com\/futbolandia\/que-sucede-con-bvb\/#primaryimage"},"thumbnailUrl":"https:\/\/i0.wp.com\/www.manquepierda.com\/futbolandia\/files\/2014\/09\/Depo30_34-e1411841037496.jpg?fit=887%2C559&ssl=1","datePublished":"2014-09-29T17:04:25+00:00","author":{"@id":"https:\/\/www.manquepierda.com\/futbolandia\/#\/schema\/person\/8706ecab48110daf10285cac3655d995"},"breadcrumb":{"@id":"https:\/\/www.manquepierda.com\/futbolandia\/que-sucede-con-bvb\/#breadcrumb"},"inLanguage":"es","potentialAction":[{"@type":"ReadAction","target":["https:\/\/www.manquepierda.com\/futbolandia\/que-sucede-con-bvb\/"]}]},{"@type":"ImageObject","inLanguage":"es","@id":"https:\/\/www.manquepierda.com\/futbolandia\/que-sucede-con-bvb\/#primaryimage","url":"https:\/\/i0.wp.com\/www.manquepierda.com\/futbolandia\/files\/2014\/09\/Depo30_34-e1411841037496.jpg?fit=887%2C559&ssl=1","contentUrl":"https:\/\/i0.wp.com\/www.manquepierda.com\/futbolandia\/files\/2014\/09\/Depo30_34-e1411841037496.jpg?fit=887%2C559&ssl=1","width":887,"height":559},{"@type":"BreadcrumbList","@id":"https:\/\/www.manquepierda.com\/futbolandia\/que-sucede-con-bvb\/#breadcrumb","itemListElement":[{"@type":"ListItem","position":1,"name":"Portada","item":"https:\/\/www.manquepierda.com\/futbolandia\/"},{"@type":"ListItem","position":2,"name":"\u00bfQu\u00e9 sucede con BVB?"}]},{"@type":"WebSite","@id":"https:\/\/www.manquepierda.com\/futbolandia\/#website","url":"https:\/\/www.manquepierda.com\/futbolandia\/","name":"Futbolandia","description":"Reportajes e informaci\u00f3n sobre f\u00fatbol mundial y j\u00f3venes promesas","potentialAction":[{"@type":"SearchAction","target":{"@type":"EntryPoint","urlTemplate":"https:\/\/www.manquepierda.com\/futbolandia\/?s={search_term_string}"},"query-input":{"@type":"PropertyValueSpecification","valueRequired":true,"valueName":"search_term_string"}}],"inLanguage":"es"},{"@type":"Person","@id":"https:\/\/www.manquepierda.com\/futbolandia\/#\/schema\/person\/8706ecab48110daf10285cac3655d995","name":"Marc Mart\u00ednez Barroso","image":{"@type":"ImageObject","inLanguage":"es","@id":"https:\/\/secure.gravatar.com\/avatar\/6f85e79b70d11c2878e28c6e9e333e67e6801aaf941a7db3fdac20883a936fa2?s=96&d=mm&r=g","url":"https:\/\/secure.gravatar.com\/avatar\/6f85e79b70d11c2878e28c6e9e333e67e6801aaf941a7db3fdac20883a936fa2?s=96&d=mm&r=g","contentUrl":"https:\/\/secure.gravatar.com\/avatar\/6f85e79b70d11c2878e28c6e9e333e67e6801aaf941a7db3fdac20883a936fa2?s=96&d=mm&r=g","caption":"Marc Mart\u00ednez Barroso"},"description":"B\u00e9tico, no desde que nac\u00ed, pero s\u00ed desde que lo conoc\u00ed. Aqu\u00ed, me encargo de explicaros lo m\u00e1s interesante que pasa en este gran club. Subiendo escalafones para llegar alg\u00fan d\u00eda a lo m\u00e1s alto del periodismo, y si puede ser junto a Manquepierda, mejor.","url":"https:\/\/www.manquepierda.com\/futbolandia\/author\/supeer21\/"}]}},"jetpack_publicize_connections":[],"jetpack_featured_media_url":"https:\/\/i0.wp.com\/www.manquepierda.com\/futbolandia\/files\/2014\/09\/Depo30_34-e1411841037496.jpg?fit=887%2C559&ssl=1","jetpack_shortlink":"https:\/\/wp.me\/p1THIg-1do","jetpack_sharing_enabled":true,"_links":{"self":[{"href":"https:\/\/www.manquepierda.com\/futbolandia\/wp-json\/wp\/v2\/posts\/4674","targetHints":{"allow":["GET"]}}],"collection":[{"href":"https:\/\/www.manquepierda.com\/futbolandia\/wp-json\/wp\/v2\/posts"}],"about":[{"href":"https:\/\/www.manquepierda.com\/futbolandia\/wp-json\/wp\/v2\/types\/post"}],"author":[{"embeddable":true,"href":"https:\/\/www.manquepierda.com\/futbolandia\/wp-json\/wp\/v2\/users\/313"}],"replies":[{"embeddable":true,"href":"https:\/\/www.manquepierda.com\/futbolandia\/wp-json\/wp\/v2\/comments?post=4674"}],"version-history":[{"count":0,"href":"https:\/\/www.manquepierda.com\/futbolandia\/wp-json\/wp\/v2\/posts\/4674\/revisions"}],"wp:featuredmedia":[{"embeddable":true,"href":"https:\/\/www.manquepierda.com\/futbolandia\/wp-json\/wp\/v2\/media\/4676"}],"wp:attachment":[{"href":"https:\/\/www.manquepierda.com\/futbolandia\/wp-json\/wp\/v2\/media?parent=4674"}],"wp:term":[{"taxonomy":"category","embeddable":true,"href":"https:\/\/www.manquepierda.com\/futbolandia\/wp-json\/wp\/v2\/categories?post=4674"},{"taxonomy":"post_tag","embeddable":true,"href":"https:\/\/www.manquepierda.com\/futbolandia\/wp-json\/wp\/v2\/tags?post=4674"}],"curies":[{"name":"wp","href":"https:\/\/api.w.org\/{rel}","templated":true}]}}