{"id":4767,"date":"2014-10-27T00:06:58","date_gmt":"2014-10-26T22:06:58","guid":{"rendered":"http:\/\/www.manquepierda.com\/futbolandia\/?p=4767"},"modified":"2014-10-27T00:06:58","modified_gmt":"2014-10-26T22:06:58","slug":"navas-ochoa-y-ospina-error-o-acierto","status":"publish","type":"post","link":"https:\/\/www.manquepierda.com\/futbolandia\/navas-ochoa-y-ospina-error-o-acierto\/","title":{"rendered":"Navas, Ochoa y Ospina. \u00bf Error o acierto?"},"content":{"rendered":"<p>Queridos lectores de Futbolandia y del f\u00fatbol en general, hoy os voy a escribir un post sobre un caso del que se est\u00e1 hablando poco en el mundo del futbol, un caso que est\u00e1 pasando totalmente desapercibido. Si os menciono las palabras sudam\u00e9rica y guardametas a lo mejor os pod\u00e9is hacer una vaga idea de a d\u00f3nde voy. Para los que no hay\u00e1is ca\u00eddo, me refiero a los casos de los porteros <em>Keylor Navas, David Ospina <\/em>y de<em> Guillermo Ochoa<\/em>. Los tres guardametas sudamericanos cuajaron una notable Copa del Mundo con sus respectivas selecciones. Como olvidar aquel gran partido que se marc\u00f3 el \u2018<em>Memo Ochoa\u2019<\/em> contra la Brasil de Neymar y compa\u00f1\u00eda. O aquel gran partido\u00a0con pr\u00f3rroga y tanda de penaltis incluida que realiz\u00f3 Keylor Navas contra Grecia que supuso el pase a cuartos de final, aunque despu\u00e9s desgraciadamente caer\u00edan eliminados ante Holanda. O el partido tan soberbio que se marc\u00f3 Ospina ante Brasil\u2026<\/p>\n<figure id=\"attachment_4769\" aria-describedby=\"caption-attachment-4769\" style=\"width: 300px\" class=\"wp-caption aligncenter\"><a href=\"https:\/\/i0.wp.com\/www.manquepierda.com\/futbolandia\/files\/2014\/10\/images-1.jpg\"><img data-recalc-dims=\"1\" loading=\"lazy\" decoding=\"async\" data-attachment-id=\"4769\" data-permalink=\"https:\/\/www.manquepierda.com\/futbolandia\/navas-ochoa-y-ospina-error-o-acierto\/images-1\/\" data-orig-file=\"https:\/\/i0.wp.com\/www.manquepierda.com\/futbolandia\/files\/2014\/10\/images-1.jpg?fit=300%2C168&amp;ssl=1\" data-orig-size=\"300,168\" data-comments-opened=\"1\" data-image-meta=\"{&quot;aperture&quot;:&quot;0&quot;,&quot;credit&quot;:&quot;&quot;,&quot;camera&quot;:&quot;&quot;,&quot;caption&quot;:&quot;&quot;,&quot;created_timestamp&quot;:&quot;0&quot;,&quot;copyright&quot;:&quot;&quot;,&quot;focal_length&quot;:&quot;0&quot;,&quot;iso&quot;:&quot;0&quot;,&quot;shutter_speed&quot;:&quot;0&quot;,&quot;title&quot;:&quot;&quot;,&quot;orientation&quot;:&quot;0&quot;}\" data-image-title=\"images (1)\" data-image-description=\"\" data-image-caption=\"\" data-large-file=\"https:\/\/i0.wp.com\/www.manquepierda.com\/futbolandia\/files\/2014\/10\/images-1.jpg?fit=300%2C168&amp;ssl=1\" class=\"wp-image-4769 size-full\" src=\"https:\/\/i0.wp.com\/www.manquepierda.com\/futbolandia\/files\/2014\/10\/images-1.jpg?resize=300%2C168\" alt=\"images (1)\" width=\"300\" height=\"168\" \/><\/a><figcaption id=\"caption-attachment-4769\" class=\"wp-caption-text\">Los tres guardametas durante la pasada Copa del Mundo en Brasil\/\/ www.solamentefutbol.com<\/figcaption><\/figure>\n<p>Estamos hablando de tres grandes guardametas, los tres ya \u2018pegaron\u2019 el gran salto a Europa hace unos a\u00f1os, Keylor en el Levante, Ochoa en el Ajaccio y Ospina en el Niza. Pero evidentemente pasar a formar parte de la plantilla de dos grandes de Europa como son el Real Madrid y el Arsenal, en el caso de Keylor y Ospina, es un gran paso que dar en la carrera de un futbolista y sobre todo en la demarcaci\u00f3n de portero, donde en los grandes equipos siempre suele haber una competencia feroz. Keylor debe luchar por \u2018quitarle\u2019 el sitio a Iker Casillas uno de los mejores porteros del mundo y Ospina al polaco Wojciech Szczesny, un portero que ha luchado durante a\u00f1os y ha conseguido ganarse el puesto a base de paciencia y esfuerzo.<\/p>\n<p>De momento, parece que no todo est\u00e1 saliendo a \u2018pedir de boca\u2019 ya que los tres porteros que son fijos en sus selecciones y lo eran en sus ex-equipos han pasado a jugar un papel totalmente secundario en sus nuevos equipos. Y yo, os planteo las siguientes cuestiones\u2026 \u00bfEs un paso atr\u00e1s en la carrera de estos porteros haber dado el salto a equipos grandes?\u00bf Deber\u00edan haber apostado por equipos de tabla media-alta donde poder tener m\u00e1s protagonismo? \u00bf O Deben ser pacientes hasta que les llegue su momento?<\/p>\n<p>&nbsp;<\/p>\n<p>Son muchas preguntas las que nos planteamos dado estos casos. \u00a0Los tres cancerberos \u00a0han tenido actuaciones notables tanto en su selecci\u00f3n como en sus ex-equipos, pero parecen no convencer tanto a Carlo Ancellotti, Javi Gracia como a Ars\u00e9ne Wenger respectivamente. Hace poco salieron declaraciones del \u2018Memo\u2019 Ochoa diciendo que \u00e9l no hab\u00eda venido a Espa\u00f1a solo para jugar la copa, pero de momento al igual que sus compa\u00f1eros de profesi\u00f3n, la moneda no est\u00e1 cayendo de su lado. Los tres tendr\u00e1n que seguir luchando y trabajando muy duro para poder ganarse un sitio en el once y poder demostrar que no solo han venido para jugar la copa, como se ha dicho que jugar\u00edan Ochoa y Navas. Aunque Carlo Ancellotti explic\u00f3 en rueda de prensa que Keylor Navas podr\u00eda jugar algunos partidos de Liga a lo largo de la temporada, adem\u00e1s de la Copa del Rey.<\/p>\n<figure style=\"width: 270px\" class=\"wp-caption aligncenter\"><img loading=\"lazy\" decoding=\"async\" src=\"https:\/\/encrypted-tbn2.gstatic.com\/images?q=tbn:ANd9GcRFwjSTQrTP90HVy6dmMHNWQE9ybGmXi2b8BF43sGDUYr78rxPB\" alt=\"\" width=\"270\" height=\"187\" \/><figcaption class=\"wp-caption-text\">Guillermo Ochoa en el partido tan soberbio que se marc\u00f3 contra Brasil en la fase de grupos\/\/ www.goal.com<\/figcaption><\/figure>\n<p>Veremos c\u00f3mo evolucionan los minutos de juego de los tres porteros en estos pr\u00f3ximos meses y de las actuaciones que hagan en Copa principalmente depender\u00e1 el poder hacer cambiar de opini\u00f3n a sus entrenadores y plantearse el poder darles protagonismo en otras competiciones.<\/p>\n<p>&nbsp;<\/p>\n","protected":false},"excerpt":{"rendered":"<p>Queridos lectores de Futbolandia y del f\u00fatbol en general, hoy os voy a escribir un post sobre un caso del que se est\u00e1 hablando poco en el mundo del futbol, un caso que est\u00e1 pasando totalmente desapercibido. Si os menciono las palabras sudam\u00e9rica y guardametas a lo mejor os pod\u00e9is hacer una vaga idea de&#8230;<\/p>\n","protected":false},"author":442,"featured_media":4768,"comment_status":"open","ping_status":"open","sticky":false,"template":"","format":"standard","meta":{"_kad_post_transparent":"","_kad_post_title":"","_kad_post_layout":"","_kad_post_sidebar_id":"","_kad_post_content_style":"","_kad_post_vertical_padding":"","_kad_post_feature":"","_kad_post_feature_position":"","_kad_post_header":false,"_kad_post_footer":false,"_kad_post_classname":"","_jetpack_memberships_contains_paid_content":false,"footnotes":"","jetpack_publicize_message":"","jetpack_publicize_feature_enabled":true,"jetpack_social_post_already_shared":true,"jetpack_social_options":{"image_generator_settings":{"template":"highway","default_image_id":0,"font":"","enabled":false},"version":2}},"categories":[1371,725,1,1368,7,10],"tags":[86,821,1259,55,51,820,81,967,1701,694,85,24],"class_list":["post-4767","post","type-post","status-publish","format-standard","has-post-thumbnail","hentry","category-premier-league-futbol-ingles","category-competiciones-internacionales","category-liga-bbva-futbol-espanol","category-ligas-mundo","category-opinion","category-portada","tag-arsenal","tag-colombia","tag-costa-rica","tag-liga-bbva","tag-malaga","tag-mexico","tag-navas","tag-ochoa","tag-ospina","tag-porteros","tag-premier-league","tag-real-madrid"],"yoast_head":"<!-- This site is optimized with the Yoast SEO plugin v27.5 - https:\/\/yoast.com\/product\/yoast-seo-wordpress\/ -->\n<title>Navas, Ochoa y Ospina. \u00bf Error o acierto? &#8211; Futbolandia<\/title>\n<meta name=\"robots\" content=\"index, follow, max-snippet:-1, max-image-preview:large, max-video-preview:-1\" \/>\n<link rel=\"canonical\" href=\"https:\/\/www.manquepierda.com\/futbolandia\/navas-ochoa-y-ospina-error-o-acierto\/\" \/>\n<meta property=\"og:locale\" content=\"es_ES\" \/>\n<meta property=\"og:type\" content=\"article\" \/>\n<meta property=\"og:title\" content=\"Navas, Ochoa y Ospina. \u00bf Error o acierto? &#8211; Futbolandia\" \/>\n<meta property=\"og:description\" content=\"Queridos lectores de Futbolandia y del f\u00fatbol en general, hoy os voy a escribir un post sobre un caso del que se est\u00e1 hablando poco en el mundo del futbol, un caso que est\u00e1 pasando totalmente desapercibido. Si os menciono las palabras sudam\u00e9rica y guardametas a lo mejor os pod\u00e9is hacer una vaga idea de...\" \/>\n<meta property=\"og:url\" content=\"https:\/\/www.manquepierda.com\/futbolandia\/navas-ochoa-y-ospina-error-o-acierto\/\" \/>\n<meta property=\"og:site_name\" content=\"Futbolandia\" \/>\n<meta property=\"article:published_time\" content=\"2014-10-26T22:06:58+00:00\" \/>\n<meta property=\"og:image\" content=\"https:\/\/i1.wp.com\/www.manquepierda.com\/futbolandia\/files\/2014\/10\/images.jpg?fit=268%2C188&ssl=1\" \/>\n\t<meta property=\"og:image:width\" content=\"268\" \/>\n\t<meta property=\"og:image:height\" content=\"188\" \/>\n\t<meta property=\"og:image:type\" content=\"image\/jpeg\" \/>\n<meta name=\"author\" content=\"Jordi Bernal Albiol\" \/>\n<meta name=\"twitter:label1\" content=\"Escrito por\" \/>\n\t<meta name=\"twitter:data1\" content=\"Jordi Bernal Albiol\" \/>\n\t<meta name=\"twitter:label2\" content=\"Tiempo de lectura\" \/>\n\t<meta name=\"twitter:data2\" content=\"3 minutos\" \/>\n<script type=\"application\/ld+json\" class=\"yoast-schema-graph\">{\"@context\":\"https:\\\/\\\/schema.org\",\"@graph\":[{\"@type\":\"Article\",\"@id\":\"https:\\\/\\\/www.manquepierda.com\\\/futbolandia\\\/navas-ochoa-y-ospina-error-o-acierto\\\/#article\",\"isPartOf\":{\"@id\":\"https:\\\/\\\/www.manquepierda.com\\\/futbolandia\\\/navas-ochoa-y-ospina-error-o-acierto\\\/\"},\"author\":{\"name\":\"Jordi Bernal Albiol\",\"@id\":\"https:\\\/\\\/www.manquepierda.com\\\/futbolandia\\\/#\\\/schema\\\/person\\\/847db99271dc4c2cf3ad9f27f06c67ca\"},\"headline\":\"Navas, Ochoa y Ospina. \u00bf Error o acierto?\",\"datePublished\":\"2014-10-26T22:06:58+00:00\",\"mainEntityOfPage\":{\"@id\":\"https:\\\/\\\/www.manquepierda.com\\\/futbolandia\\\/navas-ochoa-y-ospina-error-o-acierto\\\/\"},\"wordCount\":650,\"commentCount\":0,\"image\":{\"@id\":\"https:\\\/\\\/www.manquepierda.com\\\/futbolandia\\\/navas-ochoa-y-ospina-error-o-acierto\\\/#primaryimage\"},\"thumbnailUrl\":\"https:\\\/\\\/i0.wp.com\\\/www.manquepierda.com\\\/futbolandia\\\/files\\\/2014\\\/10\\\/images.jpg?fit=268%2C188&ssl=1\",\"keywords\":[\"Arsenal\",\"colombia\",\"costa rica\",\"liga BBVA\",\"Malaga\",\"mexico\",\"Navas\",\"Ochoa\",\"ospina\",\"porteros\",\"premier league\",\"Real Madrid\"],\"articleSection\":[\"Barcklays Premier League - F\u00fatbol ingl\u00e9s\",\"Competiciones Internacionales\",\"Liga BBVA - F\u00fatbol Espa\u00f1ol\",\"Ligas del Mundo\",\"Opini\u00f3n\",\"Portada\"],\"inLanguage\":\"es\",\"potentialAction\":[{\"@type\":\"CommentAction\",\"name\":\"Comment\",\"target\":[\"https:\\\/\\\/www.manquepierda.com\\\/futbolandia\\\/navas-ochoa-y-ospina-error-o-acierto\\\/#respond\"]}]},{\"@type\":\"WebPage\",\"@id\":\"https:\\\/\\\/www.manquepierda.com\\\/futbolandia\\\/navas-ochoa-y-ospina-error-o-acierto\\\/\",\"url\":\"https:\\\/\\\/www.manquepierda.com\\\/futbolandia\\\/navas-ochoa-y-ospina-error-o-acierto\\\/\",\"name\":\"Navas, Ochoa y Ospina. \u00bf Error o acierto? &#8211; Futbolandia\",\"isPartOf\":{\"@id\":\"https:\\\/\\\/www.manquepierda.com\\\/futbolandia\\\/#website\"},\"primaryImageOfPage\":{\"@id\":\"https:\\\/\\\/www.manquepierda.com\\\/futbolandia\\\/navas-ochoa-y-ospina-error-o-acierto\\\/#primaryimage\"},\"image\":{\"@id\":\"https:\\\/\\\/www.manquepierda.com\\\/futbolandia\\\/navas-ochoa-y-ospina-error-o-acierto\\\/#primaryimage\"},\"thumbnailUrl\":\"https:\\\/\\\/i0.wp.com\\\/www.manquepierda.com\\\/futbolandia\\\/files\\\/2014\\\/10\\\/images.jpg?fit=268%2C188&ssl=1\",\"datePublished\":\"2014-10-26T22:06:58+00:00\",\"author\":{\"@id\":\"https:\\\/\\\/www.manquepierda.com\\\/futbolandia\\\/#\\\/schema\\\/person\\\/847db99271dc4c2cf3ad9f27f06c67ca\"},\"breadcrumb\":{\"@id\":\"https:\\\/\\\/www.manquepierda.com\\\/futbolandia\\\/navas-ochoa-y-ospina-error-o-acierto\\\/#breadcrumb\"},\"inLanguage\":\"es\",\"potentialAction\":[{\"@type\":\"ReadAction\",\"target\":[\"https:\\\/\\\/www.manquepierda.com\\\/futbolandia\\\/navas-ochoa-y-ospina-error-o-acierto\\\/\"]}]},{\"@type\":\"ImageObject\",\"inLanguage\":\"es\",\"@id\":\"https:\\\/\\\/www.manquepierda.com\\\/futbolandia\\\/navas-ochoa-y-ospina-error-o-acierto\\\/#primaryimage\",\"url\":\"https:\\\/\\\/i0.wp.com\\\/www.manquepierda.com\\\/futbolandia\\\/files\\\/2014\\\/10\\\/images.jpg?fit=268%2C188&ssl=1\",\"contentUrl\":\"https:\\\/\\\/i0.wp.com\\\/www.manquepierda.com\\\/futbolandia\\\/files\\\/2014\\\/10\\\/images.jpg?fit=268%2C188&ssl=1\",\"width\":268,\"height\":188},{\"@type\":\"BreadcrumbList\",\"@id\":\"https:\\\/\\\/www.manquepierda.com\\\/futbolandia\\\/navas-ochoa-y-ospina-error-o-acierto\\\/#breadcrumb\",\"itemListElement\":[{\"@type\":\"ListItem\",\"position\":1,\"name\":\"Portada\",\"item\":\"https:\\\/\\\/www.manquepierda.com\\\/futbolandia\\\/\"},{\"@type\":\"ListItem\",\"position\":2,\"name\":\"Navas, Ochoa y Ospina. \u00bf Error o acierto?\"}]},{\"@type\":\"WebSite\",\"@id\":\"https:\\\/\\\/www.manquepierda.com\\\/futbolandia\\\/#website\",\"url\":\"https:\\\/\\\/www.manquepierda.com\\\/futbolandia\\\/\",\"name\":\"Futbolandia\",\"description\":\"Reportajes e informaci\u00f3n sobre f\u00fatbol mundial y j\u00f3venes promesas\",\"potentialAction\":[{\"@type\":\"SearchAction\",\"target\":{\"@type\":\"EntryPoint\",\"urlTemplate\":\"https:\\\/\\\/www.manquepierda.com\\\/futbolandia\\\/?s={search_term_string}\"},\"query-input\":{\"@type\":\"PropertyValueSpecification\",\"valueRequired\":true,\"valueName\":\"search_term_string\"}}],\"inLanguage\":\"es\"},{\"@type\":\"Person\",\"@id\":\"https:\\\/\\\/www.manquepierda.com\\\/futbolandia\\\/#\\\/schema\\\/person\\\/847db99271dc4c2cf3ad9f27f06c67ca\",\"name\":\"Jordi Bernal Albiol\",\"image\":{\"@type\":\"ImageObject\",\"inLanguage\":\"es\",\"@id\":\"https:\\\/\\\/secure.gravatar.com\\\/avatar\\\/2c59041c60fd565cf17d2e4ef56218fa69ea488942909d24a0f08383d09f4570?s=96&d=mm&r=g\",\"url\":\"https:\\\/\\\/secure.gravatar.com\\\/avatar\\\/2c59041c60fd565cf17d2e4ef56218fa69ea488942909d24a0f08383d09f4570?s=96&d=mm&r=g\",\"contentUrl\":\"https:\\\/\\\/secure.gravatar.com\\\/avatar\\\/2c59041c60fd565cf17d2e4ef56218fa69ea488942909d24a0f08383d09f4570?s=96&d=mm&r=g\",\"caption\":\"Jordi Bernal Albiol\"},\"description\":\"Graduado en ADE.De Castell\u00f3n de la Plana. De los que piensan que el f\u00fatbol es una forma de vida de aislarse de la vida misma. Aficionado al f\u00fatbol internacional sobre todo Premier y Bundesliga. Y lo m\u00e1s importante enamorado de mi equipo, el F\u00fatbol Club Barcelona. Me podr\u00e9is encontrar en twitter: @jba_jordi\",\"url\":\"https:\\\/\\\/www.manquepierda.com\\\/futbolandia\\\/author\\\/jordi93cs\\\/\"}]}<\/script>\n<!-- \/ Yoast SEO plugin. -->","yoast_head_json":{"title":"Navas, Ochoa y Ospina. \u00bf Error o acierto? &#8211; Futbolandia","robots":{"index":"index","follow":"follow","max-snippet":"max-snippet:-1","max-image-preview":"max-image-preview:large","max-video-preview":"max-video-preview:-1"},"canonical":"https:\/\/www.manquepierda.com\/futbolandia\/navas-ochoa-y-ospina-error-o-acierto\/","og_locale":"es_ES","og_type":"article","og_title":"Navas, Ochoa y Ospina. \u00bf Error o acierto? &#8211; Futbolandia","og_description":"Queridos lectores de Futbolandia y del f\u00fatbol en general, hoy os voy a escribir un post sobre un caso del que se est\u00e1 hablando poco en el mundo del futbol, un caso que est\u00e1 pasando totalmente desapercibido. Si os menciono las palabras sudam\u00e9rica y guardametas a lo mejor os pod\u00e9is hacer una vaga idea de...","og_url":"https:\/\/www.manquepierda.com\/futbolandia\/navas-ochoa-y-ospina-error-o-acierto\/","og_site_name":"Futbolandia","article_published_time":"2014-10-26T22:06:58+00:00","og_image":[{"width":268,"height":188,"url":"https:\/\/i1.wp.com\/www.manquepierda.com\/futbolandia\/files\/2014\/10\/images.jpg?fit=268%2C188&ssl=1","type":"image\/jpeg"}],"author":"Jordi Bernal Albiol","twitter_misc":{"Escrito por":"Jordi Bernal Albiol","Tiempo de lectura":"3 minutos"},"schema":{"@context":"https:\/\/schema.org","@graph":[{"@type":"Article","@id":"https:\/\/www.manquepierda.com\/futbolandia\/navas-ochoa-y-ospina-error-o-acierto\/#article","isPartOf":{"@id":"https:\/\/www.manquepierda.com\/futbolandia\/navas-ochoa-y-ospina-error-o-acierto\/"},"author":{"name":"Jordi Bernal Albiol","@id":"https:\/\/www.manquepierda.com\/futbolandia\/#\/schema\/person\/847db99271dc4c2cf3ad9f27f06c67ca"},"headline":"Navas, Ochoa y Ospina. \u00bf Error o acierto?","datePublished":"2014-10-26T22:06:58+00:00","mainEntityOfPage":{"@id":"https:\/\/www.manquepierda.com\/futbolandia\/navas-ochoa-y-ospina-error-o-acierto\/"},"wordCount":650,"commentCount":0,"image":{"@id":"https:\/\/www.manquepierda.com\/futbolandia\/navas-ochoa-y-ospina-error-o-acierto\/#primaryimage"},"thumbnailUrl":"https:\/\/i0.wp.com\/www.manquepierda.com\/futbolandia\/files\/2014\/10\/images.jpg?fit=268%2C188&ssl=1","keywords":["Arsenal","colombia","costa rica","liga BBVA","Malaga","mexico","Navas","Ochoa","ospina","porteros","premier league","Real Madrid"],"articleSection":["Barcklays Premier League - F\u00fatbol ingl\u00e9s","Competiciones Internacionales","Liga BBVA - F\u00fatbol Espa\u00f1ol","Ligas del Mundo","Opini\u00f3n","Portada"],"inLanguage":"es","potentialAction":[{"@type":"CommentAction","name":"Comment","target":["https:\/\/www.manquepierda.com\/futbolandia\/navas-ochoa-y-ospina-error-o-acierto\/#respond"]}]},{"@type":"WebPage","@id":"https:\/\/www.manquepierda.com\/futbolandia\/navas-ochoa-y-ospina-error-o-acierto\/","url":"https:\/\/www.manquepierda.com\/futbolandia\/navas-ochoa-y-ospina-error-o-acierto\/","name":"Navas, Ochoa y Ospina. \u00bf Error o acierto? &#8211; Futbolandia","isPartOf":{"@id":"https:\/\/www.manquepierda.com\/futbolandia\/#website"},"primaryImageOfPage":{"@id":"https:\/\/www.manquepierda.com\/futbolandia\/navas-ochoa-y-ospina-error-o-acierto\/#primaryimage"},"image":{"@id":"https:\/\/www.manquepierda.com\/futbolandia\/navas-ochoa-y-ospina-error-o-acierto\/#primaryimage"},"thumbnailUrl":"https:\/\/i0.wp.com\/www.manquepierda.com\/futbolandia\/files\/2014\/10\/images.jpg?fit=268%2C188&ssl=1","datePublished":"2014-10-26T22:06:58+00:00","author":{"@id":"https:\/\/www.manquepierda.com\/futbolandia\/#\/schema\/person\/847db99271dc4c2cf3ad9f27f06c67ca"},"breadcrumb":{"@id":"https:\/\/www.manquepierda.com\/futbolandia\/navas-ochoa-y-ospina-error-o-acierto\/#breadcrumb"},"inLanguage":"es","potentialAction":[{"@type":"ReadAction","target":["https:\/\/www.manquepierda.com\/futbolandia\/navas-ochoa-y-ospina-error-o-acierto\/"]}]},{"@type":"ImageObject","inLanguage":"es","@id":"https:\/\/www.manquepierda.com\/futbolandia\/navas-ochoa-y-ospina-error-o-acierto\/#primaryimage","url":"https:\/\/i0.wp.com\/www.manquepierda.com\/futbolandia\/files\/2014\/10\/images.jpg?fit=268%2C188&ssl=1","contentUrl":"https:\/\/i0.wp.com\/www.manquepierda.com\/futbolandia\/files\/2014\/10\/images.jpg?fit=268%2C188&ssl=1","width":268,"height":188},{"@type":"BreadcrumbList","@id":"https:\/\/www.manquepierda.com\/futbolandia\/navas-ochoa-y-ospina-error-o-acierto\/#breadcrumb","itemListElement":[{"@type":"ListItem","position":1,"name":"Portada","item":"https:\/\/www.manquepierda.com\/futbolandia\/"},{"@type":"ListItem","position":2,"name":"Navas, Ochoa y Ospina. \u00bf Error o acierto?"}]},{"@type":"WebSite","@id":"https:\/\/www.manquepierda.com\/futbolandia\/#website","url":"https:\/\/www.manquepierda.com\/futbolandia\/","name":"Futbolandia","description":"Reportajes e informaci\u00f3n sobre f\u00fatbol mundial y j\u00f3venes promesas","potentialAction":[{"@type":"SearchAction","target":{"@type":"EntryPoint","urlTemplate":"https:\/\/www.manquepierda.com\/futbolandia\/?s={search_term_string}"},"query-input":{"@type":"PropertyValueSpecification","valueRequired":true,"valueName":"search_term_string"}}],"inLanguage":"es"},{"@type":"Person","@id":"https:\/\/www.manquepierda.com\/futbolandia\/#\/schema\/person\/847db99271dc4c2cf3ad9f27f06c67ca","name":"Jordi Bernal Albiol","image":{"@type":"ImageObject","inLanguage":"es","@id":"https:\/\/secure.gravatar.com\/avatar\/2c59041c60fd565cf17d2e4ef56218fa69ea488942909d24a0f08383d09f4570?s=96&d=mm&r=g","url":"https:\/\/secure.gravatar.com\/avatar\/2c59041c60fd565cf17d2e4ef56218fa69ea488942909d24a0f08383d09f4570?s=96&d=mm&r=g","contentUrl":"https:\/\/secure.gravatar.com\/avatar\/2c59041c60fd565cf17d2e4ef56218fa69ea488942909d24a0f08383d09f4570?s=96&d=mm&r=g","caption":"Jordi Bernal Albiol"},"description":"Graduado en ADE.De Castell\u00f3n de la Plana. De los que piensan que el f\u00fatbol es una forma de vida de aislarse de la vida misma. Aficionado al f\u00fatbol internacional sobre todo Premier y Bundesliga. Y lo m\u00e1s importante enamorado de mi equipo, el F\u00fatbol Club Barcelona. Me podr\u00e9is encontrar en twitter: @jba_jordi","url":"https:\/\/www.manquepierda.com\/futbolandia\/author\/jordi93cs\/"}]}},"jetpack_publicize_connections":[],"jetpack_featured_media_url":"https:\/\/i0.wp.com\/www.manquepierda.com\/futbolandia\/files\/2014\/10\/images.jpg?fit=268%2C188&ssl=1","jetpack_shortlink":"https:\/\/wp.me\/p1THIg-1eT","jetpack_sharing_enabled":true,"_links":{"self":[{"href":"https:\/\/www.manquepierda.com\/futbolandia\/wp-json\/wp\/v2\/posts\/4767","targetHints":{"allow":["GET"]}}],"collection":[{"href":"https:\/\/www.manquepierda.com\/futbolandia\/wp-json\/wp\/v2\/posts"}],"about":[{"href":"https:\/\/www.manquepierda.com\/futbolandia\/wp-json\/wp\/v2\/types\/post"}],"author":[{"embeddable":true,"href":"https:\/\/www.manquepierda.com\/futbolandia\/wp-json\/wp\/v2\/users\/442"}],"replies":[{"embeddable":true,"href":"https:\/\/www.manquepierda.com\/futbolandia\/wp-json\/wp\/v2\/comments?post=4767"}],"version-history":[{"count":0,"href":"https:\/\/www.manquepierda.com\/futbolandia\/wp-json\/wp\/v2\/posts\/4767\/revisions"}],"wp:featuredmedia":[{"embeddable":true,"href":"https:\/\/www.manquepierda.com\/futbolandia\/wp-json\/wp\/v2\/media\/4768"}],"wp:attachment":[{"href":"https:\/\/www.manquepierda.com\/futbolandia\/wp-json\/wp\/v2\/media?parent=4767"}],"wp:term":[{"taxonomy":"category","embeddable":true,"href":"https:\/\/www.manquepierda.com\/futbolandia\/wp-json\/wp\/v2\/categories?post=4767"},{"taxonomy":"post_tag","embeddable":true,"href":"https:\/\/www.manquepierda.com\/futbolandia\/wp-json\/wp\/v2\/tags?post=4767"}],"curies":[{"name":"wp","href":"https:\/\/api.w.org\/{rel}","templated":true}]}}